{"id":45812,"date":"2015-08-13T00:25:43","date_gmt":"2015-08-12T22:25:43","guid":{"rendered":"http:\/\/eldigitaldeasturias.com\/magazine365\/?p=45812"},"modified":"2015-08-13T00:25:43","modified_gmt":"2015-08-12T22:25:43","slug":"lucar-acoge-desde-este-jueves-las-iii-jornadas-de-puertas-abiertas-de-bodegas-alto-almanzora","status":"publish","type":"post","link":"https:\/\/eldigitaldeasturias.com\/magazine365\/lucar-acoge-desde-este-jueves-las-iii-jornadas-de-puertas-abiertas-de-bodegas-alto-almanzora\/","title":{"rendered":"L\u00facar acoge desde este jueves las III jornadas de puertas abiertas de Bodegas Alto Almanzora"},"content":{"rendered":"<p><img fetchpriority=\"high\" decoding=\"async\" class=\"alignleft size-medium wp-image-45813\" src=\"https:\/\/eldigitaldeasturias.com\/magazine365\/wp-content\/uploads\/2015\/08\/fotonoticia_20150812180045_800-360x172.jpg\" alt=\"fotonoticia_20150812180045_800\" width=\"360\" height=\"172\" srcset=\"https:\/\/eldigitaldeasturias.com\/magazine365\/wp-content\/uploads\/2015\/08\/fotonoticia_20150812180045_800-360x172.jpg 360w, https:\/\/eldigitaldeasturias.com\/magazine365\/wp-content\/uploads\/2015\/08\/fotonoticia_20150812180045_800-650x311.jpg 650w, https:\/\/eldigitaldeasturias.com\/magazine365\/wp-content\/uploads\/2015\/08\/fotonoticia_20150812180045_800-768x368.jpg 768w, https:\/\/eldigitaldeasturias.com\/magazine365\/wp-content\/uploads\/2015\/08\/fotonoticia_20150812180045_800-150x72.jpg 150w, https:\/\/eldigitaldeasturias.com\/magazine365\/wp-content\/uploads\/2015\/08\/fotonoticia_20150812180045_800-450x215.jpg 450w, https:\/\/eldigitaldeasturias.com\/magazine365\/wp-content\/uploads\/2015\/08\/fotonoticia_20150812180045_800-696x333.jpg 696w, https:\/\/eldigitaldeasturias.com\/magazine365\/wp-content\/uploads\/2015\/08\/fotonoticia_20150812180045_800.jpg 800w\" sizes=\"(max-width: 360px) 100vw, 360px\" \/>Las Bodegas Alto Almanzora celebran este jueves las III Jornadas de Puertas Abiertas que tendr\u00e1n lugar hasta el d\u00eda 14 en este centro vitivin\u00edcola ubicado en L\u00facar.<\/p>\n<p>Este evento busca su plena consolidaci\u00f3n con una programaci\u00f3n que incluye catas de presentaci\u00f3n de los vinos a profesionales del canal Horeca y autoridades, visitas guiadas, radio en directo y una degustaci\u00f3n que organiza de forma conjunta el Ayuntamiento de L\u00facar.<\/p>\n<p>El diputado provincial de Asistencia a Municipios, Antonio Torres, ha destacado la importancia que tienen para municipios del interior actividades de este calado. \u00abDesde Diputaci\u00f3n colaboramos en la difusi\u00f3n por el impacto socioecon\u00f3mico y tur\u00edstico que tiene para el municipio de L\u00facar, puesto que supone una programaci\u00f3n muy atractiva para los vecinos y visitantes de la comarca\u00bb, ha asegurado.<\/p>\n<p>Asimismo, Torres ha resaltado el trabajo que han realizado desde la bodega y el ayuntamiento por lograr que este evento sea una \u00abcita ineludible\u00bb del calendario estival en la comarca del Almanzora y la provincia. \u00abDesde Diputaci\u00f3n valoramos el esfuerzo que hacen los emprendedores y vamos a apostar, como hasta ahora, con las pymes, puesto que es el compromiso de Gabriel Amat\u00bb, ha a\u00f1adido.<\/p>\n","protected":false},"excerpt":{"rendered":"<p>Las Bodegas Alto Almanzora celebran este jueves las III Jornadas de Puertas Abiertas que tendr\u00e1n lugar hasta el d\u00eda 14 en este centro vitivin\u00edcola ubicado en L\u00facar. Este evento busca su plena consolidaci\u00f3n con una programaci\u00f3n que incluye catas de presentaci\u00f3n de los vinos a profesionales del canal Horeca y autoridades, visitas guiadas, radio en<\/p>\n","protected":false},"author":1,"featured_media":45813,"comment_status":"open","ping_status":"closed","sticky":false,"template":"","format":"standard","meta":{"footnotes":""},"categories":[224],"tags":[],"class_list":{"0":"post-45812","1":"post","2":"type-post","3":"status-publish","4":"format-standard","5":"has-post-thumbnail","7":"category-noticias-actualidad"},"aioseo_notices":[],"aioseo_head":"\n\t\t<!-- All in One SEO Pro 4.9.6.1 - aioseo.com -->\n\t<meta name=\"description\" content=\"Las Bodegas Alto Almanzora celebran este jueves las III Jornadas de Puertas Abiertas que tendr\u00e1n lugar hasta el d\u00eda 14 en este centro vitivin\u00edcola ubicado en L\u00facar. Este evento busca su plena consolidaci\u00f3n con una programaci\u00f3n que incluye catas de presentaci\u00f3n de los vinos a profesionales del canal Horeca y autoridades, visitas guiadas, radio en\" \/>\n\t<meta name=\"robots\" content=\"max-image-preview:large\" \/>\n\t<meta name=\"author\" content=\"admin\"\/>\n\t<meta name=\"google-site-verification\" content=\"UA-38556648-1\" \/>\n\t<meta name=\"keywords\" content=\"noticias y actualidad\" \/>\n\t<link rel=\"canonical\" href=\"https:\/\/eldigitaldeasturias.com\/magazine365\/lucar-acoge-desde-este-jueves-las-iii-jornadas-de-puertas-abiertas-de-bodegas-alto-almanzora\/\" \/>\n\t<meta name=\"generator\" content=\"All in One SEO Pro (AIOSEO) 4.9.6.1\" \/>\n\t\t<meta property=\"og:locale\" content=\"es_ES\" \/>\n\t\t<meta property=\"og:site_name\" content=\"El Digital de Asturias \u2013 Revista de ocio, turismo y estilo de vida\" \/>\n\t\t<meta property=\"og:type\" content=\"article\" \/>\n\t\t<meta property=\"og:title\" content=\"L\u00facar acoge desde este jueves las III jornadas de puertas abiertas de Bodegas Alto Almanzora | El Digital de Asturias\" \/>\n\t\t<meta property=\"og:description\" content=\"Las Bodegas Alto Almanzora celebran este jueves las III Jornadas de Puertas Abiertas que tendr\u00e1n lugar hasta el d\u00eda 14 en este centro vitivin\u00edcola ubicado en L\u00facar. Este evento busca su plena consolidaci\u00f3n con una programaci\u00f3n que incluye catas de presentaci\u00f3n de los vinos a profesionales del canal Horeca y autoridades, visitas guiadas, radio en\" \/>\n\t\t<meta property=\"og:url\" content=\"https:\/\/eldigitaldeasturias.com\/magazine365\/lucar-acoge-desde-este-jueves-las-iii-jornadas-de-puertas-abiertas-de-bodegas-alto-almanzora\/\" \/>\n\t\t<meta property=\"og:image\" content=\"https:\/\/eldigitaldeasturias.com\/magazine365\/wp-content\/uploads\/2015\/08\/fotonoticia_20150812180045_800.jpg\" \/>\n\t\t<meta property=\"og:image:secure_url\" content=\"https:\/\/eldigitaldeasturias.com\/magazine365\/wp-content\/uploads\/2015\/08\/fotonoticia_20150812180045_800.jpg\" \/>\n\t\t<meta property=\"og:image:width\" content=\"800\" \/>\n\t\t<meta property=\"og:image:height\" content=\"383\" \/>\n\t\t<meta property=\"article:published_time\" content=\"2015-08-12T22:25:43+00:00\" \/>\n\t\t<meta property=\"article:modified_time\" content=\"2015-08-12T22:25:43+00:00\" \/>\n\t\t<meta name=\"twitter:card\" content=\"summary_large_image\" \/>\n\t\t<meta name=\"twitter:title\" content=\"L\u00facar acoge desde este jueves las III jornadas de puertas abiertas de Bodegas Alto Almanzora | El Digital de Asturias\" \/>\n\t\t<meta name=\"twitter:description\" content=\"Las Bodegas Alto Almanzora celebran este jueves las III Jornadas de Puertas Abiertas que tendr\u00e1n lugar hasta el d\u00eda 14 en este centro vitivin\u00edcola ubicado en L\u00facar. Este evento busca su plena consolidaci\u00f3n con una programaci\u00f3n que incluye catas de presentaci\u00f3n de los vinos a profesionales del canal Horeca y autoridades, visitas guiadas, radio en\" \/>\n\t\t<meta name=\"twitter:image\" content=\"https:\/\/eldigitaldeasturias.com\/magazine365\/wp-content\/uploads\/2015\/08\/fotonoticia_20150812180045_800.jpg\" \/>\n\t\t<script type=\"application\/ld+json\" class=\"aioseo-schema\">\n\t\t\t{\"@context\":\"https:\\\/\\\/schema.org\",\"@graph\":[{\"@type\":\"Article\",\"@id\":\"https:\\\/\\\/eldigitaldeasturias.com\\\/magazine365\\\/lucar-acoge-desde-este-jueves-las-iii-jornadas-de-puertas-abiertas-de-bodegas-alto-almanzora\\\/#article\",\"name\":\"L\\u00facar acoge desde este jueves las III jornadas de puertas abiertas de Bodegas Alto Almanzora | El Digital de Asturias\",\"headline\":\"L\\u00facar acoge desde este jueves las III jornadas de puertas abiertas de Bodegas Alto Almanzora\",\"author\":{\"@id\":\"https:\\\/\\\/eldigitaldeasturias.com\\\/magazine365\\\/author\\\/admin\\\/#author\"},\"publisher\":{\"@id\":\"https:\\\/\\\/eldigitaldeasturias.com\\\/magazine365\\\/#organization\"},\"image\":{\"@type\":\"ImageObject\",\"url\":\"https:\\\/\\\/eldigitaldeasturias.com\\\/magazine365\\\/wp-content\\\/uploads\\\/2015\\\/08\\\/fotonoticia_20150812180045_800.jpg\",\"width\":800,\"height\":383},\"datePublished\":\"2015-08-13T00:25:43+02:00\",\"dateModified\":\"2015-08-13T00:25:43+02:00\",\"inLanguage\":\"es-ES\",\"mainEntityOfPage\":{\"@id\":\"https:\\\/\\\/eldigitaldeasturias.com\\\/magazine365\\\/lucar-acoge-desde-este-jueves-las-iii-jornadas-de-puertas-abiertas-de-bodegas-alto-almanzora\\\/#webpage\"},\"isPartOf\":{\"@id\":\"https:\\\/\\\/eldigitaldeasturias.com\\\/magazine365\\\/lucar-acoge-desde-este-jueves-las-iii-jornadas-de-puertas-abiertas-de-bodegas-alto-almanzora\\\/#webpage\"},\"articleSection\":\"Noticias y Actualidad\"},{\"@type\":\"BreadcrumbList\",\"@id\":\"https:\\\/\\\/eldigitaldeasturias.com\\\/magazine365\\\/lucar-acoge-desde-este-jueves-las-iii-jornadas-de-puertas-abiertas-de-bodegas-alto-almanzora\\\/#breadcrumblist\",\"itemListElement\":[{\"@type\":\"ListItem\",\"@id\":\"https:\\\/\\\/eldigitaldeasturias.com\\\/magazine365#listItem\",\"position\":1,\"name\":\"Home\",\"item\":\"https:\\\/\\\/eldigitaldeasturias.com\\\/magazine365\",\"nextItem\":{\"@type\":\"ListItem\",\"@id\":\"https:\\\/\\\/eldigitaldeasturias.com\\\/magazine365\\\/category\\\/noticias-actualidad\\\/#listItem\",\"name\":\"Noticias y Actualidad\"}},{\"@type\":\"ListItem\",\"@id\":\"https:\\\/\\\/eldigitaldeasturias.com\\\/magazine365\\\/category\\\/noticias-actualidad\\\/#listItem\",\"position\":2,\"name\":\"Noticias y Actualidad\",\"item\":\"https:\\\/\\\/eldigitaldeasturias.com\\\/magazine365\\\/category\\\/noticias-actualidad\\\/\",\"nextItem\":{\"@type\":\"ListItem\",\"@id\":\"https:\\\/\\\/eldigitaldeasturias.com\\\/magazine365\\\/lucar-acoge-desde-este-jueves-las-iii-jornadas-de-puertas-abiertas-de-bodegas-alto-almanzora\\\/#listItem\",\"name\":\"L\\u00facar acoge desde este jueves las III jornadas de puertas abiertas de Bodegas Alto Almanzora\"},\"previousItem\":{\"@type\":\"ListItem\",\"@id\":\"https:\\\/\\\/eldigitaldeasturias.com\\\/magazine365#listItem\",\"name\":\"Home\"}},{\"@type\":\"ListItem\",\"@id\":\"https:\\\/\\\/eldigitaldeasturias.com\\\/magazine365\\\/lucar-acoge-desde-este-jueves-las-iii-jornadas-de-puertas-abiertas-de-bodegas-alto-almanzora\\\/#listItem\",\"position\":3,\"name\":\"L\\u00facar acoge desde este jueves las III jornadas de puertas abiertas de Bodegas Alto Almanzora\",\"previousItem\":{\"@type\":\"ListItem\",\"@id\":\"https:\\\/\\\/eldigitaldeasturias.com\\\/magazine365\\\/category\\\/noticias-actualidad\\\/#listItem\",\"name\":\"Noticias y Actualidad\"}}]},{\"@type\":\"Organization\",\"@id\":\"https:\\\/\\\/eldigitaldeasturias.com\\\/magazine365\\\/#organization\",\"name\":\"El digital de Asturias\",\"description\":\"Revista de ocio, turismo y estilo de vida\",\"url\":\"https:\\\/\\\/eldigitaldeasturias.com\\\/magazine365\\\/\",\"logo\":{\"@type\":\"ImageObject\",\"url\":\"https:\\\/\\\/www.eldigitaldeasturias.com\\\/noticias\\\/wp-content\\\/uploads\\\/2020\\\/12\\\/EDA.jpg\",\"@id\":\"https:\\\/\\\/eldigitaldeasturias.com\\\/magazine365\\\/lucar-acoge-desde-este-jueves-las-iii-jornadas-de-puertas-abiertas-de-bodegas-alto-almanzora\\\/#organizationLogo\"},\"image\":{\"@id\":\"https:\\\/\\\/eldigitaldeasturias.com\\\/magazine365\\\/lucar-acoge-desde-este-jueves-las-iii-jornadas-de-puertas-abiertas-de-bodegas-alto-almanzora\\\/#organizationLogo\"}},{\"@type\":\"Person\",\"@id\":\"https:\\\/\\\/eldigitaldeasturias.com\\\/magazine365\\\/author\\\/admin\\\/#author\",\"url\":\"https:\\\/\\\/eldigitaldeasturias.com\\\/magazine365\\\/author\\\/admin\\\/\",\"name\":\"admin\",\"image\":{\"@type\":\"ImageObject\",\"@id\":\"https:\\\/\\\/eldigitaldeasturias.com\\\/magazine365\\\/lucar-acoge-desde-este-jueves-las-iii-jornadas-de-puertas-abiertas-de-bodegas-alto-almanzora\\\/#authorImage\",\"url\":\"https:\\\/\\\/eldigitaldeasturias.com\\\/magazine365\\\/wp-content\\\/litespeed\\\/avatar\\\/e571bcf59a0edd6fa6838245a470f2fe.jpg?ver=1777574230\",\"width\":96,\"height\":96,\"caption\":\"admin\"}},{\"@type\":\"WebPage\",\"@id\":\"https:\\\/\\\/eldigitaldeasturias.com\\\/magazine365\\\/lucar-acoge-desde-este-jueves-las-iii-jornadas-de-puertas-abiertas-de-bodegas-alto-almanzora\\\/#webpage\",\"url\":\"https:\\\/\\\/eldigitaldeasturias.com\\\/magazine365\\\/lucar-acoge-desde-este-jueves-las-iii-jornadas-de-puertas-abiertas-de-bodegas-alto-almanzora\\\/\",\"name\":\"L\\u00facar acoge desde este jueves las III jornadas de puertas abiertas de Bodegas Alto Almanzora | El Digital de Asturias\",\"description\":\"Las Bodegas Alto Almanzora celebran este jueves las III Jornadas de Puertas Abiertas que tendr\\u00e1n lugar hasta el d\\u00eda 14 en este centro vitivin\\u00edcola ubicado en L\\u00facar. Este evento busca su plena consolidaci\\u00f3n con una programaci\\u00f3n que incluye catas de presentaci\\u00f3n de los vinos a profesionales del canal Horeca y autoridades, visitas guiadas, radio en\",\"inLanguage\":\"es-ES\",\"isPartOf\":{\"@id\":\"https:\\\/\\\/eldigitaldeasturias.com\\\/magazine365\\\/#website\"},\"breadcrumb\":{\"@id\":\"https:\\\/\\\/eldigitaldeasturias.com\\\/magazine365\\\/lucar-acoge-desde-este-jueves-las-iii-jornadas-de-puertas-abiertas-de-bodegas-alto-almanzora\\\/#breadcrumblist\"},\"author\":{\"@id\":\"https:\\\/\\\/eldigitaldeasturias.com\\\/magazine365\\\/author\\\/admin\\\/#author\"},\"creator\":{\"@id\":\"https:\\\/\\\/eldigitaldeasturias.com\\\/magazine365\\\/author\\\/admin\\\/#author\"},\"image\":{\"@type\":\"ImageObject\",\"url\":\"https:\\\/\\\/eldigitaldeasturias.com\\\/magazine365\\\/wp-content\\\/uploads\\\/2015\\\/08\\\/fotonoticia_20150812180045_800.jpg\",\"@id\":\"https:\\\/\\\/eldigitaldeasturias.com\\\/magazine365\\\/lucar-acoge-desde-este-jueves-las-iii-jornadas-de-puertas-abiertas-de-bodegas-alto-almanzora\\\/#mainImage\",\"width\":800,\"height\":383},\"primaryImageOfPage\":{\"@id\":\"https:\\\/\\\/eldigitaldeasturias.com\\\/magazine365\\\/lucar-acoge-desde-este-jueves-las-iii-jornadas-de-puertas-abiertas-de-bodegas-alto-almanzora\\\/#mainImage\"},\"datePublished\":\"2015-08-13T00:25:43+02:00\",\"dateModified\":\"2015-08-13T00:25:43+02:00\"},{\"@type\":\"WebSite\",\"@id\":\"https:\\\/\\\/eldigitaldeasturias.com\\\/magazine365\\\/#website\",\"url\":\"https:\\\/\\\/eldigitaldeasturias.com\\\/magazine365\\\/\",\"name\":\"El Digital de Asturias\",\"description\":\"Revista de ocio, turismo y estilo de vida\",\"inLanguage\":\"es-ES\",\"publisher\":{\"@id\":\"https:\\\/\\\/eldigitaldeasturias.com\\\/magazine365\\\/#organization\"}}]}\n\t\t<\/script>\n\t\t<!-- All in One SEO Pro -->\r\n\t\t<title>L\u00facar acoge desde este jueves las III jornadas de puertas abiertas de Bodegas Alto Almanzora | El Digital de Asturias<\/title>\n\n","aioseo_head_json":{"title":"L\u00facar acoge desde este jueves las III jornadas de puertas abiertas de Bodegas Alto Almanzora | El Digital de Asturias","description":"Las Bodegas Alto Almanzora celebran este jueves las III Jornadas de Puertas Abiertas que tendr\u00e1n lugar hasta el d\u00eda 14 en este centro vitivin\u00edcola ubicado en L\u00facar. Este evento busca su plena consolidaci\u00f3n con una programaci\u00f3n que incluye catas de presentaci\u00f3n de los vinos a profesionales del canal Horeca y autoridades, visitas guiadas, radio en","canonical_url":"https:\/\/eldigitaldeasturias.com\/magazine365\/lucar-acoge-desde-este-jueves-las-iii-jornadas-de-puertas-abiertas-de-bodegas-alto-almanzora\/","robots":"max-image-preview:large","keywords":"noticias y actualidad","webmasterTools":{"google-site-verification":"UA-38556648-1","miscellaneous":""},"schema":{"@context":"https:\/\/schema.org","@graph":[{"@type":"Article","@id":"https:\/\/eldigitaldeasturias.com\/magazine365\/lucar-acoge-desde-este-jueves-las-iii-jornadas-de-puertas-abiertas-de-bodegas-alto-almanzora\/#article","name":"L\u00facar acoge desde este jueves las III jornadas de puertas abiertas de Bodegas Alto Almanzora | El Digital de Asturias","headline":"L\u00facar acoge desde este jueves las III jornadas de puertas abiertas de Bodegas Alto Almanzora","author":{"@id":"https:\/\/eldigitaldeasturias.com\/magazine365\/author\/admin\/#author"},"publisher":{"@id":"https:\/\/eldigitaldeasturias.com\/magazine365\/#organization"},"image":{"@type":"ImageObject","url":"https:\/\/eldigitaldeasturias.com\/magazine365\/wp-content\/uploads\/2015\/08\/fotonoticia_20150812180045_800.jpg","width":800,"height":383},"datePublished":"2015-08-13T00:25:43+02:00","dateModified":"2015-08-13T00:25:43+02:00","inLanguage":"es-ES","mainEntityOfPage":{"@id":"https:\/\/eldigitaldeasturias.com\/magazine365\/lucar-acoge-desde-este-jueves-las-iii-jornadas-de-puertas-abiertas-de-bodegas-alto-almanzora\/#webpage"},"isPartOf":{"@id":"https:\/\/eldigitaldeasturias.com\/magazine365\/lucar-acoge-desde-este-jueves-las-iii-jornadas-de-puertas-abiertas-de-bodegas-alto-almanzora\/#webpage"},"articleSection":"Noticias y Actualidad"},{"@type":"BreadcrumbList","@id":"https:\/\/eldigitaldeasturias.com\/magazine365\/lucar-acoge-desde-este-jueves-las-iii-jornadas-de-puertas-abiertas-de-bodegas-alto-almanzora\/#breadcrumblist","itemListElement":[{"@type":"ListItem","@id":"https:\/\/eldigitaldeasturias.com\/magazine365#listItem","position":1,"name":"Home","item":"https:\/\/eldigitaldeasturias.com\/magazine365","nextItem":{"@type":"ListItem","@id":"https:\/\/eldigitaldeasturias.com\/magazine365\/category\/noticias-actualidad\/#listItem","name":"Noticias y Actualidad"}},{"@type":"ListItem","@id":"https:\/\/eldigitaldeasturias.com\/magazine365\/category\/noticias-actualidad\/#listItem","position":2,"name":"Noticias y Actualidad","item":"https:\/\/eldigitaldeasturias.com\/magazine365\/category\/noticias-actualidad\/","nextItem":{"@type":"ListItem","@id":"https:\/\/eldigitaldeasturias.com\/magazine365\/lucar-acoge-desde-este-jueves-las-iii-jornadas-de-puertas-abiertas-de-bodegas-alto-almanzora\/#listItem","name":"L\u00facar acoge desde este jueves las III jornadas de puertas abiertas de Bodegas Alto Almanzora"},"previousItem":{"@type":"ListItem","@id":"https:\/\/eldigitaldeasturias.com\/magazine365#listItem","name":"Home"}},{"@type":"ListItem","@id":"https:\/\/eldigitaldeasturias.com\/magazine365\/lucar-acoge-desde-este-jueves-las-iii-jornadas-de-puertas-abiertas-de-bodegas-alto-almanzora\/#listItem","position":3,"name":"L\u00facar acoge desde este jueves las III jornadas de puertas abiertas de Bodegas Alto Almanzora","previousItem":{"@type":"ListItem","@id":"https:\/\/eldigitaldeasturias.com\/magazine365\/category\/noticias-actualidad\/#listItem","name":"Noticias y Actualidad"}}]},{"@type":"Organization","@id":"https:\/\/eldigitaldeasturias.com\/magazine365\/#organization","name":"El digital de Asturias","description":"Revista de ocio, turismo y estilo de vida","url":"https:\/\/eldigitaldeasturias.com\/magazine365\/","logo":{"@type":"ImageObject","url":"https:\/\/www.eldigitaldeasturias.com\/noticias\/wp-content\/uploads\/2020\/12\/EDA.jpg","@id":"https:\/\/eldigitaldeasturias.com\/magazine365\/lucar-acoge-desde-este-jueves-las-iii-jornadas-de-puertas-abiertas-de-bodegas-alto-almanzora\/#organizationLogo"},"image":{"@id":"https:\/\/eldigitaldeasturias.com\/magazine365\/lucar-acoge-desde-este-jueves-las-iii-jornadas-de-puertas-abiertas-de-bodegas-alto-almanzora\/#organizationLogo"}},{"@type":"Person","@id":"https:\/\/eldigitaldeasturias.com\/magazine365\/author\/admin\/#author","url":"https:\/\/eldigitaldeasturias.com\/magazine365\/author\/admin\/","name":"admin","image":{"@type":"ImageObject","@id":"https:\/\/eldigitaldeasturias.com\/magazine365\/lucar-acoge-desde-este-jueves-las-iii-jornadas-de-puertas-abiertas-de-bodegas-alto-almanzora\/#authorImage","url":"https:\/\/eldigitaldeasturias.com\/magazine365\/wp-content\/litespeed\/avatar\/e571bcf59a0edd6fa6838245a470f2fe.jpg?ver=1777574230","width":96,"height":96,"caption":"admin"}},{"@type":"WebPage","@id":"https:\/\/eldigitaldeasturias.com\/magazine365\/lucar-acoge-desde-este-jueves-las-iii-jornadas-de-puertas-abiertas-de-bodegas-alto-almanzora\/#webpage","url":"https:\/\/eldigitaldeasturias.com\/magazine365\/lucar-acoge-desde-este-jueves-las-iii-jornadas-de-puertas-abiertas-de-bodegas-alto-almanzora\/","name":"L\u00facar acoge desde este jueves las III jornadas de puertas abiertas de Bodegas Alto Almanzora | El Digital de Asturias","description":"Las Bodegas Alto Almanzora celebran este jueves las III Jornadas de Puertas Abiertas que tendr\u00e1n lugar hasta el d\u00eda 14 en este centro vitivin\u00edcola ubicado en L\u00facar. Este evento busca su plena consolidaci\u00f3n con una programaci\u00f3n que incluye catas de presentaci\u00f3n de los vinos a profesionales del canal Horeca y autoridades, visitas guiadas, radio en","inLanguage":"es-ES","isPartOf":{"@id":"https:\/\/eldigitaldeasturias.com\/magazine365\/#website"},"breadcrumb":{"@id":"https:\/\/eldigitaldeasturias.com\/magazine365\/lucar-acoge-desde-este-jueves-las-iii-jornadas-de-puertas-abiertas-de-bodegas-alto-almanzora\/#breadcrumblist"},"author":{"@id":"https:\/\/eldigitaldeasturias.com\/magazine365\/author\/admin\/#author"},"creator":{"@id":"https:\/\/eldigitaldeasturias.com\/magazine365\/author\/admin\/#author"},"image":{"@type":"ImageObject","url":"https:\/\/eldigitaldeasturias.com\/magazine365\/wp-content\/uploads\/2015\/08\/fotonoticia_20150812180045_800.jpg","@id":"https:\/\/eldigitaldeasturias.com\/magazine365\/lucar-acoge-desde-este-jueves-las-iii-jornadas-de-puertas-abiertas-de-bodegas-alto-almanzora\/#mainImage","width":800,"height":383},"primaryImageOfPage":{"@id":"https:\/\/eldigitaldeasturias.com\/magazine365\/lucar-acoge-desde-este-jueves-las-iii-jornadas-de-puertas-abiertas-de-bodegas-alto-almanzora\/#mainImage"},"datePublished":"2015-08-13T00:25:43+02:00","dateModified":"2015-08-13T00:25:43+02:00"},{"@type":"WebSite","@id":"https:\/\/eldigitaldeasturias.com\/magazine365\/#website","url":"https:\/\/eldigitaldeasturias.com\/magazine365\/","name":"El Digital de Asturias","description":"Revista de ocio, turismo y estilo de vida","inLanguage":"es-ES","publisher":{"@id":"https:\/\/eldigitaldeasturias.com\/magazine365\/#organization"}}]},"og:locale":"es_ES","og:site_name":"El Digital de Asturias \u2013 Revista de ocio, turismo y estilo de vida","og:type":"article","og:title":"L\u00facar acoge desde este jueves las III jornadas de puertas abiertas de Bodegas Alto Almanzora | El Digital de Asturias","og:description":"Las Bodegas Alto Almanzora celebran este jueves las III Jornadas de Puertas Abiertas que tendr\u00e1n lugar hasta el d\u00eda 14 en este centro vitivin\u00edcola ubicado en L\u00facar. Este evento busca su plena consolidaci\u00f3n con una programaci\u00f3n que incluye catas de presentaci\u00f3n de los vinos a profesionales del canal Horeca y autoridades, visitas guiadas, radio en","og:url":"https:\/\/eldigitaldeasturias.com\/magazine365\/lucar-acoge-desde-este-jueves-las-iii-jornadas-de-puertas-abiertas-de-bodegas-alto-almanzora\/","og:image":"https:\/\/eldigitaldeasturias.com\/magazine365\/wp-content\/uploads\/2015\/08\/fotonoticia_20150812180045_800.jpg","og:image:secure_url":"https:\/\/eldigitaldeasturias.com\/magazine365\/wp-content\/uploads\/2015\/08\/fotonoticia_20150812180045_800.jpg","og:image:width":800,"og:image:height":383,"article:published_time":"2015-08-12T22:25:43+00:00","article:modified_time":"2015-08-12T22:25:43+00:00","twitter:card":"summary_large_image","twitter:title":"L\u00facar acoge desde este jueves las III jornadas de puertas abiertas de Bodegas Alto Almanzora | El Digital de Asturias","twitter:description":"Las Bodegas Alto Almanzora celebran este jueves las III Jornadas de Puertas Abiertas que tendr\u00e1n lugar hasta el d\u00eda 14 en este centro vitivin\u00edcola ubicado en L\u00facar. Este evento busca su plena consolidaci\u00f3n con una programaci\u00f3n que incluye catas de presentaci\u00f3n de los vinos a profesionales del canal Horeca y autoridades, visitas guiadas, radio en","twitter:image":"https:\/\/eldigitaldeasturias.com\/magazine365\/wp-content\/uploads\/2015\/08\/fotonoticia_20150812180045_800.jpg"},"aioseo_meta_data":{"post_id":"45812","title":null,"description":null,"keywords":null,"keyphrases":null,"primary_term":null,"canonical_url":null,"og_title":null,"og_description":null,"og_object_type":"default","og_image_type":"default","og_image_url":null,"og_image_width":null,"og_image_height":null,"og_image_custom_url":null,"og_image_custom_fields":null,"og_video":null,"og_custom_url":null,"og_article_section":null,"og_article_tags":null,"twitter_use_og":false,"twitter_card":"default","twitter_image_type":"default","twitter_image_url":null,"twitter_image_custom_url":null,"twitter_image_custom_fields":null,"twitter_title":null,"twitter_description":null,"schema":{"blockGraphs":[],"customGraphs":[],"default":{"data":{"Article":[],"Course":[],"Dataset":[],"FAQPage":[],"Movie":[],"Person":[],"Product":[],"ProductReview":[],"Car":[],"Recipe":[],"Service":[],"SoftwareApplication":[],"WebPage":[]},"graphName":"","isEnabled":true},"graphs":[],"defaultGraph":"","defaultPostTypeGraph":""},"schema_type":null,"schema_type_options":null,"pillar_content":false,"robots_default":true,"robots_noindex":false,"robots_noarchive":false,"robots_nosnippet":false,"robots_nofollow":false,"robots_noimageindex":false,"robots_noodp":false,"robots_notranslate":false,"robots_max_snippet":null,"robots_max_videopreview":null,"robots_max_imagepreview":"large","priority":null,"frequency":null,"location":null,"local_seo":null,"seo_analyzer_scan_date":"2025-09-20 00:50:15","breadcrumb_settings":null,"limit_modified_date":false,"open_ai":null,"ai":null,"created":"2021-03-09 01:16:13","updated":"2025-09-20 00:50:15"},"aioseo_breadcrumb":"<div class=\"aioseo-breadcrumbs\"><span class=\"aioseo-breadcrumb\">\n\t<a href=\"https:\/\/eldigitaldeasturias.com\/magazine365\" title=\"Home\">Home<\/a>\n<\/span><span class=\"aioseo-breadcrumb-separator\">\u2013<\/span><span class=\"aioseo-breadcrumb\">\n\t<a href=\"https:\/\/eldigitaldeasturias.com\/magazine365\/category\/noticias-actualidad\/\" title=\"Noticias y Actualidad\">Noticias y Actualidad<\/a>\n<\/span><span class=\"aioseo-breadcrumb-separator\">\u2013<\/span><span class=\"aioseo-breadcrumb\">\n\t<a href=\"https:\/\/eldigitaldeasturias.com\/magazine365\/lucar-acoge-desde-este-jueves-las-iii-jornadas-de-puertas-abiertas-de-bodegas-alto-almanzora\/\" title=\"L\u00facar acoge desde este jueves las III jornadas de puertas abiertas de Bodegas Alto Almanzora\">L\u00facar acoge desde este jueves las III jornadas de puertas abiertas de Bodegas Alto Almanzora<\/a>\n<\/span><\/div>","aioseo_breadcrumb_json":[{"label":"Home","link":"https:\/\/eldigitaldeasturias.com\/magazine365"},{"label":"Noticias y Actualidad","link":"https:\/\/eldigitaldeasturias.com\/magazine365\/category\/noticias-actualidad\/"},{"label":"L\u00facar acoge desde este jueves las III jornadas de puertas abiertas de Bodegas Alto Almanzora","link":"https:\/\/eldigitaldeasturias.com\/magazine365\/lucar-acoge-desde-este-jueves-las-iii-jornadas-de-puertas-abiertas-de-bodegas-alto-almanzora\/"}],"_links":{"self":[{"href":"https:\/\/eldigitaldeasturias.com\/magazine365\/wp-json\/wp\/v2\/posts\/45812","targetHints":{"allow":["GET"]}}],"collection":[{"href":"https:\/\/eldigitaldeasturias.com\/magazine365\/wp-json\/wp\/v2\/posts"}],"about":[{"href":"https:\/\/eldigitaldeasturias.com\/magazine365\/wp-json\/wp\/v2\/types\/post"}],"author":[{"embeddable":true,"href":"https:\/\/eldigitaldeasturias.com\/magazine365\/wp-json\/wp\/v2\/users\/1"}],"replies":[{"embeddable":true,"href":"https:\/\/eldigitaldeasturias.com\/magazine365\/wp-json\/wp\/v2\/comments?post=45812"}],"version-history":[{"count":0,"href":"https:\/\/eldigitaldeasturias.com\/magazine365\/wp-json\/wp\/v2\/posts\/45812\/revisions"}],"wp:featuredmedia":[{"embeddable":true,"href":"https:\/\/eldigitaldeasturias.com\/magazine365\/wp-json\/wp\/v2\/media\/45813"}],"wp:attachment":[{"href":"https:\/\/eldigitaldeasturias.com\/magazine365\/wp-json\/wp\/v2\/media?parent=45812"}],"wp:term":[{"taxonomy":"category","embeddable":true,"href":"https:\/\/eldigitaldeasturias.com\/magazine365\/wp-json\/wp\/v2\/categories?post=45812"},{"taxonomy":"post_tag","embeddable":true,"href":"https:\/\/eldigitaldeasturias.com\/magazine365\/wp-json\/wp\/v2\/tags?post=45812"}],"curies":[{"name":"wp","href":"https:\/\/api.w.org\/{rel}","templated":true}]}}