{"id":45791,"date":"2015-08-13T00:11:30","date_gmt":"2015-08-12T22:11:30","guid":{"rendered":"http:\/\/eldigitaldeasturias.com\/magazine365\/?p=45791"},"modified":"2015-08-13T00:11:30","modified_gmt":"2015-08-12T22:11:30","slug":"competa-reunira-este-sabado-a-10-000-personas","status":"publish","type":"post","link":"https:\/\/eldigitaldeasturias.com\/magazine365\/competa-reunira-este-sabado-a-10-000-personas\/","title":{"rendered":"C\u00f3mpeta reunir\u00e1 este s\u00e1bado a 10.000 personas"},"content":{"rendered":"<p><img fetchpriority=\"high\" decoding=\"async\" class=\"alignleft size-medium wp-image-45792\" src=\"https:\/\/eldigitaldeasturias.com\/magazine365\/wp-content\/uploads\/2015\/08\/fotonoticia_20150812170801_800-360x244.jpg\" alt=\"fotonoticia_20150812170801_800\" width=\"360\" height=\"244\" srcset=\"https:\/\/eldigitaldeasturias.com\/magazine365\/wp-content\/uploads\/2015\/08\/fotonoticia_20150812170801_800-360x244.jpg 360w, https:\/\/eldigitaldeasturias.com\/magazine365\/wp-content\/uploads\/2015\/08\/fotonoticia_20150812170801_800-650x441.jpg 650w, https:\/\/eldigitaldeasturias.com\/magazine365\/wp-content\/uploads\/2015\/08\/fotonoticia_20150812170801_800-768x521.jpg 768w, https:\/\/eldigitaldeasturias.com\/magazine365\/wp-content\/uploads\/2015\/08\/fotonoticia_20150812170801_800-150x102.jpg 150w, https:\/\/eldigitaldeasturias.com\/magazine365\/wp-content\/uploads\/2015\/08\/fotonoticia_20150812170801_800-450x305.jpg 450w, https:\/\/eldigitaldeasturias.com\/magazine365\/wp-content\/uploads\/2015\/08\/fotonoticia_20150812170801_800-696x472.jpg 696w, https:\/\/eldigitaldeasturias.com\/magazine365\/wp-content\/uploads\/2015\/08\/fotonoticia_20150812170801_800-619x420.jpg 619w, https:\/\/eldigitaldeasturias.com\/magazine365\/wp-content\/uploads\/2015\/08\/fotonoticia_20150812170801_800.jpg 800w\" sizes=\"(max-width: 360px) 100vw, 360px\" \/>El municipio malague\u00f1o de C\u00f3mpeta reunir\u00e1 este s\u00e1bado en su tradicional Noche del Vino a alrededor de 10.000 personas, adem\u00e1s de repartir m\u00e1s de 5.000 litros de vino dulce y seco. En esta edici\u00f3n, la n\u00famero 40, esta fiesta, declarada de Inter\u00e9s Tur\u00edstico Nacional de Andaluc\u00eda, tendr\u00e1 como pregonero al pintor Antonio Montiel.<\/p>\n<p>Este a\u00f1o el pisador de honor ser\u00e1 Adri\u00e1n Mart\u00edn Vega, el peque\u00f1o con problemas neurol\u00f3gicos que cantando emocion\u00f3 a todo el pa\u00eds, seg\u00fan ha informado en rueda de prensa el diputado de Cultura y Educaci\u00f3n, V\u00edctor Gonz\u00e1lez, quien ha estado acompa\u00f1ado por el alcalde de la localidad, Jos\u00e9 Luis Torres, y la concejala de Turismo, Sanidad y Cultura, Adela Ruia Mart\u00edn.<\/p>\n<p>Gonz\u00e1lez ha destacado las excelencias de una fiesta \u00abque nadie se puede perder, en la que la m\u00fasica, el baile, el vino, el tradicional almuerzo y un pregonero de lujo, son los principales reclamos\u00bb.<\/p>\n<p>El regidor, por su parte, ha explicado que La Noche del Vino es una de las primeras fiestas de la provincia dedicada al producto de la tierra, que aunque empez\u00f3 como una fiesta nocturna, con los a\u00f1os se ha extendido a lo largo del d\u00eda desde las 11.00 hasta altas horas de la madrugada.<\/p>\n<p>Tras la misa en honor de Nuestra Se\u00f1ora de la Asunci\u00f3n, a las 11.00 horas en la iglesia parroquial, la celebraci\u00f3n en la calle comenzar\u00e1 a las 13.00 horas con la tradicional &#8216;pisa de las uvas&#8217; en la plaza de la Vendimia, con Adri\u00e1n Mart\u00edn Vega, y la entrega de los &#8216;Vendimiadores de Honor 2015&#8217;, cuyos protagonistas son el subdelegado del Gobierno en M\u00e1laga, Jorge Hern\u00e1ndez Mollar; el programa Agroesfera de TVE; el alcalde de Comares, Manuel Robles, y los agricultores Miguel S\u00e1nchez y Fulgencio Moreno.<\/p>\n<p>Tambi\u00e9n se pondr\u00e1 en marcha en el municipio el VIII Mercado de artesanos de la Noche del Vino, que permitir\u00e1 a los asistentes adquirir el trabajo de los artesanos que montar\u00e1n sus talleres en los rincones m\u00e1s peculiares del municipio, con puestos de productos t\u00edpicos, bisuter\u00eda, velas artesanales, cristal y tejidos.<\/p>\n<p>Durante la jornada se desarrollar\u00e1n otras actividades, como el almuerzo gratuito de migas de harina con bacalao, uvas y vino del terreno, y las actuaciones musicales con los fandangos de Competa, el grupo de Baile &#8216;Pasi\u00f3n Flamenca&#8217; y el concierto, sobre las 16.00 horas, de Fiestasur.<\/p>\n<p>Por la noche, a las 22.00 horas, se celebrar\u00e1 el Preg\u00f3n de la XL Noche del Vino a cargo de Antonio Montiel para dar paso al Festival de Cante Flamenco homenaje a Mar\u00eda Jos\u00e9 Santiago con la cantante al frente, acompa\u00f1ada de Guillermo Cano, Macarena de Jerez y el baile de los Fandangos de C\u00f3mpeta y el Cuadro Flamenco de Antonio Guerra, junto a las guitarras de Antonio Moya, Paco Cruzado y Antonio Carri\u00f3n.<\/p>\n<p>Adem\u00e1s, el regidor, ha explicado, que desde principios de agosto, tiene lugar lo que se conoce como el &#8216;Preludio a la noche del vino&#8217;, con rutas especiales por el pueblo, visitas a un cortijo, bodegas abiertas al p\u00fablico, concurso de poes\u00eda, y una exposici\u00f3n especial sobre &#8216;M\u00e1laga en los a\u00f1os 1900&#8217;.<\/p>\n","protected":false},"excerpt":{"rendered":"<p>El municipio malague\u00f1o de C\u00f3mpeta reunir\u00e1 este s\u00e1bado en su tradicional Noche del Vino a alrededor de 10.000 personas, adem\u00e1s de repartir m\u00e1s de 5.000 litros de vino dulce y seco. En esta edici\u00f3n, la n\u00famero 40, esta fiesta, declarada de Inter\u00e9s Tur\u00edstico Nacional de Andaluc\u00eda, tendr\u00e1 como pregonero al pintor Antonio Montiel. Este a\u00f1o<\/p>\n","protected":false},"author":1,"featured_media":45792,"comment_status":"open","ping_status":"closed","sticky":false,"template":"","format":"standard","meta":{"footnotes":""},"categories":[224],"tags":[],"class_list":{"0":"post-45791","1":"post","2":"type-post","3":"status-publish","4":"format-standard","5":"has-post-thumbnail","7":"category-noticias-actualidad"},"aioseo_notices":[],"aioseo_head":"\n\t\t<!-- All in One SEO Pro 4.9.6.1 - aioseo.com -->\n\t<meta name=\"description\" content=\"El municipio malague\u00f1o de C\u00f3mpeta reunir\u00e1 este s\u00e1bado en su tradicional Noche del Vino a alrededor de 10.000 personas, adem\u00e1s de repartir m\u00e1s de 5.000 litros de vino dulce y seco. En esta edici\u00f3n, la n\u00famero 40, esta fiesta, declarada de Inter\u00e9s Tur\u00edstico Nacional de Andaluc\u00eda, tendr\u00e1 como pregonero al pintor Antonio Montiel. Este a\u00f1o\" \/>\n\t<meta name=\"robots\" content=\"max-image-preview:large\" \/>\n\t<meta name=\"author\" content=\"admin\"\/>\n\t<meta name=\"google-site-verification\" content=\"UA-38556648-1\" \/>\n\t<meta name=\"keywords\" content=\"noticias y actualidad\" \/>\n\t<link rel=\"canonical\" href=\"https:\/\/eldigitaldeasturias.com\/magazine365\/competa-reunira-este-sabado-a-10-000-personas\/\" \/>\n\t<meta name=\"generator\" content=\"All in One SEO Pro (AIOSEO) 4.9.6.1\" \/>\n\t\t<meta property=\"og:locale\" content=\"es_ES\" \/>\n\t\t<meta property=\"og:site_name\" content=\"El Digital de Asturias \u2013 Revista de ocio, turismo y estilo de vida\" \/>\n\t\t<meta property=\"og:type\" content=\"article\" \/>\n\t\t<meta property=\"og:title\" content=\"C\u00f3mpeta reunir\u00e1 este s\u00e1bado a 10.000 personas | El Digital de Asturias\" \/>\n\t\t<meta property=\"og:description\" content=\"El municipio malague\u00f1o de C\u00f3mpeta reunir\u00e1 este s\u00e1bado en su tradicional Noche del Vino a alrededor de 10.000 personas, adem\u00e1s de repartir m\u00e1s de 5.000 litros de vino dulce y seco. En esta edici\u00f3n, la n\u00famero 40, esta fiesta, declarada de Inter\u00e9s Tur\u00edstico Nacional de Andaluc\u00eda, tendr\u00e1 como pregonero al pintor Antonio Montiel. Este a\u00f1o\" \/>\n\t\t<meta property=\"og:url\" content=\"https:\/\/eldigitaldeasturias.com\/magazine365\/competa-reunira-este-sabado-a-10-000-personas\/\" \/>\n\t\t<meta property=\"og:image\" content=\"https:\/\/eldigitaldeasturias.com\/magazine365\/wp-content\/uploads\/2015\/08\/fotonoticia_20150812170801_800.jpg\" \/>\n\t\t<meta property=\"og:image:secure_url\" content=\"https:\/\/eldigitaldeasturias.com\/magazine365\/wp-content\/uploads\/2015\/08\/fotonoticia_20150812170801_800.jpg\" \/>\n\t\t<meta property=\"og:image:width\" content=\"800\" \/>\n\t\t<meta property=\"og:image:height\" content=\"543\" \/>\n\t\t<meta property=\"article:published_time\" content=\"2015-08-12T22:11:30+00:00\" \/>\n\t\t<meta property=\"article:modified_time\" content=\"2015-08-12T22:11:30+00:00\" \/>\n\t\t<meta name=\"twitter:card\" content=\"summary_large_image\" \/>\n\t\t<meta name=\"twitter:title\" content=\"C\u00f3mpeta reunir\u00e1 este s\u00e1bado a 10.000 personas | El Digital de Asturias\" \/>\n\t\t<meta name=\"twitter:description\" content=\"El municipio malague\u00f1o de C\u00f3mpeta reunir\u00e1 este s\u00e1bado en su tradicional Noche del Vino a alrededor de 10.000 personas, adem\u00e1s de repartir m\u00e1s de 5.000 litros de vino dulce y seco. En esta edici\u00f3n, la n\u00famero 40, esta fiesta, declarada de Inter\u00e9s Tur\u00edstico Nacional de Andaluc\u00eda, tendr\u00e1 como pregonero al pintor Antonio Montiel. Este a\u00f1o\" \/>\n\t\t<meta name=\"twitter:image\" content=\"https:\/\/eldigitaldeasturias.com\/magazine365\/wp-content\/uploads\/2015\/08\/fotonoticia_20150812170801_800.jpg\" \/>\n\t\t<script type=\"application\/ld+json\" class=\"aioseo-schema\">\n\t\t\t{\"@context\":\"https:\\\/\\\/schema.org\",\"@graph\":[{\"@type\":\"Article\",\"@id\":\"https:\\\/\\\/eldigitaldeasturias.com\\\/magazine365\\\/competa-reunira-este-sabado-a-10-000-personas\\\/#article\",\"name\":\"C\\u00f3mpeta reunir\\u00e1 este s\\u00e1bado a 10.000 personas | El Digital de Asturias\",\"headline\":\"C\\u00f3mpeta reunir\\u00e1 este s\\u00e1bado a 10.000 personas\",\"author\":{\"@id\":\"https:\\\/\\\/eldigitaldeasturias.com\\\/magazine365\\\/author\\\/admin\\\/#author\"},\"publisher\":{\"@id\":\"https:\\\/\\\/eldigitaldeasturias.com\\\/magazine365\\\/#organization\"},\"image\":{\"@type\":\"ImageObject\",\"url\":\"https:\\\/\\\/eldigitaldeasturias.com\\\/magazine365\\\/wp-content\\\/uploads\\\/2015\\\/08\\\/fotonoticia_20150812170801_800.jpg\",\"width\":800,\"height\":543},\"datePublished\":\"2015-08-13T00:11:30+02:00\",\"dateModified\":\"2015-08-13T00:11:30+02:00\",\"inLanguage\":\"es-ES\",\"mainEntityOfPage\":{\"@id\":\"https:\\\/\\\/eldigitaldeasturias.com\\\/magazine365\\\/competa-reunira-este-sabado-a-10-000-personas\\\/#webpage\"},\"isPartOf\":{\"@id\":\"https:\\\/\\\/eldigitaldeasturias.com\\\/magazine365\\\/competa-reunira-este-sabado-a-10-000-personas\\\/#webpage\"},\"articleSection\":\"Noticias y Actualidad\"},{\"@type\":\"BreadcrumbList\",\"@id\":\"https:\\\/\\\/eldigitaldeasturias.com\\\/magazine365\\\/competa-reunira-este-sabado-a-10-000-personas\\\/#breadcrumblist\",\"itemListElement\":[{\"@type\":\"ListItem\",\"@id\":\"https:\\\/\\\/eldigitaldeasturias.com\\\/magazine365#listItem\",\"position\":1,\"name\":\"Home\",\"item\":\"https:\\\/\\\/eldigitaldeasturias.com\\\/magazine365\",\"nextItem\":{\"@type\":\"ListItem\",\"@id\":\"https:\\\/\\\/eldigitaldeasturias.com\\\/magazine365\\\/category\\\/noticias-actualidad\\\/#listItem\",\"name\":\"Noticias y Actualidad\"}},{\"@type\":\"ListItem\",\"@id\":\"https:\\\/\\\/eldigitaldeasturias.com\\\/magazine365\\\/category\\\/noticias-actualidad\\\/#listItem\",\"position\":2,\"name\":\"Noticias y Actualidad\",\"item\":\"https:\\\/\\\/eldigitaldeasturias.com\\\/magazine365\\\/category\\\/noticias-actualidad\\\/\",\"nextItem\":{\"@type\":\"ListItem\",\"@id\":\"https:\\\/\\\/eldigitaldeasturias.com\\\/magazine365\\\/competa-reunira-este-sabado-a-10-000-personas\\\/#listItem\",\"name\":\"C\\u00f3mpeta reunir\\u00e1 este s\\u00e1bado a 10.000 personas\"},\"previousItem\":{\"@type\":\"ListItem\",\"@id\":\"https:\\\/\\\/eldigitaldeasturias.com\\\/magazine365#listItem\",\"name\":\"Home\"}},{\"@type\":\"ListItem\",\"@id\":\"https:\\\/\\\/eldigitaldeasturias.com\\\/magazine365\\\/competa-reunira-este-sabado-a-10-000-personas\\\/#listItem\",\"position\":3,\"name\":\"C\\u00f3mpeta reunir\\u00e1 este s\\u00e1bado a 10.000 personas\",\"previousItem\":{\"@type\":\"ListItem\",\"@id\":\"https:\\\/\\\/eldigitaldeasturias.com\\\/magazine365\\\/category\\\/noticias-actualidad\\\/#listItem\",\"name\":\"Noticias y Actualidad\"}}]},{\"@type\":\"Organization\",\"@id\":\"https:\\\/\\\/eldigitaldeasturias.com\\\/magazine365\\\/#organization\",\"name\":\"El digital de Asturias\",\"description\":\"Revista de ocio, turismo y estilo de vida\",\"url\":\"https:\\\/\\\/eldigitaldeasturias.com\\\/magazine365\\\/\",\"logo\":{\"@type\":\"ImageObject\",\"url\":\"https:\\\/\\\/www.eldigitaldeasturias.com\\\/noticias\\\/wp-content\\\/uploads\\\/2020\\\/12\\\/EDA.jpg\",\"@id\":\"https:\\\/\\\/eldigitaldeasturias.com\\\/magazine365\\\/competa-reunira-este-sabado-a-10-000-personas\\\/#organizationLogo\"},\"image\":{\"@id\":\"https:\\\/\\\/eldigitaldeasturias.com\\\/magazine365\\\/competa-reunira-este-sabado-a-10-000-personas\\\/#organizationLogo\"}},{\"@type\":\"Person\",\"@id\":\"https:\\\/\\\/eldigitaldeasturias.com\\\/magazine365\\\/author\\\/admin\\\/#author\",\"url\":\"https:\\\/\\\/eldigitaldeasturias.com\\\/magazine365\\\/author\\\/admin\\\/\",\"name\":\"admin\",\"image\":{\"@type\":\"ImageObject\",\"@id\":\"https:\\\/\\\/eldigitaldeasturias.com\\\/magazine365\\\/competa-reunira-este-sabado-a-10-000-personas\\\/#authorImage\",\"url\":\"https:\\\/\\\/eldigitaldeasturias.com\\\/magazine365\\\/wp-content\\\/litespeed\\\/avatar\\\/e571bcf59a0edd6fa6838245a470f2fe.jpg?ver=1777574230\",\"width\":96,\"height\":96,\"caption\":\"admin\"}},{\"@type\":\"WebPage\",\"@id\":\"https:\\\/\\\/eldigitaldeasturias.com\\\/magazine365\\\/competa-reunira-este-sabado-a-10-000-personas\\\/#webpage\",\"url\":\"https:\\\/\\\/eldigitaldeasturias.com\\\/magazine365\\\/competa-reunira-este-sabado-a-10-000-personas\\\/\",\"name\":\"C\\u00f3mpeta reunir\\u00e1 este s\\u00e1bado a 10.000 personas | El Digital de Asturias\",\"description\":\"El municipio malague\\u00f1o de C\\u00f3mpeta reunir\\u00e1 este s\\u00e1bado en su tradicional Noche del Vino a alrededor de 10.000 personas, adem\\u00e1s de repartir m\\u00e1s de 5.000 litros de vino dulce y seco. En esta edici\\u00f3n, la n\\u00famero 40, esta fiesta, declarada de Inter\\u00e9s Tur\\u00edstico Nacional de Andaluc\\u00eda, tendr\\u00e1 como pregonero al pintor Antonio Montiel. Este a\\u00f1o\",\"inLanguage\":\"es-ES\",\"isPartOf\":{\"@id\":\"https:\\\/\\\/eldigitaldeasturias.com\\\/magazine365\\\/#website\"},\"breadcrumb\":{\"@id\":\"https:\\\/\\\/eldigitaldeasturias.com\\\/magazine365\\\/competa-reunira-este-sabado-a-10-000-personas\\\/#breadcrumblist\"},\"author\":{\"@id\":\"https:\\\/\\\/eldigitaldeasturias.com\\\/magazine365\\\/author\\\/admin\\\/#author\"},\"creator\":{\"@id\":\"https:\\\/\\\/eldigitaldeasturias.com\\\/magazine365\\\/author\\\/admin\\\/#author\"},\"image\":{\"@type\":\"ImageObject\",\"url\":\"https:\\\/\\\/eldigitaldeasturias.com\\\/magazine365\\\/wp-content\\\/uploads\\\/2015\\\/08\\\/fotonoticia_20150812170801_800.jpg\",\"@id\":\"https:\\\/\\\/eldigitaldeasturias.com\\\/magazine365\\\/competa-reunira-este-sabado-a-10-000-personas\\\/#mainImage\",\"width\":800,\"height\":543},\"primaryImageOfPage\":{\"@id\":\"https:\\\/\\\/eldigitaldeasturias.com\\\/magazine365\\\/competa-reunira-este-sabado-a-10-000-personas\\\/#mainImage\"},\"datePublished\":\"2015-08-13T00:11:30+02:00\",\"dateModified\":\"2015-08-13T00:11:30+02:00\"},{\"@type\":\"WebSite\",\"@id\":\"https:\\\/\\\/eldigitaldeasturias.com\\\/magazine365\\\/#website\",\"url\":\"https:\\\/\\\/eldigitaldeasturias.com\\\/magazine365\\\/\",\"name\":\"El Digital de Asturias\",\"description\":\"Revista de ocio, turismo y estilo de vida\",\"inLanguage\":\"es-ES\",\"publisher\":{\"@id\":\"https:\\\/\\\/eldigitaldeasturias.com\\\/magazine365\\\/#organization\"}}]}\n\t\t<\/script>\n\t\t<!-- All in One SEO Pro -->\r\n\t\t<title>C\u00f3mpeta reunir\u00e1 este s\u00e1bado a 10.000 personas | El Digital de Asturias<\/title>\n\n","aioseo_head_json":{"title":"C\u00f3mpeta reunir\u00e1 este s\u00e1bado a 10.000 personas | El Digital de Asturias","description":"El municipio malague\u00f1o de C\u00f3mpeta reunir\u00e1 este s\u00e1bado en su tradicional Noche del Vino a alrededor de 10.000 personas, adem\u00e1s de repartir m\u00e1s de 5.000 litros de vino dulce y seco. En esta edici\u00f3n, la n\u00famero 40, esta fiesta, declarada de Inter\u00e9s Tur\u00edstico Nacional de Andaluc\u00eda, tendr\u00e1 como pregonero al pintor Antonio Montiel. Este a\u00f1o","canonical_url":"https:\/\/eldigitaldeasturias.com\/magazine365\/competa-reunira-este-sabado-a-10-000-personas\/","robots":"max-image-preview:large","keywords":"noticias y actualidad","webmasterTools":{"google-site-verification":"UA-38556648-1","miscellaneous":""},"schema":{"@context":"https:\/\/schema.org","@graph":[{"@type":"Article","@id":"https:\/\/eldigitaldeasturias.com\/magazine365\/competa-reunira-este-sabado-a-10-000-personas\/#article","name":"C\u00f3mpeta reunir\u00e1 este s\u00e1bado a 10.000 personas | El Digital de Asturias","headline":"C\u00f3mpeta reunir\u00e1 este s\u00e1bado a 10.000 personas","author":{"@id":"https:\/\/eldigitaldeasturias.com\/magazine365\/author\/admin\/#author"},"publisher":{"@id":"https:\/\/eldigitaldeasturias.com\/magazine365\/#organization"},"image":{"@type":"ImageObject","url":"https:\/\/eldigitaldeasturias.com\/magazine365\/wp-content\/uploads\/2015\/08\/fotonoticia_20150812170801_800.jpg","width":800,"height":543},"datePublished":"2015-08-13T00:11:30+02:00","dateModified":"2015-08-13T00:11:30+02:00","inLanguage":"es-ES","mainEntityOfPage":{"@id":"https:\/\/eldigitaldeasturias.com\/magazine365\/competa-reunira-este-sabado-a-10-000-personas\/#webpage"},"isPartOf":{"@id":"https:\/\/eldigitaldeasturias.com\/magazine365\/competa-reunira-este-sabado-a-10-000-personas\/#webpage"},"articleSection":"Noticias y Actualidad"},{"@type":"BreadcrumbList","@id":"https:\/\/eldigitaldeasturias.com\/magazine365\/competa-reunira-este-sabado-a-10-000-personas\/#breadcrumblist","itemListElement":[{"@type":"ListItem","@id":"https:\/\/eldigitaldeasturias.com\/magazine365#listItem","position":1,"name":"Home","item":"https:\/\/eldigitaldeasturias.com\/magazine365","nextItem":{"@type":"ListItem","@id":"https:\/\/eldigitaldeasturias.com\/magazine365\/category\/noticias-actualidad\/#listItem","name":"Noticias y Actualidad"}},{"@type":"ListItem","@id":"https:\/\/eldigitaldeasturias.com\/magazine365\/category\/noticias-actualidad\/#listItem","position":2,"name":"Noticias y Actualidad","item":"https:\/\/eldigitaldeasturias.com\/magazine365\/category\/noticias-actualidad\/","nextItem":{"@type":"ListItem","@id":"https:\/\/eldigitaldeasturias.com\/magazine365\/competa-reunira-este-sabado-a-10-000-personas\/#listItem","name":"C\u00f3mpeta reunir\u00e1 este s\u00e1bado a 10.000 personas"},"previousItem":{"@type":"ListItem","@id":"https:\/\/eldigitaldeasturias.com\/magazine365#listItem","name":"Home"}},{"@type":"ListItem","@id":"https:\/\/eldigitaldeasturias.com\/magazine365\/competa-reunira-este-sabado-a-10-000-personas\/#listItem","position":3,"name":"C\u00f3mpeta reunir\u00e1 este s\u00e1bado a 10.000 personas","previousItem":{"@type":"ListItem","@id":"https:\/\/eldigitaldeasturias.com\/magazine365\/category\/noticias-actualidad\/#listItem","name":"Noticias y Actualidad"}}]},{"@type":"Organization","@id":"https:\/\/eldigitaldeasturias.com\/magazine365\/#organization","name":"El digital de Asturias","description":"Revista de ocio, turismo y estilo de vida","url":"https:\/\/eldigitaldeasturias.com\/magazine365\/","logo":{"@type":"ImageObject","url":"https:\/\/www.eldigitaldeasturias.com\/noticias\/wp-content\/uploads\/2020\/12\/EDA.jpg","@id":"https:\/\/eldigitaldeasturias.com\/magazine365\/competa-reunira-este-sabado-a-10-000-personas\/#organizationLogo"},"image":{"@id":"https:\/\/eldigitaldeasturias.com\/magazine365\/competa-reunira-este-sabado-a-10-000-personas\/#organizationLogo"}},{"@type":"Person","@id":"https:\/\/eldigitaldeasturias.com\/magazine365\/author\/admin\/#author","url":"https:\/\/eldigitaldeasturias.com\/magazine365\/author\/admin\/","name":"admin","image":{"@type":"ImageObject","@id":"https:\/\/eldigitaldeasturias.com\/magazine365\/competa-reunira-este-sabado-a-10-000-personas\/#authorImage","url":"https:\/\/eldigitaldeasturias.com\/magazine365\/wp-content\/litespeed\/avatar\/e571bcf59a0edd6fa6838245a470f2fe.jpg?ver=1777574230","width":96,"height":96,"caption":"admin"}},{"@type":"WebPage","@id":"https:\/\/eldigitaldeasturias.com\/magazine365\/competa-reunira-este-sabado-a-10-000-personas\/#webpage","url":"https:\/\/eldigitaldeasturias.com\/magazine365\/competa-reunira-este-sabado-a-10-000-personas\/","name":"C\u00f3mpeta reunir\u00e1 este s\u00e1bado a 10.000 personas | El Digital de Asturias","description":"El municipio malague\u00f1o de C\u00f3mpeta reunir\u00e1 este s\u00e1bado en su tradicional Noche del Vino a alrededor de 10.000 personas, adem\u00e1s de repartir m\u00e1s de 5.000 litros de vino dulce y seco. En esta edici\u00f3n, la n\u00famero 40, esta fiesta, declarada de Inter\u00e9s Tur\u00edstico Nacional de Andaluc\u00eda, tendr\u00e1 como pregonero al pintor Antonio Montiel. Este a\u00f1o","inLanguage":"es-ES","isPartOf":{"@id":"https:\/\/eldigitaldeasturias.com\/magazine365\/#website"},"breadcrumb":{"@id":"https:\/\/eldigitaldeasturias.com\/magazine365\/competa-reunira-este-sabado-a-10-000-personas\/#breadcrumblist"},"author":{"@id":"https:\/\/eldigitaldeasturias.com\/magazine365\/author\/admin\/#author"},"creator":{"@id":"https:\/\/eldigitaldeasturias.com\/magazine365\/author\/admin\/#author"},"image":{"@type":"ImageObject","url":"https:\/\/eldigitaldeasturias.com\/magazine365\/wp-content\/uploads\/2015\/08\/fotonoticia_20150812170801_800.jpg","@id":"https:\/\/eldigitaldeasturias.com\/magazine365\/competa-reunira-este-sabado-a-10-000-personas\/#mainImage","width":800,"height":543},"primaryImageOfPage":{"@id":"https:\/\/eldigitaldeasturias.com\/magazine365\/competa-reunira-este-sabado-a-10-000-personas\/#mainImage"},"datePublished":"2015-08-13T00:11:30+02:00","dateModified":"2015-08-13T00:11:30+02:00"},{"@type":"WebSite","@id":"https:\/\/eldigitaldeasturias.com\/magazine365\/#website","url":"https:\/\/eldigitaldeasturias.com\/magazine365\/","name":"El Digital de Asturias","description":"Revista de ocio, turismo y estilo de vida","inLanguage":"es-ES","publisher":{"@id":"https:\/\/eldigitaldeasturias.com\/magazine365\/#organization"}}]},"og:locale":"es_ES","og:site_name":"El Digital de Asturias \u2013 Revista de ocio, turismo y estilo de vida","og:type":"article","og:title":"C\u00f3mpeta reunir\u00e1 este s\u00e1bado a 10.000 personas | El Digital de Asturias","og:description":"El municipio malague\u00f1o de C\u00f3mpeta reunir\u00e1 este s\u00e1bado en su tradicional Noche del Vino a alrededor de 10.000 personas, adem\u00e1s de repartir m\u00e1s de 5.000 litros de vino dulce y seco. En esta edici\u00f3n, la n\u00famero 40, esta fiesta, declarada de Inter\u00e9s Tur\u00edstico Nacional de Andaluc\u00eda, tendr\u00e1 como pregonero al pintor Antonio Montiel. Este a\u00f1o","og:url":"https:\/\/eldigitaldeasturias.com\/magazine365\/competa-reunira-este-sabado-a-10-000-personas\/","og:image":"https:\/\/eldigitaldeasturias.com\/magazine365\/wp-content\/uploads\/2015\/08\/fotonoticia_20150812170801_800.jpg","og:image:secure_url":"https:\/\/eldigitaldeasturias.com\/magazine365\/wp-content\/uploads\/2015\/08\/fotonoticia_20150812170801_800.jpg","og:image:width":800,"og:image:height":543,"article:published_time":"2015-08-12T22:11:30+00:00","article:modified_time":"2015-08-12T22:11:30+00:00","twitter:card":"summary_large_image","twitter:title":"C\u00f3mpeta reunir\u00e1 este s\u00e1bado a 10.000 personas | El Digital de Asturias","twitter:description":"El municipio malague\u00f1o de C\u00f3mpeta reunir\u00e1 este s\u00e1bado en su tradicional Noche del Vino a alrededor de 10.000 personas, adem\u00e1s de repartir m\u00e1s de 5.000 litros de vino dulce y seco. En esta edici\u00f3n, la n\u00famero 40, esta fiesta, declarada de Inter\u00e9s Tur\u00edstico Nacional de Andaluc\u00eda, tendr\u00e1 como pregonero al pintor Antonio Montiel. Este a\u00f1o","twitter:image":"https:\/\/eldigitaldeasturias.com\/magazine365\/wp-content\/uploads\/2015\/08\/fotonoticia_20150812170801_800.jpg"},"aioseo_meta_data":{"post_id":"45791","title":null,"description":null,"keywords":null,"keyphrases":null,"primary_term":null,"canonical_url":null,"og_title":null,"og_description":null,"og_object_type":"default","og_image_type":"default","og_image_url":null,"og_image_width":null,"og_image_height":null,"og_image_custom_url":null,"og_image_custom_fields":null,"og_video":null,"og_custom_url":null,"og_article_section":null,"og_article_tags":null,"twitter_use_og":false,"twitter_card":"default","twitter_image_type":"default","twitter_image_url":null,"twitter_image_custom_url":null,"twitter_image_custom_fields":null,"twitter_title":null,"twitter_description":null,"schema":{"blockGraphs":[],"customGraphs":[],"default":{"data":{"Article":[],"Course":[],"Dataset":[],"FAQPage":[],"Movie":[],"Person":[],"Product":[],"ProductReview":[],"Car":[],"Recipe":[],"Service":[],"SoftwareApplication":[],"WebPage":[]},"graphName":"","isEnabled":true},"graphs":[]},"schema_type":null,"schema_type_options":null,"pillar_content":false,"robots_default":true,"robots_noindex":false,"robots_noarchive":false,"robots_nosnippet":false,"robots_nofollow":false,"robots_noimageindex":false,"robots_noodp":false,"robots_notranslate":false,"robots_max_snippet":null,"robots_max_videopreview":null,"robots_max_imagepreview":"large","priority":null,"frequency":null,"location":null,"local_seo":null,"seo_analyzer_scan_date":"2025-09-20 00:46:05","breadcrumb_settings":null,"limit_modified_date":false,"open_ai":null,"ai":null,"created":"2021-03-09 01:16:54","updated":"2025-09-20 00:46:05"},"aioseo_breadcrumb":"<div class=\"aioseo-breadcrumbs\"><span class=\"aioseo-breadcrumb\">\n\t<a href=\"https:\/\/eldigitaldeasturias.com\/magazine365\" title=\"Home\">Home<\/a>\n<\/span><span class=\"aioseo-breadcrumb-separator\">\u2013<\/span><span class=\"aioseo-breadcrumb\">\n\t<a href=\"https:\/\/eldigitaldeasturias.com\/magazine365\/category\/noticias-actualidad\/\" title=\"Noticias y Actualidad\">Noticias y Actualidad<\/a>\n<\/span><span class=\"aioseo-breadcrumb-separator\">\u2013<\/span><span class=\"aioseo-breadcrumb\">\n\t<a href=\"https:\/\/eldigitaldeasturias.com\/magazine365\/competa-reunira-este-sabado-a-10-000-personas\/\" title=\"C\u00f3mpeta reunir\u00e1 este s\u00e1bado a 10.000 personas\">C\u00f3mpeta reunir\u00e1 este s\u00e1bado a 10.000 personas<\/a>\n<\/span><\/div>","aioseo_breadcrumb_json":[{"label":"Home","link":"https:\/\/eldigitaldeasturias.com\/magazine365"},{"label":"Noticias y Actualidad","link":"https:\/\/eldigitaldeasturias.com\/magazine365\/category\/noticias-actualidad\/"},{"label":"C\u00f3mpeta reunir\u00e1 este s\u00e1bado a 10.000 personas","link":"https:\/\/eldigitaldeasturias.com\/magazine365\/competa-reunira-este-sabado-a-10-000-personas\/"}],"_links":{"self":[{"href":"https:\/\/eldigitaldeasturias.com\/magazine365\/wp-json\/wp\/v2\/posts\/45791","targetHints":{"allow":["GET"]}}],"collection":[{"href":"https:\/\/eldigitaldeasturias.com\/magazine365\/wp-json\/wp\/v2\/posts"}],"about":[{"href":"https:\/\/eldigitaldeasturias.com\/magazine365\/wp-json\/wp\/v2\/types\/post"}],"author":[{"embeddable":true,"href":"https:\/\/eldigitaldeasturias.com\/magazine365\/wp-json\/wp\/v2\/users\/1"}],"replies":[{"embeddable":true,"href":"https:\/\/eldigitaldeasturias.com\/magazine365\/wp-json\/wp\/v2\/comments?post=45791"}],"version-history":[{"count":0,"href":"https:\/\/eldigitaldeasturias.com\/magazine365\/wp-json\/wp\/v2\/posts\/45791\/revisions"}],"wp:featuredmedia":[{"embeddable":true,"href":"https:\/\/eldigitaldeasturias.com\/magazine365\/wp-json\/wp\/v2\/media\/45792"}],"wp:attachment":[{"href":"https:\/\/eldigitaldeasturias.com\/magazine365\/wp-json\/wp\/v2\/media?parent=45791"}],"wp:term":[{"taxonomy":"category","embeddable":true,"href":"https:\/\/eldigitaldeasturias.com\/magazine365\/wp-json\/wp\/v2\/categories?post=45791"},{"taxonomy":"post_tag","embeddable":true,"href":"https:\/\/eldigitaldeasturias.com\/magazine365\/wp-json\/wp\/v2\/tags?post=45791"}],"curies":[{"name":"wp","href":"https:\/\/api.w.org\/{rel}","templated":true}]}}