{"id":45773,"date":"2015-08-12T23:55:00","date_gmt":"2015-08-12T21:55:00","guid":{"rendered":"http:\/\/eldigitaldeasturias.com\/magazine365\/?p=45773"},"modified":"2015-08-12T23:55:00","modified_gmt":"2015-08-12T21:55:00","slug":"la-fiesta-de-las-migas-y-vino-en-teja-de-romanos-declarada-de-interes-turistico-de-aragon","status":"publish","type":"post","link":"https:\/\/eldigitaldeasturias.com\/magazine365\/la-fiesta-de-las-migas-y-vino-en-teja-de-romanos-declarada-de-interes-turistico-de-aragon\/","title":{"rendered":"La Fiesta de las &#8216;Migas y Vino en Teja&#8217; de Romanos declarada de Inter\u00e9s Tur\u00edstico de Arag\u00f3n"},"content":{"rendered":"<p><img fetchpriority=\"high\" decoding=\"async\" class=\"alignleft size-medium wp-image-45774\" src=\"https:\/\/eldigitaldeasturias.com\/magazine365\/wp-content\/uploads\/2015\/08\/fotonoticia_20150812152525_800-360x240.jpg\" alt=\"fotonoticia_20150812152525_800\" width=\"360\" height=\"240\" srcset=\"https:\/\/eldigitaldeasturias.com\/magazine365\/wp-content\/uploads\/2015\/08\/fotonoticia_20150812152525_800-360x240.jpg 360w, https:\/\/eldigitaldeasturias.com\/magazine365\/wp-content\/uploads\/2015\/08\/fotonoticia_20150812152525_800-650x433.jpg 650w, https:\/\/eldigitaldeasturias.com\/magazine365\/wp-content\/uploads\/2015\/08\/fotonoticia_20150812152525_800-768x512.jpg 768w, https:\/\/eldigitaldeasturias.com\/magazine365\/wp-content\/uploads\/2015\/08\/fotonoticia_20150812152525_800-150x100.jpg 150w, https:\/\/eldigitaldeasturias.com\/magazine365\/wp-content\/uploads\/2015\/08\/fotonoticia_20150812152525_800-450x300.jpg 450w, https:\/\/eldigitaldeasturias.com\/magazine365\/wp-content\/uploads\/2015\/08\/fotonoticia_20150812152525_800-696x464.jpg 696w, https:\/\/eldigitaldeasturias.com\/magazine365\/wp-content\/uploads\/2015\/08\/fotonoticia_20150812152525_800-630x420.jpg 630w, https:\/\/eldigitaldeasturias.com\/magazine365\/wp-content\/uploads\/2015\/08\/fotonoticia_20150812152525_800-84x55.jpg 84w, https:\/\/eldigitaldeasturias.com\/magazine365\/wp-content\/uploads\/2015\/08\/fotonoticia_20150812152525_800.jpg 800w\" sizes=\"(max-width: 360px) 100vw, 360px\" \/>La Fiesta de las &#8216;Migas y Vino en Teja&#8217;, que se celebra en la localidad zaragozana de Romanos, dentro de la semana de los festejos en honor a San Bartolom\u00e9, ha sido declarada de Inter\u00e9s Tur\u00edstico de Arag\u00f3n.<\/p>\n<p>El Gobierno de Arag\u00f3n ha declarado la Fiesta de Inter\u00e9s Tur\u00edstico de Arag\u00f3n al considerar que es un festejo popular muy arraigado en el mencionado municipio de la Comarca Campo de Daroca, con participaci\u00f3n de la poblaci\u00f3n, con un notorio enraizamiento ya que se celebra desde varias d\u00e9cadas.<\/p>\n<p>Se trata de una celebraci\u00f3n original que consiste en la elaboraci\u00f3n y reparto masivo de migas y vino, utilizando, como base para el reparto y la degustaci\u00f3n, elementos de tradici\u00f3n medieval como el alm\u00fa, la teja, la caldera de cinc y los carretillos.<\/p>\n<p>El ritual de la preparaci\u00f3n de las migas y su elaboraci\u00f3n en la caldera de cinc, dan paso al reparto de las migas en mano por los \u00abmigueros\u00bb ayudados por los carretillos. A continuaci\u00f3n, se realiza la degustaci\u00f3n del vino con la teja m\u00e1s antigua del pueblo.<\/p>\n<p>Jos\u00e9 Luis Soro, consejero de Vertebraci\u00f3n del Territorio, Movilidad y Vivienda, departamento del que depende Turismo, asistir\u00e1 este a\u00f1o a la celebraci\u00f3n que tendr\u00e1 lugar el 26 de agosto, y ha destacado el apoyo a las fiestas tradicionales que consiguen distinguirse por su originalidad e historia y cuya promoci\u00f3n ayuda al crecimiento del turismo en la zona y el desarrollo econ\u00f3mico.<\/p>\n<p>La fiesta ha crecido a\u00f1o tras a\u00f1o hasta haberse convertido en un evento tur\u00edstico, cultural y gastron\u00f3mico, que atrae, no s\u00f3lo a los habitantes del Campo de Daroca, sino tambi\u00e9n a muchos turistas que se acercan a Romanos ese d\u00eda. El Ayuntamiento de Romanos solicit\u00f3 y present\u00f3 la documentaci\u00f3n necesaria para que se iniciase el proceso.<\/p>\n","protected":false},"excerpt":{"rendered":"<p>La Fiesta de las &#8216;Migas y Vino en Teja&#8217;, que se celebra en la localidad zaragozana de Romanos, dentro de la semana de los festejos en honor a San Bartolom\u00e9, ha sido declarada de Inter\u00e9s Tur\u00edstico de Arag\u00f3n. El Gobierno de Arag\u00f3n ha declarado la Fiesta de Inter\u00e9s Tur\u00edstico de Arag\u00f3n al considerar que es<\/p>\n","protected":false},"author":1,"featured_media":45774,"comment_status":"open","ping_status":"closed","sticky":false,"template":"","format":"standard","meta":{"footnotes":""},"categories":[224],"tags":[],"class_list":{"0":"post-45773","1":"post","2":"type-post","3":"status-publish","4":"format-standard","5":"has-post-thumbnail","7":"category-noticias-actualidad"},"aioseo_notices":[],"aioseo_head":"\n\t\t<!-- All in One SEO Pro 4.9.6.1 - aioseo.com -->\n\t<meta name=\"description\" content=\"La Fiesta de las &#039;Migas y Vino en Teja&#039;, que se celebra en la localidad zaragozana de Romanos, dentro de la semana de los festejos en honor a San Bartolom\u00e9, ha sido declarada de Inter\u00e9s Tur\u00edstico de Arag\u00f3n. El Gobierno de Arag\u00f3n ha declarado la Fiesta de Inter\u00e9s Tur\u00edstico de Arag\u00f3n al considerar que es\" \/>\n\t<meta name=\"robots\" content=\"max-image-preview:large\" \/>\n\t<meta name=\"author\" content=\"admin\"\/>\n\t<meta name=\"google-site-verification\" content=\"UA-38556648-1\" \/>\n\t<meta name=\"keywords\" content=\"noticias y actualidad\" \/>\n\t<link rel=\"canonical\" href=\"https:\/\/eldigitaldeasturias.com\/magazine365\/la-fiesta-de-las-migas-y-vino-en-teja-de-romanos-declarada-de-interes-turistico-de-aragon\/\" \/>\n\t<meta name=\"generator\" content=\"All in One SEO Pro (AIOSEO) 4.9.6.1\" \/>\n\t\t<meta property=\"og:locale\" content=\"es_ES\" \/>\n\t\t<meta property=\"og:site_name\" content=\"El Digital de Asturias \u2013 Revista de ocio, turismo y estilo de vida\" \/>\n\t\t<meta property=\"og:type\" content=\"article\" \/>\n\t\t<meta property=\"og:title\" content=\"La Fiesta de las \u2018Migas y Vino en Teja\u2019 de Romanos declarada de Inter\u00e9s Tur\u00edstico de Arag\u00f3n | El Digital de Asturias\" \/>\n\t\t<meta property=\"og:description\" content=\"La Fiesta de las &#039;Migas y Vino en Teja&#039;, que se celebra en la localidad zaragozana de Romanos, dentro de la semana de los festejos en honor a San Bartolom\u00e9, ha sido declarada de Inter\u00e9s Tur\u00edstico de Arag\u00f3n. El Gobierno de Arag\u00f3n ha declarado la Fiesta de Inter\u00e9s Tur\u00edstico de Arag\u00f3n al considerar que es\" \/>\n\t\t<meta property=\"og:url\" content=\"https:\/\/eldigitaldeasturias.com\/magazine365\/la-fiesta-de-las-migas-y-vino-en-teja-de-romanos-declarada-de-interes-turistico-de-aragon\/\" \/>\n\t\t<meta property=\"og:image\" content=\"https:\/\/eldigitaldeasturias.com\/magazine365\/wp-content\/uploads\/2015\/08\/fotonoticia_20150812152525_800.jpg\" \/>\n\t\t<meta property=\"og:image:secure_url\" content=\"https:\/\/eldigitaldeasturias.com\/magazine365\/wp-content\/uploads\/2015\/08\/fotonoticia_20150812152525_800.jpg\" \/>\n\t\t<meta property=\"og:image:width\" content=\"800\" \/>\n\t\t<meta property=\"og:image:height\" content=\"533\" \/>\n\t\t<meta property=\"article:published_time\" content=\"2015-08-12T21:55:00+00:00\" \/>\n\t\t<meta property=\"article:modified_time\" content=\"2015-08-12T21:55:00+00:00\" \/>\n\t\t<meta name=\"twitter:card\" content=\"summary_large_image\" \/>\n\t\t<meta name=\"twitter:title\" content=\"La Fiesta de las \u2018Migas y Vino en Teja\u2019 de Romanos declarada de Inter\u00e9s Tur\u00edstico de Arag\u00f3n | El Digital de Asturias\" \/>\n\t\t<meta name=\"twitter:description\" content=\"La Fiesta de las &#039;Migas y Vino en Teja&#039;, que se celebra en la localidad zaragozana de Romanos, dentro de la semana de los festejos en honor a San Bartolom\u00e9, ha sido declarada de Inter\u00e9s Tur\u00edstico de Arag\u00f3n. El Gobierno de Arag\u00f3n ha declarado la Fiesta de Inter\u00e9s Tur\u00edstico de Arag\u00f3n al considerar que es\" \/>\n\t\t<meta name=\"twitter:image\" content=\"https:\/\/eldigitaldeasturias.com\/magazine365\/wp-content\/uploads\/2015\/08\/fotonoticia_20150812152525_800.jpg\" \/>\n\t\t<script type=\"application\/ld+json\" class=\"aioseo-schema\">\n\t\t\t{\"@context\":\"https:\\\/\\\/schema.org\",\"@graph\":[{\"@type\":\"Article\",\"@id\":\"https:\\\/\\\/eldigitaldeasturias.com\\\/magazine365\\\/la-fiesta-de-las-migas-y-vino-en-teja-de-romanos-declarada-de-interes-turistico-de-aragon\\\/#article\",\"name\":\"La Fiesta de las \\u2018Migas y Vino en Teja\\u2019 de Romanos declarada de Inter\\u00e9s Tur\\u00edstico de Arag\\u00f3n | El Digital de Asturias\",\"headline\":\"La Fiesta de las &#8216;Migas y Vino en Teja&#8217; de Romanos declarada de Inter\\u00e9s Tur\\u00edstico de Arag\\u00f3n\",\"author\":{\"@id\":\"https:\\\/\\\/eldigitaldeasturias.com\\\/magazine365\\\/author\\\/admin\\\/#author\"},\"publisher\":{\"@id\":\"https:\\\/\\\/eldigitaldeasturias.com\\\/magazine365\\\/#organization\"},\"image\":{\"@type\":\"ImageObject\",\"url\":\"https:\\\/\\\/eldigitaldeasturias.com\\\/magazine365\\\/wp-content\\\/uploads\\\/2015\\\/08\\\/fotonoticia_20150812152525_800.jpg\",\"width\":800,\"height\":533},\"datePublished\":\"2015-08-12T23:55:00+02:00\",\"dateModified\":\"2015-08-12T23:55:00+02:00\",\"inLanguage\":\"es-ES\",\"mainEntityOfPage\":{\"@id\":\"https:\\\/\\\/eldigitaldeasturias.com\\\/magazine365\\\/la-fiesta-de-las-migas-y-vino-en-teja-de-romanos-declarada-de-interes-turistico-de-aragon\\\/#webpage\"},\"isPartOf\":{\"@id\":\"https:\\\/\\\/eldigitaldeasturias.com\\\/magazine365\\\/la-fiesta-de-las-migas-y-vino-en-teja-de-romanos-declarada-de-interes-turistico-de-aragon\\\/#webpage\"},\"articleSection\":\"Noticias y Actualidad\"},{\"@type\":\"BreadcrumbList\",\"@id\":\"https:\\\/\\\/eldigitaldeasturias.com\\\/magazine365\\\/la-fiesta-de-las-migas-y-vino-en-teja-de-romanos-declarada-de-interes-turistico-de-aragon\\\/#breadcrumblist\",\"itemListElement\":[{\"@type\":\"ListItem\",\"@id\":\"https:\\\/\\\/eldigitaldeasturias.com\\\/magazine365#listItem\",\"position\":1,\"name\":\"Home\",\"item\":\"https:\\\/\\\/eldigitaldeasturias.com\\\/magazine365\",\"nextItem\":{\"@type\":\"ListItem\",\"@id\":\"https:\\\/\\\/eldigitaldeasturias.com\\\/magazine365\\\/category\\\/noticias-actualidad\\\/#listItem\",\"name\":\"Noticias y Actualidad\"}},{\"@type\":\"ListItem\",\"@id\":\"https:\\\/\\\/eldigitaldeasturias.com\\\/magazine365\\\/category\\\/noticias-actualidad\\\/#listItem\",\"position\":2,\"name\":\"Noticias y Actualidad\",\"item\":\"https:\\\/\\\/eldigitaldeasturias.com\\\/magazine365\\\/category\\\/noticias-actualidad\\\/\",\"nextItem\":{\"@type\":\"ListItem\",\"@id\":\"https:\\\/\\\/eldigitaldeasturias.com\\\/magazine365\\\/la-fiesta-de-las-migas-y-vino-en-teja-de-romanos-declarada-de-interes-turistico-de-aragon\\\/#listItem\",\"name\":\"La Fiesta de las &#8216;Migas y Vino en Teja&#8217; de Romanos declarada de Inter\\u00e9s Tur\\u00edstico de Arag\\u00f3n\"},\"previousItem\":{\"@type\":\"ListItem\",\"@id\":\"https:\\\/\\\/eldigitaldeasturias.com\\\/magazine365#listItem\",\"name\":\"Home\"}},{\"@type\":\"ListItem\",\"@id\":\"https:\\\/\\\/eldigitaldeasturias.com\\\/magazine365\\\/la-fiesta-de-las-migas-y-vino-en-teja-de-romanos-declarada-de-interes-turistico-de-aragon\\\/#listItem\",\"position\":3,\"name\":\"La Fiesta de las &#8216;Migas y Vino en Teja&#8217; de Romanos declarada de Inter\\u00e9s Tur\\u00edstico de Arag\\u00f3n\",\"previousItem\":{\"@type\":\"ListItem\",\"@id\":\"https:\\\/\\\/eldigitaldeasturias.com\\\/magazine365\\\/category\\\/noticias-actualidad\\\/#listItem\",\"name\":\"Noticias y Actualidad\"}}]},{\"@type\":\"Organization\",\"@id\":\"https:\\\/\\\/eldigitaldeasturias.com\\\/magazine365\\\/#organization\",\"name\":\"El digital de Asturias\",\"description\":\"Revista de ocio, turismo y estilo de vida\",\"url\":\"https:\\\/\\\/eldigitaldeasturias.com\\\/magazine365\\\/\",\"logo\":{\"@type\":\"ImageObject\",\"url\":\"https:\\\/\\\/www.eldigitaldeasturias.com\\\/noticias\\\/wp-content\\\/uploads\\\/2020\\\/12\\\/EDA.jpg\",\"@id\":\"https:\\\/\\\/eldigitaldeasturias.com\\\/magazine365\\\/la-fiesta-de-las-migas-y-vino-en-teja-de-romanos-declarada-de-interes-turistico-de-aragon\\\/#organizationLogo\"},\"image\":{\"@id\":\"https:\\\/\\\/eldigitaldeasturias.com\\\/magazine365\\\/la-fiesta-de-las-migas-y-vino-en-teja-de-romanos-declarada-de-interes-turistico-de-aragon\\\/#organizationLogo\"}},{\"@type\":\"Person\",\"@id\":\"https:\\\/\\\/eldigitaldeasturias.com\\\/magazine365\\\/author\\\/admin\\\/#author\",\"url\":\"https:\\\/\\\/eldigitaldeasturias.com\\\/magazine365\\\/author\\\/admin\\\/\",\"name\":\"admin\",\"image\":{\"@type\":\"ImageObject\",\"@id\":\"https:\\\/\\\/eldigitaldeasturias.com\\\/magazine365\\\/la-fiesta-de-las-migas-y-vino-en-teja-de-romanos-declarada-de-interes-turistico-de-aragon\\\/#authorImage\",\"url\":\"https:\\\/\\\/eldigitaldeasturias.com\\\/magazine365\\\/wp-content\\\/litespeed\\\/avatar\\\/e571bcf59a0edd6fa6838245a470f2fe.jpg?ver=1777574230\",\"width\":96,\"height\":96,\"caption\":\"admin\"}},{\"@type\":\"WebPage\",\"@id\":\"https:\\\/\\\/eldigitaldeasturias.com\\\/magazine365\\\/la-fiesta-de-las-migas-y-vino-en-teja-de-romanos-declarada-de-interes-turistico-de-aragon\\\/#webpage\",\"url\":\"https:\\\/\\\/eldigitaldeasturias.com\\\/magazine365\\\/la-fiesta-de-las-migas-y-vino-en-teja-de-romanos-declarada-de-interes-turistico-de-aragon\\\/\",\"name\":\"La Fiesta de las \\u2018Migas y Vino en Teja\\u2019 de Romanos declarada de Inter\\u00e9s Tur\\u00edstico de Arag\\u00f3n | El Digital de Asturias\",\"description\":\"La Fiesta de las 'Migas y Vino en Teja', que se celebra en la localidad zaragozana de Romanos, dentro de la semana de los festejos en honor a San Bartolom\\u00e9, ha sido declarada de Inter\\u00e9s Tur\\u00edstico de Arag\\u00f3n. El Gobierno de Arag\\u00f3n ha declarado la Fiesta de Inter\\u00e9s Tur\\u00edstico de Arag\\u00f3n al considerar que es\",\"inLanguage\":\"es-ES\",\"isPartOf\":{\"@id\":\"https:\\\/\\\/eldigitaldeasturias.com\\\/magazine365\\\/#website\"},\"breadcrumb\":{\"@id\":\"https:\\\/\\\/eldigitaldeasturias.com\\\/magazine365\\\/la-fiesta-de-las-migas-y-vino-en-teja-de-romanos-declarada-de-interes-turistico-de-aragon\\\/#breadcrumblist\"},\"author\":{\"@id\":\"https:\\\/\\\/eldigitaldeasturias.com\\\/magazine365\\\/author\\\/admin\\\/#author\"},\"creator\":{\"@id\":\"https:\\\/\\\/eldigitaldeasturias.com\\\/magazine365\\\/author\\\/admin\\\/#author\"},\"image\":{\"@type\":\"ImageObject\",\"url\":\"https:\\\/\\\/eldigitaldeasturias.com\\\/magazine365\\\/wp-content\\\/uploads\\\/2015\\\/08\\\/fotonoticia_20150812152525_800.jpg\",\"@id\":\"https:\\\/\\\/eldigitaldeasturias.com\\\/magazine365\\\/la-fiesta-de-las-migas-y-vino-en-teja-de-romanos-declarada-de-interes-turistico-de-aragon\\\/#mainImage\",\"width\":800,\"height\":533},\"primaryImageOfPage\":{\"@id\":\"https:\\\/\\\/eldigitaldeasturias.com\\\/magazine365\\\/la-fiesta-de-las-migas-y-vino-en-teja-de-romanos-declarada-de-interes-turistico-de-aragon\\\/#mainImage\"},\"datePublished\":\"2015-08-12T23:55:00+02:00\",\"dateModified\":\"2015-08-12T23:55:00+02:00\"},{\"@type\":\"WebSite\",\"@id\":\"https:\\\/\\\/eldigitaldeasturias.com\\\/magazine365\\\/#website\",\"url\":\"https:\\\/\\\/eldigitaldeasturias.com\\\/magazine365\\\/\",\"name\":\"El Digital de Asturias\",\"description\":\"Revista de ocio, turismo y estilo de vida\",\"inLanguage\":\"es-ES\",\"publisher\":{\"@id\":\"https:\\\/\\\/eldigitaldeasturias.com\\\/magazine365\\\/#organization\"}}]}\n\t\t<\/script>\n\t\t<!-- All in One SEO Pro -->\r\n\t\t<title>La Fiesta de las \u2018Migas y Vino en Teja\u2019 de Romanos declarada de Inter\u00e9s Tur\u00edstico de Arag\u00f3n | El Digital de Asturias<\/title>\n\n","aioseo_head_json":{"title":"La Fiesta de las \u2018Migas y Vino en Teja\u2019 de Romanos declarada de Inter\u00e9s Tur\u00edstico de Arag\u00f3n | El Digital de Asturias","description":"La Fiesta de las 'Migas y Vino en Teja', que se celebra en la localidad zaragozana de Romanos, dentro de la semana de los festejos en honor a San Bartolom\u00e9, ha sido declarada de Inter\u00e9s Tur\u00edstico de Arag\u00f3n. El Gobierno de Arag\u00f3n ha declarado la Fiesta de Inter\u00e9s Tur\u00edstico de Arag\u00f3n al considerar que es","canonical_url":"https:\/\/eldigitaldeasturias.com\/magazine365\/la-fiesta-de-las-migas-y-vino-en-teja-de-romanos-declarada-de-interes-turistico-de-aragon\/","robots":"max-image-preview:large","keywords":"noticias y actualidad","webmasterTools":{"google-site-verification":"UA-38556648-1","miscellaneous":""},"schema":{"@context":"https:\/\/schema.org","@graph":[{"@type":"Article","@id":"https:\/\/eldigitaldeasturias.com\/magazine365\/la-fiesta-de-las-migas-y-vino-en-teja-de-romanos-declarada-de-interes-turistico-de-aragon\/#article","name":"La Fiesta de las \u2018Migas y Vino en Teja\u2019 de Romanos declarada de Inter\u00e9s Tur\u00edstico de Arag\u00f3n | El Digital de Asturias","headline":"La Fiesta de las &#8216;Migas y Vino en Teja&#8217; de Romanos declarada de Inter\u00e9s Tur\u00edstico de Arag\u00f3n","author":{"@id":"https:\/\/eldigitaldeasturias.com\/magazine365\/author\/admin\/#author"},"publisher":{"@id":"https:\/\/eldigitaldeasturias.com\/magazine365\/#organization"},"image":{"@type":"ImageObject","url":"https:\/\/eldigitaldeasturias.com\/magazine365\/wp-content\/uploads\/2015\/08\/fotonoticia_20150812152525_800.jpg","width":800,"height":533},"datePublished":"2015-08-12T23:55:00+02:00","dateModified":"2015-08-12T23:55:00+02:00","inLanguage":"es-ES","mainEntityOfPage":{"@id":"https:\/\/eldigitaldeasturias.com\/magazine365\/la-fiesta-de-las-migas-y-vino-en-teja-de-romanos-declarada-de-interes-turistico-de-aragon\/#webpage"},"isPartOf":{"@id":"https:\/\/eldigitaldeasturias.com\/magazine365\/la-fiesta-de-las-migas-y-vino-en-teja-de-romanos-declarada-de-interes-turistico-de-aragon\/#webpage"},"articleSection":"Noticias y Actualidad"},{"@type":"BreadcrumbList","@id":"https:\/\/eldigitaldeasturias.com\/magazine365\/la-fiesta-de-las-migas-y-vino-en-teja-de-romanos-declarada-de-interes-turistico-de-aragon\/#breadcrumblist","itemListElement":[{"@type":"ListItem","@id":"https:\/\/eldigitaldeasturias.com\/magazine365#listItem","position":1,"name":"Home","item":"https:\/\/eldigitaldeasturias.com\/magazine365","nextItem":{"@type":"ListItem","@id":"https:\/\/eldigitaldeasturias.com\/magazine365\/category\/noticias-actualidad\/#listItem","name":"Noticias y Actualidad"}},{"@type":"ListItem","@id":"https:\/\/eldigitaldeasturias.com\/magazine365\/category\/noticias-actualidad\/#listItem","position":2,"name":"Noticias y Actualidad","item":"https:\/\/eldigitaldeasturias.com\/magazine365\/category\/noticias-actualidad\/","nextItem":{"@type":"ListItem","@id":"https:\/\/eldigitaldeasturias.com\/magazine365\/la-fiesta-de-las-migas-y-vino-en-teja-de-romanos-declarada-de-interes-turistico-de-aragon\/#listItem","name":"La Fiesta de las &#8216;Migas y Vino en Teja&#8217; de Romanos declarada de Inter\u00e9s Tur\u00edstico de Arag\u00f3n"},"previousItem":{"@type":"ListItem","@id":"https:\/\/eldigitaldeasturias.com\/magazine365#listItem","name":"Home"}},{"@type":"ListItem","@id":"https:\/\/eldigitaldeasturias.com\/magazine365\/la-fiesta-de-las-migas-y-vino-en-teja-de-romanos-declarada-de-interes-turistico-de-aragon\/#listItem","position":3,"name":"La Fiesta de las &#8216;Migas y Vino en Teja&#8217; de Romanos declarada de Inter\u00e9s Tur\u00edstico de Arag\u00f3n","previousItem":{"@type":"ListItem","@id":"https:\/\/eldigitaldeasturias.com\/magazine365\/category\/noticias-actualidad\/#listItem","name":"Noticias y Actualidad"}}]},{"@type":"Organization","@id":"https:\/\/eldigitaldeasturias.com\/magazine365\/#organization","name":"El digital de Asturias","description":"Revista de ocio, turismo y estilo de vida","url":"https:\/\/eldigitaldeasturias.com\/magazine365\/","logo":{"@type":"ImageObject","url":"https:\/\/www.eldigitaldeasturias.com\/noticias\/wp-content\/uploads\/2020\/12\/EDA.jpg","@id":"https:\/\/eldigitaldeasturias.com\/magazine365\/la-fiesta-de-las-migas-y-vino-en-teja-de-romanos-declarada-de-interes-turistico-de-aragon\/#organizationLogo"},"image":{"@id":"https:\/\/eldigitaldeasturias.com\/magazine365\/la-fiesta-de-las-migas-y-vino-en-teja-de-romanos-declarada-de-interes-turistico-de-aragon\/#organizationLogo"}},{"@type":"Person","@id":"https:\/\/eldigitaldeasturias.com\/magazine365\/author\/admin\/#author","url":"https:\/\/eldigitaldeasturias.com\/magazine365\/author\/admin\/","name":"admin","image":{"@type":"ImageObject","@id":"https:\/\/eldigitaldeasturias.com\/magazine365\/la-fiesta-de-las-migas-y-vino-en-teja-de-romanos-declarada-de-interes-turistico-de-aragon\/#authorImage","url":"https:\/\/eldigitaldeasturias.com\/magazine365\/wp-content\/litespeed\/avatar\/e571bcf59a0edd6fa6838245a470f2fe.jpg?ver=1777574230","width":96,"height":96,"caption":"admin"}},{"@type":"WebPage","@id":"https:\/\/eldigitaldeasturias.com\/magazine365\/la-fiesta-de-las-migas-y-vino-en-teja-de-romanos-declarada-de-interes-turistico-de-aragon\/#webpage","url":"https:\/\/eldigitaldeasturias.com\/magazine365\/la-fiesta-de-las-migas-y-vino-en-teja-de-romanos-declarada-de-interes-turistico-de-aragon\/","name":"La Fiesta de las \u2018Migas y Vino en Teja\u2019 de Romanos declarada de Inter\u00e9s Tur\u00edstico de Arag\u00f3n | El Digital de Asturias","description":"La Fiesta de las 'Migas y Vino en Teja', que se celebra en la localidad zaragozana de Romanos, dentro de la semana de los festejos en honor a San Bartolom\u00e9, ha sido declarada de Inter\u00e9s Tur\u00edstico de Arag\u00f3n. El Gobierno de Arag\u00f3n ha declarado la Fiesta de Inter\u00e9s Tur\u00edstico de Arag\u00f3n al considerar que es","inLanguage":"es-ES","isPartOf":{"@id":"https:\/\/eldigitaldeasturias.com\/magazine365\/#website"},"breadcrumb":{"@id":"https:\/\/eldigitaldeasturias.com\/magazine365\/la-fiesta-de-las-migas-y-vino-en-teja-de-romanos-declarada-de-interes-turistico-de-aragon\/#breadcrumblist"},"author":{"@id":"https:\/\/eldigitaldeasturias.com\/magazine365\/author\/admin\/#author"},"creator":{"@id":"https:\/\/eldigitaldeasturias.com\/magazine365\/author\/admin\/#author"},"image":{"@type":"ImageObject","url":"https:\/\/eldigitaldeasturias.com\/magazine365\/wp-content\/uploads\/2015\/08\/fotonoticia_20150812152525_800.jpg","@id":"https:\/\/eldigitaldeasturias.com\/magazine365\/la-fiesta-de-las-migas-y-vino-en-teja-de-romanos-declarada-de-interes-turistico-de-aragon\/#mainImage","width":800,"height":533},"primaryImageOfPage":{"@id":"https:\/\/eldigitaldeasturias.com\/magazine365\/la-fiesta-de-las-migas-y-vino-en-teja-de-romanos-declarada-de-interes-turistico-de-aragon\/#mainImage"},"datePublished":"2015-08-12T23:55:00+02:00","dateModified":"2015-08-12T23:55:00+02:00"},{"@type":"WebSite","@id":"https:\/\/eldigitaldeasturias.com\/magazine365\/#website","url":"https:\/\/eldigitaldeasturias.com\/magazine365\/","name":"El Digital de Asturias","description":"Revista de ocio, turismo y estilo de vida","inLanguage":"es-ES","publisher":{"@id":"https:\/\/eldigitaldeasturias.com\/magazine365\/#organization"}}]},"og:locale":"es_ES","og:site_name":"El Digital de Asturias \u2013 Revista de ocio, turismo y estilo de vida","og:type":"article","og:title":"La Fiesta de las \u2018Migas y Vino en Teja\u2019 de Romanos declarada de Inter\u00e9s Tur\u00edstico de Arag\u00f3n | El Digital de Asturias","og:description":"La Fiesta de las 'Migas y Vino en Teja', que se celebra en la localidad zaragozana de Romanos, dentro de la semana de los festejos en honor a San Bartolom\u00e9, ha sido declarada de Inter\u00e9s Tur\u00edstico de Arag\u00f3n. El Gobierno de Arag\u00f3n ha declarado la Fiesta de Inter\u00e9s Tur\u00edstico de Arag\u00f3n al considerar que es","og:url":"https:\/\/eldigitaldeasturias.com\/magazine365\/la-fiesta-de-las-migas-y-vino-en-teja-de-romanos-declarada-de-interes-turistico-de-aragon\/","og:image":"https:\/\/eldigitaldeasturias.com\/magazine365\/wp-content\/uploads\/2015\/08\/fotonoticia_20150812152525_800.jpg","og:image:secure_url":"https:\/\/eldigitaldeasturias.com\/magazine365\/wp-content\/uploads\/2015\/08\/fotonoticia_20150812152525_800.jpg","og:image:width":800,"og:image:height":533,"article:published_time":"2015-08-12T21:55:00+00:00","article:modified_time":"2015-08-12T21:55:00+00:00","twitter:card":"summary_large_image","twitter:title":"La Fiesta de las \u2018Migas y Vino en Teja\u2019 de Romanos declarada de Inter\u00e9s Tur\u00edstico de Arag\u00f3n | El Digital de Asturias","twitter:description":"La Fiesta de las 'Migas y Vino en Teja', que se celebra en la localidad zaragozana de Romanos, dentro de la semana de los festejos en honor a San Bartolom\u00e9, ha sido declarada de Inter\u00e9s Tur\u00edstico de Arag\u00f3n. El Gobierno de Arag\u00f3n ha declarado la Fiesta de Inter\u00e9s Tur\u00edstico de Arag\u00f3n al considerar que es","twitter:image":"https:\/\/eldigitaldeasturias.com\/magazine365\/wp-content\/uploads\/2015\/08\/fotonoticia_20150812152525_800.jpg"},"aioseo_meta_data":{"post_id":"45773","title":null,"description":null,"keywords":null,"keyphrases":null,"primary_term":null,"canonical_url":null,"og_title":null,"og_description":null,"og_object_type":"default","og_image_type":"default","og_image_url":null,"og_image_width":null,"og_image_height":null,"og_image_custom_url":null,"og_image_custom_fields":null,"og_video":null,"og_custom_url":null,"og_article_section":null,"og_article_tags":null,"twitter_use_og":false,"twitter_card":"default","twitter_image_type":"default","twitter_image_url":null,"twitter_image_custom_url":null,"twitter_image_custom_fields":null,"twitter_title":null,"twitter_description":null,"schema":{"blockGraphs":[],"customGraphs":[],"default":{"data":{"Article":[],"Course":[],"Dataset":[],"FAQPage":[],"Movie":[],"Person":[],"Product":[],"ProductReview":[],"Car":[],"Recipe":[],"Service":[],"SoftwareApplication":[],"WebPage":[]},"graphName":"","isEnabled":true},"graphs":[],"defaultGraph":"","defaultPostTypeGraph":""},"schema_type":null,"schema_type_options":null,"pillar_content":false,"robots_default":true,"robots_noindex":false,"robots_noarchive":false,"robots_nosnippet":false,"robots_nofollow":false,"robots_noimageindex":false,"robots_noodp":false,"robots_notranslate":false,"robots_max_snippet":null,"robots_max_videopreview":null,"robots_max_imagepreview":"large","priority":null,"frequency":null,"location":null,"local_seo":null,"seo_analyzer_scan_date":"2025-09-20 00:44:29","breadcrumb_settings":null,"limit_modified_date":false,"open_ai":null,"ai":null,"created":"2021-03-09 01:16:54","updated":"2025-09-20 00:44:29"},"aioseo_breadcrumb":"<div class=\"aioseo-breadcrumbs\"><span class=\"aioseo-breadcrumb\">\n\t<a href=\"https:\/\/eldigitaldeasturias.com\/magazine365\" title=\"Home\">Home<\/a>\n<\/span><span class=\"aioseo-breadcrumb-separator\">\u2013<\/span><span class=\"aioseo-breadcrumb\">\n\t<a href=\"https:\/\/eldigitaldeasturias.com\/magazine365\/category\/noticias-actualidad\/\" title=\"Noticias y Actualidad\">Noticias y Actualidad<\/a>\n<\/span><span class=\"aioseo-breadcrumb-separator\">\u2013<\/span><span class=\"aioseo-breadcrumb\">\n\t<a href=\"https:\/\/eldigitaldeasturias.com\/magazine365\/la-fiesta-de-las-migas-y-vino-en-teja-de-romanos-declarada-de-interes-turistico-de-aragon\/\" title=\"La Fiesta de las \u2018Migas y Vino en Teja\u2019 de Romanos declarada de Inter\u00e9s Tur\u00edstico de Arag\u00f3n\">La Fiesta de las \u2018Migas y Vino en Teja\u2019 de Romanos declarada de Inter\u00e9s Tur\u00edstico de Arag\u00f3n<\/a>\n<\/span><\/div>","aioseo_breadcrumb_json":[{"label":"Home","link":"https:\/\/eldigitaldeasturias.com\/magazine365"},{"label":"Noticias y Actualidad","link":"https:\/\/eldigitaldeasturias.com\/magazine365\/category\/noticias-actualidad\/"},{"label":"La Fiesta de las &#8216;Migas y Vino en Teja&#8217; de Romanos declarada de Inter\u00e9s Tur\u00edstico de Arag\u00f3n","link":"https:\/\/eldigitaldeasturias.com\/magazine365\/la-fiesta-de-las-migas-y-vino-en-teja-de-romanos-declarada-de-interes-turistico-de-aragon\/"}],"_links":{"self":[{"href":"https:\/\/eldigitaldeasturias.com\/magazine365\/wp-json\/wp\/v2\/posts\/45773","targetHints":{"allow":["GET"]}}],"collection":[{"href":"https:\/\/eldigitaldeasturias.com\/magazine365\/wp-json\/wp\/v2\/posts"}],"about":[{"href":"https:\/\/eldigitaldeasturias.com\/magazine365\/wp-json\/wp\/v2\/types\/post"}],"author":[{"embeddable":true,"href":"https:\/\/eldigitaldeasturias.com\/magazine365\/wp-json\/wp\/v2\/users\/1"}],"replies":[{"embeddable":true,"href":"https:\/\/eldigitaldeasturias.com\/magazine365\/wp-json\/wp\/v2\/comments?post=45773"}],"version-history":[{"count":0,"href":"https:\/\/eldigitaldeasturias.com\/magazine365\/wp-json\/wp\/v2\/posts\/45773\/revisions"}],"wp:featuredmedia":[{"embeddable":true,"href":"https:\/\/eldigitaldeasturias.com\/magazine365\/wp-json\/wp\/v2\/media\/45774"}],"wp:attachment":[{"href":"https:\/\/eldigitaldeasturias.com\/magazine365\/wp-json\/wp\/v2\/media?parent=45773"}],"wp:term":[{"taxonomy":"category","embeddable":true,"href":"https:\/\/eldigitaldeasturias.com\/magazine365\/wp-json\/wp\/v2\/categories?post=45773"},{"taxonomy":"post_tag","embeddable":true,"href":"https:\/\/eldigitaldeasturias.com\/magazine365\/wp-json\/wp\/v2\/tags?post=45773"}],"curies":[{"name":"wp","href":"https:\/\/api.w.org\/{rel}","templated":true}]}}