{"id":45746,"date":"2015-08-12T23:27:41","date_gmt":"2015-08-12T21:27:41","guid":{"rendered":"http:\/\/eldigitaldeasturias.com\/magazine365\/?p=45746"},"modified":"2015-08-12T23:31:15","modified_gmt":"2015-08-12T21:31:15","slug":"barajas-cierra-el-mejor-julio-desde-2011","status":"publish","type":"post","link":"https:\/\/eldigitaldeasturias.com\/magazine365\/barajas-cierra-el-mejor-julio-desde-2011\/","title":{"rendered":"Barajas cierra el mejor julio desde 2011"},"content":{"rendered":"<p><img fetchpriority=\"high\" decoding=\"async\" class=\"alignleft size-medium wp-image-45747\" src=\"https:\/\/eldigitaldeasturias.com\/magazine365\/wp-content\/uploads\/2015\/08\/fotonoticia_20150812130924_800-360x240.jpg\" alt=\"fotonoticia_20150812130924_800\" width=\"360\" height=\"240\" srcset=\"https:\/\/eldigitaldeasturias.com\/magazine365\/wp-content\/uploads\/2015\/08\/fotonoticia_20150812130924_800-360x240.jpg 360w, https:\/\/eldigitaldeasturias.com\/magazine365\/wp-content\/uploads\/2015\/08\/fotonoticia_20150812130924_800-650x433.jpg 650w, https:\/\/eldigitaldeasturias.com\/magazine365\/wp-content\/uploads\/2015\/08\/fotonoticia_20150812130924_800-768x512.jpg 768w, https:\/\/eldigitaldeasturias.com\/magazine365\/wp-content\/uploads\/2015\/08\/fotonoticia_20150812130924_800-150x100.jpg 150w, https:\/\/eldigitaldeasturias.com\/magazine365\/wp-content\/uploads\/2015\/08\/fotonoticia_20150812130924_800-450x300.jpg 450w, https:\/\/eldigitaldeasturias.com\/magazine365\/wp-content\/uploads\/2015\/08\/fotonoticia_20150812130924_800-696x464.jpg 696w, https:\/\/eldigitaldeasturias.com\/magazine365\/wp-content\/uploads\/2015\/08\/fotonoticia_20150812130924_800-630x420.jpg 630w, https:\/\/eldigitaldeasturias.com\/magazine365\/wp-content\/uploads\/2015\/08\/fotonoticia_20150812130924_800-84x55.jpg 84w, https:\/\/eldigitaldeasturias.com\/magazine365\/wp-content\/uploads\/2015\/08\/fotonoticia_20150812130924_800.jpg 800w\" sizes=\"(max-width: 360px) 100vw, 360px\" \/>El aeropuerto madrile\u00f1o Adolfo Su\u00e1rez Madrid-Barajas ha cerrado el mejor julio de los \u00faltimos tres a\u00f1os, tras registrar 4,59 millones de pasajeros, un 13% m\u00e1s que en el mismo mes de 2014, y lidera la red de Aena con 26,3 millones de viajeros, un 11,7% m\u00e1s.<\/p>\n<p>Seg\u00fan los datos del gestor aeroportuario, hasta 26,3 millones de viajeros pasaron por el aeropuerto de la capital en los primeros siete meses del a\u00f1o, periodo en el que registr\u00f3 un 7,1% m\u00e1s de vuelos, 211.224 aterrizajes y despegues. Encadena as\u00ed 18 meses seguidos de crecimiento, desde febrero de 2014.<\/p>\n<p>El aeropuerto Adolfo Su\u00e1rez Madrid-Barajas, que supera a El Prat en cuatro millones de viajeros, bati\u00f3 en julio su r\u00e9cord hist\u00f3rico con un 13% m\u00e1s de viajeros, hasta 4,5 millones de pasajeros, y un 7,1% m\u00e1s de operaciones, hasta 221.224 vuelos.<\/p>\n<p>El aumento experimentado por Barajas (+13%) se sit\u00faa siete puntos por encima de la media del conjunto de la red en julio, que fue del 5,5%. Aument\u00f3 tanto los pasajeros de vuelos internacionales (18,9 millones, un 14,1% m\u00e1s) como los nacionales (7,35 millones de viajeros, un 5,9% m\u00e1s).<\/p>\n<p>SUPERA LA BARRERA DE LOS 3 MILLONES DE VIAJEROS.<\/p>\n<p>Del total de pasajeros mensuales, Madrid-Barajas bati\u00f3 el r\u00e9cord hist\u00f3rico de pasajeros internacionales, con 3,3 millones de viajeros, un 16,2% m\u00e1s que en julio de 2014.<\/p>\n<p>De esta forma, por primera super\u00f3 la barrera de los tres millones de viajeros internacionales mensuales, lo que no ocurr\u00eda desde julio de 2010 (3,07 millones de pasajeros).<\/p>\n<p>Barajas solo logr\u00f3 repuntes superiores a los tres millones de viajeros extranjeros en cuatro meses en toda la historia del aeropuerto (agosto de 2010 y julio y agosto de 2012) sin superar esa cifra.<\/p>\n<p>UN 8,1% M\u00c1S DE VUELOS EN JULIO.<\/p>\n<p>En cuanto a las operaciones, registr\u00f3 33.854 aterrizajes y despegues en julio, un 8,1% m\u00e1s, con un aumento del 11,1% en los movimientos internacionales (22.153 vuelos).<\/p>\n<p>En lo que va de a\u00f1o, crecieron tanto los vuelos internacionales (138.530 movimientos), un 10,1% m\u00e1s, como los nacionales (72.338 vuelos), un 1,9% m\u00e1s.<\/p>\n<p>En carga a\u00e9rea, Madrid-Barajas lider\u00f3 la red durante los siete primeros meses del a\u00f1o, en los que gestion\u00f3 217.268 toneladas, un 4,6% m\u00e1s que en el mismo periodo del a\u00f1o anterior.<\/p>\n<p>En julio, los operadores del aeropuerto gestionaron 32.842 toneladas, un 4% m\u00e1s, mes en el que movilizaron el 53,2% del total de la carga transportada en toda la red de Aena.<\/p>\n","protected":false},"excerpt":{"rendered":"<p>El aeropuerto madrile\u00f1o Adolfo Su\u00e1rez Madrid-Barajas ha cerrado el mejor julio de los \u00faltimos tres a\u00f1os, tras registrar 4,59 millones de pasajeros, un 13% m\u00e1s que en el mismo mes de 2014, y lidera la red de Aena con 26,3 millones de viajeros, un 11,7% m\u00e1s. Seg\u00fan los datos del gestor aeroportuario, hasta 26,3 millones<\/p>\n","protected":false},"author":1,"featured_media":45747,"comment_status":"open","ping_status":"closed","sticky":false,"template":"","format":"standard","meta":{"footnotes":""},"categories":[224],"tags":[],"class_list":{"0":"post-45746","1":"post","2":"type-post","3":"status-publish","4":"format-standard","5":"has-post-thumbnail","7":"category-noticias-actualidad"},"aioseo_notices":[],"aioseo_head":"\n\t\t<!-- All in One SEO Pro 4.9.6.1 - aioseo.com -->\n\t<meta name=\"description\" content=\"El aeropuerto madrile\u00f1o Adolfo Su\u00e1rez Madrid-Barajas ha cerrado el mejor julio de los \u00faltimos tres a\u00f1os, tras registrar 4,59 millones de pasajeros, un 13% m\u00e1s que en el mismo mes de 2014, y lidera la red de Aena con 26,3 millones de viajeros, un 11,7% m\u00e1s. Seg\u00fan los datos del gestor aeroportuario, hasta 26,3 millones\" \/>\n\t<meta name=\"robots\" content=\"max-image-preview:large\" \/>\n\t<meta name=\"author\" content=\"admin\"\/>\n\t<meta name=\"google-site-verification\" content=\"UA-38556648-1\" \/>\n\t<meta name=\"keywords\" content=\"noticias y actualidad\" \/>\n\t<link rel=\"canonical\" href=\"https:\/\/eldigitaldeasturias.com\/magazine365\/barajas-cierra-el-mejor-julio-desde-2011\/\" \/>\n\t<meta name=\"generator\" content=\"All in One SEO Pro (AIOSEO) 4.9.6.1\" \/>\n\t\t<meta property=\"og:locale\" content=\"es_ES\" \/>\n\t\t<meta property=\"og:site_name\" content=\"El Digital de Asturias \u2013 Revista de ocio, turismo y estilo de vida\" \/>\n\t\t<meta property=\"og:type\" content=\"article\" \/>\n\t\t<meta property=\"og:title\" content=\"Barajas cierra el mejor julio desde 2011 | El Digital de Asturias\" \/>\n\t\t<meta property=\"og:description\" content=\"El aeropuerto madrile\u00f1o Adolfo Su\u00e1rez Madrid-Barajas ha cerrado el mejor julio de los \u00faltimos tres a\u00f1os, tras registrar 4,59 millones de pasajeros, un 13% m\u00e1s que en el mismo mes de 2014, y lidera la red de Aena con 26,3 millones de viajeros, un 11,7% m\u00e1s. Seg\u00fan los datos del gestor aeroportuario, hasta 26,3 millones\" \/>\n\t\t<meta property=\"og:url\" content=\"https:\/\/eldigitaldeasturias.com\/magazine365\/barajas-cierra-el-mejor-julio-desde-2011\/\" \/>\n\t\t<meta property=\"og:image\" content=\"https:\/\/eldigitaldeasturias.com\/magazine365\/wp-content\/uploads\/2015\/08\/fotonoticia_20150812130924_800.jpg\" \/>\n\t\t<meta property=\"og:image:secure_url\" content=\"https:\/\/eldigitaldeasturias.com\/magazine365\/wp-content\/uploads\/2015\/08\/fotonoticia_20150812130924_800.jpg\" \/>\n\t\t<meta property=\"og:image:width\" content=\"800\" \/>\n\t\t<meta property=\"og:image:height\" content=\"533\" \/>\n\t\t<meta property=\"article:published_time\" content=\"2015-08-12T21:27:41+00:00\" \/>\n\t\t<meta property=\"article:modified_time\" content=\"2015-08-12T21:31:15+00:00\" \/>\n\t\t<meta name=\"twitter:card\" content=\"summary_large_image\" \/>\n\t\t<meta name=\"twitter:title\" content=\"Barajas cierra el mejor julio desde 2011 | El Digital de Asturias\" \/>\n\t\t<meta name=\"twitter:description\" content=\"El aeropuerto madrile\u00f1o Adolfo Su\u00e1rez Madrid-Barajas ha cerrado el mejor julio de los \u00faltimos tres a\u00f1os, tras registrar 4,59 millones de pasajeros, un 13% m\u00e1s que en el mismo mes de 2014, y lidera la red de Aena con 26,3 millones de viajeros, un 11,7% m\u00e1s. Seg\u00fan los datos del gestor aeroportuario, hasta 26,3 millones\" \/>\n\t\t<meta name=\"twitter:image\" content=\"https:\/\/eldigitaldeasturias.com\/magazine365\/wp-content\/uploads\/2015\/08\/fotonoticia_20150812130924_800.jpg\" \/>\n\t\t<script type=\"application\/ld+json\" class=\"aioseo-schema\">\n\t\t\t{\"@context\":\"https:\\\/\\\/schema.org\",\"@graph\":[{\"@type\":\"Article\",\"@id\":\"https:\\\/\\\/eldigitaldeasturias.com\\\/magazine365\\\/barajas-cierra-el-mejor-julio-desde-2011\\\/#article\",\"name\":\"Barajas cierra el mejor julio desde 2011 | El Digital de Asturias\",\"headline\":\"Barajas cierra el mejor julio desde 2011\",\"author\":{\"@id\":\"https:\\\/\\\/eldigitaldeasturias.com\\\/magazine365\\\/author\\\/admin\\\/#author\"},\"publisher\":{\"@id\":\"https:\\\/\\\/eldigitaldeasturias.com\\\/magazine365\\\/#organization\"},\"image\":{\"@type\":\"ImageObject\",\"url\":\"https:\\\/\\\/eldigitaldeasturias.com\\\/magazine365\\\/wp-content\\\/uploads\\\/2015\\\/08\\\/fotonoticia_20150812130924_800.jpg\",\"width\":800,\"height\":533},\"datePublished\":\"2015-08-12T23:27:41+02:00\",\"dateModified\":\"2015-08-12T23:31:15+02:00\",\"inLanguage\":\"es-ES\",\"mainEntityOfPage\":{\"@id\":\"https:\\\/\\\/eldigitaldeasturias.com\\\/magazine365\\\/barajas-cierra-el-mejor-julio-desde-2011\\\/#webpage\"},\"isPartOf\":{\"@id\":\"https:\\\/\\\/eldigitaldeasturias.com\\\/magazine365\\\/barajas-cierra-el-mejor-julio-desde-2011\\\/#webpage\"},\"articleSection\":\"Noticias y Actualidad\"},{\"@type\":\"BreadcrumbList\",\"@id\":\"https:\\\/\\\/eldigitaldeasturias.com\\\/magazine365\\\/barajas-cierra-el-mejor-julio-desde-2011\\\/#breadcrumblist\",\"itemListElement\":[{\"@type\":\"ListItem\",\"@id\":\"https:\\\/\\\/eldigitaldeasturias.com\\\/magazine365#listItem\",\"position\":1,\"name\":\"Home\",\"item\":\"https:\\\/\\\/eldigitaldeasturias.com\\\/magazine365\",\"nextItem\":{\"@type\":\"ListItem\",\"@id\":\"https:\\\/\\\/eldigitaldeasturias.com\\\/magazine365\\\/category\\\/noticias-actualidad\\\/#listItem\",\"name\":\"Noticias y Actualidad\"}},{\"@type\":\"ListItem\",\"@id\":\"https:\\\/\\\/eldigitaldeasturias.com\\\/magazine365\\\/category\\\/noticias-actualidad\\\/#listItem\",\"position\":2,\"name\":\"Noticias y Actualidad\",\"item\":\"https:\\\/\\\/eldigitaldeasturias.com\\\/magazine365\\\/category\\\/noticias-actualidad\\\/\",\"nextItem\":{\"@type\":\"ListItem\",\"@id\":\"https:\\\/\\\/eldigitaldeasturias.com\\\/magazine365\\\/barajas-cierra-el-mejor-julio-desde-2011\\\/#listItem\",\"name\":\"Barajas cierra el mejor julio desde 2011\"},\"previousItem\":{\"@type\":\"ListItem\",\"@id\":\"https:\\\/\\\/eldigitaldeasturias.com\\\/magazine365#listItem\",\"name\":\"Home\"}},{\"@type\":\"ListItem\",\"@id\":\"https:\\\/\\\/eldigitaldeasturias.com\\\/magazine365\\\/barajas-cierra-el-mejor-julio-desde-2011\\\/#listItem\",\"position\":3,\"name\":\"Barajas cierra el mejor julio desde 2011\",\"previousItem\":{\"@type\":\"ListItem\",\"@id\":\"https:\\\/\\\/eldigitaldeasturias.com\\\/magazine365\\\/category\\\/noticias-actualidad\\\/#listItem\",\"name\":\"Noticias y Actualidad\"}}]},{\"@type\":\"Organization\",\"@id\":\"https:\\\/\\\/eldigitaldeasturias.com\\\/magazine365\\\/#organization\",\"name\":\"El digital de Asturias\",\"description\":\"Revista de ocio, turismo y estilo de vida\",\"url\":\"https:\\\/\\\/eldigitaldeasturias.com\\\/magazine365\\\/\",\"logo\":{\"@type\":\"ImageObject\",\"url\":\"https:\\\/\\\/www.eldigitaldeasturias.com\\\/noticias\\\/wp-content\\\/uploads\\\/2020\\\/12\\\/EDA.jpg\",\"@id\":\"https:\\\/\\\/eldigitaldeasturias.com\\\/magazine365\\\/barajas-cierra-el-mejor-julio-desde-2011\\\/#organizationLogo\"},\"image\":{\"@id\":\"https:\\\/\\\/eldigitaldeasturias.com\\\/magazine365\\\/barajas-cierra-el-mejor-julio-desde-2011\\\/#organizationLogo\"}},{\"@type\":\"Person\",\"@id\":\"https:\\\/\\\/eldigitaldeasturias.com\\\/magazine365\\\/author\\\/admin\\\/#author\",\"url\":\"https:\\\/\\\/eldigitaldeasturias.com\\\/magazine365\\\/author\\\/admin\\\/\",\"name\":\"admin\",\"image\":{\"@type\":\"ImageObject\",\"@id\":\"https:\\\/\\\/eldigitaldeasturias.com\\\/magazine365\\\/barajas-cierra-el-mejor-julio-desde-2011\\\/#authorImage\",\"url\":\"https:\\\/\\\/eldigitaldeasturias.com\\\/magazine365\\\/wp-content\\\/litespeed\\\/avatar\\\/e571bcf59a0edd6fa6838245a470f2fe.jpg?ver=1777574230\",\"width\":96,\"height\":96,\"caption\":\"admin\"}},{\"@type\":\"WebPage\",\"@id\":\"https:\\\/\\\/eldigitaldeasturias.com\\\/magazine365\\\/barajas-cierra-el-mejor-julio-desde-2011\\\/#webpage\",\"url\":\"https:\\\/\\\/eldigitaldeasturias.com\\\/magazine365\\\/barajas-cierra-el-mejor-julio-desde-2011\\\/\",\"name\":\"Barajas cierra el mejor julio desde 2011 | El Digital de Asturias\",\"description\":\"El aeropuerto madrile\\u00f1o Adolfo Su\\u00e1rez Madrid-Barajas ha cerrado el mejor julio de los \\u00faltimos tres a\\u00f1os, tras registrar 4,59 millones de pasajeros, un 13% m\\u00e1s que en el mismo mes de 2014, y lidera la red de Aena con 26,3 millones de viajeros, un 11,7% m\\u00e1s. Seg\\u00fan los datos del gestor aeroportuario, hasta 26,3 millones\",\"inLanguage\":\"es-ES\",\"isPartOf\":{\"@id\":\"https:\\\/\\\/eldigitaldeasturias.com\\\/magazine365\\\/#website\"},\"breadcrumb\":{\"@id\":\"https:\\\/\\\/eldigitaldeasturias.com\\\/magazine365\\\/barajas-cierra-el-mejor-julio-desde-2011\\\/#breadcrumblist\"},\"author\":{\"@id\":\"https:\\\/\\\/eldigitaldeasturias.com\\\/magazine365\\\/author\\\/admin\\\/#author\"},\"creator\":{\"@id\":\"https:\\\/\\\/eldigitaldeasturias.com\\\/magazine365\\\/author\\\/admin\\\/#author\"},\"image\":{\"@type\":\"ImageObject\",\"url\":\"https:\\\/\\\/eldigitaldeasturias.com\\\/magazine365\\\/wp-content\\\/uploads\\\/2015\\\/08\\\/fotonoticia_20150812130924_800.jpg\",\"@id\":\"https:\\\/\\\/eldigitaldeasturias.com\\\/magazine365\\\/barajas-cierra-el-mejor-julio-desde-2011\\\/#mainImage\",\"width\":800,\"height\":533},\"primaryImageOfPage\":{\"@id\":\"https:\\\/\\\/eldigitaldeasturias.com\\\/magazine365\\\/barajas-cierra-el-mejor-julio-desde-2011\\\/#mainImage\"},\"datePublished\":\"2015-08-12T23:27:41+02:00\",\"dateModified\":\"2015-08-12T23:31:15+02:00\"},{\"@type\":\"WebSite\",\"@id\":\"https:\\\/\\\/eldigitaldeasturias.com\\\/magazine365\\\/#website\",\"url\":\"https:\\\/\\\/eldigitaldeasturias.com\\\/magazine365\\\/\",\"name\":\"El Digital de Asturias\",\"description\":\"Revista de ocio, turismo y estilo de vida\",\"inLanguage\":\"es-ES\",\"publisher\":{\"@id\":\"https:\\\/\\\/eldigitaldeasturias.com\\\/magazine365\\\/#organization\"}}]}\n\t\t<\/script>\n\t\t<!-- All in One SEO Pro -->\r\n\t\t<title>Barajas cierra el mejor julio desde 2011 | El Digital de Asturias<\/title>\n\n","aioseo_head_json":{"title":"Barajas cierra el mejor julio desde 2011 | El Digital de Asturias","description":"El aeropuerto madrile\u00f1o Adolfo Su\u00e1rez Madrid-Barajas ha cerrado el mejor julio de los \u00faltimos tres a\u00f1os, tras registrar 4,59 millones de pasajeros, un 13% m\u00e1s que en el mismo mes de 2014, y lidera la red de Aena con 26,3 millones de viajeros, un 11,7% m\u00e1s. Seg\u00fan los datos del gestor aeroportuario, hasta 26,3 millones","canonical_url":"https:\/\/eldigitaldeasturias.com\/magazine365\/barajas-cierra-el-mejor-julio-desde-2011\/","robots":"max-image-preview:large","keywords":"noticias y actualidad","webmasterTools":{"google-site-verification":"UA-38556648-1","miscellaneous":""},"schema":{"@context":"https:\/\/schema.org","@graph":[{"@type":"Article","@id":"https:\/\/eldigitaldeasturias.com\/magazine365\/barajas-cierra-el-mejor-julio-desde-2011\/#article","name":"Barajas cierra el mejor julio desde 2011 | El Digital de Asturias","headline":"Barajas cierra el mejor julio desde 2011","author":{"@id":"https:\/\/eldigitaldeasturias.com\/magazine365\/author\/admin\/#author"},"publisher":{"@id":"https:\/\/eldigitaldeasturias.com\/magazine365\/#organization"},"image":{"@type":"ImageObject","url":"https:\/\/eldigitaldeasturias.com\/magazine365\/wp-content\/uploads\/2015\/08\/fotonoticia_20150812130924_800.jpg","width":800,"height":533},"datePublished":"2015-08-12T23:27:41+02:00","dateModified":"2015-08-12T23:31:15+02:00","inLanguage":"es-ES","mainEntityOfPage":{"@id":"https:\/\/eldigitaldeasturias.com\/magazine365\/barajas-cierra-el-mejor-julio-desde-2011\/#webpage"},"isPartOf":{"@id":"https:\/\/eldigitaldeasturias.com\/magazine365\/barajas-cierra-el-mejor-julio-desde-2011\/#webpage"},"articleSection":"Noticias y Actualidad"},{"@type":"BreadcrumbList","@id":"https:\/\/eldigitaldeasturias.com\/magazine365\/barajas-cierra-el-mejor-julio-desde-2011\/#breadcrumblist","itemListElement":[{"@type":"ListItem","@id":"https:\/\/eldigitaldeasturias.com\/magazine365#listItem","position":1,"name":"Home","item":"https:\/\/eldigitaldeasturias.com\/magazine365","nextItem":{"@type":"ListItem","@id":"https:\/\/eldigitaldeasturias.com\/magazine365\/category\/noticias-actualidad\/#listItem","name":"Noticias y Actualidad"}},{"@type":"ListItem","@id":"https:\/\/eldigitaldeasturias.com\/magazine365\/category\/noticias-actualidad\/#listItem","position":2,"name":"Noticias y Actualidad","item":"https:\/\/eldigitaldeasturias.com\/magazine365\/category\/noticias-actualidad\/","nextItem":{"@type":"ListItem","@id":"https:\/\/eldigitaldeasturias.com\/magazine365\/barajas-cierra-el-mejor-julio-desde-2011\/#listItem","name":"Barajas cierra el mejor julio desde 2011"},"previousItem":{"@type":"ListItem","@id":"https:\/\/eldigitaldeasturias.com\/magazine365#listItem","name":"Home"}},{"@type":"ListItem","@id":"https:\/\/eldigitaldeasturias.com\/magazine365\/barajas-cierra-el-mejor-julio-desde-2011\/#listItem","position":3,"name":"Barajas cierra el mejor julio desde 2011","previousItem":{"@type":"ListItem","@id":"https:\/\/eldigitaldeasturias.com\/magazine365\/category\/noticias-actualidad\/#listItem","name":"Noticias y Actualidad"}}]},{"@type":"Organization","@id":"https:\/\/eldigitaldeasturias.com\/magazine365\/#organization","name":"El digital de Asturias","description":"Revista de ocio, turismo y estilo de vida","url":"https:\/\/eldigitaldeasturias.com\/magazine365\/","logo":{"@type":"ImageObject","url":"https:\/\/www.eldigitaldeasturias.com\/noticias\/wp-content\/uploads\/2020\/12\/EDA.jpg","@id":"https:\/\/eldigitaldeasturias.com\/magazine365\/barajas-cierra-el-mejor-julio-desde-2011\/#organizationLogo"},"image":{"@id":"https:\/\/eldigitaldeasturias.com\/magazine365\/barajas-cierra-el-mejor-julio-desde-2011\/#organizationLogo"}},{"@type":"Person","@id":"https:\/\/eldigitaldeasturias.com\/magazine365\/author\/admin\/#author","url":"https:\/\/eldigitaldeasturias.com\/magazine365\/author\/admin\/","name":"admin","image":{"@type":"ImageObject","@id":"https:\/\/eldigitaldeasturias.com\/magazine365\/barajas-cierra-el-mejor-julio-desde-2011\/#authorImage","url":"https:\/\/eldigitaldeasturias.com\/magazine365\/wp-content\/litespeed\/avatar\/e571bcf59a0edd6fa6838245a470f2fe.jpg?ver=1777574230","width":96,"height":96,"caption":"admin"}},{"@type":"WebPage","@id":"https:\/\/eldigitaldeasturias.com\/magazine365\/barajas-cierra-el-mejor-julio-desde-2011\/#webpage","url":"https:\/\/eldigitaldeasturias.com\/magazine365\/barajas-cierra-el-mejor-julio-desde-2011\/","name":"Barajas cierra el mejor julio desde 2011 | El Digital de Asturias","description":"El aeropuerto madrile\u00f1o Adolfo Su\u00e1rez Madrid-Barajas ha cerrado el mejor julio de los \u00faltimos tres a\u00f1os, tras registrar 4,59 millones de pasajeros, un 13% m\u00e1s que en el mismo mes de 2014, y lidera la red de Aena con 26,3 millones de viajeros, un 11,7% m\u00e1s. Seg\u00fan los datos del gestor aeroportuario, hasta 26,3 millones","inLanguage":"es-ES","isPartOf":{"@id":"https:\/\/eldigitaldeasturias.com\/magazine365\/#website"},"breadcrumb":{"@id":"https:\/\/eldigitaldeasturias.com\/magazine365\/barajas-cierra-el-mejor-julio-desde-2011\/#breadcrumblist"},"author":{"@id":"https:\/\/eldigitaldeasturias.com\/magazine365\/author\/admin\/#author"},"creator":{"@id":"https:\/\/eldigitaldeasturias.com\/magazine365\/author\/admin\/#author"},"image":{"@type":"ImageObject","url":"https:\/\/eldigitaldeasturias.com\/magazine365\/wp-content\/uploads\/2015\/08\/fotonoticia_20150812130924_800.jpg","@id":"https:\/\/eldigitaldeasturias.com\/magazine365\/barajas-cierra-el-mejor-julio-desde-2011\/#mainImage","width":800,"height":533},"primaryImageOfPage":{"@id":"https:\/\/eldigitaldeasturias.com\/magazine365\/barajas-cierra-el-mejor-julio-desde-2011\/#mainImage"},"datePublished":"2015-08-12T23:27:41+02:00","dateModified":"2015-08-12T23:31:15+02:00"},{"@type":"WebSite","@id":"https:\/\/eldigitaldeasturias.com\/magazine365\/#website","url":"https:\/\/eldigitaldeasturias.com\/magazine365\/","name":"El Digital de Asturias","description":"Revista de ocio, turismo y estilo de vida","inLanguage":"es-ES","publisher":{"@id":"https:\/\/eldigitaldeasturias.com\/magazine365\/#organization"}}]},"og:locale":"es_ES","og:site_name":"El Digital de Asturias \u2013 Revista de ocio, turismo y estilo de vida","og:type":"article","og:title":"Barajas cierra el mejor julio desde 2011 | El Digital de Asturias","og:description":"El aeropuerto madrile\u00f1o Adolfo Su\u00e1rez Madrid-Barajas ha cerrado el mejor julio de los \u00faltimos tres a\u00f1os, tras registrar 4,59 millones de pasajeros, un 13% m\u00e1s que en el mismo mes de 2014, y lidera la red de Aena con 26,3 millones de viajeros, un 11,7% m\u00e1s. Seg\u00fan los datos del gestor aeroportuario, hasta 26,3 millones","og:url":"https:\/\/eldigitaldeasturias.com\/magazine365\/barajas-cierra-el-mejor-julio-desde-2011\/","og:image":"https:\/\/eldigitaldeasturias.com\/magazine365\/wp-content\/uploads\/2015\/08\/fotonoticia_20150812130924_800.jpg","og:image:secure_url":"https:\/\/eldigitaldeasturias.com\/magazine365\/wp-content\/uploads\/2015\/08\/fotonoticia_20150812130924_800.jpg","og:image:width":800,"og:image:height":533,"article:published_time":"2015-08-12T21:27:41+00:00","article:modified_time":"2015-08-12T21:31:15+00:00","twitter:card":"summary_large_image","twitter:title":"Barajas cierra el mejor julio desde 2011 | El Digital de Asturias","twitter:description":"El aeropuerto madrile\u00f1o Adolfo Su\u00e1rez Madrid-Barajas ha cerrado el mejor julio de los \u00faltimos tres a\u00f1os, tras registrar 4,59 millones de pasajeros, un 13% m\u00e1s que en el mismo mes de 2014, y lidera la red de Aena con 26,3 millones de viajeros, un 11,7% m\u00e1s. Seg\u00fan los datos del gestor aeroportuario, hasta 26,3 millones","twitter:image":"https:\/\/eldigitaldeasturias.com\/magazine365\/wp-content\/uploads\/2015\/08\/fotonoticia_20150812130924_800.jpg"},"aioseo_meta_data":{"post_id":"45746","title":null,"description":null,"keywords":null,"keyphrases":null,"primary_term":null,"canonical_url":null,"og_title":null,"og_description":null,"og_object_type":"default","og_image_type":"default","og_image_url":null,"og_image_width":null,"og_image_height":null,"og_image_custom_url":null,"og_image_custom_fields":null,"og_video":null,"og_custom_url":null,"og_article_section":null,"og_article_tags":null,"twitter_use_og":false,"twitter_card":"default","twitter_image_type":"default","twitter_image_url":null,"twitter_image_custom_url":null,"twitter_image_custom_fields":null,"twitter_title":null,"twitter_description":null,"schema":{"blockGraphs":[],"customGraphs":[],"default":{"data":{"Article":[],"Course":[],"Dataset":[],"FAQPage":[],"Movie":[],"Person":[],"Product":[],"ProductReview":[],"Car":[],"Recipe":[],"Service":[],"SoftwareApplication":[],"WebPage":[]},"graphName":"","isEnabled":true},"graphs":[]},"schema_type":null,"schema_type_options":null,"pillar_content":false,"robots_default":true,"robots_noindex":false,"robots_noarchive":false,"robots_nosnippet":false,"robots_nofollow":false,"robots_noimageindex":false,"robots_noodp":false,"robots_notranslate":false,"robots_max_snippet":null,"robots_max_videopreview":null,"robots_max_imagepreview":"large","priority":null,"frequency":null,"location":null,"local_seo":null,"seo_analyzer_scan_date":"2025-09-20 00:39:02","breadcrumb_settings":null,"limit_modified_date":false,"open_ai":null,"ai":null,"created":"2021-03-09 01:16:55","updated":"2025-09-20 00:39:02"},"aioseo_breadcrumb":"<div class=\"aioseo-breadcrumbs\"><span class=\"aioseo-breadcrumb\">\n\t<a href=\"https:\/\/eldigitaldeasturias.com\/magazine365\" title=\"Home\">Home<\/a>\n<\/span><span class=\"aioseo-breadcrumb-separator\">\u2013<\/span><span class=\"aioseo-breadcrumb\">\n\t<a href=\"https:\/\/eldigitaldeasturias.com\/magazine365\/category\/noticias-actualidad\/\" title=\"Noticias y Actualidad\">Noticias y Actualidad<\/a>\n<\/span><span class=\"aioseo-breadcrumb-separator\">\u2013<\/span><span class=\"aioseo-breadcrumb\">\n\t<a href=\"https:\/\/eldigitaldeasturias.com\/magazine365\/barajas-cierra-el-mejor-julio-desde-2011\/\" title=\"Barajas cierra el mejor julio desde 2011\">Barajas cierra el mejor julio desde 2011<\/a>\n<\/span><\/div>","aioseo_breadcrumb_json":[{"label":"Home","link":"https:\/\/eldigitaldeasturias.com\/magazine365"},{"label":"Noticias y Actualidad","link":"https:\/\/eldigitaldeasturias.com\/magazine365\/category\/noticias-actualidad\/"},{"label":"Barajas cierra el mejor julio desde 2011","link":"https:\/\/eldigitaldeasturias.com\/magazine365\/barajas-cierra-el-mejor-julio-desde-2011\/"}],"_links":{"self":[{"href":"https:\/\/eldigitaldeasturias.com\/magazine365\/wp-json\/wp\/v2\/posts\/45746","targetHints":{"allow":["GET"]}}],"collection":[{"href":"https:\/\/eldigitaldeasturias.com\/magazine365\/wp-json\/wp\/v2\/posts"}],"about":[{"href":"https:\/\/eldigitaldeasturias.com\/magazine365\/wp-json\/wp\/v2\/types\/post"}],"author":[{"embeddable":true,"href":"https:\/\/eldigitaldeasturias.com\/magazine365\/wp-json\/wp\/v2\/users\/1"}],"replies":[{"embeddable":true,"href":"https:\/\/eldigitaldeasturias.com\/magazine365\/wp-json\/wp\/v2\/comments?post=45746"}],"version-history":[{"count":0,"href":"https:\/\/eldigitaldeasturias.com\/magazine365\/wp-json\/wp\/v2\/posts\/45746\/revisions"}],"wp:featuredmedia":[{"embeddable":true,"href":"https:\/\/eldigitaldeasturias.com\/magazine365\/wp-json\/wp\/v2\/media\/45747"}],"wp:attachment":[{"href":"https:\/\/eldigitaldeasturias.com\/magazine365\/wp-json\/wp\/v2\/media?parent=45746"}],"wp:term":[{"taxonomy":"category","embeddable":true,"href":"https:\/\/eldigitaldeasturias.com\/magazine365\/wp-json\/wp\/v2\/categories?post=45746"},{"taxonomy":"post_tag","embeddable":true,"href":"https:\/\/eldigitaldeasturias.com\/magazine365\/wp-json\/wp\/v2\/tags?post=45746"}],"curies":[{"name":"wp","href":"https:\/\/api.w.org\/{rel}","templated":true}]}}