{"id":45743,"date":"2015-08-12T23:25:33","date_gmt":"2015-08-12T21:25:33","guid":{"rendered":"http:\/\/eldigitaldeasturias.com\/magazine365\/?p=45743"},"modified":"2015-08-12T23:25:34","modified_gmt":"2015-08-12T21:25:34","slug":"los-pasajeros-de-los-aeropuertos-canarios-aumentan-un-28-en-julio","status":"publish","type":"post","link":"https:\/\/eldigitaldeasturias.com\/magazine365\/los-pasajeros-de-los-aeropuertos-canarios-aumentan-un-28-en-julio\/","title":{"rendered":"Los pasajeros de los aeropuertos canarios aumentan un 2,8% en julio"},"content":{"rendered":"<p><img fetchpriority=\"high\" decoding=\"async\" class=\"alignleft size-medium wp-image-45744\" src=\"https:\/\/eldigitaldeasturias.com\/magazine365\/wp-content\/uploads\/2015\/08\/fotonoticia_20150812125255_800-360x228.jpg\" alt=\"fotonoticia_20150812125255_800\" width=\"360\" height=\"228\" srcset=\"https:\/\/eldigitaldeasturias.com\/magazine365\/wp-content\/uploads\/2015\/08\/fotonoticia_20150812125255_800-360x228.jpg 360w, https:\/\/eldigitaldeasturias.com\/magazine365\/wp-content\/uploads\/2015\/08\/fotonoticia_20150812125255_800-650x411.jpg 650w, https:\/\/eldigitaldeasturias.com\/magazine365\/wp-content\/uploads\/2015\/08\/fotonoticia_20150812125255_800-768x486.jpg 768w, https:\/\/eldigitaldeasturias.com\/magazine365\/wp-content\/uploads\/2015\/08\/fotonoticia_20150812125255_800-150x95.jpg 150w, https:\/\/eldigitaldeasturias.com\/magazine365\/wp-content\/uploads\/2015\/08\/fotonoticia_20150812125255_800-450x285.jpg 450w, https:\/\/eldigitaldeasturias.com\/magazine365\/wp-content\/uploads\/2015\/08\/fotonoticia_20150812125255_800-696x440.jpg 696w, https:\/\/eldigitaldeasturias.com\/magazine365\/wp-content\/uploads\/2015\/08\/fotonoticia_20150812125255_800-664x420.jpg 664w, https:\/\/eldigitaldeasturias.com\/magazine365\/wp-content\/uploads\/2015\/08\/fotonoticia_20150812125255_800-269x170.jpg 269w, https:\/\/eldigitaldeasturias.com\/magazine365\/wp-content\/uploads\/2015\/08\/fotonoticia_20150812125255_800.jpg 800w\" sizes=\"(max-width: 360px) 100vw, 360px\" \/>Los ocho aeropuertos canarios han registrado 3.026.167 pasajeros en julio, lo que ha supuesto un aumento del 2,8 por ciento respecto al mismo mes del a\u00f1o anterior, seg\u00fan los datos de Aena.<\/p>\n<p>As\u00ed, de la cifra total de pasajeros, 1,8 millones corresponden a tr\u00e1fico internacional, donde tambi\u00e9n experimenta una subida del 2,1 por ciento. En concreto, de estos 1,8 millones de pasajeros extranjeros, 1,7 millones eran viajeros de la Uni\u00f3n Europea (UE) y 103.951 de pa\u00edses de fuera de la UE.<\/p>\n<p>En cuanto al tr\u00e1fico nacional ascendi\u00f3 a algo m\u00e1s de 1,1 mill\u00f3n de pasajeros, lo que implic\u00f3 un aument\u00f3 de un 4,4 por ciento respecto a julio de 2014.<\/p>\n<p>Por otro lado, los aeropuertos con mayor tr\u00e1fico de pasajeros del archipi\u00e9lago fueron el de Gran Canaria con 821.842 personas (+4,8%) seguido de Tenerife Sur con 713.046 (-1,2%) y de Lanzarote con 563.543 (+1,3%), ocupando el s\u00e9ptimo, octavo y noveno puesto de la red de Aena.<\/p>\n<p>Tras ellos, se sit\u00faan el aeropuerto de Fuerteventura con 453.761 (+2,5%), el de Tenerife Norte con 363.266 (+4,3%), el de La Palma con 94.160 (+28,2%), que fue el aer\u00f3dromo que experiment\u00f3 un mayor incremento porcentual en Canarias, y finalmente se encuentran los aeropuertos de El Hierro con 13.028 (-6,6%) y La Gomera con 3.521 pasajeros (+17,9%).<\/p>\n<p>As\u00ed, el n\u00famero de operaciones de los aeropuertos canarios ascendi\u00f3 a 27.151 en el pasado mes de julio, de las que 10.845 fueron internacionales y 14.799 nacionales; mientras que el tr\u00e1fico de mercanc\u00edas fue de 3.278 toneladas.<\/p>\n<p>M\u00c1S DE 20 MILLONES DE PASAJEROS EN EL ACUMULADO.<\/p>\n<p>Por otro lado, en el acumulado de enero a julio, el n\u00famero de pasajeros registrado por los aeropuertos canarios ha ascendido a 20,2 millones de visitantes, lo que ha supuesto un aumento del 1,5 por ciento con respecto al mismo periodo de 2014.<\/p>\n<p>As\u00ed, del total de pasajeros registrado en este periodo, 13,3 millones de viajeros fueron de vuelos internacionales, lo que supuso un crecimiento escaso del 0,4 por ciento, mientras que 6,6 millones de pasajeros ven\u00edan en vuelos nacionales, experimentando en este caso un aumento del 4,8 por ciento.<\/p>\n<p>Finalmente, se apunt\u00f3 que del total de pasajeros registrados en los siete primeros meses del a\u00f1o, algo m\u00e1s de 16 millones de personas viajaron en vuelos regulares y 3,8 millones en ch\u00e1rter. Las operaciones registradas en este periodo fueron 185.593 y el tr\u00e1fico de mercanc\u00edas transportadas ascendi\u00f3 a 21.484 toneladas.<\/p>\n","protected":false},"excerpt":{"rendered":"<p>Los ocho aeropuertos canarios han registrado 3.026.167 pasajeros en julio, lo que ha supuesto un aumento del 2,8 por ciento respecto al mismo mes del a\u00f1o anterior, seg\u00fan los datos de Aena. As\u00ed, de la cifra total de pasajeros, 1,8 millones corresponden a tr\u00e1fico internacional, donde tambi\u00e9n experimenta una subida del 2,1 por ciento. En<\/p>\n","protected":false},"author":1,"featured_media":45744,"comment_status":"open","ping_status":"closed","sticky":false,"template":"","format":"standard","meta":{"footnotes":""},"categories":[224],"tags":[],"class_list":{"0":"post-45743","1":"post","2":"type-post","3":"status-publish","4":"format-standard","5":"has-post-thumbnail","7":"category-noticias-actualidad"},"aioseo_notices":[],"aioseo_head":"\n\t\t<!-- All in One SEO Pro 4.9.6.1 - aioseo.com -->\n\t<meta name=\"description\" content=\"Los ocho aeropuertos canarios han registrado 3.026.167 pasajeros en julio, lo que ha supuesto un aumento del 2,8 por ciento respecto al mismo mes del a\u00f1o anterior, seg\u00fan los datos de Aena. As\u00ed, de la cifra total de pasajeros, 1,8 millones corresponden a tr\u00e1fico internacional, donde tambi\u00e9n experimenta una subida del 2,1 por ciento. En\" \/>\n\t<meta name=\"robots\" content=\"max-image-preview:large\" \/>\n\t<meta name=\"author\" content=\"admin\"\/>\n\t<meta name=\"google-site-verification\" content=\"UA-38556648-1\" \/>\n\t<meta name=\"keywords\" content=\"noticias y actualidad\" \/>\n\t<link rel=\"canonical\" href=\"https:\/\/eldigitaldeasturias.com\/magazine365\/los-pasajeros-de-los-aeropuertos-canarios-aumentan-un-28-en-julio\/\" \/>\n\t<meta name=\"generator\" content=\"All in One SEO Pro (AIOSEO) 4.9.6.1\" \/>\n\t\t<meta property=\"og:locale\" content=\"es_ES\" \/>\n\t\t<meta property=\"og:site_name\" content=\"El Digital de Asturias \u2013 Revista de ocio, turismo y estilo de vida\" \/>\n\t\t<meta property=\"og:type\" content=\"article\" \/>\n\t\t<meta property=\"og:title\" content=\"Los pasajeros de los aeropuertos canarios aumentan un 2,8% en julio | El Digital de Asturias\" \/>\n\t\t<meta property=\"og:description\" content=\"Los ocho aeropuertos canarios han registrado 3.026.167 pasajeros en julio, lo que ha supuesto un aumento del 2,8 por ciento respecto al mismo mes del a\u00f1o anterior, seg\u00fan los datos de Aena. As\u00ed, de la cifra total de pasajeros, 1,8 millones corresponden a tr\u00e1fico internacional, donde tambi\u00e9n experimenta una subida del 2,1 por ciento. En\" \/>\n\t\t<meta property=\"og:url\" content=\"https:\/\/eldigitaldeasturias.com\/magazine365\/los-pasajeros-de-los-aeropuertos-canarios-aumentan-un-28-en-julio\/\" \/>\n\t\t<meta property=\"og:image\" content=\"https:\/\/eldigitaldeasturias.com\/magazine365\/wp-content\/uploads\/2015\/08\/fotonoticia_20150812125255_800.jpg\" \/>\n\t\t<meta property=\"og:image:secure_url\" content=\"https:\/\/eldigitaldeasturias.com\/magazine365\/wp-content\/uploads\/2015\/08\/fotonoticia_20150812125255_800.jpg\" \/>\n\t\t<meta property=\"og:image:width\" content=\"800\" \/>\n\t\t<meta property=\"og:image:height\" content=\"506\" \/>\n\t\t<meta property=\"article:published_time\" content=\"2015-08-12T21:25:33+00:00\" \/>\n\t\t<meta property=\"article:modified_time\" content=\"2015-08-12T21:25:34+00:00\" \/>\n\t\t<meta name=\"twitter:card\" content=\"summary_large_image\" \/>\n\t\t<meta name=\"twitter:title\" content=\"Los pasajeros de los aeropuertos canarios aumentan un 2,8% en julio | El Digital de Asturias\" \/>\n\t\t<meta name=\"twitter:description\" content=\"Los ocho aeropuertos canarios han registrado 3.026.167 pasajeros en julio, lo que ha supuesto un aumento del 2,8 por ciento respecto al mismo mes del a\u00f1o anterior, seg\u00fan los datos de Aena. As\u00ed, de la cifra total de pasajeros, 1,8 millones corresponden a tr\u00e1fico internacional, donde tambi\u00e9n experimenta una subida del 2,1 por ciento. En\" \/>\n\t\t<meta name=\"twitter:image\" content=\"https:\/\/eldigitaldeasturias.com\/magazine365\/wp-content\/uploads\/2015\/08\/fotonoticia_20150812125255_800.jpg\" \/>\n\t\t<script type=\"application\/ld+json\" class=\"aioseo-schema\">\n\t\t\t{\"@context\":\"https:\\\/\\\/schema.org\",\"@graph\":[{\"@type\":\"Article\",\"@id\":\"https:\\\/\\\/eldigitaldeasturias.com\\\/magazine365\\\/los-pasajeros-de-los-aeropuertos-canarios-aumentan-un-28-en-julio\\\/#article\",\"name\":\"Los pasajeros de los aeropuertos canarios aumentan un 2,8% en julio | El Digital de Asturias\",\"headline\":\"Los pasajeros de los aeropuertos canarios aumentan un 2,8% en julio\",\"author\":{\"@id\":\"https:\\\/\\\/eldigitaldeasturias.com\\\/magazine365\\\/author\\\/admin\\\/#author\"},\"publisher\":{\"@id\":\"https:\\\/\\\/eldigitaldeasturias.com\\\/magazine365\\\/#organization\"},\"image\":{\"@type\":\"ImageObject\",\"url\":\"https:\\\/\\\/eldigitaldeasturias.com\\\/magazine365\\\/wp-content\\\/uploads\\\/2015\\\/08\\\/fotonoticia_20150812125255_800.jpg\",\"width\":800,\"height\":506},\"datePublished\":\"2015-08-12T23:25:33+02:00\",\"dateModified\":\"2015-08-12T23:25:34+02:00\",\"inLanguage\":\"es-ES\",\"mainEntityOfPage\":{\"@id\":\"https:\\\/\\\/eldigitaldeasturias.com\\\/magazine365\\\/los-pasajeros-de-los-aeropuertos-canarios-aumentan-un-28-en-julio\\\/#webpage\"},\"isPartOf\":{\"@id\":\"https:\\\/\\\/eldigitaldeasturias.com\\\/magazine365\\\/los-pasajeros-de-los-aeropuertos-canarios-aumentan-un-28-en-julio\\\/#webpage\"},\"articleSection\":\"Noticias y Actualidad\"},{\"@type\":\"BreadcrumbList\",\"@id\":\"https:\\\/\\\/eldigitaldeasturias.com\\\/magazine365\\\/los-pasajeros-de-los-aeropuertos-canarios-aumentan-un-28-en-julio\\\/#breadcrumblist\",\"itemListElement\":[{\"@type\":\"ListItem\",\"@id\":\"https:\\\/\\\/eldigitaldeasturias.com\\\/magazine365#listItem\",\"position\":1,\"name\":\"Home\",\"item\":\"https:\\\/\\\/eldigitaldeasturias.com\\\/magazine365\",\"nextItem\":{\"@type\":\"ListItem\",\"@id\":\"https:\\\/\\\/eldigitaldeasturias.com\\\/magazine365\\\/category\\\/noticias-actualidad\\\/#listItem\",\"name\":\"Noticias y Actualidad\"}},{\"@type\":\"ListItem\",\"@id\":\"https:\\\/\\\/eldigitaldeasturias.com\\\/magazine365\\\/category\\\/noticias-actualidad\\\/#listItem\",\"position\":2,\"name\":\"Noticias y Actualidad\",\"item\":\"https:\\\/\\\/eldigitaldeasturias.com\\\/magazine365\\\/category\\\/noticias-actualidad\\\/\",\"nextItem\":{\"@type\":\"ListItem\",\"@id\":\"https:\\\/\\\/eldigitaldeasturias.com\\\/magazine365\\\/los-pasajeros-de-los-aeropuertos-canarios-aumentan-un-28-en-julio\\\/#listItem\",\"name\":\"Los pasajeros de los aeropuertos canarios aumentan un 2,8% en julio\"},\"previousItem\":{\"@type\":\"ListItem\",\"@id\":\"https:\\\/\\\/eldigitaldeasturias.com\\\/magazine365#listItem\",\"name\":\"Home\"}},{\"@type\":\"ListItem\",\"@id\":\"https:\\\/\\\/eldigitaldeasturias.com\\\/magazine365\\\/los-pasajeros-de-los-aeropuertos-canarios-aumentan-un-28-en-julio\\\/#listItem\",\"position\":3,\"name\":\"Los pasajeros de los aeropuertos canarios aumentan un 2,8% en julio\",\"previousItem\":{\"@type\":\"ListItem\",\"@id\":\"https:\\\/\\\/eldigitaldeasturias.com\\\/magazine365\\\/category\\\/noticias-actualidad\\\/#listItem\",\"name\":\"Noticias y Actualidad\"}}]},{\"@type\":\"Organization\",\"@id\":\"https:\\\/\\\/eldigitaldeasturias.com\\\/magazine365\\\/#organization\",\"name\":\"El digital de Asturias\",\"description\":\"Revista de ocio, turismo y estilo de vida\",\"url\":\"https:\\\/\\\/eldigitaldeasturias.com\\\/magazine365\\\/\",\"logo\":{\"@type\":\"ImageObject\",\"url\":\"https:\\\/\\\/www.eldigitaldeasturias.com\\\/noticias\\\/wp-content\\\/uploads\\\/2020\\\/12\\\/EDA.jpg\",\"@id\":\"https:\\\/\\\/eldigitaldeasturias.com\\\/magazine365\\\/los-pasajeros-de-los-aeropuertos-canarios-aumentan-un-28-en-julio\\\/#organizationLogo\"},\"image\":{\"@id\":\"https:\\\/\\\/eldigitaldeasturias.com\\\/magazine365\\\/los-pasajeros-de-los-aeropuertos-canarios-aumentan-un-28-en-julio\\\/#organizationLogo\"}},{\"@type\":\"Person\",\"@id\":\"https:\\\/\\\/eldigitaldeasturias.com\\\/magazine365\\\/author\\\/admin\\\/#author\",\"url\":\"https:\\\/\\\/eldigitaldeasturias.com\\\/magazine365\\\/author\\\/admin\\\/\",\"name\":\"admin\",\"image\":{\"@type\":\"ImageObject\",\"@id\":\"https:\\\/\\\/eldigitaldeasturias.com\\\/magazine365\\\/los-pasajeros-de-los-aeropuertos-canarios-aumentan-un-28-en-julio\\\/#authorImage\",\"url\":\"https:\\\/\\\/eldigitaldeasturias.com\\\/magazine365\\\/wp-content\\\/litespeed\\\/avatar\\\/e571bcf59a0edd6fa6838245a470f2fe.jpg?ver=1777574230\",\"width\":96,\"height\":96,\"caption\":\"admin\"}},{\"@type\":\"WebPage\",\"@id\":\"https:\\\/\\\/eldigitaldeasturias.com\\\/magazine365\\\/los-pasajeros-de-los-aeropuertos-canarios-aumentan-un-28-en-julio\\\/#webpage\",\"url\":\"https:\\\/\\\/eldigitaldeasturias.com\\\/magazine365\\\/los-pasajeros-de-los-aeropuertos-canarios-aumentan-un-28-en-julio\\\/\",\"name\":\"Los pasajeros de los aeropuertos canarios aumentan un 2,8% en julio | El Digital de Asturias\",\"description\":\"Los ocho aeropuertos canarios han registrado 3.026.167 pasajeros en julio, lo que ha supuesto un aumento del 2,8 por ciento respecto al mismo mes del a\\u00f1o anterior, seg\\u00fan los datos de Aena. As\\u00ed, de la cifra total de pasajeros, 1,8 millones corresponden a tr\\u00e1fico internacional, donde tambi\\u00e9n experimenta una subida del 2,1 por ciento. En\",\"inLanguage\":\"es-ES\",\"isPartOf\":{\"@id\":\"https:\\\/\\\/eldigitaldeasturias.com\\\/magazine365\\\/#website\"},\"breadcrumb\":{\"@id\":\"https:\\\/\\\/eldigitaldeasturias.com\\\/magazine365\\\/los-pasajeros-de-los-aeropuertos-canarios-aumentan-un-28-en-julio\\\/#breadcrumblist\"},\"author\":{\"@id\":\"https:\\\/\\\/eldigitaldeasturias.com\\\/magazine365\\\/author\\\/admin\\\/#author\"},\"creator\":{\"@id\":\"https:\\\/\\\/eldigitaldeasturias.com\\\/magazine365\\\/author\\\/admin\\\/#author\"},\"image\":{\"@type\":\"ImageObject\",\"url\":\"https:\\\/\\\/eldigitaldeasturias.com\\\/magazine365\\\/wp-content\\\/uploads\\\/2015\\\/08\\\/fotonoticia_20150812125255_800.jpg\",\"@id\":\"https:\\\/\\\/eldigitaldeasturias.com\\\/magazine365\\\/los-pasajeros-de-los-aeropuertos-canarios-aumentan-un-28-en-julio\\\/#mainImage\",\"width\":800,\"height\":506},\"primaryImageOfPage\":{\"@id\":\"https:\\\/\\\/eldigitaldeasturias.com\\\/magazine365\\\/los-pasajeros-de-los-aeropuertos-canarios-aumentan-un-28-en-julio\\\/#mainImage\"},\"datePublished\":\"2015-08-12T23:25:33+02:00\",\"dateModified\":\"2015-08-12T23:25:34+02:00\"},{\"@type\":\"WebSite\",\"@id\":\"https:\\\/\\\/eldigitaldeasturias.com\\\/magazine365\\\/#website\",\"url\":\"https:\\\/\\\/eldigitaldeasturias.com\\\/magazine365\\\/\",\"name\":\"El Digital de Asturias\",\"description\":\"Revista de ocio, turismo y estilo de vida\",\"inLanguage\":\"es-ES\",\"publisher\":{\"@id\":\"https:\\\/\\\/eldigitaldeasturias.com\\\/magazine365\\\/#organization\"}}]}\n\t\t<\/script>\n\t\t<!-- All in One SEO Pro -->\r\n\t\t<title>Los pasajeros de los aeropuertos canarios aumentan un 2,8% en julio | El Digital de Asturias<\/title>\n\n","aioseo_head_json":{"title":"Los pasajeros de los aeropuertos canarios aumentan un 2,8% en julio | El Digital de Asturias","description":"Los ocho aeropuertos canarios han registrado 3.026.167 pasajeros en julio, lo que ha supuesto un aumento del 2,8 por ciento respecto al mismo mes del a\u00f1o anterior, seg\u00fan los datos de Aena. As\u00ed, de la cifra total de pasajeros, 1,8 millones corresponden a tr\u00e1fico internacional, donde tambi\u00e9n experimenta una subida del 2,1 por ciento. En","canonical_url":"https:\/\/eldigitaldeasturias.com\/magazine365\/los-pasajeros-de-los-aeropuertos-canarios-aumentan-un-28-en-julio\/","robots":"max-image-preview:large","keywords":"noticias y actualidad","webmasterTools":{"google-site-verification":"UA-38556648-1","miscellaneous":""},"schema":{"@context":"https:\/\/schema.org","@graph":[{"@type":"Article","@id":"https:\/\/eldigitaldeasturias.com\/magazine365\/los-pasajeros-de-los-aeropuertos-canarios-aumentan-un-28-en-julio\/#article","name":"Los pasajeros de los aeropuertos canarios aumentan un 2,8% en julio | El Digital de Asturias","headline":"Los pasajeros de los aeropuertos canarios aumentan un 2,8% en julio","author":{"@id":"https:\/\/eldigitaldeasturias.com\/magazine365\/author\/admin\/#author"},"publisher":{"@id":"https:\/\/eldigitaldeasturias.com\/magazine365\/#organization"},"image":{"@type":"ImageObject","url":"https:\/\/eldigitaldeasturias.com\/magazine365\/wp-content\/uploads\/2015\/08\/fotonoticia_20150812125255_800.jpg","width":800,"height":506},"datePublished":"2015-08-12T23:25:33+02:00","dateModified":"2015-08-12T23:25:34+02:00","inLanguage":"es-ES","mainEntityOfPage":{"@id":"https:\/\/eldigitaldeasturias.com\/magazine365\/los-pasajeros-de-los-aeropuertos-canarios-aumentan-un-28-en-julio\/#webpage"},"isPartOf":{"@id":"https:\/\/eldigitaldeasturias.com\/magazine365\/los-pasajeros-de-los-aeropuertos-canarios-aumentan-un-28-en-julio\/#webpage"},"articleSection":"Noticias y Actualidad"},{"@type":"BreadcrumbList","@id":"https:\/\/eldigitaldeasturias.com\/magazine365\/los-pasajeros-de-los-aeropuertos-canarios-aumentan-un-28-en-julio\/#breadcrumblist","itemListElement":[{"@type":"ListItem","@id":"https:\/\/eldigitaldeasturias.com\/magazine365#listItem","position":1,"name":"Home","item":"https:\/\/eldigitaldeasturias.com\/magazine365","nextItem":{"@type":"ListItem","@id":"https:\/\/eldigitaldeasturias.com\/magazine365\/category\/noticias-actualidad\/#listItem","name":"Noticias y Actualidad"}},{"@type":"ListItem","@id":"https:\/\/eldigitaldeasturias.com\/magazine365\/category\/noticias-actualidad\/#listItem","position":2,"name":"Noticias y Actualidad","item":"https:\/\/eldigitaldeasturias.com\/magazine365\/category\/noticias-actualidad\/","nextItem":{"@type":"ListItem","@id":"https:\/\/eldigitaldeasturias.com\/magazine365\/los-pasajeros-de-los-aeropuertos-canarios-aumentan-un-28-en-julio\/#listItem","name":"Los pasajeros de los aeropuertos canarios aumentan un 2,8% en julio"},"previousItem":{"@type":"ListItem","@id":"https:\/\/eldigitaldeasturias.com\/magazine365#listItem","name":"Home"}},{"@type":"ListItem","@id":"https:\/\/eldigitaldeasturias.com\/magazine365\/los-pasajeros-de-los-aeropuertos-canarios-aumentan-un-28-en-julio\/#listItem","position":3,"name":"Los pasajeros de los aeropuertos canarios aumentan un 2,8% en julio","previousItem":{"@type":"ListItem","@id":"https:\/\/eldigitaldeasturias.com\/magazine365\/category\/noticias-actualidad\/#listItem","name":"Noticias y Actualidad"}}]},{"@type":"Organization","@id":"https:\/\/eldigitaldeasturias.com\/magazine365\/#organization","name":"El digital de Asturias","description":"Revista de ocio, turismo y estilo de vida","url":"https:\/\/eldigitaldeasturias.com\/magazine365\/","logo":{"@type":"ImageObject","url":"https:\/\/www.eldigitaldeasturias.com\/noticias\/wp-content\/uploads\/2020\/12\/EDA.jpg","@id":"https:\/\/eldigitaldeasturias.com\/magazine365\/los-pasajeros-de-los-aeropuertos-canarios-aumentan-un-28-en-julio\/#organizationLogo"},"image":{"@id":"https:\/\/eldigitaldeasturias.com\/magazine365\/los-pasajeros-de-los-aeropuertos-canarios-aumentan-un-28-en-julio\/#organizationLogo"}},{"@type":"Person","@id":"https:\/\/eldigitaldeasturias.com\/magazine365\/author\/admin\/#author","url":"https:\/\/eldigitaldeasturias.com\/magazine365\/author\/admin\/","name":"admin","image":{"@type":"ImageObject","@id":"https:\/\/eldigitaldeasturias.com\/magazine365\/los-pasajeros-de-los-aeropuertos-canarios-aumentan-un-28-en-julio\/#authorImage","url":"https:\/\/eldigitaldeasturias.com\/magazine365\/wp-content\/litespeed\/avatar\/e571bcf59a0edd6fa6838245a470f2fe.jpg?ver=1777574230","width":96,"height":96,"caption":"admin"}},{"@type":"WebPage","@id":"https:\/\/eldigitaldeasturias.com\/magazine365\/los-pasajeros-de-los-aeropuertos-canarios-aumentan-un-28-en-julio\/#webpage","url":"https:\/\/eldigitaldeasturias.com\/magazine365\/los-pasajeros-de-los-aeropuertos-canarios-aumentan-un-28-en-julio\/","name":"Los pasajeros de los aeropuertos canarios aumentan un 2,8% en julio | El Digital de Asturias","description":"Los ocho aeropuertos canarios han registrado 3.026.167 pasajeros en julio, lo que ha supuesto un aumento del 2,8 por ciento respecto al mismo mes del a\u00f1o anterior, seg\u00fan los datos de Aena. As\u00ed, de la cifra total de pasajeros, 1,8 millones corresponden a tr\u00e1fico internacional, donde tambi\u00e9n experimenta una subida del 2,1 por ciento. En","inLanguage":"es-ES","isPartOf":{"@id":"https:\/\/eldigitaldeasturias.com\/magazine365\/#website"},"breadcrumb":{"@id":"https:\/\/eldigitaldeasturias.com\/magazine365\/los-pasajeros-de-los-aeropuertos-canarios-aumentan-un-28-en-julio\/#breadcrumblist"},"author":{"@id":"https:\/\/eldigitaldeasturias.com\/magazine365\/author\/admin\/#author"},"creator":{"@id":"https:\/\/eldigitaldeasturias.com\/magazine365\/author\/admin\/#author"},"image":{"@type":"ImageObject","url":"https:\/\/eldigitaldeasturias.com\/magazine365\/wp-content\/uploads\/2015\/08\/fotonoticia_20150812125255_800.jpg","@id":"https:\/\/eldigitaldeasturias.com\/magazine365\/los-pasajeros-de-los-aeropuertos-canarios-aumentan-un-28-en-julio\/#mainImage","width":800,"height":506},"primaryImageOfPage":{"@id":"https:\/\/eldigitaldeasturias.com\/magazine365\/los-pasajeros-de-los-aeropuertos-canarios-aumentan-un-28-en-julio\/#mainImage"},"datePublished":"2015-08-12T23:25:33+02:00","dateModified":"2015-08-12T23:25:34+02:00"},{"@type":"WebSite","@id":"https:\/\/eldigitaldeasturias.com\/magazine365\/#website","url":"https:\/\/eldigitaldeasturias.com\/magazine365\/","name":"El Digital de Asturias","description":"Revista de ocio, turismo y estilo de vida","inLanguage":"es-ES","publisher":{"@id":"https:\/\/eldigitaldeasturias.com\/magazine365\/#organization"}}]},"og:locale":"es_ES","og:site_name":"El Digital de Asturias \u2013 Revista de ocio, turismo y estilo de vida","og:type":"article","og:title":"Los pasajeros de los aeropuertos canarios aumentan un 2,8% en julio | El Digital de Asturias","og:description":"Los ocho aeropuertos canarios han registrado 3.026.167 pasajeros en julio, lo que ha supuesto un aumento del 2,8 por ciento respecto al mismo mes del a\u00f1o anterior, seg\u00fan los datos de Aena. As\u00ed, de la cifra total de pasajeros, 1,8 millones corresponden a tr\u00e1fico internacional, donde tambi\u00e9n experimenta una subida del 2,1 por ciento. En","og:url":"https:\/\/eldigitaldeasturias.com\/magazine365\/los-pasajeros-de-los-aeropuertos-canarios-aumentan-un-28-en-julio\/","og:image":"https:\/\/eldigitaldeasturias.com\/magazine365\/wp-content\/uploads\/2015\/08\/fotonoticia_20150812125255_800.jpg","og:image:secure_url":"https:\/\/eldigitaldeasturias.com\/magazine365\/wp-content\/uploads\/2015\/08\/fotonoticia_20150812125255_800.jpg","og:image:width":800,"og:image:height":506,"article:published_time":"2015-08-12T21:25:33+00:00","article:modified_time":"2015-08-12T21:25:34+00:00","twitter:card":"summary_large_image","twitter:title":"Los pasajeros de los aeropuertos canarios aumentan un 2,8% en julio | El Digital de Asturias","twitter:description":"Los ocho aeropuertos canarios han registrado 3.026.167 pasajeros en julio, lo que ha supuesto un aumento del 2,8 por ciento respecto al mismo mes del a\u00f1o anterior, seg\u00fan los datos de Aena. As\u00ed, de la cifra total de pasajeros, 1,8 millones corresponden a tr\u00e1fico internacional, donde tambi\u00e9n experimenta una subida del 2,1 por ciento. En","twitter:image":"https:\/\/eldigitaldeasturias.com\/magazine365\/wp-content\/uploads\/2015\/08\/fotonoticia_20150812125255_800.jpg"},"aioseo_meta_data":{"post_id":"45743","title":null,"description":null,"keywords":null,"keyphrases":null,"primary_term":null,"canonical_url":null,"og_title":null,"og_description":null,"og_object_type":"default","og_image_type":"default","og_image_url":null,"og_image_width":null,"og_image_height":null,"og_image_custom_url":null,"og_image_custom_fields":null,"og_video":null,"og_custom_url":null,"og_article_section":null,"og_article_tags":null,"twitter_use_og":false,"twitter_card":"default","twitter_image_type":"default","twitter_image_url":null,"twitter_image_custom_url":null,"twitter_image_custom_fields":null,"twitter_title":null,"twitter_description":null,"schema":{"blockGraphs":[],"customGraphs":[],"default":{"data":{"Article":[],"Course":[],"Dataset":[],"FAQPage":[],"Movie":[],"Person":[],"Product":[],"ProductReview":[],"Car":[],"Recipe":[],"Service":[],"SoftwareApplication":[],"WebPage":[]},"graphName":"","isEnabled":true},"graphs":[],"defaultGraph":"","defaultPostTypeGraph":""},"schema_type":null,"schema_type_options":null,"pillar_content":false,"robots_default":true,"robots_noindex":false,"robots_noarchive":false,"robots_nosnippet":false,"robots_nofollow":false,"robots_noimageindex":false,"robots_noodp":false,"robots_notranslate":false,"robots_max_snippet":null,"robots_max_videopreview":null,"robots_max_imagepreview":"large","priority":null,"frequency":null,"location":null,"local_seo":null,"seo_analyzer_scan_date":"2025-09-20 00:39:01","breadcrumb_settings":null,"limit_modified_date":false,"open_ai":null,"ai":null,"created":"2021-03-09 01:16:55","updated":"2025-09-20 00:39:01"},"aioseo_breadcrumb":"<div class=\"aioseo-breadcrumbs\"><span class=\"aioseo-breadcrumb\">\n\t<a href=\"https:\/\/eldigitaldeasturias.com\/magazine365\" title=\"Home\">Home<\/a>\n<\/span><span class=\"aioseo-breadcrumb-separator\">\u2013<\/span><span class=\"aioseo-breadcrumb\">\n\t<a href=\"https:\/\/eldigitaldeasturias.com\/magazine365\/category\/noticias-actualidad\/\" title=\"Noticias y Actualidad\">Noticias y Actualidad<\/a>\n<\/span><span class=\"aioseo-breadcrumb-separator\">\u2013<\/span><span class=\"aioseo-breadcrumb\">\n\t<a href=\"https:\/\/eldigitaldeasturias.com\/magazine365\/los-pasajeros-de-los-aeropuertos-canarios-aumentan-un-28-en-julio\/\" title=\"Los pasajeros de los aeropuertos canarios aumentan un 2,8% en julio\">Los pasajeros de los aeropuertos canarios aumentan un 2,8% en julio<\/a>\n<\/span><\/div>","aioseo_breadcrumb_json":[{"label":"Home","link":"https:\/\/eldigitaldeasturias.com\/magazine365"},{"label":"Noticias y Actualidad","link":"https:\/\/eldigitaldeasturias.com\/magazine365\/category\/noticias-actualidad\/"},{"label":"Los pasajeros de los aeropuertos canarios aumentan un 2,8% en julio","link":"https:\/\/eldigitaldeasturias.com\/magazine365\/los-pasajeros-de-los-aeropuertos-canarios-aumentan-un-28-en-julio\/"}],"_links":{"self":[{"href":"https:\/\/eldigitaldeasturias.com\/magazine365\/wp-json\/wp\/v2\/posts\/45743","targetHints":{"allow":["GET"]}}],"collection":[{"href":"https:\/\/eldigitaldeasturias.com\/magazine365\/wp-json\/wp\/v2\/posts"}],"about":[{"href":"https:\/\/eldigitaldeasturias.com\/magazine365\/wp-json\/wp\/v2\/types\/post"}],"author":[{"embeddable":true,"href":"https:\/\/eldigitaldeasturias.com\/magazine365\/wp-json\/wp\/v2\/users\/1"}],"replies":[{"embeddable":true,"href":"https:\/\/eldigitaldeasturias.com\/magazine365\/wp-json\/wp\/v2\/comments?post=45743"}],"version-history":[{"count":0,"href":"https:\/\/eldigitaldeasturias.com\/magazine365\/wp-json\/wp\/v2\/posts\/45743\/revisions"}],"wp:featuredmedia":[{"embeddable":true,"href":"https:\/\/eldigitaldeasturias.com\/magazine365\/wp-json\/wp\/v2\/media\/45744"}],"wp:attachment":[{"href":"https:\/\/eldigitaldeasturias.com\/magazine365\/wp-json\/wp\/v2\/media?parent=45743"}],"wp:term":[{"taxonomy":"category","embeddable":true,"href":"https:\/\/eldigitaldeasturias.com\/magazine365\/wp-json\/wp\/v2\/categories?post=45743"},{"taxonomy":"post_tag","embeddable":true,"href":"https:\/\/eldigitaldeasturias.com\/magazine365\/wp-json\/wp\/v2\/tags?post=45743"}],"curies":[{"name":"wp","href":"https:\/\/api.w.org\/{rel}","templated":true}]}}