{"id":45660,"date":"2015-08-12T01:53:41","date_gmt":"2015-08-11T23:53:41","guid":{"rendered":"http:\/\/eldigitaldeasturias.com\/magazine365\/?p=45660"},"modified":"2015-08-12T01:53:41","modified_gmt":"2015-08-11T23:53:41","slug":"los-hoteles-de-la-costa-blanca-preven-una-ocupacion-superior-al-90-en-agosto","status":"publish","type":"post","link":"https:\/\/eldigitaldeasturias.com\/magazine365\/los-hoteles-de-la-costa-blanca-preven-una-ocupacion-superior-al-90-en-agosto\/","title":{"rendered":"Los hoteles de la Costa Blanca prev\u00e9n una ocupaci\u00f3n superior al 90% en Agosto"},"content":{"rendered":"<p><img fetchpriority=\"high\" decoding=\"async\" class=\"alignleft size-medium wp-image-45661\" src=\"https:\/\/eldigitaldeasturias.com\/magazine365\/wp-content\/uploads\/2015\/08\/fotonoticia_20150811162213_800-360x216.jpg\" alt=\"fotonoticia_20150811162213_800\" width=\"360\" height=\"216\" srcset=\"https:\/\/eldigitaldeasturias.com\/magazine365\/wp-content\/uploads\/2015\/08\/fotonoticia_20150811162213_800-360x216.jpg 360w, https:\/\/eldigitaldeasturias.com\/magazine365\/wp-content\/uploads\/2015\/08\/fotonoticia_20150811162213_800-650x389.jpg 650w, https:\/\/eldigitaldeasturias.com\/magazine365\/wp-content\/uploads\/2015\/08\/fotonoticia_20150811162213_800-768x460.jpg 768w, https:\/\/eldigitaldeasturias.com\/magazine365\/wp-content\/uploads\/2015\/08\/fotonoticia_20150811162213_800-150x90.jpg 150w, https:\/\/eldigitaldeasturias.com\/magazine365\/wp-content\/uploads\/2015\/08\/fotonoticia_20150811162213_800-450x269.jpg 450w, https:\/\/eldigitaldeasturias.com\/magazine365\/wp-content\/uploads\/2015\/08\/fotonoticia_20150811162213_800-696x417.jpg 696w, https:\/\/eldigitaldeasturias.com\/magazine365\/wp-content\/uploads\/2015\/08\/fotonoticia_20150811162213_800-701x420.jpg 701w, https:\/\/eldigitaldeasturias.com\/magazine365\/wp-content\/uploads\/2015\/08\/fotonoticia_20150811162213_800.jpg 800w\" sizes=\"(max-width: 360px) 100vw, 360px\" \/>Los hoteles de la Costa Blanca prev\u00e9n registrar durante este mes de agosto un nivel de ocupaci\u00f3n superior al 90%, \u00abuna cifra que pone de manifiesto la buena situaci\u00f3n que atraviesa actualmente el sector, como confirma el registro alcanzado el pasado mes de julio, que cerr\u00f3 rozando el 87%\u00bb, seg\u00fan ha informado este martes la Diputaci\u00f3n de Alicante en un comunicado.<\/p>\n<p>El presidente de esta instituci\u00f3n, C\u00e9sar S\u00e1nchez, ha considerado \u00abmuy positivos\u00bb estos datos, \u00ablos mejores obtenidos desde el a\u00f1o 2008\u00bb, que han atribuido principalmente a la recuperaci\u00f3n del turismo nacional y al crecimiento de algunos mercados internacionales como el escandinavo. Los resultados del pasado mes de julio se han situado dos puntos por encima de los obtenidos en 2014. Por su parte, el acumulativo del aumento de todo el a\u00f1o ha sido de un 5%, seg\u00fan los datos facilitados por el sector.<\/p>\n<p>\u00abSe trata, sin duda, de unas cifras excelentes, fruto del enorme trabajo que viene realizando el sector tur\u00edstico de la Costa Blanca para ofrecer, cada vez, mejores servicios e instalaciones que hagan m\u00e1s atractivas la oferta de nuestra provincia\u00bb, ha se\u00f1alado el presidente de la Diputaci\u00f3n de Alicante. A esto ha a\u00f1adido la uni\u00f3n de \u00ablas estrategias que est\u00e1 desarrollando el aeropuerto Alicante-Elche para impulsar el crecimiento de pasajeros\u00bb.<\/p>\n<p>En este sentido, seg\u00fan fuentes de Aena, la terminal alicantina ha registrado durante los seis primeros meses del a\u00f1o 4.684.771 pasajeros, un 3,6% m\u00e1s que en el mismo periodo de 2014, mientras que los vuelos crecieron un 2,1% hasta alcanzar 33.326 operaciones. En el mes de junio, se convirti\u00f3 en el quinto aeropuerto del pa\u00eds en tr\u00e1fico de pasajeros.<\/p>\n<p>\u00abVamos a seguir trabajando para favorecer la desestacionalizaci\u00f3n de la demanda y conseguir que los buenos resultados de la campa\u00f1a estival se logren tambi\u00e9n a lo largo de todo el a\u00f1o\u00bb, ha afirmado C\u00e9sar S\u00e1nchez. Asimismo, ha resaltado que la Costa Blanca re\u00fane \u00abtodas las condiciones para ser un destino atractivo durante los 365 d\u00edas del a\u00f1o\u00bb.<\/p>\n<p>\u00abNo en vano, a su excelente climatolog\u00eda y a su oferta de sol y playas e interior, se unen productos complementarios tan significativos como una variada gastronom\u00eda, un rico patrimonio cultural, hist\u00f3rico y natural o una amplia propuesta de actividades deportivas y de ocio\u00bb, ha manifestado al respecto.<\/p>\n","protected":false},"excerpt":{"rendered":"<p>Los hoteles de la Costa Blanca prev\u00e9n registrar durante este mes de agosto un nivel de ocupaci\u00f3n superior al 90%, \u00abuna cifra que pone de manifiesto la buena situaci\u00f3n que atraviesa actualmente el sector, como confirma el registro alcanzado el pasado mes de julio, que cerr\u00f3 rozando el 87%\u00bb, seg\u00fan ha informado este martes la<\/p>\n","protected":false},"author":1,"featured_media":45661,"comment_status":"open","ping_status":"closed","sticky":false,"template":"","format":"standard","meta":{"footnotes":""},"categories":[224],"tags":[],"class_list":{"0":"post-45660","1":"post","2":"type-post","3":"status-publish","4":"format-standard","5":"has-post-thumbnail","7":"category-noticias-actualidad"},"aioseo_notices":[],"aioseo_head":"\n\t\t<!-- All in One SEO Pro 4.9.6.1 - aioseo.com -->\n\t<meta name=\"description\" content=\"Los hoteles de la Costa Blanca prev\u00e9n registrar durante este mes de agosto un nivel de ocupaci\u00f3n superior al 90%, &quot;una cifra que pone de manifiesto la buena situaci\u00f3n que atraviesa actualmente el sector, como confirma el registro alcanzado el pasado mes de julio, que cerr\u00f3 rozando el 87%&quot;, seg\u00fan ha informado este martes la\" \/>\n\t<meta name=\"robots\" content=\"max-image-preview:large\" \/>\n\t<meta name=\"author\" content=\"admin\"\/>\n\t<meta name=\"google-site-verification\" content=\"UA-38556648-1\" \/>\n\t<meta name=\"keywords\" content=\"noticias y actualidad\" \/>\n\t<link rel=\"canonical\" href=\"https:\/\/eldigitaldeasturias.com\/magazine365\/los-hoteles-de-la-costa-blanca-preven-una-ocupacion-superior-al-90-en-agosto\/\" \/>\n\t<meta name=\"generator\" content=\"All in One SEO Pro (AIOSEO) 4.9.6.1\" \/>\n\t\t<meta property=\"og:locale\" content=\"es_ES\" \/>\n\t\t<meta property=\"og:site_name\" content=\"El Digital de Asturias \u2013 Revista de ocio, turismo y estilo de vida\" \/>\n\t\t<meta property=\"og:type\" content=\"article\" \/>\n\t\t<meta property=\"og:title\" content=\"Los hoteles de la Costa Blanca prev\u00e9n una ocupaci\u00f3n superior al 90% en Agosto | El Digital de Asturias\" \/>\n\t\t<meta property=\"og:description\" content=\"Los hoteles de la Costa Blanca prev\u00e9n registrar durante este mes de agosto un nivel de ocupaci\u00f3n superior al 90%, &quot;una cifra que pone de manifiesto la buena situaci\u00f3n que atraviesa actualmente el sector, como confirma el registro alcanzado el pasado mes de julio, que cerr\u00f3 rozando el 87%&quot;, seg\u00fan ha informado este martes la\" \/>\n\t\t<meta property=\"og:url\" content=\"https:\/\/eldigitaldeasturias.com\/magazine365\/los-hoteles-de-la-costa-blanca-preven-una-ocupacion-superior-al-90-en-agosto\/\" \/>\n\t\t<meta property=\"og:image\" content=\"https:\/\/eldigitaldeasturias.com\/magazine365\/wp-content\/uploads\/2015\/08\/fotonoticia_20150811162213_800.jpg\" \/>\n\t\t<meta property=\"og:image:secure_url\" content=\"https:\/\/eldigitaldeasturias.com\/magazine365\/wp-content\/uploads\/2015\/08\/fotonoticia_20150811162213_800.jpg\" \/>\n\t\t<meta property=\"og:image:width\" content=\"800\" \/>\n\t\t<meta property=\"og:image:height\" content=\"479\" \/>\n\t\t<meta property=\"article:published_time\" content=\"2015-08-11T23:53:41+00:00\" \/>\n\t\t<meta property=\"article:modified_time\" content=\"2015-08-11T23:53:41+00:00\" \/>\n\t\t<meta name=\"twitter:card\" content=\"summary_large_image\" \/>\n\t\t<meta name=\"twitter:title\" content=\"Los hoteles de la Costa Blanca prev\u00e9n una ocupaci\u00f3n superior al 90% en Agosto | El Digital de Asturias\" \/>\n\t\t<meta name=\"twitter:description\" content=\"Los hoteles de la Costa Blanca prev\u00e9n registrar durante este mes de agosto un nivel de ocupaci\u00f3n superior al 90%, &quot;una cifra que pone de manifiesto la buena situaci\u00f3n que atraviesa actualmente el sector, como confirma el registro alcanzado el pasado mes de julio, que cerr\u00f3 rozando el 87%&quot;, seg\u00fan ha informado este martes la\" \/>\n\t\t<meta name=\"twitter:image\" content=\"https:\/\/eldigitaldeasturias.com\/magazine365\/wp-content\/uploads\/2015\/08\/fotonoticia_20150811162213_800.jpg\" \/>\n\t\t<script type=\"application\/ld+json\" class=\"aioseo-schema\">\n\t\t\t{\"@context\":\"https:\\\/\\\/schema.org\",\"@graph\":[{\"@type\":\"Article\",\"@id\":\"https:\\\/\\\/eldigitaldeasturias.com\\\/magazine365\\\/los-hoteles-de-la-costa-blanca-preven-una-ocupacion-superior-al-90-en-agosto\\\/#article\",\"name\":\"Los hoteles de la Costa Blanca prev\\u00e9n una ocupaci\\u00f3n superior al 90% en Agosto | El Digital de Asturias\",\"headline\":\"Los hoteles de la Costa Blanca prev\\u00e9n una ocupaci\\u00f3n superior al 90% en Agosto\",\"author\":{\"@id\":\"https:\\\/\\\/eldigitaldeasturias.com\\\/magazine365\\\/author\\\/admin\\\/#author\"},\"publisher\":{\"@id\":\"https:\\\/\\\/eldigitaldeasturias.com\\\/magazine365\\\/#organization\"},\"image\":{\"@type\":\"ImageObject\",\"url\":\"https:\\\/\\\/eldigitaldeasturias.com\\\/magazine365\\\/wp-content\\\/uploads\\\/2015\\\/08\\\/fotonoticia_20150811162213_800.jpg\",\"width\":800,\"height\":479},\"datePublished\":\"2015-08-12T01:53:41+02:00\",\"dateModified\":\"2015-08-12T01:53:41+02:00\",\"inLanguage\":\"es-ES\",\"mainEntityOfPage\":{\"@id\":\"https:\\\/\\\/eldigitaldeasturias.com\\\/magazine365\\\/los-hoteles-de-la-costa-blanca-preven-una-ocupacion-superior-al-90-en-agosto\\\/#webpage\"},\"isPartOf\":{\"@id\":\"https:\\\/\\\/eldigitaldeasturias.com\\\/magazine365\\\/los-hoteles-de-la-costa-blanca-preven-una-ocupacion-superior-al-90-en-agosto\\\/#webpage\"},\"articleSection\":\"Noticias y Actualidad\"},{\"@type\":\"BreadcrumbList\",\"@id\":\"https:\\\/\\\/eldigitaldeasturias.com\\\/magazine365\\\/los-hoteles-de-la-costa-blanca-preven-una-ocupacion-superior-al-90-en-agosto\\\/#breadcrumblist\",\"itemListElement\":[{\"@type\":\"ListItem\",\"@id\":\"https:\\\/\\\/eldigitaldeasturias.com\\\/magazine365#listItem\",\"position\":1,\"name\":\"Home\",\"item\":\"https:\\\/\\\/eldigitaldeasturias.com\\\/magazine365\",\"nextItem\":{\"@type\":\"ListItem\",\"@id\":\"https:\\\/\\\/eldigitaldeasturias.com\\\/magazine365\\\/category\\\/noticias-actualidad\\\/#listItem\",\"name\":\"Noticias y Actualidad\"}},{\"@type\":\"ListItem\",\"@id\":\"https:\\\/\\\/eldigitaldeasturias.com\\\/magazine365\\\/category\\\/noticias-actualidad\\\/#listItem\",\"position\":2,\"name\":\"Noticias y Actualidad\",\"item\":\"https:\\\/\\\/eldigitaldeasturias.com\\\/magazine365\\\/category\\\/noticias-actualidad\\\/\",\"nextItem\":{\"@type\":\"ListItem\",\"@id\":\"https:\\\/\\\/eldigitaldeasturias.com\\\/magazine365\\\/los-hoteles-de-la-costa-blanca-preven-una-ocupacion-superior-al-90-en-agosto\\\/#listItem\",\"name\":\"Los hoteles de la Costa Blanca prev\\u00e9n una ocupaci\\u00f3n superior al 90% en Agosto\"},\"previousItem\":{\"@type\":\"ListItem\",\"@id\":\"https:\\\/\\\/eldigitaldeasturias.com\\\/magazine365#listItem\",\"name\":\"Home\"}},{\"@type\":\"ListItem\",\"@id\":\"https:\\\/\\\/eldigitaldeasturias.com\\\/magazine365\\\/los-hoteles-de-la-costa-blanca-preven-una-ocupacion-superior-al-90-en-agosto\\\/#listItem\",\"position\":3,\"name\":\"Los hoteles de la Costa Blanca prev\\u00e9n una ocupaci\\u00f3n superior al 90% en Agosto\",\"previousItem\":{\"@type\":\"ListItem\",\"@id\":\"https:\\\/\\\/eldigitaldeasturias.com\\\/magazine365\\\/category\\\/noticias-actualidad\\\/#listItem\",\"name\":\"Noticias y Actualidad\"}}]},{\"@type\":\"Organization\",\"@id\":\"https:\\\/\\\/eldigitaldeasturias.com\\\/magazine365\\\/#organization\",\"name\":\"El digital de Asturias\",\"description\":\"Revista de ocio, turismo y estilo de vida\",\"url\":\"https:\\\/\\\/eldigitaldeasturias.com\\\/magazine365\\\/\",\"logo\":{\"@type\":\"ImageObject\",\"url\":\"https:\\\/\\\/www.eldigitaldeasturias.com\\\/noticias\\\/wp-content\\\/uploads\\\/2020\\\/12\\\/EDA.jpg\",\"@id\":\"https:\\\/\\\/eldigitaldeasturias.com\\\/magazine365\\\/los-hoteles-de-la-costa-blanca-preven-una-ocupacion-superior-al-90-en-agosto\\\/#organizationLogo\"},\"image\":{\"@id\":\"https:\\\/\\\/eldigitaldeasturias.com\\\/magazine365\\\/los-hoteles-de-la-costa-blanca-preven-una-ocupacion-superior-al-90-en-agosto\\\/#organizationLogo\"}},{\"@type\":\"Person\",\"@id\":\"https:\\\/\\\/eldigitaldeasturias.com\\\/magazine365\\\/author\\\/admin\\\/#author\",\"url\":\"https:\\\/\\\/eldigitaldeasturias.com\\\/magazine365\\\/author\\\/admin\\\/\",\"name\":\"admin\",\"image\":{\"@type\":\"ImageObject\",\"@id\":\"https:\\\/\\\/eldigitaldeasturias.com\\\/magazine365\\\/los-hoteles-de-la-costa-blanca-preven-una-ocupacion-superior-al-90-en-agosto\\\/#authorImage\",\"url\":\"https:\\\/\\\/eldigitaldeasturias.com\\\/magazine365\\\/wp-content\\\/litespeed\\\/avatar\\\/e571bcf59a0edd6fa6838245a470f2fe.jpg?ver=1777574230\",\"width\":96,\"height\":96,\"caption\":\"admin\"}},{\"@type\":\"WebPage\",\"@id\":\"https:\\\/\\\/eldigitaldeasturias.com\\\/magazine365\\\/los-hoteles-de-la-costa-blanca-preven-una-ocupacion-superior-al-90-en-agosto\\\/#webpage\",\"url\":\"https:\\\/\\\/eldigitaldeasturias.com\\\/magazine365\\\/los-hoteles-de-la-costa-blanca-preven-una-ocupacion-superior-al-90-en-agosto\\\/\",\"name\":\"Los hoteles de la Costa Blanca prev\\u00e9n una ocupaci\\u00f3n superior al 90% en Agosto | El Digital de Asturias\",\"description\":\"Los hoteles de la Costa Blanca prev\\u00e9n registrar durante este mes de agosto un nivel de ocupaci\\u00f3n superior al 90%, \\\"una cifra que pone de manifiesto la buena situaci\\u00f3n que atraviesa actualmente el sector, como confirma el registro alcanzado el pasado mes de julio, que cerr\\u00f3 rozando el 87%\\\", seg\\u00fan ha informado este martes la\",\"inLanguage\":\"es-ES\",\"isPartOf\":{\"@id\":\"https:\\\/\\\/eldigitaldeasturias.com\\\/magazine365\\\/#website\"},\"breadcrumb\":{\"@id\":\"https:\\\/\\\/eldigitaldeasturias.com\\\/magazine365\\\/los-hoteles-de-la-costa-blanca-preven-una-ocupacion-superior-al-90-en-agosto\\\/#breadcrumblist\"},\"author\":{\"@id\":\"https:\\\/\\\/eldigitaldeasturias.com\\\/magazine365\\\/author\\\/admin\\\/#author\"},\"creator\":{\"@id\":\"https:\\\/\\\/eldigitaldeasturias.com\\\/magazine365\\\/author\\\/admin\\\/#author\"},\"image\":{\"@type\":\"ImageObject\",\"url\":\"https:\\\/\\\/eldigitaldeasturias.com\\\/magazine365\\\/wp-content\\\/uploads\\\/2015\\\/08\\\/fotonoticia_20150811162213_800.jpg\",\"@id\":\"https:\\\/\\\/eldigitaldeasturias.com\\\/magazine365\\\/los-hoteles-de-la-costa-blanca-preven-una-ocupacion-superior-al-90-en-agosto\\\/#mainImage\",\"width\":800,\"height\":479},\"primaryImageOfPage\":{\"@id\":\"https:\\\/\\\/eldigitaldeasturias.com\\\/magazine365\\\/los-hoteles-de-la-costa-blanca-preven-una-ocupacion-superior-al-90-en-agosto\\\/#mainImage\"},\"datePublished\":\"2015-08-12T01:53:41+02:00\",\"dateModified\":\"2015-08-12T01:53:41+02:00\"},{\"@type\":\"WebSite\",\"@id\":\"https:\\\/\\\/eldigitaldeasturias.com\\\/magazine365\\\/#website\",\"url\":\"https:\\\/\\\/eldigitaldeasturias.com\\\/magazine365\\\/\",\"name\":\"El Digital de Asturias\",\"description\":\"Revista de ocio, turismo y estilo de vida\",\"inLanguage\":\"es-ES\",\"publisher\":{\"@id\":\"https:\\\/\\\/eldigitaldeasturias.com\\\/magazine365\\\/#organization\"}}]}\n\t\t<\/script>\n\t\t<!-- All in One SEO Pro -->\r\n\t\t<title>Los hoteles de la Costa Blanca prev\u00e9n una ocupaci\u00f3n superior al 90% en Agosto | El Digital de Asturias<\/title>\n\n","aioseo_head_json":{"title":"Los hoteles de la Costa Blanca prev\u00e9n una ocupaci\u00f3n superior al 90% en Agosto | El Digital de Asturias","description":"Los hoteles de la Costa Blanca prev\u00e9n registrar durante este mes de agosto un nivel de ocupaci\u00f3n superior al 90%, \"una cifra que pone de manifiesto la buena situaci\u00f3n que atraviesa actualmente el sector, como confirma el registro alcanzado el pasado mes de julio, que cerr\u00f3 rozando el 87%\", seg\u00fan ha informado este martes la","canonical_url":"https:\/\/eldigitaldeasturias.com\/magazine365\/los-hoteles-de-la-costa-blanca-preven-una-ocupacion-superior-al-90-en-agosto\/","robots":"max-image-preview:large","keywords":"noticias y actualidad","webmasterTools":{"google-site-verification":"UA-38556648-1","miscellaneous":""},"schema":{"@context":"https:\/\/schema.org","@graph":[{"@type":"Article","@id":"https:\/\/eldigitaldeasturias.com\/magazine365\/los-hoteles-de-la-costa-blanca-preven-una-ocupacion-superior-al-90-en-agosto\/#article","name":"Los hoteles de la Costa Blanca prev\u00e9n una ocupaci\u00f3n superior al 90% en Agosto | El Digital de Asturias","headline":"Los hoteles de la Costa Blanca prev\u00e9n una ocupaci\u00f3n superior al 90% en Agosto","author":{"@id":"https:\/\/eldigitaldeasturias.com\/magazine365\/author\/admin\/#author"},"publisher":{"@id":"https:\/\/eldigitaldeasturias.com\/magazine365\/#organization"},"image":{"@type":"ImageObject","url":"https:\/\/eldigitaldeasturias.com\/magazine365\/wp-content\/uploads\/2015\/08\/fotonoticia_20150811162213_800.jpg","width":800,"height":479},"datePublished":"2015-08-12T01:53:41+02:00","dateModified":"2015-08-12T01:53:41+02:00","inLanguage":"es-ES","mainEntityOfPage":{"@id":"https:\/\/eldigitaldeasturias.com\/magazine365\/los-hoteles-de-la-costa-blanca-preven-una-ocupacion-superior-al-90-en-agosto\/#webpage"},"isPartOf":{"@id":"https:\/\/eldigitaldeasturias.com\/magazine365\/los-hoteles-de-la-costa-blanca-preven-una-ocupacion-superior-al-90-en-agosto\/#webpage"},"articleSection":"Noticias y Actualidad"},{"@type":"BreadcrumbList","@id":"https:\/\/eldigitaldeasturias.com\/magazine365\/los-hoteles-de-la-costa-blanca-preven-una-ocupacion-superior-al-90-en-agosto\/#breadcrumblist","itemListElement":[{"@type":"ListItem","@id":"https:\/\/eldigitaldeasturias.com\/magazine365#listItem","position":1,"name":"Home","item":"https:\/\/eldigitaldeasturias.com\/magazine365","nextItem":{"@type":"ListItem","@id":"https:\/\/eldigitaldeasturias.com\/magazine365\/category\/noticias-actualidad\/#listItem","name":"Noticias y Actualidad"}},{"@type":"ListItem","@id":"https:\/\/eldigitaldeasturias.com\/magazine365\/category\/noticias-actualidad\/#listItem","position":2,"name":"Noticias y Actualidad","item":"https:\/\/eldigitaldeasturias.com\/magazine365\/category\/noticias-actualidad\/","nextItem":{"@type":"ListItem","@id":"https:\/\/eldigitaldeasturias.com\/magazine365\/los-hoteles-de-la-costa-blanca-preven-una-ocupacion-superior-al-90-en-agosto\/#listItem","name":"Los hoteles de la Costa Blanca prev\u00e9n una ocupaci\u00f3n superior al 90% en Agosto"},"previousItem":{"@type":"ListItem","@id":"https:\/\/eldigitaldeasturias.com\/magazine365#listItem","name":"Home"}},{"@type":"ListItem","@id":"https:\/\/eldigitaldeasturias.com\/magazine365\/los-hoteles-de-la-costa-blanca-preven-una-ocupacion-superior-al-90-en-agosto\/#listItem","position":3,"name":"Los hoteles de la Costa Blanca prev\u00e9n una ocupaci\u00f3n superior al 90% en Agosto","previousItem":{"@type":"ListItem","@id":"https:\/\/eldigitaldeasturias.com\/magazine365\/category\/noticias-actualidad\/#listItem","name":"Noticias y Actualidad"}}]},{"@type":"Organization","@id":"https:\/\/eldigitaldeasturias.com\/magazine365\/#organization","name":"El digital de Asturias","description":"Revista de ocio, turismo y estilo de vida","url":"https:\/\/eldigitaldeasturias.com\/magazine365\/","logo":{"@type":"ImageObject","url":"https:\/\/www.eldigitaldeasturias.com\/noticias\/wp-content\/uploads\/2020\/12\/EDA.jpg","@id":"https:\/\/eldigitaldeasturias.com\/magazine365\/los-hoteles-de-la-costa-blanca-preven-una-ocupacion-superior-al-90-en-agosto\/#organizationLogo"},"image":{"@id":"https:\/\/eldigitaldeasturias.com\/magazine365\/los-hoteles-de-la-costa-blanca-preven-una-ocupacion-superior-al-90-en-agosto\/#organizationLogo"}},{"@type":"Person","@id":"https:\/\/eldigitaldeasturias.com\/magazine365\/author\/admin\/#author","url":"https:\/\/eldigitaldeasturias.com\/magazine365\/author\/admin\/","name":"admin","image":{"@type":"ImageObject","@id":"https:\/\/eldigitaldeasturias.com\/magazine365\/los-hoteles-de-la-costa-blanca-preven-una-ocupacion-superior-al-90-en-agosto\/#authorImage","url":"https:\/\/eldigitaldeasturias.com\/magazine365\/wp-content\/litespeed\/avatar\/e571bcf59a0edd6fa6838245a470f2fe.jpg?ver=1777574230","width":96,"height":96,"caption":"admin"}},{"@type":"WebPage","@id":"https:\/\/eldigitaldeasturias.com\/magazine365\/los-hoteles-de-la-costa-blanca-preven-una-ocupacion-superior-al-90-en-agosto\/#webpage","url":"https:\/\/eldigitaldeasturias.com\/magazine365\/los-hoteles-de-la-costa-blanca-preven-una-ocupacion-superior-al-90-en-agosto\/","name":"Los hoteles de la Costa Blanca prev\u00e9n una ocupaci\u00f3n superior al 90% en Agosto | El Digital de Asturias","description":"Los hoteles de la Costa Blanca prev\u00e9n registrar durante este mes de agosto un nivel de ocupaci\u00f3n superior al 90%, \"una cifra que pone de manifiesto la buena situaci\u00f3n que atraviesa actualmente el sector, como confirma el registro alcanzado el pasado mes de julio, que cerr\u00f3 rozando el 87%\", seg\u00fan ha informado este martes la","inLanguage":"es-ES","isPartOf":{"@id":"https:\/\/eldigitaldeasturias.com\/magazine365\/#website"},"breadcrumb":{"@id":"https:\/\/eldigitaldeasturias.com\/magazine365\/los-hoteles-de-la-costa-blanca-preven-una-ocupacion-superior-al-90-en-agosto\/#breadcrumblist"},"author":{"@id":"https:\/\/eldigitaldeasturias.com\/magazine365\/author\/admin\/#author"},"creator":{"@id":"https:\/\/eldigitaldeasturias.com\/magazine365\/author\/admin\/#author"},"image":{"@type":"ImageObject","url":"https:\/\/eldigitaldeasturias.com\/magazine365\/wp-content\/uploads\/2015\/08\/fotonoticia_20150811162213_800.jpg","@id":"https:\/\/eldigitaldeasturias.com\/magazine365\/los-hoteles-de-la-costa-blanca-preven-una-ocupacion-superior-al-90-en-agosto\/#mainImage","width":800,"height":479},"primaryImageOfPage":{"@id":"https:\/\/eldigitaldeasturias.com\/magazine365\/los-hoteles-de-la-costa-blanca-preven-una-ocupacion-superior-al-90-en-agosto\/#mainImage"},"datePublished":"2015-08-12T01:53:41+02:00","dateModified":"2015-08-12T01:53:41+02:00"},{"@type":"WebSite","@id":"https:\/\/eldigitaldeasturias.com\/magazine365\/#website","url":"https:\/\/eldigitaldeasturias.com\/magazine365\/","name":"El Digital de Asturias","description":"Revista de ocio, turismo y estilo de vida","inLanguage":"es-ES","publisher":{"@id":"https:\/\/eldigitaldeasturias.com\/magazine365\/#organization"}}]},"og:locale":"es_ES","og:site_name":"El Digital de Asturias \u2013 Revista de ocio, turismo y estilo de vida","og:type":"article","og:title":"Los hoteles de la Costa Blanca prev\u00e9n una ocupaci\u00f3n superior al 90% en Agosto | El Digital de Asturias","og:description":"Los hoteles de la Costa Blanca prev\u00e9n registrar durante este mes de agosto un nivel de ocupaci\u00f3n superior al 90%, &quot;una cifra que pone de manifiesto la buena situaci\u00f3n que atraviesa actualmente el sector, como confirma el registro alcanzado el pasado mes de julio, que cerr\u00f3 rozando el 87%&quot;, seg\u00fan ha informado este martes la","og:url":"https:\/\/eldigitaldeasturias.com\/magazine365\/los-hoteles-de-la-costa-blanca-preven-una-ocupacion-superior-al-90-en-agosto\/","og:image":"https:\/\/eldigitaldeasturias.com\/magazine365\/wp-content\/uploads\/2015\/08\/fotonoticia_20150811162213_800.jpg","og:image:secure_url":"https:\/\/eldigitaldeasturias.com\/magazine365\/wp-content\/uploads\/2015\/08\/fotonoticia_20150811162213_800.jpg","og:image:width":800,"og:image:height":479,"article:published_time":"2015-08-11T23:53:41+00:00","article:modified_time":"2015-08-11T23:53:41+00:00","twitter:card":"summary_large_image","twitter:title":"Los hoteles de la Costa Blanca prev\u00e9n una ocupaci\u00f3n superior al 90% en Agosto | El Digital de Asturias","twitter:description":"Los hoteles de la Costa Blanca prev\u00e9n registrar durante este mes de agosto un nivel de ocupaci\u00f3n superior al 90%, &quot;una cifra que pone de manifiesto la buena situaci\u00f3n que atraviesa actualmente el sector, como confirma el registro alcanzado el pasado mes de julio, que cerr\u00f3 rozando el 87%&quot;, seg\u00fan ha informado este martes la","twitter:image":"https:\/\/eldigitaldeasturias.com\/magazine365\/wp-content\/uploads\/2015\/08\/fotonoticia_20150811162213_800.jpg"},"aioseo_meta_data":{"post_id":"45660","title":null,"description":null,"keywords":null,"keyphrases":null,"primary_term":null,"canonical_url":null,"og_title":null,"og_description":null,"og_object_type":"default","og_image_type":"default","og_image_url":null,"og_image_width":null,"og_image_height":null,"og_image_custom_url":null,"og_image_custom_fields":null,"og_video":null,"og_custom_url":null,"og_article_section":null,"og_article_tags":null,"twitter_use_og":false,"twitter_card":"default","twitter_image_type":"default","twitter_image_url":null,"twitter_image_custom_url":null,"twitter_image_custom_fields":null,"twitter_title":null,"twitter_description":null,"schema":{"blockGraphs":[],"customGraphs":[],"default":{"data":{"Article":[],"Course":[],"Dataset":[],"FAQPage":[],"Movie":[],"Person":[],"Product":[],"ProductReview":[],"Car":[],"Recipe":[],"Service":[],"SoftwareApplication":[],"WebPage":[]},"graphName":"","isEnabled":true},"graphs":[],"defaultGraph":"","defaultPostTypeGraph":""},"schema_type":null,"schema_type_options":null,"pillar_content":false,"robots_default":true,"robots_noindex":false,"robots_noarchive":false,"robots_nosnippet":false,"robots_nofollow":false,"robots_noimageindex":false,"robots_noodp":false,"robots_notranslate":false,"robots_max_snippet":null,"robots_max_videopreview":null,"robots_max_imagepreview":"large","priority":null,"frequency":null,"location":null,"local_seo":null,"seo_analyzer_scan_date":"2025-09-20 00:28:12","breadcrumb_settings":null,"limit_modified_date":false,"open_ai":null,"ai":null,"created":"2021-03-09 01:17:40","updated":"2025-09-20 00:28:12"},"aioseo_breadcrumb":"<div class=\"aioseo-breadcrumbs\"><span class=\"aioseo-breadcrumb\">\n\t<a href=\"https:\/\/eldigitaldeasturias.com\/magazine365\" title=\"Home\">Home<\/a>\n<\/span><span class=\"aioseo-breadcrumb-separator\">\u2013<\/span><span class=\"aioseo-breadcrumb\">\n\t<a href=\"https:\/\/eldigitaldeasturias.com\/magazine365\/category\/noticias-actualidad\/\" title=\"Noticias y Actualidad\">Noticias y Actualidad<\/a>\n<\/span><span class=\"aioseo-breadcrumb-separator\">\u2013<\/span><span class=\"aioseo-breadcrumb\">\n\t<a href=\"https:\/\/eldigitaldeasturias.com\/magazine365\/los-hoteles-de-la-costa-blanca-preven-una-ocupacion-superior-al-90-en-agosto\/\" title=\"Los hoteles de la Costa Blanca prev\u00e9n una ocupaci\u00f3n superior al 90% en Agosto\">Los hoteles de la Costa Blanca prev\u00e9n una ocupaci\u00f3n superior al 90% en Agosto<\/a>\n<\/span><\/div>","aioseo_breadcrumb_json":[{"label":"Home","link":"https:\/\/eldigitaldeasturias.com\/magazine365"},{"label":"Noticias y Actualidad","link":"https:\/\/eldigitaldeasturias.com\/magazine365\/category\/noticias-actualidad\/"},{"label":"Los hoteles de la Costa Blanca prev\u00e9n una ocupaci\u00f3n superior al 90% en Agosto","link":"https:\/\/eldigitaldeasturias.com\/magazine365\/los-hoteles-de-la-costa-blanca-preven-una-ocupacion-superior-al-90-en-agosto\/"}],"_links":{"self":[{"href":"https:\/\/eldigitaldeasturias.com\/magazine365\/wp-json\/wp\/v2\/posts\/45660","targetHints":{"allow":["GET"]}}],"collection":[{"href":"https:\/\/eldigitaldeasturias.com\/magazine365\/wp-json\/wp\/v2\/posts"}],"about":[{"href":"https:\/\/eldigitaldeasturias.com\/magazine365\/wp-json\/wp\/v2\/types\/post"}],"author":[{"embeddable":true,"href":"https:\/\/eldigitaldeasturias.com\/magazine365\/wp-json\/wp\/v2\/users\/1"}],"replies":[{"embeddable":true,"href":"https:\/\/eldigitaldeasturias.com\/magazine365\/wp-json\/wp\/v2\/comments?post=45660"}],"version-history":[{"count":0,"href":"https:\/\/eldigitaldeasturias.com\/magazine365\/wp-json\/wp\/v2\/posts\/45660\/revisions"}],"wp:featuredmedia":[{"embeddable":true,"href":"https:\/\/eldigitaldeasturias.com\/magazine365\/wp-json\/wp\/v2\/media\/45661"}],"wp:attachment":[{"href":"https:\/\/eldigitaldeasturias.com\/magazine365\/wp-json\/wp\/v2\/media?parent=45660"}],"wp:term":[{"taxonomy":"category","embeddable":true,"href":"https:\/\/eldigitaldeasturias.com\/magazine365\/wp-json\/wp\/v2\/categories?post=45660"},{"taxonomy":"post_tag","embeddable":true,"href":"https:\/\/eldigitaldeasturias.com\/magazine365\/wp-json\/wp\/v2\/tags?post=45660"}],"curies":[{"name":"wp","href":"https:\/\/api.w.org\/{rel}","templated":true}]}}