{"id":45654,"date":"2015-08-12T00:35:09","date_gmt":"2015-08-11T22:35:09","guid":{"rendered":"http:\/\/eldigitaldeasturias.com\/magazine365\/?p=45654"},"modified":"2015-08-12T00:35:09","modified_gmt":"2015-08-11T22:35:09","slug":"rajoy-confirma-que-espana-alcanzara-los-68-millones-de-turistas-extranjeros-este-ano","status":"publish","type":"post","link":"https:\/\/eldigitaldeasturias.com\/magazine365\/rajoy-confirma-que-espana-alcanzara-los-68-millones-de-turistas-extranjeros-este-ano\/","title":{"rendered":"Rajoy confirma que Espa\u00f1a alcanzar\u00e1 los 68 millones de turistas extranjeros este a\u00f1o"},"content":{"rendered":"<p><img fetchpriority=\"high\" decoding=\"async\" class=\"alignleft size-medium wp-image-45655\" src=\"https:\/\/eldigitaldeasturias.com\/magazine365\/wp-content\/uploads\/2015\/08\/fotonoticia_20150811152036_800-360x270.jpg\" alt=\"fotonoticia_20150811152036_800\" width=\"360\" height=\"270\" srcset=\"https:\/\/eldigitaldeasturias.com\/magazine365\/wp-content\/uploads\/2015\/08\/fotonoticia_20150811152036_800-360x270.jpg 360w, https:\/\/eldigitaldeasturias.com\/magazine365\/wp-content\/uploads\/2015\/08\/fotonoticia_20150811152036_800-650x488.jpg 650w, https:\/\/eldigitaldeasturias.com\/magazine365\/wp-content\/uploads\/2015\/08\/fotonoticia_20150811152036_800-768x576.jpg 768w, https:\/\/eldigitaldeasturias.com\/magazine365\/wp-content\/uploads\/2015\/08\/fotonoticia_20150811152036_800-150x113.jpg 150w, https:\/\/eldigitaldeasturias.com\/magazine365\/wp-content\/uploads\/2015\/08\/fotonoticia_20150811152036_800-450x338.jpg 450w, https:\/\/eldigitaldeasturias.com\/magazine365\/wp-content\/uploads\/2015\/08\/fotonoticia_20150811152036_800-80x60.jpg 80w, https:\/\/eldigitaldeasturias.com\/magazine365\/wp-content\/uploads\/2015\/08\/fotonoticia_20150811152036_800-265x198.jpg 265w, https:\/\/eldigitaldeasturias.com\/magazine365\/wp-content\/uploads\/2015\/08\/fotonoticia_20150811152036_800-696x522.jpg 696w, https:\/\/eldigitaldeasturias.com\/magazine365\/wp-content\/uploads\/2015\/08\/fotonoticia_20150811152036_800-560x420.jpg 560w, https:\/\/eldigitaldeasturias.com\/magazine365\/wp-content\/uploads\/2015\/08\/fotonoticia_20150811152036_800-90x67.jpg 90w, https:\/\/eldigitaldeasturias.com\/magazine365\/wp-content\/uploads\/2015\/08\/fotonoticia_20150811152036_800-100x75.jpg 100w, https:\/\/eldigitaldeasturias.com\/magazine365\/wp-content\/uploads\/2015\/08\/fotonoticia_20150811152036_800.jpg 800w\" sizes=\"(max-width: 360px) 100vw, 360px\" \/>El presidente del Gobierno, Mariano Rajoy, ha destacado hoy que Espa\u00f1a conseguir\u00e1 alcanzar los 68 millones de turistas internacionales al finalizar el a\u00f1o, seg\u00fan las previsiones que maneja el Ejecutivo, lo que supondr\u00e1 la entrada de 3 millones de visitantes m\u00e1s (+6,2%) que en 2014, que ya fue un a\u00f1o r\u00e9cord para el sector tur\u00edstico.<\/p>\n<p>Las previsiones para el cierre de 2015 del Gobierno confirman las expectativas de los empresarios hoteleros que auguran una buena temporada estival, tras el crecimiento del 5% registrado hasta ahora y que se prev\u00e9 se alargue m\u00e1s all\u00e1 del verano, con un aumento del 3% en los ingresos medios.<\/p>\n<p>Rajoy, que ha visitado la localidad pontevedresa de Mondariz Balneario, ha recordado que durante el primer semestre llegaron a Espa\u00f1a m\u00e1s de 29,2 millones de turistas extranjeros, un 4,2% m\u00e1s que de enero a junio de 2014, marc\u00e1ndose un nuevo r\u00e9cord hist\u00f3rico, seg\u00fan los \u00faltimos datos publicados y a la espera de que se conozca el dato correspondiente al mes de julio.<\/p>\n<p>\u00abSi vienen tantos turistas ser\u00e1 por algo\u00bb, se ha congratulado Rajoy, qui\u00e9n destac\u00f3 las buenas infraestructuras, servicios p\u00fablicos y los atractivos naturales con los que cuenta Espa\u00f1a, segunda potencia tur\u00edstica mundial por ingresos y tercera en llegadas de visitantes, para un sector tur\u00edstico que emplea a m\u00e1s de dos millones de personas en toda Espa\u00f1a, el 12% del empleo total.<\/p>\n<p>Adem\u00e1s, en concreto sobre Galicia ha hecho hincapi\u00e9 en que el n\u00famero de turistas internacionales creci\u00f3 un 19% en el primer semestre del a\u00f1o respecto al mismo periodo del a\u00f1o anterior, al situarse en una cifra superior a los 1,7 millones de visitantes, lo que supone \u00abm\u00e1s que en el a\u00f1o Xacobeo de 2010\u00bb, ha apostillado.<\/p>\n<p>VISITA.<\/p>\n<p>En su visita, Rajoy ha acudido a la sede del Ayuntamiento de Mondariz Balneario, donde ha estado acompa\u00f1ado por el presidente de la Xunta, Alberto N\u00fa\u00f1ez Feij\u00f3o, la ministra de Fomento, Ana Pastor, el presidente del PP provincial, Rafael Louz\u00e1n, y los alcaldes de Arbo, Mos, Combarro, Covelo, A Ca\u00f1iza, Salvaterra, adem\u00e1s del exalcalde de Mondariz, y otros diputados provinciales y miembros del PP.<\/p>\n<p>Tras firmar en el libro de honor del Consistorio, toda la comitiva ha dado un breve paseo fluvial por el r\u00edo Tea y, al llegar a las instalaciones del balneario de Mondariz, ha acudido a la Fuente de G\u00e1ndara, donde ha probado sus aguas mineromedicinales &#8211;el agua que aflora es de lluvias de hace 100 a\u00f1os, que ha estado en acu\u00edferos nutri\u00e9ndose de los minerales&#8211;.<\/p>\n<p>Posteriormente, el presidente del Gobierno ha recorrido unos jardines y ha comparecido ante los medios, donde ha hecho un breve repaso a los inicios de su carrera pol\u00edtica, muy ligada a la provincia de Pontevedra, en la que recorri\u00f3 sus municipios en \u00abinnumerables ocasiones\u00bb como presidente provincial y luego como secretario general del PP en Galicia.<\/p>\n<p>Entre otras cuestiones, Rajoy ha dejado abierta la posibilidad de que durante sus vacaciones visite tambi\u00e9n otro municipio, pues quiere \u00abhablar con la gente\u00bb, a los gallegos y a los miembros de su partido, aunque ha asegurado no poder decir ni el d\u00eda ni el lugar porque est\u00e1 pendiente de las fechas y si finalmente se cierra el acuerdo definitivo con Grecia.<\/p>\n<p>UN PUEBLO EMBLEM\u00c1TICO.<\/p>\n<p>En este contexto, ha destacado que \u00abuno de los pueblos m\u00e1s emblem\u00e1ticos\u00bb de la provincia y del conjunto de Galicia es Mondariz Balneario, que \u00abes el pueblo que tiene menos habitantes de esta provincia, &#8211;pero&#8211; todos muy ilustres\u00bb. \u00abLo cuantitativo no es lo importante, aqu\u00ed lo importante es lo cualitativo\u00bb.<\/p>\n<p>Rajoy, que es amigo personal del alcalde de la localidad, el popular Jos\u00e9 Antonio Lorenzo, ha comentado que este es \u00abun municipio que &#8211;ha&#8211; visto crecer\u00bb y donde se aprecia un \u00absalto adelante ciertamente espectacular\u00bb. El presidente avanz\u00f3 que, tras la visita, \u00e9l y los populares presentes en el acto tendr\u00e1n una reuni\u00f3n \u00abpara ir trabajando un poco de cara a las elecciones generales\u00bb.<\/p>\n<p>Por su parte, el presidente de la Xunta ha incidido en que el de Mondariz es \u00abuno de los mejores balnearios de Espa\u00f1a y una marca\u00bb. \u00abEs una marca de salud, de agua y de turismo\u00bb, ha comentado, antes de reconocer que aunque s\u00f3lo ha visitado la localidad \u00abun par de veces\u00bb, en una de ellas se ba\u00f1\u00f3 en sus aguas, las cuales recomienda.<\/p>\n<p>Finalmente, el alcalde de Mondariz-Balneario, que ha sido el encargado de abrir las intervenciones, ha trasladado que es un \u00aborgullo\u00bb que Rajoy les haya visitado, pues fue uno \u00abde los que empez\u00f3 a ayudar\u00bb para que Balneario de Mondariz pudiera ser lo que es hoy en d\u00eda. \u00abPara ser feliz hay que venir al Balneario de Mondariz, espero que lo sean\u00bb, ha concluido.<\/p>\n","protected":false},"excerpt":{"rendered":"<p>El presidente del Gobierno, Mariano Rajoy, ha destacado hoy que Espa\u00f1a conseguir\u00e1 alcanzar los 68 millones de turistas internacionales al finalizar el a\u00f1o, seg\u00fan las previsiones que maneja el Ejecutivo, lo que supondr\u00e1 la entrada de 3 millones de visitantes m\u00e1s (+6,2%) que en 2014, que ya fue un a\u00f1o r\u00e9cord para el sector tur\u00edstico.<\/p>\n","protected":false},"author":1,"featured_media":45655,"comment_status":"open","ping_status":"closed","sticky":false,"template":"","format":"standard","meta":{"footnotes":""},"categories":[224],"tags":[],"class_list":{"0":"post-45654","1":"post","2":"type-post","3":"status-publish","4":"format-standard","5":"has-post-thumbnail","7":"category-noticias-actualidad"},"aioseo_notices":[],"aioseo_head":"\n\t\t<!-- All in One SEO Pro 4.9.6.1 - aioseo.com -->\n\t<meta name=\"description\" content=\"El presidente del Gobierno, Mariano Rajoy, ha destacado hoy que Espa\u00f1a conseguir\u00e1 alcanzar los 68 millones de turistas internacionales al finalizar el a\u00f1o, seg\u00fan las previsiones que maneja el Ejecutivo, lo que supondr\u00e1 la entrada de 3 millones de visitantes m\u00e1s (+6,2%) que en 2014, que ya fue un a\u00f1o r\u00e9cord para el sector tur\u00edstico.\" \/>\n\t<meta name=\"robots\" content=\"max-image-preview:large\" \/>\n\t<meta name=\"author\" content=\"admin\"\/>\n\t<meta name=\"google-site-verification\" content=\"UA-38556648-1\" \/>\n\t<meta name=\"keywords\" content=\"noticias y actualidad\" \/>\n\t<link rel=\"canonical\" href=\"https:\/\/eldigitaldeasturias.com\/magazine365\/rajoy-confirma-que-espana-alcanzara-los-68-millones-de-turistas-extranjeros-este-ano\/\" \/>\n\t<meta name=\"generator\" content=\"All in One SEO Pro (AIOSEO) 4.9.6.1\" \/>\n\t\t<meta property=\"og:locale\" content=\"es_ES\" \/>\n\t\t<meta property=\"og:site_name\" content=\"El Digital de Asturias \u2013 Revista de ocio, turismo y estilo de vida\" \/>\n\t\t<meta property=\"og:type\" content=\"article\" \/>\n\t\t<meta property=\"og:title\" content=\"Rajoy confirma que Espa\u00f1a alcanzar\u00e1 los 68 millones de turistas extranjeros este a\u00f1o | El Digital de Asturias\" \/>\n\t\t<meta property=\"og:description\" content=\"El presidente del Gobierno, Mariano Rajoy, ha destacado hoy que Espa\u00f1a conseguir\u00e1 alcanzar los 68 millones de turistas internacionales al finalizar el a\u00f1o, seg\u00fan las previsiones que maneja el Ejecutivo, lo que supondr\u00e1 la entrada de 3 millones de visitantes m\u00e1s (+6,2%) que en 2014, que ya fue un a\u00f1o r\u00e9cord para el sector tur\u00edstico.\" \/>\n\t\t<meta property=\"og:url\" content=\"https:\/\/eldigitaldeasturias.com\/magazine365\/rajoy-confirma-que-espana-alcanzara-los-68-millones-de-turistas-extranjeros-este-ano\/\" \/>\n\t\t<meta property=\"og:image\" content=\"https:\/\/eldigitaldeasturias.com\/magazine365\/wp-content\/uploads\/2015\/08\/fotonoticia_20150811152036_800.jpg\" \/>\n\t\t<meta property=\"og:image:secure_url\" content=\"https:\/\/eldigitaldeasturias.com\/magazine365\/wp-content\/uploads\/2015\/08\/fotonoticia_20150811152036_800.jpg\" \/>\n\t\t<meta property=\"og:image:width\" content=\"800\" \/>\n\t\t<meta property=\"og:image:height\" content=\"600\" \/>\n\t\t<meta property=\"article:published_time\" content=\"2015-08-11T22:35:09+00:00\" \/>\n\t\t<meta property=\"article:modified_time\" content=\"2015-08-11T22:35:09+00:00\" \/>\n\t\t<meta name=\"twitter:card\" content=\"summary_large_image\" \/>\n\t\t<meta name=\"twitter:title\" content=\"Rajoy confirma que Espa\u00f1a alcanzar\u00e1 los 68 millones de turistas extranjeros este a\u00f1o | El Digital de Asturias\" \/>\n\t\t<meta name=\"twitter:description\" content=\"El presidente del Gobierno, Mariano Rajoy, ha destacado hoy que Espa\u00f1a conseguir\u00e1 alcanzar los 68 millones de turistas internacionales al finalizar el a\u00f1o, seg\u00fan las previsiones que maneja el Ejecutivo, lo que supondr\u00e1 la entrada de 3 millones de visitantes m\u00e1s (+6,2%) que en 2014, que ya fue un a\u00f1o r\u00e9cord para el sector tur\u00edstico.\" \/>\n\t\t<meta name=\"twitter:image\" content=\"https:\/\/eldigitaldeasturias.com\/magazine365\/wp-content\/uploads\/2015\/08\/fotonoticia_20150811152036_800.jpg\" \/>\n\t\t<script type=\"application\/ld+json\" class=\"aioseo-schema\">\n\t\t\t{\"@context\":\"https:\\\/\\\/schema.org\",\"@graph\":[{\"@type\":\"Article\",\"@id\":\"https:\\\/\\\/eldigitaldeasturias.com\\\/magazine365\\\/rajoy-confirma-que-espana-alcanzara-los-68-millones-de-turistas-extranjeros-este-ano\\\/#article\",\"name\":\"Rajoy confirma que Espa\\u00f1a alcanzar\\u00e1 los 68 millones de turistas extranjeros este a\\u00f1o | El Digital de Asturias\",\"headline\":\"Rajoy confirma que Espa\\u00f1a alcanzar\\u00e1 los 68 millones de turistas extranjeros este a\\u00f1o\",\"author\":{\"@id\":\"https:\\\/\\\/eldigitaldeasturias.com\\\/magazine365\\\/author\\\/admin\\\/#author\"},\"publisher\":{\"@id\":\"https:\\\/\\\/eldigitaldeasturias.com\\\/magazine365\\\/#organization\"},\"image\":{\"@type\":\"ImageObject\",\"url\":\"https:\\\/\\\/eldigitaldeasturias.com\\\/magazine365\\\/wp-content\\\/uploads\\\/2015\\\/08\\\/fotonoticia_20150811152036_800.jpg\",\"width\":800,\"height\":600},\"datePublished\":\"2015-08-12T00:35:09+02:00\",\"dateModified\":\"2015-08-12T00:35:09+02:00\",\"inLanguage\":\"es-ES\",\"mainEntityOfPage\":{\"@id\":\"https:\\\/\\\/eldigitaldeasturias.com\\\/magazine365\\\/rajoy-confirma-que-espana-alcanzara-los-68-millones-de-turistas-extranjeros-este-ano\\\/#webpage\"},\"isPartOf\":{\"@id\":\"https:\\\/\\\/eldigitaldeasturias.com\\\/magazine365\\\/rajoy-confirma-que-espana-alcanzara-los-68-millones-de-turistas-extranjeros-este-ano\\\/#webpage\"},\"articleSection\":\"Noticias y Actualidad\"},{\"@type\":\"BreadcrumbList\",\"@id\":\"https:\\\/\\\/eldigitaldeasturias.com\\\/magazine365\\\/rajoy-confirma-que-espana-alcanzara-los-68-millones-de-turistas-extranjeros-este-ano\\\/#breadcrumblist\",\"itemListElement\":[{\"@type\":\"ListItem\",\"@id\":\"https:\\\/\\\/eldigitaldeasturias.com\\\/magazine365#listItem\",\"position\":1,\"name\":\"Home\",\"item\":\"https:\\\/\\\/eldigitaldeasturias.com\\\/magazine365\",\"nextItem\":{\"@type\":\"ListItem\",\"@id\":\"https:\\\/\\\/eldigitaldeasturias.com\\\/magazine365\\\/category\\\/noticias-actualidad\\\/#listItem\",\"name\":\"Noticias y Actualidad\"}},{\"@type\":\"ListItem\",\"@id\":\"https:\\\/\\\/eldigitaldeasturias.com\\\/magazine365\\\/category\\\/noticias-actualidad\\\/#listItem\",\"position\":2,\"name\":\"Noticias y Actualidad\",\"item\":\"https:\\\/\\\/eldigitaldeasturias.com\\\/magazine365\\\/category\\\/noticias-actualidad\\\/\",\"nextItem\":{\"@type\":\"ListItem\",\"@id\":\"https:\\\/\\\/eldigitaldeasturias.com\\\/magazine365\\\/rajoy-confirma-que-espana-alcanzara-los-68-millones-de-turistas-extranjeros-este-ano\\\/#listItem\",\"name\":\"Rajoy confirma que Espa\\u00f1a alcanzar\\u00e1 los 68 millones de turistas extranjeros este a\\u00f1o\"},\"previousItem\":{\"@type\":\"ListItem\",\"@id\":\"https:\\\/\\\/eldigitaldeasturias.com\\\/magazine365#listItem\",\"name\":\"Home\"}},{\"@type\":\"ListItem\",\"@id\":\"https:\\\/\\\/eldigitaldeasturias.com\\\/magazine365\\\/rajoy-confirma-que-espana-alcanzara-los-68-millones-de-turistas-extranjeros-este-ano\\\/#listItem\",\"position\":3,\"name\":\"Rajoy confirma que Espa\\u00f1a alcanzar\\u00e1 los 68 millones de turistas extranjeros este a\\u00f1o\",\"previousItem\":{\"@type\":\"ListItem\",\"@id\":\"https:\\\/\\\/eldigitaldeasturias.com\\\/magazine365\\\/category\\\/noticias-actualidad\\\/#listItem\",\"name\":\"Noticias y Actualidad\"}}]},{\"@type\":\"Organization\",\"@id\":\"https:\\\/\\\/eldigitaldeasturias.com\\\/magazine365\\\/#organization\",\"name\":\"El digital de Asturias\",\"description\":\"Revista de ocio, turismo y estilo de vida\",\"url\":\"https:\\\/\\\/eldigitaldeasturias.com\\\/magazine365\\\/\",\"logo\":{\"@type\":\"ImageObject\",\"url\":\"https:\\\/\\\/www.eldigitaldeasturias.com\\\/noticias\\\/wp-content\\\/uploads\\\/2020\\\/12\\\/EDA.jpg\",\"@id\":\"https:\\\/\\\/eldigitaldeasturias.com\\\/magazine365\\\/rajoy-confirma-que-espana-alcanzara-los-68-millones-de-turistas-extranjeros-este-ano\\\/#organizationLogo\"},\"image\":{\"@id\":\"https:\\\/\\\/eldigitaldeasturias.com\\\/magazine365\\\/rajoy-confirma-que-espana-alcanzara-los-68-millones-de-turistas-extranjeros-este-ano\\\/#organizationLogo\"}},{\"@type\":\"Person\",\"@id\":\"https:\\\/\\\/eldigitaldeasturias.com\\\/magazine365\\\/author\\\/admin\\\/#author\",\"url\":\"https:\\\/\\\/eldigitaldeasturias.com\\\/magazine365\\\/author\\\/admin\\\/\",\"name\":\"admin\",\"image\":{\"@type\":\"ImageObject\",\"@id\":\"https:\\\/\\\/eldigitaldeasturias.com\\\/magazine365\\\/rajoy-confirma-que-espana-alcanzara-los-68-millones-de-turistas-extranjeros-este-ano\\\/#authorImage\",\"url\":\"https:\\\/\\\/eldigitaldeasturias.com\\\/magazine365\\\/wp-content\\\/litespeed\\\/avatar\\\/e571bcf59a0edd6fa6838245a470f2fe.jpg?ver=1777574230\",\"width\":96,\"height\":96,\"caption\":\"admin\"}},{\"@type\":\"WebPage\",\"@id\":\"https:\\\/\\\/eldigitaldeasturias.com\\\/magazine365\\\/rajoy-confirma-que-espana-alcanzara-los-68-millones-de-turistas-extranjeros-este-ano\\\/#webpage\",\"url\":\"https:\\\/\\\/eldigitaldeasturias.com\\\/magazine365\\\/rajoy-confirma-que-espana-alcanzara-los-68-millones-de-turistas-extranjeros-este-ano\\\/\",\"name\":\"Rajoy confirma que Espa\\u00f1a alcanzar\\u00e1 los 68 millones de turistas extranjeros este a\\u00f1o | El Digital de Asturias\",\"description\":\"El presidente del Gobierno, Mariano Rajoy, ha destacado hoy que Espa\\u00f1a conseguir\\u00e1 alcanzar los 68 millones de turistas internacionales al finalizar el a\\u00f1o, seg\\u00fan las previsiones que maneja el Ejecutivo, lo que supondr\\u00e1 la entrada de 3 millones de visitantes m\\u00e1s (+6,2%) que en 2014, que ya fue un a\\u00f1o r\\u00e9cord para el sector tur\\u00edstico.\",\"inLanguage\":\"es-ES\",\"isPartOf\":{\"@id\":\"https:\\\/\\\/eldigitaldeasturias.com\\\/magazine365\\\/#website\"},\"breadcrumb\":{\"@id\":\"https:\\\/\\\/eldigitaldeasturias.com\\\/magazine365\\\/rajoy-confirma-que-espana-alcanzara-los-68-millones-de-turistas-extranjeros-este-ano\\\/#breadcrumblist\"},\"author\":{\"@id\":\"https:\\\/\\\/eldigitaldeasturias.com\\\/magazine365\\\/author\\\/admin\\\/#author\"},\"creator\":{\"@id\":\"https:\\\/\\\/eldigitaldeasturias.com\\\/magazine365\\\/author\\\/admin\\\/#author\"},\"image\":{\"@type\":\"ImageObject\",\"url\":\"https:\\\/\\\/eldigitaldeasturias.com\\\/magazine365\\\/wp-content\\\/uploads\\\/2015\\\/08\\\/fotonoticia_20150811152036_800.jpg\",\"@id\":\"https:\\\/\\\/eldigitaldeasturias.com\\\/magazine365\\\/rajoy-confirma-que-espana-alcanzara-los-68-millones-de-turistas-extranjeros-este-ano\\\/#mainImage\",\"width\":800,\"height\":600},\"primaryImageOfPage\":{\"@id\":\"https:\\\/\\\/eldigitaldeasturias.com\\\/magazine365\\\/rajoy-confirma-que-espana-alcanzara-los-68-millones-de-turistas-extranjeros-este-ano\\\/#mainImage\"},\"datePublished\":\"2015-08-12T00:35:09+02:00\",\"dateModified\":\"2015-08-12T00:35:09+02:00\"},{\"@type\":\"WebSite\",\"@id\":\"https:\\\/\\\/eldigitaldeasturias.com\\\/magazine365\\\/#website\",\"url\":\"https:\\\/\\\/eldigitaldeasturias.com\\\/magazine365\\\/\",\"name\":\"El Digital de Asturias\",\"description\":\"Revista de ocio, turismo y estilo de vida\",\"inLanguage\":\"es-ES\",\"publisher\":{\"@id\":\"https:\\\/\\\/eldigitaldeasturias.com\\\/magazine365\\\/#organization\"}}]}\n\t\t<\/script>\n\t\t<!-- All in One SEO Pro -->\r\n\t\t<title>Rajoy confirma que Espa\u00f1a alcanzar\u00e1 los 68 millones de turistas extranjeros este a\u00f1o | El Digital de Asturias<\/title>\n\n","aioseo_head_json":{"title":"Rajoy confirma que Espa\u00f1a alcanzar\u00e1 los 68 millones de turistas extranjeros este a\u00f1o | El Digital de Asturias","description":"El presidente del Gobierno, Mariano Rajoy, ha destacado hoy que Espa\u00f1a conseguir\u00e1 alcanzar los 68 millones de turistas internacionales al finalizar el a\u00f1o, seg\u00fan las previsiones que maneja el Ejecutivo, lo que supondr\u00e1 la entrada de 3 millones de visitantes m\u00e1s (+6,2%) que en 2014, que ya fue un a\u00f1o r\u00e9cord para el sector tur\u00edstico.","canonical_url":"https:\/\/eldigitaldeasturias.com\/magazine365\/rajoy-confirma-que-espana-alcanzara-los-68-millones-de-turistas-extranjeros-este-ano\/","robots":"max-image-preview:large","keywords":"noticias y actualidad","webmasterTools":{"google-site-verification":"UA-38556648-1","miscellaneous":""},"schema":{"@context":"https:\/\/schema.org","@graph":[{"@type":"Article","@id":"https:\/\/eldigitaldeasturias.com\/magazine365\/rajoy-confirma-que-espana-alcanzara-los-68-millones-de-turistas-extranjeros-este-ano\/#article","name":"Rajoy confirma que Espa\u00f1a alcanzar\u00e1 los 68 millones de turistas extranjeros este a\u00f1o | El Digital de Asturias","headline":"Rajoy confirma que Espa\u00f1a alcanzar\u00e1 los 68 millones de turistas extranjeros este a\u00f1o","author":{"@id":"https:\/\/eldigitaldeasturias.com\/magazine365\/author\/admin\/#author"},"publisher":{"@id":"https:\/\/eldigitaldeasturias.com\/magazine365\/#organization"},"image":{"@type":"ImageObject","url":"https:\/\/eldigitaldeasturias.com\/magazine365\/wp-content\/uploads\/2015\/08\/fotonoticia_20150811152036_800.jpg","width":800,"height":600},"datePublished":"2015-08-12T00:35:09+02:00","dateModified":"2015-08-12T00:35:09+02:00","inLanguage":"es-ES","mainEntityOfPage":{"@id":"https:\/\/eldigitaldeasturias.com\/magazine365\/rajoy-confirma-que-espana-alcanzara-los-68-millones-de-turistas-extranjeros-este-ano\/#webpage"},"isPartOf":{"@id":"https:\/\/eldigitaldeasturias.com\/magazine365\/rajoy-confirma-que-espana-alcanzara-los-68-millones-de-turistas-extranjeros-este-ano\/#webpage"},"articleSection":"Noticias y Actualidad"},{"@type":"BreadcrumbList","@id":"https:\/\/eldigitaldeasturias.com\/magazine365\/rajoy-confirma-que-espana-alcanzara-los-68-millones-de-turistas-extranjeros-este-ano\/#breadcrumblist","itemListElement":[{"@type":"ListItem","@id":"https:\/\/eldigitaldeasturias.com\/magazine365#listItem","position":1,"name":"Home","item":"https:\/\/eldigitaldeasturias.com\/magazine365","nextItem":{"@type":"ListItem","@id":"https:\/\/eldigitaldeasturias.com\/magazine365\/category\/noticias-actualidad\/#listItem","name":"Noticias y Actualidad"}},{"@type":"ListItem","@id":"https:\/\/eldigitaldeasturias.com\/magazine365\/category\/noticias-actualidad\/#listItem","position":2,"name":"Noticias y Actualidad","item":"https:\/\/eldigitaldeasturias.com\/magazine365\/category\/noticias-actualidad\/","nextItem":{"@type":"ListItem","@id":"https:\/\/eldigitaldeasturias.com\/magazine365\/rajoy-confirma-que-espana-alcanzara-los-68-millones-de-turistas-extranjeros-este-ano\/#listItem","name":"Rajoy confirma que Espa\u00f1a alcanzar\u00e1 los 68 millones de turistas extranjeros este a\u00f1o"},"previousItem":{"@type":"ListItem","@id":"https:\/\/eldigitaldeasturias.com\/magazine365#listItem","name":"Home"}},{"@type":"ListItem","@id":"https:\/\/eldigitaldeasturias.com\/magazine365\/rajoy-confirma-que-espana-alcanzara-los-68-millones-de-turistas-extranjeros-este-ano\/#listItem","position":3,"name":"Rajoy confirma que Espa\u00f1a alcanzar\u00e1 los 68 millones de turistas extranjeros este a\u00f1o","previousItem":{"@type":"ListItem","@id":"https:\/\/eldigitaldeasturias.com\/magazine365\/category\/noticias-actualidad\/#listItem","name":"Noticias y Actualidad"}}]},{"@type":"Organization","@id":"https:\/\/eldigitaldeasturias.com\/magazine365\/#organization","name":"El digital de Asturias","description":"Revista de ocio, turismo y estilo de vida","url":"https:\/\/eldigitaldeasturias.com\/magazine365\/","logo":{"@type":"ImageObject","url":"https:\/\/www.eldigitaldeasturias.com\/noticias\/wp-content\/uploads\/2020\/12\/EDA.jpg","@id":"https:\/\/eldigitaldeasturias.com\/magazine365\/rajoy-confirma-que-espana-alcanzara-los-68-millones-de-turistas-extranjeros-este-ano\/#organizationLogo"},"image":{"@id":"https:\/\/eldigitaldeasturias.com\/magazine365\/rajoy-confirma-que-espana-alcanzara-los-68-millones-de-turistas-extranjeros-este-ano\/#organizationLogo"}},{"@type":"Person","@id":"https:\/\/eldigitaldeasturias.com\/magazine365\/author\/admin\/#author","url":"https:\/\/eldigitaldeasturias.com\/magazine365\/author\/admin\/","name":"admin","image":{"@type":"ImageObject","@id":"https:\/\/eldigitaldeasturias.com\/magazine365\/rajoy-confirma-que-espana-alcanzara-los-68-millones-de-turistas-extranjeros-este-ano\/#authorImage","url":"https:\/\/eldigitaldeasturias.com\/magazine365\/wp-content\/litespeed\/avatar\/e571bcf59a0edd6fa6838245a470f2fe.jpg?ver=1777574230","width":96,"height":96,"caption":"admin"}},{"@type":"WebPage","@id":"https:\/\/eldigitaldeasturias.com\/magazine365\/rajoy-confirma-que-espana-alcanzara-los-68-millones-de-turistas-extranjeros-este-ano\/#webpage","url":"https:\/\/eldigitaldeasturias.com\/magazine365\/rajoy-confirma-que-espana-alcanzara-los-68-millones-de-turistas-extranjeros-este-ano\/","name":"Rajoy confirma que Espa\u00f1a alcanzar\u00e1 los 68 millones de turistas extranjeros este a\u00f1o | El Digital de Asturias","description":"El presidente del Gobierno, Mariano Rajoy, ha destacado hoy que Espa\u00f1a conseguir\u00e1 alcanzar los 68 millones de turistas internacionales al finalizar el a\u00f1o, seg\u00fan las previsiones que maneja el Ejecutivo, lo que supondr\u00e1 la entrada de 3 millones de visitantes m\u00e1s (+6,2%) que en 2014, que ya fue un a\u00f1o r\u00e9cord para el sector tur\u00edstico.","inLanguage":"es-ES","isPartOf":{"@id":"https:\/\/eldigitaldeasturias.com\/magazine365\/#website"},"breadcrumb":{"@id":"https:\/\/eldigitaldeasturias.com\/magazine365\/rajoy-confirma-que-espana-alcanzara-los-68-millones-de-turistas-extranjeros-este-ano\/#breadcrumblist"},"author":{"@id":"https:\/\/eldigitaldeasturias.com\/magazine365\/author\/admin\/#author"},"creator":{"@id":"https:\/\/eldigitaldeasturias.com\/magazine365\/author\/admin\/#author"},"image":{"@type":"ImageObject","url":"https:\/\/eldigitaldeasturias.com\/magazine365\/wp-content\/uploads\/2015\/08\/fotonoticia_20150811152036_800.jpg","@id":"https:\/\/eldigitaldeasturias.com\/magazine365\/rajoy-confirma-que-espana-alcanzara-los-68-millones-de-turistas-extranjeros-este-ano\/#mainImage","width":800,"height":600},"primaryImageOfPage":{"@id":"https:\/\/eldigitaldeasturias.com\/magazine365\/rajoy-confirma-que-espana-alcanzara-los-68-millones-de-turistas-extranjeros-este-ano\/#mainImage"},"datePublished":"2015-08-12T00:35:09+02:00","dateModified":"2015-08-12T00:35:09+02:00"},{"@type":"WebSite","@id":"https:\/\/eldigitaldeasturias.com\/magazine365\/#website","url":"https:\/\/eldigitaldeasturias.com\/magazine365\/","name":"El Digital de Asturias","description":"Revista de ocio, turismo y estilo de vida","inLanguage":"es-ES","publisher":{"@id":"https:\/\/eldigitaldeasturias.com\/magazine365\/#organization"}}]},"og:locale":"es_ES","og:site_name":"El Digital de Asturias \u2013 Revista de ocio, turismo y estilo de vida","og:type":"article","og:title":"Rajoy confirma que Espa\u00f1a alcanzar\u00e1 los 68 millones de turistas extranjeros este a\u00f1o | El Digital de Asturias","og:description":"El presidente del Gobierno, Mariano Rajoy, ha destacado hoy que Espa\u00f1a conseguir\u00e1 alcanzar los 68 millones de turistas internacionales al finalizar el a\u00f1o, seg\u00fan las previsiones que maneja el Ejecutivo, lo que supondr\u00e1 la entrada de 3 millones de visitantes m\u00e1s (+6,2%) que en 2014, que ya fue un a\u00f1o r\u00e9cord para el sector tur\u00edstico.","og:url":"https:\/\/eldigitaldeasturias.com\/magazine365\/rajoy-confirma-que-espana-alcanzara-los-68-millones-de-turistas-extranjeros-este-ano\/","og:image":"https:\/\/eldigitaldeasturias.com\/magazine365\/wp-content\/uploads\/2015\/08\/fotonoticia_20150811152036_800.jpg","og:image:secure_url":"https:\/\/eldigitaldeasturias.com\/magazine365\/wp-content\/uploads\/2015\/08\/fotonoticia_20150811152036_800.jpg","og:image:width":800,"og:image:height":600,"article:published_time":"2015-08-11T22:35:09+00:00","article:modified_time":"2015-08-11T22:35:09+00:00","twitter:card":"summary_large_image","twitter:title":"Rajoy confirma que Espa\u00f1a alcanzar\u00e1 los 68 millones de turistas extranjeros este a\u00f1o | El Digital de Asturias","twitter:description":"El presidente del Gobierno, Mariano Rajoy, ha destacado hoy que Espa\u00f1a conseguir\u00e1 alcanzar los 68 millones de turistas internacionales al finalizar el a\u00f1o, seg\u00fan las previsiones que maneja el Ejecutivo, lo que supondr\u00e1 la entrada de 3 millones de visitantes m\u00e1s (+6,2%) que en 2014, que ya fue un a\u00f1o r\u00e9cord para el sector tur\u00edstico.","twitter:image":"https:\/\/eldigitaldeasturias.com\/magazine365\/wp-content\/uploads\/2015\/08\/fotonoticia_20150811152036_800.jpg"},"aioseo_meta_data":{"post_id":"45654","title":null,"description":null,"keywords":null,"keyphrases":null,"primary_term":null,"canonical_url":null,"og_title":null,"og_description":null,"og_object_type":"default","og_image_type":"default","og_image_url":null,"og_image_width":null,"og_image_height":null,"og_image_custom_url":null,"og_image_custom_fields":null,"og_video":null,"og_custom_url":null,"og_article_section":null,"og_article_tags":null,"twitter_use_og":false,"twitter_card":"default","twitter_image_type":"default","twitter_image_url":null,"twitter_image_custom_url":null,"twitter_image_custom_fields":null,"twitter_title":null,"twitter_description":null,"schema":{"blockGraphs":[],"customGraphs":[],"default":{"data":{"Article":[],"Course":[],"Dataset":[],"FAQPage":[],"Movie":[],"Person":[],"Product":[],"ProductReview":[],"Car":[],"Recipe":[],"Service":[],"SoftwareApplication":[],"WebPage":[]},"graphName":"","isEnabled":true},"graphs":[]},"schema_type":null,"schema_type_options":null,"pillar_content":false,"robots_default":true,"robots_noindex":false,"robots_noarchive":false,"robots_nosnippet":false,"robots_nofollow":false,"robots_noimageindex":false,"robots_noodp":false,"robots_notranslate":false,"robots_max_snippet":null,"robots_max_videopreview":null,"robots_max_imagepreview":"large","priority":null,"frequency":null,"location":null,"local_seo":null,"seo_analyzer_scan_date":"2025-09-20 00:28:08","breadcrumb_settings":null,"limit_modified_date":false,"open_ai":null,"ai":null,"created":"2021-03-09 01:17:40","updated":"2025-09-20 00:28:08"},"aioseo_breadcrumb":"<div class=\"aioseo-breadcrumbs\"><span class=\"aioseo-breadcrumb\">\n\t<a href=\"https:\/\/eldigitaldeasturias.com\/magazine365\" title=\"Home\">Home<\/a>\n<\/span><span class=\"aioseo-breadcrumb-separator\">\u2013<\/span><span class=\"aioseo-breadcrumb\">\n\t<a href=\"https:\/\/eldigitaldeasturias.com\/magazine365\/category\/noticias-actualidad\/\" title=\"Noticias y Actualidad\">Noticias y Actualidad<\/a>\n<\/span><span class=\"aioseo-breadcrumb-separator\">\u2013<\/span><span class=\"aioseo-breadcrumb\">\n\t<a href=\"https:\/\/eldigitaldeasturias.com\/magazine365\/rajoy-confirma-que-espana-alcanzara-los-68-millones-de-turistas-extranjeros-este-ano\/\" title=\"Rajoy confirma que Espa\u00f1a alcanzar\u00e1 los 68 millones de turistas extranjeros este a\u00f1o\">Rajoy confirma que Espa\u00f1a alcanzar\u00e1 los 68 millones de turistas extranjeros este a\u00f1o<\/a>\n<\/span><\/div>","aioseo_breadcrumb_json":[{"label":"Home","link":"https:\/\/eldigitaldeasturias.com\/magazine365"},{"label":"Noticias y Actualidad","link":"https:\/\/eldigitaldeasturias.com\/magazine365\/category\/noticias-actualidad\/"},{"label":"Rajoy confirma que Espa\u00f1a alcanzar\u00e1 los 68 millones de turistas extranjeros este a\u00f1o","link":"https:\/\/eldigitaldeasturias.com\/magazine365\/rajoy-confirma-que-espana-alcanzara-los-68-millones-de-turistas-extranjeros-este-ano\/"}],"_links":{"self":[{"href":"https:\/\/eldigitaldeasturias.com\/magazine365\/wp-json\/wp\/v2\/posts\/45654","targetHints":{"allow":["GET"]}}],"collection":[{"href":"https:\/\/eldigitaldeasturias.com\/magazine365\/wp-json\/wp\/v2\/posts"}],"about":[{"href":"https:\/\/eldigitaldeasturias.com\/magazine365\/wp-json\/wp\/v2\/types\/post"}],"author":[{"embeddable":true,"href":"https:\/\/eldigitaldeasturias.com\/magazine365\/wp-json\/wp\/v2\/users\/1"}],"replies":[{"embeddable":true,"href":"https:\/\/eldigitaldeasturias.com\/magazine365\/wp-json\/wp\/v2\/comments?post=45654"}],"version-history":[{"count":0,"href":"https:\/\/eldigitaldeasturias.com\/magazine365\/wp-json\/wp\/v2\/posts\/45654\/revisions"}],"wp:featuredmedia":[{"embeddable":true,"href":"https:\/\/eldigitaldeasturias.com\/magazine365\/wp-json\/wp\/v2\/media\/45655"}],"wp:attachment":[{"href":"https:\/\/eldigitaldeasturias.com\/magazine365\/wp-json\/wp\/v2\/media?parent=45654"}],"wp:term":[{"taxonomy":"category","embeddable":true,"href":"https:\/\/eldigitaldeasturias.com\/magazine365\/wp-json\/wp\/v2\/categories?post=45654"},{"taxonomy":"post_tag","embeddable":true,"href":"https:\/\/eldigitaldeasturias.com\/magazine365\/wp-json\/wp\/v2\/tags?post=45654"}],"curies":[{"name":"wp","href":"https:\/\/api.w.org\/{rel}","templated":true}]}}