{"id":45648,"date":"2015-08-12T00:27:51","date_gmt":"2015-08-11T22:27:51","guid":{"rendered":"http:\/\/eldigitaldeasturias.com\/magazine365\/?p=45648"},"modified":"2015-08-12T00:27:51","modified_gmt":"2015-08-11T22:27:51","slug":"angel-tomas-godoy-aboga-por-incentivar-el-turismo-de-congresos-en-cuenca","status":"publish","type":"post","link":"https:\/\/eldigitaldeasturias.com\/magazine365\/angel-tomas-godoy-aboga-por-incentivar-el-turismo-de-congresos-en-cuenca\/","title":{"rendered":"\u00c1ngel Tom\u00e1s Godoy aboga por incentivar el turismo de congresos en Cuenca"},"content":{"rendered":"<p><img fetchpriority=\"high\" decoding=\"async\" class=\"alignleft size-medium wp-image-45649\" src=\"https:\/\/eldigitaldeasturias.com\/magazine365\/wp-content\/uploads\/2015\/08\/fotonoticia_20150811150847_800-360x270.jpg\" alt=\"fotonoticia_20150811150847_800\" width=\"360\" height=\"270\" srcset=\"https:\/\/eldigitaldeasturias.com\/magazine365\/wp-content\/uploads\/2015\/08\/fotonoticia_20150811150847_800-360x270.jpg 360w, https:\/\/eldigitaldeasturias.com\/magazine365\/wp-content\/uploads\/2015\/08\/fotonoticia_20150811150847_800-650x488.jpg 650w, https:\/\/eldigitaldeasturias.com\/magazine365\/wp-content\/uploads\/2015\/08\/fotonoticia_20150811150847_800-768x576.jpg 768w, https:\/\/eldigitaldeasturias.com\/magazine365\/wp-content\/uploads\/2015\/08\/fotonoticia_20150811150847_800-150x113.jpg 150w, https:\/\/eldigitaldeasturias.com\/magazine365\/wp-content\/uploads\/2015\/08\/fotonoticia_20150811150847_800-450x338.jpg 450w, https:\/\/eldigitaldeasturias.com\/magazine365\/wp-content\/uploads\/2015\/08\/fotonoticia_20150811150847_800-80x60.jpg 80w, https:\/\/eldigitaldeasturias.com\/magazine365\/wp-content\/uploads\/2015\/08\/fotonoticia_20150811150847_800-265x198.jpg 265w, https:\/\/eldigitaldeasturias.com\/magazine365\/wp-content\/uploads\/2015\/08\/fotonoticia_20150811150847_800-696x522.jpg 696w, https:\/\/eldigitaldeasturias.com\/magazine365\/wp-content\/uploads\/2015\/08\/fotonoticia_20150811150847_800-560x420.jpg 560w, https:\/\/eldigitaldeasturias.com\/magazine365\/wp-content\/uploads\/2015\/08\/fotonoticia_20150811150847_800-90x67.jpg 90w, https:\/\/eldigitaldeasturias.com\/magazine365\/wp-content\/uploads\/2015\/08\/fotonoticia_20150811150847_800-100x75.jpg 100w, https:\/\/eldigitaldeasturias.com\/magazine365\/wp-content\/uploads\/2015\/08\/fotonoticia_20150811150847_800.jpg 800w\" sizes=\"(max-width: 360px) 100vw, 360px\" \/>El delegado de la Junta en Cuenca, \u00c1ngel Tom\u00e1s Godoy, ha abogado por incentivar el turismo de congresos en la provincia, \u00abya que se trata de un turismo altamente rentable, que contribuye a romper la estacionalidad del mercado y que tiene un alto valor a\u00f1adido al tratarse de eventos destinados generalmente al intercambio de conocimientos cient\u00edficos o profesionales\u00bb.<\/p>\n<p>Godoy se ha mostrado convencido de que Cuenca, una provincia bien comunicada con capitales como Madrid y Valencia, con un rico patrimonio cultural y natural o un \u00edndice de seguridad ciudadana elevado, \u00abes el tipo de destino que las empresas dedicadas a la organizaci\u00f3n de congresos y encuentros profesionales buscan, por lo que ha abogado por aprovechar esa oportunidad\u00bb, ha informado la Junta en nota de prensa.<\/p>\n<p>El representante del Gobierno de Castilla-La Mancha en Cuenca ha hecho estas declaraciones tras reunirse con el doctor Gregorio Gonzalo, presidente del Comit\u00e9 Organizador del Congreso &#8216;Gesti\u00f3n y Promoci\u00f3n de la Salud Integral y Universitaria&#8217; que se celebrar\u00e1 en Cuenca en octubre, en colaboraci\u00f3n de la Facultad de Educaci\u00f3n de Cuenca y el Centro de Estudios Sociosanitarios de la UCLM.<\/p>\n<p>El delegado de la Junta ha destacado la importancia de este evento, organizado por las asociaciones espa\u00f1ola e iberoamericana de Medicina y Salud Escolar y Universitaria, y durante el cual se van a celebrar el XI Congreso Internacional en Medicina y Salud Escolar. Asimismo, se premiar\u00e1n los mejores trabajos cient\u00edficos en este \u00e1mbito y se aprobar\u00e1 la Carta de los Derechos y Deberes de los Escolares.<\/p>\n<p>Por esa raz\u00f3n se ha interesado por el programa y se ha mostrado dispuesto a colaborar en que este encuentro cient\u00edfico de car\u00e1cter internacional sea un \u00e9xito. De hecho, est\u00e1 previsto que el consejero de Sanidad, Jes\u00fas Fern\u00e1ndez, lo inaugure.<\/p>\n","protected":false},"excerpt":{"rendered":"<p>El delegado de la Junta en Cuenca, \u00c1ngel Tom\u00e1s Godoy, ha abogado por incentivar el turismo de congresos en la provincia, \u00abya que se trata de un turismo altamente rentable, que contribuye a romper la estacionalidad del mercado y que tiene un alto valor a\u00f1adido al tratarse de eventos destinados generalmente al intercambio de conocimientos<\/p>\n","protected":false},"author":1,"featured_media":45649,"comment_status":"open","ping_status":"closed","sticky":false,"template":"","format":"standard","meta":{"footnotes":""},"categories":[224],"tags":[],"class_list":{"0":"post-45648","1":"post","2":"type-post","3":"status-publish","4":"format-standard","5":"has-post-thumbnail","7":"category-noticias-actualidad"},"aioseo_notices":[],"aioseo_head":"\n\t\t<!-- All in One SEO Pro 4.9.6.1 - aioseo.com -->\n\t<meta name=\"description\" content=\"El delegado de la Junta en Cuenca, \u00c1ngel Tom\u00e1s Godoy, ha abogado por incentivar el turismo de congresos en la provincia, &quot;ya que se trata de un turismo altamente rentable, que contribuye a romper la estacionalidad del mercado y que tiene un alto valor a\u00f1adido al tratarse de eventos destinados generalmente al intercambio de conocimientos\" \/>\n\t<meta name=\"robots\" content=\"max-image-preview:large\" \/>\n\t<meta name=\"author\" content=\"admin\"\/>\n\t<meta name=\"google-site-verification\" content=\"UA-38556648-1\" \/>\n\t<meta name=\"keywords\" content=\"noticias y actualidad\" \/>\n\t<link rel=\"canonical\" href=\"https:\/\/eldigitaldeasturias.com\/magazine365\/angel-tomas-godoy-aboga-por-incentivar-el-turismo-de-congresos-en-cuenca\/\" \/>\n\t<meta name=\"generator\" content=\"All in One SEO Pro (AIOSEO) 4.9.6.1\" \/>\n\t\t<meta property=\"og:locale\" content=\"es_ES\" \/>\n\t\t<meta property=\"og:site_name\" content=\"El Digital de Asturias \u2013 Revista de ocio, turismo y estilo de vida\" \/>\n\t\t<meta property=\"og:type\" content=\"article\" \/>\n\t\t<meta property=\"og:title\" content=\"\u00c1ngel Tom\u00e1s Godoy aboga por incentivar el turismo de congresos en Cuenca | El Digital de Asturias\" \/>\n\t\t<meta property=\"og:description\" content=\"El delegado de la Junta en Cuenca, \u00c1ngel Tom\u00e1s Godoy, ha abogado por incentivar el turismo de congresos en la provincia, &quot;ya que se trata de un turismo altamente rentable, que contribuye a romper la estacionalidad del mercado y que tiene un alto valor a\u00f1adido al tratarse de eventos destinados generalmente al intercambio de conocimientos\" \/>\n\t\t<meta property=\"og:url\" content=\"https:\/\/eldigitaldeasturias.com\/magazine365\/angel-tomas-godoy-aboga-por-incentivar-el-turismo-de-congresos-en-cuenca\/\" \/>\n\t\t<meta property=\"og:image\" content=\"https:\/\/eldigitaldeasturias.com\/magazine365\/wp-content\/uploads\/2015\/08\/fotonoticia_20150811150847_800.jpg\" \/>\n\t\t<meta property=\"og:image:secure_url\" content=\"https:\/\/eldigitaldeasturias.com\/magazine365\/wp-content\/uploads\/2015\/08\/fotonoticia_20150811150847_800.jpg\" \/>\n\t\t<meta property=\"og:image:width\" content=\"800\" \/>\n\t\t<meta property=\"og:image:height\" content=\"600\" \/>\n\t\t<meta property=\"article:published_time\" content=\"2015-08-11T22:27:51+00:00\" \/>\n\t\t<meta property=\"article:modified_time\" content=\"2015-08-11T22:27:51+00:00\" \/>\n\t\t<meta name=\"twitter:card\" content=\"summary_large_image\" \/>\n\t\t<meta name=\"twitter:title\" content=\"\u00c1ngel Tom\u00e1s Godoy aboga por incentivar el turismo de congresos en Cuenca | El Digital de Asturias\" \/>\n\t\t<meta name=\"twitter:description\" content=\"El delegado de la Junta en Cuenca, \u00c1ngel Tom\u00e1s Godoy, ha abogado por incentivar el turismo de congresos en la provincia, &quot;ya que se trata de un turismo altamente rentable, que contribuye a romper la estacionalidad del mercado y que tiene un alto valor a\u00f1adido al tratarse de eventos destinados generalmente al intercambio de conocimientos\" \/>\n\t\t<meta name=\"twitter:image\" content=\"https:\/\/eldigitaldeasturias.com\/magazine365\/wp-content\/uploads\/2015\/08\/fotonoticia_20150811150847_800.jpg\" \/>\n\t\t<script type=\"application\/ld+json\" class=\"aioseo-schema\">\n\t\t\t{\"@context\":\"https:\\\/\\\/schema.org\",\"@graph\":[{\"@type\":\"Article\",\"@id\":\"https:\\\/\\\/eldigitaldeasturias.com\\\/magazine365\\\/angel-tomas-godoy-aboga-por-incentivar-el-turismo-de-congresos-en-cuenca\\\/#article\",\"name\":\"\\u00c1ngel Tom\\u00e1s Godoy aboga por incentivar el turismo de congresos en Cuenca | El Digital de Asturias\",\"headline\":\"\\u00c1ngel Tom\\u00e1s Godoy aboga por incentivar el turismo de congresos en Cuenca\",\"author\":{\"@id\":\"https:\\\/\\\/eldigitaldeasturias.com\\\/magazine365\\\/author\\\/admin\\\/#author\"},\"publisher\":{\"@id\":\"https:\\\/\\\/eldigitaldeasturias.com\\\/magazine365\\\/#organization\"},\"image\":{\"@type\":\"ImageObject\",\"url\":\"https:\\\/\\\/eldigitaldeasturias.com\\\/magazine365\\\/wp-content\\\/uploads\\\/2015\\\/08\\\/fotonoticia_20150811150847_800.jpg\",\"width\":800,\"height\":600},\"datePublished\":\"2015-08-12T00:27:51+02:00\",\"dateModified\":\"2015-08-12T00:27:51+02:00\",\"inLanguage\":\"es-ES\",\"mainEntityOfPage\":{\"@id\":\"https:\\\/\\\/eldigitaldeasturias.com\\\/magazine365\\\/angel-tomas-godoy-aboga-por-incentivar-el-turismo-de-congresos-en-cuenca\\\/#webpage\"},\"isPartOf\":{\"@id\":\"https:\\\/\\\/eldigitaldeasturias.com\\\/magazine365\\\/angel-tomas-godoy-aboga-por-incentivar-el-turismo-de-congresos-en-cuenca\\\/#webpage\"},\"articleSection\":\"Noticias y Actualidad\"},{\"@type\":\"BreadcrumbList\",\"@id\":\"https:\\\/\\\/eldigitaldeasturias.com\\\/magazine365\\\/angel-tomas-godoy-aboga-por-incentivar-el-turismo-de-congresos-en-cuenca\\\/#breadcrumblist\",\"itemListElement\":[{\"@type\":\"ListItem\",\"@id\":\"https:\\\/\\\/eldigitaldeasturias.com\\\/magazine365#listItem\",\"position\":1,\"name\":\"Home\",\"item\":\"https:\\\/\\\/eldigitaldeasturias.com\\\/magazine365\",\"nextItem\":{\"@type\":\"ListItem\",\"@id\":\"https:\\\/\\\/eldigitaldeasturias.com\\\/magazine365\\\/category\\\/noticias-actualidad\\\/#listItem\",\"name\":\"Noticias y Actualidad\"}},{\"@type\":\"ListItem\",\"@id\":\"https:\\\/\\\/eldigitaldeasturias.com\\\/magazine365\\\/category\\\/noticias-actualidad\\\/#listItem\",\"position\":2,\"name\":\"Noticias y Actualidad\",\"item\":\"https:\\\/\\\/eldigitaldeasturias.com\\\/magazine365\\\/category\\\/noticias-actualidad\\\/\",\"nextItem\":{\"@type\":\"ListItem\",\"@id\":\"https:\\\/\\\/eldigitaldeasturias.com\\\/magazine365\\\/angel-tomas-godoy-aboga-por-incentivar-el-turismo-de-congresos-en-cuenca\\\/#listItem\",\"name\":\"\\u00c1ngel Tom\\u00e1s Godoy aboga por incentivar el turismo de congresos en Cuenca\"},\"previousItem\":{\"@type\":\"ListItem\",\"@id\":\"https:\\\/\\\/eldigitaldeasturias.com\\\/magazine365#listItem\",\"name\":\"Home\"}},{\"@type\":\"ListItem\",\"@id\":\"https:\\\/\\\/eldigitaldeasturias.com\\\/magazine365\\\/angel-tomas-godoy-aboga-por-incentivar-el-turismo-de-congresos-en-cuenca\\\/#listItem\",\"position\":3,\"name\":\"\\u00c1ngel Tom\\u00e1s Godoy aboga por incentivar el turismo de congresos en Cuenca\",\"previousItem\":{\"@type\":\"ListItem\",\"@id\":\"https:\\\/\\\/eldigitaldeasturias.com\\\/magazine365\\\/category\\\/noticias-actualidad\\\/#listItem\",\"name\":\"Noticias y Actualidad\"}}]},{\"@type\":\"Organization\",\"@id\":\"https:\\\/\\\/eldigitaldeasturias.com\\\/magazine365\\\/#organization\",\"name\":\"El digital de Asturias\",\"description\":\"Revista de ocio, turismo y estilo de vida\",\"url\":\"https:\\\/\\\/eldigitaldeasturias.com\\\/magazine365\\\/\",\"logo\":{\"@type\":\"ImageObject\",\"url\":\"https:\\\/\\\/www.eldigitaldeasturias.com\\\/noticias\\\/wp-content\\\/uploads\\\/2020\\\/12\\\/EDA.jpg\",\"@id\":\"https:\\\/\\\/eldigitaldeasturias.com\\\/magazine365\\\/angel-tomas-godoy-aboga-por-incentivar-el-turismo-de-congresos-en-cuenca\\\/#organizationLogo\"},\"image\":{\"@id\":\"https:\\\/\\\/eldigitaldeasturias.com\\\/magazine365\\\/angel-tomas-godoy-aboga-por-incentivar-el-turismo-de-congresos-en-cuenca\\\/#organizationLogo\"}},{\"@type\":\"Person\",\"@id\":\"https:\\\/\\\/eldigitaldeasturias.com\\\/magazine365\\\/author\\\/admin\\\/#author\",\"url\":\"https:\\\/\\\/eldigitaldeasturias.com\\\/magazine365\\\/author\\\/admin\\\/\",\"name\":\"admin\",\"image\":{\"@type\":\"ImageObject\",\"@id\":\"https:\\\/\\\/eldigitaldeasturias.com\\\/magazine365\\\/angel-tomas-godoy-aboga-por-incentivar-el-turismo-de-congresos-en-cuenca\\\/#authorImage\",\"url\":\"https:\\\/\\\/eldigitaldeasturias.com\\\/magazine365\\\/wp-content\\\/litespeed\\\/avatar\\\/e571bcf59a0edd6fa6838245a470f2fe.jpg?ver=1777574230\",\"width\":96,\"height\":96,\"caption\":\"admin\"}},{\"@type\":\"WebPage\",\"@id\":\"https:\\\/\\\/eldigitaldeasturias.com\\\/magazine365\\\/angel-tomas-godoy-aboga-por-incentivar-el-turismo-de-congresos-en-cuenca\\\/#webpage\",\"url\":\"https:\\\/\\\/eldigitaldeasturias.com\\\/magazine365\\\/angel-tomas-godoy-aboga-por-incentivar-el-turismo-de-congresos-en-cuenca\\\/\",\"name\":\"\\u00c1ngel Tom\\u00e1s Godoy aboga por incentivar el turismo de congresos en Cuenca | El Digital de Asturias\",\"description\":\"El delegado de la Junta en Cuenca, \\u00c1ngel Tom\\u00e1s Godoy, ha abogado por incentivar el turismo de congresos en la provincia, \\\"ya que se trata de un turismo altamente rentable, que contribuye a romper la estacionalidad del mercado y que tiene un alto valor a\\u00f1adido al tratarse de eventos destinados generalmente al intercambio de conocimientos\",\"inLanguage\":\"es-ES\",\"isPartOf\":{\"@id\":\"https:\\\/\\\/eldigitaldeasturias.com\\\/magazine365\\\/#website\"},\"breadcrumb\":{\"@id\":\"https:\\\/\\\/eldigitaldeasturias.com\\\/magazine365\\\/angel-tomas-godoy-aboga-por-incentivar-el-turismo-de-congresos-en-cuenca\\\/#breadcrumblist\"},\"author\":{\"@id\":\"https:\\\/\\\/eldigitaldeasturias.com\\\/magazine365\\\/author\\\/admin\\\/#author\"},\"creator\":{\"@id\":\"https:\\\/\\\/eldigitaldeasturias.com\\\/magazine365\\\/author\\\/admin\\\/#author\"},\"image\":{\"@type\":\"ImageObject\",\"url\":\"https:\\\/\\\/eldigitaldeasturias.com\\\/magazine365\\\/wp-content\\\/uploads\\\/2015\\\/08\\\/fotonoticia_20150811150847_800.jpg\",\"@id\":\"https:\\\/\\\/eldigitaldeasturias.com\\\/magazine365\\\/angel-tomas-godoy-aboga-por-incentivar-el-turismo-de-congresos-en-cuenca\\\/#mainImage\",\"width\":800,\"height\":600},\"primaryImageOfPage\":{\"@id\":\"https:\\\/\\\/eldigitaldeasturias.com\\\/magazine365\\\/angel-tomas-godoy-aboga-por-incentivar-el-turismo-de-congresos-en-cuenca\\\/#mainImage\"},\"datePublished\":\"2015-08-12T00:27:51+02:00\",\"dateModified\":\"2015-08-12T00:27:51+02:00\"},{\"@type\":\"WebSite\",\"@id\":\"https:\\\/\\\/eldigitaldeasturias.com\\\/magazine365\\\/#website\",\"url\":\"https:\\\/\\\/eldigitaldeasturias.com\\\/magazine365\\\/\",\"name\":\"El Digital de Asturias\",\"description\":\"Revista de ocio, turismo y estilo de vida\",\"inLanguage\":\"es-ES\",\"publisher\":{\"@id\":\"https:\\\/\\\/eldigitaldeasturias.com\\\/magazine365\\\/#organization\"}}]}\n\t\t<\/script>\n\t\t<!-- All in One SEO Pro -->\r\n\t\t<title>\u00c1ngel Tom\u00e1s Godoy aboga por incentivar el turismo de congresos en Cuenca | El Digital de Asturias<\/title>\n\n","aioseo_head_json":{"title":"\u00c1ngel Tom\u00e1s Godoy aboga por incentivar el turismo de congresos en Cuenca | El Digital de Asturias","description":"El delegado de la Junta en Cuenca, \u00c1ngel Tom\u00e1s Godoy, ha abogado por incentivar el turismo de congresos en la provincia, \"ya que se trata de un turismo altamente rentable, que contribuye a romper la estacionalidad del mercado y que tiene un alto valor a\u00f1adido al tratarse de eventos destinados generalmente al intercambio de conocimientos","canonical_url":"https:\/\/eldigitaldeasturias.com\/magazine365\/angel-tomas-godoy-aboga-por-incentivar-el-turismo-de-congresos-en-cuenca\/","robots":"max-image-preview:large","keywords":"noticias y actualidad","webmasterTools":{"google-site-verification":"UA-38556648-1","miscellaneous":""},"schema":{"@context":"https:\/\/schema.org","@graph":[{"@type":"Article","@id":"https:\/\/eldigitaldeasturias.com\/magazine365\/angel-tomas-godoy-aboga-por-incentivar-el-turismo-de-congresos-en-cuenca\/#article","name":"\u00c1ngel Tom\u00e1s Godoy aboga por incentivar el turismo de congresos en Cuenca | El Digital de Asturias","headline":"\u00c1ngel Tom\u00e1s Godoy aboga por incentivar el turismo de congresos en Cuenca","author":{"@id":"https:\/\/eldigitaldeasturias.com\/magazine365\/author\/admin\/#author"},"publisher":{"@id":"https:\/\/eldigitaldeasturias.com\/magazine365\/#organization"},"image":{"@type":"ImageObject","url":"https:\/\/eldigitaldeasturias.com\/magazine365\/wp-content\/uploads\/2015\/08\/fotonoticia_20150811150847_800.jpg","width":800,"height":600},"datePublished":"2015-08-12T00:27:51+02:00","dateModified":"2015-08-12T00:27:51+02:00","inLanguage":"es-ES","mainEntityOfPage":{"@id":"https:\/\/eldigitaldeasturias.com\/magazine365\/angel-tomas-godoy-aboga-por-incentivar-el-turismo-de-congresos-en-cuenca\/#webpage"},"isPartOf":{"@id":"https:\/\/eldigitaldeasturias.com\/magazine365\/angel-tomas-godoy-aboga-por-incentivar-el-turismo-de-congresos-en-cuenca\/#webpage"},"articleSection":"Noticias y Actualidad"},{"@type":"BreadcrumbList","@id":"https:\/\/eldigitaldeasturias.com\/magazine365\/angel-tomas-godoy-aboga-por-incentivar-el-turismo-de-congresos-en-cuenca\/#breadcrumblist","itemListElement":[{"@type":"ListItem","@id":"https:\/\/eldigitaldeasturias.com\/magazine365#listItem","position":1,"name":"Home","item":"https:\/\/eldigitaldeasturias.com\/magazine365","nextItem":{"@type":"ListItem","@id":"https:\/\/eldigitaldeasturias.com\/magazine365\/category\/noticias-actualidad\/#listItem","name":"Noticias y Actualidad"}},{"@type":"ListItem","@id":"https:\/\/eldigitaldeasturias.com\/magazine365\/category\/noticias-actualidad\/#listItem","position":2,"name":"Noticias y Actualidad","item":"https:\/\/eldigitaldeasturias.com\/magazine365\/category\/noticias-actualidad\/","nextItem":{"@type":"ListItem","@id":"https:\/\/eldigitaldeasturias.com\/magazine365\/angel-tomas-godoy-aboga-por-incentivar-el-turismo-de-congresos-en-cuenca\/#listItem","name":"\u00c1ngel Tom\u00e1s Godoy aboga por incentivar el turismo de congresos en Cuenca"},"previousItem":{"@type":"ListItem","@id":"https:\/\/eldigitaldeasturias.com\/magazine365#listItem","name":"Home"}},{"@type":"ListItem","@id":"https:\/\/eldigitaldeasturias.com\/magazine365\/angel-tomas-godoy-aboga-por-incentivar-el-turismo-de-congresos-en-cuenca\/#listItem","position":3,"name":"\u00c1ngel Tom\u00e1s Godoy aboga por incentivar el turismo de congresos en Cuenca","previousItem":{"@type":"ListItem","@id":"https:\/\/eldigitaldeasturias.com\/magazine365\/category\/noticias-actualidad\/#listItem","name":"Noticias y Actualidad"}}]},{"@type":"Organization","@id":"https:\/\/eldigitaldeasturias.com\/magazine365\/#organization","name":"El digital de Asturias","description":"Revista de ocio, turismo y estilo de vida","url":"https:\/\/eldigitaldeasturias.com\/magazine365\/","logo":{"@type":"ImageObject","url":"https:\/\/www.eldigitaldeasturias.com\/noticias\/wp-content\/uploads\/2020\/12\/EDA.jpg","@id":"https:\/\/eldigitaldeasturias.com\/magazine365\/angel-tomas-godoy-aboga-por-incentivar-el-turismo-de-congresos-en-cuenca\/#organizationLogo"},"image":{"@id":"https:\/\/eldigitaldeasturias.com\/magazine365\/angel-tomas-godoy-aboga-por-incentivar-el-turismo-de-congresos-en-cuenca\/#organizationLogo"}},{"@type":"Person","@id":"https:\/\/eldigitaldeasturias.com\/magazine365\/author\/admin\/#author","url":"https:\/\/eldigitaldeasturias.com\/magazine365\/author\/admin\/","name":"admin","image":{"@type":"ImageObject","@id":"https:\/\/eldigitaldeasturias.com\/magazine365\/angel-tomas-godoy-aboga-por-incentivar-el-turismo-de-congresos-en-cuenca\/#authorImage","url":"https:\/\/eldigitaldeasturias.com\/magazine365\/wp-content\/litespeed\/avatar\/e571bcf59a0edd6fa6838245a470f2fe.jpg?ver=1777574230","width":96,"height":96,"caption":"admin"}},{"@type":"WebPage","@id":"https:\/\/eldigitaldeasturias.com\/magazine365\/angel-tomas-godoy-aboga-por-incentivar-el-turismo-de-congresos-en-cuenca\/#webpage","url":"https:\/\/eldigitaldeasturias.com\/magazine365\/angel-tomas-godoy-aboga-por-incentivar-el-turismo-de-congresos-en-cuenca\/","name":"\u00c1ngel Tom\u00e1s Godoy aboga por incentivar el turismo de congresos en Cuenca | El Digital de Asturias","description":"El delegado de la Junta en Cuenca, \u00c1ngel Tom\u00e1s Godoy, ha abogado por incentivar el turismo de congresos en la provincia, \"ya que se trata de un turismo altamente rentable, que contribuye a romper la estacionalidad del mercado y que tiene un alto valor a\u00f1adido al tratarse de eventos destinados generalmente al intercambio de conocimientos","inLanguage":"es-ES","isPartOf":{"@id":"https:\/\/eldigitaldeasturias.com\/magazine365\/#website"},"breadcrumb":{"@id":"https:\/\/eldigitaldeasturias.com\/magazine365\/angel-tomas-godoy-aboga-por-incentivar-el-turismo-de-congresos-en-cuenca\/#breadcrumblist"},"author":{"@id":"https:\/\/eldigitaldeasturias.com\/magazine365\/author\/admin\/#author"},"creator":{"@id":"https:\/\/eldigitaldeasturias.com\/magazine365\/author\/admin\/#author"},"image":{"@type":"ImageObject","url":"https:\/\/eldigitaldeasturias.com\/magazine365\/wp-content\/uploads\/2015\/08\/fotonoticia_20150811150847_800.jpg","@id":"https:\/\/eldigitaldeasturias.com\/magazine365\/angel-tomas-godoy-aboga-por-incentivar-el-turismo-de-congresos-en-cuenca\/#mainImage","width":800,"height":600},"primaryImageOfPage":{"@id":"https:\/\/eldigitaldeasturias.com\/magazine365\/angel-tomas-godoy-aboga-por-incentivar-el-turismo-de-congresos-en-cuenca\/#mainImage"},"datePublished":"2015-08-12T00:27:51+02:00","dateModified":"2015-08-12T00:27:51+02:00"},{"@type":"WebSite","@id":"https:\/\/eldigitaldeasturias.com\/magazine365\/#website","url":"https:\/\/eldigitaldeasturias.com\/magazine365\/","name":"El Digital de Asturias","description":"Revista de ocio, turismo y estilo de vida","inLanguage":"es-ES","publisher":{"@id":"https:\/\/eldigitaldeasturias.com\/magazine365\/#organization"}}]},"og:locale":"es_ES","og:site_name":"El Digital de Asturias \u2013 Revista de ocio, turismo y estilo de vida","og:type":"article","og:title":"\u00c1ngel Tom\u00e1s Godoy aboga por incentivar el turismo de congresos en Cuenca | El Digital de Asturias","og:description":"El delegado de la Junta en Cuenca, \u00c1ngel Tom\u00e1s Godoy, ha abogado por incentivar el turismo de congresos en la provincia, &quot;ya que se trata de un turismo altamente rentable, que contribuye a romper la estacionalidad del mercado y que tiene un alto valor a\u00f1adido al tratarse de eventos destinados generalmente al intercambio de conocimientos","og:url":"https:\/\/eldigitaldeasturias.com\/magazine365\/angel-tomas-godoy-aboga-por-incentivar-el-turismo-de-congresos-en-cuenca\/","og:image":"https:\/\/eldigitaldeasturias.com\/magazine365\/wp-content\/uploads\/2015\/08\/fotonoticia_20150811150847_800.jpg","og:image:secure_url":"https:\/\/eldigitaldeasturias.com\/magazine365\/wp-content\/uploads\/2015\/08\/fotonoticia_20150811150847_800.jpg","og:image:width":800,"og:image:height":600,"article:published_time":"2015-08-11T22:27:51+00:00","article:modified_time":"2015-08-11T22:27:51+00:00","twitter:card":"summary_large_image","twitter:title":"\u00c1ngel Tom\u00e1s Godoy aboga por incentivar el turismo de congresos en Cuenca | El Digital de Asturias","twitter:description":"El delegado de la Junta en Cuenca, \u00c1ngel Tom\u00e1s Godoy, ha abogado por incentivar el turismo de congresos en la provincia, &quot;ya que se trata de un turismo altamente rentable, que contribuye a romper la estacionalidad del mercado y que tiene un alto valor a\u00f1adido al tratarse de eventos destinados generalmente al intercambio de conocimientos","twitter:image":"https:\/\/eldigitaldeasturias.com\/magazine365\/wp-content\/uploads\/2015\/08\/fotonoticia_20150811150847_800.jpg"},"aioseo_meta_data":{"post_id":"45648","title":null,"description":null,"keywords":null,"keyphrases":null,"primary_term":null,"canonical_url":null,"og_title":null,"og_description":null,"og_object_type":"default","og_image_type":"default","og_image_url":null,"og_image_width":null,"og_image_height":null,"og_image_custom_url":null,"og_image_custom_fields":null,"og_video":null,"og_custom_url":null,"og_article_section":null,"og_article_tags":null,"twitter_use_og":false,"twitter_card":"default","twitter_image_type":"default","twitter_image_url":null,"twitter_image_custom_url":null,"twitter_image_custom_fields":null,"twitter_title":null,"twitter_description":null,"schema":{"blockGraphs":[],"customGraphs":[],"default":{"data":{"Article":[],"Course":[],"Dataset":[],"FAQPage":[],"Movie":[],"Person":[],"Product":[],"ProductReview":[],"Car":[],"Recipe":[],"Service":[],"SoftwareApplication":[],"WebPage":[]},"graphName":"","isEnabled":true},"graphs":[],"defaultGraph":"","defaultPostTypeGraph":""},"schema_type":null,"schema_type_options":null,"pillar_content":false,"robots_default":true,"robots_noindex":false,"robots_noarchive":false,"robots_nosnippet":false,"robots_nofollow":false,"robots_noimageindex":false,"robots_noodp":false,"robots_notranslate":false,"robots_max_snippet":null,"robots_max_videopreview":null,"robots_max_imagepreview":"large","priority":null,"frequency":null,"location":null,"local_seo":null,"seo_analyzer_scan_date":"2025-09-20 00:26:10","breadcrumb_settings":null,"limit_modified_date":false,"open_ai":null,"ai":null,"created":"2021-03-09 01:17:40","updated":"2025-09-20 00:26:10"},"aioseo_breadcrumb":"<div class=\"aioseo-breadcrumbs\"><span class=\"aioseo-breadcrumb\">\n\t<a href=\"https:\/\/eldigitaldeasturias.com\/magazine365\" title=\"Home\">Home<\/a>\n<\/span><span class=\"aioseo-breadcrumb-separator\">\u2013<\/span><span class=\"aioseo-breadcrumb\">\n\t<a href=\"https:\/\/eldigitaldeasturias.com\/magazine365\/category\/noticias-actualidad\/\" title=\"Noticias y Actualidad\">Noticias y Actualidad<\/a>\n<\/span><span class=\"aioseo-breadcrumb-separator\">\u2013<\/span><span class=\"aioseo-breadcrumb\">\n\t<a href=\"https:\/\/eldigitaldeasturias.com\/magazine365\/angel-tomas-godoy-aboga-por-incentivar-el-turismo-de-congresos-en-cuenca\/\" title=\"\u00c1ngel Tom\u00e1s Godoy aboga por incentivar el turismo de congresos en Cuenca\">\u00c1ngel Tom\u00e1s Godoy aboga por incentivar el turismo de congresos en Cuenca<\/a>\n<\/span><\/div>","aioseo_breadcrumb_json":[{"label":"Home","link":"https:\/\/eldigitaldeasturias.com\/magazine365"},{"label":"Noticias y Actualidad","link":"https:\/\/eldigitaldeasturias.com\/magazine365\/category\/noticias-actualidad\/"},{"label":"\u00c1ngel Tom\u00e1s Godoy aboga por incentivar el turismo de congresos en Cuenca","link":"https:\/\/eldigitaldeasturias.com\/magazine365\/angel-tomas-godoy-aboga-por-incentivar-el-turismo-de-congresos-en-cuenca\/"}],"_links":{"self":[{"href":"https:\/\/eldigitaldeasturias.com\/magazine365\/wp-json\/wp\/v2\/posts\/45648","targetHints":{"allow":["GET"]}}],"collection":[{"href":"https:\/\/eldigitaldeasturias.com\/magazine365\/wp-json\/wp\/v2\/posts"}],"about":[{"href":"https:\/\/eldigitaldeasturias.com\/magazine365\/wp-json\/wp\/v2\/types\/post"}],"author":[{"embeddable":true,"href":"https:\/\/eldigitaldeasturias.com\/magazine365\/wp-json\/wp\/v2\/users\/1"}],"replies":[{"embeddable":true,"href":"https:\/\/eldigitaldeasturias.com\/magazine365\/wp-json\/wp\/v2\/comments?post=45648"}],"version-history":[{"count":0,"href":"https:\/\/eldigitaldeasturias.com\/magazine365\/wp-json\/wp\/v2\/posts\/45648\/revisions"}],"wp:featuredmedia":[{"embeddable":true,"href":"https:\/\/eldigitaldeasturias.com\/magazine365\/wp-json\/wp\/v2\/media\/45649"}],"wp:attachment":[{"href":"https:\/\/eldigitaldeasturias.com\/magazine365\/wp-json\/wp\/v2\/media?parent=45648"}],"wp:term":[{"taxonomy":"category","embeddable":true,"href":"https:\/\/eldigitaldeasturias.com\/magazine365\/wp-json\/wp\/v2\/categories?post=45648"},{"taxonomy":"post_tag","embeddable":true,"href":"https:\/\/eldigitaldeasturias.com\/magazine365\/wp-json\/wp\/v2\/tags?post=45648"}],"curies":[{"name":"wp","href":"https:\/\/api.w.org\/{rel}","templated":true}]}}