{"id":45605,"date":"2015-08-11T21:06:25","date_gmt":"2015-08-11T19:06:25","guid":{"rendered":"http:\/\/eldigitaldeasturias.com\/magazine365\/?p=45605"},"modified":"2015-08-11T21:06:25","modified_gmt":"2015-08-11T19:06:25","slug":"vueling-lider-de-pasajeros-en-el-aeropuerto-de-loiu-de-bilbao","status":"publish","type":"post","link":"https:\/\/eldigitaldeasturias.com\/magazine365\/vueling-lider-de-pasajeros-en-el-aeropuerto-de-loiu-de-bilbao\/","title":{"rendered":"Vueling l\u00edder de pasajeros en el aeropuerto de Loiu de Bilbao"},"content":{"rendered":"<p><img fetchpriority=\"high\" decoding=\"async\" class=\"alignleft size-medium wp-image-45606\" src=\"https:\/\/eldigitaldeasturias.com\/magazine365\/wp-content\/uploads\/2015\/08\/fotonoticia_20150811122827_800-360x250.jpg\" alt=\"fotonoticia_20150811122827_800\" width=\"360\" height=\"250\" srcset=\"https:\/\/eldigitaldeasturias.com\/magazine365\/wp-content\/uploads\/2015\/08\/fotonoticia_20150811122827_800-360x250.jpg 360w, https:\/\/eldigitaldeasturias.com\/magazine365\/wp-content\/uploads\/2015\/08\/fotonoticia_20150811122827_800-650x451.jpg 650w, https:\/\/eldigitaldeasturias.com\/magazine365\/wp-content\/uploads\/2015\/08\/fotonoticia_20150811122827_800-768x533.jpg 768w, https:\/\/eldigitaldeasturias.com\/magazine365\/wp-content\/uploads\/2015\/08\/fotonoticia_20150811122827_800-150x104.jpg 150w, https:\/\/eldigitaldeasturias.com\/magazine365\/wp-content\/uploads\/2015\/08\/fotonoticia_20150811122827_800-450x312.jpg 450w, https:\/\/eldigitaldeasturias.com\/magazine365\/wp-content\/uploads\/2015\/08\/fotonoticia_20150811122827_800-100x70.jpg 100w, https:\/\/eldigitaldeasturias.com\/magazine365\/wp-content\/uploads\/2015\/08\/fotonoticia_20150811122827_800-218x150.jpg 218w, https:\/\/eldigitaldeasturias.com\/magazine365\/wp-content\/uploads\/2015\/08\/fotonoticia_20150811122827_800-696x483.jpg 696w, https:\/\/eldigitaldeasturias.com\/magazine365\/wp-content\/uploads\/2015\/08\/fotonoticia_20150811122827_800-605x420.jpg 605w, https:\/\/eldigitaldeasturias.com\/magazine365\/wp-content\/uploads\/2015\/08\/fotonoticia_20150811122827_800.jpg 800w\" sizes=\"(max-width: 360px) 100vw, 360px\" \/>Vueling se ha situado como la primera compa\u00f1\u00eda en el aeropuerto de Loiu de Bilbao por n\u00famero de pasajeros transportados en los seis primeros meses de este a\u00f1o, seguida de Air Europa y Lufthansa, seg\u00fan datos de Aena recogidos por Europa Press.<\/p>\n<p>En concreto, Vueling transport\u00f3 a 680.672 pasajeros en el aeropuerto bilbaino de enero a junio, mientras que la segunda compa\u00f1\u00eda, Air Europa, alcanz\u00f3 la cifra de 252.828 y Lufthansa un total de 211.266.<\/p>\n<p>El ranking de las cinco primeras compa\u00f1\u00edas que operan en el aeropuerto de Loiu se completa con Iberia, con 209.359 pasajeros y easyJet con 89.066. Tras ellas, se sit\u00faan Air France (86.379), Air Nostrum (68.963), Brussels Airlines (62.355), airberlin (47.082) y KLM (46.154).<\/p>\n","protected":false},"excerpt":{"rendered":"<p>Vueling se ha situado como la primera compa\u00f1\u00eda en el aeropuerto de Loiu de Bilbao por n\u00famero de pasajeros transportados en los seis primeros meses de este a\u00f1o, seguida de Air Europa y Lufthansa, seg\u00fan datos de Aena recogidos por Europa Press. En concreto, Vueling transport\u00f3 a 680.672 pasajeros en el aeropuerto bilbaino de enero<\/p>\n","protected":false},"author":1,"featured_media":45606,"comment_status":"open","ping_status":"closed","sticky":false,"template":"","format":"standard","meta":{"footnotes":""},"categories":[224],"tags":[],"class_list":{"0":"post-45605","1":"post","2":"type-post","3":"status-publish","4":"format-standard","5":"has-post-thumbnail","7":"category-noticias-actualidad"},"aioseo_notices":[],"aioseo_head":"\n\t\t<!-- All in One SEO Pro 4.9.6.1 - aioseo.com -->\n\t<meta name=\"description\" content=\"Vueling se ha situado como la primera compa\u00f1\u00eda en el aeropuerto de Loiu de Bilbao por n\u00famero de pasajeros transportados en los seis primeros meses de este a\u00f1o, seguida de Air Europa y Lufthansa, seg\u00fan datos de Aena recogidos por Europa Press. En concreto, Vueling transport\u00f3 a 680.672 pasajeros en el aeropuerto bilbaino de enero\" \/>\n\t<meta name=\"robots\" content=\"max-image-preview:large\" \/>\n\t<meta name=\"author\" content=\"admin\"\/>\n\t<meta name=\"google-site-verification\" content=\"UA-38556648-1\" \/>\n\t<meta name=\"keywords\" content=\"noticias y actualidad\" \/>\n\t<link rel=\"canonical\" href=\"https:\/\/eldigitaldeasturias.com\/magazine365\/vueling-lider-de-pasajeros-en-el-aeropuerto-de-loiu-de-bilbao\/\" \/>\n\t<meta name=\"generator\" content=\"All in One SEO Pro (AIOSEO) 4.9.6.1\" \/>\n\t\t<meta property=\"og:locale\" content=\"es_ES\" \/>\n\t\t<meta property=\"og:site_name\" content=\"El Digital de Asturias \u2013 Revista de ocio, turismo y estilo de vida\" \/>\n\t\t<meta property=\"og:type\" content=\"article\" \/>\n\t\t<meta property=\"og:title\" content=\"Vueling l\u00edder de pasajeros en el aeropuerto de Loiu de Bilbao | El Digital de Asturias\" \/>\n\t\t<meta property=\"og:description\" content=\"Vueling se ha situado como la primera compa\u00f1\u00eda en el aeropuerto de Loiu de Bilbao por n\u00famero de pasajeros transportados en los seis primeros meses de este a\u00f1o, seguida de Air Europa y Lufthansa, seg\u00fan datos de Aena recogidos por Europa Press. En concreto, Vueling transport\u00f3 a 680.672 pasajeros en el aeropuerto bilbaino de enero\" \/>\n\t\t<meta property=\"og:url\" content=\"https:\/\/eldigitaldeasturias.com\/magazine365\/vueling-lider-de-pasajeros-en-el-aeropuerto-de-loiu-de-bilbao\/\" \/>\n\t\t<meta property=\"og:image\" content=\"https:\/\/eldigitaldeasturias.com\/magazine365\/wp-content\/uploads\/2015\/08\/fotonoticia_20150811122827_800.jpg\" \/>\n\t\t<meta property=\"og:image:secure_url\" content=\"https:\/\/eldigitaldeasturias.com\/magazine365\/wp-content\/uploads\/2015\/08\/fotonoticia_20150811122827_800.jpg\" \/>\n\t\t<meta property=\"og:image:width\" content=\"800\" \/>\n\t\t<meta property=\"og:image:height\" content=\"555\" \/>\n\t\t<meta property=\"article:published_time\" content=\"2015-08-11T19:06:25+00:00\" \/>\n\t\t<meta property=\"article:modified_time\" content=\"2015-08-11T19:06:25+00:00\" \/>\n\t\t<meta name=\"twitter:card\" content=\"summary_large_image\" \/>\n\t\t<meta name=\"twitter:title\" content=\"Vueling l\u00edder de pasajeros en el aeropuerto de Loiu de Bilbao | El Digital de Asturias\" \/>\n\t\t<meta name=\"twitter:description\" content=\"Vueling se ha situado como la primera compa\u00f1\u00eda en el aeropuerto de Loiu de Bilbao por n\u00famero de pasajeros transportados en los seis primeros meses de este a\u00f1o, seguida de Air Europa y Lufthansa, seg\u00fan datos de Aena recogidos por Europa Press. En concreto, Vueling transport\u00f3 a 680.672 pasajeros en el aeropuerto bilbaino de enero\" \/>\n\t\t<meta name=\"twitter:image\" content=\"https:\/\/eldigitaldeasturias.com\/magazine365\/wp-content\/uploads\/2015\/08\/fotonoticia_20150811122827_800.jpg\" \/>\n\t\t<script type=\"application\/ld+json\" class=\"aioseo-schema\">\n\t\t\t{\"@context\":\"https:\\\/\\\/schema.org\",\"@graph\":[{\"@type\":\"Article\",\"@id\":\"https:\\\/\\\/eldigitaldeasturias.com\\\/magazine365\\\/vueling-lider-de-pasajeros-en-el-aeropuerto-de-loiu-de-bilbao\\\/#article\",\"name\":\"Vueling l\\u00edder de pasajeros en el aeropuerto de Loiu de Bilbao | El Digital de Asturias\",\"headline\":\"Vueling l\\u00edder de pasajeros en el aeropuerto de Loiu de Bilbao\",\"author\":{\"@id\":\"https:\\\/\\\/eldigitaldeasturias.com\\\/magazine365\\\/author\\\/admin\\\/#author\"},\"publisher\":{\"@id\":\"https:\\\/\\\/eldigitaldeasturias.com\\\/magazine365\\\/#organization\"},\"image\":{\"@type\":\"ImageObject\",\"url\":\"https:\\\/\\\/eldigitaldeasturias.com\\\/magazine365\\\/wp-content\\\/uploads\\\/2015\\\/08\\\/fotonoticia_20150811122827_800.jpg\",\"width\":800,\"height\":555},\"datePublished\":\"2015-08-11T21:06:25+02:00\",\"dateModified\":\"2015-08-11T21:06:25+02:00\",\"inLanguage\":\"es-ES\",\"mainEntityOfPage\":{\"@id\":\"https:\\\/\\\/eldigitaldeasturias.com\\\/magazine365\\\/vueling-lider-de-pasajeros-en-el-aeropuerto-de-loiu-de-bilbao\\\/#webpage\"},\"isPartOf\":{\"@id\":\"https:\\\/\\\/eldigitaldeasturias.com\\\/magazine365\\\/vueling-lider-de-pasajeros-en-el-aeropuerto-de-loiu-de-bilbao\\\/#webpage\"},\"articleSection\":\"Noticias y Actualidad\"},{\"@type\":\"BreadcrumbList\",\"@id\":\"https:\\\/\\\/eldigitaldeasturias.com\\\/magazine365\\\/vueling-lider-de-pasajeros-en-el-aeropuerto-de-loiu-de-bilbao\\\/#breadcrumblist\",\"itemListElement\":[{\"@type\":\"ListItem\",\"@id\":\"https:\\\/\\\/eldigitaldeasturias.com\\\/magazine365#listItem\",\"position\":1,\"name\":\"Home\",\"item\":\"https:\\\/\\\/eldigitaldeasturias.com\\\/magazine365\",\"nextItem\":{\"@type\":\"ListItem\",\"@id\":\"https:\\\/\\\/eldigitaldeasturias.com\\\/magazine365\\\/category\\\/noticias-actualidad\\\/#listItem\",\"name\":\"Noticias y Actualidad\"}},{\"@type\":\"ListItem\",\"@id\":\"https:\\\/\\\/eldigitaldeasturias.com\\\/magazine365\\\/category\\\/noticias-actualidad\\\/#listItem\",\"position\":2,\"name\":\"Noticias y Actualidad\",\"item\":\"https:\\\/\\\/eldigitaldeasturias.com\\\/magazine365\\\/category\\\/noticias-actualidad\\\/\",\"nextItem\":{\"@type\":\"ListItem\",\"@id\":\"https:\\\/\\\/eldigitaldeasturias.com\\\/magazine365\\\/vueling-lider-de-pasajeros-en-el-aeropuerto-de-loiu-de-bilbao\\\/#listItem\",\"name\":\"Vueling l\\u00edder de pasajeros en el aeropuerto de Loiu de Bilbao\"},\"previousItem\":{\"@type\":\"ListItem\",\"@id\":\"https:\\\/\\\/eldigitaldeasturias.com\\\/magazine365#listItem\",\"name\":\"Home\"}},{\"@type\":\"ListItem\",\"@id\":\"https:\\\/\\\/eldigitaldeasturias.com\\\/magazine365\\\/vueling-lider-de-pasajeros-en-el-aeropuerto-de-loiu-de-bilbao\\\/#listItem\",\"position\":3,\"name\":\"Vueling l\\u00edder de pasajeros en el aeropuerto de Loiu de Bilbao\",\"previousItem\":{\"@type\":\"ListItem\",\"@id\":\"https:\\\/\\\/eldigitaldeasturias.com\\\/magazine365\\\/category\\\/noticias-actualidad\\\/#listItem\",\"name\":\"Noticias y Actualidad\"}}]},{\"@type\":\"Organization\",\"@id\":\"https:\\\/\\\/eldigitaldeasturias.com\\\/magazine365\\\/#organization\",\"name\":\"El digital de Asturias\",\"description\":\"Revista de ocio, turismo y estilo de vida\",\"url\":\"https:\\\/\\\/eldigitaldeasturias.com\\\/magazine365\\\/\",\"logo\":{\"@type\":\"ImageObject\",\"url\":\"https:\\\/\\\/www.eldigitaldeasturias.com\\\/noticias\\\/wp-content\\\/uploads\\\/2020\\\/12\\\/EDA.jpg\",\"@id\":\"https:\\\/\\\/eldigitaldeasturias.com\\\/magazine365\\\/vueling-lider-de-pasajeros-en-el-aeropuerto-de-loiu-de-bilbao\\\/#organizationLogo\"},\"image\":{\"@id\":\"https:\\\/\\\/eldigitaldeasturias.com\\\/magazine365\\\/vueling-lider-de-pasajeros-en-el-aeropuerto-de-loiu-de-bilbao\\\/#organizationLogo\"}},{\"@type\":\"Person\",\"@id\":\"https:\\\/\\\/eldigitaldeasturias.com\\\/magazine365\\\/author\\\/admin\\\/#author\",\"url\":\"https:\\\/\\\/eldigitaldeasturias.com\\\/magazine365\\\/author\\\/admin\\\/\",\"name\":\"admin\",\"image\":{\"@type\":\"ImageObject\",\"@id\":\"https:\\\/\\\/eldigitaldeasturias.com\\\/magazine365\\\/vueling-lider-de-pasajeros-en-el-aeropuerto-de-loiu-de-bilbao\\\/#authorImage\",\"url\":\"https:\\\/\\\/eldigitaldeasturias.com\\\/magazine365\\\/wp-content\\\/litespeed\\\/avatar\\\/e571bcf59a0edd6fa6838245a470f2fe.jpg?ver=1777574230\",\"width\":96,\"height\":96,\"caption\":\"admin\"}},{\"@type\":\"WebPage\",\"@id\":\"https:\\\/\\\/eldigitaldeasturias.com\\\/magazine365\\\/vueling-lider-de-pasajeros-en-el-aeropuerto-de-loiu-de-bilbao\\\/#webpage\",\"url\":\"https:\\\/\\\/eldigitaldeasturias.com\\\/magazine365\\\/vueling-lider-de-pasajeros-en-el-aeropuerto-de-loiu-de-bilbao\\\/\",\"name\":\"Vueling l\\u00edder de pasajeros en el aeropuerto de Loiu de Bilbao | El Digital de Asturias\",\"description\":\"Vueling se ha situado como la primera compa\\u00f1\\u00eda en el aeropuerto de Loiu de Bilbao por n\\u00famero de pasajeros transportados en los seis primeros meses de este a\\u00f1o, seguida de Air Europa y Lufthansa, seg\\u00fan datos de Aena recogidos por Europa Press. En concreto, Vueling transport\\u00f3 a 680.672 pasajeros en el aeropuerto bilbaino de enero\",\"inLanguage\":\"es-ES\",\"isPartOf\":{\"@id\":\"https:\\\/\\\/eldigitaldeasturias.com\\\/magazine365\\\/#website\"},\"breadcrumb\":{\"@id\":\"https:\\\/\\\/eldigitaldeasturias.com\\\/magazine365\\\/vueling-lider-de-pasajeros-en-el-aeropuerto-de-loiu-de-bilbao\\\/#breadcrumblist\"},\"author\":{\"@id\":\"https:\\\/\\\/eldigitaldeasturias.com\\\/magazine365\\\/author\\\/admin\\\/#author\"},\"creator\":{\"@id\":\"https:\\\/\\\/eldigitaldeasturias.com\\\/magazine365\\\/author\\\/admin\\\/#author\"},\"image\":{\"@type\":\"ImageObject\",\"url\":\"https:\\\/\\\/eldigitaldeasturias.com\\\/magazine365\\\/wp-content\\\/uploads\\\/2015\\\/08\\\/fotonoticia_20150811122827_800.jpg\",\"@id\":\"https:\\\/\\\/eldigitaldeasturias.com\\\/magazine365\\\/vueling-lider-de-pasajeros-en-el-aeropuerto-de-loiu-de-bilbao\\\/#mainImage\",\"width\":800,\"height\":555},\"primaryImageOfPage\":{\"@id\":\"https:\\\/\\\/eldigitaldeasturias.com\\\/magazine365\\\/vueling-lider-de-pasajeros-en-el-aeropuerto-de-loiu-de-bilbao\\\/#mainImage\"},\"datePublished\":\"2015-08-11T21:06:25+02:00\",\"dateModified\":\"2015-08-11T21:06:25+02:00\"},{\"@type\":\"WebSite\",\"@id\":\"https:\\\/\\\/eldigitaldeasturias.com\\\/magazine365\\\/#website\",\"url\":\"https:\\\/\\\/eldigitaldeasturias.com\\\/magazine365\\\/\",\"name\":\"El Digital de Asturias\",\"description\":\"Revista de ocio, turismo y estilo de vida\",\"inLanguage\":\"es-ES\",\"publisher\":{\"@id\":\"https:\\\/\\\/eldigitaldeasturias.com\\\/magazine365\\\/#organization\"}}]}\n\t\t<\/script>\n\t\t<!-- All in One SEO Pro -->\r\n\t\t<title>Vueling l\u00edder de pasajeros en el aeropuerto de Loiu de Bilbao | El Digital de Asturias<\/title>\n\n","aioseo_head_json":{"title":"Vueling l\u00edder de pasajeros en el aeropuerto de Loiu de Bilbao | El Digital de Asturias","description":"Vueling se ha situado como la primera compa\u00f1\u00eda en el aeropuerto de Loiu de Bilbao por n\u00famero de pasajeros transportados en los seis primeros meses de este a\u00f1o, seguida de Air Europa y Lufthansa, seg\u00fan datos de Aena recogidos por Europa Press. En concreto, Vueling transport\u00f3 a 680.672 pasajeros en el aeropuerto bilbaino de enero","canonical_url":"https:\/\/eldigitaldeasturias.com\/magazine365\/vueling-lider-de-pasajeros-en-el-aeropuerto-de-loiu-de-bilbao\/","robots":"max-image-preview:large","keywords":"noticias y actualidad","webmasterTools":{"google-site-verification":"UA-38556648-1","miscellaneous":""},"schema":{"@context":"https:\/\/schema.org","@graph":[{"@type":"Article","@id":"https:\/\/eldigitaldeasturias.com\/magazine365\/vueling-lider-de-pasajeros-en-el-aeropuerto-de-loiu-de-bilbao\/#article","name":"Vueling l\u00edder de pasajeros en el aeropuerto de Loiu de Bilbao | El Digital de Asturias","headline":"Vueling l\u00edder de pasajeros en el aeropuerto de Loiu de Bilbao","author":{"@id":"https:\/\/eldigitaldeasturias.com\/magazine365\/author\/admin\/#author"},"publisher":{"@id":"https:\/\/eldigitaldeasturias.com\/magazine365\/#organization"},"image":{"@type":"ImageObject","url":"https:\/\/eldigitaldeasturias.com\/magazine365\/wp-content\/uploads\/2015\/08\/fotonoticia_20150811122827_800.jpg","width":800,"height":555},"datePublished":"2015-08-11T21:06:25+02:00","dateModified":"2015-08-11T21:06:25+02:00","inLanguage":"es-ES","mainEntityOfPage":{"@id":"https:\/\/eldigitaldeasturias.com\/magazine365\/vueling-lider-de-pasajeros-en-el-aeropuerto-de-loiu-de-bilbao\/#webpage"},"isPartOf":{"@id":"https:\/\/eldigitaldeasturias.com\/magazine365\/vueling-lider-de-pasajeros-en-el-aeropuerto-de-loiu-de-bilbao\/#webpage"},"articleSection":"Noticias y Actualidad"},{"@type":"BreadcrumbList","@id":"https:\/\/eldigitaldeasturias.com\/magazine365\/vueling-lider-de-pasajeros-en-el-aeropuerto-de-loiu-de-bilbao\/#breadcrumblist","itemListElement":[{"@type":"ListItem","@id":"https:\/\/eldigitaldeasturias.com\/magazine365#listItem","position":1,"name":"Home","item":"https:\/\/eldigitaldeasturias.com\/magazine365","nextItem":{"@type":"ListItem","@id":"https:\/\/eldigitaldeasturias.com\/magazine365\/category\/noticias-actualidad\/#listItem","name":"Noticias y Actualidad"}},{"@type":"ListItem","@id":"https:\/\/eldigitaldeasturias.com\/magazine365\/category\/noticias-actualidad\/#listItem","position":2,"name":"Noticias y Actualidad","item":"https:\/\/eldigitaldeasturias.com\/magazine365\/category\/noticias-actualidad\/","nextItem":{"@type":"ListItem","@id":"https:\/\/eldigitaldeasturias.com\/magazine365\/vueling-lider-de-pasajeros-en-el-aeropuerto-de-loiu-de-bilbao\/#listItem","name":"Vueling l\u00edder de pasajeros en el aeropuerto de Loiu de Bilbao"},"previousItem":{"@type":"ListItem","@id":"https:\/\/eldigitaldeasturias.com\/magazine365#listItem","name":"Home"}},{"@type":"ListItem","@id":"https:\/\/eldigitaldeasturias.com\/magazine365\/vueling-lider-de-pasajeros-en-el-aeropuerto-de-loiu-de-bilbao\/#listItem","position":3,"name":"Vueling l\u00edder de pasajeros en el aeropuerto de Loiu de Bilbao","previousItem":{"@type":"ListItem","@id":"https:\/\/eldigitaldeasturias.com\/magazine365\/category\/noticias-actualidad\/#listItem","name":"Noticias y Actualidad"}}]},{"@type":"Organization","@id":"https:\/\/eldigitaldeasturias.com\/magazine365\/#organization","name":"El digital de Asturias","description":"Revista de ocio, turismo y estilo de vida","url":"https:\/\/eldigitaldeasturias.com\/magazine365\/","logo":{"@type":"ImageObject","url":"https:\/\/www.eldigitaldeasturias.com\/noticias\/wp-content\/uploads\/2020\/12\/EDA.jpg","@id":"https:\/\/eldigitaldeasturias.com\/magazine365\/vueling-lider-de-pasajeros-en-el-aeropuerto-de-loiu-de-bilbao\/#organizationLogo"},"image":{"@id":"https:\/\/eldigitaldeasturias.com\/magazine365\/vueling-lider-de-pasajeros-en-el-aeropuerto-de-loiu-de-bilbao\/#organizationLogo"}},{"@type":"Person","@id":"https:\/\/eldigitaldeasturias.com\/magazine365\/author\/admin\/#author","url":"https:\/\/eldigitaldeasturias.com\/magazine365\/author\/admin\/","name":"admin","image":{"@type":"ImageObject","@id":"https:\/\/eldigitaldeasturias.com\/magazine365\/vueling-lider-de-pasajeros-en-el-aeropuerto-de-loiu-de-bilbao\/#authorImage","url":"https:\/\/eldigitaldeasturias.com\/magazine365\/wp-content\/litespeed\/avatar\/e571bcf59a0edd6fa6838245a470f2fe.jpg?ver=1777574230","width":96,"height":96,"caption":"admin"}},{"@type":"WebPage","@id":"https:\/\/eldigitaldeasturias.com\/magazine365\/vueling-lider-de-pasajeros-en-el-aeropuerto-de-loiu-de-bilbao\/#webpage","url":"https:\/\/eldigitaldeasturias.com\/magazine365\/vueling-lider-de-pasajeros-en-el-aeropuerto-de-loiu-de-bilbao\/","name":"Vueling l\u00edder de pasajeros en el aeropuerto de Loiu de Bilbao | El Digital de Asturias","description":"Vueling se ha situado como la primera compa\u00f1\u00eda en el aeropuerto de Loiu de Bilbao por n\u00famero de pasajeros transportados en los seis primeros meses de este a\u00f1o, seguida de Air Europa y Lufthansa, seg\u00fan datos de Aena recogidos por Europa Press. En concreto, Vueling transport\u00f3 a 680.672 pasajeros en el aeropuerto bilbaino de enero","inLanguage":"es-ES","isPartOf":{"@id":"https:\/\/eldigitaldeasturias.com\/magazine365\/#website"},"breadcrumb":{"@id":"https:\/\/eldigitaldeasturias.com\/magazine365\/vueling-lider-de-pasajeros-en-el-aeropuerto-de-loiu-de-bilbao\/#breadcrumblist"},"author":{"@id":"https:\/\/eldigitaldeasturias.com\/magazine365\/author\/admin\/#author"},"creator":{"@id":"https:\/\/eldigitaldeasturias.com\/magazine365\/author\/admin\/#author"},"image":{"@type":"ImageObject","url":"https:\/\/eldigitaldeasturias.com\/magazine365\/wp-content\/uploads\/2015\/08\/fotonoticia_20150811122827_800.jpg","@id":"https:\/\/eldigitaldeasturias.com\/magazine365\/vueling-lider-de-pasajeros-en-el-aeropuerto-de-loiu-de-bilbao\/#mainImage","width":800,"height":555},"primaryImageOfPage":{"@id":"https:\/\/eldigitaldeasturias.com\/magazine365\/vueling-lider-de-pasajeros-en-el-aeropuerto-de-loiu-de-bilbao\/#mainImage"},"datePublished":"2015-08-11T21:06:25+02:00","dateModified":"2015-08-11T21:06:25+02:00"},{"@type":"WebSite","@id":"https:\/\/eldigitaldeasturias.com\/magazine365\/#website","url":"https:\/\/eldigitaldeasturias.com\/magazine365\/","name":"El Digital de Asturias","description":"Revista de ocio, turismo y estilo de vida","inLanguage":"es-ES","publisher":{"@id":"https:\/\/eldigitaldeasturias.com\/magazine365\/#organization"}}]},"og:locale":"es_ES","og:site_name":"El Digital de Asturias \u2013 Revista de ocio, turismo y estilo de vida","og:type":"article","og:title":"Vueling l\u00edder de pasajeros en el aeropuerto de Loiu de Bilbao | El Digital de Asturias","og:description":"Vueling se ha situado como la primera compa\u00f1\u00eda en el aeropuerto de Loiu de Bilbao por n\u00famero de pasajeros transportados en los seis primeros meses de este a\u00f1o, seguida de Air Europa y Lufthansa, seg\u00fan datos de Aena recogidos por Europa Press. En concreto, Vueling transport\u00f3 a 680.672 pasajeros en el aeropuerto bilbaino de enero","og:url":"https:\/\/eldigitaldeasturias.com\/magazine365\/vueling-lider-de-pasajeros-en-el-aeropuerto-de-loiu-de-bilbao\/","og:image":"https:\/\/eldigitaldeasturias.com\/magazine365\/wp-content\/uploads\/2015\/08\/fotonoticia_20150811122827_800.jpg","og:image:secure_url":"https:\/\/eldigitaldeasturias.com\/magazine365\/wp-content\/uploads\/2015\/08\/fotonoticia_20150811122827_800.jpg","og:image:width":800,"og:image:height":555,"article:published_time":"2015-08-11T19:06:25+00:00","article:modified_time":"2015-08-11T19:06:25+00:00","twitter:card":"summary_large_image","twitter:title":"Vueling l\u00edder de pasajeros en el aeropuerto de Loiu de Bilbao | El Digital de Asturias","twitter:description":"Vueling se ha situado como la primera compa\u00f1\u00eda en el aeropuerto de Loiu de Bilbao por n\u00famero de pasajeros transportados en los seis primeros meses de este a\u00f1o, seguida de Air Europa y Lufthansa, seg\u00fan datos de Aena recogidos por Europa Press. En concreto, Vueling transport\u00f3 a 680.672 pasajeros en el aeropuerto bilbaino de enero","twitter:image":"https:\/\/eldigitaldeasturias.com\/magazine365\/wp-content\/uploads\/2015\/08\/fotonoticia_20150811122827_800.jpg"},"aioseo_meta_data":{"post_id":"45605","title":null,"description":null,"keywords":null,"keyphrases":null,"primary_term":null,"canonical_url":null,"og_title":null,"og_description":null,"og_object_type":"default","og_image_type":"default","og_image_url":null,"og_image_width":null,"og_image_height":null,"og_image_custom_url":null,"og_image_custom_fields":null,"og_video":null,"og_custom_url":null,"og_article_section":null,"og_article_tags":null,"twitter_use_og":false,"twitter_card":"default","twitter_image_type":"default","twitter_image_url":null,"twitter_image_custom_url":null,"twitter_image_custom_fields":null,"twitter_title":null,"twitter_description":null,"schema":{"blockGraphs":[],"customGraphs":[],"default":{"data":{"Article":[],"Course":[],"Dataset":[],"FAQPage":[],"Movie":[],"Person":[],"Product":[],"ProductReview":[],"Car":[],"Recipe":[],"Service":[],"SoftwareApplication":[],"WebPage":[]},"graphName":"","isEnabled":true},"graphs":[]},"schema_type":null,"schema_type_options":null,"pillar_content":false,"robots_default":true,"robots_noindex":false,"robots_noarchive":false,"robots_nosnippet":false,"robots_nofollow":false,"robots_noimageindex":false,"robots_noodp":false,"robots_notranslate":false,"robots_max_snippet":null,"robots_max_videopreview":null,"robots_max_imagepreview":"large","priority":null,"frequency":null,"location":null,"local_seo":null,"seo_analyzer_scan_date":"2025-09-20 00:22:52","breadcrumb_settings":null,"limit_modified_date":false,"open_ai":null,"ai":null,"created":"2021-03-09 01:18:46","updated":"2025-09-20 00:22:52"},"aioseo_breadcrumb":"<div class=\"aioseo-breadcrumbs\"><span class=\"aioseo-breadcrumb\">\n\t<a href=\"https:\/\/eldigitaldeasturias.com\/magazine365\" title=\"Home\">Home<\/a>\n<\/span><span class=\"aioseo-breadcrumb-separator\">\u2013<\/span><span class=\"aioseo-breadcrumb\">\n\t<a href=\"https:\/\/eldigitaldeasturias.com\/magazine365\/category\/noticias-actualidad\/\" title=\"Noticias y Actualidad\">Noticias y Actualidad<\/a>\n<\/span><span class=\"aioseo-breadcrumb-separator\">\u2013<\/span><span class=\"aioseo-breadcrumb\">\n\t<a href=\"https:\/\/eldigitaldeasturias.com\/magazine365\/vueling-lider-de-pasajeros-en-el-aeropuerto-de-loiu-de-bilbao\/\" title=\"Vueling l\u00edder de pasajeros en el aeropuerto de Loiu de Bilbao\">Vueling l\u00edder de pasajeros en el aeropuerto de Loiu de Bilbao<\/a>\n<\/span><\/div>","aioseo_breadcrumb_json":[{"label":"Home","link":"https:\/\/eldigitaldeasturias.com\/magazine365"},{"label":"Noticias y Actualidad","link":"https:\/\/eldigitaldeasturias.com\/magazine365\/category\/noticias-actualidad\/"},{"label":"Vueling l\u00edder de pasajeros en el aeropuerto de Loiu de Bilbao","link":"https:\/\/eldigitaldeasturias.com\/magazine365\/vueling-lider-de-pasajeros-en-el-aeropuerto-de-loiu-de-bilbao\/"}],"_links":{"self":[{"href":"https:\/\/eldigitaldeasturias.com\/magazine365\/wp-json\/wp\/v2\/posts\/45605","targetHints":{"allow":["GET"]}}],"collection":[{"href":"https:\/\/eldigitaldeasturias.com\/magazine365\/wp-json\/wp\/v2\/posts"}],"about":[{"href":"https:\/\/eldigitaldeasturias.com\/magazine365\/wp-json\/wp\/v2\/types\/post"}],"author":[{"embeddable":true,"href":"https:\/\/eldigitaldeasturias.com\/magazine365\/wp-json\/wp\/v2\/users\/1"}],"replies":[{"embeddable":true,"href":"https:\/\/eldigitaldeasturias.com\/magazine365\/wp-json\/wp\/v2\/comments?post=45605"}],"version-history":[{"count":0,"href":"https:\/\/eldigitaldeasturias.com\/magazine365\/wp-json\/wp\/v2\/posts\/45605\/revisions"}],"wp:featuredmedia":[{"embeddable":true,"href":"https:\/\/eldigitaldeasturias.com\/magazine365\/wp-json\/wp\/v2\/media\/45606"}],"wp:attachment":[{"href":"https:\/\/eldigitaldeasturias.com\/magazine365\/wp-json\/wp\/v2\/media?parent=45605"}],"wp:term":[{"taxonomy":"category","embeddable":true,"href":"https:\/\/eldigitaldeasturias.com\/magazine365\/wp-json\/wp\/v2\/categories?post=45605"},{"taxonomy":"post_tag","embeddable":true,"href":"https:\/\/eldigitaldeasturias.com\/magazine365\/wp-json\/wp\/v2\/tags?post=45605"}],"curies":[{"name":"wp","href":"https:\/\/api.w.org\/{rel}","templated":true}]}}