{"id":45590,"date":"2015-08-11T17:20:35","date_gmt":"2015-08-11T15:20:35","guid":{"rendered":"http:\/\/eldigitaldeasturias.com\/magazine365\/?p=45590"},"modified":"2015-08-11T17:20:35","modified_gmt":"2015-08-11T15:20:35","slug":"la-ruta-do-vino-rias-baixas-comienza-su-programa-de-visitas-con-los-buses-del-vino","status":"publish","type":"post","link":"https:\/\/eldigitaldeasturias.com\/magazine365\/la-ruta-do-vino-rias-baixas-comienza-su-programa-de-visitas-con-los-buses-del-vino\/","title":{"rendered":"La Ruta do Vi\u00f1o R\u00edas Baixas comienza su programa de visitas con los &#8216;Buses del vino&#8217;"},"content":{"rendered":"<p><img fetchpriority=\"high\" decoding=\"async\" class=\"alignleft size-medium wp-image-45591\" src=\"https:\/\/eldigitaldeasturias.com\/magazine365\/wp-content\/uploads\/2015\/08\/fotonoticia_20150811120528_800-360x240.jpg\" alt=\"fotonoticia_20150811120528_800\" width=\"360\" height=\"240\" srcset=\"https:\/\/eldigitaldeasturias.com\/magazine365\/wp-content\/uploads\/2015\/08\/fotonoticia_20150811120528_800-360x240.jpg 360w, https:\/\/eldigitaldeasturias.com\/magazine365\/wp-content\/uploads\/2015\/08\/fotonoticia_20150811120528_800-650x433.jpg 650w, https:\/\/eldigitaldeasturias.com\/magazine365\/wp-content\/uploads\/2015\/08\/fotonoticia_20150811120528_800-768x512.jpg 768w, https:\/\/eldigitaldeasturias.com\/magazine365\/wp-content\/uploads\/2015\/08\/fotonoticia_20150811120528_800-150x100.jpg 150w, https:\/\/eldigitaldeasturias.com\/magazine365\/wp-content\/uploads\/2015\/08\/fotonoticia_20150811120528_800-450x300.jpg 450w, https:\/\/eldigitaldeasturias.com\/magazine365\/wp-content\/uploads\/2015\/08\/fotonoticia_20150811120528_800-696x464.jpg 696w, https:\/\/eldigitaldeasturias.com\/magazine365\/wp-content\/uploads\/2015\/08\/fotonoticia_20150811120528_800-630x420.jpg 630w, https:\/\/eldigitaldeasturias.com\/magazine365\/wp-content\/uploads\/2015\/08\/fotonoticia_20150811120528_800-84x55.jpg 84w, https:\/\/eldigitaldeasturias.com\/magazine365\/wp-content\/uploads\/2015\/08\/fotonoticia_20150811120528_800.jpg 800w\" sizes=\"(max-width: 360px) 100vw, 360px\" \/>La Ruta do Vi\u00f1o R\u00edas Baixas inicia este martes, d\u00eda 11 de agosto, su programa de visitas con los &#8216;Buses del vino&#8217;, que llevar\u00e1n a los visitantes a un total de 18 bodegas, tres en cada visita. Los recorridos se desarrollar\u00e1n los martes 11, 18 y 25 y los mi\u00e9rcoles 12, 19 y 26 de agosto.<\/p>\n<p>Los autobuses saldr\u00e1n todos los martes de Sanxenxo, mientras que de Baiona lo har\u00e1n el mi\u00e9rcoles d\u00eda 12. Adem\u00e1s, Pontevedra y Vigo ser\u00e1n las ciudades de inicio de las rutas que tendr\u00e1n lugar los d\u00edas 19 y 26.<\/p>\n<p>Un gu\u00eda tur\u00edstico acompa\u00f1ar\u00e1 a los participantes durante el viaje y les proporcionar\u00e1 detalles de la Denominaci\u00f3n de Origen (D.O.) R\u00edas Baixas. Del mismo modo, conducir\u00e1 a los asistentes en las visitas guiadas a las villas de la Ruta do Vi\u00f1o. En las bodegas, los profesionales del sector les explicar\u00e1n el proceso de elaboraci\u00f3n del vino, adem\u00e1s de ofrecerles una degustaci\u00f3n de sus productos.<\/p>\n<p>La organizaci\u00f3n ha destacado que \u00abes una buena forma de mostrar a los vecinos y visitantes las bodegas asociadas a trav\u00e9s de una jornada de vi\u00f1edos y de conocer &#8216;in situ&#8217; el proceso de elaboraci\u00f3n de la D.O. R\u00edas Baixas\u00bb. Adem\u00e1s, han se\u00f1alado que los participantes \u00abpodr\u00e1n disfrutar de los paisajes de las subzonas del Val do Saln\u00e9s, O Rosal y Condado de Tea\u00bb.<\/p>\n<p>El precio de dicha actividad es de 12 euros por persona y no incluye comida. La reserva de plazas se hace a trav\u00e9s del correo electr\u00f3nico info@rutadelvinoriasbaixas.com o llamando al tel\u00e9fono 986 091 088.<\/p>\n<p>RECORRIDO.<\/p>\n<p>El recorrido inaugural ser\u00e1 el martes, d\u00eda 11 de agosto, cuyo Bus del Vino saldr\u00e1 de la parada ubicada al lado del Hotel Carlos I en Sanxenxo. El primer itinerario recorrer\u00e1 la zona de Val do Saln\u00e9s, realizando la primera parada en el Pazo de Se\u00f1or\u00e1ns.<\/p>\n<p>M\u00e1s tarde visitar\u00e1n la bodega Lagar de Costa. La parada para comer ser\u00e1 en Cambados para trasladarse, a continuaci\u00f3n, a la bodega Gran Baz\u00e1n. El regreso a Sanxenxo est\u00e1 previsto que sea alrededor de las siete de la tarde.<\/p>\n<p>Por su parte, el itinerario del mi\u00e9rcoles 12 de agosto comenzar\u00e1 en Baiona, en la parada ubicada frente al Parador nacional. Desde este punto se desplazar\u00e1n a la zona de O Rosal, donde visitar\u00e1n las bodegas Valmi\u00f1or y Terras Gauda. La comida ser\u00e1 en Salvaterra de Mi\u00f1o. El \u00faltimo punto de parada ser\u00e1 en la bodega Se\u00f1or\u00edo de Rubi\u00f3s, en As Neves. Como en el d\u00eda anterior, el regreso a Baiona est\u00e1 previsto que sea sobre las siete de la tarde.<\/p>\n","protected":false},"excerpt":{"rendered":"<p>La Ruta do Vi\u00f1o R\u00edas Baixas inicia este martes, d\u00eda 11 de agosto, su programa de visitas con los &#8216;Buses del vino&#8217;, que llevar\u00e1n a los visitantes a un total de 18 bodegas, tres en cada visita. Los recorridos se desarrollar\u00e1n los martes 11, 18 y 25 y los mi\u00e9rcoles 12, 19 y 26 de<\/p>\n","protected":false},"author":1,"featured_media":45591,"comment_status":"open","ping_status":"closed","sticky":false,"template":"","format":"standard","meta":{"footnotes":""},"categories":[224],"tags":[],"class_list":{"0":"post-45590","1":"post","2":"type-post","3":"status-publish","4":"format-standard","5":"has-post-thumbnail","7":"category-noticias-actualidad"},"aioseo_notices":[],"aioseo_head":"\n\t\t<!-- All in One SEO Pro 4.9.6.1 - aioseo.com -->\n\t<meta name=\"description\" content=\"La Ruta do Vi\u00f1o R\u00edas Baixas inicia este martes, d\u00eda 11 de agosto, su programa de visitas con los &#039;Buses del vino&#039;, que llevar\u00e1n a los visitantes a un total de 18 bodegas, tres en cada visita. Los recorridos se desarrollar\u00e1n los martes 11, 18 y 25 y los mi\u00e9rcoles 12, 19 y 26 de\" \/>\n\t<meta name=\"robots\" content=\"max-image-preview:large\" \/>\n\t<meta name=\"author\" content=\"admin\"\/>\n\t<meta name=\"google-site-verification\" content=\"UA-38556648-1\" \/>\n\t<meta name=\"keywords\" content=\"noticias y actualidad\" \/>\n\t<link rel=\"canonical\" href=\"https:\/\/eldigitaldeasturias.com\/magazine365\/la-ruta-do-vino-rias-baixas-comienza-su-programa-de-visitas-con-los-buses-del-vino\/\" \/>\n\t<meta name=\"generator\" content=\"All in One SEO Pro (AIOSEO) 4.9.6.1\" \/>\n\t\t<meta property=\"og:locale\" content=\"es_ES\" \/>\n\t\t<meta property=\"og:site_name\" content=\"El Digital de Asturias \u2013 Revista de ocio, turismo y estilo de vida\" \/>\n\t\t<meta property=\"og:type\" content=\"article\" \/>\n\t\t<meta property=\"og:title\" content=\"La Ruta do Vi\u00f1o R\u00edas Baixas comienza su programa de visitas con los \u2018Buses del vino\u2019 | El Digital de Asturias\" \/>\n\t\t<meta property=\"og:description\" content=\"La Ruta do Vi\u00f1o R\u00edas Baixas inicia este martes, d\u00eda 11 de agosto, su programa de visitas con los &#039;Buses del vino&#039;, que llevar\u00e1n a los visitantes a un total de 18 bodegas, tres en cada visita. Los recorridos se desarrollar\u00e1n los martes 11, 18 y 25 y los mi\u00e9rcoles 12, 19 y 26 de\" \/>\n\t\t<meta property=\"og:url\" content=\"https:\/\/eldigitaldeasturias.com\/magazine365\/la-ruta-do-vino-rias-baixas-comienza-su-programa-de-visitas-con-los-buses-del-vino\/\" \/>\n\t\t<meta property=\"og:image\" content=\"https:\/\/eldigitaldeasturias.com\/magazine365\/wp-content\/uploads\/2015\/08\/fotonoticia_20150811120528_800.jpg\" \/>\n\t\t<meta property=\"og:image:secure_url\" content=\"https:\/\/eldigitaldeasturias.com\/magazine365\/wp-content\/uploads\/2015\/08\/fotonoticia_20150811120528_800.jpg\" \/>\n\t\t<meta property=\"og:image:width\" content=\"800\" \/>\n\t\t<meta property=\"og:image:height\" content=\"533\" \/>\n\t\t<meta property=\"article:published_time\" content=\"2015-08-11T15:20:35+00:00\" \/>\n\t\t<meta property=\"article:modified_time\" content=\"2015-08-11T15:20:35+00:00\" \/>\n\t\t<meta name=\"twitter:card\" content=\"summary_large_image\" \/>\n\t\t<meta name=\"twitter:title\" content=\"La Ruta do Vi\u00f1o R\u00edas Baixas comienza su programa de visitas con los \u2018Buses del vino\u2019 | El Digital de Asturias\" \/>\n\t\t<meta name=\"twitter:description\" content=\"La Ruta do Vi\u00f1o R\u00edas Baixas inicia este martes, d\u00eda 11 de agosto, su programa de visitas con los &#039;Buses del vino&#039;, que llevar\u00e1n a los visitantes a un total de 18 bodegas, tres en cada visita. Los recorridos se desarrollar\u00e1n los martes 11, 18 y 25 y los mi\u00e9rcoles 12, 19 y 26 de\" \/>\n\t\t<meta name=\"twitter:image\" content=\"https:\/\/eldigitaldeasturias.com\/magazine365\/wp-content\/uploads\/2015\/08\/fotonoticia_20150811120528_800.jpg\" \/>\n\t\t<script type=\"application\/ld+json\" class=\"aioseo-schema\">\n\t\t\t{\"@context\":\"https:\\\/\\\/schema.org\",\"@graph\":[{\"@type\":\"Article\",\"@id\":\"https:\\\/\\\/eldigitaldeasturias.com\\\/magazine365\\\/la-ruta-do-vino-rias-baixas-comienza-su-programa-de-visitas-con-los-buses-del-vino\\\/#article\",\"name\":\"La Ruta do Vi\\u00f1o R\\u00edas Baixas comienza su programa de visitas con los \\u2018Buses del vino\\u2019 | El Digital de Asturias\",\"headline\":\"La Ruta do Vi\\u00f1o R\\u00edas Baixas comienza su programa de visitas con los &#8216;Buses del vino&#8217;\",\"author\":{\"@id\":\"https:\\\/\\\/eldigitaldeasturias.com\\\/magazine365\\\/author\\\/admin\\\/#author\"},\"publisher\":{\"@id\":\"https:\\\/\\\/eldigitaldeasturias.com\\\/magazine365\\\/#organization\"},\"image\":{\"@type\":\"ImageObject\",\"url\":\"https:\\\/\\\/eldigitaldeasturias.com\\\/magazine365\\\/wp-content\\\/uploads\\\/2015\\\/08\\\/fotonoticia_20150811120528_800.jpg\",\"width\":800,\"height\":533},\"datePublished\":\"2015-08-11T17:20:35+02:00\",\"dateModified\":\"2015-08-11T17:20:35+02:00\",\"inLanguage\":\"es-ES\",\"mainEntityOfPage\":{\"@id\":\"https:\\\/\\\/eldigitaldeasturias.com\\\/magazine365\\\/la-ruta-do-vino-rias-baixas-comienza-su-programa-de-visitas-con-los-buses-del-vino\\\/#webpage\"},\"isPartOf\":{\"@id\":\"https:\\\/\\\/eldigitaldeasturias.com\\\/magazine365\\\/la-ruta-do-vino-rias-baixas-comienza-su-programa-de-visitas-con-los-buses-del-vino\\\/#webpage\"},\"articleSection\":\"Noticias y Actualidad\"},{\"@type\":\"BreadcrumbList\",\"@id\":\"https:\\\/\\\/eldigitaldeasturias.com\\\/magazine365\\\/la-ruta-do-vino-rias-baixas-comienza-su-programa-de-visitas-con-los-buses-del-vino\\\/#breadcrumblist\",\"itemListElement\":[{\"@type\":\"ListItem\",\"@id\":\"https:\\\/\\\/eldigitaldeasturias.com\\\/magazine365#listItem\",\"position\":1,\"name\":\"Home\",\"item\":\"https:\\\/\\\/eldigitaldeasturias.com\\\/magazine365\",\"nextItem\":{\"@type\":\"ListItem\",\"@id\":\"https:\\\/\\\/eldigitaldeasturias.com\\\/magazine365\\\/category\\\/noticias-actualidad\\\/#listItem\",\"name\":\"Noticias y Actualidad\"}},{\"@type\":\"ListItem\",\"@id\":\"https:\\\/\\\/eldigitaldeasturias.com\\\/magazine365\\\/category\\\/noticias-actualidad\\\/#listItem\",\"position\":2,\"name\":\"Noticias y Actualidad\",\"item\":\"https:\\\/\\\/eldigitaldeasturias.com\\\/magazine365\\\/category\\\/noticias-actualidad\\\/\",\"nextItem\":{\"@type\":\"ListItem\",\"@id\":\"https:\\\/\\\/eldigitaldeasturias.com\\\/magazine365\\\/la-ruta-do-vino-rias-baixas-comienza-su-programa-de-visitas-con-los-buses-del-vino\\\/#listItem\",\"name\":\"La Ruta do Vi\\u00f1o R\\u00edas Baixas comienza su programa de visitas con los &#8216;Buses del vino&#8217;\"},\"previousItem\":{\"@type\":\"ListItem\",\"@id\":\"https:\\\/\\\/eldigitaldeasturias.com\\\/magazine365#listItem\",\"name\":\"Home\"}},{\"@type\":\"ListItem\",\"@id\":\"https:\\\/\\\/eldigitaldeasturias.com\\\/magazine365\\\/la-ruta-do-vino-rias-baixas-comienza-su-programa-de-visitas-con-los-buses-del-vino\\\/#listItem\",\"position\":3,\"name\":\"La Ruta do Vi\\u00f1o R\\u00edas Baixas comienza su programa de visitas con los &#8216;Buses del vino&#8217;\",\"previousItem\":{\"@type\":\"ListItem\",\"@id\":\"https:\\\/\\\/eldigitaldeasturias.com\\\/magazine365\\\/category\\\/noticias-actualidad\\\/#listItem\",\"name\":\"Noticias y Actualidad\"}}]},{\"@type\":\"Organization\",\"@id\":\"https:\\\/\\\/eldigitaldeasturias.com\\\/magazine365\\\/#organization\",\"name\":\"El digital de Asturias\",\"description\":\"Revista de ocio, turismo y estilo de vida\",\"url\":\"https:\\\/\\\/eldigitaldeasturias.com\\\/magazine365\\\/\",\"logo\":{\"@type\":\"ImageObject\",\"url\":\"https:\\\/\\\/www.eldigitaldeasturias.com\\\/noticias\\\/wp-content\\\/uploads\\\/2020\\\/12\\\/EDA.jpg\",\"@id\":\"https:\\\/\\\/eldigitaldeasturias.com\\\/magazine365\\\/la-ruta-do-vino-rias-baixas-comienza-su-programa-de-visitas-con-los-buses-del-vino\\\/#organizationLogo\"},\"image\":{\"@id\":\"https:\\\/\\\/eldigitaldeasturias.com\\\/magazine365\\\/la-ruta-do-vino-rias-baixas-comienza-su-programa-de-visitas-con-los-buses-del-vino\\\/#organizationLogo\"}},{\"@type\":\"Person\",\"@id\":\"https:\\\/\\\/eldigitaldeasturias.com\\\/magazine365\\\/author\\\/admin\\\/#author\",\"url\":\"https:\\\/\\\/eldigitaldeasturias.com\\\/magazine365\\\/author\\\/admin\\\/\",\"name\":\"admin\",\"image\":{\"@type\":\"ImageObject\",\"@id\":\"https:\\\/\\\/eldigitaldeasturias.com\\\/magazine365\\\/la-ruta-do-vino-rias-baixas-comienza-su-programa-de-visitas-con-los-buses-del-vino\\\/#authorImage\",\"url\":\"https:\\\/\\\/eldigitaldeasturias.com\\\/magazine365\\\/wp-content\\\/litespeed\\\/avatar\\\/e571bcf59a0edd6fa6838245a470f2fe.jpg?ver=1777574230\",\"width\":96,\"height\":96,\"caption\":\"admin\"}},{\"@type\":\"WebPage\",\"@id\":\"https:\\\/\\\/eldigitaldeasturias.com\\\/magazine365\\\/la-ruta-do-vino-rias-baixas-comienza-su-programa-de-visitas-con-los-buses-del-vino\\\/#webpage\",\"url\":\"https:\\\/\\\/eldigitaldeasturias.com\\\/magazine365\\\/la-ruta-do-vino-rias-baixas-comienza-su-programa-de-visitas-con-los-buses-del-vino\\\/\",\"name\":\"La Ruta do Vi\\u00f1o R\\u00edas Baixas comienza su programa de visitas con los \\u2018Buses del vino\\u2019 | El Digital de Asturias\",\"description\":\"La Ruta do Vi\\u00f1o R\\u00edas Baixas inicia este martes, d\\u00eda 11 de agosto, su programa de visitas con los 'Buses del vino', que llevar\\u00e1n a los visitantes a un total de 18 bodegas, tres en cada visita. Los recorridos se desarrollar\\u00e1n los martes 11, 18 y 25 y los mi\\u00e9rcoles 12, 19 y 26 de\",\"inLanguage\":\"es-ES\",\"isPartOf\":{\"@id\":\"https:\\\/\\\/eldigitaldeasturias.com\\\/magazine365\\\/#website\"},\"breadcrumb\":{\"@id\":\"https:\\\/\\\/eldigitaldeasturias.com\\\/magazine365\\\/la-ruta-do-vino-rias-baixas-comienza-su-programa-de-visitas-con-los-buses-del-vino\\\/#breadcrumblist\"},\"author\":{\"@id\":\"https:\\\/\\\/eldigitaldeasturias.com\\\/magazine365\\\/author\\\/admin\\\/#author\"},\"creator\":{\"@id\":\"https:\\\/\\\/eldigitaldeasturias.com\\\/magazine365\\\/author\\\/admin\\\/#author\"},\"image\":{\"@type\":\"ImageObject\",\"url\":\"https:\\\/\\\/eldigitaldeasturias.com\\\/magazine365\\\/wp-content\\\/uploads\\\/2015\\\/08\\\/fotonoticia_20150811120528_800.jpg\",\"@id\":\"https:\\\/\\\/eldigitaldeasturias.com\\\/magazine365\\\/la-ruta-do-vino-rias-baixas-comienza-su-programa-de-visitas-con-los-buses-del-vino\\\/#mainImage\",\"width\":800,\"height\":533},\"primaryImageOfPage\":{\"@id\":\"https:\\\/\\\/eldigitaldeasturias.com\\\/magazine365\\\/la-ruta-do-vino-rias-baixas-comienza-su-programa-de-visitas-con-los-buses-del-vino\\\/#mainImage\"},\"datePublished\":\"2015-08-11T17:20:35+02:00\",\"dateModified\":\"2015-08-11T17:20:35+02:00\"},{\"@type\":\"WebSite\",\"@id\":\"https:\\\/\\\/eldigitaldeasturias.com\\\/magazine365\\\/#website\",\"url\":\"https:\\\/\\\/eldigitaldeasturias.com\\\/magazine365\\\/\",\"name\":\"El Digital de Asturias\",\"description\":\"Revista de ocio, turismo y estilo de vida\",\"inLanguage\":\"es-ES\",\"publisher\":{\"@id\":\"https:\\\/\\\/eldigitaldeasturias.com\\\/magazine365\\\/#organization\"}}]}\n\t\t<\/script>\n\t\t<!-- All in One SEO Pro -->\r\n\t\t<title>La Ruta do Vi\u00f1o R\u00edas Baixas comienza su programa de visitas con los \u2018Buses del vino\u2019 | El Digital de Asturias<\/title>\n\n","aioseo_head_json":{"title":"La Ruta do Vi\u00f1o R\u00edas Baixas comienza su programa de visitas con los \u2018Buses del vino\u2019 | El Digital de Asturias","description":"La Ruta do Vi\u00f1o R\u00edas Baixas inicia este martes, d\u00eda 11 de agosto, su programa de visitas con los 'Buses del vino', que llevar\u00e1n a los visitantes a un total de 18 bodegas, tres en cada visita. Los recorridos se desarrollar\u00e1n los martes 11, 18 y 25 y los mi\u00e9rcoles 12, 19 y 26 de","canonical_url":"https:\/\/eldigitaldeasturias.com\/magazine365\/la-ruta-do-vino-rias-baixas-comienza-su-programa-de-visitas-con-los-buses-del-vino\/","robots":"max-image-preview:large","keywords":"noticias y actualidad","webmasterTools":{"google-site-verification":"UA-38556648-1","miscellaneous":""},"schema":{"@context":"https:\/\/schema.org","@graph":[{"@type":"Article","@id":"https:\/\/eldigitaldeasturias.com\/magazine365\/la-ruta-do-vino-rias-baixas-comienza-su-programa-de-visitas-con-los-buses-del-vino\/#article","name":"La Ruta do Vi\u00f1o R\u00edas Baixas comienza su programa de visitas con los \u2018Buses del vino\u2019 | El Digital de Asturias","headline":"La Ruta do Vi\u00f1o R\u00edas Baixas comienza su programa de visitas con los &#8216;Buses del vino&#8217;","author":{"@id":"https:\/\/eldigitaldeasturias.com\/magazine365\/author\/admin\/#author"},"publisher":{"@id":"https:\/\/eldigitaldeasturias.com\/magazine365\/#organization"},"image":{"@type":"ImageObject","url":"https:\/\/eldigitaldeasturias.com\/magazine365\/wp-content\/uploads\/2015\/08\/fotonoticia_20150811120528_800.jpg","width":800,"height":533},"datePublished":"2015-08-11T17:20:35+02:00","dateModified":"2015-08-11T17:20:35+02:00","inLanguage":"es-ES","mainEntityOfPage":{"@id":"https:\/\/eldigitaldeasturias.com\/magazine365\/la-ruta-do-vino-rias-baixas-comienza-su-programa-de-visitas-con-los-buses-del-vino\/#webpage"},"isPartOf":{"@id":"https:\/\/eldigitaldeasturias.com\/magazine365\/la-ruta-do-vino-rias-baixas-comienza-su-programa-de-visitas-con-los-buses-del-vino\/#webpage"},"articleSection":"Noticias y Actualidad"},{"@type":"BreadcrumbList","@id":"https:\/\/eldigitaldeasturias.com\/magazine365\/la-ruta-do-vino-rias-baixas-comienza-su-programa-de-visitas-con-los-buses-del-vino\/#breadcrumblist","itemListElement":[{"@type":"ListItem","@id":"https:\/\/eldigitaldeasturias.com\/magazine365#listItem","position":1,"name":"Home","item":"https:\/\/eldigitaldeasturias.com\/magazine365","nextItem":{"@type":"ListItem","@id":"https:\/\/eldigitaldeasturias.com\/magazine365\/category\/noticias-actualidad\/#listItem","name":"Noticias y Actualidad"}},{"@type":"ListItem","@id":"https:\/\/eldigitaldeasturias.com\/magazine365\/category\/noticias-actualidad\/#listItem","position":2,"name":"Noticias y Actualidad","item":"https:\/\/eldigitaldeasturias.com\/magazine365\/category\/noticias-actualidad\/","nextItem":{"@type":"ListItem","@id":"https:\/\/eldigitaldeasturias.com\/magazine365\/la-ruta-do-vino-rias-baixas-comienza-su-programa-de-visitas-con-los-buses-del-vino\/#listItem","name":"La Ruta do Vi\u00f1o R\u00edas Baixas comienza su programa de visitas con los &#8216;Buses del vino&#8217;"},"previousItem":{"@type":"ListItem","@id":"https:\/\/eldigitaldeasturias.com\/magazine365#listItem","name":"Home"}},{"@type":"ListItem","@id":"https:\/\/eldigitaldeasturias.com\/magazine365\/la-ruta-do-vino-rias-baixas-comienza-su-programa-de-visitas-con-los-buses-del-vino\/#listItem","position":3,"name":"La Ruta do Vi\u00f1o R\u00edas Baixas comienza su programa de visitas con los &#8216;Buses del vino&#8217;","previousItem":{"@type":"ListItem","@id":"https:\/\/eldigitaldeasturias.com\/magazine365\/category\/noticias-actualidad\/#listItem","name":"Noticias y Actualidad"}}]},{"@type":"Organization","@id":"https:\/\/eldigitaldeasturias.com\/magazine365\/#organization","name":"El digital de Asturias","description":"Revista de ocio, turismo y estilo de vida","url":"https:\/\/eldigitaldeasturias.com\/magazine365\/","logo":{"@type":"ImageObject","url":"https:\/\/www.eldigitaldeasturias.com\/noticias\/wp-content\/uploads\/2020\/12\/EDA.jpg","@id":"https:\/\/eldigitaldeasturias.com\/magazine365\/la-ruta-do-vino-rias-baixas-comienza-su-programa-de-visitas-con-los-buses-del-vino\/#organizationLogo"},"image":{"@id":"https:\/\/eldigitaldeasturias.com\/magazine365\/la-ruta-do-vino-rias-baixas-comienza-su-programa-de-visitas-con-los-buses-del-vino\/#organizationLogo"}},{"@type":"Person","@id":"https:\/\/eldigitaldeasturias.com\/magazine365\/author\/admin\/#author","url":"https:\/\/eldigitaldeasturias.com\/magazine365\/author\/admin\/","name":"admin","image":{"@type":"ImageObject","@id":"https:\/\/eldigitaldeasturias.com\/magazine365\/la-ruta-do-vino-rias-baixas-comienza-su-programa-de-visitas-con-los-buses-del-vino\/#authorImage","url":"https:\/\/eldigitaldeasturias.com\/magazine365\/wp-content\/litespeed\/avatar\/e571bcf59a0edd6fa6838245a470f2fe.jpg?ver=1777574230","width":96,"height":96,"caption":"admin"}},{"@type":"WebPage","@id":"https:\/\/eldigitaldeasturias.com\/magazine365\/la-ruta-do-vino-rias-baixas-comienza-su-programa-de-visitas-con-los-buses-del-vino\/#webpage","url":"https:\/\/eldigitaldeasturias.com\/magazine365\/la-ruta-do-vino-rias-baixas-comienza-su-programa-de-visitas-con-los-buses-del-vino\/","name":"La Ruta do Vi\u00f1o R\u00edas Baixas comienza su programa de visitas con los \u2018Buses del vino\u2019 | El Digital de Asturias","description":"La Ruta do Vi\u00f1o R\u00edas Baixas inicia este martes, d\u00eda 11 de agosto, su programa de visitas con los 'Buses del vino', que llevar\u00e1n a los visitantes a un total de 18 bodegas, tres en cada visita. Los recorridos se desarrollar\u00e1n los martes 11, 18 y 25 y los mi\u00e9rcoles 12, 19 y 26 de","inLanguage":"es-ES","isPartOf":{"@id":"https:\/\/eldigitaldeasturias.com\/magazine365\/#website"},"breadcrumb":{"@id":"https:\/\/eldigitaldeasturias.com\/magazine365\/la-ruta-do-vino-rias-baixas-comienza-su-programa-de-visitas-con-los-buses-del-vino\/#breadcrumblist"},"author":{"@id":"https:\/\/eldigitaldeasturias.com\/magazine365\/author\/admin\/#author"},"creator":{"@id":"https:\/\/eldigitaldeasturias.com\/magazine365\/author\/admin\/#author"},"image":{"@type":"ImageObject","url":"https:\/\/eldigitaldeasturias.com\/magazine365\/wp-content\/uploads\/2015\/08\/fotonoticia_20150811120528_800.jpg","@id":"https:\/\/eldigitaldeasturias.com\/magazine365\/la-ruta-do-vino-rias-baixas-comienza-su-programa-de-visitas-con-los-buses-del-vino\/#mainImage","width":800,"height":533},"primaryImageOfPage":{"@id":"https:\/\/eldigitaldeasturias.com\/magazine365\/la-ruta-do-vino-rias-baixas-comienza-su-programa-de-visitas-con-los-buses-del-vino\/#mainImage"},"datePublished":"2015-08-11T17:20:35+02:00","dateModified":"2015-08-11T17:20:35+02:00"},{"@type":"WebSite","@id":"https:\/\/eldigitaldeasturias.com\/magazine365\/#website","url":"https:\/\/eldigitaldeasturias.com\/magazine365\/","name":"El Digital de Asturias","description":"Revista de ocio, turismo y estilo de vida","inLanguage":"es-ES","publisher":{"@id":"https:\/\/eldigitaldeasturias.com\/magazine365\/#organization"}}]},"og:locale":"es_ES","og:site_name":"El Digital de Asturias \u2013 Revista de ocio, turismo y estilo de vida","og:type":"article","og:title":"La Ruta do Vi\u00f1o R\u00edas Baixas comienza su programa de visitas con los \u2018Buses del vino\u2019 | El Digital de Asturias","og:description":"La Ruta do Vi\u00f1o R\u00edas Baixas inicia este martes, d\u00eda 11 de agosto, su programa de visitas con los 'Buses del vino', que llevar\u00e1n a los visitantes a un total de 18 bodegas, tres en cada visita. Los recorridos se desarrollar\u00e1n los martes 11, 18 y 25 y los mi\u00e9rcoles 12, 19 y 26 de","og:url":"https:\/\/eldigitaldeasturias.com\/magazine365\/la-ruta-do-vino-rias-baixas-comienza-su-programa-de-visitas-con-los-buses-del-vino\/","og:image":"https:\/\/eldigitaldeasturias.com\/magazine365\/wp-content\/uploads\/2015\/08\/fotonoticia_20150811120528_800.jpg","og:image:secure_url":"https:\/\/eldigitaldeasturias.com\/magazine365\/wp-content\/uploads\/2015\/08\/fotonoticia_20150811120528_800.jpg","og:image:width":800,"og:image:height":533,"article:published_time":"2015-08-11T15:20:35+00:00","article:modified_time":"2015-08-11T15:20:35+00:00","twitter:card":"summary_large_image","twitter:title":"La Ruta do Vi\u00f1o R\u00edas Baixas comienza su programa de visitas con los \u2018Buses del vino\u2019 | El Digital de Asturias","twitter:description":"La Ruta do Vi\u00f1o R\u00edas Baixas inicia este martes, d\u00eda 11 de agosto, su programa de visitas con los 'Buses del vino', que llevar\u00e1n a los visitantes a un total de 18 bodegas, tres en cada visita. Los recorridos se desarrollar\u00e1n los martes 11, 18 y 25 y los mi\u00e9rcoles 12, 19 y 26 de","twitter:image":"https:\/\/eldigitaldeasturias.com\/magazine365\/wp-content\/uploads\/2015\/08\/fotonoticia_20150811120528_800.jpg"},"aioseo_meta_data":{"post_id":"45590","title":null,"description":null,"keywords":null,"keyphrases":null,"primary_term":null,"canonical_url":null,"og_title":null,"og_description":null,"og_object_type":"default","og_image_type":"default","og_image_url":null,"og_image_width":null,"og_image_height":null,"og_image_custom_url":null,"og_image_custom_fields":null,"og_video":null,"og_custom_url":null,"og_article_section":null,"og_article_tags":null,"twitter_use_og":false,"twitter_card":"default","twitter_image_type":"default","twitter_image_url":null,"twitter_image_custom_url":null,"twitter_image_custom_fields":null,"twitter_title":null,"twitter_description":null,"schema":{"blockGraphs":[],"customGraphs":[],"default":{"data":{"Article":[],"Course":[],"Dataset":[],"FAQPage":[],"Movie":[],"Person":[],"Product":[],"ProductReview":[],"Car":[],"Recipe":[],"Service":[],"SoftwareApplication":[],"WebPage":[]},"graphName":"","isEnabled":true},"graphs":[],"defaultGraph":"","defaultPostTypeGraph":""},"schema_type":null,"schema_type_options":null,"pillar_content":false,"robots_default":true,"robots_noindex":false,"robots_noarchive":false,"robots_nosnippet":false,"robots_nofollow":false,"robots_noimageindex":false,"robots_noodp":false,"robots_notranslate":false,"robots_max_snippet":null,"robots_max_videopreview":null,"robots_max_imagepreview":"large","priority":null,"frequency":null,"location":null,"local_seo":null,"seo_analyzer_scan_date":"2025-09-20 00:21:10","breadcrumb_settings":null,"limit_modified_date":false,"open_ai":null,"ai":null,"created":"2021-03-09 01:18:46","updated":"2025-09-20 00:21:10"},"aioseo_breadcrumb":"<div class=\"aioseo-breadcrumbs\"><span class=\"aioseo-breadcrumb\">\n\t<a href=\"https:\/\/eldigitaldeasturias.com\/magazine365\" title=\"Home\">Home<\/a>\n<\/span><span class=\"aioseo-breadcrumb-separator\">\u2013<\/span><span class=\"aioseo-breadcrumb\">\n\t<a href=\"https:\/\/eldigitaldeasturias.com\/magazine365\/category\/noticias-actualidad\/\" title=\"Noticias y Actualidad\">Noticias y Actualidad<\/a>\n<\/span><span class=\"aioseo-breadcrumb-separator\">\u2013<\/span><span class=\"aioseo-breadcrumb\">\n\t<a href=\"https:\/\/eldigitaldeasturias.com\/magazine365\/la-ruta-do-vino-rias-baixas-comienza-su-programa-de-visitas-con-los-buses-del-vino\/\" title=\"La Ruta do Vi\u00f1o R\u00edas Baixas comienza su programa de visitas con los \u2018Buses del vino\u2019\">La Ruta do Vi\u00f1o R\u00edas Baixas comienza su programa de visitas con los \u2018Buses del vino\u2019<\/a>\n<\/span><\/div>","aioseo_breadcrumb_json":[{"label":"Home","link":"https:\/\/eldigitaldeasturias.com\/magazine365"},{"label":"Noticias y Actualidad","link":"https:\/\/eldigitaldeasturias.com\/magazine365\/category\/noticias-actualidad\/"},{"label":"La Ruta do Vi\u00f1o R\u00edas Baixas comienza su programa de visitas con los &#8216;Buses del vino&#8217;","link":"https:\/\/eldigitaldeasturias.com\/magazine365\/la-ruta-do-vino-rias-baixas-comienza-su-programa-de-visitas-con-los-buses-del-vino\/"}],"_links":{"self":[{"href":"https:\/\/eldigitaldeasturias.com\/magazine365\/wp-json\/wp\/v2\/posts\/45590","targetHints":{"allow":["GET"]}}],"collection":[{"href":"https:\/\/eldigitaldeasturias.com\/magazine365\/wp-json\/wp\/v2\/posts"}],"about":[{"href":"https:\/\/eldigitaldeasturias.com\/magazine365\/wp-json\/wp\/v2\/types\/post"}],"author":[{"embeddable":true,"href":"https:\/\/eldigitaldeasturias.com\/magazine365\/wp-json\/wp\/v2\/users\/1"}],"replies":[{"embeddable":true,"href":"https:\/\/eldigitaldeasturias.com\/magazine365\/wp-json\/wp\/v2\/comments?post=45590"}],"version-history":[{"count":0,"href":"https:\/\/eldigitaldeasturias.com\/magazine365\/wp-json\/wp\/v2\/posts\/45590\/revisions"}],"wp:featuredmedia":[{"embeddable":true,"href":"https:\/\/eldigitaldeasturias.com\/magazine365\/wp-json\/wp\/v2\/media\/45591"}],"wp:attachment":[{"href":"https:\/\/eldigitaldeasturias.com\/magazine365\/wp-json\/wp\/v2\/media?parent=45590"}],"wp:term":[{"taxonomy":"category","embeddable":true,"href":"https:\/\/eldigitaldeasturias.com\/magazine365\/wp-json\/wp\/v2\/categories?post=45590"},{"taxonomy":"post_tag","embeddable":true,"href":"https:\/\/eldigitaldeasturias.com\/magazine365\/wp-json\/wp\/v2\/tags?post=45590"}],"curies":[{"name":"wp","href":"https:\/\/api.w.org\/{rel}","templated":true}]}}