{"id":45500,"date":"2015-08-10T22:09:30","date_gmt":"2015-08-10T20:09:30","guid":{"rendered":"http:\/\/eldigitaldeasturias.com\/magazine365\/?p=45500"},"modified":"2015-08-10T22:09:30","modified_gmt":"2015-08-10T20:09:30","slug":"la-xunta-y-el-cluster-de-turismo-firman-un-convenio-de-colaboracion","status":"publish","type":"post","link":"https:\/\/eldigitaldeasturias.com\/magazine365\/la-xunta-y-el-cluster-de-turismo-firman-un-convenio-de-colaboracion\/","title":{"rendered":"La Xunta y el Cl\u00faster de Turismo firman un convenio de colaboraci\u00f3n"},"content":{"rendered":"<p><img fetchpriority=\"high\" decoding=\"async\" class=\"alignleft size-medium wp-image-45501\" src=\"https:\/\/eldigitaldeasturias.com\/magazine365\/wp-content\/uploads\/2015\/08\/fotonoticia_20150810145227_800-360x240.jpg\" alt=\"fotonoticia_20150810145227_800\" width=\"360\" height=\"240\" srcset=\"https:\/\/eldigitaldeasturias.com\/magazine365\/wp-content\/uploads\/2015\/08\/fotonoticia_20150810145227_800-360x240.jpg 360w, https:\/\/eldigitaldeasturias.com\/magazine365\/wp-content\/uploads\/2015\/08\/fotonoticia_20150810145227_800-650x433.jpg 650w, https:\/\/eldigitaldeasturias.com\/magazine365\/wp-content\/uploads\/2015\/08\/fotonoticia_20150810145227_800-768x512.jpg 768w, https:\/\/eldigitaldeasturias.com\/magazine365\/wp-content\/uploads\/2015\/08\/fotonoticia_20150810145227_800-150x100.jpg 150w, https:\/\/eldigitaldeasturias.com\/magazine365\/wp-content\/uploads\/2015\/08\/fotonoticia_20150810145227_800-450x300.jpg 450w, https:\/\/eldigitaldeasturias.com\/magazine365\/wp-content\/uploads\/2015\/08\/fotonoticia_20150810145227_800-696x464.jpg 696w, https:\/\/eldigitaldeasturias.com\/magazine365\/wp-content\/uploads\/2015\/08\/fotonoticia_20150810145227_800-630x420.jpg 630w, https:\/\/eldigitaldeasturias.com\/magazine365\/wp-content\/uploads\/2015\/08\/fotonoticia_20150810145227_800-84x55.jpg 84w, https:\/\/eldigitaldeasturias.com\/magazine365\/wp-content\/uploads\/2015\/08\/fotonoticia_20150810145227_800.jpg 800w\" sizes=\"(max-width: 360px) 100vw, 360px\" \/>La directora de Turismo de la Xunta, Nava Castro, y el director del Cl\u00faster de Turismo de Galicia, Francisco Gonz\u00e1lez, han firmado este lunes un convenio de colaboraci\u00f3n p\u00fablica-privada para la formaci\u00f3n de los equipos directivos en el sector.<\/p>\n<p>El programa de formaci\u00f3n cuenta con 60 horas lectivas divididas en tres fases, la primera de ellas ser\u00e1n seis jornadas divulgativas con empresarios \u00abde prestigio\u00bb en distintos lugares de Galicia, de las que ser\u00e1n seleccionados los alumnos de la siguiente fase.<\/p>\n<p>La segunda etapa ser\u00e1 un curso de formaci\u00f3n, que transcurrir\u00e1 en la ciudad de Santiago, con l\u00edneas adaptadas a cada negocio y territorio gallego.<\/p>\n<p>Por \u00faltimo, se celebrar\u00e1n dos jornadas de puertas abiertas con ponentes, todav\u00eda por confirmar, que trabajan en \u00abcasos de \u00e9xito\u00bb nacional e internacional, seg\u00fan ha asegurado Gonz\u00e1lez. En total, m\u00e1s de 200 directivos participar\u00e1n en el programa.<\/p>\n<p>Por otra parte, junto con el fomento del talento empresarial, el convenio tambi\u00e9n presenta una l\u00ednea de actuaci\u00f3n enfocada a la implantaci\u00f3n y el aprovechamiento de las nuevas tecnolog\u00edas en el sector tur\u00edstico, seg\u00fan ha explicado Nava Castro.<\/p>\n<p>El director del Cl\u00faster ha destacado la importancia de que los directivos tur\u00edsticos cuenten con \u00abalta cualificaci\u00f3n para poder trabajar por la rentabilidad\u00bb manteniendo un \u00abproducto merecedor\u00bb del distintivo Galicia Calidade.<\/p>\n<p>En relaci\u00f3n a esto, Gonz\u00e1lez ha se\u00f1alado que el turismo gallego es un \u00abproducto diferenciador\u00bb con experiencias, como los vinos de la Ribeira Sacra, el Camino de Santiago y la playa de las Catedrales. \u00abGalicia s\u00f3lo se puede disfrutar viniendo a Galicia\u00bb, ha matizado.<\/p>\n<p>REGULACI\u00d3N DE LOS PISOS TUR\u00cdSTICOS<\/p>\n<p>La directora de Turismo tambi\u00e9n ha comentado la nueva normativa de alquiler de pisos tur\u00edsticos, en la que se pondr\u00e1n en marcha medidas de inspecci\u00f3n, por seguimiento o denuncia, que aseguren que los apartamentos est\u00e9n inscritos en el Registro de Actividades Tur\u00edsticas y cumplen con todos los criterios.<\/p>\n<p>Al respecto, el responsable del Cl\u00faster ha manifestado que desde la agrupaci\u00f3n est\u00e1n \u00abcontentos\u00bb con la ordenanza, ya que ven\u00edan pidiendo una \u00abregularizaci\u00f3n\u00bb para eliminar la \u00abambig\u00fcedad\u00bb que se produc\u00eda con estos pisos, en los que no se diferenciaba si atend\u00edan a la actividad \u00abinmobiliaria o tur\u00edstica\u00bb.<\/p>\n<p>En relaci\u00f3n con otros asuntos tur\u00edsticos, Nava Castro ha comentado que le parece \u00abb\u00e1rbara\u00bb la propuesta del de\u00e1n de la Catedral de Santiago, Segundo P\u00e9rez, de ofrecer a los peregrinos descuentos especiales.<\/p>\n<p>Esta proposici\u00f3n se presentar\u00e1 en el &#8216;Plan Director del Camino&#8217; para \u00abdiferenciar\u00bb al peregrino por el esfuerzo de realizar un recorrido que cuenta con \u00ab1.500 kil\u00f3metros y m\u00e1s de 100 ayuntamientos\u00bb.<\/p>\n<p>Gonz\u00e1lez ha coincidido con Castro en la importancia de colaborar con los peregrinos pues son los \u00abembajadores internacionales y nacionales\u00bb del turismo gallego, que \u00abprimero descubren Galicia gracias al Camino y despu\u00e9s vuelven\u00bb.<\/p>\n<p>Nava Castro ha vuelto a destacar el incremento de las cifras de junio en un 21% m\u00e1s de visitantes con respecto al mismo mes en el a\u00f1o 2014, y que suponen \u00abm\u00e1ximos hist\u00f3ricos\u00bb en comparaci\u00f3n con el \u00faltimo A\u00f1o Santo Xacobeo, celebrado en 2010.<\/p>\n","protected":false},"excerpt":{"rendered":"<p>La directora de Turismo de la Xunta, Nava Castro, y el director del Cl\u00faster de Turismo de Galicia, Francisco Gonz\u00e1lez, han firmado este lunes un convenio de colaboraci\u00f3n p\u00fablica-privada para la formaci\u00f3n de los equipos directivos en el sector. El programa de formaci\u00f3n cuenta con 60 horas lectivas divididas en tres fases, la primera de<\/p>\n","protected":false},"author":1,"featured_media":45501,"comment_status":"open","ping_status":"closed","sticky":false,"template":"","format":"standard","meta":{"footnotes":""},"categories":[224],"tags":[],"class_list":{"0":"post-45500","1":"post","2":"type-post","3":"status-publish","4":"format-standard","5":"has-post-thumbnail","7":"category-noticias-actualidad"},"aioseo_notices":[],"aioseo_head":"\n\t\t<!-- All in One SEO Pro 4.9.6.1 - aioseo.com -->\n\t<meta name=\"description\" content=\"La directora de Turismo de la Xunta, Nava Castro, y el director del Cl\u00faster de Turismo de Galicia, Francisco Gonz\u00e1lez, han firmado este lunes un convenio de colaboraci\u00f3n p\u00fablica-privada para la formaci\u00f3n de los equipos directivos en el sector. El programa de formaci\u00f3n cuenta con 60 horas lectivas divididas en tres fases, la primera de\" \/>\n\t<meta name=\"robots\" content=\"max-image-preview:large\" \/>\n\t<meta name=\"author\" content=\"admin\"\/>\n\t<meta name=\"google-site-verification\" content=\"UA-38556648-1\" \/>\n\t<meta name=\"keywords\" content=\"noticias y actualidad\" \/>\n\t<link rel=\"canonical\" href=\"https:\/\/eldigitaldeasturias.com\/magazine365\/la-xunta-y-el-cluster-de-turismo-firman-un-convenio-de-colaboracion\/\" \/>\n\t<meta name=\"generator\" content=\"All in One SEO Pro (AIOSEO) 4.9.6.1\" \/>\n\t\t<meta property=\"og:locale\" content=\"es_ES\" \/>\n\t\t<meta property=\"og:site_name\" content=\"El Digital de Asturias \u2013 Revista de ocio, turismo y estilo de vida\" \/>\n\t\t<meta property=\"og:type\" content=\"article\" \/>\n\t\t<meta property=\"og:title\" content=\"La Xunta y el Cl\u00faster de Turismo firman un convenio de colaboraci\u00f3n | El Digital de Asturias\" \/>\n\t\t<meta property=\"og:description\" content=\"La directora de Turismo de la Xunta, Nava Castro, y el director del Cl\u00faster de Turismo de Galicia, Francisco Gonz\u00e1lez, han firmado este lunes un convenio de colaboraci\u00f3n p\u00fablica-privada para la formaci\u00f3n de los equipos directivos en el sector. El programa de formaci\u00f3n cuenta con 60 horas lectivas divididas en tres fases, la primera de\" \/>\n\t\t<meta property=\"og:url\" content=\"https:\/\/eldigitaldeasturias.com\/magazine365\/la-xunta-y-el-cluster-de-turismo-firman-un-convenio-de-colaboracion\/\" \/>\n\t\t<meta property=\"og:image\" content=\"https:\/\/eldigitaldeasturias.com\/magazine365\/wp-content\/uploads\/2015\/08\/fotonoticia_20150810145227_800.jpg\" \/>\n\t\t<meta property=\"og:image:secure_url\" content=\"https:\/\/eldigitaldeasturias.com\/magazine365\/wp-content\/uploads\/2015\/08\/fotonoticia_20150810145227_800.jpg\" \/>\n\t\t<meta property=\"og:image:width\" content=\"800\" \/>\n\t\t<meta property=\"og:image:height\" content=\"533\" \/>\n\t\t<meta property=\"article:published_time\" content=\"2015-08-10T20:09:30+00:00\" \/>\n\t\t<meta property=\"article:modified_time\" content=\"2015-08-10T20:09:30+00:00\" \/>\n\t\t<meta name=\"twitter:card\" content=\"summary_large_image\" \/>\n\t\t<meta name=\"twitter:title\" content=\"La Xunta y el Cl\u00faster de Turismo firman un convenio de colaboraci\u00f3n | El Digital de Asturias\" \/>\n\t\t<meta name=\"twitter:description\" content=\"La directora de Turismo de la Xunta, Nava Castro, y el director del Cl\u00faster de Turismo de Galicia, Francisco Gonz\u00e1lez, han firmado este lunes un convenio de colaboraci\u00f3n p\u00fablica-privada para la formaci\u00f3n de los equipos directivos en el sector. El programa de formaci\u00f3n cuenta con 60 horas lectivas divididas en tres fases, la primera de\" \/>\n\t\t<meta name=\"twitter:image\" content=\"https:\/\/eldigitaldeasturias.com\/magazine365\/wp-content\/uploads\/2015\/08\/fotonoticia_20150810145227_800.jpg\" \/>\n\t\t<script type=\"application\/ld+json\" class=\"aioseo-schema\">\n\t\t\t{\"@context\":\"https:\\\/\\\/schema.org\",\"@graph\":[{\"@type\":\"Article\",\"@id\":\"https:\\\/\\\/eldigitaldeasturias.com\\\/magazine365\\\/la-xunta-y-el-cluster-de-turismo-firman-un-convenio-de-colaboracion\\\/#article\",\"name\":\"La Xunta y el Cl\\u00faster de Turismo firman un convenio de colaboraci\\u00f3n | El Digital de Asturias\",\"headline\":\"La Xunta y el Cl\\u00faster de Turismo firman un convenio de colaboraci\\u00f3n\",\"author\":{\"@id\":\"https:\\\/\\\/eldigitaldeasturias.com\\\/magazine365\\\/author\\\/admin\\\/#author\"},\"publisher\":{\"@id\":\"https:\\\/\\\/eldigitaldeasturias.com\\\/magazine365\\\/#organization\"},\"image\":{\"@type\":\"ImageObject\",\"url\":\"https:\\\/\\\/eldigitaldeasturias.com\\\/magazine365\\\/wp-content\\\/uploads\\\/2015\\\/08\\\/fotonoticia_20150810145227_800.jpg\",\"width\":800,\"height\":533},\"datePublished\":\"2015-08-10T22:09:30+02:00\",\"dateModified\":\"2015-08-10T22:09:30+02:00\",\"inLanguage\":\"es-ES\",\"mainEntityOfPage\":{\"@id\":\"https:\\\/\\\/eldigitaldeasturias.com\\\/magazine365\\\/la-xunta-y-el-cluster-de-turismo-firman-un-convenio-de-colaboracion\\\/#webpage\"},\"isPartOf\":{\"@id\":\"https:\\\/\\\/eldigitaldeasturias.com\\\/magazine365\\\/la-xunta-y-el-cluster-de-turismo-firman-un-convenio-de-colaboracion\\\/#webpage\"},\"articleSection\":\"Noticias y Actualidad\"},{\"@type\":\"BreadcrumbList\",\"@id\":\"https:\\\/\\\/eldigitaldeasturias.com\\\/magazine365\\\/la-xunta-y-el-cluster-de-turismo-firman-un-convenio-de-colaboracion\\\/#breadcrumblist\",\"itemListElement\":[{\"@type\":\"ListItem\",\"@id\":\"https:\\\/\\\/eldigitaldeasturias.com\\\/magazine365#listItem\",\"position\":1,\"name\":\"Home\",\"item\":\"https:\\\/\\\/eldigitaldeasturias.com\\\/magazine365\",\"nextItem\":{\"@type\":\"ListItem\",\"@id\":\"https:\\\/\\\/eldigitaldeasturias.com\\\/magazine365\\\/category\\\/noticias-actualidad\\\/#listItem\",\"name\":\"Noticias y Actualidad\"}},{\"@type\":\"ListItem\",\"@id\":\"https:\\\/\\\/eldigitaldeasturias.com\\\/magazine365\\\/category\\\/noticias-actualidad\\\/#listItem\",\"position\":2,\"name\":\"Noticias y Actualidad\",\"item\":\"https:\\\/\\\/eldigitaldeasturias.com\\\/magazine365\\\/category\\\/noticias-actualidad\\\/\",\"nextItem\":{\"@type\":\"ListItem\",\"@id\":\"https:\\\/\\\/eldigitaldeasturias.com\\\/magazine365\\\/la-xunta-y-el-cluster-de-turismo-firman-un-convenio-de-colaboracion\\\/#listItem\",\"name\":\"La Xunta y el Cl\\u00faster de Turismo firman un convenio de colaboraci\\u00f3n\"},\"previousItem\":{\"@type\":\"ListItem\",\"@id\":\"https:\\\/\\\/eldigitaldeasturias.com\\\/magazine365#listItem\",\"name\":\"Home\"}},{\"@type\":\"ListItem\",\"@id\":\"https:\\\/\\\/eldigitaldeasturias.com\\\/magazine365\\\/la-xunta-y-el-cluster-de-turismo-firman-un-convenio-de-colaboracion\\\/#listItem\",\"position\":3,\"name\":\"La Xunta y el Cl\\u00faster de Turismo firman un convenio de colaboraci\\u00f3n\",\"previousItem\":{\"@type\":\"ListItem\",\"@id\":\"https:\\\/\\\/eldigitaldeasturias.com\\\/magazine365\\\/category\\\/noticias-actualidad\\\/#listItem\",\"name\":\"Noticias y Actualidad\"}}]},{\"@type\":\"Organization\",\"@id\":\"https:\\\/\\\/eldigitaldeasturias.com\\\/magazine365\\\/#organization\",\"name\":\"El digital de Asturias\",\"description\":\"Revista de ocio, turismo y estilo de vida\",\"url\":\"https:\\\/\\\/eldigitaldeasturias.com\\\/magazine365\\\/\",\"logo\":{\"@type\":\"ImageObject\",\"url\":\"https:\\\/\\\/www.eldigitaldeasturias.com\\\/noticias\\\/wp-content\\\/uploads\\\/2020\\\/12\\\/EDA.jpg\",\"@id\":\"https:\\\/\\\/eldigitaldeasturias.com\\\/magazine365\\\/la-xunta-y-el-cluster-de-turismo-firman-un-convenio-de-colaboracion\\\/#organizationLogo\"},\"image\":{\"@id\":\"https:\\\/\\\/eldigitaldeasturias.com\\\/magazine365\\\/la-xunta-y-el-cluster-de-turismo-firman-un-convenio-de-colaboracion\\\/#organizationLogo\"}},{\"@type\":\"Person\",\"@id\":\"https:\\\/\\\/eldigitaldeasturias.com\\\/magazine365\\\/author\\\/admin\\\/#author\",\"url\":\"https:\\\/\\\/eldigitaldeasturias.com\\\/magazine365\\\/author\\\/admin\\\/\",\"name\":\"admin\",\"image\":{\"@type\":\"ImageObject\",\"@id\":\"https:\\\/\\\/eldigitaldeasturias.com\\\/magazine365\\\/la-xunta-y-el-cluster-de-turismo-firman-un-convenio-de-colaboracion\\\/#authorImage\",\"url\":\"https:\\\/\\\/eldigitaldeasturias.com\\\/magazine365\\\/wp-content\\\/litespeed\\\/avatar\\\/e571bcf59a0edd6fa6838245a470f2fe.jpg?ver=1777574230\",\"width\":96,\"height\":96,\"caption\":\"admin\"}},{\"@type\":\"WebPage\",\"@id\":\"https:\\\/\\\/eldigitaldeasturias.com\\\/magazine365\\\/la-xunta-y-el-cluster-de-turismo-firman-un-convenio-de-colaboracion\\\/#webpage\",\"url\":\"https:\\\/\\\/eldigitaldeasturias.com\\\/magazine365\\\/la-xunta-y-el-cluster-de-turismo-firman-un-convenio-de-colaboracion\\\/\",\"name\":\"La Xunta y el Cl\\u00faster de Turismo firman un convenio de colaboraci\\u00f3n | El Digital de Asturias\",\"description\":\"La directora de Turismo de la Xunta, Nava Castro, y el director del Cl\\u00faster de Turismo de Galicia, Francisco Gonz\\u00e1lez, han firmado este lunes un convenio de colaboraci\\u00f3n p\\u00fablica-privada para la formaci\\u00f3n de los equipos directivos en el sector. El programa de formaci\\u00f3n cuenta con 60 horas lectivas divididas en tres fases, la primera de\",\"inLanguage\":\"es-ES\",\"isPartOf\":{\"@id\":\"https:\\\/\\\/eldigitaldeasturias.com\\\/magazine365\\\/#website\"},\"breadcrumb\":{\"@id\":\"https:\\\/\\\/eldigitaldeasturias.com\\\/magazine365\\\/la-xunta-y-el-cluster-de-turismo-firman-un-convenio-de-colaboracion\\\/#breadcrumblist\"},\"author\":{\"@id\":\"https:\\\/\\\/eldigitaldeasturias.com\\\/magazine365\\\/author\\\/admin\\\/#author\"},\"creator\":{\"@id\":\"https:\\\/\\\/eldigitaldeasturias.com\\\/magazine365\\\/author\\\/admin\\\/#author\"},\"image\":{\"@type\":\"ImageObject\",\"url\":\"https:\\\/\\\/eldigitaldeasturias.com\\\/magazine365\\\/wp-content\\\/uploads\\\/2015\\\/08\\\/fotonoticia_20150810145227_800.jpg\",\"@id\":\"https:\\\/\\\/eldigitaldeasturias.com\\\/magazine365\\\/la-xunta-y-el-cluster-de-turismo-firman-un-convenio-de-colaboracion\\\/#mainImage\",\"width\":800,\"height\":533},\"primaryImageOfPage\":{\"@id\":\"https:\\\/\\\/eldigitaldeasturias.com\\\/magazine365\\\/la-xunta-y-el-cluster-de-turismo-firman-un-convenio-de-colaboracion\\\/#mainImage\"},\"datePublished\":\"2015-08-10T22:09:30+02:00\",\"dateModified\":\"2015-08-10T22:09:30+02:00\"},{\"@type\":\"WebSite\",\"@id\":\"https:\\\/\\\/eldigitaldeasturias.com\\\/magazine365\\\/#website\",\"url\":\"https:\\\/\\\/eldigitaldeasturias.com\\\/magazine365\\\/\",\"name\":\"El Digital de Asturias\",\"description\":\"Revista de ocio, turismo y estilo de vida\",\"inLanguage\":\"es-ES\",\"publisher\":{\"@id\":\"https:\\\/\\\/eldigitaldeasturias.com\\\/magazine365\\\/#organization\"}}]}\n\t\t<\/script>\n\t\t<!-- All in One SEO Pro -->\r\n\t\t<title>La Xunta y el Cl\u00faster de Turismo firman un convenio de colaboraci\u00f3n | El Digital de Asturias<\/title>\n\n","aioseo_head_json":{"title":"La Xunta y el Cl\u00faster de Turismo firman un convenio de colaboraci\u00f3n | El Digital de Asturias","description":"La directora de Turismo de la Xunta, Nava Castro, y el director del Cl\u00faster de Turismo de Galicia, Francisco Gonz\u00e1lez, han firmado este lunes un convenio de colaboraci\u00f3n p\u00fablica-privada para la formaci\u00f3n de los equipos directivos en el sector. El programa de formaci\u00f3n cuenta con 60 horas lectivas divididas en tres fases, la primera de","canonical_url":"https:\/\/eldigitaldeasturias.com\/magazine365\/la-xunta-y-el-cluster-de-turismo-firman-un-convenio-de-colaboracion\/","robots":"max-image-preview:large","keywords":"noticias y actualidad","webmasterTools":{"google-site-verification":"UA-38556648-1","miscellaneous":""},"schema":{"@context":"https:\/\/schema.org","@graph":[{"@type":"Article","@id":"https:\/\/eldigitaldeasturias.com\/magazine365\/la-xunta-y-el-cluster-de-turismo-firman-un-convenio-de-colaboracion\/#article","name":"La Xunta y el Cl\u00faster de Turismo firman un convenio de colaboraci\u00f3n | El Digital de Asturias","headline":"La Xunta y el Cl\u00faster de Turismo firman un convenio de colaboraci\u00f3n","author":{"@id":"https:\/\/eldigitaldeasturias.com\/magazine365\/author\/admin\/#author"},"publisher":{"@id":"https:\/\/eldigitaldeasturias.com\/magazine365\/#organization"},"image":{"@type":"ImageObject","url":"https:\/\/eldigitaldeasturias.com\/magazine365\/wp-content\/uploads\/2015\/08\/fotonoticia_20150810145227_800.jpg","width":800,"height":533},"datePublished":"2015-08-10T22:09:30+02:00","dateModified":"2015-08-10T22:09:30+02:00","inLanguage":"es-ES","mainEntityOfPage":{"@id":"https:\/\/eldigitaldeasturias.com\/magazine365\/la-xunta-y-el-cluster-de-turismo-firman-un-convenio-de-colaboracion\/#webpage"},"isPartOf":{"@id":"https:\/\/eldigitaldeasturias.com\/magazine365\/la-xunta-y-el-cluster-de-turismo-firman-un-convenio-de-colaboracion\/#webpage"},"articleSection":"Noticias y Actualidad"},{"@type":"BreadcrumbList","@id":"https:\/\/eldigitaldeasturias.com\/magazine365\/la-xunta-y-el-cluster-de-turismo-firman-un-convenio-de-colaboracion\/#breadcrumblist","itemListElement":[{"@type":"ListItem","@id":"https:\/\/eldigitaldeasturias.com\/magazine365#listItem","position":1,"name":"Home","item":"https:\/\/eldigitaldeasturias.com\/magazine365","nextItem":{"@type":"ListItem","@id":"https:\/\/eldigitaldeasturias.com\/magazine365\/category\/noticias-actualidad\/#listItem","name":"Noticias y Actualidad"}},{"@type":"ListItem","@id":"https:\/\/eldigitaldeasturias.com\/magazine365\/category\/noticias-actualidad\/#listItem","position":2,"name":"Noticias y Actualidad","item":"https:\/\/eldigitaldeasturias.com\/magazine365\/category\/noticias-actualidad\/","nextItem":{"@type":"ListItem","@id":"https:\/\/eldigitaldeasturias.com\/magazine365\/la-xunta-y-el-cluster-de-turismo-firman-un-convenio-de-colaboracion\/#listItem","name":"La Xunta y el Cl\u00faster de Turismo firman un convenio de colaboraci\u00f3n"},"previousItem":{"@type":"ListItem","@id":"https:\/\/eldigitaldeasturias.com\/magazine365#listItem","name":"Home"}},{"@type":"ListItem","@id":"https:\/\/eldigitaldeasturias.com\/magazine365\/la-xunta-y-el-cluster-de-turismo-firman-un-convenio-de-colaboracion\/#listItem","position":3,"name":"La Xunta y el Cl\u00faster de Turismo firman un convenio de colaboraci\u00f3n","previousItem":{"@type":"ListItem","@id":"https:\/\/eldigitaldeasturias.com\/magazine365\/category\/noticias-actualidad\/#listItem","name":"Noticias y Actualidad"}}]},{"@type":"Organization","@id":"https:\/\/eldigitaldeasturias.com\/magazine365\/#organization","name":"El digital de Asturias","description":"Revista de ocio, turismo y estilo de vida","url":"https:\/\/eldigitaldeasturias.com\/magazine365\/","logo":{"@type":"ImageObject","url":"https:\/\/www.eldigitaldeasturias.com\/noticias\/wp-content\/uploads\/2020\/12\/EDA.jpg","@id":"https:\/\/eldigitaldeasturias.com\/magazine365\/la-xunta-y-el-cluster-de-turismo-firman-un-convenio-de-colaboracion\/#organizationLogo"},"image":{"@id":"https:\/\/eldigitaldeasturias.com\/magazine365\/la-xunta-y-el-cluster-de-turismo-firman-un-convenio-de-colaboracion\/#organizationLogo"}},{"@type":"Person","@id":"https:\/\/eldigitaldeasturias.com\/magazine365\/author\/admin\/#author","url":"https:\/\/eldigitaldeasturias.com\/magazine365\/author\/admin\/","name":"admin","image":{"@type":"ImageObject","@id":"https:\/\/eldigitaldeasturias.com\/magazine365\/la-xunta-y-el-cluster-de-turismo-firman-un-convenio-de-colaboracion\/#authorImage","url":"https:\/\/eldigitaldeasturias.com\/magazine365\/wp-content\/litespeed\/avatar\/e571bcf59a0edd6fa6838245a470f2fe.jpg?ver=1777574230","width":96,"height":96,"caption":"admin"}},{"@type":"WebPage","@id":"https:\/\/eldigitaldeasturias.com\/magazine365\/la-xunta-y-el-cluster-de-turismo-firman-un-convenio-de-colaboracion\/#webpage","url":"https:\/\/eldigitaldeasturias.com\/magazine365\/la-xunta-y-el-cluster-de-turismo-firman-un-convenio-de-colaboracion\/","name":"La Xunta y el Cl\u00faster de Turismo firman un convenio de colaboraci\u00f3n | El Digital de Asturias","description":"La directora de Turismo de la Xunta, Nava Castro, y el director del Cl\u00faster de Turismo de Galicia, Francisco Gonz\u00e1lez, han firmado este lunes un convenio de colaboraci\u00f3n p\u00fablica-privada para la formaci\u00f3n de los equipos directivos en el sector. El programa de formaci\u00f3n cuenta con 60 horas lectivas divididas en tres fases, la primera de","inLanguage":"es-ES","isPartOf":{"@id":"https:\/\/eldigitaldeasturias.com\/magazine365\/#website"},"breadcrumb":{"@id":"https:\/\/eldigitaldeasturias.com\/magazine365\/la-xunta-y-el-cluster-de-turismo-firman-un-convenio-de-colaboracion\/#breadcrumblist"},"author":{"@id":"https:\/\/eldigitaldeasturias.com\/magazine365\/author\/admin\/#author"},"creator":{"@id":"https:\/\/eldigitaldeasturias.com\/magazine365\/author\/admin\/#author"},"image":{"@type":"ImageObject","url":"https:\/\/eldigitaldeasturias.com\/magazine365\/wp-content\/uploads\/2015\/08\/fotonoticia_20150810145227_800.jpg","@id":"https:\/\/eldigitaldeasturias.com\/magazine365\/la-xunta-y-el-cluster-de-turismo-firman-un-convenio-de-colaboracion\/#mainImage","width":800,"height":533},"primaryImageOfPage":{"@id":"https:\/\/eldigitaldeasturias.com\/magazine365\/la-xunta-y-el-cluster-de-turismo-firman-un-convenio-de-colaboracion\/#mainImage"},"datePublished":"2015-08-10T22:09:30+02:00","dateModified":"2015-08-10T22:09:30+02:00"},{"@type":"WebSite","@id":"https:\/\/eldigitaldeasturias.com\/magazine365\/#website","url":"https:\/\/eldigitaldeasturias.com\/magazine365\/","name":"El Digital de Asturias","description":"Revista de ocio, turismo y estilo de vida","inLanguage":"es-ES","publisher":{"@id":"https:\/\/eldigitaldeasturias.com\/magazine365\/#organization"}}]},"og:locale":"es_ES","og:site_name":"El Digital de Asturias \u2013 Revista de ocio, turismo y estilo de vida","og:type":"article","og:title":"La Xunta y el Cl\u00faster de Turismo firman un convenio de colaboraci\u00f3n | El Digital de Asturias","og:description":"La directora de Turismo de la Xunta, Nava Castro, y el director del Cl\u00faster de Turismo de Galicia, Francisco Gonz\u00e1lez, han firmado este lunes un convenio de colaboraci\u00f3n p\u00fablica-privada para la formaci\u00f3n de los equipos directivos en el sector. El programa de formaci\u00f3n cuenta con 60 horas lectivas divididas en tres fases, la primera de","og:url":"https:\/\/eldigitaldeasturias.com\/magazine365\/la-xunta-y-el-cluster-de-turismo-firman-un-convenio-de-colaboracion\/","og:image":"https:\/\/eldigitaldeasturias.com\/magazine365\/wp-content\/uploads\/2015\/08\/fotonoticia_20150810145227_800.jpg","og:image:secure_url":"https:\/\/eldigitaldeasturias.com\/magazine365\/wp-content\/uploads\/2015\/08\/fotonoticia_20150810145227_800.jpg","og:image:width":800,"og:image:height":533,"article:published_time":"2015-08-10T20:09:30+00:00","article:modified_time":"2015-08-10T20:09:30+00:00","twitter:card":"summary_large_image","twitter:title":"La Xunta y el Cl\u00faster de Turismo firman un convenio de colaboraci\u00f3n | El Digital de Asturias","twitter:description":"La directora de Turismo de la Xunta, Nava Castro, y el director del Cl\u00faster de Turismo de Galicia, Francisco Gonz\u00e1lez, han firmado este lunes un convenio de colaboraci\u00f3n p\u00fablica-privada para la formaci\u00f3n de los equipos directivos en el sector. El programa de formaci\u00f3n cuenta con 60 horas lectivas divididas en tres fases, la primera de","twitter:image":"https:\/\/eldigitaldeasturias.com\/magazine365\/wp-content\/uploads\/2015\/08\/fotonoticia_20150810145227_800.jpg"},"aioseo_meta_data":{"post_id":"45500","title":null,"description":null,"keywords":null,"keyphrases":null,"primary_term":null,"canonical_url":null,"og_title":null,"og_description":null,"og_object_type":"default","og_image_type":"default","og_image_url":null,"og_image_width":null,"og_image_height":null,"og_image_custom_url":null,"og_image_custom_fields":null,"og_video":null,"og_custom_url":null,"og_article_section":null,"og_article_tags":null,"twitter_use_og":false,"twitter_card":"default","twitter_image_type":"default","twitter_image_url":null,"twitter_image_custom_url":null,"twitter_image_custom_fields":null,"twitter_title":null,"twitter_description":null,"schema":{"blockGraphs":[],"customGraphs":[],"default":{"data":{"Article":[],"Course":[],"Dataset":[],"FAQPage":[],"Movie":[],"Person":[],"Product":[],"ProductReview":[],"Car":[],"Recipe":[],"Service":[],"SoftwareApplication":[],"WebPage":[]},"graphName":"","isEnabled":true},"graphs":[],"defaultGraph":"","defaultPostTypeGraph":""},"schema_type":null,"schema_type_options":null,"pillar_content":false,"robots_default":true,"robots_noindex":false,"robots_noarchive":false,"robots_nosnippet":false,"robots_nofollow":false,"robots_noimageindex":false,"robots_noodp":false,"robots_notranslate":false,"robots_max_snippet":null,"robots_max_videopreview":null,"robots_max_imagepreview":"large","priority":null,"frequency":null,"location":null,"local_seo":null,"seo_analyzer_scan_date":"2025-09-20 00:11:12","breadcrumb_settings":null,"limit_modified_date":false,"open_ai":null,"ai":null,"created":"2021-03-09 01:19:45","updated":"2025-09-20 00:11:12"},"aioseo_breadcrumb":"<div class=\"aioseo-breadcrumbs\"><span class=\"aioseo-breadcrumb\">\n\t<a href=\"https:\/\/eldigitaldeasturias.com\/magazine365\" title=\"Home\">Home<\/a>\n<\/span><span class=\"aioseo-breadcrumb-separator\">\u2013<\/span><span class=\"aioseo-breadcrumb\">\n\t<a href=\"https:\/\/eldigitaldeasturias.com\/magazine365\/category\/noticias-actualidad\/\" title=\"Noticias y Actualidad\">Noticias y Actualidad<\/a>\n<\/span><span class=\"aioseo-breadcrumb-separator\">\u2013<\/span><span class=\"aioseo-breadcrumb\">\n\t<a href=\"https:\/\/eldigitaldeasturias.com\/magazine365\/la-xunta-y-el-cluster-de-turismo-firman-un-convenio-de-colaboracion\/\" title=\"La Xunta y el Cl\u00faster de Turismo firman un convenio de colaboraci\u00f3n\">La Xunta y el Cl\u00faster de Turismo firman un convenio de colaboraci\u00f3n<\/a>\n<\/span><\/div>","aioseo_breadcrumb_json":[{"label":"Home","link":"https:\/\/eldigitaldeasturias.com\/magazine365"},{"label":"Noticias y Actualidad","link":"https:\/\/eldigitaldeasturias.com\/magazine365\/category\/noticias-actualidad\/"},{"label":"La Xunta y el Cl\u00faster de Turismo firman un convenio de colaboraci\u00f3n","link":"https:\/\/eldigitaldeasturias.com\/magazine365\/la-xunta-y-el-cluster-de-turismo-firman-un-convenio-de-colaboracion\/"}],"_links":{"self":[{"href":"https:\/\/eldigitaldeasturias.com\/magazine365\/wp-json\/wp\/v2\/posts\/45500","targetHints":{"allow":["GET"]}}],"collection":[{"href":"https:\/\/eldigitaldeasturias.com\/magazine365\/wp-json\/wp\/v2\/posts"}],"about":[{"href":"https:\/\/eldigitaldeasturias.com\/magazine365\/wp-json\/wp\/v2\/types\/post"}],"author":[{"embeddable":true,"href":"https:\/\/eldigitaldeasturias.com\/magazine365\/wp-json\/wp\/v2\/users\/1"}],"replies":[{"embeddable":true,"href":"https:\/\/eldigitaldeasturias.com\/magazine365\/wp-json\/wp\/v2\/comments?post=45500"}],"version-history":[{"count":0,"href":"https:\/\/eldigitaldeasturias.com\/magazine365\/wp-json\/wp\/v2\/posts\/45500\/revisions"}],"wp:featuredmedia":[{"embeddable":true,"href":"https:\/\/eldigitaldeasturias.com\/magazine365\/wp-json\/wp\/v2\/media\/45501"}],"wp:attachment":[{"href":"https:\/\/eldigitaldeasturias.com\/magazine365\/wp-json\/wp\/v2\/media?parent=45500"}],"wp:term":[{"taxonomy":"category","embeddable":true,"href":"https:\/\/eldigitaldeasturias.com\/magazine365\/wp-json\/wp\/v2\/categories?post=45500"},{"taxonomy":"post_tag","embeddable":true,"href":"https:\/\/eldigitaldeasturias.com\/magazine365\/wp-json\/wp\/v2\/tags?post=45500"}],"curies":[{"name":"wp","href":"https:\/\/api.w.org\/{rel}","templated":true}]}}