{"id":45400,"date":"2015-08-08T14:19:49","date_gmt":"2015-08-08T12:19:49","guid":{"rendered":"http:\/\/eldigitaldeasturias.com\/magazine365\/?p=45400"},"modified":"2015-08-08T14:19:49","modified_gmt":"2015-08-08T12:19:49","slug":"la-republica-checa-mucho-mas-que-cerveza","status":"publish","type":"post","link":"https:\/\/eldigitaldeasturias.com\/magazine365\/la-republica-checa-mucho-mas-que-cerveza\/","title":{"rendered":"La Rep\u00fablica Checa, mucho m\u00e1s que cerveza"},"content":{"rendered":"<p><img fetchpriority=\"high\" decoding=\"async\" class=\"alignleft size-medium wp-image-45401\" src=\"https:\/\/eldigitaldeasturias.com\/magazine365\/wp-content\/uploads\/2015\/08\/fotonoticia_20150808112942_800-360x240.jpg\" alt=\"fotonoticia_20150808112942_800\" width=\"360\" height=\"240\" srcset=\"https:\/\/eldigitaldeasturias.com\/magazine365\/wp-content\/uploads\/2015\/08\/fotonoticia_20150808112942_800-360x240.jpg 360w, https:\/\/eldigitaldeasturias.com\/magazine365\/wp-content\/uploads\/2015\/08\/fotonoticia_20150808112942_800-650x433.jpg 650w, https:\/\/eldigitaldeasturias.com\/magazine365\/wp-content\/uploads\/2015\/08\/fotonoticia_20150808112942_800-768x512.jpg 768w, https:\/\/eldigitaldeasturias.com\/magazine365\/wp-content\/uploads\/2015\/08\/fotonoticia_20150808112942_800-150x100.jpg 150w, https:\/\/eldigitaldeasturias.com\/magazine365\/wp-content\/uploads\/2015\/08\/fotonoticia_20150808112942_800-450x300.jpg 450w, https:\/\/eldigitaldeasturias.com\/magazine365\/wp-content\/uploads\/2015\/08\/fotonoticia_20150808112942_800-696x464.jpg 696w, https:\/\/eldigitaldeasturias.com\/magazine365\/wp-content\/uploads\/2015\/08\/fotonoticia_20150808112942_800-630x420.jpg 630w, https:\/\/eldigitaldeasturias.com\/magazine365\/wp-content\/uploads\/2015\/08\/fotonoticia_20150808112942_800-84x55.jpg 84w, https:\/\/eldigitaldeasturias.com\/magazine365\/wp-content\/uploads\/2015\/08\/fotonoticia_20150808112942_800.jpg 800w\" sizes=\"(max-width: 360px) 100vw, 360px\" \/>La Rep\u00fablica Checa es mucho m\u00e1s que cerveza y el mes de septiembre es el momento ideal para que muchos viajeros descubran los mejores vinos checos de las vendimias de Bohemia y Moravia.<\/p>\n<p>La cerveza checa es de tanta calidad que durante mucho tiempo ha eclipsado a sus vinos. Sin embargo en los \u00faltimos a\u00f1os han surgido exquisitos caldos que han sido incluso merecedores de premios internacionales.<\/p>\n<p>De las 3 regiones que forman la Rep\u00fablica Checa, Bohemia y, sobre todo, Moravia, son las que tienen una mayor tradici\u00f3n enol\u00f3gica. De ah\u00ed que las denominaciones m\u00e1s conocidas para los caldos checos sean la de &#8216;Vinos de Bohemia&#8217; y &#8216;Vinos de Moravia&#8217;.<\/p>\n<p>Los vinos se elaboran con hasta 20 variedades distintas de uva, y dos terceras partes de los vinos que salen al mercado son blancos.<\/p>\n<p>ORIGEN EN LA EDAD MEDIA.<\/p>\n<p>Dicen que las primeras uvas llegaron a ambas regiones durante la Edad Media llevadas por las distintas \u00f3rdenes religiosas. Quiz\u00e1s por eso la mayor\u00eda de las fiestas que se celebran en honor a la vendimia incluyen actividades que nos recuerdan a esa \u00e9poca.<\/p>\n<p>En las regiones de Melnik o Karlstejn en Bohemia, o la de Mikulov en Moravia, se pueden combinar catas de vino y degustaciones gastron\u00f3micas con desfiles de disfraces de \u00e9poca, exposiciones de artesan\u00eda, torneos y justas medievales, fuegos artificiales, obras de teatro y conciertos de m\u00fasica y un sinf\u00edn de propuestas para ni\u00f1os y adultos como concursos de tiro al arco o lanzamiento de herradura, entre muchas otras cosas.<\/p>\n<p>Pero si no se dispone de mucho tiempo para recorrer el pa\u00eds, aunque \u00e9ste es muy manejable por su reducido tama\u00f1o, tambi\u00e9n se puede descubrir el mundo de los vinos checos sin salir de Praga.<\/p>\n<p>Justo debajo del Castillo de Praga se encuentra un espl\u00e9ndido vi\u00f1edo que celebra su fiesta de la vendimia del 26 al 28 de septiembre, coincidiendo con las fiestas de San Wenceslao, el patr\u00f3n de los checos.<\/p>\n<p>Si el viajero quiere probar cosas nuevas y degustar productos aut\u00f3ctonos, no debe despedirse de la Rep\u00fablica Checa sin saborear el burc\u00e1k, un apreciado vino joven que destaca por catarse mientras se encuentra en plena fermentaci\u00f3n.<\/p>\n","protected":false},"excerpt":{"rendered":"<p>La Rep\u00fablica Checa es mucho m\u00e1s que cerveza y el mes de septiembre es el momento ideal para que muchos viajeros descubran los mejores vinos checos de las vendimias de Bohemia y Moravia. La cerveza checa es de tanta calidad que durante mucho tiempo ha eclipsado a sus vinos. Sin embargo en los \u00faltimos a\u00f1os<\/p>\n","protected":false},"author":1,"featured_media":45401,"comment_status":"open","ping_status":"closed","sticky":false,"template":"","format":"standard","meta":{"footnotes":""},"categories":[224],"tags":[],"class_list":{"0":"post-45400","1":"post","2":"type-post","3":"status-publish","4":"format-standard","5":"has-post-thumbnail","7":"category-noticias-actualidad"},"aioseo_notices":[],"aioseo_head":"\n\t\t<!-- All in One SEO Pro 4.9.6.1 - aioseo.com -->\n\t<meta name=\"description\" content=\"La Rep\u00fablica Checa es mucho m\u00e1s que cerveza y el mes de septiembre es el momento ideal para que muchos viajeros descubran los mejores vinos checos de las vendimias de Bohemia y Moravia. La cerveza checa es de tanta calidad que durante mucho tiempo ha eclipsado a sus vinos. Sin embargo en los \u00faltimos a\u00f1os\" \/>\n\t<meta name=\"robots\" content=\"max-image-preview:large\" \/>\n\t<meta name=\"author\" content=\"admin\"\/>\n\t<meta name=\"google-site-verification\" content=\"UA-38556648-1\" \/>\n\t<meta name=\"keywords\" content=\"noticias y actualidad\" \/>\n\t<link rel=\"canonical\" href=\"https:\/\/eldigitaldeasturias.com\/magazine365\/la-republica-checa-mucho-mas-que-cerveza\/\" \/>\n\t<meta name=\"generator\" content=\"All in One SEO Pro (AIOSEO) 4.9.6.1\" \/>\n\t\t<meta property=\"og:locale\" content=\"es_ES\" \/>\n\t\t<meta property=\"og:site_name\" content=\"El Digital de Asturias \u2013 Revista de ocio, turismo y estilo de vida\" \/>\n\t\t<meta property=\"og:type\" content=\"article\" \/>\n\t\t<meta property=\"og:title\" content=\"La Rep\u00fablica Checa, mucho m\u00e1s que cerveza | El Digital de Asturias\" \/>\n\t\t<meta property=\"og:description\" content=\"La Rep\u00fablica Checa es mucho m\u00e1s que cerveza y el mes de septiembre es el momento ideal para que muchos viajeros descubran los mejores vinos checos de las vendimias de Bohemia y Moravia. La cerveza checa es de tanta calidad que durante mucho tiempo ha eclipsado a sus vinos. Sin embargo en los \u00faltimos a\u00f1os\" \/>\n\t\t<meta property=\"og:url\" content=\"https:\/\/eldigitaldeasturias.com\/magazine365\/la-republica-checa-mucho-mas-que-cerveza\/\" \/>\n\t\t<meta property=\"og:image\" content=\"https:\/\/eldigitaldeasturias.com\/magazine365\/wp-content\/uploads\/2015\/08\/fotonoticia_20150808112942_800.jpg\" \/>\n\t\t<meta property=\"og:image:secure_url\" content=\"https:\/\/eldigitaldeasturias.com\/magazine365\/wp-content\/uploads\/2015\/08\/fotonoticia_20150808112942_800.jpg\" \/>\n\t\t<meta property=\"og:image:width\" content=\"800\" \/>\n\t\t<meta property=\"og:image:height\" content=\"533\" \/>\n\t\t<meta property=\"article:published_time\" content=\"2015-08-08T12:19:49+00:00\" \/>\n\t\t<meta property=\"article:modified_time\" content=\"2015-08-08T12:19:49+00:00\" \/>\n\t\t<meta name=\"twitter:card\" content=\"summary_large_image\" \/>\n\t\t<meta name=\"twitter:title\" content=\"La Rep\u00fablica Checa, mucho m\u00e1s que cerveza | El Digital de Asturias\" \/>\n\t\t<meta name=\"twitter:description\" content=\"La Rep\u00fablica Checa es mucho m\u00e1s que cerveza y el mes de septiembre es el momento ideal para que muchos viajeros descubran los mejores vinos checos de las vendimias de Bohemia y Moravia. La cerveza checa es de tanta calidad que durante mucho tiempo ha eclipsado a sus vinos. Sin embargo en los \u00faltimos a\u00f1os\" \/>\n\t\t<meta name=\"twitter:image\" content=\"https:\/\/eldigitaldeasturias.com\/magazine365\/wp-content\/uploads\/2015\/08\/fotonoticia_20150808112942_800.jpg\" \/>\n\t\t<script type=\"application\/ld+json\" class=\"aioseo-schema\">\n\t\t\t{\"@context\":\"https:\\\/\\\/schema.org\",\"@graph\":[{\"@type\":\"Article\",\"@id\":\"https:\\\/\\\/eldigitaldeasturias.com\\\/magazine365\\\/la-republica-checa-mucho-mas-que-cerveza\\\/#article\",\"name\":\"La Rep\\u00fablica Checa, mucho m\\u00e1s que cerveza | El Digital de Asturias\",\"headline\":\"La Rep\\u00fablica Checa, mucho m\\u00e1s que cerveza\",\"author\":{\"@id\":\"https:\\\/\\\/eldigitaldeasturias.com\\\/magazine365\\\/author\\\/admin\\\/#author\"},\"publisher\":{\"@id\":\"https:\\\/\\\/eldigitaldeasturias.com\\\/magazine365\\\/#organization\"},\"image\":{\"@type\":\"ImageObject\",\"url\":\"https:\\\/\\\/eldigitaldeasturias.com\\\/magazine365\\\/wp-content\\\/uploads\\\/2015\\\/08\\\/fotonoticia_20150808112942_800.jpg\",\"width\":800,\"height\":533},\"datePublished\":\"2015-08-08T14:19:49+02:00\",\"dateModified\":\"2015-08-08T14:19:49+02:00\",\"inLanguage\":\"es-ES\",\"mainEntityOfPage\":{\"@id\":\"https:\\\/\\\/eldigitaldeasturias.com\\\/magazine365\\\/la-republica-checa-mucho-mas-que-cerveza\\\/#webpage\"},\"isPartOf\":{\"@id\":\"https:\\\/\\\/eldigitaldeasturias.com\\\/magazine365\\\/la-republica-checa-mucho-mas-que-cerveza\\\/#webpage\"},\"articleSection\":\"Noticias y Actualidad\"},{\"@type\":\"BreadcrumbList\",\"@id\":\"https:\\\/\\\/eldigitaldeasturias.com\\\/magazine365\\\/la-republica-checa-mucho-mas-que-cerveza\\\/#breadcrumblist\",\"itemListElement\":[{\"@type\":\"ListItem\",\"@id\":\"https:\\\/\\\/eldigitaldeasturias.com\\\/magazine365#listItem\",\"position\":1,\"name\":\"Home\",\"item\":\"https:\\\/\\\/eldigitaldeasturias.com\\\/magazine365\",\"nextItem\":{\"@type\":\"ListItem\",\"@id\":\"https:\\\/\\\/eldigitaldeasturias.com\\\/magazine365\\\/category\\\/noticias-actualidad\\\/#listItem\",\"name\":\"Noticias y Actualidad\"}},{\"@type\":\"ListItem\",\"@id\":\"https:\\\/\\\/eldigitaldeasturias.com\\\/magazine365\\\/category\\\/noticias-actualidad\\\/#listItem\",\"position\":2,\"name\":\"Noticias y Actualidad\",\"item\":\"https:\\\/\\\/eldigitaldeasturias.com\\\/magazine365\\\/category\\\/noticias-actualidad\\\/\",\"nextItem\":{\"@type\":\"ListItem\",\"@id\":\"https:\\\/\\\/eldigitaldeasturias.com\\\/magazine365\\\/la-republica-checa-mucho-mas-que-cerveza\\\/#listItem\",\"name\":\"La Rep\\u00fablica Checa, mucho m\\u00e1s que cerveza\"},\"previousItem\":{\"@type\":\"ListItem\",\"@id\":\"https:\\\/\\\/eldigitaldeasturias.com\\\/magazine365#listItem\",\"name\":\"Home\"}},{\"@type\":\"ListItem\",\"@id\":\"https:\\\/\\\/eldigitaldeasturias.com\\\/magazine365\\\/la-republica-checa-mucho-mas-que-cerveza\\\/#listItem\",\"position\":3,\"name\":\"La Rep\\u00fablica Checa, mucho m\\u00e1s que cerveza\",\"previousItem\":{\"@type\":\"ListItem\",\"@id\":\"https:\\\/\\\/eldigitaldeasturias.com\\\/magazine365\\\/category\\\/noticias-actualidad\\\/#listItem\",\"name\":\"Noticias y Actualidad\"}}]},{\"@type\":\"Organization\",\"@id\":\"https:\\\/\\\/eldigitaldeasturias.com\\\/magazine365\\\/#organization\",\"name\":\"El digital de Asturias\",\"description\":\"Revista de ocio, turismo y estilo de vida\",\"url\":\"https:\\\/\\\/eldigitaldeasturias.com\\\/magazine365\\\/\",\"logo\":{\"@type\":\"ImageObject\",\"url\":\"https:\\\/\\\/www.eldigitaldeasturias.com\\\/noticias\\\/wp-content\\\/uploads\\\/2020\\\/12\\\/EDA.jpg\",\"@id\":\"https:\\\/\\\/eldigitaldeasturias.com\\\/magazine365\\\/la-republica-checa-mucho-mas-que-cerveza\\\/#organizationLogo\"},\"image\":{\"@id\":\"https:\\\/\\\/eldigitaldeasturias.com\\\/magazine365\\\/la-republica-checa-mucho-mas-que-cerveza\\\/#organizationLogo\"}},{\"@type\":\"Person\",\"@id\":\"https:\\\/\\\/eldigitaldeasturias.com\\\/magazine365\\\/author\\\/admin\\\/#author\",\"url\":\"https:\\\/\\\/eldigitaldeasturias.com\\\/magazine365\\\/author\\\/admin\\\/\",\"name\":\"admin\",\"image\":{\"@type\":\"ImageObject\",\"@id\":\"https:\\\/\\\/eldigitaldeasturias.com\\\/magazine365\\\/la-republica-checa-mucho-mas-que-cerveza\\\/#authorImage\",\"url\":\"https:\\\/\\\/eldigitaldeasturias.com\\\/magazine365\\\/wp-content\\\/litespeed\\\/avatar\\\/e571bcf59a0edd6fa6838245a470f2fe.jpg?ver=1777574230\",\"width\":96,\"height\":96,\"caption\":\"admin\"}},{\"@type\":\"WebPage\",\"@id\":\"https:\\\/\\\/eldigitaldeasturias.com\\\/magazine365\\\/la-republica-checa-mucho-mas-que-cerveza\\\/#webpage\",\"url\":\"https:\\\/\\\/eldigitaldeasturias.com\\\/magazine365\\\/la-republica-checa-mucho-mas-que-cerveza\\\/\",\"name\":\"La Rep\\u00fablica Checa, mucho m\\u00e1s que cerveza | El Digital de Asturias\",\"description\":\"La Rep\\u00fablica Checa es mucho m\\u00e1s que cerveza y el mes de septiembre es el momento ideal para que muchos viajeros descubran los mejores vinos checos de las vendimias de Bohemia y Moravia. La cerveza checa es de tanta calidad que durante mucho tiempo ha eclipsado a sus vinos. Sin embargo en los \\u00faltimos a\\u00f1os\",\"inLanguage\":\"es-ES\",\"isPartOf\":{\"@id\":\"https:\\\/\\\/eldigitaldeasturias.com\\\/magazine365\\\/#website\"},\"breadcrumb\":{\"@id\":\"https:\\\/\\\/eldigitaldeasturias.com\\\/magazine365\\\/la-republica-checa-mucho-mas-que-cerveza\\\/#breadcrumblist\"},\"author\":{\"@id\":\"https:\\\/\\\/eldigitaldeasturias.com\\\/magazine365\\\/author\\\/admin\\\/#author\"},\"creator\":{\"@id\":\"https:\\\/\\\/eldigitaldeasturias.com\\\/magazine365\\\/author\\\/admin\\\/#author\"},\"image\":{\"@type\":\"ImageObject\",\"url\":\"https:\\\/\\\/eldigitaldeasturias.com\\\/magazine365\\\/wp-content\\\/uploads\\\/2015\\\/08\\\/fotonoticia_20150808112942_800.jpg\",\"@id\":\"https:\\\/\\\/eldigitaldeasturias.com\\\/magazine365\\\/la-republica-checa-mucho-mas-que-cerveza\\\/#mainImage\",\"width\":800,\"height\":533},\"primaryImageOfPage\":{\"@id\":\"https:\\\/\\\/eldigitaldeasturias.com\\\/magazine365\\\/la-republica-checa-mucho-mas-que-cerveza\\\/#mainImage\"},\"datePublished\":\"2015-08-08T14:19:49+02:00\",\"dateModified\":\"2015-08-08T14:19:49+02:00\"},{\"@type\":\"WebSite\",\"@id\":\"https:\\\/\\\/eldigitaldeasturias.com\\\/magazine365\\\/#website\",\"url\":\"https:\\\/\\\/eldigitaldeasturias.com\\\/magazine365\\\/\",\"name\":\"El Digital de Asturias\",\"description\":\"Revista de ocio, turismo y estilo de vida\",\"inLanguage\":\"es-ES\",\"publisher\":{\"@id\":\"https:\\\/\\\/eldigitaldeasturias.com\\\/magazine365\\\/#organization\"}}]}\n\t\t<\/script>\n\t\t<!-- All in One SEO Pro -->\r\n\t\t<title>La Rep\u00fablica Checa, mucho m\u00e1s que cerveza | El Digital de Asturias<\/title>\n\n","aioseo_head_json":{"title":"La Rep\u00fablica Checa, mucho m\u00e1s que cerveza | El Digital de Asturias","description":"La Rep\u00fablica Checa es mucho m\u00e1s que cerveza y el mes de septiembre es el momento ideal para que muchos viajeros descubran los mejores vinos checos de las vendimias de Bohemia y Moravia. La cerveza checa es de tanta calidad que durante mucho tiempo ha eclipsado a sus vinos. Sin embargo en los \u00faltimos a\u00f1os","canonical_url":"https:\/\/eldigitaldeasturias.com\/magazine365\/la-republica-checa-mucho-mas-que-cerveza\/","robots":"max-image-preview:large","keywords":"noticias y actualidad","webmasterTools":{"google-site-verification":"UA-38556648-1","miscellaneous":""},"schema":{"@context":"https:\/\/schema.org","@graph":[{"@type":"Article","@id":"https:\/\/eldigitaldeasturias.com\/magazine365\/la-republica-checa-mucho-mas-que-cerveza\/#article","name":"La Rep\u00fablica Checa, mucho m\u00e1s que cerveza | El Digital de Asturias","headline":"La Rep\u00fablica Checa, mucho m\u00e1s que cerveza","author":{"@id":"https:\/\/eldigitaldeasturias.com\/magazine365\/author\/admin\/#author"},"publisher":{"@id":"https:\/\/eldigitaldeasturias.com\/magazine365\/#organization"},"image":{"@type":"ImageObject","url":"https:\/\/eldigitaldeasturias.com\/magazine365\/wp-content\/uploads\/2015\/08\/fotonoticia_20150808112942_800.jpg","width":800,"height":533},"datePublished":"2015-08-08T14:19:49+02:00","dateModified":"2015-08-08T14:19:49+02:00","inLanguage":"es-ES","mainEntityOfPage":{"@id":"https:\/\/eldigitaldeasturias.com\/magazine365\/la-republica-checa-mucho-mas-que-cerveza\/#webpage"},"isPartOf":{"@id":"https:\/\/eldigitaldeasturias.com\/magazine365\/la-republica-checa-mucho-mas-que-cerveza\/#webpage"},"articleSection":"Noticias y Actualidad"},{"@type":"BreadcrumbList","@id":"https:\/\/eldigitaldeasturias.com\/magazine365\/la-republica-checa-mucho-mas-que-cerveza\/#breadcrumblist","itemListElement":[{"@type":"ListItem","@id":"https:\/\/eldigitaldeasturias.com\/magazine365#listItem","position":1,"name":"Home","item":"https:\/\/eldigitaldeasturias.com\/magazine365","nextItem":{"@type":"ListItem","@id":"https:\/\/eldigitaldeasturias.com\/magazine365\/category\/noticias-actualidad\/#listItem","name":"Noticias y Actualidad"}},{"@type":"ListItem","@id":"https:\/\/eldigitaldeasturias.com\/magazine365\/category\/noticias-actualidad\/#listItem","position":2,"name":"Noticias y Actualidad","item":"https:\/\/eldigitaldeasturias.com\/magazine365\/category\/noticias-actualidad\/","nextItem":{"@type":"ListItem","@id":"https:\/\/eldigitaldeasturias.com\/magazine365\/la-republica-checa-mucho-mas-que-cerveza\/#listItem","name":"La Rep\u00fablica Checa, mucho m\u00e1s que cerveza"},"previousItem":{"@type":"ListItem","@id":"https:\/\/eldigitaldeasturias.com\/magazine365#listItem","name":"Home"}},{"@type":"ListItem","@id":"https:\/\/eldigitaldeasturias.com\/magazine365\/la-republica-checa-mucho-mas-que-cerveza\/#listItem","position":3,"name":"La Rep\u00fablica Checa, mucho m\u00e1s que cerveza","previousItem":{"@type":"ListItem","@id":"https:\/\/eldigitaldeasturias.com\/magazine365\/category\/noticias-actualidad\/#listItem","name":"Noticias y Actualidad"}}]},{"@type":"Organization","@id":"https:\/\/eldigitaldeasturias.com\/magazine365\/#organization","name":"El digital de Asturias","description":"Revista de ocio, turismo y estilo de vida","url":"https:\/\/eldigitaldeasturias.com\/magazine365\/","logo":{"@type":"ImageObject","url":"https:\/\/www.eldigitaldeasturias.com\/noticias\/wp-content\/uploads\/2020\/12\/EDA.jpg","@id":"https:\/\/eldigitaldeasturias.com\/magazine365\/la-republica-checa-mucho-mas-que-cerveza\/#organizationLogo"},"image":{"@id":"https:\/\/eldigitaldeasturias.com\/magazine365\/la-republica-checa-mucho-mas-que-cerveza\/#organizationLogo"}},{"@type":"Person","@id":"https:\/\/eldigitaldeasturias.com\/magazine365\/author\/admin\/#author","url":"https:\/\/eldigitaldeasturias.com\/magazine365\/author\/admin\/","name":"admin","image":{"@type":"ImageObject","@id":"https:\/\/eldigitaldeasturias.com\/magazine365\/la-republica-checa-mucho-mas-que-cerveza\/#authorImage","url":"https:\/\/eldigitaldeasturias.com\/magazine365\/wp-content\/litespeed\/avatar\/e571bcf59a0edd6fa6838245a470f2fe.jpg?ver=1777574230","width":96,"height":96,"caption":"admin"}},{"@type":"WebPage","@id":"https:\/\/eldigitaldeasturias.com\/magazine365\/la-republica-checa-mucho-mas-que-cerveza\/#webpage","url":"https:\/\/eldigitaldeasturias.com\/magazine365\/la-republica-checa-mucho-mas-que-cerveza\/","name":"La Rep\u00fablica Checa, mucho m\u00e1s que cerveza | El Digital de Asturias","description":"La Rep\u00fablica Checa es mucho m\u00e1s que cerveza y el mes de septiembre es el momento ideal para que muchos viajeros descubran los mejores vinos checos de las vendimias de Bohemia y Moravia. La cerveza checa es de tanta calidad que durante mucho tiempo ha eclipsado a sus vinos. Sin embargo en los \u00faltimos a\u00f1os","inLanguage":"es-ES","isPartOf":{"@id":"https:\/\/eldigitaldeasturias.com\/magazine365\/#website"},"breadcrumb":{"@id":"https:\/\/eldigitaldeasturias.com\/magazine365\/la-republica-checa-mucho-mas-que-cerveza\/#breadcrumblist"},"author":{"@id":"https:\/\/eldigitaldeasturias.com\/magazine365\/author\/admin\/#author"},"creator":{"@id":"https:\/\/eldigitaldeasturias.com\/magazine365\/author\/admin\/#author"},"image":{"@type":"ImageObject","url":"https:\/\/eldigitaldeasturias.com\/magazine365\/wp-content\/uploads\/2015\/08\/fotonoticia_20150808112942_800.jpg","@id":"https:\/\/eldigitaldeasturias.com\/magazine365\/la-republica-checa-mucho-mas-que-cerveza\/#mainImage","width":800,"height":533},"primaryImageOfPage":{"@id":"https:\/\/eldigitaldeasturias.com\/magazine365\/la-republica-checa-mucho-mas-que-cerveza\/#mainImage"},"datePublished":"2015-08-08T14:19:49+02:00","dateModified":"2015-08-08T14:19:49+02:00"},{"@type":"WebSite","@id":"https:\/\/eldigitaldeasturias.com\/magazine365\/#website","url":"https:\/\/eldigitaldeasturias.com\/magazine365\/","name":"El Digital de Asturias","description":"Revista de ocio, turismo y estilo de vida","inLanguage":"es-ES","publisher":{"@id":"https:\/\/eldigitaldeasturias.com\/magazine365\/#organization"}}]},"og:locale":"es_ES","og:site_name":"El Digital de Asturias \u2013 Revista de ocio, turismo y estilo de vida","og:type":"article","og:title":"La Rep\u00fablica Checa, mucho m\u00e1s que cerveza | El Digital de Asturias","og:description":"La Rep\u00fablica Checa es mucho m\u00e1s que cerveza y el mes de septiembre es el momento ideal para que muchos viajeros descubran los mejores vinos checos de las vendimias de Bohemia y Moravia. La cerveza checa es de tanta calidad que durante mucho tiempo ha eclipsado a sus vinos. Sin embargo en los \u00faltimos a\u00f1os","og:url":"https:\/\/eldigitaldeasturias.com\/magazine365\/la-republica-checa-mucho-mas-que-cerveza\/","og:image":"https:\/\/eldigitaldeasturias.com\/magazine365\/wp-content\/uploads\/2015\/08\/fotonoticia_20150808112942_800.jpg","og:image:secure_url":"https:\/\/eldigitaldeasturias.com\/magazine365\/wp-content\/uploads\/2015\/08\/fotonoticia_20150808112942_800.jpg","og:image:width":800,"og:image:height":533,"article:published_time":"2015-08-08T12:19:49+00:00","article:modified_time":"2015-08-08T12:19:49+00:00","twitter:card":"summary_large_image","twitter:title":"La Rep\u00fablica Checa, mucho m\u00e1s que cerveza | El Digital de Asturias","twitter:description":"La Rep\u00fablica Checa es mucho m\u00e1s que cerveza y el mes de septiembre es el momento ideal para que muchos viajeros descubran los mejores vinos checos de las vendimias de Bohemia y Moravia. La cerveza checa es de tanta calidad que durante mucho tiempo ha eclipsado a sus vinos. Sin embargo en los \u00faltimos a\u00f1os","twitter:image":"https:\/\/eldigitaldeasturias.com\/magazine365\/wp-content\/uploads\/2015\/08\/fotonoticia_20150808112942_800.jpg"},"aioseo_meta_data":{"post_id":"45400","title":null,"description":null,"keywords":null,"keyphrases":null,"primary_term":null,"canonical_url":null,"og_title":null,"og_description":null,"og_object_type":"default","og_image_type":"default","og_image_url":null,"og_image_width":null,"og_image_height":null,"og_image_custom_url":null,"og_image_custom_fields":null,"og_video":null,"og_custom_url":null,"og_article_section":null,"og_article_tags":null,"twitter_use_og":false,"twitter_card":"default","twitter_image_type":"default","twitter_image_url":null,"twitter_image_custom_url":null,"twitter_image_custom_fields":null,"twitter_title":null,"twitter_description":null,"schema":{"blockGraphs":[],"customGraphs":[],"default":{"data":{"Article":[],"Course":[],"Dataset":[],"FAQPage":[],"Movie":[],"Person":[],"Product":[],"ProductReview":[],"Car":[],"Recipe":[],"Service":[],"SoftwareApplication":[],"WebPage":[]},"graphName":"","isEnabled":true},"graphs":[]},"schema_type":null,"schema_type_options":null,"pillar_content":false,"robots_default":true,"robots_noindex":false,"robots_noarchive":false,"robots_nosnippet":false,"robots_nofollow":false,"robots_noimageindex":false,"robots_noodp":false,"robots_notranslate":false,"robots_max_snippet":null,"robots_max_videopreview":null,"robots_max_imagepreview":"large","priority":null,"frequency":null,"location":null,"local_seo":null,"seo_analyzer_scan_date":"2025-09-19 23:57:53","breadcrumb_settings":null,"limit_modified_date":false,"open_ai":null,"ai":null,"created":"2021-03-09 01:21:43","updated":"2025-09-19 23:57:53"},"aioseo_breadcrumb":"<div class=\"aioseo-breadcrumbs\"><span class=\"aioseo-breadcrumb\">\n\t<a href=\"https:\/\/eldigitaldeasturias.com\/magazine365\" title=\"Home\">Home<\/a>\n<\/span><span class=\"aioseo-breadcrumb-separator\">\u2013<\/span><span class=\"aioseo-breadcrumb\">\n\t<a href=\"https:\/\/eldigitaldeasturias.com\/magazine365\/category\/noticias-actualidad\/\" title=\"Noticias y Actualidad\">Noticias y Actualidad<\/a>\n<\/span><span class=\"aioseo-breadcrumb-separator\">\u2013<\/span><span class=\"aioseo-breadcrumb\">\n\t<a href=\"https:\/\/eldigitaldeasturias.com\/magazine365\/la-republica-checa-mucho-mas-que-cerveza\/\" title=\"La Rep\u00fablica Checa, mucho m\u00e1s que cerveza\">La Rep\u00fablica Checa, mucho m\u00e1s que cerveza<\/a>\n<\/span><\/div>","aioseo_breadcrumb_json":[{"label":"Home","link":"https:\/\/eldigitaldeasturias.com\/magazine365"},{"label":"Noticias y Actualidad","link":"https:\/\/eldigitaldeasturias.com\/magazine365\/category\/noticias-actualidad\/"},{"label":"La Rep\u00fablica Checa, mucho m\u00e1s que cerveza","link":"https:\/\/eldigitaldeasturias.com\/magazine365\/la-republica-checa-mucho-mas-que-cerveza\/"}],"_links":{"self":[{"href":"https:\/\/eldigitaldeasturias.com\/magazine365\/wp-json\/wp\/v2\/posts\/45400","targetHints":{"allow":["GET"]}}],"collection":[{"href":"https:\/\/eldigitaldeasturias.com\/magazine365\/wp-json\/wp\/v2\/posts"}],"about":[{"href":"https:\/\/eldigitaldeasturias.com\/magazine365\/wp-json\/wp\/v2\/types\/post"}],"author":[{"embeddable":true,"href":"https:\/\/eldigitaldeasturias.com\/magazine365\/wp-json\/wp\/v2\/users\/1"}],"replies":[{"embeddable":true,"href":"https:\/\/eldigitaldeasturias.com\/magazine365\/wp-json\/wp\/v2\/comments?post=45400"}],"version-history":[{"count":0,"href":"https:\/\/eldigitaldeasturias.com\/magazine365\/wp-json\/wp\/v2\/posts\/45400\/revisions"}],"wp:featuredmedia":[{"embeddable":true,"href":"https:\/\/eldigitaldeasturias.com\/magazine365\/wp-json\/wp\/v2\/media\/45401"}],"wp:attachment":[{"href":"https:\/\/eldigitaldeasturias.com\/magazine365\/wp-json\/wp\/v2\/media?parent=45400"}],"wp:term":[{"taxonomy":"category","embeddable":true,"href":"https:\/\/eldigitaldeasturias.com\/magazine365\/wp-json\/wp\/v2\/categories?post=45400"},{"taxonomy":"post_tag","embeddable":true,"href":"https:\/\/eldigitaldeasturias.com\/magazine365\/wp-json\/wp\/v2\/tags?post=45400"}],"curies":[{"name":"wp","href":"https:\/\/api.w.org\/{rel}","templated":true}]}}