{"id":45384,"date":"2015-08-08T02:12:54","date_gmt":"2015-08-08T00:12:54","guid":{"rendered":"http:\/\/eldigitaldeasturias.com\/magazine365\/?p=45384"},"modified":"2015-08-08T02:12:54","modified_gmt":"2015-08-08T00:12:54","slug":"la-catas-de-vinos-y-quesos-en-pamplona-continuan-los-proximos-lunes-martes-y-miercoles","status":"publish","type":"post","link":"https:\/\/eldigitaldeasturias.com\/magazine365\/la-catas-de-vinos-y-quesos-en-pamplona-continuan-los-proximos-lunes-martes-y-miercoles\/","title":{"rendered":"La catas de vinos y quesos en Pamplona contin\u00faan los pr\u00f3ximos lunes, martes y mi\u00e9rcoles"},"content":{"rendered":"<p><img fetchpriority=\"high\" decoding=\"async\" class=\"alignleft size-medium wp-image-45385\" src=\"https:\/\/eldigitaldeasturias.com\/magazine365\/wp-content\/uploads\/2015\/08\/fotonoticia_20150807194916_800-360x240.jpg\" alt=\"fotonoticia_20150807194916_800\" width=\"360\" height=\"240\" srcset=\"https:\/\/eldigitaldeasturias.com\/magazine365\/wp-content\/uploads\/2015\/08\/fotonoticia_20150807194916_800-360x240.jpg 360w, https:\/\/eldigitaldeasturias.com\/magazine365\/wp-content\/uploads\/2015\/08\/fotonoticia_20150807194916_800-650x433.jpg 650w, https:\/\/eldigitaldeasturias.com\/magazine365\/wp-content\/uploads\/2015\/08\/fotonoticia_20150807194916_800-768x512.jpg 768w, https:\/\/eldigitaldeasturias.com\/magazine365\/wp-content\/uploads\/2015\/08\/fotonoticia_20150807194916_800-150x100.jpg 150w, https:\/\/eldigitaldeasturias.com\/magazine365\/wp-content\/uploads\/2015\/08\/fotonoticia_20150807194916_800-450x300.jpg 450w, https:\/\/eldigitaldeasturias.com\/magazine365\/wp-content\/uploads\/2015\/08\/fotonoticia_20150807194916_800-696x464.jpg 696w, https:\/\/eldigitaldeasturias.com\/magazine365\/wp-content\/uploads\/2015\/08\/fotonoticia_20150807194916_800-630x420.jpg 630w, https:\/\/eldigitaldeasturias.com\/magazine365\/wp-content\/uploads\/2015\/08\/fotonoticia_20150807194916_800-84x55.jpg 84w, https:\/\/eldigitaldeasturias.com\/magazine365\/wp-content\/uploads\/2015\/08\/fotonoticia_20150807194916_800.jpg 800w\" sizes=\"(max-width: 360px) 100vw, 360px\" \/>Las sesiones de iniciaci\u00f3n a las catas de vino organizadas por el Ayuntamiento de Pamplona continuar\u00e1n el lunes, martes y mi\u00e9rcoles de la semana que viene con degustaciones de vinos y quesos Denominaci\u00f3n Origen Navarra.<\/p>\n<p>Seg\u00fan ha informado el Ayuntamiento de Pamplona en un comunicado, estas catas se celebrar\u00e1n los lunes, martes y mi\u00e9rcoles de agosto hasta el d\u00eda 26. Los tiques, que cuestan 6 euros, est\u00e1n a la venta en la Oficina de Turismo situada en la Plaza Consistorial.<\/p>\n<p>Es la novena edici\u00f3n de un ciclo organizado dentro de la oferta gastron\u00f3mica de la programaci\u00f3n cultural de verano &#8216;Ciudadelarte&#8217;.<\/p>\n<p>Se ofertan 60 plazas cada d\u00eda y las catas se celebran en la sala de exposiciones del edificio de los ascensores de la calle Descalzos, 56. Son a las ocho de la tarde, con una duraci\u00f3n aproximada de una hora. Las sesiones est\u00e1n impartidas por el experto catador en vinos y formador de la D.O. de Navarra, Migueltxo Go\u00f1i.<\/p>\n<p>En cada una de las sesiones se catan un blanco, un rosado, dos tintos y un moscatel, acompa\u00f1ados de tres quesos con D.O. Navarra (Idiazabal y Roncal). Las sesiones se realizan en colaboraci\u00f3n con Reyno Gourmet y D.O. Navarra.<\/p>\n<p>Cada d\u00eda cambian las bodegas participantes en las catas. El lunes ser\u00e1n Bodegas Ochoa de Olite (Calendas blanco 2014), Bodegas Se\u00f1or\u00edo de Sarr\u00eda de Puente la Reina (Vi\u00f1edo n\u00famero 5 rosado 2014), Bodegas Palacio de Sada de Sada(Palacio de Sada garnatxa 2013), Bodegas Pagos de Araiz de Olite (Pagos de Araiz crianza 2012) y Bodegas Piedemonte de Olite (Piedemonte moscatel 2013).<\/p>\n<p>El martes se catar\u00e1n vinos de Bodegas San Mart\u00edn de San Mart\u00edn de Unx (Se\u00f1or\u00edo de Unx blanco 2014), Bodegas Inurrieta de Falces (Inurrieta mediod\u00eda 2014), Bodegas Beramendi de San Mart\u00edn de Unx (Beramendi tinto 2014), Bodegas Chivite de Cintru\u00e9nigo (Chivite Gran Feudo Reserva) y Bodegas Piedemonte de Olite (Piedemonte moscatel 2013).<\/p>\n<p>Para finalizar la semana, el mi\u00e9rcoles se degustar\u00e1n los vinos de las Bodegas Mal\u00f3n de Echaide de Cascante (Mal\u00f3n de Echaide blanco 2014), Bodegas Olimpia de C\u00e1seda (15 Abril rosado 2014), Bodegas San Mart\u00edn de San Mart\u00edn de Unx (Se\u00f1or\u00edo de Unx tinto 2014), Bodegas Irache de Ayegui (Irache reserva 2007) y Bodegas Piedemonte de Olite (Piedemonte moscatel 2013).<\/p>\n<p>NUEVAS DEGUSTACIONES DE ACEITES Y DE PRODUCTOS &#8216;REYNO GOURMET&#8217;<\/p>\n<p>Adem\u00e1s de estas catas centradas en el vino, &#8216;Ciudadelarte&#8217; presenta este verano como novedad entre las actividades programadas en el apartado gastron\u00f3mico la realizaci\u00f3n de cursos de iniciaci\u00f3n a la cata del aceite de oliva virgen extra.<\/p>\n<p>Este taller explicar\u00e1 la elaboraci\u00f3n y clasificaci\u00f3n de los aceites, as\u00ed como su conservaci\u00f3n, variedades y una visi\u00f3n global del sector ole\u00edcola. Adem\u00e1s, los participantes se adentrar\u00e1n en la iniciaci\u00f3n a la cata del aceite de oliva virgen extra a trav\u00e9s de tres aceites, de trujales pertenecientes a la D.O.P. Aceite de Navarra: Artajo, La Casa del Aceite y La Maja. Para terminar, se realizar\u00e1 un peque\u00f1o maridaje con productos Reyno Gourmet de Maskarada, elaborados a partir de cerdo de raza vasca Euskal Txerria.<\/p>\n<p>Las catas ser\u00e1n impartidas por Ana Irurita, catadora experta y miembro del Panel Oficial de Aceite del Gobierno de Navarra, as\u00ed como fundadora de Eboka marketing gastron\u00f3mico. Tendr\u00e1n lugar los d\u00edas 20, 21, 27 y 28 de agosto, a las ocho de la tarde, en el edificio de Descalzos, 56. Las entradas se pueden adquirir al precio de 5 euros en la Oficina de Turismo del Ayuntamiento de Pamplona.<\/p>\n","protected":false},"excerpt":{"rendered":"<p>Las sesiones de iniciaci\u00f3n a las catas de vino organizadas por el Ayuntamiento de Pamplona continuar\u00e1n el lunes, martes y mi\u00e9rcoles de la semana que viene con degustaciones de vinos y quesos Denominaci\u00f3n Origen Navarra. Seg\u00fan ha informado el Ayuntamiento de Pamplona en un comunicado, estas catas se celebrar\u00e1n los lunes, martes y mi\u00e9rcoles de<\/p>\n","protected":false},"author":1,"featured_media":45385,"comment_status":"open","ping_status":"closed","sticky":false,"template":"","format":"standard","meta":{"footnotes":""},"categories":[224],"tags":[],"class_list":{"0":"post-45384","1":"post","2":"type-post","3":"status-publish","4":"format-standard","5":"has-post-thumbnail","7":"category-noticias-actualidad"},"aioseo_notices":[],"aioseo_head":"\n\t\t<!-- All in One SEO Pro 4.9.6.1 - aioseo.com -->\n\t<meta name=\"description\" content=\"Las sesiones de iniciaci\u00f3n a las catas de vino organizadas por el Ayuntamiento de Pamplona continuar\u00e1n el lunes, martes y mi\u00e9rcoles de la semana que viene con degustaciones de vinos y quesos Denominaci\u00f3n Origen Navarra. Seg\u00fan ha informado el Ayuntamiento de Pamplona en un comunicado, estas catas se celebrar\u00e1n los lunes, martes y mi\u00e9rcoles de\" \/>\n\t<meta name=\"robots\" content=\"max-image-preview:large\" \/>\n\t<meta name=\"author\" content=\"admin\"\/>\n\t<meta name=\"google-site-verification\" content=\"UA-38556648-1\" \/>\n\t<meta name=\"keywords\" content=\"noticias y actualidad\" \/>\n\t<link rel=\"canonical\" href=\"https:\/\/eldigitaldeasturias.com\/magazine365\/la-catas-de-vinos-y-quesos-en-pamplona-continuan-los-proximos-lunes-martes-y-miercoles\/\" \/>\n\t<meta name=\"generator\" content=\"All in One SEO Pro (AIOSEO) 4.9.6.1\" \/>\n\t\t<meta property=\"og:locale\" content=\"es_ES\" \/>\n\t\t<meta property=\"og:site_name\" content=\"El Digital de Asturias \u2013 Revista de ocio, turismo y estilo de vida\" \/>\n\t\t<meta property=\"og:type\" content=\"article\" \/>\n\t\t<meta property=\"og:title\" content=\"La catas de vinos y quesos en Pamplona contin\u00faan los pr\u00f3ximos lunes, martes y mi\u00e9rcoles | El Digital de Asturias\" \/>\n\t\t<meta property=\"og:description\" content=\"Las sesiones de iniciaci\u00f3n a las catas de vino organizadas por el Ayuntamiento de Pamplona continuar\u00e1n el lunes, martes y mi\u00e9rcoles de la semana que viene con degustaciones de vinos y quesos Denominaci\u00f3n Origen Navarra. Seg\u00fan ha informado el Ayuntamiento de Pamplona en un comunicado, estas catas se celebrar\u00e1n los lunes, martes y mi\u00e9rcoles de\" \/>\n\t\t<meta property=\"og:url\" content=\"https:\/\/eldigitaldeasturias.com\/magazine365\/la-catas-de-vinos-y-quesos-en-pamplona-continuan-los-proximos-lunes-martes-y-miercoles\/\" \/>\n\t\t<meta property=\"og:image\" content=\"https:\/\/eldigitaldeasturias.com\/magazine365\/wp-content\/uploads\/2015\/08\/fotonoticia_20150807194916_800.jpg\" \/>\n\t\t<meta property=\"og:image:secure_url\" content=\"https:\/\/eldigitaldeasturias.com\/magazine365\/wp-content\/uploads\/2015\/08\/fotonoticia_20150807194916_800.jpg\" \/>\n\t\t<meta property=\"og:image:width\" content=\"800\" \/>\n\t\t<meta property=\"og:image:height\" content=\"533\" \/>\n\t\t<meta property=\"article:published_time\" content=\"2015-08-08T00:12:54+00:00\" \/>\n\t\t<meta property=\"article:modified_time\" content=\"2015-08-08T00:12:54+00:00\" \/>\n\t\t<meta name=\"twitter:card\" content=\"summary_large_image\" \/>\n\t\t<meta name=\"twitter:title\" content=\"La catas de vinos y quesos en Pamplona contin\u00faan los pr\u00f3ximos lunes, martes y mi\u00e9rcoles | El Digital de Asturias\" \/>\n\t\t<meta name=\"twitter:description\" content=\"Las sesiones de iniciaci\u00f3n a las catas de vino organizadas por el Ayuntamiento de Pamplona continuar\u00e1n el lunes, martes y mi\u00e9rcoles de la semana que viene con degustaciones de vinos y quesos Denominaci\u00f3n Origen Navarra. Seg\u00fan ha informado el Ayuntamiento de Pamplona en un comunicado, estas catas se celebrar\u00e1n los lunes, martes y mi\u00e9rcoles de\" \/>\n\t\t<meta name=\"twitter:image\" content=\"https:\/\/eldigitaldeasturias.com\/magazine365\/wp-content\/uploads\/2015\/08\/fotonoticia_20150807194916_800.jpg\" \/>\n\t\t<script type=\"application\/ld+json\" class=\"aioseo-schema\">\n\t\t\t{\"@context\":\"https:\\\/\\\/schema.org\",\"@graph\":[{\"@type\":\"Article\",\"@id\":\"https:\\\/\\\/eldigitaldeasturias.com\\\/magazine365\\\/la-catas-de-vinos-y-quesos-en-pamplona-continuan-los-proximos-lunes-martes-y-miercoles\\\/#article\",\"name\":\"La catas de vinos y quesos en Pamplona contin\\u00faan los pr\\u00f3ximos lunes, martes y mi\\u00e9rcoles | El Digital de Asturias\",\"headline\":\"La catas de vinos y quesos en Pamplona contin\\u00faan los pr\\u00f3ximos lunes, martes y mi\\u00e9rcoles\",\"author\":{\"@id\":\"https:\\\/\\\/eldigitaldeasturias.com\\\/magazine365\\\/author\\\/admin\\\/#author\"},\"publisher\":{\"@id\":\"https:\\\/\\\/eldigitaldeasturias.com\\\/magazine365\\\/#organization\"},\"image\":{\"@type\":\"ImageObject\",\"url\":\"https:\\\/\\\/eldigitaldeasturias.com\\\/magazine365\\\/wp-content\\\/uploads\\\/2015\\\/08\\\/fotonoticia_20150807194916_800.jpg\",\"width\":800,\"height\":533},\"datePublished\":\"2015-08-08T02:12:54+02:00\",\"dateModified\":\"2015-08-08T02:12:54+02:00\",\"inLanguage\":\"es-ES\",\"mainEntityOfPage\":{\"@id\":\"https:\\\/\\\/eldigitaldeasturias.com\\\/magazine365\\\/la-catas-de-vinos-y-quesos-en-pamplona-continuan-los-proximos-lunes-martes-y-miercoles\\\/#webpage\"},\"isPartOf\":{\"@id\":\"https:\\\/\\\/eldigitaldeasturias.com\\\/magazine365\\\/la-catas-de-vinos-y-quesos-en-pamplona-continuan-los-proximos-lunes-martes-y-miercoles\\\/#webpage\"},\"articleSection\":\"Noticias y Actualidad\"},{\"@type\":\"BreadcrumbList\",\"@id\":\"https:\\\/\\\/eldigitaldeasturias.com\\\/magazine365\\\/la-catas-de-vinos-y-quesos-en-pamplona-continuan-los-proximos-lunes-martes-y-miercoles\\\/#breadcrumblist\",\"itemListElement\":[{\"@type\":\"ListItem\",\"@id\":\"https:\\\/\\\/eldigitaldeasturias.com\\\/magazine365#listItem\",\"position\":1,\"name\":\"Home\",\"item\":\"https:\\\/\\\/eldigitaldeasturias.com\\\/magazine365\",\"nextItem\":{\"@type\":\"ListItem\",\"@id\":\"https:\\\/\\\/eldigitaldeasturias.com\\\/magazine365\\\/category\\\/noticias-actualidad\\\/#listItem\",\"name\":\"Noticias y Actualidad\"}},{\"@type\":\"ListItem\",\"@id\":\"https:\\\/\\\/eldigitaldeasturias.com\\\/magazine365\\\/category\\\/noticias-actualidad\\\/#listItem\",\"position\":2,\"name\":\"Noticias y Actualidad\",\"item\":\"https:\\\/\\\/eldigitaldeasturias.com\\\/magazine365\\\/category\\\/noticias-actualidad\\\/\",\"nextItem\":{\"@type\":\"ListItem\",\"@id\":\"https:\\\/\\\/eldigitaldeasturias.com\\\/magazine365\\\/la-catas-de-vinos-y-quesos-en-pamplona-continuan-los-proximos-lunes-martes-y-miercoles\\\/#listItem\",\"name\":\"La catas de vinos y quesos en Pamplona contin\\u00faan los pr\\u00f3ximos lunes, martes y mi\\u00e9rcoles\"},\"previousItem\":{\"@type\":\"ListItem\",\"@id\":\"https:\\\/\\\/eldigitaldeasturias.com\\\/magazine365#listItem\",\"name\":\"Home\"}},{\"@type\":\"ListItem\",\"@id\":\"https:\\\/\\\/eldigitaldeasturias.com\\\/magazine365\\\/la-catas-de-vinos-y-quesos-en-pamplona-continuan-los-proximos-lunes-martes-y-miercoles\\\/#listItem\",\"position\":3,\"name\":\"La catas de vinos y quesos en Pamplona contin\\u00faan los pr\\u00f3ximos lunes, martes y mi\\u00e9rcoles\",\"previousItem\":{\"@type\":\"ListItem\",\"@id\":\"https:\\\/\\\/eldigitaldeasturias.com\\\/magazine365\\\/category\\\/noticias-actualidad\\\/#listItem\",\"name\":\"Noticias y Actualidad\"}}]},{\"@type\":\"Organization\",\"@id\":\"https:\\\/\\\/eldigitaldeasturias.com\\\/magazine365\\\/#organization\",\"name\":\"El digital de Asturias\",\"description\":\"Revista de ocio, turismo y estilo de vida\",\"url\":\"https:\\\/\\\/eldigitaldeasturias.com\\\/magazine365\\\/\",\"logo\":{\"@type\":\"ImageObject\",\"url\":\"https:\\\/\\\/www.eldigitaldeasturias.com\\\/noticias\\\/wp-content\\\/uploads\\\/2020\\\/12\\\/EDA.jpg\",\"@id\":\"https:\\\/\\\/eldigitaldeasturias.com\\\/magazine365\\\/la-catas-de-vinos-y-quesos-en-pamplona-continuan-los-proximos-lunes-martes-y-miercoles\\\/#organizationLogo\"},\"image\":{\"@id\":\"https:\\\/\\\/eldigitaldeasturias.com\\\/magazine365\\\/la-catas-de-vinos-y-quesos-en-pamplona-continuan-los-proximos-lunes-martes-y-miercoles\\\/#organizationLogo\"}},{\"@type\":\"Person\",\"@id\":\"https:\\\/\\\/eldigitaldeasturias.com\\\/magazine365\\\/author\\\/admin\\\/#author\",\"url\":\"https:\\\/\\\/eldigitaldeasturias.com\\\/magazine365\\\/author\\\/admin\\\/\",\"name\":\"admin\",\"image\":{\"@type\":\"ImageObject\",\"@id\":\"https:\\\/\\\/eldigitaldeasturias.com\\\/magazine365\\\/la-catas-de-vinos-y-quesos-en-pamplona-continuan-los-proximos-lunes-martes-y-miercoles\\\/#authorImage\",\"url\":\"https:\\\/\\\/eldigitaldeasturias.com\\\/magazine365\\\/wp-content\\\/litespeed\\\/avatar\\\/e571bcf59a0edd6fa6838245a470f2fe.jpg?ver=1777574230\",\"width\":96,\"height\":96,\"caption\":\"admin\"}},{\"@type\":\"WebPage\",\"@id\":\"https:\\\/\\\/eldigitaldeasturias.com\\\/magazine365\\\/la-catas-de-vinos-y-quesos-en-pamplona-continuan-los-proximos-lunes-martes-y-miercoles\\\/#webpage\",\"url\":\"https:\\\/\\\/eldigitaldeasturias.com\\\/magazine365\\\/la-catas-de-vinos-y-quesos-en-pamplona-continuan-los-proximos-lunes-martes-y-miercoles\\\/\",\"name\":\"La catas de vinos y quesos en Pamplona contin\\u00faan los pr\\u00f3ximos lunes, martes y mi\\u00e9rcoles | El Digital de Asturias\",\"description\":\"Las sesiones de iniciaci\\u00f3n a las catas de vino organizadas por el Ayuntamiento de Pamplona continuar\\u00e1n el lunes, martes y mi\\u00e9rcoles de la semana que viene con degustaciones de vinos y quesos Denominaci\\u00f3n Origen Navarra. Seg\\u00fan ha informado el Ayuntamiento de Pamplona en un comunicado, estas catas se celebrar\\u00e1n los lunes, martes y mi\\u00e9rcoles de\",\"inLanguage\":\"es-ES\",\"isPartOf\":{\"@id\":\"https:\\\/\\\/eldigitaldeasturias.com\\\/magazine365\\\/#website\"},\"breadcrumb\":{\"@id\":\"https:\\\/\\\/eldigitaldeasturias.com\\\/magazine365\\\/la-catas-de-vinos-y-quesos-en-pamplona-continuan-los-proximos-lunes-martes-y-miercoles\\\/#breadcrumblist\"},\"author\":{\"@id\":\"https:\\\/\\\/eldigitaldeasturias.com\\\/magazine365\\\/author\\\/admin\\\/#author\"},\"creator\":{\"@id\":\"https:\\\/\\\/eldigitaldeasturias.com\\\/magazine365\\\/author\\\/admin\\\/#author\"},\"image\":{\"@type\":\"ImageObject\",\"url\":\"https:\\\/\\\/eldigitaldeasturias.com\\\/magazine365\\\/wp-content\\\/uploads\\\/2015\\\/08\\\/fotonoticia_20150807194916_800.jpg\",\"@id\":\"https:\\\/\\\/eldigitaldeasturias.com\\\/magazine365\\\/la-catas-de-vinos-y-quesos-en-pamplona-continuan-los-proximos-lunes-martes-y-miercoles\\\/#mainImage\",\"width\":800,\"height\":533},\"primaryImageOfPage\":{\"@id\":\"https:\\\/\\\/eldigitaldeasturias.com\\\/magazine365\\\/la-catas-de-vinos-y-quesos-en-pamplona-continuan-los-proximos-lunes-martes-y-miercoles\\\/#mainImage\"},\"datePublished\":\"2015-08-08T02:12:54+02:00\",\"dateModified\":\"2015-08-08T02:12:54+02:00\"},{\"@type\":\"WebSite\",\"@id\":\"https:\\\/\\\/eldigitaldeasturias.com\\\/magazine365\\\/#website\",\"url\":\"https:\\\/\\\/eldigitaldeasturias.com\\\/magazine365\\\/\",\"name\":\"El Digital de Asturias\",\"description\":\"Revista de ocio, turismo y estilo de vida\",\"inLanguage\":\"es-ES\",\"publisher\":{\"@id\":\"https:\\\/\\\/eldigitaldeasturias.com\\\/magazine365\\\/#organization\"}}]}\n\t\t<\/script>\n\t\t<!-- All in One SEO Pro -->\r\n\t\t<title>La catas de vinos y quesos en Pamplona contin\u00faan los pr\u00f3ximos lunes, martes y mi\u00e9rcoles | El Digital de Asturias<\/title>\n\n","aioseo_head_json":{"title":"La catas de vinos y quesos en Pamplona contin\u00faan los pr\u00f3ximos lunes, martes y mi\u00e9rcoles | El Digital de Asturias","description":"Las sesiones de iniciaci\u00f3n a las catas de vino organizadas por el Ayuntamiento de Pamplona continuar\u00e1n el lunes, martes y mi\u00e9rcoles de la semana que viene con degustaciones de vinos y quesos Denominaci\u00f3n Origen Navarra. Seg\u00fan ha informado el Ayuntamiento de Pamplona en un comunicado, estas catas se celebrar\u00e1n los lunes, martes y mi\u00e9rcoles de","canonical_url":"https:\/\/eldigitaldeasturias.com\/magazine365\/la-catas-de-vinos-y-quesos-en-pamplona-continuan-los-proximos-lunes-martes-y-miercoles\/","robots":"max-image-preview:large","keywords":"noticias y actualidad","webmasterTools":{"google-site-verification":"UA-38556648-1","miscellaneous":""},"schema":{"@context":"https:\/\/schema.org","@graph":[{"@type":"Article","@id":"https:\/\/eldigitaldeasturias.com\/magazine365\/la-catas-de-vinos-y-quesos-en-pamplona-continuan-los-proximos-lunes-martes-y-miercoles\/#article","name":"La catas de vinos y quesos en Pamplona contin\u00faan los pr\u00f3ximos lunes, martes y mi\u00e9rcoles | El Digital de Asturias","headline":"La catas de vinos y quesos en Pamplona contin\u00faan los pr\u00f3ximos lunes, martes y mi\u00e9rcoles","author":{"@id":"https:\/\/eldigitaldeasturias.com\/magazine365\/author\/admin\/#author"},"publisher":{"@id":"https:\/\/eldigitaldeasturias.com\/magazine365\/#organization"},"image":{"@type":"ImageObject","url":"https:\/\/eldigitaldeasturias.com\/magazine365\/wp-content\/uploads\/2015\/08\/fotonoticia_20150807194916_800.jpg","width":800,"height":533},"datePublished":"2015-08-08T02:12:54+02:00","dateModified":"2015-08-08T02:12:54+02:00","inLanguage":"es-ES","mainEntityOfPage":{"@id":"https:\/\/eldigitaldeasturias.com\/magazine365\/la-catas-de-vinos-y-quesos-en-pamplona-continuan-los-proximos-lunes-martes-y-miercoles\/#webpage"},"isPartOf":{"@id":"https:\/\/eldigitaldeasturias.com\/magazine365\/la-catas-de-vinos-y-quesos-en-pamplona-continuan-los-proximos-lunes-martes-y-miercoles\/#webpage"},"articleSection":"Noticias y Actualidad"},{"@type":"BreadcrumbList","@id":"https:\/\/eldigitaldeasturias.com\/magazine365\/la-catas-de-vinos-y-quesos-en-pamplona-continuan-los-proximos-lunes-martes-y-miercoles\/#breadcrumblist","itemListElement":[{"@type":"ListItem","@id":"https:\/\/eldigitaldeasturias.com\/magazine365#listItem","position":1,"name":"Home","item":"https:\/\/eldigitaldeasturias.com\/magazine365","nextItem":{"@type":"ListItem","@id":"https:\/\/eldigitaldeasturias.com\/magazine365\/category\/noticias-actualidad\/#listItem","name":"Noticias y Actualidad"}},{"@type":"ListItem","@id":"https:\/\/eldigitaldeasturias.com\/magazine365\/category\/noticias-actualidad\/#listItem","position":2,"name":"Noticias y Actualidad","item":"https:\/\/eldigitaldeasturias.com\/magazine365\/category\/noticias-actualidad\/","nextItem":{"@type":"ListItem","@id":"https:\/\/eldigitaldeasturias.com\/magazine365\/la-catas-de-vinos-y-quesos-en-pamplona-continuan-los-proximos-lunes-martes-y-miercoles\/#listItem","name":"La catas de vinos y quesos en Pamplona contin\u00faan los pr\u00f3ximos lunes, martes y mi\u00e9rcoles"},"previousItem":{"@type":"ListItem","@id":"https:\/\/eldigitaldeasturias.com\/magazine365#listItem","name":"Home"}},{"@type":"ListItem","@id":"https:\/\/eldigitaldeasturias.com\/magazine365\/la-catas-de-vinos-y-quesos-en-pamplona-continuan-los-proximos-lunes-martes-y-miercoles\/#listItem","position":3,"name":"La catas de vinos y quesos en Pamplona contin\u00faan los pr\u00f3ximos lunes, martes y mi\u00e9rcoles","previousItem":{"@type":"ListItem","@id":"https:\/\/eldigitaldeasturias.com\/magazine365\/category\/noticias-actualidad\/#listItem","name":"Noticias y Actualidad"}}]},{"@type":"Organization","@id":"https:\/\/eldigitaldeasturias.com\/magazine365\/#organization","name":"El digital de Asturias","description":"Revista de ocio, turismo y estilo de vida","url":"https:\/\/eldigitaldeasturias.com\/magazine365\/","logo":{"@type":"ImageObject","url":"https:\/\/www.eldigitaldeasturias.com\/noticias\/wp-content\/uploads\/2020\/12\/EDA.jpg","@id":"https:\/\/eldigitaldeasturias.com\/magazine365\/la-catas-de-vinos-y-quesos-en-pamplona-continuan-los-proximos-lunes-martes-y-miercoles\/#organizationLogo"},"image":{"@id":"https:\/\/eldigitaldeasturias.com\/magazine365\/la-catas-de-vinos-y-quesos-en-pamplona-continuan-los-proximos-lunes-martes-y-miercoles\/#organizationLogo"}},{"@type":"Person","@id":"https:\/\/eldigitaldeasturias.com\/magazine365\/author\/admin\/#author","url":"https:\/\/eldigitaldeasturias.com\/magazine365\/author\/admin\/","name":"admin","image":{"@type":"ImageObject","@id":"https:\/\/eldigitaldeasturias.com\/magazine365\/la-catas-de-vinos-y-quesos-en-pamplona-continuan-los-proximos-lunes-martes-y-miercoles\/#authorImage","url":"https:\/\/eldigitaldeasturias.com\/magazine365\/wp-content\/litespeed\/avatar\/e571bcf59a0edd6fa6838245a470f2fe.jpg?ver=1777574230","width":96,"height":96,"caption":"admin"}},{"@type":"WebPage","@id":"https:\/\/eldigitaldeasturias.com\/magazine365\/la-catas-de-vinos-y-quesos-en-pamplona-continuan-los-proximos-lunes-martes-y-miercoles\/#webpage","url":"https:\/\/eldigitaldeasturias.com\/magazine365\/la-catas-de-vinos-y-quesos-en-pamplona-continuan-los-proximos-lunes-martes-y-miercoles\/","name":"La catas de vinos y quesos en Pamplona contin\u00faan los pr\u00f3ximos lunes, martes y mi\u00e9rcoles | El Digital de Asturias","description":"Las sesiones de iniciaci\u00f3n a las catas de vino organizadas por el Ayuntamiento de Pamplona continuar\u00e1n el lunes, martes y mi\u00e9rcoles de la semana que viene con degustaciones de vinos y quesos Denominaci\u00f3n Origen Navarra. Seg\u00fan ha informado el Ayuntamiento de Pamplona en un comunicado, estas catas se celebrar\u00e1n los lunes, martes y mi\u00e9rcoles de","inLanguage":"es-ES","isPartOf":{"@id":"https:\/\/eldigitaldeasturias.com\/magazine365\/#website"},"breadcrumb":{"@id":"https:\/\/eldigitaldeasturias.com\/magazine365\/la-catas-de-vinos-y-quesos-en-pamplona-continuan-los-proximos-lunes-martes-y-miercoles\/#breadcrumblist"},"author":{"@id":"https:\/\/eldigitaldeasturias.com\/magazine365\/author\/admin\/#author"},"creator":{"@id":"https:\/\/eldigitaldeasturias.com\/magazine365\/author\/admin\/#author"},"image":{"@type":"ImageObject","url":"https:\/\/eldigitaldeasturias.com\/magazine365\/wp-content\/uploads\/2015\/08\/fotonoticia_20150807194916_800.jpg","@id":"https:\/\/eldigitaldeasturias.com\/magazine365\/la-catas-de-vinos-y-quesos-en-pamplona-continuan-los-proximos-lunes-martes-y-miercoles\/#mainImage","width":800,"height":533},"primaryImageOfPage":{"@id":"https:\/\/eldigitaldeasturias.com\/magazine365\/la-catas-de-vinos-y-quesos-en-pamplona-continuan-los-proximos-lunes-martes-y-miercoles\/#mainImage"},"datePublished":"2015-08-08T02:12:54+02:00","dateModified":"2015-08-08T02:12:54+02:00"},{"@type":"WebSite","@id":"https:\/\/eldigitaldeasturias.com\/magazine365\/#website","url":"https:\/\/eldigitaldeasturias.com\/magazine365\/","name":"El Digital de Asturias","description":"Revista de ocio, turismo y estilo de vida","inLanguage":"es-ES","publisher":{"@id":"https:\/\/eldigitaldeasturias.com\/magazine365\/#organization"}}]},"og:locale":"es_ES","og:site_name":"El Digital de Asturias \u2013 Revista de ocio, turismo y estilo de vida","og:type":"article","og:title":"La catas de vinos y quesos en Pamplona contin\u00faan los pr\u00f3ximos lunes, martes y mi\u00e9rcoles | El Digital de Asturias","og:description":"Las sesiones de iniciaci\u00f3n a las catas de vino organizadas por el Ayuntamiento de Pamplona continuar\u00e1n el lunes, martes y mi\u00e9rcoles de la semana que viene con degustaciones de vinos y quesos Denominaci\u00f3n Origen Navarra. Seg\u00fan ha informado el Ayuntamiento de Pamplona en un comunicado, estas catas se celebrar\u00e1n los lunes, martes y mi\u00e9rcoles de","og:url":"https:\/\/eldigitaldeasturias.com\/magazine365\/la-catas-de-vinos-y-quesos-en-pamplona-continuan-los-proximos-lunes-martes-y-miercoles\/","og:image":"https:\/\/eldigitaldeasturias.com\/magazine365\/wp-content\/uploads\/2015\/08\/fotonoticia_20150807194916_800.jpg","og:image:secure_url":"https:\/\/eldigitaldeasturias.com\/magazine365\/wp-content\/uploads\/2015\/08\/fotonoticia_20150807194916_800.jpg","og:image:width":800,"og:image:height":533,"article:published_time":"2015-08-08T00:12:54+00:00","article:modified_time":"2015-08-08T00:12:54+00:00","twitter:card":"summary_large_image","twitter:title":"La catas de vinos y quesos en Pamplona contin\u00faan los pr\u00f3ximos lunes, martes y mi\u00e9rcoles | El Digital de Asturias","twitter:description":"Las sesiones de iniciaci\u00f3n a las catas de vino organizadas por el Ayuntamiento de Pamplona continuar\u00e1n el lunes, martes y mi\u00e9rcoles de la semana que viene con degustaciones de vinos y quesos Denominaci\u00f3n Origen Navarra. Seg\u00fan ha informado el Ayuntamiento de Pamplona en un comunicado, estas catas se celebrar\u00e1n los lunes, martes y mi\u00e9rcoles de","twitter:image":"https:\/\/eldigitaldeasturias.com\/magazine365\/wp-content\/uploads\/2015\/08\/fotonoticia_20150807194916_800.jpg"},"aioseo_meta_data":{"post_id":"45384","title":null,"description":null,"keywords":null,"keyphrases":null,"primary_term":null,"canonical_url":null,"og_title":null,"og_description":null,"og_object_type":"default","og_image_type":"default","og_image_url":null,"og_image_width":null,"og_image_height":null,"og_image_custom_url":null,"og_image_custom_fields":null,"og_video":null,"og_custom_url":null,"og_article_section":null,"og_article_tags":null,"twitter_use_og":false,"twitter_card":"default","twitter_image_type":"default","twitter_image_url":null,"twitter_image_custom_url":null,"twitter_image_custom_fields":null,"twitter_title":null,"twitter_description":null,"schema":{"blockGraphs":[],"customGraphs":[],"default":{"data":{"Article":[],"Course":[],"Dataset":[],"FAQPage":[],"Movie":[],"Person":[],"Product":[],"ProductReview":[],"Car":[],"Recipe":[],"Service":[],"SoftwareApplication":[],"WebPage":[]},"graphName":"","isEnabled":true},"graphs":[],"defaultGraph":"","defaultPostTypeGraph":""},"schema_type":null,"schema_type_options":null,"pillar_content":false,"robots_default":true,"robots_noindex":false,"robots_noarchive":false,"robots_nosnippet":false,"robots_nofollow":false,"robots_noimageindex":false,"robots_noodp":false,"robots_notranslate":false,"robots_max_snippet":null,"robots_max_videopreview":null,"robots_max_imagepreview":"large","priority":null,"frequency":null,"location":null,"local_seo":null,"seo_analyzer_scan_date":"2025-09-19 23:55:59","breadcrumb_settings":null,"limit_modified_date":false,"open_ai":null,"ai":null,"created":"2021-03-09 01:21:43","updated":"2025-09-19 23:55:59"},"aioseo_breadcrumb":"<div class=\"aioseo-breadcrumbs\"><span class=\"aioseo-breadcrumb\">\n\t<a href=\"https:\/\/eldigitaldeasturias.com\/magazine365\" title=\"Home\">Home<\/a>\n<\/span><span class=\"aioseo-breadcrumb-separator\">\u2013<\/span><span class=\"aioseo-breadcrumb\">\n\t<a href=\"https:\/\/eldigitaldeasturias.com\/magazine365\/category\/noticias-actualidad\/\" title=\"Noticias y Actualidad\">Noticias y Actualidad<\/a>\n<\/span><span class=\"aioseo-breadcrumb-separator\">\u2013<\/span><span class=\"aioseo-breadcrumb\">\n\t<a href=\"https:\/\/eldigitaldeasturias.com\/magazine365\/la-catas-de-vinos-y-quesos-en-pamplona-continuan-los-proximos-lunes-martes-y-miercoles\/\" title=\"La catas de vinos y quesos en Pamplona contin\u00faan los pr\u00f3ximos lunes, martes y mi\u00e9rcoles\">La catas de vinos y quesos en Pamplona contin\u00faan los pr\u00f3ximos lunes, martes y mi\u00e9rcoles<\/a>\n<\/span><\/div>","aioseo_breadcrumb_json":[{"label":"Home","link":"https:\/\/eldigitaldeasturias.com\/magazine365"},{"label":"Noticias y Actualidad","link":"https:\/\/eldigitaldeasturias.com\/magazine365\/category\/noticias-actualidad\/"},{"label":"La catas de vinos y quesos en Pamplona contin\u00faan los pr\u00f3ximos lunes, martes y mi\u00e9rcoles","link":"https:\/\/eldigitaldeasturias.com\/magazine365\/la-catas-de-vinos-y-quesos-en-pamplona-continuan-los-proximos-lunes-martes-y-miercoles\/"}],"_links":{"self":[{"href":"https:\/\/eldigitaldeasturias.com\/magazine365\/wp-json\/wp\/v2\/posts\/45384","targetHints":{"allow":["GET"]}}],"collection":[{"href":"https:\/\/eldigitaldeasturias.com\/magazine365\/wp-json\/wp\/v2\/posts"}],"about":[{"href":"https:\/\/eldigitaldeasturias.com\/magazine365\/wp-json\/wp\/v2\/types\/post"}],"author":[{"embeddable":true,"href":"https:\/\/eldigitaldeasturias.com\/magazine365\/wp-json\/wp\/v2\/users\/1"}],"replies":[{"embeddable":true,"href":"https:\/\/eldigitaldeasturias.com\/magazine365\/wp-json\/wp\/v2\/comments?post=45384"}],"version-history":[{"count":0,"href":"https:\/\/eldigitaldeasturias.com\/magazine365\/wp-json\/wp\/v2\/posts\/45384\/revisions"}],"wp:featuredmedia":[{"embeddable":true,"href":"https:\/\/eldigitaldeasturias.com\/magazine365\/wp-json\/wp\/v2\/media\/45385"}],"wp:attachment":[{"href":"https:\/\/eldigitaldeasturias.com\/magazine365\/wp-json\/wp\/v2\/media?parent=45384"}],"wp:term":[{"taxonomy":"category","embeddable":true,"href":"https:\/\/eldigitaldeasturias.com\/magazine365\/wp-json\/wp\/v2\/categories?post=45384"},{"taxonomy":"post_tag","embeddable":true,"href":"https:\/\/eldigitaldeasturias.com\/magazine365\/wp-json\/wp\/v2\/tags?post=45384"}],"curies":[{"name":"wp","href":"https:\/\/api.w.org\/{rel}","templated":true}]}}