{"id":45319,"date":"2015-08-08T01:32:46","date_gmt":"2015-08-07T23:32:46","guid":{"rendered":"http:\/\/eldigitaldeasturias.com\/magazine365\/?p=45319"},"modified":"2015-08-08T01:32:46","modified_gmt":"2015-08-07T23:32:46","slug":"vueling-empezara-a-operar-el-26-de-octubre-la-ruta-bilbao-valencia","status":"publish","type":"post","link":"https:\/\/eldigitaldeasturias.com\/magazine365\/vueling-empezara-a-operar-el-26-de-octubre-la-ruta-bilbao-valencia\/","title":{"rendered":"Vueling empezar\u00e1 a operar el 26 de octubre la ruta Bilbao-Valencia"},"content":{"rendered":"<p><img fetchpriority=\"high\" decoding=\"async\" class=\"alignleft size-medium wp-image-45320\" src=\"https:\/\/eldigitaldeasturias.com\/magazine365\/wp-content\/uploads\/2015\/08\/fotonoticia_20150807150916_800-360x250.jpg\" alt=\"fotonoticia_20150807150916_800\" width=\"360\" height=\"250\" srcset=\"https:\/\/eldigitaldeasturias.com\/magazine365\/wp-content\/uploads\/2015\/08\/fotonoticia_20150807150916_800-360x250.jpg 360w, https:\/\/eldigitaldeasturias.com\/magazine365\/wp-content\/uploads\/2015\/08\/fotonoticia_20150807150916_800-650x451.jpg 650w, https:\/\/eldigitaldeasturias.com\/magazine365\/wp-content\/uploads\/2015\/08\/fotonoticia_20150807150916_800-768x533.jpg 768w, https:\/\/eldigitaldeasturias.com\/magazine365\/wp-content\/uploads\/2015\/08\/fotonoticia_20150807150916_800-150x104.jpg 150w, https:\/\/eldigitaldeasturias.com\/magazine365\/wp-content\/uploads\/2015\/08\/fotonoticia_20150807150916_800-450x312.jpg 450w, https:\/\/eldigitaldeasturias.com\/magazine365\/wp-content\/uploads\/2015\/08\/fotonoticia_20150807150916_800-100x70.jpg 100w, https:\/\/eldigitaldeasturias.com\/magazine365\/wp-content\/uploads\/2015\/08\/fotonoticia_20150807150916_800-218x150.jpg 218w, https:\/\/eldigitaldeasturias.com\/magazine365\/wp-content\/uploads\/2015\/08\/fotonoticia_20150807150916_800-696x483.jpg 696w, https:\/\/eldigitaldeasturias.com\/magazine365\/wp-content\/uploads\/2015\/08\/fotonoticia_20150807150916_800-605x420.jpg 605w, https:\/\/eldigitaldeasturias.com\/magazine365\/wp-content\/uploads\/2015\/08\/fotonoticia_20150807150916_800.jpg 800w\" sizes=\"(max-width: 360px) 100vw, 360px\" \/>Vueling empezar\u00e1 a operar a partir del 26 de octubre la ruta Bilbao-Valencia, una conexi\u00f3n prevista para los lunes, mi\u00e9rcoles y viernes, en ambos sentidos, seg\u00fan ha confirmado la Agencia Vasca de Turismo, Basquetour.<\/p>\n<p>En un comunicado, Basquetour ha recordado que el Gobierno vasco, en su Plan Estrat\u00e9gico de Turismo 2020, marc\u00f3 la importancia de generar un entorno de colaboraci\u00f3n con Aena y las sociedades de promoci\u00f3n de los aeropuertos vascos, para adecuar los intereses en \u00abmercados preferentes\u00bb con las propuestas de servicio de las l\u00edneas a\u00e9reas.<\/p>\n<p>En este sentido, ha destacado que esta misma semana se ha confirmado con Vueling la puesta en marcha de una nueva conexi\u00f3n a\u00e9rea entre los aeropuertos de Bilbao y Valencia, que comenzar\u00e1 a operar el pr\u00f3ximo 26 de octubre.<\/p>\n<p>La frecuencia de la nueva conexi\u00f3n es de tres d\u00edas a la semana, lunes, mi\u00e9rcoles y viernes, en los dos sentidos y la compa\u00f1\u00eda ha comenzado ya a comercializar pasajes para esta conexi\u00f3n.<\/p>\n<p>Las personas que visitan Euskadi procedentes de Valencia por motivos de ocio han crecido un 18% en los \u00faltimos dos a\u00f1os, y se sit\u00faan despu\u00e9s de Canarias (+22%), como el grupo de visitantes procedentes del Estado con mayor incremento para nuestro destino. Basquetour ha se\u00f1alado que el Gobierno vasco siempre busca que \u00ablas nuevas rutas puedan tener una estabilidad y continuidad en el tiempo\u00bb.<\/p>\n<p>Asimismo, ha subrayado que el trabajo que desde Euskadi se lleva a cabo para continuar mejorando la conectividad incluye la presencia en foros como Routes Europe 2015, uno de los mayores mercados de la aviaci\u00f3n en Europa, que este a\u00f1o se ha celebrado en Aberdeen, Escocia, que es el mayor evento de rutas regionales y un foro donde Basquetour gestiona el apoyo a nuevas conexiones.<\/p>\n<p>El Gobierno vasco ha destacado que la conectividad a\u00e9rea es \u00abun elemento crucial\u00bb en el desarrollo de la actividad tur\u00edstica. Por eso, a trav\u00e9s de Basquetour, contacta y conoce las estrategias de las principales compa\u00f1\u00edas a\u00e9reas internacionales y presenta la oferta y oportunidades de los aeropuertos vascos y de nuestro destino, a todos los profesionales relacionados con el sector de la aviaci\u00f3n en las principales ferias del mundo.<\/p>\n<p>Adem\u00e1s, ha destacado que en las promociones tur\u00edsticas de Euskadi se fomenta el \u00abtouring\u00bb, es decir se resalta la cercan\u00eda de experiencias tur\u00edsticas singulares, diferentes y complementarias una vez en el destino, para que los visitantes que llegan en avi\u00f3n recorran luego otros lugares de Euskadi.<\/p>\n","protected":false},"excerpt":{"rendered":"<p>Vueling empezar\u00e1 a operar a partir del 26 de octubre la ruta Bilbao-Valencia, una conexi\u00f3n prevista para los lunes, mi\u00e9rcoles y viernes, en ambos sentidos, seg\u00fan ha confirmado la Agencia Vasca de Turismo, Basquetour. En un comunicado, Basquetour ha recordado que el Gobierno vasco, en su Plan Estrat\u00e9gico de Turismo 2020, marc\u00f3 la importancia de<\/p>\n","protected":false},"author":1,"featured_media":45320,"comment_status":"open","ping_status":"closed","sticky":false,"template":"","format":"standard","meta":{"footnotes":""},"categories":[224],"tags":[],"class_list":{"0":"post-45319","1":"post","2":"type-post","3":"status-publish","4":"format-standard","5":"has-post-thumbnail","7":"category-noticias-actualidad"},"aioseo_notices":[],"aioseo_head":"\n\t\t<!-- All in One SEO Pro 4.9.6.1 - aioseo.com -->\n\t<meta name=\"description\" content=\"Vueling empezar\u00e1 a operar a partir del 26 de octubre la ruta Bilbao-Valencia, una conexi\u00f3n prevista para los lunes, mi\u00e9rcoles y viernes, en ambos sentidos, seg\u00fan ha confirmado la Agencia Vasca de Turismo, Basquetour. En un comunicado, Basquetour ha recordado que el Gobierno vasco, en su Plan Estrat\u00e9gico de Turismo 2020, marc\u00f3 la importancia de\" \/>\n\t<meta name=\"robots\" content=\"max-image-preview:large\" \/>\n\t<meta name=\"author\" content=\"admin\"\/>\n\t<meta name=\"google-site-verification\" content=\"UA-38556648-1\" \/>\n\t<meta name=\"keywords\" content=\"noticias y actualidad\" \/>\n\t<link rel=\"canonical\" href=\"https:\/\/eldigitaldeasturias.com\/magazine365\/vueling-empezara-a-operar-el-26-de-octubre-la-ruta-bilbao-valencia\/\" \/>\n\t<meta name=\"generator\" content=\"All in One SEO Pro (AIOSEO) 4.9.6.1\" \/>\n\t\t<meta property=\"og:locale\" content=\"es_ES\" \/>\n\t\t<meta property=\"og:site_name\" content=\"El Digital de Asturias \u2013 Revista de ocio, turismo y estilo de vida\" \/>\n\t\t<meta property=\"og:type\" content=\"article\" \/>\n\t\t<meta property=\"og:title\" content=\"Vueling empezar\u00e1 a operar el 26 de octubre la ruta Bilbao-Valencia | El Digital de Asturias\" \/>\n\t\t<meta property=\"og:description\" content=\"Vueling empezar\u00e1 a operar a partir del 26 de octubre la ruta Bilbao-Valencia, una conexi\u00f3n prevista para los lunes, mi\u00e9rcoles y viernes, en ambos sentidos, seg\u00fan ha confirmado la Agencia Vasca de Turismo, Basquetour. En un comunicado, Basquetour ha recordado que el Gobierno vasco, en su Plan Estrat\u00e9gico de Turismo 2020, marc\u00f3 la importancia de\" \/>\n\t\t<meta property=\"og:url\" content=\"https:\/\/eldigitaldeasturias.com\/magazine365\/vueling-empezara-a-operar-el-26-de-octubre-la-ruta-bilbao-valencia\/\" \/>\n\t\t<meta property=\"og:image\" content=\"https:\/\/eldigitaldeasturias.com\/magazine365\/wp-content\/uploads\/2015\/08\/fotonoticia_20150807150916_800.jpg\" \/>\n\t\t<meta property=\"og:image:secure_url\" content=\"https:\/\/eldigitaldeasturias.com\/magazine365\/wp-content\/uploads\/2015\/08\/fotonoticia_20150807150916_800.jpg\" \/>\n\t\t<meta property=\"og:image:width\" content=\"800\" \/>\n\t\t<meta property=\"og:image:height\" content=\"555\" \/>\n\t\t<meta property=\"article:published_time\" content=\"2015-08-07T23:32:46+00:00\" \/>\n\t\t<meta property=\"article:modified_time\" content=\"2015-08-07T23:32:46+00:00\" \/>\n\t\t<meta name=\"twitter:card\" content=\"summary_large_image\" \/>\n\t\t<meta name=\"twitter:title\" content=\"Vueling empezar\u00e1 a operar el 26 de octubre la ruta Bilbao-Valencia | El Digital de Asturias\" \/>\n\t\t<meta name=\"twitter:description\" content=\"Vueling empezar\u00e1 a operar a partir del 26 de octubre la ruta Bilbao-Valencia, una conexi\u00f3n prevista para los lunes, mi\u00e9rcoles y viernes, en ambos sentidos, seg\u00fan ha confirmado la Agencia Vasca de Turismo, Basquetour. En un comunicado, Basquetour ha recordado que el Gobierno vasco, en su Plan Estrat\u00e9gico de Turismo 2020, marc\u00f3 la importancia de\" \/>\n\t\t<meta name=\"twitter:image\" content=\"https:\/\/eldigitaldeasturias.com\/magazine365\/wp-content\/uploads\/2015\/08\/fotonoticia_20150807150916_800.jpg\" \/>\n\t\t<script type=\"application\/ld+json\" class=\"aioseo-schema\">\n\t\t\t{\"@context\":\"https:\\\/\\\/schema.org\",\"@graph\":[{\"@type\":\"Article\",\"@id\":\"https:\\\/\\\/eldigitaldeasturias.com\\\/magazine365\\\/vueling-empezara-a-operar-el-26-de-octubre-la-ruta-bilbao-valencia\\\/#article\",\"name\":\"Vueling empezar\\u00e1 a operar el 26 de octubre la ruta Bilbao-Valencia | El Digital de Asturias\",\"headline\":\"Vueling empezar\\u00e1 a operar el 26 de octubre la ruta Bilbao-Valencia\",\"author\":{\"@id\":\"https:\\\/\\\/eldigitaldeasturias.com\\\/magazine365\\\/author\\\/admin\\\/#author\"},\"publisher\":{\"@id\":\"https:\\\/\\\/eldigitaldeasturias.com\\\/magazine365\\\/#organization\"},\"image\":{\"@type\":\"ImageObject\",\"url\":\"https:\\\/\\\/eldigitaldeasturias.com\\\/magazine365\\\/wp-content\\\/uploads\\\/2015\\\/08\\\/fotonoticia_20150807150916_800.jpg\",\"width\":800,\"height\":555},\"datePublished\":\"2015-08-08T01:32:46+02:00\",\"dateModified\":\"2015-08-08T01:32:46+02:00\",\"inLanguage\":\"es-ES\",\"mainEntityOfPage\":{\"@id\":\"https:\\\/\\\/eldigitaldeasturias.com\\\/magazine365\\\/vueling-empezara-a-operar-el-26-de-octubre-la-ruta-bilbao-valencia\\\/#webpage\"},\"isPartOf\":{\"@id\":\"https:\\\/\\\/eldigitaldeasturias.com\\\/magazine365\\\/vueling-empezara-a-operar-el-26-de-octubre-la-ruta-bilbao-valencia\\\/#webpage\"},\"articleSection\":\"Noticias y Actualidad\"},{\"@type\":\"BreadcrumbList\",\"@id\":\"https:\\\/\\\/eldigitaldeasturias.com\\\/magazine365\\\/vueling-empezara-a-operar-el-26-de-octubre-la-ruta-bilbao-valencia\\\/#breadcrumblist\",\"itemListElement\":[{\"@type\":\"ListItem\",\"@id\":\"https:\\\/\\\/eldigitaldeasturias.com\\\/magazine365#listItem\",\"position\":1,\"name\":\"Home\",\"item\":\"https:\\\/\\\/eldigitaldeasturias.com\\\/magazine365\",\"nextItem\":{\"@type\":\"ListItem\",\"@id\":\"https:\\\/\\\/eldigitaldeasturias.com\\\/magazine365\\\/category\\\/noticias-actualidad\\\/#listItem\",\"name\":\"Noticias y Actualidad\"}},{\"@type\":\"ListItem\",\"@id\":\"https:\\\/\\\/eldigitaldeasturias.com\\\/magazine365\\\/category\\\/noticias-actualidad\\\/#listItem\",\"position\":2,\"name\":\"Noticias y Actualidad\",\"item\":\"https:\\\/\\\/eldigitaldeasturias.com\\\/magazine365\\\/category\\\/noticias-actualidad\\\/\",\"nextItem\":{\"@type\":\"ListItem\",\"@id\":\"https:\\\/\\\/eldigitaldeasturias.com\\\/magazine365\\\/vueling-empezara-a-operar-el-26-de-octubre-la-ruta-bilbao-valencia\\\/#listItem\",\"name\":\"Vueling empezar\\u00e1 a operar el 26 de octubre la ruta Bilbao-Valencia\"},\"previousItem\":{\"@type\":\"ListItem\",\"@id\":\"https:\\\/\\\/eldigitaldeasturias.com\\\/magazine365#listItem\",\"name\":\"Home\"}},{\"@type\":\"ListItem\",\"@id\":\"https:\\\/\\\/eldigitaldeasturias.com\\\/magazine365\\\/vueling-empezara-a-operar-el-26-de-octubre-la-ruta-bilbao-valencia\\\/#listItem\",\"position\":3,\"name\":\"Vueling empezar\\u00e1 a operar el 26 de octubre la ruta Bilbao-Valencia\",\"previousItem\":{\"@type\":\"ListItem\",\"@id\":\"https:\\\/\\\/eldigitaldeasturias.com\\\/magazine365\\\/category\\\/noticias-actualidad\\\/#listItem\",\"name\":\"Noticias y Actualidad\"}}]},{\"@type\":\"Organization\",\"@id\":\"https:\\\/\\\/eldigitaldeasturias.com\\\/magazine365\\\/#organization\",\"name\":\"El digital de Asturias\",\"description\":\"Revista de ocio, turismo y estilo de vida\",\"url\":\"https:\\\/\\\/eldigitaldeasturias.com\\\/magazine365\\\/\",\"logo\":{\"@type\":\"ImageObject\",\"url\":\"https:\\\/\\\/www.eldigitaldeasturias.com\\\/noticias\\\/wp-content\\\/uploads\\\/2020\\\/12\\\/EDA.jpg\",\"@id\":\"https:\\\/\\\/eldigitaldeasturias.com\\\/magazine365\\\/vueling-empezara-a-operar-el-26-de-octubre-la-ruta-bilbao-valencia\\\/#organizationLogo\"},\"image\":{\"@id\":\"https:\\\/\\\/eldigitaldeasturias.com\\\/magazine365\\\/vueling-empezara-a-operar-el-26-de-octubre-la-ruta-bilbao-valencia\\\/#organizationLogo\"}},{\"@type\":\"Person\",\"@id\":\"https:\\\/\\\/eldigitaldeasturias.com\\\/magazine365\\\/author\\\/admin\\\/#author\",\"url\":\"https:\\\/\\\/eldigitaldeasturias.com\\\/magazine365\\\/author\\\/admin\\\/\",\"name\":\"admin\",\"image\":{\"@type\":\"ImageObject\",\"@id\":\"https:\\\/\\\/eldigitaldeasturias.com\\\/magazine365\\\/vueling-empezara-a-operar-el-26-de-octubre-la-ruta-bilbao-valencia\\\/#authorImage\",\"url\":\"https:\\\/\\\/eldigitaldeasturias.com\\\/magazine365\\\/wp-content\\\/litespeed\\\/avatar\\\/e571bcf59a0edd6fa6838245a470f2fe.jpg?ver=1777574230\",\"width\":96,\"height\":96,\"caption\":\"admin\"}},{\"@type\":\"WebPage\",\"@id\":\"https:\\\/\\\/eldigitaldeasturias.com\\\/magazine365\\\/vueling-empezara-a-operar-el-26-de-octubre-la-ruta-bilbao-valencia\\\/#webpage\",\"url\":\"https:\\\/\\\/eldigitaldeasturias.com\\\/magazine365\\\/vueling-empezara-a-operar-el-26-de-octubre-la-ruta-bilbao-valencia\\\/\",\"name\":\"Vueling empezar\\u00e1 a operar el 26 de octubre la ruta Bilbao-Valencia | El Digital de Asturias\",\"description\":\"Vueling empezar\\u00e1 a operar a partir del 26 de octubre la ruta Bilbao-Valencia, una conexi\\u00f3n prevista para los lunes, mi\\u00e9rcoles y viernes, en ambos sentidos, seg\\u00fan ha confirmado la Agencia Vasca de Turismo, Basquetour. En un comunicado, Basquetour ha recordado que el Gobierno vasco, en su Plan Estrat\\u00e9gico de Turismo 2020, marc\\u00f3 la importancia de\",\"inLanguage\":\"es-ES\",\"isPartOf\":{\"@id\":\"https:\\\/\\\/eldigitaldeasturias.com\\\/magazine365\\\/#website\"},\"breadcrumb\":{\"@id\":\"https:\\\/\\\/eldigitaldeasturias.com\\\/magazine365\\\/vueling-empezara-a-operar-el-26-de-octubre-la-ruta-bilbao-valencia\\\/#breadcrumblist\"},\"author\":{\"@id\":\"https:\\\/\\\/eldigitaldeasturias.com\\\/magazine365\\\/author\\\/admin\\\/#author\"},\"creator\":{\"@id\":\"https:\\\/\\\/eldigitaldeasturias.com\\\/magazine365\\\/author\\\/admin\\\/#author\"},\"image\":{\"@type\":\"ImageObject\",\"url\":\"https:\\\/\\\/eldigitaldeasturias.com\\\/magazine365\\\/wp-content\\\/uploads\\\/2015\\\/08\\\/fotonoticia_20150807150916_800.jpg\",\"@id\":\"https:\\\/\\\/eldigitaldeasturias.com\\\/magazine365\\\/vueling-empezara-a-operar-el-26-de-octubre-la-ruta-bilbao-valencia\\\/#mainImage\",\"width\":800,\"height\":555},\"primaryImageOfPage\":{\"@id\":\"https:\\\/\\\/eldigitaldeasturias.com\\\/magazine365\\\/vueling-empezara-a-operar-el-26-de-octubre-la-ruta-bilbao-valencia\\\/#mainImage\"},\"datePublished\":\"2015-08-08T01:32:46+02:00\",\"dateModified\":\"2015-08-08T01:32:46+02:00\"},{\"@type\":\"WebSite\",\"@id\":\"https:\\\/\\\/eldigitaldeasturias.com\\\/magazine365\\\/#website\",\"url\":\"https:\\\/\\\/eldigitaldeasturias.com\\\/magazine365\\\/\",\"name\":\"El Digital de Asturias\",\"description\":\"Revista de ocio, turismo y estilo de vida\",\"inLanguage\":\"es-ES\",\"publisher\":{\"@id\":\"https:\\\/\\\/eldigitaldeasturias.com\\\/magazine365\\\/#organization\"}}]}\n\t\t<\/script>\n\t\t<!-- All in One SEO Pro -->\r\n\t\t<title>Vueling empezar\u00e1 a operar el 26 de octubre la ruta Bilbao-Valencia | El Digital de Asturias<\/title>\n\n","aioseo_head_json":{"title":"Vueling empezar\u00e1 a operar el 26 de octubre la ruta Bilbao-Valencia | El Digital de Asturias","description":"Vueling empezar\u00e1 a operar a partir del 26 de octubre la ruta Bilbao-Valencia, una conexi\u00f3n prevista para los lunes, mi\u00e9rcoles y viernes, en ambos sentidos, seg\u00fan ha confirmado la Agencia Vasca de Turismo, Basquetour. En un comunicado, Basquetour ha recordado que el Gobierno vasco, en su Plan Estrat\u00e9gico de Turismo 2020, marc\u00f3 la importancia de","canonical_url":"https:\/\/eldigitaldeasturias.com\/magazine365\/vueling-empezara-a-operar-el-26-de-octubre-la-ruta-bilbao-valencia\/","robots":"max-image-preview:large","keywords":"noticias y actualidad","webmasterTools":{"google-site-verification":"UA-38556648-1","miscellaneous":""},"schema":{"@context":"https:\/\/schema.org","@graph":[{"@type":"Article","@id":"https:\/\/eldigitaldeasturias.com\/magazine365\/vueling-empezara-a-operar-el-26-de-octubre-la-ruta-bilbao-valencia\/#article","name":"Vueling empezar\u00e1 a operar el 26 de octubre la ruta Bilbao-Valencia | El Digital de Asturias","headline":"Vueling empezar\u00e1 a operar el 26 de octubre la ruta Bilbao-Valencia","author":{"@id":"https:\/\/eldigitaldeasturias.com\/magazine365\/author\/admin\/#author"},"publisher":{"@id":"https:\/\/eldigitaldeasturias.com\/magazine365\/#organization"},"image":{"@type":"ImageObject","url":"https:\/\/eldigitaldeasturias.com\/magazine365\/wp-content\/uploads\/2015\/08\/fotonoticia_20150807150916_800.jpg","width":800,"height":555},"datePublished":"2015-08-08T01:32:46+02:00","dateModified":"2015-08-08T01:32:46+02:00","inLanguage":"es-ES","mainEntityOfPage":{"@id":"https:\/\/eldigitaldeasturias.com\/magazine365\/vueling-empezara-a-operar-el-26-de-octubre-la-ruta-bilbao-valencia\/#webpage"},"isPartOf":{"@id":"https:\/\/eldigitaldeasturias.com\/magazine365\/vueling-empezara-a-operar-el-26-de-octubre-la-ruta-bilbao-valencia\/#webpage"},"articleSection":"Noticias y Actualidad"},{"@type":"BreadcrumbList","@id":"https:\/\/eldigitaldeasturias.com\/magazine365\/vueling-empezara-a-operar-el-26-de-octubre-la-ruta-bilbao-valencia\/#breadcrumblist","itemListElement":[{"@type":"ListItem","@id":"https:\/\/eldigitaldeasturias.com\/magazine365#listItem","position":1,"name":"Home","item":"https:\/\/eldigitaldeasturias.com\/magazine365","nextItem":{"@type":"ListItem","@id":"https:\/\/eldigitaldeasturias.com\/magazine365\/category\/noticias-actualidad\/#listItem","name":"Noticias y Actualidad"}},{"@type":"ListItem","@id":"https:\/\/eldigitaldeasturias.com\/magazine365\/category\/noticias-actualidad\/#listItem","position":2,"name":"Noticias y Actualidad","item":"https:\/\/eldigitaldeasturias.com\/magazine365\/category\/noticias-actualidad\/","nextItem":{"@type":"ListItem","@id":"https:\/\/eldigitaldeasturias.com\/magazine365\/vueling-empezara-a-operar-el-26-de-octubre-la-ruta-bilbao-valencia\/#listItem","name":"Vueling empezar\u00e1 a operar el 26 de octubre la ruta Bilbao-Valencia"},"previousItem":{"@type":"ListItem","@id":"https:\/\/eldigitaldeasturias.com\/magazine365#listItem","name":"Home"}},{"@type":"ListItem","@id":"https:\/\/eldigitaldeasturias.com\/magazine365\/vueling-empezara-a-operar-el-26-de-octubre-la-ruta-bilbao-valencia\/#listItem","position":3,"name":"Vueling empezar\u00e1 a operar el 26 de octubre la ruta Bilbao-Valencia","previousItem":{"@type":"ListItem","@id":"https:\/\/eldigitaldeasturias.com\/magazine365\/category\/noticias-actualidad\/#listItem","name":"Noticias y Actualidad"}}]},{"@type":"Organization","@id":"https:\/\/eldigitaldeasturias.com\/magazine365\/#organization","name":"El digital de Asturias","description":"Revista de ocio, turismo y estilo de vida","url":"https:\/\/eldigitaldeasturias.com\/magazine365\/","logo":{"@type":"ImageObject","url":"https:\/\/www.eldigitaldeasturias.com\/noticias\/wp-content\/uploads\/2020\/12\/EDA.jpg","@id":"https:\/\/eldigitaldeasturias.com\/magazine365\/vueling-empezara-a-operar-el-26-de-octubre-la-ruta-bilbao-valencia\/#organizationLogo"},"image":{"@id":"https:\/\/eldigitaldeasturias.com\/magazine365\/vueling-empezara-a-operar-el-26-de-octubre-la-ruta-bilbao-valencia\/#organizationLogo"}},{"@type":"Person","@id":"https:\/\/eldigitaldeasturias.com\/magazine365\/author\/admin\/#author","url":"https:\/\/eldigitaldeasturias.com\/magazine365\/author\/admin\/","name":"admin","image":{"@type":"ImageObject","@id":"https:\/\/eldigitaldeasturias.com\/magazine365\/vueling-empezara-a-operar-el-26-de-octubre-la-ruta-bilbao-valencia\/#authorImage","url":"https:\/\/eldigitaldeasturias.com\/magazine365\/wp-content\/litespeed\/avatar\/e571bcf59a0edd6fa6838245a470f2fe.jpg?ver=1777574230","width":96,"height":96,"caption":"admin"}},{"@type":"WebPage","@id":"https:\/\/eldigitaldeasturias.com\/magazine365\/vueling-empezara-a-operar-el-26-de-octubre-la-ruta-bilbao-valencia\/#webpage","url":"https:\/\/eldigitaldeasturias.com\/magazine365\/vueling-empezara-a-operar-el-26-de-octubre-la-ruta-bilbao-valencia\/","name":"Vueling empezar\u00e1 a operar el 26 de octubre la ruta Bilbao-Valencia | El Digital de Asturias","description":"Vueling empezar\u00e1 a operar a partir del 26 de octubre la ruta Bilbao-Valencia, una conexi\u00f3n prevista para los lunes, mi\u00e9rcoles y viernes, en ambos sentidos, seg\u00fan ha confirmado la Agencia Vasca de Turismo, Basquetour. En un comunicado, Basquetour ha recordado que el Gobierno vasco, en su Plan Estrat\u00e9gico de Turismo 2020, marc\u00f3 la importancia de","inLanguage":"es-ES","isPartOf":{"@id":"https:\/\/eldigitaldeasturias.com\/magazine365\/#website"},"breadcrumb":{"@id":"https:\/\/eldigitaldeasturias.com\/magazine365\/vueling-empezara-a-operar-el-26-de-octubre-la-ruta-bilbao-valencia\/#breadcrumblist"},"author":{"@id":"https:\/\/eldigitaldeasturias.com\/magazine365\/author\/admin\/#author"},"creator":{"@id":"https:\/\/eldigitaldeasturias.com\/magazine365\/author\/admin\/#author"},"image":{"@type":"ImageObject","url":"https:\/\/eldigitaldeasturias.com\/magazine365\/wp-content\/uploads\/2015\/08\/fotonoticia_20150807150916_800.jpg","@id":"https:\/\/eldigitaldeasturias.com\/magazine365\/vueling-empezara-a-operar-el-26-de-octubre-la-ruta-bilbao-valencia\/#mainImage","width":800,"height":555},"primaryImageOfPage":{"@id":"https:\/\/eldigitaldeasturias.com\/magazine365\/vueling-empezara-a-operar-el-26-de-octubre-la-ruta-bilbao-valencia\/#mainImage"},"datePublished":"2015-08-08T01:32:46+02:00","dateModified":"2015-08-08T01:32:46+02:00"},{"@type":"WebSite","@id":"https:\/\/eldigitaldeasturias.com\/magazine365\/#website","url":"https:\/\/eldigitaldeasturias.com\/magazine365\/","name":"El Digital de Asturias","description":"Revista de ocio, turismo y estilo de vida","inLanguage":"es-ES","publisher":{"@id":"https:\/\/eldigitaldeasturias.com\/magazine365\/#organization"}}]},"og:locale":"es_ES","og:site_name":"El Digital de Asturias \u2013 Revista de ocio, turismo y estilo de vida","og:type":"article","og:title":"Vueling empezar\u00e1 a operar el 26 de octubre la ruta Bilbao-Valencia | El Digital de Asturias","og:description":"Vueling empezar\u00e1 a operar a partir del 26 de octubre la ruta Bilbao-Valencia, una conexi\u00f3n prevista para los lunes, mi\u00e9rcoles y viernes, en ambos sentidos, seg\u00fan ha confirmado la Agencia Vasca de Turismo, Basquetour. En un comunicado, Basquetour ha recordado que el Gobierno vasco, en su Plan Estrat\u00e9gico de Turismo 2020, marc\u00f3 la importancia de","og:url":"https:\/\/eldigitaldeasturias.com\/magazine365\/vueling-empezara-a-operar-el-26-de-octubre-la-ruta-bilbao-valencia\/","og:image":"https:\/\/eldigitaldeasturias.com\/magazine365\/wp-content\/uploads\/2015\/08\/fotonoticia_20150807150916_800.jpg","og:image:secure_url":"https:\/\/eldigitaldeasturias.com\/magazine365\/wp-content\/uploads\/2015\/08\/fotonoticia_20150807150916_800.jpg","og:image:width":800,"og:image:height":555,"article:published_time":"2015-08-07T23:32:46+00:00","article:modified_time":"2015-08-07T23:32:46+00:00","twitter:card":"summary_large_image","twitter:title":"Vueling empezar\u00e1 a operar el 26 de octubre la ruta Bilbao-Valencia | El Digital de Asturias","twitter:description":"Vueling empezar\u00e1 a operar a partir del 26 de octubre la ruta Bilbao-Valencia, una conexi\u00f3n prevista para los lunes, mi\u00e9rcoles y viernes, en ambos sentidos, seg\u00fan ha confirmado la Agencia Vasca de Turismo, Basquetour. En un comunicado, Basquetour ha recordado que el Gobierno vasco, en su Plan Estrat\u00e9gico de Turismo 2020, marc\u00f3 la importancia de","twitter:image":"https:\/\/eldigitaldeasturias.com\/magazine365\/wp-content\/uploads\/2015\/08\/fotonoticia_20150807150916_800.jpg"},"aioseo_meta_data":{"post_id":"45319","title":null,"description":null,"keywords":null,"keyphrases":null,"primary_term":null,"canonical_url":null,"og_title":null,"og_description":null,"og_object_type":"default","og_image_type":"default","og_image_url":null,"og_image_width":null,"og_image_height":null,"og_image_custom_url":null,"og_image_custom_fields":null,"og_video":null,"og_custom_url":null,"og_article_section":null,"og_article_tags":null,"twitter_use_og":false,"twitter_card":"default","twitter_image_type":"default","twitter_image_url":null,"twitter_image_custom_url":null,"twitter_image_custom_fields":null,"twitter_title":null,"twitter_description":null,"schema":{"blockGraphs":[],"customGraphs":[],"default":{"data":{"Article":[],"Course":[],"Dataset":[],"FAQPage":[],"Movie":[],"Person":[],"Product":[],"ProductReview":[],"Car":[],"Recipe":[],"Service":[],"SoftwareApplication":[],"WebPage":[]},"graphName":"","isEnabled":true},"graphs":[],"defaultGraph":"","defaultPostTypeGraph":""},"schema_type":null,"schema_type_options":null,"pillar_content":false,"robots_default":true,"robots_noindex":false,"robots_noarchive":false,"robots_nosnippet":false,"robots_nofollow":false,"robots_noimageindex":false,"robots_noodp":false,"robots_notranslate":false,"robots_max_snippet":null,"robots_max_videopreview":null,"robots_max_imagepreview":"large","priority":null,"frequency":null,"location":null,"local_seo":null,"seo_analyzer_scan_date":"2025-09-19 23:49:29","breadcrumb_settings":null,"limit_modified_date":false,"open_ai":null,"ai":null,"created":"2021-03-09 01:22:57","updated":"2025-09-19 23:49:29"},"aioseo_breadcrumb":"<div class=\"aioseo-breadcrumbs\"><span class=\"aioseo-breadcrumb\">\n\t<a href=\"https:\/\/eldigitaldeasturias.com\/magazine365\" title=\"Home\">Home<\/a>\n<\/span><span class=\"aioseo-breadcrumb-separator\">\u2013<\/span><span class=\"aioseo-breadcrumb\">\n\t<a href=\"https:\/\/eldigitaldeasturias.com\/magazine365\/category\/noticias-actualidad\/\" title=\"Noticias y Actualidad\">Noticias y Actualidad<\/a>\n<\/span><span class=\"aioseo-breadcrumb-separator\">\u2013<\/span><span class=\"aioseo-breadcrumb\">\n\t<a href=\"https:\/\/eldigitaldeasturias.com\/magazine365\/vueling-empezara-a-operar-el-26-de-octubre-la-ruta-bilbao-valencia\/\" title=\"Vueling empezar\u00e1 a operar el 26 de octubre la ruta Bilbao-Valencia\">Vueling empezar\u00e1 a operar el 26 de octubre la ruta Bilbao-Valencia<\/a>\n<\/span><\/div>","aioseo_breadcrumb_json":[{"label":"Home","link":"https:\/\/eldigitaldeasturias.com\/magazine365"},{"label":"Noticias y Actualidad","link":"https:\/\/eldigitaldeasturias.com\/magazine365\/category\/noticias-actualidad\/"},{"label":"Vueling empezar\u00e1 a operar el 26 de octubre la ruta Bilbao-Valencia","link":"https:\/\/eldigitaldeasturias.com\/magazine365\/vueling-empezara-a-operar-el-26-de-octubre-la-ruta-bilbao-valencia\/"}],"_links":{"self":[{"href":"https:\/\/eldigitaldeasturias.com\/magazine365\/wp-json\/wp\/v2\/posts\/45319","targetHints":{"allow":["GET"]}}],"collection":[{"href":"https:\/\/eldigitaldeasturias.com\/magazine365\/wp-json\/wp\/v2\/posts"}],"about":[{"href":"https:\/\/eldigitaldeasturias.com\/magazine365\/wp-json\/wp\/v2\/types\/post"}],"author":[{"embeddable":true,"href":"https:\/\/eldigitaldeasturias.com\/magazine365\/wp-json\/wp\/v2\/users\/1"}],"replies":[{"embeddable":true,"href":"https:\/\/eldigitaldeasturias.com\/magazine365\/wp-json\/wp\/v2\/comments?post=45319"}],"version-history":[{"count":0,"href":"https:\/\/eldigitaldeasturias.com\/magazine365\/wp-json\/wp\/v2\/posts\/45319\/revisions"}],"wp:featuredmedia":[{"embeddable":true,"href":"https:\/\/eldigitaldeasturias.com\/magazine365\/wp-json\/wp\/v2\/media\/45320"}],"wp:attachment":[{"href":"https:\/\/eldigitaldeasturias.com\/magazine365\/wp-json\/wp\/v2\/media?parent=45319"}],"wp:term":[{"taxonomy":"category","embeddable":true,"href":"https:\/\/eldigitaldeasturias.com\/magazine365\/wp-json\/wp\/v2\/categories?post=45319"},{"taxonomy":"post_tag","embeddable":true,"href":"https:\/\/eldigitaldeasturias.com\/magazine365\/wp-json\/wp\/v2\/tags?post=45319"}],"curies":[{"name":"wp","href":"https:\/\/api.w.org\/{rel}","templated":true}]}}