{"id":45292,"date":"2015-08-07T20:47:00","date_gmt":"2015-08-07T18:47:00","guid":{"rendered":"http:\/\/eldigitaldeasturias.com\/magazine365\/?p=45292"},"modified":"2015-08-07T20:47:00","modified_gmt":"2015-08-07T18:47:00","slug":"la-generalitat-y-grifone-promocionaran-el-turismo-de-montana-en-cataluna","status":"publish","type":"post","link":"https:\/\/eldigitaldeasturias.com\/magazine365\/la-generalitat-y-grifone-promocionaran-el-turismo-de-montana-en-cataluna\/","title":{"rendered":"La Generalitat y Grifone promocionar\u00e1n el turismo de monta\u00f1a en Catalu\u00f1a"},"content":{"rendered":"<p><img fetchpriority=\"high\" decoding=\"async\" class=\"alignleft size-medium wp-image-45293\" src=\"https:\/\/eldigitaldeasturias.com\/magazine365\/wp-content\/uploads\/2015\/08\/fotonoticia_20150807142212_800-360x239.jpg\" alt=\"fotonoticia_20150807142212_800\" width=\"360\" height=\"239\" srcset=\"https:\/\/eldigitaldeasturias.com\/magazine365\/wp-content\/uploads\/2015\/08\/fotonoticia_20150807142212_800-360x239.jpg 360w, https:\/\/eldigitaldeasturias.com\/magazine365\/wp-content\/uploads\/2015\/08\/fotonoticia_20150807142212_800-650x432.jpg 650w, https:\/\/eldigitaldeasturias.com\/magazine365\/wp-content\/uploads\/2015\/08\/fotonoticia_20150807142212_800-768x511.jpg 768w, https:\/\/eldigitaldeasturias.com\/magazine365\/wp-content\/uploads\/2015\/08\/fotonoticia_20150807142212_800-150x100.jpg 150w, https:\/\/eldigitaldeasturias.com\/magazine365\/wp-content\/uploads\/2015\/08\/fotonoticia_20150807142212_800-450x299.jpg 450w, https:\/\/eldigitaldeasturias.com\/magazine365\/wp-content\/uploads\/2015\/08\/fotonoticia_20150807142212_800-696x463.jpg 696w, https:\/\/eldigitaldeasturias.com\/magazine365\/wp-content\/uploads\/2015\/08\/fotonoticia_20150807142212_800-632x420.jpg 632w, https:\/\/eldigitaldeasturias.com\/magazine365\/wp-content\/uploads\/2015\/08\/fotonoticia_20150807142212_800-84x55.jpg 84w, https:\/\/eldigitaldeasturias.com\/magazine365\/wp-content\/uploads\/2015\/08\/fotonoticia_20150807142212_800.jpg 800w\" sizes=\"(max-width: 360px) 100vw, 360px\" \/>El director general de la Agencia Catalana de Turismo (ACT), Xavier Espasa, y el representante del fabricante de material de deportes para el aire libre Grifone, Carlos Moreno, han firmado un convenio de colaboraci\u00f3n para reforzar el posicionamiento de Catalu\u00f1a como destino tur\u00edstico, especialmente para el turismo de monta\u00f1a.<\/p>\n<p>El objetivo del acuerdo es la desestacionalizaci\u00f3n de esta actividad econ\u00f3mica y atraer un turismo de calidad, y coincide con la celebraci\u00f3n del a\u00f1o tem\u00e1tico de que la ACT dedica al turismo de interior y de monta\u00f1a, ha informado en un comunicado este viernes la Conselleria de Empresa y Empleo.<\/p>\n<p>As\u00ed, Grifone potenciar\u00e1 la marca &#8216;Catalunya&#8217; a trav\u00e9s de sus canales online, ferias y eventos, mientras que la ACT ofrece a la compa\u00f1\u00eda presencia en todos sus canales de promoci\u00f3n nacional e internacional.<\/p>\n","protected":false},"excerpt":{"rendered":"<p>El director general de la Agencia Catalana de Turismo (ACT), Xavier Espasa, y el representante del fabricante de material de deportes para el aire libre Grifone, Carlos Moreno, han firmado un convenio de colaboraci\u00f3n para reforzar el posicionamiento de Catalu\u00f1a como destino tur\u00edstico, especialmente para el turismo de monta\u00f1a. El objetivo del acuerdo es la<\/p>\n","protected":false},"author":1,"featured_media":45293,"comment_status":"open","ping_status":"closed","sticky":false,"template":"","format":"standard","meta":{"footnotes":""},"categories":[224],"tags":[],"class_list":{"0":"post-45292","1":"post","2":"type-post","3":"status-publish","4":"format-standard","5":"has-post-thumbnail","7":"category-noticias-actualidad"},"aioseo_notices":[],"aioseo_head":"\n\t\t<!-- All in One SEO Pro 4.9.6.1 - aioseo.com -->\n\t<meta name=\"description\" content=\"El director general de la Agencia Catalana de Turismo (ACT), Xavier Espasa, y el representante del fabricante de material de deportes para el aire libre Grifone, Carlos Moreno, han firmado un convenio de colaboraci\u00f3n para reforzar el posicionamiento de Catalu\u00f1a como destino tur\u00edstico, especialmente para el turismo de monta\u00f1a. El objetivo del acuerdo es la\" \/>\n\t<meta name=\"robots\" content=\"max-image-preview:large\" \/>\n\t<meta name=\"author\" content=\"admin\"\/>\n\t<meta name=\"google-site-verification\" content=\"UA-38556648-1\" \/>\n\t<meta name=\"keywords\" content=\"noticias y actualidad\" \/>\n\t<link rel=\"canonical\" href=\"https:\/\/eldigitaldeasturias.com\/magazine365\/la-generalitat-y-grifone-promocionaran-el-turismo-de-montana-en-cataluna\/\" \/>\n\t<meta name=\"generator\" content=\"All in One SEO Pro (AIOSEO) 4.9.6.1\" \/>\n\t\t<meta property=\"og:locale\" content=\"es_ES\" \/>\n\t\t<meta property=\"og:site_name\" content=\"El Digital de Asturias \u2013 Revista de ocio, turismo y estilo de vida\" \/>\n\t\t<meta property=\"og:type\" content=\"article\" \/>\n\t\t<meta property=\"og:title\" content=\"La Generalitat y Grifone promocionar\u00e1n el turismo de monta\u00f1a en Catalu\u00f1a | El Digital de Asturias\" \/>\n\t\t<meta property=\"og:description\" content=\"El director general de la Agencia Catalana de Turismo (ACT), Xavier Espasa, y el representante del fabricante de material de deportes para el aire libre Grifone, Carlos Moreno, han firmado un convenio de colaboraci\u00f3n para reforzar el posicionamiento de Catalu\u00f1a como destino tur\u00edstico, especialmente para el turismo de monta\u00f1a. El objetivo del acuerdo es la\" \/>\n\t\t<meta property=\"og:url\" content=\"https:\/\/eldigitaldeasturias.com\/magazine365\/la-generalitat-y-grifone-promocionaran-el-turismo-de-montana-en-cataluna\/\" \/>\n\t\t<meta property=\"og:image\" content=\"https:\/\/eldigitaldeasturias.com\/magazine365\/wp-content\/uploads\/2015\/08\/fotonoticia_20150807142212_800.jpg\" \/>\n\t\t<meta property=\"og:image:secure_url\" content=\"https:\/\/eldigitaldeasturias.com\/magazine365\/wp-content\/uploads\/2015\/08\/fotonoticia_20150807142212_800.jpg\" \/>\n\t\t<meta property=\"og:image:width\" content=\"800\" \/>\n\t\t<meta property=\"og:image:height\" content=\"532\" \/>\n\t\t<meta property=\"article:published_time\" content=\"2015-08-07T18:47:00+00:00\" \/>\n\t\t<meta property=\"article:modified_time\" content=\"2015-08-07T18:47:00+00:00\" \/>\n\t\t<meta name=\"twitter:card\" content=\"summary_large_image\" \/>\n\t\t<meta name=\"twitter:title\" content=\"La Generalitat y Grifone promocionar\u00e1n el turismo de monta\u00f1a en Catalu\u00f1a | El Digital de Asturias\" \/>\n\t\t<meta name=\"twitter:description\" content=\"El director general de la Agencia Catalana de Turismo (ACT), Xavier Espasa, y el representante del fabricante de material de deportes para el aire libre Grifone, Carlos Moreno, han firmado un convenio de colaboraci\u00f3n para reforzar el posicionamiento de Catalu\u00f1a como destino tur\u00edstico, especialmente para el turismo de monta\u00f1a. El objetivo del acuerdo es la\" \/>\n\t\t<meta name=\"twitter:image\" content=\"https:\/\/eldigitaldeasturias.com\/magazine365\/wp-content\/uploads\/2015\/08\/fotonoticia_20150807142212_800.jpg\" \/>\n\t\t<script type=\"application\/ld+json\" class=\"aioseo-schema\">\n\t\t\t{\"@context\":\"https:\\\/\\\/schema.org\",\"@graph\":[{\"@type\":\"Article\",\"@id\":\"https:\\\/\\\/eldigitaldeasturias.com\\\/magazine365\\\/la-generalitat-y-grifone-promocionaran-el-turismo-de-montana-en-cataluna\\\/#article\",\"name\":\"La Generalitat y Grifone promocionar\\u00e1n el turismo de monta\\u00f1a en Catalu\\u00f1a | El Digital de Asturias\",\"headline\":\"La Generalitat y Grifone promocionar\\u00e1n el turismo de monta\\u00f1a en Catalu\\u00f1a\",\"author\":{\"@id\":\"https:\\\/\\\/eldigitaldeasturias.com\\\/magazine365\\\/author\\\/admin\\\/#author\"},\"publisher\":{\"@id\":\"https:\\\/\\\/eldigitaldeasturias.com\\\/magazine365\\\/#organization\"},\"image\":{\"@type\":\"ImageObject\",\"url\":\"https:\\\/\\\/eldigitaldeasturias.com\\\/magazine365\\\/wp-content\\\/uploads\\\/2015\\\/08\\\/fotonoticia_20150807142212_800.jpg\",\"width\":800,\"height\":532},\"datePublished\":\"2015-08-07T20:47:00+02:00\",\"dateModified\":\"2015-08-07T20:47:00+02:00\",\"inLanguage\":\"es-ES\",\"mainEntityOfPage\":{\"@id\":\"https:\\\/\\\/eldigitaldeasturias.com\\\/magazine365\\\/la-generalitat-y-grifone-promocionaran-el-turismo-de-montana-en-cataluna\\\/#webpage\"},\"isPartOf\":{\"@id\":\"https:\\\/\\\/eldigitaldeasturias.com\\\/magazine365\\\/la-generalitat-y-grifone-promocionaran-el-turismo-de-montana-en-cataluna\\\/#webpage\"},\"articleSection\":\"Noticias y Actualidad\"},{\"@type\":\"BreadcrumbList\",\"@id\":\"https:\\\/\\\/eldigitaldeasturias.com\\\/magazine365\\\/la-generalitat-y-grifone-promocionaran-el-turismo-de-montana-en-cataluna\\\/#breadcrumblist\",\"itemListElement\":[{\"@type\":\"ListItem\",\"@id\":\"https:\\\/\\\/eldigitaldeasturias.com\\\/magazine365#listItem\",\"position\":1,\"name\":\"Home\",\"item\":\"https:\\\/\\\/eldigitaldeasturias.com\\\/magazine365\",\"nextItem\":{\"@type\":\"ListItem\",\"@id\":\"https:\\\/\\\/eldigitaldeasturias.com\\\/magazine365\\\/category\\\/noticias-actualidad\\\/#listItem\",\"name\":\"Noticias y Actualidad\"}},{\"@type\":\"ListItem\",\"@id\":\"https:\\\/\\\/eldigitaldeasturias.com\\\/magazine365\\\/category\\\/noticias-actualidad\\\/#listItem\",\"position\":2,\"name\":\"Noticias y Actualidad\",\"item\":\"https:\\\/\\\/eldigitaldeasturias.com\\\/magazine365\\\/category\\\/noticias-actualidad\\\/\",\"nextItem\":{\"@type\":\"ListItem\",\"@id\":\"https:\\\/\\\/eldigitaldeasturias.com\\\/magazine365\\\/la-generalitat-y-grifone-promocionaran-el-turismo-de-montana-en-cataluna\\\/#listItem\",\"name\":\"La Generalitat y Grifone promocionar\\u00e1n el turismo de monta\\u00f1a en Catalu\\u00f1a\"},\"previousItem\":{\"@type\":\"ListItem\",\"@id\":\"https:\\\/\\\/eldigitaldeasturias.com\\\/magazine365#listItem\",\"name\":\"Home\"}},{\"@type\":\"ListItem\",\"@id\":\"https:\\\/\\\/eldigitaldeasturias.com\\\/magazine365\\\/la-generalitat-y-grifone-promocionaran-el-turismo-de-montana-en-cataluna\\\/#listItem\",\"position\":3,\"name\":\"La Generalitat y Grifone promocionar\\u00e1n el turismo de monta\\u00f1a en Catalu\\u00f1a\",\"previousItem\":{\"@type\":\"ListItem\",\"@id\":\"https:\\\/\\\/eldigitaldeasturias.com\\\/magazine365\\\/category\\\/noticias-actualidad\\\/#listItem\",\"name\":\"Noticias y Actualidad\"}}]},{\"@type\":\"Organization\",\"@id\":\"https:\\\/\\\/eldigitaldeasturias.com\\\/magazine365\\\/#organization\",\"name\":\"El digital de Asturias\",\"description\":\"Revista de ocio, turismo y estilo de vida\",\"url\":\"https:\\\/\\\/eldigitaldeasturias.com\\\/magazine365\\\/\",\"logo\":{\"@type\":\"ImageObject\",\"url\":\"https:\\\/\\\/www.eldigitaldeasturias.com\\\/noticias\\\/wp-content\\\/uploads\\\/2020\\\/12\\\/EDA.jpg\",\"@id\":\"https:\\\/\\\/eldigitaldeasturias.com\\\/magazine365\\\/la-generalitat-y-grifone-promocionaran-el-turismo-de-montana-en-cataluna\\\/#organizationLogo\"},\"image\":{\"@id\":\"https:\\\/\\\/eldigitaldeasturias.com\\\/magazine365\\\/la-generalitat-y-grifone-promocionaran-el-turismo-de-montana-en-cataluna\\\/#organizationLogo\"}},{\"@type\":\"Person\",\"@id\":\"https:\\\/\\\/eldigitaldeasturias.com\\\/magazine365\\\/author\\\/admin\\\/#author\",\"url\":\"https:\\\/\\\/eldigitaldeasturias.com\\\/magazine365\\\/author\\\/admin\\\/\",\"name\":\"admin\",\"image\":{\"@type\":\"ImageObject\",\"@id\":\"https:\\\/\\\/eldigitaldeasturias.com\\\/magazine365\\\/la-generalitat-y-grifone-promocionaran-el-turismo-de-montana-en-cataluna\\\/#authorImage\",\"url\":\"https:\\\/\\\/eldigitaldeasturias.com\\\/magazine365\\\/wp-content\\\/litespeed\\\/avatar\\\/e571bcf59a0edd6fa6838245a470f2fe.jpg?ver=1777574230\",\"width\":96,\"height\":96,\"caption\":\"admin\"}},{\"@type\":\"WebPage\",\"@id\":\"https:\\\/\\\/eldigitaldeasturias.com\\\/magazine365\\\/la-generalitat-y-grifone-promocionaran-el-turismo-de-montana-en-cataluna\\\/#webpage\",\"url\":\"https:\\\/\\\/eldigitaldeasturias.com\\\/magazine365\\\/la-generalitat-y-grifone-promocionaran-el-turismo-de-montana-en-cataluna\\\/\",\"name\":\"La Generalitat y Grifone promocionar\\u00e1n el turismo de monta\\u00f1a en Catalu\\u00f1a | El Digital de Asturias\",\"description\":\"El director general de la Agencia Catalana de Turismo (ACT), Xavier Espasa, y el representante del fabricante de material de deportes para el aire libre Grifone, Carlos Moreno, han firmado un convenio de colaboraci\\u00f3n para reforzar el posicionamiento de Catalu\\u00f1a como destino tur\\u00edstico, especialmente para el turismo de monta\\u00f1a. El objetivo del acuerdo es la\",\"inLanguage\":\"es-ES\",\"isPartOf\":{\"@id\":\"https:\\\/\\\/eldigitaldeasturias.com\\\/magazine365\\\/#website\"},\"breadcrumb\":{\"@id\":\"https:\\\/\\\/eldigitaldeasturias.com\\\/magazine365\\\/la-generalitat-y-grifone-promocionaran-el-turismo-de-montana-en-cataluna\\\/#breadcrumblist\"},\"author\":{\"@id\":\"https:\\\/\\\/eldigitaldeasturias.com\\\/magazine365\\\/author\\\/admin\\\/#author\"},\"creator\":{\"@id\":\"https:\\\/\\\/eldigitaldeasturias.com\\\/magazine365\\\/author\\\/admin\\\/#author\"},\"image\":{\"@type\":\"ImageObject\",\"url\":\"https:\\\/\\\/eldigitaldeasturias.com\\\/magazine365\\\/wp-content\\\/uploads\\\/2015\\\/08\\\/fotonoticia_20150807142212_800.jpg\",\"@id\":\"https:\\\/\\\/eldigitaldeasturias.com\\\/magazine365\\\/la-generalitat-y-grifone-promocionaran-el-turismo-de-montana-en-cataluna\\\/#mainImage\",\"width\":800,\"height\":532},\"primaryImageOfPage\":{\"@id\":\"https:\\\/\\\/eldigitaldeasturias.com\\\/magazine365\\\/la-generalitat-y-grifone-promocionaran-el-turismo-de-montana-en-cataluna\\\/#mainImage\"},\"datePublished\":\"2015-08-07T20:47:00+02:00\",\"dateModified\":\"2015-08-07T20:47:00+02:00\"},{\"@type\":\"WebSite\",\"@id\":\"https:\\\/\\\/eldigitaldeasturias.com\\\/magazine365\\\/#website\",\"url\":\"https:\\\/\\\/eldigitaldeasturias.com\\\/magazine365\\\/\",\"name\":\"El Digital de Asturias\",\"description\":\"Revista de ocio, turismo y estilo de vida\",\"inLanguage\":\"es-ES\",\"publisher\":{\"@id\":\"https:\\\/\\\/eldigitaldeasturias.com\\\/magazine365\\\/#organization\"}}]}\n\t\t<\/script>\n\t\t<!-- All in One SEO Pro -->\r\n\t\t<title>La Generalitat y Grifone promocionar\u00e1n el turismo de monta\u00f1a en Catalu\u00f1a | El Digital de Asturias<\/title>\n\n","aioseo_head_json":{"title":"La Generalitat y Grifone promocionar\u00e1n el turismo de monta\u00f1a en Catalu\u00f1a | El Digital de Asturias","description":"El director general de la Agencia Catalana de Turismo (ACT), Xavier Espasa, y el representante del fabricante de material de deportes para el aire libre Grifone, Carlos Moreno, han firmado un convenio de colaboraci\u00f3n para reforzar el posicionamiento de Catalu\u00f1a como destino tur\u00edstico, especialmente para el turismo de monta\u00f1a. El objetivo del acuerdo es la","canonical_url":"https:\/\/eldigitaldeasturias.com\/magazine365\/la-generalitat-y-grifone-promocionaran-el-turismo-de-montana-en-cataluna\/","robots":"max-image-preview:large","keywords":"noticias y actualidad","webmasterTools":{"google-site-verification":"UA-38556648-1","miscellaneous":""},"schema":{"@context":"https:\/\/schema.org","@graph":[{"@type":"Article","@id":"https:\/\/eldigitaldeasturias.com\/magazine365\/la-generalitat-y-grifone-promocionaran-el-turismo-de-montana-en-cataluna\/#article","name":"La Generalitat y Grifone promocionar\u00e1n el turismo de monta\u00f1a en Catalu\u00f1a | El Digital de Asturias","headline":"La Generalitat y Grifone promocionar\u00e1n el turismo de monta\u00f1a en Catalu\u00f1a","author":{"@id":"https:\/\/eldigitaldeasturias.com\/magazine365\/author\/admin\/#author"},"publisher":{"@id":"https:\/\/eldigitaldeasturias.com\/magazine365\/#organization"},"image":{"@type":"ImageObject","url":"https:\/\/eldigitaldeasturias.com\/magazine365\/wp-content\/uploads\/2015\/08\/fotonoticia_20150807142212_800.jpg","width":800,"height":532},"datePublished":"2015-08-07T20:47:00+02:00","dateModified":"2015-08-07T20:47:00+02:00","inLanguage":"es-ES","mainEntityOfPage":{"@id":"https:\/\/eldigitaldeasturias.com\/magazine365\/la-generalitat-y-grifone-promocionaran-el-turismo-de-montana-en-cataluna\/#webpage"},"isPartOf":{"@id":"https:\/\/eldigitaldeasturias.com\/magazine365\/la-generalitat-y-grifone-promocionaran-el-turismo-de-montana-en-cataluna\/#webpage"},"articleSection":"Noticias y Actualidad"},{"@type":"BreadcrumbList","@id":"https:\/\/eldigitaldeasturias.com\/magazine365\/la-generalitat-y-grifone-promocionaran-el-turismo-de-montana-en-cataluna\/#breadcrumblist","itemListElement":[{"@type":"ListItem","@id":"https:\/\/eldigitaldeasturias.com\/magazine365#listItem","position":1,"name":"Home","item":"https:\/\/eldigitaldeasturias.com\/magazine365","nextItem":{"@type":"ListItem","@id":"https:\/\/eldigitaldeasturias.com\/magazine365\/category\/noticias-actualidad\/#listItem","name":"Noticias y Actualidad"}},{"@type":"ListItem","@id":"https:\/\/eldigitaldeasturias.com\/magazine365\/category\/noticias-actualidad\/#listItem","position":2,"name":"Noticias y Actualidad","item":"https:\/\/eldigitaldeasturias.com\/magazine365\/category\/noticias-actualidad\/","nextItem":{"@type":"ListItem","@id":"https:\/\/eldigitaldeasturias.com\/magazine365\/la-generalitat-y-grifone-promocionaran-el-turismo-de-montana-en-cataluna\/#listItem","name":"La Generalitat y Grifone promocionar\u00e1n el turismo de monta\u00f1a en Catalu\u00f1a"},"previousItem":{"@type":"ListItem","@id":"https:\/\/eldigitaldeasturias.com\/magazine365#listItem","name":"Home"}},{"@type":"ListItem","@id":"https:\/\/eldigitaldeasturias.com\/magazine365\/la-generalitat-y-grifone-promocionaran-el-turismo-de-montana-en-cataluna\/#listItem","position":3,"name":"La Generalitat y Grifone promocionar\u00e1n el turismo de monta\u00f1a en Catalu\u00f1a","previousItem":{"@type":"ListItem","@id":"https:\/\/eldigitaldeasturias.com\/magazine365\/category\/noticias-actualidad\/#listItem","name":"Noticias y Actualidad"}}]},{"@type":"Organization","@id":"https:\/\/eldigitaldeasturias.com\/magazine365\/#organization","name":"El digital de Asturias","description":"Revista de ocio, turismo y estilo de vida","url":"https:\/\/eldigitaldeasturias.com\/magazine365\/","logo":{"@type":"ImageObject","url":"https:\/\/www.eldigitaldeasturias.com\/noticias\/wp-content\/uploads\/2020\/12\/EDA.jpg","@id":"https:\/\/eldigitaldeasturias.com\/magazine365\/la-generalitat-y-grifone-promocionaran-el-turismo-de-montana-en-cataluna\/#organizationLogo"},"image":{"@id":"https:\/\/eldigitaldeasturias.com\/magazine365\/la-generalitat-y-grifone-promocionaran-el-turismo-de-montana-en-cataluna\/#organizationLogo"}},{"@type":"Person","@id":"https:\/\/eldigitaldeasturias.com\/magazine365\/author\/admin\/#author","url":"https:\/\/eldigitaldeasturias.com\/magazine365\/author\/admin\/","name":"admin","image":{"@type":"ImageObject","@id":"https:\/\/eldigitaldeasturias.com\/magazine365\/la-generalitat-y-grifone-promocionaran-el-turismo-de-montana-en-cataluna\/#authorImage","url":"https:\/\/eldigitaldeasturias.com\/magazine365\/wp-content\/litespeed\/avatar\/e571bcf59a0edd6fa6838245a470f2fe.jpg?ver=1777574230","width":96,"height":96,"caption":"admin"}},{"@type":"WebPage","@id":"https:\/\/eldigitaldeasturias.com\/magazine365\/la-generalitat-y-grifone-promocionaran-el-turismo-de-montana-en-cataluna\/#webpage","url":"https:\/\/eldigitaldeasturias.com\/magazine365\/la-generalitat-y-grifone-promocionaran-el-turismo-de-montana-en-cataluna\/","name":"La Generalitat y Grifone promocionar\u00e1n el turismo de monta\u00f1a en Catalu\u00f1a | El Digital de Asturias","description":"El director general de la Agencia Catalana de Turismo (ACT), Xavier Espasa, y el representante del fabricante de material de deportes para el aire libre Grifone, Carlos Moreno, han firmado un convenio de colaboraci\u00f3n para reforzar el posicionamiento de Catalu\u00f1a como destino tur\u00edstico, especialmente para el turismo de monta\u00f1a. El objetivo del acuerdo es la","inLanguage":"es-ES","isPartOf":{"@id":"https:\/\/eldigitaldeasturias.com\/magazine365\/#website"},"breadcrumb":{"@id":"https:\/\/eldigitaldeasturias.com\/magazine365\/la-generalitat-y-grifone-promocionaran-el-turismo-de-montana-en-cataluna\/#breadcrumblist"},"author":{"@id":"https:\/\/eldigitaldeasturias.com\/magazine365\/author\/admin\/#author"},"creator":{"@id":"https:\/\/eldigitaldeasturias.com\/magazine365\/author\/admin\/#author"},"image":{"@type":"ImageObject","url":"https:\/\/eldigitaldeasturias.com\/magazine365\/wp-content\/uploads\/2015\/08\/fotonoticia_20150807142212_800.jpg","@id":"https:\/\/eldigitaldeasturias.com\/magazine365\/la-generalitat-y-grifone-promocionaran-el-turismo-de-montana-en-cataluna\/#mainImage","width":800,"height":532},"primaryImageOfPage":{"@id":"https:\/\/eldigitaldeasturias.com\/magazine365\/la-generalitat-y-grifone-promocionaran-el-turismo-de-montana-en-cataluna\/#mainImage"},"datePublished":"2015-08-07T20:47:00+02:00","dateModified":"2015-08-07T20:47:00+02:00"},{"@type":"WebSite","@id":"https:\/\/eldigitaldeasturias.com\/magazine365\/#website","url":"https:\/\/eldigitaldeasturias.com\/magazine365\/","name":"El Digital de Asturias","description":"Revista de ocio, turismo y estilo de vida","inLanguage":"es-ES","publisher":{"@id":"https:\/\/eldigitaldeasturias.com\/magazine365\/#organization"}}]},"og:locale":"es_ES","og:site_name":"El Digital de Asturias \u2013 Revista de ocio, turismo y estilo de vida","og:type":"article","og:title":"La Generalitat y Grifone promocionar\u00e1n el turismo de monta\u00f1a en Catalu\u00f1a | El Digital de Asturias","og:description":"El director general de la Agencia Catalana de Turismo (ACT), Xavier Espasa, y el representante del fabricante de material de deportes para el aire libre Grifone, Carlos Moreno, han firmado un convenio de colaboraci\u00f3n para reforzar el posicionamiento de Catalu\u00f1a como destino tur\u00edstico, especialmente para el turismo de monta\u00f1a. El objetivo del acuerdo es la","og:url":"https:\/\/eldigitaldeasturias.com\/magazine365\/la-generalitat-y-grifone-promocionaran-el-turismo-de-montana-en-cataluna\/","og:image":"https:\/\/eldigitaldeasturias.com\/magazine365\/wp-content\/uploads\/2015\/08\/fotonoticia_20150807142212_800.jpg","og:image:secure_url":"https:\/\/eldigitaldeasturias.com\/magazine365\/wp-content\/uploads\/2015\/08\/fotonoticia_20150807142212_800.jpg","og:image:width":800,"og:image:height":532,"article:published_time":"2015-08-07T18:47:00+00:00","article:modified_time":"2015-08-07T18:47:00+00:00","twitter:card":"summary_large_image","twitter:title":"La Generalitat y Grifone promocionar\u00e1n el turismo de monta\u00f1a en Catalu\u00f1a | El Digital de Asturias","twitter:description":"El director general de la Agencia Catalana de Turismo (ACT), Xavier Espasa, y el representante del fabricante de material de deportes para el aire libre Grifone, Carlos Moreno, han firmado un convenio de colaboraci\u00f3n para reforzar el posicionamiento de Catalu\u00f1a como destino tur\u00edstico, especialmente para el turismo de monta\u00f1a. El objetivo del acuerdo es la","twitter:image":"https:\/\/eldigitaldeasturias.com\/magazine365\/wp-content\/uploads\/2015\/08\/fotonoticia_20150807142212_800.jpg"},"aioseo_meta_data":{"post_id":"45292","title":null,"description":null,"keywords":null,"keyphrases":null,"primary_term":null,"canonical_url":null,"og_title":null,"og_description":null,"og_object_type":"default","og_image_type":"default","og_image_url":null,"og_image_width":null,"og_image_height":null,"og_image_custom_url":null,"og_image_custom_fields":null,"og_video":null,"og_custom_url":null,"og_article_section":null,"og_article_tags":null,"twitter_use_og":false,"twitter_card":"default","twitter_image_type":"default","twitter_image_url":null,"twitter_image_custom_url":null,"twitter_image_custom_fields":null,"twitter_title":null,"twitter_description":null,"schema":{"blockGraphs":[],"customGraphs":[],"default":{"data":{"Article":[],"Course":[],"Dataset":[],"FAQPage":[],"Movie":[],"Person":[],"Product":[],"ProductReview":[],"Car":[],"Recipe":[],"Service":[],"SoftwareApplication":[],"WebPage":[]},"graphName":"","isEnabled":true},"graphs":[],"defaultGraph":"","defaultPostTypeGraph":""},"schema_type":null,"schema_type_options":null,"pillar_content":false,"robots_default":true,"robots_noindex":false,"robots_noarchive":false,"robots_nosnippet":false,"robots_nofollow":false,"robots_noimageindex":false,"robots_noodp":false,"robots_notranslate":false,"robots_max_snippet":null,"robots_max_videopreview":null,"robots_max_imagepreview":"large","priority":null,"frequency":null,"location":null,"local_seo":null,"seo_analyzer_scan_date":"2025-09-19 23:46:09","breadcrumb_settings":null,"limit_modified_date":false,"open_ai":null,"ai":null,"created":"2021-03-09 01:22:58","updated":"2025-09-19 23:46:09"},"aioseo_breadcrumb":"<div class=\"aioseo-breadcrumbs\"><span class=\"aioseo-breadcrumb\">\n\t<a href=\"https:\/\/eldigitaldeasturias.com\/magazine365\" title=\"Home\">Home<\/a>\n<\/span><span class=\"aioseo-breadcrumb-separator\">\u2013<\/span><span class=\"aioseo-breadcrumb\">\n\t<a href=\"https:\/\/eldigitaldeasturias.com\/magazine365\/category\/noticias-actualidad\/\" title=\"Noticias y Actualidad\">Noticias y Actualidad<\/a>\n<\/span><span class=\"aioseo-breadcrumb-separator\">\u2013<\/span><span class=\"aioseo-breadcrumb\">\n\t<a href=\"https:\/\/eldigitaldeasturias.com\/magazine365\/la-generalitat-y-grifone-promocionaran-el-turismo-de-montana-en-cataluna\/\" title=\"La Generalitat y Grifone promocionar\u00e1n el turismo de monta\u00f1a en Catalu\u00f1a\">La Generalitat y Grifone promocionar\u00e1n el turismo de monta\u00f1a en Catalu\u00f1a<\/a>\n<\/span><\/div>","aioseo_breadcrumb_json":[{"label":"Home","link":"https:\/\/eldigitaldeasturias.com\/magazine365"},{"label":"Noticias y Actualidad","link":"https:\/\/eldigitaldeasturias.com\/magazine365\/category\/noticias-actualidad\/"},{"label":"La Generalitat y Grifone promocionar\u00e1n el turismo de monta\u00f1a en Catalu\u00f1a","link":"https:\/\/eldigitaldeasturias.com\/magazine365\/la-generalitat-y-grifone-promocionaran-el-turismo-de-montana-en-cataluna\/"}],"_links":{"self":[{"href":"https:\/\/eldigitaldeasturias.com\/magazine365\/wp-json\/wp\/v2\/posts\/45292","targetHints":{"allow":["GET"]}}],"collection":[{"href":"https:\/\/eldigitaldeasturias.com\/magazine365\/wp-json\/wp\/v2\/posts"}],"about":[{"href":"https:\/\/eldigitaldeasturias.com\/magazine365\/wp-json\/wp\/v2\/types\/post"}],"author":[{"embeddable":true,"href":"https:\/\/eldigitaldeasturias.com\/magazine365\/wp-json\/wp\/v2\/users\/1"}],"replies":[{"embeddable":true,"href":"https:\/\/eldigitaldeasturias.com\/magazine365\/wp-json\/wp\/v2\/comments?post=45292"}],"version-history":[{"count":0,"href":"https:\/\/eldigitaldeasturias.com\/magazine365\/wp-json\/wp\/v2\/posts\/45292\/revisions"}],"wp:featuredmedia":[{"embeddable":true,"href":"https:\/\/eldigitaldeasturias.com\/magazine365\/wp-json\/wp\/v2\/media\/45293"}],"wp:attachment":[{"href":"https:\/\/eldigitaldeasturias.com\/magazine365\/wp-json\/wp\/v2\/media?parent=45292"}],"wp:term":[{"taxonomy":"category","embeddable":true,"href":"https:\/\/eldigitaldeasturias.com\/magazine365\/wp-json\/wp\/v2\/categories?post=45292"},{"taxonomy":"post_tag","embeddable":true,"href":"https:\/\/eldigitaldeasturias.com\/magazine365\/wp-json\/wp\/v2\/tags?post=45292"}],"curies":[{"name":"wp","href":"https:\/\/api.w.org\/{rel}","templated":true}]}}