{"id":45212,"date":"2015-08-07T02:10:24","date_gmt":"2015-08-07T00:10:24","guid":{"rendered":"http:\/\/eldigitaldeasturias.com\/magazine365\/?p=45212"},"modified":"2015-08-07T02:10:24","modified_gmt":"2015-08-07T00:10:24","slug":"renfe-cercanias-ofrecera-99-trenes-nocturnos-especiales-durante-la-semana-grande-de-san-sebastian","status":"publish","type":"post","link":"https:\/\/eldigitaldeasturias.com\/magazine365\/renfe-cercanias-ofrecera-99-trenes-nocturnos-especiales-durante-la-semana-grande-de-san-sebastian\/","title":{"rendered":"Renfe Cercan\u00edas ofrecer\u00e1 99 trenes nocturnos especiales durante la Semana Grande de San Sebasti\u00e1n"},"content":{"rendered":"<p><img fetchpriority=\"high\" decoding=\"async\" class=\"alignleft size-medium wp-image-45213\" src=\"https:\/\/eldigitaldeasturias.com\/magazine365\/wp-content\/uploads\/2015\/08\/fotonoticia_20150806183511_800-360x270.jpg\" alt=\"fotonoticia_20150806183511_800\" width=\"360\" height=\"270\" srcset=\"https:\/\/eldigitaldeasturias.com\/magazine365\/wp-content\/uploads\/2015\/08\/fotonoticia_20150806183511_800-360x270.jpg 360w, https:\/\/eldigitaldeasturias.com\/magazine365\/wp-content\/uploads\/2015\/08\/fotonoticia_20150806183511_800-650x488.jpg 650w, https:\/\/eldigitaldeasturias.com\/magazine365\/wp-content\/uploads\/2015\/08\/fotonoticia_20150806183511_800-768x576.jpg 768w, https:\/\/eldigitaldeasturias.com\/magazine365\/wp-content\/uploads\/2015\/08\/fotonoticia_20150806183511_800-150x113.jpg 150w, https:\/\/eldigitaldeasturias.com\/magazine365\/wp-content\/uploads\/2015\/08\/fotonoticia_20150806183511_800-450x338.jpg 450w, https:\/\/eldigitaldeasturias.com\/magazine365\/wp-content\/uploads\/2015\/08\/fotonoticia_20150806183511_800-80x60.jpg 80w, https:\/\/eldigitaldeasturias.com\/magazine365\/wp-content\/uploads\/2015\/08\/fotonoticia_20150806183511_800-265x198.jpg 265w, https:\/\/eldigitaldeasturias.com\/magazine365\/wp-content\/uploads\/2015\/08\/fotonoticia_20150806183511_800-696x522.jpg 696w, https:\/\/eldigitaldeasturias.com\/magazine365\/wp-content\/uploads\/2015\/08\/fotonoticia_20150806183511_800-560x420.jpg 560w, https:\/\/eldigitaldeasturias.com\/magazine365\/wp-content\/uploads\/2015\/08\/fotonoticia_20150806183511_800-90x67.jpg 90w, https:\/\/eldigitaldeasturias.com\/magazine365\/wp-content\/uploads\/2015\/08\/fotonoticia_20150806183511_800-100x75.jpg 100w, https:\/\/eldigitaldeasturias.com\/magazine365\/wp-content\/uploads\/2015\/08\/fotonoticia_20150806183511_800.jpg 800w\" sizes=\"(max-width: 360px) 100vw, 360px\" \/>Renfe Cercan\u00edas ofrecer\u00e1 99 trenes nocturnos especiales durante la Semana Grande de San Sebasti\u00e1n, que comienza este s\u00e1bado y que se desarrollar\u00e1 hasta el domingo d\u00eda 16.<\/p>\n<p>En un comunicado, Renfe ha indicado que un total de 64.350 plazas especiales se suman de este modo al dispositivo habitual de Cercan\u00edas. Los trenes nocturnos de Cercan\u00edas estar\u00e1n operativos ininterrumpidamente todas las noches a lo largo de la semana festiva.<\/p>\n<p>Los refuerzos de Renfe pretenden facilitar la llegada y el regreso de multitud de j\u00f3venes durante la madrugada y garantizar \u00abla seguridad que el tren proporciona en este tipo de desplazamientos\u00bb, ha explicado la compa\u00f1\u00eda.<\/p>\n<p>Durante las noches de los ocho d\u00edas en los que trascurren las fiestas, diariamente habr\u00e1 un total de cuatro trenes especiales nocturnos de San Sebasti\u00e1n a Ir\u00fan (no paran en Gros) y otros cinco trenes hacia Tolosa y Brinkola, entre las 23.35 y las 05.38 horas<\/p>\n<p>Adem\u00e1s, Renfe ha reforzado los servicios habituales de Cercan\u00edas para atender el previsible aumento de viajeros durante esta semana. Al respecto ha puntualizado que una de las franjas horarias de mayor movimiento a lo largo de la semana festiva transcurrir\u00e1 cada noche entre las 21.00 y las 23.00 horas, con motivo de los fuegos artificiales.<\/p>\n","protected":false},"excerpt":{"rendered":"<p>Renfe Cercan\u00edas ofrecer\u00e1 99 trenes nocturnos especiales durante la Semana Grande de San Sebasti\u00e1n, que comienza este s\u00e1bado y que se desarrollar\u00e1 hasta el domingo d\u00eda 16. En un comunicado, Renfe ha indicado que un total de 64.350 plazas especiales se suman de este modo al dispositivo habitual de Cercan\u00edas. Los trenes nocturnos de Cercan\u00edas<\/p>\n","protected":false},"author":1,"featured_media":45213,"comment_status":"open","ping_status":"closed","sticky":false,"template":"","format":"standard","meta":{"footnotes":""},"categories":[224],"tags":[],"class_list":{"0":"post-45212","1":"post","2":"type-post","3":"status-publish","4":"format-standard","5":"has-post-thumbnail","7":"category-noticias-actualidad"},"aioseo_notices":[],"aioseo_head":"\n\t\t<!-- All in One SEO Pro 4.9.6.1 - aioseo.com -->\n\t<meta name=\"description\" content=\"Renfe Cercan\u00edas ofrecer\u00e1 99 trenes nocturnos especiales durante la Semana Grande de San Sebasti\u00e1n, que comienza este s\u00e1bado y que se desarrollar\u00e1 hasta el domingo d\u00eda 16. En un comunicado, Renfe ha indicado que un total de 64.350 plazas especiales se suman de este modo al dispositivo habitual de Cercan\u00edas. Los trenes nocturnos de Cercan\u00edas\" \/>\n\t<meta name=\"robots\" content=\"max-image-preview:large\" \/>\n\t<meta name=\"author\" content=\"admin\"\/>\n\t<meta name=\"google-site-verification\" content=\"UA-38556648-1\" \/>\n\t<meta name=\"keywords\" content=\"noticias y actualidad\" \/>\n\t<link rel=\"canonical\" href=\"https:\/\/eldigitaldeasturias.com\/magazine365\/renfe-cercanias-ofrecera-99-trenes-nocturnos-especiales-durante-la-semana-grande-de-san-sebastian\/\" \/>\n\t<meta name=\"generator\" content=\"All in One SEO Pro (AIOSEO) 4.9.6.1\" \/>\n\t\t<meta property=\"og:locale\" content=\"es_ES\" \/>\n\t\t<meta property=\"og:site_name\" content=\"El Digital de Asturias \u2013 Revista de ocio, turismo y estilo de vida\" \/>\n\t\t<meta property=\"og:type\" content=\"article\" \/>\n\t\t<meta property=\"og:title\" content=\"Renfe Cercan\u00edas ofrecer\u00e1 99 trenes nocturnos especiales durante la Semana Grande de San Sebasti\u00e1n | El Digital de Asturias\" \/>\n\t\t<meta property=\"og:description\" content=\"Renfe Cercan\u00edas ofrecer\u00e1 99 trenes nocturnos especiales durante la Semana Grande de San Sebasti\u00e1n, que comienza este s\u00e1bado y que se desarrollar\u00e1 hasta el domingo d\u00eda 16. En un comunicado, Renfe ha indicado que un total de 64.350 plazas especiales se suman de este modo al dispositivo habitual de Cercan\u00edas. Los trenes nocturnos de Cercan\u00edas\" \/>\n\t\t<meta property=\"og:url\" content=\"https:\/\/eldigitaldeasturias.com\/magazine365\/renfe-cercanias-ofrecera-99-trenes-nocturnos-especiales-durante-la-semana-grande-de-san-sebastian\/\" \/>\n\t\t<meta property=\"og:image\" content=\"https:\/\/eldigitaldeasturias.com\/magazine365\/wp-content\/uploads\/2015\/08\/fotonoticia_20150806183511_800.jpg\" \/>\n\t\t<meta property=\"og:image:secure_url\" content=\"https:\/\/eldigitaldeasturias.com\/magazine365\/wp-content\/uploads\/2015\/08\/fotonoticia_20150806183511_800.jpg\" \/>\n\t\t<meta property=\"og:image:width\" content=\"800\" \/>\n\t\t<meta property=\"og:image:height\" content=\"600\" \/>\n\t\t<meta property=\"article:published_time\" content=\"2015-08-07T00:10:24+00:00\" \/>\n\t\t<meta property=\"article:modified_time\" content=\"2015-08-07T00:10:24+00:00\" \/>\n\t\t<meta name=\"twitter:card\" content=\"summary_large_image\" \/>\n\t\t<meta name=\"twitter:title\" content=\"Renfe Cercan\u00edas ofrecer\u00e1 99 trenes nocturnos especiales durante la Semana Grande de San Sebasti\u00e1n | El Digital de Asturias\" \/>\n\t\t<meta name=\"twitter:description\" content=\"Renfe Cercan\u00edas ofrecer\u00e1 99 trenes nocturnos especiales durante la Semana Grande de San Sebasti\u00e1n, que comienza este s\u00e1bado y que se desarrollar\u00e1 hasta el domingo d\u00eda 16. En un comunicado, Renfe ha indicado que un total de 64.350 plazas especiales se suman de este modo al dispositivo habitual de Cercan\u00edas. Los trenes nocturnos de Cercan\u00edas\" \/>\n\t\t<meta name=\"twitter:image\" content=\"https:\/\/eldigitaldeasturias.com\/magazine365\/wp-content\/uploads\/2015\/08\/fotonoticia_20150806183511_800.jpg\" \/>\n\t\t<script type=\"application\/ld+json\" class=\"aioseo-schema\">\n\t\t\t{\"@context\":\"https:\\\/\\\/schema.org\",\"@graph\":[{\"@type\":\"Article\",\"@id\":\"https:\\\/\\\/eldigitaldeasturias.com\\\/magazine365\\\/renfe-cercanias-ofrecera-99-trenes-nocturnos-especiales-durante-la-semana-grande-de-san-sebastian\\\/#article\",\"name\":\"Renfe Cercan\\u00edas ofrecer\\u00e1 99 trenes nocturnos especiales durante la Semana Grande de San Sebasti\\u00e1n | El Digital de Asturias\",\"headline\":\"Renfe Cercan\\u00edas ofrecer\\u00e1 99 trenes nocturnos especiales durante la Semana Grande de San Sebasti\\u00e1n\",\"author\":{\"@id\":\"https:\\\/\\\/eldigitaldeasturias.com\\\/magazine365\\\/author\\\/admin\\\/#author\"},\"publisher\":{\"@id\":\"https:\\\/\\\/eldigitaldeasturias.com\\\/magazine365\\\/#organization\"},\"image\":{\"@type\":\"ImageObject\",\"url\":\"https:\\\/\\\/eldigitaldeasturias.com\\\/magazine365\\\/wp-content\\\/uploads\\\/2015\\\/08\\\/fotonoticia_20150806183511_800.jpg\",\"width\":800,\"height\":600},\"datePublished\":\"2015-08-07T02:10:24+02:00\",\"dateModified\":\"2015-08-07T02:10:24+02:00\",\"inLanguage\":\"es-ES\",\"mainEntityOfPage\":{\"@id\":\"https:\\\/\\\/eldigitaldeasturias.com\\\/magazine365\\\/renfe-cercanias-ofrecera-99-trenes-nocturnos-especiales-durante-la-semana-grande-de-san-sebastian\\\/#webpage\"},\"isPartOf\":{\"@id\":\"https:\\\/\\\/eldigitaldeasturias.com\\\/magazine365\\\/renfe-cercanias-ofrecera-99-trenes-nocturnos-especiales-durante-la-semana-grande-de-san-sebastian\\\/#webpage\"},\"articleSection\":\"Noticias y Actualidad\"},{\"@type\":\"BreadcrumbList\",\"@id\":\"https:\\\/\\\/eldigitaldeasturias.com\\\/magazine365\\\/renfe-cercanias-ofrecera-99-trenes-nocturnos-especiales-durante-la-semana-grande-de-san-sebastian\\\/#breadcrumblist\",\"itemListElement\":[{\"@type\":\"ListItem\",\"@id\":\"https:\\\/\\\/eldigitaldeasturias.com\\\/magazine365#listItem\",\"position\":1,\"name\":\"Home\",\"item\":\"https:\\\/\\\/eldigitaldeasturias.com\\\/magazine365\",\"nextItem\":{\"@type\":\"ListItem\",\"@id\":\"https:\\\/\\\/eldigitaldeasturias.com\\\/magazine365\\\/category\\\/noticias-actualidad\\\/#listItem\",\"name\":\"Noticias y Actualidad\"}},{\"@type\":\"ListItem\",\"@id\":\"https:\\\/\\\/eldigitaldeasturias.com\\\/magazine365\\\/category\\\/noticias-actualidad\\\/#listItem\",\"position\":2,\"name\":\"Noticias y Actualidad\",\"item\":\"https:\\\/\\\/eldigitaldeasturias.com\\\/magazine365\\\/category\\\/noticias-actualidad\\\/\",\"nextItem\":{\"@type\":\"ListItem\",\"@id\":\"https:\\\/\\\/eldigitaldeasturias.com\\\/magazine365\\\/renfe-cercanias-ofrecera-99-trenes-nocturnos-especiales-durante-la-semana-grande-de-san-sebastian\\\/#listItem\",\"name\":\"Renfe Cercan\\u00edas ofrecer\\u00e1 99 trenes nocturnos especiales durante la Semana Grande de San Sebasti\\u00e1n\"},\"previousItem\":{\"@type\":\"ListItem\",\"@id\":\"https:\\\/\\\/eldigitaldeasturias.com\\\/magazine365#listItem\",\"name\":\"Home\"}},{\"@type\":\"ListItem\",\"@id\":\"https:\\\/\\\/eldigitaldeasturias.com\\\/magazine365\\\/renfe-cercanias-ofrecera-99-trenes-nocturnos-especiales-durante-la-semana-grande-de-san-sebastian\\\/#listItem\",\"position\":3,\"name\":\"Renfe Cercan\\u00edas ofrecer\\u00e1 99 trenes nocturnos especiales durante la Semana Grande de San Sebasti\\u00e1n\",\"previousItem\":{\"@type\":\"ListItem\",\"@id\":\"https:\\\/\\\/eldigitaldeasturias.com\\\/magazine365\\\/category\\\/noticias-actualidad\\\/#listItem\",\"name\":\"Noticias y Actualidad\"}}]},{\"@type\":\"Organization\",\"@id\":\"https:\\\/\\\/eldigitaldeasturias.com\\\/magazine365\\\/#organization\",\"name\":\"El digital de Asturias\",\"description\":\"Revista de ocio, turismo y estilo de vida\",\"url\":\"https:\\\/\\\/eldigitaldeasturias.com\\\/magazine365\\\/\",\"logo\":{\"@type\":\"ImageObject\",\"url\":\"https:\\\/\\\/www.eldigitaldeasturias.com\\\/noticias\\\/wp-content\\\/uploads\\\/2020\\\/12\\\/EDA.jpg\",\"@id\":\"https:\\\/\\\/eldigitaldeasturias.com\\\/magazine365\\\/renfe-cercanias-ofrecera-99-trenes-nocturnos-especiales-durante-la-semana-grande-de-san-sebastian\\\/#organizationLogo\"},\"image\":{\"@id\":\"https:\\\/\\\/eldigitaldeasturias.com\\\/magazine365\\\/renfe-cercanias-ofrecera-99-trenes-nocturnos-especiales-durante-la-semana-grande-de-san-sebastian\\\/#organizationLogo\"}},{\"@type\":\"Person\",\"@id\":\"https:\\\/\\\/eldigitaldeasturias.com\\\/magazine365\\\/author\\\/admin\\\/#author\",\"url\":\"https:\\\/\\\/eldigitaldeasturias.com\\\/magazine365\\\/author\\\/admin\\\/\",\"name\":\"admin\",\"image\":{\"@type\":\"ImageObject\",\"@id\":\"https:\\\/\\\/eldigitaldeasturias.com\\\/magazine365\\\/renfe-cercanias-ofrecera-99-trenes-nocturnos-especiales-durante-la-semana-grande-de-san-sebastian\\\/#authorImage\",\"url\":\"https:\\\/\\\/eldigitaldeasturias.com\\\/magazine365\\\/wp-content\\\/litespeed\\\/avatar\\\/e571bcf59a0edd6fa6838245a470f2fe.jpg?ver=1777574230\",\"width\":96,\"height\":96,\"caption\":\"admin\"}},{\"@type\":\"WebPage\",\"@id\":\"https:\\\/\\\/eldigitaldeasturias.com\\\/magazine365\\\/renfe-cercanias-ofrecera-99-trenes-nocturnos-especiales-durante-la-semana-grande-de-san-sebastian\\\/#webpage\",\"url\":\"https:\\\/\\\/eldigitaldeasturias.com\\\/magazine365\\\/renfe-cercanias-ofrecera-99-trenes-nocturnos-especiales-durante-la-semana-grande-de-san-sebastian\\\/\",\"name\":\"Renfe Cercan\\u00edas ofrecer\\u00e1 99 trenes nocturnos especiales durante la Semana Grande de San Sebasti\\u00e1n | El Digital de Asturias\",\"description\":\"Renfe Cercan\\u00edas ofrecer\\u00e1 99 trenes nocturnos especiales durante la Semana Grande de San Sebasti\\u00e1n, que comienza este s\\u00e1bado y que se desarrollar\\u00e1 hasta el domingo d\\u00eda 16. En un comunicado, Renfe ha indicado que un total de 64.350 plazas especiales se suman de este modo al dispositivo habitual de Cercan\\u00edas. Los trenes nocturnos de Cercan\\u00edas\",\"inLanguage\":\"es-ES\",\"isPartOf\":{\"@id\":\"https:\\\/\\\/eldigitaldeasturias.com\\\/magazine365\\\/#website\"},\"breadcrumb\":{\"@id\":\"https:\\\/\\\/eldigitaldeasturias.com\\\/magazine365\\\/renfe-cercanias-ofrecera-99-trenes-nocturnos-especiales-durante-la-semana-grande-de-san-sebastian\\\/#breadcrumblist\"},\"author\":{\"@id\":\"https:\\\/\\\/eldigitaldeasturias.com\\\/magazine365\\\/author\\\/admin\\\/#author\"},\"creator\":{\"@id\":\"https:\\\/\\\/eldigitaldeasturias.com\\\/magazine365\\\/author\\\/admin\\\/#author\"},\"image\":{\"@type\":\"ImageObject\",\"url\":\"https:\\\/\\\/eldigitaldeasturias.com\\\/magazine365\\\/wp-content\\\/uploads\\\/2015\\\/08\\\/fotonoticia_20150806183511_800.jpg\",\"@id\":\"https:\\\/\\\/eldigitaldeasturias.com\\\/magazine365\\\/renfe-cercanias-ofrecera-99-trenes-nocturnos-especiales-durante-la-semana-grande-de-san-sebastian\\\/#mainImage\",\"width\":800,\"height\":600},\"primaryImageOfPage\":{\"@id\":\"https:\\\/\\\/eldigitaldeasturias.com\\\/magazine365\\\/renfe-cercanias-ofrecera-99-trenes-nocturnos-especiales-durante-la-semana-grande-de-san-sebastian\\\/#mainImage\"},\"datePublished\":\"2015-08-07T02:10:24+02:00\",\"dateModified\":\"2015-08-07T02:10:24+02:00\"},{\"@type\":\"WebSite\",\"@id\":\"https:\\\/\\\/eldigitaldeasturias.com\\\/magazine365\\\/#website\",\"url\":\"https:\\\/\\\/eldigitaldeasturias.com\\\/magazine365\\\/\",\"name\":\"El Digital de Asturias\",\"description\":\"Revista de ocio, turismo y estilo de vida\",\"inLanguage\":\"es-ES\",\"publisher\":{\"@id\":\"https:\\\/\\\/eldigitaldeasturias.com\\\/magazine365\\\/#organization\"}}]}\n\t\t<\/script>\n\t\t<!-- All in One SEO Pro -->\r\n\t\t<title>Renfe Cercan\u00edas ofrecer\u00e1 99 trenes nocturnos especiales durante la Semana Grande de San Sebasti\u00e1n | El Digital de Asturias<\/title>\n\n","aioseo_head_json":{"title":"Renfe Cercan\u00edas ofrecer\u00e1 99 trenes nocturnos especiales durante la Semana Grande de San Sebasti\u00e1n | El Digital de Asturias","description":"Renfe Cercan\u00edas ofrecer\u00e1 99 trenes nocturnos especiales durante la Semana Grande de San Sebasti\u00e1n, que comienza este s\u00e1bado y que se desarrollar\u00e1 hasta el domingo d\u00eda 16. En un comunicado, Renfe ha indicado que un total de 64.350 plazas especiales se suman de este modo al dispositivo habitual de Cercan\u00edas. Los trenes nocturnos de Cercan\u00edas","canonical_url":"https:\/\/eldigitaldeasturias.com\/magazine365\/renfe-cercanias-ofrecera-99-trenes-nocturnos-especiales-durante-la-semana-grande-de-san-sebastian\/","robots":"max-image-preview:large","keywords":"noticias y actualidad","webmasterTools":{"google-site-verification":"UA-38556648-1","miscellaneous":""},"schema":{"@context":"https:\/\/schema.org","@graph":[{"@type":"Article","@id":"https:\/\/eldigitaldeasturias.com\/magazine365\/renfe-cercanias-ofrecera-99-trenes-nocturnos-especiales-durante-la-semana-grande-de-san-sebastian\/#article","name":"Renfe Cercan\u00edas ofrecer\u00e1 99 trenes nocturnos especiales durante la Semana Grande de San Sebasti\u00e1n | El Digital de Asturias","headline":"Renfe Cercan\u00edas ofrecer\u00e1 99 trenes nocturnos especiales durante la Semana Grande de San Sebasti\u00e1n","author":{"@id":"https:\/\/eldigitaldeasturias.com\/magazine365\/author\/admin\/#author"},"publisher":{"@id":"https:\/\/eldigitaldeasturias.com\/magazine365\/#organization"},"image":{"@type":"ImageObject","url":"https:\/\/eldigitaldeasturias.com\/magazine365\/wp-content\/uploads\/2015\/08\/fotonoticia_20150806183511_800.jpg","width":800,"height":600},"datePublished":"2015-08-07T02:10:24+02:00","dateModified":"2015-08-07T02:10:24+02:00","inLanguage":"es-ES","mainEntityOfPage":{"@id":"https:\/\/eldigitaldeasturias.com\/magazine365\/renfe-cercanias-ofrecera-99-trenes-nocturnos-especiales-durante-la-semana-grande-de-san-sebastian\/#webpage"},"isPartOf":{"@id":"https:\/\/eldigitaldeasturias.com\/magazine365\/renfe-cercanias-ofrecera-99-trenes-nocturnos-especiales-durante-la-semana-grande-de-san-sebastian\/#webpage"},"articleSection":"Noticias y Actualidad"},{"@type":"BreadcrumbList","@id":"https:\/\/eldigitaldeasturias.com\/magazine365\/renfe-cercanias-ofrecera-99-trenes-nocturnos-especiales-durante-la-semana-grande-de-san-sebastian\/#breadcrumblist","itemListElement":[{"@type":"ListItem","@id":"https:\/\/eldigitaldeasturias.com\/magazine365#listItem","position":1,"name":"Home","item":"https:\/\/eldigitaldeasturias.com\/magazine365","nextItem":{"@type":"ListItem","@id":"https:\/\/eldigitaldeasturias.com\/magazine365\/category\/noticias-actualidad\/#listItem","name":"Noticias y Actualidad"}},{"@type":"ListItem","@id":"https:\/\/eldigitaldeasturias.com\/magazine365\/category\/noticias-actualidad\/#listItem","position":2,"name":"Noticias y Actualidad","item":"https:\/\/eldigitaldeasturias.com\/magazine365\/category\/noticias-actualidad\/","nextItem":{"@type":"ListItem","@id":"https:\/\/eldigitaldeasturias.com\/magazine365\/renfe-cercanias-ofrecera-99-trenes-nocturnos-especiales-durante-la-semana-grande-de-san-sebastian\/#listItem","name":"Renfe Cercan\u00edas ofrecer\u00e1 99 trenes nocturnos especiales durante la Semana Grande de San Sebasti\u00e1n"},"previousItem":{"@type":"ListItem","@id":"https:\/\/eldigitaldeasturias.com\/magazine365#listItem","name":"Home"}},{"@type":"ListItem","@id":"https:\/\/eldigitaldeasturias.com\/magazine365\/renfe-cercanias-ofrecera-99-trenes-nocturnos-especiales-durante-la-semana-grande-de-san-sebastian\/#listItem","position":3,"name":"Renfe Cercan\u00edas ofrecer\u00e1 99 trenes nocturnos especiales durante la Semana Grande de San Sebasti\u00e1n","previousItem":{"@type":"ListItem","@id":"https:\/\/eldigitaldeasturias.com\/magazine365\/category\/noticias-actualidad\/#listItem","name":"Noticias y Actualidad"}}]},{"@type":"Organization","@id":"https:\/\/eldigitaldeasturias.com\/magazine365\/#organization","name":"El digital de Asturias","description":"Revista de ocio, turismo y estilo de vida","url":"https:\/\/eldigitaldeasturias.com\/magazine365\/","logo":{"@type":"ImageObject","url":"https:\/\/www.eldigitaldeasturias.com\/noticias\/wp-content\/uploads\/2020\/12\/EDA.jpg","@id":"https:\/\/eldigitaldeasturias.com\/magazine365\/renfe-cercanias-ofrecera-99-trenes-nocturnos-especiales-durante-la-semana-grande-de-san-sebastian\/#organizationLogo"},"image":{"@id":"https:\/\/eldigitaldeasturias.com\/magazine365\/renfe-cercanias-ofrecera-99-trenes-nocturnos-especiales-durante-la-semana-grande-de-san-sebastian\/#organizationLogo"}},{"@type":"Person","@id":"https:\/\/eldigitaldeasturias.com\/magazine365\/author\/admin\/#author","url":"https:\/\/eldigitaldeasturias.com\/magazine365\/author\/admin\/","name":"admin","image":{"@type":"ImageObject","@id":"https:\/\/eldigitaldeasturias.com\/magazine365\/renfe-cercanias-ofrecera-99-trenes-nocturnos-especiales-durante-la-semana-grande-de-san-sebastian\/#authorImage","url":"https:\/\/eldigitaldeasturias.com\/magazine365\/wp-content\/litespeed\/avatar\/e571bcf59a0edd6fa6838245a470f2fe.jpg?ver=1777574230","width":96,"height":96,"caption":"admin"}},{"@type":"WebPage","@id":"https:\/\/eldigitaldeasturias.com\/magazine365\/renfe-cercanias-ofrecera-99-trenes-nocturnos-especiales-durante-la-semana-grande-de-san-sebastian\/#webpage","url":"https:\/\/eldigitaldeasturias.com\/magazine365\/renfe-cercanias-ofrecera-99-trenes-nocturnos-especiales-durante-la-semana-grande-de-san-sebastian\/","name":"Renfe Cercan\u00edas ofrecer\u00e1 99 trenes nocturnos especiales durante la Semana Grande de San Sebasti\u00e1n | El Digital de Asturias","description":"Renfe Cercan\u00edas ofrecer\u00e1 99 trenes nocturnos especiales durante la Semana Grande de San Sebasti\u00e1n, que comienza este s\u00e1bado y que se desarrollar\u00e1 hasta el domingo d\u00eda 16. En un comunicado, Renfe ha indicado que un total de 64.350 plazas especiales se suman de este modo al dispositivo habitual de Cercan\u00edas. Los trenes nocturnos de Cercan\u00edas","inLanguage":"es-ES","isPartOf":{"@id":"https:\/\/eldigitaldeasturias.com\/magazine365\/#website"},"breadcrumb":{"@id":"https:\/\/eldigitaldeasturias.com\/magazine365\/renfe-cercanias-ofrecera-99-trenes-nocturnos-especiales-durante-la-semana-grande-de-san-sebastian\/#breadcrumblist"},"author":{"@id":"https:\/\/eldigitaldeasturias.com\/magazine365\/author\/admin\/#author"},"creator":{"@id":"https:\/\/eldigitaldeasturias.com\/magazine365\/author\/admin\/#author"},"image":{"@type":"ImageObject","url":"https:\/\/eldigitaldeasturias.com\/magazine365\/wp-content\/uploads\/2015\/08\/fotonoticia_20150806183511_800.jpg","@id":"https:\/\/eldigitaldeasturias.com\/magazine365\/renfe-cercanias-ofrecera-99-trenes-nocturnos-especiales-durante-la-semana-grande-de-san-sebastian\/#mainImage","width":800,"height":600},"primaryImageOfPage":{"@id":"https:\/\/eldigitaldeasturias.com\/magazine365\/renfe-cercanias-ofrecera-99-trenes-nocturnos-especiales-durante-la-semana-grande-de-san-sebastian\/#mainImage"},"datePublished":"2015-08-07T02:10:24+02:00","dateModified":"2015-08-07T02:10:24+02:00"},{"@type":"WebSite","@id":"https:\/\/eldigitaldeasturias.com\/magazine365\/#website","url":"https:\/\/eldigitaldeasturias.com\/magazine365\/","name":"El Digital de Asturias","description":"Revista de ocio, turismo y estilo de vida","inLanguage":"es-ES","publisher":{"@id":"https:\/\/eldigitaldeasturias.com\/magazine365\/#organization"}}]},"og:locale":"es_ES","og:site_name":"El Digital de Asturias \u2013 Revista de ocio, turismo y estilo de vida","og:type":"article","og:title":"Renfe Cercan\u00edas ofrecer\u00e1 99 trenes nocturnos especiales durante la Semana Grande de San Sebasti\u00e1n | El Digital de Asturias","og:description":"Renfe Cercan\u00edas ofrecer\u00e1 99 trenes nocturnos especiales durante la Semana Grande de San Sebasti\u00e1n, que comienza este s\u00e1bado y que se desarrollar\u00e1 hasta el domingo d\u00eda 16. En un comunicado, Renfe ha indicado que un total de 64.350 plazas especiales se suman de este modo al dispositivo habitual de Cercan\u00edas. Los trenes nocturnos de Cercan\u00edas","og:url":"https:\/\/eldigitaldeasturias.com\/magazine365\/renfe-cercanias-ofrecera-99-trenes-nocturnos-especiales-durante-la-semana-grande-de-san-sebastian\/","og:image":"https:\/\/eldigitaldeasturias.com\/magazine365\/wp-content\/uploads\/2015\/08\/fotonoticia_20150806183511_800.jpg","og:image:secure_url":"https:\/\/eldigitaldeasturias.com\/magazine365\/wp-content\/uploads\/2015\/08\/fotonoticia_20150806183511_800.jpg","og:image:width":800,"og:image:height":600,"article:published_time":"2015-08-07T00:10:24+00:00","article:modified_time":"2015-08-07T00:10:24+00:00","twitter:card":"summary_large_image","twitter:title":"Renfe Cercan\u00edas ofrecer\u00e1 99 trenes nocturnos especiales durante la Semana Grande de San Sebasti\u00e1n | El Digital de Asturias","twitter:description":"Renfe Cercan\u00edas ofrecer\u00e1 99 trenes nocturnos especiales durante la Semana Grande de San Sebasti\u00e1n, que comienza este s\u00e1bado y que se desarrollar\u00e1 hasta el domingo d\u00eda 16. En un comunicado, Renfe ha indicado que un total de 64.350 plazas especiales se suman de este modo al dispositivo habitual de Cercan\u00edas. Los trenes nocturnos de Cercan\u00edas","twitter:image":"https:\/\/eldigitaldeasturias.com\/magazine365\/wp-content\/uploads\/2015\/08\/fotonoticia_20150806183511_800.jpg"},"aioseo_meta_data":{"post_id":"45212","title":null,"description":null,"keywords":null,"keyphrases":null,"primary_term":null,"canonical_url":null,"og_title":null,"og_description":null,"og_object_type":"default","og_image_type":"default","og_image_url":null,"og_image_width":null,"og_image_height":null,"og_image_custom_url":null,"og_image_custom_fields":null,"og_video":null,"og_custom_url":null,"og_article_section":null,"og_article_tags":null,"twitter_use_og":false,"twitter_card":"default","twitter_image_type":"default","twitter_image_url":null,"twitter_image_custom_url":null,"twitter_image_custom_fields":null,"twitter_title":null,"twitter_description":null,"schema":{"blockGraphs":[],"customGraphs":[],"default":{"data":{"Article":[],"Course":[],"Dataset":[],"FAQPage":[],"Movie":[],"Person":[],"Product":[],"ProductReview":[],"Car":[],"Recipe":[],"Service":[],"SoftwareApplication":[],"WebPage":[]},"graphName":"","isEnabled":true},"graphs":[],"defaultGraph":"","defaultPostTypeGraph":""},"schema_type":null,"schema_type_options":null,"pillar_content":false,"robots_default":true,"robots_noindex":false,"robots_noarchive":false,"robots_nosnippet":false,"robots_nofollow":false,"robots_noimageindex":false,"robots_noodp":false,"robots_notranslate":false,"robots_max_snippet":null,"robots_max_videopreview":null,"robots_max_imagepreview":"large","priority":null,"frequency":null,"location":null,"local_seo":null,"seo_analyzer_scan_date":"2025-09-19 23:36:36","breadcrumb_settings":null,"limit_modified_date":false,"open_ai":null,"ai":null,"created":"2021-03-09 01:23:49","updated":"2025-09-19 23:36:36"},"aioseo_breadcrumb":"<div class=\"aioseo-breadcrumbs\"><span class=\"aioseo-breadcrumb\">\n\t<a href=\"https:\/\/eldigitaldeasturias.com\/magazine365\" title=\"Home\">Home<\/a>\n<\/span><span class=\"aioseo-breadcrumb-separator\">\u2013<\/span><span class=\"aioseo-breadcrumb\">\n\t<a href=\"https:\/\/eldigitaldeasturias.com\/magazine365\/category\/noticias-actualidad\/\" title=\"Noticias y Actualidad\">Noticias y Actualidad<\/a>\n<\/span><span class=\"aioseo-breadcrumb-separator\">\u2013<\/span><span class=\"aioseo-breadcrumb\">\n\t<a href=\"https:\/\/eldigitaldeasturias.com\/magazine365\/renfe-cercanias-ofrecera-99-trenes-nocturnos-especiales-durante-la-semana-grande-de-san-sebastian\/\" title=\"Renfe Cercan\u00edas ofrecer\u00e1 99 trenes nocturnos especiales durante la Semana Grande de San Sebasti\u00e1n\">Renfe Cercan\u00edas ofrecer\u00e1 99 trenes nocturnos especiales durante la Semana Grande de San Sebasti\u00e1n<\/a>\n<\/span><\/div>","aioseo_breadcrumb_json":[{"label":"Home","link":"https:\/\/eldigitaldeasturias.com\/magazine365"},{"label":"Noticias y Actualidad","link":"https:\/\/eldigitaldeasturias.com\/magazine365\/category\/noticias-actualidad\/"},{"label":"Renfe Cercan\u00edas ofrecer\u00e1 99 trenes nocturnos especiales durante la Semana Grande de San Sebasti\u00e1n","link":"https:\/\/eldigitaldeasturias.com\/magazine365\/renfe-cercanias-ofrecera-99-trenes-nocturnos-especiales-durante-la-semana-grande-de-san-sebastian\/"}],"_links":{"self":[{"href":"https:\/\/eldigitaldeasturias.com\/magazine365\/wp-json\/wp\/v2\/posts\/45212","targetHints":{"allow":["GET"]}}],"collection":[{"href":"https:\/\/eldigitaldeasturias.com\/magazine365\/wp-json\/wp\/v2\/posts"}],"about":[{"href":"https:\/\/eldigitaldeasturias.com\/magazine365\/wp-json\/wp\/v2\/types\/post"}],"author":[{"embeddable":true,"href":"https:\/\/eldigitaldeasturias.com\/magazine365\/wp-json\/wp\/v2\/users\/1"}],"replies":[{"embeddable":true,"href":"https:\/\/eldigitaldeasturias.com\/magazine365\/wp-json\/wp\/v2\/comments?post=45212"}],"version-history":[{"count":0,"href":"https:\/\/eldigitaldeasturias.com\/magazine365\/wp-json\/wp\/v2\/posts\/45212\/revisions"}],"wp:featuredmedia":[{"embeddable":true,"href":"https:\/\/eldigitaldeasturias.com\/magazine365\/wp-json\/wp\/v2\/media\/45213"}],"wp:attachment":[{"href":"https:\/\/eldigitaldeasturias.com\/magazine365\/wp-json\/wp\/v2\/media?parent=45212"}],"wp:term":[{"taxonomy":"category","embeddable":true,"href":"https:\/\/eldigitaldeasturias.com\/magazine365\/wp-json\/wp\/v2\/categories?post=45212"},{"taxonomy":"post_tag","embeddable":true,"href":"https:\/\/eldigitaldeasturias.com\/magazine365\/wp-json\/wp\/v2\/tags?post=45212"}],"curies":[{"name":"wp","href":"https:\/\/api.w.org\/{rel}","templated":true}]}}