{"id":45180,"date":"2015-08-07T01:22:55","date_gmt":"2015-08-06T23:22:55","guid":{"rendered":"http:\/\/eldigitaldeasturias.com\/magazine365\/?p=45180"},"modified":"2015-08-07T01:22:55","modified_gmt":"2015-08-06T23:22:55","slug":"enaire-invertira-mas-de-12-millones-en-el-sistema-de-gestion-de-transito-aereo-durante-2016","status":"publish","type":"post","link":"https:\/\/eldigitaldeasturias.com\/magazine365\/enaire-invertira-mas-de-12-millones-en-el-sistema-de-gestion-de-transito-aereo-durante-2016\/","title":{"rendered":"ENAIRE invertir\u00e1 m\u00e1s de 12 millones en el sistema de gesti\u00f3n de tr\u00e1nsito a\u00e9reo durante 2016"},"content":{"rendered":"<p><img fetchpriority=\"high\" decoding=\"async\" class=\"alignleft size-medium wp-image-45181\" src=\"https:\/\/eldigitaldeasturias.com\/magazine365\/wp-content\/uploads\/2015\/08\/fotonoticia_20150806145920_800-360x240.jpg\" alt=\"fotonoticia_20150806145920_800\" width=\"360\" height=\"240\" srcset=\"https:\/\/eldigitaldeasturias.com\/magazine365\/wp-content\/uploads\/2015\/08\/fotonoticia_20150806145920_800-360x240.jpg 360w, https:\/\/eldigitaldeasturias.com\/magazine365\/wp-content\/uploads\/2015\/08\/fotonoticia_20150806145920_800-650x433.jpg 650w, https:\/\/eldigitaldeasturias.com\/magazine365\/wp-content\/uploads\/2015\/08\/fotonoticia_20150806145920_800-768x512.jpg 768w, https:\/\/eldigitaldeasturias.com\/magazine365\/wp-content\/uploads\/2015\/08\/fotonoticia_20150806145920_800-150x100.jpg 150w, https:\/\/eldigitaldeasturias.com\/magazine365\/wp-content\/uploads\/2015\/08\/fotonoticia_20150806145920_800-450x300.jpg 450w, https:\/\/eldigitaldeasturias.com\/magazine365\/wp-content\/uploads\/2015\/08\/fotonoticia_20150806145920_800-696x464.jpg 696w, https:\/\/eldigitaldeasturias.com\/magazine365\/wp-content\/uploads\/2015\/08\/fotonoticia_20150806145920_800-630x420.jpg 630w, https:\/\/eldigitaldeasturias.com\/magazine365\/wp-content\/uploads\/2015\/08\/fotonoticia_20150806145920_800-84x55.jpg 84w, https:\/\/eldigitaldeasturias.com\/magazine365\/wp-content\/uploads\/2015\/08\/fotonoticia_20150806145920_800.jpg 800w\" sizes=\"(max-width: 360px) 100vw, 360px\" \/>ENAIRE invertir\u00e1 m\u00e1s de 12 millones de euros en el sistema de gesti\u00f3n de tr\u00e1nsito a\u00e9reo en 2016, a\u00f1o durante el que llevar\u00e1 a cabo una evoluci\u00f3n tecnol\u00f3gica del sistema actual en los centros y torres de control de aeropuertos mediante el desarrollo de nuevas funcionalidades alineadas con la estrategia del &#8216;Cielo \u00danico Europeo&#8217;, inform\u00f3 el gestor de navegaci\u00f3n a\u00e9rea en Espa\u00f1a.<\/p>\n<p>Estas actuaciones se enmarcan, junto con otras inversiones relacionadas, dentro de los proyectos &#8216;Evoluci\u00f3n funcional del sistema ICARO&#8217; y &#8216;Operaci\u00f3n y gesti\u00f3n del centro de control a\u00e9reo&#8217;, ambos asociados a los centros de Barcelona, Canarias, Madrid, Palma y Sevilla.<\/p>\n<p>Dentro de esta evoluci\u00f3n se contemplan, la implantaci\u00f3n de nuevas alertas de seguridad como ayuda al controlador, la mejora del sistema de gesti\u00f3n de informaci\u00f3n aeron\u00e1utica, la incorporaci\u00f3n de nuevos conceptos de operaci\u00f3n colaborativa en los aeropuertos y la implantaci\u00f3n de la ficha electr\u00f3nica en la torre de control de Palma de Mallorca, la segunda dependencia de ENAIRE que contar\u00e1 con este avance tecnol\u00f3gico para la gesti\u00f3n de sus vuelos, entre otras.<\/p>\n<p>A ello se a\u00f1ade tambi\u00e9n el proyecto &#8216;Desarrollo y mejora del Sistema de Navegaci\u00f3n A\u00e9rea&#8217; contemplado en los Presupuestos Generales del Estado.<\/p>\n<p>La inversi\u00f3n en aeropuertos y navegaci\u00f3n a\u00e9rea, ejecutadas por el grupo ENAIRE &#8211;que incluye Aena&#8211; para 2016 alcanza los 535,02 millones de euros, lo que supone un aumento del 1,7% respecto a los de este a\u00f1o, seg\u00fan recoge el proyecto de ley de los PGE.<\/p>\n<p>MEJORA DEL PROGRAMA DE COOPERACI\u00d3N CON AEROPUERTOS Y COMPA\u00d1\u00cdAS.<\/p>\n<p>Se incorporar\u00e1n tambi\u00e9n nuevas funcionalidades en el sistema de control para mejorar la eficiencia de las operaciones en los aeropuertos de Adolfo Su\u00e1rez Madrid-Barajas, Barcelona-El Prat y Palma de Mallorca mediante la evoluci\u00f3n y la puesta en operaci\u00f3n del programa A-CDM.<\/p>\n<p>El programa A-CDM es una iniciativa conjunta de \u00e1mbito europeo auspiciada por Eurocontrol, as\u00ed como organizaciones internacionales de aeropuertos y compa\u00f1\u00edas a\u00e9reas para mejorar la eficiencia de las operaciones aeroportuarias, reduciendo demoras, incrementando la predictibilidad de las operaciones y optimizando el uso de los recursos.<\/p>\n<p>SISTEMA DE CONTROL COM\u00daN EUROPEO.<\/p>\n<p>Asimismo, ENAIRE invertir\u00e1 en el desarrollo del futuro sistema de control europeo en el marco de su participaci\u00f3n en el consocio europeo iTEC, junto con los proveedores de servicio de Alemania, Reino Unido y Holanda.<\/p>\n<p>Este consorcio gestiona alrededor de 8 millones de vuelos al a\u00f1o entre los 12 centros de control pertenecientes al grupo, lo que supone un tercio del tr\u00e1fico a\u00e9reo europeo.<\/p>\n<p>Este nuevo desarrollo, seg\u00fan la matriz de Aena, permitir\u00e1 facilitar m\u00e1s a\u00fan la comunicaci\u00f3n autom\u00e1tica entre centros de control en Europa, convergiendo de manera gradual a modos de operaci\u00f3n m\u00e1s homog\u00e9neos.<\/p>\n<p>El sistema automatizado de control de tr\u00e1fico a\u00e9reo es la herramienta que utilizan los controladores tanto en los centros como en las torres de control para la gesti\u00f3n de vuelos en el espacio a\u00e9reo espa\u00f1ol y en los aeropuertos. Seg\u00fan ENAIRE, es uno de los m\u00e1s avanzados tecnol\u00f3gicamente en Europa que ha servido de referente para el desarrollo de una futura posici\u00f3n de control entre los principales proveedores europeos.<\/p>\n","protected":false},"excerpt":{"rendered":"<p>ENAIRE invertir\u00e1 m\u00e1s de 12 millones de euros en el sistema de gesti\u00f3n de tr\u00e1nsito a\u00e9reo en 2016, a\u00f1o durante el que llevar\u00e1 a cabo una evoluci\u00f3n tecnol\u00f3gica del sistema actual en los centros y torres de control de aeropuertos mediante el desarrollo de nuevas funcionalidades alineadas con la estrategia del &#8216;Cielo \u00danico Europeo&#8217;, inform\u00f3<\/p>\n","protected":false},"author":1,"featured_media":45181,"comment_status":"open","ping_status":"closed","sticky":false,"template":"","format":"standard","meta":{"footnotes":""},"categories":[224],"tags":[],"class_list":{"0":"post-45180","1":"post","2":"type-post","3":"status-publish","4":"format-standard","5":"has-post-thumbnail","7":"category-noticias-actualidad"},"aioseo_notices":[],"aioseo_head":"\n\t\t<!-- All in One SEO Pro 4.9.6.1 - aioseo.com -->\n\t<meta name=\"description\" content=\"ENAIRE invertir\u00e1 m\u00e1s de 12 millones de euros en el sistema de gesti\u00f3n de tr\u00e1nsito a\u00e9reo en 2016, a\u00f1o durante el que llevar\u00e1 a cabo una evoluci\u00f3n tecnol\u00f3gica del sistema actual en los centros y torres de control de aeropuertos mediante el desarrollo de nuevas funcionalidades alineadas con la estrategia del &#039;Cielo \u00danico Europeo&#039;, inform\u00f3\" \/>\n\t<meta name=\"robots\" content=\"max-image-preview:large\" \/>\n\t<meta name=\"author\" content=\"admin\"\/>\n\t<meta name=\"google-site-verification\" content=\"UA-38556648-1\" \/>\n\t<meta name=\"keywords\" content=\"noticias y actualidad\" \/>\n\t<link rel=\"canonical\" href=\"https:\/\/eldigitaldeasturias.com\/magazine365\/enaire-invertira-mas-de-12-millones-en-el-sistema-de-gestion-de-transito-aereo-durante-2016\/\" \/>\n\t<meta name=\"generator\" content=\"All in One SEO Pro (AIOSEO) 4.9.6.1\" \/>\n\t\t<meta property=\"og:locale\" content=\"es_ES\" \/>\n\t\t<meta property=\"og:site_name\" content=\"El Digital de Asturias \u2013 Revista de ocio, turismo y estilo de vida\" \/>\n\t\t<meta property=\"og:type\" content=\"article\" \/>\n\t\t<meta property=\"og:title\" content=\"ENAIRE invertir\u00e1 m\u00e1s de 12 millones en el sistema de gesti\u00f3n de tr\u00e1nsito a\u00e9reo durante 2016 | El Digital de Asturias\" \/>\n\t\t<meta property=\"og:description\" content=\"ENAIRE invertir\u00e1 m\u00e1s de 12 millones de euros en el sistema de gesti\u00f3n de tr\u00e1nsito a\u00e9reo en 2016, a\u00f1o durante el que llevar\u00e1 a cabo una evoluci\u00f3n tecnol\u00f3gica del sistema actual en los centros y torres de control de aeropuertos mediante el desarrollo de nuevas funcionalidades alineadas con la estrategia del &#039;Cielo \u00danico Europeo&#039;, inform\u00f3\" \/>\n\t\t<meta property=\"og:url\" content=\"https:\/\/eldigitaldeasturias.com\/magazine365\/enaire-invertira-mas-de-12-millones-en-el-sistema-de-gestion-de-transito-aereo-durante-2016\/\" \/>\n\t\t<meta property=\"og:image\" content=\"https:\/\/eldigitaldeasturias.com\/magazine365\/wp-content\/uploads\/2015\/08\/fotonoticia_20150806145920_800.jpg\" \/>\n\t\t<meta property=\"og:image:secure_url\" content=\"https:\/\/eldigitaldeasturias.com\/magazine365\/wp-content\/uploads\/2015\/08\/fotonoticia_20150806145920_800.jpg\" \/>\n\t\t<meta property=\"og:image:width\" content=\"800\" \/>\n\t\t<meta property=\"og:image:height\" content=\"533\" \/>\n\t\t<meta property=\"article:published_time\" content=\"2015-08-06T23:22:55+00:00\" \/>\n\t\t<meta property=\"article:modified_time\" content=\"2015-08-06T23:22:55+00:00\" \/>\n\t\t<meta name=\"twitter:card\" content=\"summary_large_image\" \/>\n\t\t<meta name=\"twitter:title\" content=\"ENAIRE invertir\u00e1 m\u00e1s de 12 millones en el sistema de gesti\u00f3n de tr\u00e1nsito a\u00e9reo durante 2016 | El Digital de Asturias\" \/>\n\t\t<meta name=\"twitter:description\" content=\"ENAIRE invertir\u00e1 m\u00e1s de 12 millones de euros en el sistema de gesti\u00f3n de tr\u00e1nsito a\u00e9reo en 2016, a\u00f1o durante el que llevar\u00e1 a cabo una evoluci\u00f3n tecnol\u00f3gica del sistema actual en los centros y torres de control de aeropuertos mediante el desarrollo de nuevas funcionalidades alineadas con la estrategia del &#039;Cielo \u00danico Europeo&#039;, inform\u00f3\" \/>\n\t\t<meta name=\"twitter:image\" content=\"https:\/\/eldigitaldeasturias.com\/magazine365\/wp-content\/uploads\/2015\/08\/fotonoticia_20150806145920_800.jpg\" \/>\n\t\t<script type=\"application\/ld+json\" class=\"aioseo-schema\">\n\t\t\t{\"@context\":\"https:\\\/\\\/schema.org\",\"@graph\":[{\"@type\":\"Article\",\"@id\":\"https:\\\/\\\/eldigitaldeasturias.com\\\/magazine365\\\/enaire-invertira-mas-de-12-millones-en-el-sistema-de-gestion-de-transito-aereo-durante-2016\\\/#article\",\"name\":\"ENAIRE invertir\\u00e1 m\\u00e1s de 12 millones en el sistema de gesti\\u00f3n de tr\\u00e1nsito a\\u00e9reo durante 2016 | El Digital de Asturias\",\"headline\":\"ENAIRE invertir\\u00e1 m\\u00e1s de 12 millones en el sistema de gesti\\u00f3n de tr\\u00e1nsito a\\u00e9reo durante 2016\",\"author\":{\"@id\":\"https:\\\/\\\/eldigitaldeasturias.com\\\/magazine365\\\/author\\\/admin\\\/#author\"},\"publisher\":{\"@id\":\"https:\\\/\\\/eldigitaldeasturias.com\\\/magazine365\\\/#organization\"},\"image\":{\"@type\":\"ImageObject\",\"url\":\"https:\\\/\\\/eldigitaldeasturias.com\\\/magazine365\\\/wp-content\\\/uploads\\\/2015\\\/08\\\/fotonoticia_20150806145920_800.jpg\",\"width\":800,\"height\":533},\"datePublished\":\"2015-08-07T01:22:55+02:00\",\"dateModified\":\"2015-08-07T01:22:55+02:00\",\"inLanguage\":\"es-ES\",\"mainEntityOfPage\":{\"@id\":\"https:\\\/\\\/eldigitaldeasturias.com\\\/magazine365\\\/enaire-invertira-mas-de-12-millones-en-el-sistema-de-gestion-de-transito-aereo-durante-2016\\\/#webpage\"},\"isPartOf\":{\"@id\":\"https:\\\/\\\/eldigitaldeasturias.com\\\/magazine365\\\/enaire-invertira-mas-de-12-millones-en-el-sistema-de-gestion-de-transito-aereo-durante-2016\\\/#webpage\"},\"articleSection\":\"Noticias y Actualidad\"},{\"@type\":\"BreadcrumbList\",\"@id\":\"https:\\\/\\\/eldigitaldeasturias.com\\\/magazine365\\\/enaire-invertira-mas-de-12-millones-en-el-sistema-de-gestion-de-transito-aereo-durante-2016\\\/#breadcrumblist\",\"itemListElement\":[{\"@type\":\"ListItem\",\"@id\":\"https:\\\/\\\/eldigitaldeasturias.com\\\/magazine365#listItem\",\"position\":1,\"name\":\"Home\",\"item\":\"https:\\\/\\\/eldigitaldeasturias.com\\\/magazine365\",\"nextItem\":{\"@type\":\"ListItem\",\"@id\":\"https:\\\/\\\/eldigitaldeasturias.com\\\/magazine365\\\/category\\\/noticias-actualidad\\\/#listItem\",\"name\":\"Noticias y Actualidad\"}},{\"@type\":\"ListItem\",\"@id\":\"https:\\\/\\\/eldigitaldeasturias.com\\\/magazine365\\\/category\\\/noticias-actualidad\\\/#listItem\",\"position\":2,\"name\":\"Noticias y Actualidad\",\"item\":\"https:\\\/\\\/eldigitaldeasturias.com\\\/magazine365\\\/category\\\/noticias-actualidad\\\/\",\"nextItem\":{\"@type\":\"ListItem\",\"@id\":\"https:\\\/\\\/eldigitaldeasturias.com\\\/magazine365\\\/enaire-invertira-mas-de-12-millones-en-el-sistema-de-gestion-de-transito-aereo-durante-2016\\\/#listItem\",\"name\":\"ENAIRE invertir\\u00e1 m\\u00e1s de 12 millones en el sistema de gesti\\u00f3n de tr\\u00e1nsito a\\u00e9reo durante 2016\"},\"previousItem\":{\"@type\":\"ListItem\",\"@id\":\"https:\\\/\\\/eldigitaldeasturias.com\\\/magazine365#listItem\",\"name\":\"Home\"}},{\"@type\":\"ListItem\",\"@id\":\"https:\\\/\\\/eldigitaldeasturias.com\\\/magazine365\\\/enaire-invertira-mas-de-12-millones-en-el-sistema-de-gestion-de-transito-aereo-durante-2016\\\/#listItem\",\"position\":3,\"name\":\"ENAIRE invertir\\u00e1 m\\u00e1s de 12 millones en el sistema de gesti\\u00f3n de tr\\u00e1nsito a\\u00e9reo durante 2016\",\"previousItem\":{\"@type\":\"ListItem\",\"@id\":\"https:\\\/\\\/eldigitaldeasturias.com\\\/magazine365\\\/category\\\/noticias-actualidad\\\/#listItem\",\"name\":\"Noticias y Actualidad\"}}]},{\"@type\":\"Organization\",\"@id\":\"https:\\\/\\\/eldigitaldeasturias.com\\\/magazine365\\\/#organization\",\"name\":\"El digital de Asturias\",\"description\":\"Revista de ocio, turismo y estilo de vida\",\"url\":\"https:\\\/\\\/eldigitaldeasturias.com\\\/magazine365\\\/\",\"logo\":{\"@type\":\"ImageObject\",\"url\":\"https:\\\/\\\/www.eldigitaldeasturias.com\\\/noticias\\\/wp-content\\\/uploads\\\/2020\\\/12\\\/EDA.jpg\",\"@id\":\"https:\\\/\\\/eldigitaldeasturias.com\\\/magazine365\\\/enaire-invertira-mas-de-12-millones-en-el-sistema-de-gestion-de-transito-aereo-durante-2016\\\/#organizationLogo\"},\"image\":{\"@id\":\"https:\\\/\\\/eldigitaldeasturias.com\\\/magazine365\\\/enaire-invertira-mas-de-12-millones-en-el-sistema-de-gestion-de-transito-aereo-durante-2016\\\/#organizationLogo\"}},{\"@type\":\"Person\",\"@id\":\"https:\\\/\\\/eldigitaldeasturias.com\\\/magazine365\\\/author\\\/admin\\\/#author\",\"url\":\"https:\\\/\\\/eldigitaldeasturias.com\\\/magazine365\\\/author\\\/admin\\\/\",\"name\":\"admin\",\"image\":{\"@type\":\"ImageObject\",\"@id\":\"https:\\\/\\\/eldigitaldeasturias.com\\\/magazine365\\\/enaire-invertira-mas-de-12-millones-en-el-sistema-de-gestion-de-transito-aereo-durante-2016\\\/#authorImage\",\"url\":\"https:\\\/\\\/eldigitaldeasturias.com\\\/magazine365\\\/wp-content\\\/litespeed\\\/avatar\\\/e571bcf59a0edd6fa6838245a470f2fe.jpg?ver=1777574230\",\"width\":96,\"height\":96,\"caption\":\"admin\"}},{\"@type\":\"WebPage\",\"@id\":\"https:\\\/\\\/eldigitaldeasturias.com\\\/magazine365\\\/enaire-invertira-mas-de-12-millones-en-el-sistema-de-gestion-de-transito-aereo-durante-2016\\\/#webpage\",\"url\":\"https:\\\/\\\/eldigitaldeasturias.com\\\/magazine365\\\/enaire-invertira-mas-de-12-millones-en-el-sistema-de-gestion-de-transito-aereo-durante-2016\\\/\",\"name\":\"ENAIRE invertir\\u00e1 m\\u00e1s de 12 millones en el sistema de gesti\\u00f3n de tr\\u00e1nsito a\\u00e9reo durante 2016 | El Digital de Asturias\",\"description\":\"ENAIRE invertir\\u00e1 m\\u00e1s de 12 millones de euros en el sistema de gesti\\u00f3n de tr\\u00e1nsito a\\u00e9reo en 2016, a\\u00f1o durante el que llevar\\u00e1 a cabo una evoluci\\u00f3n tecnol\\u00f3gica del sistema actual en los centros y torres de control de aeropuertos mediante el desarrollo de nuevas funcionalidades alineadas con la estrategia del 'Cielo \\u00danico Europeo', inform\\u00f3\",\"inLanguage\":\"es-ES\",\"isPartOf\":{\"@id\":\"https:\\\/\\\/eldigitaldeasturias.com\\\/magazine365\\\/#website\"},\"breadcrumb\":{\"@id\":\"https:\\\/\\\/eldigitaldeasturias.com\\\/magazine365\\\/enaire-invertira-mas-de-12-millones-en-el-sistema-de-gestion-de-transito-aereo-durante-2016\\\/#breadcrumblist\"},\"author\":{\"@id\":\"https:\\\/\\\/eldigitaldeasturias.com\\\/magazine365\\\/author\\\/admin\\\/#author\"},\"creator\":{\"@id\":\"https:\\\/\\\/eldigitaldeasturias.com\\\/magazine365\\\/author\\\/admin\\\/#author\"},\"image\":{\"@type\":\"ImageObject\",\"url\":\"https:\\\/\\\/eldigitaldeasturias.com\\\/magazine365\\\/wp-content\\\/uploads\\\/2015\\\/08\\\/fotonoticia_20150806145920_800.jpg\",\"@id\":\"https:\\\/\\\/eldigitaldeasturias.com\\\/magazine365\\\/enaire-invertira-mas-de-12-millones-en-el-sistema-de-gestion-de-transito-aereo-durante-2016\\\/#mainImage\",\"width\":800,\"height\":533},\"primaryImageOfPage\":{\"@id\":\"https:\\\/\\\/eldigitaldeasturias.com\\\/magazine365\\\/enaire-invertira-mas-de-12-millones-en-el-sistema-de-gestion-de-transito-aereo-durante-2016\\\/#mainImage\"},\"datePublished\":\"2015-08-07T01:22:55+02:00\",\"dateModified\":\"2015-08-07T01:22:55+02:00\"},{\"@type\":\"WebSite\",\"@id\":\"https:\\\/\\\/eldigitaldeasturias.com\\\/magazine365\\\/#website\",\"url\":\"https:\\\/\\\/eldigitaldeasturias.com\\\/magazine365\\\/\",\"name\":\"El Digital de Asturias\",\"description\":\"Revista de ocio, turismo y estilo de vida\",\"inLanguage\":\"es-ES\",\"publisher\":{\"@id\":\"https:\\\/\\\/eldigitaldeasturias.com\\\/magazine365\\\/#organization\"}}]}\n\t\t<\/script>\n\t\t<!-- All in One SEO Pro -->\r\n\t\t<title>ENAIRE invertir\u00e1 m\u00e1s de 12 millones en el sistema de gesti\u00f3n de tr\u00e1nsito a\u00e9reo durante 2016 | El Digital de Asturias<\/title>\n\n","aioseo_head_json":{"title":"ENAIRE invertir\u00e1 m\u00e1s de 12 millones en el sistema de gesti\u00f3n de tr\u00e1nsito a\u00e9reo durante 2016 | El Digital de Asturias","description":"ENAIRE invertir\u00e1 m\u00e1s de 12 millones de euros en el sistema de gesti\u00f3n de tr\u00e1nsito a\u00e9reo en 2016, a\u00f1o durante el que llevar\u00e1 a cabo una evoluci\u00f3n tecnol\u00f3gica del sistema actual en los centros y torres de control de aeropuertos mediante el desarrollo de nuevas funcionalidades alineadas con la estrategia del 'Cielo \u00danico Europeo', inform\u00f3","canonical_url":"https:\/\/eldigitaldeasturias.com\/magazine365\/enaire-invertira-mas-de-12-millones-en-el-sistema-de-gestion-de-transito-aereo-durante-2016\/","robots":"max-image-preview:large","keywords":"noticias y actualidad","webmasterTools":{"google-site-verification":"UA-38556648-1","miscellaneous":""},"schema":{"@context":"https:\/\/schema.org","@graph":[{"@type":"Article","@id":"https:\/\/eldigitaldeasturias.com\/magazine365\/enaire-invertira-mas-de-12-millones-en-el-sistema-de-gestion-de-transito-aereo-durante-2016\/#article","name":"ENAIRE invertir\u00e1 m\u00e1s de 12 millones en el sistema de gesti\u00f3n de tr\u00e1nsito a\u00e9reo durante 2016 | El Digital de Asturias","headline":"ENAIRE invertir\u00e1 m\u00e1s de 12 millones en el sistema de gesti\u00f3n de tr\u00e1nsito a\u00e9reo durante 2016","author":{"@id":"https:\/\/eldigitaldeasturias.com\/magazine365\/author\/admin\/#author"},"publisher":{"@id":"https:\/\/eldigitaldeasturias.com\/magazine365\/#organization"},"image":{"@type":"ImageObject","url":"https:\/\/eldigitaldeasturias.com\/magazine365\/wp-content\/uploads\/2015\/08\/fotonoticia_20150806145920_800.jpg","width":800,"height":533},"datePublished":"2015-08-07T01:22:55+02:00","dateModified":"2015-08-07T01:22:55+02:00","inLanguage":"es-ES","mainEntityOfPage":{"@id":"https:\/\/eldigitaldeasturias.com\/magazine365\/enaire-invertira-mas-de-12-millones-en-el-sistema-de-gestion-de-transito-aereo-durante-2016\/#webpage"},"isPartOf":{"@id":"https:\/\/eldigitaldeasturias.com\/magazine365\/enaire-invertira-mas-de-12-millones-en-el-sistema-de-gestion-de-transito-aereo-durante-2016\/#webpage"},"articleSection":"Noticias y Actualidad"},{"@type":"BreadcrumbList","@id":"https:\/\/eldigitaldeasturias.com\/magazine365\/enaire-invertira-mas-de-12-millones-en-el-sistema-de-gestion-de-transito-aereo-durante-2016\/#breadcrumblist","itemListElement":[{"@type":"ListItem","@id":"https:\/\/eldigitaldeasturias.com\/magazine365#listItem","position":1,"name":"Home","item":"https:\/\/eldigitaldeasturias.com\/magazine365","nextItem":{"@type":"ListItem","@id":"https:\/\/eldigitaldeasturias.com\/magazine365\/category\/noticias-actualidad\/#listItem","name":"Noticias y Actualidad"}},{"@type":"ListItem","@id":"https:\/\/eldigitaldeasturias.com\/magazine365\/category\/noticias-actualidad\/#listItem","position":2,"name":"Noticias y Actualidad","item":"https:\/\/eldigitaldeasturias.com\/magazine365\/category\/noticias-actualidad\/","nextItem":{"@type":"ListItem","@id":"https:\/\/eldigitaldeasturias.com\/magazine365\/enaire-invertira-mas-de-12-millones-en-el-sistema-de-gestion-de-transito-aereo-durante-2016\/#listItem","name":"ENAIRE invertir\u00e1 m\u00e1s de 12 millones en el sistema de gesti\u00f3n de tr\u00e1nsito a\u00e9reo durante 2016"},"previousItem":{"@type":"ListItem","@id":"https:\/\/eldigitaldeasturias.com\/magazine365#listItem","name":"Home"}},{"@type":"ListItem","@id":"https:\/\/eldigitaldeasturias.com\/magazine365\/enaire-invertira-mas-de-12-millones-en-el-sistema-de-gestion-de-transito-aereo-durante-2016\/#listItem","position":3,"name":"ENAIRE invertir\u00e1 m\u00e1s de 12 millones en el sistema de gesti\u00f3n de tr\u00e1nsito a\u00e9reo durante 2016","previousItem":{"@type":"ListItem","@id":"https:\/\/eldigitaldeasturias.com\/magazine365\/category\/noticias-actualidad\/#listItem","name":"Noticias y Actualidad"}}]},{"@type":"Organization","@id":"https:\/\/eldigitaldeasturias.com\/magazine365\/#organization","name":"El digital de Asturias","description":"Revista de ocio, turismo y estilo de vida","url":"https:\/\/eldigitaldeasturias.com\/magazine365\/","logo":{"@type":"ImageObject","url":"https:\/\/www.eldigitaldeasturias.com\/noticias\/wp-content\/uploads\/2020\/12\/EDA.jpg","@id":"https:\/\/eldigitaldeasturias.com\/magazine365\/enaire-invertira-mas-de-12-millones-en-el-sistema-de-gestion-de-transito-aereo-durante-2016\/#organizationLogo"},"image":{"@id":"https:\/\/eldigitaldeasturias.com\/magazine365\/enaire-invertira-mas-de-12-millones-en-el-sistema-de-gestion-de-transito-aereo-durante-2016\/#organizationLogo"}},{"@type":"Person","@id":"https:\/\/eldigitaldeasturias.com\/magazine365\/author\/admin\/#author","url":"https:\/\/eldigitaldeasturias.com\/magazine365\/author\/admin\/","name":"admin","image":{"@type":"ImageObject","@id":"https:\/\/eldigitaldeasturias.com\/magazine365\/enaire-invertira-mas-de-12-millones-en-el-sistema-de-gestion-de-transito-aereo-durante-2016\/#authorImage","url":"https:\/\/eldigitaldeasturias.com\/magazine365\/wp-content\/litespeed\/avatar\/e571bcf59a0edd6fa6838245a470f2fe.jpg?ver=1777574230","width":96,"height":96,"caption":"admin"}},{"@type":"WebPage","@id":"https:\/\/eldigitaldeasturias.com\/magazine365\/enaire-invertira-mas-de-12-millones-en-el-sistema-de-gestion-de-transito-aereo-durante-2016\/#webpage","url":"https:\/\/eldigitaldeasturias.com\/magazine365\/enaire-invertira-mas-de-12-millones-en-el-sistema-de-gestion-de-transito-aereo-durante-2016\/","name":"ENAIRE invertir\u00e1 m\u00e1s de 12 millones en el sistema de gesti\u00f3n de tr\u00e1nsito a\u00e9reo durante 2016 | El Digital de Asturias","description":"ENAIRE invertir\u00e1 m\u00e1s de 12 millones de euros en el sistema de gesti\u00f3n de tr\u00e1nsito a\u00e9reo en 2016, a\u00f1o durante el que llevar\u00e1 a cabo una evoluci\u00f3n tecnol\u00f3gica del sistema actual en los centros y torres de control de aeropuertos mediante el desarrollo de nuevas funcionalidades alineadas con la estrategia del 'Cielo \u00danico Europeo', inform\u00f3","inLanguage":"es-ES","isPartOf":{"@id":"https:\/\/eldigitaldeasturias.com\/magazine365\/#website"},"breadcrumb":{"@id":"https:\/\/eldigitaldeasturias.com\/magazine365\/enaire-invertira-mas-de-12-millones-en-el-sistema-de-gestion-de-transito-aereo-durante-2016\/#breadcrumblist"},"author":{"@id":"https:\/\/eldigitaldeasturias.com\/magazine365\/author\/admin\/#author"},"creator":{"@id":"https:\/\/eldigitaldeasturias.com\/magazine365\/author\/admin\/#author"},"image":{"@type":"ImageObject","url":"https:\/\/eldigitaldeasturias.com\/magazine365\/wp-content\/uploads\/2015\/08\/fotonoticia_20150806145920_800.jpg","@id":"https:\/\/eldigitaldeasturias.com\/magazine365\/enaire-invertira-mas-de-12-millones-en-el-sistema-de-gestion-de-transito-aereo-durante-2016\/#mainImage","width":800,"height":533},"primaryImageOfPage":{"@id":"https:\/\/eldigitaldeasturias.com\/magazine365\/enaire-invertira-mas-de-12-millones-en-el-sistema-de-gestion-de-transito-aereo-durante-2016\/#mainImage"},"datePublished":"2015-08-07T01:22:55+02:00","dateModified":"2015-08-07T01:22:55+02:00"},{"@type":"WebSite","@id":"https:\/\/eldigitaldeasturias.com\/magazine365\/#website","url":"https:\/\/eldigitaldeasturias.com\/magazine365\/","name":"El Digital de Asturias","description":"Revista de ocio, turismo y estilo de vida","inLanguage":"es-ES","publisher":{"@id":"https:\/\/eldigitaldeasturias.com\/magazine365\/#organization"}}]},"og:locale":"es_ES","og:site_name":"El Digital de Asturias \u2013 Revista de ocio, turismo y estilo de vida","og:type":"article","og:title":"ENAIRE invertir\u00e1 m\u00e1s de 12 millones en el sistema de gesti\u00f3n de tr\u00e1nsito a\u00e9reo durante 2016 | El Digital de Asturias","og:description":"ENAIRE invertir\u00e1 m\u00e1s de 12 millones de euros en el sistema de gesti\u00f3n de tr\u00e1nsito a\u00e9reo en 2016, a\u00f1o durante el que llevar\u00e1 a cabo una evoluci\u00f3n tecnol\u00f3gica del sistema actual en los centros y torres de control de aeropuertos mediante el desarrollo de nuevas funcionalidades alineadas con la estrategia del 'Cielo \u00danico Europeo', inform\u00f3","og:url":"https:\/\/eldigitaldeasturias.com\/magazine365\/enaire-invertira-mas-de-12-millones-en-el-sistema-de-gestion-de-transito-aereo-durante-2016\/","og:image":"https:\/\/eldigitaldeasturias.com\/magazine365\/wp-content\/uploads\/2015\/08\/fotonoticia_20150806145920_800.jpg","og:image:secure_url":"https:\/\/eldigitaldeasturias.com\/magazine365\/wp-content\/uploads\/2015\/08\/fotonoticia_20150806145920_800.jpg","og:image:width":800,"og:image:height":533,"article:published_time":"2015-08-06T23:22:55+00:00","article:modified_time":"2015-08-06T23:22:55+00:00","twitter:card":"summary_large_image","twitter:title":"ENAIRE invertir\u00e1 m\u00e1s de 12 millones en el sistema de gesti\u00f3n de tr\u00e1nsito a\u00e9reo durante 2016 | El Digital de Asturias","twitter:description":"ENAIRE invertir\u00e1 m\u00e1s de 12 millones de euros en el sistema de gesti\u00f3n de tr\u00e1nsito a\u00e9reo en 2016, a\u00f1o durante el que llevar\u00e1 a cabo una evoluci\u00f3n tecnol\u00f3gica del sistema actual en los centros y torres de control de aeropuertos mediante el desarrollo de nuevas funcionalidades alineadas con la estrategia del 'Cielo \u00danico Europeo', inform\u00f3","twitter:image":"https:\/\/eldigitaldeasturias.com\/magazine365\/wp-content\/uploads\/2015\/08\/fotonoticia_20150806145920_800.jpg"},"aioseo_meta_data":{"post_id":"45180","title":null,"description":null,"keywords":null,"keyphrases":null,"primary_term":null,"canonical_url":null,"og_title":null,"og_description":null,"og_object_type":"default","og_image_type":"default","og_image_url":null,"og_image_width":null,"og_image_height":null,"og_image_custom_url":null,"og_image_custom_fields":null,"og_video":null,"og_custom_url":null,"og_article_section":null,"og_article_tags":null,"twitter_use_og":false,"twitter_card":"default","twitter_image_type":"default","twitter_image_url":null,"twitter_image_custom_url":null,"twitter_image_custom_fields":null,"twitter_title":null,"twitter_description":null,"schema":{"blockGraphs":[],"customGraphs":[],"default":{"data":{"Article":[],"Course":[],"Dataset":[],"FAQPage":[],"Movie":[],"Person":[],"Product":[],"ProductReview":[],"Car":[],"Recipe":[],"Service":[],"SoftwareApplication":[],"WebPage":[]},"graphName":"","isEnabled":true},"graphs":[],"defaultGraph":"","defaultPostTypeGraph":""},"schema_type":null,"schema_type_options":null,"pillar_content":false,"robots_default":true,"robots_noindex":false,"robots_noarchive":false,"robots_nosnippet":false,"robots_nofollow":false,"robots_noimageindex":false,"robots_noodp":false,"robots_notranslate":false,"robots_max_snippet":null,"robots_max_videopreview":null,"robots_max_imagepreview":"large","priority":null,"frequency":null,"location":null,"local_seo":null,"seo_analyzer_scan_date":"2025-09-19 23:33:21","breadcrumb_settings":null,"limit_modified_date":false,"open_ai":null,"ai":null,"created":"2021-03-09 01:24:51","updated":"2025-09-19 23:33:21"},"aioseo_breadcrumb":"<div class=\"aioseo-breadcrumbs\"><span class=\"aioseo-breadcrumb\">\n\t<a href=\"https:\/\/eldigitaldeasturias.com\/magazine365\" title=\"Home\">Home<\/a>\n<\/span><span class=\"aioseo-breadcrumb-separator\">\u2013<\/span><span class=\"aioseo-breadcrumb\">\n\t<a href=\"https:\/\/eldigitaldeasturias.com\/magazine365\/category\/noticias-actualidad\/\" title=\"Noticias y Actualidad\">Noticias y Actualidad<\/a>\n<\/span><span class=\"aioseo-breadcrumb-separator\">\u2013<\/span><span class=\"aioseo-breadcrumb\">\n\t<a href=\"https:\/\/eldigitaldeasturias.com\/magazine365\/enaire-invertira-mas-de-12-millones-en-el-sistema-de-gestion-de-transito-aereo-durante-2016\/\" title=\"ENAIRE invertir\u00e1 m\u00e1s de 12 millones en el sistema de gesti\u00f3n de tr\u00e1nsito a\u00e9reo durante 2016\">ENAIRE invertir\u00e1 m\u00e1s de 12 millones en el sistema de gesti\u00f3n de tr\u00e1nsito a\u00e9reo durante 2016<\/a>\n<\/span><\/div>","aioseo_breadcrumb_json":[{"label":"Home","link":"https:\/\/eldigitaldeasturias.com\/magazine365"},{"label":"Noticias y Actualidad","link":"https:\/\/eldigitaldeasturias.com\/magazine365\/category\/noticias-actualidad\/"},{"label":"ENAIRE invertir\u00e1 m\u00e1s de 12 millones en el sistema de gesti\u00f3n de tr\u00e1nsito a\u00e9reo durante 2016","link":"https:\/\/eldigitaldeasturias.com\/magazine365\/enaire-invertira-mas-de-12-millones-en-el-sistema-de-gestion-de-transito-aereo-durante-2016\/"}],"_links":{"self":[{"href":"https:\/\/eldigitaldeasturias.com\/magazine365\/wp-json\/wp\/v2\/posts\/45180","targetHints":{"allow":["GET"]}}],"collection":[{"href":"https:\/\/eldigitaldeasturias.com\/magazine365\/wp-json\/wp\/v2\/posts"}],"about":[{"href":"https:\/\/eldigitaldeasturias.com\/magazine365\/wp-json\/wp\/v2\/types\/post"}],"author":[{"embeddable":true,"href":"https:\/\/eldigitaldeasturias.com\/magazine365\/wp-json\/wp\/v2\/users\/1"}],"replies":[{"embeddable":true,"href":"https:\/\/eldigitaldeasturias.com\/magazine365\/wp-json\/wp\/v2\/comments?post=45180"}],"version-history":[{"count":0,"href":"https:\/\/eldigitaldeasturias.com\/magazine365\/wp-json\/wp\/v2\/posts\/45180\/revisions"}],"wp:featuredmedia":[{"embeddable":true,"href":"https:\/\/eldigitaldeasturias.com\/magazine365\/wp-json\/wp\/v2\/media\/45181"}],"wp:attachment":[{"href":"https:\/\/eldigitaldeasturias.com\/magazine365\/wp-json\/wp\/v2\/media?parent=45180"}],"wp:term":[{"taxonomy":"category","embeddable":true,"href":"https:\/\/eldigitaldeasturias.com\/magazine365\/wp-json\/wp\/v2\/categories?post=45180"},{"taxonomy":"post_tag","embeddable":true,"href":"https:\/\/eldigitaldeasturias.com\/magazine365\/wp-json\/wp\/v2\/tags?post=45180"}],"curies":[{"name":"wp","href":"https:\/\/api.w.org\/{rel}","templated":true}]}}