{"id":45177,"date":"2015-08-07T01:20:19","date_gmt":"2015-08-06T23:20:19","guid":{"rendered":"http:\/\/eldigitaldeasturias.com\/magazine365\/?p=45177"},"modified":"2015-08-07T01:20:19","modified_gmt":"2015-08-06T23:20:19","slug":"ac-hotels-by-marriott-suma-el-hotel-diagonal-lilla-en-barcelona","status":"publish","type":"post","link":"https:\/\/eldigitaldeasturias.com\/magazine365\/ac-hotels-by-marriott-suma-el-hotel-diagonal-lilla-en-barcelona\/","title":{"rendered":"AC Hotels by Marriott suma el hotel Diagonal L&#8217;Illa en Barcelona"},"content":{"rendered":"<p><img fetchpriority=\"high\" decoding=\"async\" class=\"alignleft size-medium wp-image-45178\" src=\"https:\/\/eldigitaldeasturias.com\/magazine365\/wp-content\/uploads\/2015\/08\/fotonoticia_20150806143151_800-360x240.jpg\" alt=\"fotonoticia_20150806143151_800\" width=\"360\" height=\"240\" srcset=\"https:\/\/eldigitaldeasturias.com\/magazine365\/wp-content\/uploads\/2015\/08\/fotonoticia_20150806143151_800-360x240.jpg 360w, https:\/\/eldigitaldeasturias.com\/magazine365\/wp-content\/uploads\/2015\/08\/fotonoticia_20150806143151_800-650x433.jpg 650w, https:\/\/eldigitaldeasturias.com\/magazine365\/wp-content\/uploads\/2015\/08\/fotonoticia_20150806143151_800-768x512.jpg 768w, https:\/\/eldigitaldeasturias.com\/magazine365\/wp-content\/uploads\/2015\/08\/fotonoticia_20150806143151_800-150x100.jpg 150w, https:\/\/eldigitaldeasturias.com\/magazine365\/wp-content\/uploads\/2015\/08\/fotonoticia_20150806143151_800-450x300.jpg 450w, https:\/\/eldigitaldeasturias.com\/magazine365\/wp-content\/uploads\/2015\/08\/fotonoticia_20150806143151_800-696x464.jpg 696w, https:\/\/eldigitaldeasturias.com\/magazine365\/wp-content\/uploads\/2015\/08\/fotonoticia_20150806143151_800-630x420.jpg 630w, https:\/\/eldigitaldeasturias.com\/magazine365\/wp-content\/uploads\/2015\/08\/fotonoticia_20150806143151_800-84x55.jpg 84w, https:\/\/eldigitaldeasturias.com\/magazine365\/wp-content\/uploads\/2015\/08\/fotonoticia_20150806143151_800.jpg 800w\" sizes=\"(max-width: 360px) 100vw, 360px\" \/>AC Hotels by Marriott ha incorporado a su cartera el hotel Diagonal L&#8217;Illa de Barcelona, un establecimiento que cuenta con 103 habitaciones, entre las que se incluyen diez &#8216;suites&#8217;, ha informado en un comunicado este jueves.<\/p>\n<p>Con esta incorporaci\u00f3n, la cadena hotelera ampl\u00eda su presencia en la capital catalana, donde ya cuenta con el AC Hotel Barcelona F\u00f3rum, AC Hotel Irla, AC Hotel Sants, AC Hotel Som y AC Hotel Victoria Suites.<\/p>\n<p>El hotel dispone de la nueva &#8216;AC Lounge&#8217; desarrollada por la cadena, un lugar donde disfrutar de c\u00f3cteles exclusivos, cervezas locales y vinos nacionales acompa\u00f1ados de una gastronom\u00eda sencilla y moderna y las vistas panor\u00e1micas sobre la Diagonal de Barcelona.<\/p>\n","protected":false},"excerpt":{"rendered":"<p>AC Hotels by Marriott ha incorporado a su cartera el hotel Diagonal L&#8217;Illa de Barcelona, un establecimiento que cuenta con 103 habitaciones, entre las que se incluyen diez &#8216;suites&#8217;, ha informado en un comunicado este jueves. Con esta incorporaci\u00f3n, la cadena hotelera ampl\u00eda su presencia en la capital catalana, donde ya cuenta con el AC<\/p>\n","protected":false},"author":1,"featured_media":45178,"comment_status":"open","ping_status":"closed","sticky":false,"template":"","format":"standard","meta":{"footnotes":""},"categories":[224],"tags":[],"class_list":{"0":"post-45177","1":"post","2":"type-post","3":"status-publish","4":"format-standard","5":"has-post-thumbnail","7":"category-noticias-actualidad"},"aioseo_notices":[],"aioseo_head":"\n\t\t<!-- All in One SEO Pro 4.9.6.1 - aioseo.com -->\n\t<meta name=\"description\" content=\"AC Hotels by Marriott ha incorporado a su cartera el hotel Diagonal L&#039;Illa de Barcelona, un establecimiento que cuenta con 103 habitaciones, entre las que se incluyen diez &#039;suites&#039;, ha informado en un comunicado este jueves. Con esta incorporaci\u00f3n, la cadena hotelera ampl\u00eda su presencia en la capital catalana, donde ya cuenta con el AC\" \/>\n\t<meta name=\"robots\" content=\"max-image-preview:large\" \/>\n\t<meta name=\"author\" content=\"admin\"\/>\n\t<meta name=\"google-site-verification\" content=\"UA-38556648-1\" \/>\n\t<meta name=\"keywords\" content=\"noticias y actualidad\" \/>\n\t<link rel=\"canonical\" href=\"https:\/\/eldigitaldeasturias.com\/magazine365\/ac-hotels-by-marriott-suma-el-hotel-diagonal-lilla-en-barcelona\/\" \/>\n\t<meta name=\"generator\" content=\"All in One SEO Pro (AIOSEO) 4.9.6.1\" \/>\n\t\t<meta property=\"og:locale\" content=\"es_ES\" \/>\n\t\t<meta property=\"og:site_name\" content=\"El Digital de Asturias \u2013 Revista de ocio, turismo y estilo de vida\" \/>\n\t\t<meta property=\"og:type\" content=\"article\" \/>\n\t\t<meta property=\"og:title\" content=\"AC Hotels by Marriott suma el hotel Diagonal L\u2019Illa en Barcelona | El Digital de Asturias\" \/>\n\t\t<meta property=\"og:description\" content=\"AC Hotels by Marriott ha incorporado a su cartera el hotel Diagonal L&#039;Illa de Barcelona, un establecimiento que cuenta con 103 habitaciones, entre las que se incluyen diez &#039;suites&#039;, ha informado en un comunicado este jueves. Con esta incorporaci\u00f3n, la cadena hotelera ampl\u00eda su presencia en la capital catalana, donde ya cuenta con el AC\" \/>\n\t\t<meta property=\"og:url\" content=\"https:\/\/eldigitaldeasturias.com\/magazine365\/ac-hotels-by-marriott-suma-el-hotel-diagonal-lilla-en-barcelona\/\" \/>\n\t\t<meta property=\"og:image\" content=\"https:\/\/eldigitaldeasturias.com\/magazine365\/wp-content\/uploads\/2015\/08\/fotonoticia_20150806143151_800.jpg\" \/>\n\t\t<meta property=\"og:image:secure_url\" content=\"https:\/\/eldigitaldeasturias.com\/magazine365\/wp-content\/uploads\/2015\/08\/fotonoticia_20150806143151_800.jpg\" \/>\n\t\t<meta property=\"og:image:width\" content=\"800\" \/>\n\t\t<meta property=\"og:image:height\" content=\"533\" \/>\n\t\t<meta property=\"article:published_time\" content=\"2015-08-06T23:20:19+00:00\" \/>\n\t\t<meta property=\"article:modified_time\" content=\"2015-08-06T23:20:19+00:00\" \/>\n\t\t<meta name=\"twitter:card\" content=\"summary_large_image\" \/>\n\t\t<meta name=\"twitter:title\" content=\"AC Hotels by Marriott suma el hotel Diagonal L\u2019Illa en Barcelona | El Digital de Asturias\" \/>\n\t\t<meta name=\"twitter:description\" content=\"AC Hotels by Marriott ha incorporado a su cartera el hotel Diagonal L&#039;Illa de Barcelona, un establecimiento que cuenta con 103 habitaciones, entre las que se incluyen diez &#039;suites&#039;, ha informado en un comunicado este jueves. Con esta incorporaci\u00f3n, la cadena hotelera ampl\u00eda su presencia en la capital catalana, donde ya cuenta con el AC\" \/>\n\t\t<meta name=\"twitter:image\" content=\"https:\/\/eldigitaldeasturias.com\/magazine365\/wp-content\/uploads\/2015\/08\/fotonoticia_20150806143151_800.jpg\" \/>\n\t\t<script type=\"application\/ld+json\" class=\"aioseo-schema\">\n\t\t\t{\"@context\":\"https:\\\/\\\/schema.org\",\"@graph\":[{\"@type\":\"Article\",\"@id\":\"https:\\\/\\\/eldigitaldeasturias.com\\\/magazine365\\\/ac-hotels-by-marriott-suma-el-hotel-diagonal-lilla-en-barcelona\\\/#article\",\"name\":\"AC Hotels by Marriott suma el hotel Diagonal L\\u2019Illa en Barcelona | El Digital de Asturias\",\"headline\":\"AC Hotels by Marriott suma el hotel Diagonal L&#8217;Illa en Barcelona\",\"author\":{\"@id\":\"https:\\\/\\\/eldigitaldeasturias.com\\\/magazine365\\\/author\\\/admin\\\/#author\"},\"publisher\":{\"@id\":\"https:\\\/\\\/eldigitaldeasturias.com\\\/magazine365\\\/#organization\"},\"image\":{\"@type\":\"ImageObject\",\"url\":\"https:\\\/\\\/eldigitaldeasturias.com\\\/magazine365\\\/wp-content\\\/uploads\\\/2015\\\/08\\\/fotonoticia_20150806143151_800.jpg\",\"width\":800,\"height\":533},\"datePublished\":\"2015-08-07T01:20:19+02:00\",\"dateModified\":\"2015-08-07T01:20:19+02:00\",\"inLanguage\":\"es-ES\",\"mainEntityOfPage\":{\"@id\":\"https:\\\/\\\/eldigitaldeasturias.com\\\/magazine365\\\/ac-hotels-by-marriott-suma-el-hotel-diagonal-lilla-en-barcelona\\\/#webpage\"},\"isPartOf\":{\"@id\":\"https:\\\/\\\/eldigitaldeasturias.com\\\/magazine365\\\/ac-hotels-by-marriott-suma-el-hotel-diagonal-lilla-en-barcelona\\\/#webpage\"},\"articleSection\":\"Noticias y Actualidad\"},{\"@type\":\"BreadcrumbList\",\"@id\":\"https:\\\/\\\/eldigitaldeasturias.com\\\/magazine365\\\/ac-hotels-by-marriott-suma-el-hotel-diagonal-lilla-en-barcelona\\\/#breadcrumblist\",\"itemListElement\":[{\"@type\":\"ListItem\",\"@id\":\"https:\\\/\\\/eldigitaldeasturias.com\\\/magazine365#listItem\",\"position\":1,\"name\":\"Home\",\"item\":\"https:\\\/\\\/eldigitaldeasturias.com\\\/magazine365\",\"nextItem\":{\"@type\":\"ListItem\",\"@id\":\"https:\\\/\\\/eldigitaldeasturias.com\\\/magazine365\\\/category\\\/noticias-actualidad\\\/#listItem\",\"name\":\"Noticias y Actualidad\"}},{\"@type\":\"ListItem\",\"@id\":\"https:\\\/\\\/eldigitaldeasturias.com\\\/magazine365\\\/category\\\/noticias-actualidad\\\/#listItem\",\"position\":2,\"name\":\"Noticias y Actualidad\",\"item\":\"https:\\\/\\\/eldigitaldeasturias.com\\\/magazine365\\\/category\\\/noticias-actualidad\\\/\",\"nextItem\":{\"@type\":\"ListItem\",\"@id\":\"https:\\\/\\\/eldigitaldeasturias.com\\\/magazine365\\\/ac-hotels-by-marriott-suma-el-hotel-diagonal-lilla-en-barcelona\\\/#listItem\",\"name\":\"AC Hotels by Marriott suma el hotel Diagonal L&#8217;Illa en Barcelona\"},\"previousItem\":{\"@type\":\"ListItem\",\"@id\":\"https:\\\/\\\/eldigitaldeasturias.com\\\/magazine365#listItem\",\"name\":\"Home\"}},{\"@type\":\"ListItem\",\"@id\":\"https:\\\/\\\/eldigitaldeasturias.com\\\/magazine365\\\/ac-hotels-by-marriott-suma-el-hotel-diagonal-lilla-en-barcelona\\\/#listItem\",\"position\":3,\"name\":\"AC Hotels by Marriott suma el hotel Diagonal L&#8217;Illa en Barcelona\",\"previousItem\":{\"@type\":\"ListItem\",\"@id\":\"https:\\\/\\\/eldigitaldeasturias.com\\\/magazine365\\\/category\\\/noticias-actualidad\\\/#listItem\",\"name\":\"Noticias y Actualidad\"}}]},{\"@type\":\"Organization\",\"@id\":\"https:\\\/\\\/eldigitaldeasturias.com\\\/magazine365\\\/#organization\",\"name\":\"El digital de Asturias\",\"description\":\"Revista de ocio, turismo y estilo de vida\",\"url\":\"https:\\\/\\\/eldigitaldeasturias.com\\\/magazine365\\\/\",\"logo\":{\"@type\":\"ImageObject\",\"url\":\"https:\\\/\\\/www.eldigitaldeasturias.com\\\/noticias\\\/wp-content\\\/uploads\\\/2020\\\/12\\\/EDA.jpg\",\"@id\":\"https:\\\/\\\/eldigitaldeasturias.com\\\/magazine365\\\/ac-hotels-by-marriott-suma-el-hotel-diagonal-lilla-en-barcelona\\\/#organizationLogo\"},\"image\":{\"@id\":\"https:\\\/\\\/eldigitaldeasturias.com\\\/magazine365\\\/ac-hotels-by-marriott-suma-el-hotel-diagonal-lilla-en-barcelona\\\/#organizationLogo\"}},{\"@type\":\"Person\",\"@id\":\"https:\\\/\\\/eldigitaldeasturias.com\\\/magazine365\\\/author\\\/admin\\\/#author\",\"url\":\"https:\\\/\\\/eldigitaldeasturias.com\\\/magazine365\\\/author\\\/admin\\\/\",\"name\":\"admin\",\"image\":{\"@type\":\"ImageObject\",\"@id\":\"https:\\\/\\\/eldigitaldeasturias.com\\\/magazine365\\\/ac-hotels-by-marriott-suma-el-hotel-diagonal-lilla-en-barcelona\\\/#authorImage\",\"url\":\"https:\\\/\\\/eldigitaldeasturias.com\\\/magazine365\\\/wp-content\\\/litespeed\\\/avatar\\\/e571bcf59a0edd6fa6838245a470f2fe.jpg?ver=1777574230\",\"width\":96,\"height\":96,\"caption\":\"admin\"}},{\"@type\":\"WebPage\",\"@id\":\"https:\\\/\\\/eldigitaldeasturias.com\\\/magazine365\\\/ac-hotels-by-marriott-suma-el-hotel-diagonal-lilla-en-barcelona\\\/#webpage\",\"url\":\"https:\\\/\\\/eldigitaldeasturias.com\\\/magazine365\\\/ac-hotels-by-marriott-suma-el-hotel-diagonal-lilla-en-barcelona\\\/\",\"name\":\"AC Hotels by Marriott suma el hotel Diagonal L\\u2019Illa en Barcelona | El Digital de Asturias\",\"description\":\"AC Hotels by Marriott ha incorporado a su cartera el hotel Diagonal L'Illa de Barcelona, un establecimiento que cuenta con 103 habitaciones, entre las que se incluyen diez 'suites', ha informado en un comunicado este jueves. Con esta incorporaci\\u00f3n, la cadena hotelera ampl\\u00eda su presencia en la capital catalana, donde ya cuenta con el AC\",\"inLanguage\":\"es-ES\",\"isPartOf\":{\"@id\":\"https:\\\/\\\/eldigitaldeasturias.com\\\/magazine365\\\/#website\"},\"breadcrumb\":{\"@id\":\"https:\\\/\\\/eldigitaldeasturias.com\\\/magazine365\\\/ac-hotels-by-marriott-suma-el-hotel-diagonal-lilla-en-barcelona\\\/#breadcrumblist\"},\"author\":{\"@id\":\"https:\\\/\\\/eldigitaldeasturias.com\\\/magazine365\\\/author\\\/admin\\\/#author\"},\"creator\":{\"@id\":\"https:\\\/\\\/eldigitaldeasturias.com\\\/magazine365\\\/author\\\/admin\\\/#author\"},\"image\":{\"@type\":\"ImageObject\",\"url\":\"https:\\\/\\\/eldigitaldeasturias.com\\\/magazine365\\\/wp-content\\\/uploads\\\/2015\\\/08\\\/fotonoticia_20150806143151_800.jpg\",\"@id\":\"https:\\\/\\\/eldigitaldeasturias.com\\\/magazine365\\\/ac-hotels-by-marriott-suma-el-hotel-diagonal-lilla-en-barcelona\\\/#mainImage\",\"width\":800,\"height\":533},\"primaryImageOfPage\":{\"@id\":\"https:\\\/\\\/eldigitaldeasturias.com\\\/magazine365\\\/ac-hotels-by-marriott-suma-el-hotel-diagonal-lilla-en-barcelona\\\/#mainImage\"},\"datePublished\":\"2015-08-07T01:20:19+02:00\",\"dateModified\":\"2015-08-07T01:20:19+02:00\"},{\"@type\":\"WebSite\",\"@id\":\"https:\\\/\\\/eldigitaldeasturias.com\\\/magazine365\\\/#website\",\"url\":\"https:\\\/\\\/eldigitaldeasturias.com\\\/magazine365\\\/\",\"name\":\"El Digital de Asturias\",\"description\":\"Revista de ocio, turismo y estilo de vida\",\"inLanguage\":\"es-ES\",\"publisher\":{\"@id\":\"https:\\\/\\\/eldigitaldeasturias.com\\\/magazine365\\\/#organization\"}}]}\n\t\t<\/script>\n\t\t<!-- All in One SEO Pro -->\r\n\t\t<title>AC Hotels by Marriott suma el hotel Diagonal L\u2019Illa en Barcelona | El Digital de Asturias<\/title>\n\n","aioseo_head_json":{"title":"AC Hotels by Marriott suma el hotel Diagonal L\u2019Illa en Barcelona | El Digital de Asturias","description":"AC Hotels by Marriott ha incorporado a su cartera el hotel Diagonal L'Illa de Barcelona, un establecimiento que cuenta con 103 habitaciones, entre las que se incluyen diez 'suites', ha informado en un comunicado este jueves. Con esta incorporaci\u00f3n, la cadena hotelera ampl\u00eda su presencia en la capital catalana, donde ya cuenta con el AC","canonical_url":"https:\/\/eldigitaldeasturias.com\/magazine365\/ac-hotels-by-marriott-suma-el-hotel-diagonal-lilla-en-barcelona\/","robots":"max-image-preview:large","keywords":"noticias y actualidad","webmasterTools":{"google-site-verification":"UA-38556648-1","miscellaneous":""},"schema":{"@context":"https:\/\/schema.org","@graph":[{"@type":"Article","@id":"https:\/\/eldigitaldeasturias.com\/magazine365\/ac-hotels-by-marriott-suma-el-hotel-diagonal-lilla-en-barcelona\/#article","name":"AC Hotels by Marriott suma el hotel Diagonal L\u2019Illa en Barcelona | El Digital de Asturias","headline":"AC Hotels by Marriott suma el hotel Diagonal L&#8217;Illa en Barcelona","author":{"@id":"https:\/\/eldigitaldeasturias.com\/magazine365\/author\/admin\/#author"},"publisher":{"@id":"https:\/\/eldigitaldeasturias.com\/magazine365\/#organization"},"image":{"@type":"ImageObject","url":"https:\/\/eldigitaldeasturias.com\/magazine365\/wp-content\/uploads\/2015\/08\/fotonoticia_20150806143151_800.jpg","width":800,"height":533},"datePublished":"2015-08-07T01:20:19+02:00","dateModified":"2015-08-07T01:20:19+02:00","inLanguage":"es-ES","mainEntityOfPage":{"@id":"https:\/\/eldigitaldeasturias.com\/magazine365\/ac-hotels-by-marriott-suma-el-hotel-diagonal-lilla-en-barcelona\/#webpage"},"isPartOf":{"@id":"https:\/\/eldigitaldeasturias.com\/magazine365\/ac-hotels-by-marriott-suma-el-hotel-diagonal-lilla-en-barcelona\/#webpage"},"articleSection":"Noticias y Actualidad"},{"@type":"BreadcrumbList","@id":"https:\/\/eldigitaldeasturias.com\/magazine365\/ac-hotels-by-marriott-suma-el-hotel-diagonal-lilla-en-barcelona\/#breadcrumblist","itemListElement":[{"@type":"ListItem","@id":"https:\/\/eldigitaldeasturias.com\/magazine365#listItem","position":1,"name":"Home","item":"https:\/\/eldigitaldeasturias.com\/magazine365","nextItem":{"@type":"ListItem","@id":"https:\/\/eldigitaldeasturias.com\/magazine365\/category\/noticias-actualidad\/#listItem","name":"Noticias y Actualidad"}},{"@type":"ListItem","@id":"https:\/\/eldigitaldeasturias.com\/magazine365\/category\/noticias-actualidad\/#listItem","position":2,"name":"Noticias y Actualidad","item":"https:\/\/eldigitaldeasturias.com\/magazine365\/category\/noticias-actualidad\/","nextItem":{"@type":"ListItem","@id":"https:\/\/eldigitaldeasturias.com\/magazine365\/ac-hotels-by-marriott-suma-el-hotel-diagonal-lilla-en-barcelona\/#listItem","name":"AC Hotels by Marriott suma el hotel Diagonal L&#8217;Illa en Barcelona"},"previousItem":{"@type":"ListItem","@id":"https:\/\/eldigitaldeasturias.com\/magazine365#listItem","name":"Home"}},{"@type":"ListItem","@id":"https:\/\/eldigitaldeasturias.com\/magazine365\/ac-hotels-by-marriott-suma-el-hotel-diagonal-lilla-en-barcelona\/#listItem","position":3,"name":"AC Hotels by Marriott suma el hotel Diagonal L&#8217;Illa en Barcelona","previousItem":{"@type":"ListItem","@id":"https:\/\/eldigitaldeasturias.com\/magazine365\/category\/noticias-actualidad\/#listItem","name":"Noticias y Actualidad"}}]},{"@type":"Organization","@id":"https:\/\/eldigitaldeasturias.com\/magazine365\/#organization","name":"El digital de Asturias","description":"Revista de ocio, turismo y estilo de vida","url":"https:\/\/eldigitaldeasturias.com\/magazine365\/","logo":{"@type":"ImageObject","url":"https:\/\/www.eldigitaldeasturias.com\/noticias\/wp-content\/uploads\/2020\/12\/EDA.jpg","@id":"https:\/\/eldigitaldeasturias.com\/magazine365\/ac-hotels-by-marriott-suma-el-hotel-diagonal-lilla-en-barcelona\/#organizationLogo"},"image":{"@id":"https:\/\/eldigitaldeasturias.com\/magazine365\/ac-hotels-by-marriott-suma-el-hotel-diagonal-lilla-en-barcelona\/#organizationLogo"}},{"@type":"Person","@id":"https:\/\/eldigitaldeasturias.com\/magazine365\/author\/admin\/#author","url":"https:\/\/eldigitaldeasturias.com\/magazine365\/author\/admin\/","name":"admin","image":{"@type":"ImageObject","@id":"https:\/\/eldigitaldeasturias.com\/magazine365\/ac-hotels-by-marriott-suma-el-hotel-diagonal-lilla-en-barcelona\/#authorImage","url":"https:\/\/eldigitaldeasturias.com\/magazine365\/wp-content\/litespeed\/avatar\/e571bcf59a0edd6fa6838245a470f2fe.jpg?ver=1777574230","width":96,"height":96,"caption":"admin"}},{"@type":"WebPage","@id":"https:\/\/eldigitaldeasturias.com\/magazine365\/ac-hotels-by-marriott-suma-el-hotel-diagonal-lilla-en-barcelona\/#webpage","url":"https:\/\/eldigitaldeasturias.com\/magazine365\/ac-hotels-by-marriott-suma-el-hotel-diagonal-lilla-en-barcelona\/","name":"AC Hotels by Marriott suma el hotel Diagonal L\u2019Illa en Barcelona | El Digital de Asturias","description":"AC Hotels by Marriott ha incorporado a su cartera el hotel Diagonal L'Illa de Barcelona, un establecimiento que cuenta con 103 habitaciones, entre las que se incluyen diez 'suites', ha informado en un comunicado este jueves. Con esta incorporaci\u00f3n, la cadena hotelera ampl\u00eda su presencia en la capital catalana, donde ya cuenta con el AC","inLanguage":"es-ES","isPartOf":{"@id":"https:\/\/eldigitaldeasturias.com\/magazine365\/#website"},"breadcrumb":{"@id":"https:\/\/eldigitaldeasturias.com\/magazine365\/ac-hotels-by-marriott-suma-el-hotel-diagonal-lilla-en-barcelona\/#breadcrumblist"},"author":{"@id":"https:\/\/eldigitaldeasturias.com\/magazine365\/author\/admin\/#author"},"creator":{"@id":"https:\/\/eldigitaldeasturias.com\/magazine365\/author\/admin\/#author"},"image":{"@type":"ImageObject","url":"https:\/\/eldigitaldeasturias.com\/magazine365\/wp-content\/uploads\/2015\/08\/fotonoticia_20150806143151_800.jpg","@id":"https:\/\/eldigitaldeasturias.com\/magazine365\/ac-hotels-by-marriott-suma-el-hotel-diagonal-lilla-en-barcelona\/#mainImage","width":800,"height":533},"primaryImageOfPage":{"@id":"https:\/\/eldigitaldeasturias.com\/magazine365\/ac-hotels-by-marriott-suma-el-hotel-diagonal-lilla-en-barcelona\/#mainImage"},"datePublished":"2015-08-07T01:20:19+02:00","dateModified":"2015-08-07T01:20:19+02:00"},{"@type":"WebSite","@id":"https:\/\/eldigitaldeasturias.com\/magazine365\/#website","url":"https:\/\/eldigitaldeasturias.com\/magazine365\/","name":"El Digital de Asturias","description":"Revista de ocio, turismo y estilo de vida","inLanguage":"es-ES","publisher":{"@id":"https:\/\/eldigitaldeasturias.com\/magazine365\/#organization"}}]},"og:locale":"es_ES","og:site_name":"El Digital de Asturias \u2013 Revista de ocio, turismo y estilo de vida","og:type":"article","og:title":"AC Hotels by Marriott suma el hotel Diagonal L\u2019Illa en Barcelona | El Digital de Asturias","og:description":"AC Hotels by Marriott ha incorporado a su cartera el hotel Diagonal L'Illa de Barcelona, un establecimiento que cuenta con 103 habitaciones, entre las que se incluyen diez 'suites', ha informado en un comunicado este jueves. Con esta incorporaci\u00f3n, la cadena hotelera ampl\u00eda su presencia en la capital catalana, donde ya cuenta con el AC","og:url":"https:\/\/eldigitaldeasturias.com\/magazine365\/ac-hotels-by-marriott-suma-el-hotel-diagonal-lilla-en-barcelona\/","og:image":"https:\/\/eldigitaldeasturias.com\/magazine365\/wp-content\/uploads\/2015\/08\/fotonoticia_20150806143151_800.jpg","og:image:secure_url":"https:\/\/eldigitaldeasturias.com\/magazine365\/wp-content\/uploads\/2015\/08\/fotonoticia_20150806143151_800.jpg","og:image:width":800,"og:image:height":533,"article:published_time":"2015-08-06T23:20:19+00:00","article:modified_time":"2015-08-06T23:20:19+00:00","twitter:card":"summary_large_image","twitter:title":"AC Hotels by Marriott suma el hotel Diagonal L\u2019Illa en Barcelona | El Digital de Asturias","twitter:description":"AC Hotels by Marriott ha incorporado a su cartera el hotel Diagonal L'Illa de Barcelona, un establecimiento que cuenta con 103 habitaciones, entre las que se incluyen diez 'suites', ha informado en un comunicado este jueves. Con esta incorporaci\u00f3n, la cadena hotelera ampl\u00eda su presencia en la capital catalana, donde ya cuenta con el AC","twitter:image":"https:\/\/eldigitaldeasturias.com\/magazine365\/wp-content\/uploads\/2015\/08\/fotonoticia_20150806143151_800.jpg"},"aioseo_meta_data":{"post_id":"45177","title":null,"description":null,"keywords":null,"keyphrases":null,"primary_term":null,"canonical_url":null,"og_title":null,"og_description":null,"og_object_type":"default","og_image_type":"default","og_image_url":null,"og_image_width":null,"og_image_height":null,"og_image_custom_url":null,"og_image_custom_fields":null,"og_video":null,"og_custom_url":null,"og_article_section":null,"og_article_tags":null,"twitter_use_og":false,"twitter_card":"default","twitter_image_type":"default","twitter_image_url":null,"twitter_image_custom_url":null,"twitter_image_custom_fields":null,"twitter_title":null,"twitter_description":null,"schema":{"blockGraphs":[],"customGraphs":[],"default":{"data":{"Article":[],"Course":[],"Dataset":[],"FAQPage":[],"Movie":[],"Person":[],"Product":[],"ProductReview":[],"Car":[],"Recipe":[],"Service":[],"SoftwareApplication":[],"WebPage":[]},"graphName":"","isEnabled":true},"graphs":[],"defaultGraph":"","defaultPostTypeGraph":""},"schema_type":null,"schema_type_options":null,"pillar_content":false,"robots_default":true,"robots_noindex":false,"robots_noarchive":false,"robots_nosnippet":false,"robots_nofollow":false,"robots_noimageindex":false,"robots_noodp":false,"robots_notranslate":false,"robots_max_snippet":null,"robots_max_videopreview":null,"robots_max_imagepreview":"large","priority":null,"frequency":null,"location":null,"local_seo":null,"seo_analyzer_scan_date":"2025-09-19 23:33:20","breadcrumb_settings":null,"limit_modified_date":false,"open_ai":null,"ai":null,"created":"2021-03-09 01:24:51","updated":"2025-09-19 23:33:20"},"aioseo_breadcrumb":"<div class=\"aioseo-breadcrumbs\"><span class=\"aioseo-breadcrumb\">\n\t<a href=\"https:\/\/eldigitaldeasturias.com\/magazine365\" title=\"Home\">Home<\/a>\n<\/span><span class=\"aioseo-breadcrumb-separator\">\u2013<\/span><span class=\"aioseo-breadcrumb\">\n\t<a href=\"https:\/\/eldigitaldeasturias.com\/magazine365\/category\/noticias-actualidad\/\" title=\"Noticias y Actualidad\">Noticias y Actualidad<\/a>\n<\/span><span class=\"aioseo-breadcrumb-separator\">\u2013<\/span><span class=\"aioseo-breadcrumb\">\n\t<a href=\"https:\/\/eldigitaldeasturias.com\/magazine365\/ac-hotels-by-marriott-suma-el-hotel-diagonal-lilla-en-barcelona\/\" title=\"AC Hotels by Marriott suma el hotel Diagonal L\u2019Illa en Barcelona\">AC Hotels by Marriott suma el hotel Diagonal L\u2019Illa en Barcelona<\/a>\n<\/span><\/div>","aioseo_breadcrumb_json":[{"label":"Home","link":"https:\/\/eldigitaldeasturias.com\/magazine365"},{"label":"Noticias y Actualidad","link":"https:\/\/eldigitaldeasturias.com\/magazine365\/category\/noticias-actualidad\/"},{"label":"AC Hotels by Marriott suma el hotel Diagonal L&#8217;Illa en Barcelona","link":"https:\/\/eldigitaldeasturias.com\/magazine365\/ac-hotels-by-marriott-suma-el-hotel-diagonal-lilla-en-barcelona\/"}],"_links":{"self":[{"href":"https:\/\/eldigitaldeasturias.com\/magazine365\/wp-json\/wp\/v2\/posts\/45177","targetHints":{"allow":["GET"]}}],"collection":[{"href":"https:\/\/eldigitaldeasturias.com\/magazine365\/wp-json\/wp\/v2\/posts"}],"about":[{"href":"https:\/\/eldigitaldeasturias.com\/magazine365\/wp-json\/wp\/v2\/types\/post"}],"author":[{"embeddable":true,"href":"https:\/\/eldigitaldeasturias.com\/magazine365\/wp-json\/wp\/v2\/users\/1"}],"replies":[{"embeddable":true,"href":"https:\/\/eldigitaldeasturias.com\/magazine365\/wp-json\/wp\/v2\/comments?post=45177"}],"version-history":[{"count":0,"href":"https:\/\/eldigitaldeasturias.com\/magazine365\/wp-json\/wp\/v2\/posts\/45177\/revisions"}],"wp:featuredmedia":[{"embeddable":true,"href":"https:\/\/eldigitaldeasturias.com\/magazine365\/wp-json\/wp\/v2\/media\/45178"}],"wp:attachment":[{"href":"https:\/\/eldigitaldeasturias.com\/magazine365\/wp-json\/wp\/v2\/media?parent=45177"}],"wp:term":[{"taxonomy":"category","embeddable":true,"href":"https:\/\/eldigitaldeasturias.com\/magazine365\/wp-json\/wp\/v2\/categories?post=45177"},{"taxonomy":"post_tag","embeddable":true,"href":"https:\/\/eldigitaldeasturias.com\/magazine365\/wp-json\/wp\/v2\/tags?post=45177"}],"curies":[{"name":"wp","href":"https:\/\/api.w.org\/{rel}","templated":true}]}}