{"id":45155,"date":"2015-08-07T00:05:45","date_gmt":"2015-08-06T22:05:45","guid":{"rendered":"http:\/\/eldigitaldeasturias.com\/magazine365\/?p=45155"},"modified":"2015-08-07T00:05:45","modified_gmt":"2015-08-06T22:05:45","slug":"el-sindic-de-greuges-interviene-de-oficio-en-el-atasco-de-maletas-en-el-de-aeropuerto-de-el-prat","status":"publish","type":"post","link":"https:\/\/eldigitaldeasturias.com\/magazine365\/el-sindic-de-greuges-interviene-de-oficio-en-el-atasco-de-maletas-en-el-de-aeropuerto-de-el-prat\/","title":{"rendered":"El S\u00edndic de Greuges interviene de oficio en el atasco de maletas en el de Aeropuerto de El Prat"},"content":{"rendered":"<p><img fetchpriority=\"high\" decoding=\"async\" class=\"alignleft size-medium wp-image-44646\" src=\"https:\/\/eldigitaldeasturias.com\/magazine365\/wp-content\/uploads\/2015\/08\/aeropuerto-360x239.jpg\" alt=\"aeropuerto\" width=\"360\" height=\"239\" srcset=\"https:\/\/eldigitaldeasturias.com\/magazine365\/wp-content\/uploads\/2015\/08\/aeropuerto-360x239.jpg 360w, https:\/\/eldigitaldeasturias.com\/magazine365\/wp-content\/uploads\/2015\/08\/aeropuerto-650x432.jpg 650w, https:\/\/eldigitaldeasturias.com\/magazine365\/wp-content\/uploads\/2015\/08\/aeropuerto-768x511.jpg 768w, https:\/\/eldigitaldeasturias.com\/magazine365\/wp-content\/uploads\/2015\/08\/aeropuerto-150x100.jpg 150w, https:\/\/eldigitaldeasturias.com\/magazine365\/wp-content\/uploads\/2015\/08\/aeropuerto-450x299.jpg 450w, https:\/\/eldigitaldeasturias.com\/magazine365\/wp-content\/uploads\/2015\/08\/aeropuerto-696x463.jpg 696w, https:\/\/eldigitaldeasturias.com\/magazine365\/wp-content\/uploads\/2015\/08\/aeropuerto-632x420.jpg 632w, https:\/\/eldigitaldeasturias.com\/magazine365\/wp-content\/uploads\/2015\/08\/aeropuerto-84x55.jpg 84w, https:\/\/eldigitaldeasturias.com\/magazine365\/wp-content\/uploads\/2015\/08\/aeropuerto.jpg 800w\" sizes=\"(max-width: 360px) 100vw, 360px\" \/>El S\u00edndic de Greuges, Rafael Rib\u00f3, ha intervenido de oficio para defender el derecho de los pasajeros tras el \u00abgrave\u00bb atasco de maletas sufrido en los \u00faltimos d\u00edas en el Aeropuerto de El Prat por parte de las compa\u00f1\u00edas a\u00e9reas, ha informado la Sindicatura este jueves en un comunicado.<\/p>\n<p>Rib\u00f3 ha tachado de \u00abinaceptable\u00bb el servicio que reciben los pasajeros, no solo por el agravio en s\u00ed, sino por el servicio de atenci\u00f3n que les ofrecen posteriormente las aerol\u00edneas, en contra de lo que establece el C\u00f3digo de consumo de Catalunya.<\/p>\n<p>En el caso, que ha implicado a la compa\u00f1\u00eda Vueling, los viajeros afectados tienen muchas dificultades para acceder a los sistemas de reclamaci\u00f3n habilitados, especialmente por tel\u00e9fono, que Rib\u00f3 ha constatado que es de pago y suele contar con una l\u00ednea que est\u00e1 ocupada.<\/p>\n<p>Para evitar que se repita esta situaci\u00f3n, se ha dirigido a la Administraci\u00f3n y a las empresas del sector para analizar conjuntamente cambios normativos para que, en caso necesario, garanticen la defensa de los derechos de las personas afectadas.<\/p>\n<p>En su intervenci\u00f3n, el S\u00edndic se ha puesto en contacto con el Ministerio de Fomento, las direcciones generales de Aena y del Aeropuerto de El Prat, la Conselleria de Territorio y Sostenibilidad de la Generalitat y las compa\u00f1\u00edas Groundforce, de asistencia en tierra, y Vueling<\/p>\n","protected":false},"excerpt":{"rendered":"<p>El S\u00edndic de Greuges, Rafael Rib\u00f3, ha intervenido de oficio para defender el derecho de los pasajeros tras el \u00abgrave\u00bb atasco de maletas sufrido en los \u00faltimos d\u00edas en el Aeropuerto de El Prat por parte de las compa\u00f1\u00edas a\u00e9reas, ha informado la Sindicatura este jueves en un comunicado. Rib\u00f3 ha tachado de \u00abinaceptable\u00bb el<\/p>\n","protected":false},"author":1,"featured_media":44646,"comment_status":"open","ping_status":"closed","sticky":false,"template":"","format":"standard","meta":{"footnotes":""},"categories":[224],"tags":[],"class_list":{"0":"post-45155","1":"post","2":"type-post","3":"status-publish","4":"format-standard","5":"has-post-thumbnail","7":"category-noticias-actualidad"},"aioseo_notices":[],"aioseo_head":"\n\t\t<!-- All in One SEO Pro 4.9.6.1 - aioseo.com -->\n\t<meta name=\"description\" content=\"El S\u00edndic de Greuges, Rafael Rib\u00f3, ha intervenido de oficio para defender el derecho de los pasajeros tras el &quot;grave&quot; atasco de maletas sufrido en los \u00faltimos d\u00edas en el Aeropuerto de El Prat por parte de las compa\u00f1\u00edas a\u00e9reas, ha informado la Sindicatura este jueves en un comunicado. Rib\u00f3 ha tachado de &quot;inaceptable&quot; el\" \/>\n\t<meta name=\"robots\" content=\"max-image-preview:large\" \/>\n\t<meta name=\"author\" content=\"admin\"\/>\n\t<meta name=\"google-site-verification\" content=\"UA-38556648-1\" \/>\n\t<meta name=\"keywords\" content=\"noticias y actualidad\" \/>\n\t<link rel=\"canonical\" href=\"https:\/\/eldigitaldeasturias.com\/magazine365\/el-sindic-de-greuges-interviene-de-oficio-en-el-atasco-de-maletas-en-el-de-aeropuerto-de-el-prat\/\" \/>\n\t<meta name=\"generator\" content=\"All in One SEO Pro (AIOSEO) 4.9.6.1\" \/>\n\t\t<meta property=\"og:locale\" content=\"es_ES\" \/>\n\t\t<meta property=\"og:site_name\" content=\"El Digital de Asturias \u2013 Revista de ocio, turismo y estilo de vida\" \/>\n\t\t<meta property=\"og:type\" content=\"article\" \/>\n\t\t<meta property=\"og:title\" content=\"El S\u00edndic de Greuges interviene de oficio en el atasco de maletas en el de Aeropuerto de El Prat | El Digital de Asturias\" \/>\n\t\t<meta property=\"og:description\" content=\"El S\u00edndic de Greuges, Rafael Rib\u00f3, ha intervenido de oficio para defender el derecho de los pasajeros tras el &quot;grave&quot; atasco de maletas sufrido en los \u00faltimos d\u00edas en el Aeropuerto de El Prat por parte de las compa\u00f1\u00edas a\u00e9reas, ha informado la Sindicatura este jueves en un comunicado. Rib\u00f3 ha tachado de &quot;inaceptable&quot; el\" \/>\n\t\t<meta property=\"og:url\" content=\"https:\/\/eldigitaldeasturias.com\/magazine365\/el-sindic-de-greuges-interviene-de-oficio-en-el-atasco-de-maletas-en-el-de-aeropuerto-de-el-prat\/\" \/>\n\t\t<meta property=\"og:image\" content=\"https:\/\/eldigitaldeasturias.com\/magazine365\/wp-content\/uploads\/2015\/08\/aeropuerto.jpg\" \/>\n\t\t<meta property=\"og:image:secure_url\" content=\"https:\/\/eldigitaldeasturias.com\/magazine365\/wp-content\/uploads\/2015\/08\/aeropuerto.jpg\" \/>\n\t\t<meta property=\"og:image:width\" content=\"800\" \/>\n\t\t<meta property=\"og:image:height\" content=\"532\" \/>\n\t\t<meta property=\"article:published_time\" content=\"2015-08-06T22:05:45+00:00\" \/>\n\t\t<meta property=\"article:modified_time\" content=\"2015-08-06T22:05:45+00:00\" \/>\n\t\t<meta name=\"twitter:card\" content=\"summary_large_image\" \/>\n\t\t<meta name=\"twitter:title\" content=\"El S\u00edndic de Greuges interviene de oficio en el atasco de maletas en el de Aeropuerto de El Prat | El Digital de Asturias\" \/>\n\t\t<meta name=\"twitter:description\" content=\"El S\u00edndic de Greuges, Rafael Rib\u00f3, ha intervenido de oficio para defender el derecho de los pasajeros tras el &quot;grave&quot; atasco de maletas sufrido en los \u00faltimos d\u00edas en el Aeropuerto de El Prat por parte de las compa\u00f1\u00edas a\u00e9reas, ha informado la Sindicatura este jueves en un comunicado. Rib\u00f3 ha tachado de &quot;inaceptable&quot; el\" \/>\n\t\t<meta name=\"twitter:image\" content=\"https:\/\/eldigitaldeasturias.com\/magazine365\/wp-content\/uploads\/2015\/08\/aeropuerto.jpg\" \/>\n\t\t<script type=\"application\/ld+json\" class=\"aioseo-schema\">\n\t\t\t{\"@context\":\"https:\\\/\\\/schema.org\",\"@graph\":[{\"@type\":\"Article\",\"@id\":\"https:\\\/\\\/eldigitaldeasturias.com\\\/magazine365\\\/el-sindic-de-greuges-interviene-de-oficio-en-el-atasco-de-maletas-en-el-de-aeropuerto-de-el-prat\\\/#article\",\"name\":\"El S\\u00edndic de Greuges interviene de oficio en el atasco de maletas en el de Aeropuerto de El Prat | El Digital de Asturias\",\"headline\":\"El S\\u00edndic de Greuges interviene de oficio en el atasco de maletas en el de Aeropuerto de El Prat\",\"author\":{\"@id\":\"https:\\\/\\\/eldigitaldeasturias.com\\\/magazine365\\\/author\\\/admin\\\/#author\"},\"publisher\":{\"@id\":\"https:\\\/\\\/eldigitaldeasturias.com\\\/magazine365\\\/#organization\"},\"image\":{\"@type\":\"ImageObject\",\"url\":\"https:\\\/\\\/eldigitaldeasturias.com\\\/magazine365\\\/wp-content\\\/uploads\\\/2015\\\/08\\\/aeropuerto.jpg\",\"width\":800,\"height\":532},\"datePublished\":\"2015-08-07T00:05:45+02:00\",\"dateModified\":\"2015-08-07T00:05:45+02:00\",\"inLanguage\":\"es-ES\",\"mainEntityOfPage\":{\"@id\":\"https:\\\/\\\/eldigitaldeasturias.com\\\/magazine365\\\/el-sindic-de-greuges-interviene-de-oficio-en-el-atasco-de-maletas-en-el-de-aeropuerto-de-el-prat\\\/#webpage\"},\"isPartOf\":{\"@id\":\"https:\\\/\\\/eldigitaldeasturias.com\\\/magazine365\\\/el-sindic-de-greuges-interviene-de-oficio-en-el-atasco-de-maletas-en-el-de-aeropuerto-de-el-prat\\\/#webpage\"},\"articleSection\":\"Noticias y Actualidad\"},{\"@type\":\"BreadcrumbList\",\"@id\":\"https:\\\/\\\/eldigitaldeasturias.com\\\/magazine365\\\/el-sindic-de-greuges-interviene-de-oficio-en-el-atasco-de-maletas-en-el-de-aeropuerto-de-el-prat\\\/#breadcrumblist\",\"itemListElement\":[{\"@type\":\"ListItem\",\"@id\":\"https:\\\/\\\/eldigitaldeasturias.com\\\/magazine365#listItem\",\"position\":1,\"name\":\"Home\",\"item\":\"https:\\\/\\\/eldigitaldeasturias.com\\\/magazine365\",\"nextItem\":{\"@type\":\"ListItem\",\"@id\":\"https:\\\/\\\/eldigitaldeasturias.com\\\/magazine365\\\/category\\\/noticias-actualidad\\\/#listItem\",\"name\":\"Noticias y Actualidad\"}},{\"@type\":\"ListItem\",\"@id\":\"https:\\\/\\\/eldigitaldeasturias.com\\\/magazine365\\\/category\\\/noticias-actualidad\\\/#listItem\",\"position\":2,\"name\":\"Noticias y Actualidad\",\"item\":\"https:\\\/\\\/eldigitaldeasturias.com\\\/magazine365\\\/category\\\/noticias-actualidad\\\/\",\"nextItem\":{\"@type\":\"ListItem\",\"@id\":\"https:\\\/\\\/eldigitaldeasturias.com\\\/magazine365\\\/el-sindic-de-greuges-interviene-de-oficio-en-el-atasco-de-maletas-en-el-de-aeropuerto-de-el-prat\\\/#listItem\",\"name\":\"El S\\u00edndic de Greuges interviene de oficio en el atasco de maletas en el de Aeropuerto de El Prat\"},\"previousItem\":{\"@type\":\"ListItem\",\"@id\":\"https:\\\/\\\/eldigitaldeasturias.com\\\/magazine365#listItem\",\"name\":\"Home\"}},{\"@type\":\"ListItem\",\"@id\":\"https:\\\/\\\/eldigitaldeasturias.com\\\/magazine365\\\/el-sindic-de-greuges-interviene-de-oficio-en-el-atasco-de-maletas-en-el-de-aeropuerto-de-el-prat\\\/#listItem\",\"position\":3,\"name\":\"El S\\u00edndic de Greuges interviene de oficio en el atasco de maletas en el de Aeropuerto de El Prat\",\"previousItem\":{\"@type\":\"ListItem\",\"@id\":\"https:\\\/\\\/eldigitaldeasturias.com\\\/magazine365\\\/category\\\/noticias-actualidad\\\/#listItem\",\"name\":\"Noticias y Actualidad\"}}]},{\"@type\":\"Organization\",\"@id\":\"https:\\\/\\\/eldigitaldeasturias.com\\\/magazine365\\\/#organization\",\"name\":\"El digital de Asturias\",\"description\":\"Revista de ocio, turismo y estilo de vida\",\"url\":\"https:\\\/\\\/eldigitaldeasturias.com\\\/magazine365\\\/\",\"logo\":{\"@type\":\"ImageObject\",\"url\":\"https:\\\/\\\/www.eldigitaldeasturias.com\\\/noticias\\\/wp-content\\\/uploads\\\/2020\\\/12\\\/EDA.jpg\",\"@id\":\"https:\\\/\\\/eldigitaldeasturias.com\\\/magazine365\\\/el-sindic-de-greuges-interviene-de-oficio-en-el-atasco-de-maletas-en-el-de-aeropuerto-de-el-prat\\\/#organizationLogo\"},\"image\":{\"@id\":\"https:\\\/\\\/eldigitaldeasturias.com\\\/magazine365\\\/el-sindic-de-greuges-interviene-de-oficio-en-el-atasco-de-maletas-en-el-de-aeropuerto-de-el-prat\\\/#organizationLogo\"}},{\"@type\":\"Person\",\"@id\":\"https:\\\/\\\/eldigitaldeasturias.com\\\/magazine365\\\/author\\\/admin\\\/#author\",\"url\":\"https:\\\/\\\/eldigitaldeasturias.com\\\/magazine365\\\/author\\\/admin\\\/\",\"name\":\"admin\",\"image\":{\"@type\":\"ImageObject\",\"@id\":\"https:\\\/\\\/eldigitaldeasturias.com\\\/magazine365\\\/el-sindic-de-greuges-interviene-de-oficio-en-el-atasco-de-maletas-en-el-de-aeropuerto-de-el-prat\\\/#authorImage\",\"url\":\"https:\\\/\\\/eldigitaldeasturias.com\\\/magazine365\\\/wp-content\\\/litespeed\\\/avatar\\\/e571bcf59a0edd6fa6838245a470f2fe.jpg?ver=1777574230\",\"width\":96,\"height\":96,\"caption\":\"admin\"}},{\"@type\":\"WebPage\",\"@id\":\"https:\\\/\\\/eldigitaldeasturias.com\\\/magazine365\\\/el-sindic-de-greuges-interviene-de-oficio-en-el-atasco-de-maletas-en-el-de-aeropuerto-de-el-prat\\\/#webpage\",\"url\":\"https:\\\/\\\/eldigitaldeasturias.com\\\/magazine365\\\/el-sindic-de-greuges-interviene-de-oficio-en-el-atasco-de-maletas-en-el-de-aeropuerto-de-el-prat\\\/\",\"name\":\"El S\\u00edndic de Greuges interviene de oficio en el atasco de maletas en el de Aeropuerto de El Prat | El Digital de Asturias\",\"description\":\"El S\\u00edndic de Greuges, Rafael Rib\\u00f3, ha intervenido de oficio para defender el derecho de los pasajeros tras el \\\"grave\\\" atasco de maletas sufrido en los \\u00faltimos d\\u00edas en el Aeropuerto de El Prat por parte de las compa\\u00f1\\u00edas a\\u00e9reas, ha informado la Sindicatura este jueves en un comunicado. Rib\\u00f3 ha tachado de \\\"inaceptable\\\" el\",\"inLanguage\":\"es-ES\",\"isPartOf\":{\"@id\":\"https:\\\/\\\/eldigitaldeasturias.com\\\/magazine365\\\/#website\"},\"breadcrumb\":{\"@id\":\"https:\\\/\\\/eldigitaldeasturias.com\\\/magazine365\\\/el-sindic-de-greuges-interviene-de-oficio-en-el-atasco-de-maletas-en-el-de-aeropuerto-de-el-prat\\\/#breadcrumblist\"},\"author\":{\"@id\":\"https:\\\/\\\/eldigitaldeasturias.com\\\/magazine365\\\/author\\\/admin\\\/#author\"},\"creator\":{\"@id\":\"https:\\\/\\\/eldigitaldeasturias.com\\\/magazine365\\\/author\\\/admin\\\/#author\"},\"image\":{\"@type\":\"ImageObject\",\"url\":\"https:\\\/\\\/eldigitaldeasturias.com\\\/magazine365\\\/wp-content\\\/uploads\\\/2015\\\/08\\\/aeropuerto.jpg\",\"@id\":\"https:\\\/\\\/eldigitaldeasturias.com\\\/magazine365\\\/el-sindic-de-greuges-interviene-de-oficio-en-el-atasco-de-maletas-en-el-de-aeropuerto-de-el-prat\\\/#mainImage\",\"width\":800,\"height\":532},\"primaryImageOfPage\":{\"@id\":\"https:\\\/\\\/eldigitaldeasturias.com\\\/magazine365\\\/el-sindic-de-greuges-interviene-de-oficio-en-el-atasco-de-maletas-en-el-de-aeropuerto-de-el-prat\\\/#mainImage\"},\"datePublished\":\"2015-08-07T00:05:45+02:00\",\"dateModified\":\"2015-08-07T00:05:45+02:00\"},{\"@type\":\"WebSite\",\"@id\":\"https:\\\/\\\/eldigitaldeasturias.com\\\/magazine365\\\/#website\",\"url\":\"https:\\\/\\\/eldigitaldeasturias.com\\\/magazine365\\\/\",\"name\":\"El Digital de Asturias\",\"description\":\"Revista de ocio, turismo y estilo de vida\",\"inLanguage\":\"es-ES\",\"publisher\":{\"@id\":\"https:\\\/\\\/eldigitaldeasturias.com\\\/magazine365\\\/#organization\"}}]}\n\t\t<\/script>\n\t\t<!-- All in One SEO Pro -->\r\n\t\t<title>El S\u00edndic de Greuges interviene de oficio en el atasco de maletas en el de Aeropuerto de El Prat | El Digital de Asturias<\/title>\n\n","aioseo_head_json":{"title":"El S\u00edndic de Greuges interviene de oficio en el atasco de maletas en el de Aeropuerto de El Prat | El Digital de Asturias","description":"El S\u00edndic de Greuges, Rafael Rib\u00f3, ha intervenido de oficio para defender el derecho de los pasajeros tras el \"grave\" atasco de maletas sufrido en los \u00faltimos d\u00edas en el Aeropuerto de El Prat por parte de las compa\u00f1\u00edas a\u00e9reas, ha informado la Sindicatura este jueves en un comunicado. Rib\u00f3 ha tachado de \"inaceptable\" el","canonical_url":"https:\/\/eldigitaldeasturias.com\/magazine365\/el-sindic-de-greuges-interviene-de-oficio-en-el-atasco-de-maletas-en-el-de-aeropuerto-de-el-prat\/","robots":"max-image-preview:large","keywords":"noticias y actualidad","webmasterTools":{"google-site-verification":"UA-38556648-1","miscellaneous":""},"schema":{"@context":"https:\/\/schema.org","@graph":[{"@type":"Article","@id":"https:\/\/eldigitaldeasturias.com\/magazine365\/el-sindic-de-greuges-interviene-de-oficio-en-el-atasco-de-maletas-en-el-de-aeropuerto-de-el-prat\/#article","name":"El S\u00edndic de Greuges interviene de oficio en el atasco de maletas en el de Aeropuerto de El Prat | El Digital de Asturias","headline":"El S\u00edndic de Greuges interviene de oficio en el atasco de maletas en el de Aeropuerto de El Prat","author":{"@id":"https:\/\/eldigitaldeasturias.com\/magazine365\/author\/admin\/#author"},"publisher":{"@id":"https:\/\/eldigitaldeasturias.com\/magazine365\/#organization"},"image":{"@type":"ImageObject","url":"https:\/\/eldigitaldeasturias.com\/magazine365\/wp-content\/uploads\/2015\/08\/aeropuerto.jpg","width":800,"height":532},"datePublished":"2015-08-07T00:05:45+02:00","dateModified":"2015-08-07T00:05:45+02:00","inLanguage":"es-ES","mainEntityOfPage":{"@id":"https:\/\/eldigitaldeasturias.com\/magazine365\/el-sindic-de-greuges-interviene-de-oficio-en-el-atasco-de-maletas-en-el-de-aeropuerto-de-el-prat\/#webpage"},"isPartOf":{"@id":"https:\/\/eldigitaldeasturias.com\/magazine365\/el-sindic-de-greuges-interviene-de-oficio-en-el-atasco-de-maletas-en-el-de-aeropuerto-de-el-prat\/#webpage"},"articleSection":"Noticias y Actualidad"},{"@type":"BreadcrumbList","@id":"https:\/\/eldigitaldeasturias.com\/magazine365\/el-sindic-de-greuges-interviene-de-oficio-en-el-atasco-de-maletas-en-el-de-aeropuerto-de-el-prat\/#breadcrumblist","itemListElement":[{"@type":"ListItem","@id":"https:\/\/eldigitaldeasturias.com\/magazine365#listItem","position":1,"name":"Home","item":"https:\/\/eldigitaldeasturias.com\/magazine365","nextItem":{"@type":"ListItem","@id":"https:\/\/eldigitaldeasturias.com\/magazine365\/category\/noticias-actualidad\/#listItem","name":"Noticias y Actualidad"}},{"@type":"ListItem","@id":"https:\/\/eldigitaldeasturias.com\/magazine365\/category\/noticias-actualidad\/#listItem","position":2,"name":"Noticias y Actualidad","item":"https:\/\/eldigitaldeasturias.com\/magazine365\/category\/noticias-actualidad\/","nextItem":{"@type":"ListItem","@id":"https:\/\/eldigitaldeasturias.com\/magazine365\/el-sindic-de-greuges-interviene-de-oficio-en-el-atasco-de-maletas-en-el-de-aeropuerto-de-el-prat\/#listItem","name":"El S\u00edndic de Greuges interviene de oficio en el atasco de maletas en el de Aeropuerto de El Prat"},"previousItem":{"@type":"ListItem","@id":"https:\/\/eldigitaldeasturias.com\/magazine365#listItem","name":"Home"}},{"@type":"ListItem","@id":"https:\/\/eldigitaldeasturias.com\/magazine365\/el-sindic-de-greuges-interviene-de-oficio-en-el-atasco-de-maletas-en-el-de-aeropuerto-de-el-prat\/#listItem","position":3,"name":"El S\u00edndic de Greuges interviene de oficio en el atasco de maletas en el de Aeropuerto de El Prat","previousItem":{"@type":"ListItem","@id":"https:\/\/eldigitaldeasturias.com\/magazine365\/category\/noticias-actualidad\/#listItem","name":"Noticias y Actualidad"}}]},{"@type":"Organization","@id":"https:\/\/eldigitaldeasturias.com\/magazine365\/#organization","name":"El digital de Asturias","description":"Revista de ocio, turismo y estilo de vida","url":"https:\/\/eldigitaldeasturias.com\/magazine365\/","logo":{"@type":"ImageObject","url":"https:\/\/www.eldigitaldeasturias.com\/noticias\/wp-content\/uploads\/2020\/12\/EDA.jpg","@id":"https:\/\/eldigitaldeasturias.com\/magazine365\/el-sindic-de-greuges-interviene-de-oficio-en-el-atasco-de-maletas-en-el-de-aeropuerto-de-el-prat\/#organizationLogo"},"image":{"@id":"https:\/\/eldigitaldeasturias.com\/magazine365\/el-sindic-de-greuges-interviene-de-oficio-en-el-atasco-de-maletas-en-el-de-aeropuerto-de-el-prat\/#organizationLogo"}},{"@type":"Person","@id":"https:\/\/eldigitaldeasturias.com\/magazine365\/author\/admin\/#author","url":"https:\/\/eldigitaldeasturias.com\/magazine365\/author\/admin\/","name":"admin","image":{"@type":"ImageObject","@id":"https:\/\/eldigitaldeasturias.com\/magazine365\/el-sindic-de-greuges-interviene-de-oficio-en-el-atasco-de-maletas-en-el-de-aeropuerto-de-el-prat\/#authorImage","url":"https:\/\/eldigitaldeasturias.com\/magazine365\/wp-content\/litespeed\/avatar\/e571bcf59a0edd6fa6838245a470f2fe.jpg?ver=1777574230","width":96,"height":96,"caption":"admin"}},{"@type":"WebPage","@id":"https:\/\/eldigitaldeasturias.com\/magazine365\/el-sindic-de-greuges-interviene-de-oficio-en-el-atasco-de-maletas-en-el-de-aeropuerto-de-el-prat\/#webpage","url":"https:\/\/eldigitaldeasturias.com\/magazine365\/el-sindic-de-greuges-interviene-de-oficio-en-el-atasco-de-maletas-en-el-de-aeropuerto-de-el-prat\/","name":"El S\u00edndic de Greuges interviene de oficio en el atasco de maletas en el de Aeropuerto de El Prat | El Digital de Asturias","description":"El S\u00edndic de Greuges, Rafael Rib\u00f3, ha intervenido de oficio para defender el derecho de los pasajeros tras el \"grave\" atasco de maletas sufrido en los \u00faltimos d\u00edas en el Aeropuerto de El Prat por parte de las compa\u00f1\u00edas a\u00e9reas, ha informado la Sindicatura este jueves en un comunicado. Rib\u00f3 ha tachado de \"inaceptable\" el","inLanguage":"es-ES","isPartOf":{"@id":"https:\/\/eldigitaldeasturias.com\/magazine365\/#website"},"breadcrumb":{"@id":"https:\/\/eldigitaldeasturias.com\/magazine365\/el-sindic-de-greuges-interviene-de-oficio-en-el-atasco-de-maletas-en-el-de-aeropuerto-de-el-prat\/#breadcrumblist"},"author":{"@id":"https:\/\/eldigitaldeasturias.com\/magazine365\/author\/admin\/#author"},"creator":{"@id":"https:\/\/eldigitaldeasturias.com\/magazine365\/author\/admin\/#author"},"image":{"@type":"ImageObject","url":"https:\/\/eldigitaldeasturias.com\/magazine365\/wp-content\/uploads\/2015\/08\/aeropuerto.jpg","@id":"https:\/\/eldigitaldeasturias.com\/magazine365\/el-sindic-de-greuges-interviene-de-oficio-en-el-atasco-de-maletas-en-el-de-aeropuerto-de-el-prat\/#mainImage","width":800,"height":532},"primaryImageOfPage":{"@id":"https:\/\/eldigitaldeasturias.com\/magazine365\/el-sindic-de-greuges-interviene-de-oficio-en-el-atasco-de-maletas-en-el-de-aeropuerto-de-el-prat\/#mainImage"},"datePublished":"2015-08-07T00:05:45+02:00","dateModified":"2015-08-07T00:05:45+02:00"},{"@type":"WebSite","@id":"https:\/\/eldigitaldeasturias.com\/magazine365\/#website","url":"https:\/\/eldigitaldeasturias.com\/magazine365\/","name":"El Digital de Asturias","description":"Revista de ocio, turismo y estilo de vida","inLanguage":"es-ES","publisher":{"@id":"https:\/\/eldigitaldeasturias.com\/magazine365\/#organization"}}]},"og:locale":"es_ES","og:site_name":"El Digital de Asturias \u2013 Revista de ocio, turismo y estilo de vida","og:type":"article","og:title":"El S\u00edndic de Greuges interviene de oficio en el atasco de maletas en el de Aeropuerto de El Prat | El Digital de Asturias","og:description":"El S\u00edndic de Greuges, Rafael Rib\u00f3, ha intervenido de oficio para defender el derecho de los pasajeros tras el &quot;grave&quot; atasco de maletas sufrido en los \u00faltimos d\u00edas en el Aeropuerto de El Prat por parte de las compa\u00f1\u00edas a\u00e9reas, ha informado la Sindicatura este jueves en un comunicado. Rib\u00f3 ha tachado de &quot;inaceptable&quot; el","og:url":"https:\/\/eldigitaldeasturias.com\/magazine365\/el-sindic-de-greuges-interviene-de-oficio-en-el-atasco-de-maletas-en-el-de-aeropuerto-de-el-prat\/","og:image":"https:\/\/eldigitaldeasturias.com\/magazine365\/wp-content\/uploads\/2015\/08\/aeropuerto.jpg","og:image:secure_url":"https:\/\/eldigitaldeasturias.com\/magazine365\/wp-content\/uploads\/2015\/08\/aeropuerto.jpg","og:image:width":800,"og:image:height":532,"article:published_time":"2015-08-06T22:05:45+00:00","article:modified_time":"2015-08-06T22:05:45+00:00","twitter:card":"summary_large_image","twitter:title":"El S\u00edndic de Greuges interviene de oficio en el atasco de maletas en el de Aeropuerto de El Prat | El Digital de Asturias","twitter:description":"El S\u00edndic de Greuges, Rafael Rib\u00f3, ha intervenido de oficio para defender el derecho de los pasajeros tras el &quot;grave&quot; atasco de maletas sufrido en los \u00faltimos d\u00edas en el Aeropuerto de El Prat por parte de las compa\u00f1\u00edas a\u00e9reas, ha informado la Sindicatura este jueves en un comunicado. Rib\u00f3 ha tachado de &quot;inaceptable&quot; el","twitter:image":"https:\/\/eldigitaldeasturias.com\/magazine365\/wp-content\/uploads\/2015\/08\/aeropuerto.jpg"},"aioseo_meta_data":{"post_id":"45155","title":null,"description":null,"keywords":null,"keyphrases":null,"primary_term":null,"canonical_url":null,"og_title":null,"og_description":null,"og_object_type":"default","og_image_type":"default","og_image_url":null,"og_image_width":null,"og_image_height":null,"og_image_custom_url":null,"og_image_custom_fields":null,"og_video":null,"og_custom_url":null,"og_article_section":null,"og_article_tags":null,"twitter_use_og":false,"twitter_card":"default","twitter_image_type":"default","twitter_image_url":null,"twitter_image_custom_url":null,"twitter_image_custom_fields":null,"twitter_title":null,"twitter_description":null,"schema":{"blockGraphs":[],"customGraphs":[],"default":{"data":{"Article":[],"Course":[],"Dataset":[],"FAQPage":[],"Movie":[],"Person":[],"Product":[],"ProductReview":[],"Car":[],"Recipe":[],"Service":[],"SoftwareApplication":[],"WebPage":[]},"graphName":"","isEnabled":true},"graphs":[],"defaultGraph":"","defaultPostTypeGraph":""},"schema_type":null,"schema_type_options":null,"pillar_content":false,"robots_default":true,"robots_noindex":false,"robots_noarchive":false,"robots_nosnippet":false,"robots_nofollow":false,"robots_noimageindex":false,"robots_noodp":false,"robots_notranslate":false,"robots_max_snippet":null,"robots_max_videopreview":null,"robots_max_imagepreview":"large","priority":null,"frequency":null,"location":null,"local_seo":null,"seo_analyzer_scan_date":"2025-09-19 23:30:24","breadcrumb_settings":null,"limit_modified_date":false,"open_ai":null,"ai":null,"created":"2021-03-09 01:24:51","updated":"2025-09-19 23:30:24"},"aioseo_breadcrumb":"<div class=\"aioseo-breadcrumbs\"><span class=\"aioseo-breadcrumb\">\n\t<a href=\"https:\/\/eldigitaldeasturias.com\/magazine365\" title=\"Home\">Home<\/a>\n<\/span><span class=\"aioseo-breadcrumb-separator\">\u2013<\/span><span class=\"aioseo-breadcrumb\">\n\t<a href=\"https:\/\/eldigitaldeasturias.com\/magazine365\/category\/noticias-actualidad\/\" title=\"Noticias y Actualidad\">Noticias y Actualidad<\/a>\n<\/span><span class=\"aioseo-breadcrumb-separator\">\u2013<\/span><span class=\"aioseo-breadcrumb\">\n\t<a href=\"https:\/\/eldigitaldeasturias.com\/magazine365\/el-sindic-de-greuges-interviene-de-oficio-en-el-atasco-de-maletas-en-el-de-aeropuerto-de-el-prat\/\" title=\"El S\u00edndic de Greuges interviene de oficio en el atasco de maletas en el de Aeropuerto de El Prat\">El S\u00edndic de Greuges interviene de oficio en el atasco de maletas en el de Aeropuerto de El Prat<\/a>\n<\/span><\/div>","aioseo_breadcrumb_json":[{"label":"Home","link":"https:\/\/eldigitaldeasturias.com\/magazine365"},{"label":"Noticias y Actualidad","link":"https:\/\/eldigitaldeasturias.com\/magazine365\/category\/noticias-actualidad\/"},{"label":"El S\u00edndic de Greuges interviene de oficio en el atasco de maletas en el de Aeropuerto de El Prat","link":"https:\/\/eldigitaldeasturias.com\/magazine365\/el-sindic-de-greuges-interviene-de-oficio-en-el-atasco-de-maletas-en-el-de-aeropuerto-de-el-prat\/"}],"_links":{"self":[{"href":"https:\/\/eldigitaldeasturias.com\/magazine365\/wp-json\/wp\/v2\/posts\/45155","targetHints":{"allow":["GET"]}}],"collection":[{"href":"https:\/\/eldigitaldeasturias.com\/magazine365\/wp-json\/wp\/v2\/posts"}],"about":[{"href":"https:\/\/eldigitaldeasturias.com\/magazine365\/wp-json\/wp\/v2\/types\/post"}],"author":[{"embeddable":true,"href":"https:\/\/eldigitaldeasturias.com\/magazine365\/wp-json\/wp\/v2\/users\/1"}],"replies":[{"embeddable":true,"href":"https:\/\/eldigitaldeasturias.com\/magazine365\/wp-json\/wp\/v2\/comments?post=45155"}],"version-history":[{"count":0,"href":"https:\/\/eldigitaldeasturias.com\/magazine365\/wp-json\/wp\/v2\/posts\/45155\/revisions"}],"wp:featuredmedia":[{"embeddable":true,"href":"https:\/\/eldigitaldeasturias.com\/magazine365\/wp-json\/wp\/v2\/media\/44646"}],"wp:attachment":[{"href":"https:\/\/eldigitaldeasturias.com\/magazine365\/wp-json\/wp\/v2\/media?parent=45155"}],"wp:term":[{"taxonomy":"category","embeddable":true,"href":"https:\/\/eldigitaldeasturias.com\/magazine365\/wp-json\/wp\/v2\/categories?post=45155"},{"taxonomy":"post_tag","embeddable":true,"href":"https:\/\/eldigitaldeasturias.com\/magazine365\/wp-json\/wp\/v2\/tags?post=45155"}],"curies":[{"name":"wp","href":"https:\/\/api.w.org\/{rel}","templated":true}]}}