{"id":45072,"date":"2015-08-06T10:34:50","date_gmt":"2015-08-06T08:34:50","guid":{"rendered":"http:\/\/eldigitaldeasturias.com\/magazine365\/?p=45072"},"modified":"2015-08-06T10:34:50","modified_gmt":"2015-08-06T08:34:50","slug":"el-corte-ingles-del-centro-de-malaga-abre-un-espacio-gastronomico-en-su-terraza","status":"publish","type":"post","link":"https:\/\/eldigitaldeasturias.com\/magazine365\/el-corte-ingles-del-centro-de-malaga-abre-un-espacio-gastronomico-en-su-terraza\/","title":{"rendered":"El Corte Ingl\u00e9s del centro de M\u00e1laga abre un espacio gastron\u00f3mico en su terraza"},"content":{"rendered":"<p><img fetchpriority=\"high\" decoding=\"async\" class=\"alignleft size-medium wp-image-45073\" src=\"https:\/\/eldigitaldeasturias.com\/magazine365\/wp-content\/uploads\/2015\/08\/fotonoticia_20150805165051_800-360x240.jpg\" alt=\"fotonoticia_20150805165051_800\" width=\"360\" height=\"240\" srcset=\"https:\/\/eldigitaldeasturias.com\/magazine365\/wp-content\/uploads\/2015\/08\/fotonoticia_20150805165051_800-360x240.jpg 360w, https:\/\/eldigitaldeasturias.com\/magazine365\/wp-content\/uploads\/2015\/08\/fotonoticia_20150805165051_800-650x433.jpg 650w, https:\/\/eldigitaldeasturias.com\/magazine365\/wp-content\/uploads\/2015\/08\/fotonoticia_20150805165051_800-768x512.jpg 768w, https:\/\/eldigitaldeasturias.com\/magazine365\/wp-content\/uploads\/2015\/08\/fotonoticia_20150805165051_800-150x100.jpg 150w, https:\/\/eldigitaldeasturias.com\/magazine365\/wp-content\/uploads\/2015\/08\/fotonoticia_20150805165051_800-450x300.jpg 450w, https:\/\/eldigitaldeasturias.com\/magazine365\/wp-content\/uploads\/2015\/08\/fotonoticia_20150805165051_800-696x464.jpg 696w, https:\/\/eldigitaldeasturias.com\/magazine365\/wp-content\/uploads\/2015\/08\/fotonoticia_20150805165051_800-630x420.jpg 630w, https:\/\/eldigitaldeasturias.com\/magazine365\/wp-content\/uploads\/2015\/08\/fotonoticia_20150805165051_800-84x55.jpg 84w, https:\/\/eldigitaldeasturias.com\/magazine365\/wp-content\/uploads\/2015\/08\/fotonoticia_20150805165051_800.jpg 800w\" sizes=\"(max-width: 360px) 100vw, 360px\" \/>El Corte Ingl\u00e9s del centro de la capital, situado en la avenida de Andaluc\u00eda, abre un espacio gastron\u00f3mico con 10 firmas que combina la degustaci\u00f3n con la venta de productos gourmet. Un nuevo concepto que se ubica en la sexta planta y en cuya terraza panor\u00e1mica se puede disfrutar de grandes vistas de M\u00e1laga.<\/p>\n<p>El Gourmet Experience M\u00e1laga, como se denomina, abrir\u00e1 362 d\u00edas al a\u00f1o. De lunes a jueves abrir\u00e1 de 10.00 a 00.00 horas, los domingos y festivos de 12.00 a 00.00 horas y los viernes y s\u00e1bados de 10.00 a las 02.00 de la madrugada. Este mes de agosto se mantendr\u00e1 este \u00faltimo horario todos los d\u00edas.<\/p>\n<p>Este espacio permitir\u00e1 disfrutar de diversos tipos de cocina en un mismo lugar, al tiempo que el cliente puede observar como se elaboran los platos. La zona se ha concebido como un gran teatro con un escenario principal \u00abdonde el protagonista es el cliente\u00bb.<\/p>\n<p>La Divisi\u00f3n Empresas de El Corte Ingl\u00e9s ha aprovechado su experiencia, obtenida en anteriores formatos, para realizar el dise\u00f1o de la mayor parte del denominado &#8216;Gourmet Experience&#8217;, encarg\u00e1ndose personalmente de la decoraci\u00f3n de Mister Lee, Hamburguesa Nostra, La Calaca y Mamma Mia, lo que ha procurado una continuidad al conjunto, que con sus m\u00e1s de 2.000 metros cuadrados se ha convertido en el mayor espacio gastron\u00f3mico de M\u00e1laga.<\/p>\n<p>El de M\u00e1laga es el s\u00e9ptimo espacio de estas caracter\u00edsticas que abre el grupo tras Castellana, Goya, Callao y Ayala en Madrid; Alicante y Sevilla. En \u00e9l, se re\u00fanen firmas centradas en sabores asi\u00e1ticos como Mister Lee del grupo Caf\u00e9 Saig\u00f3n que propone cocina asi\u00e1tica de alta calidad para tomar en el momento.<\/p>\n<p>DIFERENTES OPCIONES GASTRON\u00d3MICAS<\/p>\n<p>Tambi\u00e9n se pueden degustar los platos t\u00edpicos de la gastronom\u00eda mexicana con el toque de Isla Calaca o la cocina italiana en Mamma M\u00eda. La cocina espa\u00f1ola estar\u00e1 representada en el Mesoncito, fiel reflejo de los asados al estilo Mes\u00f3n de C\u00e1ndido de Segovia. El concepto innovador del Txoco mostrar\u00e1 una cocina de producto adornado con varios platos de cocineros Estrella Michel\u00edn espa\u00f1oles. Los aficionados a la carne tambi\u00e9n tienen una cita en Hamburguesa Nostra.<\/p>\n<p>El &#8216;Gourmet Experience M\u00e1laga&#8217; tambi\u00e9n cuenta con los sabores m\u00e1s dulces con helados naturales, dulces y postres artesanales de Louise, ense\u00f1a de la alta reposter\u00eda francesa, combinados con un buen espresso italiano. En la terraza panor\u00e1mica, la Terraza Lob mostrar\u00e1 una amplia carta de cocteler\u00eda y copas.<\/p>\n<p>Se trata, por tanto, de un gran espacio para el deleite gastron\u00f3mico, que incluye tambi\u00e9n una amplia zona com\u00fan con mesas donde se pueden degustar las especialidades de cada establecimiento. La bodega, con excelentes vinos nacionales e internacionales y una selecci\u00f3n de productos gourmet se podr\u00e1n consumir en el GastroBar del Club del Gourmet. Destaca como gran innovaci\u00f3n una magn\u00edfica cava de quesos.<\/p>\n<p>El Gourmet Experience M\u00e1laga ser\u00e1 el primero que cuente con un reservado exclusivo, que funcionar\u00e1 con reserva previa, donde se podr\u00e1n degustar todas las especialidades de los diversos operadores con un servicio personalizado.<\/p>\n<p>Como aspecto diferenciador, tambi\u00e9n la ludoteca Happy Sport abrir\u00e1 sus puertas. M\u00e1s de 100 metros para los m\u00e1s peque\u00f1os. Est\u00e1n especializados en entretenimiento basado en idiomas y deportes y tambi\u00e9n se impartir\u00e1n cursos de cocina para los ni\u00f1os.<\/p>\n","protected":false},"excerpt":{"rendered":"<p>El Corte Ingl\u00e9s del centro de la capital, situado en la avenida de Andaluc\u00eda, abre un espacio gastron\u00f3mico con 10 firmas que combina la degustaci\u00f3n con la venta de productos gourmet. Un nuevo concepto que se ubica en la sexta planta y en cuya terraza panor\u00e1mica se puede disfrutar de grandes vistas de M\u00e1laga. El<\/p>\n","protected":false},"author":1,"featured_media":45073,"comment_status":"open","ping_status":"closed","sticky":false,"template":"","format":"standard","meta":{"footnotes":""},"categories":[224],"tags":[],"class_list":{"0":"post-45072","1":"post","2":"type-post","3":"status-publish","4":"format-standard","5":"has-post-thumbnail","7":"category-noticias-actualidad"},"aioseo_notices":[],"aioseo_head":"\n\t\t<!-- All in One SEO Pro 4.9.6.1 - aioseo.com -->\n\t<meta name=\"description\" content=\"El Corte Ingl\u00e9s del centro de la capital, situado en la avenida de Andaluc\u00eda, abre un espacio gastron\u00f3mico con 10 firmas que combina la degustaci\u00f3n con la venta de productos gourmet. Un nuevo concepto que se ubica en la sexta planta y en cuya terraza panor\u00e1mica se puede disfrutar de grandes vistas de M\u00e1laga. El\" \/>\n\t<meta name=\"robots\" content=\"max-image-preview:large\" \/>\n\t<meta name=\"author\" content=\"admin\"\/>\n\t<meta name=\"google-site-verification\" content=\"UA-38556648-1\" \/>\n\t<meta name=\"keywords\" content=\"noticias y actualidad\" \/>\n\t<link rel=\"canonical\" href=\"https:\/\/eldigitaldeasturias.com\/magazine365\/el-corte-ingles-del-centro-de-malaga-abre-un-espacio-gastronomico-en-su-terraza\/\" \/>\n\t<meta name=\"generator\" content=\"All in One SEO Pro (AIOSEO) 4.9.6.1\" \/>\n\t\t<meta property=\"og:locale\" content=\"es_ES\" \/>\n\t\t<meta property=\"og:site_name\" content=\"El Digital de Asturias \u2013 Revista de ocio, turismo y estilo de vida\" \/>\n\t\t<meta property=\"og:type\" content=\"article\" \/>\n\t\t<meta property=\"og:title\" content=\"El Corte Ingl\u00e9s del centro de M\u00e1laga abre un espacio gastron\u00f3mico en su terraza | El Digital de Asturias\" \/>\n\t\t<meta property=\"og:description\" content=\"El Corte Ingl\u00e9s del centro de la capital, situado en la avenida de Andaluc\u00eda, abre un espacio gastron\u00f3mico con 10 firmas que combina la degustaci\u00f3n con la venta de productos gourmet. Un nuevo concepto que se ubica en la sexta planta y en cuya terraza panor\u00e1mica se puede disfrutar de grandes vistas de M\u00e1laga. El\" \/>\n\t\t<meta property=\"og:url\" content=\"https:\/\/eldigitaldeasturias.com\/magazine365\/el-corte-ingles-del-centro-de-malaga-abre-un-espacio-gastronomico-en-su-terraza\/\" \/>\n\t\t<meta property=\"og:image\" content=\"https:\/\/eldigitaldeasturias.com\/magazine365\/wp-content\/uploads\/2015\/08\/fotonoticia_20150805165051_800.jpg\" \/>\n\t\t<meta property=\"og:image:secure_url\" content=\"https:\/\/eldigitaldeasturias.com\/magazine365\/wp-content\/uploads\/2015\/08\/fotonoticia_20150805165051_800.jpg\" \/>\n\t\t<meta property=\"og:image:width\" content=\"800\" \/>\n\t\t<meta property=\"og:image:height\" content=\"533\" \/>\n\t\t<meta property=\"article:published_time\" content=\"2015-08-06T08:34:50+00:00\" \/>\n\t\t<meta property=\"article:modified_time\" content=\"2015-08-06T08:34:50+00:00\" \/>\n\t\t<meta name=\"twitter:card\" content=\"summary_large_image\" \/>\n\t\t<meta name=\"twitter:title\" content=\"El Corte Ingl\u00e9s del centro de M\u00e1laga abre un espacio gastron\u00f3mico en su terraza | El Digital de Asturias\" \/>\n\t\t<meta name=\"twitter:description\" content=\"El Corte Ingl\u00e9s del centro de la capital, situado en la avenida de Andaluc\u00eda, abre un espacio gastron\u00f3mico con 10 firmas que combina la degustaci\u00f3n con la venta de productos gourmet. Un nuevo concepto que se ubica en la sexta planta y en cuya terraza panor\u00e1mica se puede disfrutar de grandes vistas de M\u00e1laga. El\" \/>\n\t\t<meta name=\"twitter:image\" content=\"https:\/\/eldigitaldeasturias.com\/magazine365\/wp-content\/uploads\/2015\/08\/fotonoticia_20150805165051_800.jpg\" \/>\n\t\t<script type=\"application\/ld+json\" class=\"aioseo-schema\">\n\t\t\t{\"@context\":\"https:\\\/\\\/schema.org\",\"@graph\":[{\"@type\":\"Article\",\"@id\":\"https:\\\/\\\/eldigitaldeasturias.com\\\/magazine365\\\/el-corte-ingles-del-centro-de-malaga-abre-un-espacio-gastronomico-en-su-terraza\\\/#article\",\"name\":\"El Corte Ingl\\u00e9s del centro de M\\u00e1laga abre un espacio gastron\\u00f3mico en su terraza | El Digital de Asturias\",\"headline\":\"El Corte Ingl\\u00e9s del centro de M\\u00e1laga abre un espacio gastron\\u00f3mico en su terraza\",\"author\":{\"@id\":\"https:\\\/\\\/eldigitaldeasturias.com\\\/magazine365\\\/author\\\/admin\\\/#author\"},\"publisher\":{\"@id\":\"https:\\\/\\\/eldigitaldeasturias.com\\\/magazine365\\\/#organization\"},\"image\":{\"@type\":\"ImageObject\",\"url\":\"https:\\\/\\\/eldigitaldeasturias.com\\\/magazine365\\\/wp-content\\\/uploads\\\/2015\\\/08\\\/fotonoticia_20150805165051_800.jpg\",\"width\":800,\"height\":533},\"datePublished\":\"2015-08-06T10:34:50+02:00\",\"dateModified\":\"2015-08-06T10:34:50+02:00\",\"inLanguage\":\"es-ES\",\"mainEntityOfPage\":{\"@id\":\"https:\\\/\\\/eldigitaldeasturias.com\\\/magazine365\\\/el-corte-ingles-del-centro-de-malaga-abre-un-espacio-gastronomico-en-su-terraza\\\/#webpage\"},\"isPartOf\":{\"@id\":\"https:\\\/\\\/eldigitaldeasturias.com\\\/magazine365\\\/el-corte-ingles-del-centro-de-malaga-abre-un-espacio-gastronomico-en-su-terraza\\\/#webpage\"},\"articleSection\":\"Noticias y Actualidad\"},{\"@type\":\"BreadcrumbList\",\"@id\":\"https:\\\/\\\/eldigitaldeasturias.com\\\/magazine365\\\/el-corte-ingles-del-centro-de-malaga-abre-un-espacio-gastronomico-en-su-terraza\\\/#breadcrumblist\",\"itemListElement\":[{\"@type\":\"ListItem\",\"@id\":\"https:\\\/\\\/eldigitaldeasturias.com\\\/magazine365#listItem\",\"position\":1,\"name\":\"Home\",\"item\":\"https:\\\/\\\/eldigitaldeasturias.com\\\/magazine365\",\"nextItem\":{\"@type\":\"ListItem\",\"@id\":\"https:\\\/\\\/eldigitaldeasturias.com\\\/magazine365\\\/category\\\/noticias-actualidad\\\/#listItem\",\"name\":\"Noticias y Actualidad\"}},{\"@type\":\"ListItem\",\"@id\":\"https:\\\/\\\/eldigitaldeasturias.com\\\/magazine365\\\/category\\\/noticias-actualidad\\\/#listItem\",\"position\":2,\"name\":\"Noticias y Actualidad\",\"item\":\"https:\\\/\\\/eldigitaldeasturias.com\\\/magazine365\\\/category\\\/noticias-actualidad\\\/\",\"nextItem\":{\"@type\":\"ListItem\",\"@id\":\"https:\\\/\\\/eldigitaldeasturias.com\\\/magazine365\\\/el-corte-ingles-del-centro-de-malaga-abre-un-espacio-gastronomico-en-su-terraza\\\/#listItem\",\"name\":\"El Corte Ingl\\u00e9s del centro de M\\u00e1laga abre un espacio gastron\\u00f3mico en su terraza\"},\"previousItem\":{\"@type\":\"ListItem\",\"@id\":\"https:\\\/\\\/eldigitaldeasturias.com\\\/magazine365#listItem\",\"name\":\"Home\"}},{\"@type\":\"ListItem\",\"@id\":\"https:\\\/\\\/eldigitaldeasturias.com\\\/magazine365\\\/el-corte-ingles-del-centro-de-malaga-abre-un-espacio-gastronomico-en-su-terraza\\\/#listItem\",\"position\":3,\"name\":\"El Corte Ingl\\u00e9s del centro de M\\u00e1laga abre un espacio gastron\\u00f3mico en su terraza\",\"previousItem\":{\"@type\":\"ListItem\",\"@id\":\"https:\\\/\\\/eldigitaldeasturias.com\\\/magazine365\\\/category\\\/noticias-actualidad\\\/#listItem\",\"name\":\"Noticias y Actualidad\"}}]},{\"@type\":\"Organization\",\"@id\":\"https:\\\/\\\/eldigitaldeasturias.com\\\/magazine365\\\/#organization\",\"name\":\"El digital de Asturias\",\"description\":\"Revista de ocio, turismo y estilo de vida\",\"url\":\"https:\\\/\\\/eldigitaldeasturias.com\\\/magazine365\\\/\",\"logo\":{\"@type\":\"ImageObject\",\"url\":\"https:\\\/\\\/www.eldigitaldeasturias.com\\\/noticias\\\/wp-content\\\/uploads\\\/2020\\\/12\\\/EDA.jpg\",\"@id\":\"https:\\\/\\\/eldigitaldeasturias.com\\\/magazine365\\\/el-corte-ingles-del-centro-de-malaga-abre-un-espacio-gastronomico-en-su-terraza\\\/#organizationLogo\"},\"image\":{\"@id\":\"https:\\\/\\\/eldigitaldeasturias.com\\\/magazine365\\\/el-corte-ingles-del-centro-de-malaga-abre-un-espacio-gastronomico-en-su-terraza\\\/#organizationLogo\"}},{\"@type\":\"Person\",\"@id\":\"https:\\\/\\\/eldigitaldeasturias.com\\\/magazine365\\\/author\\\/admin\\\/#author\",\"url\":\"https:\\\/\\\/eldigitaldeasturias.com\\\/magazine365\\\/author\\\/admin\\\/\",\"name\":\"admin\",\"image\":{\"@type\":\"ImageObject\",\"@id\":\"https:\\\/\\\/eldigitaldeasturias.com\\\/magazine365\\\/el-corte-ingles-del-centro-de-malaga-abre-un-espacio-gastronomico-en-su-terraza\\\/#authorImage\",\"url\":\"https:\\\/\\\/eldigitaldeasturias.com\\\/magazine365\\\/wp-content\\\/litespeed\\\/avatar\\\/e571bcf59a0edd6fa6838245a470f2fe.jpg?ver=1777574230\",\"width\":96,\"height\":96,\"caption\":\"admin\"}},{\"@type\":\"WebPage\",\"@id\":\"https:\\\/\\\/eldigitaldeasturias.com\\\/magazine365\\\/el-corte-ingles-del-centro-de-malaga-abre-un-espacio-gastronomico-en-su-terraza\\\/#webpage\",\"url\":\"https:\\\/\\\/eldigitaldeasturias.com\\\/magazine365\\\/el-corte-ingles-del-centro-de-malaga-abre-un-espacio-gastronomico-en-su-terraza\\\/\",\"name\":\"El Corte Ingl\\u00e9s del centro de M\\u00e1laga abre un espacio gastron\\u00f3mico en su terraza | El Digital de Asturias\",\"description\":\"El Corte Ingl\\u00e9s del centro de la capital, situado en la avenida de Andaluc\\u00eda, abre un espacio gastron\\u00f3mico con 10 firmas que combina la degustaci\\u00f3n con la venta de productos gourmet. Un nuevo concepto que se ubica en la sexta planta y en cuya terraza panor\\u00e1mica se puede disfrutar de grandes vistas de M\\u00e1laga. El\",\"inLanguage\":\"es-ES\",\"isPartOf\":{\"@id\":\"https:\\\/\\\/eldigitaldeasturias.com\\\/magazine365\\\/#website\"},\"breadcrumb\":{\"@id\":\"https:\\\/\\\/eldigitaldeasturias.com\\\/magazine365\\\/el-corte-ingles-del-centro-de-malaga-abre-un-espacio-gastronomico-en-su-terraza\\\/#breadcrumblist\"},\"author\":{\"@id\":\"https:\\\/\\\/eldigitaldeasturias.com\\\/magazine365\\\/author\\\/admin\\\/#author\"},\"creator\":{\"@id\":\"https:\\\/\\\/eldigitaldeasturias.com\\\/magazine365\\\/author\\\/admin\\\/#author\"},\"image\":{\"@type\":\"ImageObject\",\"url\":\"https:\\\/\\\/eldigitaldeasturias.com\\\/magazine365\\\/wp-content\\\/uploads\\\/2015\\\/08\\\/fotonoticia_20150805165051_800.jpg\",\"@id\":\"https:\\\/\\\/eldigitaldeasturias.com\\\/magazine365\\\/el-corte-ingles-del-centro-de-malaga-abre-un-espacio-gastronomico-en-su-terraza\\\/#mainImage\",\"width\":800,\"height\":533},\"primaryImageOfPage\":{\"@id\":\"https:\\\/\\\/eldigitaldeasturias.com\\\/magazine365\\\/el-corte-ingles-del-centro-de-malaga-abre-un-espacio-gastronomico-en-su-terraza\\\/#mainImage\"},\"datePublished\":\"2015-08-06T10:34:50+02:00\",\"dateModified\":\"2015-08-06T10:34:50+02:00\"},{\"@type\":\"WebSite\",\"@id\":\"https:\\\/\\\/eldigitaldeasturias.com\\\/magazine365\\\/#website\",\"url\":\"https:\\\/\\\/eldigitaldeasturias.com\\\/magazine365\\\/\",\"name\":\"El Digital de Asturias\",\"description\":\"Revista de ocio, turismo y estilo de vida\",\"inLanguage\":\"es-ES\",\"publisher\":{\"@id\":\"https:\\\/\\\/eldigitaldeasturias.com\\\/magazine365\\\/#organization\"}}]}\n\t\t<\/script>\n\t\t<!-- All in One SEO Pro -->\r\n\t\t<title>El Corte Ingl\u00e9s del centro de M\u00e1laga abre un espacio gastron\u00f3mico en su terraza | El Digital de Asturias<\/title>\n\n","aioseo_head_json":{"title":"El Corte Ingl\u00e9s del centro de M\u00e1laga abre un espacio gastron\u00f3mico en su terraza | El Digital de Asturias","description":"El Corte Ingl\u00e9s del centro de la capital, situado en la avenida de Andaluc\u00eda, abre un espacio gastron\u00f3mico con 10 firmas que combina la degustaci\u00f3n con la venta de productos gourmet. Un nuevo concepto que se ubica en la sexta planta y en cuya terraza panor\u00e1mica se puede disfrutar de grandes vistas de M\u00e1laga. El","canonical_url":"https:\/\/eldigitaldeasturias.com\/magazine365\/el-corte-ingles-del-centro-de-malaga-abre-un-espacio-gastronomico-en-su-terraza\/","robots":"max-image-preview:large","keywords":"noticias y actualidad","webmasterTools":{"google-site-verification":"UA-38556648-1","miscellaneous":""},"schema":{"@context":"https:\/\/schema.org","@graph":[{"@type":"Article","@id":"https:\/\/eldigitaldeasturias.com\/magazine365\/el-corte-ingles-del-centro-de-malaga-abre-un-espacio-gastronomico-en-su-terraza\/#article","name":"El Corte Ingl\u00e9s del centro de M\u00e1laga abre un espacio gastron\u00f3mico en su terraza | El Digital de Asturias","headline":"El Corte Ingl\u00e9s del centro de M\u00e1laga abre un espacio gastron\u00f3mico en su terraza","author":{"@id":"https:\/\/eldigitaldeasturias.com\/magazine365\/author\/admin\/#author"},"publisher":{"@id":"https:\/\/eldigitaldeasturias.com\/magazine365\/#organization"},"image":{"@type":"ImageObject","url":"https:\/\/eldigitaldeasturias.com\/magazine365\/wp-content\/uploads\/2015\/08\/fotonoticia_20150805165051_800.jpg","width":800,"height":533},"datePublished":"2015-08-06T10:34:50+02:00","dateModified":"2015-08-06T10:34:50+02:00","inLanguage":"es-ES","mainEntityOfPage":{"@id":"https:\/\/eldigitaldeasturias.com\/magazine365\/el-corte-ingles-del-centro-de-malaga-abre-un-espacio-gastronomico-en-su-terraza\/#webpage"},"isPartOf":{"@id":"https:\/\/eldigitaldeasturias.com\/magazine365\/el-corte-ingles-del-centro-de-malaga-abre-un-espacio-gastronomico-en-su-terraza\/#webpage"},"articleSection":"Noticias y Actualidad"},{"@type":"BreadcrumbList","@id":"https:\/\/eldigitaldeasturias.com\/magazine365\/el-corte-ingles-del-centro-de-malaga-abre-un-espacio-gastronomico-en-su-terraza\/#breadcrumblist","itemListElement":[{"@type":"ListItem","@id":"https:\/\/eldigitaldeasturias.com\/magazine365#listItem","position":1,"name":"Home","item":"https:\/\/eldigitaldeasturias.com\/magazine365","nextItem":{"@type":"ListItem","@id":"https:\/\/eldigitaldeasturias.com\/magazine365\/category\/noticias-actualidad\/#listItem","name":"Noticias y Actualidad"}},{"@type":"ListItem","@id":"https:\/\/eldigitaldeasturias.com\/magazine365\/category\/noticias-actualidad\/#listItem","position":2,"name":"Noticias y Actualidad","item":"https:\/\/eldigitaldeasturias.com\/magazine365\/category\/noticias-actualidad\/","nextItem":{"@type":"ListItem","@id":"https:\/\/eldigitaldeasturias.com\/magazine365\/el-corte-ingles-del-centro-de-malaga-abre-un-espacio-gastronomico-en-su-terraza\/#listItem","name":"El Corte Ingl\u00e9s del centro de M\u00e1laga abre un espacio gastron\u00f3mico en su terraza"},"previousItem":{"@type":"ListItem","@id":"https:\/\/eldigitaldeasturias.com\/magazine365#listItem","name":"Home"}},{"@type":"ListItem","@id":"https:\/\/eldigitaldeasturias.com\/magazine365\/el-corte-ingles-del-centro-de-malaga-abre-un-espacio-gastronomico-en-su-terraza\/#listItem","position":3,"name":"El Corte Ingl\u00e9s del centro de M\u00e1laga abre un espacio gastron\u00f3mico en su terraza","previousItem":{"@type":"ListItem","@id":"https:\/\/eldigitaldeasturias.com\/magazine365\/category\/noticias-actualidad\/#listItem","name":"Noticias y Actualidad"}}]},{"@type":"Organization","@id":"https:\/\/eldigitaldeasturias.com\/magazine365\/#organization","name":"El digital de Asturias","description":"Revista de ocio, turismo y estilo de vida","url":"https:\/\/eldigitaldeasturias.com\/magazine365\/","logo":{"@type":"ImageObject","url":"https:\/\/www.eldigitaldeasturias.com\/noticias\/wp-content\/uploads\/2020\/12\/EDA.jpg","@id":"https:\/\/eldigitaldeasturias.com\/magazine365\/el-corte-ingles-del-centro-de-malaga-abre-un-espacio-gastronomico-en-su-terraza\/#organizationLogo"},"image":{"@id":"https:\/\/eldigitaldeasturias.com\/magazine365\/el-corte-ingles-del-centro-de-malaga-abre-un-espacio-gastronomico-en-su-terraza\/#organizationLogo"}},{"@type":"Person","@id":"https:\/\/eldigitaldeasturias.com\/magazine365\/author\/admin\/#author","url":"https:\/\/eldigitaldeasturias.com\/magazine365\/author\/admin\/","name":"admin","image":{"@type":"ImageObject","@id":"https:\/\/eldigitaldeasturias.com\/magazine365\/el-corte-ingles-del-centro-de-malaga-abre-un-espacio-gastronomico-en-su-terraza\/#authorImage","url":"https:\/\/eldigitaldeasturias.com\/magazine365\/wp-content\/litespeed\/avatar\/e571bcf59a0edd6fa6838245a470f2fe.jpg?ver=1777574230","width":96,"height":96,"caption":"admin"}},{"@type":"WebPage","@id":"https:\/\/eldigitaldeasturias.com\/magazine365\/el-corte-ingles-del-centro-de-malaga-abre-un-espacio-gastronomico-en-su-terraza\/#webpage","url":"https:\/\/eldigitaldeasturias.com\/magazine365\/el-corte-ingles-del-centro-de-malaga-abre-un-espacio-gastronomico-en-su-terraza\/","name":"El Corte Ingl\u00e9s del centro de M\u00e1laga abre un espacio gastron\u00f3mico en su terraza | El Digital de Asturias","description":"El Corte Ingl\u00e9s del centro de la capital, situado en la avenida de Andaluc\u00eda, abre un espacio gastron\u00f3mico con 10 firmas que combina la degustaci\u00f3n con la venta de productos gourmet. Un nuevo concepto que se ubica en la sexta planta y en cuya terraza panor\u00e1mica se puede disfrutar de grandes vistas de M\u00e1laga. El","inLanguage":"es-ES","isPartOf":{"@id":"https:\/\/eldigitaldeasturias.com\/magazine365\/#website"},"breadcrumb":{"@id":"https:\/\/eldigitaldeasturias.com\/magazine365\/el-corte-ingles-del-centro-de-malaga-abre-un-espacio-gastronomico-en-su-terraza\/#breadcrumblist"},"author":{"@id":"https:\/\/eldigitaldeasturias.com\/magazine365\/author\/admin\/#author"},"creator":{"@id":"https:\/\/eldigitaldeasturias.com\/magazine365\/author\/admin\/#author"},"image":{"@type":"ImageObject","url":"https:\/\/eldigitaldeasturias.com\/magazine365\/wp-content\/uploads\/2015\/08\/fotonoticia_20150805165051_800.jpg","@id":"https:\/\/eldigitaldeasturias.com\/magazine365\/el-corte-ingles-del-centro-de-malaga-abre-un-espacio-gastronomico-en-su-terraza\/#mainImage","width":800,"height":533},"primaryImageOfPage":{"@id":"https:\/\/eldigitaldeasturias.com\/magazine365\/el-corte-ingles-del-centro-de-malaga-abre-un-espacio-gastronomico-en-su-terraza\/#mainImage"},"datePublished":"2015-08-06T10:34:50+02:00","dateModified":"2015-08-06T10:34:50+02:00"},{"@type":"WebSite","@id":"https:\/\/eldigitaldeasturias.com\/magazine365\/#website","url":"https:\/\/eldigitaldeasturias.com\/magazine365\/","name":"El Digital de Asturias","description":"Revista de ocio, turismo y estilo de vida","inLanguage":"es-ES","publisher":{"@id":"https:\/\/eldigitaldeasturias.com\/magazine365\/#organization"}}]},"og:locale":"es_ES","og:site_name":"El Digital de Asturias \u2013 Revista de ocio, turismo y estilo de vida","og:type":"article","og:title":"El Corte Ingl\u00e9s del centro de M\u00e1laga abre un espacio gastron\u00f3mico en su terraza | El Digital de Asturias","og:description":"El Corte Ingl\u00e9s del centro de la capital, situado en la avenida de Andaluc\u00eda, abre un espacio gastron\u00f3mico con 10 firmas que combina la degustaci\u00f3n con la venta de productos gourmet. Un nuevo concepto que se ubica en la sexta planta y en cuya terraza panor\u00e1mica se puede disfrutar de grandes vistas de M\u00e1laga. El","og:url":"https:\/\/eldigitaldeasturias.com\/magazine365\/el-corte-ingles-del-centro-de-malaga-abre-un-espacio-gastronomico-en-su-terraza\/","og:image":"https:\/\/eldigitaldeasturias.com\/magazine365\/wp-content\/uploads\/2015\/08\/fotonoticia_20150805165051_800.jpg","og:image:secure_url":"https:\/\/eldigitaldeasturias.com\/magazine365\/wp-content\/uploads\/2015\/08\/fotonoticia_20150805165051_800.jpg","og:image:width":800,"og:image:height":533,"article:published_time":"2015-08-06T08:34:50+00:00","article:modified_time":"2015-08-06T08:34:50+00:00","twitter:card":"summary_large_image","twitter:title":"El Corte Ingl\u00e9s del centro de M\u00e1laga abre un espacio gastron\u00f3mico en su terraza | El Digital de Asturias","twitter:description":"El Corte Ingl\u00e9s del centro de la capital, situado en la avenida de Andaluc\u00eda, abre un espacio gastron\u00f3mico con 10 firmas que combina la degustaci\u00f3n con la venta de productos gourmet. Un nuevo concepto que se ubica en la sexta planta y en cuya terraza panor\u00e1mica se puede disfrutar de grandes vistas de M\u00e1laga. El","twitter:image":"https:\/\/eldigitaldeasturias.com\/magazine365\/wp-content\/uploads\/2015\/08\/fotonoticia_20150805165051_800.jpg"},"aioseo_meta_data":{"post_id":"45072","title":null,"description":null,"keywords":null,"keyphrases":null,"primary_term":null,"canonical_url":null,"og_title":null,"og_description":null,"og_object_type":"default","og_image_type":"default","og_image_url":null,"og_image_width":null,"og_image_height":null,"og_image_custom_url":null,"og_image_custom_fields":null,"og_video":null,"og_custom_url":null,"og_article_section":null,"og_article_tags":null,"twitter_use_og":false,"twitter_card":"default","twitter_image_type":"default","twitter_image_url":null,"twitter_image_custom_url":null,"twitter_image_custom_fields":null,"twitter_title":null,"twitter_description":null,"schema":{"blockGraphs":[],"customGraphs":[],"default":{"data":{"Article":[],"Course":[],"Dataset":[],"FAQPage":[],"Movie":[],"Person":[],"Product":[],"ProductReview":[],"Car":[],"Recipe":[],"Service":[],"SoftwareApplication":[],"WebPage":[]},"graphName":"","isEnabled":true},"graphs":[],"defaultGraph":"","defaultPostTypeGraph":""},"schema_type":null,"schema_type_options":null,"pillar_content":false,"robots_default":true,"robots_noindex":false,"robots_noarchive":false,"robots_nosnippet":false,"robots_nofollow":false,"robots_noimageindex":false,"robots_noodp":false,"robots_notranslate":false,"robots_max_snippet":null,"robots_max_videopreview":null,"robots_max_imagepreview":"large","priority":null,"frequency":null,"location":null,"local_seo":null,"seo_analyzer_scan_date":"2025-09-19 23:19:58","breadcrumb_settings":null,"limit_modified_date":false,"open_ai":null,"ai":null,"created":"2021-03-09 01:25:40","updated":"2025-09-19 23:19:58"},"aioseo_breadcrumb":"<div class=\"aioseo-breadcrumbs\"><span class=\"aioseo-breadcrumb\">\n\t<a href=\"https:\/\/eldigitaldeasturias.com\/magazine365\" title=\"Home\">Home<\/a>\n<\/span><span class=\"aioseo-breadcrumb-separator\">\u2013<\/span><span class=\"aioseo-breadcrumb\">\n\t<a href=\"https:\/\/eldigitaldeasturias.com\/magazine365\/category\/noticias-actualidad\/\" title=\"Noticias y Actualidad\">Noticias y Actualidad<\/a>\n<\/span><span class=\"aioseo-breadcrumb-separator\">\u2013<\/span><span class=\"aioseo-breadcrumb\">\n\t<a href=\"https:\/\/eldigitaldeasturias.com\/magazine365\/el-corte-ingles-del-centro-de-malaga-abre-un-espacio-gastronomico-en-su-terraza\/\" title=\"El Corte Ingl\u00e9s del centro de M\u00e1laga abre un espacio gastron\u00f3mico en su terraza\">El Corte Ingl\u00e9s del centro de M\u00e1laga abre un espacio gastron\u00f3mico en su terraza<\/a>\n<\/span><\/div>","aioseo_breadcrumb_json":[{"label":"Home","link":"https:\/\/eldigitaldeasturias.com\/magazine365"},{"label":"Noticias y Actualidad","link":"https:\/\/eldigitaldeasturias.com\/magazine365\/category\/noticias-actualidad\/"},{"label":"El Corte Ingl\u00e9s del centro de M\u00e1laga abre un espacio gastron\u00f3mico en su terraza","link":"https:\/\/eldigitaldeasturias.com\/magazine365\/el-corte-ingles-del-centro-de-malaga-abre-un-espacio-gastronomico-en-su-terraza\/"}],"_links":{"self":[{"href":"https:\/\/eldigitaldeasturias.com\/magazine365\/wp-json\/wp\/v2\/posts\/45072","targetHints":{"allow":["GET"]}}],"collection":[{"href":"https:\/\/eldigitaldeasturias.com\/magazine365\/wp-json\/wp\/v2\/posts"}],"about":[{"href":"https:\/\/eldigitaldeasturias.com\/magazine365\/wp-json\/wp\/v2\/types\/post"}],"author":[{"embeddable":true,"href":"https:\/\/eldigitaldeasturias.com\/magazine365\/wp-json\/wp\/v2\/users\/1"}],"replies":[{"embeddable":true,"href":"https:\/\/eldigitaldeasturias.com\/magazine365\/wp-json\/wp\/v2\/comments?post=45072"}],"version-history":[{"count":0,"href":"https:\/\/eldigitaldeasturias.com\/magazine365\/wp-json\/wp\/v2\/posts\/45072\/revisions"}],"wp:featuredmedia":[{"embeddable":true,"href":"https:\/\/eldigitaldeasturias.com\/magazine365\/wp-json\/wp\/v2\/media\/45073"}],"wp:attachment":[{"href":"https:\/\/eldigitaldeasturias.com\/magazine365\/wp-json\/wp\/v2\/media?parent=45072"}],"wp:term":[{"taxonomy":"category","embeddable":true,"href":"https:\/\/eldigitaldeasturias.com\/magazine365\/wp-json\/wp\/v2\/categories?post=45072"},{"taxonomy":"post_tag","embeddable":true,"href":"https:\/\/eldigitaldeasturias.com\/magazine365\/wp-json\/wp\/v2\/tags?post=45072"}],"curies":[{"name":"wp","href":"https:\/\/api.w.org\/{rel}","templated":true}]}}