{"id":45007,"date":"2015-08-05T22:33:23","date_gmt":"2015-08-05T20:33:23","guid":{"rendered":"http:\/\/eldigitaldeasturias.com\/magazine365\/?p=45007"},"modified":"2015-08-05T22:33:23","modified_gmt":"2015-08-05T20:33:23","slug":"las-lineas-aereas-piden-a-aena-que-asuma-la-propuesta-de-la-cnmc-y-renuncie-a-cobrar-unos-deficits-ficticios","status":"publish","type":"post","link":"https:\/\/eldigitaldeasturias.com\/magazine365\/las-lineas-aereas-piden-a-aena-que-asuma-la-propuesta-de-la-cnmc-y-renuncie-a-cobrar-unos-deficits-ficticios\/","title":{"rendered":"Las l\u00edneas a\u00e9reas piden a Aena que asuma la propuesta de la CNMC y \u00abrenuncie a cobrar unos d\u00e9ficits ficticios\u00bb"},"content":{"rendered":"<p><img fetchpriority=\"high\" decoding=\"async\" class=\"alignleft size-medium wp-image-45008\" src=\"https:\/\/eldigitaldeasturias.com\/magazine365\/wp-content\/uploads\/2015\/08\/fotonoticia_20150805132018_800-360x240.jpg\" alt=\"fotonoticia_20150805132018_800\" width=\"360\" height=\"240\" srcset=\"https:\/\/eldigitaldeasturias.com\/magazine365\/wp-content\/uploads\/2015\/08\/fotonoticia_20150805132018_800-360x240.jpg 360w, https:\/\/eldigitaldeasturias.com\/magazine365\/wp-content\/uploads\/2015\/08\/fotonoticia_20150805132018_800-650x433.jpg 650w, https:\/\/eldigitaldeasturias.com\/magazine365\/wp-content\/uploads\/2015\/08\/fotonoticia_20150805132018_800-768x512.jpg 768w, https:\/\/eldigitaldeasturias.com\/magazine365\/wp-content\/uploads\/2015\/08\/fotonoticia_20150805132018_800-150x100.jpg 150w, https:\/\/eldigitaldeasturias.com\/magazine365\/wp-content\/uploads\/2015\/08\/fotonoticia_20150805132018_800-450x300.jpg 450w, https:\/\/eldigitaldeasturias.com\/magazine365\/wp-content\/uploads\/2015\/08\/fotonoticia_20150805132018_800-696x464.jpg 696w, https:\/\/eldigitaldeasturias.com\/magazine365\/wp-content\/uploads\/2015\/08\/fotonoticia_20150805132018_800-630x420.jpg 630w, https:\/\/eldigitaldeasturias.com\/magazine365\/wp-content\/uploads\/2015\/08\/fotonoticia_20150805132018_800-84x55.jpg 84w, https:\/\/eldigitaldeasturias.com\/magazine365\/wp-content\/uploads\/2015\/08\/fotonoticia_20150805132018_800.jpg 800w\" sizes=\"(max-width: 360px) 100vw, 360px\" \/>La Asociaci\u00f3n de L\u00edneas A\u00e9reas (ALA), que agrupa a las compa\u00f1\u00edas operadoras, nacionales e internacionales, m\u00e1s representativas en el transporte a\u00e9reo espa\u00f1ol, asegur\u00f3 este mi\u00e9rcoles en un comunicado que el transporte a\u00e9reo espa\u00f1ol necesita que AENA asuma la propuesta de la CNMC y renuncie a cobrar \u00abunos d\u00e9ficits ficticios, estimados en tiempos de crisis\u00bb.<\/p>\n<p>La asociaci\u00f3n ha reiterado su perplejidad ante los recursos contencioso-administrativos presentados en su d\u00eda por AENA y su principal accionista TCI, contra el dictamen emitido por la Comisi\u00f3n Nacional de los Mercados y de la Competencia, en relaci\u00f3n con las tasas aeroportuarias aplicables durante el ejercicio 2016.<\/p>\n<p>En este sentido apunta que los recursos fueron rechazados por la Audiencia Nacional el pasado jueves.<\/p>\n<p>Despu\u00e9s del Proceso de Consulta entre AENA y las Asociaciones de Compa\u00f1\u00edas A\u00e9reas, en el que no fue posible el acuerdo, la CNMC, organismo regulador independiente, notific\u00f3 a AENA las modificaciones que deb\u00eda incorporar a su propuesta de tasas aeroportuarias para los Presupuestos Generales del Estado de 2016.<\/p>\n<p>La compa\u00f1\u00edas a\u00e9reas aseguran que queda probado que la CNMC y la Audiencia Nacional asumen que es el Parlamento espa\u00f1ol en el marco de sus atribuciones, qui\u00e9n decide en \u00faltima instancia los t\u00e9rminos de los Presupuestos Generales del Estado, por lo que \u00abser\u00eda preocupante que a trav\u00e9s de una enmienda se alterase la propuesta de dicha Comisi\u00f3n de reducir las tarifas aeroportuarias un 1,9% en 2016\u00bb.<\/p>\n<p>\u00abAfortunadamente la realidad es que hay m\u00e1s pasajeros, m\u00e1s operaciones de vuelo, m\u00e1s ingresos por servicios aeroportuarios, y que eso se traduce en que las estimaciones ahora son de super\u00e1vit, en lugar de d\u00e9ficit, que las proyecciones estimadas se han superado, y que esa realidad debe reflejarse en los Presupuestos Generales del Estado para repercutirlo a toda la cadena de valor del transporte a\u00e9reo y, como consecuencia, del turismo\u00bb, concluye la asociaci\u00f3n.<\/p>\n","protected":false},"excerpt":{"rendered":"<p>La Asociaci\u00f3n de L\u00edneas A\u00e9reas (ALA), que agrupa a las compa\u00f1\u00edas operadoras, nacionales e internacionales, m\u00e1s representativas en el transporte a\u00e9reo espa\u00f1ol, asegur\u00f3 este mi\u00e9rcoles en un comunicado que el transporte a\u00e9reo espa\u00f1ol necesita que AENA asuma la propuesta de la CNMC y renuncie a cobrar \u00abunos d\u00e9ficits ficticios, estimados en tiempos de crisis\u00bb. La<\/p>\n","protected":false},"author":1,"featured_media":45008,"comment_status":"open","ping_status":"closed","sticky":false,"template":"","format":"standard","meta":{"footnotes":""},"categories":[224],"tags":[],"class_list":{"0":"post-45007","1":"post","2":"type-post","3":"status-publish","4":"format-standard","5":"has-post-thumbnail","7":"category-noticias-actualidad"},"aioseo_notices":[],"aioseo_head":"\n\t\t<!-- All in One SEO Pro 4.9.6.1 - aioseo.com -->\n\t<meta name=\"description\" content=\"La Asociaci\u00f3n de L\u00edneas A\u00e9reas (ALA), que agrupa a las compa\u00f1\u00edas operadoras, nacionales e internacionales, m\u00e1s representativas en el transporte a\u00e9reo espa\u00f1ol, asegur\u00f3 este mi\u00e9rcoles en un comunicado que el transporte a\u00e9reo espa\u00f1ol necesita que AENA asuma la propuesta de la CNMC y renuncie a cobrar &quot;unos d\u00e9ficits ficticios, estimados en tiempos de crisis&quot;. La\" \/>\n\t<meta name=\"robots\" content=\"max-image-preview:large\" \/>\n\t<meta name=\"author\" content=\"admin\"\/>\n\t<meta name=\"google-site-verification\" content=\"UA-38556648-1\" \/>\n\t<meta name=\"keywords\" content=\"noticias y actualidad\" \/>\n\t<link rel=\"canonical\" href=\"https:\/\/eldigitaldeasturias.com\/magazine365\/las-lineas-aereas-piden-a-aena-que-asuma-la-propuesta-de-la-cnmc-y-renuncie-a-cobrar-unos-deficits-ficticios\/\" \/>\n\t<meta name=\"generator\" content=\"All in One SEO Pro (AIOSEO) 4.9.6.1\" \/>\n\t\t<meta property=\"og:locale\" content=\"es_ES\" \/>\n\t\t<meta property=\"og:site_name\" content=\"El Digital de Asturias \u2013 Revista de ocio, turismo y estilo de vida\" \/>\n\t\t<meta property=\"og:type\" content=\"article\" \/>\n\t\t<meta property=\"og:title\" content=\"Las l\u00edneas a\u00e9reas piden a Aena que asuma la propuesta de la CNMC y \u00abrenuncie a cobrar unos d\u00e9ficits ficticios\u00bb | El Digital de Asturias\" \/>\n\t\t<meta property=\"og:description\" content=\"La Asociaci\u00f3n de L\u00edneas A\u00e9reas (ALA), que agrupa a las compa\u00f1\u00edas operadoras, nacionales e internacionales, m\u00e1s representativas en el transporte a\u00e9reo espa\u00f1ol, asegur\u00f3 este mi\u00e9rcoles en un comunicado que el transporte a\u00e9reo espa\u00f1ol necesita que AENA asuma la propuesta de la CNMC y renuncie a cobrar &quot;unos d\u00e9ficits ficticios, estimados en tiempos de crisis&quot;. La\" \/>\n\t\t<meta property=\"og:url\" content=\"https:\/\/eldigitaldeasturias.com\/magazine365\/las-lineas-aereas-piden-a-aena-que-asuma-la-propuesta-de-la-cnmc-y-renuncie-a-cobrar-unos-deficits-ficticios\/\" \/>\n\t\t<meta property=\"og:image\" content=\"https:\/\/eldigitaldeasturias.com\/magazine365\/wp-content\/uploads\/2015\/08\/fotonoticia_20150805132018_800.jpg\" \/>\n\t\t<meta property=\"og:image:secure_url\" content=\"https:\/\/eldigitaldeasturias.com\/magazine365\/wp-content\/uploads\/2015\/08\/fotonoticia_20150805132018_800.jpg\" \/>\n\t\t<meta property=\"og:image:width\" content=\"800\" \/>\n\t\t<meta property=\"og:image:height\" content=\"533\" \/>\n\t\t<meta property=\"article:published_time\" content=\"2015-08-05T20:33:23+00:00\" \/>\n\t\t<meta property=\"article:modified_time\" content=\"2015-08-05T20:33:23+00:00\" \/>\n\t\t<meta name=\"twitter:card\" content=\"summary_large_image\" \/>\n\t\t<meta name=\"twitter:title\" content=\"Las l\u00edneas a\u00e9reas piden a Aena que asuma la propuesta de la CNMC y \u00abrenuncie a cobrar unos d\u00e9ficits ficticios\u00bb | El Digital de Asturias\" \/>\n\t\t<meta name=\"twitter:description\" content=\"La Asociaci\u00f3n de L\u00edneas A\u00e9reas (ALA), que agrupa a las compa\u00f1\u00edas operadoras, nacionales e internacionales, m\u00e1s representativas en el transporte a\u00e9reo espa\u00f1ol, asegur\u00f3 este mi\u00e9rcoles en un comunicado que el transporte a\u00e9reo espa\u00f1ol necesita que AENA asuma la propuesta de la CNMC y renuncie a cobrar &quot;unos d\u00e9ficits ficticios, estimados en tiempos de crisis&quot;. La\" \/>\n\t\t<meta name=\"twitter:image\" content=\"https:\/\/eldigitaldeasturias.com\/magazine365\/wp-content\/uploads\/2015\/08\/fotonoticia_20150805132018_800.jpg\" \/>\n\t\t<script type=\"application\/ld+json\" class=\"aioseo-schema\">\n\t\t\t{\"@context\":\"https:\\\/\\\/schema.org\",\"@graph\":[{\"@type\":\"Article\",\"@id\":\"https:\\\/\\\/eldigitaldeasturias.com\\\/magazine365\\\/las-lineas-aereas-piden-a-aena-que-asuma-la-propuesta-de-la-cnmc-y-renuncie-a-cobrar-unos-deficits-ficticios\\\/#article\",\"name\":\"Las l\\u00edneas a\\u00e9reas piden a Aena que asuma la propuesta de la CNMC y \\u00abrenuncie a cobrar unos d\\u00e9ficits ficticios\\u00bb | El Digital de Asturias\",\"headline\":\"Las l\\u00edneas a\\u00e9reas piden a Aena que asuma la propuesta de la CNMC y \\u00abrenuncie a cobrar unos d\\u00e9ficits ficticios\\u00bb\",\"author\":{\"@id\":\"https:\\\/\\\/eldigitaldeasturias.com\\\/magazine365\\\/author\\\/admin\\\/#author\"},\"publisher\":{\"@id\":\"https:\\\/\\\/eldigitaldeasturias.com\\\/magazine365\\\/#organization\"},\"image\":{\"@type\":\"ImageObject\",\"url\":\"https:\\\/\\\/eldigitaldeasturias.com\\\/magazine365\\\/wp-content\\\/uploads\\\/2015\\\/08\\\/fotonoticia_20150805132018_800.jpg\",\"width\":800,\"height\":533},\"datePublished\":\"2015-08-05T22:33:23+02:00\",\"dateModified\":\"2015-08-05T22:33:23+02:00\",\"inLanguage\":\"es-ES\",\"mainEntityOfPage\":{\"@id\":\"https:\\\/\\\/eldigitaldeasturias.com\\\/magazine365\\\/las-lineas-aereas-piden-a-aena-que-asuma-la-propuesta-de-la-cnmc-y-renuncie-a-cobrar-unos-deficits-ficticios\\\/#webpage\"},\"isPartOf\":{\"@id\":\"https:\\\/\\\/eldigitaldeasturias.com\\\/magazine365\\\/las-lineas-aereas-piden-a-aena-que-asuma-la-propuesta-de-la-cnmc-y-renuncie-a-cobrar-unos-deficits-ficticios\\\/#webpage\"},\"articleSection\":\"Noticias y Actualidad\"},{\"@type\":\"BreadcrumbList\",\"@id\":\"https:\\\/\\\/eldigitaldeasturias.com\\\/magazine365\\\/las-lineas-aereas-piden-a-aena-que-asuma-la-propuesta-de-la-cnmc-y-renuncie-a-cobrar-unos-deficits-ficticios\\\/#breadcrumblist\",\"itemListElement\":[{\"@type\":\"ListItem\",\"@id\":\"https:\\\/\\\/eldigitaldeasturias.com\\\/magazine365#listItem\",\"position\":1,\"name\":\"Home\",\"item\":\"https:\\\/\\\/eldigitaldeasturias.com\\\/magazine365\",\"nextItem\":{\"@type\":\"ListItem\",\"@id\":\"https:\\\/\\\/eldigitaldeasturias.com\\\/magazine365\\\/category\\\/noticias-actualidad\\\/#listItem\",\"name\":\"Noticias y Actualidad\"}},{\"@type\":\"ListItem\",\"@id\":\"https:\\\/\\\/eldigitaldeasturias.com\\\/magazine365\\\/category\\\/noticias-actualidad\\\/#listItem\",\"position\":2,\"name\":\"Noticias y Actualidad\",\"item\":\"https:\\\/\\\/eldigitaldeasturias.com\\\/magazine365\\\/category\\\/noticias-actualidad\\\/\",\"nextItem\":{\"@type\":\"ListItem\",\"@id\":\"https:\\\/\\\/eldigitaldeasturias.com\\\/magazine365\\\/las-lineas-aereas-piden-a-aena-que-asuma-la-propuesta-de-la-cnmc-y-renuncie-a-cobrar-unos-deficits-ficticios\\\/#listItem\",\"name\":\"Las l\\u00edneas a\\u00e9reas piden a Aena que asuma la propuesta de la CNMC y \\u00abrenuncie a cobrar unos d\\u00e9ficits ficticios\\u00bb\"},\"previousItem\":{\"@type\":\"ListItem\",\"@id\":\"https:\\\/\\\/eldigitaldeasturias.com\\\/magazine365#listItem\",\"name\":\"Home\"}},{\"@type\":\"ListItem\",\"@id\":\"https:\\\/\\\/eldigitaldeasturias.com\\\/magazine365\\\/las-lineas-aereas-piden-a-aena-que-asuma-la-propuesta-de-la-cnmc-y-renuncie-a-cobrar-unos-deficits-ficticios\\\/#listItem\",\"position\":3,\"name\":\"Las l\\u00edneas a\\u00e9reas piden a Aena que asuma la propuesta de la CNMC y \\u00abrenuncie a cobrar unos d\\u00e9ficits ficticios\\u00bb\",\"previousItem\":{\"@type\":\"ListItem\",\"@id\":\"https:\\\/\\\/eldigitaldeasturias.com\\\/magazine365\\\/category\\\/noticias-actualidad\\\/#listItem\",\"name\":\"Noticias y Actualidad\"}}]},{\"@type\":\"Organization\",\"@id\":\"https:\\\/\\\/eldigitaldeasturias.com\\\/magazine365\\\/#organization\",\"name\":\"El digital de Asturias\",\"description\":\"Revista de ocio, turismo y estilo de vida\",\"url\":\"https:\\\/\\\/eldigitaldeasturias.com\\\/magazine365\\\/\",\"logo\":{\"@type\":\"ImageObject\",\"url\":\"https:\\\/\\\/www.eldigitaldeasturias.com\\\/noticias\\\/wp-content\\\/uploads\\\/2020\\\/12\\\/EDA.jpg\",\"@id\":\"https:\\\/\\\/eldigitaldeasturias.com\\\/magazine365\\\/las-lineas-aereas-piden-a-aena-que-asuma-la-propuesta-de-la-cnmc-y-renuncie-a-cobrar-unos-deficits-ficticios\\\/#organizationLogo\"},\"image\":{\"@id\":\"https:\\\/\\\/eldigitaldeasturias.com\\\/magazine365\\\/las-lineas-aereas-piden-a-aena-que-asuma-la-propuesta-de-la-cnmc-y-renuncie-a-cobrar-unos-deficits-ficticios\\\/#organizationLogo\"}},{\"@type\":\"Person\",\"@id\":\"https:\\\/\\\/eldigitaldeasturias.com\\\/magazine365\\\/author\\\/admin\\\/#author\",\"url\":\"https:\\\/\\\/eldigitaldeasturias.com\\\/magazine365\\\/author\\\/admin\\\/\",\"name\":\"admin\",\"image\":{\"@type\":\"ImageObject\",\"@id\":\"https:\\\/\\\/eldigitaldeasturias.com\\\/magazine365\\\/las-lineas-aereas-piden-a-aena-que-asuma-la-propuesta-de-la-cnmc-y-renuncie-a-cobrar-unos-deficits-ficticios\\\/#authorImage\",\"url\":\"https:\\\/\\\/eldigitaldeasturias.com\\\/magazine365\\\/wp-content\\\/litespeed\\\/avatar\\\/e571bcf59a0edd6fa6838245a470f2fe.jpg?ver=1777574230\",\"width\":96,\"height\":96,\"caption\":\"admin\"}},{\"@type\":\"WebPage\",\"@id\":\"https:\\\/\\\/eldigitaldeasturias.com\\\/magazine365\\\/las-lineas-aereas-piden-a-aena-que-asuma-la-propuesta-de-la-cnmc-y-renuncie-a-cobrar-unos-deficits-ficticios\\\/#webpage\",\"url\":\"https:\\\/\\\/eldigitaldeasturias.com\\\/magazine365\\\/las-lineas-aereas-piden-a-aena-que-asuma-la-propuesta-de-la-cnmc-y-renuncie-a-cobrar-unos-deficits-ficticios\\\/\",\"name\":\"Las l\\u00edneas a\\u00e9reas piden a Aena que asuma la propuesta de la CNMC y \\u00abrenuncie a cobrar unos d\\u00e9ficits ficticios\\u00bb | El Digital de Asturias\",\"description\":\"La Asociaci\\u00f3n de L\\u00edneas A\\u00e9reas (ALA), que agrupa a las compa\\u00f1\\u00edas operadoras, nacionales e internacionales, m\\u00e1s representativas en el transporte a\\u00e9reo espa\\u00f1ol, asegur\\u00f3 este mi\\u00e9rcoles en un comunicado que el transporte a\\u00e9reo espa\\u00f1ol necesita que AENA asuma la propuesta de la CNMC y renuncie a cobrar \\\"unos d\\u00e9ficits ficticios, estimados en tiempos de crisis\\\". La\",\"inLanguage\":\"es-ES\",\"isPartOf\":{\"@id\":\"https:\\\/\\\/eldigitaldeasturias.com\\\/magazine365\\\/#website\"},\"breadcrumb\":{\"@id\":\"https:\\\/\\\/eldigitaldeasturias.com\\\/magazine365\\\/las-lineas-aereas-piden-a-aena-que-asuma-la-propuesta-de-la-cnmc-y-renuncie-a-cobrar-unos-deficits-ficticios\\\/#breadcrumblist\"},\"author\":{\"@id\":\"https:\\\/\\\/eldigitaldeasturias.com\\\/magazine365\\\/author\\\/admin\\\/#author\"},\"creator\":{\"@id\":\"https:\\\/\\\/eldigitaldeasturias.com\\\/magazine365\\\/author\\\/admin\\\/#author\"},\"image\":{\"@type\":\"ImageObject\",\"url\":\"https:\\\/\\\/eldigitaldeasturias.com\\\/magazine365\\\/wp-content\\\/uploads\\\/2015\\\/08\\\/fotonoticia_20150805132018_800.jpg\",\"@id\":\"https:\\\/\\\/eldigitaldeasturias.com\\\/magazine365\\\/las-lineas-aereas-piden-a-aena-que-asuma-la-propuesta-de-la-cnmc-y-renuncie-a-cobrar-unos-deficits-ficticios\\\/#mainImage\",\"width\":800,\"height\":533},\"primaryImageOfPage\":{\"@id\":\"https:\\\/\\\/eldigitaldeasturias.com\\\/magazine365\\\/las-lineas-aereas-piden-a-aena-que-asuma-la-propuesta-de-la-cnmc-y-renuncie-a-cobrar-unos-deficits-ficticios\\\/#mainImage\"},\"datePublished\":\"2015-08-05T22:33:23+02:00\",\"dateModified\":\"2015-08-05T22:33:23+02:00\"},{\"@type\":\"WebSite\",\"@id\":\"https:\\\/\\\/eldigitaldeasturias.com\\\/magazine365\\\/#website\",\"url\":\"https:\\\/\\\/eldigitaldeasturias.com\\\/magazine365\\\/\",\"name\":\"El Digital de Asturias\",\"description\":\"Revista de ocio, turismo y estilo de vida\",\"inLanguage\":\"es-ES\",\"publisher\":{\"@id\":\"https:\\\/\\\/eldigitaldeasturias.com\\\/magazine365\\\/#organization\"}}]}\n\t\t<\/script>\n\t\t<!-- All in One SEO Pro -->\r\n\t\t<title>Las l\u00edneas a\u00e9reas piden a Aena que asuma la propuesta de la CNMC y \u00abrenuncie a cobrar unos d\u00e9ficits ficticios\u00bb | El Digital de Asturias<\/title>\n\n","aioseo_head_json":{"title":"Las l\u00edneas a\u00e9reas piden a Aena que asuma la propuesta de la CNMC y \u00abrenuncie a cobrar unos d\u00e9ficits ficticios\u00bb | El Digital de Asturias","description":"La Asociaci\u00f3n de L\u00edneas A\u00e9reas (ALA), que agrupa a las compa\u00f1\u00edas operadoras, nacionales e internacionales, m\u00e1s representativas en el transporte a\u00e9reo espa\u00f1ol, asegur\u00f3 este mi\u00e9rcoles en un comunicado que el transporte a\u00e9reo espa\u00f1ol necesita que AENA asuma la propuesta de la CNMC y renuncie a cobrar \"unos d\u00e9ficits ficticios, estimados en tiempos de crisis\". La","canonical_url":"https:\/\/eldigitaldeasturias.com\/magazine365\/las-lineas-aereas-piden-a-aena-que-asuma-la-propuesta-de-la-cnmc-y-renuncie-a-cobrar-unos-deficits-ficticios\/","robots":"max-image-preview:large","keywords":"noticias y actualidad","webmasterTools":{"google-site-verification":"UA-38556648-1","miscellaneous":""},"schema":{"@context":"https:\/\/schema.org","@graph":[{"@type":"Article","@id":"https:\/\/eldigitaldeasturias.com\/magazine365\/las-lineas-aereas-piden-a-aena-que-asuma-la-propuesta-de-la-cnmc-y-renuncie-a-cobrar-unos-deficits-ficticios\/#article","name":"Las l\u00edneas a\u00e9reas piden a Aena que asuma la propuesta de la CNMC y \u00abrenuncie a cobrar unos d\u00e9ficits ficticios\u00bb | El Digital de Asturias","headline":"Las l\u00edneas a\u00e9reas piden a Aena que asuma la propuesta de la CNMC y \u00abrenuncie a cobrar unos d\u00e9ficits ficticios\u00bb","author":{"@id":"https:\/\/eldigitaldeasturias.com\/magazine365\/author\/admin\/#author"},"publisher":{"@id":"https:\/\/eldigitaldeasturias.com\/magazine365\/#organization"},"image":{"@type":"ImageObject","url":"https:\/\/eldigitaldeasturias.com\/magazine365\/wp-content\/uploads\/2015\/08\/fotonoticia_20150805132018_800.jpg","width":800,"height":533},"datePublished":"2015-08-05T22:33:23+02:00","dateModified":"2015-08-05T22:33:23+02:00","inLanguage":"es-ES","mainEntityOfPage":{"@id":"https:\/\/eldigitaldeasturias.com\/magazine365\/las-lineas-aereas-piden-a-aena-que-asuma-la-propuesta-de-la-cnmc-y-renuncie-a-cobrar-unos-deficits-ficticios\/#webpage"},"isPartOf":{"@id":"https:\/\/eldigitaldeasturias.com\/magazine365\/las-lineas-aereas-piden-a-aena-que-asuma-la-propuesta-de-la-cnmc-y-renuncie-a-cobrar-unos-deficits-ficticios\/#webpage"},"articleSection":"Noticias y Actualidad"},{"@type":"BreadcrumbList","@id":"https:\/\/eldigitaldeasturias.com\/magazine365\/las-lineas-aereas-piden-a-aena-que-asuma-la-propuesta-de-la-cnmc-y-renuncie-a-cobrar-unos-deficits-ficticios\/#breadcrumblist","itemListElement":[{"@type":"ListItem","@id":"https:\/\/eldigitaldeasturias.com\/magazine365#listItem","position":1,"name":"Home","item":"https:\/\/eldigitaldeasturias.com\/magazine365","nextItem":{"@type":"ListItem","@id":"https:\/\/eldigitaldeasturias.com\/magazine365\/category\/noticias-actualidad\/#listItem","name":"Noticias y Actualidad"}},{"@type":"ListItem","@id":"https:\/\/eldigitaldeasturias.com\/magazine365\/category\/noticias-actualidad\/#listItem","position":2,"name":"Noticias y Actualidad","item":"https:\/\/eldigitaldeasturias.com\/magazine365\/category\/noticias-actualidad\/","nextItem":{"@type":"ListItem","@id":"https:\/\/eldigitaldeasturias.com\/magazine365\/las-lineas-aereas-piden-a-aena-que-asuma-la-propuesta-de-la-cnmc-y-renuncie-a-cobrar-unos-deficits-ficticios\/#listItem","name":"Las l\u00edneas a\u00e9reas piden a Aena que asuma la propuesta de la CNMC y \u00abrenuncie a cobrar unos d\u00e9ficits ficticios\u00bb"},"previousItem":{"@type":"ListItem","@id":"https:\/\/eldigitaldeasturias.com\/magazine365#listItem","name":"Home"}},{"@type":"ListItem","@id":"https:\/\/eldigitaldeasturias.com\/magazine365\/las-lineas-aereas-piden-a-aena-que-asuma-la-propuesta-de-la-cnmc-y-renuncie-a-cobrar-unos-deficits-ficticios\/#listItem","position":3,"name":"Las l\u00edneas a\u00e9reas piden a Aena que asuma la propuesta de la CNMC y \u00abrenuncie a cobrar unos d\u00e9ficits ficticios\u00bb","previousItem":{"@type":"ListItem","@id":"https:\/\/eldigitaldeasturias.com\/magazine365\/category\/noticias-actualidad\/#listItem","name":"Noticias y Actualidad"}}]},{"@type":"Organization","@id":"https:\/\/eldigitaldeasturias.com\/magazine365\/#organization","name":"El digital de Asturias","description":"Revista de ocio, turismo y estilo de vida","url":"https:\/\/eldigitaldeasturias.com\/magazine365\/","logo":{"@type":"ImageObject","url":"https:\/\/www.eldigitaldeasturias.com\/noticias\/wp-content\/uploads\/2020\/12\/EDA.jpg","@id":"https:\/\/eldigitaldeasturias.com\/magazine365\/las-lineas-aereas-piden-a-aena-que-asuma-la-propuesta-de-la-cnmc-y-renuncie-a-cobrar-unos-deficits-ficticios\/#organizationLogo"},"image":{"@id":"https:\/\/eldigitaldeasturias.com\/magazine365\/las-lineas-aereas-piden-a-aena-que-asuma-la-propuesta-de-la-cnmc-y-renuncie-a-cobrar-unos-deficits-ficticios\/#organizationLogo"}},{"@type":"Person","@id":"https:\/\/eldigitaldeasturias.com\/magazine365\/author\/admin\/#author","url":"https:\/\/eldigitaldeasturias.com\/magazine365\/author\/admin\/","name":"admin","image":{"@type":"ImageObject","@id":"https:\/\/eldigitaldeasturias.com\/magazine365\/las-lineas-aereas-piden-a-aena-que-asuma-la-propuesta-de-la-cnmc-y-renuncie-a-cobrar-unos-deficits-ficticios\/#authorImage","url":"https:\/\/eldigitaldeasturias.com\/magazine365\/wp-content\/litespeed\/avatar\/e571bcf59a0edd6fa6838245a470f2fe.jpg?ver=1777574230","width":96,"height":96,"caption":"admin"}},{"@type":"WebPage","@id":"https:\/\/eldigitaldeasturias.com\/magazine365\/las-lineas-aereas-piden-a-aena-que-asuma-la-propuesta-de-la-cnmc-y-renuncie-a-cobrar-unos-deficits-ficticios\/#webpage","url":"https:\/\/eldigitaldeasturias.com\/magazine365\/las-lineas-aereas-piden-a-aena-que-asuma-la-propuesta-de-la-cnmc-y-renuncie-a-cobrar-unos-deficits-ficticios\/","name":"Las l\u00edneas a\u00e9reas piden a Aena que asuma la propuesta de la CNMC y \u00abrenuncie a cobrar unos d\u00e9ficits ficticios\u00bb | El Digital de Asturias","description":"La Asociaci\u00f3n de L\u00edneas A\u00e9reas (ALA), que agrupa a las compa\u00f1\u00edas operadoras, nacionales e internacionales, m\u00e1s representativas en el transporte a\u00e9reo espa\u00f1ol, asegur\u00f3 este mi\u00e9rcoles en un comunicado que el transporte a\u00e9reo espa\u00f1ol necesita que AENA asuma la propuesta de la CNMC y renuncie a cobrar \"unos d\u00e9ficits ficticios, estimados en tiempos de crisis\". La","inLanguage":"es-ES","isPartOf":{"@id":"https:\/\/eldigitaldeasturias.com\/magazine365\/#website"},"breadcrumb":{"@id":"https:\/\/eldigitaldeasturias.com\/magazine365\/las-lineas-aereas-piden-a-aena-que-asuma-la-propuesta-de-la-cnmc-y-renuncie-a-cobrar-unos-deficits-ficticios\/#breadcrumblist"},"author":{"@id":"https:\/\/eldigitaldeasturias.com\/magazine365\/author\/admin\/#author"},"creator":{"@id":"https:\/\/eldigitaldeasturias.com\/magazine365\/author\/admin\/#author"},"image":{"@type":"ImageObject","url":"https:\/\/eldigitaldeasturias.com\/magazine365\/wp-content\/uploads\/2015\/08\/fotonoticia_20150805132018_800.jpg","@id":"https:\/\/eldigitaldeasturias.com\/magazine365\/las-lineas-aereas-piden-a-aena-que-asuma-la-propuesta-de-la-cnmc-y-renuncie-a-cobrar-unos-deficits-ficticios\/#mainImage","width":800,"height":533},"primaryImageOfPage":{"@id":"https:\/\/eldigitaldeasturias.com\/magazine365\/las-lineas-aereas-piden-a-aena-que-asuma-la-propuesta-de-la-cnmc-y-renuncie-a-cobrar-unos-deficits-ficticios\/#mainImage"},"datePublished":"2015-08-05T22:33:23+02:00","dateModified":"2015-08-05T22:33:23+02:00"},{"@type":"WebSite","@id":"https:\/\/eldigitaldeasturias.com\/magazine365\/#website","url":"https:\/\/eldigitaldeasturias.com\/magazine365\/","name":"El Digital de Asturias","description":"Revista de ocio, turismo y estilo de vida","inLanguage":"es-ES","publisher":{"@id":"https:\/\/eldigitaldeasturias.com\/magazine365\/#organization"}}]},"og:locale":"es_ES","og:site_name":"El Digital de Asturias \u2013 Revista de ocio, turismo y estilo de vida","og:type":"article","og:title":"Las l\u00edneas a\u00e9reas piden a Aena que asuma la propuesta de la CNMC y \u00abrenuncie a cobrar unos d\u00e9ficits ficticios\u00bb | El Digital de Asturias","og:description":"La Asociaci\u00f3n de L\u00edneas A\u00e9reas (ALA), que agrupa a las compa\u00f1\u00edas operadoras, nacionales e internacionales, m\u00e1s representativas en el transporte a\u00e9reo espa\u00f1ol, asegur\u00f3 este mi\u00e9rcoles en un comunicado que el transporte a\u00e9reo espa\u00f1ol necesita que AENA asuma la propuesta de la CNMC y renuncie a cobrar &quot;unos d\u00e9ficits ficticios, estimados en tiempos de crisis&quot;. La","og:url":"https:\/\/eldigitaldeasturias.com\/magazine365\/las-lineas-aereas-piden-a-aena-que-asuma-la-propuesta-de-la-cnmc-y-renuncie-a-cobrar-unos-deficits-ficticios\/","og:image":"https:\/\/eldigitaldeasturias.com\/magazine365\/wp-content\/uploads\/2015\/08\/fotonoticia_20150805132018_800.jpg","og:image:secure_url":"https:\/\/eldigitaldeasturias.com\/magazine365\/wp-content\/uploads\/2015\/08\/fotonoticia_20150805132018_800.jpg","og:image:width":800,"og:image:height":533,"article:published_time":"2015-08-05T20:33:23+00:00","article:modified_time":"2015-08-05T20:33:23+00:00","twitter:card":"summary_large_image","twitter:title":"Las l\u00edneas a\u00e9reas piden a Aena que asuma la propuesta de la CNMC y \u00abrenuncie a cobrar unos d\u00e9ficits ficticios\u00bb | El Digital de Asturias","twitter:description":"La Asociaci\u00f3n de L\u00edneas A\u00e9reas (ALA), que agrupa a las compa\u00f1\u00edas operadoras, nacionales e internacionales, m\u00e1s representativas en el transporte a\u00e9reo espa\u00f1ol, asegur\u00f3 este mi\u00e9rcoles en un comunicado que el transporte a\u00e9reo espa\u00f1ol necesita que AENA asuma la propuesta de la CNMC y renuncie a cobrar &quot;unos d\u00e9ficits ficticios, estimados en tiempos de crisis&quot;. La","twitter:image":"https:\/\/eldigitaldeasturias.com\/magazine365\/wp-content\/uploads\/2015\/08\/fotonoticia_20150805132018_800.jpg"},"aioseo_meta_data":{"post_id":"45007","title":null,"description":null,"keywords":null,"keyphrases":null,"primary_term":null,"canonical_url":null,"og_title":null,"og_description":null,"og_object_type":"default","og_image_type":"default","og_image_url":null,"og_image_width":null,"og_image_height":null,"og_image_custom_url":null,"og_image_custom_fields":null,"og_video":null,"og_custom_url":null,"og_article_section":null,"og_article_tags":null,"twitter_use_og":false,"twitter_card":"default","twitter_image_type":"default","twitter_image_url":null,"twitter_image_custom_url":null,"twitter_image_custom_fields":null,"twitter_title":null,"twitter_description":null,"schema":{"blockGraphs":[],"customGraphs":[],"default":{"data":{"Article":[],"Course":[],"Dataset":[],"FAQPage":[],"Movie":[],"Person":[],"Product":[],"ProductReview":[],"Car":[],"Recipe":[],"Service":[],"SoftwareApplication":[],"WebPage":[]},"graphName":"","isEnabled":true},"graphs":[],"defaultGraph":"","defaultPostTypeGraph":""},"schema_type":null,"schema_type_options":null,"pillar_content":false,"robots_default":true,"robots_noindex":false,"robots_noarchive":false,"robots_nosnippet":false,"robots_nofollow":false,"robots_noimageindex":false,"robots_noodp":false,"robots_notranslate":false,"robots_max_snippet":null,"robots_max_videopreview":null,"robots_max_imagepreview":"large","priority":null,"frequency":null,"location":null,"local_seo":null,"seo_analyzer_scan_date":"2025-09-19 23:10:16","breadcrumb_settings":null,"limit_modified_date":false,"open_ai":null,"ai":null,"created":"2021-03-09 01:27:07","updated":"2025-09-19 23:10:16"},"aioseo_breadcrumb":"<div class=\"aioseo-breadcrumbs\"><span class=\"aioseo-breadcrumb\">\n\t<a href=\"https:\/\/eldigitaldeasturias.com\/magazine365\" title=\"Home\">Home<\/a>\n<\/span><span class=\"aioseo-breadcrumb-separator\">\u2013<\/span><span class=\"aioseo-breadcrumb\">\n\t<a href=\"https:\/\/eldigitaldeasturias.com\/magazine365\/category\/noticias-actualidad\/\" title=\"Noticias y Actualidad\">Noticias y Actualidad<\/a>\n<\/span><span class=\"aioseo-breadcrumb-separator\">\u2013<\/span><span class=\"aioseo-breadcrumb\">\n\t<a href=\"https:\/\/eldigitaldeasturias.com\/magazine365\/las-lineas-aereas-piden-a-aena-que-asuma-la-propuesta-de-la-cnmc-y-renuncie-a-cobrar-unos-deficits-ficticios\/\" title=\"Las l\u00edneas a\u00e9reas piden a Aena que asuma la propuesta de la CNMC y \u00abrenuncie a cobrar unos d\u00e9ficits ficticios\u00bb\">Las l\u00edneas a\u00e9reas piden a Aena que asuma la propuesta de la CNMC y \u00abrenuncie a cobrar unos d\u00e9ficits ficticios\u00bb<\/a>\n<\/span><\/div>","aioseo_breadcrumb_json":[{"label":"Home","link":"https:\/\/eldigitaldeasturias.com\/magazine365"},{"label":"Noticias y Actualidad","link":"https:\/\/eldigitaldeasturias.com\/magazine365\/category\/noticias-actualidad\/"},{"label":"Las l\u00edneas a\u00e9reas piden a Aena que asuma la propuesta de la CNMC y \u00abrenuncie a cobrar unos d\u00e9ficits ficticios\u00bb","link":"https:\/\/eldigitaldeasturias.com\/magazine365\/las-lineas-aereas-piden-a-aena-que-asuma-la-propuesta-de-la-cnmc-y-renuncie-a-cobrar-unos-deficits-ficticios\/"}],"_links":{"self":[{"href":"https:\/\/eldigitaldeasturias.com\/magazine365\/wp-json\/wp\/v2\/posts\/45007","targetHints":{"allow":["GET"]}}],"collection":[{"href":"https:\/\/eldigitaldeasturias.com\/magazine365\/wp-json\/wp\/v2\/posts"}],"about":[{"href":"https:\/\/eldigitaldeasturias.com\/magazine365\/wp-json\/wp\/v2\/types\/post"}],"author":[{"embeddable":true,"href":"https:\/\/eldigitaldeasturias.com\/magazine365\/wp-json\/wp\/v2\/users\/1"}],"replies":[{"embeddable":true,"href":"https:\/\/eldigitaldeasturias.com\/magazine365\/wp-json\/wp\/v2\/comments?post=45007"}],"version-history":[{"count":0,"href":"https:\/\/eldigitaldeasturias.com\/magazine365\/wp-json\/wp\/v2\/posts\/45007\/revisions"}],"wp:featuredmedia":[{"embeddable":true,"href":"https:\/\/eldigitaldeasturias.com\/magazine365\/wp-json\/wp\/v2\/media\/45008"}],"wp:attachment":[{"href":"https:\/\/eldigitaldeasturias.com\/magazine365\/wp-json\/wp\/v2\/media?parent=45007"}],"wp:term":[{"taxonomy":"category","embeddable":true,"href":"https:\/\/eldigitaldeasturias.com\/magazine365\/wp-json\/wp\/v2\/categories?post=45007"},{"taxonomy":"post_tag","embeddable":true,"href":"https:\/\/eldigitaldeasturias.com\/magazine365\/wp-json\/wp\/v2\/tags?post=45007"}],"curies":[{"name":"wp","href":"https:\/\/api.w.org\/{rel}","templated":true}]}}