{"id":44952,"date":"2015-08-05T13:59:23","date_gmt":"2015-08-05T11:59:23","guid":{"rendered":"http:\/\/eldigitaldeasturias.com\/magazine365\/?p=44952"},"modified":"2015-08-05T15:58:56","modified_gmt":"2015-08-05T13:58:56","slug":"renfe-refuerza-los-servicios-durante-las-fiestas-del-xiringuelu","status":"publish","type":"post","link":"https:\/\/eldigitaldeasturias.com\/magazine365\/renfe-refuerza-los-servicios-durante-las-fiestas-del-xiringuelu\/","title":{"rendered":"Renfe refuerza los servicios durante las fiestas del Xiring\u00fcelu"},"content":{"rendered":"<p><img fetchpriority=\"high\" decoding=\"async\" class=\"alignleft size-medium wp-image-44953\" src=\"https:\/\/eldigitaldeasturias.com\/magazine365\/wp-content\/uploads\/2015\/08\/fotonoticia_20150805122559_800-360x270.jpg\" alt=\"fotonoticia_20150805122559_800\" width=\"360\" height=\"270\" srcset=\"https:\/\/eldigitaldeasturias.com\/magazine365\/wp-content\/uploads\/2015\/08\/fotonoticia_20150805122559_800-360x270.jpg 360w, https:\/\/eldigitaldeasturias.com\/magazine365\/wp-content\/uploads\/2015\/08\/fotonoticia_20150805122559_800-650x488.jpg 650w, https:\/\/eldigitaldeasturias.com\/magazine365\/wp-content\/uploads\/2015\/08\/fotonoticia_20150805122559_800-768x576.jpg 768w, https:\/\/eldigitaldeasturias.com\/magazine365\/wp-content\/uploads\/2015\/08\/fotonoticia_20150805122559_800-150x113.jpg 150w, https:\/\/eldigitaldeasturias.com\/magazine365\/wp-content\/uploads\/2015\/08\/fotonoticia_20150805122559_800-450x338.jpg 450w, https:\/\/eldigitaldeasturias.com\/magazine365\/wp-content\/uploads\/2015\/08\/fotonoticia_20150805122559_800-80x60.jpg 80w, https:\/\/eldigitaldeasturias.com\/magazine365\/wp-content\/uploads\/2015\/08\/fotonoticia_20150805122559_800-265x198.jpg 265w, https:\/\/eldigitaldeasturias.com\/magazine365\/wp-content\/uploads\/2015\/08\/fotonoticia_20150805122559_800-696x522.jpg 696w, https:\/\/eldigitaldeasturias.com\/magazine365\/wp-content\/uploads\/2015\/08\/fotonoticia_20150805122559_800-560x420.jpg 560w, https:\/\/eldigitaldeasturias.com\/magazine365\/wp-content\/uploads\/2015\/08\/fotonoticia_20150805122559_800-90x67.jpg 90w, https:\/\/eldigitaldeasturias.com\/magazine365\/wp-content\/uploads\/2015\/08\/fotonoticia_20150805122559_800-100x75.jpg 100w, https:\/\/eldigitaldeasturias.com\/magazine365\/wp-content\/uploads\/2015\/08\/fotonoticia_20150805122559_800.jpg 800w\" sizes=\"(max-width: 360px) 100vw, 360px\" \/>El operador ferroviario Renfe ha decidido incrementar un a\u00f1o m\u00e1s su oferta de trenes de Ancho M\u00e9trico durante el domingo 9 de agosto, con motivo de la romer\u00eda de El Xiring\u00fcelu de Pravia.<\/p>\n<p>Seg\u00fan ha informado en una nota de prensa, adem\u00e1s de aumentar notablemente las plazas del servicio regular, Renfe Viajeros pondr\u00e1 en circulaci\u00f3n durante el domingo de la fiesta un total de cinco trenes para acceder a Pravia que saldr\u00e1n de Avil\u00e9s a las 11.15 horas, 11.35 horas, 12.40 horas,13.00 horas y 13.30 horas.<\/p>\n<p>Para la vuelta, se han programado otros cinco trenes especiales que saldr\u00e1n de Pravia con destino Avil\u00e9s a las 20.05 horas, 20.30 horas, 21.10 horas, 21.30 horas y 22.30 horas, a fin de facilitar los desplazamientos en ambos sentidos entre Pravia, Avil\u00e9s y Oviedo.<\/p>\n","protected":false},"excerpt":{"rendered":"<p>El operador ferroviario Renfe ha decidido incrementar un a\u00f1o m\u00e1s su oferta de trenes de Ancho M\u00e9trico durante el domingo 9 de agosto, con motivo de la romer\u00eda de El Xiring\u00fcelu de Pravia. Seg\u00fan ha informado en una nota de prensa, adem\u00e1s de aumentar notablemente las plazas del servicio regular, Renfe Viajeros pondr\u00e1 en circulaci\u00f3n<\/p>\n","protected":false},"author":1,"featured_media":44953,"comment_status":"open","ping_status":"closed","sticky":false,"template":"","format":"standard","meta":{"footnotes":""},"categories":[224],"tags":[],"class_list":{"0":"post-44952","1":"post","2":"type-post","3":"status-publish","4":"format-standard","5":"has-post-thumbnail","7":"category-noticias-actualidad"},"aioseo_notices":[],"aioseo_head":"\n\t\t<!-- All in One SEO Pro 4.9.6.1 - aioseo.com -->\n\t<meta name=\"description\" content=\"El operador ferroviario Renfe ha decidido incrementar un a\u00f1o m\u00e1s su oferta de trenes de Ancho M\u00e9trico durante el domingo 9 de agosto, con motivo de la romer\u00eda de El Xiring\u00fcelu de Pravia. Seg\u00fan ha informado en una nota de prensa, adem\u00e1s de aumentar notablemente las plazas del servicio regular, Renfe Viajeros pondr\u00e1 en circulaci\u00f3n\" \/>\n\t<meta name=\"robots\" content=\"max-image-preview:large\" \/>\n\t<meta name=\"author\" content=\"admin\"\/>\n\t<meta name=\"google-site-verification\" content=\"UA-38556648-1\" \/>\n\t<meta name=\"keywords\" content=\"noticias y actualidad\" \/>\n\t<link rel=\"canonical\" href=\"https:\/\/eldigitaldeasturias.com\/magazine365\/renfe-refuerza-los-servicios-durante-las-fiestas-del-xiringuelu\/\" \/>\n\t<meta name=\"generator\" content=\"All in One SEO Pro (AIOSEO) 4.9.6.1\" \/>\n\t\t<meta property=\"og:locale\" content=\"es_ES\" \/>\n\t\t<meta property=\"og:site_name\" content=\"El Digital de Asturias \u2013 Revista de ocio, turismo y estilo de vida\" \/>\n\t\t<meta property=\"og:type\" content=\"article\" \/>\n\t\t<meta property=\"og:title\" content=\"Renfe refuerza los servicios durante las fiestas del Xiring\u00fcelu | El Digital de Asturias\" \/>\n\t\t<meta property=\"og:description\" content=\"El operador ferroviario Renfe ha decidido incrementar un a\u00f1o m\u00e1s su oferta de trenes de Ancho M\u00e9trico durante el domingo 9 de agosto, con motivo de la romer\u00eda de El Xiring\u00fcelu de Pravia. Seg\u00fan ha informado en una nota de prensa, adem\u00e1s de aumentar notablemente las plazas del servicio regular, Renfe Viajeros pondr\u00e1 en circulaci\u00f3n\" \/>\n\t\t<meta property=\"og:url\" content=\"https:\/\/eldigitaldeasturias.com\/magazine365\/renfe-refuerza-los-servicios-durante-las-fiestas-del-xiringuelu\/\" \/>\n\t\t<meta property=\"og:image\" content=\"https:\/\/eldigitaldeasturias.com\/magazine365\/wp-content\/uploads\/2015\/08\/fotonoticia_20150805122559_800.jpg\" \/>\n\t\t<meta property=\"og:image:secure_url\" content=\"https:\/\/eldigitaldeasturias.com\/magazine365\/wp-content\/uploads\/2015\/08\/fotonoticia_20150805122559_800.jpg\" \/>\n\t\t<meta property=\"og:image:width\" content=\"800\" \/>\n\t\t<meta property=\"og:image:height\" content=\"600\" \/>\n\t\t<meta property=\"article:published_time\" content=\"2015-08-05T11:59:23+00:00\" \/>\n\t\t<meta property=\"article:modified_time\" content=\"2015-08-05T13:58:56+00:00\" \/>\n\t\t<meta name=\"twitter:card\" content=\"summary_large_image\" \/>\n\t\t<meta name=\"twitter:title\" content=\"Renfe refuerza los servicios durante las fiestas del Xiring\u00fcelu | El Digital de Asturias\" \/>\n\t\t<meta name=\"twitter:description\" content=\"El operador ferroviario Renfe ha decidido incrementar un a\u00f1o m\u00e1s su oferta de trenes de Ancho M\u00e9trico durante el domingo 9 de agosto, con motivo de la romer\u00eda de El Xiring\u00fcelu de Pravia. Seg\u00fan ha informado en una nota de prensa, adem\u00e1s de aumentar notablemente las plazas del servicio regular, Renfe Viajeros pondr\u00e1 en circulaci\u00f3n\" \/>\n\t\t<meta name=\"twitter:image\" content=\"https:\/\/eldigitaldeasturias.com\/magazine365\/wp-content\/uploads\/2015\/08\/fotonoticia_20150805122559_800.jpg\" \/>\n\t\t<script type=\"application\/ld+json\" class=\"aioseo-schema\">\n\t\t\t{\"@context\":\"https:\\\/\\\/schema.org\",\"@graph\":[{\"@type\":\"Article\",\"@id\":\"https:\\\/\\\/eldigitaldeasturias.com\\\/magazine365\\\/renfe-refuerza-los-servicios-durante-las-fiestas-del-xiringuelu\\\/#article\",\"name\":\"Renfe refuerza los servicios durante las fiestas del Xiring\\u00fcelu | El Digital de Asturias\",\"headline\":\"Renfe refuerza los servicios durante las fiestas del Xiring\\u00fcelu\",\"author\":{\"@id\":\"https:\\\/\\\/eldigitaldeasturias.com\\\/magazine365\\\/author\\\/admin\\\/#author\"},\"publisher\":{\"@id\":\"https:\\\/\\\/eldigitaldeasturias.com\\\/magazine365\\\/#organization\"},\"image\":{\"@type\":\"ImageObject\",\"url\":\"https:\\\/\\\/eldigitaldeasturias.com\\\/magazine365\\\/wp-content\\\/uploads\\\/2015\\\/08\\\/fotonoticia_20150805122559_800.jpg\",\"width\":800,\"height\":600},\"datePublished\":\"2015-08-05T13:59:23+02:00\",\"dateModified\":\"2015-08-05T15:58:56+02:00\",\"inLanguage\":\"es-ES\",\"mainEntityOfPage\":{\"@id\":\"https:\\\/\\\/eldigitaldeasturias.com\\\/magazine365\\\/renfe-refuerza-los-servicios-durante-las-fiestas-del-xiringuelu\\\/#webpage\"},\"isPartOf\":{\"@id\":\"https:\\\/\\\/eldigitaldeasturias.com\\\/magazine365\\\/renfe-refuerza-los-servicios-durante-las-fiestas-del-xiringuelu\\\/#webpage\"},\"articleSection\":\"Noticias y Actualidad\"},{\"@type\":\"BreadcrumbList\",\"@id\":\"https:\\\/\\\/eldigitaldeasturias.com\\\/magazine365\\\/renfe-refuerza-los-servicios-durante-las-fiestas-del-xiringuelu\\\/#breadcrumblist\",\"itemListElement\":[{\"@type\":\"ListItem\",\"@id\":\"https:\\\/\\\/eldigitaldeasturias.com\\\/magazine365#listItem\",\"position\":1,\"name\":\"Home\",\"item\":\"https:\\\/\\\/eldigitaldeasturias.com\\\/magazine365\",\"nextItem\":{\"@type\":\"ListItem\",\"@id\":\"https:\\\/\\\/eldigitaldeasturias.com\\\/magazine365\\\/category\\\/noticias-actualidad\\\/#listItem\",\"name\":\"Noticias y Actualidad\"}},{\"@type\":\"ListItem\",\"@id\":\"https:\\\/\\\/eldigitaldeasturias.com\\\/magazine365\\\/category\\\/noticias-actualidad\\\/#listItem\",\"position\":2,\"name\":\"Noticias y Actualidad\",\"item\":\"https:\\\/\\\/eldigitaldeasturias.com\\\/magazine365\\\/category\\\/noticias-actualidad\\\/\",\"nextItem\":{\"@type\":\"ListItem\",\"@id\":\"https:\\\/\\\/eldigitaldeasturias.com\\\/magazine365\\\/renfe-refuerza-los-servicios-durante-las-fiestas-del-xiringuelu\\\/#listItem\",\"name\":\"Renfe refuerza los servicios durante las fiestas del Xiring\\u00fcelu\"},\"previousItem\":{\"@type\":\"ListItem\",\"@id\":\"https:\\\/\\\/eldigitaldeasturias.com\\\/magazine365#listItem\",\"name\":\"Home\"}},{\"@type\":\"ListItem\",\"@id\":\"https:\\\/\\\/eldigitaldeasturias.com\\\/magazine365\\\/renfe-refuerza-los-servicios-durante-las-fiestas-del-xiringuelu\\\/#listItem\",\"position\":3,\"name\":\"Renfe refuerza los servicios durante las fiestas del Xiring\\u00fcelu\",\"previousItem\":{\"@type\":\"ListItem\",\"@id\":\"https:\\\/\\\/eldigitaldeasturias.com\\\/magazine365\\\/category\\\/noticias-actualidad\\\/#listItem\",\"name\":\"Noticias y Actualidad\"}}]},{\"@type\":\"Organization\",\"@id\":\"https:\\\/\\\/eldigitaldeasturias.com\\\/magazine365\\\/#organization\",\"name\":\"El digital de Asturias\",\"description\":\"Revista de ocio, turismo y estilo de vida\",\"url\":\"https:\\\/\\\/eldigitaldeasturias.com\\\/magazine365\\\/\",\"logo\":{\"@type\":\"ImageObject\",\"url\":\"https:\\\/\\\/www.eldigitaldeasturias.com\\\/noticias\\\/wp-content\\\/uploads\\\/2020\\\/12\\\/EDA.jpg\",\"@id\":\"https:\\\/\\\/eldigitaldeasturias.com\\\/magazine365\\\/renfe-refuerza-los-servicios-durante-las-fiestas-del-xiringuelu\\\/#organizationLogo\"},\"image\":{\"@id\":\"https:\\\/\\\/eldigitaldeasturias.com\\\/magazine365\\\/renfe-refuerza-los-servicios-durante-las-fiestas-del-xiringuelu\\\/#organizationLogo\"}},{\"@type\":\"Person\",\"@id\":\"https:\\\/\\\/eldigitaldeasturias.com\\\/magazine365\\\/author\\\/admin\\\/#author\",\"url\":\"https:\\\/\\\/eldigitaldeasturias.com\\\/magazine365\\\/author\\\/admin\\\/\",\"name\":\"admin\",\"image\":{\"@type\":\"ImageObject\",\"@id\":\"https:\\\/\\\/eldigitaldeasturias.com\\\/magazine365\\\/renfe-refuerza-los-servicios-durante-las-fiestas-del-xiringuelu\\\/#authorImage\",\"url\":\"https:\\\/\\\/eldigitaldeasturias.com\\\/magazine365\\\/wp-content\\\/litespeed\\\/avatar\\\/e571bcf59a0edd6fa6838245a470f2fe.jpg?ver=1777574230\",\"width\":96,\"height\":96,\"caption\":\"admin\"}},{\"@type\":\"WebPage\",\"@id\":\"https:\\\/\\\/eldigitaldeasturias.com\\\/magazine365\\\/renfe-refuerza-los-servicios-durante-las-fiestas-del-xiringuelu\\\/#webpage\",\"url\":\"https:\\\/\\\/eldigitaldeasturias.com\\\/magazine365\\\/renfe-refuerza-los-servicios-durante-las-fiestas-del-xiringuelu\\\/\",\"name\":\"Renfe refuerza los servicios durante las fiestas del Xiring\\u00fcelu | El Digital de Asturias\",\"description\":\"El operador ferroviario Renfe ha decidido incrementar un a\\u00f1o m\\u00e1s su oferta de trenes de Ancho M\\u00e9trico durante el domingo 9 de agosto, con motivo de la romer\\u00eda de El Xiring\\u00fcelu de Pravia. Seg\\u00fan ha informado en una nota de prensa, adem\\u00e1s de aumentar notablemente las plazas del servicio regular, Renfe Viajeros pondr\\u00e1 en circulaci\\u00f3n\",\"inLanguage\":\"es-ES\",\"isPartOf\":{\"@id\":\"https:\\\/\\\/eldigitaldeasturias.com\\\/magazine365\\\/#website\"},\"breadcrumb\":{\"@id\":\"https:\\\/\\\/eldigitaldeasturias.com\\\/magazine365\\\/renfe-refuerza-los-servicios-durante-las-fiestas-del-xiringuelu\\\/#breadcrumblist\"},\"author\":{\"@id\":\"https:\\\/\\\/eldigitaldeasturias.com\\\/magazine365\\\/author\\\/admin\\\/#author\"},\"creator\":{\"@id\":\"https:\\\/\\\/eldigitaldeasturias.com\\\/magazine365\\\/author\\\/admin\\\/#author\"},\"image\":{\"@type\":\"ImageObject\",\"url\":\"https:\\\/\\\/eldigitaldeasturias.com\\\/magazine365\\\/wp-content\\\/uploads\\\/2015\\\/08\\\/fotonoticia_20150805122559_800.jpg\",\"@id\":\"https:\\\/\\\/eldigitaldeasturias.com\\\/magazine365\\\/renfe-refuerza-los-servicios-durante-las-fiestas-del-xiringuelu\\\/#mainImage\",\"width\":800,\"height\":600},\"primaryImageOfPage\":{\"@id\":\"https:\\\/\\\/eldigitaldeasturias.com\\\/magazine365\\\/renfe-refuerza-los-servicios-durante-las-fiestas-del-xiringuelu\\\/#mainImage\"},\"datePublished\":\"2015-08-05T13:59:23+02:00\",\"dateModified\":\"2015-08-05T15:58:56+02:00\"},{\"@type\":\"WebSite\",\"@id\":\"https:\\\/\\\/eldigitaldeasturias.com\\\/magazine365\\\/#website\",\"url\":\"https:\\\/\\\/eldigitaldeasturias.com\\\/magazine365\\\/\",\"name\":\"El Digital de Asturias\",\"description\":\"Revista de ocio, turismo y estilo de vida\",\"inLanguage\":\"es-ES\",\"publisher\":{\"@id\":\"https:\\\/\\\/eldigitaldeasturias.com\\\/magazine365\\\/#organization\"}}]}\n\t\t<\/script>\n\t\t<!-- All in One SEO Pro -->\r\n\t\t<title>Renfe refuerza los servicios durante las fiestas del Xiring\u00fcelu | El Digital de Asturias<\/title>\n\n","aioseo_head_json":{"title":"Renfe refuerza los servicios durante las fiestas del Xiring\u00fcelu | El Digital de Asturias","description":"El operador ferroviario Renfe ha decidido incrementar un a\u00f1o m\u00e1s su oferta de trenes de Ancho M\u00e9trico durante el domingo 9 de agosto, con motivo de la romer\u00eda de El Xiring\u00fcelu de Pravia. Seg\u00fan ha informado en una nota de prensa, adem\u00e1s de aumentar notablemente las plazas del servicio regular, Renfe Viajeros pondr\u00e1 en circulaci\u00f3n","canonical_url":"https:\/\/eldigitaldeasturias.com\/magazine365\/renfe-refuerza-los-servicios-durante-las-fiestas-del-xiringuelu\/","robots":"max-image-preview:large","keywords":"noticias y actualidad","webmasterTools":{"google-site-verification":"UA-38556648-1","miscellaneous":""},"schema":{"@context":"https:\/\/schema.org","@graph":[{"@type":"Article","@id":"https:\/\/eldigitaldeasturias.com\/magazine365\/renfe-refuerza-los-servicios-durante-las-fiestas-del-xiringuelu\/#article","name":"Renfe refuerza los servicios durante las fiestas del Xiring\u00fcelu | El Digital de Asturias","headline":"Renfe refuerza los servicios durante las fiestas del Xiring\u00fcelu","author":{"@id":"https:\/\/eldigitaldeasturias.com\/magazine365\/author\/admin\/#author"},"publisher":{"@id":"https:\/\/eldigitaldeasturias.com\/magazine365\/#organization"},"image":{"@type":"ImageObject","url":"https:\/\/eldigitaldeasturias.com\/magazine365\/wp-content\/uploads\/2015\/08\/fotonoticia_20150805122559_800.jpg","width":800,"height":600},"datePublished":"2015-08-05T13:59:23+02:00","dateModified":"2015-08-05T15:58:56+02:00","inLanguage":"es-ES","mainEntityOfPage":{"@id":"https:\/\/eldigitaldeasturias.com\/magazine365\/renfe-refuerza-los-servicios-durante-las-fiestas-del-xiringuelu\/#webpage"},"isPartOf":{"@id":"https:\/\/eldigitaldeasturias.com\/magazine365\/renfe-refuerza-los-servicios-durante-las-fiestas-del-xiringuelu\/#webpage"},"articleSection":"Noticias y Actualidad"},{"@type":"BreadcrumbList","@id":"https:\/\/eldigitaldeasturias.com\/magazine365\/renfe-refuerza-los-servicios-durante-las-fiestas-del-xiringuelu\/#breadcrumblist","itemListElement":[{"@type":"ListItem","@id":"https:\/\/eldigitaldeasturias.com\/magazine365#listItem","position":1,"name":"Home","item":"https:\/\/eldigitaldeasturias.com\/magazine365","nextItem":{"@type":"ListItem","@id":"https:\/\/eldigitaldeasturias.com\/magazine365\/category\/noticias-actualidad\/#listItem","name":"Noticias y Actualidad"}},{"@type":"ListItem","@id":"https:\/\/eldigitaldeasturias.com\/magazine365\/category\/noticias-actualidad\/#listItem","position":2,"name":"Noticias y Actualidad","item":"https:\/\/eldigitaldeasturias.com\/magazine365\/category\/noticias-actualidad\/","nextItem":{"@type":"ListItem","@id":"https:\/\/eldigitaldeasturias.com\/magazine365\/renfe-refuerza-los-servicios-durante-las-fiestas-del-xiringuelu\/#listItem","name":"Renfe refuerza los servicios durante las fiestas del Xiring\u00fcelu"},"previousItem":{"@type":"ListItem","@id":"https:\/\/eldigitaldeasturias.com\/magazine365#listItem","name":"Home"}},{"@type":"ListItem","@id":"https:\/\/eldigitaldeasturias.com\/magazine365\/renfe-refuerza-los-servicios-durante-las-fiestas-del-xiringuelu\/#listItem","position":3,"name":"Renfe refuerza los servicios durante las fiestas del Xiring\u00fcelu","previousItem":{"@type":"ListItem","@id":"https:\/\/eldigitaldeasturias.com\/magazine365\/category\/noticias-actualidad\/#listItem","name":"Noticias y Actualidad"}}]},{"@type":"Organization","@id":"https:\/\/eldigitaldeasturias.com\/magazine365\/#organization","name":"El digital de Asturias","description":"Revista de ocio, turismo y estilo de vida","url":"https:\/\/eldigitaldeasturias.com\/magazine365\/","logo":{"@type":"ImageObject","url":"https:\/\/www.eldigitaldeasturias.com\/noticias\/wp-content\/uploads\/2020\/12\/EDA.jpg","@id":"https:\/\/eldigitaldeasturias.com\/magazine365\/renfe-refuerza-los-servicios-durante-las-fiestas-del-xiringuelu\/#organizationLogo"},"image":{"@id":"https:\/\/eldigitaldeasturias.com\/magazine365\/renfe-refuerza-los-servicios-durante-las-fiestas-del-xiringuelu\/#organizationLogo"}},{"@type":"Person","@id":"https:\/\/eldigitaldeasturias.com\/magazine365\/author\/admin\/#author","url":"https:\/\/eldigitaldeasturias.com\/magazine365\/author\/admin\/","name":"admin","image":{"@type":"ImageObject","@id":"https:\/\/eldigitaldeasturias.com\/magazine365\/renfe-refuerza-los-servicios-durante-las-fiestas-del-xiringuelu\/#authorImage","url":"https:\/\/eldigitaldeasturias.com\/magazine365\/wp-content\/litespeed\/avatar\/e571bcf59a0edd6fa6838245a470f2fe.jpg?ver=1777574230","width":96,"height":96,"caption":"admin"}},{"@type":"WebPage","@id":"https:\/\/eldigitaldeasturias.com\/magazine365\/renfe-refuerza-los-servicios-durante-las-fiestas-del-xiringuelu\/#webpage","url":"https:\/\/eldigitaldeasturias.com\/magazine365\/renfe-refuerza-los-servicios-durante-las-fiestas-del-xiringuelu\/","name":"Renfe refuerza los servicios durante las fiestas del Xiring\u00fcelu | El Digital de Asturias","description":"El operador ferroviario Renfe ha decidido incrementar un a\u00f1o m\u00e1s su oferta de trenes de Ancho M\u00e9trico durante el domingo 9 de agosto, con motivo de la romer\u00eda de El Xiring\u00fcelu de Pravia. Seg\u00fan ha informado en una nota de prensa, adem\u00e1s de aumentar notablemente las plazas del servicio regular, Renfe Viajeros pondr\u00e1 en circulaci\u00f3n","inLanguage":"es-ES","isPartOf":{"@id":"https:\/\/eldigitaldeasturias.com\/magazine365\/#website"},"breadcrumb":{"@id":"https:\/\/eldigitaldeasturias.com\/magazine365\/renfe-refuerza-los-servicios-durante-las-fiestas-del-xiringuelu\/#breadcrumblist"},"author":{"@id":"https:\/\/eldigitaldeasturias.com\/magazine365\/author\/admin\/#author"},"creator":{"@id":"https:\/\/eldigitaldeasturias.com\/magazine365\/author\/admin\/#author"},"image":{"@type":"ImageObject","url":"https:\/\/eldigitaldeasturias.com\/magazine365\/wp-content\/uploads\/2015\/08\/fotonoticia_20150805122559_800.jpg","@id":"https:\/\/eldigitaldeasturias.com\/magazine365\/renfe-refuerza-los-servicios-durante-las-fiestas-del-xiringuelu\/#mainImage","width":800,"height":600},"primaryImageOfPage":{"@id":"https:\/\/eldigitaldeasturias.com\/magazine365\/renfe-refuerza-los-servicios-durante-las-fiestas-del-xiringuelu\/#mainImage"},"datePublished":"2015-08-05T13:59:23+02:00","dateModified":"2015-08-05T15:58:56+02:00"},{"@type":"WebSite","@id":"https:\/\/eldigitaldeasturias.com\/magazine365\/#website","url":"https:\/\/eldigitaldeasturias.com\/magazine365\/","name":"El Digital de Asturias","description":"Revista de ocio, turismo y estilo de vida","inLanguage":"es-ES","publisher":{"@id":"https:\/\/eldigitaldeasturias.com\/magazine365\/#organization"}}]},"og:locale":"es_ES","og:site_name":"El Digital de Asturias \u2013 Revista de ocio, turismo y estilo de vida","og:type":"article","og:title":"Renfe refuerza los servicios durante las fiestas del Xiring\u00fcelu | El Digital de Asturias","og:description":"El operador ferroviario Renfe ha decidido incrementar un a\u00f1o m\u00e1s su oferta de trenes de Ancho M\u00e9trico durante el domingo 9 de agosto, con motivo de la romer\u00eda de El Xiring\u00fcelu de Pravia. Seg\u00fan ha informado en una nota de prensa, adem\u00e1s de aumentar notablemente las plazas del servicio regular, Renfe Viajeros pondr\u00e1 en circulaci\u00f3n","og:url":"https:\/\/eldigitaldeasturias.com\/magazine365\/renfe-refuerza-los-servicios-durante-las-fiestas-del-xiringuelu\/","og:image":"https:\/\/eldigitaldeasturias.com\/magazine365\/wp-content\/uploads\/2015\/08\/fotonoticia_20150805122559_800.jpg","og:image:secure_url":"https:\/\/eldigitaldeasturias.com\/magazine365\/wp-content\/uploads\/2015\/08\/fotonoticia_20150805122559_800.jpg","og:image:width":800,"og:image:height":600,"article:published_time":"2015-08-05T11:59:23+00:00","article:modified_time":"2015-08-05T13:58:56+00:00","twitter:card":"summary_large_image","twitter:title":"Renfe refuerza los servicios durante las fiestas del Xiring\u00fcelu | El Digital de Asturias","twitter:description":"El operador ferroviario Renfe ha decidido incrementar un a\u00f1o m\u00e1s su oferta de trenes de Ancho M\u00e9trico durante el domingo 9 de agosto, con motivo de la romer\u00eda de El Xiring\u00fcelu de Pravia. Seg\u00fan ha informado en una nota de prensa, adem\u00e1s de aumentar notablemente las plazas del servicio regular, Renfe Viajeros pondr\u00e1 en circulaci\u00f3n","twitter:image":"https:\/\/eldigitaldeasturias.com\/magazine365\/wp-content\/uploads\/2015\/08\/fotonoticia_20150805122559_800.jpg"},"aioseo_meta_data":{"post_id":"44952","title":null,"description":null,"keywords":null,"keyphrases":null,"primary_term":null,"canonical_url":null,"og_title":null,"og_description":null,"og_object_type":"default","og_image_type":"default","og_image_url":null,"og_image_width":null,"og_image_height":null,"og_image_custom_url":null,"og_image_custom_fields":null,"og_video":null,"og_custom_url":null,"og_article_section":null,"og_article_tags":null,"twitter_use_og":false,"twitter_card":"default","twitter_image_type":"default","twitter_image_url":null,"twitter_image_custom_url":null,"twitter_image_custom_fields":null,"twitter_title":null,"twitter_description":null,"schema":{"blockGraphs":[],"customGraphs":[],"default":{"data":{"Article":[],"Course":[],"Dataset":[],"FAQPage":[],"Movie":[],"Person":[],"Product":[],"ProductReview":[],"Car":[],"Recipe":[],"Service":[],"SoftwareApplication":[],"WebPage":[]},"graphName":"","isEnabled":true},"graphs":[],"defaultGraph":"","defaultPostTypeGraph":""},"schema_type":null,"schema_type_options":null,"pillar_content":false,"robots_default":true,"robots_noindex":false,"robots_noarchive":false,"robots_nosnippet":false,"robots_nofollow":false,"robots_noimageindex":false,"robots_noodp":false,"robots_notranslate":false,"robots_max_snippet":null,"robots_max_videopreview":null,"robots_max_imagepreview":"large","priority":null,"frequency":null,"location":null,"local_seo":null,"seo_analyzer_scan_date":"2025-09-19 23:01:52","breadcrumb_settings":null,"limit_modified_date":false,"open_ai":null,"ai":null,"created":"2021-03-09 01:27:07","updated":"2025-09-19 23:01:52"},"aioseo_breadcrumb":"<div class=\"aioseo-breadcrumbs\"><span class=\"aioseo-breadcrumb\">\n\t<a href=\"https:\/\/eldigitaldeasturias.com\/magazine365\" title=\"Home\">Home<\/a>\n<\/span><span class=\"aioseo-breadcrumb-separator\">\u2013<\/span><span class=\"aioseo-breadcrumb\">\n\t<a href=\"https:\/\/eldigitaldeasturias.com\/magazine365\/category\/noticias-actualidad\/\" title=\"Noticias y Actualidad\">Noticias y Actualidad<\/a>\n<\/span><span class=\"aioseo-breadcrumb-separator\">\u2013<\/span><span class=\"aioseo-breadcrumb\">\n\t<a href=\"https:\/\/eldigitaldeasturias.com\/magazine365\/renfe-refuerza-los-servicios-durante-las-fiestas-del-xiringuelu\/\" title=\"Renfe refuerza los servicios durante las fiestas del Xiring\u00fcelu\">Renfe refuerza los servicios durante las fiestas del Xiring\u00fcelu<\/a>\n<\/span><\/div>","aioseo_breadcrumb_json":[{"label":"Home","link":"https:\/\/eldigitaldeasturias.com\/magazine365"},{"label":"Noticias y Actualidad","link":"https:\/\/eldigitaldeasturias.com\/magazine365\/category\/noticias-actualidad\/"},{"label":"Renfe refuerza los servicios durante las fiestas del Xiring\u00fcelu","link":"https:\/\/eldigitaldeasturias.com\/magazine365\/renfe-refuerza-los-servicios-durante-las-fiestas-del-xiringuelu\/"}],"_links":{"self":[{"href":"https:\/\/eldigitaldeasturias.com\/magazine365\/wp-json\/wp\/v2\/posts\/44952","targetHints":{"allow":["GET"]}}],"collection":[{"href":"https:\/\/eldigitaldeasturias.com\/magazine365\/wp-json\/wp\/v2\/posts"}],"about":[{"href":"https:\/\/eldigitaldeasturias.com\/magazine365\/wp-json\/wp\/v2\/types\/post"}],"author":[{"embeddable":true,"href":"https:\/\/eldigitaldeasturias.com\/magazine365\/wp-json\/wp\/v2\/users\/1"}],"replies":[{"embeddable":true,"href":"https:\/\/eldigitaldeasturias.com\/magazine365\/wp-json\/wp\/v2\/comments?post=44952"}],"version-history":[{"count":0,"href":"https:\/\/eldigitaldeasturias.com\/magazine365\/wp-json\/wp\/v2\/posts\/44952\/revisions"}],"wp:featuredmedia":[{"embeddable":true,"href":"https:\/\/eldigitaldeasturias.com\/magazine365\/wp-json\/wp\/v2\/media\/44953"}],"wp:attachment":[{"href":"https:\/\/eldigitaldeasturias.com\/magazine365\/wp-json\/wp\/v2\/media?parent=44952"}],"wp:term":[{"taxonomy":"category","embeddable":true,"href":"https:\/\/eldigitaldeasturias.com\/magazine365\/wp-json\/wp\/v2\/categories?post=44952"},{"taxonomy":"post_tag","embeddable":true,"href":"https:\/\/eldigitaldeasturias.com\/magazine365\/wp-json\/wp\/v2\/tags?post=44952"}],"curies":[{"name":"wp","href":"https:\/\/api.w.org\/{rel}","templated":true}]}}