{"id":44917,"date":"2015-08-04T23:40:19","date_gmt":"2015-08-04T21:40:19","guid":{"rendered":"http:\/\/eldigitaldeasturias.com\/magazine365\/?p=44917"},"modified":"2015-08-04T23:40:19","modified_gmt":"2015-08-04T21:40:19","slug":"el-presidente-canario-propone-una-tarifa-unica-para-que-los-turistas-que-van-a-el-hierro-no-paguen-trayecto-interinsular","status":"publish","type":"post","link":"https:\/\/eldigitaldeasturias.com\/magazine365\/el-presidente-canario-propone-una-tarifa-unica-para-que-los-turistas-que-van-a-el-hierro-no-paguen-trayecto-interinsular\/","title":{"rendered":"El presidente canario propone una tarifa \u00fanica para que los turistas que van a El Hierro no paguen trayecto interinsular"},"content":{"rendered":"<p><img fetchpriority=\"high\" decoding=\"async\" class=\"alignleft size-medium wp-image-44918\" src=\"https:\/\/eldigitaldeasturias.com\/magazine365\/wp-content\/uploads\/2015\/08\/fotonoticia_20150804174809_800-360x240.jpg\" alt=\"fotonoticia_20150804174809_800\" width=\"360\" height=\"240\" srcset=\"https:\/\/eldigitaldeasturias.com\/magazine365\/wp-content\/uploads\/2015\/08\/fotonoticia_20150804174809_800-360x240.jpg 360w, https:\/\/eldigitaldeasturias.com\/magazine365\/wp-content\/uploads\/2015\/08\/fotonoticia_20150804174809_800-650x433.jpg 650w, https:\/\/eldigitaldeasturias.com\/magazine365\/wp-content\/uploads\/2015\/08\/fotonoticia_20150804174809_800-768x512.jpg 768w, https:\/\/eldigitaldeasturias.com\/magazine365\/wp-content\/uploads\/2015\/08\/fotonoticia_20150804174809_800-150x100.jpg 150w, https:\/\/eldigitaldeasturias.com\/magazine365\/wp-content\/uploads\/2015\/08\/fotonoticia_20150804174809_800-450x300.jpg 450w, https:\/\/eldigitaldeasturias.com\/magazine365\/wp-content\/uploads\/2015\/08\/fotonoticia_20150804174809_800-696x464.jpg 696w, https:\/\/eldigitaldeasturias.com\/magazine365\/wp-content\/uploads\/2015\/08\/fotonoticia_20150804174809_800-630x420.jpg 630w, https:\/\/eldigitaldeasturias.com\/magazine365\/wp-content\/uploads\/2015\/08\/fotonoticia_20150804174809_800-84x55.jpg 84w, https:\/\/eldigitaldeasturias.com\/magazine365\/wp-content\/uploads\/2015\/08\/fotonoticia_20150804174809_800.jpg 800w\" sizes=\"(max-width: 360px) 100vw, 360px\" \/>El presidente del Gobierno de Canarias, Fernando Clavijo, ha propuesto una tarifa \u00abpunto a punto\u00bb para que los turistas que visitan El Hierro queden exentos del pago del vuelo extra que deben realizar desde Tenerife o Gran Canaria para acceder al aeropuerto herre\u00f1o.<\/p>\n<p>As\u00ed lo ha manifestado tras la reuni\u00f3n que ha mantenido hoy martes en Valverde con la presidenta del Cabildo de El Hierro, Bel\u00e9n Allende; los portavoces de los grupos de la Corporaci\u00f3n insular; los tres alcaldes de la isla, y con representantes del sector primario.<\/p>\n<p>\u00c9sta ha sido la primera visita institucional que Fernando Clavijo realiza a la isla de El Hierro como presidente del Gobierno de Canarias, en la que ha estado acompa\u00f1ado por el Consejero de Agricultura, Ganader\u00eda, Pesca y Aguas, Narvay Quintero.<\/p>\n<p>En ella, Fernando Clavijo ha adelantado que en la reuni\u00f3n con los directivos de Aena que se celebrar\u00e1 en septiembre, con la presencia del Secretario de Estado de Infraestructuras, plantear\u00e1 que el Estado autorice las obras que son necesarias para que las compa\u00f1\u00edas a\u00e9reas puedan operar, sin escalas, entre El Hierro y la Pen\u00ednsula, y viceversa, una opci\u00f3n que hoy no es posible por las caracter\u00edsticas de la pista del aeropuerto de Los Cangrejos.<\/p>\n<p>El presidente tambi\u00e9n ha destacado c\u00f3mo El Hierro ha sido capaz de definir una filosof\u00eda propia basada en la sostenibilidad, las energ\u00edas limpias y la conservaci\u00f3n de su paisaje. \u00abEs una isla que requiere un tratamiento diferente; por eso tenemos que facilitar las herramientas para que sus sectores productivos puedan ser m\u00e1s competitivos, mejorando la conectividad a\u00e9rea y mar\u00edtima, y abaratando el coste del transporte\u00bb, coment\u00f3.<\/p>\n<p>Clavijo se refiri\u00f3, a este respecto, al incremento en 36 millones de euros incluido en el proyecto de ley de los Presupuestos Generales del Estado para 2016, que permitir\u00e1 avanzar en la compensaci\u00f3n al transporte de mercanc\u00edas de productos agrarios e industriales.<\/p>\n<p>Por otro lado, Fernando Clavijo ha se\u00f1alado que los Cabildos ser\u00e1n \u00abestrat\u00e9gicos\u00bb en la definici\u00f3n de sus modelos de desarrollo, y ha avanzado que el Ejecutivo trabajar\u00e1 \u00abde forma coordinada\u00bb con estas instituciones para que las decisiones se adapten a las especificidades y prioridades de cada isla.<\/p>\n<p>SECTOR PRIMARIO COMO ELEMENTO DINAMIZADOR<\/p>\n<p>Durante el encuentro con el mandatario canario, la presidenta del Cabildo expuso que el sector primario puede ser un elemento dinamizador para la econom\u00eda herre\u00f1a, pero para ello ve \u00abimprescindible\u00bb que existan sinergias con el sector tur\u00edstico y que el Gobierno garantice un desarrollo \u00abequilibrado y asumible\u00bb de las comunicaciones.<\/p>\n<p>\u00abVivimos en un territorio con una enorme potencialidad para el sector primario y debemos implicar a todos los sectores, seguir avanzando en la sostenibilidad, el autoabastecimiento y la innovaci\u00f3n entre las nuevas generaciones que se incorporen al sector rural\u00bb, apunt\u00f3.<\/p>\n<p>Allende tambi\u00e9n demand\u00f3 que la compensaci\u00f3n al transporte de mercanc\u00edas ascienda hasta el 100% entre las islas y pidi\u00f3, adem\u00e1s, un aumento de la bonificaci\u00f3n para los residentes hasta el 75%.<\/p>\n<p>Los representante del sector primario plantearon a Clavijo las dificultades a las que se enfrentan y los esfuerzos que han debido realizar para mantener vivas sus producciones.<\/p>\n<p>Entre los diferentes temas que expusieron, adem\u00e1s del transporte, figuran el papel de las cooperativas como un elemento \u00abaglutinador\u00bb, el futuro de la agricultura ecol\u00f3gica, la recuperaci\u00f3n de la oveja aut\u00f3ctona, el aumento de los controles fitosanitarios, los seguros colectivos, el proyecto de la cuarta gama o la regeneraci\u00f3n de la pi\u00f1a tropical.<\/p>\n","protected":false},"excerpt":{"rendered":"<p>El presidente del Gobierno de Canarias, Fernando Clavijo, ha propuesto una tarifa \u00abpunto a punto\u00bb para que los turistas que visitan El Hierro queden exentos del pago del vuelo extra que deben realizar desde Tenerife o Gran Canaria para acceder al aeropuerto herre\u00f1o. As\u00ed lo ha manifestado tras la reuni\u00f3n que ha mantenido hoy martes<\/p>\n","protected":false},"author":1,"featured_media":44918,"comment_status":"open","ping_status":"closed","sticky":false,"template":"","format":"standard","meta":{"footnotes":""},"categories":[224],"tags":[],"class_list":{"0":"post-44917","1":"post","2":"type-post","3":"status-publish","4":"format-standard","5":"has-post-thumbnail","7":"category-noticias-actualidad"},"aioseo_notices":[],"aioseo_head":"\n\t\t<!-- All in One SEO Pro 4.9.6.1 - aioseo.com -->\n\t<meta name=\"description\" content=\"El presidente del Gobierno de Canarias, Fernando Clavijo, ha propuesto una tarifa &quot;punto a punto&quot; para que los turistas que visitan El Hierro queden exentos del pago del vuelo extra que deben realizar desde Tenerife o Gran Canaria para acceder al aeropuerto herre\u00f1o. As\u00ed lo ha manifestado tras la reuni\u00f3n que ha mantenido hoy martes\" \/>\n\t<meta name=\"robots\" content=\"max-image-preview:large\" \/>\n\t<meta name=\"author\" content=\"admin\"\/>\n\t<meta name=\"google-site-verification\" content=\"UA-38556648-1\" \/>\n\t<meta name=\"keywords\" content=\"noticias y actualidad\" \/>\n\t<link rel=\"canonical\" href=\"https:\/\/eldigitaldeasturias.com\/magazine365\/el-presidente-canario-propone-una-tarifa-unica-para-que-los-turistas-que-van-a-el-hierro-no-paguen-trayecto-interinsular\/\" \/>\n\t<meta name=\"generator\" content=\"All in One SEO Pro (AIOSEO) 4.9.6.1\" \/>\n\t\t<meta property=\"og:locale\" content=\"es_ES\" \/>\n\t\t<meta property=\"og:site_name\" content=\"El Digital de Asturias \u2013 Revista de ocio, turismo y estilo de vida\" \/>\n\t\t<meta property=\"og:type\" content=\"article\" \/>\n\t\t<meta property=\"og:title\" content=\"El presidente canario propone una tarifa \u00fanica para que los turistas que van a El Hierro no paguen trayecto interinsular | El Digital de Asturias\" \/>\n\t\t<meta property=\"og:description\" content=\"El presidente del Gobierno de Canarias, Fernando Clavijo, ha propuesto una tarifa &quot;punto a punto&quot; para que los turistas que visitan El Hierro queden exentos del pago del vuelo extra que deben realizar desde Tenerife o Gran Canaria para acceder al aeropuerto herre\u00f1o. As\u00ed lo ha manifestado tras la reuni\u00f3n que ha mantenido hoy martes\" \/>\n\t\t<meta property=\"og:url\" content=\"https:\/\/eldigitaldeasturias.com\/magazine365\/el-presidente-canario-propone-una-tarifa-unica-para-que-los-turistas-que-van-a-el-hierro-no-paguen-trayecto-interinsular\/\" \/>\n\t\t<meta property=\"og:image\" content=\"https:\/\/eldigitaldeasturias.com\/magazine365\/wp-content\/uploads\/2015\/08\/fotonoticia_20150804174809_800.jpg\" \/>\n\t\t<meta property=\"og:image:secure_url\" content=\"https:\/\/eldigitaldeasturias.com\/magazine365\/wp-content\/uploads\/2015\/08\/fotonoticia_20150804174809_800.jpg\" \/>\n\t\t<meta property=\"og:image:width\" content=\"800\" \/>\n\t\t<meta property=\"og:image:height\" content=\"533\" \/>\n\t\t<meta property=\"article:published_time\" content=\"2015-08-04T21:40:19+00:00\" \/>\n\t\t<meta property=\"article:modified_time\" content=\"2015-08-04T21:40:19+00:00\" \/>\n\t\t<meta name=\"twitter:card\" content=\"summary_large_image\" \/>\n\t\t<meta name=\"twitter:title\" content=\"El presidente canario propone una tarifa \u00fanica para que los turistas que van a El Hierro no paguen trayecto interinsular | El Digital de Asturias\" \/>\n\t\t<meta name=\"twitter:description\" content=\"El presidente del Gobierno de Canarias, Fernando Clavijo, ha propuesto una tarifa &quot;punto a punto&quot; para que los turistas que visitan El Hierro queden exentos del pago del vuelo extra que deben realizar desde Tenerife o Gran Canaria para acceder al aeropuerto herre\u00f1o. As\u00ed lo ha manifestado tras la reuni\u00f3n que ha mantenido hoy martes\" \/>\n\t\t<meta name=\"twitter:image\" content=\"https:\/\/eldigitaldeasturias.com\/magazine365\/wp-content\/uploads\/2015\/08\/fotonoticia_20150804174809_800.jpg\" \/>\n\t\t<script type=\"application\/ld+json\" class=\"aioseo-schema\">\n\t\t\t{\"@context\":\"https:\\\/\\\/schema.org\",\"@graph\":[{\"@type\":\"Article\",\"@id\":\"https:\\\/\\\/eldigitaldeasturias.com\\\/magazine365\\\/el-presidente-canario-propone-una-tarifa-unica-para-que-los-turistas-que-van-a-el-hierro-no-paguen-trayecto-interinsular\\\/#article\",\"name\":\"El presidente canario propone una tarifa \\u00fanica para que los turistas que van a El Hierro no paguen trayecto interinsular | El Digital de Asturias\",\"headline\":\"El presidente canario propone una tarifa \\u00fanica para que los turistas que van a El Hierro no paguen trayecto interinsular\",\"author\":{\"@id\":\"https:\\\/\\\/eldigitaldeasturias.com\\\/magazine365\\\/author\\\/admin\\\/#author\"},\"publisher\":{\"@id\":\"https:\\\/\\\/eldigitaldeasturias.com\\\/magazine365\\\/#organization\"},\"image\":{\"@type\":\"ImageObject\",\"url\":\"https:\\\/\\\/eldigitaldeasturias.com\\\/magazine365\\\/wp-content\\\/uploads\\\/2015\\\/08\\\/fotonoticia_20150804174809_800.jpg\",\"width\":800,\"height\":533},\"datePublished\":\"2015-08-04T23:40:19+02:00\",\"dateModified\":\"2015-08-04T23:40:19+02:00\",\"inLanguage\":\"es-ES\",\"mainEntityOfPage\":{\"@id\":\"https:\\\/\\\/eldigitaldeasturias.com\\\/magazine365\\\/el-presidente-canario-propone-una-tarifa-unica-para-que-los-turistas-que-van-a-el-hierro-no-paguen-trayecto-interinsular\\\/#webpage\"},\"isPartOf\":{\"@id\":\"https:\\\/\\\/eldigitaldeasturias.com\\\/magazine365\\\/el-presidente-canario-propone-una-tarifa-unica-para-que-los-turistas-que-van-a-el-hierro-no-paguen-trayecto-interinsular\\\/#webpage\"},\"articleSection\":\"Noticias y Actualidad\"},{\"@type\":\"BreadcrumbList\",\"@id\":\"https:\\\/\\\/eldigitaldeasturias.com\\\/magazine365\\\/el-presidente-canario-propone-una-tarifa-unica-para-que-los-turistas-que-van-a-el-hierro-no-paguen-trayecto-interinsular\\\/#breadcrumblist\",\"itemListElement\":[{\"@type\":\"ListItem\",\"@id\":\"https:\\\/\\\/eldigitaldeasturias.com\\\/magazine365#listItem\",\"position\":1,\"name\":\"Home\",\"item\":\"https:\\\/\\\/eldigitaldeasturias.com\\\/magazine365\",\"nextItem\":{\"@type\":\"ListItem\",\"@id\":\"https:\\\/\\\/eldigitaldeasturias.com\\\/magazine365\\\/category\\\/noticias-actualidad\\\/#listItem\",\"name\":\"Noticias y Actualidad\"}},{\"@type\":\"ListItem\",\"@id\":\"https:\\\/\\\/eldigitaldeasturias.com\\\/magazine365\\\/category\\\/noticias-actualidad\\\/#listItem\",\"position\":2,\"name\":\"Noticias y Actualidad\",\"item\":\"https:\\\/\\\/eldigitaldeasturias.com\\\/magazine365\\\/category\\\/noticias-actualidad\\\/\",\"nextItem\":{\"@type\":\"ListItem\",\"@id\":\"https:\\\/\\\/eldigitaldeasturias.com\\\/magazine365\\\/el-presidente-canario-propone-una-tarifa-unica-para-que-los-turistas-que-van-a-el-hierro-no-paguen-trayecto-interinsular\\\/#listItem\",\"name\":\"El presidente canario propone una tarifa \\u00fanica para que los turistas que van a El Hierro no paguen trayecto interinsular\"},\"previousItem\":{\"@type\":\"ListItem\",\"@id\":\"https:\\\/\\\/eldigitaldeasturias.com\\\/magazine365#listItem\",\"name\":\"Home\"}},{\"@type\":\"ListItem\",\"@id\":\"https:\\\/\\\/eldigitaldeasturias.com\\\/magazine365\\\/el-presidente-canario-propone-una-tarifa-unica-para-que-los-turistas-que-van-a-el-hierro-no-paguen-trayecto-interinsular\\\/#listItem\",\"position\":3,\"name\":\"El presidente canario propone una tarifa \\u00fanica para que los turistas que van a El Hierro no paguen trayecto interinsular\",\"previousItem\":{\"@type\":\"ListItem\",\"@id\":\"https:\\\/\\\/eldigitaldeasturias.com\\\/magazine365\\\/category\\\/noticias-actualidad\\\/#listItem\",\"name\":\"Noticias y Actualidad\"}}]},{\"@type\":\"Organization\",\"@id\":\"https:\\\/\\\/eldigitaldeasturias.com\\\/magazine365\\\/#organization\",\"name\":\"El digital de Asturias\",\"description\":\"Revista de ocio, turismo y estilo de vida\",\"url\":\"https:\\\/\\\/eldigitaldeasturias.com\\\/magazine365\\\/\",\"logo\":{\"@type\":\"ImageObject\",\"url\":\"https:\\\/\\\/www.eldigitaldeasturias.com\\\/noticias\\\/wp-content\\\/uploads\\\/2020\\\/12\\\/EDA.jpg\",\"@id\":\"https:\\\/\\\/eldigitaldeasturias.com\\\/magazine365\\\/el-presidente-canario-propone-una-tarifa-unica-para-que-los-turistas-que-van-a-el-hierro-no-paguen-trayecto-interinsular\\\/#organizationLogo\"},\"image\":{\"@id\":\"https:\\\/\\\/eldigitaldeasturias.com\\\/magazine365\\\/el-presidente-canario-propone-una-tarifa-unica-para-que-los-turistas-que-van-a-el-hierro-no-paguen-trayecto-interinsular\\\/#organizationLogo\"}},{\"@type\":\"Person\",\"@id\":\"https:\\\/\\\/eldigitaldeasturias.com\\\/magazine365\\\/author\\\/admin\\\/#author\",\"url\":\"https:\\\/\\\/eldigitaldeasturias.com\\\/magazine365\\\/author\\\/admin\\\/\",\"name\":\"admin\",\"image\":{\"@type\":\"ImageObject\",\"@id\":\"https:\\\/\\\/eldigitaldeasturias.com\\\/magazine365\\\/el-presidente-canario-propone-una-tarifa-unica-para-que-los-turistas-que-van-a-el-hierro-no-paguen-trayecto-interinsular\\\/#authorImage\",\"url\":\"https:\\\/\\\/eldigitaldeasturias.com\\\/magazine365\\\/wp-content\\\/litespeed\\\/avatar\\\/e571bcf59a0edd6fa6838245a470f2fe.jpg?ver=1777574230\",\"width\":96,\"height\":96,\"caption\":\"admin\"}},{\"@type\":\"WebPage\",\"@id\":\"https:\\\/\\\/eldigitaldeasturias.com\\\/magazine365\\\/el-presidente-canario-propone-una-tarifa-unica-para-que-los-turistas-que-van-a-el-hierro-no-paguen-trayecto-interinsular\\\/#webpage\",\"url\":\"https:\\\/\\\/eldigitaldeasturias.com\\\/magazine365\\\/el-presidente-canario-propone-una-tarifa-unica-para-que-los-turistas-que-van-a-el-hierro-no-paguen-trayecto-interinsular\\\/\",\"name\":\"El presidente canario propone una tarifa \\u00fanica para que los turistas que van a El Hierro no paguen trayecto interinsular | El Digital de Asturias\",\"description\":\"El presidente del Gobierno de Canarias, Fernando Clavijo, ha propuesto una tarifa \\\"punto a punto\\\" para que los turistas que visitan El Hierro queden exentos del pago del vuelo extra que deben realizar desde Tenerife o Gran Canaria para acceder al aeropuerto herre\\u00f1o. As\\u00ed lo ha manifestado tras la reuni\\u00f3n que ha mantenido hoy martes\",\"inLanguage\":\"es-ES\",\"isPartOf\":{\"@id\":\"https:\\\/\\\/eldigitaldeasturias.com\\\/magazine365\\\/#website\"},\"breadcrumb\":{\"@id\":\"https:\\\/\\\/eldigitaldeasturias.com\\\/magazine365\\\/el-presidente-canario-propone-una-tarifa-unica-para-que-los-turistas-que-van-a-el-hierro-no-paguen-trayecto-interinsular\\\/#breadcrumblist\"},\"author\":{\"@id\":\"https:\\\/\\\/eldigitaldeasturias.com\\\/magazine365\\\/author\\\/admin\\\/#author\"},\"creator\":{\"@id\":\"https:\\\/\\\/eldigitaldeasturias.com\\\/magazine365\\\/author\\\/admin\\\/#author\"},\"image\":{\"@type\":\"ImageObject\",\"url\":\"https:\\\/\\\/eldigitaldeasturias.com\\\/magazine365\\\/wp-content\\\/uploads\\\/2015\\\/08\\\/fotonoticia_20150804174809_800.jpg\",\"@id\":\"https:\\\/\\\/eldigitaldeasturias.com\\\/magazine365\\\/el-presidente-canario-propone-una-tarifa-unica-para-que-los-turistas-que-van-a-el-hierro-no-paguen-trayecto-interinsular\\\/#mainImage\",\"width\":800,\"height\":533},\"primaryImageOfPage\":{\"@id\":\"https:\\\/\\\/eldigitaldeasturias.com\\\/magazine365\\\/el-presidente-canario-propone-una-tarifa-unica-para-que-los-turistas-que-van-a-el-hierro-no-paguen-trayecto-interinsular\\\/#mainImage\"},\"datePublished\":\"2015-08-04T23:40:19+02:00\",\"dateModified\":\"2015-08-04T23:40:19+02:00\"},{\"@type\":\"WebSite\",\"@id\":\"https:\\\/\\\/eldigitaldeasturias.com\\\/magazine365\\\/#website\",\"url\":\"https:\\\/\\\/eldigitaldeasturias.com\\\/magazine365\\\/\",\"name\":\"El Digital de Asturias\",\"description\":\"Revista de ocio, turismo y estilo de vida\",\"inLanguage\":\"es-ES\",\"publisher\":{\"@id\":\"https:\\\/\\\/eldigitaldeasturias.com\\\/magazine365\\\/#organization\"}}]}\n\t\t<\/script>\n\t\t<!-- All in One SEO Pro -->\r\n\t\t<title>El presidente canario propone una tarifa \u00fanica para que los turistas que van a El Hierro no paguen trayecto interinsular | El Digital de Asturias<\/title>\n\n","aioseo_head_json":{"title":"El presidente canario propone una tarifa \u00fanica para que los turistas que van a El Hierro no paguen trayecto interinsular | El Digital de Asturias","description":"El presidente del Gobierno de Canarias, Fernando Clavijo, ha propuesto una tarifa \"punto a punto\" para que los turistas que visitan El Hierro queden exentos del pago del vuelo extra que deben realizar desde Tenerife o Gran Canaria para acceder al aeropuerto herre\u00f1o. As\u00ed lo ha manifestado tras la reuni\u00f3n que ha mantenido hoy martes","canonical_url":"https:\/\/eldigitaldeasturias.com\/magazine365\/el-presidente-canario-propone-una-tarifa-unica-para-que-los-turistas-que-van-a-el-hierro-no-paguen-trayecto-interinsular\/","robots":"max-image-preview:large","keywords":"noticias y actualidad","webmasterTools":{"google-site-verification":"UA-38556648-1","miscellaneous":""},"schema":{"@context":"https:\/\/schema.org","@graph":[{"@type":"Article","@id":"https:\/\/eldigitaldeasturias.com\/magazine365\/el-presidente-canario-propone-una-tarifa-unica-para-que-los-turistas-que-van-a-el-hierro-no-paguen-trayecto-interinsular\/#article","name":"El presidente canario propone una tarifa \u00fanica para que los turistas que van a El Hierro no paguen trayecto interinsular | El Digital de Asturias","headline":"El presidente canario propone una tarifa \u00fanica para que los turistas que van a El Hierro no paguen trayecto interinsular","author":{"@id":"https:\/\/eldigitaldeasturias.com\/magazine365\/author\/admin\/#author"},"publisher":{"@id":"https:\/\/eldigitaldeasturias.com\/magazine365\/#organization"},"image":{"@type":"ImageObject","url":"https:\/\/eldigitaldeasturias.com\/magazine365\/wp-content\/uploads\/2015\/08\/fotonoticia_20150804174809_800.jpg","width":800,"height":533},"datePublished":"2015-08-04T23:40:19+02:00","dateModified":"2015-08-04T23:40:19+02:00","inLanguage":"es-ES","mainEntityOfPage":{"@id":"https:\/\/eldigitaldeasturias.com\/magazine365\/el-presidente-canario-propone-una-tarifa-unica-para-que-los-turistas-que-van-a-el-hierro-no-paguen-trayecto-interinsular\/#webpage"},"isPartOf":{"@id":"https:\/\/eldigitaldeasturias.com\/magazine365\/el-presidente-canario-propone-una-tarifa-unica-para-que-los-turistas-que-van-a-el-hierro-no-paguen-trayecto-interinsular\/#webpage"},"articleSection":"Noticias y Actualidad"},{"@type":"BreadcrumbList","@id":"https:\/\/eldigitaldeasturias.com\/magazine365\/el-presidente-canario-propone-una-tarifa-unica-para-que-los-turistas-que-van-a-el-hierro-no-paguen-trayecto-interinsular\/#breadcrumblist","itemListElement":[{"@type":"ListItem","@id":"https:\/\/eldigitaldeasturias.com\/magazine365#listItem","position":1,"name":"Home","item":"https:\/\/eldigitaldeasturias.com\/magazine365","nextItem":{"@type":"ListItem","@id":"https:\/\/eldigitaldeasturias.com\/magazine365\/category\/noticias-actualidad\/#listItem","name":"Noticias y Actualidad"}},{"@type":"ListItem","@id":"https:\/\/eldigitaldeasturias.com\/magazine365\/category\/noticias-actualidad\/#listItem","position":2,"name":"Noticias y Actualidad","item":"https:\/\/eldigitaldeasturias.com\/magazine365\/category\/noticias-actualidad\/","nextItem":{"@type":"ListItem","@id":"https:\/\/eldigitaldeasturias.com\/magazine365\/el-presidente-canario-propone-una-tarifa-unica-para-que-los-turistas-que-van-a-el-hierro-no-paguen-trayecto-interinsular\/#listItem","name":"El presidente canario propone una tarifa \u00fanica para que los turistas que van a El Hierro no paguen trayecto interinsular"},"previousItem":{"@type":"ListItem","@id":"https:\/\/eldigitaldeasturias.com\/magazine365#listItem","name":"Home"}},{"@type":"ListItem","@id":"https:\/\/eldigitaldeasturias.com\/magazine365\/el-presidente-canario-propone-una-tarifa-unica-para-que-los-turistas-que-van-a-el-hierro-no-paguen-trayecto-interinsular\/#listItem","position":3,"name":"El presidente canario propone una tarifa \u00fanica para que los turistas que van a El Hierro no paguen trayecto interinsular","previousItem":{"@type":"ListItem","@id":"https:\/\/eldigitaldeasturias.com\/magazine365\/category\/noticias-actualidad\/#listItem","name":"Noticias y Actualidad"}}]},{"@type":"Organization","@id":"https:\/\/eldigitaldeasturias.com\/magazine365\/#organization","name":"El digital de Asturias","description":"Revista de ocio, turismo y estilo de vida","url":"https:\/\/eldigitaldeasturias.com\/magazine365\/","logo":{"@type":"ImageObject","url":"https:\/\/www.eldigitaldeasturias.com\/noticias\/wp-content\/uploads\/2020\/12\/EDA.jpg","@id":"https:\/\/eldigitaldeasturias.com\/magazine365\/el-presidente-canario-propone-una-tarifa-unica-para-que-los-turistas-que-van-a-el-hierro-no-paguen-trayecto-interinsular\/#organizationLogo"},"image":{"@id":"https:\/\/eldigitaldeasturias.com\/magazine365\/el-presidente-canario-propone-una-tarifa-unica-para-que-los-turistas-que-van-a-el-hierro-no-paguen-trayecto-interinsular\/#organizationLogo"}},{"@type":"Person","@id":"https:\/\/eldigitaldeasturias.com\/magazine365\/author\/admin\/#author","url":"https:\/\/eldigitaldeasturias.com\/magazine365\/author\/admin\/","name":"admin","image":{"@type":"ImageObject","@id":"https:\/\/eldigitaldeasturias.com\/magazine365\/el-presidente-canario-propone-una-tarifa-unica-para-que-los-turistas-que-van-a-el-hierro-no-paguen-trayecto-interinsular\/#authorImage","url":"https:\/\/eldigitaldeasturias.com\/magazine365\/wp-content\/litespeed\/avatar\/e571bcf59a0edd6fa6838245a470f2fe.jpg?ver=1777574230","width":96,"height":96,"caption":"admin"}},{"@type":"WebPage","@id":"https:\/\/eldigitaldeasturias.com\/magazine365\/el-presidente-canario-propone-una-tarifa-unica-para-que-los-turistas-que-van-a-el-hierro-no-paguen-trayecto-interinsular\/#webpage","url":"https:\/\/eldigitaldeasturias.com\/magazine365\/el-presidente-canario-propone-una-tarifa-unica-para-que-los-turistas-que-van-a-el-hierro-no-paguen-trayecto-interinsular\/","name":"El presidente canario propone una tarifa \u00fanica para que los turistas que van a El Hierro no paguen trayecto interinsular | El Digital de Asturias","description":"El presidente del Gobierno de Canarias, Fernando Clavijo, ha propuesto una tarifa \"punto a punto\" para que los turistas que visitan El Hierro queden exentos del pago del vuelo extra que deben realizar desde Tenerife o Gran Canaria para acceder al aeropuerto herre\u00f1o. As\u00ed lo ha manifestado tras la reuni\u00f3n que ha mantenido hoy martes","inLanguage":"es-ES","isPartOf":{"@id":"https:\/\/eldigitaldeasturias.com\/magazine365\/#website"},"breadcrumb":{"@id":"https:\/\/eldigitaldeasturias.com\/magazine365\/el-presidente-canario-propone-una-tarifa-unica-para-que-los-turistas-que-van-a-el-hierro-no-paguen-trayecto-interinsular\/#breadcrumblist"},"author":{"@id":"https:\/\/eldigitaldeasturias.com\/magazine365\/author\/admin\/#author"},"creator":{"@id":"https:\/\/eldigitaldeasturias.com\/magazine365\/author\/admin\/#author"},"image":{"@type":"ImageObject","url":"https:\/\/eldigitaldeasturias.com\/magazine365\/wp-content\/uploads\/2015\/08\/fotonoticia_20150804174809_800.jpg","@id":"https:\/\/eldigitaldeasturias.com\/magazine365\/el-presidente-canario-propone-una-tarifa-unica-para-que-los-turistas-que-van-a-el-hierro-no-paguen-trayecto-interinsular\/#mainImage","width":800,"height":533},"primaryImageOfPage":{"@id":"https:\/\/eldigitaldeasturias.com\/magazine365\/el-presidente-canario-propone-una-tarifa-unica-para-que-los-turistas-que-van-a-el-hierro-no-paguen-trayecto-interinsular\/#mainImage"},"datePublished":"2015-08-04T23:40:19+02:00","dateModified":"2015-08-04T23:40:19+02:00"},{"@type":"WebSite","@id":"https:\/\/eldigitaldeasturias.com\/magazine365\/#website","url":"https:\/\/eldigitaldeasturias.com\/magazine365\/","name":"El Digital de Asturias","description":"Revista de ocio, turismo y estilo de vida","inLanguage":"es-ES","publisher":{"@id":"https:\/\/eldigitaldeasturias.com\/magazine365\/#organization"}}]},"og:locale":"es_ES","og:site_name":"El Digital de Asturias \u2013 Revista de ocio, turismo y estilo de vida","og:type":"article","og:title":"El presidente canario propone una tarifa \u00fanica para que los turistas que van a El Hierro no paguen trayecto interinsular | El Digital de Asturias","og:description":"El presidente del Gobierno de Canarias, Fernando Clavijo, ha propuesto una tarifa &quot;punto a punto&quot; para que los turistas que visitan El Hierro queden exentos del pago del vuelo extra que deben realizar desde Tenerife o Gran Canaria para acceder al aeropuerto herre\u00f1o. As\u00ed lo ha manifestado tras la reuni\u00f3n que ha mantenido hoy martes","og:url":"https:\/\/eldigitaldeasturias.com\/magazine365\/el-presidente-canario-propone-una-tarifa-unica-para-que-los-turistas-que-van-a-el-hierro-no-paguen-trayecto-interinsular\/","og:image":"https:\/\/eldigitaldeasturias.com\/magazine365\/wp-content\/uploads\/2015\/08\/fotonoticia_20150804174809_800.jpg","og:image:secure_url":"https:\/\/eldigitaldeasturias.com\/magazine365\/wp-content\/uploads\/2015\/08\/fotonoticia_20150804174809_800.jpg","og:image:width":800,"og:image:height":533,"article:published_time":"2015-08-04T21:40:19+00:00","article:modified_time":"2015-08-04T21:40:19+00:00","twitter:card":"summary_large_image","twitter:title":"El presidente canario propone una tarifa \u00fanica para que los turistas que van a El Hierro no paguen trayecto interinsular | El Digital de Asturias","twitter:description":"El presidente del Gobierno de Canarias, Fernando Clavijo, ha propuesto una tarifa &quot;punto a punto&quot; para que los turistas que visitan El Hierro queden exentos del pago del vuelo extra que deben realizar desde Tenerife o Gran Canaria para acceder al aeropuerto herre\u00f1o. As\u00ed lo ha manifestado tras la reuni\u00f3n que ha mantenido hoy martes","twitter:image":"https:\/\/eldigitaldeasturias.com\/magazine365\/wp-content\/uploads\/2015\/08\/fotonoticia_20150804174809_800.jpg"},"aioseo_meta_data":{"post_id":"44917","title":null,"description":null,"keywords":null,"keyphrases":null,"primary_term":null,"canonical_url":null,"og_title":null,"og_description":null,"og_object_type":"default","og_image_type":"default","og_image_url":null,"og_image_width":null,"og_image_height":null,"og_image_custom_url":null,"og_image_custom_fields":null,"og_video":null,"og_custom_url":null,"og_article_section":null,"og_article_tags":null,"twitter_use_og":false,"twitter_card":"default","twitter_image_type":"default","twitter_image_url":null,"twitter_image_custom_url":null,"twitter_image_custom_fields":null,"twitter_title":null,"twitter_description":null,"schema":{"blockGraphs":[],"customGraphs":[],"default":{"data":{"Article":[],"Course":[],"Dataset":[],"FAQPage":[],"Movie":[],"Person":[],"Product":[],"ProductReview":[],"Car":[],"Recipe":[],"Service":[],"SoftwareApplication":[],"WebPage":[]},"graphName":"","isEnabled":true},"graphs":[],"defaultGraph":"","defaultPostTypeGraph":""},"schema_type":null,"schema_type_options":null,"pillar_content":false,"robots_default":true,"robots_noindex":false,"robots_noarchive":false,"robots_nosnippet":false,"robots_nofollow":false,"robots_noimageindex":false,"robots_noodp":false,"robots_notranslate":false,"robots_max_snippet":null,"robots_max_videopreview":null,"robots_max_imagepreview":"large","priority":null,"frequency":null,"location":null,"local_seo":null,"seo_analyzer_scan_date":"2025-09-19 22:58:07","breadcrumb_settings":null,"limit_modified_date":false,"open_ai":null,"ai":null,"created":"2021-03-09 01:27:42","updated":"2025-09-19 22:58:07"},"aioseo_breadcrumb":"<div class=\"aioseo-breadcrumbs\"><span class=\"aioseo-breadcrumb\">\n\t<a href=\"https:\/\/eldigitaldeasturias.com\/magazine365\" title=\"Home\">Home<\/a>\n<\/span><span class=\"aioseo-breadcrumb-separator\">\u2013<\/span><span class=\"aioseo-breadcrumb\">\n\t<a href=\"https:\/\/eldigitaldeasturias.com\/magazine365\/category\/noticias-actualidad\/\" title=\"Noticias y Actualidad\">Noticias y Actualidad<\/a>\n<\/span><span class=\"aioseo-breadcrumb-separator\">\u2013<\/span><span class=\"aioseo-breadcrumb\">\n\t<a href=\"https:\/\/eldigitaldeasturias.com\/magazine365\/el-presidente-canario-propone-una-tarifa-unica-para-que-los-turistas-que-van-a-el-hierro-no-paguen-trayecto-interinsular\/\" title=\"El presidente canario propone una tarifa \u00fanica para que los turistas que van a El Hierro no paguen trayecto interinsular\">El presidente canario propone una tarifa \u00fanica para que los turistas que van a El Hierro no paguen trayecto interinsular<\/a>\n<\/span><\/div>","aioseo_breadcrumb_json":[{"label":"Home","link":"https:\/\/eldigitaldeasturias.com\/magazine365"},{"label":"Noticias y Actualidad","link":"https:\/\/eldigitaldeasturias.com\/magazine365\/category\/noticias-actualidad\/"},{"label":"El presidente canario propone una tarifa \u00fanica para que los turistas que van a El Hierro no paguen trayecto interinsular","link":"https:\/\/eldigitaldeasturias.com\/magazine365\/el-presidente-canario-propone-una-tarifa-unica-para-que-los-turistas-que-van-a-el-hierro-no-paguen-trayecto-interinsular\/"}],"_links":{"self":[{"href":"https:\/\/eldigitaldeasturias.com\/magazine365\/wp-json\/wp\/v2\/posts\/44917","targetHints":{"allow":["GET"]}}],"collection":[{"href":"https:\/\/eldigitaldeasturias.com\/magazine365\/wp-json\/wp\/v2\/posts"}],"about":[{"href":"https:\/\/eldigitaldeasturias.com\/magazine365\/wp-json\/wp\/v2\/types\/post"}],"author":[{"embeddable":true,"href":"https:\/\/eldigitaldeasturias.com\/magazine365\/wp-json\/wp\/v2\/users\/1"}],"replies":[{"embeddable":true,"href":"https:\/\/eldigitaldeasturias.com\/magazine365\/wp-json\/wp\/v2\/comments?post=44917"}],"version-history":[{"count":0,"href":"https:\/\/eldigitaldeasturias.com\/magazine365\/wp-json\/wp\/v2\/posts\/44917\/revisions"}],"wp:featuredmedia":[{"embeddable":true,"href":"https:\/\/eldigitaldeasturias.com\/magazine365\/wp-json\/wp\/v2\/media\/44918"}],"wp:attachment":[{"href":"https:\/\/eldigitaldeasturias.com\/magazine365\/wp-json\/wp\/v2\/media?parent=44917"}],"wp:term":[{"taxonomy":"category","embeddable":true,"href":"https:\/\/eldigitaldeasturias.com\/magazine365\/wp-json\/wp\/v2\/categories?post=44917"},{"taxonomy":"post_tag","embeddable":true,"href":"https:\/\/eldigitaldeasturias.com\/magazine365\/wp-json\/wp\/v2\/tags?post=44917"}],"curies":[{"name":"wp","href":"https:\/\/api.w.org\/{rel}","templated":true}]}}