{"id":44859,"date":"2015-08-04T22:46:23","date_gmt":"2015-08-04T20:46:23","guid":{"rendered":"http:\/\/eldigitaldeasturias.com\/magazine365\/?p=44859"},"modified":"2015-08-04T22:46:23","modified_gmt":"2015-08-04T20:46:23","slug":"las-tasas-aeroportuarias-se-reduciran-un-19-en-2016","status":"publish","type":"post","link":"https:\/\/eldigitaldeasturias.com\/magazine365\/las-tasas-aeroportuarias-se-reduciran-un-19-en-2016\/","title":{"rendered":"Las tasas aeroportuarias se reducir\u00e1n un 1,9% en 2016"},"content":{"rendered":"<p><img fetchpriority=\"high\" decoding=\"async\" class=\"alignleft size-medium wp-image-44860\" src=\"https:\/\/eldigitaldeasturias.com\/magazine365\/wp-content\/uploads\/2015\/08\/fotonoticia_20150804145235_800-360x228.jpg\" alt=\"fotonoticia_20150804145235_800\" width=\"360\" height=\"228\" srcset=\"https:\/\/eldigitaldeasturias.com\/magazine365\/wp-content\/uploads\/2015\/08\/fotonoticia_20150804145235_800-360x228.jpg 360w, https:\/\/eldigitaldeasturias.com\/magazine365\/wp-content\/uploads\/2015\/08\/fotonoticia_20150804145235_800-650x411.jpg 650w, https:\/\/eldigitaldeasturias.com\/magazine365\/wp-content\/uploads\/2015\/08\/fotonoticia_20150804145235_800-768x486.jpg 768w, https:\/\/eldigitaldeasturias.com\/magazine365\/wp-content\/uploads\/2015\/08\/fotonoticia_20150804145235_800-150x95.jpg 150w, https:\/\/eldigitaldeasturias.com\/magazine365\/wp-content\/uploads\/2015\/08\/fotonoticia_20150804145235_800-450x285.jpg 450w, https:\/\/eldigitaldeasturias.com\/magazine365\/wp-content\/uploads\/2015\/08\/fotonoticia_20150804145235_800-696x440.jpg 696w, https:\/\/eldigitaldeasturias.com\/magazine365\/wp-content\/uploads\/2015\/08\/fotonoticia_20150804145235_800-664x420.jpg 664w, https:\/\/eldigitaldeasturias.com\/magazine365\/wp-content\/uploads\/2015\/08\/fotonoticia_20150804145235_800-269x170.jpg 269w, https:\/\/eldigitaldeasturias.com\/magazine365\/wp-content\/uploads\/2015\/08\/fotonoticia_20150804145235_800.jpg 800w\" sizes=\"(max-width: 360px) 100vw, 360px\" \/>Las tasas aeroportuarias se reducir\u00e1n un 1,9% a partir del pr\u00f3ximo 1 de marzo y con vigencia indefinida, iniciativa recogida en el Proyecto de Presupuestos Generales del Estado (PGE) para el pr\u00f3ximo a\u00f1o, presentado este martes en el Congreso.<\/p>\n<p>La medida contin\u00faa adelante a pesar de que la gestora aeroportuaria nacional Aena propuso la congelaci\u00f3n de tasas a\u00e9reas, iniciativa que rechaz\u00f3 la Comisi\u00f3n Nacional de los Mercados y la Competencia (CNMC).<\/p>\n<p>As\u00ed, se fija adem\u00e1s un descuento del 40% a los viajeros en conexi\u00f3n y, en el caso de la aviaci\u00f3n general, para las aeronaves con un peso m\u00e1ximo inferior a cinco toneladas en el despegue. La medida tambi\u00e9n ampl\u00eda de las dos horas actuales a las tres la exenci\u00f3n de tarifa de estacionamiento en los aeropuertos de los grupos 4 y 5.<\/p>\n<p>El organismo estatal en principio iba a imponer una reducci\u00f3n del 3% de las tasas a\u00e9reas, pero al final ha fijado en un 1,9% la ca\u00edda de \u00e9stas. Aena, al conocer la decisi\u00f3n oficial, anunci\u00f3 que reclamar\u00eda la medida.<\/p>\n<p>Adem\u00e1s, se fijan las tarifas por prestaci\u00f3n de estacionamiento en las distintas instalaciones aeroportuarias. Las aeronaves de hasta 1,5 toneladas pagar\u00e1n 14,72 euros por d\u00eda o fracci\u00f3n en todos los aeropuertos, mientras que las de 1,5 a 2,7 toneladas abonar\u00e1n 19,62 euros y las de 2,7 a 10 toneladas desembolsar\u00e1n 21,58 euros por d\u00eda.<\/p>\n<p>En el caso de las que superan las diez toneladas de peso, pagar\u00e1n como 0,88 euros por tonelada con un m\u00ednimo de 21,58 euros de partida. En el aeropuerto de Son Bonet, durante julio y agosto las tarifas son superiores.<\/p>\n<p>En cuanto a aviones que opten por la tarifa mensual y que tengan alg\u00fan tipo de contrato firmado, los de hasta 1,5 toneladas abonar\u00e1n 88,29 euros; los de 1,5 a 2,7 toneladas, 147,15 euros y los de 2,7 a 10 toneladas, pagar\u00e1n un total de 242,25 euros. Aquellas de m\u00e1s de 10 toneladas pagar\u00e1n 0,88 euros por tonelada al mes.<\/p>\n<p>Los aviones sin contrato y de hasta 1,5 toneladas pagar\u00e1n 132,44 euros por mes, mientras que los de 1,5 a 2,7 toneladas abonar\u00e1 245,25 euros al mes y los de entre 2,7 y 10 toneladas, pagar\u00e1n 329,4 euros por mes. En el caso de m\u00e1s de diez toneladas, pagar\u00e1n 1,31 euros por tonelada.<\/p>\n","protected":false},"excerpt":{"rendered":"<p>Las tasas aeroportuarias se reducir\u00e1n un 1,9% a partir del pr\u00f3ximo 1 de marzo y con vigencia indefinida, iniciativa recogida en el Proyecto de Presupuestos Generales del Estado (PGE) para el pr\u00f3ximo a\u00f1o, presentado este martes en el Congreso. La medida contin\u00faa adelante a pesar de que la gestora aeroportuaria nacional Aena propuso la congelaci\u00f3n<\/p>\n","protected":false},"author":1,"featured_media":44860,"comment_status":"open","ping_status":"closed","sticky":false,"template":"","format":"standard","meta":{"footnotes":""},"categories":[224],"tags":[],"class_list":{"0":"post-44859","1":"post","2":"type-post","3":"status-publish","4":"format-standard","5":"has-post-thumbnail","7":"category-noticias-actualidad"},"aioseo_notices":[],"aioseo_head":"\n\t\t<!-- All in One SEO Pro 4.9.6.1 - aioseo.com -->\n\t<meta name=\"description\" content=\"Las tasas aeroportuarias se reducir\u00e1n un 1,9% a partir del pr\u00f3ximo 1 de marzo y con vigencia indefinida, iniciativa recogida en el Proyecto de Presupuestos Generales del Estado (PGE) para el pr\u00f3ximo a\u00f1o, presentado este martes en el Congreso. La medida contin\u00faa adelante a pesar de que la gestora aeroportuaria nacional Aena propuso la congelaci\u00f3n\" \/>\n\t<meta name=\"robots\" content=\"max-image-preview:large\" \/>\n\t<meta name=\"author\" content=\"admin\"\/>\n\t<meta name=\"google-site-verification\" content=\"UA-38556648-1\" \/>\n\t<meta name=\"keywords\" content=\"noticias y actualidad\" \/>\n\t<link rel=\"canonical\" href=\"https:\/\/eldigitaldeasturias.com\/magazine365\/las-tasas-aeroportuarias-se-reduciran-un-19-en-2016\/\" \/>\n\t<meta name=\"generator\" content=\"All in One SEO Pro (AIOSEO) 4.9.6.1\" \/>\n\t\t<meta property=\"og:locale\" content=\"es_ES\" \/>\n\t\t<meta property=\"og:site_name\" content=\"El Digital de Asturias \u2013 Revista de ocio, turismo y estilo de vida\" \/>\n\t\t<meta property=\"og:type\" content=\"article\" \/>\n\t\t<meta property=\"og:title\" content=\"Las tasas aeroportuarias se reducir\u00e1n un 1,9% en 2016 | El Digital de Asturias\" \/>\n\t\t<meta property=\"og:description\" content=\"Las tasas aeroportuarias se reducir\u00e1n un 1,9% a partir del pr\u00f3ximo 1 de marzo y con vigencia indefinida, iniciativa recogida en el Proyecto de Presupuestos Generales del Estado (PGE) para el pr\u00f3ximo a\u00f1o, presentado este martes en el Congreso. La medida contin\u00faa adelante a pesar de que la gestora aeroportuaria nacional Aena propuso la congelaci\u00f3n\" \/>\n\t\t<meta property=\"og:url\" content=\"https:\/\/eldigitaldeasturias.com\/magazine365\/las-tasas-aeroportuarias-se-reduciran-un-19-en-2016\/\" \/>\n\t\t<meta property=\"og:image\" content=\"https:\/\/eldigitaldeasturias.com\/magazine365\/wp-content\/uploads\/2015\/08\/fotonoticia_20150804145235_800.jpg\" \/>\n\t\t<meta property=\"og:image:secure_url\" content=\"https:\/\/eldigitaldeasturias.com\/magazine365\/wp-content\/uploads\/2015\/08\/fotonoticia_20150804145235_800.jpg\" \/>\n\t\t<meta property=\"og:image:width\" content=\"800\" \/>\n\t\t<meta property=\"og:image:height\" content=\"506\" \/>\n\t\t<meta property=\"article:published_time\" content=\"2015-08-04T20:46:23+00:00\" \/>\n\t\t<meta property=\"article:modified_time\" content=\"2015-08-04T20:46:23+00:00\" \/>\n\t\t<meta name=\"twitter:card\" content=\"summary_large_image\" \/>\n\t\t<meta name=\"twitter:title\" content=\"Las tasas aeroportuarias se reducir\u00e1n un 1,9% en 2016 | El Digital de Asturias\" \/>\n\t\t<meta name=\"twitter:description\" content=\"Las tasas aeroportuarias se reducir\u00e1n un 1,9% a partir del pr\u00f3ximo 1 de marzo y con vigencia indefinida, iniciativa recogida en el Proyecto de Presupuestos Generales del Estado (PGE) para el pr\u00f3ximo a\u00f1o, presentado este martes en el Congreso. La medida contin\u00faa adelante a pesar de que la gestora aeroportuaria nacional Aena propuso la congelaci\u00f3n\" \/>\n\t\t<meta name=\"twitter:image\" content=\"https:\/\/eldigitaldeasturias.com\/magazine365\/wp-content\/uploads\/2015\/08\/fotonoticia_20150804145235_800.jpg\" \/>\n\t\t<script type=\"application\/ld+json\" class=\"aioseo-schema\">\n\t\t\t{\"@context\":\"https:\\\/\\\/schema.org\",\"@graph\":[{\"@type\":\"Article\",\"@id\":\"https:\\\/\\\/eldigitaldeasturias.com\\\/magazine365\\\/las-tasas-aeroportuarias-se-reduciran-un-19-en-2016\\\/#article\",\"name\":\"Las tasas aeroportuarias se reducir\\u00e1n un 1,9% en 2016 | El Digital de Asturias\",\"headline\":\"Las tasas aeroportuarias se reducir\\u00e1n un 1,9% en 2016\",\"author\":{\"@id\":\"https:\\\/\\\/eldigitaldeasturias.com\\\/magazine365\\\/author\\\/admin\\\/#author\"},\"publisher\":{\"@id\":\"https:\\\/\\\/eldigitaldeasturias.com\\\/magazine365\\\/#organization\"},\"image\":{\"@type\":\"ImageObject\",\"url\":\"https:\\\/\\\/eldigitaldeasturias.com\\\/magazine365\\\/wp-content\\\/uploads\\\/2015\\\/08\\\/fotonoticia_20150804145235_800.jpg\",\"width\":800,\"height\":506},\"datePublished\":\"2015-08-04T22:46:23+02:00\",\"dateModified\":\"2015-08-04T22:46:23+02:00\",\"inLanguage\":\"es-ES\",\"mainEntityOfPage\":{\"@id\":\"https:\\\/\\\/eldigitaldeasturias.com\\\/magazine365\\\/las-tasas-aeroportuarias-se-reduciran-un-19-en-2016\\\/#webpage\"},\"isPartOf\":{\"@id\":\"https:\\\/\\\/eldigitaldeasturias.com\\\/magazine365\\\/las-tasas-aeroportuarias-se-reduciran-un-19-en-2016\\\/#webpage\"},\"articleSection\":\"Noticias y Actualidad\"},{\"@type\":\"BreadcrumbList\",\"@id\":\"https:\\\/\\\/eldigitaldeasturias.com\\\/magazine365\\\/las-tasas-aeroportuarias-se-reduciran-un-19-en-2016\\\/#breadcrumblist\",\"itemListElement\":[{\"@type\":\"ListItem\",\"@id\":\"https:\\\/\\\/eldigitaldeasturias.com\\\/magazine365#listItem\",\"position\":1,\"name\":\"Home\",\"item\":\"https:\\\/\\\/eldigitaldeasturias.com\\\/magazine365\",\"nextItem\":{\"@type\":\"ListItem\",\"@id\":\"https:\\\/\\\/eldigitaldeasturias.com\\\/magazine365\\\/category\\\/noticias-actualidad\\\/#listItem\",\"name\":\"Noticias y Actualidad\"}},{\"@type\":\"ListItem\",\"@id\":\"https:\\\/\\\/eldigitaldeasturias.com\\\/magazine365\\\/category\\\/noticias-actualidad\\\/#listItem\",\"position\":2,\"name\":\"Noticias y Actualidad\",\"item\":\"https:\\\/\\\/eldigitaldeasturias.com\\\/magazine365\\\/category\\\/noticias-actualidad\\\/\",\"nextItem\":{\"@type\":\"ListItem\",\"@id\":\"https:\\\/\\\/eldigitaldeasturias.com\\\/magazine365\\\/las-tasas-aeroportuarias-se-reduciran-un-19-en-2016\\\/#listItem\",\"name\":\"Las tasas aeroportuarias se reducir\\u00e1n un 1,9% en 2016\"},\"previousItem\":{\"@type\":\"ListItem\",\"@id\":\"https:\\\/\\\/eldigitaldeasturias.com\\\/magazine365#listItem\",\"name\":\"Home\"}},{\"@type\":\"ListItem\",\"@id\":\"https:\\\/\\\/eldigitaldeasturias.com\\\/magazine365\\\/las-tasas-aeroportuarias-se-reduciran-un-19-en-2016\\\/#listItem\",\"position\":3,\"name\":\"Las tasas aeroportuarias se reducir\\u00e1n un 1,9% en 2016\",\"previousItem\":{\"@type\":\"ListItem\",\"@id\":\"https:\\\/\\\/eldigitaldeasturias.com\\\/magazine365\\\/category\\\/noticias-actualidad\\\/#listItem\",\"name\":\"Noticias y Actualidad\"}}]},{\"@type\":\"Organization\",\"@id\":\"https:\\\/\\\/eldigitaldeasturias.com\\\/magazine365\\\/#organization\",\"name\":\"El digital de Asturias\",\"description\":\"Revista de ocio, turismo y estilo de vida\",\"url\":\"https:\\\/\\\/eldigitaldeasturias.com\\\/magazine365\\\/\",\"logo\":{\"@type\":\"ImageObject\",\"url\":\"https:\\\/\\\/www.eldigitaldeasturias.com\\\/noticias\\\/wp-content\\\/uploads\\\/2020\\\/12\\\/EDA.jpg\",\"@id\":\"https:\\\/\\\/eldigitaldeasturias.com\\\/magazine365\\\/las-tasas-aeroportuarias-se-reduciran-un-19-en-2016\\\/#organizationLogo\"},\"image\":{\"@id\":\"https:\\\/\\\/eldigitaldeasturias.com\\\/magazine365\\\/las-tasas-aeroportuarias-se-reduciran-un-19-en-2016\\\/#organizationLogo\"}},{\"@type\":\"Person\",\"@id\":\"https:\\\/\\\/eldigitaldeasturias.com\\\/magazine365\\\/author\\\/admin\\\/#author\",\"url\":\"https:\\\/\\\/eldigitaldeasturias.com\\\/magazine365\\\/author\\\/admin\\\/\",\"name\":\"admin\",\"image\":{\"@type\":\"ImageObject\",\"@id\":\"https:\\\/\\\/eldigitaldeasturias.com\\\/magazine365\\\/las-tasas-aeroportuarias-se-reduciran-un-19-en-2016\\\/#authorImage\",\"url\":\"https:\\\/\\\/eldigitaldeasturias.com\\\/magazine365\\\/wp-content\\\/litespeed\\\/avatar\\\/e571bcf59a0edd6fa6838245a470f2fe.jpg?ver=1777574230\",\"width\":96,\"height\":96,\"caption\":\"admin\"}},{\"@type\":\"WebPage\",\"@id\":\"https:\\\/\\\/eldigitaldeasturias.com\\\/magazine365\\\/las-tasas-aeroportuarias-se-reduciran-un-19-en-2016\\\/#webpage\",\"url\":\"https:\\\/\\\/eldigitaldeasturias.com\\\/magazine365\\\/las-tasas-aeroportuarias-se-reduciran-un-19-en-2016\\\/\",\"name\":\"Las tasas aeroportuarias se reducir\\u00e1n un 1,9% en 2016 | El Digital de Asturias\",\"description\":\"Las tasas aeroportuarias se reducir\\u00e1n un 1,9% a partir del pr\\u00f3ximo 1 de marzo y con vigencia indefinida, iniciativa recogida en el Proyecto de Presupuestos Generales del Estado (PGE) para el pr\\u00f3ximo a\\u00f1o, presentado este martes en el Congreso. La medida contin\\u00faa adelante a pesar de que la gestora aeroportuaria nacional Aena propuso la congelaci\\u00f3n\",\"inLanguage\":\"es-ES\",\"isPartOf\":{\"@id\":\"https:\\\/\\\/eldigitaldeasturias.com\\\/magazine365\\\/#website\"},\"breadcrumb\":{\"@id\":\"https:\\\/\\\/eldigitaldeasturias.com\\\/magazine365\\\/las-tasas-aeroportuarias-se-reduciran-un-19-en-2016\\\/#breadcrumblist\"},\"author\":{\"@id\":\"https:\\\/\\\/eldigitaldeasturias.com\\\/magazine365\\\/author\\\/admin\\\/#author\"},\"creator\":{\"@id\":\"https:\\\/\\\/eldigitaldeasturias.com\\\/magazine365\\\/author\\\/admin\\\/#author\"},\"image\":{\"@type\":\"ImageObject\",\"url\":\"https:\\\/\\\/eldigitaldeasturias.com\\\/magazine365\\\/wp-content\\\/uploads\\\/2015\\\/08\\\/fotonoticia_20150804145235_800.jpg\",\"@id\":\"https:\\\/\\\/eldigitaldeasturias.com\\\/magazine365\\\/las-tasas-aeroportuarias-se-reduciran-un-19-en-2016\\\/#mainImage\",\"width\":800,\"height\":506},\"primaryImageOfPage\":{\"@id\":\"https:\\\/\\\/eldigitaldeasturias.com\\\/magazine365\\\/las-tasas-aeroportuarias-se-reduciran-un-19-en-2016\\\/#mainImage\"},\"datePublished\":\"2015-08-04T22:46:23+02:00\",\"dateModified\":\"2015-08-04T22:46:23+02:00\"},{\"@type\":\"WebSite\",\"@id\":\"https:\\\/\\\/eldigitaldeasturias.com\\\/magazine365\\\/#website\",\"url\":\"https:\\\/\\\/eldigitaldeasturias.com\\\/magazine365\\\/\",\"name\":\"El Digital de Asturias\",\"description\":\"Revista de ocio, turismo y estilo de vida\",\"inLanguage\":\"es-ES\",\"publisher\":{\"@id\":\"https:\\\/\\\/eldigitaldeasturias.com\\\/magazine365\\\/#organization\"}}]}\n\t\t<\/script>\n\t\t<!-- All in One SEO Pro -->\r\n\t\t<title>Las tasas aeroportuarias se reducir\u00e1n un 1,9% en 2016 | El Digital de Asturias<\/title>\n\n","aioseo_head_json":{"title":"Las tasas aeroportuarias se reducir\u00e1n un 1,9% en 2016 | El Digital de Asturias","description":"Las tasas aeroportuarias se reducir\u00e1n un 1,9% a partir del pr\u00f3ximo 1 de marzo y con vigencia indefinida, iniciativa recogida en el Proyecto de Presupuestos Generales del Estado (PGE) para el pr\u00f3ximo a\u00f1o, presentado este martes en el Congreso. La medida contin\u00faa adelante a pesar de que la gestora aeroportuaria nacional Aena propuso la congelaci\u00f3n","canonical_url":"https:\/\/eldigitaldeasturias.com\/magazine365\/las-tasas-aeroportuarias-se-reduciran-un-19-en-2016\/","robots":"max-image-preview:large","keywords":"noticias y actualidad","webmasterTools":{"google-site-verification":"UA-38556648-1","miscellaneous":""},"schema":{"@context":"https:\/\/schema.org","@graph":[{"@type":"Article","@id":"https:\/\/eldigitaldeasturias.com\/magazine365\/las-tasas-aeroportuarias-se-reduciran-un-19-en-2016\/#article","name":"Las tasas aeroportuarias se reducir\u00e1n un 1,9% en 2016 | El Digital de Asturias","headline":"Las tasas aeroportuarias se reducir\u00e1n un 1,9% en 2016","author":{"@id":"https:\/\/eldigitaldeasturias.com\/magazine365\/author\/admin\/#author"},"publisher":{"@id":"https:\/\/eldigitaldeasturias.com\/magazine365\/#organization"},"image":{"@type":"ImageObject","url":"https:\/\/eldigitaldeasturias.com\/magazine365\/wp-content\/uploads\/2015\/08\/fotonoticia_20150804145235_800.jpg","width":800,"height":506},"datePublished":"2015-08-04T22:46:23+02:00","dateModified":"2015-08-04T22:46:23+02:00","inLanguage":"es-ES","mainEntityOfPage":{"@id":"https:\/\/eldigitaldeasturias.com\/magazine365\/las-tasas-aeroportuarias-se-reduciran-un-19-en-2016\/#webpage"},"isPartOf":{"@id":"https:\/\/eldigitaldeasturias.com\/magazine365\/las-tasas-aeroportuarias-se-reduciran-un-19-en-2016\/#webpage"},"articleSection":"Noticias y Actualidad"},{"@type":"BreadcrumbList","@id":"https:\/\/eldigitaldeasturias.com\/magazine365\/las-tasas-aeroportuarias-se-reduciran-un-19-en-2016\/#breadcrumblist","itemListElement":[{"@type":"ListItem","@id":"https:\/\/eldigitaldeasturias.com\/magazine365#listItem","position":1,"name":"Home","item":"https:\/\/eldigitaldeasturias.com\/magazine365","nextItem":{"@type":"ListItem","@id":"https:\/\/eldigitaldeasturias.com\/magazine365\/category\/noticias-actualidad\/#listItem","name":"Noticias y Actualidad"}},{"@type":"ListItem","@id":"https:\/\/eldigitaldeasturias.com\/magazine365\/category\/noticias-actualidad\/#listItem","position":2,"name":"Noticias y Actualidad","item":"https:\/\/eldigitaldeasturias.com\/magazine365\/category\/noticias-actualidad\/","nextItem":{"@type":"ListItem","@id":"https:\/\/eldigitaldeasturias.com\/magazine365\/las-tasas-aeroportuarias-se-reduciran-un-19-en-2016\/#listItem","name":"Las tasas aeroportuarias se reducir\u00e1n un 1,9% en 2016"},"previousItem":{"@type":"ListItem","@id":"https:\/\/eldigitaldeasturias.com\/magazine365#listItem","name":"Home"}},{"@type":"ListItem","@id":"https:\/\/eldigitaldeasturias.com\/magazine365\/las-tasas-aeroportuarias-se-reduciran-un-19-en-2016\/#listItem","position":3,"name":"Las tasas aeroportuarias se reducir\u00e1n un 1,9% en 2016","previousItem":{"@type":"ListItem","@id":"https:\/\/eldigitaldeasturias.com\/magazine365\/category\/noticias-actualidad\/#listItem","name":"Noticias y Actualidad"}}]},{"@type":"Organization","@id":"https:\/\/eldigitaldeasturias.com\/magazine365\/#organization","name":"El digital de Asturias","description":"Revista de ocio, turismo y estilo de vida","url":"https:\/\/eldigitaldeasturias.com\/magazine365\/","logo":{"@type":"ImageObject","url":"https:\/\/www.eldigitaldeasturias.com\/noticias\/wp-content\/uploads\/2020\/12\/EDA.jpg","@id":"https:\/\/eldigitaldeasturias.com\/magazine365\/las-tasas-aeroportuarias-se-reduciran-un-19-en-2016\/#organizationLogo"},"image":{"@id":"https:\/\/eldigitaldeasturias.com\/magazine365\/las-tasas-aeroportuarias-se-reduciran-un-19-en-2016\/#organizationLogo"}},{"@type":"Person","@id":"https:\/\/eldigitaldeasturias.com\/magazine365\/author\/admin\/#author","url":"https:\/\/eldigitaldeasturias.com\/magazine365\/author\/admin\/","name":"admin","image":{"@type":"ImageObject","@id":"https:\/\/eldigitaldeasturias.com\/magazine365\/las-tasas-aeroportuarias-se-reduciran-un-19-en-2016\/#authorImage","url":"https:\/\/eldigitaldeasturias.com\/magazine365\/wp-content\/litespeed\/avatar\/e571bcf59a0edd6fa6838245a470f2fe.jpg?ver=1777574230","width":96,"height":96,"caption":"admin"}},{"@type":"WebPage","@id":"https:\/\/eldigitaldeasturias.com\/magazine365\/las-tasas-aeroportuarias-se-reduciran-un-19-en-2016\/#webpage","url":"https:\/\/eldigitaldeasturias.com\/magazine365\/las-tasas-aeroportuarias-se-reduciran-un-19-en-2016\/","name":"Las tasas aeroportuarias se reducir\u00e1n un 1,9% en 2016 | El Digital de Asturias","description":"Las tasas aeroportuarias se reducir\u00e1n un 1,9% a partir del pr\u00f3ximo 1 de marzo y con vigencia indefinida, iniciativa recogida en el Proyecto de Presupuestos Generales del Estado (PGE) para el pr\u00f3ximo a\u00f1o, presentado este martes en el Congreso. La medida contin\u00faa adelante a pesar de que la gestora aeroportuaria nacional Aena propuso la congelaci\u00f3n","inLanguage":"es-ES","isPartOf":{"@id":"https:\/\/eldigitaldeasturias.com\/magazine365\/#website"},"breadcrumb":{"@id":"https:\/\/eldigitaldeasturias.com\/magazine365\/las-tasas-aeroportuarias-se-reduciran-un-19-en-2016\/#breadcrumblist"},"author":{"@id":"https:\/\/eldigitaldeasturias.com\/magazine365\/author\/admin\/#author"},"creator":{"@id":"https:\/\/eldigitaldeasturias.com\/magazine365\/author\/admin\/#author"},"image":{"@type":"ImageObject","url":"https:\/\/eldigitaldeasturias.com\/magazine365\/wp-content\/uploads\/2015\/08\/fotonoticia_20150804145235_800.jpg","@id":"https:\/\/eldigitaldeasturias.com\/magazine365\/las-tasas-aeroportuarias-se-reduciran-un-19-en-2016\/#mainImage","width":800,"height":506},"primaryImageOfPage":{"@id":"https:\/\/eldigitaldeasturias.com\/magazine365\/las-tasas-aeroportuarias-se-reduciran-un-19-en-2016\/#mainImage"},"datePublished":"2015-08-04T22:46:23+02:00","dateModified":"2015-08-04T22:46:23+02:00"},{"@type":"WebSite","@id":"https:\/\/eldigitaldeasturias.com\/magazine365\/#website","url":"https:\/\/eldigitaldeasturias.com\/magazine365\/","name":"El Digital de Asturias","description":"Revista de ocio, turismo y estilo de vida","inLanguage":"es-ES","publisher":{"@id":"https:\/\/eldigitaldeasturias.com\/magazine365\/#organization"}}]},"og:locale":"es_ES","og:site_name":"El Digital de Asturias \u2013 Revista de ocio, turismo y estilo de vida","og:type":"article","og:title":"Las tasas aeroportuarias se reducir\u00e1n un 1,9% en 2016 | El Digital de Asturias","og:description":"Las tasas aeroportuarias se reducir\u00e1n un 1,9% a partir del pr\u00f3ximo 1 de marzo y con vigencia indefinida, iniciativa recogida en el Proyecto de Presupuestos Generales del Estado (PGE) para el pr\u00f3ximo a\u00f1o, presentado este martes en el Congreso. La medida contin\u00faa adelante a pesar de que la gestora aeroportuaria nacional Aena propuso la congelaci\u00f3n","og:url":"https:\/\/eldigitaldeasturias.com\/magazine365\/las-tasas-aeroportuarias-se-reduciran-un-19-en-2016\/","og:image":"https:\/\/eldigitaldeasturias.com\/magazine365\/wp-content\/uploads\/2015\/08\/fotonoticia_20150804145235_800.jpg","og:image:secure_url":"https:\/\/eldigitaldeasturias.com\/magazine365\/wp-content\/uploads\/2015\/08\/fotonoticia_20150804145235_800.jpg","og:image:width":800,"og:image:height":506,"article:published_time":"2015-08-04T20:46:23+00:00","article:modified_time":"2015-08-04T20:46:23+00:00","twitter:card":"summary_large_image","twitter:title":"Las tasas aeroportuarias se reducir\u00e1n un 1,9% en 2016 | El Digital de Asturias","twitter:description":"Las tasas aeroportuarias se reducir\u00e1n un 1,9% a partir del pr\u00f3ximo 1 de marzo y con vigencia indefinida, iniciativa recogida en el Proyecto de Presupuestos Generales del Estado (PGE) para el pr\u00f3ximo a\u00f1o, presentado este martes en el Congreso. La medida contin\u00faa adelante a pesar de que la gestora aeroportuaria nacional Aena propuso la congelaci\u00f3n","twitter:image":"https:\/\/eldigitaldeasturias.com\/magazine365\/wp-content\/uploads\/2015\/08\/fotonoticia_20150804145235_800.jpg"},"aioseo_meta_data":{"post_id":"44859","title":null,"description":null,"keywords":null,"keyphrases":null,"primary_term":null,"canonical_url":null,"og_title":null,"og_description":null,"og_object_type":"default","og_image_type":"default","og_image_url":null,"og_image_width":null,"og_image_height":null,"og_image_custom_url":null,"og_image_custom_fields":null,"og_video":null,"og_custom_url":null,"og_article_section":null,"og_article_tags":null,"twitter_use_og":false,"twitter_card":"default","twitter_image_type":"default","twitter_image_url":null,"twitter_image_custom_url":null,"twitter_image_custom_fields":null,"twitter_title":null,"twitter_description":null,"schema":{"blockGraphs":[],"customGraphs":[],"default":{"data":{"Article":[],"Course":[],"Dataset":[],"FAQPage":[],"Movie":[],"Person":[],"Product":[],"ProductReview":[],"Car":[],"Recipe":[],"Service":[],"SoftwareApplication":[],"WebPage":[]},"graphName":"","isEnabled":true},"graphs":[],"defaultGraph":"","defaultPostTypeGraph":""},"schema_type":null,"schema_type_options":null,"pillar_content":false,"robots_default":true,"robots_noindex":false,"robots_noarchive":false,"robots_nosnippet":false,"robots_nofollow":false,"robots_noimageindex":false,"robots_noodp":false,"robots_notranslate":false,"robots_max_snippet":null,"robots_max_videopreview":null,"robots_max_imagepreview":"large","priority":null,"frequency":null,"location":null,"local_seo":null,"seo_analyzer_scan_date":"2025-09-19 22:50:53","breadcrumb_settings":null,"limit_modified_date":false,"open_ai":null,"ai":null,"created":"2021-03-09 01:28:43","updated":"2025-09-19 22:50:53"},"aioseo_breadcrumb":"<div class=\"aioseo-breadcrumbs\"><span class=\"aioseo-breadcrumb\">\n\t<a href=\"https:\/\/eldigitaldeasturias.com\/magazine365\" title=\"Home\">Home<\/a>\n<\/span><span class=\"aioseo-breadcrumb-separator\">\u2013<\/span><span class=\"aioseo-breadcrumb\">\n\t<a href=\"https:\/\/eldigitaldeasturias.com\/magazine365\/category\/noticias-actualidad\/\" title=\"Noticias y Actualidad\">Noticias y Actualidad<\/a>\n<\/span><span class=\"aioseo-breadcrumb-separator\">\u2013<\/span><span class=\"aioseo-breadcrumb\">\n\t<a href=\"https:\/\/eldigitaldeasturias.com\/magazine365\/las-tasas-aeroportuarias-se-reduciran-un-19-en-2016\/\" title=\"Las tasas aeroportuarias se reducir\u00e1n un 1,9% en 2016\">Las tasas aeroportuarias se reducir\u00e1n un 1,9% en 2016<\/a>\n<\/span><\/div>","aioseo_breadcrumb_json":[{"label":"Home","link":"https:\/\/eldigitaldeasturias.com\/magazine365"},{"label":"Noticias y Actualidad","link":"https:\/\/eldigitaldeasturias.com\/magazine365\/category\/noticias-actualidad\/"},{"label":"Las tasas aeroportuarias se reducir\u00e1n un 1,9% en 2016","link":"https:\/\/eldigitaldeasturias.com\/magazine365\/las-tasas-aeroportuarias-se-reduciran-un-19-en-2016\/"}],"_links":{"self":[{"href":"https:\/\/eldigitaldeasturias.com\/magazine365\/wp-json\/wp\/v2\/posts\/44859","targetHints":{"allow":["GET"]}}],"collection":[{"href":"https:\/\/eldigitaldeasturias.com\/magazine365\/wp-json\/wp\/v2\/posts"}],"about":[{"href":"https:\/\/eldigitaldeasturias.com\/magazine365\/wp-json\/wp\/v2\/types\/post"}],"author":[{"embeddable":true,"href":"https:\/\/eldigitaldeasturias.com\/magazine365\/wp-json\/wp\/v2\/users\/1"}],"replies":[{"embeddable":true,"href":"https:\/\/eldigitaldeasturias.com\/magazine365\/wp-json\/wp\/v2\/comments?post=44859"}],"version-history":[{"count":0,"href":"https:\/\/eldigitaldeasturias.com\/magazine365\/wp-json\/wp\/v2\/posts\/44859\/revisions"}],"wp:featuredmedia":[{"embeddable":true,"href":"https:\/\/eldigitaldeasturias.com\/magazine365\/wp-json\/wp\/v2\/media\/44860"}],"wp:attachment":[{"href":"https:\/\/eldigitaldeasturias.com\/magazine365\/wp-json\/wp\/v2\/media?parent=44859"}],"wp:term":[{"taxonomy":"category","embeddable":true,"href":"https:\/\/eldigitaldeasturias.com\/magazine365\/wp-json\/wp\/v2\/categories?post=44859"},{"taxonomy":"post_tag","embeddable":true,"href":"https:\/\/eldigitaldeasturias.com\/magazine365\/wp-json\/wp\/v2\/tags?post=44859"}],"curies":[{"name":"wp","href":"https:\/\/api.w.org\/{rel}","templated":true}]}}