{"id":44838,"date":"2015-08-04T22:24:18","date_gmt":"2015-08-04T20:24:18","guid":{"rendered":"http:\/\/eldigitaldeasturias.com\/magazine365\/?p=44838"},"modified":"2015-08-04T22:24:18","modified_gmt":"2015-08-04T20:24:18","slug":"renfe-recibira-una-aportacion-publica-de-6054-millones-para-costear-los-trenes-de-servicio-publico","status":"publish","type":"post","link":"https:\/\/eldigitaldeasturias.com\/magazine365\/renfe-recibira-una-aportacion-publica-de-6054-millones-para-costear-los-trenes-de-servicio-publico\/","title":{"rendered":"Renfe recibir\u00e1 una aportaci\u00f3n p\u00fablica de 605,4 millones para costear los trenes de servicio p\u00fablico"},"content":{"rendered":"<p><img fetchpriority=\"high\" decoding=\"async\" class=\"alignleft size-medium wp-image-44840\" src=\"https:\/\/eldigitaldeasturias.com\/magazine365\/wp-content\/uploads\/2015\/08\/fotonoticia_20150804133719_800-360x240.jpg\" alt=\"fotonoticia_20150804133719_800\" width=\"360\" height=\"240\" srcset=\"https:\/\/eldigitaldeasturias.com\/magazine365\/wp-content\/uploads\/2015\/08\/fotonoticia_20150804133719_800-360x240.jpg 360w, https:\/\/eldigitaldeasturias.com\/magazine365\/wp-content\/uploads\/2015\/08\/fotonoticia_20150804133719_800-650x433.jpg 650w, https:\/\/eldigitaldeasturias.com\/magazine365\/wp-content\/uploads\/2015\/08\/fotonoticia_20150804133719_800-768x512.jpg 768w, https:\/\/eldigitaldeasturias.com\/magazine365\/wp-content\/uploads\/2015\/08\/fotonoticia_20150804133719_800-150x100.jpg 150w, https:\/\/eldigitaldeasturias.com\/magazine365\/wp-content\/uploads\/2015\/08\/fotonoticia_20150804133719_800-450x300.jpg 450w, https:\/\/eldigitaldeasturias.com\/magazine365\/wp-content\/uploads\/2015\/08\/fotonoticia_20150804133719_800-696x464.jpg 696w, https:\/\/eldigitaldeasturias.com\/magazine365\/wp-content\/uploads\/2015\/08\/fotonoticia_20150804133719_800-630x420.jpg 630w, https:\/\/eldigitaldeasturias.com\/magazine365\/wp-content\/uploads\/2015\/08\/fotonoticia_20150804133719_800-84x55.jpg 84w, https:\/\/eldigitaldeasturias.com\/magazine365\/wp-content\/uploads\/2015\/08\/fotonoticia_20150804133719_800.jpg 800w\" sizes=\"(max-width: 360px) 100vw, 360px\" \/>Renfe recibir\u00e1 una aportaci\u00f3n p\u00fablica de 605,4 millones de euros en 2015 con el fin de sufragar las conexiones ferroviarias que realiza en el marco de su obligaci\u00f3n de garantizar enlaces con car\u00e1cter de servicio p\u00fablico.<\/p>\n<p>Se trata de aquellas conexiones de Media Distancia (regional) que la compa\u00f1\u00eda ferroviaria presta por encomienda del Estado o de algunas comunidades aut\u00f3nomas que son econ\u00f3micamente deficitarias, pero que se deben mantener para garantizar la conexi\u00f3n de determinados territorios.<\/p>\n<p>Del importe total que recibir\u00e1, 495,38 millones se los abonar\u00e1 el Estado central. Los 110,2 millones restantes se aportar\u00e1n para compensar las obligaciones de servicio p\u00fablico que presta en Catalu\u00f1a, transferidos a esta Comunidad en enero de 2010.<\/p>\n<p>Estas ayudas p\u00fablicas se destinan exclusivamente a los servicios que Renfe presta por estas encomiendas p\u00fablicas, y no a los servicios AVE y Larga Distancia, que tienen car\u00e1cter comercial y no reciben subvenci\u00f3n p\u00fablica.<\/p>\n<p>Las aportaciones a Renfe copan as\u00ed m\u00e1s de la mitad del total de 1.424,07 millones de euros que el Presupuesto destina a subvencionar distintos modos de transporte.<\/p>\n<p>BONIFICACI\u00d3N AL TRANSPORTE A LAS ISLAS.<\/p>\n<p>El Gobierno justifica estas aportaciones en la necesidad de prestar servicios de transporte ferroviario de car\u00e1cter deficitario y garantizar la integraci\u00f3n de las islas con la Pen\u00ednsula.<\/p>\n<p>En este sentido, los Presupuestos de 2015 contemplan una partida de 434,78 millones para subvencionar al 50% los billetes de avi\u00f3n a los residentes insulares, y otra de 14,23 millones para conceder ayudas a las familias numerosas.<\/p>\n<p>En cuanto a las conexiones mar\u00edtimas, con el fin de garantizar los desplazamientos entre la pen\u00ednsula y los territorios no peninsulares, en 2011 se adjudicaron por concurso p\u00fablico cuatro contratos de l\u00edneas mar\u00edtimas de inter\u00e9s p\u00fablico (Pen\u00ednsula-Baleares; Pen\u00ednsula- Canarias, Pen\u00ednsula-Ceuta y Pen\u00ednsula-Melilla).<\/p>\n<p>Durante el a\u00f1o 2014 ha finalizado el plazo de estos contratos vigentes, por lo que Fomento ha licitado otros nuevos que garanticen la continuidad en la prestaci\u00f3n de los servicios, para los que el Presupuesto de 2015 reservan 15,13 millones de euros.<\/p>\n","protected":false},"excerpt":{"rendered":"<p>Renfe recibir\u00e1 una aportaci\u00f3n p\u00fablica de 605,4 millones de euros en 2015 con el fin de sufragar las conexiones ferroviarias que realiza en el marco de su obligaci\u00f3n de garantizar enlaces con car\u00e1cter de servicio p\u00fablico. Se trata de aquellas conexiones de Media Distancia (regional) que la compa\u00f1\u00eda ferroviaria presta por encomienda del Estado o<\/p>\n","protected":false},"author":1,"featured_media":44840,"comment_status":"open","ping_status":"closed","sticky":false,"template":"","format":"standard","meta":{"footnotes":""},"categories":[224],"tags":[],"class_list":{"0":"post-44838","1":"post","2":"type-post","3":"status-publish","4":"format-standard","5":"has-post-thumbnail","7":"category-noticias-actualidad"},"aioseo_notices":[],"aioseo_head":"\n\t\t<!-- All in One SEO Pro 4.9.6.1 - aioseo.com -->\n\t<meta name=\"description\" content=\"Renfe recibir\u00e1 una aportaci\u00f3n p\u00fablica de 605,4 millones de euros en 2015 con el fin de sufragar las conexiones ferroviarias que realiza en el marco de su obligaci\u00f3n de garantizar enlaces con car\u00e1cter de servicio p\u00fablico. Se trata de aquellas conexiones de Media Distancia (regional) que la compa\u00f1\u00eda ferroviaria presta por encomienda del Estado o\" \/>\n\t<meta name=\"robots\" content=\"max-image-preview:large\" \/>\n\t<meta name=\"author\" content=\"admin\"\/>\n\t<meta name=\"google-site-verification\" content=\"UA-38556648-1\" \/>\n\t<meta name=\"keywords\" content=\"noticias y actualidad\" \/>\n\t<link rel=\"canonical\" href=\"https:\/\/eldigitaldeasturias.com\/magazine365\/renfe-recibira-una-aportacion-publica-de-6054-millones-para-costear-los-trenes-de-servicio-publico\/\" \/>\n\t<meta name=\"generator\" content=\"All in One SEO Pro (AIOSEO) 4.9.6.1\" \/>\n\t\t<meta property=\"og:locale\" content=\"es_ES\" \/>\n\t\t<meta property=\"og:site_name\" content=\"El Digital de Asturias \u2013 Revista de ocio, turismo y estilo de vida\" \/>\n\t\t<meta property=\"og:type\" content=\"article\" \/>\n\t\t<meta property=\"og:title\" content=\"Renfe recibir\u00e1 una aportaci\u00f3n p\u00fablica de 605,4 millones para costear los trenes de servicio p\u00fablico | El Digital de Asturias\" \/>\n\t\t<meta property=\"og:description\" content=\"Renfe recibir\u00e1 una aportaci\u00f3n p\u00fablica de 605,4 millones de euros en 2015 con el fin de sufragar las conexiones ferroviarias que realiza en el marco de su obligaci\u00f3n de garantizar enlaces con car\u00e1cter de servicio p\u00fablico. Se trata de aquellas conexiones de Media Distancia (regional) que la compa\u00f1\u00eda ferroviaria presta por encomienda del Estado o\" \/>\n\t\t<meta property=\"og:url\" content=\"https:\/\/eldigitaldeasturias.com\/magazine365\/renfe-recibira-una-aportacion-publica-de-6054-millones-para-costear-los-trenes-de-servicio-publico\/\" \/>\n\t\t<meta property=\"og:image\" content=\"https:\/\/eldigitaldeasturias.com\/magazine365\/wp-content\/uploads\/2015\/08\/fotonoticia_20150804133719_800.jpg\" \/>\n\t\t<meta property=\"og:image:secure_url\" content=\"https:\/\/eldigitaldeasturias.com\/magazine365\/wp-content\/uploads\/2015\/08\/fotonoticia_20150804133719_800.jpg\" \/>\n\t\t<meta property=\"og:image:width\" content=\"800\" \/>\n\t\t<meta property=\"og:image:height\" content=\"533\" \/>\n\t\t<meta property=\"article:published_time\" content=\"2015-08-04T20:24:18+00:00\" \/>\n\t\t<meta property=\"article:modified_time\" content=\"2015-08-04T20:24:18+00:00\" \/>\n\t\t<meta name=\"twitter:card\" content=\"summary_large_image\" \/>\n\t\t<meta name=\"twitter:title\" content=\"Renfe recibir\u00e1 una aportaci\u00f3n p\u00fablica de 605,4 millones para costear los trenes de servicio p\u00fablico | El Digital de Asturias\" \/>\n\t\t<meta name=\"twitter:description\" content=\"Renfe recibir\u00e1 una aportaci\u00f3n p\u00fablica de 605,4 millones de euros en 2015 con el fin de sufragar las conexiones ferroviarias que realiza en el marco de su obligaci\u00f3n de garantizar enlaces con car\u00e1cter de servicio p\u00fablico. Se trata de aquellas conexiones de Media Distancia (regional) que la compa\u00f1\u00eda ferroviaria presta por encomienda del Estado o\" \/>\n\t\t<meta name=\"twitter:image\" content=\"https:\/\/eldigitaldeasturias.com\/magazine365\/wp-content\/uploads\/2015\/08\/fotonoticia_20150804133719_800.jpg\" \/>\n\t\t<script type=\"application\/ld+json\" class=\"aioseo-schema\">\n\t\t\t{\"@context\":\"https:\\\/\\\/schema.org\",\"@graph\":[{\"@type\":\"Article\",\"@id\":\"https:\\\/\\\/eldigitaldeasturias.com\\\/magazine365\\\/renfe-recibira-una-aportacion-publica-de-6054-millones-para-costear-los-trenes-de-servicio-publico\\\/#article\",\"name\":\"Renfe recibir\\u00e1 una aportaci\\u00f3n p\\u00fablica de 605,4 millones para costear los trenes de servicio p\\u00fablico | El Digital de Asturias\",\"headline\":\"Renfe recibir\\u00e1 una aportaci\\u00f3n p\\u00fablica de 605,4 millones para costear los trenes de servicio p\\u00fablico\",\"author\":{\"@id\":\"https:\\\/\\\/eldigitaldeasturias.com\\\/magazine365\\\/author\\\/admin\\\/#author\"},\"publisher\":{\"@id\":\"https:\\\/\\\/eldigitaldeasturias.com\\\/magazine365\\\/#organization\"},\"image\":{\"@type\":\"ImageObject\",\"url\":\"https:\\\/\\\/eldigitaldeasturias.com\\\/magazine365\\\/wp-content\\\/uploads\\\/2015\\\/08\\\/fotonoticia_20150804133719_800.jpg\",\"width\":800,\"height\":533},\"datePublished\":\"2015-08-04T22:24:18+02:00\",\"dateModified\":\"2015-08-04T22:24:18+02:00\",\"inLanguage\":\"es-ES\",\"mainEntityOfPage\":{\"@id\":\"https:\\\/\\\/eldigitaldeasturias.com\\\/magazine365\\\/renfe-recibira-una-aportacion-publica-de-6054-millones-para-costear-los-trenes-de-servicio-publico\\\/#webpage\"},\"isPartOf\":{\"@id\":\"https:\\\/\\\/eldigitaldeasturias.com\\\/magazine365\\\/renfe-recibira-una-aportacion-publica-de-6054-millones-para-costear-los-trenes-de-servicio-publico\\\/#webpage\"},\"articleSection\":\"Noticias y Actualidad\"},{\"@type\":\"BreadcrumbList\",\"@id\":\"https:\\\/\\\/eldigitaldeasturias.com\\\/magazine365\\\/renfe-recibira-una-aportacion-publica-de-6054-millones-para-costear-los-trenes-de-servicio-publico\\\/#breadcrumblist\",\"itemListElement\":[{\"@type\":\"ListItem\",\"@id\":\"https:\\\/\\\/eldigitaldeasturias.com\\\/magazine365#listItem\",\"position\":1,\"name\":\"Home\",\"item\":\"https:\\\/\\\/eldigitaldeasturias.com\\\/magazine365\",\"nextItem\":{\"@type\":\"ListItem\",\"@id\":\"https:\\\/\\\/eldigitaldeasturias.com\\\/magazine365\\\/category\\\/noticias-actualidad\\\/#listItem\",\"name\":\"Noticias y Actualidad\"}},{\"@type\":\"ListItem\",\"@id\":\"https:\\\/\\\/eldigitaldeasturias.com\\\/magazine365\\\/category\\\/noticias-actualidad\\\/#listItem\",\"position\":2,\"name\":\"Noticias y Actualidad\",\"item\":\"https:\\\/\\\/eldigitaldeasturias.com\\\/magazine365\\\/category\\\/noticias-actualidad\\\/\",\"nextItem\":{\"@type\":\"ListItem\",\"@id\":\"https:\\\/\\\/eldigitaldeasturias.com\\\/magazine365\\\/renfe-recibira-una-aportacion-publica-de-6054-millones-para-costear-los-trenes-de-servicio-publico\\\/#listItem\",\"name\":\"Renfe recibir\\u00e1 una aportaci\\u00f3n p\\u00fablica de 605,4 millones para costear los trenes de servicio p\\u00fablico\"},\"previousItem\":{\"@type\":\"ListItem\",\"@id\":\"https:\\\/\\\/eldigitaldeasturias.com\\\/magazine365#listItem\",\"name\":\"Home\"}},{\"@type\":\"ListItem\",\"@id\":\"https:\\\/\\\/eldigitaldeasturias.com\\\/magazine365\\\/renfe-recibira-una-aportacion-publica-de-6054-millones-para-costear-los-trenes-de-servicio-publico\\\/#listItem\",\"position\":3,\"name\":\"Renfe recibir\\u00e1 una aportaci\\u00f3n p\\u00fablica de 605,4 millones para costear los trenes de servicio p\\u00fablico\",\"previousItem\":{\"@type\":\"ListItem\",\"@id\":\"https:\\\/\\\/eldigitaldeasturias.com\\\/magazine365\\\/category\\\/noticias-actualidad\\\/#listItem\",\"name\":\"Noticias y Actualidad\"}}]},{\"@type\":\"Organization\",\"@id\":\"https:\\\/\\\/eldigitaldeasturias.com\\\/magazine365\\\/#organization\",\"name\":\"El digital de Asturias\",\"description\":\"Revista de ocio, turismo y estilo de vida\",\"url\":\"https:\\\/\\\/eldigitaldeasturias.com\\\/magazine365\\\/\",\"logo\":{\"@type\":\"ImageObject\",\"url\":\"https:\\\/\\\/www.eldigitaldeasturias.com\\\/noticias\\\/wp-content\\\/uploads\\\/2020\\\/12\\\/EDA.jpg\",\"@id\":\"https:\\\/\\\/eldigitaldeasturias.com\\\/magazine365\\\/renfe-recibira-una-aportacion-publica-de-6054-millones-para-costear-los-trenes-de-servicio-publico\\\/#organizationLogo\"},\"image\":{\"@id\":\"https:\\\/\\\/eldigitaldeasturias.com\\\/magazine365\\\/renfe-recibira-una-aportacion-publica-de-6054-millones-para-costear-los-trenes-de-servicio-publico\\\/#organizationLogo\"}},{\"@type\":\"Person\",\"@id\":\"https:\\\/\\\/eldigitaldeasturias.com\\\/magazine365\\\/author\\\/admin\\\/#author\",\"url\":\"https:\\\/\\\/eldigitaldeasturias.com\\\/magazine365\\\/author\\\/admin\\\/\",\"name\":\"admin\",\"image\":{\"@type\":\"ImageObject\",\"@id\":\"https:\\\/\\\/eldigitaldeasturias.com\\\/magazine365\\\/renfe-recibira-una-aportacion-publica-de-6054-millones-para-costear-los-trenes-de-servicio-publico\\\/#authorImage\",\"url\":\"https:\\\/\\\/eldigitaldeasturias.com\\\/magazine365\\\/wp-content\\\/litespeed\\\/avatar\\\/e571bcf59a0edd6fa6838245a470f2fe.jpg?ver=1777574230\",\"width\":96,\"height\":96,\"caption\":\"admin\"}},{\"@type\":\"WebPage\",\"@id\":\"https:\\\/\\\/eldigitaldeasturias.com\\\/magazine365\\\/renfe-recibira-una-aportacion-publica-de-6054-millones-para-costear-los-trenes-de-servicio-publico\\\/#webpage\",\"url\":\"https:\\\/\\\/eldigitaldeasturias.com\\\/magazine365\\\/renfe-recibira-una-aportacion-publica-de-6054-millones-para-costear-los-trenes-de-servicio-publico\\\/\",\"name\":\"Renfe recibir\\u00e1 una aportaci\\u00f3n p\\u00fablica de 605,4 millones para costear los trenes de servicio p\\u00fablico | El Digital de Asturias\",\"description\":\"Renfe recibir\\u00e1 una aportaci\\u00f3n p\\u00fablica de 605,4 millones de euros en 2015 con el fin de sufragar las conexiones ferroviarias que realiza en el marco de su obligaci\\u00f3n de garantizar enlaces con car\\u00e1cter de servicio p\\u00fablico. Se trata de aquellas conexiones de Media Distancia (regional) que la compa\\u00f1\\u00eda ferroviaria presta por encomienda del Estado o\",\"inLanguage\":\"es-ES\",\"isPartOf\":{\"@id\":\"https:\\\/\\\/eldigitaldeasturias.com\\\/magazine365\\\/#website\"},\"breadcrumb\":{\"@id\":\"https:\\\/\\\/eldigitaldeasturias.com\\\/magazine365\\\/renfe-recibira-una-aportacion-publica-de-6054-millones-para-costear-los-trenes-de-servicio-publico\\\/#breadcrumblist\"},\"author\":{\"@id\":\"https:\\\/\\\/eldigitaldeasturias.com\\\/magazine365\\\/author\\\/admin\\\/#author\"},\"creator\":{\"@id\":\"https:\\\/\\\/eldigitaldeasturias.com\\\/magazine365\\\/author\\\/admin\\\/#author\"},\"image\":{\"@type\":\"ImageObject\",\"url\":\"https:\\\/\\\/eldigitaldeasturias.com\\\/magazine365\\\/wp-content\\\/uploads\\\/2015\\\/08\\\/fotonoticia_20150804133719_800.jpg\",\"@id\":\"https:\\\/\\\/eldigitaldeasturias.com\\\/magazine365\\\/renfe-recibira-una-aportacion-publica-de-6054-millones-para-costear-los-trenes-de-servicio-publico\\\/#mainImage\",\"width\":800,\"height\":533},\"primaryImageOfPage\":{\"@id\":\"https:\\\/\\\/eldigitaldeasturias.com\\\/magazine365\\\/renfe-recibira-una-aportacion-publica-de-6054-millones-para-costear-los-trenes-de-servicio-publico\\\/#mainImage\"},\"datePublished\":\"2015-08-04T22:24:18+02:00\",\"dateModified\":\"2015-08-04T22:24:18+02:00\"},{\"@type\":\"WebSite\",\"@id\":\"https:\\\/\\\/eldigitaldeasturias.com\\\/magazine365\\\/#website\",\"url\":\"https:\\\/\\\/eldigitaldeasturias.com\\\/magazine365\\\/\",\"name\":\"El Digital de Asturias\",\"description\":\"Revista de ocio, turismo y estilo de vida\",\"inLanguage\":\"es-ES\",\"publisher\":{\"@id\":\"https:\\\/\\\/eldigitaldeasturias.com\\\/magazine365\\\/#organization\"}}]}\n\t\t<\/script>\n\t\t<!-- All in One SEO Pro -->\r\n\t\t<title>Renfe recibir\u00e1 una aportaci\u00f3n p\u00fablica de 605,4 millones para costear los trenes de servicio p\u00fablico | El Digital de Asturias<\/title>\n\n","aioseo_head_json":{"title":"Renfe recibir\u00e1 una aportaci\u00f3n p\u00fablica de 605,4 millones para costear los trenes de servicio p\u00fablico | El Digital de Asturias","description":"Renfe recibir\u00e1 una aportaci\u00f3n p\u00fablica de 605,4 millones de euros en 2015 con el fin de sufragar las conexiones ferroviarias que realiza en el marco de su obligaci\u00f3n de garantizar enlaces con car\u00e1cter de servicio p\u00fablico. Se trata de aquellas conexiones de Media Distancia (regional) que la compa\u00f1\u00eda ferroviaria presta por encomienda del Estado o","canonical_url":"https:\/\/eldigitaldeasturias.com\/magazine365\/renfe-recibira-una-aportacion-publica-de-6054-millones-para-costear-los-trenes-de-servicio-publico\/","robots":"max-image-preview:large","keywords":"noticias y actualidad","webmasterTools":{"google-site-verification":"UA-38556648-1","miscellaneous":""},"schema":{"@context":"https:\/\/schema.org","@graph":[{"@type":"Article","@id":"https:\/\/eldigitaldeasturias.com\/magazine365\/renfe-recibira-una-aportacion-publica-de-6054-millones-para-costear-los-trenes-de-servicio-publico\/#article","name":"Renfe recibir\u00e1 una aportaci\u00f3n p\u00fablica de 605,4 millones para costear los trenes de servicio p\u00fablico | El Digital de Asturias","headline":"Renfe recibir\u00e1 una aportaci\u00f3n p\u00fablica de 605,4 millones para costear los trenes de servicio p\u00fablico","author":{"@id":"https:\/\/eldigitaldeasturias.com\/magazine365\/author\/admin\/#author"},"publisher":{"@id":"https:\/\/eldigitaldeasturias.com\/magazine365\/#organization"},"image":{"@type":"ImageObject","url":"https:\/\/eldigitaldeasturias.com\/magazine365\/wp-content\/uploads\/2015\/08\/fotonoticia_20150804133719_800.jpg","width":800,"height":533},"datePublished":"2015-08-04T22:24:18+02:00","dateModified":"2015-08-04T22:24:18+02:00","inLanguage":"es-ES","mainEntityOfPage":{"@id":"https:\/\/eldigitaldeasturias.com\/magazine365\/renfe-recibira-una-aportacion-publica-de-6054-millones-para-costear-los-trenes-de-servicio-publico\/#webpage"},"isPartOf":{"@id":"https:\/\/eldigitaldeasturias.com\/magazine365\/renfe-recibira-una-aportacion-publica-de-6054-millones-para-costear-los-trenes-de-servicio-publico\/#webpage"},"articleSection":"Noticias y Actualidad"},{"@type":"BreadcrumbList","@id":"https:\/\/eldigitaldeasturias.com\/magazine365\/renfe-recibira-una-aportacion-publica-de-6054-millones-para-costear-los-trenes-de-servicio-publico\/#breadcrumblist","itemListElement":[{"@type":"ListItem","@id":"https:\/\/eldigitaldeasturias.com\/magazine365#listItem","position":1,"name":"Home","item":"https:\/\/eldigitaldeasturias.com\/magazine365","nextItem":{"@type":"ListItem","@id":"https:\/\/eldigitaldeasturias.com\/magazine365\/category\/noticias-actualidad\/#listItem","name":"Noticias y Actualidad"}},{"@type":"ListItem","@id":"https:\/\/eldigitaldeasturias.com\/magazine365\/category\/noticias-actualidad\/#listItem","position":2,"name":"Noticias y Actualidad","item":"https:\/\/eldigitaldeasturias.com\/magazine365\/category\/noticias-actualidad\/","nextItem":{"@type":"ListItem","@id":"https:\/\/eldigitaldeasturias.com\/magazine365\/renfe-recibira-una-aportacion-publica-de-6054-millones-para-costear-los-trenes-de-servicio-publico\/#listItem","name":"Renfe recibir\u00e1 una aportaci\u00f3n p\u00fablica de 605,4 millones para costear los trenes de servicio p\u00fablico"},"previousItem":{"@type":"ListItem","@id":"https:\/\/eldigitaldeasturias.com\/magazine365#listItem","name":"Home"}},{"@type":"ListItem","@id":"https:\/\/eldigitaldeasturias.com\/magazine365\/renfe-recibira-una-aportacion-publica-de-6054-millones-para-costear-los-trenes-de-servicio-publico\/#listItem","position":3,"name":"Renfe recibir\u00e1 una aportaci\u00f3n p\u00fablica de 605,4 millones para costear los trenes de servicio p\u00fablico","previousItem":{"@type":"ListItem","@id":"https:\/\/eldigitaldeasturias.com\/magazine365\/category\/noticias-actualidad\/#listItem","name":"Noticias y Actualidad"}}]},{"@type":"Organization","@id":"https:\/\/eldigitaldeasturias.com\/magazine365\/#organization","name":"El digital de Asturias","description":"Revista de ocio, turismo y estilo de vida","url":"https:\/\/eldigitaldeasturias.com\/magazine365\/","logo":{"@type":"ImageObject","url":"https:\/\/www.eldigitaldeasturias.com\/noticias\/wp-content\/uploads\/2020\/12\/EDA.jpg","@id":"https:\/\/eldigitaldeasturias.com\/magazine365\/renfe-recibira-una-aportacion-publica-de-6054-millones-para-costear-los-trenes-de-servicio-publico\/#organizationLogo"},"image":{"@id":"https:\/\/eldigitaldeasturias.com\/magazine365\/renfe-recibira-una-aportacion-publica-de-6054-millones-para-costear-los-trenes-de-servicio-publico\/#organizationLogo"}},{"@type":"Person","@id":"https:\/\/eldigitaldeasturias.com\/magazine365\/author\/admin\/#author","url":"https:\/\/eldigitaldeasturias.com\/magazine365\/author\/admin\/","name":"admin","image":{"@type":"ImageObject","@id":"https:\/\/eldigitaldeasturias.com\/magazine365\/renfe-recibira-una-aportacion-publica-de-6054-millones-para-costear-los-trenes-de-servicio-publico\/#authorImage","url":"https:\/\/eldigitaldeasturias.com\/magazine365\/wp-content\/litespeed\/avatar\/e571bcf59a0edd6fa6838245a470f2fe.jpg?ver=1777574230","width":96,"height":96,"caption":"admin"}},{"@type":"WebPage","@id":"https:\/\/eldigitaldeasturias.com\/magazine365\/renfe-recibira-una-aportacion-publica-de-6054-millones-para-costear-los-trenes-de-servicio-publico\/#webpage","url":"https:\/\/eldigitaldeasturias.com\/magazine365\/renfe-recibira-una-aportacion-publica-de-6054-millones-para-costear-los-trenes-de-servicio-publico\/","name":"Renfe recibir\u00e1 una aportaci\u00f3n p\u00fablica de 605,4 millones para costear los trenes de servicio p\u00fablico | El Digital de Asturias","description":"Renfe recibir\u00e1 una aportaci\u00f3n p\u00fablica de 605,4 millones de euros en 2015 con el fin de sufragar las conexiones ferroviarias que realiza en el marco de su obligaci\u00f3n de garantizar enlaces con car\u00e1cter de servicio p\u00fablico. Se trata de aquellas conexiones de Media Distancia (regional) que la compa\u00f1\u00eda ferroviaria presta por encomienda del Estado o","inLanguage":"es-ES","isPartOf":{"@id":"https:\/\/eldigitaldeasturias.com\/magazine365\/#website"},"breadcrumb":{"@id":"https:\/\/eldigitaldeasturias.com\/magazine365\/renfe-recibira-una-aportacion-publica-de-6054-millones-para-costear-los-trenes-de-servicio-publico\/#breadcrumblist"},"author":{"@id":"https:\/\/eldigitaldeasturias.com\/magazine365\/author\/admin\/#author"},"creator":{"@id":"https:\/\/eldigitaldeasturias.com\/magazine365\/author\/admin\/#author"},"image":{"@type":"ImageObject","url":"https:\/\/eldigitaldeasturias.com\/magazine365\/wp-content\/uploads\/2015\/08\/fotonoticia_20150804133719_800.jpg","@id":"https:\/\/eldigitaldeasturias.com\/magazine365\/renfe-recibira-una-aportacion-publica-de-6054-millones-para-costear-los-trenes-de-servicio-publico\/#mainImage","width":800,"height":533},"primaryImageOfPage":{"@id":"https:\/\/eldigitaldeasturias.com\/magazine365\/renfe-recibira-una-aportacion-publica-de-6054-millones-para-costear-los-trenes-de-servicio-publico\/#mainImage"},"datePublished":"2015-08-04T22:24:18+02:00","dateModified":"2015-08-04T22:24:18+02:00"},{"@type":"WebSite","@id":"https:\/\/eldigitaldeasturias.com\/magazine365\/#website","url":"https:\/\/eldigitaldeasturias.com\/magazine365\/","name":"El Digital de Asturias","description":"Revista de ocio, turismo y estilo de vida","inLanguage":"es-ES","publisher":{"@id":"https:\/\/eldigitaldeasturias.com\/magazine365\/#organization"}}]},"og:locale":"es_ES","og:site_name":"El Digital de Asturias \u2013 Revista de ocio, turismo y estilo de vida","og:type":"article","og:title":"Renfe recibir\u00e1 una aportaci\u00f3n p\u00fablica de 605,4 millones para costear los trenes de servicio p\u00fablico | El Digital de Asturias","og:description":"Renfe recibir\u00e1 una aportaci\u00f3n p\u00fablica de 605,4 millones de euros en 2015 con el fin de sufragar las conexiones ferroviarias que realiza en el marco de su obligaci\u00f3n de garantizar enlaces con car\u00e1cter de servicio p\u00fablico. Se trata de aquellas conexiones de Media Distancia (regional) que la compa\u00f1\u00eda ferroviaria presta por encomienda del Estado o","og:url":"https:\/\/eldigitaldeasturias.com\/magazine365\/renfe-recibira-una-aportacion-publica-de-6054-millones-para-costear-los-trenes-de-servicio-publico\/","og:image":"https:\/\/eldigitaldeasturias.com\/magazine365\/wp-content\/uploads\/2015\/08\/fotonoticia_20150804133719_800.jpg","og:image:secure_url":"https:\/\/eldigitaldeasturias.com\/magazine365\/wp-content\/uploads\/2015\/08\/fotonoticia_20150804133719_800.jpg","og:image:width":800,"og:image:height":533,"article:published_time":"2015-08-04T20:24:18+00:00","article:modified_time":"2015-08-04T20:24:18+00:00","twitter:card":"summary_large_image","twitter:title":"Renfe recibir\u00e1 una aportaci\u00f3n p\u00fablica de 605,4 millones para costear los trenes de servicio p\u00fablico | El Digital de Asturias","twitter:description":"Renfe recibir\u00e1 una aportaci\u00f3n p\u00fablica de 605,4 millones de euros en 2015 con el fin de sufragar las conexiones ferroviarias que realiza en el marco de su obligaci\u00f3n de garantizar enlaces con car\u00e1cter de servicio p\u00fablico. Se trata de aquellas conexiones de Media Distancia (regional) que la compa\u00f1\u00eda ferroviaria presta por encomienda del Estado o","twitter:image":"https:\/\/eldigitaldeasturias.com\/magazine365\/wp-content\/uploads\/2015\/08\/fotonoticia_20150804133719_800.jpg"},"aioseo_meta_data":{"post_id":"44838","title":null,"description":null,"keywords":null,"keyphrases":null,"primary_term":null,"canonical_url":null,"og_title":null,"og_description":null,"og_object_type":"default","og_image_type":"default","og_image_url":null,"og_image_width":null,"og_image_height":null,"og_image_custom_url":null,"og_image_custom_fields":null,"og_video":null,"og_custom_url":null,"og_article_section":null,"og_article_tags":null,"twitter_use_og":false,"twitter_card":"default","twitter_image_type":"default","twitter_image_url":null,"twitter_image_custom_url":null,"twitter_image_custom_fields":null,"twitter_title":null,"twitter_description":null,"schema":{"blockGraphs":[],"customGraphs":[],"default":{"data":{"Article":[],"Course":[],"Dataset":[],"FAQPage":[],"Movie":[],"Person":[],"Product":[],"ProductReview":[],"Car":[],"Recipe":[],"Service":[],"SoftwareApplication":[],"WebPage":[]},"graphName":"","isEnabled":true},"graphs":[]},"schema_type":null,"schema_type_options":null,"pillar_content":false,"robots_default":true,"robots_noindex":false,"robots_noarchive":false,"robots_nosnippet":false,"robots_nofollow":false,"robots_noimageindex":false,"robots_noodp":false,"robots_notranslate":false,"robots_max_snippet":null,"robots_max_videopreview":null,"robots_max_imagepreview":"large","priority":null,"frequency":null,"location":null,"local_seo":null,"seo_analyzer_scan_date":"2025-09-19 22:47:46","breadcrumb_settings":null,"limit_modified_date":false,"open_ai":null,"ai":null,"created":"2021-03-09 01:28:43","updated":"2025-09-19 22:47:46"},"aioseo_breadcrumb":"<div class=\"aioseo-breadcrumbs\"><span class=\"aioseo-breadcrumb\">\n\t<a href=\"https:\/\/eldigitaldeasturias.com\/magazine365\" title=\"Home\">Home<\/a>\n<\/span><span class=\"aioseo-breadcrumb-separator\">\u2013<\/span><span class=\"aioseo-breadcrumb\">\n\t<a href=\"https:\/\/eldigitaldeasturias.com\/magazine365\/category\/noticias-actualidad\/\" title=\"Noticias y Actualidad\">Noticias y Actualidad<\/a>\n<\/span><span class=\"aioseo-breadcrumb-separator\">\u2013<\/span><span class=\"aioseo-breadcrumb\">\n\t<a href=\"https:\/\/eldigitaldeasturias.com\/magazine365\/renfe-recibira-una-aportacion-publica-de-6054-millones-para-costear-los-trenes-de-servicio-publico\/\" title=\"Renfe recibir\u00e1 una aportaci\u00f3n p\u00fablica de 605,4 millones para costear los trenes de servicio p\u00fablico\">Renfe recibir\u00e1 una aportaci\u00f3n p\u00fablica de 605,4 millones para costear los trenes de servicio p\u00fablico<\/a>\n<\/span><\/div>","aioseo_breadcrumb_json":[{"label":"Home","link":"https:\/\/eldigitaldeasturias.com\/magazine365"},{"label":"Noticias y Actualidad","link":"https:\/\/eldigitaldeasturias.com\/magazine365\/category\/noticias-actualidad\/"},{"label":"Renfe recibir\u00e1 una aportaci\u00f3n p\u00fablica de 605,4 millones para costear los trenes de servicio p\u00fablico","link":"https:\/\/eldigitaldeasturias.com\/magazine365\/renfe-recibira-una-aportacion-publica-de-6054-millones-para-costear-los-trenes-de-servicio-publico\/"}],"_links":{"self":[{"href":"https:\/\/eldigitaldeasturias.com\/magazine365\/wp-json\/wp\/v2\/posts\/44838","targetHints":{"allow":["GET"]}}],"collection":[{"href":"https:\/\/eldigitaldeasturias.com\/magazine365\/wp-json\/wp\/v2\/posts"}],"about":[{"href":"https:\/\/eldigitaldeasturias.com\/magazine365\/wp-json\/wp\/v2\/types\/post"}],"author":[{"embeddable":true,"href":"https:\/\/eldigitaldeasturias.com\/magazine365\/wp-json\/wp\/v2\/users\/1"}],"replies":[{"embeddable":true,"href":"https:\/\/eldigitaldeasturias.com\/magazine365\/wp-json\/wp\/v2\/comments?post=44838"}],"version-history":[{"count":0,"href":"https:\/\/eldigitaldeasturias.com\/magazine365\/wp-json\/wp\/v2\/posts\/44838\/revisions"}],"wp:featuredmedia":[{"embeddable":true,"href":"https:\/\/eldigitaldeasturias.com\/magazine365\/wp-json\/wp\/v2\/media\/44840"}],"wp:attachment":[{"href":"https:\/\/eldigitaldeasturias.com\/magazine365\/wp-json\/wp\/v2\/media?parent=44838"}],"wp:term":[{"taxonomy":"category","embeddable":true,"href":"https:\/\/eldigitaldeasturias.com\/magazine365\/wp-json\/wp\/v2\/categories?post=44838"},{"taxonomy":"post_tag","embeddable":true,"href":"https:\/\/eldigitaldeasturias.com\/magazine365\/wp-json\/wp\/v2\/tags?post=44838"}],"curies":[{"name":"wp","href":"https:\/\/api.w.org\/{rel}","templated":true}]}}