{"id":44832,"date":"2015-08-04T16:52:58","date_gmt":"2015-08-04T14:52:58","guid":{"rendered":"http:\/\/eldigitaldeasturias.com\/magazine365\/?p=44832"},"modified":"2015-08-04T16:52:58","modified_gmt":"2015-08-04T14:52:58","slug":"el-airbus-a380-de-singapore-airlines-participara-en-el-desfile-aereo-nacional-del-pais","status":"publish","type":"post","link":"https:\/\/eldigitaldeasturias.com\/magazine365\/el-airbus-a380-de-singapore-airlines-participara-en-el-desfile-aereo-nacional-del-pais\/","title":{"rendered":"El Airbus A380 de Singapore Airlines participar\u00e1 en el desfile a\u00e9reo nacional del pa\u00eds"},"content":{"rendered":"<p><img fetchpriority=\"high\" decoding=\"async\" class=\"alignleft size-medium wp-image-44833\" src=\"https:\/\/eldigitaldeasturias.com\/magazine365\/wp-content\/uploads\/2015\/08\/fotonoticia_20150804120217_800-360x203.jpg\" alt=\"fotonoticia_20150804120217_800\" width=\"360\" height=\"203\" srcset=\"https:\/\/eldigitaldeasturias.com\/magazine365\/wp-content\/uploads\/2015\/08\/fotonoticia_20150804120217_800-360x203.jpg 360w, https:\/\/eldigitaldeasturias.com\/magazine365\/wp-content\/uploads\/2015\/08\/fotonoticia_20150804120217_800-650x366.jpg 650w, https:\/\/eldigitaldeasturias.com\/magazine365\/wp-content\/uploads\/2015\/08\/fotonoticia_20150804120217_800-768x432.jpg 768w, https:\/\/eldigitaldeasturias.com\/magazine365\/wp-content\/uploads\/2015\/08\/fotonoticia_20150804120217_800-150x84.jpg 150w, https:\/\/eldigitaldeasturias.com\/magazine365\/wp-content\/uploads\/2015\/08\/fotonoticia_20150804120217_800-450x253.jpg 450w, https:\/\/eldigitaldeasturias.com\/magazine365\/wp-content\/uploads\/2015\/08\/fotonoticia_20150804120217_800-696x392.jpg 696w, https:\/\/eldigitaldeasturias.com\/magazine365\/wp-content\/uploads\/2015\/08\/fotonoticia_20150804120217_800-747x420.jpg 747w, https:\/\/eldigitaldeasturias.com\/magazine365\/wp-content\/uploads\/2015\/08\/fotonoticia_20150804120217_800-499x280.jpg 499w, https:\/\/eldigitaldeasturias.com\/magazine365\/wp-content\/uploads\/2015\/08\/fotonoticia_20150804120217_800.jpg 800w\" sizes=\"(max-width: 360px) 100vw, 360px\" \/>El Airbus A380 de Singapure Airlines participar\u00e1 el pr\u00f3ximo 9 de agosto en el desfile a\u00e9reo del D\u00eda Nacional de Singapur para celebrar el 50\u00ba aniversario de la ciudad, seg\u00fan ha informado la aerol\u00ednea asi\u00e1tica.<\/p>\n<p>Se trata de la primera vez que la compa\u00f1\u00eda a\u00e9rea formar\u00e1 parte de este espacio a\u00e9reo.<\/p>\n<p>El avi\u00f3n ha sido personalizado con la bandera del pa\u00eds con un vinilo de diez metros y 47 metros de largo en ambos lados del fuselaje y el logotipo oficial de la celebraci\u00f3n de la ciudad en los dos motores del avi\u00f3n. Tambi\u00e9n asistir\u00e1n 20 mujeres con los trajes t\u00edpicas de la marca.<\/p>\n<p>El consejero delegado del grupo, Goh Choon Phong, asegur\u00f3 sentirse muy honrado de formar parte de esta fecha nacional.<\/p>\n","protected":false},"excerpt":{"rendered":"<p>El Airbus A380 de Singapure Airlines participar\u00e1 el pr\u00f3ximo 9 de agosto en el desfile a\u00e9reo del D\u00eda Nacional de Singapur para celebrar el 50\u00ba aniversario de la ciudad, seg\u00fan ha informado la aerol\u00ednea asi\u00e1tica. Se trata de la primera vez que la compa\u00f1\u00eda a\u00e9rea formar\u00e1 parte de este espacio a\u00e9reo. El avi\u00f3n ha sido<\/p>\n","protected":false},"author":1,"featured_media":44833,"comment_status":"open","ping_status":"closed","sticky":false,"template":"","format":"standard","meta":{"footnotes":""},"categories":[224],"tags":[],"class_list":{"0":"post-44832","1":"post","2":"type-post","3":"status-publish","4":"format-standard","5":"has-post-thumbnail","7":"category-noticias-actualidad"},"aioseo_notices":[],"aioseo_head":"\n\t\t<!-- All in One SEO Pro 4.9.6.1 - aioseo.com -->\n\t<meta name=\"description\" content=\"El Airbus A380 de Singapure Airlines participar\u00e1 el pr\u00f3ximo 9 de agosto en el desfile a\u00e9reo del D\u00eda Nacional de Singapur para celebrar el 50\u00ba aniversario de la ciudad, seg\u00fan ha informado la aerol\u00ednea asi\u00e1tica. Se trata de la primera vez que la compa\u00f1\u00eda a\u00e9rea formar\u00e1 parte de este espacio a\u00e9reo. El avi\u00f3n ha sido\" \/>\n\t<meta name=\"robots\" content=\"max-image-preview:large\" \/>\n\t<meta name=\"author\" content=\"admin\"\/>\n\t<meta name=\"google-site-verification\" content=\"UA-38556648-1\" \/>\n\t<meta name=\"keywords\" content=\"noticias y actualidad\" \/>\n\t<link rel=\"canonical\" href=\"https:\/\/eldigitaldeasturias.com\/magazine365\/el-airbus-a380-de-singapore-airlines-participara-en-el-desfile-aereo-nacional-del-pais\/\" \/>\n\t<meta name=\"generator\" content=\"All in One SEO Pro (AIOSEO) 4.9.6.1\" \/>\n\t\t<meta property=\"og:locale\" content=\"es_ES\" \/>\n\t\t<meta property=\"og:site_name\" content=\"El Digital de Asturias \u2013 Revista de ocio, turismo y estilo de vida\" \/>\n\t\t<meta property=\"og:type\" content=\"article\" \/>\n\t\t<meta property=\"og:title\" content=\"El Airbus A380 de Singapore Airlines participar\u00e1 en el desfile a\u00e9reo nacional del pa\u00eds | El Digital de Asturias\" \/>\n\t\t<meta property=\"og:description\" content=\"El Airbus A380 de Singapure Airlines participar\u00e1 el pr\u00f3ximo 9 de agosto en el desfile a\u00e9reo del D\u00eda Nacional de Singapur para celebrar el 50\u00ba aniversario de la ciudad, seg\u00fan ha informado la aerol\u00ednea asi\u00e1tica. Se trata de la primera vez que la compa\u00f1\u00eda a\u00e9rea formar\u00e1 parte de este espacio a\u00e9reo. El avi\u00f3n ha sido\" \/>\n\t\t<meta property=\"og:url\" content=\"https:\/\/eldigitaldeasturias.com\/magazine365\/el-airbus-a380-de-singapore-airlines-participara-en-el-desfile-aereo-nacional-del-pais\/\" \/>\n\t\t<meta property=\"og:image\" content=\"https:\/\/eldigitaldeasturias.com\/magazine365\/wp-content\/uploads\/2015\/08\/fotonoticia_20150804120217_800.jpg\" \/>\n\t\t<meta property=\"og:image:secure_url\" content=\"https:\/\/eldigitaldeasturias.com\/magazine365\/wp-content\/uploads\/2015\/08\/fotonoticia_20150804120217_800.jpg\" \/>\n\t\t<meta property=\"og:image:width\" content=\"800\" \/>\n\t\t<meta property=\"og:image:height\" content=\"450\" \/>\n\t\t<meta property=\"article:published_time\" content=\"2015-08-04T14:52:58+00:00\" \/>\n\t\t<meta property=\"article:modified_time\" content=\"2015-08-04T14:52:58+00:00\" \/>\n\t\t<meta name=\"twitter:card\" content=\"summary_large_image\" \/>\n\t\t<meta name=\"twitter:title\" content=\"El Airbus A380 de Singapore Airlines participar\u00e1 en el desfile a\u00e9reo nacional del pa\u00eds | El Digital de Asturias\" \/>\n\t\t<meta name=\"twitter:description\" content=\"El Airbus A380 de Singapure Airlines participar\u00e1 el pr\u00f3ximo 9 de agosto en el desfile a\u00e9reo del D\u00eda Nacional de Singapur para celebrar el 50\u00ba aniversario de la ciudad, seg\u00fan ha informado la aerol\u00ednea asi\u00e1tica. Se trata de la primera vez que la compa\u00f1\u00eda a\u00e9rea formar\u00e1 parte de este espacio a\u00e9reo. El avi\u00f3n ha sido\" \/>\n\t\t<meta name=\"twitter:image\" content=\"https:\/\/eldigitaldeasturias.com\/magazine365\/wp-content\/uploads\/2015\/08\/fotonoticia_20150804120217_800.jpg\" \/>\n\t\t<script type=\"application\/ld+json\" class=\"aioseo-schema\">\n\t\t\t{\"@context\":\"https:\\\/\\\/schema.org\",\"@graph\":[{\"@type\":\"Article\",\"@id\":\"https:\\\/\\\/eldigitaldeasturias.com\\\/magazine365\\\/el-airbus-a380-de-singapore-airlines-participara-en-el-desfile-aereo-nacional-del-pais\\\/#article\",\"name\":\"El Airbus A380 de Singapore Airlines participar\\u00e1 en el desfile a\\u00e9reo nacional del pa\\u00eds | El Digital de Asturias\",\"headline\":\"El Airbus A380 de Singapore Airlines participar\\u00e1 en el desfile a\\u00e9reo nacional del pa\\u00eds\",\"author\":{\"@id\":\"https:\\\/\\\/eldigitaldeasturias.com\\\/magazine365\\\/author\\\/admin\\\/#author\"},\"publisher\":{\"@id\":\"https:\\\/\\\/eldigitaldeasturias.com\\\/magazine365\\\/#organization\"},\"image\":{\"@type\":\"ImageObject\",\"url\":\"https:\\\/\\\/eldigitaldeasturias.com\\\/magazine365\\\/wp-content\\\/uploads\\\/2015\\\/08\\\/fotonoticia_20150804120217_800.jpg\",\"width\":800,\"height\":450},\"datePublished\":\"2015-08-04T16:52:58+02:00\",\"dateModified\":\"2015-08-04T16:52:58+02:00\",\"inLanguage\":\"es-ES\",\"mainEntityOfPage\":{\"@id\":\"https:\\\/\\\/eldigitaldeasturias.com\\\/magazine365\\\/el-airbus-a380-de-singapore-airlines-participara-en-el-desfile-aereo-nacional-del-pais\\\/#webpage\"},\"isPartOf\":{\"@id\":\"https:\\\/\\\/eldigitaldeasturias.com\\\/magazine365\\\/el-airbus-a380-de-singapore-airlines-participara-en-el-desfile-aereo-nacional-del-pais\\\/#webpage\"},\"articleSection\":\"Noticias y Actualidad\"},{\"@type\":\"BreadcrumbList\",\"@id\":\"https:\\\/\\\/eldigitaldeasturias.com\\\/magazine365\\\/el-airbus-a380-de-singapore-airlines-participara-en-el-desfile-aereo-nacional-del-pais\\\/#breadcrumblist\",\"itemListElement\":[{\"@type\":\"ListItem\",\"@id\":\"https:\\\/\\\/eldigitaldeasturias.com\\\/magazine365#listItem\",\"position\":1,\"name\":\"Home\",\"item\":\"https:\\\/\\\/eldigitaldeasturias.com\\\/magazine365\",\"nextItem\":{\"@type\":\"ListItem\",\"@id\":\"https:\\\/\\\/eldigitaldeasturias.com\\\/magazine365\\\/category\\\/noticias-actualidad\\\/#listItem\",\"name\":\"Noticias y Actualidad\"}},{\"@type\":\"ListItem\",\"@id\":\"https:\\\/\\\/eldigitaldeasturias.com\\\/magazine365\\\/category\\\/noticias-actualidad\\\/#listItem\",\"position\":2,\"name\":\"Noticias y Actualidad\",\"item\":\"https:\\\/\\\/eldigitaldeasturias.com\\\/magazine365\\\/category\\\/noticias-actualidad\\\/\",\"nextItem\":{\"@type\":\"ListItem\",\"@id\":\"https:\\\/\\\/eldigitaldeasturias.com\\\/magazine365\\\/el-airbus-a380-de-singapore-airlines-participara-en-el-desfile-aereo-nacional-del-pais\\\/#listItem\",\"name\":\"El Airbus A380 de Singapore Airlines participar\\u00e1 en el desfile a\\u00e9reo nacional del pa\\u00eds\"},\"previousItem\":{\"@type\":\"ListItem\",\"@id\":\"https:\\\/\\\/eldigitaldeasturias.com\\\/magazine365#listItem\",\"name\":\"Home\"}},{\"@type\":\"ListItem\",\"@id\":\"https:\\\/\\\/eldigitaldeasturias.com\\\/magazine365\\\/el-airbus-a380-de-singapore-airlines-participara-en-el-desfile-aereo-nacional-del-pais\\\/#listItem\",\"position\":3,\"name\":\"El Airbus A380 de Singapore Airlines participar\\u00e1 en el desfile a\\u00e9reo nacional del pa\\u00eds\",\"previousItem\":{\"@type\":\"ListItem\",\"@id\":\"https:\\\/\\\/eldigitaldeasturias.com\\\/magazine365\\\/category\\\/noticias-actualidad\\\/#listItem\",\"name\":\"Noticias y Actualidad\"}}]},{\"@type\":\"Organization\",\"@id\":\"https:\\\/\\\/eldigitaldeasturias.com\\\/magazine365\\\/#organization\",\"name\":\"El digital de Asturias\",\"description\":\"Revista de ocio, turismo y estilo de vida\",\"url\":\"https:\\\/\\\/eldigitaldeasturias.com\\\/magazine365\\\/\",\"logo\":{\"@type\":\"ImageObject\",\"url\":\"https:\\\/\\\/www.eldigitaldeasturias.com\\\/noticias\\\/wp-content\\\/uploads\\\/2020\\\/12\\\/EDA.jpg\",\"@id\":\"https:\\\/\\\/eldigitaldeasturias.com\\\/magazine365\\\/el-airbus-a380-de-singapore-airlines-participara-en-el-desfile-aereo-nacional-del-pais\\\/#organizationLogo\"},\"image\":{\"@id\":\"https:\\\/\\\/eldigitaldeasturias.com\\\/magazine365\\\/el-airbus-a380-de-singapore-airlines-participara-en-el-desfile-aereo-nacional-del-pais\\\/#organizationLogo\"}},{\"@type\":\"Person\",\"@id\":\"https:\\\/\\\/eldigitaldeasturias.com\\\/magazine365\\\/author\\\/admin\\\/#author\",\"url\":\"https:\\\/\\\/eldigitaldeasturias.com\\\/magazine365\\\/author\\\/admin\\\/\",\"name\":\"admin\",\"image\":{\"@type\":\"ImageObject\",\"@id\":\"https:\\\/\\\/eldigitaldeasturias.com\\\/magazine365\\\/el-airbus-a380-de-singapore-airlines-participara-en-el-desfile-aereo-nacional-del-pais\\\/#authorImage\",\"url\":\"https:\\\/\\\/eldigitaldeasturias.com\\\/magazine365\\\/wp-content\\\/litespeed\\\/avatar\\\/e571bcf59a0edd6fa6838245a470f2fe.jpg?ver=1777574230\",\"width\":96,\"height\":96,\"caption\":\"admin\"}},{\"@type\":\"WebPage\",\"@id\":\"https:\\\/\\\/eldigitaldeasturias.com\\\/magazine365\\\/el-airbus-a380-de-singapore-airlines-participara-en-el-desfile-aereo-nacional-del-pais\\\/#webpage\",\"url\":\"https:\\\/\\\/eldigitaldeasturias.com\\\/magazine365\\\/el-airbus-a380-de-singapore-airlines-participara-en-el-desfile-aereo-nacional-del-pais\\\/\",\"name\":\"El Airbus A380 de Singapore Airlines participar\\u00e1 en el desfile a\\u00e9reo nacional del pa\\u00eds | El Digital de Asturias\",\"description\":\"El Airbus A380 de Singapure Airlines participar\\u00e1 el pr\\u00f3ximo 9 de agosto en el desfile a\\u00e9reo del D\\u00eda Nacional de Singapur para celebrar el 50\\u00ba aniversario de la ciudad, seg\\u00fan ha informado la aerol\\u00ednea asi\\u00e1tica. Se trata de la primera vez que la compa\\u00f1\\u00eda a\\u00e9rea formar\\u00e1 parte de este espacio a\\u00e9reo. El avi\\u00f3n ha sido\",\"inLanguage\":\"es-ES\",\"isPartOf\":{\"@id\":\"https:\\\/\\\/eldigitaldeasturias.com\\\/magazine365\\\/#website\"},\"breadcrumb\":{\"@id\":\"https:\\\/\\\/eldigitaldeasturias.com\\\/magazine365\\\/el-airbus-a380-de-singapore-airlines-participara-en-el-desfile-aereo-nacional-del-pais\\\/#breadcrumblist\"},\"author\":{\"@id\":\"https:\\\/\\\/eldigitaldeasturias.com\\\/magazine365\\\/author\\\/admin\\\/#author\"},\"creator\":{\"@id\":\"https:\\\/\\\/eldigitaldeasturias.com\\\/magazine365\\\/author\\\/admin\\\/#author\"},\"image\":{\"@type\":\"ImageObject\",\"url\":\"https:\\\/\\\/eldigitaldeasturias.com\\\/magazine365\\\/wp-content\\\/uploads\\\/2015\\\/08\\\/fotonoticia_20150804120217_800.jpg\",\"@id\":\"https:\\\/\\\/eldigitaldeasturias.com\\\/magazine365\\\/el-airbus-a380-de-singapore-airlines-participara-en-el-desfile-aereo-nacional-del-pais\\\/#mainImage\",\"width\":800,\"height\":450},\"primaryImageOfPage\":{\"@id\":\"https:\\\/\\\/eldigitaldeasturias.com\\\/magazine365\\\/el-airbus-a380-de-singapore-airlines-participara-en-el-desfile-aereo-nacional-del-pais\\\/#mainImage\"},\"datePublished\":\"2015-08-04T16:52:58+02:00\",\"dateModified\":\"2015-08-04T16:52:58+02:00\"},{\"@type\":\"WebSite\",\"@id\":\"https:\\\/\\\/eldigitaldeasturias.com\\\/magazine365\\\/#website\",\"url\":\"https:\\\/\\\/eldigitaldeasturias.com\\\/magazine365\\\/\",\"name\":\"El Digital de Asturias\",\"description\":\"Revista de ocio, turismo y estilo de vida\",\"inLanguage\":\"es-ES\",\"publisher\":{\"@id\":\"https:\\\/\\\/eldigitaldeasturias.com\\\/magazine365\\\/#organization\"}}]}\n\t\t<\/script>\n\t\t<!-- All in One SEO Pro -->\r\n\t\t<title>El Airbus A380 de Singapore Airlines participar\u00e1 en el desfile a\u00e9reo nacional del pa\u00eds | El Digital de Asturias<\/title>\n\n","aioseo_head_json":{"title":"El Airbus A380 de Singapore Airlines participar\u00e1 en el desfile a\u00e9reo nacional del pa\u00eds | El Digital de Asturias","description":"El Airbus A380 de Singapure Airlines participar\u00e1 el pr\u00f3ximo 9 de agosto en el desfile a\u00e9reo del D\u00eda Nacional de Singapur para celebrar el 50\u00ba aniversario de la ciudad, seg\u00fan ha informado la aerol\u00ednea asi\u00e1tica. Se trata de la primera vez que la compa\u00f1\u00eda a\u00e9rea formar\u00e1 parte de este espacio a\u00e9reo. El avi\u00f3n ha sido","canonical_url":"https:\/\/eldigitaldeasturias.com\/magazine365\/el-airbus-a380-de-singapore-airlines-participara-en-el-desfile-aereo-nacional-del-pais\/","robots":"max-image-preview:large","keywords":"noticias y actualidad","webmasterTools":{"google-site-verification":"UA-38556648-1","miscellaneous":""},"schema":{"@context":"https:\/\/schema.org","@graph":[{"@type":"Article","@id":"https:\/\/eldigitaldeasturias.com\/magazine365\/el-airbus-a380-de-singapore-airlines-participara-en-el-desfile-aereo-nacional-del-pais\/#article","name":"El Airbus A380 de Singapore Airlines participar\u00e1 en el desfile a\u00e9reo nacional del pa\u00eds | El Digital de Asturias","headline":"El Airbus A380 de Singapore Airlines participar\u00e1 en el desfile a\u00e9reo nacional del pa\u00eds","author":{"@id":"https:\/\/eldigitaldeasturias.com\/magazine365\/author\/admin\/#author"},"publisher":{"@id":"https:\/\/eldigitaldeasturias.com\/magazine365\/#organization"},"image":{"@type":"ImageObject","url":"https:\/\/eldigitaldeasturias.com\/magazine365\/wp-content\/uploads\/2015\/08\/fotonoticia_20150804120217_800.jpg","width":800,"height":450},"datePublished":"2015-08-04T16:52:58+02:00","dateModified":"2015-08-04T16:52:58+02:00","inLanguage":"es-ES","mainEntityOfPage":{"@id":"https:\/\/eldigitaldeasturias.com\/magazine365\/el-airbus-a380-de-singapore-airlines-participara-en-el-desfile-aereo-nacional-del-pais\/#webpage"},"isPartOf":{"@id":"https:\/\/eldigitaldeasturias.com\/magazine365\/el-airbus-a380-de-singapore-airlines-participara-en-el-desfile-aereo-nacional-del-pais\/#webpage"},"articleSection":"Noticias y Actualidad"},{"@type":"BreadcrumbList","@id":"https:\/\/eldigitaldeasturias.com\/magazine365\/el-airbus-a380-de-singapore-airlines-participara-en-el-desfile-aereo-nacional-del-pais\/#breadcrumblist","itemListElement":[{"@type":"ListItem","@id":"https:\/\/eldigitaldeasturias.com\/magazine365#listItem","position":1,"name":"Home","item":"https:\/\/eldigitaldeasturias.com\/magazine365","nextItem":{"@type":"ListItem","@id":"https:\/\/eldigitaldeasturias.com\/magazine365\/category\/noticias-actualidad\/#listItem","name":"Noticias y Actualidad"}},{"@type":"ListItem","@id":"https:\/\/eldigitaldeasturias.com\/magazine365\/category\/noticias-actualidad\/#listItem","position":2,"name":"Noticias y Actualidad","item":"https:\/\/eldigitaldeasturias.com\/magazine365\/category\/noticias-actualidad\/","nextItem":{"@type":"ListItem","@id":"https:\/\/eldigitaldeasturias.com\/magazine365\/el-airbus-a380-de-singapore-airlines-participara-en-el-desfile-aereo-nacional-del-pais\/#listItem","name":"El Airbus A380 de Singapore Airlines participar\u00e1 en el desfile a\u00e9reo nacional del pa\u00eds"},"previousItem":{"@type":"ListItem","@id":"https:\/\/eldigitaldeasturias.com\/magazine365#listItem","name":"Home"}},{"@type":"ListItem","@id":"https:\/\/eldigitaldeasturias.com\/magazine365\/el-airbus-a380-de-singapore-airlines-participara-en-el-desfile-aereo-nacional-del-pais\/#listItem","position":3,"name":"El Airbus A380 de Singapore Airlines participar\u00e1 en el desfile a\u00e9reo nacional del pa\u00eds","previousItem":{"@type":"ListItem","@id":"https:\/\/eldigitaldeasturias.com\/magazine365\/category\/noticias-actualidad\/#listItem","name":"Noticias y Actualidad"}}]},{"@type":"Organization","@id":"https:\/\/eldigitaldeasturias.com\/magazine365\/#organization","name":"El digital de Asturias","description":"Revista de ocio, turismo y estilo de vida","url":"https:\/\/eldigitaldeasturias.com\/magazine365\/","logo":{"@type":"ImageObject","url":"https:\/\/www.eldigitaldeasturias.com\/noticias\/wp-content\/uploads\/2020\/12\/EDA.jpg","@id":"https:\/\/eldigitaldeasturias.com\/magazine365\/el-airbus-a380-de-singapore-airlines-participara-en-el-desfile-aereo-nacional-del-pais\/#organizationLogo"},"image":{"@id":"https:\/\/eldigitaldeasturias.com\/magazine365\/el-airbus-a380-de-singapore-airlines-participara-en-el-desfile-aereo-nacional-del-pais\/#organizationLogo"}},{"@type":"Person","@id":"https:\/\/eldigitaldeasturias.com\/magazine365\/author\/admin\/#author","url":"https:\/\/eldigitaldeasturias.com\/magazine365\/author\/admin\/","name":"admin","image":{"@type":"ImageObject","@id":"https:\/\/eldigitaldeasturias.com\/magazine365\/el-airbus-a380-de-singapore-airlines-participara-en-el-desfile-aereo-nacional-del-pais\/#authorImage","url":"https:\/\/eldigitaldeasturias.com\/magazine365\/wp-content\/litespeed\/avatar\/e571bcf59a0edd6fa6838245a470f2fe.jpg?ver=1777574230","width":96,"height":96,"caption":"admin"}},{"@type":"WebPage","@id":"https:\/\/eldigitaldeasturias.com\/magazine365\/el-airbus-a380-de-singapore-airlines-participara-en-el-desfile-aereo-nacional-del-pais\/#webpage","url":"https:\/\/eldigitaldeasturias.com\/magazine365\/el-airbus-a380-de-singapore-airlines-participara-en-el-desfile-aereo-nacional-del-pais\/","name":"El Airbus A380 de Singapore Airlines participar\u00e1 en el desfile a\u00e9reo nacional del pa\u00eds | El Digital de Asturias","description":"El Airbus A380 de Singapure Airlines participar\u00e1 el pr\u00f3ximo 9 de agosto en el desfile a\u00e9reo del D\u00eda Nacional de Singapur para celebrar el 50\u00ba aniversario de la ciudad, seg\u00fan ha informado la aerol\u00ednea asi\u00e1tica. Se trata de la primera vez que la compa\u00f1\u00eda a\u00e9rea formar\u00e1 parte de este espacio a\u00e9reo. El avi\u00f3n ha sido","inLanguage":"es-ES","isPartOf":{"@id":"https:\/\/eldigitaldeasturias.com\/magazine365\/#website"},"breadcrumb":{"@id":"https:\/\/eldigitaldeasturias.com\/magazine365\/el-airbus-a380-de-singapore-airlines-participara-en-el-desfile-aereo-nacional-del-pais\/#breadcrumblist"},"author":{"@id":"https:\/\/eldigitaldeasturias.com\/magazine365\/author\/admin\/#author"},"creator":{"@id":"https:\/\/eldigitaldeasturias.com\/magazine365\/author\/admin\/#author"},"image":{"@type":"ImageObject","url":"https:\/\/eldigitaldeasturias.com\/magazine365\/wp-content\/uploads\/2015\/08\/fotonoticia_20150804120217_800.jpg","@id":"https:\/\/eldigitaldeasturias.com\/magazine365\/el-airbus-a380-de-singapore-airlines-participara-en-el-desfile-aereo-nacional-del-pais\/#mainImage","width":800,"height":450},"primaryImageOfPage":{"@id":"https:\/\/eldigitaldeasturias.com\/magazine365\/el-airbus-a380-de-singapore-airlines-participara-en-el-desfile-aereo-nacional-del-pais\/#mainImage"},"datePublished":"2015-08-04T16:52:58+02:00","dateModified":"2015-08-04T16:52:58+02:00"},{"@type":"WebSite","@id":"https:\/\/eldigitaldeasturias.com\/magazine365\/#website","url":"https:\/\/eldigitaldeasturias.com\/magazine365\/","name":"El Digital de Asturias","description":"Revista de ocio, turismo y estilo de vida","inLanguage":"es-ES","publisher":{"@id":"https:\/\/eldigitaldeasturias.com\/magazine365\/#organization"}}]},"og:locale":"es_ES","og:site_name":"El Digital de Asturias \u2013 Revista de ocio, turismo y estilo de vida","og:type":"article","og:title":"El Airbus A380 de Singapore Airlines participar\u00e1 en el desfile a\u00e9reo nacional del pa\u00eds | El Digital de Asturias","og:description":"El Airbus A380 de Singapure Airlines participar\u00e1 el pr\u00f3ximo 9 de agosto en el desfile a\u00e9reo del D\u00eda Nacional de Singapur para celebrar el 50\u00ba aniversario de la ciudad, seg\u00fan ha informado la aerol\u00ednea asi\u00e1tica. Se trata de la primera vez que la compa\u00f1\u00eda a\u00e9rea formar\u00e1 parte de este espacio a\u00e9reo. El avi\u00f3n ha sido","og:url":"https:\/\/eldigitaldeasturias.com\/magazine365\/el-airbus-a380-de-singapore-airlines-participara-en-el-desfile-aereo-nacional-del-pais\/","og:image":"https:\/\/eldigitaldeasturias.com\/magazine365\/wp-content\/uploads\/2015\/08\/fotonoticia_20150804120217_800.jpg","og:image:secure_url":"https:\/\/eldigitaldeasturias.com\/magazine365\/wp-content\/uploads\/2015\/08\/fotonoticia_20150804120217_800.jpg","og:image:width":800,"og:image:height":450,"article:published_time":"2015-08-04T14:52:58+00:00","article:modified_time":"2015-08-04T14:52:58+00:00","twitter:card":"summary_large_image","twitter:title":"El Airbus A380 de Singapore Airlines participar\u00e1 en el desfile a\u00e9reo nacional del pa\u00eds | El Digital de Asturias","twitter:description":"El Airbus A380 de Singapure Airlines participar\u00e1 el pr\u00f3ximo 9 de agosto en el desfile a\u00e9reo del D\u00eda Nacional de Singapur para celebrar el 50\u00ba aniversario de la ciudad, seg\u00fan ha informado la aerol\u00ednea asi\u00e1tica. Se trata de la primera vez que la compa\u00f1\u00eda a\u00e9rea formar\u00e1 parte de este espacio a\u00e9reo. El avi\u00f3n ha sido","twitter:image":"https:\/\/eldigitaldeasturias.com\/magazine365\/wp-content\/uploads\/2015\/08\/fotonoticia_20150804120217_800.jpg"},"aioseo_meta_data":{"post_id":"44832","title":null,"description":null,"keywords":null,"keyphrases":null,"primary_term":null,"canonical_url":null,"og_title":null,"og_description":null,"og_object_type":"default","og_image_type":"default","og_image_url":null,"og_image_width":null,"og_image_height":null,"og_image_custom_url":null,"og_image_custom_fields":null,"og_video":null,"og_custom_url":null,"og_article_section":null,"og_article_tags":null,"twitter_use_og":false,"twitter_card":"default","twitter_image_type":"default","twitter_image_url":null,"twitter_image_custom_url":null,"twitter_image_custom_fields":null,"twitter_title":null,"twitter_description":null,"schema":{"blockGraphs":[],"customGraphs":[],"default":{"data":{"Article":[],"Course":[],"Dataset":[],"FAQPage":[],"Movie":[],"Person":[],"Product":[],"ProductReview":[],"Car":[],"Recipe":[],"Service":[],"SoftwareApplication":[],"WebPage":[]},"graphName":"","isEnabled":true},"graphs":[],"defaultGraph":"","defaultPostTypeGraph":""},"schema_type":null,"schema_type_options":null,"pillar_content":false,"robots_default":true,"robots_noindex":false,"robots_noarchive":false,"robots_nosnippet":false,"robots_nofollow":false,"robots_noimageindex":false,"robots_noodp":false,"robots_notranslate":false,"robots_max_snippet":null,"robots_max_videopreview":null,"robots_max_imagepreview":"large","priority":null,"frequency":null,"location":null,"local_seo":null,"seo_analyzer_scan_date":"2025-09-19 22:47:44","breadcrumb_settings":null,"limit_modified_date":false,"open_ai":null,"ai":null,"created":"2021-03-09 01:28:43","updated":"2025-09-19 22:47:44"},"aioseo_breadcrumb":"<div class=\"aioseo-breadcrumbs\"><span class=\"aioseo-breadcrumb\">\n\t<a href=\"https:\/\/eldigitaldeasturias.com\/magazine365\" title=\"Home\">Home<\/a>\n<\/span><span class=\"aioseo-breadcrumb-separator\">\u2013<\/span><span class=\"aioseo-breadcrumb\">\n\t<a href=\"https:\/\/eldigitaldeasturias.com\/magazine365\/category\/noticias-actualidad\/\" title=\"Noticias y Actualidad\">Noticias y Actualidad<\/a>\n<\/span><span class=\"aioseo-breadcrumb-separator\">\u2013<\/span><span class=\"aioseo-breadcrumb\">\n\t<a href=\"https:\/\/eldigitaldeasturias.com\/magazine365\/el-airbus-a380-de-singapore-airlines-participara-en-el-desfile-aereo-nacional-del-pais\/\" title=\"El Airbus A380 de Singapore Airlines participar\u00e1 en el desfile a\u00e9reo nacional del pa\u00eds\">El Airbus A380 de Singapore Airlines participar\u00e1 en el desfile a\u00e9reo nacional del pa\u00eds<\/a>\n<\/span><\/div>","aioseo_breadcrumb_json":[{"label":"Home","link":"https:\/\/eldigitaldeasturias.com\/magazine365"},{"label":"Noticias y Actualidad","link":"https:\/\/eldigitaldeasturias.com\/magazine365\/category\/noticias-actualidad\/"},{"label":"El Airbus A380 de Singapore Airlines participar\u00e1 en el desfile a\u00e9reo nacional del pa\u00eds","link":"https:\/\/eldigitaldeasturias.com\/magazine365\/el-airbus-a380-de-singapore-airlines-participara-en-el-desfile-aereo-nacional-del-pais\/"}],"_links":{"self":[{"href":"https:\/\/eldigitaldeasturias.com\/magazine365\/wp-json\/wp\/v2\/posts\/44832","targetHints":{"allow":["GET"]}}],"collection":[{"href":"https:\/\/eldigitaldeasturias.com\/magazine365\/wp-json\/wp\/v2\/posts"}],"about":[{"href":"https:\/\/eldigitaldeasturias.com\/magazine365\/wp-json\/wp\/v2\/types\/post"}],"author":[{"embeddable":true,"href":"https:\/\/eldigitaldeasturias.com\/magazine365\/wp-json\/wp\/v2\/users\/1"}],"replies":[{"embeddable":true,"href":"https:\/\/eldigitaldeasturias.com\/magazine365\/wp-json\/wp\/v2\/comments?post=44832"}],"version-history":[{"count":0,"href":"https:\/\/eldigitaldeasturias.com\/magazine365\/wp-json\/wp\/v2\/posts\/44832\/revisions"}],"wp:featuredmedia":[{"embeddable":true,"href":"https:\/\/eldigitaldeasturias.com\/magazine365\/wp-json\/wp\/v2\/media\/44833"}],"wp:attachment":[{"href":"https:\/\/eldigitaldeasturias.com\/magazine365\/wp-json\/wp\/v2\/media?parent=44832"}],"wp:term":[{"taxonomy":"category","embeddable":true,"href":"https:\/\/eldigitaldeasturias.com\/magazine365\/wp-json\/wp\/v2\/categories?post=44832"},{"taxonomy":"post_tag","embeddable":true,"href":"https:\/\/eldigitaldeasturias.com\/magazine365\/wp-json\/wp\/v2\/tags?post=44832"}],"curies":[{"name":"wp","href":"https:\/\/api.w.org\/{rel}","templated":true}]}}