{"id":44802,"date":"2015-08-04T08:20:46","date_gmt":"2015-08-04T06:20:46","guid":{"rendered":"http:\/\/eldigitaldeasturias.com\/magazine365\/?p=44802"},"modified":"2015-08-04T08:20:46","modified_gmt":"2015-08-04T06:20:46","slug":"el-aeropuerto-de-fuerteventura-abre-tres-locales-de-restauracion","status":"publish","type":"post","link":"https:\/\/eldigitaldeasturias.com\/magazine365\/el-aeropuerto-de-fuerteventura-abre-tres-locales-de-restauracion\/","title":{"rendered":"El Aeropuerto de Fuerteventura abre tres locales de restauraci\u00f3n"},"content":{"rendered":"<p><img fetchpriority=\"high\" decoding=\"async\" class=\"alignleft size-medium wp-image-44803\" src=\"https:\/\/eldigitaldeasturias.com\/magazine365\/wp-content\/uploads\/2015\/08\/fotonoticia_20150803193521_800-360x239.jpg\" alt=\"fotonoticia_20150803193521_800\" width=\"360\" height=\"239\" srcset=\"https:\/\/eldigitaldeasturias.com\/magazine365\/wp-content\/uploads\/2015\/08\/fotonoticia_20150803193521_800-360x239.jpg 360w, https:\/\/eldigitaldeasturias.com\/magazine365\/wp-content\/uploads\/2015\/08\/fotonoticia_20150803193521_800-650x432.jpg 650w, https:\/\/eldigitaldeasturias.com\/magazine365\/wp-content\/uploads\/2015\/08\/fotonoticia_20150803193521_800-768x511.jpg 768w, https:\/\/eldigitaldeasturias.com\/magazine365\/wp-content\/uploads\/2015\/08\/fotonoticia_20150803193521_800-150x100.jpg 150w, https:\/\/eldigitaldeasturias.com\/magazine365\/wp-content\/uploads\/2015\/08\/fotonoticia_20150803193521_800-450x299.jpg 450w, https:\/\/eldigitaldeasturias.com\/magazine365\/wp-content\/uploads\/2015\/08\/fotonoticia_20150803193521_800-696x463.jpg 696w, https:\/\/eldigitaldeasturias.com\/magazine365\/wp-content\/uploads\/2015\/08\/fotonoticia_20150803193521_800-632x420.jpg 632w, https:\/\/eldigitaldeasturias.com\/magazine365\/wp-content\/uploads\/2015\/08\/fotonoticia_20150803193521_800-84x55.jpg 84w, https:\/\/eldigitaldeasturias.com\/magazine365\/wp-content\/uploads\/2015\/08\/fotonoticia_20150803193521_800.jpg 800w\" sizes=\"(max-width: 360px) 100vw, 360px\" \/>El Aeropuerto de Fuerteventura ha abierto esta semana en el Edificio Terminal tres nuevos locales de restauraci\u00f3n: &#8216;Coffe Republic&#8217;, &#8216;Tropical&#8217; y &#8216;Cafeter\u00eda del Aeropuerto&#8217;, seg\u00fan ha informado Aena a trav\u00e9s de un comunicado.<\/p>\n<p>El &#8216;Coffe Republic&#8217;, que se encuentra en la zona de embarque, se trata de una marca especializada en cafeter\u00edas en las que el usuario podr\u00e1 encontrar una \u00abamplia diversidad de su producto estrella: el caf\u00e9\u00bb.<\/p>\n<p>Asimismo, el nuevo establecimiento que permanecer\u00e1 abierto todo el a\u00f1o, cuenta con una \u00abexquisita selecci\u00f3n\u00bb de bebidas fr\u00edas, s\u00e1ndwiches y &#8216;rolls&#8217;, as\u00ed como una variada gama de ensaladas, &#8216;baguettes&#8217; y boller\u00eda.<\/p>\n<p>Por otro lado, la nueva apertura de &#8216;Tropical&#8217;, ubicada en la zona de llegadas, ofrece una oferta variada de cervezas, snacks, bocadillos, boller\u00eda y s\u00e1ndwiches.<\/p>\n<p>El tercer establecimiento inaugurado, la &#8216;Cafeter\u00eda del Aeropuerto&#8217; &#8211;abierta desde el pasado s\u00e1bado&#8211;, dar\u00e1 servicio tanto a los pasajeros como acompa\u00f1antes y empleados del Aeropuerto.<\/p>\n<p>Aena ha concretado que estos tres locales de restauraci\u00f3n tienen un \u00abdise\u00f1o moderno y atractivo\u00bb, que hacen \u00abm\u00e1s acogedora\u00bb la estancia de los pasajeros en el aeropuerto majorero.<\/p>\n<p>PR\u00d3XIMAS APERTURAS EN LA ZONA AEROPORTUARIA<\/p>\n<p>El Aeropuerto de Fuerteventura tiene previsto abrir tres nuevos locales, uno de restauraci\u00f3n en la zona de embarque, y dos tiendas m\u00e1s, una de ellas, tem\u00e1tica y la otra de complementos.<\/p>\n<p>El restaurante se caracterizar\u00e1 por tener una gran variedad en surtidos ib\u00e9ricos y vinos, mientras que la primera tienda &#8216;Finca Aloe Vera&#8217; tendr\u00e1 relaci\u00f3n con esta planta cultivada en la isla, frente a la segunda apertura &#8216;Sunglass&#8217;, en la zona de embarque, cuya venta se basar\u00e1 en las gafas de sol.<\/p>\n<p>Aena ha indicado que el objetivo final es dar \u00abrespuesta a las expectativas y necesidades de los pasajeros en varios niveles, de manera que puedan aprovechar al m\u00e1ximo el tiempo en el aeropuerto, disfrutando de las oportunidades que les brinda el recinto\u00bb.<\/p>\n<p>Por \u00faltimo, la empresa encargada de la navegaci\u00f3n a\u00e9rea ha recordado que el Aeropuerto de Fuerteventura cuenta en la actualidad, con 20 establecimientos destinados a la venta, de los cuales, 10 son de restauraci\u00f3n y 10 son tiendas.<\/p>\n","protected":false},"excerpt":{"rendered":"<p>El Aeropuerto de Fuerteventura ha abierto esta semana en el Edificio Terminal tres nuevos locales de restauraci\u00f3n: &#8216;Coffe Republic&#8217;, &#8216;Tropical&#8217; y &#8216;Cafeter\u00eda del Aeropuerto&#8217;, seg\u00fan ha informado Aena a trav\u00e9s de un comunicado. El &#8216;Coffe Republic&#8217;, que se encuentra en la zona de embarque, se trata de una marca especializada en cafeter\u00edas en las que<\/p>\n","protected":false},"author":1,"featured_media":44803,"comment_status":"open","ping_status":"closed","sticky":false,"template":"","format":"standard","meta":{"footnotes":""},"categories":[224],"tags":[],"class_list":{"0":"post-44802","1":"post","2":"type-post","3":"status-publish","4":"format-standard","5":"has-post-thumbnail","7":"category-noticias-actualidad"},"aioseo_notices":[],"aioseo_head":"\n\t\t<!-- All in One SEO Pro 4.9.6.1 - aioseo.com -->\n\t<meta name=\"description\" content=\"El Aeropuerto de Fuerteventura ha abierto esta semana en el Edificio Terminal tres nuevos locales de restauraci\u00f3n: &#039;Coffe Republic&#039;, &#039;Tropical&#039; y &#039;Cafeter\u00eda del Aeropuerto&#039;, seg\u00fan ha informado Aena a trav\u00e9s de un comunicado. El &#039;Coffe Republic&#039;, que se encuentra en la zona de embarque, se trata de una marca especializada en cafeter\u00edas en las que\" \/>\n\t<meta name=\"robots\" content=\"max-image-preview:large\" \/>\n\t<meta name=\"author\" content=\"admin\"\/>\n\t<meta name=\"google-site-verification\" content=\"UA-38556648-1\" \/>\n\t<meta name=\"keywords\" content=\"noticias y actualidad\" \/>\n\t<link rel=\"canonical\" href=\"https:\/\/eldigitaldeasturias.com\/magazine365\/el-aeropuerto-de-fuerteventura-abre-tres-locales-de-restauracion\/\" \/>\n\t<meta name=\"generator\" content=\"All in One SEO Pro (AIOSEO) 4.9.6.1\" \/>\n\t\t<meta property=\"og:locale\" content=\"es_ES\" \/>\n\t\t<meta property=\"og:site_name\" content=\"El Digital de Asturias \u2013 Revista de ocio, turismo y estilo de vida\" \/>\n\t\t<meta property=\"og:type\" content=\"article\" \/>\n\t\t<meta property=\"og:title\" content=\"El Aeropuerto de Fuerteventura abre tres locales de restauraci\u00f3n | El Digital de Asturias\" \/>\n\t\t<meta property=\"og:description\" content=\"El Aeropuerto de Fuerteventura ha abierto esta semana en el Edificio Terminal tres nuevos locales de restauraci\u00f3n: &#039;Coffe Republic&#039;, &#039;Tropical&#039; y &#039;Cafeter\u00eda del Aeropuerto&#039;, seg\u00fan ha informado Aena a trav\u00e9s de un comunicado. El &#039;Coffe Republic&#039;, que se encuentra en la zona de embarque, se trata de una marca especializada en cafeter\u00edas en las que\" \/>\n\t\t<meta property=\"og:url\" content=\"https:\/\/eldigitaldeasturias.com\/magazine365\/el-aeropuerto-de-fuerteventura-abre-tres-locales-de-restauracion\/\" \/>\n\t\t<meta property=\"og:image\" content=\"https:\/\/eldigitaldeasturias.com\/magazine365\/wp-content\/uploads\/2015\/08\/fotonoticia_20150803193521_800.jpg\" \/>\n\t\t<meta property=\"og:image:secure_url\" content=\"https:\/\/eldigitaldeasturias.com\/magazine365\/wp-content\/uploads\/2015\/08\/fotonoticia_20150803193521_800.jpg\" \/>\n\t\t<meta property=\"og:image:width\" content=\"800\" \/>\n\t\t<meta property=\"og:image:height\" content=\"532\" \/>\n\t\t<meta property=\"article:published_time\" content=\"2015-08-04T06:20:46+00:00\" \/>\n\t\t<meta property=\"article:modified_time\" content=\"2015-08-04T06:20:46+00:00\" \/>\n\t\t<meta name=\"twitter:card\" content=\"summary_large_image\" \/>\n\t\t<meta name=\"twitter:title\" content=\"El Aeropuerto de Fuerteventura abre tres locales de restauraci\u00f3n | El Digital de Asturias\" \/>\n\t\t<meta name=\"twitter:description\" content=\"El Aeropuerto de Fuerteventura ha abierto esta semana en el Edificio Terminal tres nuevos locales de restauraci\u00f3n: &#039;Coffe Republic&#039;, &#039;Tropical&#039; y &#039;Cafeter\u00eda del Aeropuerto&#039;, seg\u00fan ha informado Aena a trav\u00e9s de un comunicado. El &#039;Coffe Republic&#039;, que se encuentra en la zona de embarque, se trata de una marca especializada en cafeter\u00edas en las que\" \/>\n\t\t<meta name=\"twitter:image\" content=\"https:\/\/eldigitaldeasturias.com\/magazine365\/wp-content\/uploads\/2015\/08\/fotonoticia_20150803193521_800.jpg\" \/>\n\t\t<script type=\"application\/ld+json\" class=\"aioseo-schema\">\n\t\t\t{\"@context\":\"https:\\\/\\\/schema.org\",\"@graph\":[{\"@type\":\"Article\",\"@id\":\"https:\\\/\\\/eldigitaldeasturias.com\\\/magazine365\\\/el-aeropuerto-de-fuerteventura-abre-tres-locales-de-restauracion\\\/#article\",\"name\":\"El Aeropuerto de Fuerteventura abre tres locales de restauraci\\u00f3n | El Digital de Asturias\",\"headline\":\"El Aeropuerto de Fuerteventura abre tres locales de restauraci\\u00f3n\",\"author\":{\"@id\":\"https:\\\/\\\/eldigitaldeasturias.com\\\/magazine365\\\/author\\\/admin\\\/#author\"},\"publisher\":{\"@id\":\"https:\\\/\\\/eldigitaldeasturias.com\\\/magazine365\\\/#organization\"},\"image\":{\"@type\":\"ImageObject\",\"url\":\"https:\\\/\\\/eldigitaldeasturias.com\\\/magazine365\\\/wp-content\\\/uploads\\\/2015\\\/08\\\/fotonoticia_20150803193521_800.jpg\",\"width\":800,\"height\":532},\"datePublished\":\"2015-08-04T08:20:46+02:00\",\"dateModified\":\"2015-08-04T08:20:46+02:00\",\"inLanguage\":\"es-ES\",\"mainEntityOfPage\":{\"@id\":\"https:\\\/\\\/eldigitaldeasturias.com\\\/magazine365\\\/el-aeropuerto-de-fuerteventura-abre-tres-locales-de-restauracion\\\/#webpage\"},\"isPartOf\":{\"@id\":\"https:\\\/\\\/eldigitaldeasturias.com\\\/magazine365\\\/el-aeropuerto-de-fuerteventura-abre-tres-locales-de-restauracion\\\/#webpage\"},\"articleSection\":\"Noticias y Actualidad\"},{\"@type\":\"BreadcrumbList\",\"@id\":\"https:\\\/\\\/eldigitaldeasturias.com\\\/magazine365\\\/el-aeropuerto-de-fuerteventura-abre-tres-locales-de-restauracion\\\/#breadcrumblist\",\"itemListElement\":[{\"@type\":\"ListItem\",\"@id\":\"https:\\\/\\\/eldigitaldeasturias.com\\\/magazine365#listItem\",\"position\":1,\"name\":\"Home\",\"item\":\"https:\\\/\\\/eldigitaldeasturias.com\\\/magazine365\",\"nextItem\":{\"@type\":\"ListItem\",\"@id\":\"https:\\\/\\\/eldigitaldeasturias.com\\\/magazine365\\\/category\\\/noticias-actualidad\\\/#listItem\",\"name\":\"Noticias y Actualidad\"}},{\"@type\":\"ListItem\",\"@id\":\"https:\\\/\\\/eldigitaldeasturias.com\\\/magazine365\\\/category\\\/noticias-actualidad\\\/#listItem\",\"position\":2,\"name\":\"Noticias y Actualidad\",\"item\":\"https:\\\/\\\/eldigitaldeasturias.com\\\/magazine365\\\/category\\\/noticias-actualidad\\\/\",\"nextItem\":{\"@type\":\"ListItem\",\"@id\":\"https:\\\/\\\/eldigitaldeasturias.com\\\/magazine365\\\/el-aeropuerto-de-fuerteventura-abre-tres-locales-de-restauracion\\\/#listItem\",\"name\":\"El Aeropuerto de Fuerteventura abre tres locales de restauraci\\u00f3n\"},\"previousItem\":{\"@type\":\"ListItem\",\"@id\":\"https:\\\/\\\/eldigitaldeasturias.com\\\/magazine365#listItem\",\"name\":\"Home\"}},{\"@type\":\"ListItem\",\"@id\":\"https:\\\/\\\/eldigitaldeasturias.com\\\/magazine365\\\/el-aeropuerto-de-fuerteventura-abre-tres-locales-de-restauracion\\\/#listItem\",\"position\":3,\"name\":\"El Aeropuerto de Fuerteventura abre tres locales de restauraci\\u00f3n\",\"previousItem\":{\"@type\":\"ListItem\",\"@id\":\"https:\\\/\\\/eldigitaldeasturias.com\\\/magazine365\\\/category\\\/noticias-actualidad\\\/#listItem\",\"name\":\"Noticias y Actualidad\"}}]},{\"@type\":\"Organization\",\"@id\":\"https:\\\/\\\/eldigitaldeasturias.com\\\/magazine365\\\/#organization\",\"name\":\"El digital de Asturias\",\"description\":\"Revista de ocio, turismo y estilo de vida\",\"url\":\"https:\\\/\\\/eldigitaldeasturias.com\\\/magazine365\\\/\",\"logo\":{\"@type\":\"ImageObject\",\"url\":\"https:\\\/\\\/www.eldigitaldeasturias.com\\\/noticias\\\/wp-content\\\/uploads\\\/2020\\\/12\\\/EDA.jpg\",\"@id\":\"https:\\\/\\\/eldigitaldeasturias.com\\\/magazine365\\\/el-aeropuerto-de-fuerteventura-abre-tres-locales-de-restauracion\\\/#organizationLogo\"},\"image\":{\"@id\":\"https:\\\/\\\/eldigitaldeasturias.com\\\/magazine365\\\/el-aeropuerto-de-fuerteventura-abre-tres-locales-de-restauracion\\\/#organizationLogo\"}},{\"@type\":\"Person\",\"@id\":\"https:\\\/\\\/eldigitaldeasturias.com\\\/magazine365\\\/author\\\/admin\\\/#author\",\"url\":\"https:\\\/\\\/eldigitaldeasturias.com\\\/magazine365\\\/author\\\/admin\\\/\",\"name\":\"admin\",\"image\":{\"@type\":\"ImageObject\",\"@id\":\"https:\\\/\\\/eldigitaldeasturias.com\\\/magazine365\\\/el-aeropuerto-de-fuerteventura-abre-tres-locales-de-restauracion\\\/#authorImage\",\"url\":\"https:\\\/\\\/eldigitaldeasturias.com\\\/magazine365\\\/wp-content\\\/litespeed\\\/avatar\\\/e571bcf59a0edd6fa6838245a470f2fe.jpg?ver=1777574230\",\"width\":96,\"height\":96,\"caption\":\"admin\"}},{\"@type\":\"WebPage\",\"@id\":\"https:\\\/\\\/eldigitaldeasturias.com\\\/magazine365\\\/el-aeropuerto-de-fuerteventura-abre-tres-locales-de-restauracion\\\/#webpage\",\"url\":\"https:\\\/\\\/eldigitaldeasturias.com\\\/magazine365\\\/el-aeropuerto-de-fuerteventura-abre-tres-locales-de-restauracion\\\/\",\"name\":\"El Aeropuerto de Fuerteventura abre tres locales de restauraci\\u00f3n | El Digital de Asturias\",\"description\":\"El Aeropuerto de Fuerteventura ha abierto esta semana en el Edificio Terminal tres nuevos locales de restauraci\\u00f3n: 'Coffe Republic', 'Tropical' y 'Cafeter\\u00eda del Aeropuerto', seg\\u00fan ha informado Aena a trav\\u00e9s de un comunicado. El 'Coffe Republic', que se encuentra en la zona de embarque, se trata de una marca especializada en cafeter\\u00edas en las que\",\"inLanguage\":\"es-ES\",\"isPartOf\":{\"@id\":\"https:\\\/\\\/eldigitaldeasturias.com\\\/magazine365\\\/#website\"},\"breadcrumb\":{\"@id\":\"https:\\\/\\\/eldigitaldeasturias.com\\\/magazine365\\\/el-aeropuerto-de-fuerteventura-abre-tres-locales-de-restauracion\\\/#breadcrumblist\"},\"author\":{\"@id\":\"https:\\\/\\\/eldigitaldeasturias.com\\\/magazine365\\\/author\\\/admin\\\/#author\"},\"creator\":{\"@id\":\"https:\\\/\\\/eldigitaldeasturias.com\\\/magazine365\\\/author\\\/admin\\\/#author\"},\"image\":{\"@type\":\"ImageObject\",\"url\":\"https:\\\/\\\/eldigitaldeasturias.com\\\/magazine365\\\/wp-content\\\/uploads\\\/2015\\\/08\\\/fotonoticia_20150803193521_800.jpg\",\"@id\":\"https:\\\/\\\/eldigitaldeasturias.com\\\/magazine365\\\/el-aeropuerto-de-fuerteventura-abre-tres-locales-de-restauracion\\\/#mainImage\",\"width\":800,\"height\":532},\"primaryImageOfPage\":{\"@id\":\"https:\\\/\\\/eldigitaldeasturias.com\\\/magazine365\\\/el-aeropuerto-de-fuerteventura-abre-tres-locales-de-restauracion\\\/#mainImage\"},\"datePublished\":\"2015-08-04T08:20:46+02:00\",\"dateModified\":\"2015-08-04T08:20:46+02:00\"},{\"@type\":\"WebSite\",\"@id\":\"https:\\\/\\\/eldigitaldeasturias.com\\\/magazine365\\\/#website\",\"url\":\"https:\\\/\\\/eldigitaldeasturias.com\\\/magazine365\\\/\",\"name\":\"El Digital de Asturias\",\"description\":\"Revista de ocio, turismo y estilo de vida\",\"inLanguage\":\"es-ES\",\"publisher\":{\"@id\":\"https:\\\/\\\/eldigitaldeasturias.com\\\/magazine365\\\/#organization\"}}]}\n\t\t<\/script>\n\t\t<!-- All in One SEO Pro -->\r\n\t\t<title>El Aeropuerto de Fuerteventura abre tres locales de restauraci\u00f3n | El Digital de Asturias<\/title>\n\n","aioseo_head_json":{"title":"El Aeropuerto de Fuerteventura abre tres locales de restauraci\u00f3n | El Digital de Asturias","description":"El Aeropuerto de Fuerteventura ha abierto esta semana en el Edificio Terminal tres nuevos locales de restauraci\u00f3n: 'Coffe Republic', 'Tropical' y 'Cafeter\u00eda del Aeropuerto', seg\u00fan ha informado Aena a trav\u00e9s de un comunicado. El 'Coffe Republic', que se encuentra en la zona de embarque, se trata de una marca especializada en cafeter\u00edas en las que","canonical_url":"https:\/\/eldigitaldeasturias.com\/magazine365\/el-aeropuerto-de-fuerteventura-abre-tres-locales-de-restauracion\/","robots":"max-image-preview:large","keywords":"noticias y actualidad","webmasterTools":{"google-site-verification":"UA-38556648-1","miscellaneous":""},"schema":{"@context":"https:\/\/schema.org","@graph":[{"@type":"Article","@id":"https:\/\/eldigitaldeasturias.com\/magazine365\/el-aeropuerto-de-fuerteventura-abre-tres-locales-de-restauracion\/#article","name":"El Aeropuerto de Fuerteventura abre tres locales de restauraci\u00f3n | El Digital de Asturias","headline":"El Aeropuerto de Fuerteventura abre tres locales de restauraci\u00f3n","author":{"@id":"https:\/\/eldigitaldeasturias.com\/magazine365\/author\/admin\/#author"},"publisher":{"@id":"https:\/\/eldigitaldeasturias.com\/magazine365\/#organization"},"image":{"@type":"ImageObject","url":"https:\/\/eldigitaldeasturias.com\/magazine365\/wp-content\/uploads\/2015\/08\/fotonoticia_20150803193521_800.jpg","width":800,"height":532},"datePublished":"2015-08-04T08:20:46+02:00","dateModified":"2015-08-04T08:20:46+02:00","inLanguage":"es-ES","mainEntityOfPage":{"@id":"https:\/\/eldigitaldeasturias.com\/magazine365\/el-aeropuerto-de-fuerteventura-abre-tres-locales-de-restauracion\/#webpage"},"isPartOf":{"@id":"https:\/\/eldigitaldeasturias.com\/magazine365\/el-aeropuerto-de-fuerteventura-abre-tres-locales-de-restauracion\/#webpage"},"articleSection":"Noticias y Actualidad"},{"@type":"BreadcrumbList","@id":"https:\/\/eldigitaldeasturias.com\/magazine365\/el-aeropuerto-de-fuerteventura-abre-tres-locales-de-restauracion\/#breadcrumblist","itemListElement":[{"@type":"ListItem","@id":"https:\/\/eldigitaldeasturias.com\/magazine365#listItem","position":1,"name":"Home","item":"https:\/\/eldigitaldeasturias.com\/magazine365","nextItem":{"@type":"ListItem","@id":"https:\/\/eldigitaldeasturias.com\/magazine365\/category\/noticias-actualidad\/#listItem","name":"Noticias y Actualidad"}},{"@type":"ListItem","@id":"https:\/\/eldigitaldeasturias.com\/magazine365\/category\/noticias-actualidad\/#listItem","position":2,"name":"Noticias y Actualidad","item":"https:\/\/eldigitaldeasturias.com\/magazine365\/category\/noticias-actualidad\/","nextItem":{"@type":"ListItem","@id":"https:\/\/eldigitaldeasturias.com\/magazine365\/el-aeropuerto-de-fuerteventura-abre-tres-locales-de-restauracion\/#listItem","name":"El Aeropuerto de Fuerteventura abre tres locales de restauraci\u00f3n"},"previousItem":{"@type":"ListItem","@id":"https:\/\/eldigitaldeasturias.com\/magazine365#listItem","name":"Home"}},{"@type":"ListItem","@id":"https:\/\/eldigitaldeasturias.com\/magazine365\/el-aeropuerto-de-fuerteventura-abre-tres-locales-de-restauracion\/#listItem","position":3,"name":"El Aeropuerto de Fuerteventura abre tres locales de restauraci\u00f3n","previousItem":{"@type":"ListItem","@id":"https:\/\/eldigitaldeasturias.com\/magazine365\/category\/noticias-actualidad\/#listItem","name":"Noticias y Actualidad"}}]},{"@type":"Organization","@id":"https:\/\/eldigitaldeasturias.com\/magazine365\/#organization","name":"El digital de Asturias","description":"Revista de ocio, turismo y estilo de vida","url":"https:\/\/eldigitaldeasturias.com\/magazine365\/","logo":{"@type":"ImageObject","url":"https:\/\/www.eldigitaldeasturias.com\/noticias\/wp-content\/uploads\/2020\/12\/EDA.jpg","@id":"https:\/\/eldigitaldeasturias.com\/magazine365\/el-aeropuerto-de-fuerteventura-abre-tres-locales-de-restauracion\/#organizationLogo"},"image":{"@id":"https:\/\/eldigitaldeasturias.com\/magazine365\/el-aeropuerto-de-fuerteventura-abre-tres-locales-de-restauracion\/#organizationLogo"}},{"@type":"Person","@id":"https:\/\/eldigitaldeasturias.com\/magazine365\/author\/admin\/#author","url":"https:\/\/eldigitaldeasturias.com\/magazine365\/author\/admin\/","name":"admin","image":{"@type":"ImageObject","@id":"https:\/\/eldigitaldeasturias.com\/magazine365\/el-aeropuerto-de-fuerteventura-abre-tres-locales-de-restauracion\/#authorImage","url":"https:\/\/eldigitaldeasturias.com\/magazine365\/wp-content\/litespeed\/avatar\/e571bcf59a0edd6fa6838245a470f2fe.jpg?ver=1777574230","width":96,"height":96,"caption":"admin"}},{"@type":"WebPage","@id":"https:\/\/eldigitaldeasturias.com\/magazine365\/el-aeropuerto-de-fuerteventura-abre-tres-locales-de-restauracion\/#webpage","url":"https:\/\/eldigitaldeasturias.com\/magazine365\/el-aeropuerto-de-fuerteventura-abre-tres-locales-de-restauracion\/","name":"El Aeropuerto de Fuerteventura abre tres locales de restauraci\u00f3n | El Digital de Asturias","description":"El Aeropuerto de Fuerteventura ha abierto esta semana en el Edificio Terminal tres nuevos locales de restauraci\u00f3n: 'Coffe Republic', 'Tropical' y 'Cafeter\u00eda del Aeropuerto', seg\u00fan ha informado Aena a trav\u00e9s de un comunicado. El 'Coffe Republic', que se encuentra en la zona de embarque, se trata de una marca especializada en cafeter\u00edas en las que","inLanguage":"es-ES","isPartOf":{"@id":"https:\/\/eldigitaldeasturias.com\/magazine365\/#website"},"breadcrumb":{"@id":"https:\/\/eldigitaldeasturias.com\/magazine365\/el-aeropuerto-de-fuerteventura-abre-tres-locales-de-restauracion\/#breadcrumblist"},"author":{"@id":"https:\/\/eldigitaldeasturias.com\/magazine365\/author\/admin\/#author"},"creator":{"@id":"https:\/\/eldigitaldeasturias.com\/magazine365\/author\/admin\/#author"},"image":{"@type":"ImageObject","url":"https:\/\/eldigitaldeasturias.com\/magazine365\/wp-content\/uploads\/2015\/08\/fotonoticia_20150803193521_800.jpg","@id":"https:\/\/eldigitaldeasturias.com\/magazine365\/el-aeropuerto-de-fuerteventura-abre-tres-locales-de-restauracion\/#mainImage","width":800,"height":532},"primaryImageOfPage":{"@id":"https:\/\/eldigitaldeasturias.com\/magazine365\/el-aeropuerto-de-fuerteventura-abre-tres-locales-de-restauracion\/#mainImage"},"datePublished":"2015-08-04T08:20:46+02:00","dateModified":"2015-08-04T08:20:46+02:00"},{"@type":"WebSite","@id":"https:\/\/eldigitaldeasturias.com\/magazine365\/#website","url":"https:\/\/eldigitaldeasturias.com\/magazine365\/","name":"El Digital de Asturias","description":"Revista de ocio, turismo y estilo de vida","inLanguage":"es-ES","publisher":{"@id":"https:\/\/eldigitaldeasturias.com\/magazine365\/#organization"}}]},"og:locale":"es_ES","og:site_name":"El Digital de Asturias \u2013 Revista de ocio, turismo y estilo de vida","og:type":"article","og:title":"El Aeropuerto de Fuerteventura abre tres locales de restauraci\u00f3n | El Digital de Asturias","og:description":"El Aeropuerto de Fuerteventura ha abierto esta semana en el Edificio Terminal tres nuevos locales de restauraci\u00f3n: 'Coffe Republic', 'Tropical' y 'Cafeter\u00eda del Aeropuerto', seg\u00fan ha informado Aena a trav\u00e9s de un comunicado. El 'Coffe Republic', que se encuentra en la zona de embarque, se trata de una marca especializada en cafeter\u00edas en las que","og:url":"https:\/\/eldigitaldeasturias.com\/magazine365\/el-aeropuerto-de-fuerteventura-abre-tres-locales-de-restauracion\/","og:image":"https:\/\/eldigitaldeasturias.com\/magazine365\/wp-content\/uploads\/2015\/08\/fotonoticia_20150803193521_800.jpg","og:image:secure_url":"https:\/\/eldigitaldeasturias.com\/magazine365\/wp-content\/uploads\/2015\/08\/fotonoticia_20150803193521_800.jpg","og:image:width":800,"og:image:height":532,"article:published_time":"2015-08-04T06:20:46+00:00","article:modified_time":"2015-08-04T06:20:46+00:00","twitter:card":"summary_large_image","twitter:title":"El Aeropuerto de Fuerteventura abre tres locales de restauraci\u00f3n | El Digital de Asturias","twitter:description":"El Aeropuerto de Fuerteventura ha abierto esta semana en el Edificio Terminal tres nuevos locales de restauraci\u00f3n: 'Coffe Republic', 'Tropical' y 'Cafeter\u00eda del Aeropuerto', seg\u00fan ha informado Aena a trav\u00e9s de un comunicado. El 'Coffe Republic', que se encuentra en la zona de embarque, se trata de una marca especializada en cafeter\u00edas en las que","twitter:image":"https:\/\/eldigitaldeasturias.com\/magazine365\/wp-content\/uploads\/2015\/08\/fotonoticia_20150803193521_800.jpg"},"aioseo_meta_data":{"post_id":"44802","title":null,"description":null,"keywords":null,"keyphrases":null,"primary_term":null,"canonical_url":null,"og_title":null,"og_description":null,"og_object_type":"default","og_image_type":"default","og_image_url":null,"og_image_width":null,"og_image_height":null,"og_image_custom_url":null,"og_image_custom_fields":null,"og_video":null,"og_custom_url":null,"og_article_section":null,"og_article_tags":null,"twitter_use_og":false,"twitter_card":"default","twitter_image_type":"default","twitter_image_url":null,"twitter_image_custom_url":null,"twitter_image_custom_fields":null,"twitter_title":null,"twitter_description":null,"schema":{"blockGraphs":[],"customGraphs":[],"default":{"data":{"Article":[],"Course":[],"Dataset":[],"FAQPage":[],"Movie":[],"Person":[],"Product":[],"ProductReview":[],"Car":[],"Recipe":[],"Service":[],"SoftwareApplication":[],"WebPage":[]},"graphName":"","isEnabled":true},"graphs":[],"defaultGraph":"","defaultPostTypeGraph":""},"schema_type":null,"schema_type_options":null,"pillar_content":false,"robots_default":true,"robots_noindex":false,"robots_noarchive":false,"robots_nosnippet":false,"robots_nofollow":false,"robots_noimageindex":false,"robots_noodp":false,"robots_notranslate":false,"robots_max_snippet":null,"robots_max_videopreview":null,"robots_max_imagepreview":"large","priority":null,"frequency":null,"location":null,"local_seo":null,"seo_analyzer_scan_date":"2025-09-19 22:43:36","breadcrumb_settings":null,"limit_modified_date":false,"open_ai":null,"ai":null,"created":"2021-03-09 01:28:43","updated":"2025-09-19 22:43:36"},"aioseo_breadcrumb":"<div class=\"aioseo-breadcrumbs\"><span class=\"aioseo-breadcrumb\">\n\t<a href=\"https:\/\/eldigitaldeasturias.com\/magazine365\" title=\"Home\">Home<\/a>\n<\/span><span class=\"aioseo-breadcrumb-separator\">\u2013<\/span><span class=\"aioseo-breadcrumb\">\n\t<a href=\"https:\/\/eldigitaldeasturias.com\/magazine365\/category\/noticias-actualidad\/\" title=\"Noticias y Actualidad\">Noticias y Actualidad<\/a>\n<\/span><span class=\"aioseo-breadcrumb-separator\">\u2013<\/span><span class=\"aioseo-breadcrumb\">\n\t<a href=\"https:\/\/eldigitaldeasturias.com\/magazine365\/el-aeropuerto-de-fuerteventura-abre-tres-locales-de-restauracion\/\" title=\"El Aeropuerto de Fuerteventura abre tres locales de restauraci\u00f3n\">El Aeropuerto de Fuerteventura abre tres locales de restauraci\u00f3n<\/a>\n<\/span><\/div>","aioseo_breadcrumb_json":[{"label":"Home","link":"https:\/\/eldigitaldeasturias.com\/magazine365"},{"label":"Noticias y Actualidad","link":"https:\/\/eldigitaldeasturias.com\/magazine365\/category\/noticias-actualidad\/"},{"label":"El Aeropuerto de Fuerteventura abre tres locales de restauraci\u00f3n","link":"https:\/\/eldigitaldeasturias.com\/magazine365\/el-aeropuerto-de-fuerteventura-abre-tres-locales-de-restauracion\/"}],"_links":{"self":[{"href":"https:\/\/eldigitaldeasturias.com\/magazine365\/wp-json\/wp\/v2\/posts\/44802","targetHints":{"allow":["GET"]}}],"collection":[{"href":"https:\/\/eldigitaldeasturias.com\/magazine365\/wp-json\/wp\/v2\/posts"}],"about":[{"href":"https:\/\/eldigitaldeasturias.com\/magazine365\/wp-json\/wp\/v2\/types\/post"}],"author":[{"embeddable":true,"href":"https:\/\/eldigitaldeasturias.com\/magazine365\/wp-json\/wp\/v2\/users\/1"}],"replies":[{"embeddable":true,"href":"https:\/\/eldigitaldeasturias.com\/magazine365\/wp-json\/wp\/v2\/comments?post=44802"}],"version-history":[{"count":0,"href":"https:\/\/eldigitaldeasturias.com\/magazine365\/wp-json\/wp\/v2\/posts\/44802\/revisions"}],"wp:featuredmedia":[{"embeddable":true,"href":"https:\/\/eldigitaldeasturias.com\/magazine365\/wp-json\/wp\/v2\/media\/44803"}],"wp:attachment":[{"href":"https:\/\/eldigitaldeasturias.com\/magazine365\/wp-json\/wp\/v2\/media?parent=44802"}],"wp:term":[{"taxonomy":"category","embeddable":true,"href":"https:\/\/eldigitaldeasturias.com\/magazine365\/wp-json\/wp\/v2\/categories?post=44802"},{"taxonomy":"post_tag","embeddable":true,"href":"https:\/\/eldigitaldeasturias.com\/magazine365\/wp-json\/wp\/v2\/tags?post=44802"}],"curies":[{"name":"wp","href":"https:\/\/api.w.org\/{rel}","templated":true}]}}