{"id":44702,"date":"2015-08-03T23:14:54","date_gmt":"2015-08-03T21:14:54","guid":{"rendered":"http:\/\/eldigitaldeasturias.com\/magazine365\/?p=44702"},"modified":"2015-08-03T23:14:54","modified_gmt":"2015-08-03T21:14:54","slug":"airbus-entrega-su-primer-a321-a-transaero-airlines","status":"publish","type":"post","link":"https:\/\/eldigitaldeasturias.com\/magazine365\/airbus-entrega-su-primer-a321-a-transaero-airlines\/","title":{"rendered":"Airbus entrega su primer A321 a Transaero Airlines"},"content":{"rendered":"<p><img fetchpriority=\"high\" decoding=\"async\" class=\"alignleft size-medium wp-image-44703\" src=\"https:\/\/eldigitaldeasturias.com\/magazine365\/wp-content\/uploads\/2015\/08\/fotonoticia_20150803123606_800-360x270.jpg\" alt=\"fotonoticia_20150803123606_800\" width=\"360\" height=\"270\" srcset=\"https:\/\/eldigitaldeasturias.com\/magazine365\/wp-content\/uploads\/2015\/08\/fotonoticia_20150803123606_800-360x270.jpg 360w, https:\/\/eldigitaldeasturias.com\/magazine365\/wp-content\/uploads\/2015\/08\/fotonoticia_20150803123606_800-650x488.jpg 650w, https:\/\/eldigitaldeasturias.com\/magazine365\/wp-content\/uploads\/2015\/08\/fotonoticia_20150803123606_800-768x576.jpg 768w, https:\/\/eldigitaldeasturias.com\/magazine365\/wp-content\/uploads\/2015\/08\/fotonoticia_20150803123606_800-150x113.jpg 150w, https:\/\/eldigitaldeasturias.com\/magazine365\/wp-content\/uploads\/2015\/08\/fotonoticia_20150803123606_800-450x338.jpg 450w, https:\/\/eldigitaldeasturias.com\/magazine365\/wp-content\/uploads\/2015\/08\/fotonoticia_20150803123606_800-80x60.jpg 80w, https:\/\/eldigitaldeasturias.com\/magazine365\/wp-content\/uploads\/2015\/08\/fotonoticia_20150803123606_800-265x198.jpg 265w, https:\/\/eldigitaldeasturias.com\/magazine365\/wp-content\/uploads\/2015\/08\/fotonoticia_20150803123606_800-696x522.jpg 696w, https:\/\/eldigitaldeasturias.com\/magazine365\/wp-content\/uploads\/2015\/08\/fotonoticia_20150803123606_800-560x420.jpg 560w, https:\/\/eldigitaldeasturias.com\/magazine365\/wp-content\/uploads\/2015\/08\/fotonoticia_20150803123606_800-90x67.jpg 90w, https:\/\/eldigitaldeasturias.com\/magazine365\/wp-content\/uploads\/2015\/08\/fotonoticia_20150803123606_800-100x75.jpg 100w, https:\/\/eldigitaldeasturias.com\/magazine365\/wp-content\/uploads\/2015\/08\/fotonoticia_20150803123606_800.jpg 800w\" sizes=\"(max-width: 360px) 100vw, 360px\" \/>Airbus ha entregado su primer A321 a Transaero, la segunda aerol\u00ednea de mayor tama\u00f1o de Rusia, seg\u00fan ha informado la fabricante europea en un comunicado.<\/p>\n<p>La aeronave ha sido entregada como parte del contrato de Transaero con la empresa de alquiler ICBC. El avi\u00f3n, que cuenta con dos clases de cabinas, tiene capacidad para 184 pasajeros, ocho de ellos en clase &#8216;business&#8217; y 176 en clase &#8216;economy&#8217;.<\/p>\n<p>La aerol\u00ednea rusa emplear\u00e1 el A321 en rutas internacionales premium. Seg\u00fan la consejera delegada del grupo, Olga Pleshakova, agradeci\u00f3 al banco chino ICBC y a su subsidiaria ICBC Leasing el haber confiado en Transaero.<\/p>\n<p>\u00abEsta incorporaci\u00f3n de un avi\u00f3n altamente eficiente a la flota de la compa\u00f1\u00eda contribuir\u00e1 a enaltecer el beneficio de la empresa, optimizando la capacidad a\u00e9rea de pasajeros\u00bb, defendi\u00f3 Pleshakova.<\/p>\n<p>Transaero Airlines comenz\u00f3 a prestar servicio en noviembre de 1991 y opera m\u00e1s de 200 rutas en todo el mundo. Por su parte, el A320 registra 11.800 encargos desde su lanzamiento. A d\u00eda de hoy, 6.600 aviones han sido entregados a 300 operadores a nivel mundial.<\/p>\n","protected":false},"excerpt":{"rendered":"<p>Airbus ha entregado su primer A321 a Transaero, la segunda aerol\u00ednea de mayor tama\u00f1o de Rusia, seg\u00fan ha informado la fabricante europea en un comunicado. La aeronave ha sido entregada como parte del contrato de Transaero con la empresa de alquiler ICBC. El avi\u00f3n, que cuenta con dos clases de cabinas, tiene capacidad para 184<\/p>\n","protected":false},"author":1,"featured_media":44703,"comment_status":"open","ping_status":"closed","sticky":false,"template":"","format":"standard","meta":{"footnotes":""},"categories":[224],"tags":[],"class_list":{"0":"post-44702","1":"post","2":"type-post","3":"status-publish","4":"format-standard","5":"has-post-thumbnail","7":"category-noticias-actualidad"},"aioseo_notices":[],"aioseo_head":"\n\t\t<!-- All in One SEO Pro 4.9.6.1 - aioseo.com -->\n\t<meta name=\"description\" content=\"Airbus ha entregado su primer A321 a Transaero, la segunda aerol\u00ednea de mayor tama\u00f1o de Rusia, seg\u00fan ha informado la fabricante europea en un comunicado. La aeronave ha sido entregada como parte del contrato de Transaero con la empresa de alquiler ICBC. El avi\u00f3n, que cuenta con dos clases de cabinas, tiene capacidad para 184\" \/>\n\t<meta name=\"robots\" content=\"max-image-preview:large\" \/>\n\t<meta name=\"author\" content=\"admin\"\/>\n\t<meta name=\"google-site-verification\" content=\"UA-38556648-1\" \/>\n\t<meta name=\"keywords\" content=\"noticias y actualidad\" \/>\n\t<link rel=\"canonical\" href=\"https:\/\/eldigitaldeasturias.com\/magazine365\/airbus-entrega-su-primer-a321-a-transaero-airlines\/\" \/>\n\t<meta name=\"generator\" content=\"All in One SEO Pro (AIOSEO) 4.9.6.1\" \/>\n\t\t<meta property=\"og:locale\" content=\"es_ES\" \/>\n\t\t<meta property=\"og:site_name\" content=\"El Digital de Asturias \u2013 Revista de ocio, turismo y estilo de vida\" \/>\n\t\t<meta property=\"og:type\" content=\"article\" \/>\n\t\t<meta property=\"og:title\" content=\"Airbus entrega su primer A321 a Transaero Airlines | El Digital de Asturias\" \/>\n\t\t<meta property=\"og:description\" content=\"Airbus ha entregado su primer A321 a Transaero, la segunda aerol\u00ednea de mayor tama\u00f1o de Rusia, seg\u00fan ha informado la fabricante europea en un comunicado. La aeronave ha sido entregada como parte del contrato de Transaero con la empresa de alquiler ICBC. El avi\u00f3n, que cuenta con dos clases de cabinas, tiene capacidad para 184\" \/>\n\t\t<meta property=\"og:url\" content=\"https:\/\/eldigitaldeasturias.com\/magazine365\/airbus-entrega-su-primer-a321-a-transaero-airlines\/\" \/>\n\t\t<meta property=\"og:image\" content=\"https:\/\/eldigitaldeasturias.com\/magazine365\/wp-content\/uploads\/2015\/08\/fotonoticia_20150803123606_800.jpg\" \/>\n\t\t<meta property=\"og:image:secure_url\" content=\"https:\/\/eldigitaldeasturias.com\/magazine365\/wp-content\/uploads\/2015\/08\/fotonoticia_20150803123606_800.jpg\" \/>\n\t\t<meta property=\"og:image:width\" content=\"800\" \/>\n\t\t<meta property=\"og:image:height\" content=\"600\" \/>\n\t\t<meta property=\"article:published_time\" content=\"2015-08-03T21:14:54+00:00\" \/>\n\t\t<meta property=\"article:modified_time\" content=\"2015-08-03T21:14:54+00:00\" \/>\n\t\t<meta name=\"twitter:card\" content=\"summary_large_image\" \/>\n\t\t<meta name=\"twitter:title\" content=\"Airbus entrega su primer A321 a Transaero Airlines | El Digital de Asturias\" \/>\n\t\t<meta name=\"twitter:description\" content=\"Airbus ha entregado su primer A321 a Transaero, la segunda aerol\u00ednea de mayor tama\u00f1o de Rusia, seg\u00fan ha informado la fabricante europea en un comunicado. La aeronave ha sido entregada como parte del contrato de Transaero con la empresa de alquiler ICBC. El avi\u00f3n, que cuenta con dos clases de cabinas, tiene capacidad para 184\" \/>\n\t\t<meta name=\"twitter:image\" content=\"https:\/\/eldigitaldeasturias.com\/magazine365\/wp-content\/uploads\/2015\/08\/fotonoticia_20150803123606_800.jpg\" \/>\n\t\t<script type=\"application\/ld+json\" class=\"aioseo-schema\">\n\t\t\t{\"@context\":\"https:\\\/\\\/schema.org\",\"@graph\":[{\"@type\":\"Article\",\"@id\":\"https:\\\/\\\/eldigitaldeasturias.com\\\/magazine365\\\/airbus-entrega-su-primer-a321-a-transaero-airlines\\\/#article\",\"name\":\"Airbus entrega su primer A321 a Transaero Airlines | El Digital de Asturias\",\"headline\":\"Airbus entrega su primer A321 a Transaero Airlines\",\"author\":{\"@id\":\"https:\\\/\\\/eldigitaldeasturias.com\\\/magazine365\\\/author\\\/admin\\\/#author\"},\"publisher\":{\"@id\":\"https:\\\/\\\/eldigitaldeasturias.com\\\/magazine365\\\/#organization\"},\"image\":{\"@type\":\"ImageObject\",\"url\":\"https:\\\/\\\/eldigitaldeasturias.com\\\/magazine365\\\/wp-content\\\/uploads\\\/2015\\\/08\\\/fotonoticia_20150803123606_800.jpg\",\"width\":800,\"height\":600},\"datePublished\":\"2015-08-03T23:14:54+02:00\",\"dateModified\":\"2015-08-03T23:14:54+02:00\",\"inLanguage\":\"es-ES\",\"mainEntityOfPage\":{\"@id\":\"https:\\\/\\\/eldigitaldeasturias.com\\\/magazine365\\\/airbus-entrega-su-primer-a321-a-transaero-airlines\\\/#webpage\"},\"isPartOf\":{\"@id\":\"https:\\\/\\\/eldigitaldeasturias.com\\\/magazine365\\\/airbus-entrega-su-primer-a321-a-transaero-airlines\\\/#webpage\"},\"articleSection\":\"Noticias y Actualidad\"},{\"@type\":\"BreadcrumbList\",\"@id\":\"https:\\\/\\\/eldigitaldeasturias.com\\\/magazine365\\\/airbus-entrega-su-primer-a321-a-transaero-airlines\\\/#breadcrumblist\",\"itemListElement\":[{\"@type\":\"ListItem\",\"@id\":\"https:\\\/\\\/eldigitaldeasturias.com\\\/magazine365#listItem\",\"position\":1,\"name\":\"Home\",\"item\":\"https:\\\/\\\/eldigitaldeasturias.com\\\/magazine365\",\"nextItem\":{\"@type\":\"ListItem\",\"@id\":\"https:\\\/\\\/eldigitaldeasturias.com\\\/magazine365\\\/category\\\/noticias-actualidad\\\/#listItem\",\"name\":\"Noticias y Actualidad\"}},{\"@type\":\"ListItem\",\"@id\":\"https:\\\/\\\/eldigitaldeasturias.com\\\/magazine365\\\/category\\\/noticias-actualidad\\\/#listItem\",\"position\":2,\"name\":\"Noticias y Actualidad\",\"item\":\"https:\\\/\\\/eldigitaldeasturias.com\\\/magazine365\\\/category\\\/noticias-actualidad\\\/\",\"nextItem\":{\"@type\":\"ListItem\",\"@id\":\"https:\\\/\\\/eldigitaldeasturias.com\\\/magazine365\\\/airbus-entrega-su-primer-a321-a-transaero-airlines\\\/#listItem\",\"name\":\"Airbus entrega su primer A321 a Transaero Airlines\"},\"previousItem\":{\"@type\":\"ListItem\",\"@id\":\"https:\\\/\\\/eldigitaldeasturias.com\\\/magazine365#listItem\",\"name\":\"Home\"}},{\"@type\":\"ListItem\",\"@id\":\"https:\\\/\\\/eldigitaldeasturias.com\\\/magazine365\\\/airbus-entrega-su-primer-a321-a-transaero-airlines\\\/#listItem\",\"position\":3,\"name\":\"Airbus entrega su primer A321 a Transaero Airlines\",\"previousItem\":{\"@type\":\"ListItem\",\"@id\":\"https:\\\/\\\/eldigitaldeasturias.com\\\/magazine365\\\/category\\\/noticias-actualidad\\\/#listItem\",\"name\":\"Noticias y Actualidad\"}}]},{\"@type\":\"Organization\",\"@id\":\"https:\\\/\\\/eldigitaldeasturias.com\\\/magazine365\\\/#organization\",\"name\":\"El digital de Asturias\",\"description\":\"Revista de ocio, turismo y estilo de vida\",\"url\":\"https:\\\/\\\/eldigitaldeasturias.com\\\/magazine365\\\/\",\"logo\":{\"@type\":\"ImageObject\",\"url\":\"https:\\\/\\\/www.eldigitaldeasturias.com\\\/noticias\\\/wp-content\\\/uploads\\\/2020\\\/12\\\/EDA.jpg\",\"@id\":\"https:\\\/\\\/eldigitaldeasturias.com\\\/magazine365\\\/airbus-entrega-su-primer-a321-a-transaero-airlines\\\/#organizationLogo\"},\"image\":{\"@id\":\"https:\\\/\\\/eldigitaldeasturias.com\\\/magazine365\\\/airbus-entrega-su-primer-a321-a-transaero-airlines\\\/#organizationLogo\"}},{\"@type\":\"Person\",\"@id\":\"https:\\\/\\\/eldigitaldeasturias.com\\\/magazine365\\\/author\\\/admin\\\/#author\",\"url\":\"https:\\\/\\\/eldigitaldeasturias.com\\\/magazine365\\\/author\\\/admin\\\/\",\"name\":\"admin\",\"image\":{\"@type\":\"ImageObject\",\"@id\":\"https:\\\/\\\/eldigitaldeasturias.com\\\/magazine365\\\/airbus-entrega-su-primer-a321-a-transaero-airlines\\\/#authorImage\",\"url\":\"https:\\\/\\\/eldigitaldeasturias.com\\\/magazine365\\\/wp-content\\\/litespeed\\\/avatar\\\/e571bcf59a0edd6fa6838245a470f2fe.jpg?ver=1777574230\",\"width\":96,\"height\":96,\"caption\":\"admin\"}},{\"@type\":\"WebPage\",\"@id\":\"https:\\\/\\\/eldigitaldeasturias.com\\\/magazine365\\\/airbus-entrega-su-primer-a321-a-transaero-airlines\\\/#webpage\",\"url\":\"https:\\\/\\\/eldigitaldeasturias.com\\\/magazine365\\\/airbus-entrega-su-primer-a321-a-transaero-airlines\\\/\",\"name\":\"Airbus entrega su primer A321 a Transaero Airlines | El Digital de Asturias\",\"description\":\"Airbus ha entregado su primer A321 a Transaero, la segunda aerol\\u00ednea de mayor tama\\u00f1o de Rusia, seg\\u00fan ha informado la fabricante europea en un comunicado. La aeronave ha sido entregada como parte del contrato de Transaero con la empresa de alquiler ICBC. El avi\\u00f3n, que cuenta con dos clases de cabinas, tiene capacidad para 184\",\"inLanguage\":\"es-ES\",\"isPartOf\":{\"@id\":\"https:\\\/\\\/eldigitaldeasturias.com\\\/magazine365\\\/#website\"},\"breadcrumb\":{\"@id\":\"https:\\\/\\\/eldigitaldeasturias.com\\\/magazine365\\\/airbus-entrega-su-primer-a321-a-transaero-airlines\\\/#breadcrumblist\"},\"author\":{\"@id\":\"https:\\\/\\\/eldigitaldeasturias.com\\\/magazine365\\\/author\\\/admin\\\/#author\"},\"creator\":{\"@id\":\"https:\\\/\\\/eldigitaldeasturias.com\\\/magazine365\\\/author\\\/admin\\\/#author\"},\"image\":{\"@type\":\"ImageObject\",\"url\":\"https:\\\/\\\/eldigitaldeasturias.com\\\/magazine365\\\/wp-content\\\/uploads\\\/2015\\\/08\\\/fotonoticia_20150803123606_800.jpg\",\"@id\":\"https:\\\/\\\/eldigitaldeasturias.com\\\/magazine365\\\/airbus-entrega-su-primer-a321-a-transaero-airlines\\\/#mainImage\",\"width\":800,\"height\":600},\"primaryImageOfPage\":{\"@id\":\"https:\\\/\\\/eldigitaldeasturias.com\\\/magazine365\\\/airbus-entrega-su-primer-a321-a-transaero-airlines\\\/#mainImage\"},\"datePublished\":\"2015-08-03T23:14:54+02:00\",\"dateModified\":\"2015-08-03T23:14:54+02:00\"},{\"@type\":\"WebSite\",\"@id\":\"https:\\\/\\\/eldigitaldeasturias.com\\\/magazine365\\\/#website\",\"url\":\"https:\\\/\\\/eldigitaldeasturias.com\\\/magazine365\\\/\",\"name\":\"El Digital de Asturias\",\"description\":\"Revista de ocio, turismo y estilo de vida\",\"inLanguage\":\"es-ES\",\"publisher\":{\"@id\":\"https:\\\/\\\/eldigitaldeasturias.com\\\/magazine365\\\/#organization\"}}]}\n\t\t<\/script>\n\t\t<!-- All in One SEO Pro -->\r\n\t\t<title>Airbus entrega su primer A321 a Transaero Airlines | El Digital de Asturias<\/title>\n\n","aioseo_head_json":{"title":"Airbus entrega su primer A321 a Transaero Airlines | El Digital de Asturias","description":"Airbus ha entregado su primer A321 a Transaero, la segunda aerol\u00ednea de mayor tama\u00f1o de Rusia, seg\u00fan ha informado la fabricante europea en un comunicado. La aeronave ha sido entregada como parte del contrato de Transaero con la empresa de alquiler ICBC. El avi\u00f3n, que cuenta con dos clases de cabinas, tiene capacidad para 184","canonical_url":"https:\/\/eldigitaldeasturias.com\/magazine365\/airbus-entrega-su-primer-a321-a-transaero-airlines\/","robots":"max-image-preview:large","keywords":"noticias y actualidad","webmasterTools":{"google-site-verification":"UA-38556648-1","miscellaneous":""},"schema":{"@context":"https:\/\/schema.org","@graph":[{"@type":"Article","@id":"https:\/\/eldigitaldeasturias.com\/magazine365\/airbus-entrega-su-primer-a321-a-transaero-airlines\/#article","name":"Airbus entrega su primer A321 a Transaero Airlines | El Digital de Asturias","headline":"Airbus entrega su primer A321 a Transaero Airlines","author":{"@id":"https:\/\/eldigitaldeasturias.com\/magazine365\/author\/admin\/#author"},"publisher":{"@id":"https:\/\/eldigitaldeasturias.com\/magazine365\/#organization"},"image":{"@type":"ImageObject","url":"https:\/\/eldigitaldeasturias.com\/magazine365\/wp-content\/uploads\/2015\/08\/fotonoticia_20150803123606_800.jpg","width":800,"height":600},"datePublished":"2015-08-03T23:14:54+02:00","dateModified":"2015-08-03T23:14:54+02:00","inLanguage":"es-ES","mainEntityOfPage":{"@id":"https:\/\/eldigitaldeasturias.com\/magazine365\/airbus-entrega-su-primer-a321-a-transaero-airlines\/#webpage"},"isPartOf":{"@id":"https:\/\/eldigitaldeasturias.com\/magazine365\/airbus-entrega-su-primer-a321-a-transaero-airlines\/#webpage"},"articleSection":"Noticias y Actualidad"},{"@type":"BreadcrumbList","@id":"https:\/\/eldigitaldeasturias.com\/magazine365\/airbus-entrega-su-primer-a321-a-transaero-airlines\/#breadcrumblist","itemListElement":[{"@type":"ListItem","@id":"https:\/\/eldigitaldeasturias.com\/magazine365#listItem","position":1,"name":"Home","item":"https:\/\/eldigitaldeasturias.com\/magazine365","nextItem":{"@type":"ListItem","@id":"https:\/\/eldigitaldeasturias.com\/magazine365\/category\/noticias-actualidad\/#listItem","name":"Noticias y Actualidad"}},{"@type":"ListItem","@id":"https:\/\/eldigitaldeasturias.com\/magazine365\/category\/noticias-actualidad\/#listItem","position":2,"name":"Noticias y Actualidad","item":"https:\/\/eldigitaldeasturias.com\/magazine365\/category\/noticias-actualidad\/","nextItem":{"@type":"ListItem","@id":"https:\/\/eldigitaldeasturias.com\/magazine365\/airbus-entrega-su-primer-a321-a-transaero-airlines\/#listItem","name":"Airbus entrega su primer A321 a Transaero Airlines"},"previousItem":{"@type":"ListItem","@id":"https:\/\/eldigitaldeasturias.com\/magazine365#listItem","name":"Home"}},{"@type":"ListItem","@id":"https:\/\/eldigitaldeasturias.com\/magazine365\/airbus-entrega-su-primer-a321-a-transaero-airlines\/#listItem","position":3,"name":"Airbus entrega su primer A321 a Transaero Airlines","previousItem":{"@type":"ListItem","@id":"https:\/\/eldigitaldeasturias.com\/magazine365\/category\/noticias-actualidad\/#listItem","name":"Noticias y Actualidad"}}]},{"@type":"Organization","@id":"https:\/\/eldigitaldeasturias.com\/magazine365\/#organization","name":"El digital de Asturias","description":"Revista de ocio, turismo y estilo de vida","url":"https:\/\/eldigitaldeasturias.com\/magazine365\/","logo":{"@type":"ImageObject","url":"https:\/\/www.eldigitaldeasturias.com\/noticias\/wp-content\/uploads\/2020\/12\/EDA.jpg","@id":"https:\/\/eldigitaldeasturias.com\/magazine365\/airbus-entrega-su-primer-a321-a-transaero-airlines\/#organizationLogo"},"image":{"@id":"https:\/\/eldigitaldeasturias.com\/magazine365\/airbus-entrega-su-primer-a321-a-transaero-airlines\/#organizationLogo"}},{"@type":"Person","@id":"https:\/\/eldigitaldeasturias.com\/magazine365\/author\/admin\/#author","url":"https:\/\/eldigitaldeasturias.com\/magazine365\/author\/admin\/","name":"admin","image":{"@type":"ImageObject","@id":"https:\/\/eldigitaldeasturias.com\/magazine365\/airbus-entrega-su-primer-a321-a-transaero-airlines\/#authorImage","url":"https:\/\/eldigitaldeasturias.com\/magazine365\/wp-content\/litespeed\/avatar\/e571bcf59a0edd6fa6838245a470f2fe.jpg?ver=1777574230","width":96,"height":96,"caption":"admin"}},{"@type":"WebPage","@id":"https:\/\/eldigitaldeasturias.com\/magazine365\/airbus-entrega-su-primer-a321-a-transaero-airlines\/#webpage","url":"https:\/\/eldigitaldeasturias.com\/magazine365\/airbus-entrega-su-primer-a321-a-transaero-airlines\/","name":"Airbus entrega su primer A321 a Transaero Airlines | El Digital de Asturias","description":"Airbus ha entregado su primer A321 a Transaero, la segunda aerol\u00ednea de mayor tama\u00f1o de Rusia, seg\u00fan ha informado la fabricante europea en un comunicado. La aeronave ha sido entregada como parte del contrato de Transaero con la empresa de alquiler ICBC. El avi\u00f3n, que cuenta con dos clases de cabinas, tiene capacidad para 184","inLanguage":"es-ES","isPartOf":{"@id":"https:\/\/eldigitaldeasturias.com\/magazine365\/#website"},"breadcrumb":{"@id":"https:\/\/eldigitaldeasturias.com\/magazine365\/airbus-entrega-su-primer-a321-a-transaero-airlines\/#breadcrumblist"},"author":{"@id":"https:\/\/eldigitaldeasturias.com\/magazine365\/author\/admin\/#author"},"creator":{"@id":"https:\/\/eldigitaldeasturias.com\/magazine365\/author\/admin\/#author"},"image":{"@type":"ImageObject","url":"https:\/\/eldigitaldeasturias.com\/magazine365\/wp-content\/uploads\/2015\/08\/fotonoticia_20150803123606_800.jpg","@id":"https:\/\/eldigitaldeasturias.com\/magazine365\/airbus-entrega-su-primer-a321-a-transaero-airlines\/#mainImage","width":800,"height":600},"primaryImageOfPage":{"@id":"https:\/\/eldigitaldeasturias.com\/magazine365\/airbus-entrega-su-primer-a321-a-transaero-airlines\/#mainImage"},"datePublished":"2015-08-03T23:14:54+02:00","dateModified":"2015-08-03T23:14:54+02:00"},{"@type":"WebSite","@id":"https:\/\/eldigitaldeasturias.com\/magazine365\/#website","url":"https:\/\/eldigitaldeasturias.com\/magazine365\/","name":"El Digital de Asturias","description":"Revista de ocio, turismo y estilo de vida","inLanguage":"es-ES","publisher":{"@id":"https:\/\/eldigitaldeasturias.com\/magazine365\/#organization"}}]},"og:locale":"es_ES","og:site_name":"El Digital de Asturias \u2013 Revista de ocio, turismo y estilo de vida","og:type":"article","og:title":"Airbus entrega su primer A321 a Transaero Airlines | El Digital de Asturias","og:description":"Airbus ha entregado su primer A321 a Transaero, la segunda aerol\u00ednea de mayor tama\u00f1o de Rusia, seg\u00fan ha informado la fabricante europea en un comunicado. La aeronave ha sido entregada como parte del contrato de Transaero con la empresa de alquiler ICBC. El avi\u00f3n, que cuenta con dos clases de cabinas, tiene capacidad para 184","og:url":"https:\/\/eldigitaldeasturias.com\/magazine365\/airbus-entrega-su-primer-a321-a-transaero-airlines\/","og:image":"https:\/\/eldigitaldeasturias.com\/magazine365\/wp-content\/uploads\/2015\/08\/fotonoticia_20150803123606_800.jpg","og:image:secure_url":"https:\/\/eldigitaldeasturias.com\/magazine365\/wp-content\/uploads\/2015\/08\/fotonoticia_20150803123606_800.jpg","og:image:width":800,"og:image:height":600,"article:published_time":"2015-08-03T21:14:54+00:00","article:modified_time":"2015-08-03T21:14:54+00:00","twitter:card":"summary_large_image","twitter:title":"Airbus entrega su primer A321 a Transaero Airlines | El Digital de Asturias","twitter:description":"Airbus ha entregado su primer A321 a Transaero, la segunda aerol\u00ednea de mayor tama\u00f1o de Rusia, seg\u00fan ha informado la fabricante europea en un comunicado. La aeronave ha sido entregada como parte del contrato de Transaero con la empresa de alquiler ICBC. El avi\u00f3n, que cuenta con dos clases de cabinas, tiene capacidad para 184","twitter:image":"https:\/\/eldigitaldeasturias.com\/magazine365\/wp-content\/uploads\/2015\/08\/fotonoticia_20150803123606_800.jpg"},"aioseo_meta_data":{"post_id":"44702","title":null,"description":null,"keywords":null,"keyphrases":null,"primary_term":null,"canonical_url":null,"og_title":null,"og_description":null,"og_object_type":"default","og_image_type":"default","og_image_url":null,"og_image_width":null,"og_image_height":null,"og_image_custom_url":null,"og_image_custom_fields":null,"og_video":null,"og_custom_url":null,"og_article_section":null,"og_article_tags":null,"twitter_use_og":false,"twitter_card":"default","twitter_image_type":"default","twitter_image_url":null,"twitter_image_custom_url":null,"twitter_image_custom_fields":null,"twitter_title":null,"twitter_description":null,"schema":{"blockGraphs":[],"customGraphs":[],"default":{"data":{"Article":[],"Course":[],"Dataset":[],"FAQPage":[],"Movie":[],"Person":[],"Product":[],"ProductReview":[],"Car":[],"Recipe":[],"Service":[],"SoftwareApplication":[],"WebPage":[]},"graphName":"","isEnabled":true},"graphs":[],"defaultGraph":"","defaultPostTypeGraph":""},"schema_type":null,"schema_type_options":null,"pillar_content":false,"robots_default":true,"robots_noindex":false,"robots_noarchive":false,"robots_nosnippet":false,"robots_nofollow":false,"robots_noimageindex":false,"robots_noodp":false,"robots_notranslate":false,"robots_max_snippet":null,"robots_max_videopreview":null,"robots_max_imagepreview":"large","priority":null,"frequency":null,"location":null,"local_seo":null,"seo_analyzer_scan_date":"2025-09-19 22:33:06","breadcrumb_settings":null,"limit_modified_date":false,"open_ai":null,"ai":null,"created":"2021-03-09 01:30:41","updated":"2025-09-19 22:33:06"},"aioseo_breadcrumb":"<div class=\"aioseo-breadcrumbs\"><span class=\"aioseo-breadcrumb\">\n\t<a href=\"https:\/\/eldigitaldeasturias.com\/magazine365\" title=\"Home\">Home<\/a>\n<\/span><span class=\"aioseo-breadcrumb-separator\">\u2013<\/span><span class=\"aioseo-breadcrumb\">\n\t<a href=\"https:\/\/eldigitaldeasturias.com\/magazine365\/category\/noticias-actualidad\/\" title=\"Noticias y Actualidad\">Noticias y Actualidad<\/a>\n<\/span><span class=\"aioseo-breadcrumb-separator\">\u2013<\/span><span class=\"aioseo-breadcrumb\">\n\t<a href=\"https:\/\/eldigitaldeasturias.com\/magazine365\/airbus-entrega-su-primer-a321-a-transaero-airlines\/\" title=\"Airbus entrega su primer A321 a Transaero Airlines\">Airbus entrega su primer A321 a Transaero Airlines<\/a>\n<\/span><\/div>","aioseo_breadcrumb_json":[{"label":"Home","link":"https:\/\/eldigitaldeasturias.com\/magazine365"},{"label":"Noticias y Actualidad","link":"https:\/\/eldigitaldeasturias.com\/magazine365\/category\/noticias-actualidad\/"},{"label":"Airbus entrega su primer A321 a Transaero Airlines","link":"https:\/\/eldigitaldeasturias.com\/magazine365\/airbus-entrega-su-primer-a321-a-transaero-airlines\/"}],"_links":{"self":[{"href":"https:\/\/eldigitaldeasturias.com\/magazine365\/wp-json\/wp\/v2\/posts\/44702","targetHints":{"allow":["GET"]}}],"collection":[{"href":"https:\/\/eldigitaldeasturias.com\/magazine365\/wp-json\/wp\/v2\/posts"}],"about":[{"href":"https:\/\/eldigitaldeasturias.com\/magazine365\/wp-json\/wp\/v2\/types\/post"}],"author":[{"embeddable":true,"href":"https:\/\/eldigitaldeasturias.com\/magazine365\/wp-json\/wp\/v2\/users\/1"}],"replies":[{"embeddable":true,"href":"https:\/\/eldigitaldeasturias.com\/magazine365\/wp-json\/wp\/v2\/comments?post=44702"}],"version-history":[{"count":0,"href":"https:\/\/eldigitaldeasturias.com\/magazine365\/wp-json\/wp\/v2\/posts\/44702\/revisions"}],"wp:featuredmedia":[{"embeddable":true,"href":"https:\/\/eldigitaldeasturias.com\/magazine365\/wp-json\/wp\/v2\/media\/44703"}],"wp:attachment":[{"href":"https:\/\/eldigitaldeasturias.com\/magazine365\/wp-json\/wp\/v2\/media?parent=44702"}],"wp:term":[{"taxonomy":"category","embeddable":true,"href":"https:\/\/eldigitaldeasturias.com\/magazine365\/wp-json\/wp\/v2\/categories?post=44702"},{"taxonomy":"post_tag","embeddable":true,"href":"https:\/\/eldigitaldeasturias.com\/magazine365\/wp-json\/wp\/v2\/tags?post=44702"}],"curies":[{"name":"wp","href":"https:\/\/api.w.org\/{rel}","templated":true}]}}