{"id":44510,"date":"2015-08-01T06:54:01","date_gmt":"2015-08-01T04:54:01","guid":{"rendered":"http:\/\/eldigitaldeasturias.com\/magazine365\/?p=44510"},"modified":"2015-08-01T06:54:01","modified_gmt":"2015-08-01T04:54:01","slug":"grand-velas-riviera-maya-celebra-el-encuentro-gastronomico-lo-mejor-de-francia","status":"publish","type":"post","link":"https:\/\/eldigitaldeasturias.com\/magazine365\/grand-velas-riviera-maya-celebra-el-encuentro-gastronomico-lo-mejor-de-francia\/","title":{"rendered":"Grand Velas Riviera Maya celebra el encuentro gastron\u00f3mico &#8216;Lo mejor de Francia&#8217;"},"content":{"rendered":"<p><img fetchpriority=\"high\" decoding=\"async\" class=\"alignleft size-medium wp-image-44511\" src=\"https:\/\/eldigitaldeasturias.com\/magazine365\/wp-content\/uploads\/2015\/08\/fotonoticia_20150731120327_800-360x222.jpg\" alt=\"fotonoticia_20150731120327_800\" width=\"360\" height=\"222\" srcset=\"https:\/\/eldigitaldeasturias.com\/magazine365\/wp-content\/uploads\/2015\/08\/fotonoticia_20150731120327_800-360x222.jpg 360w, https:\/\/eldigitaldeasturias.com\/magazine365\/wp-content\/uploads\/2015\/08\/fotonoticia_20150731120327_800-650x401.jpg 650w, https:\/\/eldigitaldeasturias.com\/magazine365\/wp-content\/uploads\/2015\/08\/fotonoticia_20150731120327_800-768x474.jpg 768w, https:\/\/eldigitaldeasturias.com\/magazine365\/wp-content\/uploads\/2015\/08\/fotonoticia_20150731120327_800-150x93.jpg 150w, https:\/\/eldigitaldeasturias.com\/magazine365\/wp-content\/uploads\/2015\/08\/fotonoticia_20150731120327_800-450x278.jpg 450w, https:\/\/eldigitaldeasturias.com\/magazine365\/wp-content\/uploads\/2015\/08\/fotonoticia_20150731120327_800-356x220.jpg 356w, https:\/\/eldigitaldeasturias.com\/magazine365\/wp-content\/uploads\/2015\/08\/fotonoticia_20150731120327_800-696x430.jpg 696w, https:\/\/eldigitaldeasturias.com\/magazine365\/wp-content\/uploads\/2015\/08\/fotonoticia_20150731120327_800-680x420.jpg 680w, https:\/\/eldigitaldeasturias.com\/magazine365\/wp-content\/uploads\/2015\/08\/fotonoticia_20150731120327_800-279x173.jpg 279w, https:\/\/eldigitaldeasturias.com\/magazine365\/wp-content\/uploads\/2015\/08\/fotonoticia_20150731120327_800.jpg 800w\" sizes=\"(max-width: 360px) 100vw, 360px\" \/>Grand Velas Riviera Maya reunir\u00e1 por primera vez en M\u00e9xico a cuatro de los mejores Maestros Cocineros de Francia (Ma\u00eetres Cuisiniers de France), en el marco del encuestro gastron\u00f3mico &#8216;Lo Mejor de Francia&#8217; que se celebrar\u00e1 del 14 al 18 de octubre pr\u00f3ximo.<\/p>\n<p>El exclusivo resort anunci\u00f3 la celebraci\u00f3n de este evento gastron\u00f3mico con la participaci\u00f3n de los afamados chefs franceses Christian T\u00eatedoie, Claude Le-Tohic, Claude Godard y Michel Musti\u00e8re, quienes compartir\u00e1n una misma cocina y un restaurante para preparar una cena especial con 10 de sus m\u00e1s innovadores platos en una de las experiencias culinarias m\u00e1s incre\u00edbles.<\/p>\n<p>Las cenas se realizar\u00e1n en el Restaurante &#8216;Piaf&#8217;, un espacio inspirado en la actriz y cantante Edith Piaf de la que el restaurante toma su nombre y cuyo sal\u00f3n principal est\u00e1 finamente decorado con cortinas de cristales de Swarovski, candelabros de cristal, luz de vela, rosas y terciopelo rojo.<\/p>\n<p>Para complementar la experiencia m\u00fasica de arpa en vivo que armonizan el ambiente y lo envuelve con notas suaves para disfrutar la velada.<\/p>\n<p>Cada plato ser\u00e1 creado por uno de los cuatro chefs y ser\u00e1 maridado con los mejores vinos seleccionados por el sommelier del restaurante. Un total de 90 comensales por noche podr\u00e1n disfrutar de esta cena en homenaje a la gastronom\u00eda francesa, una de las m\u00e1s sofisticadas y refinadas del mundo y como promoci\u00f3n especial.<\/p>\n<p>El resort anunci\u00f3 que los hu\u00e9spedes asistir\u00e1n al festival en cortes\u00eda sin cargo adicional a su tarifa regular ya que es uno de los beneficios del todo incluido de lujo que el Grupo Grand Velas ofrece.<\/p>\n<p>El resort es ampliamente reconocido como promotor de la gastronom\u00eda fusi\u00f3n vasca-caribe\u00f1a, mexicana, francesa, italiana y asi\u00e1tica con sus restaurantes gourmet y la organizaci\u00f3n de festivales que resaltan lo mejor de las cocinas de M\u00e9xico y otras partes del mundo con la participaci\u00f3n de famosos chefs, como Juan Mari Arzak.<\/p>\n<p>Los restaurantes est\u00e1n dirigidos por chefs de renombre internacional como Michel Mustiere, Ma\u00eetres Cuisiniers de France. El Restaurante Cocina de Autor es el primero en el mundo en ganar un premio Cinco Diamantes de la AAA dentro de un resort todo incluido.<\/p>\n<p>Su calidad gastron\u00f3mica, lujosas suites y excelencia en el servicio le han permitido al Grand Velas Riviera Maya ser incluido en la lista de los 10 Mejores Todo Incluido por Forbes.com y entre los resorts All Inclusive m\u00e1s buscados en el mundo por Yahoo Travel.<\/p>\n","protected":false},"excerpt":{"rendered":"<p>Grand Velas Riviera Maya reunir\u00e1 por primera vez en M\u00e9xico a cuatro de los mejores Maestros Cocineros de Francia (Ma\u00eetres Cuisiniers de France), en el marco del encuestro gastron\u00f3mico &#8216;Lo Mejor de Francia&#8217; que se celebrar\u00e1 del 14 al 18 de octubre pr\u00f3ximo. El exclusivo resort anunci\u00f3 la celebraci\u00f3n de este evento gastron\u00f3mico con la<\/p>\n","protected":false},"author":1,"featured_media":44511,"comment_status":"open","ping_status":"closed","sticky":false,"template":"","format":"standard","meta":{"footnotes":""},"categories":[224],"tags":[],"class_list":{"0":"post-44510","1":"post","2":"type-post","3":"status-publish","4":"format-standard","5":"has-post-thumbnail","7":"category-noticias-actualidad"},"aioseo_notices":[],"aioseo_head":"\n\t\t<!-- All in One SEO Pro 4.9.6.1 - aioseo.com -->\n\t<meta name=\"description\" content=\"Grand Velas Riviera Maya reunir\u00e1 por primera vez en M\u00e9xico a cuatro de los mejores Maestros Cocineros de Francia (Ma\u00eetres Cuisiniers de France), en el marco del encuestro gastron\u00f3mico &#039;Lo Mejor de Francia&#039; que se celebrar\u00e1 del 14 al 18 de octubre pr\u00f3ximo. El exclusivo resort anunci\u00f3 la celebraci\u00f3n de este evento gastron\u00f3mico con la\" \/>\n\t<meta name=\"robots\" content=\"max-image-preview:large\" \/>\n\t<meta name=\"author\" content=\"admin\"\/>\n\t<meta name=\"google-site-verification\" content=\"UA-38556648-1\" \/>\n\t<meta name=\"keywords\" content=\"noticias y actualidad\" \/>\n\t<link rel=\"canonical\" href=\"https:\/\/eldigitaldeasturias.com\/magazine365\/grand-velas-riviera-maya-celebra-el-encuentro-gastronomico-lo-mejor-de-francia\/\" \/>\n\t<meta name=\"generator\" content=\"All in One SEO Pro (AIOSEO) 4.9.6.1\" \/>\n\t\t<meta property=\"og:locale\" content=\"es_ES\" \/>\n\t\t<meta property=\"og:site_name\" content=\"El Digital de Asturias \u2013 Revista de ocio, turismo y estilo de vida\" \/>\n\t\t<meta property=\"og:type\" content=\"article\" \/>\n\t\t<meta property=\"og:title\" content=\"Grand Velas Riviera Maya celebra el encuentro gastron\u00f3mico \u2018Lo mejor de Francia\u2019 | El Digital de Asturias\" \/>\n\t\t<meta property=\"og:description\" content=\"Grand Velas Riviera Maya reunir\u00e1 por primera vez en M\u00e9xico a cuatro de los mejores Maestros Cocineros de Francia (Ma\u00eetres Cuisiniers de France), en el marco del encuestro gastron\u00f3mico &#039;Lo Mejor de Francia&#039; que se celebrar\u00e1 del 14 al 18 de octubre pr\u00f3ximo. El exclusivo resort anunci\u00f3 la celebraci\u00f3n de este evento gastron\u00f3mico con la\" \/>\n\t\t<meta property=\"og:url\" content=\"https:\/\/eldigitaldeasturias.com\/magazine365\/grand-velas-riviera-maya-celebra-el-encuentro-gastronomico-lo-mejor-de-francia\/\" \/>\n\t\t<meta property=\"og:image\" content=\"https:\/\/eldigitaldeasturias.com\/magazine365\/wp-content\/uploads\/2015\/08\/fotonoticia_20150731120327_800.jpg\" \/>\n\t\t<meta property=\"og:image:secure_url\" content=\"https:\/\/eldigitaldeasturias.com\/magazine365\/wp-content\/uploads\/2015\/08\/fotonoticia_20150731120327_800.jpg\" \/>\n\t\t<meta property=\"og:image:width\" content=\"800\" \/>\n\t\t<meta property=\"og:image:height\" content=\"494\" \/>\n\t\t<meta property=\"article:published_time\" content=\"2015-08-01T04:54:01+00:00\" \/>\n\t\t<meta property=\"article:modified_time\" content=\"2015-08-01T04:54:01+00:00\" \/>\n\t\t<meta name=\"twitter:card\" content=\"summary_large_image\" \/>\n\t\t<meta name=\"twitter:title\" content=\"Grand Velas Riviera Maya celebra el encuentro gastron\u00f3mico \u2018Lo mejor de Francia\u2019 | El Digital de Asturias\" \/>\n\t\t<meta name=\"twitter:description\" content=\"Grand Velas Riviera Maya reunir\u00e1 por primera vez en M\u00e9xico a cuatro de los mejores Maestros Cocineros de Francia (Ma\u00eetres Cuisiniers de France), en el marco del encuestro gastron\u00f3mico &#039;Lo Mejor de Francia&#039; que se celebrar\u00e1 del 14 al 18 de octubre pr\u00f3ximo. El exclusivo resort anunci\u00f3 la celebraci\u00f3n de este evento gastron\u00f3mico con la\" \/>\n\t\t<meta name=\"twitter:image\" content=\"https:\/\/eldigitaldeasturias.com\/magazine365\/wp-content\/uploads\/2015\/08\/fotonoticia_20150731120327_800.jpg\" \/>\n\t\t<script type=\"application\/ld+json\" class=\"aioseo-schema\">\n\t\t\t{\"@context\":\"https:\\\/\\\/schema.org\",\"@graph\":[{\"@type\":\"Article\",\"@id\":\"https:\\\/\\\/eldigitaldeasturias.com\\\/magazine365\\\/grand-velas-riviera-maya-celebra-el-encuentro-gastronomico-lo-mejor-de-francia\\\/#article\",\"name\":\"Grand Velas Riviera Maya celebra el encuentro gastron\\u00f3mico \\u2018Lo mejor de Francia\\u2019 | El Digital de Asturias\",\"headline\":\"Grand Velas Riviera Maya celebra el encuentro gastron\\u00f3mico &#8216;Lo mejor de Francia&#8217;\",\"author\":{\"@id\":\"https:\\\/\\\/eldigitaldeasturias.com\\\/magazine365\\\/author\\\/admin\\\/#author\"},\"publisher\":{\"@id\":\"https:\\\/\\\/eldigitaldeasturias.com\\\/magazine365\\\/#organization\"},\"image\":{\"@type\":\"ImageObject\",\"url\":\"https:\\\/\\\/eldigitaldeasturias.com\\\/magazine365\\\/wp-content\\\/uploads\\\/2015\\\/08\\\/fotonoticia_20150731120327_800.jpg\",\"width\":800,\"height\":494},\"datePublished\":\"2015-08-01T06:54:01+02:00\",\"dateModified\":\"2015-08-01T06:54:01+02:00\",\"inLanguage\":\"es-ES\",\"mainEntityOfPage\":{\"@id\":\"https:\\\/\\\/eldigitaldeasturias.com\\\/magazine365\\\/grand-velas-riviera-maya-celebra-el-encuentro-gastronomico-lo-mejor-de-francia\\\/#webpage\"},\"isPartOf\":{\"@id\":\"https:\\\/\\\/eldigitaldeasturias.com\\\/magazine365\\\/grand-velas-riviera-maya-celebra-el-encuentro-gastronomico-lo-mejor-de-francia\\\/#webpage\"},\"articleSection\":\"Noticias y Actualidad\"},{\"@type\":\"BreadcrumbList\",\"@id\":\"https:\\\/\\\/eldigitaldeasturias.com\\\/magazine365\\\/grand-velas-riviera-maya-celebra-el-encuentro-gastronomico-lo-mejor-de-francia\\\/#breadcrumblist\",\"itemListElement\":[{\"@type\":\"ListItem\",\"@id\":\"https:\\\/\\\/eldigitaldeasturias.com\\\/magazine365#listItem\",\"position\":1,\"name\":\"Home\",\"item\":\"https:\\\/\\\/eldigitaldeasturias.com\\\/magazine365\",\"nextItem\":{\"@type\":\"ListItem\",\"@id\":\"https:\\\/\\\/eldigitaldeasturias.com\\\/magazine365\\\/category\\\/noticias-actualidad\\\/#listItem\",\"name\":\"Noticias y Actualidad\"}},{\"@type\":\"ListItem\",\"@id\":\"https:\\\/\\\/eldigitaldeasturias.com\\\/magazine365\\\/category\\\/noticias-actualidad\\\/#listItem\",\"position\":2,\"name\":\"Noticias y Actualidad\",\"item\":\"https:\\\/\\\/eldigitaldeasturias.com\\\/magazine365\\\/category\\\/noticias-actualidad\\\/\",\"nextItem\":{\"@type\":\"ListItem\",\"@id\":\"https:\\\/\\\/eldigitaldeasturias.com\\\/magazine365\\\/grand-velas-riviera-maya-celebra-el-encuentro-gastronomico-lo-mejor-de-francia\\\/#listItem\",\"name\":\"Grand Velas Riviera Maya celebra el encuentro gastron\\u00f3mico &#8216;Lo mejor de Francia&#8217;\"},\"previousItem\":{\"@type\":\"ListItem\",\"@id\":\"https:\\\/\\\/eldigitaldeasturias.com\\\/magazine365#listItem\",\"name\":\"Home\"}},{\"@type\":\"ListItem\",\"@id\":\"https:\\\/\\\/eldigitaldeasturias.com\\\/magazine365\\\/grand-velas-riviera-maya-celebra-el-encuentro-gastronomico-lo-mejor-de-francia\\\/#listItem\",\"position\":3,\"name\":\"Grand Velas Riviera Maya celebra el encuentro gastron\\u00f3mico &#8216;Lo mejor de Francia&#8217;\",\"previousItem\":{\"@type\":\"ListItem\",\"@id\":\"https:\\\/\\\/eldigitaldeasturias.com\\\/magazine365\\\/category\\\/noticias-actualidad\\\/#listItem\",\"name\":\"Noticias y Actualidad\"}}]},{\"@type\":\"Organization\",\"@id\":\"https:\\\/\\\/eldigitaldeasturias.com\\\/magazine365\\\/#organization\",\"name\":\"El digital de Asturias\",\"description\":\"Revista de ocio, turismo y estilo de vida\",\"url\":\"https:\\\/\\\/eldigitaldeasturias.com\\\/magazine365\\\/\",\"logo\":{\"@type\":\"ImageObject\",\"url\":\"https:\\\/\\\/www.eldigitaldeasturias.com\\\/noticias\\\/wp-content\\\/uploads\\\/2020\\\/12\\\/EDA.jpg\",\"@id\":\"https:\\\/\\\/eldigitaldeasturias.com\\\/magazine365\\\/grand-velas-riviera-maya-celebra-el-encuentro-gastronomico-lo-mejor-de-francia\\\/#organizationLogo\"},\"image\":{\"@id\":\"https:\\\/\\\/eldigitaldeasturias.com\\\/magazine365\\\/grand-velas-riviera-maya-celebra-el-encuentro-gastronomico-lo-mejor-de-francia\\\/#organizationLogo\"}},{\"@type\":\"Person\",\"@id\":\"https:\\\/\\\/eldigitaldeasturias.com\\\/magazine365\\\/author\\\/admin\\\/#author\",\"url\":\"https:\\\/\\\/eldigitaldeasturias.com\\\/magazine365\\\/author\\\/admin\\\/\",\"name\":\"admin\",\"image\":{\"@type\":\"ImageObject\",\"@id\":\"https:\\\/\\\/eldigitaldeasturias.com\\\/magazine365\\\/grand-velas-riviera-maya-celebra-el-encuentro-gastronomico-lo-mejor-de-francia\\\/#authorImage\",\"url\":\"https:\\\/\\\/eldigitaldeasturias.com\\\/magazine365\\\/wp-content\\\/litespeed\\\/avatar\\\/e571bcf59a0edd6fa6838245a470f2fe.jpg?ver=1777574230\",\"width\":96,\"height\":96,\"caption\":\"admin\"}},{\"@type\":\"WebPage\",\"@id\":\"https:\\\/\\\/eldigitaldeasturias.com\\\/magazine365\\\/grand-velas-riviera-maya-celebra-el-encuentro-gastronomico-lo-mejor-de-francia\\\/#webpage\",\"url\":\"https:\\\/\\\/eldigitaldeasturias.com\\\/magazine365\\\/grand-velas-riviera-maya-celebra-el-encuentro-gastronomico-lo-mejor-de-francia\\\/\",\"name\":\"Grand Velas Riviera Maya celebra el encuentro gastron\\u00f3mico \\u2018Lo mejor de Francia\\u2019 | El Digital de Asturias\",\"description\":\"Grand Velas Riviera Maya reunir\\u00e1 por primera vez en M\\u00e9xico a cuatro de los mejores Maestros Cocineros de Francia (Ma\\u00eetres Cuisiniers de France), en el marco del encuestro gastron\\u00f3mico 'Lo Mejor de Francia' que se celebrar\\u00e1 del 14 al 18 de octubre pr\\u00f3ximo. El exclusivo resort anunci\\u00f3 la celebraci\\u00f3n de este evento gastron\\u00f3mico con la\",\"inLanguage\":\"es-ES\",\"isPartOf\":{\"@id\":\"https:\\\/\\\/eldigitaldeasturias.com\\\/magazine365\\\/#website\"},\"breadcrumb\":{\"@id\":\"https:\\\/\\\/eldigitaldeasturias.com\\\/magazine365\\\/grand-velas-riviera-maya-celebra-el-encuentro-gastronomico-lo-mejor-de-francia\\\/#breadcrumblist\"},\"author\":{\"@id\":\"https:\\\/\\\/eldigitaldeasturias.com\\\/magazine365\\\/author\\\/admin\\\/#author\"},\"creator\":{\"@id\":\"https:\\\/\\\/eldigitaldeasturias.com\\\/magazine365\\\/author\\\/admin\\\/#author\"},\"image\":{\"@type\":\"ImageObject\",\"url\":\"https:\\\/\\\/eldigitaldeasturias.com\\\/magazine365\\\/wp-content\\\/uploads\\\/2015\\\/08\\\/fotonoticia_20150731120327_800.jpg\",\"@id\":\"https:\\\/\\\/eldigitaldeasturias.com\\\/magazine365\\\/grand-velas-riviera-maya-celebra-el-encuentro-gastronomico-lo-mejor-de-francia\\\/#mainImage\",\"width\":800,\"height\":494},\"primaryImageOfPage\":{\"@id\":\"https:\\\/\\\/eldigitaldeasturias.com\\\/magazine365\\\/grand-velas-riviera-maya-celebra-el-encuentro-gastronomico-lo-mejor-de-francia\\\/#mainImage\"},\"datePublished\":\"2015-08-01T06:54:01+02:00\",\"dateModified\":\"2015-08-01T06:54:01+02:00\"},{\"@type\":\"WebSite\",\"@id\":\"https:\\\/\\\/eldigitaldeasturias.com\\\/magazine365\\\/#website\",\"url\":\"https:\\\/\\\/eldigitaldeasturias.com\\\/magazine365\\\/\",\"name\":\"El Digital de Asturias\",\"description\":\"Revista de ocio, turismo y estilo de vida\",\"inLanguage\":\"es-ES\",\"publisher\":{\"@id\":\"https:\\\/\\\/eldigitaldeasturias.com\\\/magazine365\\\/#organization\"}}]}\n\t\t<\/script>\n\t\t<!-- All in One SEO Pro -->\r\n\t\t<title>Grand Velas Riviera Maya celebra el encuentro gastron\u00f3mico \u2018Lo mejor de Francia\u2019 | El Digital de Asturias<\/title>\n\n","aioseo_head_json":{"title":"Grand Velas Riviera Maya celebra el encuentro gastron\u00f3mico \u2018Lo mejor de Francia\u2019 | El Digital de Asturias","description":"Grand Velas Riviera Maya reunir\u00e1 por primera vez en M\u00e9xico a cuatro de los mejores Maestros Cocineros de Francia (Ma\u00eetres Cuisiniers de France), en el marco del encuestro gastron\u00f3mico 'Lo Mejor de Francia' que se celebrar\u00e1 del 14 al 18 de octubre pr\u00f3ximo. El exclusivo resort anunci\u00f3 la celebraci\u00f3n de este evento gastron\u00f3mico con la","canonical_url":"https:\/\/eldigitaldeasturias.com\/magazine365\/grand-velas-riviera-maya-celebra-el-encuentro-gastronomico-lo-mejor-de-francia\/","robots":"max-image-preview:large","keywords":"noticias y actualidad","webmasterTools":{"google-site-verification":"UA-38556648-1","miscellaneous":""},"schema":{"@context":"https:\/\/schema.org","@graph":[{"@type":"Article","@id":"https:\/\/eldigitaldeasturias.com\/magazine365\/grand-velas-riviera-maya-celebra-el-encuentro-gastronomico-lo-mejor-de-francia\/#article","name":"Grand Velas Riviera Maya celebra el encuentro gastron\u00f3mico \u2018Lo mejor de Francia\u2019 | El Digital de Asturias","headline":"Grand Velas Riviera Maya celebra el encuentro gastron\u00f3mico &#8216;Lo mejor de Francia&#8217;","author":{"@id":"https:\/\/eldigitaldeasturias.com\/magazine365\/author\/admin\/#author"},"publisher":{"@id":"https:\/\/eldigitaldeasturias.com\/magazine365\/#organization"},"image":{"@type":"ImageObject","url":"https:\/\/eldigitaldeasturias.com\/magazine365\/wp-content\/uploads\/2015\/08\/fotonoticia_20150731120327_800.jpg","width":800,"height":494},"datePublished":"2015-08-01T06:54:01+02:00","dateModified":"2015-08-01T06:54:01+02:00","inLanguage":"es-ES","mainEntityOfPage":{"@id":"https:\/\/eldigitaldeasturias.com\/magazine365\/grand-velas-riviera-maya-celebra-el-encuentro-gastronomico-lo-mejor-de-francia\/#webpage"},"isPartOf":{"@id":"https:\/\/eldigitaldeasturias.com\/magazine365\/grand-velas-riviera-maya-celebra-el-encuentro-gastronomico-lo-mejor-de-francia\/#webpage"},"articleSection":"Noticias y Actualidad"},{"@type":"BreadcrumbList","@id":"https:\/\/eldigitaldeasturias.com\/magazine365\/grand-velas-riviera-maya-celebra-el-encuentro-gastronomico-lo-mejor-de-francia\/#breadcrumblist","itemListElement":[{"@type":"ListItem","@id":"https:\/\/eldigitaldeasturias.com\/magazine365#listItem","position":1,"name":"Home","item":"https:\/\/eldigitaldeasturias.com\/magazine365","nextItem":{"@type":"ListItem","@id":"https:\/\/eldigitaldeasturias.com\/magazine365\/category\/noticias-actualidad\/#listItem","name":"Noticias y Actualidad"}},{"@type":"ListItem","@id":"https:\/\/eldigitaldeasturias.com\/magazine365\/category\/noticias-actualidad\/#listItem","position":2,"name":"Noticias y Actualidad","item":"https:\/\/eldigitaldeasturias.com\/magazine365\/category\/noticias-actualidad\/","nextItem":{"@type":"ListItem","@id":"https:\/\/eldigitaldeasturias.com\/magazine365\/grand-velas-riviera-maya-celebra-el-encuentro-gastronomico-lo-mejor-de-francia\/#listItem","name":"Grand Velas Riviera Maya celebra el encuentro gastron\u00f3mico &#8216;Lo mejor de Francia&#8217;"},"previousItem":{"@type":"ListItem","@id":"https:\/\/eldigitaldeasturias.com\/magazine365#listItem","name":"Home"}},{"@type":"ListItem","@id":"https:\/\/eldigitaldeasturias.com\/magazine365\/grand-velas-riviera-maya-celebra-el-encuentro-gastronomico-lo-mejor-de-francia\/#listItem","position":3,"name":"Grand Velas Riviera Maya celebra el encuentro gastron\u00f3mico &#8216;Lo mejor de Francia&#8217;","previousItem":{"@type":"ListItem","@id":"https:\/\/eldigitaldeasturias.com\/magazine365\/category\/noticias-actualidad\/#listItem","name":"Noticias y Actualidad"}}]},{"@type":"Organization","@id":"https:\/\/eldigitaldeasturias.com\/magazine365\/#organization","name":"El digital de Asturias","description":"Revista de ocio, turismo y estilo de vida","url":"https:\/\/eldigitaldeasturias.com\/magazine365\/","logo":{"@type":"ImageObject","url":"https:\/\/www.eldigitaldeasturias.com\/noticias\/wp-content\/uploads\/2020\/12\/EDA.jpg","@id":"https:\/\/eldigitaldeasturias.com\/magazine365\/grand-velas-riviera-maya-celebra-el-encuentro-gastronomico-lo-mejor-de-francia\/#organizationLogo"},"image":{"@id":"https:\/\/eldigitaldeasturias.com\/magazine365\/grand-velas-riviera-maya-celebra-el-encuentro-gastronomico-lo-mejor-de-francia\/#organizationLogo"}},{"@type":"Person","@id":"https:\/\/eldigitaldeasturias.com\/magazine365\/author\/admin\/#author","url":"https:\/\/eldigitaldeasturias.com\/magazine365\/author\/admin\/","name":"admin","image":{"@type":"ImageObject","@id":"https:\/\/eldigitaldeasturias.com\/magazine365\/grand-velas-riviera-maya-celebra-el-encuentro-gastronomico-lo-mejor-de-francia\/#authorImage","url":"https:\/\/eldigitaldeasturias.com\/magazine365\/wp-content\/litespeed\/avatar\/e571bcf59a0edd6fa6838245a470f2fe.jpg?ver=1777574230","width":96,"height":96,"caption":"admin"}},{"@type":"WebPage","@id":"https:\/\/eldigitaldeasturias.com\/magazine365\/grand-velas-riviera-maya-celebra-el-encuentro-gastronomico-lo-mejor-de-francia\/#webpage","url":"https:\/\/eldigitaldeasturias.com\/magazine365\/grand-velas-riviera-maya-celebra-el-encuentro-gastronomico-lo-mejor-de-francia\/","name":"Grand Velas Riviera Maya celebra el encuentro gastron\u00f3mico \u2018Lo mejor de Francia\u2019 | El Digital de Asturias","description":"Grand Velas Riviera Maya reunir\u00e1 por primera vez en M\u00e9xico a cuatro de los mejores Maestros Cocineros de Francia (Ma\u00eetres Cuisiniers de France), en el marco del encuestro gastron\u00f3mico 'Lo Mejor de Francia' que se celebrar\u00e1 del 14 al 18 de octubre pr\u00f3ximo. El exclusivo resort anunci\u00f3 la celebraci\u00f3n de este evento gastron\u00f3mico con la","inLanguage":"es-ES","isPartOf":{"@id":"https:\/\/eldigitaldeasturias.com\/magazine365\/#website"},"breadcrumb":{"@id":"https:\/\/eldigitaldeasturias.com\/magazine365\/grand-velas-riviera-maya-celebra-el-encuentro-gastronomico-lo-mejor-de-francia\/#breadcrumblist"},"author":{"@id":"https:\/\/eldigitaldeasturias.com\/magazine365\/author\/admin\/#author"},"creator":{"@id":"https:\/\/eldigitaldeasturias.com\/magazine365\/author\/admin\/#author"},"image":{"@type":"ImageObject","url":"https:\/\/eldigitaldeasturias.com\/magazine365\/wp-content\/uploads\/2015\/08\/fotonoticia_20150731120327_800.jpg","@id":"https:\/\/eldigitaldeasturias.com\/magazine365\/grand-velas-riviera-maya-celebra-el-encuentro-gastronomico-lo-mejor-de-francia\/#mainImage","width":800,"height":494},"primaryImageOfPage":{"@id":"https:\/\/eldigitaldeasturias.com\/magazine365\/grand-velas-riviera-maya-celebra-el-encuentro-gastronomico-lo-mejor-de-francia\/#mainImage"},"datePublished":"2015-08-01T06:54:01+02:00","dateModified":"2015-08-01T06:54:01+02:00"},{"@type":"WebSite","@id":"https:\/\/eldigitaldeasturias.com\/magazine365\/#website","url":"https:\/\/eldigitaldeasturias.com\/magazine365\/","name":"El Digital de Asturias","description":"Revista de ocio, turismo y estilo de vida","inLanguage":"es-ES","publisher":{"@id":"https:\/\/eldigitaldeasturias.com\/magazine365\/#organization"}}]},"og:locale":"es_ES","og:site_name":"El Digital de Asturias \u2013 Revista de ocio, turismo y estilo de vida","og:type":"article","og:title":"Grand Velas Riviera Maya celebra el encuentro gastron\u00f3mico \u2018Lo mejor de Francia\u2019 | El Digital de Asturias","og:description":"Grand Velas Riviera Maya reunir\u00e1 por primera vez en M\u00e9xico a cuatro de los mejores Maestros Cocineros de Francia (Ma\u00eetres Cuisiniers de France), en el marco del encuestro gastron\u00f3mico 'Lo Mejor de Francia' que se celebrar\u00e1 del 14 al 18 de octubre pr\u00f3ximo. El exclusivo resort anunci\u00f3 la celebraci\u00f3n de este evento gastron\u00f3mico con la","og:url":"https:\/\/eldigitaldeasturias.com\/magazine365\/grand-velas-riviera-maya-celebra-el-encuentro-gastronomico-lo-mejor-de-francia\/","og:image":"https:\/\/eldigitaldeasturias.com\/magazine365\/wp-content\/uploads\/2015\/08\/fotonoticia_20150731120327_800.jpg","og:image:secure_url":"https:\/\/eldigitaldeasturias.com\/magazine365\/wp-content\/uploads\/2015\/08\/fotonoticia_20150731120327_800.jpg","og:image:width":800,"og:image:height":494,"article:published_time":"2015-08-01T04:54:01+00:00","article:modified_time":"2015-08-01T04:54:01+00:00","twitter:card":"summary_large_image","twitter:title":"Grand Velas Riviera Maya celebra el encuentro gastron\u00f3mico \u2018Lo mejor de Francia\u2019 | El Digital de Asturias","twitter:description":"Grand Velas Riviera Maya reunir\u00e1 por primera vez en M\u00e9xico a cuatro de los mejores Maestros Cocineros de Francia (Ma\u00eetres Cuisiniers de France), en el marco del encuestro gastron\u00f3mico 'Lo Mejor de Francia' que se celebrar\u00e1 del 14 al 18 de octubre pr\u00f3ximo. El exclusivo resort anunci\u00f3 la celebraci\u00f3n de este evento gastron\u00f3mico con la","twitter:image":"https:\/\/eldigitaldeasturias.com\/magazine365\/wp-content\/uploads\/2015\/08\/fotonoticia_20150731120327_800.jpg"},"aioseo_meta_data":{"post_id":"44510","title":null,"description":null,"keywords":null,"keyphrases":null,"primary_term":null,"canonical_url":null,"og_title":null,"og_description":null,"og_object_type":"default","og_image_type":"default","og_image_url":null,"og_image_width":null,"og_image_height":null,"og_image_custom_url":null,"og_image_custom_fields":null,"og_video":null,"og_custom_url":null,"og_article_section":null,"og_article_tags":null,"twitter_use_og":false,"twitter_card":"default","twitter_image_type":"default","twitter_image_url":null,"twitter_image_custom_url":null,"twitter_image_custom_fields":null,"twitter_title":null,"twitter_description":null,"schema":{"blockGraphs":[],"customGraphs":[],"default":{"data":{"Article":[],"Course":[],"Dataset":[],"FAQPage":[],"Movie":[],"Person":[],"Product":[],"ProductReview":[],"Car":[],"Recipe":[],"Service":[],"SoftwareApplication":[],"WebPage":[]},"graphName":"","isEnabled":true},"graphs":[],"defaultGraph":"","defaultPostTypeGraph":""},"schema_type":null,"schema_type_options":null,"pillar_content":false,"robots_default":true,"robots_noindex":false,"robots_noarchive":false,"robots_nosnippet":false,"robots_nofollow":false,"robots_noimageindex":false,"robots_noodp":false,"robots_notranslate":false,"robots_max_snippet":null,"robots_max_videopreview":null,"robots_max_imagepreview":"large","priority":null,"frequency":null,"location":null,"local_seo":null,"seo_analyzer_scan_date":"2025-09-19 22:06:55","breadcrumb_settings":null,"limit_modified_date":false,"open_ai":null,"ai":null,"created":"2021-03-09 01:32:40","updated":"2025-09-19 22:06:55"},"aioseo_breadcrumb":"<div class=\"aioseo-breadcrumbs\"><span class=\"aioseo-breadcrumb\">\n\t<a href=\"https:\/\/eldigitaldeasturias.com\/magazine365\" title=\"Home\">Home<\/a>\n<\/span><span class=\"aioseo-breadcrumb-separator\">\u2013<\/span><span class=\"aioseo-breadcrumb\">\n\t<a href=\"https:\/\/eldigitaldeasturias.com\/magazine365\/category\/noticias-actualidad\/\" title=\"Noticias y Actualidad\">Noticias y Actualidad<\/a>\n<\/span><span class=\"aioseo-breadcrumb-separator\">\u2013<\/span><span class=\"aioseo-breadcrumb\">\n\t<a href=\"https:\/\/eldigitaldeasturias.com\/magazine365\/grand-velas-riviera-maya-celebra-el-encuentro-gastronomico-lo-mejor-de-francia\/\" title=\"Grand Velas Riviera Maya celebra el encuentro gastron\u00f3mico \u2018Lo mejor de Francia\u2019\">Grand Velas Riviera Maya celebra el encuentro gastron\u00f3mico \u2018Lo mejor de Francia\u2019<\/a>\n<\/span><\/div>","aioseo_breadcrumb_json":[{"label":"Home","link":"https:\/\/eldigitaldeasturias.com\/magazine365"},{"label":"Noticias y Actualidad","link":"https:\/\/eldigitaldeasturias.com\/magazine365\/category\/noticias-actualidad\/"},{"label":"Grand Velas Riviera Maya celebra el encuentro gastron\u00f3mico &#8216;Lo mejor de Francia&#8217;","link":"https:\/\/eldigitaldeasturias.com\/magazine365\/grand-velas-riviera-maya-celebra-el-encuentro-gastronomico-lo-mejor-de-francia\/"}],"_links":{"self":[{"href":"https:\/\/eldigitaldeasturias.com\/magazine365\/wp-json\/wp\/v2\/posts\/44510","targetHints":{"allow":["GET"]}}],"collection":[{"href":"https:\/\/eldigitaldeasturias.com\/magazine365\/wp-json\/wp\/v2\/posts"}],"about":[{"href":"https:\/\/eldigitaldeasturias.com\/magazine365\/wp-json\/wp\/v2\/types\/post"}],"author":[{"embeddable":true,"href":"https:\/\/eldigitaldeasturias.com\/magazine365\/wp-json\/wp\/v2\/users\/1"}],"replies":[{"embeddable":true,"href":"https:\/\/eldigitaldeasturias.com\/magazine365\/wp-json\/wp\/v2\/comments?post=44510"}],"version-history":[{"count":0,"href":"https:\/\/eldigitaldeasturias.com\/magazine365\/wp-json\/wp\/v2\/posts\/44510\/revisions"}],"wp:featuredmedia":[{"embeddable":true,"href":"https:\/\/eldigitaldeasturias.com\/magazine365\/wp-json\/wp\/v2\/media\/44511"}],"wp:attachment":[{"href":"https:\/\/eldigitaldeasturias.com\/magazine365\/wp-json\/wp\/v2\/media?parent=44510"}],"wp:term":[{"taxonomy":"category","embeddable":true,"href":"https:\/\/eldigitaldeasturias.com\/magazine365\/wp-json\/wp\/v2\/categories?post=44510"},{"taxonomy":"post_tag","embeddable":true,"href":"https:\/\/eldigitaldeasturias.com\/magazine365\/wp-json\/wp\/v2\/tags?post=44510"}],"curies":[{"name":"wp","href":"https:\/\/api.w.org\/{rel}","templated":true}]}}