{"id":44393,"date":"2015-08-01T02:17:28","date_gmt":"2015-08-01T00:17:28","guid":{"rendered":"http:\/\/eldigitaldeasturias.com\/magazine365\/?p=44393"},"modified":"2015-08-01T02:17:28","modified_gmt":"2015-08-01T00:17:28","slug":"clavijo-preside-la-i-mesa-de-turismo-y-sector-primario","status":"publish","type":"post","link":"https:\/\/eldigitaldeasturias.com\/magazine365\/clavijo-preside-la-i-mesa-de-turismo-y-sector-primario\/","title":{"rendered":"Clavijo preside la I Mesa de Turismo y Sector Primario"},"content":{"rendered":"<p><img fetchpriority=\"high\" decoding=\"async\" class=\"alignleft size-medium wp-image-44394\" src=\"https:\/\/eldigitaldeasturias.com\/magazine365\/wp-content\/uploads\/2015\/08\/fotonoticia_20150730152050_800-360x270.jpg\" alt=\"fotonoticia_20150730152050_800\" width=\"360\" height=\"270\" srcset=\"https:\/\/eldigitaldeasturias.com\/magazine365\/wp-content\/uploads\/2015\/08\/fotonoticia_20150730152050_800-360x270.jpg 360w, https:\/\/eldigitaldeasturias.com\/magazine365\/wp-content\/uploads\/2015\/08\/fotonoticia_20150730152050_800-650x488.jpg 650w, https:\/\/eldigitaldeasturias.com\/magazine365\/wp-content\/uploads\/2015\/08\/fotonoticia_20150730152050_800-768x576.jpg 768w, https:\/\/eldigitaldeasturias.com\/magazine365\/wp-content\/uploads\/2015\/08\/fotonoticia_20150730152050_800-150x113.jpg 150w, https:\/\/eldigitaldeasturias.com\/magazine365\/wp-content\/uploads\/2015\/08\/fotonoticia_20150730152050_800-450x338.jpg 450w, https:\/\/eldigitaldeasturias.com\/magazine365\/wp-content\/uploads\/2015\/08\/fotonoticia_20150730152050_800-80x60.jpg 80w, https:\/\/eldigitaldeasturias.com\/magazine365\/wp-content\/uploads\/2015\/08\/fotonoticia_20150730152050_800-265x198.jpg 265w, https:\/\/eldigitaldeasturias.com\/magazine365\/wp-content\/uploads\/2015\/08\/fotonoticia_20150730152050_800-696x522.jpg 696w, https:\/\/eldigitaldeasturias.com\/magazine365\/wp-content\/uploads\/2015\/08\/fotonoticia_20150730152050_800-560x420.jpg 560w, https:\/\/eldigitaldeasturias.com\/magazine365\/wp-content\/uploads\/2015\/08\/fotonoticia_20150730152050_800-90x67.jpg 90w, https:\/\/eldigitaldeasturias.com\/magazine365\/wp-content\/uploads\/2015\/08\/fotonoticia_20150730152050_800-100x75.jpg 100w, https:\/\/eldigitaldeasturias.com\/magazine365\/wp-content\/uploads\/2015\/08\/fotonoticia_20150730152050_800.jpg 800w\" sizes=\"(max-width: 360px) 100vw, 360px\" \/>El presidente del Gobierno de Canarias, Fernando Clavijo, presidir\u00e1 este viernes, 31 de julio, la I Mesa de Turismo y Sector Primario, que se celebrar\u00e1 en la isla de Lanzarote.<\/p>\n<p>Este encuentro con los responsables de las patronales tur\u00edsticas y de las asociaciones de agricultores, ganaderos y pescadores de Canarias ser\u00e1 \u00abla primera mesa de di\u00e1logo\u00bb convocada por el Ejecutivo regional para establecer sinergias y v\u00edas de colaboraci\u00f3n entre los distintos sectores econ\u00f3micos, seg\u00fan inform\u00f3 el Gobierno regional en nota de prensa.<\/p>\n<p>Para ello, Clavijo estar\u00e1 acompa\u00f1ado por la consejera regional de Turismo, Cultura y Deportes, Mar\u00eda Teresa Lorenzo, as\u00ed como por el consejero auton\u00f3mico de Agricultura, Ganader\u00eda, Pesca y Aguas, Narvay Quintero. Adem\u00e1s, asistir\u00e1n a esta mesa el presidente del Cabildo de Lanzarote, Pedro San Gin\u00e9s, y la alcaldesa de San Bartolom\u00e9, Mar\u00eda Dolores Corujo.<\/p>\n<p>En cuanto a los representantes de los dos sectores en los que se centra en la reuni\u00f3n, por parte de las patronales tur\u00edsticas acudir\u00e1n los representantes de Ashotel (Asociaci\u00f3n Hotelera y Extrahotelera de Tenerife, La Palma, La Gomera y El Hierro), FEHT (Federaci\u00f3n de Empresarios de Hosteler\u00eda y Turismo de las Palmas), Fecao (Federaci\u00f3n Empresarial Canaria de Hosteler\u00eda, Ocio, Servicios y Comercio), Asolan (Asociaci\u00f3n Insular de Empresarios de Hoteles y Apartamentos de Lanzarote) y Aetur (Federaci\u00f3n de Empresarios Tur\u00edsticos de Lanzarote).<\/p>\n<p>Respecto al sector primario, estar\u00e1n los representantes de la Plataforma Agraria Libre de Canarias (Palca), la Asociaci\u00f3n de Agricultores y Ganaderos de Canarias (Asaga), la Coordinadora de Organizaciones de Agricultores y Ganaderos (COAG), la Uni\u00f3n de Peque\u00f1os Agricultores y Ganaderos (UPA), las federaciones provinciales de cofrad\u00edas de pescadores de Las Palmas y Santa Cruz de Tenerife y el Consejo Regulador de la Denominaci\u00f3n de Origen Vinos de Lanzarote.<\/p>\n<p>El objetivo de esta primera mesa de trabajo es fijar las pol\u00edticas conducentes para que el sector primario ampl\u00ede v\u00edas de desarrollo en el mercado interior a trav\u00e9s del apoyo de las empresas tur\u00edsticas, as\u00ed como el compromiso institucional. Para ello, se estima que estas reuniones tengan una periodicidad bimestral, bajo la coordinaci\u00f3n de la Presidencia del Gobierno de Canarias, y cree espacios de trabajo entre ambos sectores para conseguir comercializar productos &#8216;Elaborados en Canarias&#8217;.<\/p>\n<p>El Gobierno canario tambi\u00e9n resalt\u00f3 que este encuentro se enmarca en el compromiso de Clavijo en su discurso de investidura donde mostr\u00f3 su convencimiento respecto a que el sector primario \u00abpuede y debe aspirar no solo a responder\u00bb a las necesidades de la poblaci\u00f3n residente en Canarias sino tambi\u00e9n a las de los turistas que visitan las islas.<\/p>\n<p>Por ello, apuntan, se ha optado por celebrar la primera mesa de di\u00e1logo en la Casa Museo y el Monumento al Campesino, realizado por C\u00e9sar Manrique en La Geria, un homenaje a la comunidad campesina, as\u00ed como al \u00abesfuerzo y la imaginaci\u00f3n desplegados a lo largo del tiempo para obtener rendimientos de una tierra \u00e1rida\u00bb.<\/p>\n","protected":false},"excerpt":{"rendered":"<p>El presidente del Gobierno de Canarias, Fernando Clavijo, presidir\u00e1 este viernes, 31 de julio, la I Mesa de Turismo y Sector Primario, que se celebrar\u00e1 en la isla de Lanzarote. Este encuentro con los responsables de las patronales tur\u00edsticas y de las asociaciones de agricultores, ganaderos y pescadores de Canarias ser\u00e1 \u00abla primera mesa de<\/p>\n","protected":false},"author":1,"featured_media":44394,"comment_status":"open","ping_status":"closed","sticky":false,"template":"","format":"standard","meta":{"footnotes":""},"categories":[224],"tags":[],"class_list":{"0":"post-44393","1":"post","2":"type-post","3":"status-publish","4":"format-standard","5":"has-post-thumbnail","7":"category-noticias-actualidad"},"aioseo_notices":[],"aioseo_head":"\n\t\t<!-- All in One SEO Pro 4.9.6.1 - aioseo.com -->\n\t<meta name=\"description\" content=\"El presidente del Gobierno de Canarias, Fernando Clavijo, presidir\u00e1 este viernes, 31 de julio, la I Mesa de Turismo y Sector Primario, que se celebrar\u00e1 en la isla de Lanzarote. Este encuentro con los responsables de las patronales tur\u00edsticas y de las asociaciones de agricultores, ganaderos y pescadores de Canarias ser\u00e1 &quot;la primera mesa de\" \/>\n\t<meta name=\"robots\" content=\"max-image-preview:large\" \/>\n\t<meta name=\"author\" content=\"admin\"\/>\n\t<meta name=\"google-site-verification\" content=\"UA-38556648-1\" \/>\n\t<meta name=\"keywords\" content=\"noticias y actualidad\" \/>\n\t<link rel=\"canonical\" href=\"https:\/\/eldigitaldeasturias.com\/magazine365\/clavijo-preside-la-i-mesa-de-turismo-y-sector-primario\/\" \/>\n\t<meta name=\"generator\" content=\"All in One SEO Pro (AIOSEO) 4.9.6.1\" \/>\n\t\t<meta property=\"og:locale\" content=\"es_ES\" \/>\n\t\t<meta property=\"og:site_name\" content=\"El Digital de Asturias \u2013 Revista de ocio, turismo y estilo de vida\" \/>\n\t\t<meta property=\"og:type\" content=\"article\" \/>\n\t\t<meta property=\"og:title\" content=\"Clavijo preside la I Mesa de Turismo y Sector Primario | El Digital de Asturias\" \/>\n\t\t<meta property=\"og:description\" content=\"El presidente del Gobierno de Canarias, Fernando Clavijo, presidir\u00e1 este viernes, 31 de julio, la I Mesa de Turismo y Sector Primario, que se celebrar\u00e1 en la isla de Lanzarote. Este encuentro con los responsables de las patronales tur\u00edsticas y de las asociaciones de agricultores, ganaderos y pescadores de Canarias ser\u00e1 &quot;la primera mesa de\" \/>\n\t\t<meta property=\"og:url\" content=\"https:\/\/eldigitaldeasturias.com\/magazine365\/clavijo-preside-la-i-mesa-de-turismo-y-sector-primario\/\" \/>\n\t\t<meta property=\"og:image\" content=\"https:\/\/eldigitaldeasturias.com\/magazine365\/wp-content\/uploads\/2015\/08\/fotonoticia_20150730152050_800.jpg\" \/>\n\t\t<meta property=\"og:image:secure_url\" content=\"https:\/\/eldigitaldeasturias.com\/magazine365\/wp-content\/uploads\/2015\/08\/fotonoticia_20150730152050_800.jpg\" \/>\n\t\t<meta property=\"og:image:width\" content=\"800\" \/>\n\t\t<meta property=\"og:image:height\" content=\"600\" \/>\n\t\t<meta property=\"article:published_time\" content=\"2015-08-01T00:17:28+00:00\" \/>\n\t\t<meta property=\"article:modified_time\" content=\"2015-08-01T00:17:28+00:00\" \/>\n\t\t<meta name=\"twitter:card\" content=\"summary_large_image\" \/>\n\t\t<meta name=\"twitter:title\" content=\"Clavijo preside la I Mesa de Turismo y Sector Primario | El Digital de Asturias\" \/>\n\t\t<meta name=\"twitter:description\" content=\"El presidente del Gobierno de Canarias, Fernando Clavijo, presidir\u00e1 este viernes, 31 de julio, la I Mesa de Turismo y Sector Primario, que se celebrar\u00e1 en la isla de Lanzarote. Este encuentro con los responsables de las patronales tur\u00edsticas y de las asociaciones de agricultores, ganaderos y pescadores de Canarias ser\u00e1 &quot;la primera mesa de\" \/>\n\t\t<meta name=\"twitter:image\" content=\"https:\/\/eldigitaldeasturias.com\/magazine365\/wp-content\/uploads\/2015\/08\/fotonoticia_20150730152050_800.jpg\" \/>\n\t\t<script type=\"application\/ld+json\" class=\"aioseo-schema\">\n\t\t\t{\"@context\":\"https:\\\/\\\/schema.org\",\"@graph\":[{\"@type\":\"Article\",\"@id\":\"https:\\\/\\\/eldigitaldeasturias.com\\\/magazine365\\\/clavijo-preside-la-i-mesa-de-turismo-y-sector-primario\\\/#article\",\"name\":\"Clavijo preside la I Mesa de Turismo y Sector Primario | El Digital de Asturias\",\"headline\":\"Clavijo preside la I Mesa de Turismo y Sector Primario\",\"author\":{\"@id\":\"https:\\\/\\\/eldigitaldeasturias.com\\\/magazine365\\\/author\\\/admin\\\/#author\"},\"publisher\":{\"@id\":\"https:\\\/\\\/eldigitaldeasturias.com\\\/magazine365\\\/#organization\"},\"image\":{\"@type\":\"ImageObject\",\"url\":\"https:\\\/\\\/eldigitaldeasturias.com\\\/magazine365\\\/wp-content\\\/uploads\\\/2015\\\/08\\\/fotonoticia_20150730152050_800.jpg\",\"width\":800,\"height\":600},\"datePublished\":\"2015-08-01T02:17:28+02:00\",\"dateModified\":\"2015-08-01T02:17:28+02:00\",\"inLanguage\":\"es-ES\",\"mainEntityOfPage\":{\"@id\":\"https:\\\/\\\/eldigitaldeasturias.com\\\/magazine365\\\/clavijo-preside-la-i-mesa-de-turismo-y-sector-primario\\\/#webpage\"},\"isPartOf\":{\"@id\":\"https:\\\/\\\/eldigitaldeasturias.com\\\/magazine365\\\/clavijo-preside-la-i-mesa-de-turismo-y-sector-primario\\\/#webpage\"},\"articleSection\":\"Noticias y Actualidad\"},{\"@type\":\"BreadcrumbList\",\"@id\":\"https:\\\/\\\/eldigitaldeasturias.com\\\/magazine365\\\/clavijo-preside-la-i-mesa-de-turismo-y-sector-primario\\\/#breadcrumblist\",\"itemListElement\":[{\"@type\":\"ListItem\",\"@id\":\"https:\\\/\\\/eldigitaldeasturias.com\\\/magazine365#listItem\",\"position\":1,\"name\":\"Home\",\"item\":\"https:\\\/\\\/eldigitaldeasturias.com\\\/magazine365\",\"nextItem\":{\"@type\":\"ListItem\",\"@id\":\"https:\\\/\\\/eldigitaldeasturias.com\\\/magazine365\\\/category\\\/noticias-actualidad\\\/#listItem\",\"name\":\"Noticias y Actualidad\"}},{\"@type\":\"ListItem\",\"@id\":\"https:\\\/\\\/eldigitaldeasturias.com\\\/magazine365\\\/category\\\/noticias-actualidad\\\/#listItem\",\"position\":2,\"name\":\"Noticias y Actualidad\",\"item\":\"https:\\\/\\\/eldigitaldeasturias.com\\\/magazine365\\\/category\\\/noticias-actualidad\\\/\",\"nextItem\":{\"@type\":\"ListItem\",\"@id\":\"https:\\\/\\\/eldigitaldeasturias.com\\\/magazine365\\\/clavijo-preside-la-i-mesa-de-turismo-y-sector-primario\\\/#listItem\",\"name\":\"Clavijo preside la I Mesa de Turismo y Sector Primario\"},\"previousItem\":{\"@type\":\"ListItem\",\"@id\":\"https:\\\/\\\/eldigitaldeasturias.com\\\/magazine365#listItem\",\"name\":\"Home\"}},{\"@type\":\"ListItem\",\"@id\":\"https:\\\/\\\/eldigitaldeasturias.com\\\/magazine365\\\/clavijo-preside-la-i-mesa-de-turismo-y-sector-primario\\\/#listItem\",\"position\":3,\"name\":\"Clavijo preside la I Mesa de Turismo y Sector Primario\",\"previousItem\":{\"@type\":\"ListItem\",\"@id\":\"https:\\\/\\\/eldigitaldeasturias.com\\\/magazine365\\\/category\\\/noticias-actualidad\\\/#listItem\",\"name\":\"Noticias y Actualidad\"}}]},{\"@type\":\"Organization\",\"@id\":\"https:\\\/\\\/eldigitaldeasturias.com\\\/magazine365\\\/#organization\",\"name\":\"El digital de Asturias\",\"description\":\"Revista de ocio, turismo y estilo de vida\",\"url\":\"https:\\\/\\\/eldigitaldeasturias.com\\\/magazine365\\\/\",\"logo\":{\"@type\":\"ImageObject\",\"url\":\"https:\\\/\\\/www.eldigitaldeasturias.com\\\/noticias\\\/wp-content\\\/uploads\\\/2020\\\/12\\\/EDA.jpg\",\"@id\":\"https:\\\/\\\/eldigitaldeasturias.com\\\/magazine365\\\/clavijo-preside-la-i-mesa-de-turismo-y-sector-primario\\\/#organizationLogo\"},\"image\":{\"@id\":\"https:\\\/\\\/eldigitaldeasturias.com\\\/magazine365\\\/clavijo-preside-la-i-mesa-de-turismo-y-sector-primario\\\/#organizationLogo\"}},{\"@type\":\"Person\",\"@id\":\"https:\\\/\\\/eldigitaldeasturias.com\\\/magazine365\\\/author\\\/admin\\\/#author\",\"url\":\"https:\\\/\\\/eldigitaldeasturias.com\\\/magazine365\\\/author\\\/admin\\\/\",\"name\":\"admin\",\"image\":{\"@type\":\"ImageObject\",\"@id\":\"https:\\\/\\\/eldigitaldeasturias.com\\\/magazine365\\\/clavijo-preside-la-i-mesa-de-turismo-y-sector-primario\\\/#authorImage\",\"url\":\"https:\\\/\\\/eldigitaldeasturias.com\\\/magazine365\\\/wp-content\\\/litespeed\\\/avatar\\\/e571bcf59a0edd6fa6838245a470f2fe.jpg?ver=1777574230\",\"width\":96,\"height\":96,\"caption\":\"admin\"}},{\"@type\":\"WebPage\",\"@id\":\"https:\\\/\\\/eldigitaldeasturias.com\\\/magazine365\\\/clavijo-preside-la-i-mesa-de-turismo-y-sector-primario\\\/#webpage\",\"url\":\"https:\\\/\\\/eldigitaldeasturias.com\\\/magazine365\\\/clavijo-preside-la-i-mesa-de-turismo-y-sector-primario\\\/\",\"name\":\"Clavijo preside la I Mesa de Turismo y Sector Primario | El Digital de Asturias\",\"description\":\"El presidente del Gobierno de Canarias, Fernando Clavijo, presidir\\u00e1 este viernes, 31 de julio, la I Mesa de Turismo y Sector Primario, que se celebrar\\u00e1 en la isla de Lanzarote. Este encuentro con los responsables de las patronales tur\\u00edsticas y de las asociaciones de agricultores, ganaderos y pescadores de Canarias ser\\u00e1 \\\"la primera mesa de\",\"inLanguage\":\"es-ES\",\"isPartOf\":{\"@id\":\"https:\\\/\\\/eldigitaldeasturias.com\\\/magazine365\\\/#website\"},\"breadcrumb\":{\"@id\":\"https:\\\/\\\/eldigitaldeasturias.com\\\/magazine365\\\/clavijo-preside-la-i-mesa-de-turismo-y-sector-primario\\\/#breadcrumblist\"},\"author\":{\"@id\":\"https:\\\/\\\/eldigitaldeasturias.com\\\/magazine365\\\/author\\\/admin\\\/#author\"},\"creator\":{\"@id\":\"https:\\\/\\\/eldigitaldeasturias.com\\\/magazine365\\\/author\\\/admin\\\/#author\"},\"image\":{\"@type\":\"ImageObject\",\"url\":\"https:\\\/\\\/eldigitaldeasturias.com\\\/magazine365\\\/wp-content\\\/uploads\\\/2015\\\/08\\\/fotonoticia_20150730152050_800.jpg\",\"@id\":\"https:\\\/\\\/eldigitaldeasturias.com\\\/magazine365\\\/clavijo-preside-la-i-mesa-de-turismo-y-sector-primario\\\/#mainImage\",\"width\":800,\"height\":600},\"primaryImageOfPage\":{\"@id\":\"https:\\\/\\\/eldigitaldeasturias.com\\\/magazine365\\\/clavijo-preside-la-i-mesa-de-turismo-y-sector-primario\\\/#mainImage\"},\"datePublished\":\"2015-08-01T02:17:28+02:00\",\"dateModified\":\"2015-08-01T02:17:28+02:00\"},{\"@type\":\"WebSite\",\"@id\":\"https:\\\/\\\/eldigitaldeasturias.com\\\/magazine365\\\/#website\",\"url\":\"https:\\\/\\\/eldigitaldeasturias.com\\\/magazine365\\\/\",\"name\":\"El Digital de Asturias\",\"description\":\"Revista de ocio, turismo y estilo de vida\",\"inLanguage\":\"es-ES\",\"publisher\":{\"@id\":\"https:\\\/\\\/eldigitaldeasturias.com\\\/magazine365\\\/#organization\"}}]}\n\t\t<\/script>\n\t\t<!-- All in One SEO Pro -->\r\n\t\t<title>Clavijo preside la I Mesa de Turismo y Sector Primario | El Digital de Asturias<\/title>\n\n","aioseo_head_json":{"title":"Clavijo preside la I Mesa de Turismo y Sector Primario | El Digital de Asturias","description":"El presidente del Gobierno de Canarias, Fernando Clavijo, presidir\u00e1 este viernes, 31 de julio, la I Mesa de Turismo y Sector Primario, que se celebrar\u00e1 en la isla de Lanzarote. Este encuentro con los responsables de las patronales tur\u00edsticas y de las asociaciones de agricultores, ganaderos y pescadores de Canarias ser\u00e1 \"la primera mesa de","canonical_url":"https:\/\/eldigitaldeasturias.com\/magazine365\/clavijo-preside-la-i-mesa-de-turismo-y-sector-primario\/","robots":"max-image-preview:large","keywords":"noticias y actualidad","webmasterTools":{"google-site-verification":"UA-38556648-1","miscellaneous":""},"schema":{"@context":"https:\/\/schema.org","@graph":[{"@type":"Article","@id":"https:\/\/eldigitaldeasturias.com\/magazine365\/clavijo-preside-la-i-mesa-de-turismo-y-sector-primario\/#article","name":"Clavijo preside la I Mesa de Turismo y Sector Primario | El Digital de Asturias","headline":"Clavijo preside la I Mesa de Turismo y Sector Primario","author":{"@id":"https:\/\/eldigitaldeasturias.com\/magazine365\/author\/admin\/#author"},"publisher":{"@id":"https:\/\/eldigitaldeasturias.com\/magazine365\/#organization"},"image":{"@type":"ImageObject","url":"https:\/\/eldigitaldeasturias.com\/magazine365\/wp-content\/uploads\/2015\/08\/fotonoticia_20150730152050_800.jpg","width":800,"height":600},"datePublished":"2015-08-01T02:17:28+02:00","dateModified":"2015-08-01T02:17:28+02:00","inLanguage":"es-ES","mainEntityOfPage":{"@id":"https:\/\/eldigitaldeasturias.com\/magazine365\/clavijo-preside-la-i-mesa-de-turismo-y-sector-primario\/#webpage"},"isPartOf":{"@id":"https:\/\/eldigitaldeasturias.com\/magazine365\/clavijo-preside-la-i-mesa-de-turismo-y-sector-primario\/#webpage"},"articleSection":"Noticias y Actualidad"},{"@type":"BreadcrumbList","@id":"https:\/\/eldigitaldeasturias.com\/magazine365\/clavijo-preside-la-i-mesa-de-turismo-y-sector-primario\/#breadcrumblist","itemListElement":[{"@type":"ListItem","@id":"https:\/\/eldigitaldeasturias.com\/magazine365#listItem","position":1,"name":"Home","item":"https:\/\/eldigitaldeasturias.com\/magazine365","nextItem":{"@type":"ListItem","@id":"https:\/\/eldigitaldeasturias.com\/magazine365\/category\/noticias-actualidad\/#listItem","name":"Noticias y Actualidad"}},{"@type":"ListItem","@id":"https:\/\/eldigitaldeasturias.com\/magazine365\/category\/noticias-actualidad\/#listItem","position":2,"name":"Noticias y Actualidad","item":"https:\/\/eldigitaldeasturias.com\/magazine365\/category\/noticias-actualidad\/","nextItem":{"@type":"ListItem","@id":"https:\/\/eldigitaldeasturias.com\/magazine365\/clavijo-preside-la-i-mesa-de-turismo-y-sector-primario\/#listItem","name":"Clavijo preside la I Mesa de Turismo y Sector Primario"},"previousItem":{"@type":"ListItem","@id":"https:\/\/eldigitaldeasturias.com\/magazine365#listItem","name":"Home"}},{"@type":"ListItem","@id":"https:\/\/eldigitaldeasturias.com\/magazine365\/clavijo-preside-la-i-mesa-de-turismo-y-sector-primario\/#listItem","position":3,"name":"Clavijo preside la I Mesa de Turismo y Sector Primario","previousItem":{"@type":"ListItem","@id":"https:\/\/eldigitaldeasturias.com\/magazine365\/category\/noticias-actualidad\/#listItem","name":"Noticias y Actualidad"}}]},{"@type":"Organization","@id":"https:\/\/eldigitaldeasturias.com\/magazine365\/#organization","name":"El digital de Asturias","description":"Revista de ocio, turismo y estilo de vida","url":"https:\/\/eldigitaldeasturias.com\/magazine365\/","logo":{"@type":"ImageObject","url":"https:\/\/www.eldigitaldeasturias.com\/noticias\/wp-content\/uploads\/2020\/12\/EDA.jpg","@id":"https:\/\/eldigitaldeasturias.com\/magazine365\/clavijo-preside-la-i-mesa-de-turismo-y-sector-primario\/#organizationLogo"},"image":{"@id":"https:\/\/eldigitaldeasturias.com\/magazine365\/clavijo-preside-la-i-mesa-de-turismo-y-sector-primario\/#organizationLogo"}},{"@type":"Person","@id":"https:\/\/eldigitaldeasturias.com\/magazine365\/author\/admin\/#author","url":"https:\/\/eldigitaldeasturias.com\/magazine365\/author\/admin\/","name":"admin","image":{"@type":"ImageObject","@id":"https:\/\/eldigitaldeasturias.com\/magazine365\/clavijo-preside-la-i-mesa-de-turismo-y-sector-primario\/#authorImage","url":"https:\/\/eldigitaldeasturias.com\/magazine365\/wp-content\/litespeed\/avatar\/e571bcf59a0edd6fa6838245a470f2fe.jpg?ver=1777574230","width":96,"height":96,"caption":"admin"}},{"@type":"WebPage","@id":"https:\/\/eldigitaldeasturias.com\/magazine365\/clavijo-preside-la-i-mesa-de-turismo-y-sector-primario\/#webpage","url":"https:\/\/eldigitaldeasturias.com\/magazine365\/clavijo-preside-la-i-mesa-de-turismo-y-sector-primario\/","name":"Clavijo preside la I Mesa de Turismo y Sector Primario | El Digital de Asturias","description":"El presidente del Gobierno de Canarias, Fernando Clavijo, presidir\u00e1 este viernes, 31 de julio, la I Mesa de Turismo y Sector Primario, que se celebrar\u00e1 en la isla de Lanzarote. Este encuentro con los responsables de las patronales tur\u00edsticas y de las asociaciones de agricultores, ganaderos y pescadores de Canarias ser\u00e1 \"la primera mesa de","inLanguage":"es-ES","isPartOf":{"@id":"https:\/\/eldigitaldeasturias.com\/magazine365\/#website"},"breadcrumb":{"@id":"https:\/\/eldigitaldeasturias.com\/magazine365\/clavijo-preside-la-i-mesa-de-turismo-y-sector-primario\/#breadcrumblist"},"author":{"@id":"https:\/\/eldigitaldeasturias.com\/magazine365\/author\/admin\/#author"},"creator":{"@id":"https:\/\/eldigitaldeasturias.com\/magazine365\/author\/admin\/#author"},"image":{"@type":"ImageObject","url":"https:\/\/eldigitaldeasturias.com\/magazine365\/wp-content\/uploads\/2015\/08\/fotonoticia_20150730152050_800.jpg","@id":"https:\/\/eldigitaldeasturias.com\/magazine365\/clavijo-preside-la-i-mesa-de-turismo-y-sector-primario\/#mainImage","width":800,"height":600},"primaryImageOfPage":{"@id":"https:\/\/eldigitaldeasturias.com\/magazine365\/clavijo-preside-la-i-mesa-de-turismo-y-sector-primario\/#mainImage"},"datePublished":"2015-08-01T02:17:28+02:00","dateModified":"2015-08-01T02:17:28+02:00"},{"@type":"WebSite","@id":"https:\/\/eldigitaldeasturias.com\/magazine365\/#website","url":"https:\/\/eldigitaldeasturias.com\/magazine365\/","name":"El Digital de Asturias","description":"Revista de ocio, turismo y estilo de vida","inLanguage":"es-ES","publisher":{"@id":"https:\/\/eldigitaldeasturias.com\/magazine365\/#organization"}}]},"og:locale":"es_ES","og:site_name":"El Digital de Asturias \u2013 Revista de ocio, turismo y estilo de vida","og:type":"article","og:title":"Clavijo preside la I Mesa de Turismo y Sector Primario | El Digital de Asturias","og:description":"El presidente del Gobierno de Canarias, Fernando Clavijo, presidir\u00e1 este viernes, 31 de julio, la I Mesa de Turismo y Sector Primario, que se celebrar\u00e1 en la isla de Lanzarote. Este encuentro con los responsables de las patronales tur\u00edsticas y de las asociaciones de agricultores, ganaderos y pescadores de Canarias ser\u00e1 &quot;la primera mesa de","og:url":"https:\/\/eldigitaldeasturias.com\/magazine365\/clavijo-preside-la-i-mesa-de-turismo-y-sector-primario\/","og:image":"https:\/\/eldigitaldeasturias.com\/magazine365\/wp-content\/uploads\/2015\/08\/fotonoticia_20150730152050_800.jpg","og:image:secure_url":"https:\/\/eldigitaldeasturias.com\/magazine365\/wp-content\/uploads\/2015\/08\/fotonoticia_20150730152050_800.jpg","og:image:width":800,"og:image:height":600,"article:published_time":"2015-08-01T00:17:28+00:00","article:modified_time":"2015-08-01T00:17:28+00:00","twitter:card":"summary_large_image","twitter:title":"Clavijo preside la I Mesa de Turismo y Sector Primario | El Digital de Asturias","twitter:description":"El presidente del Gobierno de Canarias, Fernando Clavijo, presidir\u00e1 este viernes, 31 de julio, la I Mesa de Turismo y Sector Primario, que se celebrar\u00e1 en la isla de Lanzarote. Este encuentro con los responsables de las patronales tur\u00edsticas y de las asociaciones de agricultores, ganaderos y pescadores de Canarias ser\u00e1 &quot;la primera mesa de","twitter:image":"https:\/\/eldigitaldeasturias.com\/magazine365\/wp-content\/uploads\/2015\/08\/fotonoticia_20150730152050_800.jpg"},"aioseo_meta_data":{"post_id":"44393","title":null,"description":null,"keywords":null,"keyphrases":null,"primary_term":null,"canonical_url":null,"og_title":null,"og_description":null,"og_object_type":"default","og_image_type":"default","og_image_url":null,"og_image_width":null,"og_image_height":null,"og_image_custom_url":null,"og_image_custom_fields":null,"og_video":null,"og_custom_url":null,"og_article_section":null,"og_article_tags":null,"twitter_use_og":false,"twitter_card":"default","twitter_image_type":"default","twitter_image_url":null,"twitter_image_custom_url":null,"twitter_image_custom_fields":null,"twitter_title":null,"twitter_description":null,"schema":{"blockGraphs":[],"customGraphs":[],"default":{"data":{"Article":[],"Course":[],"Dataset":[],"FAQPage":[],"Movie":[],"Person":[],"Product":[],"ProductReview":[],"Car":[],"Recipe":[],"Service":[],"SoftwareApplication":[],"WebPage":[]},"graphName":"","isEnabled":true},"graphs":[],"defaultGraph":"","defaultPostTypeGraph":""},"schema_type":null,"schema_type_options":null,"pillar_content":false,"robots_default":true,"robots_noindex":false,"robots_noarchive":false,"robots_nosnippet":false,"robots_nofollow":false,"robots_noimageindex":false,"robots_noodp":false,"robots_notranslate":false,"robots_max_snippet":null,"robots_max_videopreview":null,"robots_max_imagepreview":"large","priority":null,"frequency":null,"location":null,"local_seo":null,"seo_analyzer_scan_date":"2025-09-19 21:51:05","breadcrumb_settings":null,"limit_modified_date":false,"open_ai":null,"ai":null,"created":"2021-03-09 01:34:50","updated":"2025-09-19 21:51:05"},"aioseo_breadcrumb":"<div class=\"aioseo-breadcrumbs\"><span class=\"aioseo-breadcrumb\">\n\t<a href=\"https:\/\/eldigitaldeasturias.com\/magazine365\" title=\"Home\">Home<\/a>\n<\/span><span class=\"aioseo-breadcrumb-separator\">\u2013<\/span><span class=\"aioseo-breadcrumb\">\n\t<a href=\"https:\/\/eldigitaldeasturias.com\/magazine365\/category\/noticias-actualidad\/\" title=\"Noticias y Actualidad\">Noticias y Actualidad<\/a>\n<\/span><span class=\"aioseo-breadcrumb-separator\">\u2013<\/span><span class=\"aioseo-breadcrumb\">\n\t<a href=\"https:\/\/eldigitaldeasturias.com\/magazine365\/clavijo-preside-la-i-mesa-de-turismo-y-sector-primario\/\" title=\"Clavijo preside la I Mesa de Turismo y Sector Primario\">Clavijo preside la I Mesa de Turismo y Sector Primario<\/a>\n<\/span><\/div>","aioseo_breadcrumb_json":[{"label":"Home","link":"https:\/\/eldigitaldeasturias.com\/magazine365"},{"label":"Noticias y Actualidad","link":"https:\/\/eldigitaldeasturias.com\/magazine365\/category\/noticias-actualidad\/"},{"label":"Clavijo preside la I Mesa de Turismo y Sector Primario","link":"https:\/\/eldigitaldeasturias.com\/magazine365\/clavijo-preside-la-i-mesa-de-turismo-y-sector-primario\/"}],"_links":{"self":[{"href":"https:\/\/eldigitaldeasturias.com\/magazine365\/wp-json\/wp\/v2\/posts\/44393","targetHints":{"allow":["GET"]}}],"collection":[{"href":"https:\/\/eldigitaldeasturias.com\/magazine365\/wp-json\/wp\/v2\/posts"}],"about":[{"href":"https:\/\/eldigitaldeasturias.com\/magazine365\/wp-json\/wp\/v2\/types\/post"}],"author":[{"embeddable":true,"href":"https:\/\/eldigitaldeasturias.com\/magazine365\/wp-json\/wp\/v2\/users\/1"}],"replies":[{"embeddable":true,"href":"https:\/\/eldigitaldeasturias.com\/magazine365\/wp-json\/wp\/v2\/comments?post=44393"}],"version-history":[{"count":0,"href":"https:\/\/eldigitaldeasturias.com\/magazine365\/wp-json\/wp\/v2\/posts\/44393\/revisions"}],"wp:featuredmedia":[{"embeddable":true,"href":"https:\/\/eldigitaldeasturias.com\/magazine365\/wp-json\/wp\/v2\/media\/44394"}],"wp:attachment":[{"href":"https:\/\/eldigitaldeasturias.com\/magazine365\/wp-json\/wp\/v2\/media?parent=44393"}],"wp:term":[{"taxonomy":"category","embeddable":true,"href":"https:\/\/eldigitaldeasturias.com\/magazine365\/wp-json\/wp\/v2\/categories?post=44393"},{"taxonomy":"post_tag","embeddable":true,"href":"https:\/\/eldigitaldeasturias.com\/magazine365\/wp-json\/wp\/v2\/tags?post=44393"}],"curies":[{"name":"wp","href":"https:\/\/api.w.org\/{rel}","templated":true}]}}