{"id":44284,"date":"2015-07-31T09:20:04","date_gmt":"2015-07-31T07:20:04","guid":{"rendered":"http:\/\/eldigitaldeasturias.com\/magazine365\/?p=44284"},"modified":"2015-07-31T09:20:04","modified_gmt":"2015-07-31T07:20:04","slug":"el-psoe-propondra-en-la-diputacion-de-malaga-un-plan-de-dinamizacion-turistica-para-la-comarca-de-antequera","status":"publish","type":"post","link":"https:\/\/eldigitaldeasturias.com\/magazine365\/el-psoe-propondra-en-la-diputacion-de-malaga-un-plan-de-dinamizacion-turistica-para-la-comarca-de-antequera\/","title":{"rendered":"El PSOE propondr\u00e1 en la Diputaci\u00f3n de M\u00e1laga un Plan de Dinamizaci\u00f3n Tur\u00edstica para la comarca de Antequera"},"content":{"rendered":"<p><img fetchpriority=\"high\" decoding=\"async\" class=\"alignleft size-medium wp-image-44285\" src=\"https:\/\/eldigitaldeasturias.com\/magazine365\/wp-content\/uploads\/2015\/07\/fotonoticia_20150729171249_800-360x240.jpg\" alt=\"fotonoticia_20150729171249_800\" width=\"360\" height=\"240\" srcset=\"https:\/\/eldigitaldeasturias.com\/magazine365\/wp-content\/uploads\/2015\/07\/fotonoticia_20150729171249_800-360x240.jpg 360w, https:\/\/eldigitaldeasturias.com\/magazine365\/wp-content\/uploads\/2015\/07\/fotonoticia_20150729171249_800-650x433.jpg 650w, https:\/\/eldigitaldeasturias.com\/magazine365\/wp-content\/uploads\/2015\/07\/fotonoticia_20150729171249_800-768x512.jpg 768w, https:\/\/eldigitaldeasturias.com\/magazine365\/wp-content\/uploads\/2015\/07\/fotonoticia_20150729171249_800-150x100.jpg 150w, https:\/\/eldigitaldeasturias.com\/magazine365\/wp-content\/uploads\/2015\/07\/fotonoticia_20150729171249_800-450x300.jpg 450w, https:\/\/eldigitaldeasturias.com\/magazine365\/wp-content\/uploads\/2015\/07\/fotonoticia_20150729171249_800-696x464.jpg 696w, https:\/\/eldigitaldeasturias.com\/magazine365\/wp-content\/uploads\/2015\/07\/fotonoticia_20150729171249_800-630x420.jpg 630w, https:\/\/eldigitaldeasturias.com\/magazine365\/wp-content\/uploads\/2015\/07\/fotonoticia_20150729171249_800-84x55.jpg 84w, https:\/\/eldigitaldeasturias.com\/magazine365\/wp-content\/uploads\/2015\/07\/fotonoticia_20150729171249_800.jpg 800w\" sizes=\"(max-width: 360px) 100vw, 360px\" \/>El portavoz del PSOE en la Diputaci\u00f3n de M\u00e1laga, Francisco Conejo, propondr\u00e1 en la Diputaci\u00f3n un Plan de Dinamizaci\u00f3n Tur\u00edstica para la comarca de Antequera que permita la creaci\u00f3n de empleo.<\/p>\n<p>En una visita al municipio malague\u00f1o de Fuente de Piedra junto a la direcci\u00f3n del grupo socialista y del diputado provincial Crist\u00f3bal Fern\u00e1ndez, Conejo ha indicado que la comarca antequerana \u00abes la \u00fanica de la provincia que no ha recibido durante los \u00faltimos cuatro a\u00f1os financiaci\u00f3n alguna por parte del ente provincial para este tipo de planes\u00bb.<\/p>\n<p>\u00abLa Diputaci\u00f3n tiene una deuda que saldar en materia de turismo con la comarca de Antequera\u00bb, ha manifestado. As\u00ed, ha pedido para la comarca inversiones que permitan mejorar y modernizar las instalaciones tur\u00edsticas para enfocar el sector hacia un turismo de calidad ligado al medio ambiente.<\/p>\n<p>Los socialistas han abogado por el aprovechamiento tur\u00edstico de las singularidades de dos ciudades monumentales como Antequera o Archidona y de cuatro espacios naturales como La Laguna de Fuente de Piedra, el Torcal, los D\u00f3lmenes y la conexi\u00f3n con el Caminito del Rey.<\/p>\n<p>\u00abVamos a solicitar a la Sociedad de Turismo y Planificaci\u00f3n Costa de Sol la elaboraci\u00f3n de un Plan de Dinamizaci\u00f3n de la Comarca de Antequera que incluya la comercializaci\u00f3n de paquetes tur\u00edsticos que tambi\u00e9n una estos parajes\u00bb, han precisado.<\/p>\n<p>En el terreno de la log\u00edstica, Conejo ha se\u00f1alado que es necesario apostar por la formaci\u00f3n especializada de los ciudadanos de la comarca para aprovechar las oportunidades que brinda su situaci\u00f3n como \u00abcentro de Andaluc\u00eda\u00bb.<\/p>\n<p>As\u00ed, ha destacado el proyecto del Puerto Seco de Antequera, que ha calificado de \u00abmotor econ\u00f3mico\u00bb que el conjunto de municipios y sus pol\u00edgonos industriales \u00abdeben aprovechar\u00bb. Por ello, ha anunciado que el PSOE pedir\u00e1 a la Diputaci\u00f3n un plan de modernizaci\u00f3n para dichos pol\u00edgonos que permita complementar la demanda de suelo industrial que traer\u00e1 el Puerto Seco.<\/p>\n<p>IMPULSAR EL SABOR MALAGUE\u00d1O<\/p>\n<p>En cuanto al sector agroalimentario, desde el PSOE han reclamado que la Diputaci\u00f3n, a trav\u00e9s de Sabor a M\u00e1laga, mejore la comercializaci\u00f3n nacional e internacional de los productos agr\u00edcolas y ganaderos de esta comarca, y han destacado la necesidad de invertir en la industria de transformaci\u00f3n para que el valor a\u00f1adido de la producci\u00f3n quede en la provincia.<\/p>\n<p>\u00abQueremos mejorar estos tres ejes productivos para que los vecinos de la comarca de Antequera tengan cada vez m\u00e1s empleo y sean de calidad\u00bb, ha declarado, y ha anunciado que \u00abluchar\u00e1n\u00bb para que los planes de la Diputaci\u00f3n \u00abgaranticen una financiaci\u00f3n justa con los peque\u00f1os y medianos municipios de la provincia de M\u00e1laga, inversiones que deben ir encaminadas a la creaci\u00f3n de empleo y riqueza en las localidades\u00bb.<\/p>\n<p>Por su parte, Crist\u00f3bal Fern\u00e1ndez ha agradecido el apoyo socialista a la comarca de Antequera y ha incidido en que \u00abperseguir\u00e1n que haya un reparto m\u00e1s justo y equitativo de los recursos entre los peque\u00f1os y medianos municipios a trav\u00e9s del programa de Concertaci\u00f3n\u00bb.<\/p>\n<p>\u00abLos pr\u00f3ximos presupuestos de la Diputaci\u00f3n deben reflejar un incremento notable del plan de Concertaci\u00f3n con los ayuntamientos en beneficio de los n\u00facleos de la provincia con menos de 20.000 habitantes\u00bb, ha indicado, a\u00f1adiendo que el objetivo es el desarrollo econ\u00f3mico y de la potencialidad log\u00edstica de esta comarca de Antequera, aprovechando su ubicaci\u00f3n estrat\u00e9gica en el centro de Andaluc\u00eda y su conexi\u00f3n por carretera con la A-92.<\/p>\n<p>La Diputaci\u00f3n, en colaboraci\u00f3n de otras instituciones, debe, a su juicio, modernizar los pol\u00edgonos industriales y centros log\u00edsticos de la comarca para favorecer el asentamiento de empresas y la creaci\u00f3n de empleo.<\/p>\n<p>Respecto al sector agroalimentario, ha destacado el olivar, con la comercializaci\u00f3n del aceite y las aceitunas de mesa; y el segmento vitivin\u00edcola, sobre todo en las bodegas de Mollina y de M\u00e1laga Virgen. \u00abSomos una de las principales comarcas productoras de aceite y tambi\u00e9n referentes en la producci\u00f3n de vinos, por eso Sabor a M\u00e1laga debe incluir acciones de formaci\u00f3n y divulgaci\u00f3n de estos productos\u00bb, ha defendido el diputado.<\/p>\n","protected":false},"excerpt":{"rendered":"<p>El portavoz del PSOE en la Diputaci\u00f3n de M\u00e1laga, Francisco Conejo, propondr\u00e1 en la Diputaci\u00f3n un Plan de Dinamizaci\u00f3n Tur\u00edstica para la comarca de Antequera que permita la creaci\u00f3n de empleo. En una visita al municipio malague\u00f1o de Fuente de Piedra junto a la direcci\u00f3n del grupo socialista y del diputado provincial Crist\u00f3bal Fern\u00e1ndez, Conejo<\/p>\n","protected":false},"author":1,"featured_media":44285,"comment_status":"open","ping_status":"closed","sticky":false,"template":"","format":"standard","meta":{"footnotes":""},"categories":[224],"tags":[],"class_list":{"0":"post-44284","1":"post","2":"type-post","3":"status-publish","4":"format-standard","5":"has-post-thumbnail","7":"category-noticias-actualidad"},"aioseo_notices":[],"aioseo_head":"\n\t\t<!-- All in One SEO Pro 4.9.6.1 - aioseo.com -->\n\t<meta name=\"description\" content=\"El portavoz del PSOE en la Diputaci\u00f3n de M\u00e1laga, Francisco Conejo, propondr\u00e1 en la Diputaci\u00f3n un Plan de Dinamizaci\u00f3n Tur\u00edstica para la comarca de Antequera que permita la creaci\u00f3n de empleo. En una visita al municipio malague\u00f1o de Fuente de Piedra junto a la direcci\u00f3n del grupo socialista y del diputado provincial Crist\u00f3bal Fern\u00e1ndez, Conejo\" \/>\n\t<meta name=\"robots\" content=\"max-image-preview:large\" \/>\n\t<meta name=\"author\" content=\"admin\"\/>\n\t<meta name=\"google-site-verification\" content=\"UA-38556648-1\" \/>\n\t<meta name=\"keywords\" content=\"noticias y actualidad\" \/>\n\t<link rel=\"canonical\" href=\"https:\/\/eldigitaldeasturias.com\/magazine365\/el-psoe-propondra-en-la-diputacion-de-malaga-un-plan-de-dinamizacion-turistica-para-la-comarca-de-antequera\/\" \/>\n\t<meta name=\"generator\" content=\"All in One SEO Pro (AIOSEO) 4.9.6.1\" \/>\n\t\t<meta property=\"og:locale\" content=\"es_ES\" \/>\n\t\t<meta property=\"og:site_name\" content=\"El Digital de Asturias \u2013 Revista de ocio, turismo y estilo de vida\" \/>\n\t\t<meta property=\"og:type\" content=\"article\" \/>\n\t\t<meta property=\"og:title\" content=\"El PSOE propondr\u00e1 en la Diputaci\u00f3n de M\u00e1laga un Plan de Dinamizaci\u00f3n Tur\u00edstica para la comarca de Antequera | El Digital de Asturias\" \/>\n\t\t<meta property=\"og:description\" content=\"El portavoz del PSOE en la Diputaci\u00f3n de M\u00e1laga, Francisco Conejo, propondr\u00e1 en la Diputaci\u00f3n un Plan de Dinamizaci\u00f3n Tur\u00edstica para la comarca de Antequera que permita la creaci\u00f3n de empleo. En una visita al municipio malague\u00f1o de Fuente de Piedra junto a la direcci\u00f3n del grupo socialista y del diputado provincial Crist\u00f3bal Fern\u00e1ndez, Conejo\" \/>\n\t\t<meta property=\"og:url\" content=\"https:\/\/eldigitaldeasturias.com\/magazine365\/el-psoe-propondra-en-la-diputacion-de-malaga-un-plan-de-dinamizacion-turistica-para-la-comarca-de-antequera\/\" \/>\n\t\t<meta property=\"og:image\" content=\"https:\/\/eldigitaldeasturias.com\/magazine365\/wp-content\/uploads\/2015\/07\/fotonoticia_20150729171249_800.jpg\" \/>\n\t\t<meta property=\"og:image:secure_url\" content=\"https:\/\/eldigitaldeasturias.com\/magazine365\/wp-content\/uploads\/2015\/07\/fotonoticia_20150729171249_800.jpg\" \/>\n\t\t<meta property=\"og:image:width\" content=\"800\" \/>\n\t\t<meta property=\"og:image:height\" content=\"533\" \/>\n\t\t<meta property=\"article:published_time\" content=\"2015-07-31T07:20:04+00:00\" \/>\n\t\t<meta property=\"article:modified_time\" content=\"2015-07-31T07:20:04+00:00\" \/>\n\t\t<meta name=\"twitter:card\" content=\"summary_large_image\" \/>\n\t\t<meta name=\"twitter:title\" content=\"El PSOE propondr\u00e1 en la Diputaci\u00f3n de M\u00e1laga un Plan de Dinamizaci\u00f3n Tur\u00edstica para la comarca de Antequera | El Digital de Asturias\" \/>\n\t\t<meta name=\"twitter:description\" content=\"El portavoz del PSOE en la Diputaci\u00f3n de M\u00e1laga, Francisco Conejo, propondr\u00e1 en la Diputaci\u00f3n un Plan de Dinamizaci\u00f3n Tur\u00edstica para la comarca de Antequera que permita la creaci\u00f3n de empleo. En una visita al municipio malague\u00f1o de Fuente de Piedra junto a la direcci\u00f3n del grupo socialista y del diputado provincial Crist\u00f3bal Fern\u00e1ndez, Conejo\" \/>\n\t\t<meta name=\"twitter:image\" content=\"https:\/\/eldigitaldeasturias.com\/magazine365\/wp-content\/uploads\/2015\/07\/fotonoticia_20150729171249_800.jpg\" \/>\n\t\t<script type=\"application\/ld+json\" class=\"aioseo-schema\">\n\t\t\t{\"@context\":\"https:\\\/\\\/schema.org\",\"@graph\":[{\"@type\":\"Article\",\"@id\":\"https:\\\/\\\/eldigitaldeasturias.com\\\/magazine365\\\/el-psoe-propondra-en-la-diputacion-de-malaga-un-plan-de-dinamizacion-turistica-para-la-comarca-de-antequera\\\/#article\",\"name\":\"El PSOE propondr\\u00e1 en la Diputaci\\u00f3n de M\\u00e1laga un Plan de Dinamizaci\\u00f3n Tur\\u00edstica para la comarca de Antequera | El Digital de Asturias\",\"headline\":\"El PSOE propondr\\u00e1 en la Diputaci\\u00f3n de M\\u00e1laga un Plan de Dinamizaci\\u00f3n Tur\\u00edstica para la comarca de Antequera\",\"author\":{\"@id\":\"https:\\\/\\\/eldigitaldeasturias.com\\\/magazine365\\\/author\\\/admin\\\/#author\"},\"publisher\":{\"@id\":\"https:\\\/\\\/eldigitaldeasturias.com\\\/magazine365\\\/#organization\"},\"image\":{\"@type\":\"ImageObject\",\"url\":\"https:\\\/\\\/eldigitaldeasturias.com\\\/magazine365\\\/wp-content\\\/uploads\\\/2015\\\/07\\\/fotonoticia_20150729171249_800.jpg\",\"width\":800,\"height\":533},\"datePublished\":\"2015-07-31T09:20:04+02:00\",\"dateModified\":\"2015-07-31T09:20:04+02:00\",\"inLanguage\":\"es-ES\",\"mainEntityOfPage\":{\"@id\":\"https:\\\/\\\/eldigitaldeasturias.com\\\/magazine365\\\/el-psoe-propondra-en-la-diputacion-de-malaga-un-plan-de-dinamizacion-turistica-para-la-comarca-de-antequera\\\/#webpage\"},\"isPartOf\":{\"@id\":\"https:\\\/\\\/eldigitaldeasturias.com\\\/magazine365\\\/el-psoe-propondra-en-la-diputacion-de-malaga-un-plan-de-dinamizacion-turistica-para-la-comarca-de-antequera\\\/#webpage\"},\"articleSection\":\"Noticias y Actualidad\"},{\"@type\":\"BreadcrumbList\",\"@id\":\"https:\\\/\\\/eldigitaldeasturias.com\\\/magazine365\\\/el-psoe-propondra-en-la-diputacion-de-malaga-un-plan-de-dinamizacion-turistica-para-la-comarca-de-antequera\\\/#breadcrumblist\",\"itemListElement\":[{\"@type\":\"ListItem\",\"@id\":\"https:\\\/\\\/eldigitaldeasturias.com\\\/magazine365#listItem\",\"position\":1,\"name\":\"Home\",\"item\":\"https:\\\/\\\/eldigitaldeasturias.com\\\/magazine365\",\"nextItem\":{\"@type\":\"ListItem\",\"@id\":\"https:\\\/\\\/eldigitaldeasturias.com\\\/magazine365\\\/category\\\/noticias-actualidad\\\/#listItem\",\"name\":\"Noticias y Actualidad\"}},{\"@type\":\"ListItem\",\"@id\":\"https:\\\/\\\/eldigitaldeasturias.com\\\/magazine365\\\/category\\\/noticias-actualidad\\\/#listItem\",\"position\":2,\"name\":\"Noticias y Actualidad\",\"item\":\"https:\\\/\\\/eldigitaldeasturias.com\\\/magazine365\\\/category\\\/noticias-actualidad\\\/\",\"nextItem\":{\"@type\":\"ListItem\",\"@id\":\"https:\\\/\\\/eldigitaldeasturias.com\\\/magazine365\\\/el-psoe-propondra-en-la-diputacion-de-malaga-un-plan-de-dinamizacion-turistica-para-la-comarca-de-antequera\\\/#listItem\",\"name\":\"El PSOE propondr\\u00e1 en la Diputaci\\u00f3n de M\\u00e1laga un Plan de Dinamizaci\\u00f3n Tur\\u00edstica para la comarca de Antequera\"},\"previousItem\":{\"@type\":\"ListItem\",\"@id\":\"https:\\\/\\\/eldigitaldeasturias.com\\\/magazine365#listItem\",\"name\":\"Home\"}},{\"@type\":\"ListItem\",\"@id\":\"https:\\\/\\\/eldigitaldeasturias.com\\\/magazine365\\\/el-psoe-propondra-en-la-diputacion-de-malaga-un-plan-de-dinamizacion-turistica-para-la-comarca-de-antequera\\\/#listItem\",\"position\":3,\"name\":\"El PSOE propondr\\u00e1 en la Diputaci\\u00f3n de M\\u00e1laga un Plan de Dinamizaci\\u00f3n Tur\\u00edstica para la comarca de Antequera\",\"previousItem\":{\"@type\":\"ListItem\",\"@id\":\"https:\\\/\\\/eldigitaldeasturias.com\\\/magazine365\\\/category\\\/noticias-actualidad\\\/#listItem\",\"name\":\"Noticias y Actualidad\"}}]},{\"@type\":\"Organization\",\"@id\":\"https:\\\/\\\/eldigitaldeasturias.com\\\/magazine365\\\/#organization\",\"name\":\"El digital de Asturias\",\"description\":\"Revista de ocio, turismo y estilo de vida\",\"url\":\"https:\\\/\\\/eldigitaldeasturias.com\\\/magazine365\\\/\",\"logo\":{\"@type\":\"ImageObject\",\"url\":\"https:\\\/\\\/www.eldigitaldeasturias.com\\\/noticias\\\/wp-content\\\/uploads\\\/2020\\\/12\\\/EDA.jpg\",\"@id\":\"https:\\\/\\\/eldigitaldeasturias.com\\\/magazine365\\\/el-psoe-propondra-en-la-diputacion-de-malaga-un-plan-de-dinamizacion-turistica-para-la-comarca-de-antequera\\\/#organizationLogo\"},\"image\":{\"@id\":\"https:\\\/\\\/eldigitaldeasturias.com\\\/magazine365\\\/el-psoe-propondra-en-la-diputacion-de-malaga-un-plan-de-dinamizacion-turistica-para-la-comarca-de-antequera\\\/#organizationLogo\"}},{\"@type\":\"Person\",\"@id\":\"https:\\\/\\\/eldigitaldeasturias.com\\\/magazine365\\\/author\\\/admin\\\/#author\",\"url\":\"https:\\\/\\\/eldigitaldeasturias.com\\\/magazine365\\\/author\\\/admin\\\/\",\"name\":\"admin\",\"image\":{\"@type\":\"ImageObject\",\"@id\":\"https:\\\/\\\/eldigitaldeasturias.com\\\/magazine365\\\/el-psoe-propondra-en-la-diputacion-de-malaga-un-plan-de-dinamizacion-turistica-para-la-comarca-de-antequera\\\/#authorImage\",\"url\":\"https:\\\/\\\/eldigitaldeasturias.com\\\/magazine365\\\/wp-content\\\/litespeed\\\/avatar\\\/e571bcf59a0edd6fa6838245a470f2fe.jpg?ver=1777574230\",\"width\":96,\"height\":96,\"caption\":\"admin\"}},{\"@type\":\"WebPage\",\"@id\":\"https:\\\/\\\/eldigitaldeasturias.com\\\/magazine365\\\/el-psoe-propondra-en-la-diputacion-de-malaga-un-plan-de-dinamizacion-turistica-para-la-comarca-de-antequera\\\/#webpage\",\"url\":\"https:\\\/\\\/eldigitaldeasturias.com\\\/magazine365\\\/el-psoe-propondra-en-la-diputacion-de-malaga-un-plan-de-dinamizacion-turistica-para-la-comarca-de-antequera\\\/\",\"name\":\"El PSOE propondr\\u00e1 en la Diputaci\\u00f3n de M\\u00e1laga un Plan de Dinamizaci\\u00f3n Tur\\u00edstica para la comarca de Antequera | El Digital de Asturias\",\"description\":\"El portavoz del PSOE en la Diputaci\\u00f3n de M\\u00e1laga, Francisco Conejo, propondr\\u00e1 en la Diputaci\\u00f3n un Plan de Dinamizaci\\u00f3n Tur\\u00edstica para la comarca de Antequera que permita la creaci\\u00f3n de empleo. En una visita al municipio malague\\u00f1o de Fuente de Piedra junto a la direcci\\u00f3n del grupo socialista y del diputado provincial Crist\\u00f3bal Fern\\u00e1ndez, Conejo\",\"inLanguage\":\"es-ES\",\"isPartOf\":{\"@id\":\"https:\\\/\\\/eldigitaldeasturias.com\\\/magazine365\\\/#website\"},\"breadcrumb\":{\"@id\":\"https:\\\/\\\/eldigitaldeasturias.com\\\/magazine365\\\/el-psoe-propondra-en-la-diputacion-de-malaga-un-plan-de-dinamizacion-turistica-para-la-comarca-de-antequera\\\/#breadcrumblist\"},\"author\":{\"@id\":\"https:\\\/\\\/eldigitaldeasturias.com\\\/magazine365\\\/author\\\/admin\\\/#author\"},\"creator\":{\"@id\":\"https:\\\/\\\/eldigitaldeasturias.com\\\/magazine365\\\/author\\\/admin\\\/#author\"},\"image\":{\"@type\":\"ImageObject\",\"url\":\"https:\\\/\\\/eldigitaldeasturias.com\\\/magazine365\\\/wp-content\\\/uploads\\\/2015\\\/07\\\/fotonoticia_20150729171249_800.jpg\",\"@id\":\"https:\\\/\\\/eldigitaldeasturias.com\\\/magazine365\\\/el-psoe-propondra-en-la-diputacion-de-malaga-un-plan-de-dinamizacion-turistica-para-la-comarca-de-antequera\\\/#mainImage\",\"width\":800,\"height\":533},\"primaryImageOfPage\":{\"@id\":\"https:\\\/\\\/eldigitaldeasturias.com\\\/magazine365\\\/el-psoe-propondra-en-la-diputacion-de-malaga-un-plan-de-dinamizacion-turistica-para-la-comarca-de-antequera\\\/#mainImage\"},\"datePublished\":\"2015-07-31T09:20:04+02:00\",\"dateModified\":\"2015-07-31T09:20:04+02:00\"},{\"@type\":\"WebSite\",\"@id\":\"https:\\\/\\\/eldigitaldeasturias.com\\\/magazine365\\\/#website\",\"url\":\"https:\\\/\\\/eldigitaldeasturias.com\\\/magazine365\\\/\",\"name\":\"El Digital de Asturias\",\"description\":\"Revista de ocio, turismo y estilo de vida\",\"inLanguage\":\"es-ES\",\"publisher\":{\"@id\":\"https:\\\/\\\/eldigitaldeasturias.com\\\/magazine365\\\/#organization\"}}]}\n\t\t<\/script>\n\t\t<!-- All in One SEO Pro -->\r\n\t\t<title>El PSOE propondr\u00e1 en la Diputaci\u00f3n de M\u00e1laga un Plan de Dinamizaci\u00f3n Tur\u00edstica para la comarca de Antequera | El Digital de Asturias<\/title>\n\n","aioseo_head_json":{"title":"El PSOE propondr\u00e1 en la Diputaci\u00f3n de M\u00e1laga un Plan de Dinamizaci\u00f3n Tur\u00edstica para la comarca de Antequera | El Digital de Asturias","description":"El portavoz del PSOE en la Diputaci\u00f3n de M\u00e1laga, Francisco Conejo, propondr\u00e1 en la Diputaci\u00f3n un Plan de Dinamizaci\u00f3n Tur\u00edstica para la comarca de Antequera que permita la creaci\u00f3n de empleo. En una visita al municipio malague\u00f1o de Fuente de Piedra junto a la direcci\u00f3n del grupo socialista y del diputado provincial Crist\u00f3bal Fern\u00e1ndez, Conejo","canonical_url":"https:\/\/eldigitaldeasturias.com\/magazine365\/el-psoe-propondra-en-la-diputacion-de-malaga-un-plan-de-dinamizacion-turistica-para-la-comarca-de-antequera\/","robots":"max-image-preview:large","keywords":"noticias y actualidad","webmasterTools":{"google-site-verification":"UA-38556648-1","miscellaneous":""},"schema":{"@context":"https:\/\/schema.org","@graph":[{"@type":"Article","@id":"https:\/\/eldigitaldeasturias.com\/magazine365\/el-psoe-propondra-en-la-diputacion-de-malaga-un-plan-de-dinamizacion-turistica-para-la-comarca-de-antequera\/#article","name":"El PSOE propondr\u00e1 en la Diputaci\u00f3n de M\u00e1laga un Plan de Dinamizaci\u00f3n Tur\u00edstica para la comarca de Antequera | El Digital de Asturias","headline":"El PSOE propondr\u00e1 en la Diputaci\u00f3n de M\u00e1laga un Plan de Dinamizaci\u00f3n Tur\u00edstica para la comarca de Antequera","author":{"@id":"https:\/\/eldigitaldeasturias.com\/magazine365\/author\/admin\/#author"},"publisher":{"@id":"https:\/\/eldigitaldeasturias.com\/magazine365\/#organization"},"image":{"@type":"ImageObject","url":"https:\/\/eldigitaldeasturias.com\/magazine365\/wp-content\/uploads\/2015\/07\/fotonoticia_20150729171249_800.jpg","width":800,"height":533},"datePublished":"2015-07-31T09:20:04+02:00","dateModified":"2015-07-31T09:20:04+02:00","inLanguage":"es-ES","mainEntityOfPage":{"@id":"https:\/\/eldigitaldeasturias.com\/magazine365\/el-psoe-propondra-en-la-diputacion-de-malaga-un-plan-de-dinamizacion-turistica-para-la-comarca-de-antequera\/#webpage"},"isPartOf":{"@id":"https:\/\/eldigitaldeasturias.com\/magazine365\/el-psoe-propondra-en-la-diputacion-de-malaga-un-plan-de-dinamizacion-turistica-para-la-comarca-de-antequera\/#webpage"},"articleSection":"Noticias y Actualidad"},{"@type":"BreadcrumbList","@id":"https:\/\/eldigitaldeasturias.com\/magazine365\/el-psoe-propondra-en-la-diputacion-de-malaga-un-plan-de-dinamizacion-turistica-para-la-comarca-de-antequera\/#breadcrumblist","itemListElement":[{"@type":"ListItem","@id":"https:\/\/eldigitaldeasturias.com\/magazine365#listItem","position":1,"name":"Home","item":"https:\/\/eldigitaldeasturias.com\/magazine365","nextItem":{"@type":"ListItem","@id":"https:\/\/eldigitaldeasturias.com\/magazine365\/category\/noticias-actualidad\/#listItem","name":"Noticias y Actualidad"}},{"@type":"ListItem","@id":"https:\/\/eldigitaldeasturias.com\/magazine365\/category\/noticias-actualidad\/#listItem","position":2,"name":"Noticias y Actualidad","item":"https:\/\/eldigitaldeasturias.com\/magazine365\/category\/noticias-actualidad\/","nextItem":{"@type":"ListItem","@id":"https:\/\/eldigitaldeasturias.com\/magazine365\/el-psoe-propondra-en-la-diputacion-de-malaga-un-plan-de-dinamizacion-turistica-para-la-comarca-de-antequera\/#listItem","name":"El PSOE propondr\u00e1 en la Diputaci\u00f3n de M\u00e1laga un Plan de Dinamizaci\u00f3n Tur\u00edstica para la comarca de Antequera"},"previousItem":{"@type":"ListItem","@id":"https:\/\/eldigitaldeasturias.com\/magazine365#listItem","name":"Home"}},{"@type":"ListItem","@id":"https:\/\/eldigitaldeasturias.com\/magazine365\/el-psoe-propondra-en-la-diputacion-de-malaga-un-plan-de-dinamizacion-turistica-para-la-comarca-de-antequera\/#listItem","position":3,"name":"El PSOE propondr\u00e1 en la Diputaci\u00f3n de M\u00e1laga un Plan de Dinamizaci\u00f3n Tur\u00edstica para la comarca de Antequera","previousItem":{"@type":"ListItem","@id":"https:\/\/eldigitaldeasturias.com\/magazine365\/category\/noticias-actualidad\/#listItem","name":"Noticias y Actualidad"}}]},{"@type":"Organization","@id":"https:\/\/eldigitaldeasturias.com\/magazine365\/#organization","name":"El digital de Asturias","description":"Revista de ocio, turismo y estilo de vida","url":"https:\/\/eldigitaldeasturias.com\/magazine365\/","logo":{"@type":"ImageObject","url":"https:\/\/www.eldigitaldeasturias.com\/noticias\/wp-content\/uploads\/2020\/12\/EDA.jpg","@id":"https:\/\/eldigitaldeasturias.com\/magazine365\/el-psoe-propondra-en-la-diputacion-de-malaga-un-plan-de-dinamizacion-turistica-para-la-comarca-de-antequera\/#organizationLogo"},"image":{"@id":"https:\/\/eldigitaldeasturias.com\/magazine365\/el-psoe-propondra-en-la-diputacion-de-malaga-un-plan-de-dinamizacion-turistica-para-la-comarca-de-antequera\/#organizationLogo"}},{"@type":"Person","@id":"https:\/\/eldigitaldeasturias.com\/magazine365\/author\/admin\/#author","url":"https:\/\/eldigitaldeasturias.com\/magazine365\/author\/admin\/","name":"admin","image":{"@type":"ImageObject","@id":"https:\/\/eldigitaldeasturias.com\/magazine365\/el-psoe-propondra-en-la-diputacion-de-malaga-un-plan-de-dinamizacion-turistica-para-la-comarca-de-antequera\/#authorImage","url":"https:\/\/eldigitaldeasturias.com\/magazine365\/wp-content\/litespeed\/avatar\/e571bcf59a0edd6fa6838245a470f2fe.jpg?ver=1777574230","width":96,"height":96,"caption":"admin"}},{"@type":"WebPage","@id":"https:\/\/eldigitaldeasturias.com\/magazine365\/el-psoe-propondra-en-la-diputacion-de-malaga-un-plan-de-dinamizacion-turistica-para-la-comarca-de-antequera\/#webpage","url":"https:\/\/eldigitaldeasturias.com\/magazine365\/el-psoe-propondra-en-la-diputacion-de-malaga-un-plan-de-dinamizacion-turistica-para-la-comarca-de-antequera\/","name":"El PSOE propondr\u00e1 en la Diputaci\u00f3n de M\u00e1laga un Plan de Dinamizaci\u00f3n Tur\u00edstica para la comarca de Antequera | El Digital de Asturias","description":"El portavoz del PSOE en la Diputaci\u00f3n de M\u00e1laga, Francisco Conejo, propondr\u00e1 en la Diputaci\u00f3n un Plan de Dinamizaci\u00f3n Tur\u00edstica para la comarca de Antequera que permita la creaci\u00f3n de empleo. En una visita al municipio malague\u00f1o de Fuente de Piedra junto a la direcci\u00f3n del grupo socialista y del diputado provincial Crist\u00f3bal Fern\u00e1ndez, Conejo","inLanguage":"es-ES","isPartOf":{"@id":"https:\/\/eldigitaldeasturias.com\/magazine365\/#website"},"breadcrumb":{"@id":"https:\/\/eldigitaldeasturias.com\/magazine365\/el-psoe-propondra-en-la-diputacion-de-malaga-un-plan-de-dinamizacion-turistica-para-la-comarca-de-antequera\/#breadcrumblist"},"author":{"@id":"https:\/\/eldigitaldeasturias.com\/magazine365\/author\/admin\/#author"},"creator":{"@id":"https:\/\/eldigitaldeasturias.com\/magazine365\/author\/admin\/#author"},"image":{"@type":"ImageObject","url":"https:\/\/eldigitaldeasturias.com\/magazine365\/wp-content\/uploads\/2015\/07\/fotonoticia_20150729171249_800.jpg","@id":"https:\/\/eldigitaldeasturias.com\/magazine365\/el-psoe-propondra-en-la-diputacion-de-malaga-un-plan-de-dinamizacion-turistica-para-la-comarca-de-antequera\/#mainImage","width":800,"height":533},"primaryImageOfPage":{"@id":"https:\/\/eldigitaldeasturias.com\/magazine365\/el-psoe-propondra-en-la-diputacion-de-malaga-un-plan-de-dinamizacion-turistica-para-la-comarca-de-antequera\/#mainImage"},"datePublished":"2015-07-31T09:20:04+02:00","dateModified":"2015-07-31T09:20:04+02:00"},{"@type":"WebSite","@id":"https:\/\/eldigitaldeasturias.com\/magazine365\/#website","url":"https:\/\/eldigitaldeasturias.com\/magazine365\/","name":"El Digital de Asturias","description":"Revista de ocio, turismo y estilo de vida","inLanguage":"es-ES","publisher":{"@id":"https:\/\/eldigitaldeasturias.com\/magazine365\/#organization"}}]},"og:locale":"es_ES","og:site_name":"El Digital de Asturias \u2013 Revista de ocio, turismo y estilo de vida","og:type":"article","og:title":"El PSOE propondr\u00e1 en la Diputaci\u00f3n de M\u00e1laga un Plan de Dinamizaci\u00f3n Tur\u00edstica para la comarca de Antequera | El Digital de Asturias","og:description":"El portavoz del PSOE en la Diputaci\u00f3n de M\u00e1laga, Francisco Conejo, propondr\u00e1 en la Diputaci\u00f3n un Plan de Dinamizaci\u00f3n Tur\u00edstica para la comarca de Antequera que permita la creaci\u00f3n de empleo. En una visita al municipio malague\u00f1o de Fuente de Piedra junto a la direcci\u00f3n del grupo socialista y del diputado provincial Crist\u00f3bal Fern\u00e1ndez, Conejo","og:url":"https:\/\/eldigitaldeasturias.com\/magazine365\/el-psoe-propondra-en-la-diputacion-de-malaga-un-plan-de-dinamizacion-turistica-para-la-comarca-de-antequera\/","og:image":"https:\/\/eldigitaldeasturias.com\/magazine365\/wp-content\/uploads\/2015\/07\/fotonoticia_20150729171249_800.jpg","og:image:secure_url":"https:\/\/eldigitaldeasturias.com\/magazine365\/wp-content\/uploads\/2015\/07\/fotonoticia_20150729171249_800.jpg","og:image:width":800,"og:image:height":533,"article:published_time":"2015-07-31T07:20:04+00:00","article:modified_time":"2015-07-31T07:20:04+00:00","twitter:card":"summary_large_image","twitter:title":"El PSOE propondr\u00e1 en la Diputaci\u00f3n de M\u00e1laga un Plan de Dinamizaci\u00f3n Tur\u00edstica para la comarca de Antequera | El Digital de Asturias","twitter:description":"El portavoz del PSOE en la Diputaci\u00f3n de M\u00e1laga, Francisco Conejo, propondr\u00e1 en la Diputaci\u00f3n un Plan de Dinamizaci\u00f3n Tur\u00edstica para la comarca de Antequera que permita la creaci\u00f3n de empleo. En una visita al municipio malague\u00f1o de Fuente de Piedra junto a la direcci\u00f3n del grupo socialista y del diputado provincial Crist\u00f3bal Fern\u00e1ndez, Conejo","twitter:image":"https:\/\/eldigitaldeasturias.com\/magazine365\/wp-content\/uploads\/2015\/07\/fotonoticia_20150729171249_800.jpg"},"aioseo_meta_data":{"post_id":"44284","title":null,"description":null,"keywords":null,"keyphrases":null,"primary_term":null,"canonical_url":null,"og_title":null,"og_description":null,"og_object_type":"default","og_image_type":"default","og_image_url":null,"og_image_width":null,"og_image_height":null,"og_image_custom_url":null,"og_image_custom_fields":null,"og_video":null,"og_custom_url":null,"og_article_section":null,"og_article_tags":null,"twitter_use_og":false,"twitter_card":"default","twitter_image_type":"default","twitter_image_url":null,"twitter_image_custom_url":null,"twitter_image_custom_fields":null,"twitter_title":null,"twitter_description":null,"schema":{"blockGraphs":[],"customGraphs":[],"default":{"data":{"Article":[],"Course":[],"Dataset":[],"FAQPage":[],"Movie":[],"Person":[],"Product":[],"ProductReview":[],"Car":[],"Recipe":[],"Service":[],"SoftwareApplication":[],"WebPage":[]},"graphName":"","isEnabled":true},"graphs":[],"defaultGraph":"","defaultPostTypeGraph":""},"schema_type":null,"schema_type_options":null,"pillar_content":false,"robots_default":true,"robots_noindex":false,"robots_noarchive":false,"robots_nosnippet":false,"robots_nofollow":false,"robots_noimageindex":false,"robots_noodp":false,"robots_notranslate":false,"robots_max_snippet":null,"robots_max_videopreview":null,"robots_max_imagepreview":"large","priority":null,"frequency":null,"location":null,"local_seo":null,"seo_analyzer_scan_date":"2025-09-19 21:37:21","breadcrumb_settings":null,"limit_modified_date":false,"open_ai":null,"ai":null,"created":"2021-03-09 01:35:49","updated":"2025-09-19 21:37:21"},"aioseo_breadcrumb":"<div class=\"aioseo-breadcrumbs\"><span class=\"aioseo-breadcrumb\">\n\t<a href=\"https:\/\/eldigitaldeasturias.com\/magazine365\" title=\"Home\">Home<\/a>\n<\/span><span class=\"aioseo-breadcrumb-separator\">\u2013<\/span><span class=\"aioseo-breadcrumb\">\n\t<a href=\"https:\/\/eldigitaldeasturias.com\/magazine365\/category\/noticias-actualidad\/\" title=\"Noticias y Actualidad\">Noticias y Actualidad<\/a>\n<\/span><span class=\"aioseo-breadcrumb-separator\">\u2013<\/span><span class=\"aioseo-breadcrumb\">\n\t<a href=\"https:\/\/eldigitaldeasturias.com\/magazine365\/el-psoe-propondra-en-la-diputacion-de-malaga-un-plan-de-dinamizacion-turistica-para-la-comarca-de-antequera\/\" title=\"El PSOE propondr\u00e1 en la Diputaci\u00f3n de M\u00e1laga un Plan de Dinamizaci\u00f3n Tur\u00edstica para la comarca de Antequera\">El PSOE propondr\u00e1 en la Diputaci\u00f3n de M\u00e1laga un Plan de Dinamizaci\u00f3n Tur\u00edstica para la comarca de Antequera<\/a>\n<\/span><\/div>","aioseo_breadcrumb_json":[{"label":"Home","link":"https:\/\/eldigitaldeasturias.com\/magazine365"},{"label":"Noticias y Actualidad","link":"https:\/\/eldigitaldeasturias.com\/magazine365\/category\/noticias-actualidad\/"},{"label":"El PSOE propondr\u00e1 en la Diputaci\u00f3n de M\u00e1laga un Plan de Dinamizaci\u00f3n Tur\u00edstica para la comarca de Antequera","link":"https:\/\/eldigitaldeasturias.com\/magazine365\/el-psoe-propondra-en-la-diputacion-de-malaga-un-plan-de-dinamizacion-turistica-para-la-comarca-de-antequera\/"}],"_links":{"self":[{"href":"https:\/\/eldigitaldeasturias.com\/magazine365\/wp-json\/wp\/v2\/posts\/44284","targetHints":{"allow":["GET"]}}],"collection":[{"href":"https:\/\/eldigitaldeasturias.com\/magazine365\/wp-json\/wp\/v2\/posts"}],"about":[{"href":"https:\/\/eldigitaldeasturias.com\/magazine365\/wp-json\/wp\/v2\/types\/post"}],"author":[{"embeddable":true,"href":"https:\/\/eldigitaldeasturias.com\/magazine365\/wp-json\/wp\/v2\/users\/1"}],"replies":[{"embeddable":true,"href":"https:\/\/eldigitaldeasturias.com\/magazine365\/wp-json\/wp\/v2\/comments?post=44284"}],"version-history":[{"count":0,"href":"https:\/\/eldigitaldeasturias.com\/magazine365\/wp-json\/wp\/v2\/posts\/44284\/revisions"}],"wp:featuredmedia":[{"embeddable":true,"href":"https:\/\/eldigitaldeasturias.com\/magazine365\/wp-json\/wp\/v2\/media\/44285"}],"wp:attachment":[{"href":"https:\/\/eldigitaldeasturias.com\/magazine365\/wp-json\/wp\/v2\/media?parent=44284"}],"wp:term":[{"taxonomy":"category","embeddable":true,"href":"https:\/\/eldigitaldeasturias.com\/magazine365\/wp-json\/wp\/v2\/categories?post=44284"},{"taxonomy":"post_tag","embeddable":true,"href":"https:\/\/eldigitaldeasturias.com\/magazine365\/wp-json\/wp\/v2\/tags?post=44284"}],"curies":[{"name":"wp","href":"https:\/\/api.w.org\/{rel}","templated":true}]}}