{"id":44277,"date":"2015-07-30T18:31:25","date_gmt":"2015-07-30T16:31:25","guid":{"rendered":"http:\/\/eldigitaldeasturias.com\/magazine365\/?p=44277"},"modified":"2015-07-30T18:31:25","modified_gmt":"2015-07-30T16:31:25","slug":"el-festival-vino-del-somontano-combina-la-gastronomia-y-el-teatro","status":"publish","type":"post","link":"https:\/\/eldigitaldeasturias.com\/magazine365\/el-festival-vino-del-somontano-combina-la-gastronomia-y-el-teatro\/","title":{"rendered":"El Festival Vino del Somontano combina la gastronom\u00eda y el teatro"},"content":{"rendered":"<p><img fetchpriority=\"high\" decoding=\"async\" class=\"alignleft size-medium wp-image-44278\" src=\"https:\/\/eldigitaldeasturias.com\/magazine365\/wp-content\/uploads\/2015\/07\/fotonoticia_20150729165205_800-360x240.jpg\" alt=\"fotonoticia_20150729165205_800\" width=\"360\" height=\"240\" srcset=\"https:\/\/eldigitaldeasturias.com\/magazine365\/wp-content\/uploads\/2015\/07\/fotonoticia_20150729165205_800-360x240.jpg 360w, https:\/\/eldigitaldeasturias.com\/magazine365\/wp-content\/uploads\/2015\/07\/fotonoticia_20150729165205_800-650x433.jpg 650w, https:\/\/eldigitaldeasturias.com\/magazine365\/wp-content\/uploads\/2015\/07\/fotonoticia_20150729165205_800-768x512.jpg 768w, https:\/\/eldigitaldeasturias.com\/magazine365\/wp-content\/uploads\/2015\/07\/fotonoticia_20150729165205_800-150x100.jpg 150w, https:\/\/eldigitaldeasturias.com\/magazine365\/wp-content\/uploads\/2015\/07\/fotonoticia_20150729165205_800-450x300.jpg 450w, https:\/\/eldigitaldeasturias.com\/magazine365\/wp-content\/uploads\/2015\/07\/fotonoticia_20150729165205_800-696x464.jpg 696w, https:\/\/eldigitaldeasturias.com\/magazine365\/wp-content\/uploads\/2015\/07\/fotonoticia_20150729165205_800-630x420.jpg 630w, https:\/\/eldigitaldeasturias.com\/magazine365\/wp-content\/uploads\/2015\/07\/fotonoticia_20150729165205_800-84x55.jpg 84w, https:\/\/eldigitaldeasturias.com\/magazine365\/wp-content\/uploads\/2015\/07\/fotonoticia_20150729165205_800.jpg 800w\" sizes=\"(max-width: 360px) 100vw, 360px\" \/>La decimosexta edici\u00f3n del Festival Vino del Somontano comienza este jueves y se prolongar\u00e1 hasta el pr\u00f3ximo domingo, 2 de agosto, manteniendo el formato iniciado el a\u00f1o pasado, que combina la tradicional Muestra Gastron\u00f3mica con cuatro actuaciones culturales de teatro, m\u00fasica, humor y magia.<\/p>\n<p>El Centro de Congresos de Barbastro ser\u00e1 el escenario de las propuestas l\u00fadicas. Este jueves, por la noche, tendr\u00e1 lugar la comedia teatral &#8216;Una boda feliz&#8217; y el viernes actuar\u00e1 la compa\u00f1\u00eda aragonesa B-Vocal, presentando su \u00faltima producci\u00f3n &#8216;Boca a boca&#8217;.<\/p>\n<p>El humorista Mill\u00e1n Salcedo ser\u00e1 quien act\u00fae el s\u00e1bado poniendo en escena el espect\u00e1culo &#8216;De verde en cuando&#8217; y cerrar\u00e1 el programa el domingo el mago Jorge Blass con un recorrido por las ilusiones.<\/p>\n<p>Estas actuaciones que se suman a la Muestra Gastron\u00f3mica que sigue siendo la gran protagonista con 25 la participaci\u00f3n de restaurantes. As\u00ed, por segundo a\u00f1o consecutivo, se ubicar\u00e1 en el espacio exterior de la Instituci\u00f3n Ferial de Barbastro y ampl\u00eda su espacio, seg\u00fan ha explicado el presidente del Consejo Regulador de la D.O. Somontano, Mariano Beroz.<\/p>\n<p>Como ediciones anteriores, el precio del bono degustaci\u00f3n de la Muestra tendr\u00e1 un precio de 25 euros. Por su parte, cada actuaci\u00f3n cultural costar\u00e1 20 euros, las entradas son numeradas y su venta arrancar\u00e1 el pr\u00f3ximo 20 de julio.<\/p>\n<p>Adem\u00e1s, y pensando en los turistas que se acerquen de fuera, se han programado actividades diurnas bajo el programa que han denominado &#8216;Festivaleando a ciegas&#8217; y que incluir\u00e1 catas, talleres o paseos por las bodegas.<\/p>\n","protected":false},"excerpt":{"rendered":"<p>La decimosexta edici\u00f3n del Festival Vino del Somontano comienza este jueves y se prolongar\u00e1 hasta el pr\u00f3ximo domingo, 2 de agosto, manteniendo el formato iniciado el a\u00f1o pasado, que combina la tradicional Muestra Gastron\u00f3mica con cuatro actuaciones culturales de teatro, m\u00fasica, humor y magia. El Centro de Congresos de Barbastro ser\u00e1 el escenario de las<\/p>\n","protected":false},"author":1,"featured_media":44278,"comment_status":"open","ping_status":"closed","sticky":false,"template":"","format":"standard","meta":{"footnotes":""},"categories":[224],"tags":[],"class_list":{"0":"post-44277","1":"post","2":"type-post","3":"status-publish","4":"format-standard","5":"has-post-thumbnail","7":"category-noticias-actualidad"},"aioseo_notices":[],"aioseo_head":"\n\t\t<!-- All in One SEO Pro 4.9.6.1 - aioseo.com -->\n\t<meta name=\"description\" content=\"La decimosexta edici\u00f3n del Festival Vino del Somontano comienza este jueves y se prolongar\u00e1 hasta el pr\u00f3ximo domingo, 2 de agosto, manteniendo el formato iniciado el a\u00f1o pasado, que combina la tradicional Muestra Gastron\u00f3mica con cuatro actuaciones culturales de teatro, m\u00fasica, humor y magia. El Centro de Congresos de Barbastro ser\u00e1 el escenario de las\" \/>\n\t<meta name=\"robots\" content=\"max-image-preview:large\" \/>\n\t<meta name=\"author\" content=\"admin\"\/>\n\t<meta name=\"google-site-verification\" content=\"UA-38556648-1\" \/>\n\t<meta name=\"keywords\" content=\"noticias y actualidad\" \/>\n\t<link rel=\"canonical\" href=\"https:\/\/eldigitaldeasturias.com\/magazine365\/el-festival-vino-del-somontano-combina-la-gastronomia-y-el-teatro\/\" \/>\n\t<meta name=\"generator\" content=\"All in One SEO Pro (AIOSEO) 4.9.6.1\" \/>\n\t\t<meta property=\"og:locale\" content=\"es_ES\" \/>\n\t\t<meta property=\"og:site_name\" content=\"El Digital de Asturias \u2013 Revista de ocio, turismo y estilo de vida\" \/>\n\t\t<meta property=\"og:type\" content=\"article\" \/>\n\t\t<meta property=\"og:title\" content=\"El Festival Vino del Somontano combina la gastronom\u00eda y el teatro | El Digital de Asturias\" \/>\n\t\t<meta property=\"og:description\" content=\"La decimosexta edici\u00f3n del Festival Vino del Somontano comienza este jueves y se prolongar\u00e1 hasta el pr\u00f3ximo domingo, 2 de agosto, manteniendo el formato iniciado el a\u00f1o pasado, que combina la tradicional Muestra Gastron\u00f3mica con cuatro actuaciones culturales de teatro, m\u00fasica, humor y magia. El Centro de Congresos de Barbastro ser\u00e1 el escenario de las\" \/>\n\t\t<meta property=\"og:url\" content=\"https:\/\/eldigitaldeasturias.com\/magazine365\/el-festival-vino-del-somontano-combina-la-gastronomia-y-el-teatro\/\" \/>\n\t\t<meta property=\"og:image\" content=\"https:\/\/eldigitaldeasturias.com\/magazine365\/wp-content\/uploads\/2015\/07\/fotonoticia_20150729165205_800.jpg\" \/>\n\t\t<meta property=\"og:image:secure_url\" content=\"https:\/\/eldigitaldeasturias.com\/magazine365\/wp-content\/uploads\/2015\/07\/fotonoticia_20150729165205_800.jpg\" \/>\n\t\t<meta property=\"og:image:width\" content=\"800\" \/>\n\t\t<meta property=\"og:image:height\" content=\"533\" \/>\n\t\t<meta property=\"article:published_time\" content=\"2015-07-30T16:31:25+00:00\" \/>\n\t\t<meta property=\"article:modified_time\" content=\"2015-07-30T16:31:25+00:00\" \/>\n\t\t<meta name=\"twitter:card\" content=\"summary_large_image\" \/>\n\t\t<meta name=\"twitter:title\" content=\"El Festival Vino del Somontano combina la gastronom\u00eda y el teatro | El Digital de Asturias\" \/>\n\t\t<meta name=\"twitter:description\" content=\"La decimosexta edici\u00f3n del Festival Vino del Somontano comienza este jueves y se prolongar\u00e1 hasta el pr\u00f3ximo domingo, 2 de agosto, manteniendo el formato iniciado el a\u00f1o pasado, que combina la tradicional Muestra Gastron\u00f3mica con cuatro actuaciones culturales de teatro, m\u00fasica, humor y magia. El Centro de Congresos de Barbastro ser\u00e1 el escenario de las\" \/>\n\t\t<meta name=\"twitter:image\" content=\"https:\/\/eldigitaldeasturias.com\/magazine365\/wp-content\/uploads\/2015\/07\/fotonoticia_20150729165205_800.jpg\" \/>\n\t\t<script type=\"application\/ld+json\" class=\"aioseo-schema\">\n\t\t\t{\"@context\":\"https:\\\/\\\/schema.org\",\"@graph\":[{\"@type\":\"Article\",\"@id\":\"https:\\\/\\\/eldigitaldeasturias.com\\\/magazine365\\\/el-festival-vino-del-somontano-combina-la-gastronomia-y-el-teatro\\\/#article\",\"name\":\"El Festival Vino del Somontano combina la gastronom\\u00eda y el teatro | El Digital de Asturias\",\"headline\":\"El Festival Vino del Somontano combina la gastronom\\u00eda y el teatro\",\"author\":{\"@id\":\"https:\\\/\\\/eldigitaldeasturias.com\\\/magazine365\\\/author\\\/admin\\\/#author\"},\"publisher\":{\"@id\":\"https:\\\/\\\/eldigitaldeasturias.com\\\/magazine365\\\/#organization\"},\"image\":{\"@type\":\"ImageObject\",\"url\":\"https:\\\/\\\/eldigitaldeasturias.com\\\/magazine365\\\/wp-content\\\/uploads\\\/2015\\\/07\\\/fotonoticia_20150729165205_800.jpg\",\"width\":800,\"height\":533},\"datePublished\":\"2015-07-30T18:31:25+02:00\",\"dateModified\":\"2015-07-30T18:31:25+02:00\",\"inLanguage\":\"es-ES\",\"mainEntityOfPage\":{\"@id\":\"https:\\\/\\\/eldigitaldeasturias.com\\\/magazine365\\\/el-festival-vino-del-somontano-combina-la-gastronomia-y-el-teatro\\\/#webpage\"},\"isPartOf\":{\"@id\":\"https:\\\/\\\/eldigitaldeasturias.com\\\/magazine365\\\/el-festival-vino-del-somontano-combina-la-gastronomia-y-el-teatro\\\/#webpage\"},\"articleSection\":\"Noticias y Actualidad\"},{\"@type\":\"BreadcrumbList\",\"@id\":\"https:\\\/\\\/eldigitaldeasturias.com\\\/magazine365\\\/el-festival-vino-del-somontano-combina-la-gastronomia-y-el-teatro\\\/#breadcrumblist\",\"itemListElement\":[{\"@type\":\"ListItem\",\"@id\":\"https:\\\/\\\/eldigitaldeasturias.com\\\/magazine365#listItem\",\"position\":1,\"name\":\"Home\",\"item\":\"https:\\\/\\\/eldigitaldeasturias.com\\\/magazine365\",\"nextItem\":{\"@type\":\"ListItem\",\"@id\":\"https:\\\/\\\/eldigitaldeasturias.com\\\/magazine365\\\/category\\\/noticias-actualidad\\\/#listItem\",\"name\":\"Noticias y Actualidad\"}},{\"@type\":\"ListItem\",\"@id\":\"https:\\\/\\\/eldigitaldeasturias.com\\\/magazine365\\\/category\\\/noticias-actualidad\\\/#listItem\",\"position\":2,\"name\":\"Noticias y Actualidad\",\"item\":\"https:\\\/\\\/eldigitaldeasturias.com\\\/magazine365\\\/category\\\/noticias-actualidad\\\/\",\"nextItem\":{\"@type\":\"ListItem\",\"@id\":\"https:\\\/\\\/eldigitaldeasturias.com\\\/magazine365\\\/el-festival-vino-del-somontano-combina-la-gastronomia-y-el-teatro\\\/#listItem\",\"name\":\"El Festival Vino del Somontano combina la gastronom\\u00eda y el teatro\"},\"previousItem\":{\"@type\":\"ListItem\",\"@id\":\"https:\\\/\\\/eldigitaldeasturias.com\\\/magazine365#listItem\",\"name\":\"Home\"}},{\"@type\":\"ListItem\",\"@id\":\"https:\\\/\\\/eldigitaldeasturias.com\\\/magazine365\\\/el-festival-vino-del-somontano-combina-la-gastronomia-y-el-teatro\\\/#listItem\",\"position\":3,\"name\":\"El Festival Vino del Somontano combina la gastronom\\u00eda y el teatro\",\"previousItem\":{\"@type\":\"ListItem\",\"@id\":\"https:\\\/\\\/eldigitaldeasturias.com\\\/magazine365\\\/category\\\/noticias-actualidad\\\/#listItem\",\"name\":\"Noticias y Actualidad\"}}]},{\"@type\":\"Organization\",\"@id\":\"https:\\\/\\\/eldigitaldeasturias.com\\\/magazine365\\\/#organization\",\"name\":\"El digital de Asturias\",\"description\":\"Revista de ocio, turismo y estilo de vida\",\"url\":\"https:\\\/\\\/eldigitaldeasturias.com\\\/magazine365\\\/\",\"logo\":{\"@type\":\"ImageObject\",\"url\":\"https:\\\/\\\/www.eldigitaldeasturias.com\\\/noticias\\\/wp-content\\\/uploads\\\/2020\\\/12\\\/EDA.jpg\",\"@id\":\"https:\\\/\\\/eldigitaldeasturias.com\\\/magazine365\\\/el-festival-vino-del-somontano-combina-la-gastronomia-y-el-teatro\\\/#organizationLogo\"},\"image\":{\"@id\":\"https:\\\/\\\/eldigitaldeasturias.com\\\/magazine365\\\/el-festival-vino-del-somontano-combina-la-gastronomia-y-el-teatro\\\/#organizationLogo\"}},{\"@type\":\"Person\",\"@id\":\"https:\\\/\\\/eldigitaldeasturias.com\\\/magazine365\\\/author\\\/admin\\\/#author\",\"url\":\"https:\\\/\\\/eldigitaldeasturias.com\\\/magazine365\\\/author\\\/admin\\\/\",\"name\":\"admin\",\"image\":{\"@type\":\"ImageObject\",\"@id\":\"https:\\\/\\\/eldigitaldeasturias.com\\\/magazine365\\\/el-festival-vino-del-somontano-combina-la-gastronomia-y-el-teatro\\\/#authorImage\",\"url\":\"https:\\\/\\\/eldigitaldeasturias.com\\\/magazine365\\\/wp-content\\\/litespeed\\\/avatar\\\/e571bcf59a0edd6fa6838245a470f2fe.jpg?ver=1777574230\",\"width\":96,\"height\":96,\"caption\":\"admin\"}},{\"@type\":\"WebPage\",\"@id\":\"https:\\\/\\\/eldigitaldeasturias.com\\\/magazine365\\\/el-festival-vino-del-somontano-combina-la-gastronomia-y-el-teatro\\\/#webpage\",\"url\":\"https:\\\/\\\/eldigitaldeasturias.com\\\/magazine365\\\/el-festival-vino-del-somontano-combina-la-gastronomia-y-el-teatro\\\/\",\"name\":\"El Festival Vino del Somontano combina la gastronom\\u00eda y el teatro | El Digital de Asturias\",\"description\":\"La decimosexta edici\\u00f3n del Festival Vino del Somontano comienza este jueves y se prolongar\\u00e1 hasta el pr\\u00f3ximo domingo, 2 de agosto, manteniendo el formato iniciado el a\\u00f1o pasado, que combina la tradicional Muestra Gastron\\u00f3mica con cuatro actuaciones culturales de teatro, m\\u00fasica, humor y magia. El Centro de Congresos de Barbastro ser\\u00e1 el escenario de las\",\"inLanguage\":\"es-ES\",\"isPartOf\":{\"@id\":\"https:\\\/\\\/eldigitaldeasturias.com\\\/magazine365\\\/#website\"},\"breadcrumb\":{\"@id\":\"https:\\\/\\\/eldigitaldeasturias.com\\\/magazine365\\\/el-festival-vino-del-somontano-combina-la-gastronomia-y-el-teatro\\\/#breadcrumblist\"},\"author\":{\"@id\":\"https:\\\/\\\/eldigitaldeasturias.com\\\/magazine365\\\/author\\\/admin\\\/#author\"},\"creator\":{\"@id\":\"https:\\\/\\\/eldigitaldeasturias.com\\\/magazine365\\\/author\\\/admin\\\/#author\"},\"image\":{\"@type\":\"ImageObject\",\"url\":\"https:\\\/\\\/eldigitaldeasturias.com\\\/magazine365\\\/wp-content\\\/uploads\\\/2015\\\/07\\\/fotonoticia_20150729165205_800.jpg\",\"@id\":\"https:\\\/\\\/eldigitaldeasturias.com\\\/magazine365\\\/el-festival-vino-del-somontano-combina-la-gastronomia-y-el-teatro\\\/#mainImage\",\"width\":800,\"height\":533},\"primaryImageOfPage\":{\"@id\":\"https:\\\/\\\/eldigitaldeasturias.com\\\/magazine365\\\/el-festival-vino-del-somontano-combina-la-gastronomia-y-el-teatro\\\/#mainImage\"},\"datePublished\":\"2015-07-30T18:31:25+02:00\",\"dateModified\":\"2015-07-30T18:31:25+02:00\"},{\"@type\":\"WebSite\",\"@id\":\"https:\\\/\\\/eldigitaldeasturias.com\\\/magazine365\\\/#website\",\"url\":\"https:\\\/\\\/eldigitaldeasturias.com\\\/magazine365\\\/\",\"name\":\"El Digital de Asturias\",\"description\":\"Revista de ocio, turismo y estilo de vida\",\"inLanguage\":\"es-ES\",\"publisher\":{\"@id\":\"https:\\\/\\\/eldigitaldeasturias.com\\\/magazine365\\\/#organization\"}}]}\n\t\t<\/script>\n\t\t<!-- All in One SEO Pro -->\r\n\t\t<title>El Festival Vino del Somontano combina la gastronom\u00eda y el teatro | El Digital de Asturias<\/title>\n\n","aioseo_head_json":{"title":"El Festival Vino del Somontano combina la gastronom\u00eda y el teatro | El Digital de Asturias","description":"La decimosexta edici\u00f3n del Festival Vino del Somontano comienza este jueves y se prolongar\u00e1 hasta el pr\u00f3ximo domingo, 2 de agosto, manteniendo el formato iniciado el a\u00f1o pasado, que combina la tradicional Muestra Gastron\u00f3mica con cuatro actuaciones culturales de teatro, m\u00fasica, humor y magia. El Centro de Congresos de Barbastro ser\u00e1 el escenario de las","canonical_url":"https:\/\/eldigitaldeasturias.com\/magazine365\/el-festival-vino-del-somontano-combina-la-gastronomia-y-el-teatro\/","robots":"max-image-preview:large","keywords":"noticias y actualidad","webmasterTools":{"google-site-verification":"UA-38556648-1","miscellaneous":""},"schema":{"@context":"https:\/\/schema.org","@graph":[{"@type":"Article","@id":"https:\/\/eldigitaldeasturias.com\/magazine365\/el-festival-vino-del-somontano-combina-la-gastronomia-y-el-teatro\/#article","name":"El Festival Vino del Somontano combina la gastronom\u00eda y el teatro | El Digital de Asturias","headline":"El Festival Vino del Somontano combina la gastronom\u00eda y el teatro","author":{"@id":"https:\/\/eldigitaldeasturias.com\/magazine365\/author\/admin\/#author"},"publisher":{"@id":"https:\/\/eldigitaldeasturias.com\/magazine365\/#organization"},"image":{"@type":"ImageObject","url":"https:\/\/eldigitaldeasturias.com\/magazine365\/wp-content\/uploads\/2015\/07\/fotonoticia_20150729165205_800.jpg","width":800,"height":533},"datePublished":"2015-07-30T18:31:25+02:00","dateModified":"2015-07-30T18:31:25+02:00","inLanguage":"es-ES","mainEntityOfPage":{"@id":"https:\/\/eldigitaldeasturias.com\/magazine365\/el-festival-vino-del-somontano-combina-la-gastronomia-y-el-teatro\/#webpage"},"isPartOf":{"@id":"https:\/\/eldigitaldeasturias.com\/magazine365\/el-festival-vino-del-somontano-combina-la-gastronomia-y-el-teatro\/#webpage"},"articleSection":"Noticias y Actualidad"},{"@type":"BreadcrumbList","@id":"https:\/\/eldigitaldeasturias.com\/magazine365\/el-festival-vino-del-somontano-combina-la-gastronomia-y-el-teatro\/#breadcrumblist","itemListElement":[{"@type":"ListItem","@id":"https:\/\/eldigitaldeasturias.com\/magazine365#listItem","position":1,"name":"Home","item":"https:\/\/eldigitaldeasturias.com\/magazine365","nextItem":{"@type":"ListItem","@id":"https:\/\/eldigitaldeasturias.com\/magazine365\/category\/noticias-actualidad\/#listItem","name":"Noticias y Actualidad"}},{"@type":"ListItem","@id":"https:\/\/eldigitaldeasturias.com\/magazine365\/category\/noticias-actualidad\/#listItem","position":2,"name":"Noticias y Actualidad","item":"https:\/\/eldigitaldeasturias.com\/magazine365\/category\/noticias-actualidad\/","nextItem":{"@type":"ListItem","@id":"https:\/\/eldigitaldeasturias.com\/magazine365\/el-festival-vino-del-somontano-combina-la-gastronomia-y-el-teatro\/#listItem","name":"El Festival Vino del Somontano combina la gastronom\u00eda y el teatro"},"previousItem":{"@type":"ListItem","@id":"https:\/\/eldigitaldeasturias.com\/magazine365#listItem","name":"Home"}},{"@type":"ListItem","@id":"https:\/\/eldigitaldeasturias.com\/magazine365\/el-festival-vino-del-somontano-combina-la-gastronomia-y-el-teatro\/#listItem","position":3,"name":"El Festival Vino del Somontano combina la gastronom\u00eda y el teatro","previousItem":{"@type":"ListItem","@id":"https:\/\/eldigitaldeasturias.com\/magazine365\/category\/noticias-actualidad\/#listItem","name":"Noticias y Actualidad"}}]},{"@type":"Organization","@id":"https:\/\/eldigitaldeasturias.com\/magazine365\/#organization","name":"El digital de Asturias","description":"Revista de ocio, turismo y estilo de vida","url":"https:\/\/eldigitaldeasturias.com\/magazine365\/","logo":{"@type":"ImageObject","url":"https:\/\/www.eldigitaldeasturias.com\/noticias\/wp-content\/uploads\/2020\/12\/EDA.jpg","@id":"https:\/\/eldigitaldeasturias.com\/magazine365\/el-festival-vino-del-somontano-combina-la-gastronomia-y-el-teatro\/#organizationLogo"},"image":{"@id":"https:\/\/eldigitaldeasturias.com\/magazine365\/el-festival-vino-del-somontano-combina-la-gastronomia-y-el-teatro\/#organizationLogo"}},{"@type":"Person","@id":"https:\/\/eldigitaldeasturias.com\/magazine365\/author\/admin\/#author","url":"https:\/\/eldigitaldeasturias.com\/magazine365\/author\/admin\/","name":"admin","image":{"@type":"ImageObject","@id":"https:\/\/eldigitaldeasturias.com\/magazine365\/el-festival-vino-del-somontano-combina-la-gastronomia-y-el-teatro\/#authorImage","url":"https:\/\/eldigitaldeasturias.com\/magazine365\/wp-content\/litespeed\/avatar\/e571bcf59a0edd6fa6838245a470f2fe.jpg?ver=1777574230","width":96,"height":96,"caption":"admin"}},{"@type":"WebPage","@id":"https:\/\/eldigitaldeasturias.com\/magazine365\/el-festival-vino-del-somontano-combina-la-gastronomia-y-el-teatro\/#webpage","url":"https:\/\/eldigitaldeasturias.com\/magazine365\/el-festival-vino-del-somontano-combina-la-gastronomia-y-el-teatro\/","name":"El Festival Vino del Somontano combina la gastronom\u00eda y el teatro | El Digital de Asturias","description":"La decimosexta edici\u00f3n del Festival Vino del Somontano comienza este jueves y se prolongar\u00e1 hasta el pr\u00f3ximo domingo, 2 de agosto, manteniendo el formato iniciado el a\u00f1o pasado, que combina la tradicional Muestra Gastron\u00f3mica con cuatro actuaciones culturales de teatro, m\u00fasica, humor y magia. El Centro de Congresos de Barbastro ser\u00e1 el escenario de las","inLanguage":"es-ES","isPartOf":{"@id":"https:\/\/eldigitaldeasturias.com\/magazine365\/#website"},"breadcrumb":{"@id":"https:\/\/eldigitaldeasturias.com\/magazine365\/el-festival-vino-del-somontano-combina-la-gastronomia-y-el-teatro\/#breadcrumblist"},"author":{"@id":"https:\/\/eldigitaldeasturias.com\/magazine365\/author\/admin\/#author"},"creator":{"@id":"https:\/\/eldigitaldeasturias.com\/magazine365\/author\/admin\/#author"},"image":{"@type":"ImageObject","url":"https:\/\/eldigitaldeasturias.com\/magazine365\/wp-content\/uploads\/2015\/07\/fotonoticia_20150729165205_800.jpg","@id":"https:\/\/eldigitaldeasturias.com\/magazine365\/el-festival-vino-del-somontano-combina-la-gastronomia-y-el-teatro\/#mainImage","width":800,"height":533},"primaryImageOfPage":{"@id":"https:\/\/eldigitaldeasturias.com\/magazine365\/el-festival-vino-del-somontano-combina-la-gastronomia-y-el-teatro\/#mainImage"},"datePublished":"2015-07-30T18:31:25+02:00","dateModified":"2015-07-30T18:31:25+02:00"},{"@type":"WebSite","@id":"https:\/\/eldigitaldeasturias.com\/magazine365\/#website","url":"https:\/\/eldigitaldeasturias.com\/magazine365\/","name":"El Digital de Asturias","description":"Revista de ocio, turismo y estilo de vida","inLanguage":"es-ES","publisher":{"@id":"https:\/\/eldigitaldeasturias.com\/magazine365\/#organization"}}]},"og:locale":"es_ES","og:site_name":"El Digital de Asturias \u2013 Revista de ocio, turismo y estilo de vida","og:type":"article","og:title":"El Festival Vino del Somontano combina la gastronom\u00eda y el teatro | El Digital de Asturias","og:description":"La decimosexta edici\u00f3n del Festival Vino del Somontano comienza este jueves y se prolongar\u00e1 hasta el pr\u00f3ximo domingo, 2 de agosto, manteniendo el formato iniciado el a\u00f1o pasado, que combina la tradicional Muestra Gastron\u00f3mica con cuatro actuaciones culturales de teatro, m\u00fasica, humor y magia. El Centro de Congresos de Barbastro ser\u00e1 el escenario de las","og:url":"https:\/\/eldigitaldeasturias.com\/magazine365\/el-festival-vino-del-somontano-combina-la-gastronomia-y-el-teatro\/","og:image":"https:\/\/eldigitaldeasturias.com\/magazine365\/wp-content\/uploads\/2015\/07\/fotonoticia_20150729165205_800.jpg","og:image:secure_url":"https:\/\/eldigitaldeasturias.com\/magazine365\/wp-content\/uploads\/2015\/07\/fotonoticia_20150729165205_800.jpg","og:image:width":800,"og:image:height":533,"article:published_time":"2015-07-30T16:31:25+00:00","article:modified_time":"2015-07-30T16:31:25+00:00","twitter:card":"summary_large_image","twitter:title":"El Festival Vino del Somontano combina la gastronom\u00eda y el teatro | El Digital de Asturias","twitter:description":"La decimosexta edici\u00f3n del Festival Vino del Somontano comienza este jueves y se prolongar\u00e1 hasta el pr\u00f3ximo domingo, 2 de agosto, manteniendo el formato iniciado el a\u00f1o pasado, que combina la tradicional Muestra Gastron\u00f3mica con cuatro actuaciones culturales de teatro, m\u00fasica, humor y magia. El Centro de Congresos de Barbastro ser\u00e1 el escenario de las","twitter:image":"https:\/\/eldigitaldeasturias.com\/magazine365\/wp-content\/uploads\/2015\/07\/fotonoticia_20150729165205_800.jpg"},"aioseo_meta_data":{"post_id":"44277","title":null,"description":null,"keywords":null,"keyphrases":null,"primary_term":null,"canonical_url":null,"og_title":null,"og_description":null,"og_object_type":"default","og_image_type":"default","og_image_url":null,"og_image_width":null,"og_image_height":null,"og_image_custom_url":null,"og_image_custom_fields":null,"og_video":null,"og_custom_url":null,"og_article_section":null,"og_article_tags":null,"twitter_use_og":false,"twitter_card":"default","twitter_image_type":"default","twitter_image_url":null,"twitter_image_custom_url":null,"twitter_image_custom_fields":null,"twitter_title":null,"twitter_description":null,"schema":{"blockGraphs":[],"customGraphs":[],"default":{"data":{"Article":[],"Course":[],"Dataset":[],"FAQPage":[],"Movie":[],"Person":[],"Product":[],"ProductReview":[],"Car":[],"Recipe":[],"Service":[],"SoftwareApplication":[],"WebPage":[]},"graphName":"","isEnabled":true},"graphs":[],"defaultGraph":"","defaultPostTypeGraph":""},"schema_type":null,"schema_type_options":null,"pillar_content":false,"robots_default":true,"robots_noindex":false,"robots_noarchive":false,"robots_nosnippet":false,"robots_nofollow":false,"robots_noimageindex":false,"robots_noodp":false,"robots_notranslate":false,"robots_max_snippet":null,"robots_max_videopreview":null,"robots_max_imagepreview":"large","priority":null,"frequency":null,"location":null,"local_seo":null,"seo_analyzer_scan_date":"2025-09-19 21:37:19","breadcrumb_settings":null,"limit_modified_date":false,"open_ai":null,"ai":null,"created":"2021-03-09 01:35:49","updated":"2025-09-19 21:37:19"},"aioseo_breadcrumb":"<div class=\"aioseo-breadcrumbs\"><span class=\"aioseo-breadcrumb\">\n\t<a href=\"https:\/\/eldigitaldeasturias.com\/magazine365\" title=\"Home\">Home<\/a>\n<\/span><span class=\"aioseo-breadcrumb-separator\">\u2013<\/span><span class=\"aioseo-breadcrumb\">\n\t<a href=\"https:\/\/eldigitaldeasturias.com\/magazine365\/category\/noticias-actualidad\/\" title=\"Noticias y Actualidad\">Noticias y Actualidad<\/a>\n<\/span><span class=\"aioseo-breadcrumb-separator\">\u2013<\/span><span class=\"aioseo-breadcrumb\">\n\t<a href=\"https:\/\/eldigitaldeasturias.com\/magazine365\/el-festival-vino-del-somontano-combina-la-gastronomia-y-el-teatro\/\" title=\"El Festival Vino del Somontano combina la gastronom\u00eda y el teatro\">El Festival Vino del Somontano combina la gastronom\u00eda y el teatro<\/a>\n<\/span><\/div>","aioseo_breadcrumb_json":[{"label":"Home","link":"https:\/\/eldigitaldeasturias.com\/magazine365"},{"label":"Noticias y Actualidad","link":"https:\/\/eldigitaldeasturias.com\/magazine365\/category\/noticias-actualidad\/"},{"label":"El Festival Vino del Somontano combina la gastronom\u00eda y el teatro","link":"https:\/\/eldigitaldeasturias.com\/magazine365\/el-festival-vino-del-somontano-combina-la-gastronomia-y-el-teatro\/"}],"_links":{"self":[{"href":"https:\/\/eldigitaldeasturias.com\/magazine365\/wp-json\/wp\/v2\/posts\/44277","targetHints":{"allow":["GET"]}}],"collection":[{"href":"https:\/\/eldigitaldeasturias.com\/magazine365\/wp-json\/wp\/v2\/posts"}],"about":[{"href":"https:\/\/eldigitaldeasturias.com\/magazine365\/wp-json\/wp\/v2\/types\/post"}],"author":[{"embeddable":true,"href":"https:\/\/eldigitaldeasturias.com\/magazine365\/wp-json\/wp\/v2\/users\/1"}],"replies":[{"embeddable":true,"href":"https:\/\/eldigitaldeasturias.com\/magazine365\/wp-json\/wp\/v2\/comments?post=44277"}],"version-history":[{"count":0,"href":"https:\/\/eldigitaldeasturias.com\/magazine365\/wp-json\/wp\/v2\/posts\/44277\/revisions"}],"wp:featuredmedia":[{"embeddable":true,"href":"https:\/\/eldigitaldeasturias.com\/magazine365\/wp-json\/wp\/v2\/media\/44278"}],"wp:attachment":[{"href":"https:\/\/eldigitaldeasturias.com\/magazine365\/wp-json\/wp\/v2\/media?parent=44277"}],"wp:term":[{"taxonomy":"category","embeddable":true,"href":"https:\/\/eldigitaldeasturias.com\/magazine365\/wp-json\/wp\/v2\/categories?post=44277"},{"taxonomy":"post_tag","embeddable":true,"href":"https:\/\/eldigitaldeasturias.com\/magazine365\/wp-json\/wp\/v2\/tags?post=44277"}],"curies":[{"name":"wp","href":"https:\/\/api.w.org\/{rel}","templated":true}]}}