{"id":44268,"date":"2015-07-30T18:23:55","date_gmt":"2015-07-30T16:23:55","guid":{"rendered":"http:\/\/eldigitaldeasturias.com\/magazine365\/?p=44268"},"modified":"2015-07-30T18:23:55","modified_gmt":"2015-07-30T16:23:55","slug":"extremadura-apuesta-por-cooperar-con-el-sector-para-promocionar-a-la-region-como-destino-gastronomico","status":"publish","type":"post","link":"https:\/\/eldigitaldeasturias.com\/magazine365\/extremadura-apuesta-por-cooperar-con-el-sector-para-promocionar-a-la-region-como-destino-gastronomico\/","title":{"rendered":"Extremadura apuesta por cooperar con el sector para promocionar a la regi\u00f3n como destino gastron\u00f3mico"},"content":{"rendered":"<p><img fetchpriority=\"high\" decoding=\"async\" class=\"alignleft size-medium wp-image-44269\" src=\"https:\/\/eldigitaldeasturias.com\/magazine365\/wp-content\/uploads\/2015\/07\/fotonoticia_20150729160525_800-360x240.jpg\" alt=\"fotonoticia_20150729160525_800\" width=\"360\" height=\"240\" srcset=\"https:\/\/eldigitaldeasturias.com\/magazine365\/wp-content\/uploads\/2015\/07\/fotonoticia_20150729160525_800-360x240.jpg 360w, https:\/\/eldigitaldeasturias.com\/magazine365\/wp-content\/uploads\/2015\/07\/fotonoticia_20150729160525_800-650x433.jpg 650w, https:\/\/eldigitaldeasturias.com\/magazine365\/wp-content\/uploads\/2015\/07\/fotonoticia_20150729160525_800-768x512.jpg 768w, https:\/\/eldigitaldeasturias.com\/magazine365\/wp-content\/uploads\/2015\/07\/fotonoticia_20150729160525_800-150x100.jpg 150w, https:\/\/eldigitaldeasturias.com\/magazine365\/wp-content\/uploads\/2015\/07\/fotonoticia_20150729160525_800-450x300.jpg 450w, https:\/\/eldigitaldeasturias.com\/magazine365\/wp-content\/uploads\/2015\/07\/fotonoticia_20150729160525_800-696x464.jpg 696w, https:\/\/eldigitaldeasturias.com\/magazine365\/wp-content\/uploads\/2015\/07\/fotonoticia_20150729160525_800-630x420.jpg 630w, https:\/\/eldigitaldeasturias.com\/magazine365\/wp-content\/uploads\/2015\/07\/fotonoticia_20150729160525_800-84x55.jpg 84w, https:\/\/eldigitaldeasturias.com\/magazine365\/wp-content\/uploads\/2015\/07\/fotonoticia_20150729160525_800.jpg 800w\" sizes=\"(max-width: 360px) 100vw, 360px\" \/>El director general de Turismo, Francisco Mart\u00edn, ha afirmado que la cooperaci\u00f3n entre las administraciones p\u00fablicas y los empresarios es fundamental para promocionar la regi\u00f3n como destino gastron\u00f3mico.<\/p>\n<p>De este modo ha puesto los ejemplos de C\u00e1ceres Capital Espa\u00f1ola de la Gastronom\u00eda 2015 y M\u00e9rida Capital Iberoamericana de la Cultura Gastron\u00f3mica 2016.<\/p>\n<p>El director general de Turismo ha hecho estas declaraciones este mi\u00e9rcoles durante la celebraci\u00f3n del D\u00eda de Honor dedicado a Extremadura en la Exposici\u00f3n Universal que se celebra en Mil\u00e1n.<\/p>\n<p>\u00abC\u00e1ceres propone rutas tem\u00e1ticas de tapas, men\u00fas de degustaci\u00f3n, eventos al aire libre en el conjunto monumental, concursos y otras acciones. Todo el programa de la Capitalidad, con m\u00e1s de sesenta actividades a lo largo del a\u00f1o, no se podr\u00eda ejecutar sin el apoyo y la experiencia del sector privado. C\u00e1ceres est\u00e1 captando el inter\u00e9s de la prensa nacional e internacional, que recomienda visitar la ciudad y Extremadura\u00bb, ha explicado Mart\u00edn.<\/p>\n<p>En su opini\u00f3n, la regi\u00f3n se ha convertido en \u00abun destino gastron\u00f3mico de moda en Espa\u00f1a\u00bb, debido, entre otros factores, a la Capitalidad de C\u00e1ceres y el objetivo, ha a\u00f1adido, \u00abes que Extremadura sea el principal destino de turismo de interior en Europa con el consenso de todos\u00bb.<\/p>\n<p>\u00abTenemos todos los ingredientes para satisfacer al gourmet m\u00e1s exigente como son materias primas excepcionales, una amplia oferta de restaurantes, bares de tapas, museos tem\u00e1ticos y centros de interpretaci\u00f3n, profesionales bien preparados y rutas gastron\u00f3micas\u00bb, ha destacado el director general de Turismo en la Junta de Extremadura.<\/p>\n<p>As\u00ed, y ante autoridades, directivos tur\u00edsticos y empresarios, entre ellos productores y exportadores que participan en una misi\u00f3n comercial organizadas por Extremadura Avante, el director general se ha referido a las rutas del jam\u00f3n ib\u00e9rico Dehesa de Extremadura, la de los quesos, la del vino Ribera del Guadiana o la del Valle de la Cereza.<\/p>\n<p>Cabe destacar que Francisco Mart\u00edn ha estado acompa\u00f1ado por el c\u00f3nsul adjunto, Ernesto Heredero del Campo; el consejero econ\u00f3mico y comercial de la Embajada, Juli\u00e1n Izquierdo; y la vicecomisaria general de Espa\u00f1a, Bego\u00f1a Cerro.<\/p>\n<p>TURISMO, ALIMENTACI\u00d3N Y GASTRONOM\u00cdA<\/p>\n<p>En el Pabell\u00f3n de Espa\u00f1a se ha programado una \u00abintensa\u00bb agenda de actividades de turismo, alimentaci\u00f3n y gastronom\u00eda, dirigidas al p\u00fablico y a los profesionales donde se pueden encontrar desde clases magistrales de jam\u00f3n ib\u00e9rico Dehesa de Extremadura, en las que se explica el origen de este producto \u00fanico, la mejor manera de cortarlo y la importancia de la dehesa, hasta degustaciones de alimentos con Denominaci\u00f3n de Origen y un juego de pistas.<\/p>\n<p>Con esta finalidad, este mi\u00e9rcoles se ha celebrado una cata de productos denominaci\u00f3n de origen de la regi\u00f3n, a cargo de Jos\u00e9 Pizarro, chef cacere\u00f1o afincado en Londres desde hace quince a\u00f1os, en la que participado el cortador de jam\u00f3n Jos\u00e9 Alba.<\/p>\n<p>Seg\u00fan las previsiones de Acci\u00f3n Cultural Espa\u00f1ola, la sociedad estatal que gestiona el Pabell\u00f3n de Espa\u00f1a, se estima que unas 80.000 personas visitar\u00e1n este espacio durante la semana de Extremadura.<\/p>\n<p>Tambi\u00e9n en el \u00e1mbito del D\u00eda de Honor, la responsable del \u00e1rea de Innovaci\u00f3n de Extremadura Avante, Cristina Gallardo, ha presentado la regi\u00f3n \u00abcomo un espacio para la innovaci\u00f3n en la gesti\u00f3n sostenible de los recursos naturales para la producci\u00f3n agroalimentaria y de desarrollo, testeo y validaci\u00f3n de tecnolog\u00edas para la calidad de vida\u00bb.<\/p>\n<p>\u00ab\u00c9sta es una de las marcas reconocibles de la regi\u00f3n, que identifica al sector agroalimentario como catalizador de progreso econ\u00f3mico y empleo cualificado de otras actividades como la salud, la energ\u00eda o el turismo\u00bb, ha explicado Gallardo.<\/p>\n<p>Cabe recordar que la Direcci\u00f3n General de Turismo y la Secretar\u00eda General de Econom\u00eda y Comercio, a trav\u00e9s de Extremadura Avante, colaboran con Acci\u00f3n Cultural Espa\u00f1ola en la organizaci\u00f3n de estas actividades en la Expo de Mil\u00e1n.<\/p>\n","protected":false},"excerpt":{"rendered":"<p>El director general de Turismo, Francisco Mart\u00edn, ha afirmado que la cooperaci\u00f3n entre las administraciones p\u00fablicas y los empresarios es fundamental para promocionar la regi\u00f3n como destino gastron\u00f3mico. De este modo ha puesto los ejemplos de C\u00e1ceres Capital Espa\u00f1ola de la Gastronom\u00eda 2015 y M\u00e9rida Capital Iberoamericana de la Cultura Gastron\u00f3mica 2016. El director general<\/p>\n","protected":false},"author":1,"featured_media":44269,"comment_status":"open","ping_status":"closed","sticky":false,"template":"","format":"standard","meta":{"footnotes":""},"categories":[224],"tags":[],"class_list":{"0":"post-44268","1":"post","2":"type-post","3":"status-publish","4":"format-standard","5":"has-post-thumbnail","7":"category-noticias-actualidad"},"aioseo_notices":[],"aioseo_head":"\n\t\t<!-- All in One SEO Pro 4.9.6.1 - aioseo.com -->\n\t<meta name=\"description\" content=\"El director general de Turismo, Francisco Mart\u00edn, ha afirmado que la cooperaci\u00f3n entre las administraciones p\u00fablicas y los empresarios es fundamental para promocionar la regi\u00f3n como destino gastron\u00f3mico. De este modo ha puesto los ejemplos de C\u00e1ceres Capital Espa\u00f1ola de la Gastronom\u00eda 2015 y M\u00e9rida Capital Iberoamericana de la Cultura Gastron\u00f3mica 2016. El director general\" \/>\n\t<meta name=\"robots\" content=\"max-image-preview:large\" \/>\n\t<meta name=\"author\" content=\"admin\"\/>\n\t<meta name=\"google-site-verification\" content=\"UA-38556648-1\" \/>\n\t<meta name=\"keywords\" content=\"noticias y actualidad\" \/>\n\t<link rel=\"canonical\" href=\"https:\/\/eldigitaldeasturias.com\/magazine365\/extremadura-apuesta-por-cooperar-con-el-sector-para-promocionar-a-la-region-como-destino-gastronomico\/\" \/>\n\t<meta name=\"generator\" content=\"All in One SEO Pro (AIOSEO) 4.9.6.1\" \/>\n\t\t<meta property=\"og:locale\" content=\"es_ES\" \/>\n\t\t<meta property=\"og:site_name\" content=\"El Digital de Asturias \u2013 Revista de ocio, turismo y estilo de vida\" \/>\n\t\t<meta property=\"og:type\" content=\"article\" \/>\n\t\t<meta property=\"og:title\" content=\"Extremadura apuesta por cooperar con el sector para promocionar a la regi\u00f3n como destino gastron\u00f3mico | El Digital de Asturias\" \/>\n\t\t<meta property=\"og:description\" content=\"El director general de Turismo, Francisco Mart\u00edn, ha afirmado que la cooperaci\u00f3n entre las administraciones p\u00fablicas y los empresarios es fundamental para promocionar la regi\u00f3n como destino gastron\u00f3mico. De este modo ha puesto los ejemplos de C\u00e1ceres Capital Espa\u00f1ola de la Gastronom\u00eda 2015 y M\u00e9rida Capital Iberoamericana de la Cultura Gastron\u00f3mica 2016. El director general\" \/>\n\t\t<meta property=\"og:url\" content=\"https:\/\/eldigitaldeasturias.com\/magazine365\/extremadura-apuesta-por-cooperar-con-el-sector-para-promocionar-a-la-region-como-destino-gastronomico\/\" \/>\n\t\t<meta property=\"og:image\" content=\"https:\/\/eldigitaldeasturias.com\/magazine365\/wp-content\/uploads\/2015\/07\/fotonoticia_20150729160525_800.jpg\" \/>\n\t\t<meta property=\"og:image:secure_url\" content=\"https:\/\/eldigitaldeasturias.com\/magazine365\/wp-content\/uploads\/2015\/07\/fotonoticia_20150729160525_800.jpg\" \/>\n\t\t<meta property=\"og:image:width\" content=\"800\" \/>\n\t\t<meta property=\"og:image:height\" content=\"533\" \/>\n\t\t<meta property=\"article:published_time\" content=\"2015-07-30T16:23:55+00:00\" \/>\n\t\t<meta property=\"article:modified_time\" content=\"2015-07-30T16:23:55+00:00\" \/>\n\t\t<meta name=\"twitter:card\" content=\"summary_large_image\" \/>\n\t\t<meta name=\"twitter:title\" content=\"Extremadura apuesta por cooperar con el sector para promocionar a la regi\u00f3n como destino gastron\u00f3mico | El Digital de Asturias\" \/>\n\t\t<meta name=\"twitter:description\" content=\"El director general de Turismo, Francisco Mart\u00edn, ha afirmado que la cooperaci\u00f3n entre las administraciones p\u00fablicas y los empresarios es fundamental para promocionar la regi\u00f3n como destino gastron\u00f3mico. De este modo ha puesto los ejemplos de C\u00e1ceres Capital Espa\u00f1ola de la Gastronom\u00eda 2015 y M\u00e9rida Capital Iberoamericana de la Cultura Gastron\u00f3mica 2016. El director general\" \/>\n\t\t<meta name=\"twitter:image\" content=\"https:\/\/eldigitaldeasturias.com\/magazine365\/wp-content\/uploads\/2015\/07\/fotonoticia_20150729160525_800.jpg\" \/>\n\t\t<script type=\"application\/ld+json\" class=\"aioseo-schema\">\n\t\t\t{\"@context\":\"https:\\\/\\\/schema.org\",\"@graph\":[{\"@type\":\"Article\",\"@id\":\"https:\\\/\\\/eldigitaldeasturias.com\\\/magazine365\\\/extremadura-apuesta-por-cooperar-con-el-sector-para-promocionar-a-la-region-como-destino-gastronomico\\\/#article\",\"name\":\"Extremadura apuesta por cooperar con el sector para promocionar a la regi\\u00f3n como destino gastron\\u00f3mico | El Digital de Asturias\",\"headline\":\"Extremadura apuesta por cooperar con el sector para promocionar a la regi\\u00f3n como destino gastron\\u00f3mico\",\"author\":{\"@id\":\"https:\\\/\\\/eldigitaldeasturias.com\\\/magazine365\\\/author\\\/admin\\\/#author\"},\"publisher\":{\"@id\":\"https:\\\/\\\/eldigitaldeasturias.com\\\/magazine365\\\/#organization\"},\"image\":{\"@type\":\"ImageObject\",\"url\":\"https:\\\/\\\/eldigitaldeasturias.com\\\/magazine365\\\/wp-content\\\/uploads\\\/2015\\\/07\\\/fotonoticia_20150729160525_800.jpg\",\"width\":800,\"height\":533},\"datePublished\":\"2015-07-30T18:23:55+02:00\",\"dateModified\":\"2015-07-30T18:23:55+02:00\",\"inLanguage\":\"es-ES\",\"mainEntityOfPage\":{\"@id\":\"https:\\\/\\\/eldigitaldeasturias.com\\\/magazine365\\\/extremadura-apuesta-por-cooperar-con-el-sector-para-promocionar-a-la-region-como-destino-gastronomico\\\/#webpage\"},\"isPartOf\":{\"@id\":\"https:\\\/\\\/eldigitaldeasturias.com\\\/magazine365\\\/extremadura-apuesta-por-cooperar-con-el-sector-para-promocionar-a-la-region-como-destino-gastronomico\\\/#webpage\"},\"articleSection\":\"Noticias y Actualidad\"},{\"@type\":\"BreadcrumbList\",\"@id\":\"https:\\\/\\\/eldigitaldeasturias.com\\\/magazine365\\\/extremadura-apuesta-por-cooperar-con-el-sector-para-promocionar-a-la-region-como-destino-gastronomico\\\/#breadcrumblist\",\"itemListElement\":[{\"@type\":\"ListItem\",\"@id\":\"https:\\\/\\\/eldigitaldeasturias.com\\\/magazine365#listItem\",\"position\":1,\"name\":\"Home\",\"item\":\"https:\\\/\\\/eldigitaldeasturias.com\\\/magazine365\",\"nextItem\":{\"@type\":\"ListItem\",\"@id\":\"https:\\\/\\\/eldigitaldeasturias.com\\\/magazine365\\\/category\\\/noticias-actualidad\\\/#listItem\",\"name\":\"Noticias y Actualidad\"}},{\"@type\":\"ListItem\",\"@id\":\"https:\\\/\\\/eldigitaldeasturias.com\\\/magazine365\\\/category\\\/noticias-actualidad\\\/#listItem\",\"position\":2,\"name\":\"Noticias y Actualidad\",\"item\":\"https:\\\/\\\/eldigitaldeasturias.com\\\/magazine365\\\/category\\\/noticias-actualidad\\\/\",\"nextItem\":{\"@type\":\"ListItem\",\"@id\":\"https:\\\/\\\/eldigitaldeasturias.com\\\/magazine365\\\/extremadura-apuesta-por-cooperar-con-el-sector-para-promocionar-a-la-region-como-destino-gastronomico\\\/#listItem\",\"name\":\"Extremadura apuesta por cooperar con el sector para promocionar a la regi\\u00f3n como destino gastron\\u00f3mico\"},\"previousItem\":{\"@type\":\"ListItem\",\"@id\":\"https:\\\/\\\/eldigitaldeasturias.com\\\/magazine365#listItem\",\"name\":\"Home\"}},{\"@type\":\"ListItem\",\"@id\":\"https:\\\/\\\/eldigitaldeasturias.com\\\/magazine365\\\/extremadura-apuesta-por-cooperar-con-el-sector-para-promocionar-a-la-region-como-destino-gastronomico\\\/#listItem\",\"position\":3,\"name\":\"Extremadura apuesta por cooperar con el sector para promocionar a la regi\\u00f3n como destino gastron\\u00f3mico\",\"previousItem\":{\"@type\":\"ListItem\",\"@id\":\"https:\\\/\\\/eldigitaldeasturias.com\\\/magazine365\\\/category\\\/noticias-actualidad\\\/#listItem\",\"name\":\"Noticias y Actualidad\"}}]},{\"@type\":\"Organization\",\"@id\":\"https:\\\/\\\/eldigitaldeasturias.com\\\/magazine365\\\/#organization\",\"name\":\"El digital de Asturias\",\"description\":\"Revista de ocio, turismo y estilo de vida\",\"url\":\"https:\\\/\\\/eldigitaldeasturias.com\\\/magazine365\\\/\",\"logo\":{\"@type\":\"ImageObject\",\"url\":\"https:\\\/\\\/www.eldigitaldeasturias.com\\\/noticias\\\/wp-content\\\/uploads\\\/2020\\\/12\\\/EDA.jpg\",\"@id\":\"https:\\\/\\\/eldigitaldeasturias.com\\\/magazine365\\\/extremadura-apuesta-por-cooperar-con-el-sector-para-promocionar-a-la-region-como-destino-gastronomico\\\/#organizationLogo\"},\"image\":{\"@id\":\"https:\\\/\\\/eldigitaldeasturias.com\\\/magazine365\\\/extremadura-apuesta-por-cooperar-con-el-sector-para-promocionar-a-la-region-como-destino-gastronomico\\\/#organizationLogo\"}},{\"@type\":\"Person\",\"@id\":\"https:\\\/\\\/eldigitaldeasturias.com\\\/magazine365\\\/author\\\/admin\\\/#author\",\"url\":\"https:\\\/\\\/eldigitaldeasturias.com\\\/magazine365\\\/author\\\/admin\\\/\",\"name\":\"admin\",\"image\":{\"@type\":\"ImageObject\",\"@id\":\"https:\\\/\\\/eldigitaldeasturias.com\\\/magazine365\\\/extremadura-apuesta-por-cooperar-con-el-sector-para-promocionar-a-la-region-como-destino-gastronomico\\\/#authorImage\",\"url\":\"https:\\\/\\\/eldigitaldeasturias.com\\\/magazine365\\\/wp-content\\\/litespeed\\\/avatar\\\/e571bcf59a0edd6fa6838245a470f2fe.jpg?ver=1777574230\",\"width\":96,\"height\":96,\"caption\":\"admin\"}},{\"@type\":\"WebPage\",\"@id\":\"https:\\\/\\\/eldigitaldeasturias.com\\\/magazine365\\\/extremadura-apuesta-por-cooperar-con-el-sector-para-promocionar-a-la-region-como-destino-gastronomico\\\/#webpage\",\"url\":\"https:\\\/\\\/eldigitaldeasturias.com\\\/magazine365\\\/extremadura-apuesta-por-cooperar-con-el-sector-para-promocionar-a-la-region-como-destino-gastronomico\\\/\",\"name\":\"Extremadura apuesta por cooperar con el sector para promocionar a la regi\\u00f3n como destino gastron\\u00f3mico | El Digital de Asturias\",\"description\":\"El director general de Turismo, Francisco Mart\\u00edn, ha afirmado que la cooperaci\\u00f3n entre las administraciones p\\u00fablicas y los empresarios es fundamental para promocionar la regi\\u00f3n como destino gastron\\u00f3mico. De este modo ha puesto los ejemplos de C\\u00e1ceres Capital Espa\\u00f1ola de la Gastronom\\u00eda 2015 y M\\u00e9rida Capital Iberoamericana de la Cultura Gastron\\u00f3mica 2016. El director general\",\"inLanguage\":\"es-ES\",\"isPartOf\":{\"@id\":\"https:\\\/\\\/eldigitaldeasturias.com\\\/magazine365\\\/#website\"},\"breadcrumb\":{\"@id\":\"https:\\\/\\\/eldigitaldeasturias.com\\\/magazine365\\\/extremadura-apuesta-por-cooperar-con-el-sector-para-promocionar-a-la-region-como-destino-gastronomico\\\/#breadcrumblist\"},\"author\":{\"@id\":\"https:\\\/\\\/eldigitaldeasturias.com\\\/magazine365\\\/author\\\/admin\\\/#author\"},\"creator\":{\"@id\":\"https:\\\/\\\/eldigitaldeasturias.com\\\/magazine365\\\/author\\\/admin\\\/#author\"},\"image\":{\"@type\":\"ImageObject\",\"url\":\"https:\\\/\\\/eldigitaldeasturias.com\\\/magazine365\\\/wp-content\\\/uploads\\\/2015\\\/07\\\/fotonoticia_20150729160525_800.jpg\",\"@id\":\"https:\\\/\\\/eldigitaldeasturias.com\\\/magazine365\\\/extremadura-apuesta-por-cooperar-con-el-sector-para-promocionar-a-la-region-como-destino-gastronomico\\\/#mainImage\",\"width\":800,\"height\":533},\"primaryImageOfPage\":{\"@id\":\"https:\\\/\\\/eldigitaldeasturias.com\\\/magazine365\\\/extremadura-apuesta-por-cooperar-con-el-sector-para-promocionar-a-la-region-como-destino-gastronomico\\\/#mainImage\"},\"datePublished\":\"2015-07-30T18:23:55+02:00\",\"dateModified\":\"2015-07-30T18:23:55+02:00\"},{\"@type\":\"WebSite\",\"@id\":\"https:\\\/\\\/eldigitaldeasturias.com\\\/magazine365\\\/#website\",\"url\":\"https:\\\/\\\/eldigitaldeasturias.com\\\/magazine365\\\/\",\"name\":\"El Digital de Asturias\",\"description\":\"Revista de ocio, turismo y estilo de vida\",\"inLanguage\":\"es-ES\",\"publisher\":{\"@id\":\"https:\\\/\\\/eldigitaldeasturias.com\\\/magazine365\\\/#organization\"}}]}\n\t\t<\/script>\n\t\t<!-- All in One SEO Pro -->\r\n\t\t<title>Extremadura apuesta por cooperar con el sector para promocionar a la regi\u00f3n como destino gastron\u00f3mico | El Digital de Asturias<\/title>\n\n","aioseo_head_json":{"title":"Extremadura apuesta por cooperar con el sector para promocionar a la regi\u00f3n como destino gastron\u00f3mico | El Digital de Asturias","description":"El director general de Turismo, Francisco Mart\u00edn, ha afirmado que la cooperaci\u00f3n entre las administraciones p\u00fablicas y los empresarios es fundamental para promocionar la regi\u00f3n como destino gastron\u00f3mico. De este modo ha puesto los ejemplos de C\u00e1ceres Capital Espa\u00f1ola de la Gastronom\u00eda 2015 y M\u00e9rida Capital Iberoamericana de la Cultura Gastron\u00f3mica 2016. El director general","canonical_url":"https:\/\/eldigitaldeasturias.com\/magazine365\/extremadura-apuesta-por-cooperar-con-el-sector-para-promocionar-a-la-region-como-destino-gastronomico\/","robots":"max-image-preview:large","keywords":"noticias y actualidad","webmasterTools":{"google-site-verification":"UA-38556648-1","miscellaneous":""},"schema":{"@context":"https:\/\/schema.org","@graph":[{"@type":"Article","@id":"https:\/\/eldigitaldeasturias.com\/magazine365\/extremadura-apuesta-por-cooperar-con-el-sector-para-promocionar-a-la-region-como-destino-gastronomico\/#article","name":"Extremadura apuesta por cooperar con el sector para promocionar a la regi\u00f3n como destino gastron\u00f3mico | El Digital de Asturias","headline":"Extremadura apuesta por cooperar con el sector para promocionar a la regi\u00f3n como destino gastron\u00f3mico","author":{"@id":"https:\/\/eldigitaldeasturias.com\/magazine365\/author\/admin\/#author"},"publisher":{"@id":"https:\/\/eldigitaldeasturias.com\/magazine365\/#organization"},"image":{"@type":"ImageObject","url":"https:\/\/eldigitaldeasturias.com\/magazine365\/wp-content\/uploads\/2015\/07\/fotonoticia_20150729160525_800.jpg","width":800,"height":533},"datePublished":"2015-07-30T18:23:55+02:00","dateModified":"2015-07-30T18:23:55+02:00","inLanguage":"es-ES","mainEntityOfPage":{"@id":"https:\/\/eldigitaldeasturias.com\/magazine365\/extremadura-apuesta-por-cooperar-con-el-sector-para-promocionar-a-la-region-como-destino-gastronomico\/#webpage"},"isPartOf":{"@id":"https:\/\/eldigitaldeasturias.com\/magazine365\/extremadura-apuesta-por-cooperar-con-el-sector-para-promocionar-a-la-region-como-destino-gastronomico\/#webpage"},"articleSection":"Noticias y Actualidad"},{"@type":"BreadcrumbList","@id":"https:\/\/eldigitaldeasturias.com\/magazine365\/extremadura-apuesta-por-cooperar-con-el-sector-para-promocionar-a-la-region-como-destino-gastronomico\/#breadcrumblist","itemListElement":[{"@type":"ListItem","@id":"https:\/\/eldigitaldeasturias.com\/magazine365#listItem","position":1,"name":"Home","item":"https:\/\/eldigitaldeasturias.com\/magazine365","nextItem":{"@type":"ListItem","@id":"https:\/\/eldigitaldeasturias.com\/magazine365\/category\/noticias-actualidad\/#listItem","name":"Noticias y Actualidad"}},{"@type":"ListItem","@id":"https:\/\/eldigitaldeasturias.com\/magazine365\/category\/noticias-actualidad\/#listItem","position":2,"name":"Noticias y Actualidad","item":"https:\/\/eldigitaldeasturias.com\/magazine365\/category\/noticias-actualidad\/","nextItem":{"@type":"ListItem","@id":"https:\/\/eldigitaldeasturias.com\/magazine365\/extremadura-apuesta-por-cooperar-con-el-sector-para-promocionar-a-la-region-como-destino-gastronomico\/#listItem","name":"Extremadura apuesta por cooperar con el sector para promocionar a la regi\u00f3n como destino gastron\u00f3mico"},"previousItem":{"@type":"ListItem","@id":"https:\/\/eldigitaldeasturias.com\/magazine365#listItem","name":"Home"}},{"@type":"ListItem","@id":"https:\/\/eldigitaldeasturias.com\/magazine365\/extremadura-apuesta-por-cooperar-con-el-sector-para-promocionar-a-la-region-como-destino-gastronomico\/#listItem","position":3,"name":"Extremadura apuesta por cooperar con el sector para promocionar a la regi\u00f3n como destino gastron\u00f3mico","previousItem":{"@type":"ListItem","@id":"https:\/\/eldigitaldeasturias.com\/magazine365\/category\/noticias-actualidad\/#listItem","name":"Noticias y Actualidad"}}]},{"@type":"Organization","@id":"https:\/\/eldigitaldeasturias.com\/magazine365\/#organization","name":"El digital de Asturias","description":"Revista de ocio, turismo y estilo de vida","url":"https:\/\/eldigitaldeasturias.com\/magazine365\/","logo":{"@type":"ImageObject","url":"https:\/\/www.eldigitaldeasturias.com\/noticias\/wp-content\/uploads\/2020\/12\/EDA.jpg","@id":"https:\/\/eldigitaldeasturias.com\/magazine365\/extremadura-apuesta-por-cooperar-con-el-sector-para-promocionar-a-la-region-como-destino-gastronomico\/#organizationLogo"},"image":{"@id":"https:\/\/eldigitaldeasturias.com\/magazine365\/extremadura-apuesta-por-cooperar-con-el-sector-para-promocionar-a-la-region-como-destino-gastronomico\/#organizationLogo"}},{"@type":"Person","@id":"https:\/\/eldigitaldeasturias.com\/magazine365\/author\/admin\/#author","url":"https:\/\/eldigitaldeasturias.com\/magazine365\/author\/admin\/","name":"admin","image":{"@type":"ImageObject","@id":"https:\/\/eldigitaldeasturias.com\/magazine365\/extremadura-apuesta-por-cooperar-con-el-sector-para-promocionar-a-la-region-como-destino-gastronomico\/#authorImage","url":"https:\/\/eldigitaldeasturias.com\/magazine365\/wp-content\/litespeed\/avatar\/e571bcf59a0edd6fa6838245a470f2fe.jpg?ver=1777574230","width":96,"height":96,"caption":"admin"}},{"@type":"WebPage","@id":"https:\/\/eldigitaldeasturias.com\/magazine365\/extremadura-apuesta-por-cooperar-con-el-sector-para-promocionar-a-la-region-como-destino-gastronomico\/#webpage","url":"https:\/\/eldigitaldeasturias.com\/magazine365\/extremadura-apuesta-por-cooperar-con-el-sector-para-promocionar-a-la-region-como-destino-gastronomico\/","name":"Extremadura apuesta por cooperar con el sector para promocionar a la regi\u00f3n como destino gastron\u00f3mico | El Digital de Asturias","description":"El director general de Turismo, Francisco Mart\u00edn, ha afirmado que la cooperaci\u00f3n entre las administraciones p\u00fablicas y los empresarios es fundamental para promocionar la regi\u00f3n como destino gastron\u00f3mico. De este modo ha puesto los ejemplos de C\u00e1ceres Capital Espa\u00f1ola de la Gastronom\u00eda 2015 y M\u00e9rida Capital Iberoamericana de la Cultura Gastron\u00f3mica 2016. El director general","inLanguage":"es-ES","isPartOf":{"@id":"https:\/\/eldigitaldeasturias.com\/magazine365\/#website"},"breadcrumb":{"@id":"https:\/\/eldigitaldeasturias.com\/magazine365\/extremadura-apuesta-por-cooperar-con-el-sector-para-promocionar-a-la-region-como-destino-gastronomico\/#breadcrumblist"},"author":{"@id":"https:\/\/eldigitaldeasturias.com\/magazine365\/author\/admin\/#author"},"creator":{"@id":"https:\/\/eldigitaldeasturias.com\/magazine365\/author\/admin\/#author"},"image":{"@type":"ImageObject","url":"https:\/\/eldigitaldeasturias.com\/magazine365\/wp-content\/uploads\/2015\/07\/fotonoticia_20150729160525_800.jpg","@id":"https:\/\/eldigitaldeasturias.com\/magazine365\/extremadura-apuesta-por-cooperar-con-el-sector-para-promocionar-a-la-region-como-destino-gastronomico\/#mainImage","width":800,"height":533},"primaryImageOfPage":{"@id":"https:\/\/eldigitaldeasturias.com\/magazine365\/extremadura-apuesta-por-cooperar-con-el-sector-para-promocionar-a-la-region-como-destino-gastronomico\/#mainImage"},"datePublished":"2015-07-30T18:23:55+02:00","dateModified":"2015-07-30T18:23:55+02:00"},{"@type":"WebSite","@id":"https:\/\/eldigitaldeasturias.com\/magazine365\/#website","url":"https:\/\/eldigitaldeasturias.com\/magazine365\/","name":"El Digital de Asturias","description":"Revista de ocio, turismo y estilo de vida","inLanguage":"es-ES","publisher":{"@id":"https:\/\/eldigitaldeasturias.com\/magazine365\/#organization"}}]},"og:locale":"es_ES","og:site_name":"El Digital de Asturias \u2013 Revista de ocio, turismo y estilo de vida","og:type":"article","og:title":"Extremadura apuesta por cooperar con el sector para promocionar a la regi\u00f3n como destino gastron\u00f3mico | El Digital de Asturias","og:description":"El director general de Turismo, Francisco Mart\u00edn, ha afirmado que la cooperaci\u00f3n entre las administraciones p\u00fablicas y los empresarios es fundamental para promocionar la regi\u00f3n como destino gastron\u00f3mico. De este modo ha puesto los ejemplos de C\u00e1ceres Capital Espa\u00f1ola de la Gastronom\u00eda 2015 y M\u00e9rida Capital Iberoamericana de la Cultura Gastron\u00f3mica 2016. El director general","og:url":"https:\/\/eldigitaldeasturias.com\/magazine365\/extremadura-apuesta-por-cooperar-con-el-sector-para-promocionar-a-la-region-como-destino-gastronomico\/","og:image":"https:\/\/eldigitaldeasturias.com\/magazine365\/wp-content\/uploads\/2015\/07\/fotonoticia_20150729160525_800.jpg","og:image:secure_url":"https:\/\/eldigitaldeasturias.com\/magazine365\/wp-content\/uploads\/2015\/07\/fotonoticia_20150729160525_800.jpg","og:image:width":800,"og:image:height":533,"article:published_time":"2015-07-30T16:23:55+00:00","article:modified_time":"2015-07-30T16:23:55+00:00","twitter:card":"summary_large_image","twitter:title":"Extremadura apuesta por cooperar con el sector para promocionar a la regi\u00f3n como destino gastron\u00f3mico | El Digital de Asturias","twitter:description":"El director general de Turismo, Francisco Mart\u00edn, ha afirmado que la cooperaci\u00f3n entre las administraciones p\u00fablicas y los empresarios es fundamental para promocionar la regi\u00f3n como destino gastron\u00f3mico. De este modo ha puesto los ejemplos de C\u00e1ceres Capital Espa\u00f1ola de la Gastronom\u00eda 2015 y M\u00e9rida Capital Iberoamericana de la Cultura Gastron\u00f3mica 2016. El director general","twitter:image":"https:\/\/eldigitaldeasturias.com\/magazine365\/wp-content\/uploads\/2015\/07\/fotonoticia_20150729160525_800.jpg"},"aioseo_meta_data":{"post_id":"44268","title":null,"description":null,"keywords":null,"keyphrases":null,"primary_term":null,"canonical_url":null,"og_title":null,"og_description":null,"og_object_type":"default","og_image_type":"default","og_image_url":null,"og_image_width":null,"og_image_height":null,"og_image_custom_url":null,"og_image_custom_fields":null,"og_video":null,"og_custom_url":null,"og_article_section":null,"og_article_tags":null,"twitter_use_og":false,"twitter_card":"default","twitter_image_type":"default","twitter_image_url":null,"twitter_image_custom_url":null,"twitter_image_custom_fields":null,"twitter_title":null,"twitter_description":null,"schema":{"blockGraphs":[],"customGraphs":[],"default":{"data":{"Article":[],"Course":[],"Dataset":[],"FAQPage":[],"Movie":[],"Person":[],"Product":[],"ProductReview":[],"Car":[],"Recipe":[],"Service":[],"SoftwareApplication":[],"WebPage":[]},"graphName":"","isEnabled":true},"graphs":[],"defaultGraph":"","defaultPostTypeGraph":""},"schema_type":null,"schema_type_options":null,"pillar_content":false,"robots_default":true,"robots_noindex":false,"robots_noarchive":false,"robots_nosnippet":false,"robots_nofollow":false,"robots_noimageindex":false,"robots_noodp":false,"robots_notranslate":false,"robots_max_snippet":null,"robots_max_videopreview":null,"robots_max_imagepreview":"large","priority":null,"frequency":null,"location":null,"local_seo":null,"seo_analyzer_scan_date":"2025-09-19 21:35:20","breadcrumb_settings":null,"limit_modified_date":false,"open_ai":null,"ai":null,"created":"2021-03-09 01:35:49","updated":"2025-09-19 21:35:20"},"aioseo_breadcrumb":"<div class=\"aioseo-breadcrumbs\"><span class=\"aioseo-breadcrumb\">\n\t<a href=\"https:\/\/eldigitaldeasturias.com\/magazine365\" title=\"Home\">Home<\/a>\n<\/span><span class=\"aioseo-breadcrumb-separator\">\u2013<\/span><span class=\"aioseo-breadcrumb\">\n\t<a href=\"https:\/\/eldigitaldeasturias.com\/magazine365\/category\/noticias-actualidad\/\" title=\"Noticias y Actualidad\">Noticias y Actualidad<\/a>\n<\/span><span class=\"aioseo-breadcrumb-separator\">\u2013<\/span><span class=\"aioseo-breadcrumb\">\n\t<a href=\"https:\/\/eldigitaldeasturias.com\/magazine365\/extremadura-apuesta-por-cooperar-con-el-sector-para-promocionar-a-la-region-como-destino-gastronomico\/\" title=\"Extremadura apuesta por cooperar con el sector para promocionar a la regi\u00f3n como destino gastron\u00f3mico\">Extremadura apuesta por cooperar con el sector para promocionar a la regi\u00f3n como destino gastron\u00f3mico<\/a>\n<\/span><\/div>","aioseo_breadcrumb_json":[{"label":"Home","link":"https:\/\/eldigitaldeasturias.com\/magazine365"},{"label":"Noticias y Actualidad","link":"https:\/\/eldigitaldeasturias.com\/magazine365\/category\/noticias-actualidad\/"},{"label":"Extremadura apuesta por cooperar con el sector para promocionar a la regi\u00f3n como destino gastron\u00f3mico","link":"https:\/\/eldigitaldeasturias.com\/magazine365\/extremadura-apuesta-por-cooperar-con-el-sector-para-promocionar-a-la-region-como-destino-gastronomico\/"}],"_links":{"self":[{"href":"https:\/\/eldigitaldeasturias.com\/magazine365\/wp-json\/wp\/v2\/posts\/44268","targetHints":{"allow":["GET"]}}],"collection":[{"href":"https:\/\/eldigitaldeasturias.com\/magazine365\/wp-json\/wp\/v2\/posts"}],"about":[{"href":"https:\/\/eldigitaldeasturias.com\/magazine365\/wp-json\/wp\/v2\/types\/post"}],"author":[{"embeddable":true,"href":"https:\/\/eldigitaldeasturias.com\/magazine365\/wp-json\/wp\/v2\/users\/1"}],"replies":[{"embeddable":true,"href":"https:\/\/eldigitaldeasturias.com\/magazine365\/wp-json\/wp\/v2\/comments?post=44268"}],"version-history":[{"count":0,"href":"https:\/\/eldigitaldeasturias.com\/magazine365\/wp-json\/wp\/v2\/posts\/44268\/revisions"}],"wp:featuredmedia":[{"embeddable":true,"href":"https:\/\/eldigitaldeasturias.com\/magazine365\/wp-json\/wp\/v2\/media\/44269"}],"wp:attachment":[{"href":"https:\/\/eldigitaldeasturias.com\/magazine365\/wp-json\/wp\/v2\/media?parent=44268"}],"wp:term":[{"taxonomy":"category","embeddable":true,"href":"https:\/\/eldigitaldeasturias.com\/magazine365\/wp-json\/wp\/v2\/categories?post=44268"},{"taxonomy":"post_tag","embeddable":true,"href":"https:\/\/eldigitaldeasturias.com\/magazine365\/wp-json\/wp\/v2\/tags?post=44268"}],"curies":[{"name":"wp","href":"https:\/\/api.w.org\/{rel}","templated":true}]}}