{"id":44220,"date":"2015-07-30T11:20:37","date_gmt":"2015-07-30T09:20:37","guid":{"rendered":"http:\/\/eldigitaldeasturias.com\/magazine365\/?p=44220"},"modified":"2015-07-30T11:20:37","modified_gmt":"2015-07-30T09:20:37","slug":"el-rioja-y-los-5-sentidos-celebra-su-20-aniversario","status":"publish","type":"post","link":"https:\/\/eldigitaldeasturias.com\/magazine365\/el-rioja-y-los-5-sentidos-celebra-su-20-aniversario\/","title":{"rendered":"&#8216;El Rioja y los 5 Sentidos&#8217; celebra su 20 aniversario"},"content":{"rendered":"<p><img fetchpriority=\"high\" decoding=\"async\" class=\"alignleft size-medium wp-image-44221\" src=\"https:\/\/eldigitaldeasturias.com\/magazine365\/wp-content\/uploads\/2015\/07\/fotonoticia_20150729131038_800-360x203.jpg\" alt=\"fotonoticia_20150729131038_800\" width=\"360\" height=\"203\" srcset=\"https:\/\/eldigitaldeasturias.com\/magazine365\/wp-content\/uploads\/2015\/07\/fotonoticia_20150729131038_800-360x203.jpg 360w, https:\/\/eldigitaldeasturias.com\/magazine365\/wp-content\/uploads\/2015\/07\/fotonoticia_20150729131038_800-650x366.jpg 650w, https:\/\/eldigitaldeasturias.com\/magazine365\/wp-content\/uploads\/2015\/07\/fotonoticia_20150729131038_800-768x432.jpg 768w, https:\/\/eldigitaldeasturias.com\/magazine365\/wp-content\/uploads\/2015\/07\/fotonoticia_20150729131038_800-150x84.jpg 150w, https:\/\/eldigitaldeasturias.com\/magazine365\/wp-content\/uploads\/2015\/07\/fotonoticia_20150729131038_800-450x253.jpg 450w, https:\/\/eldigitaldeasturias.com\/magazine365\/wp-content\/uploads\/2015\/07\/fotonoticia_20150729131038_800-696x392.jpg 696w, https:\/\/eldigitaldeasturias.com\/magazine365\/wp-content\/uploads\/2015\/07\/fotonoticia_20150729131038_800-747x420.jpg 747w, https:\/\/eldigitaldeasturias.com\/magazine365\/wp-content\/uploads\/2015\/07\/fotonoticia_20150729131038_800-499x280.jpg 499w, https:\/\/eldigitaldeasturias.com\/magazine365\/wp-content\/uploads\/2015\/07\/fotonoticia_20150729131038_800.jpg 800w\" sizes=\"(max-width: 360px) 100vw, 360px\" \/>El consejero de Agricultura, Ganader\u00eda y Medio Ambiente, \u00cd\u00f1igo Nagore, ha afirmado este mi\u00e9rcoles que la nueva edici\u00f3n del programa divulgativo de la cultura del vino &#8216;El Rioja y los 5 Sentidos&#8217;, que se celebrar\u00e1 del 1 al 19 de septiembre \u00abcuenta con un car\u00e1cter m\u00e1s festivo y popular con motivo del XX aniversario de una iniciativa que ha sabido crecer y adaptarse a las exigencias de un p\u00fablico cada vez m\u00e1s familiarizado con el mundo del vino\u00bb.<\/p>\n<p>Esta programaci\u00f3n especial &#8216;XX aniversario&#8217; ha buscado, seg\u00fan ha destacado \u00cd\u00f1igo Nagore, \u00abel equilibrio entre la siempre necesaria renovaci\u00f3n y la revisi\u00f3n de las actividades que m\u00e1s \u00e9xito tienen a\u00f1o tras a\u00f1o\u00bb. As\u00ed, se respeta el esquema que tan buen resultado ha dado en las \u00faltimas ediciones y que hace referencia a los cinco sentidos, asimil\u00e1ndolos a las actividades familiares, la did\u00e1ctica de la cata, los espect\u00e1culos, a la imagen y la gastronom\u00eda.<\/p>\n<p>Entre las actividades m\u00e1s novedosas de este a\u00f1o se encuentra la exposici\u00f3n &#8216;Parafernalia del Vino, saberes del Rioja&#8217;, que ocupar\u00e1 300 metros cuadrados en la Plaza Primero de Mayo; el Festival Internacional de Cortometrajes y la recuperaci\u00f3n de otras actividades populares, como el Tren del Vino. Se cuenta, igualmente, con nueva imagen para la actividad.<\/p>\n<p>Asimismo, el programa colabora con las bodegas del barrio de la estaci\u00f3n de Haro en la jornada que se ha organizado el 19 de septiembre para acercar los vinos y dar a conocer esta zona emblem\u00e1tica de La Rioja, en la que se concentran la mayor parte de bodegas hist\u00f3ricas de la regi\u00f3n.<\/p>\n<p>&#8216;El Rioja y los 5 Sentidos&#8217; tendr\u00e1 este a\u00f1o una presencia muy notable en las calles, con motivo de su XX aniversario. La Rioja Capital ha creado la exposici\u00f3n interactiva &#8216;La Parafernalia del Vino. Saberes del Rioja&#8217; pensada para acompa\u00f1ar al p\u00fablico local y visitante en el conocimiento sobre todo aquello que tiene que ver con el vino, pero sin su presencia f\u00edsica.<\/p>\n<p>De esta forma, se recupera una de las actividades que acompa\u00f1aron y caracterizaron al programa en sus inicios: las grandes exposiciones sobre aspectos relacionados con el vino. Esta exposici\u00f3n, adem\u00e1s, no se enmarca en ninguno de los &#8216;sentidos&#8217; en los que se estructura el programa, sino que est\u00e1 ideada para que abarque a todos ellos y, de esta forma, identificarse plenamente con todo el programa en su XX aniversario.<\/p>\n<p>NOVEDADES Y SENTIDOS.<\/p>\n<p>Empezando por las novedades, el sentido de la vista incluye el estreno del I Festival Internacional de Cortometrajes sobre Gastronom\u00eda y Vino &#8216;WIn5 Festival&#8217;. Al certamen, convocado en enero, se han presentado 62 trabajos de los que 15 ser\u00e1n evaluados por un jurado profesional y el p\u00fablico durante la secci\u00f3n oficial que se celebrar\u00e1 en la primera semana de septiembre. Finalmente, el d\u00eda 17 se celebrar\u00e1 una gala de entrega de premios.<\/p>\n<p>Junto con el cine, un cl\u00e1sico siempre bien acogido ser\u00e1 el XVII Concurso Internacional de Fotograf\u00eda sobre Vino, cuyos mejores trabajos, con mayores premios en esta edici\u00f3n de aniversario, podr\u00e1n contemplarse en la exposici\u00f3n organizada en colaboraci\u00f3n con Fundaci\u00f3n Caja Rioja-Bankia del 1 al 26 de septiembre.<\/p>\n<p>El sentido del olfato hace referencia a los aromas y a la degustaci\u00f3n del vino en la did\u00e1ctica que este a\u00f1o protagonizar\u00e1 la Cofrad\u00eda del Vino de Rioja, que volver\u00e1 a celebrar los exitosos cursos de cata de Logro\u00f1o y que, como novedad, ampliar\u00e1n el formato a las cabeceras de comarca riojanas. Tambi\u00e9n repiten, despu\u00e9s de dos exitosos a\u00f1os, las Catas Teatralizadas en el Centro de la Cultura del Rioja.<\/p>\n<p>El tacto se representar\u00e1 en el &#8216;Bicipicnic&#8217;, con su recorrido en bicicleta entre los vi\u00f1edos en La Grajera, con posterior almuerzo popular con la colaboraci\u00f3n de la Pe\u00f1a Rondalosa; y en un Festival Familiar que combinar\u00e1 espect\u00e1culos infantiles con talleres y un concierto familiar de fin de fiesta.<\/p>\n<p>Para disfrutar tambi\u00e9n en familia vuelve a programarse una actividad de gran \u00e9xito en ediciones pasadas: el Tren del Vino. Los dos primeros fines de semana de septiembre, un tren con teatralizaci\u00f3n en sus vagones recorrer\u00e1 el curso del Ebro desde Logro\u00f1o hasta Haro para visitar a las principales bodegas de la localidad. L\u00f3pez de Heredia, Muga, Cvne, Bilba\u00ednas, G\u00f3mez Cruzado, Roda, La Rioja Alta, Mart\u00ednez Lacuesta y Ram\u00f3n Bilbao.<\/p>\n<p>En cuanto al gusto, este a\u00f1o se ha programado una Sesi\u00f3n Capital Especial &#8216;El Rioja y los 5 Sentidos&#8217;, en la que se maridar\u00e1n tres vinos con tapas a base de Alimentos de La Rioja. Esta iniciativa se est\u00e1 celebrando con gran \u00e9xito cada mes, y, dada la gran demanda existente, &#8216;El Rioja y los 5 Sentidos&#8217; incluye una sesi\u00f3n especial con el doble de aforo que las habituales.<\/p>\n<p>Adem\u00e1s, como es habitual, La Rioja Capital integrar\u00e1 los productos de calidad de La Rioja en diversas actividades, a trav\u00e9s de la nueva campa\u00f1a de promoci\u00f3n agroalimentaria &#8216;Alimentos de La Rioja. Calidad Garantizada&#8217;.<\/p>\n<p>Por \u00faltimo, el o\u00eddo. Uno de los sentidos m\u00e1s atractivos de la programaci\u00f3n y uno de los que m\u00e1s han crecido en los \u00faltimos a\u00f1os. De nuevo, dos grandes actuaciones servir\u00e1n de gancho para el gran p\u00fablico en Riojaforum. La primera, el 11 de septiembre, en una velada de humor con Dani Mart\u00ednez, Juli\u00e1n L\u00f3pez e I\u00f1aki Urrutia. La segunda, como cierre de programa, el d\u00eda 19, concierto de Vanesa Mart\u00edn, secundada por Mikel Erentxun y Amaia Montero en el repaso a sus grandes \u00e9xitos.<\/p>\n<p>ESPECTACULOS EN BODEGAS.<\/p>\n<p>Pero el origen de &#8216;El Rioja y los 5 Sentidos&#8217; se sit\u00faa en las bodegas, con espect\u00e1culos de peque\u00f1o y mediano formato que este a\u00f1o acoger\u00e1n m\u00fasica y teatro, con la programaci\u00f3n de tres funciones (12, 18 y 20 horas) los s\u00e1bados y de una \u00fanica funci\u00f3n (12.00 horas) los domingos. As\u00ed, el s\u00e1bado 5, las bodegas Tob\u00eda, Onta\u00f1\u00f3n y Patrocinio acoger\u00e1n los conciertos de Yaima Orozco y Alfred Artigas y de El Kanka, y la representaci\u00f3n de Un Crimen entre Barricas, en tres pases.<\/p>\n<p>El domingo 6 el turno ser\u00e1 para una \u00fanica funci\u00f3n de Rozal\u00e9n en Se\u00f1or\u00edo de San Vicente; el s\u00e1bado 12, otras tres funciones por bodega para las actuaciones de Hermanos Oligor, Wax &amp; Boogie y Terela Strings and Songs, en La Grajera, Bodega Institucional, en Puelles y en Paco Garc\u00eda. Para cerrar, el domingo 13 se celebrar\u00e1 el concierto de Aurora &amp; The Betrayers, en bodegas Montecillo.<\/p>\n<p>La Cata del Barrio de La Estaci\u00f3n ser\u00e1 otra de las grandes novedades de esta edici\u00f3n. &#8216;El Rioja y los 5 Sentidos&#8217; colaborar\u00e1 con la Asociaci\u00f3n para el Desarrollo Tur\u00edstico del Barrio de La Estaci\u00f3n la jornada popular que se celebrar\u00e1 en este emblem\u00e1tico espacio del vino de Haro el d\u00eda 19 de septiembre.<\/p>\n<p>&#8216;El Rioja y los 5 Sentidos&#8217; pondr\u00e1 a la venta las entradas de la programaci\u00f3n por internet (www.lariojacapital.com) y de forma presencial en las taquillas de Riojaforum a partir del 14 de agosto. Las entradas de la Cata del Barrio de la Estaci\u00f3n estar\u00e1n a la venta en internet desde el 29 de julio.<\/p>\n","protected":false},"excerpt":{"rendered":"<p>El consejero de Agricultura, Ganader\u00eda y Medio Ambiente, \u00cd\u00f1igo Nagore, ha afirmado este mi\u00e9rcoles que la nueva edici\u00f3n del programa divulgativo de la cultura del vino &#8216;El Rioja y los 5 Sentidos&#8217;, que se celebrar\u00e1 del 1 al 19 de septiembre \u00abcuenta con un car\u00e1cter m\u00e1s festivo y popular con motivo del XX aniversario de<\/p>\n","protected":false},"author":1,"featured_media":44221,"comment_status":"open","ping_status":"closed","sticky":false,"template":"","format":"standard","meta":{"footnotes":""},"categories":[224],"tags":[],"class_list":{"0":"post-44220","1":"post","2":"type-post","3":"status-publish","4":"format-standard","5":"has-post-thumbnail","7":"category-noticias-actualidad"},"aioseo_notices":[],"aioseo_head":"\n\t\t<!-- All in One SEO Pro 4.9.6.1 - aioseo.com -->\n\t<meta name=\"description\" content=\"El consejero de Agricultura, Ganader\u00eda y Medio Ambiente, \u00cd\u00f1igo Nagore, ha afirmado este mi\u00e9rcoles que la nueva edici\u00f3n del programa divulgativo de la cultura del vino &#039;El Rioja y los 5 Sentidos&#039;, que se celebrar\u00e1 del 1 al 19 de septiembre &quot;cuenta con un car\u00e1cter m\u00e1s festivo y popular con motivo del XX aniversario de\" \/>\n\t<meta name=\"robots\" content=\"max-image-preview:large\" \/>\n\t<meta name=\"author\" content=\"admin\"\/>\n\t<meta name=\"google-site-verification\" content=\"UA-38556648-1\" \/>\n\t<meta name=\"keywords\" content=\"noticias y actualidad\" \/>\n\t<link rel=\"canonical\" href=\"https:\/\/eldigitaldeasturias.com\/magazine365\/el-rioja-y-los-5-sentidos-celebra-su-20-aniversario\/\" \/>\n\t<meta name=\"generator\" content=\"All in One SEO Pro (AIOSEO) 4.9.6.1\" \/>\n\t\t<meta property=\"og:locale\" content=\"es_ES\" \/>\n\t\t<meta property=\"og:site_name\" content=\"El Digital de Asturias \u2013 Revista de ocio, turismo y estilo de vida\" \/>\n\t\t<meta property=\"og:type\" content=\"article\" \/>\n\t\t<meta property=\"og:title\" content=\"\u2018El Rioja y los 5 Sentidos\u2019 celebra su 20 aniversario | El Digital de Asturias\" \/>\n\t\t<meta property=\"og:description\" content=\"El consejero de Agricultura, Ganader\u00eda y Medio Ambiente, \u00cd\u00f1igo Nagore, ha afirmado este mi\u00e9rcoles que la nueva edici\u00f3n del programa divulgativo de la cultura del vino &#039;El Rioja y los 5 Sentidos&#039;, que se celebrar\u00e1 del 1 al 19 de septiembre &quot;cuenta con un car\u00e1cter m\u00e1s festivo y popular con motivo del XX aniversario de\" \/>\n\t\t<meta property=\"og:url\" content=\"https:\/\/eldigitaldeasturias.com\/magazine365\/el-rioja-y-los-5-sentidos-celebra-su-20-aniversario\/\" \/>\n\t\t<meta property=\"og:image\" content=\"https:\/\/eldigitaldeasturias.com\/magazine365\/wp-content\/uploads\/2015\/07\/fotonoticia_20150729131038_800.jpg\" \/>\n\t\t<meta property=\"og:image:secure_url\" content=\"https:\/\/eldigitaldeasturias.com\/magazine365\/wp-content\/uploads\/2015\/07\/fotonoticia_20150729131038_800.jpg\" \/>\n\t\t<meta property=\"og:image:width\" content=\"800\" \/>\n\t\t<meta property=\"og:image:height\" content=\"450\" \/>\n\t\t<meta property=\"article:published_time\" content=\"2015-07-30T09:20:37+00:00\" \/>\n\t\t<meta property=\"article:modified_time\" content=\"2015-07-30T09:20:37+00:00\" \/>\n\t\t<meta name=\"twitter:card\" content=\"summary_large_image\" \/>\n\t\t<meta name=\"twitter:title\" content=\"\u2018El Rioja y los 5 Sentidos\u2019 celebra su 20 aniversario | El Digital de Asturias\" \/>\n\t\t<meta name=\"twitter:description\" content=\"El consejero de Agricultura, Ganader\u00eda y Medio Ambiente, \u00cd\u00f1igo Nagore, ha afirmado este mi\u00e9rcoles que la nueva edici\u00f3n del programa divulgativo de la cultura del vino &#039;El Rioja y los 5 Sentidos&#039;, que se celebrar\u00e1 del 1 al 19 de septiembre &quot;cuenta con un car\u00e1cter m\u00e1s festivo y popular con motivo del XX aniversario de\" \/>\n\t\t<meta name=\"twitter:image\" content=\"https:\/\/eldigitaldeasturias.com\/magazine365\/wp-content\/uploads\/2015\/07\/fotonoticia_20150729131038_800.jpg\" \/>\n\t\t<script type=\"application\/ld+json\" class=\"aioseo-schema\">\n\t\t\t{\"@context\":\"https:\\\/\\\/schema.org\",\"@graph\":[{\"@type\":\"Article\",\"@id\":\"https:\\\/\\\/eldigitaldeasturias.com\\\/magazine365\\\/el-rioja-y-los-5-sentidos-celebra-su-20-aniversario\\\/#article\",\"name\":\"\\u2018El Rioja y los 5 Sentidos\\u2019 celebra su 20 aniversario | El Digital de Asturias\",\"headline\":\"&#8216;El Rioja y los 5 Sentidos&#8217; celebra su 20 aniversario\",\"author\":{\"@id\":\"https:\\\/\\\/eldigitaldeasturias.com\\\/magazine365\\\/author\\\/admin\\\/#author\"},\"publisher\":{\"@id\":\"https:\\\/\\\/eldigitaldeasturias.com\\\/magazine365\\\/#organization\"},\"image\":{\"@type\":\"ImageObject\",\"url\":\"https:\\\/\\\/eldigitaldeasturias.com\\\/magazine365\\\/wp-content\\\/uploads\\\/2015\\\/07\\\/fotonoticia_20150729131038_800.jpg\",\"width\":800,\"height\":450},\"datePublished\":\"2015-07-30T11:20:37+02:00\",\"dateModified\":\"2015-07-30T11:20:37+02:00\",\"inLanguage\":\"es-ES\",\"mainEntityOfPage\":{\"@id\":\"https:\\\/\\\/eldigitaldeasturias.com\\\/magazine365\\\/el-rioja-y-los-5-sentidos-celebra-su-20-aniversario\\\/#webpage\"},\"isPartOf\":{\"@id\":\"https:\\\/\\\/eldigitaldeasturias.com\\\/magazine365\\\/el-rioja-y-los-5-sentidos-celebra-su-20-aniversario\\\/#webpage\"},\"articleSection\":\"Noticias y Actualidad\"},{\"@type\":\"BreadcrumbList\",\"@id\":\"https:\\\/\\\/eldigitaldeasturias.com\\\/magazine365\\\/el-rioja-y-los-5-sentidos-celebra-su-20-aniversario\\\/#breadcrumblist\",\"itemListElement\":[{\"@type\":\"ListItem\",\"@id\":\"https:\\\/\\\/eldigitaldeasturias.com\\\/magazine365#listItem\",\"position\":1,\"name\":\"Home\",\"item\":\"https:\\\/\\\/eldigitaldeasturias.com\\\/magazine365\",\"nextItem\":{\"@type\":\"ListItem\",\"@id\":\"https:\\\/\\\/eldigitaldeasturias.com\\\/magazine365\\\/category\\\/noticias-actualidad\\\/#listItem\",\"name\":\"Noticias y Actualidad\"}},{\"@type\":\"ListItem\",\"@id\":\"https:\\\/\\\/eldigitaldeasturias.com\\\/magazine365\\\/category\\\/noticias-actualidad\\\/#listItem\",\"position\":2,\"name\":\"Noticias y Actualidad\",\"item\":\"https:\\\/\\\/eldigitaldeasturias.com\\\/magazine365\\\/category\\\/noticias-actualidad\\\/\",\"nextItem\":{\"@type\":\"ListItem\",\"@id\":\"https:\\\/\\\/eldigitaldeasturias.com\\\/magazine365\\\/el-rioja-y-los-5-sentidos-celebra-su-20-aniversario\\\/#listItem\",\"name\":\"&#8216;El Rioja y los 5 Sentidos&#8217; celebra su 20 aniversario\"},\"previousItem\":{\"@type\":\"ListItem\",\"@id\":\"https:\\\/\\\/eldigitaldeasturias.com\\\/magazine365#listItem\",\"name\":\"Home\"}},{\"@type\":\"ListItem\",\"@id\":\"https:\\\/\\\/eldigitaldeasturias.com\\\/magazine365\\\/el-rioja-y-los-5-sentidos-celebra-su-20-aniversario\\\/#listItem\",\"position\":3,\"name\":\"&#8216;El Rioja y los 5 Sentidos&#8217; celebra su 20 aniversario\",\"previousItem\":{\"@type\":\"ListItem\",\"@id\":\"https:\\\/\\\/eldigitaldeasturias.com\\\/magazine365\\\/category\\\/noticias-actualidad\\\/#listItem\",\"name\":\"Noticias y Actualidad\"}}]},{\"@type\":\"Organization\",\"@id\":\"https:\\\/\\\/eldigitaldeasturias.com\\\/magazine365\\\/#organization\",\"name\":\"El digital de Asturias\",\"description\":\"Revista de ocio, turismo y estilo de vida\",\"url\":\"https:\\\/\\\/eldigitaldeasturias.com\\\/magazine365\\\/\",\"logo\":{\"@type\":\"ImageObject\",\"url\":\"https:\\\/\\\/www.eldigitaldeasturias.com\\\/noticias\\\/wp-content\\\/uploads\\\/2020\\\/12\\\/EDA.jpg\",\"@id\":\"https:\\\/\\\/eldigitaldeasturias.com\\\/magazine365\\\/el-rioja-y-los-5-sentidos-celebra-su-20-aniversario\\\/#organizationLogo\"},\"image\":{\"@id\":\"https:\\\/\\\/eldigitaldeasturias.com\\\/magazine365\\\/el-rioja-y-los-5-sentidos-celebra-su-20-aniversario\\\/#organizationLogo\"}},{\"@type\":\"Person\",\"@id\":\"https:\\\/\\\/eldigitaldeasturias.com\\\/magazine365\\\/author\\\/admin\\\/#author\",\"url\":\"https:\\\/\\\/eldigitaldeasturias.com\\\/magazine365\\\/author\\\/admin\\\/\",\"name\":\"admin\",\"image\":{\"@type\":\"ImageObject\",\"@id\":\"https:\\\/\\\/eldigitaldeasturias.com\\\/magazine365\\\/el-rioja-y-los-5-sentidos-celebra-su-20-aniversario\\\/#authorImage\",\"url\":\"https:\\\/\\\/eldigitaldeasturias.com\\\/magazine365\\\/wp-content\\\/litespeed\\\/avatar\\\/e571bcf59a0edd6fa6838245a470f2fe.jpg?ver=1777574230\",\"width\":96,\"height\":96,\"caption\":\"admin\"}},{\"@type\":\"WebPage\",\"@id\":\"https:\\\/\\\/eldigitaldeasturias.com\\\/magazine365\\\/el-rioja-y-los-5-sentidos-celebra-su-20-aniversario\\\/#webpage\",\"url\":\"https:\\\/\\\/eldigitaldeasturias.com\\\/magazine365\\\/el-rioja-y-los-5-sentidos-celebra-su-20-aniversario\\\/\",\"name\":\"\\u2018El Rioja y los 5 Sentidos\\u2019 celebra su 20 aniversario | El Digital de Asturias\",\"description\":\"El consejero de Agricultura, Ganader\\u00eda y Medio Ambiente, \\u00cd\\u00f1igo Nagore, ha afirmado este mi\\u00e9rcoles que la nueva edici\\u00f3n del programa divulgativo de la cultura del vino 'El Rioja y los 5 Sentidos', que se celebrar\\u00e1 del 1 al 19 de septiembre \\\"cuenta con un car\\u00e1cter m\\u00e1s festivo y popular con motivo del XX aniversario de\",\"inLanguage\":\"es-ES\",\"isPartOf\":{\"@id\":\"https:\\\/\\\/eldigitaldeasturias.com\\\/magazine365\\\/#website\"},\"breadcrumb\":{\"@id\":\"https:\\\/\\\/eldigitaldeasturias.com\\\/magazine365\\\/el-rioja-y-los-5-sentidos-celebra-su-20-aniversario\\\/#breadcrumblist\"},\"author\":{\"@id\":\"https:\\\/\\\/eldigitaldeasturias.com\\\/magazine365\\\/author\\\/admin\\\/#author\"},\"creator\":{\"@id\":\"https:\\\/\\\/eldigitaldeasturias.com\\\/magazine365\\\/author\\\/admin\\\/#author\"},\"image\":{\"@type\":\"ImageObject\",\"url\":\"https:\\\/\\\/eldigitaldeasturias.com\\\/magazine365\\\/wp-content\\\/uploads\\\/2015\\\/07\\\/fotonoticia_20150729131038_800.jpg\",\"@id\":\"https:\\\/\\\/eldigitaldeasturias.com\\\/magazine365\\\/el-rioja-y-los-5-sentidos-celebra-su-20-aniversario\\\/#mainImage\",\"width\":800,\"height\":450},\"primaryImageOfPage\":{\"@id\":\"https:\\\/\\\/eldigitaldeasturias.com\\\/magazine365\\\/el-rioja-y-los-5-sentidos-celebra-su-20-aniversario\\\/#mainImage\"},\"datePublished\":\"2015-07-30T11:20:37+02:00\",\"dateModified\":\"2015-07-30T11:20:37+02:00\"},{\"@type\":\"WebSite\",\"@id\":\"https:\\\/\\\/eldigitaldeasturias.com\\\/magazine365\\\/#website\",\"url\":\"https:\\\/\\\/eldigitaldeasturias.com\\\/magazine365\\\/\",\"name\":\"El Digital de Asturias\",\"description\":\"Revista de ocio, turismo y estilo de vida\",\"inLanguage\":\"es-ES\",\"publisher\":{\"@id\":\"https:\\\/\\\/eldigitaldeasturias.com\\\/magazine365\\\/#organization\"}}]}\n\t\t<\/script>\n\t\t<!-- All in One SEO Pro -->\r\n\t\t<title>\u2018El Rioja y los 5 Sentidos\u2019 celebra su 20 aniversario | El Digital de Asturias<\/title>\n\n","aioseo_head_json":{"title":"\u2018El Rioja y los 5 Sentidos\u2019 celebra su 20 aniversario | El Digital de Asturias","description":"El consejero de Agricultura, Ganader\u00eda y Medio Ambiente, \u00cd\u00f1igo Nagore, ha afirmado este mi\u00e9rcoles que la nueva edici\u00f3n del programa divulgativo de la cultura del vino 'El Rioja y los 5 Sentidos', que se celebrar\u00e1 del 1 al 19 de septiembre \"cuenta con un car\u00e1cter m\u00e1s festivo y popular con motivo del XX aniversario de","canonical_url":"https:\/\/eldigitaldeasturias.com\/magazine365\/el-rioja-y-los-5-sentidos-celebra-su-20-aniversario\/","robots":"max-image-preview:large","keywords":"noticias y actualidad","webmasterTools":{"google-site-verification":"UA-38556648-1","miscellaneous":""},"schema":{"@context":"https:\/\/schema.org","@graph":[{"@type":"Article","@id":"https:\/\/eldigitaldeasturias.com\/magazine365\/el-rioja-y-los-5-sentidos-celebra-su-20-aniversario\/#article","name":"\u2018El Rioja y los 5 Sentidos\u2019 celebra su 20 aniversario | El Digital de Asturias","headline":"&#8216;El Rioja y los 5 Sentidos&#8217; celebra su 20 aniversario","author":{"@id":"https:\/\/eldigitaldeasturias.com\/magazine365\/author\/admin\/#author"},"publisher":{"@id":"https:\/\/eldigitaldeasturias.com\/magazine365\/#organization"},"image":{"@type":"ImageObject","url":"https:\/\/eldigitaldeasturias.com\/magazine365\/wp-content\/uploads\/2015\/07\/fotonoticia_20150729131038_800.jpg","width":800,"height":450},"datePublished":"2015-07-30T11:20:37+02:00","dateModified":"2015-07-30T11:20:37+02:00","inLanguage":"es-ES","mainEntityOfPage":{"@id":"https:\/\/eldigitaldeasturias.com\/magazine365\/el-rioja-y-los-5-sentidos-celebra-su-20-aniversario\/#webpage"},"isPartOf":{"@id":"https:\/\/eldigitaldeasturias.com\/magazine365\/el-rioja-y-los-5-sentidos-celebra-su-20-aniversario\/#webpage"},"articleSection":"Noticias y Actualidad"},{"@type":"BreadcrumbList","@id":"https:\/\/eldigitaldeasturias.com\/magazine365\/el-rioja-y-los-5-sentidos-celebra-su-20-aniversario\/#breadcrumblist","itemListElement":[{"@type":"ListItem","@id":"https:\/\/eldigitaldeasturias.com\/magazine365#listItem","position":1,"name":"Home","item":"https:\/\/eldigitaldeasturias.com\/magazine365","nextItem":{"@type":"ListItem","@id":"https:\/\/eldigitaldeasturias.com\/magazine365\/category\/noticias-actualidad\/#listItem","name":"Noticias y Actualidad"}},{"@type":"ListItem","@id":"https:\/\/eldigitaldeasturias.com\/magazine365\/category\/noticias-actualidad\/#listItem","position":2,"name":"Noticias y Actualidad","item":"https:\/\/eldigitaldeasturias.com\/magazine365\/category\/noticias-actualidad\/","nextItem":{"@type":"ListItem","@id":"https:\/\/eldigitaldeasturias.com\/magazine365\/el-rioja-y-los-5-sentidos-celebra-su-20-aniversario\/#listItem","name":"&#8216;El Rioja y los 5 Sentidos&#8217; celebra su 20 aniversario"},"previousItem":{"@type":"ListItem","@id":"https:\/\/eldigitaldeasturias.com\/magazine365#listItem","name":"Home"}},{"@type":"ListItem","@id":"https:\/\/eldigitaldeasturias.com\/magazine365\/el-rioja-y-los-5-sentidos-celebra-su-20-aniversario\/#listItem","position":3,"name":"&#8216;El Rioja y los 5 Sentidos&#8217; celebra su 20 aniversario","previousItem":{"@type":"ListItem","@id":"https:\/\/eldigitaldeasturias.com\/magazine365\/category\/noticias-actualidad\/#listItem","name":"Noticias y Actualidad"}}]},{"@type":"Organization","@id":"https:\/\/eldigitaldeasturias.com\/magazine365\/#organization","name":"El digital de Asturias","description":"Revista de ocio, turismo y estilo de vida","url":"https:\/\/eldigitaldeasturias.com\/magazine365\/","logo":{"@type":"ImageObject","url":"https:\/\/www.eldigitaldeasturias.com\/noticias\/wp-content\/uploads\/2020\/12\/EDA.jpg","@id":"https:\/\/eldigitaldeasturias.com\/magazine365\/el-rioja-y-los-5-sentidos-celebra-su-20-aniversario\/#organizationLogo"},"image":{"@id":"https:\/\/eldigitaldeasturias.com\/magazine365\/el-rioja-y-los-5-sentidos-celebra-su-20-aniversario\/#organizationLogo"}},{"@type":"Person","@id":"https:\/\/eldigitaldeasturias.com\/magazine365\/author\/admin\/#author","url":"https:\/\/eldigitaldeasturias.com\/magazine365\/author\/admin\/","name":"admin","image":{"@type":"ImageObject","@id":"https:\/\/eldigitaldeasturias.com\/magazine365\/el-rioja-y-los-5-sentidos-celebra-su-20-aniversario\/#authorImage","url":"https:\/\/eldigitaldeasturias.com\/magazine365\/wp-content\/litespeed\/avatar\/e571bcf59a0edd6fa6838245a470f2fe.jpg?ver=1777574230","width":96,"height":96,"caption":"admin"}},{"@type":"WebPage","@id":"https:\/\/eldigitaldeasturias.com\/magazine365\/el-rioja-y-los-5-sentidos-celebra-su-20-aniversario\/#webpage","url":"https:\/\/eldigitaldeasturias.com\/magazine365\/el-rioja-y-los-5-sentidos-celebra-su-20-aniversario\/","name":"\u2018El Rioja y los 5 Sentidos\u2019 celebra su 20 aniversario | El Digital de Asturias","description":"El consejero de Agricultura, Ganader\u00eda y Medio Ambiente, \u00cd\u00f1igo Nagore, ha afirmado este mi\u00e9rcoles que la nueva edici\u00f3n del programa divulgativo de la cultura del vino 'El Rioja y los 5 Sentidos', que se celebrar\u00e1 del 1 al 19 de septiembre \"cuenta con un car\u00e1cter m\u00e1s festivo y popular con motivo del XX aniversario de","inLanguage":"es-ES","isPartOf":{"@id":"https:\/\/eldigitaldeasturias.com\/magazine365\/#website"},"breadcrumb":{"@id":"https:\/\/eldigitaldeasturias.com\/magazine365\/el-rioja-y-los-5-sentidos-celebra-su-20-aniversario\/#breadcrumblist"},"author":{"@id":"https:\/\/eldigitaldeasturias.com\/magazine365\/author\/admin\/#author"},"creator":{"@id":"https:\/\/eldigitaldeasturias.com\/magazine365\/author\/admin\/#author"},"image":{"@type":"ImageObject","url":"https:\/\/eldigitaldeasturias.com\/magazine365\/wp-content\/uploads\/2015\/07\/fotonoticia_20150729131038_800.jpg","@id":"https:\/\/eldigitaldeasturias.com\/magazine365\/el-rioja-y-los-5-sentidos-celebra-su-20-aniversario\/#mainImage","width":800,"height":450},"primaryImageOfPage":{"@id":"https:\/\/eldigitaldeasturias.com\/magazine365\/el-rioja-y-los-5-sentidos-celebra-su-20-aniversario\/#mainImage"},"datePublished":"2015-07-30T11:20:37+02:00","dateModified":"2015-07-30T11:20:37+02:00"},{"@type":"WebSite","@id":"https:\/\/eldigitaldeasturias.com\/magazine365\/#website","url":"https:\/\/eldigitaldeasturias.com\/magazine365\/","name":"El Digital de Asturias","description":"Revista de ocio, turismo y estilo de vida","inLanguage":"es-ES","publisher":{"@id":"https:\/\/eldigitaldeasturias.com\/magazine365\/#organization"}}]},"og:locale":"es_ES","og:site_name":"El Digital de Asturias \u2013 Revista de ocio, turismo y estilo de vida","og:type":"article","og:title":"\u2018El Rioja y los 5 Sentidos\u2019 celebra su 20 aniversario | El Digital de Asturias","og:description":"El consejero de Agricultura, Ganader\u00eda y Medio Ambiente, \u00cd\u00f1igo Nagore, ha afirmado este mi\u00e9rcoles que la nueva edici\u00f3n del programa divulgativo de la cultura del vino 'El Rioja y los 5 Sentidos', que se celebrar\u00e1 del 1 al 19 de septiembre &quot;cuenta con un car\u00e1cter m\u00e1s festivo y popular con motivo del XX aniversario de","og:url":"https:\/\/eldigitaldeasturias.com\/magazine365\/el-rioja-y-los-5-sentidos-celebra-su-20-aniversario\/","og:image":"https:\/\/eldigitaldeasturias.com\/magazine365\/wp-content\/uploads\/2015\/07\/fotonoticia_20150729131038_800.jpg","og:image:secure_url":"https:\/\/eldigitaldeasturias.com\/magazine365\/wp-content\/uploads\/2015\/07\/fotonoticia_20150729131038_800.jpg","og:image:width":800,"og:image:height":450,"article:published_time":"2015-07-30T09:20:37+00:00","article:modified_time":"2015-07-30T09:20:37+00:00","twitter:card":"summary_large_image","twitter:title":"\u2018El Rioja y los 5 Sentidos\u2019 celebra su 20 aniversario | El Digital de Asturias","twitter:description":"El consejero de Agricultura, Ganader\u00eda y Medio Ambiente, \u00cd\u00f1igo Nagore, ha afirmado este mi\u00e9rcoles que la nueva edici\u00f3n del programa divulgativo de la cultura del vino 'El Rioja y los 5 Sentidos', que se celebrar\u00e1 del 1 al 19 de septiembre &quot;cuenta con un car\u00e1cter m\u00e1s festivo y popular con motivo del XX aniversario de","twitter:image":"https:\/\/eldigitaldeasturias.com\/magazine365\/wp-content\/uploads\/2015\/07\/fotonoticia_20150729131038_800.jpg"},"aioseo_meta_data":{"post_id":"44220","title":null,"description":null,"keywords":null,"keyphrases":null,"primary_term":null,"canonical_url":null,"og_title":null,"og_description":null,"og_object_type":"default","og_image_type":"default","og_image_url":null,"og_image_width":null,"og_image_height":null,"og_image_custom_url":null,"og_image_custom_fields":null,"og_video":null,"og_custom_url":null,"og_article_section":null,"og_article_tags":null,"twitter_use_og":false,"twitter_card":"default","twitter_image_type":"default","twitter_image_url":null,"twitter_image_custom_url":null,"twitter_image_custom_fields":null,"twitter_title":null,"twitter_description":null,"schema":{"blockGraphs":[],"customGraphs":[],"default":{"data":{"Article":[],"Course":[],"Dataset":[],"FAQPage":[],"Movie":[],"Person":[],"Product":[],"ProductReview":[],"Car":[],"Recipe":[],"Service":[],"SoftwareApplication":[],"WebPage":[]},"graphName":"","isEnabled":true},"graphs":[],"defaultGraph":"","defaultPostTypeGraph":""},"schema_type":null,"schema_type_options":null,"pillar_content":false,"robots_default":true,"robots_noindex":false,"robots_noarchive":false,"robots_nosnippet":false,"robots_nofollow":false,"robots_noimageindex":false,"robots_noodp":false,"robots_notranslate":false,"robots_max_snippet":null,"robots_max_videopreview":null,"robots_max_imagepreview":"large","priority":null,"frequency":null,"location":null,"local_seo":null,"seo_analyzer_scan_date":"2025-09-19 21:30:51","breadcrumb_settings":null,"limit_modified_date":false,"open_ai":null,"ai":null,"created":"2021-03-08 16:48:06","updated":"2025-09-19 21:30:51"},"aioseo_breadcrumb":"<div class=\"aioseo-breadcrumbs\"><span class=\"aioseo-breadcrumb\">\n\t<a href=\"https:\/\/eldigitaldeasturias.com\/magazine365\" title=\"Home\">Home<\/a>\n<\/span><span class=\"aioseo-breadcrumb-separator\">\u2013<\/span><span class=\"aioseo-breadcrumb\">\n\t<a href=\"https:\/\/eldigitaldeasturias.com\/magazine365\/category\/noticias-actualidad\/\" title=\"Noticias y Actualidad\">Noticias y Actualidad<\/a>\n<\/span><span class=\"aioseo-breadcrumb-separator\">\u2013<\/span><span class=\"aioseo-breadcrumb\">\n\t<a href=\"https:\/\/eldigitaldeasturias.com\/magazine365\/el-rioja-y-los-5-sentidos-celebra-su-20-aniversario\/\" title=\"\u2018El Rioja y los 5 Sentidos\u2019 celebra su 20 aniversario\">\u2018El Rioja y los 5 Sentidos\u2019 celebra su 20 aniversario<\/a>\n<\/span><\/div>","aioseo_breadcrumb_json":[{"label":"Home","link":"https:\/\/eldigitaldeasturias.com\/magazine365"},{"label":"Noticias y Actualidad","link":"https:\/\/eldigitaldeasturias.com\/magazine365\/category\/noticias-actualidad\/"},{"label":"&#8216;El Rioja y los 5 Sentidos&#8217; celebra su 20 aniversario","link":"https:\/\/eldigitaldeasturias.com\/magazine365\/el-rioja-y-los-5-sentidos-celebra-su-20-aniversario\/"}],"_links":{"self":[{"href":"https:\/\/eldigitaldeasturias.com\/magazine365\/wp-json\/wp\/v2\/posts\/44220","targetHints":{"allow":["GET"]}}],"collection":[{"href":"https:\/\/eldigitaldeasturias.com\/magazine365\/wp-json\/wp\/v2\/posts"}],"about":[{"href":"https:\/\/eldigitaldeasturias.com\/magazine365\/wp-json\/wp\/v2\/types\/post"}],"author":[{"embeddable":true,"href":"https:\/\/eldigitaldeasturias.com\/magazine365\/wp-json\/wp\/v2\/users\/1"}],"replies":[{"embeddable":true,"href":"https:\/\/eldigitaldeasturias.com\/magazine365\/wp-json\/wp\/v2\/comments?post=44220"}],"version-history":[{"count":0,"href":"https:\/\/eldigitaldeasturias.com\/magazine365\/wp-json\/wp\/v2\/posts\/44220\/revisions"}],"wp:featuredmedia":[{"embeddable":true,"href":"https:\/\/eldigitaldeasturias.com\/magazine365\/wp-json\/wp\/v2\/media\/44221"}],"wp:attachment":[{"href":"https:\/\/eldigitaldeasturias.com\/magazine365\/wp-json\/wp\/v2\/media?parent=44220"}],"wp:term":[{"taxonomy":"category","embeddable":true,"href":"https:\/\/eldigitaldeasturias.com\/magazine365\/wp-json\/wp\/v2\/categories?post=44220"},{"taxonomy":"post_tag","embeddable":true,"href":"https:\/\/eldigitaldeasturias.com\/magazine365\/wp-json\/wp\/v2\/tags?post=44220"}],"curies":[{"name":"wp","href":"https:\/\/api.w.org\/{rel}","templated":true}]}}