{"id":44199,"date":"2015-07-30T10:48:57","date_gmt":"2015-07-30T08:48:57","guid":{"rendered":"http:\/\/eldigitaldeasturias.com\/magazine365\/?p=44199"},"modified":"2015-07-30T10:48:57","modified_gmt":"2015-07-30T08:48:57","slug":"un-tren-ave-directo-unira-sevilla-y-alicante-los-martes","status":"publish","type":"post","link":"https:\/\/eldigitaldeasturias.com\/magazine365\/un-tren-ave-directo-unira-sevilla-y-alicante-los-martes\/","title":{"rendered":"Un tren AVE directo unir\u00e1 Sevilla y Alicante los martes"},"content":{"rendered":"<p><img fetchpriority=\"high\" decoding=\"async\" class=\"alignleft size-medium wp-image-44200\" src=\"https:\/\/eldigitaldeasturias.com\/magazine365\/wp-content\/uploads\/2015\/07\/fotonoticia_20150729120742_800-202x300.jpg\" alt=\"fotonoticia_20150729120742_800\" width=\"202\" height=\"300\" srcset=\"https:\/\/eldigitaldeasturias.com\/magazine365\/wp-content\/uploads\/2015\/07\/fotonoticia_20150729120742_800-202x300.jpg 202w, https:\/\/eldigitaldeasturias.com\/magazine365\/wp-content\/uploads\/2015\/07\/fotonoticia_20150729120742_800-431x640.jpg 431w, https:\/\/eldigitaldeasturias.com\/magazine365\/wp-content\/uploads\/2015\/07\/fotonoticia_20150729120742_800-768x1140.jpg 768w, https:\/\/eldigitaldeasturias.com\/magazine365\/wp-content\/uploads\/2015\/07\/fotonoticia_20150729120742_800-150x223.jpg 150w, https:\/\/eldigitaldeasturias.com\/magazine365\/wp-content\/uploads\/2015\/07\/fotonoticia_20150729120742_800-450x668.jpg 450w, https:\/\/eldigitaldeasturias.com\/magazine365\/wp-content\/uploads\/2015\/07\/fotonoticia_20150729120742_800-696x1034.jpg 696w, https:\/\/eldigitaldeasturias.com\/magazine365\/wp-content\/uploads\/2015\/07\/fotonoticia_20150729120742_800-283x420.jpg 283w, https:\/\/eldigitaldeasturias.com\/magazine365\/wp-content\/uploads\/2015\/07\/fotonoticia_20150729120742_800.jpg 800w\" sizes=\"(max-width: 202px) 100vw, 202px\" \/>Renfe pondr\u00e1 en circulaci\u00f3n a partir de este viernes 31 de julio los trenes AVE entre Alicante y Sevilla, destinados a atender el aumento de la demanda que se produce entre ambas zonas de Espa\u00f1a durante el verano.<\/p>\n<p>Seg\u00fan informa la compa\u00f1\u00eda, esta nueva circulaci\u00f3n prestar\u00e1 servicio, en ambos sentidos, martes, viernes y domingos hasta el pr\u00f3ximo 30 de agosto. Desde Sevilla, los trenes saldr\u00e1n a las 9.10 horas y desde Alicante a las 16.00 horas.<\/p>\n<p>El tiempo de viaje ser\u00e1 de 4 horas 39 minutos para los Sevilla-Alicante y de 4 horas 42 minutos para los Alicante-Sevilla. Todos los trenes tendr\u00e1n paradas intermedias en C\u00f3rdoba, Puertollano, Ciudad Real, Cuenca, Albacete y Villena.<\/p>\n<p>Los billetes est\u00e1n a la venta en los canales habituales (www.renfe.com, tel\u00e9fono 902 320 320, puntos de venta en estaciones y agencias de viaje).<\/p>\n<p>REFUERZOS ANDALUC\u00cdA-COMUNIDAD VALENCIANA.<\/p>\n<p>Renfe ha puesto en servicio una programaci\u00f3n especial para el periodo estival entre Valencia, Cuenca, C\u00f3rdoba y M\u00e1laga que supera las 2.800 plazas semanales.<\/p>\n<p>Hasta el 10 de septiembre, habr\u00e1 un servicio directo cada d\u00eda desde M\u00e1laga hacia C\u00f3rdoba y Valencia, excepto los lunes; mientras que en sentido inverso, desde Valencia hacia C\u00f3rdoba y la Costa del Sol, los trenes circular\u00e1n a diario excepto s\u00e1bados.<\/p>\n","protected":false},"excerpt":{"rendered":"<p>Renfe pondr\u00e1 en circulaci\u00f3n a partir de este viernes 31 de julio los trenes AVE entre Alicante y Sevilla, destinados a atender el aumento de la demanda que se produce entre ambas zonas de Espa\u00f1a durante el verano. Seg\u00fan informa la compa\u00f1\u00eda, esta nueva circulaci\u00f3n prestar\u00e1 servicio, en ambos sentidos, martes, viernes y domingos hasta<\/p>\n","protected":false},"author":1,"featured_media":44200,"comment_status":"open","ping_status":"closed","sticky":false,"template":"","format":"standard","meta":{"footnotes":""},"categories":[224],"tags":[],"class_list":{"0":"post-44199","1":"post","2":"type-post","3":"status-publish","4":"format-standard","5":"has-post-thumbnail","7":"category-noticias-actualidad"},"aioseo_notices":[],"aioseo_head":"\n\t\t<!-- All in One SEO Pro 4.9.6.1 - aioseo.com -->\n\t<meta name=\"description\" content=\"Renfe pondr\u00e1 en circulaci\u00f3n a partir de este viernes 31 de julio los trenes AVE entre Alicante y Sevilla, destinados a atender el aumento de la demanda que se produce entre ambas zonas de Espa\u00f1a durante el verano. Seg\u00fan informa la compa\u00f1\u00eda, esta nueva circulaci\u00f3n prestar\u00e1 servicio, en ambos sentidos, martes, viernes y domingos hasta\" \/>\n\t<meta name=\"robots\" content=\"max-image-preview:large\" \/>\n\t<meta name=\"author\" content=\"admin\"\/>\n\t<meta name=\"google-site-verification\" content=\"UA-38556648-1\" \/>\n\t<meta name=\"keywords\" content=\"noticias y actualidad\" \/>\n\t<link rel=\"canonical\" href=\"https:\/\/eldigitaldeasturias.com\/magazine365\/un-tren-ave-directo-unira-sevilla-y-alicante-los-martes\/\" \/>\n\t<meta name=\"generator\" content=\"All in One SEO Pro (AIOSEO) 4.9.6.1\" \/>\n\t\t<meta property=\"og:locale\" content=\"es_ES\" \/>\n\t\t<meta property=\"og:site_name\" content=\"El Digital de Asturias \u2013 Revista de ocio, turismo y estilo de vida\" \/>\n\t\t<meta property=\"og:type\" content=\"article\" \/>\n\t\t<meta property=\"og:title\" content=\"Un tren AVE directo unir\u00e1 Sevilla y Alicante los martes | El Digital de Asturias\" \/>\n\t\t<meta property=\"og:description\" content=\"Renfe pondr\u00e1 en circulaci\u00f3n a partir de este viernes 31 de julio los trenes AVE entre Alicante y Sevilla, destinados a atender el aumento de la demanda que se produce entre ambas zonas de Espa\u00f1a durante el verano. Seg\u00fan informa la compa\u00f1\u00eda, esta nueva circulaci\u00f3n prestar\u00e1 servicio, en ambos sentidos, martes, viernes y domingos hasta\" \/>\n\t\t<meta property=\"og:url\" content=\"https:\/\/eldigitaldeasturias.com\/magazine365\/un-tren-ave-directo-unira-sevilla-y-alicante-los-martes\/\" \/>\n\t\t<meta property=\"og:image\" content=\"https:\/\/eldigitaldeasturias.com\/magazine365\/wp-content\/uploads\/2015\/07\/fotonoticia_20150729120742_800.jpg\" \/>\n\t\t<meta property=\"og:image:secure_url\" content=\"https:\/\/eldigitaldeasturias.com\/magazine365\/wp-content\/uploads\/2015\/07\/fotonoticia_20150729120742_800.jpg\" \/>\n\t\t<meta property=\"og:image:width\" content=\"800\" \/>\n\t\t<meta property=\"og:image:height\" content=\"1188\" \/>\n\t\t<meta property=\"article:published_time\" content=\"2015-07-30T08:48:57+00:00\" \/>\n\t\t<meta property=\"article:modified_time\" content=\"2015-07-30T08:48:57+00:00\" \/>\n\t\t<meta name=\"twitter:card\" content=\"summary_large_image\" \/>\n\t\t<meta name=\"twitter:title\" content=\"Un tren AVE directo unir\u00e1 Sevilla y Alicante los martes | El Digital de Asturias\" \/>\n\t\t<meta name=\"twitter:description\" content=\"Renfe pondr\u00e1 en circulaci\u00f3n a partir de este viernes 31 de julio los trenes AVE entre Alicante y Sevilla, destinados a atender el aumento de la demanda que se produce entre ambas zonas de Espa\u00f1a durante el verano. Seg\u00fan informa la compa\u00f1\u00eda, esta nueva circulaci\u00f3n prestar\u00e1 servicio, en ambos sentidos, martes, viernes y domingos hasta\" \/>\n\t\t<meta name=\"twitter:image\" content=\"https:\/\/eldigitaldeasturias.com\/magazine365\/wp-content\/uploads\/2015\/07\/fotonoticia_20150729120742_800.jpg\" \/>\n\t\t<script type=\"application\/ld+json\" class=\"aioseo-schema\">\n\t\t\t{\"@context\":\"https:\\\/\\\/schema.org\",\"@graph\":[{\"@type\":\"Article\",\"@id\":\"https:\\\/\\\/eldigitaldeasturias.com\\\/magazine365\\\/un-tren-ave-directo-unira-sevilla-y-alicante-los-martes\\\/#article\",\"name\":\"Un tren AVE directo unir\\u00e1 Sevilla y Alicante los martes | El Digital de Asturias\",\"headline\":\"Un tren AVE directo unir\\u00e1 Sevilla y Alicante los martes\",\"author\":{\"@id\":\"https:\\\/\\\/eldigitaldeasturias.com\\\/magazine365\\\/author\\\/admin\\\/#author\"},\"publisher\":{\"@id\":\"https:\\\/\\\/eldigitaldeasturias.com\\\/magazine365\\\/#organization\"},\"image\":{\"@type\":\"ImageObject\",\"url\":\"https:\\\/\\\/eldigitaldeasturias.com\\\/magazine365\\\/wp-content\\\/uploads\\\/2015\\\/07\\\/fotonoticia_20150729120742_800.jpg\",\"width\":800,\"height\":1188},\"datePublished\":\"2015-07-30T10:48:57+02:00\",\"dateModified\":\"2015-07-30T10:48:57+02:00\",\"inLanguage\":\"es-ES\",\"mainEntityOfPage\":{\"@id\":\"https:\\\/\\\/eldigitaldeasturias.com\\\/magazine365\\\/un-tren-ave-directo-unira-sevilla-y-alicante-los-martes\\\/#webpage\"},\"isPartOf\":{\"@id\":\"https:\\\/\\\/eldigitaldeasturias.com\\\/magazine365\\\/un-tren-ave-directo-unira-sevilla-y-alicante-los-martes\\\/#webpage\"},\"articleSection\":\"Noticias y Actualidad\"},{\"@type\":\"BreadcrumbList\",\"@id\":\"https:\\\/\\\/eldigitaldeasturias.com\\\/magazine365\\\/un-tren-ave-directo-unira-sevilla-y-alicante-los-martes\\\/#breadcrumblist\",\"itemListElement\":[{\"@type\":\"ListItem\",\"@id\":\"https:\\\/\\\/eldigitaldeasturias.com\\\/magazine365#listItem\",\"position\":1,\"name\":\"Home\",\"item\":\"https:\\\/\\\/eldigitaldeasturias.com\\\/magazine365\",\"nextItem\":{\"@type\":\"ListItem\",\"@id\":\"https:\\\/\\\/eldigitaldeasturias.com\\\/magazine365\\\/category\\\/noticias-actualidad\\\/#listItem\",\"name\":\"Noticias y Actualidad\"}},{\"@type\":\"ListItem\",\"@id\":\"https:\\\/\\\/eldigitaldeasturias.com\\\/magazine365\\\/category\\\/noticias-actualidad\\\/#listItem\",\"position\":2,\"name\":\"Noticias y Actualidad\",\"item\":\"https:\\\/\\\/eldigitaldeasturias.com\\\/magazine365\\\/category\\\/noticias-actualidad\\\/\",\"nextItem\":{\"@type\":\"ListItem\",\"@id\":\"https:\\\/\\\/eldigitaldeasturias.com\\\/magazine365\\\/un-tren-ave-directo-unira-sevilla-y-alicante-los-martes\\\/#listItem\",\"name\":\"Un tren AVE directo unir\\u00e1 Sevilla y Alicante los martes\"},\"previousItem\":{\"@type\":\"ListItem\",\"@id\":\"https:\\\/\\\/eldigitaldeasturias.com\\\/magazine365#listItem\",\"name\":\"Home\"}},{\"@type\":\"ListItem\",\"@id\":\"https:\\\/\\\/eldigitaldeasturias.com\\\/magazine365\\\/un-tren-ave-directo-unira-sevilla-y-alicante-los-martes\\\/#listItem\",\"position\":3,\"name\":\"Un tren AVE directo unir\\u00e1 Sevilla y Alicante los martes\",\"previousItem\":{\"@type\":\"ListItem\",\"@id\":\"https:\\\/\\\/eldigitaldeasturias.com\\\/magazine365\\\/category\\\/noticias-actualidad\\\/#listItem\",\"name\":\"Noticias y Actualidad\"}}]},{\"@type\":\"Organization\",\"@id\":\"https:\\\/\\\/eldigitaldeasturias.com\\\/magazine365\\\/#organization\",\"name\":\"El digital de Asturias\",\"description\":\"Revista de ocio, turismo y estilo de vida\",\"url\":\"https:\\\/\\\/eldigitaldeasturias.com\\\/magazine365\\\/\",\"logo\":{\"@type\":\"ImageObject\",\"url\":\"https:\\\/\\\/www.eldigitaldeasturias.com\\\/noticias\\\/wp-content\\\/uploads\\\/2020\\\/12\\\/EDA.jpg\",\"@id\":\"https:\\\/\\\/eldigitaldeasturias.com\\\/magazine365\\\/un-tren-ave-directo-unira-sevilla-y-alicante-los-martes\\\/#organizationLogo\"},\"image\":{\"@id\":\"https:\\\/\\\/eldigitaldeasturias.com\\\/magazine365\\\/un-tren-ave-directo-unira-sevilla-y-alicante-los-martes\\\/#organizationLogo\"}},{\"@type\":\"Person\",\"@id\":\"https:\\\/\\\/eldigitaldeasturias.com\\\/magazine365\\\/author\\\/admin\\\/#author\",\"url\":\"https:\\\/\\\/eldigitaldeasturias.com\\\/magazine365\\\/author\\\/admin\\\/\",\"name\":\"admin\",\"image\":{\"@type\":\"ImageObject\",\"@id\":\"https:\\\/\\\/eldigitaldeasturias.com\\\/magazine365\\\/un-tren-ave-directo-unira-sevilla-y-alicante-los-martes\\\/#authorImage\",\"url\":\"https:\\\/\\\/eldigitaldeasturias.com\\\/magazine365\\\/wp-content\\\/litespeed\\\/avatar\\\/e571bcf59a0edd6fa6838245a470f2fe.jpg?ver=1777574230\",\"width\":96,\"height\":96,\"caption\":\"admin\"}},{\"@type\":\"WebPage\",\"@id\":\"https:\\\/\\\/eldigitaldeasturias.com\\\/magazine365\\\/un-tren-ave-directo-unira-sevilla-y-alicante-los-martes\\\/#webpage\",\"url\":\"https:\\\/\\\/eldigitaldeasturias.com\\\/magazine365\\\/un-tren-ave-directo-unira-sevilla-y-alicante-los-martes\\\/\",\"name\":\"Un tren AVE directo unir\\u00e1 Sevilla y Alicante los martes | El Digital de Asturias\",\"description\":\"Renfe pondr\\u00e1 en circulaci\\u00f3n a partir de este viernes 31 de julio los trenes AVE entre Alicante y Sevilla, destinados a atender el aumento de la demanda que se produce entre ambas zonas de Espa\\u00f1a durante el verano. Seg\\u00fan informa la compa\\u00f1\\u00eda, esta nueva circulaci\\u00f3n prestar\\u00e1 servicio, en ambos sentidos, martes, viernes y domingos hasta\",\"inLanguage\":\"es-ES\",\"isPartOf\":{\"@id\":\"https:\\\/\\\/eldigitaldeasturias.com\\\/magazine365\\\/#website\"},\"breadcrumb\":{\"@id\":\"https:\\\/\\\/eldigitaldeasturias.com\\\/magazine365\\\/un-tren-ave-directo-unira-sevilla-y-alicante-los-martes\\\/#breadcrumblist\"},\"author\":{\"@id\":\"https:\\\/\\\/eldigitaldeasturias.com\\\/magazine365\\\/author\\\/admin\\\/#author\"},\"creator\":{\"@id\":\"https:\\\/\\\/eldigitaldeasturias.com\\\/magazine365\\\/author\\\/admin\\\/#author\"},\"image\":{\"@type\":\"ImageObject\",\"url\":\"https:\\\/\\\/eldigitaldeasturias.com\\\/magazine365\\\/wp-content\\\/uploads\\\/2015\\\/07\\\/fotonoticia_20150729120742_800.jpg\",\"@id\":\"https:\\\/\\\/eldigitaldeasturias.com\\\/magazine365\\\/un-tren-ave-directo-unira-sevilla-y-alicante-los-martes\\\/#mainImage\",\"width\":800,\"height\":1188},\"primaryImageOfPage\":{\"@id\":\"https:\\\/\\\/eldigitaldeasturias.com\\\/magazine365\\\/un-tren-ave-directo-unira-sevilla-y-alicante-los-martes\\\/#mainImage\"},\"datePublished\":\"2015-07-30T10:48:57+02:00\",\"dateModified\":\"2015-07-30T10:48:57+02:00\"},{\"@type\":\"WebSite\",\"@id\":\"https:\\\/\\\/eldigitaldeasturias.com\\\/magazine365\\\/#website\",\"url\":\"https:\\\/\\\/eldigitaldeasturias.com\\\/magazine365\\\/\",\"name\":\"El Digital de Asturias\",\"description\":\"Revista de ocio, turismo y estilo de vida\",\"inLanguage\":\"es-ES\",\"publisher\":{\"@id\":\"https:\\\/\\\/eldigitaldeasturias.com\\\/magazine365\\\/#organization\"}}]}\n\t\t<\/script>\n\t\t<!-- All in One SEO Pro -->\r\n\t\t<title>Un tren AVE directo unir\u00e1 Sevilla y Alicante los martes | El Digital de Asturias<\/title>\n\n","aioseo_head_json":{"title":"Un tren AVE directo unir\u00e1 Sevilla y Alicante los martes | El Digital de Asturias","description":"Renfe pondr\u00e1 en circulaci\u00f3n a partir de este viernes 31 de julio los trenes AVE entre Alicante y Sevilla, destinados a atender el aumento de la demanda que se produce entre ambas zonas de Espa\u00f1a durante el verano. Seg\u00fan informa la compa\u00f1\u00eda, esta nueva circulaci\u00f3n prestar\u00e1 servicio, en ambos sentidos, martes, viernes y domingos hasta","canonical_url":"https:\/\/eldigitaldeasturias.com\/magazine365\/un-tren-ave-directo-unira-sevilla-y-alicante-los-martes\/","robots":"max-image-preview:large","keywords":"noticias y actualidad","webmasterTools":{"google-site-verification":"UA-38556648-1","miscellaneous":""},"schema":{"@context":"https:\/\/schema.org","@graph":[{"@type":"Article","@id":"https:\/\/eldigitaldeasturias.com\/magazine365\/un-tren-ave-directo-unira-sevilla-y-alicante-los-martes\/#article","name":"Un tren AVE directo unir\u00e1 Sevilla y Alicante los martes | El Digital de Asturias","headline":"Un tren AVE directo unir\u00e1 Sevilla y Alicante los martes","author":{"@id":"https:\/\/eldigitaldeasturias.com\/magazine365\/author\/admin\/#author"},"publisher":{"@id":"https:\/\/eldigitaldeasturias.com\/magazine365\/#organization"},"image":{"@type":"ImageObject","url":"https:\/\/eldigitaldeasturias.com\/magazine365\/wp-content\/uploads\/2015\/07\/fotonoticia_20150729120742_800.jpg","width":800,"height":1188},"datePublished":"2015-07-30T10:48:57+02:00","dateModified":"2015-07-30T10:48:57+02:00","inLanguage":"es-ES","mainEntityOfPage":{"@id":"https:\/\/eldigitaldeasturias.com\/magazine365\/un-tren-ave-directo-unira-sevilla-y-alicante-los-martes\/#webpage"},"isPartOf":{"@id":"https:\/\/eldigitaldeasturias.com\/magazine365\/un-tren-ave-directo-unira-sevilla-y-alicante-los-martes\/#webpage"},"articleSection":"Noticias y Actualidad"},{"@type":"BreadcrumbList","@id":"https:\/\/eldigitaldeasturias.com\/magazine365\/un-tren-ave-directo-unira-sevilla-y-alicante-los-martes\/#breadcrumblist","itemListElement":[{"@type":"ListItem","@id":"https:\/\/eldigitaldeasturias.com\/magazine365#listItem","position":1,"name":"Home","item":"https:\/\/eldigitaldeasturias.com\/magazine365","nextItem":{"@type":"ListItem","@id":"https:\/\/eldigitaldeasturias.com\/magazine365\/category\/noticias-actualidad\/#listItem","name":"Noticias y Actualidad"}},{"@type":"ListItem","@id":"https:\/\/eldigitaldeasturias.com\/magazine365\/category\/noticias-actualidad\/#listItem","position":2,"name":"Noticias y Actualidad","item":"https:\/\/eldigitaldeasturias.com\/magazine365\/category\/noticias-actualidad\/","nextItem":{"@type":"ListItem","@id":"https:\/\/eldigitaldeasturias.com\/magazine365\/un-tren-ave-directo-unira-sevilla-y-alicante-los-martes\/#listItem","name":"Un tren AVE directo unir\u00e1 Sevilla y Alicante los martes"},"previousItem":{"@type":"ListItem","@id":"https:\/\/eldigitaldeasturias.com\/magazine365#listItem","name":"Home"}},{"@type":"ListItem","@id":"https:\/\/eldigitaldeasturias.com\/magazine365\/un-tren-ave-directo-unira-sevilla-y-alicante-los-martes\/#listItem","position":3,"name":"Un tren AVE directo unir\u00e1 Sevilla y Alicante los martes","previousItem":{"@type":"ListItem","@id":"https:\/\/eldigitaldeasturias.com\/magazine365\/category\/noticias-actualidad\/#listItem","name":"Noticias y Actualidad"}}]},{"@type":"Organization","@id":"https:\/\/eldigitaldeasturias.com\/magazine365\/#organization","name":"El digital de Asturias","description":"Revista de ocio, turismo y estilo de vida","url":"https:\/\/eldigitaldeasturias.com\/magazine365\/","logo":{"@type":"ImageObject","url":"https:\/\/www.eldigitaldeasturias.com\/noticias\/wp-content\/uploads\/2020\/12\/EDA.jpg","@id":"https:\/\/eldigitaldeasturias.com\/magazine365\/un-tren-ave-directo-unira-sevilla-y-alicante-los-martes\/#organizationLogo"},"image":{"@id":"https:\/\/eldigitaldeasturias.com\/magazine365\/un-tren-ave-directo-unira-sevilla-y-alicante-los-martes\/#organizationLogo"}},{"@type":"Person","@id":"https:\/\/eldigitaldeasturias.com\/magazine365\/author\/admin\/#author","url":"https:\/\/eldigitaldeasturias.com\/magazine365\/author\/admin\/","name":"admin","image":{"@type":"ImageObject","@id":"https:\/\/eldigitaldeasturias.com\/magazine365\/un-tren-ave-directo-unira-sevilla-y-alicante-los-martes\/#authorImage","url":"https:\/\/eldigitaldeasturias.com\/magazine365\/wp-content\/litespeed\/avatar\/e571bcf59a0edd6fa6838245a470f2fe.jpg?ver=1777574230","width":96,"height":96,"caption":"admin"}},{"@type":"WebPage","@id":"https:\/\/eldigitaldeasturias.com\/magazine365\/un-tren-ave-directo-unira-sevilla-y-alicante-los-martes\/#webpage","url":"https:\/\/eldigitaldeasturias.com\/magazine365\/un-tren-ave-directo-unira-sevilla-y-alicante-los-martes\/","name":"Un tren AVE directo unir\u00e1 Sevilla y Alicante los martes | El Digital de Asturias","description":"Renfe pondr\u00e1 en circulaci\u00f3n a partir de este viernes 31 de julio los trenes AVE entre Alicante y Sevilla, destinados a atender el aumento de la demanda que se produce entre ambas zonas de Espa\u00f1a durante el verano. Seg\u00fan informa la compa\u00f1\u00eda, esta nueva circulaci\u00f3n prestar\u00e1 servicio, en ambos sentidos, martes, viernes y domingos hasta","inLanguage":"es-ES","isPartOf":{"@id":"https:\/\/eldigitaldeasturias.com\/magazine365\/#website"},"breadcrumb":{"@id":"https:\/\/eldigitaldeasturias.com\/magazine365\/un-tren-ave-directo-unira-sevilla-y-alicante-los-martes\/#breadcrumblist"},"author":{"@id":"https:\/\/eldigitaldeasturias.com\/magazine365\/author\/admin\/#author"},"creator":{"@id":"https:\/\/eldigitaldeasturias.com\/magazine365\/author\/admin\/#author"},"image":{"@type":"ImageObject","url":"https:\/\/eldigitaldeasturias.com\/magazine365\/wp-content\/uploads\/2015\/07\/fotonoticia_20150729120742_800.jpg","@id":"https:\/\/eldigitaldeasturias.com\/magazine365\/un-tren-ave-directo-unira-sevilla-y-alicante-los-martes\/#mainImage","width":800,"height":1188},"primaryImageOfPage":{"@id":"https:\/\/eldigitaldeasturias.com\/magazine365\/un-tren-ave-directo-unira-sevilla-y-alicante-los-martes\/#mainImage"},"datePublished":"2015-07-30T10:48:57+02:00","dateModified":"2015-07-30T10:48:57+02:00"},{"@type":"WebSite","@id":"https:\/\/eldigitaldeasturias.com\/magazine365\/#website","url":"https:\/\/eldigitaldeasturias.com\/magazine365\/","name":"El Digital de Asturias","description":"Revista de ocio, turismo y estilo de vida","inLanguage":"es-ES","publisher":{"@id":"https:\/\/eldigitaldeasturias.com\/magazine365\/#organization"}}]},"og:locale":"es_ES","og:site_name":"El Digital de Asturias \u2013 Revista de ocio, turismo y estilo de vida","og:type":"article","og:title":"Un tren AVE directo unir\u00e1 Sevilla y Alicante los martes | El Digital de Asturias","og:description":"Renfe pondr\u00e1 en circulaci\u00f3n a partir de este viernes 31 de julio los trenes AVE entre Alicante y Sevilla, destinados a atender el aumento de la demanda que se produce entre ambas zonas de Espa\u00f1a durante el verano. Seg\u00fan informa la compa\u00f1\u00eda, esta nueva circulaci\u00f3n prestar\u00e1 servicio, en ambos sentidos, martes, viernes y domingos hasta","og:url":"https:\/\/eldigitaldeasturias.com\/magazine365\/un-tren-ave-directo-unira-sevilla-y-alicante-los-martes\/","og:image":"https:\/\/eldigitaldeasturias.com\/magazine365\/wp-content\/uploads\/2015\/07\/fotonoticia_20150729120742_800.jpg","og:image:secure_url":"https:\/\/eldigitaldeasturias.com\/magazine365\/wp-content\/uploads\/2015\/07\/fotonoticia_20150729120742_800.jpg","og:image:width":800,"og:image:height":1188,"article:published_time":"2015-07-30T08:48:57+00:00","article:modified_time":"2015-07-30T08:48:57+00:00","twitter:card":"summary_large_image","twitter:title":"Un tren AVE directo unir\u00e1 Sevilla y Alicante los martes | El Digital de Asturias","twitter:description":"Renfe pondr\u00e1 en circulaci\u00f3n a partir de este viernes 31 de julio los trenes AVE entre Alicante y Sevilla, destinados a atender el aumento de la demanda que se produce entre ambas zonas de Espa\u00f1a durante el verano. Seg\u00fan informa la compa\u00f1\u00eda, esta nueva circulaci\u00f3n prestar\u00e1 servicio, en ambos sentidos, martes, viernes y domingos hasta","twitter:image":"https:\/\/eldigitaldeasturias.com\/magazine365\/wp-content\/uploads\/2015\/07\/fotonoticia_20150729120742_800.jpg"},"aioseo_meta_data":{"post_id":"44199","title":null,"description":null,"keywords":null,"keyphrases":null,"primary_term":null,"canonical_url":null,"og_title":null,"og_description":null,"og_object_type":"default","og_image_type":"default","og_image_url":null,"og_image_width":null,"og_image_height":null,"og_image_custom_url":null,"og_image_custom_fields":null,"og_video":null,"og_custom_url":null,"og_article_section":null,"og_article_tags":null,"twitter_use_og":false,"twitter_card":"default","twitter_image_type":"default","twitter_image_url":null,"twitter_image_custom_url":null,"twitter_image_custom_fields":null,"twitter_title":null,"twitter_description":null,"schema":{"blockGraphs":[],"customGraphs":[],"default":{"data":{"Article":[],"Course":[],"Dataset":[],"FAQPage":[],"Movie":[],"Person":[],"Product":[],"ProductReview":[],"Car":[],"Recipe":[],"Service":[],"SoftwareApplication":[],"WebPage":[]},"graphName":"","isEnabled":true},"graphs":[]},"schema_type":null,"schema_type_options":null,"pillar_content":false,"robots_default":true,"robots_noindex":false,"robots_noarchive":false,"robots_nosnippet":false,"robots_nofollow":false,"robots_noimageindex":false,"robots_noodp":false,"robots_notranslate":false,"robots_max_snippet":null,"robots_max_videopreview":null,"robots_max_imagepreview":"large","priority":null,"frequency":null,"location":null,"local_seo":null,"seo_analyzer_scan_date":"2025-09-19 21:28:12","breadcrumb_settings":null,"limit_modified_date":false,"open_ai":null,"ai":null,"created":"2021-03-09 01:36:53","updated":"2025-09-19 21:28:12"},"aioseo_breadcrumb":"<div class=\"aioseo-breadcrumbs\"><span class=\"aioseo-breadcrumb\">\n\t<a href=\"https:\/\/eldigitaldeasturias.com\/magazine365\" title=\"Home\">Home<\/a>\n<\/span><span class=\"aioseo-breadcrumb-separator\">\u2013<\/span><span class=\"aioseo-breadcrumb\">\n\t<a href=\"https:\/\/eldigitaldeasturias.com\/magazine365\/category\/noticias-actualidad\/\" title=\"Noticias y Actualidad\">Noticias y Actualidad<\/a>\n<\/span><span class=\"aioseo-breadcrumb-separator\">\u2013<\/span><span class=\"aioseo-breadcrumb\">\n\t<a href=\"https:\/\/eldigitaldeasturias.com\/magazine365\/un-tren-ave-directo-unira-sevilla-y-alicante-los-martes\/\" title=\"Un tren AVE directo unir\u00e1 Sevilla y Alicante los martes\">Un tren AVE directo unir\u00e1 Sevilla y Alicante los martes<\/a>\n<\/span><\/div>","aioseo_breadcrumb_json":[{"label":"Home","link":"https:\/\/eldigitaldeasturias.com\/magazine365"},{"label":"Noticias y Actualidad","link":"https:\/\/eldigitaldeasturias.com\/magazine365\/category\/noticias-actualidad\/"},{"label":"Un tren AVE directo unir\u00e1 Sevilla y Alicante los martes","link":"https:\/\/eldigitaldeasturias.com\/magazine365\/un-tren-ave-directo-unira-sevilla-y-alicante-los-martes\/"}],"_links":{"self":[{"href":"https:\/\/eldigitaldeasturias.com\/magazine365\/wp-json\/wp\/v2\/posts\/44199","targetHints":{"allow":["GET"]}}],"collection":[{"href":"https:\/\/eldigitaldeasturias.com\/magazine365\/wp-json\/wp\/v2\/posts"}],"about":[{"href":"https:\/\/eldigitaldeasturias.com\/magazine365\/wp-json\/wp\/v2\/types\/post"}],"author":[{"embeddable":true,"href":"https:\/\/eldigitaldeasturias.com\/magazine365\/wp-json\/wp\/v2\/users\/1"}],"replies":[{"embeddable":true,"href":"https:\/\/eldigitaldeasturias.com\/magazine365\/wp-json\/wp\/v2\/comments?post=44199"}],"version-history":[{"count":0,"href":"https:\/\/eldigitaldeasturias.com\/magazine365\/wp-json\/wp\/v2\/posts\/44199\/revisions"}],"wp:featuredmedia":[{"embeddable":true,"href":"https:\/\/eldigitaldeasturias.com\/magazine365\/wp-json\/wp\/v2\/media\/44200"}],"wp:attachment":[{"href":"https:\/\/eldigitaldeasturias.com\/magazine365\/wp-json\/wp\/v2\/media?parent=44199"}],"wp:term":[{"taxonomy":"category","embeddable":true,"href":"https:\/\/eldigitaldeasturias.com\/magazine365\/wp-json\/wp\/v2\/categories?post=44199"},{"taxonomy":"post_tag","embeddable":true,"href":"https:\/\/eldigitaldeasturias.com\/magazine365\/wp-json\/wp\/v2\/tags?post=44199"}],"curies":[{"name":"wp","href":"https:\/\/api.w.org\/{rel}","templated":true}]}}