{"id":44128,"date":"2015-07-29T08:40:38","date_gmt":"2015-07-29T06:40:38","guid":{"rendered":"http:\/\/eldigitaldeasturias.com\/magazine365\/?p=44128"},"modified":"2015-07-29T08:40:38","modified_gmt":"2015-07-29T06:40:38","slug":"colomer-cree-que-castellon-puede-ser-la-toscana-del-levante","status":"publish","type":"post","link":"https:\/\/eldigitaldeasturias.com\/magazine365\/colomer-cree-que-castellon-puede-ser-la-toscana-del-levante\/","title":{"rendered":"Colomer cree que Castell\u00f3n puede ser \u00abla Toscana del Levante\u00bb"},"content":{"rendered":"<p><img fetchpriority=\"high\" decoding=\"async\" class=\"alignleft size-medium wp-image-44129\" src=\"https:\/\/eldigitaldeasturias.com\/magazine365\/wp-content\/uploads\/2015\/07\/fotonoticia_20150728153554_800-360x233.jpg\" alt=\"fotonoticia_20150728153554_800\" width=\"360\" height=\"233\" srcset=\"https:\/\/eldigitaldeasturias.com\/magazine365\/wp-content\/uploads\/2015\/07\/fotonoticia_20150728153554_800-360x233.jpg 360w, https:\/\/eldigitaldeasturias.com\/magazine365\/wp-content\/uploads\/2015\/07\/fotonoticia_20150728153554_800-650x420.jpg 650w, https:\/\/eldigitaldeasturias.com\/magazine365\/wp-content\/uploads\/2015\/07\/fotonoticia_20150728153554_800-768x496.jpg 768w, https:\/\/eldigitaldeasturias.com\/magazine365\/wp-content\/uploads\/2015\/07\/fotonoticia_20150728153554_800-150x97.jpg 150w, https:\/\/eldigitaldeasturias.com\/magazine365\/wp-content\/uploads\/2015\/07\/fotonoticia_20150728153554_800-450x291.jpg 450w, https:\/\/eldigitaldeasturias.com\/magazine365\/wp-content\/uploads\/2015\/07\/fotonoticia_20150728153554_800-696x450.jpg 696w, https:\/\/eldigitaldeasturias.com\/magazine365\/wp-content\/uploads\/2015\/07\/fotonoticia_20150728153554_800-225x145.jpg 225w, https:\/\/eldigitaldeasturias.com\/magazine365\/wp-content\/uploads\/2015\/07\/fotonoticia_20150728153554_800-84x55.jpg 84w, https:\/\/eldigitaldeasturias.com\/magazine365\/wp-content\/uploads\/2015\/07\/fotonoticia_20150728153554_800.jpg 800w\" sizes=\"(max-width: 360px) 100vw, 360px\" \/>El presidente de la Agencia Valenciana de Turismo (AVT), Francesc Colomer, ha asegurado este martes que la ciudad de Castell\u00f3n puede llegar a ser \u00abla Toscana del Levante\u00bb y no \u00abun Levante feliz basado en la locomotora inmobiliaria\u00bb. En este sentido, ha abogado por recoger \u00ablos recursos y el potencial que hist\u00f3ricamente ha tenido Castell\u00f3n y que no se han querido desplegar\u00bb para transformarlos \u00abadecuadamente\u00bb en productos tur\u00edsticos.<\/p>\n<p>Colomer se ha pronunciado en estos t\u00e9rminos tras reunirse con la alcaldesa de Castell\u00f3n, Amparo Marco, y varios miembros del gobierno municipal, junto a quienes ha abordado la creaci\u00f3n de un Plan Estrat\u00e9gico de Turismo para la ciudad. Tras el encuentro, el socialista ha destacado \u00abel gran potencial\u00bb de Castell\u00f3n \u00aben el sector tur\u00edstico conjunto\u00bb de la Comunidad Valenciana y ha resaltado la importancia de poner a la localidad \u00aben el mapa de lo positivo\u00bb a trav\u00e9s de las playas, las fiestas y el patrimonio.<\/p>\n<p>\u00abHay que reconstruir la reputaci\u00f3n; el prestigio de un territorio cotiza en bolsa, transforma la econom\u00eda, la mejora; es lo m\u00e1s rentable que podemos hacer, poner a Castell\u00f3n en el mapa de lo positivo\u00bb, ha apuntado Colomer, quien ha se\u00f1alado que \u00aben un mundo global, el que no es diferente no es nadie, y Castell\u00f3n todav\u00eda puede ser una Toscana del Levante, y no un Levante feliz basado en la locomotora inmobiliaria sin m\u00e1s\u00bb.<\/p>\n<p>En esta l\u00ednea, el presidente de la Agencia Valenciana de Turismo ha apostado por recoger \u00ablos recursos y el potencial que hist\u00f3ricamente ha tenido Castell\u00f3n y que no se han querido, por lo que fuera, desplegar adecuadamente\u00bb y transformarlos en \u00abproductos tur\u00edsticos y comercializarlos adecuadamente\u00bb.<\/p>\n<p>UN AEROPUERTO \u00abAL SERVICIO DEL INTER\u00c9S GENERAL\u00bb<\/p>\n<p>En este sentido, Francesc Colomer tambi\u00e9n se ha referido al Aeropuerto de Castell\u00f3n, del que ha se\u00f1alado que \u00abnadie viene a ver un aeropuerto, es una puerta de entrada y de salida, tiene unos preliminares que han sido muy particulares y lo que hay que hacer es que se ponga al servicio del inter\u00e9s general\u00bb, as\u00ed como \u00abreforzar la vocaci\u00f3n tur\u00edstica del territorio\u00bb.<\/p>\n<p>\u00abUn aeropuerto no hace destino &#8211;ha remarcado&#8211;, lo importante es que Castell\u00f3n incremente su capacidad de seducir a mercados emisores internacionales y, en ese sentido, tenemos que aplicarnos para tener una estrategia inteligente de promoci\u00f3n de lo que ofrece el territorio desde un punto de vista de la diferenciaci\u00f3n\u00bb.<\/p>\n<p>CASTELL\u00d3N, \u00abFAROLILLO ROJO\u00bb DE LOS PRESUPUESTOS GV<\/p>\n<p>Por su parte, la alcaldesa de Castell\u00f3n, Amparo Marco, ha agradecido \u00abla sensibilidad\u00bb del nuevo Gobierno auton\u00f3mico por la ciudad. \u00abEstamos viendo que el nuevo Gobierno est\u00e1 haciendo una apuesta firme por la ciudad de Castell\u00f3n, que ha sido durante tantos a\u00f1os el farolillo rojo de los presupuestos de la Generalitat\u00bb, ha destacado Marco, quien ha abogado por \u00abrecuperar el tiempo perdido\u00bb.<\/p>\n<p>La alcaldesa y el presidente de la Agencia Valenciana de Turismo han acordado celebrar una reuni\u00f3n t\u00e9cnica pr\u00f3ximamente para abordar las l\u00edneas presupuestarias de este Plan Estrat\u00e9gico de Turismo para la ciudad.<\/p>\n","protected":false},"excerpt":{"rendered":"<p>El presidente de la Agencia Valenciana de Turismo (AVT), Francesc Colomer, ha asegurado este martes que la ciudad de Castell\u00f3n puede llegar a ser \u00abla Toscana del Levante\u00bb y no \u00abun Levante feliz basado en la locomotora inmobiliaria\u00bb. En este sentido, ha abogado por recoger \u00ablos recursos y el potencial que hist\u00f3ricamente ha tenido Castell\u00f3n<\/p>\n","protected":false},"author":1,"featured_media":44129,"comment_status":"open","ping_status":"closed","sticky":false,"template":"","format":"standard","meta":{"footnotes":""},"categories":[224],"tags":[],"class_list":{"0":"post-44128","1":"post","2":"type-post","3":"status-publish","4":"format-standard","5":"has-post-thumbnail","7":"category-noticias-actualidad"},"aioseo_notices":[],"aioseo_head":"\n\t\t<!-- All in One SEO Pro 4.9.6.1 - aioseo.com -->\n\t<meta name=\"description\" content=\"El presidente de la Agencia Valenciana de Turismo (AVT), Francesc Colomer, ha asegurado este martes que la ciudad de Castell\u00f3n puede llegar a ser &quot;la Toscana del Levante&quot; y no &quot;un Levante feliz basado en la locomotora inmobiliaria&quot;. En este sentido, ha abogado por recoger &quot;los recursos y el potencial que hist\u00f3ricamente ha tenido Castell\u00f3n\" \/>\n\t<meta name=\"robots\" content=\"max-image-preview:large\" \/>\n\t<meta name=\"author\" content=\"admin\"\/>\n\t<meta name=\"google-site-verification\" content=\"UA-38556648-1\" \/>\n\t<meta name=\"keywords\" content=\"noticias y actualidad\" \/>\n\t<link rel=\"canonical\" href=\"https:\/\/eldigitaldeasturias.com\/magazine365\/colomer-cree-que-castellon-puede-ser-la-toscana-del-levante\/\" \/>\n\t<meta name=\"generator\" content=\"All in One SEO Pro (AIOSEO) 4.9.6.1\" \/>\n\t\t<meta property=\"og:locale\" content=\"es_ES\" \/>\n\t\t<meta property=\"og:site_name\" content=\"El Digital de Asturias \u2013 Revista de ocio, turismo y estilo de vida\" \/>\n\t\t<meta property=\"og:type\" content=\"article\" \/>\n\t\t<meta property=\"og:title\" content=\"Colomer cree que Castell\u00f3n puede ser \u00abla Toscana del Levante\u00bb | El Digital de Asturias\" \/>\n\t\t<meta property=\"og:description\" content=\"El presidente de la Agencia Valenciana de Turismo (AVT), Francesc Colomer, ha asegurado este martes que la ciudad de Castell\u00f3n puede llegar a ser &quot;la Toscana del Levante&quot; y no &quot;un Levante feliz basado en la locomotora inmobiliaria&quot;. En este sentido, ha abogado por recoger &quot;los recursos y el potencial que hist\u00f3ricamente ha tenido Castell\u00f3n\" \/>\n\t\t<meta property=\"og:url\" content=\"https:\/\/eldigitaldeasturias.com\/magazine365\/colomer-cree-que-castellon-puede-ser-la-toscana-del-levante\/\" \/>\n\t\t<meta property=\"og:image\" content=\"https:\/\/eldigitaldeasturias.com\/magazine365\/wp-content\/uploads\/2015\/07\/fotonoticia_20150728153554_800.jpg\" \/>\n\t\t<meta property=\"og:image:secure_url\" content=\"https:\/\/eldigitaldeasturias.com\/magazine365\/wp-content\/uploads\/2015\/07\/fotonoticia_20150728153554_800.jpg\" \/>\n\t\t<meta property=\"og:image:width\" content=\"800\" \/>\n\t\t<meta property=\"og:image:height\" content=\"517\" \/>\n\t\t<meta property=\"article:published_time\" content=\"2015-07-29T06:40:38+00:00\" \/>\n\t\t<meta property=\"article:modified_time\" content=\"2015-07-29T06:40:38+00:00\" \/>\n\t\t<meta name=\"twitter:card\" content=\"summary_large_image\" \/>\n\t\t<meta name=\"twitter:title\" content=\"Colomer cree que Castell\u00f3n puede ser \u00abla Toscana del Levante\u00bb | El Digital de Asturias\" \/>\n\t\t<meta name=\"twitter:description\" content=\"El presidente de la Agencia Valenciana de Turismo (AVT), Francesc Colomer, ha asegurado este martes que la ciudad de Castell\u00f3n puede llegar a ser &quot;la Toscana del Levante&quot; y no &quot;un Levante feliz basado en la locomotora inmobiliaria&quot;. En este sentido, ha abogado por recoger &quot;los recursos y el potencial que hist\u00f3ricamente ha tenido Castell\u00f3n\" \/>\n\t\t<meta name=\"twitter:image\" content=\"https:\/\/eldigitaldeasturias.com\/magazine365\/wp-content\/uploads\/2015\/07\/fotonoticia_20150728153554_800.jpg\" \/>\n\t\t<script type=\"application\/ld+json\" class=\"aioseo-schema\">\n\t\t\t{\"@context\":\"https:\\\/\\\/schema.org\",\"@graph\":[{\"@type\":\"Article\",\"@id\":\"https:\\\/\\\/eldigitaldeasturias.com\\\/magazine365\\\/colomer-cree-que-castellon-puede-ser-la-toscana-del-levante\\\/#article\",\"name\":\"Colomer cree que Castell\\u00f3n puede ser \\u00abla Toscana del Levante\\u00bb | El Digital de Asturias\",\"headline\":\"Colomer cree que Castell\\u00f3n puede ser \\u00abla Toscana del Levante\\u00bb\",\"author\":{\"@id\":\"https:\\\/\\\/eldigitaldeasturias.com\\\/magazine365\\\/author\\\/admin\\\/#author\"},\"publisher\":{\"@id\":\"https:\\\/\\\/eldigitaldeasturias.com\\\/magazine365\\\/#organization\"},\"image\":{\"@type\":\"ImageObject\",\"url\":\"https:\\\/\\\/eldigitaldeasturias.com\\\/magazine365\\\/wp-content\\\/uploads\\\/2015\\\/07\\\/fotonoticia_20150728153554_800.jpg\",\"width\":800,\"height\":517},\"datePublished\":\"2015-07-29T08:40:38+02:00\",\"dateModified\":\"2015-07-29T08:40:38+02:00\",\"inLanguage\":\"es-ES\",\"mainEntityOfPage\":{\"@id\":\"https:\\\/\\\/eldigitaldeasturias.com\\\/magazine365\\\/colomer-cree-que-castellon-puede-ser-la-toscana-del-levante\\\/#webpage\"},\"isPartOf\":{\"@id\":\"https:\\\/\\\/eldigitaldeasturias.com\\\/magazine365\\\/colomer-cree-que-castellon-puede-ser-la-toscana-del-levante\\\/#webpage\"},\"articleSection\":\"Noticias y Actualidad\"},{\"@type\":\"BreadcrumbList\",\"@id\":\"https:\\\/\\\/eldigitaldeasturias.com\\\/magazine365\\\/colomer-cree-que-castellon-puede-ser-la-toscana-del-levante\\\/#breadcrumblist\",\"itemListElement\":[{\"@type\":\"ListItem\",\"@id\":\"https:\\\/\\\/eldigitaldeasturias.com\\\/magazine365#listItem\",\"position\":1,\"name\":\"Home\",\"item\":\"https:\\\/\\\/eldigitaldeasturias.com\\\/magazine365\",\"nextItem\":{\"@type\":\"ListItem\",\"@id\":\"https:\\\/\\\/eldigitaldeasturias.com\\\/magazine365\\\/category\\\/noticias-actualidad\\\/#listItem\",\"name\":\"Noticias y Actualidad\"}},{\"@type\":\"ListItem\",\"@id\":\"https:\\\/\\\/eldigitaldeasturias.com\\\/magazine365\\\/category\\\/noticias-actualidad\\\/#listItem\",\"position\":2,\"name\":\"Noticias y Actualidad\",\"item\":\"https:\\\/\\\/eldigitaldeasturias.com\\\/magazine365\\\/category\\\/noticias-actualidad\\\/\",\"nextItem\":{\"@type\":\"ListItem\",\"@id\":\"https:\\\/\\\/eldigitaldeasturias.com\\\/magazine365\\\/colomer-cree-que-castellon-puede-ser-la-toscana-del-levante\\\/#listItem\",\"name\":\"Colomer cree que Castell\\u00f3n puede ser \\u00abla Toscana del Levante\\u00bb\"},\"previousItem\":{\"@type\":\"ListItem\",\"@id\":\"https:\\\/\\\/eldigitaldeasturias.com\\\/magazine365#listItem\",\"name\":\"Home\"}},{\"@type\":\"ListItem\",\"@id\":\"https:\\\/\\\/eldigitaldeasturias.com\\\/magazine365\\\/colomer-cree-que-castellon-puede-ser-la-toscana-del-levante\\\/#listItem\",\"position\":3,\"name\":\"Colomer cree que Castell\\u00f3n puede ser \\u00abla Toscana del Levante\\u00bb\",\"previousItem\":{\"@type\":\"ListItem\",\"@id\":\"https:\\\/\\\/eldigitaldeasturias.com\\\/magazine365\\\/category\\\/noticias-actualidad\\\/#listItem\",\"name\":\"Noticias y Actualidad\"}}]},{\"@type\":\"Organization\",\"@id\":\"https:\\\/\\\/eldigitaldeasturias.com\\\/magazine365\\\/#organization\",\"name\":\"El digital de Asturias\",\"description\":\"Revista de ocio, turismo y estilo de vida\",\"url\":\"https:\\\/\\\/eldigitaldeasturias.com\\\/magazine365\\\/\",\"logo\":{\"@type\":\"ImageObject\",\"url\":\"https:\\\/\\\/www.eldigitaldeasturias.com\\\/noticias\\\/wp-content\\\/uploads\\\/2020\\\/12\\\/EDA.jpg\",\"@id\":\"https:\\\/\\\/eldigitaldeasturias.com\\\/magazine365\\\/colomer-cree-que-castellon-puede-ser-la-toscana-del-levante\\\/#organizationLogo\"},\"image\":{\"@id\":\"https:\\\/\\\/eldigitaldeasturias.com\\\/magazine365\\\/colomer-cree-que-castellon-puede-ser-la-toscana-del-levante\\\/#organizationLogo\"}},{\"@type\":\"Person\",\"@id\":\"https:\\\/\\\/eldigitaldeasturias.com\\\/magazine365\\\/author\\\/admin\\\/#author\",\"url\":\"https:\\\/\\\/eldigitaldeasturias.com\\\/magazine365\\\/author\\\/admin\\\/\",\"name\":\"admin\",\"image\":{\"@type\":\"ImageObject\",\"@id\":\"https:\\\/\\\/eldigitaldeasturias.com\\\/magazine365\\\/colomer-cree-que-castellon-puede-ser-la-toscana-del-levante\\\/#authorImage\",\"url\":\"https:\\\/\\\/eldigitaldeasturias.com\\\/magazine365\\\/wp-content\\\/litespeed\\\/avatar\\\/e571bcf59a0edd6fa6838245a470f2fe.jpg?ver=1777574230\",\"width\":96,\"height\":96,\"caption\":\"admin\"}},{\"@type\":\"WebPage\",\"@id\":\"https:\\\/\\\/eldigitaldeasturias.com\\\/magazine365\\\/colomer-cree-que-castellon-puede-ser-la-toscana-del-levante\\\/#webpage\",\"url\":\"https:\\\/\\\/eldigitaldeasturias.com\\\/magazine365\\\/colomer-cree-que-castellon-puede-ser-la-toscana-del-levante\\\/\",\"name\":\"Colomer cree que Castell\\u00f3n puede ser \\u00abla Toscana del Levante\\u00bb | El Digital de Asturias\",\"description\":\"El presidente de la Agencia Valenciana de Turismo (AVT), Francesc Colomer, ha asegurado este martes que la ciudad de Castell\\u00f3n puede llegar a ser \\\"la Toscana del Levante\\\" y no \\\"un Levante feliz basado en la locomotora inmobiliaria\\\". En este sentido, ha abogado por recoger \\\"los recursos y el potencial que hist\\u00f3ricamente ha tenido Castell\\u00f3n\",\"inLanguage\":\"es-ES\",\"isPartOf\":{\"@id\":\"https:\\\/\\\/eldigitaldeasturias.com\\\/magazine365\\\/#website\"},\"breadcrumb\":{\"@id\":\"https:\\\/\\\/eldigitaldeasturias.com\\\/magazine365\\\/colomer-cree-que-castellon-puede-ser-la-toscana-del-levante\\\/#breadcrumblist\"},\"author\":{\"@id\":\"https:\\\/\\\/eldigitaldeasturias.com\\\/magazine365\\\/author\\\/admin\\\/#author\"},\"creator\":{\"@id\":\"https:\\\/\\\/eldigitaldeasturias.com\\\/magazine365\\\/author\\\/admin\\\/#author\"},\"image\":{\"@type\":\"ImageObject\",\"url\":\"https:\\\/\\\/eldigitaldeasturias.com\\\/magazine365\\\/wp-content\\\/uploads\\\/2015\\\/07\\\/fotonoticia_20150728153554_800.jpg\",\"@id\":\"https:\\\/\\\/eldigitaldeasturias.com\\\/magazine365\\\/colomer-cree-que-castellon-puede-ser-la-toscana-del-levante\\\/#mainImage\",\"width\":800,\"height\":517},\"primaryImageOfPage\":{\"@id\":\"https:\\\/\\\/eldigitaldeasturias.com\\\/magazine365\\\/colomer-cree-que-castellon-puede-ser-la-toscana-del-levante\\\/#mainImage\"},\"datePublished\":\"2015-07-29T08:40:38+02:00\",\"dateModified\":\"2015-07-29T08:40:38+02:00\"},{\"@type\":\"WebSite\",\"@id\":\"https:\\\/\\\/eldigitaldeasturias.com\\\/magazine365\\\/#website\",\"url\":\"https:\\\/\\\/eldigitaldeasturias.com\\\/magazine365\\\/\",\"name\":\"El Digital de Asturias\",\"description\":\"Revista de ocio, turismo y estilo de vida\",\"inLanguage\":\"es-ES\",\"publisher\":{\"@id\":\"https:\\\/\\\/eldigitaldeasturias.com\\\/magazine365\\\/#organization\"}}]}\n\t\t<\/script>\n\t\t<!-- All in One SEO Pro -->\r\n\t\t<title>Colomer cree que Castell\u00f3n puede ser \u00abla Toscana del Levante\u00bb | El Digital de Asturias<\/title>\n\n","aioseo_head_json":{"title":"Colomer cree que Castell\u00f3n puede ser \u00abla Toscana del Levante\u00bb | El Digital de Asturias","description":"El presidente de la Agencia Valenciana de Turismo (AVT), Francesc Colomer, ha asegurado este martes que la ciudad de Castell\u00f3n puede llegar a ser \"la Toscana del Levante\" y no \"un Levante feliz basado en la locomotora inmobiliaria\". En este sentido, ha abogado por recoger \"los recursos y el potencial que hist\u00f3ricamente ha tenido Castell\u00f3n","canonical_url":"https:\/\/eldigitaldeasturias.com\/magazine365\/colomer-cree-que-castellon-puede-ser-la-toscana-del-levante\/","robots":"max-image-preview:large","keywords":"noticias y actualidad","webmasterTools":{"google-site-verification":"UA-38556648-1","miscellaneous":""},"schema":{"@context":"https:\/\/schema.org","@graph":[{"@type":"Article","@id":"https:\/\/eldigitaldeasturias.com\/magazine365\/colomer-cree-que-castellon-puede-ser-la-toscana-del-levante\/#article","name":"Colomer cree que Castell\u00f3n puede ser \u00abla Toscana del Levante\u00bb | El Digital de Asturias","headline":"Colomer cree que Castell\u00f3n puede ser \u00abla Toscana del Levante\u00bb","author":{"@id":"https:\/\/eldigitaldeasturias.com\/magazine365\/author\/admin\/#author"},"publisher":{"@id":"https:\/\/eldigitaldeasturias.com\/magazine365\/#organization"},"image":{"@type":"ImageObject","url":"https:\/\/eldigitaldeasturias.com\/magazine365\/wp-content\/uploads\/2015\/07\/fotonoticia_20150728153554_800.jpg","width":800,"height":517},"datePublished":"2015-07-29T08:40:38+02:00","dateModified":"2015-07-29T08:40:38+02:00","inLanguage":"es-ES","mainEntityOfPage":{"@id":"https:\/\/eldigitaldeasturias.com\/magazine365\/colomer-cree-que-castellon-puede-ser-la-toscana-del-levante\/#webpage"},"isPartOf":{"@id":"https:\/\/eldigitaldeasturias.com\/magazine365\/colomer-cree-que-castellon-puede-ser-la-toscana-del-levante\/#webpage"},"articleSection":"Noticias y Actualidad"},{"@type":"BreadcrumbList","@id":"https:\/\/eldigitaldeasturias.com\/magazine365\/colomer-cree-que-castellon-puede-ser-la-toscana-del-levante\/#breadcrumblist","itemListElement":[{"@type":"ListItem","@id":"https:\/\/eldigitaldeasturias.com\/magazine365#listItem","position":1,"name":"Home","item":"https:\/\/eldigitaldeasturias.com\/magazine365","nextItem":{"@type":"ListItem","@id":"https:\/\/eldigitaldeasturias.com\/magazine365\/category\/noticias-actualidad\/#listItem","name":"Noticias y Actualidad"}},{"@type":"ListItem","@id":"https:\/\/eldigitaldeasturias.com\/magazine365\/category\/noticias-actualidad\/#listItem","position":2,"name":"Noticias y Actualidad","item":"https:\/\/eldigitaldeasturias.com\/magazine365\/category\/noticias-actualidad\/","nextItem":{"@type":"ListItem","@id":"https:\/\/eldigitaldeasturias.com\/magazine365\/colomer-cree-que-castellon-puede-ser-la-toscana-del-levante\/#listItem","name":"Colomer cree que Castell\u00f3n puede ser \u00abla Toscana del Levante\u00bb"},"previousItem":{"@type":"ListItem","@id":"https:\/\/eldigitaldeasturias.com\/magazine365#listItem","name":"Home"}},{"@type":"ListItem","@id":"https:\/\/eldigitaldeasturias.com\/magazine365\/colomer-cree-que-castellon-puede-ser-la-toscana-del-levante\/#listItem","position":3,"name":"Colomer cree que Castell\u00f3n puede ser \u00abla Toscana del Levante\u00bb","previousItem":{"@type":"ListItem","@id":"https:\/\/eldigitaldeasturias.com\/magazine365\/category\/noticias-actualidad\/#listItem","name":"Noticias y Actualidad"}}]},{"@type":"Organization","@id":"https:\/\/eldigitaldeasturias.com\/magazine365\/#organization","name":"El digital de Asturias","description":"Revista de ocio, turismo y estilo de vida","url":"https:\/\/eldigitaldeasturias.com\/magazine365\/","logo":{"@type":"ImageObject","url":"https:\/\/www.eldigitaldeasturias.com\/noticias\/wp-content\/uploads\/2020\/12\/EDA.jpg","@id":"https:\/\/eldigitaldeasturias.com\/magazine365\/colomer-cree-que-castellon-puede-ser-la-toscana-del-levante\/#organizationLogo"},"image":{"@id":"https:\/\/eldigitaldeasturias.com\/magazine365\/colomer-cree-que-castellon-puede-ser-la-toscana-del-levante\/#organizationLogo"}},{"@type":"Person","@id":"https:\/\/eldigitaldeasturias.com\/magazine365\/author\/admin\/#author","url":"https:\/\/eldigitaldeasturias.com\/magazine365\/author\/admin\/","name":"admin","image":{"@type":"ImageObject","@id":"https:\/\/eldigitaldeasturias.com\/magazine365\/colomer-cree-que-castellon-puede-ser-la-toscana-del-levante\/#authorImage","url":"https:\/\/eldigitaldeasturias.com\/magazine365\/wp-content\/litespeed\/avatar\/e571bcf59a0edd6fa6838245a470f2fe.jpg?ver=1777574230","width":96,"height":96,"caption":"admin"}},{"@type":"WebPage","@id":"https:\/\/eldigitaldeasturias.com\/magazine365\/colomer-cree-que-castellon-puede-ser-la-toscana-del-levante\/#webpage","url":"https:\/\/eldigitaldeasturias.com\/magazine365\/colomer-cree-que-castellon-puede-ser-la-toscana-del-levante\/","name":"Colomer cree que Castell\u00f3n puede ser \u00abla Toscana del Levante\u00bb | El Digital de Asturias","description":"El presidente de la Agencia Valenciana de Turismo (AVT), Francesc Colomer, ha asegurado este martes que la ciudad de Castell\u00f3n puede llegar a ser \"la Toscana del Levante\" y no \"un Levante feliz basado en la locomotora inmobiliaria\". En este sentido, ha abogado por recoger \"los recursos y el potencial que hist\u00f3ricamente ha tenido Castell\u00f3n","inLanguage":"es-ES","isPartOf":{"@id":"https:\/\/eldigitaldeasturias.com\/magazine365\/#website"},"breadcrumb":{"@id":"https:\/\/eldigitaldeasturias.com\/magazine365\/colomer-cree-que-castellon-puede-ser-la-toscana-del-levante\/#breadcrumblist"},"author":{"@id":"https:\/\/eldigitaldeasturias.com\/magazine365\/author\/admin\/#author"},"creator":{"@id":"https:\/\/eldigitaldeasturias.com\/magazine365\/author\/admin\/#author"},"image":{"@type":"ImageObject","url":"https:\/\/eldigitaldeasturias.com\/magazine365\/wp-content\/uploads\/2015\/07\/fotonoticia_20150728153554_800.jpg","@id":"https:\/\/eldigitaldeasturias.com\/magazine365\/colomer-cree-que-castellon-puede-ser-la-toscana-del-levante\/#mainImage","width":800,"height":517},"primaryImageOfPage":{"@id":"https:\/\/eldigitaldeasturias.com\/magazine365\/colomer-cree-que-castellon-puede-ser-la-toscana-del-levante\/#mainImage"},"datePublished":"2015-07-29T08:40:38+02:00","dateModified":"2015-07-29T08:40:38+02:00"},{"@type":"WebSite","@id":"https:\/\/eldigitaldeasturias.com\/magazine365\/#website","url":"https:\/\/eldigitaldeasturias.com\/magazine365\/","name":"El Digital de Asturias","description":"Revista de ocio, turismo y estilo de vida","inLanguage":"es-ES","publisher":{"@id":"https:\/\/eldigitaldeasturias.com\/magazine365\/#organization"}}]},"og:locale":"es_ES","og:site_name":"El Digital de Asturias \u2013 Revista de ocio, turismo y estilo de vida","og:type":"article","og:title":"Colomer cree que Castell\u00f3n puede ser \u00abla Toscana del Levante\u00bb | El Digital de Asturias","og:description":"El presidente de la Agencia Valenciana de Turismo (AVT), Francesc Colomer, ha asegurado este martes que la ciudad de Castell\u00f3n puede llegar a ser &quot;la Toscana del Levante&quot; y no &quot;un Levante feliz basado en la locomotora inmobiliaria&quot;. En este sentido, ha abogado por recoger &quot;los recursos y el potencial que hist\u00f3ricamente ha tenido Castell\u00f3n","og:url":"https:\/\/eldigitaldeasturias.com\/magazine365\/colomer-cree-que-castellon-puede-ser-la-toscana-del-levante\/","og:image":"https:\/\/eldigitaldeasturias.com\/magazine365\/wp-content\/uploads\/2015\/07\/fotonoticia_20150728153554_800.jpg","og:image:secure_url":"https:\/\/eldigitaldeasturias.com\/magazine365\/wp-content\/uploads\/2015\/07\/fotonoticia_20150728153554_800.jpg","og:image:width":800,"og:image:height":517,"article:published_time":"2015-07-29T06:40:38+00:00","article:modified_time":"2015-07-29T06:40:38+00:00","twitter:card":"summary_large_image","twitter:title":"Colomer cree que Castell\u00f3n puede ser \u00abla Toscana del Levante\u00bb | El Digital de Asturias","twitter:description":"El presidente de la Agencia Valenciana de Turismo (AVT), Francesc Colomer, ha asegurado este martes que la ciudad de Castell\u00f3n puede llegar a ser &quot;la Toscana del Levante&quot; y no &quot;un Levante feliz basado en la locomotora inmobiliaria&quot;. En este sentido, ha abogado por recoger &quot;los recursos y el potencial que hist\u00f3ricamente ha tenido Castell\u00f3n","twitter:image":"https:\/\/eldigitaldeasturias.com\/magazine365\/wp-content\/uploads\/2015\/07\/fotonoticia_20150728153554_800.jpg"},"aioseo_meta_data":{"post_id":"44128","title":null,"description":null,"keywords":null,"keyphrases":null,"primary_term":null,"canonical_url":null,"og_title":null,"og_description":null,"og_object_type":"default","og_image_type":"default","og_image_url":null,"og_image_width":null,"og_image_height":null,"og_image_custom_url":null,"og_image_custom_fields":null,"og_video":null,"og_custom_url":null,"og_article_section":null,"og_article_tags":null,"twitter_use_og":false,"twitter_card":"default","twitter_image_type":"default","twitter_image_url":null,"twitter_image_custom_url":null,"twitter_image_custom_fields":null,"twitter_title":null,"twitter_description":null,"schema":{"blockGraphs":[],"customGraphs":[],"default":{"data":{"Article":[],"Course":[],"Dataset":[],"FAQPage":[],"Movie":[],"Person":[],"Product":[],"ProductReview":[],"Car":[],"Recipe":[],"Service":[],"SoftwareApplication":[],"WebPage":[]},"graphName":"","isEnabled":true},"graphs":[],"defaultGraph":"","defaultPostTypeGraph":""},"schema_type":null,"schema_type_options":null,"pillar_content":false,"robots_default":true,"robots_noindex":false,"robots_noarchive":false,"robots_nosnippet":false,"robots_nofollow":false,"robots_noimageindex":false,"robots_noodp":false,"robots_notranslate":false,"robots_max_snippet":null,"robots_max_videopreview":null,"robots_max_imagepreview":"large","priority":null,"frequency":null,"location":null,"local_seo":null,"seo_analyzer_scan_date":"2025-09-19 21:20:28","breadcrumb_settings":null,"limit_modified_date":false,"open_ai":null,"ai":null,"created":"2021-03-09 01:37:53","updated":"2025-09-19 21:20:28"},"aioseo_breadcrumb":"<div class=\"aioseo-breadcrumbs\"><span class=\"aioseo-breadcrumb\">\n\t<a href=\"https:\/\/eldigitaldeasturias.com\/magazine365\" title=\"Home\">Home<\/a>\n<\/span><span class=\"aioseo-breadcrumb-separator\">\u2013<\/span><span class=\"aioseo-breadcrumb\">\n\t<a href=\"https:\/\/eldigitaldeasturias.com\/magazine365\/category\/noticias-actualidad\/\" title=\"Noticias y Actualidad\">Noticias y Actualidad<\/a>\n<\/span><span class=\"aioseo-breadcrumb-separator\">\u2013<\/span><span class=\"aioseo-breadcrumb\">\n\t<a href=\"https:\/\/eldigitaldeasturias.com\/magazine365\/colomer-cree-que-castellon-puede-ser-la-toscana-del-levante\/\" title=\"Colomer cree que Castell\u00f3n puede ser \u00abla Toscana del Levante\u00bb\">Colomer cree que Castell\u00f3n puede ser \u00abla Toscana del Levante\u00bb<\/a>\n<\/span><\/div>","aioseo_breadcrumb_json":[{"label":"Home","link":"https:\/\/eldigitaldeasturias.com\/magazine365"},{"label":"Noticias y Actualidad","link":"https:\/\/eldigitaldeasturias.com\/magazine365\/category\/noticias-actualidad\/"},{"label":"Colomer cree que Castell\u00f3n puede ser \u00abla Toscana del Levante\u00bb","link":"https:\/\/eldigitaldeasturias.com\/magazine365\/colomer-cree-que-castellon-puede-ser-la-toscana-del-levante\/"}],"_links":{"self":[{"href":"https:\/\/eldigitaldeasturias.com\/magazine365\/wp-json\/wp\/v2\/posts\/44128","targetHints":{"allow":["GET"]}}],"collection":[{"href":"https:\/\/eldigitaldeasturias.com\/magazine365\/wp-json\/wp\/v2\/posts"}],"about":[{"href":"https:\/\/eldigitaldeasturias.com\/magazine365\/wp-json\/wp\/v2\/types\/post"}],"author":[{"embeddable":true,"href":"https:\/\/eldigitaldeasturias.com\/magazine365\/wp-json\/wp\/v2\/users\/1"}],"replies":[{"embeddable":true,"href":"https:\/\/eldigitaldeasturias.com\/magazine365\/wp-json\/wp\/v2\/comments?post=44128"}],"version-history":[{"count":0,"href":"https:\/\/eldigitaldeasturias.com\/magazine365\/wp-json\/wp\/v2\/posts\/44128\/revisions"}],"wp:featuredmedia":[{"embeddable":true,"href":"https:\/\/eldigitaldeasturias.com\/magazine365\/wp-json\/wp\/v2\/media\/44129"}],"wp:attachment":[{"href":"https:\/\/eldigitaldeasturias.com\/magazine365\/wp-json\/wp\/v2\/media?parent=44128"}],"wp:term":[{"taxonomy":"category","embeddable":true,"href":"https:\/\/eldigitaldeasturias.com\/magazine365\/wp-json\/wp\/v2\/categories?post=44128"},{"taxonomy":"post_tag","embeddable":true,"href":"https:\/\/eldigitaldeasturias.com\/magazine365\/wp-json\/wp\/v2\/tags?post=44128"}],"curies":[{"name":"wp","href":"https:\/\/api.w.org\/{rel}","templated":true}]}}