{"id":44014,"date":"2015-07-29T05:19:24","date_gmt":"2015-07-29T03:19:24","guid":{"rendered":"http:\/\/eldigitaldeasturias.com\/magazine365\/?p=44014"},"modified":"2015-07-29T05:19:24","modified_gmt":"2015-07-29T03:19:24","slug":"citi-eleva-un-125-el-precio-objetivo-de-aena-tras-la-subida-de-tasas-aereas-impuesta-por-la-cnmc","status":"publish","type":"post","link":"https:\/\/eldigitaldeasturias.com\/magazine365\/citi-eleva-un-125-el-precio-objetivo-de-aena-tras-la-subida-de-tasas-aereas-impuesta-por-la-cnmc\/","title":{"rendered":"Citi eleva un 12,5% el precio objetivo de Aena tras la subida de tasas a\u00e9reas impuesta por la CNMC"},"content":{"rendered":"<p><img fetchpriority=\"high\" decoding=\"async\" class=\"alignleft size-medium wp-image-44015\" src=\"https:\/\/eldigitaldeasturias.com\/magazine365\/wp-content\/uploads\/2015\/07\/fotonoticia_20150727173018_800-360x240.jpg\" alt=\"fotonoticia_20150727173018_800\" width=\"360\" height=\"240\" srcset=\"https:\/\/eldigitaldeasturias.com\/magazine365\/wp-content\/uploads\/2015\/07\/fotonoticia_20150727173018_800-360x240.jpg 360w, https:\/\/eldigitaldeasturias.com\/magazine365\/wp-content\/uploads\/2015\/07\/fotonoticia_20150727173018_800-650x433.jpg 650w, https:\/\/eldigitaldeasturias.com\/magazine365\/wp-content\/uploads\/2015\/07\/fotonoticia_20150727173018_800-768x512.jpg 768w, https:\/\/eldigitaldeasturias.com\/magazine365\/wp-content\/uploads\/2015\/07\/fotonoticia_20150727173018_800-150x100.jpg 150w, https:\/\/eldigitaldeasturias.com\/magazine365\/wp-content\/uploads\/2015\/07\/fotonoticia_20150727173018_800-450x300.jpg 450w, https:\/\/eldigitaldeasturias.com\/magazine365\/wp-content\/uploads\/2015\/07\/fotonoticia_20150727173018_800-696x464.jpg 696w, https:\/\/eldigitaldeasturias.com\/magazine365\/wp-content\/uploads\/2015\/07\/fotonoticia_20150727173018_800-630x420.jpg 630w, https:\/\/eldigitaldeasturias.com\/magazine365\/wp-content\/uploads\/2015\/07\/fotonoticia_20150727173018_800-84x55.jpg 84w, https:\/\/eldigitaldeasturias.com\/magazine365\/wp-content\/uploads\/2015\/07\/fotonoticia_20150727173018_800.jpg 800w\" sizes=\"(max-width: 360px) 100vw, 360px\" \/>Citi ha elevado el precio objetivo de las acciones de Aena de los 99,50 euros del cierre de Bolsa del viernes pasado a 112 euros tras imponer la Comisi\u00f3n Nacional de Mercados y Competencia (CNMC) a la gestora aeroportuaria una bajada del 1,9% en sus tasas a\u00e9reas.<\/p>\n<p>La propuesta del actual regulador de Aena, que mantendr\u00e1 su funci\u00f3n hasta finales de 2016, de reducir en un 1,9% las tasas aeroportuarias \u00abes mejor de la esperada\u00bb, seg\u00fan expertos de la entidad estadounidense.<\/p>\n<p>La CNMC dio a conocer el pasado viernes la aprobaci\u00f3n de la propuesta final de modificaci\u00f3n tarifaria en la red de aeropuertos nacional. El 1,9% menos de tasas a\u00e9reas se situaba por debajo del 3% menos previsto por Citi, y del 3,5% menos inicial fijado por la CNMC, por lo que es \u00abuna mejor salida de la esperada\u00bb, recalc\u00f3 la entidad norteamericana.<\/p>\n<p>El consejo de administraci\u00f3n de Aena abordar\u00e1 este martes, 28 de julio, la resoluci\u00f3n de la CNMC. La Comisi\u00f3n argument\u00f3 que la propuesta tarifaria de la gestora separaba costes de actividades aeroportuarias y comerciales de manera \u00abno correcta\u00bb. Por ello, se aplicaba un ajuste de 69 millones de euros en el coste de tarifas aeroportuarias.<\/p>\n<p>Adem\u00e1s, el resultado del super\u00e1vit previsto para el pr\u00f3ximo a\u00f1o compensa el d\u00e9ficit real de 2013 que, capitalizado, alcanza los 199 millones de euros. En cambio, seg\u00fan la interpretaci\u00f3n de Aena el d\u00e9ficit previsto dejar\u00eda pendiente recuperar 555 millones de euros en los ejercicios posteriores.<\/p>\n<p>Esta medida se produce tras las subidas entre 2010-2013 por Aena y con una previsi\u00f3n de un 4% m\u00e1s de pasajeros este ejercicio. La red de los aeropuertos de la gestora cerr\u00f3 el primer semestre del a\u00f1o con 93 millones de pasajeros, un 5,2% m\u00e1s que de enero a junio del a\u00f1o pasado, seg\u00fan datos provisionales.<\/p>\n<p>Adem\u00e1s, la CNMC plantea descontar un 40% a pasajeros en conexi\u00f3n y a aeronaves de hasta cinco toneladas &#8211;peso m\u00e1ximo antes de despegue&#8211;. Se ampliaba tambi\u00e9n a tres las dos horas actuales de exenci\u00f3n de tarifa de estacionamiento en aeropuertos de los grupos cuatro y cinco.<\/p>\n","protected":false},"excerpt":{"rendered":"<p>Citi ha elevado el precio objetivo de las acciones de Aena de los 99,50 euros del cierre de Bolsa del viernes pasado a 112 euros tras imponer la Comisi\u00f3n Nacional de Mercados y Competencia (CNMC) a la gestora aeroportuaria una bajada del 1,9% en sus tasas a\u00e9reas. La propuesta del actual regulador de Aena, que<\/p>\n","protected":false},"author":1,"featured_media":44015,"comment_status":"open","ping_status":"closed","sticky":false,"template":"","format":"standard","meta":{"footnotes":""},"categories":[224],"tags":[],"class_list":{"0":"post-44014","1":"post","2":"type-post","3":"status-publish","4":"format-standard","5":"has-post-thumbnail","7":"category-noticias-actualidad"},"aioseo_notices":[],"aioseo_head":"\n\t\t<!-- All in One SEO Pro 4.9.6.1 - aioseo.com -->\n\t<meta name=\"description\" content=\"Citi ha elevado el precio objetivo de las acciones de Aena de los 99,50 euros del cierre de Bolsa del viernes pasado a 112 euros tras imponer la Comisi\u00f3n Nacional de Mercados y Competencia (CNMC) a la gestora aeroportuaria una bajada del 1,9% en sus tasas a\u00e9reas. La propuesta del actual regulador de Aena, que\" \/>\n\t<meta name=\"robots\" content=\"max-image-preview:large\" \/>\n\t<meta name=\"author\" content=\"admin\"\/>\n\t<meta name=\"google-site-verification\" content=\"UA-38556648-1\" \/>\n\t<meta name=\"keywords\" content=\"noticias y actualidad\" \/>\n\t<link rel=\"canonical\" href=\"https:\/\/eldigitaldeasturias.com\/magazine365\/citi-eleva-un-125-el-precio-objetivo-de-aena-tras-la-subida-de-tasas-aereas-impuesta-por-la-cnmc\/\" \/>\n\t<meta name=\"generator\" content=\"All in One SEO Pro (AIOSEO) 4.9.6.1\" \/>\n\t\t<meta property=\"og:locale\" content=\"es_ES\" \/>\n\t\t<meta property=\"og:site_name\" content=\"El Digital de Asturias \u2013 Revista de ocio, turismo y estilo de vida\" \/>\n\t\t<meta property=\"og:type\" content=\"article\" \/>\n\t\t<meta property=\"og:title\" content=\"Citi eleva un 12,5% el precio objetivo de Aena tras la subida de tasas a\u00e9reas impuesta por la CNMC | El Digital de Asturias\" \/>\n\t\t<meta property=\"og:description\" content=\"Citi ha elevado el precio objetivo de las acciones de Aena de los 99,50 euros del cierre de Bolsa del viernes pasado a 112 euros tras imponer la Comisi\u00f3n Nacional de Mercados y Competencia (CNMC) a la gestora aeroportuaria una bajada del 1,9% en sus tasas a\u00e9reas. La propuesta del actual regulador de Aena, que\" \/>\n\t\t<meta property=\"og:url\" content=\"https:\/\/eldigitaldeasturias.com\/magazine365\/citi-eleva-un-125-el-precio-objetivo-de-aena-tras-la-subida-de-tasas-aereas-impuesta-por-la-cnmc\/\" \/>\n\t\t<meta property=\"og:image\" content=\"https:\/\/eldigitaldeasturias.com\/magazine365\/wp-content\/uploads\/2015\/07\/fotonoticia_20150727173018_800.jpg\" \/>\n\t\t<meta property=\"og:image:secure_url\" content=\"https:\/\/eldigitaldeasturias.com\/magazine365\/wp-content\/uploads\/2015\/07\/fotonoticia_20150727173018_800.jpg\" \/>\n\t\t<meta property=\"og:image:width\" content=\"800\" \/>\n\t\t<meta property=\"og:image:height\" content=\"533\" \/>\n\t\t<meta property=\"article:published_time\" content=\"2015-07-29T03:19:24+00:00\" \/>\n\t\t<meta property=\"article:modified_time\" content=\"2015-07-29T03:19:24+00:00\" \/>\n\t\t<meta name=\"twitter:card\" content=\"summary_large_image\" \/>\n\t\t<meta name=\"twitter:title\" content=\"Citi eleva un 12,5% el precio objetivo de Aena tras la subida de tasas a\u00e9reas impuesta por la CNMC | El Digital de Asturias\" \/>\n\t\t<meta name=\"twitter:description\" content=\"Citi ha elevado el precio objetivo de las acciones de Aena de los 99,50 euros del cierre de Bolsa del viernes pasado a 112 euros tras imponer la Comisi\u00f3n Nacional de Mercados y Competencia (CNMC) a la gestora aeroportuaria una bajada del 1,9% en sus tasas a\u00e9reas. La propuesta del actual regulador de Aena, que\" \/>\n\t\t<meta name=\"twitter:image\" content=\"https:\/\/eldigitaldeasturias.com\/magazine365\/wp-content\/uploads\/2015\/07\/fotonoticia_20150727173018_800.jpg\" \/>\n\t\t<script type=\"application\/ld+json\" class=\"aioseo-schema\">\n\t\t\t{\"@context\":\"https:\\\/\\\/schema.org\",\"@graph\":[{\"@type\":\"Article\",\"@id\":\"https:\\\/\\\/eldigitaldeasturias.com\\\/magazine365\\\/citi-eleva-un-125-el-precio-objetivo-de-aena-tras-la-subida-de-tasas-aereas-impuesta-por-la-cnmc\\\/#article\",\"name\":\"Citi eleva un 12,5% el precio objetivo de Aena tras la subida de tasas a\\u00e9reas impuesta por la CNMC | El Digital de Asturias\",\"headline\":\"Citi eleva un 12,5% el precio objetivo de Aena tras la subida de tasas a\\u00e9reas impuesta por la CNMC\",\"author\":{\"@id\":\"https:\\\/\\\/eldigitaldeasturias.com\\\/magazine365\\\/author\\\/admin\\\/#author\"},\"publisher\":{\"@id\":\"https:\\\/\\\/eldigitaldeasturias.com\\\/magazine365\\\/#organization\"},\"image\":{\"@type\":\"ImageObject\",\"url\":\"https:\\\/\\\/eldigitaldeasturias.com\\\/magazine365\\\/wp-content\\\/uploads\\\/2015\\\/07\\\/fotonoticia_20150727173018_800.jpg\",\"width\":800,\"height\":533},\"datePublished\":\"2015-07-29T05:19:24+02:00\",\"dateModified\":\"2015-07-29T05:19:24+02:00\",\"inLanguage\":\"es-ES\",\"mainEntityOfPage\":{\"@id\":\"https:\\\/\\\/eldigitaldeasturias.com\\\/magazine365\\\/citi-eleva-un-125-el-precio-objetivo-de-aena-tras-la-subida-de-tasas-aereas-impuesta-por-la-cnmc\\\/#webpage\"},\"isPartOf\":{\"@id\":\"https:\\\/\\\/eldigitaldeasturias.com\\\/magazine365\\\/citi-eleva-un-125-el-precio-objetivo-de-aena-tras-la-subida-de-tasas-aereas-impuesta-por-la-cnmc\\\/#webpage\"},\"articleSection\":\"Noticias y Actualidad\"},{\"@type\":\"BreadcrumbList\",\"@id\":\"https:\\\/\\\/eldigitaldeasturias.com\\\/magazine365\\\/citi-eleva-un-125-el-precio-objetivo-de-aena-tras-la-subida-de-tasas-aereas-impuesta-por-la-cnmc\\\/#breadcrumblist\",\"itemListElement\":[{\"@type\":\"ListItem\",\"@id\":\"https:\\\/\\\/eldigitaldeasturias.com\\\/magazine365#listItem\",\"position\":1,\"name\":\"Home\",\"item\":\"https:\\\/\\\/eldigitaldeasturias.com\\\/magazine365\",\"nextItem\":{\"@type\":\"ListItem\",\"@id\":\"https:\\\/\\\/eldigitaldeasturias.com\\\/magazine365\\\/category\\\/noticias-actualidad\\\/#listItem\",\"name\":\"Noticias y Actualidad\"}},{\"@type\":\"ListItem\",\"@id\":\"https:\\\/\\\/eldigitaldeasturias.com\\\/magazine365\\\/category\\\/noticias-actualidad\\\/#listItem\",\"position\":2,\"name\":\"Noticias y Actualidad\",\"item\":\"https:\\\/\\\/eldigitaldeasturias.com\\\/magazine365\\\/category\\\/noticias-actualidad\\\/\",\"nextItem\":{\"@type\":\"ListItem\",\"@id\":\"https:\\\/\\\/eldigitaldeasturias.com\\\/magazine365\\\/citi-eleva-un-125-el-precio-objetivo-de-aena-tras-la-subida-de-tasas-aereas-impuesta-por-la-cnmc\\\/#listItem\",\"name\":\"Citi eleva un 12,5% el precio objetivo de Aena tras la subida de tasas a\\u00e9reas impuesta por la CNMC\"},\"previousItem\":{\"@type\":\"ListItem\",\"@id\":\"https:\\\/\\\/eldigitaldeasturias.com\\\/magazine365#listItem\",\"name\":\"Home\"}},{\"@type\":\"ListItem\",\"@id\":\"https:\\\/\\\/eldigitaldeasturias.com\\\/magazine365\\\/citi-eleva-un-125-el-precio-objetivo-de-aena-tras-la-subida-de-tasas-aereas-impuesta-por-la-cnmc\\\/#listItem\",\"position\":3,\"name\":\"Citi eleva un 12,5% el precio objetivo de Aena tras la subida de tasas a\\u00e9reas impuesta por la CNMC\",\"previousItem\":{\"@type\":\"ListItem\",\"@id\":\"https:\\\/\\\/eldigitaldeasturias.com\\\/magazine365\\\/category\\\/noticias-actualidad\\\/#listItem\",\"name\":\"Noticias y Actualidad\"}}]},{\"@type\":\"Organization\",\"@id\":\"https:\\\/\\\/eldigitaldeasturias.com\\\/magazine365\\\/#organization\",\"name\":\"El digital de Asturias\",\"description\":\"Revista de ocio, turismo y estilo de vida\",\"url\":\"https:\\\/\\\/eldigitaldeasturias.com\\\/magazine365\\\/\",\"logo\":{\"@type\":\"ImageObject\",\"url\":\"https:\\\/\\\/www.eldigitaldeasturias.com\\\/noticias\\\/wp-content\\\/uploads\\\/2020\\\/12\\\/EDA.jpg\",\"@id\":\"https:\\\/\\\/eldigitaldeasturias.com\\\/magazine365\\\/citi-eleva-un-125-el-precio-objetivo-de-aena-tras-la-subida-de-tasas-aereas-impuesta-por-la-cnmc\\\/#organizationLogo\"},\"image\":{\"@id\":\"https:\\\/\\\/eldigitaldeasturias.com\\\/magazine365\\\/citi-eleva-un-125-el-precio-objetivo-de-aena-tras-la-subida-de-tasas-aereas-impuesta-por-la-cnmc\\\/#organizationLogo\"}},{\"@type\":\"Person\",\"@id\":\"https:\\\/\\\/eldigitaldeasturias.com\\\/magazine365\\\/author\\\/admin\\\/#author\",\"url\":\"https:\\\/\\\/eldigitaldeasturias.com\\\/magazine365\\\/author\\\/admin\\\/\",\"name\":\"admin\",\"image\":{\"@type\":\"ImageObject\",\"@id\":\"https:\\\/\\\/eldigitaldeasturias.com\\\/magazine365\\\/citi-eleva-un-125-el-precio-objetivo-de-aena-tras-la-subida-de-tasas-aereas-impuesta-por-la-cnmc\\\/#authorImage\",\"url\":\"https:\\\/\\\/eldigitaldeasturias.com\\\/magazine365\\\/wp-content\\\/litespeed\\\/avatar\\\/e571bcf59a0edd6fa6838245a470f2fe.jpg?ver=1777574230\",\"width\":96,\"height\":96,\"caption\":\"admin\"}},{\"@type\":\"WebPage\",\"@id\":\"https:\\\/\\\/eldigitaldeasturias.com\\\/magazine365\\\/citi-eleva-un-125-el-precio-objetivo-de-aena-tras-la-subida-de-tasas-aereas-impuesta-por-la-cnmc\\\/#webpage\",\"url\":\"https:\\\/\\\/eldigitaldeasturias.com\\\/magazine365\\\/citi-eleva-un-125-el-precio-objetivo-de-aena-tras-la-subida-de-tasas-aereas-impuesta-por-la-cnmc\\\/\",\"name\":\"Citi eleva un 12,5% el precio objetivo de Aena tras la subida de tasas a\\u00e9reas impuesta por la CNMC | El Digital de Asturias\",\"description\":\"Citi ha elevado el precio objetivo de las acciones de Aena de los 99,50 euros del cierre de Bolsa del viernes pasado a 112 euros tras imponer la Comisi\\u00f3n Nacional de Mercados y Competencia (CNMC) a la gestora aeroportuaria una bajada del 1,9% en sus tasas a\\u00e9reas. La propuesta del actual regulador de Aena, que\",\"inLanguage\":\"es-ES\",\"isPartOf\":{\"@id\":\"https:\\\/\\\/eldigitaldeasturias.com\\\/magazine365\\\/#website\"},\"breadcrumb\":{\"@id\":\"https:\\\/\\\/eldigitaldeasturias.com\\\/magazine365\\\/citi-eleva-un-125-el-precio-objetivo-de-aena-tras-la-subida-de-tasas-aereas-impuesta-por-la-cnmc\\\/#breadcrumblist\"},\"author\":{\"@id\":\"https:\\\/\\\/eldigitaldeasturias.com\\\/magazine365\\\/author\\\/admin\\\/#author\"},\"creator\":{\"@id\":\"https:\\\/\\\/eldigitaldeasturias.com\\\/magazine365\\\/author\\\/admin\\\/#author\"},\"image\":{\"@type\":\"ImageObject\",\"url\":\"https:\\\/\\\/eldigitaldeasturias.com\\\/magazine365\\\/wp-content\\\/uploads\\\/2015\\\/07\\\/fotonoticia_20150727173018_800.jpg\",\"@id\":\"https:\\\/\\\/eldigitaldeasturias.com\\\/magazine365\\\/citi-eleva-un-125-el-precio-objetivo-de-aena-tras-la-subida-de-tasas-aereas-impuesta-por-la-cnmc\\\/#mainImage\",\"width\":800,\"height\":533},\"primaryImageOfPage\":{\"@id\":\"https:\\\/\\\/eldigitaldeasturias.com\\\/magazine365\\\/citi-eleva-un-125-el-precio-objetivo-de-aena-tras-la-subida-de-tasas-aereas-impuesta-por-la-cnmc\\\/#mainImage\"},\"datePublished\":\"2015-07-29T05:19:24+02:00\",\"dateModified\":\"2015-07-29T05:19:24+02:00\"},{\"@type\":\"WebSite\",\"@id\":\"https:\\\/\\\/eldigitaldeasturias.com\\\/magazine365\\\/#website\",\"url\":\"https:\\\/\\\/eldigitaldeasturias.com\\\/magazine365\\\/\",\"name\":\"El Digital de Asturias\",\"description\":\"Revista de ocio, turismo y estilo de vida\",\"inLanguage\":\"es-ES\",\"publisher\":{\"@id\":\"https:\\\/\\\/eldigitaldeasturias.com\\\/magazine365\\\/#organization\"}}]}\n\t\t<\/script>\n\t\t<!-- All in One SEO Pro -->\r\n\t\t<title>Citi eleva un 12,5% el precio objetivo de Aena tras la subida de tasas a\u00e9reas impuesta por la CNMC | El Digital de Asturias<\/title>\n\n","aioseo_head_json":{"title":"Citi eleva un 12,5% el precio objetivo de Aena tras la subida de tasas a\u00e9reas impuesta por la CNMC | El Digital de Asturias","description":"Citi ha elevado el precio objetivo de las acciones de Aena de los 99,50 euros del cierre de Bolsa del viernes pasado a 112 euros tras imponer la Comisi\u00f3n Nacional de Mercados y Competencia (CNMC) a la gestora aeroportuaria una bajada del 1,9% en sus tasas a\u00e9reas. La propuesta del actual regulador de Aena, que","canonical_url":"https:\/\/eldigitaldeasturias.com\/magazine365\/citi-eleva-un-125-el-precio-objetivo-de-aena-tras-la-subida-de-tasas-aereas-impuesta-por-la-cnmc\/","robots":"max-image-preview:large","keywords":"noticias y actualidad","webmasterTools":{"google-site-verification":"UA-38556648-1","miscellaneous":""},"schema":{"@context":"https:\/\/schema.org","@graph":[{"@type":"Article","@id":"https:\/\/eldigitaldeasturias.com\/magazine365\/citi-eleva-un-125-el-precio-objetivo-de-aena-tras-la-subida-de-tasas-aereas-impuesta-por-la-cnmc\/#article","name":"Citi eleva un 12,5% el precio objetivo de Aena tras la subida de tasas a\u00e9reas impuesta por la CNMC | El Digital de Asturias","headline":"Citi eleva un 12,5% el precio objetivo de Aena tras la subida de tasas a\u00e9reas impuesta por la CNMC","author":{"@id":"https:\/\/eldigitaldeasturias.com\/magazine365\/author\/admin\/#author"},"publisher":{"@id":"https:\/\/eldigitaldeasturias.com\/magazine365\/#organization"},"image":{"@type":"ImageObject","url":"https:\/\/eldigitaldeasturias.com\/magazine365\/wp-content\/uploads\/2015\/07\/fotonoticia_20150727173018_800.jpg","width":800,"height":533},"datePublished":"2015-07-29T05:19:24+02:00","dateModified":"2015-07-29T05:19:24+02:00","inLanguage":"es-ES","mainEntityOfPage":{"@id":"https:\/\/eldigitaldeasturias.com\/magazine365\/citi-eleva-un-125-el-precio-objetivo-de-aena-tras-la-subida-de-tasas-aereas-impuesta-por-la-cnmc\/#webpage"},"isPartOf":{"@id":"https:\/\/eldigitaldeasturias.com\/magazine365\/citi-eleva-un-125-el-precio-objetivo-de-aena-tras-la-subida-de-tasas-aereas-impuesta-por-la-cnmc\/#webpage"},"articleSection":"Noticias y Actualidad"},{"@type":"BreadcrumbList","@id":"https:\/\/eldigitaldeasturias.com\/magazine365\/citi-eleva-un-125-el-precio-objetivo-de-aena-tras-la-subida-de-tasas-aereas-impuesta-por-la-cnmc\/#breadcrumblist","itemListElement":[{"@type":"ListItem","@id":"https:\/\/eldigitaldeasturias.com\/magazine365#listItem","position":1,"name":"Home","item":"https:\/\/eldigitaldeasturias.com\/magazine365","nextItem":{"@type":"ListItem","@id":"https:\/\/eldigitaldeasturias.com\/magazine365\/category\/noticias-actualidad\/#listItem","name":"Noticias y Actualidad"}},{"@type":"ListItem","@id":"https:\/\/eldigitaldeasturias.com\/magazine365\/category\/noticias-actualidad\/#listItem","position":2,"name":"Noticias y Actualidad","item":"https:\/\/eldigitaldeasturias.com\/magazine365\/category\/noticias-actualidad\/","nextItem":{"@type":"ListItem","@id":"https:\/\/eldigitaldeasturias.com\/magazine365\/citi-eleva-un-125-el-precio-objetivo-de-aena-tras-la-subida-de-tasas-aereas-impuesta-por-la-cnmc\/#listItem","name":"Citi eleva un 12,5% el precio objetivo de Aena tras la subida de tasas a\u00e9reas impuesta por la CNMC"},"previousItem":{"@type":"ListItem","@id":"https:\/\/eldigitaldeasturias.com\/magazine365#listItem","name":"Home"}},{"@type":"ListItem","@id":"https:\/\/eldigitaldeasturias.com\/magazine365\/citi-eleva-un-125-el-precio-objetivo-de-aena-tras-la-subida-de-tasas-aereas-impuesta-por-la-cnmc\/#listItem","position":3,"name":"Citi eleva un 12,5% el precio objetivo de Aena tras la subida de tasas a\u00e9reas impuesta por la CNMC","previousItem":{"@type":"ListItem","@id":"https:\/\/eldigitaldeasturias.com\/magazine365\/category\/noticias-actualidad\/#listItem","name":"Noticias y Actualidad"}}]},{"@type":"Organization","@id":"https:\/\/eldigitaldeasturias.com\/magazine365\/#organization","name":"El digital de Asturias","description":"Revista de ocio, turismo y estilo de vida","url":"https:\/\/eldigitaldeasturias.com\/magazine365\/","logo":{"@type":"ImageObject","url":"https:\/\/www.eldigitaldeasturias.com\/noticias\/wp-content\/uploads\/2020\/12\/EDA.jpg","@id":"https:\/\/eldigitaldeasturias.com\/magazine365\/citi-eleva-un-125-el-precio-objetivo-de-aena-tras-la-subida-de-tasas-aereas-impuesta-por-la-cnmc\/#organizationLogo"},"image":{"@id":"https:\/\/eldigitaldeasturias.com\/magazine365\/citi-eleva-un-125-el-precio-objetivo-de-aena-tras-la-subida-de-tasas-aereas-impuesta-por-la-cnmc\/#organizationLogo"}},{"@type":"Person","@id":"https:\/\/eldigitaldeasturias.com\/magazine365\/author\/admin\/#author","url":"https:\/\/eldigitaldeasturias.com\/magazine365\/author\/admin\/","name":"admin","image":{"@type":"ImageObject","@id":"https:\/\/eldigitaldeasturias.com\/magazine365\/citi-eleva-un-125-el-precio-objetivo-de-aena-tras-la-subida-de-tasas-aereas-impuesta-por-la-cnmc\/#authorImage","url":"https:\/\/eldigitaldeasturias.com\/magazine365\/wp-content\/litespeed\/avatar\/e571bcf59a0edd6fa6838245a470f2fe.jpg?ver=1777574230","width":96,"height":96,"caption":"admin"}},{"@type":"WebPage","@id":"https:\/\/eldigitaldeasturias.com\/magazine365\/citi-eleva-un-125-el-precio-objetivo-de-aena-tras-la-subida-de-tasas-aereas-impuesta-por-la-cnmc\/#webpage","url":"https:\/\/eldigitaldeasturias.com\/magazine365\/citi-eleva-un-125-el-precio-objetivo-de-aena-tras-la-subida-de-tasas-aereas-impuesta-por-la-cnmc\/","name":"Citi eleva un 12,5% el precio objetivo de Aena tras la subida de tasas a\u00e9reas impuesta por la CNMC | El Digital de Asturias","description":"Citi ha elevado el precio objetivo de las acciones de Aena de los 99,50 euros del cierre de Bolsa del viernes pasado a 112 euros tras imponer la Comisi\u00f3n Nacional de Mercados y Competencia (CNMC) a la gestora aeroportuaria una bajada del 1,9% en sus tasas a\u00e9reas. La propuesta del actual regulador de Aena, que","inLanguage":"es-ES","isPartOf":{"@id":"https:\/\/eldigitaldeasturias.com\/magazine365\/#website"},"breadcrumb":{"@id":"https:\/\/eldigitaldeasturias.com\/magazine365\/citi-eleva-un-125-el-precio-objetivo-de-aena-tras-la-subida-de-tasas-aereas-impuesta-por-la-cnmc\/#breadcrumblist"},"author":{"@id":"https:\/\/eldigitaldeasturias.com\/magazine365\/author\/admin\/#author"},"creator":{"@id":"https:\/\/eldigitaldeasturias.com\/magazine365\/author\/admin\/#author"},"image":{"@type":"ImageObject","url":"https:\/\/eldigitaldeasturias.com\/magazine365\/wp-content\/uploads\/2015\/07\/fotonoticia_20150727173018_800.jpg","@id":"https:\/\/eldigitaldeasturias.com\/magazine365\/citi-eleva-un-125-el-precio-objetivo-de-aena-tras-la-subida-de-tasas-aereas-impuesta-por-la-cnmc\/#mainImage","width":800,"height":533},"primaryImageOfPage":{"@id":"https:\/\/eldigitaldeasturias.com\/magazine365\/citi-eleva-un-125-el-precio-objetivo-de-aena-tras-la-subida-de-tasas-aereas-impuesta-por-la-cnmc\/#mainImage"},"datePublished":"2015-07-29T05:19:24+02:00","dateModified":"2015-07-29T05:19:24+02:00"},{"@type":"WebSite","@id":"https:\/\/eldigitaldeasturias.com\/magazine365\/#website","url":"https:\/\/eldigitaldeasturias.com\/magazine365\/","name":"El Digital de Asturias","description":"Revista de ocio, turismo y estilo de vida","inLanguage":"es-ES","publisher":{"@id":"https:\/\/eldigitaldeasturias.com\/magazine365\/#organization"}}]},"og:locale":"es_ES","og:site_name":"El Digital de Asturias \u2013 Revista de ocio, turismo y estilo de vida","og:type":"article","og:title":"Citi eleva un 12,5% el precio objetivo de Aena tras la subida de tasas a\u00e9reas impuesta por la CNMC | El Digital de Asturias","og:description":"Citi ha elevado el precio objetivo de las acciones de Aena de los 99,50 euros del cierre de Bolsa del viernes pasado a 112 euros tras imponer la Comisi\u00f3n Nacional de Mercados y Competencia (CNMC) a la gestora aeroportuaria una bajada del 1,9% en sus tasas a\u00e9reas. La propuesta del actual regulador de Aena, que","og:url":"https:\/\/eldigitaldeasturias.com\/magazine365\/citi-eleva-un-125-el-precio-objetivo-de-aena-tras-la-subida-de-tasas-aereas-impuesta-por-la-cnmc\/","og:image":"https:\/\/eldigitaldeasturias.com\/magazine365\/wp-content\/uploads\/2015\/07\/fotonoticia_20150727173018_800.jpg","og:image:secure_url":"https:\/\/eldigitaldeasturias.com\/magazine365\/wp-content\/uploads\/2015\/07\/fotonoticia_20150727173018_800.jpg","og:image:width":800,"og:image:height":533,"article:published_time":"2015-07-29T03:19:24+00:00","article:modified_time":"2015-07-29T03:19:24+00:00","twitter:card":"summary_large_image","twitter:title":"Citi eleva un 12,5% el precio objetivo de Aena tras la subida de tasas a\u00e9reas impuesta por la CNMC | El Digital de Asturias","twitter:description":"Citi ha elevado el precio objetivo de las acciones de Aena de los 99,50 euros del cierre de Bolsa del viernes pasado a 112 euros tras imponer la Comisi\u00f3n Nacional de Mercados y Competencia (CNMC) a la gestora aeroportuaria una bajada del 1,9% en sus tasas a\u00e9reas. La propuesta del actual regulador de Aena, que","twitter:image":"https:\/\/eldigitaldeasturias.com\/magazine365\/wp-content\/uploads\/2015\/07\/fotonoticia_20150727173018_800.jpg"},"aioseo_meta_data":{"post_id":"44014","title":null,"description":null,"keywords":null,"keyphrases":null,"primary_term":null,"canonical_url":null,"og_title":null,"og_description":null,"og_object_type":"default","og_image_type":"default","og_image_url":null,"og_image_width":null,"og_image_height":null,"og_image_custom_url":null,"og_image_custom_fields":null,"og_video":null,"og_custom_url":null,"og_article_section":null,"og_article_tags":null,"twitter_use_og":false,"twitter_card":"default","twitter_image_type":"default","twitter_image_url":null,"twitter_image_custom_url":null,"twitter_image_custom_fields":null,"twitter_title":null,"twitter_description":null,"schema":{"blockGraphs":[],"customGraphs":[],"default":{"data":{"Article":[],"Course":[],"Dataset":[],"FAQPage":[],"Movie":[],"Person":[],"Product":[],"ProductReview":[],"Car":[],"Recipe":[],"Service":[],"SoftwareApplication":[],"WebPage":[]},"graphName":"","isEnabled":true},"graphs":[],"defaultGraph":"","defaultPostTypeGraph":""},"schema_type":null,"schema_type_options":null,"pillar_content":false,"robots_default":true,"robots_noindex":false,"robots_noarchive":false,"robots_nosnippet":false,"robots_nofollow":false,"robots_noimageindex":false,"robots_noodp":false,"robots_notranslate":false,"robots_max_snippet":null,"robots_max_videopreview":null,"robots_max_imagepreview":"large","priority":null,"frequency":null,"location":null,"local_seo":null,"seo_analyzer_scan_date":"2025-09-19 21:03:04","breadcrumb_settings":null,"limit_modified_date":false,"open_ai":null,"ai":null,"created":"2021-03-09 01:39:49","updated":"2025-09-19 21:03:04"},"aioseo_breadcrumb":"<div class=\"aioseo-breadcrumbs\"><span class=\"aioseo-breadcrumb\">\n\t<a href=\"https:\/\/eldigitaldeasturias.com\/magazine365\" title=\"Home\">Home<\/a>\n<\/span><span class=\"aioseo-breadcrumb-separator\">\u2013<\/span><span class=\"aioseo-breadcrumb\">\n\t<a href=\"https:\/\/eldigitaldeasturias.com\/magazine365\/category\/noticias-actualidad\/\" title=\"Noticias y Actualidad\">Noticias y Actualidad<\/a>\n<\/span><span class=\"aioseo-breadcrumb-separator\">\u2013<\/span><span class=\"aioseo-breadcrumb\">\n\t<a href=\"https:\/\/eldigitaldeasturias.com\/magazine365\/citi-eleva-un-125-el-precio-objetivo-de-aena-tras-la-subida-de-tasas-aereas-impuesta-por-la-cnmc\/\" title=\"Citi eleva un 12,5% el precio objetivo de Aena tras la subida de tasas a\u00e9reas impuesta por la CNMC\">Citi eleva un 12,5% el precio objetivo de Aena tras la subida de tasas a\u00e9reas impuesta por la CNMC<\/a>\n<\/span><\/div>","aioseo_breadcrumb_json":[{"label":"Home","link":"https:\/\/eldigitaldeasturias.com\/magazine365"},{"label":"Noticias y Actualidad","link":"https:\/\/eldigitaldeasturias.com\/magazine365\/category\/noticias-actualidad\/"},{"label":"Citi eleva un 12,5% el precio objetivo de Aena tras la subida de tasas a\u00e9reas impuesta por la CNMC","link":"https:\/\/eldigitaldeasturias.com\/magazine365\/citi-eleva-un-125-el-precio-objetivo-de-aena-tras-la-subida-de-tasas-aereas-impuesta-por-la-cnmc\/"}],"_links":{"self":[{"href":"https:\/\/eldigitaldeasturias.com\/magazine365\/wp-json\/wp\/v2\/posts\/44014","targetHints":{"allow":["GET"]}}],"collection":[{"href":"https:\/\/eldigitaldeasturias.com\/magazine365\/wp-json\/wp\/v2\/posts"}],"about":[{"href":"https:\/\/eldigitaldeasturias.com\/magazine365\/wp-json\/wp\/v2\/types\/post"}],"author":[{"embeddable":true,"href":"https:\/\/eldigitaldeasturias.com\/magazine365\/wp-json\/wp\/v2\/users\/1"}],"replies":[{"embeddable":true,"href":"https:\/\/eldigitaldeasturias.com\/magazine365\/wp-json\/wp\/v2\/comments?post=44014"}],"version-history":[{"count":0,"href":"https:\/\/eldigitaldeasturias.com\/magazine365\/wp-json\/wp\/v2\/posts\/44014\/revisions"}],"wp:featuredmedia":[{"embeddable":true,"href":"https:\/\/eldigitaldeasturias.com\/magazine365\/wp-json\/wp\/v2\/media\/44015"}],"wp:attachment":[{"href":"https:\/\/eldigitaldeasturias.com\/magazine365\/wp-json\/wp\/v2\/media?parent=44014"}],"wp:term":[{"taxonomy":"category","embeddable":true,"href":"https:\/\/eldigitaldeasturias.com\/magazine365\/wp-json\/wp\/v2\/categories?post=44014"},{"taxonomy":"post_tag","embeddable":true,"href":"https:\/\/eldigitaldeasturias.com\/magazine365\/wp-json\/wp\/v2\/tags?post=44014"}],"curies":[{"name":"wp","href":"https:\/\/api.w.org\/{rel}","templated":true}]}}