{"id":43992,"date":"2015-07-29T03:33:41","date_gmt":"2015-07-29T01:33:41","guid":{"rendered":"http:\/\/eldigitaldeasturias.com\/magazine365\/?p=43992"},"modified":"2015-07-29T03:33:41","modified_gmt":"2015-07-29T01:33:41","slug":"ximo-puig-apuesta-por-dar-un-empuje-al-aeropuerto-de-castellon","status":"publish","type":"post","link":"https:\/\/eldigitaldeasturias.com\/magazine365\/ximo-puig-apuesta-por-dar-un-empuje-al-aeropuerto-de-castellon\/","title":{"rendered":"Ximo Puig apuesta por \u00abdar un empuje\u00bb al aeropuerto de Castell\u00f3n"},"content":{"rendered":"<p><img fetchpriority=\"high\" decoding=\"async\" class=\"alignleft size-medium wp-image-43993\" src=\"https:\/\/eldigitaldeasturias.com\/magazine365\/wp-content\/uploads\/2015\/07\/fotonoticia_20150727154212_800-360x239.jpg\" alt=\"fotonoticia_20150727154212_800\" width=\"360\" height=\"239\" srcset=\"https:\/\/eldigitaldeasturias.com\/magazine365\/wp-content\/uploads\/2015\/07\/fotonoticia_20150727154212_800-360x239.jpg 360w, https:\/\/eldigitaldeasturias.com\/magazine365\/wp-content\/uploads\/2015\/07\/fotonoticia_20150727154212_800-650x432.jpg 650w, https:\/\/eldigitaldeasturias.com\/magazine365\/wp-content\/uploads\/2015\/07\/fotonoticia_20150727154212_800-768x511.jpg 768w, https:\/\/eldigitaldeasturias.com\/magazine365\/wp-content\/uploads\/2015\/07\/fotonoticia_20150727154212_800-150x100.jpg 150w, https:\/\/eldigitaldeasturias.com\/magazine365\/wp-content\/uploads\/2015\/07\/fotonoticia_20150727154212_800-450x299.jpg 450w, https:\/\/eldigitaldeasturias.com\/magazine365\/wp-content\/uploads\/2015\/07\/fotonoticia_20150727154212_800-696x463.jpg 696w, https:\/\/eldigitaldeasturias.com\/magazine365\/wp-content\/uploads\/2015\/07\/fotonoticia_20150727154212_800-632x420.jpg 632w, https:\/\/eldigitaldeasturias.com\/magazine365\/wp-content\/uploads\/2015\/07\/fotonoticia_20150727154212_800-84x55.jpg 84w, https:\/\/eldigitaldeasturias.com\/magazine365\/wp-content\/uploads\/2015\/07\/fotonoticia_20150727154212_800.jpg 800w\" sizes=\"(max-width: 360px) 100vw, 360px\" \/>El presidente de la Generalitat, Ximo Puig, ha apostado este lunes por \u00abdar un empuje\u00bb a infraestructuras como el puerto de Castell\u00f3n y otras \u00absemiparalizadas\u00bb como el aeropuerto, cuyos nuevos responsables ser\u00e1n nombrados \u00aben las pr\u00f3ximas semanas\u00bb, seg\u00fan ha apuntado.<\/p>\n<p>Tras visitar la Delegaci\u00f3n del Consell en Castell\u00f3n, donde ha expresado su confianza y apoyo en los funcionarios de la Administraci\u00f3n, el presidente ha se\u00f1alado que quienes ocupen los cargos de responsabilidad de ambas infraestructuras ser\u00e1n \u00abpersonas capacitadas, con fuerza, con ganas y que tiren hacia adelante los distintos proyectos que tiene la Generalitat en esta provincia\u00bb.<\/p>\n<p>Asimismo, Puig ha se\u00f1alado que esta misma semana se reunir\u00e1 con los presidentes de las diputaciones para \u00abimpulsar un acuerdo de gesti\u00f3n\u00bb para mejorar la coordinaci\u00f3n entre la Generalitat y las instituciones provinciales.<\/p>\n<p>Una de las peticiones de la Diputaci\u00f3n de Castell\u00f3n es crear un servicio provincial de asistencia a los municipios para el control de las plagas de mosquitos, una cuesti\u00f3n \u00abmuy importante\u00bb, seg\u00fan el jefe del Consell, quien no ha descartado que en ese proceso de di\u00e1logo \u00abpueda haber alg\u00fan tipo de delegaci\u00f3n en alg\u00fan tema concreto\u00bb.<\/p>\n","protected":false},"excerpt":{"rendered":"<p>El presidente de la Generalitat, Ximo Puig, ha apostado este lunes por \u00abdar un empuje\u00bb a infraestructuras como el puerto de Castell\u00f3n y otras \u00absemiparalizadas\u00bb como el aeropuerto, cuyos nuevos responsables ser\u00e1n nombrados \u00aben las pr\u00f3ximas semanas\u00bb, seg\u00fan ha apuntado. Tras visitar la Delegaci\u00f3n del Consell en Castell\u00f3n, donde ha expresado su confianza y apoyo<\/p>\n","protected":false},"author":1,"featured_media":43993,"comment_status":"open","ping_status":"closed","sticky":false,"template":"","format":"standard","meta":{"footnotes":""},"categories":[224],"tags":[],"class_list":{"0":"post-43992","1":"post","2":"type-post","3":"status-publish","4":"format-standard","5":"has-post-thumbnail","7":"category-noticias-actualidad"},"aioseo_notices":[],"aioseo_head":"\n\t\t<!-- All in One SEO Pro 4.9.6.1 - aioseo.com -->\n\t<meta name=\"description\" content=\"El presidente de la Generalitat, Ximo Puig, ha apostado este lunes por &quot;dar un empuje&quot; a infraestructuras como el puerto de Castell\u00f3n y otras &quot;semiparalizadas&quot; como el aeropuerto, cuyos nuevos responsables ser\u00e1n nombrados &quot;en las pr\u00f3ximas semanas&quot;, seg\u00fan ha apuntado. Tras visitar la Delegaci\u00f3n del Consell en Castell\u00f3n, donde ha expresado su confianza y apoyo\" \/>\n\t<meta name=\"robots\" content=\"max-image-preview:large\" \/>\n\t<meta name=\"author\" content=\"admin\"\/>\n\t<meta name=\"google-site-verification\" content=\"UA-38556648-1\" \/>\n\t<meta name=\"keywords\" content=\"noticias y actualidad\" \/>\n\t<link rel=\"canonical\" href=\"https:\/\/eldigitaldeasturias.com\/magazine365\/ximo-puig-apuesta-por-dar-un-empuje-al-aeropuerto-de-castellon\/\" \/>\n\t<meta name=\"generator\" content=\"All in One SEO Pro (AIOSEO) 4.9.6.1\" \/>\n\t\t<meta property=\"og:locale\" content=\"es_ES\" \/>\n\t\t<meta property=\"og:site_name\" content=\"El Digital de Asturias \u2013 Revista de ocio, turismo y estilo de vida\" \/>\n\t\t<meta property=\"og:type\" content=\"article\" \/>\n\t\t<meta property=\"og:title\" content=\"Ximo Puig apuesta por \u00abdar un empuje\u00bb al aeropuerto de Castell\u00f3n | El Digital de Asturias\" \/>\n\t\t<meta property=\"og:description\" content=\"El presidente de la Generalitat, Ximo Puig, ha apostado este lunes por &quot;dar un empuje&quot; a infraestructuras como el puerto de Castell\u00f3n y otras &quot;semiparalizadas&quot; como el aeropuerto, cuyos nuevos responsables ser\u00e1n nombrados &quot;en las pr\u00f3ximas semanas&quot;, seg\u00fan ha apuntado. Tras visitar la Delegaci\u00f3n del Consell en Castell\u00f3n, donde ha expresado su confianza y apoyo\" \/>\n\t\t<meta property=\"og:url\" content=\"https:\/\/eldigitaldeasturias.com\/magazine365\/ximo-puig-apuesta-por-dar-un-empuje-al-aeropuerto-de-castellon\/\" \/>\n\t\t<meta property=\"og:image\" content=\"https:\/\/eldigitaldeasturias.com\/magazine365\/wp-content\/uploads\/2015\/07\/fotonoticia_20150727154212_800.jpg\" \/>\n\t\t<meta property=\"og:image:secure_url\" content=\"https:\/\/eldigitaldeasturias.com\/magazine365\/wp-content\/uploads\/2015\/07\/fotonoticia_20150727154212_800.jpg\" \/>\n\t\t<meta property=\"og:image:width\" content=\"800\" \/>\n\t\t<meta property=\"og:image:height\" content=\"532\" \/>\n\t\t<meta property=\"article:published_time\" content=\"2015-07-29T01:33:41+00:00\" \/>\n\t\t<meta property=\"article:modified_time\" content=\"2015-07-29T01:33:41+00:00\" \/>\n\t\t<meta name=\"twitter:card\" content=\"summary_large_image\" \/>\n\t\t<meta name=\"twitter:title\" content=\"Ximo Puig apuesta por \u00abdar un empuje\u00bb al aeropuerto de Castell\u00f3n | El Digital de Asturias\" \/>\n\t\t<meta name=\"twitter:description\" content=\"El presidente de la Generalitat, Ximo Puig, ha apostado este lunes por &quot;dar un empuje&quot; a infraestructuras como el puerto de Castell\u00f3n y otras &quot;semiparalizadas&quot; como el aeropuerto, cuyos nuevos responsables ser\u00e1n nombrados &quot;en las pr\u00f3ximas semanas&quot;, seg\u00fan ha apuntado. Tras visitar la Delegaci\u00f3n del Consell en Castell\u00f3n, donde ha expresado su confianza y apoyo\" \/>\n\t\t<meta name=\"twitter:image\" content=\"https:\/\/eldigitaldeasturias.com\/magazine365\/wp-content\/uploads\/2015\/07\/fotonoticia_20150727154212_800.jpg\" \/>\n\t\t<script type=\"application\/ld+json\" class=\"aioseo-schema\">\n\t\t\t{\"@context\":\"https:\\\/\\\/schema.org\",\"@graph\":[{\"@type\":\"Article\",\"@id\":\"https:\\\/\\\/eldigitaldeasturias.com\\\/magazine365\\\/ximo-puig-apuesta-por-dar-un-empuje-al-aeropuerto-de-castellon\\\/#article\",\"name\":\"Ximo Puig apuesta por \\u00abdar un empuje\\u00bb al aeropuerto de Castell\\u00f3n | El Digital de Asturias\",\"headline\":\"Ximo Puig apuesta por \\u00abdar un empuje\\u00bb al aeropuerto de Castell\\u00f3n\",\"author\":{\"@id\":\"https:\\\/\\\/eldigitaldeasturias.com\\\/magazine365\\\/author\\\/admin\\\/#author\"},\"publisher\":{\"@id\":\"https:\\\/\\\/eldigitaldeasturias.com\\\/magazine365\\\/#organization\"},\"image\":{\"@type\":\"ImageObject\",\"url\":\"https:\\\/\\\/eldigitaldeasturias.com\\\/magazine365\\\/wp-content\\\/uploads\\\/2015\\\/07\\\/fotonoticia_20150727154212_800.jpg\",\"width\":800,\"height\":532},\"datePublished\":\"2015-07-29T03:33:41+02:00\",\"dateModified\":\"2015-07-29T03:33:41+02:00\",\"inLanguage\":\"es-ES\",\"mainEntityOfPage\":{\"@id\":\"https:\\\/\\\/eldigitaldeasturias.com\\\/magazine365\\\/ximo-puig-apuesta-por-dar-un-empuje-al-aeropuerto-de-castellon\\\/#webpage\"},\"isPartOf\":{\"@id\":\"https:\\\/\\\/eldigitaldeasturias.com\\\/magazine365\\\/ximo-puig-apuesta-por-dar-un-empuje-al-aeropuerto-de-castellon\\\/#webpage\"},\"articleSection\":\"Noticias y Actualidad\"},{\"@type\":\"BreadcrumbList\",\"@id\":\"https:\\\/\\\/eldigitaldeasturias.com\\\/magazine365\\\/ximo-puig-apuesta-por-dar-un-empuje-al-aeropuerto-de-castellon\\\/#breadcrumblist\",\"itemListElement\":[{\"@type\":\"ListItem\",\"@id\":\"https:\\\/\\\/eldigitaldeasturias.com\\\/magazine365#listItem\",\"position\":1,\"name\":\"Home\",\"item\":\"https:\\\/\\\/eldigitaldeasturias.com\\\/magazine365\",\"nextItem\":{\"@type\":\"ListItem\",\"@id\":\"https:\\\/\\\/eldigitaldeasturias.com\\\/magazine365\\\/category\\\/noticias-actualidad\\\/#listItem\",\"name\":\"Noticias y Actualidad\"}},{\"@type\":\"ListItem\",\"@id\":\"https:\\\/\\\/eldigitaldeasturias.com\\\/magazine365\\\/category\\\/noticias-actualidad\\\/#listItem\",\"position\":2,\"name\":\"Noticias y Actualidad\",\"item\":\"https:\\\/\\\/eldigitaldeasturias.com\\\/magazine365\\\/category\\\/noticias-actualidad\\\/\",\"nextItem\":{\"@type\":\"ListItem\",\"@id\":\"https:\\\/\\\/eldigitaldeasturias.com\\\/magazine365\\\/ximo-puig-apuesta-por-dar-un-empuje-al-aeropuerto-de-castellon\\\/#listItem\",\"name\":\"Ximo Puig apuesta por \\u00abdar un empuje\\u00bb al aeropuerto de Castell\\u00f3n\"},\"previousItem\":{\"@type\":\"ListItem\",\"@id\":\"https:\\\/\\\/eldigitaldeasturias.com\\\/magazine365#listItem\",\"name\":\"Home\"}},{\"@type\":\"ListItem\",\"@id\":\"https:\\\/\\\/eldigitaldeasturias.com\\\/magazine365\\\/ximo-puig-apuesta-por-dar-un-empuje-al-aeropuerto-de-castellon\\\/#listItem\",\"position\":3,\"name\":\"Ximo Puig apuesta por \\u00abdar un empuje\\u00bb al aeropuerto de Castell\\u00f3n\",\"previousItem\":{\"@type\":\"ListItem\",\"@id\":\"https:\\\/\\\/eldigitaldeasturias.com\\\/magazine365\\\/category\\\/noticias-actualidad\\\/#listItem\",\"name\":\"Noticias y Actualidad\"}}]},{\"@type\":\"Organization\",\"@id\":\"https:\\\/\\\/eldigitaldeasturias.com\\\/magazine365\\\/#organization\",\"name\":\"El digital de Asturias\",\"description\":\"Revista de ocio, turismo y estilo de vida\",\"url\":\"https:\\\/\\\/eldigitaldeasturias.com\\\/magazine365\\\/\",\"logo\":{\"@type\":\"ImageObject\",\"url\":\"https:\\\/\\\/www.eldigitaldeasturias.com\\\/noticias\\\/wp-content\\\/uploads\\\/2020\\\/12\\\/EDA.jpg\",\"@id\":\"https:\\\/\\\/eldigitaldeasturias.com\\\/magazine365\\\/ximo-puig-apuesta-por-dar-un-empuje-al-aeropuerto-de-castellon\\\/#organizationLogo\"},\"image\":{\"@id\":\"https:\\\/\\\/eldigitaldeasturias.com\\\/magazine365\\\/ximo-puig-apuesta-por-dar-un-empuje-al-aeropuerto-de-castellon\\\/#organizationLogo\"}},{\"@type\":\"Person\",\"@id\":\"https:\\\/\\\/eldigitaldeasturias.com\\\/magazine365\\\/author\\\/admin\\\/#author\",\"url\":\"https:\\\/\\\/eldigitaldeasturias.com\\\/magazine365\\\/author\\\/admin\\\/\",\"name\":\"admin\",\"image\":{\"@type\":\"ImageObject\",\"@id\":\"https:\\\/\\\/eldigitaldeasturias.com\\\/magazine365\\\/ximo-puig-apuesta-por-dar-un-empuje-al-aeropuerto-de-castellon\\\/#authorImage\",\"url\":\"https:\\\/\\\/eldigitaldeasturias.com\\\/magazine365\\\/wp-content\\\/litespeed\\\/avatar\\\/e571bcf59a0edd6fa6838245a470f2fe.jpg?ver=1777574230\",\"width\":96,\"height\":96,\"caption\":\"admin\"}},{\"@type\":\"WebPage\",\"@id\":\"https:\\\/\\\/eldigitaldeasturias.com\\\/magazine365\\\/ximo-puig-apuesta-por-dar-un-empuje-al-aeropuerto-de-castellon\\\/#webpage\",\"url\":\"https:\\\/\\\/eldigitaldeasturias.com\\\/magazine365\\\/ximo-puig-apuesta-por-dar-un-empuje-al-aeropuerto-de-castellon\\\/\",\"name\":\"Ximo Puig apuesta por \\u00abdar un empuje\\u00bb al aeropuerto de Castell\\u00f3n | El Digital de Asturias\",\"description\":\"El presidente de la Generalitat, Ximo Puig, ha apostado este lunes por \\\"dar un empuje\\\" a infraestructuras como el puerto de Castell\\u00f3n y otras \\\"semiparalizadas\\\" como el aeropuerto, cuyos nuevos responsables ser\\u00e1n nombrados \\\"en las pr\\u00f3ximas semanas\\\", seg\\u00fan ha apuntado. Tras visitar la Delegaci\\u00f3n del Consell en Castell\\u00f3n, donde ha expresado su confianza y apoyo\",\"inLanguage\":\"es-ES\",\"isPartOf\":{\"@id\":\"https:\\\/\\\/eldigitaldeasturias.com\\\/magazine365\\\/#website\"},\"breadcrumb\":{\"@id\":\"https:\\\/\\\/eldigitaldeasturias.com\\\/magazine365\\\/ximo-puig-apuesta-por-dar-un-empuje-al-aeropuerto-de-castellon\\\/#breadcrumblist\"},\"author\":{\"@id\":\"https:\\\/\\\/eldigitaldeasturias.com\\\/magazine365\\\/author\\\/admin\\\/#author\"},\"creator\":{\"@id\":\"https:\\\/\\\/eldigitaldeasturias.com\\\/magazine365\\\/author\\\/admin\\\/#author\"},\"image\":{\"@type\":\"ImageObject\",\"url\":\"https:\\\/\\\/eldigitaldeasturias.com\\\/magazine365\\\/wp-content\\\/uploads\\\/2015\\\/07\\\/fotonoticia_20150727154212_800.jpg\",\"@id\":\"https:\\\/\\\/eldigitaldeasturias.com\\\/magazine365\\\/ximo-puig-apuesta-por-dar-un-empuje-al-aeropuerto-de-castellon\\\/#mainImage\",\"width\":800,\"height\":532},\"primaryImageOfPage\":{\"@id\":\"https:\\\/\\\/eldigitaldeasturias.com\\\/magazine365\\\/ximo-puig-apuesta-por-dar-un-empuje-al-aeropuerto-de-castellon\\\/#mainImage\"},\"datePublished\":\"2015-07-29T03:33:41+02:00\",\"dateModified\":\"2015-07-29T03:33:41+02:00\"},{\"@type\":\"WebSite\",\"@id\":\"https:\\\/\\\/eldigitaldeasturias.com\\\/magazine365\\\/#website\",\"url\":\"https:\\\/\\\/eldigitaldeasturias.com\\\/magazine365\\\/\",\"name\":\"El Digital de Asturias\",\"description\":\"Revista de ocio, turismo y estilo de vida\",\"inLanguage\":\"es-ES\",\"publisher\":{\"@id\":\"https:\\\/\\\/eldigitaldeasturias.com\\\/magazine365\\\/#organization\"}}]}\n\t\t<\/script>\n\t\t<!-- All in One SEO Pro -->\r\n\t\t<title>Ximo Puig apuesta por \u00abdar un empuje\u00bb al aeropuerto de Castell\u00f3n | El Digital de Asturias<\/title>\n\n","aioseo_head_json":{"title":"Ximo Puig apuesta por \u00abdar un empuje\u00bb al aeropuerto de Castell\u00f3n | El Digital de Asturias","description":"El presidente de la Generalitat, Ximo Puig, ha apostado este lunes por \"dar un empuje\" a infraestructuras como el puerto de Castell\u00f3n y otras \"semiparalizadas\" como el aeropuerto, cuyos nuevos responsables ser\u00e1n nombrados \"en las pr\u00f3ximas semanas\", seg\u00fan ha apuntado. Tras visitar la Delegaci\u00f3n del Consell en Castell\u00f3n, donde ha expresado su confianza y apoyo","canonical_url":"https:\/\/eldigitaldeasturias.com\/magazine365\/ximo-puig-apuesta-por-dar-un-empuje-al-aeropuerto-de-castellon\/","robots":"max-image-preview:large","keywords":"noticias y actualidad","webmasterTools":{"google-site-verification":"UA-38556648-1","miscellaneous":""},"schema":{"@context":"https:\/\/schema.org","@graph":[{"@type":"Article","@id":"https:\/\/eldigitaldeasturias.com\/magazine365\/ximo-puig-apuesta-por-dar-un-empuje-al-aeropuerto-de-castellon\/#article","name":"Ximo Puig apuesta por \u00abdar un empuje\u00bb al aeropuerto de Castell\u00f3n | El Digital de Asturias","headline":"Ximo Puig apuesta por \u00abdar un empuje\u00bb al aeropuerto de Castell\u00f3n","author":{"@id":"https:\/\/eldigitaldeasturias.com\/magazine365\/author\/admin\/#author"},"publisher":{"@id":"https:\/\/eldigitaldeasturias.com\/magazine365\/#organization"},"image":{"@type":"ImageObject","url":"https:\/\/eldigitaldeasturias.com\/magazine365\/wp-content\/uploads\/2015\/07\/fotonoticia_20150727154212_800.jpg","width":800,"height":532},"datePublished":"2015-07-29T03:33:41+02:00","dateModified":"2015-07-29T03:33:41+02:00","inLanguage":"es-ES","mainEntityOfPage":{"@id":"https:\/\/eldigitaldeasturias.com\/magazine365\/ximo-puig-apuesta-por-dar-un-empuje-al-aeropuerto-de-castellon\/#webpage"},"isPartOf":{"@id":"https:\/\/eldigitaldeasturias.com\/magazine365\/ximo-puig-apuesta-por-dar-un-empuje-al-aeropuerto-de-castellon\/#webpage"},"articleSection":"Noticias y Actualidad"},{"@type":"BreadcrumbList","@id":"https:\/\/eldigitaldeasturias.com\/magazine365\/ximo-puig-apuesta-por-dar-un-empuje-al-aeropuerto-de-castellon\/#breadcrumblist","itemListElement":[{"@type":"ListItem","@id":"https:\/\/eldigitaldeasturias.com\/magazine365#listItem","position":1,"name":"Home","item":"https:\/\/eldigitaldeasturias.com\/magazine365","nextItem":{"@type":"ListItem","@id":"https:\/\/eldigitaldeasturias.com\/magazine365\/category\/noticias-actualidad\/#listItem","name":"Noticias y Actualidad"}},{"@type":"ListItem","@id":"https:\/\/eldigitaldeasturias.com\/magazine365\/category\/noticias-actualidad\/#listItem","position":2,"name":"Noticias y Actualidad","item":"https:\/\/eldigitaldeasturias.com\/magazine365\/category\/noticias-actualidad\/","nextItem":{"@type":"ListItem","@id":"https:\/\/eldigitaldeasturias.com\/magazine365\/ximo-puig-apuesta-por-dar-un-empuje-al-aeropuerto-de-castellon\/#listItem","name":"Ximo Puig apuesta por \u00abdar un empuje\u00bb al aeropuerto de Castell\u00f3n"},"previousItem":{"@type":"ListItem","@id":"https:\/\/eldigitaldeasturias.com\/magazine365#listItem","name":"Home"}},{"@type":"ListItem","@id":"https:\/\/eldigitaldeasturias.com\/magazine365\/ximo-puig-apuesta-por-dar-un-empuje-al-aeropuerto-de-castellon\/#listItem","position":3,"name":"Ximo Puig apuesta por \u00abdar un empuje\u00bb al aeropuerto de Castell\u00f3n","previousItem":{"@type":"ListItem","@id":"https:\/\/eldigitaldeasturias.com\/magazine365\/category\/noticias-actualidad\/#listItem","name":"Noticias y Actualidad"}}]},{"@type":"Organization","@id":"https:\/\/eldigitaldeasturias.com\/magazine365\/#organization","name":"El digital de Asturias","description":"Revista de ocio, turismo y estilo de vida","url":"https:\/\/eldigitaldeasturias.com\/magazine365\/","logo":{"@type":"ImageObject","url":"https:\/\/www.eldigitaldeasturias.com\/noticias\/wp-content\/uploads\/2020\/12\/EDA.jpg","@id":"https:\/\/eldigitaldeasturias.com\/magazine365\/ximo-puig-apuesta-por-dar-un-empuje-al-aeropuerto-de-castellon\/#organizationLogo"},"image":{"@id":"https:\/\/eldigitaldeasturias.com\/magazine365\/ximo-puig-apuesta-por-dar-un-empuje-al-aeropuerto-de-castellon\/#organizationLogo"}},{"@type":"Person","@id":"https:\/\/eldigitaldeasturias.com\/magazine365\/author\/admin\/#author","url":"https:\/\/eldigitaldeasturias.com\/magazine365\/author\/admin\/","name":"admin","image":{"@type":"ImageObject","@id":"https:\/\/eldigitaldeasturias.com\/magazine365\/ximo-puig-apuesta-por-dar-un-empuje-al-aeropuerto-de-castellon\/#authorImage","url":"https:\/\/eldigitaldeasturias.com\/magazine365\/wp-content\/litespeed\/avatar\/e571bcf59a0edd6fa6838245a470f2fe.jpg?ver=1777574230","width":96,"height":96,"caption":"admin"}},{"@type":"WebPage","@id":"https:\/\/eldigitaldeasturias.com\/magazine365\/ximo-puig-apuesta-por-dar-un-empuje-al-aeropuerto-de-castellon\/#webpage","url":"https:\/\/eldigitaldeasturias.com\/magazine365\/ximo-puig-apuesta-por-dar-un-empuje-al-aeropuerto-de-castellon\/","name":"Ximo Puig apuesta por \u00abdar un empuje\u00bb al aeropuerto de Castell\u00f3n | El Digital de Asturias","description":"El presidente de la Generalitat, Ximo Puig, ha apostado este lunes por \"dar un empuje\" a infraestructuras como el puerto de Castell\u00f3n y otras \"semiparalizadas\" como el aeropuerto, cuyos nuevos responsables ser\u00e1n nombrados \"en las pr\u00f3ximas semanas\", seg\u00fan ha apuntado. Tras visitar la Delegaci\u00f3n del Consell en Castell\u00f3n, donde ha expresado su confianza y apoyo","inLanguage":"es-ES","isPartOf":{"@id":"https:\/\/eldigitaldeasturias.com\/magazine365\/#website"},"breadcrumb":{"@id":"https:\/\/eldigitaldeasturias.com\/magazine365\/ximo-puig-apuesta-por-dar-un-empuje-al-aeropuerto-de-castellon\/#breadcrumblist"},"author":{"@id":"https:\/\/eldigitaldeasturias.com\/magazine365\/author\/admin\/#author"},"creator":{"@id":"https:\/\/eldigitaldeasturias.com\/magazine365\/author\/admin\/#author"},"image":{"@type":"ImageObject","url":"https:\/\/eldigitaldeasturias.com\/magazine365\/wp-content\/uploads\/2015\/07\/fotonoticia_20150727154212_800.jpg","@id":"https:\/\/eldigitaldeasturias.com\/magazine365\/ximo-puig-apuesta-por-dar-un-empuje-al-aeropuerto-de-castellon\/#mainImage","width":800,"height":532},"primaryImageOfPage":{"@id":"https:\/\/eldigitaldeasturias.com\/magazine365\/ximo-puig-apuesta-por-dar-un-empuje-al-aeropuerto-de-castellon\/#mainImage"},"datePublished":"2015-07-29T03:33:41+02:00","dateModified":"2015-07-29T03:33:41+02:00"},{"@type":"WebSite","@id":"https:\/\/eldigitaldeasturias.com\/magazine365\/#website","url":"https:\/\/eldigitaldeasturias.com\/magazine365\/","name":"El Digital de Asturias","description":"Revista de ocio, turismo y estilo de vida","inLanguage":"es-ES","publisher":{"@id":"https:\/\/eldigitaldeasturias.com\/magazine365\/#organization"}}]},"og:locale":"es_ES","og:site_name":"El Digital de Asturias \u2013 Revista de ocio, turismo y estilo de vida","og:type":"article","og:title":"Ximo Puig apuesta por \u00abdar un empuje\u00bb al aeropuerto de Castell\u00f3n | El Digital de Asturias","og:description":"El presidente de la Generalitat, Ximo Puig, ha apostado este lunes por &quot;dar un empuje&quot; a infraestructuras como el puerto de Castell\u00f3n y otras &quot;semiparalizadas&quot; como el aeropuerto, cuyos nuevos responsables ser\u00e1n nombrados &quot;en las pr\u00f3ximas semanas&quot;, seg\u00fan ha apuntado. Tras visitar la Delegaci\u00f3n del Consell en Castell\u00f3n, donde ha expresado su confianza y apoyo","og:url":"https:\/\/eldigitaldeasturias.com\/magazine365\/ximo-puig-apuesta-por-dar-un-empuje-al-aeropuerto-de-castellon\/","og:image":"https:\/\/eldigitaldeasturias.com\/magazine365\/wp-content\/uploads\/2015\/07\/fotonoticia_20150727154212_800.jpg","og:image:secure_url":"https:\/\/eldigitaldeasturias.com\/magazine365\/wp-content\/uploads\/2015\/07\/fotonoticia_20150727154212_800.jpg","og:image:width":800,"og:image:height":532,"article:published_time":"2015-07-29T01:33:41+00:00","article:modified_time":"2015-07-29T01:33:41+00:00","twitter:card":"summary_large_image","twitter:title":"Ximo Puig apuesta por \u00abdar un empuje\u00bb al aeropuerto de Castell\u00f3n | El Digital de Asturias","twitter:description":"El presidente de la Generalitat, Ximo Puig, ha apostado este lunes por &quot;dar un empuje&quot; a infraestructuras como el puerto de Castell\u00f3n y otras &quot;semiparalizadas&quot; como el aeropuerto, cuyos nuevos responsables ser\u00e1n nombrados &quot;en las pr\u00f3ximas semanas&quot;, seg\u00fan ha apuntado. Tras visitar la Delegaci\u00f3n del Consell en Castell\u00f3n, donde ha expresado su confianza y apoyo","twitter:image":"https:\/\/eldigitaldeasturias.com\/magazine365\/wp-content\/uploads\/2015\/07\/fotonoticia_20150727154212_800.jpg"},"aioseo_meta_data":{"post_id":"43992","title":null,"description":null,"keywords":null,"keyphrases":null,"primary_term":null,"canonical_url":null,"og_title":null,"og_description":null,"og_object_type":"default","og_image_type":"default","og_image_url":null,"og_image_width":null,"og_image_height":null,"og_image_custom_url":null,"og_image_custom_fields":null,"og_video":null,"og_custom_url":null,"og_article_section":null,"og_article_tags":null,"twitter_use_og":false,"twitter_card":"default","twitter_image_type":"default","twitter_image_url":null,"twitter_image_custom_url":null,"twitter_image_custom_fields":null,"twitter_title":null,"twitter_description":null,"schema":{"blockGraphs":[],"customGraphs":[],"default":{"data":{"Article":[],"Course":[],"Dataset":[],"FAQPage":[],"Movie":[],"Person":[],"Product":[],"ProductReview":[],"Car":[],"Recipe":[],"Service":[],"SoftwareApplication":[],"WebPage":[]},"graphName":"","isEnabled":true},"graphs":[],"defaultGraph":"","defaultPostTypeGraph":""},"schema_type":null,"schema_type_options":null,"pillar_content":false,"robots_default":true,"robots_noindex":false,"robots_noarchive":false,"robots_nosnippet":false,"robots_nofollow":false,"robots_noimageindex":false,"robots_noodp":false,"robots_notranslate":false,"robots_max_snippet":null,"robots_max_videopreview":null,"robots_max_imagepreview":"large","priority":null,"frequency":null,"location":null,"local_seo":null,"seo_analyzer_scan_date":"2025-09-19 21:01:12","breadcrumb_settings":null,"limit_modified_date":false,"open_ai":null,"ai":null,"created":"2021-03-09 01:39:49","updated":"2025-09-19 21:01:12"},"aioseo_breadcrumb":"<div class=\"aioseo-breadcrumbs\"><span class=\"aioseo-breadcrumb\">\n\t<a href=\"https:\/\/eldigitaldeasturias.com\/magazine365\" title=\"Home\">Home<\/a>\n<\/span><span class=\"aioseo-breadcrumb-separator\">\u2013<\/span><span class=\"aioseo-breadcrumb\">\n\t<a href=\"https:\/\/eldigitaldeasturias.com\/magazine365\/category\/noticias-actualidad\/\" title=\"Noticias y Actualidad\">Noticias y Actualidad<\/a>\n<\/span><span class=\"aioseo-breadcrumb-separator\">\u2013<\/span><span class=\"aioseo-breadcrumb\">\n\t<a href=\"https:\/\/eldigitaldeasturias.com\/magazine365\/ximo-puig-apuesta-por-dar-un-empuje-al-aeropuerto-de-castellon\/\" title=\"Ximo Puig apuesta por \u00abdar un empuje\u00bb al aeropuerto de Castell\u00f3n\">Ximo Puig apuesta por \u00abdar un empuje\u00bb al aeropuerto de Castell\u00f3n<\/a>\n<\/span><\/div>","aioseo_breadcrumb_json":[{"label":"Home","link":"https:\/\/eldigitaldeasturias.com\/magazine365"},{"label":"Noticias y Actualidad","link":"https:\/\/eldigitaldeasturias.com\/magazine365\/category\/noticias-actualidad\/"},{"label":"Ximo Puig apuesta por \u00abdar un empuje\u00bb al aeropuerto de Castell\u00f3n","link":"https:\/\/eldigitaldeasturias.com\/magazine365\/ximo-puig-apuesta-por-dar-un-empuje-al-aeropuerto-de-castellon\/"}],"_links":{"self":[{"href":"https:\/\/eldigitaldeasturias.com\/magazine365\/wp-json\/wp\/v2\/posts\/43992","targetHints":{"allow":["GET"]}}],"collection":[{"href":"https:\/\/eldigitaldeasturias.com\/magazine365\/wp-json\/wp\/v2\/posts"}],"about":[{"href":"https:\/\/eldigitaldeasturias.com\/magazine365\/wp-json\/wp\/v2\/types\/post"}],"author":[{"embeddable":true,"href":"https:\/\/eldigitaldeasturias.com\/magazine365\/wp-json\/wp\/v2\/users\/1"}],"replies":[{"embeddable":true,"href":"https:\/\/eldigitaldeasturias.com\/magazine365\/wp-json\/wp\/v2\/comments?post=43992"}],"version-history":[{"count":0,"href":"https:\/\/eldigitaldeasturias.com\/magazine365\/wp-json\/wp\/v2\/posts\/43992\/revisions"}],"wp:featuredmedia":[{"embeddable":true,"href":"https:\/\/eldigitaldeasturias.com\/magazine365\/wp-json\/wp\/v2\/media\/43993"}],"wp:attachment":[{"href":"https:\/\/eldigitaldeasturias.com\/magazine365\/wp-json\/wp\/v2\/media?parent=43992"}],"wp:term":[{"taxonomy":"category","embeddable":true,"href":"https:\/\/eldigitaldeasturias.com\/magazine365\/wp-json\/wp\/v2\/categories?post=43992"},{"taxonomy":"post_tag","embeddable":true,"href":"https:\/\/eldigitaldeasturias.com\/magazine365\/wp-json\/wp\/v2\/tags?post=43992"}],"curies":[{"name":"wp","href":"https:\/\/api.w.org\/{rel}","templated":true}]}}