{"id":43967,"date":"2015-07-28T11:08:32","date_gmt":"2015-07-28T09:08:32","guid":{"rendered":"http:\/\/eldigitaldeasturias.com\/magazine365\/?p=43967"},"modified":"2015-07-28T11:08:32","modified_gmt":"2015-07-28T09:08:32","slug":"el-directivo-de-renfe-francisco-arteaga-es-el-candidato-del-gobierno-municipal-para-la-gerencia-de-tussam","status":"publish","type":"post","link":"https:\/\/eldigitaldeasturias.com\/magazine365\/el-directivo-de-renfe-francisco-arteaga-es-el-candidato-del-gobierno-municipal-para-la-gerencia-de-tussam\/","title":{"rendered":"El directivo de Renfe Francisco Arteaga es el \u00abcandidato del gobierno\u00bb municipal para la gerencia de Tussam"},"content":{"rendered":"<p><img fetchpriority=\"high\" decoding=\"async\" class=\"alignleft size-medium wp-image-43968\" src=\"https:\/\/eldigitaldeasturias.com\/magazine365\/wp-content\/uploads\/2015\/07\/fotonoticia_20150727131935_800-360x205.jpg\" alt=\"fotonoticia_20150727131935_800\" width=\"360\" height=\"205\" srcset=\"https:\/\/eldigitaldeasturias.com\/magazine365\/wp-content\/uploads\/2015\/07\/fotonoticia_20150727131935_800-360x205.jpg 360w, https:\/\/eldigitaldeasturias.com\/magazine365\/wp-content\/uploads\/2015\/07\/fotonoticia_20150727131935_800-650x370.jpg 650w, https:\/\/eldigitaldeasturias.com\/magazine365\/wp-content\/uploads\/2015\/07\/fotonoticia_20150727131935_800-768x437.jpg 768w, https:\/\/eldigitaldeasturias.com\/magazine365\/wp-content\/uploads\/2015\/07\/fotonoticia_20150727131935_800-150x85.jpg 150w, https:\/\/eldigitaldeasturias.com\/magazine365\/wp-content\/uploads\/2015\/07\/fotonoticia_20150727131935_800-450x256.jpg 450w, https:\/\/eldigitaldeasturias.com\/magazine365\/wp-content\/uploads\/2015\/07\/fotonoticia_20150727131935_800-696x396.jpg 696w, https:\/\/eldigitaldeasturias.com\/magazine365\/wp-content\/uploads\/2015\/07\/fotonoticia_20150727131935_800-738x420.jpg 738w, https:\/\/eldigitaldeasturias.com\/magazine365\/wp-content\/uploads\/2015\/07\/fotonoticia_20150727131935_800.jpg 800w\" sizes=\"(max-width: 360px) 100vw, 360px\" \/>El directivo de Renfe Francisco Arteaga es el \u00abcandidato del gobierno\u00bb socialista para ocupar la Gerencia de la sociedad Transportes Urbanos de Sevilla (Tussam), participada en solitario por el Ayuntamiento hispalense, seg\u00fan ha publicado Diario de Sevilla y ha confirmado el alcalde, el socialista Juan Espadas, en declaraciones a los medios de comunicaci\u00f3n.<\/p>\n<p>La Agrupaci\u00f3n Sindical de Conductores (ASC), el sindicato mayoritario en esta empresa municipal, ha pedido de su lado \u00abla continuidad del modelo de trabajo y relaciones laborales de los \u00faltimos cuatro a\u00f1os\u00bb.<\/p>\n<p>Despu\u00e9s de que Tussam, una empresa hist\u00f3ricamente deficitaria y marcada por los conflictos laborales, haya experimentado una clara mejor\u00eda durante los \u00faltimos a\u00f1os, despu\u00e9s de ocupar la direcci\u00f3n Manuel Torreglosa, nombrado por el PP, ASC aboga, en un escrito recogido por Europa Press, por \u00abla continuidad en el modelo de trabajo y relaciones laborales que hemos tenido en Tussam los \u00faltimos cuatro a\u00f1os, en crecimiento, contrataciones, relaciones laborales y plan de viabilidad\u00bb.<\/p>\n<p>\u00abEsta amalgama de proyectos, esfuerzo y trabajo ha hecho de Tussam una empresa viable y sin deudas\u00bb, expone el sindicato, que lamenta el \u00abdesconocimiento del proyecto de futuro que desde la nueva corporaci\u00f3n\u00bb se pretende impulsar.<\/p>\n<p>\u00abLos trabajadores de Tussam hemos realizado un gran esfuerzo para sanear nuestra empresa y hacerla viable, aumentando adem\u00e1s el servicio de calidad que los ciudadanos de Sevilla se merecen y no cabe duda que quisi\u00e9ramos que este esfuerzo continuase, como hasta ahora, siendo reciproco por parte de la empresa y el Ayuntamiento\u00bb, se\u00f1ala la organizaci\u00f3n sindical.<\/p>\n","protected":false},"excerpt":{"rendered":"<p>El directivo de Renfe Francisco Arteaga es el \u00abcandidato del gobierno\u00bb socialista para ocupar la Gerencia de la sociedad Transportes Urbanos de Sevilla (Tussam), participada en solitario por el Ayuntamiento hispalense, seg\u00fan ha publicado Diario de Sevilla y ha confirmado el alcalde, el socialista Juan Espadas, en declaraciones a los medios de comunicaci\u00f3n. La Agrupaci\u00f3n<\/p>\n","protected":false},"author":1,"featured_media":43968,"comment_status":"open","ping_status":"closed","sticky":false,"template":"","format":"standard","meta":{"footnotes":""},"categories":[224],"tags":[],"class_list":{"0":"post-43967","1":"post","2":"type-post","3":"status-publish","4":"format-standard","5":"has-post-thumbnail","7":"category-noticias-actualidad"},"aioseo_notices":[],"aioseo_head":"\n\t\t<!-- All in One SEO Pro 4.9.6.1 - aioseo.com -->\n\t<meta name=\"description\" content=\"El directivo de Renfe Francisco Arteaga es el &quot;candidato del gobierno&quot; socialista para ocupar la Gerencia de la sociedad Transportes Urbanos de Sevilla (Tussam), participada en solitario por el Ayuntamiento hispalense, seg\u00fan ha publicado Diario de Sevilla y ha confirmado el alcalde, el socialista Juan Espadas, en declaraciones a los medios de comunicaci\u00f3n. La Agrupaci\u00f3n\" \/>\n\t<meta name=\"robots\" content=\"max-image-preview:large\" \/>\n\t<meta name=\"author\" content=\"admin\"\/>\n\t<meta name=\"google-site-verification\" content=\"UA-38556648-1\" \/>\n\t<meta name=\"keywords\" content=\"noticias y actualidad\" \/>\n\t<link rel=\"canonical\" href=\"https:\/\/eldigitaldeasturias.com\/magazine365\/el-directivo-de-renfe-francisco-arteaga-es-el-candidato-del-gobierno-municipal-para-la-gerencia-de-tussam\/\" \/>\n\t<meta name=\"generator\" content=\"All in One SEO Pro (AIOSEO) 4.9.6.1\" \/>\n\t\t<meta property=\"og:locale\" content=\"es_ES\" \/>\n\t\t<meta property=\"og:site_name\" content=\"El Digital de Asturias \u2013 Revista de ocio, turismo y estilo de vida\" \/>\n\t\t<meta property=\"og:type\" content=\"article\" \/>\n\t\t<meta property=\"og:title\" content=\"El directivo de Renfe Francisco Arteaga es el \u00abcandidato del gobierno\u00bb municipal para la gerencia de Tussam | El Digital de Asturias\" \/>\n\t\t<meta property=\"og:description\" content=\"El directivo de Renfe Francisco Arteaga es el &quot;candidato del gobierno&quot; socialista para ocupar la Gerencia de la sociedad Transportes Urbanos de Sevilla (Tussam), participada en solitario por el Ayuntamiento hispalense, seg\u00fan ha publicado Diario de Sevilla y ha confirmado el alcalde, el socialista Juan Espadas, en declaraciones a los medios de comunicaci\u00f3n. La Agrupaci\u00f3n\" \/>\n\t\t<meta property=\"og:url\" content=\"https:\/\/eldigitaldeasturias.com\/magazine365\/el-directivo-de-renfe-francisco-arteaga-es-el-candidato-del-gobierno-municipal-para-la-gerencia-de-tussam\/\" \/>\n\t\t<meta property=\"og:image\" content=\"https:\/\/eldigitaldeasturias.com\/magazine365\/wp-content\/uploads\/2015\/07\/fotonoticia_20150727131935_800.jpg\" \/>\n\t\t<meta property=\"og:image:secure_url\" content=\"https:\/\/eldigitaldeasturias.com\/magazine365\/wp-content\/uploads\/2015\/07\/fotonoticia_20150727131935_800.jpg\" \/>\n\t\t<meta property=\"og:image:width\" content=\"800\" \/>\n\t\t<meta property=\"og:image:height\" content=\"455\" \/>\n\t\t<meta property=\"article:published_time\" content=\"2015-07-28T09:08:32+00:00\" \/>\n\t\t<meta property=\"article:modified_time\" content=\"2015-07-28T09:08:32+00:00\" \/>\n\t\t<meta name=\"twitter:card\" content=\"summary_large_image\" \/>\n\t\t<meta name=\"twitter:title\" content=\"El directivo de Renfe Francisco Arteaga es el \u00abcandidato del gobierno\u00bb municipal para la gerencia de Tussam | El Digital de Asturias\" \/>\n\t\t<meta name=\"twitter:description\" content=\"El directivo de Renfe Francisco Arteaga es el &quot;candidato del gobierno&quot; socialista para ocupar la Gerencia de la sociedad Transportes Urbanos de Sevilla (Tussam), participada en solitario por el Ayuntamiento hispalense, seg\u00fan ha publicado Diario de Sevilla y ha confirmado el alcalde, el socialista Juan Espadas, en declaraciones a los medios de comunicaci\u00f3n. La Agrupaci\u00f3n\" \/>\n\t\t<meta name=\"twitter:image\" content=\"https:\/\/eldigitaldeasturias.com\/magazine365\/wp-content\/uploads\/2015\/07\/fotonoticia_20150727131935_800.jpg\" \/>\n\t\t<script type=\"application\/ld+json\" class=\"aioseo-schema\">\n\t\t\t{\"@context\":\"https:\\\/\\\/schema.org\",\"@graph\":[{\"@type\":\"Article\",\"@id\":\"https:\\\/\\\/eldigitaldeasturias.com\\\/magazine365\\\/el-directivo-de-renfe-francisco-arteaga-es-el-candidato-del-gobierno-municipal-para-la-gerencia-de-tussam\\\/#article\",\"name\":\"El directivo de Renfe Francisco Arteaga es el \\u00abcandidato del gobierno\\u00bb municipal para la gerencia de Tussam | El Digital de Asturias\",\"headline\":\"El directivo de Renfe Francisco Arteaga es el \\u00abcandidato del gobierno\\u00bb municipal para la gerencia de Tussam\",\"author\":{\"@id\":\"https:\\\/\\\/eldigitaldeasturias.com\\\/magazine365\\\/author\\\/admin\\\/#author\"},\"publisher\":{\"@id\":\"https:\\\/\\\/eldigitaldeasturias.com\\\/magazine365\\\/#organization\"},\"image\":{\"@type\":\"ImageObject\",\"url\":\"https:\\\/\\\/eldigitaldeasturias.com\\\/magazine365\\\/wp-content\\\/uploads\\\/2015\\\/07\\\/fotonoticia_20150727131935_800.jpg\",\"width\":800,\"height\":455},\"datePublished\":\"2015-07-28T11:08:32+02:00\",\"dateModified\":\"2015-07-28T11:08:32+02:00\",\"inLanguage\":\"es-ES\",\"mainEntityOfPage\":{\"@id\":\"https:\\\/\\\/eldigitaldeasturias.com\\\/magazine365\\\/el-directivo-de-renfe-francisco-arteaga-es-el-candidato-del-gobierno-municipal-para-la-gerencia-de-tussam\\\/#webpage\"},\"isPartOf\":{\"@id\":\"https:\\\/\\\/eldigitaldeasturias.com\\\/magazine365\\\/el-directivo-de-renfe-francisco-arteaga-es-el-candidato-del-gobierno-municipal-para-la-gerencia-de-tussam\\\/#webpage\"},\"articleSection\":\"Noticias y Actualidad\"},{\"@type\":\"BreadcrumbList\",\"@id\":\"https:\\\/\\\/eldigitaldeasturias.com\\\/magazine365\\\/el-directivo-de-renfe-francisco-arteaga-es-el-candidato-del-gobierno-municipal-para-la-gerencia-de-tussam\\\/#breadcrumblist\",\"itemListElement\":[{\"@type\":\"ListItem\",\"@id\":\"https:\\\/\\\/eldigitaldeasturias.com\\\/magazine365#listItem\",\"position\":1,\"name\":\"Home\",\"item\":\"https:\\\/\\\/eldigitaldeasturias.com\\\/magazine365\",\"nextItem\":{\"@type\":\"ListItem\",\"@id\":\"https:\\\/\\\/eldigitaldeasturias.com\\\/magazine365\\\/category\\\/noticias-actualidad\\\/#listItem\",\"name\":\"Noticias y Actualidad\"}},{\"@type\":\"ListItem\",\"@id\":\"https:\\\/\\\/eldigitaldeasturias.com\\\/magazine365\\\/category\\\/noticias-actualidad\\\/#listItem\",\"position\":2,\"name\":\"Noticias y Actualidad\",\"item\":\"https:\\\/\\\/eldigitaldeasturias.com\\\/magazine365\\\/category\\\/noticias-actualidad\\\/\",\"nextItem\":{\"@type\":\"ListItem\",\"@id\":\"https:\\\/\\\/eldigitaldeasturias.com\\\/magazine365\\\/el-directivo-de-renfe-francisco-arteaga-es-el-candidato-del-gobierno-municipal-para-la-gerencia-de-tussam\\\/#listItem\",\"name\":\"El directivo de Renfe Francisco Arteaga es el \\u00abcandidato del gobierno\\u00bb municipal para la gerencia de Tussam\"},\"previousItem\":{\"@type\":\"ListItem\",\"@id\":\"https:\\\/\\\/eldigitaldeasturias.com\\\/magazine365#listItem\",\"name\":\"Home\"}},{\"@type\":\"ListItem\",\"@id\":\"https:\\\/\\\/eldigitaldeasturias.com\\\/magazine365\\\/el-directivo-de-renfe-francisco-arteaga-es-el-candidato-del-gobierno-municipal-para-la-gerencia-de-tussam\\\/#listItem\",\"position\":3,\"name\":\"El directivo de Renfe Francisco Arteaga es el \\u00abcandidato del gobierno\\u00bb municipal para la gerencia de Tussam\",\"previousItem\":{\"@type\":\"ListItem\",\"@id\":\"https:\\\/\\\/eldigitaldeasturias.com\\\/magazine365\\\/category\\\/noticias-actualidad\\\/#listItem\",\"name\":\"Noticias y Actualidad\"}}]},{\"@type\":\"Organization\",\"@id\":\"https:\\\/\\\/eldigitaldeasturias.com\\\/magazine365\\\/#organization\",\"name\":\"El digital de Asturias\",\"description\":\"Revista de ocio, turismo y estilo de vida\",\"url\":\"https:\\\/\\\/eldigitaldeasturias.com\\\/magazine365\\\/\",\"logo\":{\"@type\":\"ImageObject\",\"url\":\"https:\\\/\\\/www.eldigitaldeasturias.com\\\/noticias\\\/wp-content\\\/uploads\\\/2020\\\/12\\\/EDA.jpg\",\"@id\":\"https:\\\/\\\/eldigitaldeasturias.com\\\/magazine365\\\/el-directivo-de-renfe-francisco-arteaga-es-el-candidato-del-gobierno-municipal-para-la-gerencia-de-tussam\\\/#organizationLogo\"},\"image\":{\"@id\":\"https:\\\/\\\/eldigitaldeasturias.com\\\/magazine365\\\/el-directivo-de-renfe-francisco-arteaga-es-el-candidato-del-gobierno-municipal-para-la-gerencia-de-tussam\\\/#organizationLogo\"}},{\"@type\":\"Person\",\"@id\":\"https:\\\/\\\/eldigitaldeasturias.com\\\/magazine365\\\/author\\\/admin\\\/#author\",\"url\":\"https:\\\/\\\/eldigitaldeasturias.com\\\/magazine365\\\/author\\\/admin\\\/\",\"name\":\"admin\",\"image\":{\"@type\":\"ImageObject\",\"@id\":\"https:\\\/\\\/eldigitaldeasturias.com\\\/magazine365\\\/el-directivo-de-renfe-francisco-arteaga-es-el-candidato-del-gobierno-municipal-para-la-gerencia-de-tussam\\\/#authorImage\",\"url\":\"https:\\\/\\\/eldigitaldeasturias.com\\\/magazine365\\\/wp-content\\\/litespeed\\\/avatar\\\/e571bcf59a0edd6fa6838245a470f2fe.jpg?ver=1777574230\",\"width\":96,\"height\":96,\"caption\":\"admin\"}},{\"@type\":\"WebPage\",\"@id\":\"https:\\\/\\\/eldigitaldeasturias.com\\\/magazine365\\\/el-directivo-de-renfe-francisco-arteaga-es-el-candidato-del-gobierno-municipal-para-la-gerencia-de-tussam\\\/#webpage\",\"url\":\"https:\\\/\\\/eldigitaldeasturias.com\\\/magazine365\\\/el-directivo-de-renfe-francisco-arteaga-es-el-candidato-del-gobierno-municipal-para-la-gerencia-de-tussam\\\/\",\"name\":\"El directivo de Renfe Francisco Arteaga es el \\u00abcandidato del gobierno\\u00bb municipal para la gerencia de Tussam | El Digital de Asturias\",\"description\":\"El directivo de Renfe Francisco Arteaga es el \\\"candidato del gobierno\\\" socialista para ocupar la Gerencia de la sociedad Transportes Urbanos de Sevilla (Tussam), participada en solitario por el Ayuntamiento hispalense, seg\\u00fan ha publicado Diario de Sevilla y ha confirmado el alcalde, el socialista Juan Espadas, en declaraciones a los medios de comunicaci\\u00f3n. La Agrupaci\\u00f3n\",\"inLanguage\":\"es-ES\",\"isPartOf\":{\"@id\":\"https:\\\/\\\/eldigitaldeasturias.com\\\/magazine365\\\/#website\"},\"breadcrumb\":{\"@id\":\"https:\\\/\\\/eldigitaldeasturias.com\\\/magazine365\\\/el-directivo-de-renfe-francisco-arteaga-es-el-candidato-del-gobierno-municipal-para-la-gerencia-de-tussam\\\/#breadcrumblist\"},\"author\":{\"@id\":\"https:\\\/\\\/eldigitaldeasturias.com\\\/magazine365\\\/author\\\/admin\\\/#author\"},\"creator\":{\"@id\":\"https:\\\/\\\/eldigitaldeasturias.com\\\/magazine365\\\/author\\\/admin\\\/#author\"},\"image\":{\"@type\":\"ImageObject\",\"url\":\"https:\\\/\\\/eldigitaldeasturias.com\\\/magazine365\\\/wp-content\\\/uploads\\\/2015\\\/07\\\/fotonoticia_20150727131935_800.jpg\",\"@id\":\"https:\\\/\\\/eldigitaldeasturias.com\\\/magazine365\\\/el-directivo-de-renfe-francisco-arteaga-es-el-candidato-del-gobierno-municipal-para-la-gerencia-de-tussam\\\/#mainImage\",\"width\":800,\"height\":455},\"primaryImageOfPage\":{\"@id\":\"https:\\\/\\\/eldigitaldeasturias.com\\\/magazine365\\\/el-directivo-de-renfe-francisco-arteaga-es-el-candidato-del-gobierno-municipal-para-la-gerencia-de-tussam\\\/#mainImage\"},\"datePublished\":\"2015-07-28T11:08:32+02:00\",\"dateModified\":\"2015-07-28T11:08:32+02:00\"},{\"@type\":\"WebSite\",\"@id\":\"https:\\\/\\\/eldigitaldeasturias.com\\\/magazine365\\\/#website\",\"url\":\"https:\\\/\\\/eldigitaldeasturias.com\\\/magazine365\\\/\",\"name\":\"El Digital de Asturias\",\"description\":\"Revista de ocio, turismo y estilo de vida\",\"inLanguage\":\"es-ES\",\"publisher\":{\"@id\":\"https:\\\/\\\/eldigitaldeasturias.com\\\/magazine365\\\/#organization\"}}]}\n\t\t<\/script>\n\t\t<!-- All in One SEO Pro -->\r\n\t\t<title>El directivo de Renfe Francisco Arteaga es el \u00abcandidato del gobierno\u00bb municipal para la gerencia de Tussam | El Digital de Asturias<\/title>\n\n","aioseo_head_json":{"title":"El directivo de Renfe Francisco Arteaga es el \u00abcandidato del gobierno\u00bb municipal para la gerencia de Tussam | El Digital de Asturias","description":"El directivo de Renfe Francisco Arteaga es el \"candidato del gobierno\" socialista para ocupar la Gerencia de la sociedad Transportes Urbanos de Sevilla (Tussam), participada en solitario por el Ayuntamiento hispalense, seg\u00fan ha publicado Diario de Sevilla y ha confirmado el alcalde, el socialista Juan Espadas, en declaraciones a los medios de comunicaci\u00f3n. La Agrupaci\u00f3n","canonical_url":"https:\/\/eldigitaldeasturias.com\/magazine365\/el-directivo-de-renfe-francisco-arteaga-es-el-candidato-del-gobierno-municipal-para-la-gerencia-de-tussam\/","robots":"max-image-preview:large","keywords":"noticias y actualidad","webmasterTools":{"google-site-verification":"UA-38556648-1","miscellaneous":""},"schema":{"@context":"https:\/\/schema.org","@graph":[{"@type":"Article","@id":"https:\/\/eldigitaldeasturias.com\/magazine365\/el-directivo-de-renfe-francisco-arteaga-es-el-candidato-del-gobierno-municipal-para-la-gerencia-de-tussam\/#article","name":"El directivo de Renfe Francisco Arteaga es el \u00abcandidato del gobierno\u00bb municipal para la gerencia de Tussam | El Digital de Asturias","headline":"El directivo de Renfe Francisco Arteaga es el \u00abcandidato del gobierno\u00bb municipal para la gerencia de Tussam","author":{"@id":"https:\/\/eldigitaldeasturias.com\/magazine365\/author\/admin\/#author"},"publisher":{"@id":"https:\/\/eldigitaldeasturias.com\/magazine365\/#organization"},"image":{"@type":"ImageObject","url":"https:\/\/eldigitaldeasturias.com\/magazine365\/wp-content\/uploads\/2015\/07\/fotonoticia_20150727131935_800.jpg","width":800,"height":455},"datePublished":"2015-07-28T11:08:32+02:00","dateModified":"2015-07-28T11:08:32+02:00","inLanguage":"es-ES","mainEntityOfPage":{"@id":"https:\/\/eldigitaldeasturias.com\/magazine365\/el-directivo-de-renfe-francisco-arteaga-es-el-candidato-del-gobierno-municipal-para-la-gerencia-de-tussam\/#webpage"},"isPartOf":{"@id":"https:\/\/eldigitaldeasturias.com\/magazine365\/el-directivo-de-renfe-francisco-arteaga-es-el-candidato-del-gobierno-municipal-para-la-gerencia-de-tussam\/#webpage"},"articleSection":"Noticias y Actualidad"},{"@type":"BreadcrumbList","@id":"https:\/\/eldigitaldeasturias.com\/magazine365\/el-directivo-de-renfe-francisco-arteaga-es-el-candidato-del-gobierno-municipal-para-la-gerencia-de-tussam\/#breadcrumblist","itemListElement":[{"@type":"ListItem","@id":"https:\/\/eldigitaldeasturias.com\/magazine365#listItem","position":1,"name":"Home","item":"https:\/\/eldigitaldeasturias.com\/magazine365","nextItem":{"@type":"ListItem","@id":"https:\/\/eldigitaldeasturias.com\/magazine365\/category\/noticias-actualidad\/#listItem","name":"Noticias y Actualidad"}},{"@type":"ListItem","@id":"https:\/\/eldigitaldeasturias.com\/magazine365\/category\/noticias-actualidad\/#listItem","position":2,"name":"Noticias y Actualidad","item":"https:\/\/eldigitaldeasturias.com\/magazine365\/category\/noticias-actualidad\/","nextItem":{"@type":"ListItem","@id":"https:\/\/eldigitaldeasturias.com\/magazine365\/el-directivo-de-renfe-francisco-arteaga-es-el-candidato-del-gobierno-municipal-para-la-gerencia-de-tussam\/#listItem","name":"El directivo de Renfe Francisco Arteaga es el \u00abcandidato del gobierno\u00bb municipal para la gerencia de Tussam"},"previousItem":{"@type":"ListItem","@id":"https:\/\/eldigitaldeasturias.com\/magazine365#listItem","name":"Home"}},{"@type":"ListItem","@id":"https:\/\/eldigitaldeasturias.com\/magazine365\/el-directivo-de-renfe-francisco-arteaga-es-el-candidato-del-gobierno-municipal-para-la-gerencia-de-tussam\/#listItem","position":3,"name":"El directivo de Renfe Francisco Arteaga es el \u00abcandidato del gobierno\u00bb municipal para la gerencia de Tussam","previousItem":{"@type":"ListItem","@id":"https:\/\/eldigitaldeasturias.com\/magazine365\/category\/noticias-actualidad\/#listItem","name":"Noticias y Actualidad"}}]},{"@type":"Organization","@id":"https:\/\/eldigitaldeasturias.com\/magazine365\/#organization","name":"El digital de Asturias","description":"Revista de ocio, turismo y estilo de vida","url":"https:\/\/eldigitaldeasturias.com\/magazine365\/","logo":{"@type":"ImageObject","url":"https:\/\/www.eldigitaldeasturias.com\/noticias\/wp-content\/uploads\/2020\/12\/EDA.jpg","@id":"https:\/\/eldigitaldeasturias.com\/magazine365\/el-directivo-de-renfe-francisco-arteaga-es-el-candidato-del-gobierno-municipal-para-la-gerencia-de-tussam\/#organizationLogo"},"image":{"@id":"https:\/\/eldigitaldeasturias.com\/magazine365\/el-directivo-de-renfe-francisco-arteaga-es-el-candidato-del-gobierno-municipal-para-la-gerencia-de-tussam\/#organizationLogo"}},{"@type":"Person","@id":"https:\/\/eldigitaldeasturias.com\/magazine365\/author\/admin\/#author","url":"https:\/\/eldigitaldeasturias.com\/magazine365\/author\/admin\/","name":"admin","image":{"@type":"ImageObject","@id":"https:\/\/eldigitaldeasturias.com\/magazine365\/el-directivo-de-renfe-francisco-arteaga-es-el-candidato-del-gobierno-municipal-para-la-gerencia-de-tussam\/#authorImage","url":"https:\/\/eldigitaldeasturias.com\/magazine365\/wp-content\/litespeed\/avatar\/e571bcf59a0edd6fa6838245a470f2fe.jpg?ver=1777574230","width":96,"height":96,"caption":"admin"}},{"@type":"WebPage","@id":"https:\/\/eldigitaldeasturias.com\/magazine365\/el-directivo-de-renfe-francisco-arteaga-es-el-candidato-del-gobierno-municipal-para-la-gerencia-de-tussam\/#webpage","url":"https:\/\/eldigitaldeasturias.com\/magazine365\/el-directivo-de-renfe-francisco-arteaga-es-el-candidato-del-gobierno-municipal-para-la-gerencia-de-tussam\/","name":"El directivo de Renfe Francisco Arteaga es el \u00abcandidato del gobierno\u00bb municipal para la gerencia de Tussam | El Digital de Asturias","description":"El directivo de Renfe Francisco Arteaga es el \"candidato del gobierno\" socialista para ocupar la Gerencia de la sociedad Transportes Urbanos de Sevilla (Tussam), participada en solitario por el Ayuntamiento hispalense, seg\u00fan ha publicado Diario de Sevilla y ha confirmado el alcalde, el socialista Juan Espadas, en declaraciones a los medios de comunicaci\u00f3n. La Agrupaci\u00f3n","inLanguage":"es-ES","isPartOf":{"@id":"https:\/\/eldigitaldeasturias.com\/magazine365\/#website"},"breadcrumb":{"@id":"https:\/\/eldigitaldeasturias.com\/magazine365\/el-directivo-de-renfe-francisco-arteaga-es-el-candidato-del-gobierno-municipal-para-la-gerencia-de-tussam\/#breadcrumblist"},"author":{"@id":"https:\/\/eldigitaldeasturias.com\/magazine365\/author\/admin\/#author"},"creator":{"@id":"https:\/\/eldigitaldeasturias.com\/magazine365\/author\/admin\/#author"},"image":{"@type":"ImageObject","url":"https:\/\/eldigitaldeasturias.com\/magazine365\/wp-content\/uploads\/2015\/07\/fotonoticia_20150727131935_800.jpg","@id":"https:\/\/eldigitaldeasturias.com\/magazine365\/el-directivo-de-renfe-francisco-arteaga-es-el-candidato-del-gobierno-municipal-para-la-gerencia-de-tussam\/#mainImage","width":800,"height":455},"primaryImageOfPage":{"@id":"https:\/\/eldigitaldeasturias.com\/magazine365\/el-directivo-de-renfe-francisco-arteaga-es-el-candidato-del-gobierno-municipal-para-la-gerencia-de-tussam\/#mainImage"},"datePublished":"2015-07-28T11:08:32+02:00","dateModified":"2015-07-28T11:08:32+02:00"},{"@type":"WebSite","@id":"https:\/\/eldigitaldeasturias.com\/magazine365\/#website","url":"https:\/\/eldigitaldeasturias.com\/magazine365\/","name":"El Digital de Asturias","description":"Revista de ocio, turismo y estilo de vida","inLanguage":"es-ES","publisher":{"@id":"https:\/\/eldigitaldeasturias.com\/magazine365\/#organization"}}]},"og:locale":"es_ES","og:site_name":"El Digital de Asturias \u2013 Revista de ocio, turismo y estilo de vida","og:type":"article","og:title":"El directivo de Renfe Francisco Arteaga es el \u00abcandidato del gobierno\u00bb municipal para la gerencia de Tussam | El Digital de Asturias","og:description":"El directivo de Renfe Francisco Arteaga es el &quot;candidato del gobierno&quot; socialista para ocupar la Gerencia de la sociedad Transportes Urbanos de Sevilla (Tussam), participada en solitario por el Ayuntamiento hispalense, seg\u00fan ha publicado Diario de Sevilla y ha confirmado el alcalde, el socialista Juan Espadas, en declaraciones a los medios de comunicaci\u00f3n. La Agrupaci\u00f3n","og:url":"https:\/\/eldigitaldeasturias.com\/magazine365\/el-directivo-de-renfe-francisco-arteaga-es-el-candidato-del-gobierno-municipal-para-la-gerencia-de-tussam\/","og:image":"https:\/\/eldigitaldeasturias.com\/magazine365\/wp-content\/uploads\/2015\/07\/fotonoticia_20150727131935_800.jpg","og:image:secure_url":"https:\/\/eldigitaldeasturias.com\/magazine365\/wp-content\/uploads\/2015\/07\/fotonoticia_20150727131935_800.jpg","og:image:width":800,"og:image:height":455,"article:published_time":"2015-07-28T09:08:32+00:00","article:modified_time":"2015-07-28T09:08:32+00:00","twitter:card":"summary_large_image","twitter:title":"El directivo de Renfe Francisco Arteaga es el \u00abcandidato del gobierno\u00bb municipal para la gerencia de Tussam | El Digital de Asturias","twitter:description":"El directivo de Renfe Francisco Arteaga es el &quot;candidato del gobierno&quot; socialista para ocupar la Gerencia de la sociedad Transportes Urbanos de Sevilla (Tussam), participada en solitario por el Ayuntamiento hispalense, seg\u00fan ha publicado Diario de Sevilla y ha confirmado el alcalde, el socialista Juan Espadas, en declaraciones a los medios de comunicaci\u00f3n. La Agrupaci\u00f3n","twitter:image":"https:\/\/eldigitaldeasturias.com\/magazine365\/wp-content\/uploads\/2015\/07\/fotonoticia_20150727131935_800.jpg"},"aioseo_meta_data":{"post_id":"43967","title":null,"description":null,"keywords":null,"keyphrases":null,"primary_term":null,"canonical_url":null,"og_title":null,"og_description":null,"og_object_type":"default","og_image_type":"default","og_image_url":null,"og_image_width":null,"og_image_height":null,"og_image_custom_url":null,"og_image_custom_fields":null,"og_video":null,"og_custom_url":null,"og_article_section":null,"og_article_tags":null,"twitter_use_og":false,"twitter_card":"default","twitter_image_type":"default","twitter_image_url":null,"twitter_image_custom_url":null,"twitter_image_custom_fields":null,"twitter_title":null,"twitter_description":null,"schema":{"blockGraphs":[],"customGraphs":[],"default":{"data":{"Article":[],"Course":[],"Dataset":[],"FAQPage":[],"Movie":[],"Person":[],"Product":[],"ProductReview":[],"Car":[],"Recipe":[],"Service":[],"SoftwareApplication":[],"WebPage":[]},"graphName":"","isEnabled":true},"graphs":[],"defaultGraph":"","defaultPostTypeGraph":""},"schema_type":null,"schema_type_options":null,"pillar_content":false,"robots_default":true,"robots_noindex":false,"robots_noarchive":false,"robots_nosnippet":false,"robots_nofollow":false,"robots_noimageindex":false,"robots_noodp":false,"robots_notranslate":false,"robots_max_snippet":null,"robots_max_videopreview":null,"robots_max_imagepreview":"large","priority":null,"frequency":null,"location":null,"local_seo":null,"seo_analyzer_scan_date":"2025-09-19 20:56:29","breadcrumb_settings":null,"limit_modified_date":false,"open_ai":null,"ai":null,"created":"2021-03-09 01:39:49","updated":"2025-09-19 20:56:29"},"aioseo_breadcrumb":"<div class=\"aioseo-breadcrumbs\"><span class=\"aioseo-breadcrumb\">\n\t<a href=\"https:\/\/eldigitaldeasturias.com\/magazine365\" title=\"Home\">Home<\/a>\n<\/span><span class=\"aioseo-breadcrumb-separator\">\u2013<\/span><span class=\"aioseo-breadcrumb\">\n\t<a href=\"https:\/\/eldigitaldeasturias.com\/magazine365\/category\/noticias-actualidad\/\" title=\"Noticias y Actualidad\">Noticias y Actualidad<\/a>\n<\/span><span class=\"aioseo-breadcrumb-separator\">\u2013<\/span><span class=\"aioseo-breadcrumb\">\n\t<a href=\"https:\/\/eldigitaldeasturias.com\/magazine365\/el-directivo-de-renfe-francisco-arteaga-es-el-candidato-del-gobierno-municipal-para-la-gerencia-de-tussam\/\" title=\"El directivo de Renfe Francisco Arteaga es el \u00abcandidato del gobierno\u00bb municipal para la gerencia de Tussam\">El directivo de Renfe Francisco Arteaga es el \u00abcandidato del gobierno\u00bb municipal para la gerencia de Tussam<\/a>\n<\/span><\/div>","aioseo_breadcrumb_json":[{"label":"Home","link":"https:\/\/eldigitaldeasturias.com\/magazine365"},{"label":"Noticias y Actualidad","link":"https:\/\/eldigitaldeasturias.com\/magazine365\/category\/noticias-actualidad\/"},{"label":"El directivo de Renfe Francisco Arteaga es el \u00abcandidato del gobierno\u00bb municipal para la gerencia de Tussam","link":"https:\/\/eldigitaldeasturias.com\/magazine365\/el-directivo-de-renfe-francisco-arteaga-es-el-candidato-del-gobierno-municipal-para-la-gerencia-de-tussam\/"}],"_links":{"self":[{"href":"https:\/\/eldigitaldeasturias.com\/magazine365\/wp-json\/wp\/v2\/posts\/43967","targetHints":{"allow":["GET"]}}],"collection":[{"href":"https:\/\/eldigitaldeasturias.com\/magazine365\/wp-json\/wp\/v2\/posts"}],"about":[{"href":"https:\/\/eldigitaldeasturias.com\/magazine365\/wp-json\/wp\/v2\/types\/post"}],"author":[{"embeddable":true,"href":"https:\/\/eldigitaldeasturias.com\/magazine365\/wp-json\/wp\/v2\/users\/1"}],"replies":[{"embeddable":true,"href":"https:\/\/eldigitaldeasturias.com\/magazine365\/wp-json\/wp\/v2\/comments?post=43967"}],"version-history":[{"count":0,"href":"https:\/\/eldigitaldeasturias.com\/magazine365\/wp-json\/wp\/v2\/posts\/43967\/revisions"}],"wp:featuredmedia":[{"embeddable":true,"href":"https:\/\/eldigitaldeasturias.com\/magazine365\/wp-json\/wp\/v2\/media\/43968"}],"wp:attachment":[{"href":"https:\/\/eldigitaldeasturias.com\/magazine365\/wp-json\/wp\/v2\/media?parent=43967"}],"wp:term":[{"taxonomy":"category","embeddable":true,"href":"https:\/\/eldigitaldeasturias.com\/magazine365\/wp-json\/wp\/v2\/categories?post=43967"},{"taxonomy":"post_tag","embeddable":true,"href":"https:\/\/eldigitaldeasturias.com\/magazine365\/wp-json\/wp\/v2\/tags?post=43967"}],"curies":[{"name":"wp","href":"https:\/\/api.w.org\/{rel}","templated":true}]}}