{"id":43952,"date":"2015-07-28T10:47:04","date_gmt":"2015-07-28T08:47:04","guid":{"rendered":"http:\/\/eldigitaldeasturias.com\/magazine365\/?p=43952"},"modified":"2015-07-28T10:47:04","modified_gmt":"2015-07-28T08:47:04","slug":"taxistas-de-malaga-mantendran-el-29-de-julio-una-reunion-con-la-junta-para-abordar-la-reciprocidad-modulada","status":"publish","type":"post","link":"https:\/\/eldigitaldeasturias.com\/magazine365\/taxistas-de-malaga-mantendran-el-29-de-julio-una-reunion-con-la-junta-para-abordar-la-reciprocidad-modulada\/","title":{"rendered":"Taxistas de M\u00e1laga mantendr\u00e1n el 29 de julio una reuni\u00f3n con la Junta para abordar la reciprocidad modulada"},"content":{"rendered":"<p><img fetchpriority=\"high\" decoding=\"async\" class=\"alignleft size-medium wp-image-43953\" src=\"https:\/\/eldigitaldeasturias.com\/magazine365\/wp-content\/uploads\/2015\/07\/fotonoticia_20150727122733_800-232x300.jpg\" alt=\"fotonoticia_20150727122733_800\" width=\"232\" height=\"300\" srcset=\"https:\/\/eldigitaldeasturias.com\/magazine365\/wp-content\/uploads\/2015\/07\/fotonoticia_20150727122733_800-232x300.jpg 232w, https:\/\/eldigitaldeasturias.com\/magazine365\/wp-content\/uploads\/2015\/07\/fotonoticia_20150727122733_800-495x640.jpg 495w, https:\/\/eldigitaldeasturias.com\/magazine365\/wp-content\/uploads\/2015\/07\/fotonoticia_20150727122733_800-768x994.jpg 768w, https:\/\/eldigitaldeasturias.com\/magazine365\/wp-content\/uploads\/2015\/07\/fotonoticia_20150727122733_800-150x194.jpg 150w, https:\/\/eldigitaldeasturias.com\/magazine365\/wp-content\/uploads\/2015\/07\/fotonoticia_20150727122733_800-450x582.jpg 450w, https:\/\/eldigitaldeasturias.com\/magazine365\/wp-content\/uploads\/2015\/07\/fotonoticia_20150727122733_800-696x900.jpg 696w, https:\/\/eldigitaldeasturias.com\/magazine365\/wp-content\/uploads\/2015\/07\/fotonoticia_20150727122733_800-325x420.jpg 325w, https:\/\/eldigitaldeasturias.com\/magazine365\/wp-content\/uploads\/2015\/07\/fotonoticia_20150727122733_800.jpg 800w\" sizes=\"(max-width: 232px) 100vw, 232px\" \/>Los taxistas de M\u00e1laga capital mantendr\u00e1n el pr\u00f3ximo mi\u00e9rcoles, 29 de julio, una reuni\u00f3n con el director general de Movilidad del Gobierno andaluz, Rafael Chac\u00f3n, para abordar la publicaci\u00f3n en el Bolet\u00edn Oficial de la Junta de Andaluc\u00eda (BOJA) del decreto que recoge el principio de reciprocidad modulada, acuerdo alcanzado el 23 de diciembre de 2014 y que a\u00fan no se ha \u00aboficializado\u00bb.<\/p>\n<p>Los taxistas enviaron a principios de mes una carta al responsable de Movilidad de la Junta tras el \u00abpar\u00f3n\u00bb provocado por las elecciones auton\u00f3micas y el posterior retraso en la conformaci\u00f3n del nuevo Ejecutivo auton\u00f3mico. As\u00ed, le recordaban el acuerdo alcanzado con el anterior equipo directivo de la Consejer\u00eda de Fomento y Vivienda y de la necesidad de su publicaci\u00f3n en el BOJA.<\/p>\n<p>\u00abDocumentos de este tipo son de vital importancia, no s\u00f3lo porque oficializan los acuerdos alcanzados por los actores del conflicto sino porque, de su cumplimiento, depende el no regreso al conflicto\u00bb, han se\u00f1alado a Europa Press los representantes de este colectivo de la capital, encabezados por el presidente de la Asociaci\u00f3n Unificada Malague\u00f1a de Aut\u00f3nomos del Taxi, Jos\u00e9 Roy\u00f3n.<\/p>\n<p>Los taxistas han confiado en que el Ejecutivo auton\u00f3mico cumpla el acuerdo alcanzado para retomar y que \u00abno quede en el olvido\u00bb, insistiendo en que ya hubo un acuerdo satisfactorio y que la Junta se comprometi\u00f3 a que antes del verano de 2015 publicar\u00eda el decreto de reciprocidad modulada, el cual les permitir\u00e1 acudir, bajo precontrataci\u00f3n, a cualquier localidad a recoger viajeros con destino al aeropuerto de M\u00e1laga, al puerto de la capital y a la estaci\u00f3n de trenes M\u00e1laga-Mar\u00eda Zambrano.<\/p>\n<p>Sobre nuevas movilizaciones si no se concreta la publicaci\u00f3n en el BOJA, ha aclarado que ser\u00e1 algo que deber\u00e1 decidir el conjunto del sector del taxi de M\u00e1laga capital. \u00abEst\u00e1 todo hecho, queda un mero tr\u00e1mite burocr\u00e1tico que es su publicaci\u00f3n en BOJA y espero que despu\u00e9s de dos a\u00f1os de trabajo se resuelva pronto\u00bb, han precisado.<\/p>\n","protected":false},"excerpt":{"rendered":"<p>Los taxistas de M\u00e1laga capital mantendr\u00e1n el pr\u00f3ximo mi\u00e9rcoles, 29 de julio, una reuni\u00f3n con el director general de Movilidad del Gobierno andaluz, Rafael Chac\u00f3n, para abordar la publicaci\u00f3n en el Bolet\u00edn Oficial de la Junta de Andaluc\u00eda (BOJA) del decreto que recoge el principio de reciprocidad modulada, acuerdo alcanzado el 23 de diciembre de<\/p>\n","protected":false},"author":1,"featured_media":43953,"comment_status":"open","ping_status":"closed","sticky":false,"template":"","format":"standard","meta":{"footnotes":""},"categories":[224],"tags":[],"class_list":{"0":"post-43952","1":"post","2":"type-post","3":"status-publish","4":"format-standard","5":"has-post-thumbnail","7":"category-noticias-actualidad"},"aioseo_notices":[],"aioseo_head":"\n\t\t<!-- All in One SEO Pro 4.9.6.1 - aioseo.com -->\n\t<meta name=\"description\" content=\"Los taxistas de M\u00e1laga capital mantendr\u00e1n el pr\u00f3ximo mi\u00e9rcoles, 29 de julio, una reuni\u00f3n con el director general de Movilidad del Gobierno andaluz, Rafael Chac\u00f3n, para abordar la publicaci\u00f3n en el Bolet\u00edn Oficial de la Junta de Andaluc\u00eda (BOJA) del decreto que recoge el principio de reciprocidad modulada, acuerdo alcanzado el 23 de diciembre de\" \/>\n\t<meta name=\"robots\" content=\"max-image-preview:large\" \/>\n\t<meta name=\"author\" content=\"admin\"\/>\n\t<meta name=\"google-site-verification\" content=\"UA-38556648-1\" \/>\n\t<meta name=\"keywords\" content=\"noticias y actualidad\" \/>\n\t<link rel=\"canonical\" href=\"https:\/\/eldigitaldeasturias.com\/magazine365\/taxistas-de-malaga-mantendran-el-29-de-julio-una-reunion-con-la-junta-para-abordar-la-reciprocidad-modulada\/\" \/>\n\t<meta name=\"generator\" content=\"All in One SEO Pro (AIOSEO) 4.9.6.1\" \/>\n\t\t<meta property=\"og:locale\" content=\"es_ES\" \/>\n\t\t<meta property=\"og:site_name\" content=\"El Digital de Asturias \u2013 Revista de ocio, turismo y estilo de vida\" \/>\n\t\t<meta property=\"og:type\" content=\"article\" \/>\n\t\t<meta property=\"og:title\" content=\"Taxistas de M\u00e1laga mantendr\u00e1n el 29 de julio una reuni\u00f3n con la Junta para abordar la reciprocidad modulada | El Digital de Asturias\" \/>\n\t\t<meta property=\"og:description\" content=\"Los taxistas de M\u00e1laga capital mantendr\u00e1n el pr\u00f3ximo mi\u00e9rcoles, 29 de julio, una reuni\u00f3n con el director general de Movilidad del Gobierno andaluz, Rafael Chac\u00f3n, para abordar la publicaci\u00f3n en el Bolet\u00edn Oficial de la Junta de Andaluc\u00eda (BOJA) del decreto que recoge el principio de reciprocidad modulada, acuerdo alcanzado el 23 de diciembre de\" \/>\n\t\t<meta property=\"og:url\" content=\"https:\/\/eldigitaldeasturias.com\/magazine365\/taxistas-de-malaga-mantendran-el-29-de-julio-una-reunion-con-la-junta-para-abordar-la-reciprocidad-modulada\/\" \/>\n\t\t<meta property=\"og:image\" content=\"https:\/\/eldigitaldeasturias.com\/magazine365\/wp-content\/uploads\/2015\/07\/fotonoticia_20150727122733_800.jpg\" \/>\n\t\t<meta property=\"og:image:secure_url\" content=\"https:\/\/eldigitaldeasturias.com\/magazine365\/wp-content\/uploads\/2015\/07\/fotonoticia_20150727122733_800.jpg\" \/>\n\t\t<meta property=\"og:image:width\" content=\"800\" \/>\n\t\t<meta property=\"og:image:height\" content=\"1035\" \/>\n\t\t<meta property=\"article:published_time\" content=\"2015-07-28T08:47:04+00:00\" \/>\n\t\t<meta property=\"article:modified_time\" content=\"2015-07-28T08:47:04+00:00\" \/>\n\t\t<meta name=\"twitter:card\" content=\"summary_large_image\" \/>\n\t\t<meta name=\"twitter:title\" content=\"Taxistas de M\u00e1laga mantendr\u00e1n el 29 de julio una reuni\u00f3n con la Junta para abordar la reciprocidad modulada | El Digital de Asturias\" \/>\n\t\t<meta name=\"twitter:description\" content=\"Los taxistas de M\u00e1laga capital mantendr\u00e1n el pr\u00f3ximo mi\u00e9rcoles, 29 de julio, una reuni\u00f3n con el director general de Movilidad del Gobierno andaluz, Rafael Chac\u00f3n, para abordar la publicaci\u00f3n en el Bolet\u00edn Oficial de la Junta de Andaluc\u00eda (BOJA) del decreto que recoge el principio de reciprocidad modulada, acuerdo alcanzado el 23 de diciembre de\" \/>\n\t\t<meta name=\"twitter:image\" content=\"https:\/\/eldigitaldeasturias.com\/magazine365\/wp-content\/uploads\/2015\/07\/fotonoticia_20150727122733_800.jpg\" \/>\n\t\t<script type=\"application\/ld+json\" class=\"aioseo-schema\">\n\t\t\t{\"@context\":\"https:\\\/\\\/schema.org\",\"@graph\":[{\"@type\":\"Article\",\"@id\":\"https:\\\/\\\/eldigitaldeasturias.com\\\/magazine365\\\/taxistas-de-malaga-mantendran-el-29-de-julio-una-reunion-con-la-junta-para-abordar-la-reciprocidad-modulada\\\/#article\",\"name\":\"Taxistas de M\\u00e1laga mantendr\\u00e1n el 29 de julio una reuni\\u00f3n con la Junta para abordar la reciprocidad modulada | El Digital de Asturias\",\"headline\":\"Taxistas de M\\u00e1laga mantendr\\u00e1n el 29 de julio una reuni\\u00f3n con la Junta para abordar la reciprocidad modulada\",\"author\":{\"@id\":\"https:\\\/\\\/eldigitaldeasturias.com\\\/magazine365\\\/author\\\/admin\\\/#author\"},\"publisher\":{\"@id\":\"https:\\\/\\\/eldigitaldeasturias.com\\\/magazine365\\\/#organization\"},\"image\":{\"@type\":\"ImageObject\",\"url\":\"https:\\\/\\\/eldigitaldeasturias.com\\\/magazine365\\\/wp-content\\\/uploads\\\/2015\\\/07\\\/fotonoticia_20150727122733_800.jpg\",\"width\":800,\"height\":1035},\"datePublished\":\"2015-07-28T10:47:04+02:00\",\"dateModified\":\"2015-07-28T10:47:04+02:00\",\"inLanguage\":\"es-ES\",\"mainEntityOfPage\":{\"@id\":\"https:\\\/\\\/eldigitaldeasturias.com\\\/magazine365\\\/taxistas-de-malaga-mantendran-el-29-de-julio-una-reunion-con-la-junta-para-abordar-la-reciprocidad-modulada\\\/#webpage\"},\"isPartOf\":{\"@id\":\"https:\\\/\\\/eldigitaldeasturias.com\\\/magazine365\\\/taxistas-de-malaga-mantendran-el-29-de-julio-una-reunion-con-la-junta-para-abordar-la-reciprocidad-modulada\\\/#webpage\"},\"articleSection\":\"Noticias y Actualidad\"},{\"@type\":\"BreadcrumbList\",\"@id\":\"https:\\\/\\\/eldigitaldeasturias.com\\\/magazine365\\\/taxistas-de-malaga-mantendran-el-29-de-julio-una-reunion-con-la-junta-para-abordar-la-reciprocidad-modulada\\\/#breadcrumblist\",\"itemListElement\":[{\"@type\":\"ListItem\",\"@id\":\"https:\\\/\\\/eldigitaldeasturias.com\\\/magazine365#listItem\",\"position\":1,\"name\":\"Home\",\"item\":\"https:\\\/\\\/eldigitaldeasturias.com\\\/magazine365\",\"nextItem\":{\"@type\":\"ListItem\",\"@id\":\"https:\\\/\\\/eldigitaldeasturias.com\\\/magazine365\\\/category\\\/noticias-actualidad\\\/#listItem\",\"name\":\"Noticias y Actualidad\"}},{\"@type\":\"ListItem\",\"@id\":\"https:\\\/\\\/eldigitaldeasturias.com\\\/magazine365\\\/category\\\/noticias-actualidad\\\/#listItem\",\"position\":2,\"name\":\"Noticias y Actualidad\",\"item\":\"https:\\\/\\\/eldigitaldeasturias.com\\\/magazine365\\\/category\\\/noticias-actualidad\\\/\",\"nextItem\":{\"@type\":\"ListItem\",\"@id\":\"https:\\\/\\\/eldigitaldeasturias.com\\\/magazine365\\\/taxistas-de-malaga-mantendran-el-29-de-julio-una-reunion-con-la-junta-para-abordar-la-reciprocidad-modulada\\\/#listItem\",\"name\":\"Taxistas de M\\u00e1laga mantendr\\u00e1n el 29 de julio una reuni\\u00f3n con la Junta para abordar la reciprocidad modulada\"},\"previousItem\":{\"@type\":\"ListItem\",\"@id\":\"https:\\\/\\\/eldigitaldeasturias.com\\\/magazine365#listItem\",\"name\":\"Home\"}},{\"@type\":\"ListItem\",\"@id\":\"https:\\\/\\\/eldigitaldeasturias.com\\\/magazine365\\\/taxistas-de-malaga-mantendran-el-29-de-julio-una-reunion-con-la-junta-para-abordar-la-reciprocidad-modulada\\\/#listItem\",\"position\":3,\"name\":\"Taxistas de M\\u00e1laga mantendr\\u00e1n el 29 de julio una reuni\\u00f3n con la Junta para abordar la reciprocidad modulada\",\"previousItem\":{\"@type\":\"ListItem\",\"@id\":\"https:\\\/\\\/eldigitaldeasturias.com\\\/magazine365\\\/category\\\/noticias-actualidad\\\/#listItem\",\"name\":\"Noticias y Actualidad\"}}]},{\"@type\":\"Organization\",\"@id\":\"https:\\\/\\\/eldigitaldeasturias.com\\\/magazine365\\\/#organization\",\"name\":\"El digital de Asturias\",\"description\":\"Revista de ocio, turismo y estilo de vida\",\"url\":\"https:\\\/\\\/eldigitaldeasturias.com\\\/magazine365\\\/\",\"logo\":{\"@type\":\"ImageObject\",\"url\":\"https:\\\/\\\/www.eldigitaldeasturias.com\\\/noticias\\\/wp-content\\\/uploads\\\/2020\\\/12\\\/EDA.jpg\",\"@id\":\"https:\\\/\\\/eldigitaldeasturias.com\\\/magazine365\\\/taxistas-de-malaga-mantendran-el-29-de-julio-una-reunion-con-la-junta-para-abordar-la-reciprocidad-modulada\\\/#organizationLogo\"},\"image\":{\"@id\":\"https:\\\/\\\/eldigitaldeasturias.com\\\/magazine365\\\/taxistas-de-malaga-mantendran-el-29-de-julio-una-reunion-con-la-junta-para-abordar-la-reciprocidad-modulada\\\/#organizationLogo\"}},{\"@type\":\"Person\",\"@id\":\"https:\\\/\\\/eldigitaldeasturias.com\\\/magazine365\\\/author\\\/admin\\\/#author\",\"url\":\"https:\\\/\\\/eldigitaldeasturias.com\\\/magazine365\\\/author\\\/admin\\\/\",\"name\":\"admin\",\"image\":{\"@type\":\"ImageObject\",\"@id\":\"https:\\\/\\\/eldigitaldeasturias.com\\\/magazine365\\\/taxistas-de-malaga-mantendran-el-29-de-julio-una-reunion-con-la-junta-para-abordar-la-reciprocidad-modulada\\\/#authorImage\",\"url\":\"https:\\\/\\\/eldigitaldeasturias.com\\\/magazine365\\\/wp-content\\\/litespeed\\\/avatar\\\/e571bcf59a0edd6fa6838245a470f2fe.jpg?ver=1777574230\",\"width\":96,\"height\":96,\"caption\":\"admin\"}},{\"@type\":\"WebPage\",\"@id\":\"https:\\\/\\\/eldigitaldeasturias.com\\\/magazine365\\\/taxistas-de-malaga-mantendran-el-29-de-julio-una-reunion-con-la-junta-para-abordar-la-reciprocidad-modulada\\\/#webpage\",\"url\":\"https:\\\/\\\/eldigitaldeasturias.com\\\/magazine365\\\/taxistas-de-malaga-mantendran-el-29-de-julio-una-reunion-con-la-junta-para-abordar-la-reciprocidad-modulada\\\/\",\"name\":\"Taxistas de M\\u00e1laga mantendr\\u00e1n el 29 de julio una reuni\\u00f3n con la Junta para abordar la reciprocidad modulada | El Digital de Asturias\",\"description\":\"Los taxistas de M\\u00e1laga capital mantendr\\u00e1n el pr\\u00f3ximo mi\\u00e9rcoles, 29 de julio, una reuni\\u00f3n con el director general de Movilidad del Gobierno andaluz, Rafael Chac\\u00f3n, para abordar la publicaci\\u00f3n en el Bolet\\u00edn Oficial de la Junta de Andaluc\\u00eda (BOJA) del decreto que recoge el principio de reciprocidad modulada, acuerdo alcanzado el 23 de diciembre de\",\"inLanguage\":\"es-ES\",\"isPartOf\":{\"@id\":\"https:\\\/\\\/eldigitaldeasturias.com\\\/magazine365\\\/#website\"},\"breadcrumb\":{\"@id\":\"https:\\\/\\\/eldigitaldeasturias.com\\\/magazine365\\\/taxistas-de-malaga-mantendran-el-29-de-julio-una-reunion-con-la-junta-para-abordar-la-reciprocidad-modulada\\\/#breadcrumblist\"},\"author\":{\"@id\":\"https:\\\/\\\/eldigitaldeasturias.com\\\/magazine365\\\/author\\\/admin\\\/#author\"},\"creator\":{\"@id\":\"https:\\\/\\\/eldigitaldeasturias.com\\\/magazine365\\\/author\\\/admin\\\/#author\"},\"image\":{\"@type\":\"ImageObject\",\"url\":\"https:\\\/\\\/eldigitaldeasturias.com\\\/magazine365\\\/wp-content\\\/uploads\\\/2015\\\/07\\\/fotonoticia_20150727122733_800.jpg\",\"@id\":\"https:\\\/\\\/eldigitaldeasturias.com\\\/magazine365\\\/taxistas-de-malaga-mantendran-el-29-de-julio-una-reunion-con-la-junta-para-abordar-la-reciprocidad-modulada\\\/#mainImage\",\"width\":800,\"height\":1035},\"primaryImageOfPage\":{\"@id\":\"https:\\\/\\\/eldigitaldeasturias.com\\\/magazine365\\\/taxistas-de-malaga-mantendran-el-29-de-julio-una-reunion-con-la-junta-para-abordar-la-reciprocidad-modulada\\\/#mainImage\"},\"datePublished\":\"2015-07-28T10:47:04+02:00\",\"dateModified\":\"2015-07-28T10:47:04+02:00\"},{\"@type\":\"WebSite\",\"@id\":\"https:\\\/\\\/eldigitaldeasturias.com\\\/magazine365\\\/#website\",\"url\":\"https:\\\/\\\/eldigitaldeasturias.com\\\/magazine365\\\/\",\"name\":\"El Digital de Asturias\",\"description\":\"Revista de ocio, turismo y estilo de vida\",\"inLanguage\":\"es-ES\",\"publisher\":{\"@id\":\"https:\\\/\\\/eldigitaldeasturias.com\\\/magazine365\\\/#organization\"}}]}\n\t\t<\/script>\n\t\t<!-- All in One SEO Pro -->\r\n\t\t<title>Taxistas de M\u00e1laga mantendr\u00e1n el 29 de julio una reuni\u00f3n con la Junta para abordar la reciprocidad modulada | El Digital de Asturias<\/title>\n\n","aioseo_head_json":{"title":"Taxistas de M\u00e1laga mantendr\u00e1n el 29 de julio una reuni\u00f3n con la Junta para abordar la reciprocidad modulada | El Digital de Asturias","description":"Los taxistas de M\u00e1laga capital mantendr\u00e1n el pr\u00f3ximo mi\u00e9rcoles, 29 de julio, una reuni\u00f3n con el director general de Movilidad del Gobierno andaluz, Rafael Chac\u00f3n, para abordar la publicaci\u00f3n en el Bolet\u00edn Oficial de la Junta de Andaluc\u00eda (BOJA) del decreto que recoge el principio de reciprocidad modulada, acuerdo alcanzado el 23 de diciembre de","canonical_url":"https:\/\/eldigitaldeasturias.com\/magazine365\/taxistas-de-malaga-mantendran-el-29-de-julio-una-reunion-con-la-junta-para-abordar-la-reciprocidad-modulada\/","robots":"max-image-preview:large","keywords":"noticias y actualidad","webmasterTools":{"google-site-verification":"UA-38556648-1","miscellaneous":""},"schema":{"@context":"https:\/\/schema.org","@graph":[{"@type":"Article","@id":"https:\/\/eldigitaldeasturias.com\/magazine365\/taxistas-de-malaga-mantendran-el-29-de-julio-una-reunion-con-la-junta-para-abordar-la-reciprocidad-modulada\/#article","name":"Taxistas de M\u00e1laga mantendr\u00e1n el 29 de julio una reuni\u00f3n con la Junta para abordar la reciprocidad modulada | El Digital de Asturias","headline":"Taxistas de M\u00e1laga mantendr\u00e1n el 29 de julio una reuni\u00f3n con la Junta para abordar la reciprocidad modulada","author":{"@id":"https:\/\/eldigitaldeasturias.com\/magazine365\/author\/admin\/#author"},"publisher":{"@id":"https:\/\/eldigitaldeasturias.com\/magazine365\/#organization"},"image":{"@type":"ImageObject","url":"https:\/\/eldigitaldeasturias.com\/magazine365\/wp-content\/uploads\/2015\/07\/fotonoticia_20150727122733_800.jpg","width":800,"height":1035},"datePublished":"2015-07-28T10:47:04+02:00","dateModified":"2015-07-28T10:47:04+02:00","inLanguage":"es-ES","mainEntityOfPage":{"@id":"https:\/\/eldigitaldeasturias.com\/magazine365\/taxistas-de-malaga-mantendran-el-29-de-julio-una-reunion-con-la-junta-para-abordar-la-reciprocidad-modulada\/#webpage"},"isPartOf":{"@id":"https:\/\/eldigitaldeasturias.com\/magazine365\/taxistas-de-malaga-mantendran-el-29-de-julio-una-reunion-con-la-junta-para-abordar-la-reciprocidad-modulada\/#webpage"},"articleSection":"Noticias y Actualidad"},{"@type":"BreadcrumbList","@id":"https:\/\/eldigitaldeasturias.com\/magazine365\/taxistas-de-malaga-mantendran-el-29-de-julio-una-reunion-con-la-junta-para-abordar-la-reciprocidad-modulada\/#breadcrumblist","itemListElement":[{"@type":"ListItem","@id":"https:\/\/eldigitaldeasturias.com\/magazine365#listItem","position":1,"name":"Home","item":"https:\/\/eldigitaldeasturias.com\/magazine365","nextItem":{"@type":"ListItem","@id":"https:\/\/eldigitaldeasturias.com\/magazine365\/category\/noticias-actualidad\/#listItem","name":"Noticias y Actualidad"}},{"@type":"ListItem","@id":"https:\/\/eldigitaldeasturias.com\/magazine365\/category\/noticias-actualidad\/#listItem","position":2,"name":"Noticias y Actualidad","item":"https:\/\/eldigitaldeasturias.com\/magazine365\/category\/noticias-actualidad\/","nextItem":{"@type":"ListItem","@id":"https:\/\/eldigitaldeasturias.com\/magazine365\/taxistas-de-malaga-mantendran-el-29-de-julio-una-reunion-con-la-junta-para-abordar-la-reciprocidad-modulada\/#listItem","name":"Taxistas de M\u00e1laga mantendr\u00e1n el 29 de julio una reuni\u00f3n con la Junta para abordar la reciprocidad modulada"},"previousItem":{"@type":"ListItem","@id":"https:\/\/eldigitaldeasturias.com\/magazine365#listItem","name":"Home"}},{"@type":"ListItem","@id":"https:\/\/eldigitaldeasturias.com\/magazine365\/taxistas-de-malaga-mantendran-el-29-de-julio-una-reunion-con-la-junta-para-abordar-la-reciprocidad-modulada\/#listItem","position":3,"name":"Taxistas de M\u00e1laga mantendr\u00e1n el 29 de julio una reuni\u00f3n con la Junta para abordar la reciprocidad modulada","previousItem":{"@type":"ListItem","@id":"https:\/\/eldigitaldeasturias.com\/magazine365\/category\/noticias-actualidad\/#listItem","name":"Noticias y Actualidad"}}]},{"@type":"Organization","@id":"https:\/\/eldigitaldeasturias.com\/magazine365\/#organization","name":"El digital de Asturias","description":"Revista de ocio, turismo y estilo de vida","url":"https:\/\/eldigitaldeasturias.com\/magazine365\/","logo":{"@type":"ImageObject","url":"https:\/\/www.eldigitaldeasturias.com\/noticias\/wp-content\/uploads\/2020\/12\/EDA.jpg","@id":"https:\/\/eldigitaldeasturias.com\/magazine365\/taxistas-de-malaga-mantendran-el-29-de-julio-una-reunion-con-la-junta-para-abordar-la-reciprocidad-modulada\/#organizationLogo"},"image":{"@id":"https:\/\/eldigitaldeasturias.com\/magazine365\/taxistas-de-malaga-mantendran-el-29-de-julio-una-reunion-con-la-junta-para-abordar-la-reciprocidad-modulada\/#organizationLogo"}},{"@type":"Person","@id":"https:\/\/eldigitaldeasturias.com\/magazine365\/author\/admin\/#author","url":"https:\/\/eldigitaldeasturias.com\/magazine365\/author\/admin\/","name":"admin","image":{"@type":"ImageObject","@id":"https:\/\/eldigitaldeasturias.com\/magazine365\/taxistas-de-malaga-mantendran-el-29-de-julio-una-reunion-con-la-junta-para-abordar-la-reciprocidad-modulada\/#authorImage","url":"https:\/\/eldigitaldeasturias.com\/magazine365\/wp-content\/litespeed\/avatar\/e571bcf59a0edd6fa6838245a470f2fe.jpg?ver=1777574230","width":96,"height":96,"caption":"admin"}},{"@type":"WebPage","@id":"https:\/\/eldigitaldeasturias.com\/magazine365\/taxistas-de-malaga-mantendran-el-29-de-julio-una-reunion-con-la-junta-para-abordar-la-reciprocidad-modulada\/#webpage","url":"https:\/\/eldigitaldeasturias.com\/magazine365\/taxistas-de-malaga-mantendran-el-29-de-julio-una-reunion-con-la-junta-para-abordar-la-reciprocidad-modulada\/","name":"Taxistas de M\u00e1laga mantendr\u00e1n el 29 de julio una reuni\u00f3n con la Junta para abordar la reciprocidad modulada | El Digital de Asturias","description":"Los taxistas de M\u00e1laga capital mantendr\u00e1n el pr\u00f3ximo mi\u00e9rcoles, 29 de julio, una reuni\u00f3n con el director general de Movilidad del Gobierno andaluz, Rafael Chac\u00f3n, para abordar la publicaci\u00f3n en el Bolet\u00edn Oficial de la Junta de Andaluc\u00eda (BOJA) del decreto que recoge el principio de reciprocidad modulada, acuerdo alcanzado el 23 de diciembre de","inLanguage":"es-ES","isPartOf":{"@id":"https:\/\/eldigitaldeasturias.com\/magazine365\/#website"},"breadcrumb":{"@id":"https:\/\/eldigitaldeasturias.com\/magazine365\/taxistas-de-malaga-mantendran-el-29-de-julio-una-reunion-con-la-junta-para-abordar-la-reciprocidad-modulada\/#breadcrumblist"},"author":{"@id":"https:\/\/eldigitaldeasturias.com\/magazine365\/author\/admin\/#author"},"creator":{"@id":"https:\/\/eldigitaldeasturias.com\/magazine365\/author\/admin\/#author"},"image":{"@type":"ImageObject","url":"https:\/\/eldigitaldeasturias.com\/magazine365\/wp-content\/uploads\/2015\/07\/fotonoticia_20150727122733_800.jpg","@id":"https:\/\/eldigitaldeasturias.com\/magazine365\/taxistas-de-malaga-mantendran-el-29-de-julio-una-reunion-con-la-junta-para-abordar-la-reciprocidad-modulada\/#mainImage","width":800,"height":1035},"primaryImageOfPage":{"@id":"https:\/\/eldigitaldeasturias.com\/magazine365\/taxistas-de-malaga-mantendran-el-29-de-julio-una-reunion-con-la-junta-para-abordar-la-reciprocidad-modulada\/#mainImage"},"datePublished":"2015-07-28T10:47:04+02:00","dateModified":"2015-07-28T10:47:04+02:00"},{"@type":"WebSite","@id":"https:\/\/eldigitaldeasturias.com\/magazine365\/#website","url":"https:\/\/eldigitaldeasturias.com\/magazine365\/","name":"El Digital de Asturias","description":"Revista de ocio, turismo y estilo de vida","inLanguage":"es-ES","publisher":{"@id":"https:\/\/eldigitaldeasturias.com\/magazine365\/#organization"}}]},"og:locale":"es_ES","og:site_name":"El Digital de Asturias \u2013 Revista de ocio, turismo y estilo de vida","og:type":"article","og:title":"Taxistas de M\u00e1laga mantendr\u00e1n el 29 de julio una reuni\u00f3n con la Junta para abordar la reciprocidad modulada | El Digital de Asturias","og:description":"Los taxistas de M\u00e1laga capital mantendr\u00e1n el pr\u00f3ximo mi\u00e9rcoles, 29 de julio, una reuni\u00f3n con el director general de Movilidad del Gobierno andaluz, Rafael Chac\u00f3n, para abordar la publicaci\u00f3n en el Bolet\u00edn Oficial de la Junta de Andaluc\u00eda (BOJA) del decreto que recoge el principio de reciprocidad modulada, acuerdo alcanzado el 23 de diciembre de","og:url":"https:\/\/eldigitaldeasturias.com\/magazine365\/taxistas-de-malaga-mantendran-el-29-de-julio-una-reunion-con-la-junta-para-abordar-la-reciprocidad-modulada\/","og:image":"https:\/\/eldigitaldeasturias.com\/magazine365\/wp-content\/uploads\/2015\/07\/fotonoticia_20150727122733_800.jpg","og:image:secure_url":"https:\/\/eldigitaldeasturias.com\/magazine365\/wp-content\/uploads\/2015\/07\/fotonoticia_20150727122733_800.jpg","og:image:width":800,"og:image:height":1035,"article:published_time":"2015-07-28T08:47:04+00:00","article:modified_time":"2015-07-28T08:47:04+00:00","twitter:card":"summary_large_image","twitter:title":"Taxistas de M\u00e1laga mantendr\u00e1n el 29 de julio una reuni\u00f3n con la Junta para abordar la reciprocidad modulada | El Digital de Asturias","twitter:description":"Los taxistas de M\u00e1laga capital mantendr\u00e1n el pr\u00f3ximo mi\u00e9rcoles, 29 de julio, una reuni\u00f3n con el director general de Movilidad del Gobierno andaluz, Rafael Chac\u00f3n, para abordar la publicaci\u00f3n en el Bolet\u00edn Oficial de la Junta de Andaluc\u00eda (BOJA) del decreto que recoge el principio de reciprocidad modulada, acuerdo alcanzado el 23 de diciembre de","twitter:image":"https:\/\/eldigitaldeasturias.com\/magazine365\/wp-content\/uploads\/2015\/07\/fotonoticia_20150727122733_800.jpg"},"aioseo_meta_data":{"post_id":"43952","title":null,"description":null,"keywords":null,"keyphrases":null,"primary_term":null,"canonical_url":null,"og_title":null,"og_description":null,"og_object_type":"default","og_image_type":"default","og_image_url":null,"og_image_width":null,"og_image_height":null,"og_image_custom_url":null,"og_image_custom_fields":null,"og_video":null,"og_custom_url":null,"og_article_section":null,"og_article_tags":null,"twitter_use_og":false,"twitter_card":"default","twitter_image_type":"default","twitter_image_url":null,"twitter_image_custom_url":null,"twitter_image_custom_fields":null,"twitter_title":null,"twitter_description":null,"schema":{"blockGraphs":[],"customGraphs":[],"default":{"data":{"Article":[],"Course":[],"Dataset":[],"FAQPage":[],"Movie":[],"Person":[],"Product":[],"ProductReview":[],"Car":[],"Recipe":[],"Service":[],"SoftwareApplication":[],"WebPage":[]},"graphName":"","isEnabled":true},"graphs":[],"defaultGraph":"","defaultPostTypeGraph":""},"schema_type":null,"schema_type_options":null,"pillar_content":false,"robots_default":true,"robots_noindex":false,"robots_noarchive":false,"robots_nosnippet":false,"robots_nofollow":false,"robots_noimageindex":false,"robots_noodp":false,"robots_notranslate":false,"robots_max_snippet":null,"robots_max_videopreview":null,"robots_max_imagepreview":"large","priority":null,"frequency":null,"location":null,"local_seo":null,"seo_analyzer_scan_date":"2025-09-19 20:53:22","breadcrumb_settings":null,"limit_modified_date":false,"open_ai":null,"ai":null,"created":"2021-03-09 01:39:49","updated":"2025-09-19 20:53:22"},"aioseo_breadcrumb":"<div class=\"aioseo-breadcrumbs\"><span class=\"aioseo-breadcrumb\">\n\t<a href=\"https:\/\/eldigitaldeasturias.com\/magazine365\" title=\"Home\">Home<\/a>\n<\/span><span class=\"aioseo-breadcrumb-separator\">\u2013<\/span><span class=\"aioseo-breadcrumb\">\n\t<a href=\"https:\/\/eldigitaldeasturias.com\/magazine365\/category\/noticias-actualidad\/\" title=\"Noticias y Actualidad\">Noticias y Actualidad<\/a>\n<\/span><span class=\"aioseo-breadcrumb-separator\">\u2013<\/span><span class=\"aioseo-breadcrumb\">\n\t<a href=\"https:\/\/eldigitaldeasturias.com\/magazine365\/taxistas-de-malaga-mantendran-el-29-de-julio-una-reunion-con-la-junta-para-abordar-la-reciprocidad-modulada\/\" title=\"Taxistas de M\u00e1laga mantendr\u00e1n el 29 de julio una reuni\u00f3n con la Junta para abordar la reciprocidad modulada\">Taxistas de M\u00e1laga mantendr\u00e1n el 29 de julio una reuni\u00f3n con la Junta para abordar la reciprocidad modulada<\/a>\n<\/span><\/div>","aioseo_breadcrumb_json":[{"label":"Home","link":"https:\/\/eldigitaldeasturias.com\/magazine365"},{"label":"Noticias y Actualidad","link":"https:\/\/eldigitaldeasturias.com\/magazine365\/category\/noticias-actualidad\/"},{"label":"Taxistas de M\u00e1laga mantendr\u00e1n el 29 de julio una reuni\u00f3n con la Junta para abordar la reciprocidad modulada","link":"https:\/\/eldigitaldeasturias.com\/magazine365\/taxistas-de-malaga-mantendran-el-29-de-julio-una-reunion-con-la-junta-para-abordar-la-reciprocidad-modulada\/"}],"_links":{"self":[{"href":"https:\/\/eldigitaldeasturias.com\/magazine365\/wp-json\/wp\/v2\/posts\/43952","targetHints":{"allow":["GET"]}}],"collection":[{"href":"https:\/\/eldigitaldeasturias.com\/magazine365\/wp-json\/wp\/v2\/posts"}],"about":[{"href":"https:\/\/eldigitaldeasturias.com\/magazine365\/wp-json\/wp\/v2\/types\/post"}],"author":[{"embeddable":true,"href":"https:\/\/eldigitaldeasturias.com\/magazine365\/wp-json\/wp\/v2\/users\/1"}],"replies":[{"embeddable":true,"href":"https:\/\/eldigitaldeasturias.com\/magazine365\/wp-json\/wp\/v2\/comments?post=43952"}],"version-history":[{"count":0,"href":"https:\/\/eldigitaldeasturias.com\/magazine365\/wp-json\/wp\/v2\/posts\/43952\/revisions"}],"wp:featuredmedia":[{"embeddable":true,"href":"https:\/\/eldigitaldeasturias.com\/magazine365\/wp-json\/wp\/v2\/media\/43953"}],"wp:attachment":[{"href":"https:\/\/eldigitaldeasturias.com\/magazine365\/wp-json\/wp\/v2\/media?parent=43952"}],"wp:term":[{"taxonomy":"category","embeddable":true,"href":"https:\/\/eldigitaldeasturias.com\/magazine365\/wp-json\/wp\/v2\/categories?post=43952"},{"taxonomy":"post_tag","embeddable":true,"href":"https:\/\/eldigitaldeasturias.com\/magazine365\/wp-json\/wp\/v2\/tags?post=43952"}],"curies":[{"name":"wp","href":"https:\/\/api.w.org\/{rel}","templated":true}]}}