{"id":43946,"date":"2015-07-28T09:40:03","date_gmt":"2015-07-28T07:40:03","guid":{"rendered":"http:\/\/eldigitaldeasturias.com\/magazine365\/?p=43946"},"modified":"2015-07-28T09:40:03","modified_gmt":"2015-07-28T07:40:03","slug":"la-casa-del-vino-acoge-la-proxima-semana-la-primera-edicion-del-campus-universitario-agro-tenerife","status":"publish","type":"post","link":"https:\/\/eldigitaldeasturias.com\/magazine365\/la-casa-del-vino-acoge-la-proxima-semana-la-primera-edicion-del-campus-universitario-agro-tenerife\/","title":{"rendered":"La Casa del Vino acoge la pr\u00f3xima semana la primera edici\u00f3n del campus universitario &#8216;Agro Tenerife&#8217;"},"content":{"rendered":"<p><img fetchpriority=\"high\" decoding=\"async\" class=\"alignleft size-medium wp-image-43947\" src=\"https:\/\/eldigitaldeasturias.com\/magazine365\/wp-content\/uploads\/2015\/07\/fotonoticia_20150727115555_800-360x239.jpg\" alt=\"fotonoticia_20150727115555_800\" width=\"360\" height=\"239\" srcset=\"https:\/\/eldigitaldeasturias.com\/magazine365\/wp-content\/uploads\/2015\/07\/fotonoticia_20150727115555_800-360x239.jpg 360w, https:\/\/eldigitaldeasturias.com\/magazine365\/wp-content\/uploads\/2015\/07\/fotonoticia_20150727115555_800-650x431.jpg 650w, https:\/\/eldigitaldeasturias.com\/magazine365\/wp-content\/uploads\/2015\/07\/fotonoticia_20150727115555_800-768x509.jpg 768w, https:\/\/eldigitaldeasturias.com\/magazine365\/wp-content\/uploads\/2015\/07\/fotonoticia_20150727115555_800-150x99.jpg 150w, https:\/\/eldigitaldeasturias.com\/magazine365\/wp-content\/uploads\/2015\/07\/fotonoticia_20150727115555_800-450x298.jpg 450w, https:\/\/eldigitaldeasturias.com\/magazine365\/wp-content\/uploads\/2015\/07\/fotonoticia_20150727115555_800-696x461.jpg 696w, https:\/\/eldigitaldeasturias.com\/magazine365\/wp-content\/uploads\/2015\/07\/fotonoticia_20150727115555_800-634x420.jpg 634w, https:\/\/eldigitaldeasturias.com\/magazine365\/wp-content\/uploads\/2015\/07\/fotonoticia_20150727115555_800-84x55.jpg 84w, https:\/\/eldigitaldeasturias.com\/magazine365\/wp-content\/uploads\/2015\/07\/fotonoticia_20150727115555_800.jpg 800w\" sizes=\"(max-width: 360px) 100vw, 360px\" \/>La Casa del Vino de Tenerife acoger\u00e1 del 28 de julio al 1 de agosto la primera edici\u00f3n del campus universitario &#8216;Agro Tenerife&#8217; (AgroTF), organizado por el Aula Cultural de Enoturismo y Turismo Gastron\u00f3mico de la Universidad de La Laguna en colaboraci\u00f3n con el Cabildo y el Ayuntamiento de El Sauzal.<\/p>\n<p>De esta manera, el pr\u00f3ximo martes, a las 18.30 horas, ser\u00e1 el acto inaugural del evento. Al d\u00eda siguiente tendr\u00e1 lugar un coloquio titulado &#8216;Comunicar, un valor a\u00f1adido que ayuda a vender&#8217;, en el que participar\u00e1n el gerente de la Asociaci\u00f3n de Organizaciones de Productores de Pl\u00e1tanos de Canarias, Sergio C\u00e1ceres P\u00e9rez, y el responsable de la Unidad de Valorizaci\u00f3n de Productos Agroalimentarios del Cabildo Insular de Tenerife, Antonio Bentabol.<\/p>\n<p>El 30 de julio, la Casa del Vino acoger\u00e1 las deliberaciones del jurado de los Premios Enogastronom\u00eda Tenerife, que organiza el Aula Cultural de Enoturismo de la Universidad de La Laguna.<\/p>\n<p>Mientras, el 1 de agosto, a partir de las 11.30 horas, se celebrar\u00e1 el primer encuentro de En\u00f3filos de la Universidad de La Laguna, en el que participar\u00e1n las bodegas tinerfe\u00f1as Marba, Hermanos Mesa, Balc\u00f3n de La Laguna, Morra Guanche, y La Hijuela, adem\u00e1s de Bodegas Perdomo &#8216;Piedra Jurada&#8217; de La Palma.<\/p>\n","protected":false},"excerpt":{"rendered":"<p>La Casa del Vino de Tenerife acoger\u00e1 del 28 de julio al 1 de agosto la primera edici\u00f3n del campus universitario &#8216;Agro Tenerife&#8217; (AgroTF), organizado por el Aula Cultural de Enoturismo y Turismo Gastron\u00f3mico de la Universidad de La Laguna en colaboraci\u00f3n con el Cabildo y el Ayuntamiento de El Sauzal. De esta manera, el<\/p>\n","protected":false},"author":1,"featured_media":43947,"comment_status":"open","ping_status":"closed","sticky":false,"template":"","format":"standard","meta":{"footnotes":""},"categories":[224],"tags":[],"class_list":{"0":"post-43946","1":"post","2":"type-post","3":"status-publish","4":"format-standard","5":"has-post-thumbnail","7":"category-noticias-actualidad"},"aioseo_notices":[],"aioseo_head":"\n\t\t<!-- All in One SEO Pro 4.9.6.1 - aioseo.com -->\n\t<meta name=\"description\" content=\"La Casa del Vino de Tenerife acoger\u00e1 del 28 de julio al 1 de agosto la primera edici\u00f3n del campus universitario &#039;Agro Tenerife&#039; (AgroTF), organizado por el Aula Cultural de Enoturismo y Turismo Gastron\u00f3mico de la Universidad de La Laguna en colaboraci\u00f3n con el Cabildo y el Ayuntamiento de El Sauzal. De esta manera, el\" \/>\n\t<meta name=\"robots\" content=\"max-image-preview:large\" \/>\n\t<meta name=\"author\" content=\"admin\"\/>\n\t<meta name=\"google-site-verification\" content=\"UA-38556648-1\" \/>\n\t<meta name=\"keywords\" content=\"noticias y actualidad\" \/>\n\t<link rel=\"canonical\" href=\"https:\/\/eldigitaldeasturias.com\/magazine365\/la-casa-del-vino-acoge-la-proxima-semana-la-primera-edicion-del-campus-universitario-agro-tenerife\/\" \/>\n\t<meta name=\"generator\" content=\"All in One SEO Pro (AIOSEO) 4.9.6.1\" \/>\n\t\t<meta property=\"og:locale\" content=\"es_ES\" \/>\n\t\t<meta property=\"og:site_name\" content=\"El Digital de Asturias \u2013 Revista de ocio, turismo y estilo de vida\" \/>\n\t\t<meta property=\"og:type\" content=\"article\" \/>\n\t\t<meta property=\"og:title\" content=\"La Casa del Vino acoge la pr\u00f3xima semana la primera edici\u00f3n del campus universitario \u2018Agro Tenerife\u2019 | El Digital de Asturias\" \/>\n\t\t<meta property=\"og:description\" content=\"La Casa del Vino de Tenerife acoger\u00e1 del 28 de julio al 1 de agosto la primera edici\u00f3n del campus universitario &#039;Agro Tenerife&#039; (AgroTF), organizado por el Aula Cultural de Enoturismo y Turismo Gastron\u00f3mico de la Universidad de La Laguna en colaboraci\u00f3n con el Cabildo y el Ayuntamiento de El Sauzal. De esta manera, el\" \/>\n\t\t<meta property=\"og:url\" content=\"https:\/\/eldigitaldeasturias.com\/magazine365\/la-casa-del-vino-acoge-la-proxima-semana-la-primera-edicion-del-campus-universitario-agro-tenerife\/\" \/>\n\t\t<meta property=\"og:image\" content=\"https:\/\/eldigitaldeasturias.com\/magazine365\/wp-content\/uploads\/2015\/07\/fotonoticia_20150727115555_800.jpg\" \/>\n\t\t<meta property=\"og:image:secure_url\" content=\"https:\/\/eldigitaldeasturias.com\/magazine365\/wp-content\/uploads\/2015\/07\/fotonoticia_20150727115555_800.jpg\" \/>\n\t\t<meta property=\"og:image:width\" content=\"800\" \/>\n\t\t<meta property=\"og:image:height\" content=\"530\" \/>\n\t\t<meta property=\"article:published_time\" content=\"2015-07-28T07:40:03+00:00\" \/>\n\t\t<meta property=\"article:modified_time\" content=\"2015-07-28T07:40:03+00:00\" \/>\n\t\t<meta name=\"twitter:card\" content=\"summary_large_image\" \/>\n\t\t<meta name=\"twitter:title\" content=\"La Casa del Vino acoge la pr\u00f3xima semana la primera edici\u00f3n del campus universitario \u2018Agro Tenerife\u2019 | El Digital de Asturias\" \/>\n\t\t<meta name=\"twitter:description\" content=\"La Casa del Vino de Tenerife acoger\u00e1 del 28 de julio al 1 de agosto la primera edici\u00f3n del campus universitario &#039;Agro Tenerife&#039; (AgroTF), organizado por el Aula Cultural de Enoturismo y Turismo Gastron\u00f3mico de la Universidad de La Laguna en colaboraci\u00f3n con el Cabildo y el Ayuntamiento de El Sauzal. De esta manera, el\" \/>\n\t\t<meta name=\"twitter:image\" content=\"https:\/\/eldigitaldeasturias.com\/magazine365\/wp-content\/uploads\/2015\/07\/fotonoticia_20150727115555_800.jpg\" \/>\n\t\t<script type=\"application\/ld+json\" class=\"aioseo-schema\">\n\t\t\t{\"@context\":\"https:\\\/\\\/schema.org\",\"@graph\":[{\"@type\":\"Article\",\"@id\":\"https:\\\/\\\/eldigitaldeasturias.com\\\/magazine365\\\/la-casa-del-vino-acoge-la-proxima-semana-la-primera-edicion-del-campus-universitario-agro-tenerife\\\/#article\",\"name\":\"La Casa del Vino acoge la pr\\u00f3xima semana la primera edici\\u00f3n del campus universitario \\u2018Agro Tenerife\\u2019 | El Digital de Asturias\",\"headline\":\"La Casa del Vino acoge la pr\\u00f3xima semana la primera edici\\u00f3n del campus universitario &#8216;Agro Tenerife&#8217;\",\"author\":{\"@id\":\"https:\\\/\\\/eldigitaldeasturias.com\\\/magazine365\\\/author\\\/admin\\\/#author\"},\"publisher\":{\"@id\":\"https:\\\/\\\/eldigitaldeasturias.com\\\/magazine365\\\/#organization\"},\"image\":{\"@type\":\"ImageObject\",\"url\":\"https:\\\/\\\/eldigitaldeasturias.com\\\/magazine365\\\/wp-content\\\/uploads\\\/2015\\\/07\\\/fotonoticia_20150727115555_800.jpg\",\"width\":800,\"height\":530},\"datePublished\":\"2015-07-28T09:40:03+02:00\",\"dateModified\":\"2015-07-28T09:40:03+02:00\",\"inLanguage\":\"es-ES\",\"mainEntityOfPage\":{\"@id\":\"https:\\\/\\\/eldigitaldeasturias.com\\\/magazine365\\\/la-casa-del-vino-acoge-la-proxima-semana-la-primera-edicion-del-campus-universitario-agro-tenerife\\\/#webpage\"},\"isPartOf\":{\"@id\":\"https:\\\/\\\/eldigitaldeasturias.com\\\/magazine365\\\/la-casa-del-vino-acoge-la-proxima-semana-la-primera-edicion-del-campus-universitario-agro-tenerife\\\/#webpage\"},\"articleSection\":\"Noticias y Actualidad\"},{\"@type\":\"BreadcrumbList\",\"@id\":\"https:\\\/\\\/eldigitaldeasturias.com\\\/magazine365\\\/la-casa-del-vino-acoge-la-proxima-semana-la-primera-edicion-del-campus-universitario-agro-tenerife\\\/#breadcrumblist\",\"itemListElement\":[{\"@type\":\"ListItem\",\"@id\":\"https:\\\/\\\/eldigitaldeasturias.com\\\/magazine365#listItem\",\"position\":1,\"name\":\"Home\",\"item\":\"https:\\\/\\\/eldigitaldeasturias.com\\\/magazine365\",\"nextItem\":{\"@type\":\"ListItem\",\"@id\":\"https:\\\/\\\/eldigitaldeasturias.com\\\/magazine365\\\/category\\\/noticias-actualidad\\\/#listItem\",\"name\":\"Noticias y Actualidad\"}},{\"@type\":\"ListItem\",\"@id\":\"https:\\\/\\\/eldigitaldeasturias.com\\\/magazine365\\\/category\\\/noticias-actualidad\\\/#listItem\",\"position\":2,\"name\":\"Noticias y Actualidad\",\"item\":\"https:\\\/\\\/eldigitaldeasturias.com\\\/magazine365\\\/category\\\/noticias-actualidad\\\/\",\"nextItem\":{\"@type\":\"ListItem\",\"@id\":\"https:\\\/\\\/eldigitaldeasturias.com\\\/magazine365\\\/la-casa-del-vino-acoge-la-proxima-semana-la-primera-edicion-del-campus-universitario-agro-tenerife\\\/#listItem\",\"name\":\"La Casa del Vino acoge la pr\\u00f3xima semana la primera edici\\u00f3n del campus universitario &#8216;Agro Tenerife&#8217;\"},\"previousItem\":{\"@type\":\"ListItem\",\"@id\":\"https:\\\/\\\/eldigitaldeasturias.com\\\/magazine365#listItem\",\"name\":\"Home\"}},{\"@type\":\"ListItem\",\"@id\":\"https:\\\/\\\/eldigitaldeasturias.com\\\/magazine365\\\/la-casa-del-vino-acoge-la-proxima-semana-la-primera-edicion-del-campus-universitario-agro-tenerife\\\/#listItem\",\"position\":3,\"name\":\"La Casa del Vino acoge la pr\\u00f3xima semana la primera edici\\u00f3n del campus universitario &#8216;Agro Tenerife&#8217;\",\"previousItem\":{\"@type\":\"ListItem\",\"@id\":\"https:\\\/\\\/eldigitaldeasturias.com\\\/magazine365\\\/category\\\/noticias-actualidad\\\/#listItem\",\"name\":\"Noticias y Actualidad\"}}]},{\"@type\":\"Organization\",\"@id\":\"https:\\\/\\\/eldigitaldeasturias.com\\\/magazine365\\\/#organization\",\"name\":\"El digital de Asturias\",\"description\":\"Revista de ocio, turismo y estilo de vida\",\"url\":\"https:\\\/\\\/eldigitaldeasturias.com\\\/magazine365\\\/\",\"logo\":{\"@type\":\"ImageObject\",\"url\":\"https:\\\/\\\/www.eldigitaldeasturias.com\\\/noticias\\\/wp-content\\\/uploads\\\/2020\\\/12\\\/EDA.jpg\",\"@id\":\"https:\\\/\\\/eldigitaldeasturias.com\\\/magazine365\\\/la-casa-del-vino-acoge-la-proxima-semana-la-primera-edicion-del-campus-universitario-agro-tenerife\\\/#organizationLogo\"},\"image\":{\"@id\":\"https:\\\/\\\/eldigitaldeasturias.com\\\/magazine365\\\/la-casa-del-vino-acoge-la-proxima-semana-la-primera-edicion-del-campus-universitario-agro-tenerife\\\/#organizationLogo\"}},{\"@type\":\"Person\",\"@id\":\"https:\\\/\\\/eldigitaldeasturias.com\\\/magazine365\\\/author\\\/admin\\\/#author\",\"url\":\"https:\\\/\\\/eldigitaldeasturias.com\\\/magazine365\\\/author\\\/admin\\\/\",\"name\":\"admin\",\"image\":{\"@type\":\"ImageObject\",\"@id\":\"https:\\\/\\\/eldigitaldeasturias.com\\\/magazine365\\\/la-casa-del-vino-acoge-la-proxima-semana-la-primera-edicion-del-campus-universitario-agro-tenerife\\\/#authorImage\",\"url\":\"https:\\\/\\\/eldigitaldeasturias.com\\\/magazine365\\\/wp-content\\\/litespeed\\\/avatar\\\/e571bcf59a0edd6fa6838245a470f2fe.jpg?ver=1777574230\",\"width\":96,\"height\":96,\"caption\":\"admin\"}},{\"@type\":\"WebPage\",\"@id\":\"https:\\\/\\\/eldigitaldeasturias.com\\\/magazine365\\\/la-casa-del-vino-acoge-la-proxima-semana-la-primera-edicion-del-campus-universitario-agro-tenerife\\\/#webpage\",\"url\":\"https:\\\/\\\/eldigitaldeasturias.com\\\/magazine365\\\/la-casa-del-vino-acoge-la-proxima-semana-la-primera-edicion-del-campus-universitario-agro-tenerife\\\/\",\"name\":\"La Casa del Vino acoge la pr\\u00f3xima semana la primera edici\\u00f3n del campus universitario \\u2018Agro Tenerife\\u2019 | El Digital de Asturias\",\"description\":\"La Casa del Vino de Tenerife acoger\\u00e1 del 28 de julio al 1 de agosto la primera edici\\u00f3n del campus universitario 'Agro Tenerife' (AgroTF), organizado por el Aula Cultural de Enoturismo y Turismo Gastron\\u00f3mico de la Universidad de La Laguna en colaboraci\\u00f3n con el Cabildo y el Ayuntamiento de El Sauzal. De esta manera, el\",\"inLanguage\":\"es-ES\",\"isPartOf\":{\"@id\":\"https:\\\/\\\/eldigitaldeasturias.com\\\/magazine365\\\/#website\"},\"breadcrumb\":{\"@id\":\"https:\\\/\\\/eldigitaldeasturias.com\\\/magazine365\\\/la-casa-del-vino-acoge-la-proxima-semana-la-primera-edicion-del-campus-universitario-agro-tenerife\\\/#breadcrumblist\"},\"author\":{\"@id\":\"https:\\\/\\\/eldigitaldeasturias.com\\\/magazine365\\\/author\\\/admin\\\/#author\"},\"creator\":{\"@id\":\"https:\\\/\\\/eldigitaldeasturias.com\\\/magazine365\\\/author\\\/admin\\\/#author\"},\"image\":{\"@type\":\"ImageObject\",\"url\":\"https:\\\/\\\/eldigitaldeasturias.com\\\/magazine365\\\/wp-content\\\/uploads\\\/2015\\\/07\\\/fotonoticia_20150727115555_800.jpg\",\"@id\":\"https:\\\/\\\/eldigitaldeasturias.com\\\/magazine365\\\/la-casa-del-vino-acoge-la-proxima-semana-la-primera-edicion-del-campus-universitario-agro-tenerife\\\/#mainImage\",\"width\":800,\"height\":530},\"primaryImageOfPage\":{\"@id\":\"https:\\\/\\\/eldigitaldeasturias.com\\\/magazine365\\\/la-casa-del-vino-acoge-la-proxima-semana-la-primera-edicion-del-campus-universitario-agro-tenerife\\\/#mainImage\"},\"datePublished\":\"2015-07-28T09:40:03+02:00\",\"dateModified\":\"2015-07-28T09:40:03+02:00\"},{\"@type\":\"WebSite\",\"@id\":\"https:\\\/\\\/eldigitaldeasturias.com\\\/magazine365\\\/#website\",\"url\":\"https:\\\/\\\/eldigitaldeasturias.com\\\/magazine365\\\/\",\"name\":\"El Digital de Asturias\",\"description\":\"Revista de ocio, turismo y estilo de vida\",\"inLanguage\":\"es-ES\",\"publisher\":{\"@id\":\"https:\\\/\\\/eldigitaldeasturias.com\\\/magazine365\\\/#organization\"}}]}\n\t\t<\/script>\n\t\t<!-- All in One SEO Pro -->\r\n\t\t<title>La Casa del Vino acoge la pr\u00f3xima semana la primera edici\u00f3n del campus universitario \u2018Agro Tenerife\u2019 | El Digital de Asturias<\/title>\n\n","aioseo_head_json":{"title":"La Casa del Vino acoge la pr\u00f3xima semana la primera edici\u00f3n del campus universitario \u2018Agro Tenerife\u2019 | El Digital de Asturias","description":"La Casa del Vino de Tenerife acoger\u00e1 del 28 de julio al 1 de agosto la primera edici\u00f3n del campus universitario 'Agro Tenerife' (AgroTF), organizado por el Aula Cultural de Enoturismo y Turismo Gastron\u00f3mico de la Universidad de La Laguna en colaboraci\u00f3n con el Cabildo y el Ayuntamiento de El Sauzal. De esta manera, el","canonical_url":"https:\/\/eldigitaldeasturias.com\/magazine365\/la-casa-del-vino-acoge-la-proxima-semana-la-primera-edicion-del-campus-universitario-agro-tenerife\/","robots":"max-image-preview:large","keywords":"noticias y actualidad","webmasterTools":{"google-site-verification":"UA-38556648-1","miscellaneous":""},"schema":{"@context":"https:\/\/schema.org","@graph":[{"@type":"Article","@id":"https:\/\/eldigitaldeasturias.com\/magazine365\/la-casa-del-vino-acoge-la-proxima-semana-la-primera-edicion-del-campus-universitario-agro-tenerife\/#article","name":"La Casa del Vino acoge la pr\u00f3xima semana la primera edici\u00f3n del campus universitario \u2018Agro Tenerife\u2019 | El Digital de Asturias","headline":"La Casa del Vino acoge la pr\u00f3xima semana la primera edici\u00f3n del campus universitario &#8216;Agro Tenerife&#8217;","author":{"@id":"https:\/\/eldigitaldeasturias.com\/magazine365\/author\/admin\/#author"},"publisher":{"@id":"https:\/\/eldigitaldeasturias.com\/magazine365\/#organization"},"image":{"@type":"ImageObject","url":"https:\/\/eldigitaldeasturias.com\/magazine365\/wp-content\/uploads\/2015\/07\/fotonoticia_20150727115555_800.jpg","width":800,"height":530},"datePublished":"2015-07-28T09:40:03+02:00","dateModified":"2015-07-28T09:40:03+02:00","inLanguage":"es-ES","mainEntityOfPage":{"@id":"https:\/\/eldigitaldeasturias.com\/magazine365\/la-casa-del-vino-acoge-la-proxima-semana-la-primera-edicion-del-campus-universitario-agro-tenerife\/#webpage"},"isPartOf":{"@id":"https:\/\/eldigitaldeasturias.com\/magazine365\/la-casa-del-vino-acoge-la-proxima-semana-la-primera-edicion-del-campus-universitario-agro-tenerife\/#webpage"},"articleSection":"Noticias y Actualidad"},{"@type":"BreadcrumbList","@id":"https:\/\/eldigitaldeasturias.com\/magazine365\/la-casa-del-vino-acoge-la-proxima-semana-la-primera-edicion-del-campus-universitario-agro-tenerife\/#breadcrumblist","itemListElement":[{"@type":"ListItem","@id":"https:\/\/eldigitaldeasturias.com\/magazine365#listItem","position":1,"name":"Home","item":"https:\/\/eldigitaldeasturias.com\/magazine365","nextItem":{"@type":"ListItem","@id":"https:\/\/eldigitaldeasturias.com\/magazine365\/category\/noticias-actualidad\/#listItem","name":"Noticias y Actualidad"}},{"@type":"ListItem","@id":"https:\/\/eldigitaldeasturias.com\/magazine365\/category\/noticias-actualidad\/#listItem","position":2,"name":"Noticias y Actualidad","item":"https:\/\/eldigitaldeasturias.com\/magazine365\/category\/noticias-actualidad\/","nextItem":{"@type":"ListItem","@id":"https:\/\/eldigitaldeasturias.com\/magazine365\/la-casa-del-vino-acoge-la-proxima-semana-la-primera-edicion-del-campus-universitario-agro-tenerife\/#listItem","name":"La Casa del Vino acoge la pr\u00f3xima semana la primera edici\u00f3n del campus universitario &#8216;Agro Tenerife&#8217;"},"previousItem":{"@type":"ListItem","@id":"https:\/\/eldigitaldeasturias.com\/magazine365#listItem","name":"Home"}},{"@type":"ListItem","@id":"https:\/\/eldigitaldeasturias.com\/magazine365\/la-casa-del-vino-acoge-la-proxima-semana-la-primera-edicion-del-campus-universitario-agro-tenerife\/#listItem","position":3,"name":"La Casa del Vino acoge la pr\u00f3xima semana la primera edici\u00f3n del campus universitario &#8216;Agro Tenerife&#8217;","previousItem":{"@type":"ListItem","@id":"https:\/\/eldigitaldeasturias.com\/magazine365\/category\/noticias-actualidad\/#listItem","name":"Noticias y Actualidad"}}]},{"@type":"Organization","@id":"https:\/\/eldigitaldeasturias.com\/magazine365\/#organization","name":"El digital de Asturias","description":"Revista de ocio, turismo y estilo de vida","url":"https:\/\/eldigitaldeasturias.com\/magazine365\/","logo":{"@type":"ImageObject","url":"https:\/\/www.eldigitaldeasturias.com\/noticias\/wp-content\/uploads\/2020\/12\/EDA.jpg","@id":"https:\/\/eldigitaldeasturias.com\/magazine365\/la-casa-del-vino-acoge-la-proxima-semana-la-primera-edicion-del-campus-universitario-agro-tenerife\/#organizationLogo"},"image":{"@id":"https:\/\/eldigitaldeasturias.com\/magazine365\/la-casa-del-vino-acoge-la-proxima-semana-la-primera-edicion-del-campus-universitario-agro-tenerife\/#organizationLogo"}},{"@type":"Person","@id":"https:\/\/eldigitaldeasturias.com\/magazine365\/author\/admin\/#author","url":"https:\/\/eldigitaldeasturias.com\/magazine365\/author\/admin\/","name":"admin","image":{"@type":"ImageObject","@id":"https:\/\/eldigitaldeasturias.com\/magazine365\/la-casa-del-vino-acoge-la-proxima-semana-la-primera-edicion-del-campus-universitario-agro-tenerife\/#authorImage","url":"https:\/\/eldigitaldeasturias.com\/magazine365\/wp-content\/litespeed\/avatar\/e571bcf59a0edd6fa6838245a470f2fe.jpg?ver=1777574230","width":96,"height":96,"caption":"admin"}},{"@type":"WebPage","@id":"https:\/\/eldigitaldeasturias.com\/magazine365\/la-casa-del-vino-acoge-la-proxima-semana-la-primera-edicion-del-campus-universitario-agro-tenerife\/#webpage","url":"https:\/\/eldigitaldeasturias.com\/magazine365\/la-casa-del-vino-acoge-la-proxima-semana-la-primera-edicion-del-campus-universitario-agro-tenerife\/","name":"La Casa del Vino acoge la pr\u00f3xima semana la primera edici\u00f3n del campus universitario \u2018Agro Tenerife\u2019 | El Digital de Asturias","description":"La Casa del Vino de Tenerife acoger\u00e1 del 28 de julio al 1 de agosto la primera edici\u00f3n del campus universitario 'Agro Tenerife' (AgroTF), organizado por el Aula Cultural de Enoturismo y Turismo Gastron\u00f3mico de la Universidad de La Laguna en colaboraci\u00f3n con el Cabildo y el Ayuntamiento de El Sauzal. De esta manera, el","inLanguage":"es-ES","isPartOf":{"@id":"https:\/\/eldigitaldeasturias.com\/magazine365\/#website"},"breadcrumb":{"@id":"https:\/\/eldigitaldeasturias.com\/magazine365\/la-casa-del-vino-acoge-la-proxima-semana-la-primera-edicion-del-campus-universitario-agro-tenerife\/#breadcrumblist"},"author":{"@id":"https:\/\/eldigitaldeasturias.com\/magazine365\/author\/admin\/#author"},"creator":{"@id":"https:\/\/eldigitaldeasturias.com\/magazine365\/author\/admin\/#author"},"image":{"@type":"ImageObject","url":"https:\/\/eldigitaldeasturias.com\/magazine365\/wp-content\/uploads\/2015\/07\/fotonoticia_20150727115555_800.jpg","@id":"https:\/\/eldigitaldeasturias.com\/magazine365\/la-casa-del-vino-acoge-la-proxima-semana-la-primera-edicion-del-campus-universitario-agro-tenerife\/#mainImage","width":800,"height":530},"primaryImageOfPage":{"@id":"https:\/\/eldigitaldeasturias.com\/magazine365\/la-casa-del-vino-acoge-la-proxima-semana-la-primera-edicion-del-campus-universitario-agro-tenerife\/#mainImage"},"datePublished":"2015-07-28T09:40:03+02:00","dateModified":"2015-07-28T09:40:03+02:00"},{"@type":"WebSite","@id":"https:\/\/eldigitaldeasturias.com\/magazine365\/#website","url":"https:\/\/eldigitaldeasturias.com\/magazine365\/","name":"El Digital de Asturias","description":"Revista de ocio, turismo y estilo de vida","inLanguage":"es-ES","publisher":{"@id":"https:\/\/eldigitaldeasturias.com\/magazine365\/#organization"}}]},"og:locale":"es_ES","og:site_name":"El Digital de Asturias \u2013 Revista de ocio, turismo y estilo de vida","og:type":"article","og:title":"La Casa del Vino acoge la pr\u00f3xima semana la primera edici\u00f3n del campus universitario \u2018Agro Tenerife\u2019 | El Digital de Asturias","og:description":"La Casa del Vino de Tenerife acoger\u00e1 del 28 de julio al 1 de agosto la primera edici\u00f3n del campus universitario 'Agro Tenerife' (AgroTF), organizado por el Aula Cultural de Enoturismo y Turismo Gastron\u00f3mico de la Universidad de La Laguna en colaboraci\u00f3n con el Cabildo y el Ayuntamiento de El Sauzal. De esta manera, el","og:url":"https:\/\/eldigitaldeasturias.com\/magazine365\/la-casa-del-vino-acoge-la-proxima-semana-la-primera-edicion-del-campus-universitario-agro-tenerife\/","og:image":"https:\/\/eldigitaldeasturias.com\/magazine365\/wp-content\/uploads\/2015\/07\/fotonoticia_20150727115555_800.jpg","og:image:secure_url":"https:\/\/eldigitaldeasturias.com\/magazine365\/wp-content\/uploads\/2015\/07\/fotonoticia_20150727115555_800.jpg","og:image:width":800,"og:image:height":530,"article:published_time":"2015-07-28T07:40:03+00:00","article:modified_time":"2015-07-28T07:40:03+00:00","twitter:card":"summary_large_image","twitter:title":"La Casa del Vino acoge la pr\u00f3xima semana la primera edici\u00f3n del campus universitario \u2018Agro Tenerife\u2019 | El Digital de Asturias","twitter:description":"La Casa del Vino de Tenerife acoger\u00e1 del 28 de julio al 1 de agosto la primera edici\u00f3n del campus universitario 'Agro Tenerife' (AgroTF), organizado por el Aula Cultural de Enoturismo y Turismo Gastron\u00f3mico de la Universidad de La Laguna en colaboraci\u00f3n con el Cabildo y el Ayuntamiento de El Sauzal. De esta manera, el","twitter:image":"https:\/\/eldigitaldeasturias.com\/magazine365\/wp-content\/uploads\/2015\/07\/fotonoticia_20150727115555_800.jpg"},"aioseo_meta_data":{"post_id":"43946","title":null,"description":null,"keywords":null,"keyphrases":null,"primary_term":null,"canonical_url":null,"og_title":null,"og_description":null,"og_object_type":"default","og_image_type":"default","og_image_url":null,"og_image_width":null,"og_image_height":null,"og_image_custom_url":null,"og_image_custom_fields":null,"og_video":null,"og_custom_url":null,"og_article_section":null,"og_article_tags":null,"twitter_use_og":false,"twitter_card":"default","twitter_image_type":"default","twitter_image_url":null,"twitter_image_custom_url":null,"twitter_image_custom_fields":null,"twitter_title":null,"twitter_description":null,"schema":{"blockGraphs":[],"customGraphs":[],"default":{"data":{"Article":[],"Course":[],"Dataset":[],"FAQPage":[],"Movie":[],"Person":[],"Product":[],"ProductReview":[],"Car":[],"Recipe":[],"Service":[],"SoftwareApplication":[],"WebPage":[]},"graphName":"","isEnabled":true},"graphs":[],"defaultGraph":"","defaultPostTypeGraph":""},"schema_type":null,"schema_type_options":null,"pillar_content":false,"robots_default":true,"robots_noindex":false,"robots_noarchive":false,"robots_nosnippet":false,"robots_nofollow":false,"robots_noimageindex":false,"robots_noodp":false,"robots_notranslate":false,"robots_max_snippet":null,"robots_max_videopreview":null,"robots_max_imagepreview":"large","priority":null,"frequency":null,"location":null,"local_seo":null,"seo_analyzer_scan_date":"2025-09-19 20:53:18","breadcrumb_settings":null,"limit_modified_date":false,"open_ai":null,"ai":null,"created":"2021-03-09 01:39:49","updated":"2025-09-19 20:53:18"},"aioseo_breadcrumb":"<div class=\"aioseo-breadcrumbs\"><span class=\"aioseo-breadcrumb\">\n\t<a href=\"https:\/\/eldigitaldeasturias.com\/magazine365\" title=\"Home\">Home<\/a>\n<\/span><span class=\"aioseo-breadcrumb-separator\">\u2013<\/span><span class=\"aioseo-breadcrumb\">\n\t<a href=\"https:\/\/eldigitaldeasturias.com\/magazine365\/category\/noticias-actualidad\/\" title=\"Noticias y Actualidad\">Noticias y Actualidad<\/a>\n<\/span><span class=\"aioseo-breadcrumb-separator\">\u2013<\/span><span class=\"aioseo-breadcrumb\">\n\t<a href=\"https:\/\/eldigitaldeasturias.com\/magazine365\/la-casa-del-vino-acoge-la-proxima-semana-la-primera-edicion-del-campus-universitario-agro-tenerife\/\" title=\"La Casa del Vino acoge la pr\u00f3xima semana la primera edici\u00f3n del campus universitario \u2018Agro Tenerife\u2019\">La Casa del Vino acoge la pr\u00f3xima semana la primera edici\u00f3n del campus universitario \u2018Agro Tenerife\u2019<\/a>\n<\/span><\/div>","aioseo_breadcrumb_json":[{"label":"Home","link":"https:\/\/eldigitaldeasturias.com\/magazine365"},{"label":"Noticias y Actualidad","link":"https:\/\/eldigitaldeasturias.com\/magazine365\/category\/noticias-actualidad\/"},{"label":"La Casa del Vino acoge la pr\u00f3xima semana la primera edici\u00f3n del campus universitario &#8216;Agro Tenerife&#8217;","link":"https:\/\/eldigitaldeasturias.com\/magazine365\/la-casa-del-vino-acoge-la-proxima-semana-la-primera-edicion-del-campus-universitario-agro-tenerife\/"}],"_links":{"self":[{"href":"https:\/\/eldigitaldeasturias.com\/magazine365\/wp-json\/wp\/v2\/posts\/43946","targetHints":{"allow":["GET"]}}],"collection":[{"href":"https:\/\/eldigitaldeasturias.com\/magazine365\/wp-json\/wp\/v2\/posts"}],"about":[{"href":"https:\/\/eldigitaldeasturias.com\/magazine365\/wp-json\/wp\/v2\/types\/post"}],"author":[{"embeddable":true,"href":"https:\/\/eldigitaldeasturias.com\/magazine365\/wp-json\/wp\/v2\/users\/1"}],"replies":[{"embeddable":true,"href":"https:\/\/eldigitaldeasturias.com\/magazine365\/wp-json\/wp\/v2\/comments?post=43946"}],"version-history":[{"count":0,"href":"https:\/\/eldigitaldeasturias.com\/magazine365\/wp-json\/wp\/v2\/posts\/43946\/revisions"}],"wp:featuredmedia":[{"embeddable":true,"href":"https:\/\/eldigitaldeasturias.com\/magazine365\/wp-json\/wp\/v2\/media\/43947"}],"wp:attachment":[{"href":"https:\/\/eldigitaldeasturias.com\/magazine365\/wp-json\/wp\/v2\/media?parent=43946"}],"wp:term":[{"taxonomy":"category","embeddable":true,"href":"https:\/\/eldigitaldeasturias.com\/magazine365\/wp-json\/wp\/v2\/categories?post=43946"},{"taxonomy":"post_tag","embeddable":true,"href":"https:\/\/eldigitaldeasturias.com\/magazine365\/wp-json\/wp\/v2\/tags?post=43946"}],"curies":[{"name":"wp","href":"https:\/\/api.w.org\/{rel}","templated":true}]}}