{"id":43943,"date":"2015-07-28T09:38:39","date_gmt":"2015-07-28T07:38:39","guid":{"rendered":"http:\/\/eldigitaldeasturias.com\/magazine365\/?p=43943"},"modified":"2015-07-28T09:38:39","modified_gmt":"2015-07-28T07:38:39","slug":"guia-penin-cierra-las-catas-para-su-edicion-2016","status":"publish","type":"post","link":"https:\/\/eldigitaldeasturias.com\/magazine365\/guia-penin-cierra-las-catas-para-su-edicion-2016\/","title":{"rendered":"Gu\u00eda Pe\u00f1\u00edn cierra las catas para su edici\u00f3n 2016"},"content":{"rendered":"<p><img fetchpriority=\"high\" decoding=\"async\" class=\"alignleft size-medium wp-image-43944\" src=\"https:\/\/eldigitaldeasturias.com\/magazine365\/wp-content\/uploads\/2015\/07\/fotonoticia_20150727115517_800-360x241.jpg\" alt=\"fotonoticia_20150727115517_800\" width=\"360\" height=\"241\" srcset=\"https:\/\/eldigitaldeasturias.com\/magazine365\/wp-content\/uploads\/2015\/07\/fotonoticia_20150727115517_800-360x241.jpg 360w, https:\/\/eldigitaldeasturias.com\/magazine365\/wp-content\/uploads\/2015\/07\/fotonoticia_20150727115517_800-650x436.jpg 650w, https:\/\/eldigitaldeasturias.com\/magazine365\/wp-content\/uploads\/2015\/07\/fotonoticia_20150727115517_800-768x515.jpg 768w, https:\/\/eldigitaldeasturias.com\/magazine365\/wp-content\/uploads\/2015\/07\/fotonoticia_20150727115517_800-150x101.jpg 150w, https:\/\/eldigitaldeasturias.com\/magazine365\/wp-content\/uploads\/2015\/07\/fotonoticia_20150727115517_800-450x302.jpg 450w, https:\/\/eldigitaldeasturias.com\/magazine365\/wp-content\/uploads\/2015\/07\/fotonoticia_20150727115517_800-696x466.jpg 696w, https:\/\/eldigitaldeasturias.com\/magazine365\/wp-content\/uploads\/2015\/07\/fotonoticia_20150727115517_800-627x420.jpg 627w, https:\/\/eldigitaldeasturias.com\/magazine365\/wp-content\/uploads\/2015\/07\/fotonoticia_20150727115517_800-84x55.jpg 84w, https:\/\/eldigitaldeasturias.com\/magazine365\/wp-content\/uploads\/2015\/07\/fotonoticia_20150727115517_800.jpg 800w\" sizes=\"(max-width: 360px) 100vw, 360px\" \/>Gu\u00eda Pe\u00f1\u00edn ha cerrado su ronda de catas 2016 y se encuentra en plena edici\u00f3n de su manual, que saldr\u00e1 al mercado el pr\u00f3ximo mes de octubre, coincidiendo con la celebraci\u00f3n del XVI Sal\u00f3n Gu\u00eda Pe\u00f1\u00edn de los Mejores Vinos de Espa\u00f1a.<\/p>\n<p>La finalizaci\u00f3n de las catas viene precedida de la Recata, en la que, a lo largo de dos d\u00edas, el equipo de Gu\u00eda Pe\u00f1\u00edn eval\u00faa los mejores vinos del a\u00f1o &#8211;94 puntos en adelante&#8211;. En esta ocasi\u00f3n m\u00e1s de 370 muestras.<\/p>\n<p>El a\u00f1o 2014 ha sido dif\u00edcil para muchos con una climatolog\u00eda complicada. Muy seco en el sureste, suponiendo paradas en el proceso vegetativo y ca\u00eddas importantes en su producci\u00f3n; y lluvias durante la vendimia, especialmente da\u00f1inas en el noroeste. No obstante, ha supuesto una oportunidad para los elaboradores m\u00e1s avezados.<\/p>\n<p>Este a\u00f1o cobran especial relevancia los nuevos elaboradores. Por la mesa de cata de Gu\u00eda Pe\u00f1\u00edn han pasado cerca de 1.000 nuevas creaciones, que van desde las microelaboraciones, hasta producciones de mayor envergadura.<\/p>\n<p>Vinos sin complejos, inspirados en las grandes elaboraciones internacionales, que reflejan el momento de regeneraci\u00f3n impulsado por los j\u00f3venes que est\u00e1 viviendo el vino espa\u00f1ol.<\/p>\n<p>JEREZ, PRIORAT Y VALDEORRAS.<\/p>\n<p>Las Denominaciones de Origen de Jerez, con 91.67 puntos, Priorat, con 90.07, y Valdeorras, con 89.7, han obtenido las calificaciones m\u00e1s altas de la Gu\u00eda Pe\u00f1\u00edn 2016.<\/p>\n<p>Una edici\u00f3n en la que 24 denominaciones de origen han aumentado su nota media, frente a las 40 que la han disminuido y una que mantiene la misma puntuaci\u00f3n que en el pasado a\u00f1o.<\/p>\n<p>Menci\u00f3n especial ha merecido la DOQ Priorat, y en particular su cosecha 2013, con una calidad espectacular, en la que casi la totalidad de sus vinos son sometidos a alg\u00fan tipo de crianza.<\/p>\n","protected":false},"excerpt":{"rendered":"<p>Gu\u00eda Pe\u00f1\u00edn ha cerrado su ronda de catas 2016 y se encuentra en plena edici\u00f3n de su manual, que saldr\u00e1 al mercado el pr\u00f3ximo mes de octubre, coincidiendo con la celebraci\u00f3n del XVI Sal\u00f3n Gu\u00eda Pe\u00f1\u00edn de los Mejores Vinos de Espa\u00f1a. La finalizaci\u00f3n de las catas viene precedida de la Recata, en la que,<\/p>\n","protected":false},"author":1,"featured_media":43944,"comment_status":"open","ping_status":"closed","sticky":false,"template":"","format":"standard","meta":{"footnotes":""},"categories":[224],"tags":[],"class_list":{"0":"post-43943","1":"post","2":"type-post","3":"status-publish","4":"format-standard","5":"has-post-thumbnail","7":"category-noticias-actualidad"},"aioseo_notices":[],"aioseo_head":"\n\t\t<!-- All in One SEO Pro 4.9.6.1 - aioseo.com -->\n\t<meta name=\"description\" content=\"Gu\u00eda Pe\u00f1\u00edn ha cerrado su ronda de catas 2016 y se encuentra en plena edici\u00f3n de su manual, que saldr\u00e1 al mercado el pr\u00f3ximo mes de octubre, coincidiendo con la celebraci\u00f3n del XVI Sal\u00f3n Gu\u00eda Pe\u00f1\u00edn de los Mejores Vinos de Espa\u00f1a. La finalizaci\u00f3n de las catas viene precedida de la Recata, en la que,\" \/>\n\t<meta name=\"robots\" content=\"max-image-preview:large\" \/>\n\t<meta name=\"author\" content=\"admin\"\/>\n\t<meta name=\"google-site-verification\" content=\"UA-38556648-1\" \/>\n\t<meta name=\"keywords\" content=\"noticias y actualidad\" \/>\n\t<link rel=\"canonical\" href=\"https:\/\/eldigitaldeasturias.com\/magazine365\/guia-penin-cierra-las-catas-para-su-edicion-2016\/\" \/>\n\t<meta name=\"generator\" content=\"All in One SEO Pro (AIOSEO) 4.9.6.1\" \/>\n\t\t<meta property=\"og:locale\" content=\"es_ES\" \/>\n\t\t<meta property=\"og:site_name\" content=\"El Digital de Asturias \u2013 Revista de ocio, turismo y estilo de vida\" \/>\n\t\t<meta property=\"og:type\" content=\"article\" \/>\n\t\t<meta property=\"og:title\" content=\"Gu\u00eda Pe\u00f1\u00edn cierra las catas para su edici\u00f3n 2016 | El Digital de Asturias\" \/>\n\t\t<meta property=\"og:description\" content=\"Gu\u00eda Pe\u00f1\u00edn ha cerrado su ronda de catas 2016 y se encuentra en plena edici\u00f3n de su manual, que saldr\u00e1 al mercado el pr\u00f3ximo mes de octubre, coincidiendo con la celebraci\u00f3n del XVI Sal\u00f3n Gu\u00eda Pe\u00f1\u00edn de los Mejores Vinos de Espa\u00f1a. La finalizaci\u00f3n de las catas viene precedida de la Recata, en la que,\" \/>\n\t\t<meta property=\"og:url\" content=\"https:\/\/eldigitaldeasturias.com\/magazine365\/guia-penin-cierra-las-catas-para-su-edicion-2016\/\" \/>\n\t\t<meta property=\"og:image\" content=\"https:\/\/eldigitaldeasturias.com\/magazine365\/wp-content\/uploads\/2015\/07\/fotonoticia_20150727115517_800.jpg\" \/>\n\t\t<meta property=\"og:image:secure_url\" content=\"https:\/\/eldigitaldeasturias.com\/magazine365\/wp-content\/uploads\/2015\/07\/fotonoticia_20150727115517_800.jpg\" \/>\n\t\t<meta property=\"og:image:width\" content=\"800\" \/>\n\t\t<meta property=\"og:image:height\" content=\"536\" \/>\n\t\t<meta property=\"article:published_time\" content=\"2015-07-28T07:38:39+00:00\" \/>\n\t\t<meta property=\"article:modified_time\" content=\"2015-07-28T07:38:39+00:00\" \/>\n\t\t<meta name=\"twitter:card\" content=\"summary_large_image\" \/>\n\t\t<meta name=\"twitter:title\" content=\"Gu\u00eda Pe\u00f1\u00edn cierra las catas para su edici\u00f3n 2016 | El Digital de Asturias\" \/>\n\t\t<meta name=\"twitter:description\" content=\"Gu\u00eda Pe\u00f1\u00edn ha cerrado su ronda de catas 2016 y se encuentra en plena edici\u00f3n de su manual, que saldr\u00e1 al mercado el pr\u00f3ximo mes de octubre, coincidiendo con la celebraci\u00f3n del XVI Sal\u00f3n Gu\u00eda Pe\u00f1\u00edn de los Mejores Vinos de Espa\u00f1a. La finalizaci\u00f3n de las catas viene precedida de la Recata, en la que,\" \/>\n\t\t<meta name=\"twitter:image\" content=\"https:\/\/eldigitaldeasturias.com\/magazine365\/wp-content\/uploads\/2015\/07\/fotonoticia_20150727115517_800.jpg\" \/>\n\t\t<script type=\"application\/ld+json\" class=\"aioseo-schema\">\n\t\t\t{\"@context\":\"https:\\\/\\\/schema.org\",\"@graph\":[{\"@type\":\"Article\",\"@id\":\"https:\\\/\\\/eldigitaldeasturias.com\\\/magazine365\\\/guia-penin-cierra-las-catas-para-su-edicion-2016\\\/#article\",\"name\":\"Gu\\u00eda Pe\\u00f1\\u00edn cierra las catas para su edici\\u00f3n 2016 | El Digital de Asturias\",\"headline\":\"Gu\\u00eda Pe\\u00f1\\u00edn cierra las catas para su edici\\u00f3n 2016\",\"author\":{\"@id\":\"https:\\\/\\\/eldigitaldeasturias.com\\\/magazine365\\\/author\\\/admin\\\/#author\"},\"publisher\":{\"@id\":\"https:\\\/\\\/eldigitaldeasturias.com\\\/magazine365\\\/#organization\"},\"image\":{\"@type\":\"ImageObject\",\"url\":\"https:\\\/\\\/eldigitaldeasturias.com\\\/magazine365\\\/wp-content\\\/uploads\\\/2015\\\/07\\\/fotonoticia_20150727115517_800.jpg\",\"width\":800,\"height\":536},\"datePublished\":\"2015-07-28T09:38:39+02:00\",\"dateModified\":\"2015-07-28T09:38:39+02:00\",\"inLanguage\":\"es-ES\",\"mainEntityOfPage\":{\"@id\":\"https:\\\/\\\/eldigitaldeasturias.com\\\/magazine365\\\/guia-penin-cierra-las-catas-para-su-edicion-2016\\\/#webpage\"},\"isPartOf\":{\"@id\":\"https:\\\/\\\/eldigitaldeasturias.com\\\/magazine365\\\/guia-penin-cierra-las-catas-para-su-edicion-2016\\\/#webpage\"},\"articleSection\":\"Noticias y Actualidad\"},{\"@type\":\"BreadcrumbList\",\"@id\":\"https:\\\/\\\/eldigitaldeasturias.com\\\/magazine365\\\/guia-penin-cierra-las-catas-para-su-edicion-2016\\\/#breadcrumblist\",\"itemListElement\":[{\"@type\":\"ListItem\",\"@id\":\"https:\\\/\\\/eldigitaldeasturias.com\\\/magazine365#listItem\",\"position\":1,\"name\":\"Home\",\"item\":\"https:\\\/\\\/eldigitaldeasturias.com\\\/magazine365\",\"nextItem\":{\"@type\":\"ListItem\",\"@id\":\"https:\\\/\\\/eldigitaldeasturias.com\\\/magazine365\\\/category\\\/noticias-actualidad\\\/#listItem\",\"name\":\"Noticias y Actualidad\"}},{\"@type\":\"ListItem\",\"@id\":\"https:\\\/\\\/eldigitaldeasturias.com\\\/magazine365\\\/category\\\/noticias-actualidad\\\/#listItem\",\"position\":2,\"name\":\"Noticias y Actualidad\",\"item\":\"https:\\\/\\\/eldigitaldeasturias.com\\\/magazine365\\\/category\\\/noticias-actualidad\\\/\",\"nextItem\":{\"@type\":\"ListItem\",\"@id\":\"https:\\\/\\\/eldigitaldeasturias.com\\\/magazine365\\\/guia-penin-cierra-las-catas-para-su-edicion-2016\\\/#listItem\",\"name\":\"Gu\\u00eda Pe\\u00f1\\u00edn cierra las catas para su edici\\u00f3n 2016\"},\"previousItem\":{\"@type\":\"ListItem\",\"@id\":\"https:\\\/\\\/eldigitaldeasturias.com\\\/magazine365#listItem\",\"name\":\"Home\"}},{\"@type\":\"ListItem\",\"@id\":\"https:\\\/\\\/eldigitaldeasturias.com\\\/magazine365\\\/guia-penin-cierra-las-catas-para-su-edicion-2016\\\/#listItem\",\"position\":3,\"name\":\"Gu\\u00eda Pe\\u00f1\\u00edn cierra las catas para su edici\\u00f3n 2016\",\"previousItem\":{\"@type\":\"ListItem\",\"@id\":\"https:\\\/\\\/eldigitaldeasturias.com\\\/magazine365\\\/category\\\/noticias-actualidad\\\/#listItem\",\"name\":\"Noticias y Actualidad\"}}]},{\"@type\":\"Organization\",\"@id\":\"https:\\\/\\\/eldigitaldeasturias.com\\\/magazine365\\\/#organization\",\"name\":\"El digital de Asturias\",\"description\":\"Revista de ocio, turismo y estilo de vida\",\"url\":\"https:\\\/\\\/eldigitaldeasturias.com\\\/magazine365\\\/\",\"logo\":{\"@type\":\"ImageObject\",\"url\":\"https:\\\/\\\/www.eldigitaldeasturias.com\\\/noticias\\\/wp-content\\\/uploads\\\/2020\\\/12\\\/EDA.jpg\",\"@id\":\"https:\\\/\\\/eldigitaldeasturias.com\\\/magazine365\\\/guia-penin-cierra-las-catas-para-su-edicion-2016\\\/#organizationLogo\"},\"image\":{\"@id\":\"https:\\\/\\\/eldigitaldeasturias.com\\\/magazine365\\\/guia-penin-cierra-las-catas-para-su-edicion-2016\\\/#organizationLogo\"}},{\"@type\":\"Person\",\"@id\":\"https:\\\/\\\/eldigitaldeasturias.com\\\/magazine365\\\/author\\\/admin\\\/#author\",\"url\":\"https:\\\/\\\/eldigitaldeasturias.com\\\/magazine365\\\/author\\\/admin\\\/\",\"name\":\"admin\",\"image\":{\"@type\":\"ImageObject\",\"@id\":\"https:\\\/\\\/eldigitaldeasturias.com\\\/magazine365\\\/guia-penin-cierra-las-catas-para-su-edicion-2016\\\/#authorImage\",\"url\":\"https:\\\/\\\/eldigitaldeasturias.com\\\/magazine365\\\/wp-content\\\/litespeed\\\/avatar\\\/e571bcf59a0edd6fa6838245a470f2fe.jpg?ver=1777574230\",\"width\":96,\"height\":96,\"caption\":\"admin\"}},{\"@type\":\"WebPage\",\"@id\":\"https:\\\/\\\/eldigitaldeasturias.com\\\/magazine365\\\/guia-penin-cierra-las-catas-para-su-edicion-2016\\\/#webpage\",\"url\":\"https:\\\/\\\/eldigitaldeasturias.com\\\/magazine365\\\/guia-penin-cierra-las-catas-para-su-edicion-2016\\\/\",\"name\":\"Gu\\u00eda Pe\\u00f1\\u00edn cierra las catas para su edici\\u00f3n 2016 | El Digital de Asturias\",\"description\":\"Gu\\u00eda Pe\\u00f1\\u00edn ha cerrado su ronda de catas 2016 y se encuentra en plena edici\\u00f3n de su manual, que saldr\\u00e1 al mercado el pr\\u00f3ximo mes de octubre, coincidiendo con la celebraci\\u00f3n del XVI Sal\\u00f3n Gu\\u00eda Pe\\u00f1\\u00edn de los Mejores Vinos de Espa\\u00f1a. La finalizaci\\u00f3n de las catas viene precedida de la Recata, en la que,\",\"inLanguage\":\"es-ES\",\"isPartOf\":{\"@id\":\"https:\\\/\\\/eldigitaldeasturias.com\\\/magazine365\\\/#website\"},\"breadcrumb\":{\"@id\":\"https:\\\/\\\/eldigitaldeasturias.com\\\/magazine365\\\/guia-penin-cierra-las-catas-para-su-edicion-2016\\\/#breadcrumblist\"},\"author\":{\"@id\":\"https:\\\/\\\/eldigitaldeasturias.com\\\/magazine365\\\/author\\\/admin\\\/#author\"},\"creator\":{\"@id\":\"https:\\\/\\\/eldigitaldeasturias.com\\\/magazine365\\\/author\\\/admin\\\/#author\"},\"image\":{\"@type\":\"ImageObject\",\"url\":\"https:\\\/\\\/eldigitaldeasturias.com\\\/magazine365\\\/wp-content\\\/uploads\\\/2015\\\/07\\\/fotonoticia_20150727115517_800.jpg\",\"@id\":\"https:\\\/\\\/eldigitaldeasturias.com\\\/magazine365\\\/guia-penin-cierra-las-catas-para-su-edicion-2016\\\/#mainImage\",\"width\":800,\"height\":536},\"primaryImageOfPage\":{\"@id\":\"https:\\\/\\\/eldigitaldeasturias.com\\\/magazine365\\\/guia-penin-cierra-las-catas-para-su-edicion-2016\\\/#mainImage\"},\"datePublished\":\"2015-07-28T09:38:39+02:00\",\"dateModified\":\"2015-07-28T09:38:39+02:00\"},{\"@type\":\"WebSite\",\"@id\":\"https:\\\/\\\/eldigitaldeasturias.com\\\/magazine365\\\/#website\",\"url\":\"https:\\\/\\\/eldigitaldeasturias.com\\\/magazine365\\\/\",\"name\":\"El Digital de Asturias\",\"description\":\"Revista de ocio, turismo y estilo de vida\",\"inLanguage\":\"es-ES\",\"publisher\":{\"@id\":\"https:\\\/\\\/eldigitaldeasturias.com\\\/magazine365\\\/#organization\"}}]}\n\t\t<\/script>\n\t\t<!-- All in One SEO Pro -->\r\n\t\t<title>Gu\u00eda Pe\u00f1\u00edn cierra las catas para su edici\u00f3n 2016 | El Digital de Asturias<\/title>\n\n","aioseo_head_json":{"title":"Gu\u00eda Pe\u00f1\u00edn cierra las catas para su edici\u00f3n 2016 | El Digital de Asturias","description":"Gu\u00eda Pe\u00f1\u00edn ha cerrado su ronda de catas 2016 y se encuentra en plena edici\u00f3n de su manual, que saldr\u00e1 al mercado el pr\u00f3ximo mes de octubre, coincidiendo con la celebraci\u00f3n del XVI Sal\u00f3n Gu\u00eda Pe\u00f1\u00edn de los Mejores Vinos de Espa\u00f1a. La finalizaci\u00f3n de las catas viene precedida de la Recata, en la que,","canonical_url":"https:\/\/eldigitaldeasturias.com\/magazine365\/guia-penin-cierra-las-catas-para-su-edicion-2016\/","robots":"max-image-preview:large","keywords":"noticias y actualidad","webmasterTools":{"google-site-verification":"UA-38556648-1","miscellaneous":""},"schema":{"@context":"https:\/\/schema.org","@graph":[{"@type":"Article","@id":"https:\/\/eldigitaldeasturias.com\/magazine365\/guia-penin-cierra-las-catas-para-su-edicion-2016\/#article","name":"Gu\u00eda Pe\u00f1\u00edn cierra las catas para su edici\u00f3n 2016 | El Digital de Asturias","headline":"Gu\u00eda Pe\u00f1\u00edn cierra las catas para su edici\u00f3n 2016","author":{"@id":"https:\/\/eldigitaldeasturias.com\/magazine365\/author\/admin\/#author"},"publisher":{"@id":"https:\/\/eldigitaldeasturias.com\/magazine365\/#organization"},"image":{"@type":"ImageObject","url":"https:\/\/eldigitaldeasturias.com\/magazine365\/wp-content\/uploads\/2015\/07\/fotonoticia_20150727115517_800.jpg","width":800,"height":536},"datePublished":"2015-07-28T09:38:39+02:00","dateModified":"2015-07-28T09:38:39+02:00","inLanguage":"es-ES","mainEntityOfPage":{"@id":"https:\/\/eldigitaldeasturias.com\/magazine365\/guia-penin-cierra-las-catas-para-su-edicion-2016\/#webpage"},"isPartOf":{"@id":"https:\/\/eldigitaldeasturias.com\/magazine365\/guia-penin-cierra-las-catas-para-su-edicion-2016\/#webpage"},"articleSection":"Noticias y Actualidad"},{"@type":"BreadcrumbList","@id":"https:\/\/eldigitaldeasturias.com\/magazine365\/guia-penin-cierra-las-catas-para-su-edicion-2016\/#breadcrumblist","itemListElement":[{"@type":"ListItem","@id":"https:\/\/eldigitaldeasturias.com\/magazine365#listItem","position":1,"name":"Home","item":"https:\/\/eldigitaldeasturias.com\/magazine365","nextItem":{"@type":"ListItem","@id":"https:\/\/eldigitaldeasturias.com\/magazine365\/category\/noticias-actualidad\/#listItem","name":"Noticias y Actualidad"}},{"@type":"ListItem","@id":"https:\/\/eldigitaldeasturias.com\/magazine365\/category\/noticias-actualidad\/#listItem","position":2,"name":"Noticias y Actualidad","item":"https:\/\/eldigitaldeasturias.com\/magazine365\/category\/noticias-actualidad\/","nextItem":{"@type":"ListItem","@id":"https:\/\/eldigitaldeasturias.com\/magazine365\/guia-penin-cierra-las-catas-para-su-edicion-2016\/#listItem","name":"Gu\u00eda Pe\u00f1\u00edn cierra las catas para su edici\u00f3n 2016"},"previousItem":{"@type":"ListItem","@id":"https:\/\/eldigitaldeasturias.com\/magazine365#listItem","name":"Home"}},{"@type":"ListItem","@id":"https:\/\/eldigitaldeasturias.com\/magazine365\/guia-penin-cierra-las-catas-para-su-edicion-2016\/#listItem","position":3,"name":"Gu\u00eda Pe\u00f1\u00edn cierra las catas para su edici\u00f3n 2016","previousItem":{"@type":"ListItem","@id":"https:\/\/eldigitaldeasturias.com\/magazine365\/category\/noticias-actualidad\/#listItem","name":"Noticias y Actualidad"}}]},{"@type":"Organization","@id":"https:\/\/eldigitaldeasturias.com\/magazine365\/#organization","name":"El digital de Asturias","description":"Revista de ocio, turismo y estilo de vida","url":"https:\/\/eldigitaldeasturias.com\/magazine365\/","logo":{"@type":"ImageObject","url":"https:\/\/www.eldigitaldeasturias.com\/noticias\/wp-content\/uploads\/2020\/12\/EDA.jpg","@id":"https:\/\/eldigitaldeasturias.com\/magazine365\/guia-penin-cierra-las-catas-para-su-edicion-2016\/#organizationLogo"},"image":{"@id":"https:\/\/eldigitaldeasturias.com\/magazine365\/guia-penin-cierra-las-catas-para-su-edicion-2016\/#organizationLogo"}},{"@type":"Person","@id":"https:\/\/eldigitaldeasturias.com\/magazine365\/author\/admin\/#author","url":"https:\/\/eldigitaldeasturias.com\/magazine365\/author\/admin\/","name":"admin","image":{"@type":"ImageObject","@id":"https:\/\/eldigitaldeasturias.com\/magazine365\/guia-penin-cierra-las-catas-para-su-edicion-2016\/#authorImage","url":"https:\/\/eldigitaldeasturias.com\/magazine365\/wp-content\/litespeed\/avatar\/e571bcf59a0edd6fa6838245a470f2fe.jpg?ver=1777574230","width":96,"height":96,"caption":"admin"}},{"@type":"WebPage","@id":"https:\/\/eldigitaldeasturias.com\/magazine365\/guia-penin-cierra-las-catas-para-su-edicion-2016\/#webpage","url":"https:\/\/eldigitaldeasturias.com\/magazine365\/guia-penin-cierra-las-catas-para-su-edicion-2016\/","name":"Gu\u00eda Pe\u00f1\u00edn cierra las catas para su edici\u00f3n 2016 | El Digital de Asturias","description":"Gu\u00eda Pe\u00f1\u00edn ha cerrado su ronda de catas 2016 y se encuentra en plena edici\u00f3n de su manual, que saldr\u00e1 al mercado el pr\u00f3ximo mes de octubre, coincidiendo con la celebraci\u00f3n del XVI Sal\u00f3n Gu\u00eda Pe\u00f1\u00edn de los Mejores Vinos de Espa\u00f1a. La finalizaci\u00f3n de las catas viene precedida de la Recata, en la que,","inLanguage":"es-ES","isPartOf":{"@id":"https:\/\/eldigitaldeasturias.com\/magazine365\/#website"},"breadcrumb":{"@id":"https:\/\/eldigitaldeasturias.com\/magazine365\/guia-penin-cierra-las-catas-para-su-edicion-2016\/#breadcrumblist"},"author":{"@id":"https:\/\/eldigitaldeasturias.com\/magazine365\/author\/admin\/#author"},"creator":{"@id":"https:\/\/eldigitaldeasturias.com\/magazine365\/author\/admin\/#author"},"image":{"@type":"ImageObject","url":"https:\/\/eldigitaldeasturias.com\/magazine365\/wp-content\/uploads\/2015\/07\/fotonoticia_20150727115517_800.jpg","@id":"https:\/\/eldigitaldeasturias.com\/magazine365\/guia-penin-cierra-las-catas-para-su-edicion-2016\/#mainImage","width":800,"height":536},"primaryImageOfPage":{"@id":"https:\/\/eldigitaldeasturias.com\/magazine365\/guia-penin-cierra-las-catas-para-su-edicion-2016\/#mainImage"},"datePublished":"2015-07-28T09:38:39+02:00","dateModified":"2015-07-28T09:38:39+02:00"},{"@type":"WebSite","@id":"https:\/\/eldigitaldeasturias.com\/magazine365\/#website","url":"https:\/\/eldigitaldeasturias.com\/magazine365\/","name":"El Digital de Asturias","description":"Revista de ocio, turismo y estilo de vida","inLanguage":"es-ES","publisher":{"@id":"https:\/\/eldigitaldeasturias.com\/magazine365\/#organization"}}]},"og:locale":"es_ES","og:site_name":"El Digital de Asturias \u2013 Revista de ocio, turismo y estilo de vida","og:type":"article","og:title":"Gu\u00eda Pe\u00f1\u00edn cierra las catas para su edici\u00f3n 2016 | El Digital de Asturias","og:description":"Gu\u00eda Pe\u00f1\u00edn ha cerrado su ronda de catas 2016 y se encuentra en plena edici\u00f3n de su manual, que saldr\u00e1 al mercado el pr\u00f3ximo mes de octubre, coincidiendo con la celebraci\u00f3n del XVI Sal\u00f3n Gu\u00eda Pe\u00f1\u00edn de los Mejores Vinos de Espa\u00f1a. La finalizaci\u00f3n de las catas viene precedida de la Recata, en la que,","og:url":"https:\/\/eldigitaldeasturias.com\/magazine365\/guia-penin-cierra-las-catas-para-su-edicion-2016\/","og:image":"https:\/\/eldigitaldeasturias.com\/magazine365\/wp-content\/uploads\/2015\/07\/fotonoticia_20150727115517_800.jpg","og:image:secure_url":"https:\/\/eldigitaldeasturias.com\/magazine365\/wp-content\/uploads\/2015\/07\/fotonoticia_20150727115517_800.jpg","og:image:width":800,"og:image:height":536,"article:published_time":"2015-07-28T07:38:39+00:00","article:modified_time":"2015-07-28T07:38:39+00:00","twitter:card":"summary_large_image","twitter:title":"Gu\u00eda Pe\u00f1\u00edn cierra las catas para su edici\u00f3n 2016 | El Digital de Asturias","twitter:description":"Gu\u00eda Pe\u00f1\u00edn ha cerrado su ronda de catas 2016 y se encuentra en plena edici\u00f3n de su manual, que saldr\u00e1 al mercado el pr\u00f3ximo mes de octubre, coincidiendo con la celebraci\u00f3n del XVI Sal\u00f3n Gu\u00eda Pe\u00f1\u00edn de los Mejores Vinos de Espa\u00f1a. La finalizaci\u00f3n de las catas viene precedida de la Recata, en la que,","twitter:image":"https:\/\/eldigitaldeasturias.com\/magazine365\/wp-content\/uploads\/2015\/07\/fotonoticia_20150727115517_800.jpg"},"aioseo_meta_data":{"post_id":"43943","title":null,"description":null,"keywords":null,"keyphrases":null,"primary_term":null,"canonical_url":null,"og_title":null,"og_description":null,"og_object_type":"default","og_image_type":"default","og_image_url":null,"og_image_width":null,"og_image_height":null,"og_image_custom_url":null,"og_image_custom_fields":null,"og_video":null,"og_custom_url":null,"og_article_section":null,"og_article_tags":null,"twitter_use_og":false,"twitter_card":"default","twitter_image_type":"default","twitter_image_url":null,"twitter_image_custom_url":null,"twitter_image_custom_fields":null,"twitter_title":null,"twitter_description":null,"schema":{"blockGraphs":[],"customGraphs":[],"default":{"data":{"Article":[],"Course":[],"Dataset":[],"FAQPage":[],"Movie":[],"Person":[],"Product":[],"ProductReview":[],"Car":[],"Recipe":[],"Service":[],"SoftwareApplication":[],"WebPage":[]},"graphName":"","isEnabled":true},"graphs":[]},"schema_type":null,"schema_type_options":null,"pillar_content":false,"robots_default":true,"robots_noindex":false,"robots_noarchive":false,"robots_nosnippet":false,"robots_nofollow":false,"robots_noimageindex":false,"robots_noodp":false,"robots_notranslate":false,"robots_max_snippet":null,"robots_max_videopreview":null,"robots_max_imagepreview":"large","priority":null,"frequency":null,"location":null,"local_seo":null,"seo_analyzer_scan_date":"2025-09-19 20:53:16","breadcrumb_settings":null,"limit_modified_date":false,"open_ai":null,"ai":null,"created":"2021-03-09 01:39:49","updated":"2025-09-19 20:53:16"},"aioseo_breadcrumb":"<div class=\"aioseo-breadcrumbs\"><span class=\"aioseo-breadcrumb\">\n\t<a href=\"https:\/\/eldigitaldeasturias.com\/magazine365\" title=\"Home\">Home<\/a>\n<\/span><span class=\"aioseo-breadcrumb-separator\">\u2013<\/span><span class=\"aioseo-breadcrumb\">\n\t<a href=\"https:\/\/eldigitaldeasturias.com\/magazine365\/category\/noticias-actualidad\/\" title=\"Noticias y Actualidad\">Noticias y Actualidad<\/a>\n<\/span><span class=\"aioseo-breadcrumb-separator\">\u2013<\/span><span class=\"aioseo-breadcrumb\">\n\t<a href=\"https:\/\/eldigitaldeasturias.com\/magazine365\/guia-penin-cierra-las-catas-para-su-edicion-2016\/\" title=\"Gu\u00eda Pe\u00f1\u00edn cierra las catas para su edici\u00f3n 2016\">Gu\u00eda Pe\u00f1\u00edn cierra las catas para su edici\u00f3n 2016<\/a>\n<\/span><\/div>","aioseo_breadcrumb_json":[{"label":"Home","link":"https:\/\/eldigitaldeasturias.com\/magazine365"},{"label":"Noticias y Actualidad","link":"https:\/\/eldigitaldeasturias.com\/magazine365\/category\/noticias-actualidad\/"},{"label":"Gu\u00eda Pe\u00f1\u00edn cierra las catas para su edici\u00f3n 2016","link":"https:\/\/eldigitaldeasturias.com\/magazine365\/guia-penin-cierra-las-catas-para-su-edicion-2016\/"}],"_links":{"self":[{"href":"https:\/\/eldigitaldeasturias.com\/magazine365\/wp-json\/wp\/v2\/posts\/43943","targetHints":{"allow":["GET"]}}],"collection":[{"href":"https:\/\/eldigitaldeasturias.com\/magazine365\/wp-json\/wp\/v2\/posts"}],"about":[{"href":"https:\/\/eldigitaldeasturias.com\/magazine365\/wp-json\/wp\/v2\/types\/post"}],"author":[{"embeddable":true,"href":"https:\/\/eldigitaldeasturias.com\/magazine365\/wp-json\/wp\/v2\/users\/1"}],"replies":[{"embeddable":true,"href":"https:\/\/eldigitaldeasturias.com\/magazine365\/wp-json\/wp\/v2\/comments?post=43943"}],"version-history":[{"count":0,"href":"https:\/\/eldigitaldeasturias.com\/magazine365\/wp-json\/wp\/v2\/posts\/43943\/revisions"}],"wp:featuredmedia":[{"embeddable":true,"href":"https:\/\/eldigitaldeasturias.com\/magazine365\/wp-json\/wp\/v2\/media\/43944"}],"wp:attachment":[{"href":"https:\/\/eldigitaldeasturias.com\/magazine365\/wp-json\/wp\/v2\/media?parent=43943"}],"wp:term":[{"taxonomy":"category","embeddable":true,"href":"https:\/\/eldigitaldeasturias.com\/magazine365\/wp-json\/wp\/v2\/categories?post=43943"},{"taxonomy":"post_tag","embeddable":true,"href":"https:\/\/eldigitaldeasturias.com\/magazine365\/wp-json\/wp\/v2\/tags?post=43943"}],"curies":[{"name":"wp","href":"https:\/\/api.w.org\/{rel}","templated":true}]}}