{"id":43903,"date":"2015-07-27T06:12:23","date_gmt":"2015-07-27T04:12:23","guid":{"rendered":"http:\/\/eldigitaldeasturias.com\/magazine365\/?p=43903"},"modified":"2015-07-27T06:12:23","modified_gmt":"2015-07-27T04:12:23","slug":"el-consejo-de-administracion-de-aena-abordara-manana-la-reduccion-de-tarifas-ordenada-por-la-cnmc","status":"publish","type":"post","link":"https:\/\/eldigitaldeasturias.com\/magazine365\/el-consejo-de-administracion-de-aena-abordara-manana-la-reduccion-de-tarifas-ordenada-por-la-cnmc\/","title":{"rendered":"El consejo de administraci\u00f3n de Aena abordar\u00e1 ma\u00f1ana la reducci\u00f3n de tarifas ordenada por la CNMC"},"content":{"rendered":"<p><img fetchpriority=\"high\" decoding=\"async\" class=\"alignleft size-medium wp-image-43897\" src=\"https:\/\/eldigitaldeasturias.com\/magazine365\/wp-content\/uploads\/2015\/07\/fotonoticia_20150725092932_800-360x240.jpg\" alt=\"fotonoticia_20150725092932_800\" width=\"360\" height=\"240\" srcset=\"https:\/\/eldigitaldeasturias.com\/magazine365\/wp-content\/uploads\/2015\/07\/fotonoticia_20150725092932_800-360x240.jpg 360w, https:\/\/eldigitaldeasturias.com\/magazine365\/wp-content\/uploads\/2015\/07\/fotonoticia_20150725092932_800-650x433.jpg 650w, https:\/\/eldigitaldeasturias.com\/magazine365\/wp-content\/uploads\/2015\/07\/fotonoticia_20150725092932_800-768x512.jpg 768w, https:\/\/eldigitaldeasturias.com\/magazine365\/wp-content\/uploads\/2015\/07\/fotonoticia_20150725092932_800-150x100.jpg 150w, https:\/\/eldigitaldeasturias.com\/magazine365\/wp-content\/uploads\/2015\/07\/fotonoticia_20150725092932_800-450x300.jpg 450w, https:\/\/eldigitaldeasturias.com\/magazine365\/wp-content\/uploads\/2015\/07\/fotonoticia_20150725092932_800-696x464.jpg 696w, https:\/\/eldigitaldeasturias.com\/magazine365\/wp-content\/uploads\/2015\/07\/fotonoticia_20150725092932_800-630x420.jpg 630w, https:\/\/eldigitaldeasturias.com\/magazine365\/wp-content\/uploads\/2015\/07\/fotonoticia_20150725092932_800-84x55.jpg 84w, https:\/\/eldigitaldeasturias.com\/magazine365\/wp-content\/uploads\/2015\/07\/fotonoticia_20150725092932_800.jpg 800w\" sizes=\"(max-width: 360px) 100vw, 360px\" \/>El consejo de administraci\u00f3n de Aena abordar\u00e1 ma\u00f1ana, 28 de julio, la resoluci\u00f3n en la que la Comisi\u00f3n Nacional de los Mercados y la Competencia (CNMC) ordena una rebaja de tarifas del 1,9% para 2016, frente a la congelaci\u00f3n propuesta por el gestor aeroportuario.<\/p>\n<p>Seg\u00fan ha informado este lunes Aena a la Comisi\u00f3n Nacional del Mercado de Valores (CNMV), en su reuni\u00f3n de ma\u00f1ana \u00abadoptar\u00e1 las decisiones que estime oportunas\u00bb en relaci\u00f3n con lo dictado por Competencia.<\/p>\n<p>En su resoluci\u00f3n, la CNMC recuerda que tiene encomendada por ley la potestad de supervisisar y controlar la propuesta de actualizaci\u00f3n de las tarifas de Aena para 2016 y explica que modificaba la propuesta de congelaci\u00f3n tarifaria presentada por Aena al considerar que \u00abno se ajusta a lo dispuesto en la legislaci\u00f3n vigente\u00bb.<\/p>\n<p>En concreto, Competencia estima que Aena realiza en su propuesta una interpretaci\u00f3n \u00aberr\u00f3nea\u00bb del concepto de &#8216;d\u00e9ficit producido&#8217; recogido en la ley, al considerar el d\u00e9ficit prospectivo y no el real.<\/p>\n<p>De acuerdo con esta interpretaci\u00f3n del d\u00e9ficit, el resultado de super\u00e1vit previsto para 2016 permite compensar \u00edntegramente el d\u00e9ficit real de 2013 que, capitalizado, asciende a 199 millones de euros. Por el contrario, indica que la interpretaci\u00f3n de Aena, basada en el d\u00e9ficit previsto, supondr\u00eda dejar pendiente de recuperaci\u00f3n para ejercicios posteriores la cantidad de 555 millones de euros.<\/p>\n<p>Asimismo, la Comisi\u00f3n que preside Jos\u00e9 Mar\u00eda Mar\u00edn Quemada considera que la propuesta tarifaria de Aena para 2016 realiza una separaci\u00f3n de costes entre las actividades aeroportuarias y comerciales que \u00abno es correcta\u00bb. Por ello, estima procedente aplicar un ajuste de 69 millones de euros en el coste de las tarifas aeroportuarias que Aena no ha incorporado en su propuesta, al cuestionar la competencia de la CNMC para determinar los elementos que configuran las mismas e imponer criterios de separaci\u00f3n de costes.<\/p>\n<p>Finalmente, a la vista de la evoluci\u00f3n real del tr\u00e1fico a\u00e9reo en el ejercicio 2015, Competencia ha corregido al alza la previsi\u00f3n de incremento de pasajeros para el ejercicio hasta un 4% desde el 3,5% propuesto inicialmente por Aena que, seg\u00fan indica, ha estimado adecuado el ajuste mencionado.<\/p>\n<p>\u00abComo consecuencia, al aplicar la f\u00f3rmula de actualizaci\u00f3n de las tarifas que establece la legislaci\u00f3n vigente, incorporando las modificaciones anteriores, se obtiene una reducci\u00f3n de las mismas para 2016 del 1,9%, en lugar de la congelaci\u00f3n que propone Aena\u00bb, detalla el &#8216;macrorregulador&#8217;, que ha dado traslado de esta resoluci\u00f3n al Ministerio de Fomento para su inclusi\u00f3n en los Presupuestos<\/p>\n","protected":false},"excerpt":{"rendered":"<p>El consejo de administraci\u00f3n de Aena abordar\u00e1 ma\u00f1ana, 28 de julio, la resoluci\u00f3n en la que la Comisi\u00f3n Nacional de los Mercados y la Competencia (CNMC) ordena una rebaja de tarifas del 1,9% para 2016, frente a la congelaci\u00f3n propuesta por el gestor aeroportuario. Seg\u00fan ha informado este lunes Aena a la Comisi\u00f3n Nacional del<\/p>\n","protected":false},"author":1,"featured_media":43876,"comment_status":"open","ping_status":"closed","sticky":false,"template":"","format":"standard","meta":{"footnotes":""},"categories":[224],"tags":[],"class_list":{"0":"post-43903","1":"post","2":"type-post","3":"status-publish","4":"format-standard","5":"has-post-thumbnail","7":"category-noticias-actualidad"},"aioseo_notices":[],"aioseo_head":"\n\t\t<!-- All in One SEO Pro 4.9.6.1 - aioseo.com -->\n\t<meta name=\"description\" content=\"El consejo de administraci\u00f3n de Aena abordar\u00e1 ma\u00f1ana, 28 de julio, la resoluci\u00f3n en la que la Comisi\u00f3n Nacional de los Mercados y la Competencia (CNMC) ordena una rebaja de tarifas del 1,9% para 2016, frente a la congelaci\u00f3n propuesta por el gestor aeroportuario. Seg\u00fan ha informado este lunes Aena a la Comisi\u00f3n Nacional del\" \/>\n\t<meta name=\"robots\" content=\"max-image-preview:large\" \/>\n\t<meta name=\"author\" content=\"admin\"\/>\n\t<meta name=\"google-site-verification\" content=\"UA-38556648-1\" \/>\n\t<meta name=\"keywords\" content=\"noticias y actualidad\" \/>\n\t<link rel=\"canonical\" href=\"https:\/\/eldigitaldeasturias.com\/magazine365\/el-consejo-de-administracion-de-aena-abordara-manana-la-reduccion-de-tarifas-ordenada-por-la-cnmc\/\" \/>\n\t<meta name=\"generator\" content=\"All in One SEO Pro (AIOSEO) 4.9.6.1\" \/>\n\t\t<meta property=\"og:locale\" content=\"es_ES\" \/>\n\t\t<meta property=\"og:site_name\" content=\"El Digital de Asturias \u2013 Revista de ocio, turismo y estilo de vida\" \/>\n\t\t<meta property=\"og:type\" content=\"article\" \/>\n\t\t<meta property=\"og:title\" content=\"El consejo de administraci\u00f3n de Aena abordar\u00e1 ma\u00f1ana la reducci\u00f3n de tarifas ordenada por la CNMC | El Digital de Asturias\" \/>\n\t\t<meta property=\"og:description\" content=\"El consejo de administraci\u00f3n de Aena abordar\u00e1 ma\u00f1ana, 28 de julio, la resoluci\u00f3n en la que la Comisi\u00f3n Nacional de los Mercados y la Competencia (CNMC) ordena una rebaja de tarifas del 1,9% para 2016, frente a la congelaci\u00f3n propuesta por el gestor aeroportuario. Seg\u00fan ha informado este lunes Aena a la Comisi\u00f3n Nacional del\" \/>\n\t\t<meta property=\"og:url\" content=\"https:\/\/eldigitaldeasturias.com\/magazine365\/el-consejo-de-administracion-de-aena-abordara-manana-la-reduccion-de-tarifas-ordenada-por-la-cnmc\/\" \/>\n\t\t<meta property=\"og:image\" content=\"https:\/\/eldigitaldeasturias.com\/magazine365\/wp-content\/uploads\/2015\/07\/fotonoticia_20150724174427_800.jpg\" \/>\n\t\t<meta property=\"og:image:secure_url\" content=\"https:\/\/eldigitaldeasturias.com\/magazine365\/wp-content\/uploads\/2015\/07\/fotonoticia_20150724174427_800.jpg\" \/>\n\t\t<meta property=\"og:image:width\" content=\"800\" \/>\n\t\t<meta property=\"og:image:height\" content=\"450\" \/>\n\t\t<meta property=\"article:published_time\" content=\"2015-07-27T04:12:23+00:00\" \/>\n\t\t<meta property=\"article:modified_time\" content=\"2015-07-27T04:12:23+00:00\" \/>\n\t\t<meta name=\"twitter:card\" content=\"summary_large_image\" \/>\n\t\t<meta name=\"twitter:title\" content=\"El consejo de administraci\u00f3n de Aena abordar\u00e1 ma\u00f1ana la reducci\u00f3n de tarifas ordenada por la CNMC | El Digital de Asturias\" \/>\n\t\t<meta name=\"twitter:description\" content=\"El consejo de administraci\u00f3n de Aena abordar\u00e1 ma\u00f1ana, 28 de julio, la resoluci\u00f3n en la que la Comisi\u00f3n Nacional de los Mercados y la Competencia (CNMC) ordena una rebaja de tarifas del 1,9% para 2016, frente a la congelaci\u00f3n propuesta por el gestor aeroportuario. Seg\u00fan ha informado este lunes Aena a la Comisi\u00f3n Nacional del\" \/>\n\t\t<meta name=\"twitter:image\" content=\"https:\/\/eldigitaldeasturias.com\/magazine365\/wp-content\/uploads\/2015\/07\/fotonoticia_20150724174427_800.jpg\" \/>\n\t\t<script type=\"application\/ld+json\" class=\"aioseo-schema\">\n\t\t\t{\"@context\":\"https:\\\/\\\/schema.org\",\"@graph\":[{\"@type\":\"Article\",\"@id\":\"https:\\\/\\\/eldigitaldeasturias.com\\\/magazine365\\\/el-consejo-de-administracion-de-aena-abordara-manana-la-reduccion-de-tarifas-ordenada-por-la-cnmc\\\/#article\",\"name\":\"El consejo de administraci\\u00f3n de Aena abordar\\u00e1 ma\\u00f1ana la reducci\\u00f3n de tarifas ordenada por la CNMC | El Digital de Asturias\",\"headline\":\"El consejo de administraci\\u00f3n de Aena abordar\\u00e1 ma\\u00f1ana la reducci\\u00f3n de tarifas ordenada por la CNMC\",\"author\":{\"@id\":\"https:\\\/\\\/eldigitaldeasturias.com\\\/magazine365\\\/author\\\/admin\\\/#author\"},\"publisher\":{\"@id\":\"https:\\\/\\\/eldigitaldeasturias.com\\\/magazine365\\\/#organization\"},\"image\":{\"@type\":\"ImageObject\",\"url\":\"https:\\\/\\\/eldigitaldeasturias.com\\\/magazine365\\\/wp-content\\\/uploads\\\/2015\\\/07\\\/fotonoticia_20150724174427_800.jpg\",\"width\":800,\"height\":450},\"datePublished\":\"2015-07-27T06:12:23+02:00\",\"dateModified\":\"2015-07-27T06:12:23+02:00\",\"inLanguage\":\"es-ES\",\"mainEntityOfPage\":{\"@id\":\"https:\\\/\\\/eldigitaldeasturias.com\\\/magazine365\\\/el-consejo-de-administracion-de-aena-abordara-manana-la-reduccion-de-tarifas-ordenada-por-la-cnmc\\\/#webpage\"},\"isPartOf\":{\"@id\":\"https:\\\/\\\/eldigitaldeasturias.com\\\/magazine365\\\/el-consejo-de-administracion-de-aena-abordara-manana-la-reduccion-de-tarifas-ordenada-por-la-cnmc\\\/#webpage\"},\"articleSection\":\"Noticias y Actualidad\"},{\"@type\":\"BreadcrumbList\",\"@id\":\"https:\\\/\\\/eldigitaldeasturias.com\\\/magazine365\\\/el-consejo-de-administracion-de-aena-abordara-manana-la-reduccion-de-tarifas-ordenada-por-la-cnmc\\\/#breadcrumblist\",\"itemListElement\":[{\"@type\":\"ListItem\",\"@id\":\"https:\\\/\\\/eldigitaldeasturias.com\\\/magazine365#listItem\",\"position\":1,\"name\":\"Home\",\"item\":\"https:\\\/\\\/eldigitaldeasturias.com\\\/magazine365\",\"nextItem\":{\"@type\":\"ListItem\",\"@id\":\"https:\\\/\\\/eldigitaldeasturias.com\\\/magazine365\\\/category\\\/noticias-actualidad\\\/#listItem\",\"name\":\"Noticias y Actualidad\"}},{\"@type\":\"ListItem\",\"@id\":\"https:\\\/\\\/eldigitaldeasturias.com\\\/magazine365\\\/category\\\/noticias-actualidad\\\/#listItem\",\"position\":2,\"name\":\"Noticias y Actualidad\",\"item\":\"https:\\\/\\\/eldigitaldeasturias.com\\\/magazine365\\\/category\\\/noticias-actualidad\\\/\",\"nextItem\":{\"@type\":\"ListItem\",\"@id\":\"https:\\\/\\\/eldigitaldeasturias.com\\\/magazine365\\\/el-consejo-de-administracion-de-aena-abordara-manana-la-reduccion-de-tarifas-ordenada-por-la-cnmc\\\/#listItem\",\"name\":\"El consejo de administraci\\u00f3n de Aena abordar\\u00e1 ma\\u00f1ana la reducci\\u00f3n de tarifas ordenada por la CNMC\"},\"previousItem\":{\"@type\":\"ListItem\",\"@id\":\"https:\\\/\\\/eldigitaldeasturias.com\\\/magazine365#listItem\",\"name\":\"Home\"}},{\"@type\":\"ListItem\",\"@id\":\"https:\\\/\\\/eldigitaldeasturias.com\\\/magazine365\\\/el-consejo-de-administracion-de-aena-abordara-manana-la-reduccion-de-tarifas-ordenada-por-la-cnmc\\\/#listItem\",\"position\":3,\"name\":\"El consejo de administraci\\u00f3n de Aena abordar\\u00e1 ma\\u00f1ana la reducci\\u00f3n de tarifas ordenada por la CNMC\",\"previousItem\":{\"@type\":\"ListItem\",\"@id\":\"https:\\\/\\\/eldigitaldeasturias.com\\\/magazine365\\\/category\\\/noticias-actualidad\\\/#listItem\",\"name\":\"Noticias y Actualidad\"}}]},{\"@type\":\"Organization\",\"@id\":\"https:\\\/\\\/eldigitaldeasturias.com\\\/magazine365\\\/#organization\",\"name\":\"El digital de Asturias\",\"description\":\"Revista de ocio, turismo y estilo de vida\",\"url\":\"https:\\\/\\\/eldigitaldeasturias.com\\\/magazine365\\\/\",\"logo\":{\"@type\":\"ImageObject\",\"url\":\"https:\\\/\\\/www.eldigitaldeasturias.com\\\/noticias\\\/wp-content\\\/uploads\\\/2020\\\/12\\\/EDA.jpg\",\"@id\":\"https:\\\/\\\/eldigitaldeasturias.com\\\/magazine365\\\/el-consejo-de-administracion-de-aena-abordara-manana-la-reduccion-de-tarifas-ordenada-por-la-cnmc\\\/#organizationLogo\"},\"image\":{\"@id\":\"https:\\\/\\\/eldigitaldeasturias.com\\\/magazine365\\\/el-consejo-de-administracion-de-aena-abordara-manana-la-reduccion-de-tarifas-ordenada-por-la-cnmc\\\/#organizationLogo\"}},{\"@type\":\"Person\",\"@id\":\"https:\\\/\\\/eldigitaldeasturias.com\\\/magazine365\\\/author\\\/admin\\\/#author\",\"url\":\"https:\\\/\\\/eldigitaldeasturias.com\\\/magazine365\\\/author\\\/admin\\\/\",\"name\":\"admin\",\"image\":{\"@type\":\"ImageObject\",\"@id\":\"https:\\\/\\\/eldigitaldeasturias.com\\\/magazine365\\\/el-consejo-de-administracion-de-aena-abordara-manana-la-reduccion-de-tarifas-ordenada-por-la-cnmc\\\/#authorImage\",\"url\":\"https:\\\/\\\/eldigitaldeasturias.com\\\/magazine365\\\/wp-content\\\/litespeed\\\/avatar\\\/e571bcf59a0edd6fa6838245a470f2fe.jpg?ver=1777574230\",\"width\":96,\"height\":96,\"caption\":\"admin\"}},{\"@type\":\"WebPage\",\"@id\":\"https:\\\/\\\/eldigitaldeasturias.com\\\/magazine365\\\/el-consejo-de-administracion-de-aena-abordara-manana-la-reduccion-de-tarifas-ordenada-por-la-cnmc\\\/#webpage\",\"url\":\"https:\\\/\\\/eldigitaldeasturias.com\\\/magazine365\\\/el-consejo-de-administracion-de-aena-abordara-manana-la-reduccion-de-tarifas-ordenada-por-la-cnmc\\\/\",\"name\":\"El consejo de administraci\\u00f3n de Aena abordar\\u00e1 ma\\u00f1ana la reducci\\u00f3n de tarifas ordenada por la CNMC | El Digital de Asturias\",\"description\":\"El consejo de administraci\\u00f3n de Aena abordar\\u00e1 ma\\u00f1ana, 28 de julio, la resoluci\\u00f3n en la que la Comisi\\u00f3n Nacional de los Mercados y la Competencia (CNMC) ordena una rebaja de tarifas del 1,9% para 2016, frente a la congelaci\\u00f3n propuesta por el gestor aeroportuario. Seg\\u00fan ha informado este lunes Aena a la Comisi\\u00f3n Nacional del\",\"inLanguage\":\"es-ES\",\"isPartOf\":{\"@id\":\"https:\\\/\\\/eldigitaldeasturias.com\\\/magazine365\\\/#website\"},\"breadcrumb\":{\"@id\":\"https:\\\/\\\/eldigitaldeasturias.com\\\/magazine365\\\/el-consejo-de-administracion-de-aena-abordara-manana-la-reduccion-de-tarifas-ordenada-por-la-cnmc\\\/#breadcrumblist\"},\"author\":{\"@id\":\"https:\\\/\\\/eldigitaldeasturias.com\\\/magazine365\\\/author\\\/admin\\\/#author\"},\"creator\":{\"@id\":\"https:\\\/\\\/eldigitaldeasturias.com\\\/magazine365\\\/author\\\/admin\\\/#author\"},\"image\":{\"@type\":\"ImageObject\",\"url\":\"https:\\\/\\\/eldigitaldeasturias.com\\\/magazine365\\\/wp-content\\\/uploads\\\/2015\\\/07\\\/fotonoticia_20150724174427_800.jpg\",\"@id\":\"https:\\\/\\\/eldigitaldeasturias.com\\\/magazine365\\\/el-consejo-de-administracion-de-aena-abordara-manana-la-reduccion-de-tarifas-ordenada-por-la-cnmc\\\/#mainImage\",\"width\":800,\"height\":450},\"primaryImageOfPage\":{\"@id\":\"https:\\\/\\\/eldigitaldeasturias.com\\\/magazine365\\\/el-consejo-de-administracion-de-aena-abordara-manana-la-reduccion-de-tarifas-ordenada-por-la-cnmc\\\/#mainImage\"},\"datePublished\":\"2015-07-27T06:12:23+02:00\",\"dateModified\":\"2015-07-27T06:12:23+02:00\"},{\"@type\":\"WebSite\",\"@id\":\"https:\\\/\\\/eldigitaldeasturias.com\\\/magazine365\\\/#website\",\"url\":\"https:\\\/\\\/eldigitaldeasturias.com\\\/magazine365\\\/\",\"name\":\"El Digital de Asturias\",\"description\":\"Revista de ocio, turismo y estilo de vida\",\"inLanguage\":\"es-ES\",\"publisher\":{\"@id\":\"https:\\\/\\\/eldigitaldeasturias.com\\\/magazine365\\\/#organization\"}}]}\n\t\t<\/script>\n\t\t<!-- All in One SEO Pro -->\r\n\t\t<title>El consejo de administraci\u00f3n de Aena abordar\u00e1 ma\u00f1ana la reducci\u00f3n de tarifas ordenada por la CNMC | El Digital de Asturias<\/title>\n\n","aioseo_head_json":{"title":"El consejo de administraci\u00f3n de Aena abordar\u00e1 ma\u00f1ana la reducci\u00f3n de tarifas ordenada por la CNMC | El Digital de Asturias","description":"El consejo de administraci\u00f3n de Aena abordar\u00e1 ma\u00f1ana, 28 de julio, la resoluci\u00f3n en la que la Comisi\u00f3n Nacional de los Mercados y la Competencia (CNMC) ordena una rebaja de tarifas del 1,9% para 2016, frente a la congelaci\u00f3n propuesta por el gestor aeroportuario. Seg\u00fan ha informado este lunes Aena a la Comisi\u00f3n Nacional del","canonical_url":"https:\/\/eldigitaldeasturias.com\/magazine365\/el-consejo-de-administracion-de-aena-abordara-manana-la-reduccion-de-tarifas-ordenada-por-la-cnmc\/","robots":"max-image-preview:large","keywords":"noticias y actualidad","webmasterTools":{"google-site-verification":"UA-38556648-1","miscellaneous":""},"schema":{"@context":"https:\/\/schema.org","@graph":[{"@type":"Article","@id":"https:\/\/eldigitaldeasturias.com\/magazine365\/el-consejo-de-administracion-de-aena-abordara-manana-la-reduccion-de-tarifas-ordenada-por-la-cnmc\/#article","name":"El consejo de administraci\u00f3n de Aena abordar\u00e1 ma\u00f1ana la reducci\u00f3n de tarifas ordenada por la CNMC | El Digital de Asturias","headline":"El consejo de administraci\u00f3n de Aena abordar\u00e1 ma\u00f1ana la reducci\u00f3n de tarifas ordenada por la CNMC","author":{"@id":"https:\/\/eldigitaldeasturias.com\/magazine365\/author\/admin\/#author"},"publisher":{"@id":"https:\/\/eldigitaldeasturias.com\/magazine365\/#organization"},"image":{"@type":"ImageObject","url":"https:\/\/eldigitaldeasturias.com\/magazine365\/wp-content\/uploads\/2015\/07\/fotonoticia_20150724174427_800.jpg","width":800,"height":450},"datePublished":"2015-07-27T06:12:23+02:00","dateModified":"2015-07-27T06:12:23+02:00","inLanguage":"es-ES","mainEntityOfPage":{"@id":"https:\/\/eldigitaldeasturias.com\/magazine365\/el-consejo-de-administracion-de-aena-abordara-manana-la-reduccion-de-tarifas-ordenada-por-la-cnmc\/#webpage"},"isPartOf":{"@id":"https:\/\/eldigitaldeasturias.com\/magazine365\/el-consejo-de-administracion-de-aena-abordara-manana-la-reduccion-de-tarifas-ordenada-por-la-cnmc\/#webpage"},"articleSection":"Noticias y Actualidad"},{"@type":"BreadcrumbList","@id":"https:\/\/eldigitaldeasturias.com\/magazine365\/el-consejo-de-administracion-de-aena-abordara-manana-la-reduccion-de-tarifas-ordenada-por-la-cnmc\/#breadcrumblist","itemListElement":[{"@type":"ListItem","@id":"https:\/\/eldigitaldeasturias.com\/magazine365#listItem","position":1,"name":"Home","item":"https:\/\/eldigitaldeasturias.com\/magazine365","nextItem":{"@type":"ListItem","@id":"https:\/\/eldigitaldeasturias.com\/magazine365\/category\/noticias-actualidad\/#listItem","name":"Noticias y Actualidad"}},{"@type":"ListItem","@id":"https:\/\/eldigitaldeasturias.com\/magazine365\/category\/noticias-actualidad\/#listItem","position":2,"name":"Noticias y Actualidad","item":"https:\/\/eldigitaldeasturias.com\/magazine365\/category\/noticias-actualidad\/","nextItem":{"@type":"ListItem","@id":"https:\/\/eldigitaldeasturias.com\/magazine365\/el-consejo-de-administracion-de-aena-abordara-manana-la-reduccion-de-tarifas-ordenada-por-la-cnmc\/#listItem","name":"El consejo de administraci\u00f3n de Aena abordar\u00e1 ma\u00f1ana la reducci\u00f3n de tarifas ordenada por la CNMC"},"previousItem":{"@type":"ListItem","@id":"https:\/\/eldigitaldeasturias.com\/magazine365#listItem","name":"Home"}},{"@type":"ListItem","@id":"https:\/\/eldigitaldeasturias.com\/magazine365\/el-consejo-de-administracion-de-aena-abordara-manana-la-reduccion-de-tarifas-ordenada-por-la-cnmc\/#listItem","position":3,"name":"El consejo de administraci\u00f3n de Aena abordar\u00e1 ma\u00f1ana la reducci\u00f3n de tarifas ordenada por la CNMC","previousItem":{"@type":"ListItem","@id":"https:\/\/eldigitaldeasturias.com\/magazine365\/category\/noticias-actualidad\/#listItem","name":"Noticias y Actualidad"}}]},{"@type":"Organization","@id":"https:\/\/eldigitaldeasturias.com\/magazine365\/#organization","name":"El digital de Asturias","description":"Revista de ocio, turismo y estilo de vida","url":"https:\/\/eldigitaldeasturias.com\/magazine365\/","logo":{"@type":"ImageObject","url":"https:\/\/www.eldigitaldeasturias.com\/noticias\/wp-content\/uploads\/2020\/12\/EDA.jpg","@id":"https:\/\/eldigitaldeasturias.com\/magazine365\/el-consejo-de-administracion-de-aena-abordara-manana-la-reduccion-de-tarifas-ordenada-por-la-cnmc\/#organizationLogo"},"image":{"@id":"https:\/\/eldigitaldeasturias.com\/magazine365\/el-consejo-de-administracion-de-aena-abordara-manana-la-reduccion-de-tarifas-ordenada-por-la-cnmc\/#organizationLogo"}},{"@type":"Person","@id":"https:\/\/eldigitaldeasturias.com\/magazine365\/author\/admin\/#author","url":"https:\/\/eldigitaldeasturias.com\/magazine365\/author\/admin\/","name":"admin","image":{"@type":"ImageObject","@id":"https:\/\/eldigitaldeasturias.com\/magazine365\/el-consejo-de-administracion-de-aena-abordara-manana-la-reduccion-de-tarifas-ordenada-por-la-cnmc\/#authorImage","url":"https:\/\/eldigitaldeasturias.com\/magazine365\/wp-content\/litespeed\/avatar\/e571bcf59a0edd6fa6838245a470f2fe.jpg?ver=1777574230","width":96,"height":96,"caption":"admin"}},{"@type":"WebPage","@id":"https:\/\/eldigitaldeasturias.com\/magazine365\/el-consejo-de-administracion-de-aena-abordara-manana-la-reduccion-de-tarifas-ordenada-por-la-cnmc\/#webpage","url":"https:\/\/eldigitaldeasturias.com\/magazine365\/el-consejo-de-administracion-de-aena-abordara-manana-la-reduccion-de-tarifas-ordenada-por-la-cnmc\/","name":"El consejo de administraci\u00f3n de Aena abordar\u00e1 ma\u00f1ana la reducci\u00f3n de tarifas ordenada por la CNMC | El Digital de Asturias","description":"El consejo de administraci\u00f3n de Aena abordar\u00e1 ma\u00f1ana, 28 de julio, la resoluci\u00f3n en la que la Comisi\u00f3n Nacional de los Mercados y la Competencia (CNMC) ordena una rebaja de tarifas del 1,9% para 2016, frente a la congelaci\u00f3n propuesta por el gestor aeroportuario. Seg\u00fan ha informado este lunes Aena a la Comisi\u00f3n Nacional del","inLanguage":"es-ES","isPartOf":{"@id":"https:\/\/eldigitaldeasturias.com\/magazine365\/#website"},"breadcrumb":{"@id":"https:\/\/eldigitaldeasturias.com\/magazine365\/el-consejo-de-administracion-de-aena-abordara-manana-la-reduccion-de-tarifas-ordenada-por-la-cnmc\/#breadcrumblist"},"author":{"@id":"https:\/\/eldigitaldeasturias.com\/magazine365\/author\/admin\/#author"},"creator":{"@id":"https:\/\/eldigitaldeasturias.com\/magazine365\/author\/admin\/#author"},"image":{"@type":"ImageObject","url":"https:\/\/eldigitaldeasturias.com\/magazine365\/wp-content\/uploads\/2015\/07\/fotonoticia_20150724174427_800.jpg","@id":"https:\/\/eldigitaldeasturias.com\/magazine365\/el-consejo-de-administracion-de-aena-abordara-manana-la-reduccion-de-tarifas-ordenada-por-la-cnmc\/#mainImage","width":800,"height":450},"primaryImageOfPage":{"@id":"https:\/\/eldigitaldeasturias.com\/magazine365\/el-consejo-de-administracion-de-aena-abordara-manana-la-reduccion-de-tarifas-ordenada-por-la-cnmc\/#mainImage"},"datePublished":"2015-07-27T06:12:23+02:00","dateModified":"2015-07-27T06:12:23+02:00"},{"@type":"WebSite","@id":"https:\/\/eldigitaldeasturias.com\/magazine365\/#website","url":"https:\/\/eldigitaldeasturias.com\/magazine365\/","name":"El Digital de Asturias","description":"Revista de ocio, turismo y estilo de vida","inLanguage":"es-ES","publisher":{"@id":"https:\/\/eldigitaldeasturias.com\/magazine365\/#organization"}}]},"og:locale":"es_ES","og:site_name":"El Digital de Asturias \u2013 Revista de ocio, turismo y estilo de vida","og:type":"article","og:title":"El consejo de administraci\u00f3n de Aena abordar\u00e1 ma\u00f1ana la reducci\u00f3n de tarifas ordenada por la CNMC | El Digital de Asturias","og:description":"El consejo de administraci\u00f3n de Aena abordar\u00e1 ma\u00f1ana, 28 de julio, la resoluci\u00f3n en la que la Comisi\u00f3n Nacional de los Mercados y la Competencia (CNMC) ordena una rebaja de tarifas del 1,9% para 2016, frente a la congelaci\u00f3n propuesta por el gestor aeroportuario. Seg\u00fan ha informado este lunes Aena a la Comisi\u00f3n Nacional del","og:url":"https:\/\/eldigitaldeasturias.com\/magazine365\/el-consejo-de-administracion-de-aena-abordara-manana-la-reduccion-de-tarifas-ordenada-por-la-cnmc\/","og:image":"https:\/\/eldigitaldeasturias.com\/magazine365\/wp-content\/uploads\/2015\/07\/fotonoticia_20150724174427_800.jpg","og:image:secure_url":"https:\/\/eldigitaldeasturias.com\/magazine365\/wp-content\/uploads\/2015\/07\/fotonoticia_20150724174427_800.jpg","og:image:width":800,"og:image:height":450,"article:published_time":"2015-07-27T04:12:23+00:00","article:modified_time":"2015-07-27T04:12:23+00:00","twitter:card":"summary_large_image","twitter:title":"El consejo de administraci\u00f3n de Aena abordar\u00e1 ma\u00f1ana la reducci\u00f3n de tarifas ordenada por la CNMC | El Digital de Asturias","twitter:description":"El consejo de administraci\u00f3n de Aena abordar\u00e1 ma\u00f1ana, 28 de julio, la resoluci\u00f3n en la que la Comisi\u00f3n Nacional de los Mercados y la Competencia (CNMC) ordena una rebaja de tarifas del 1,9% para 2016, frente a la congelaci\u00f3n propuesta por el gestor aeroportuario. Seg\u00fan ha informado este lunes Aena a la Comisi\u00f3n Nacional del","twitter:image":"https:\/\/eldigitaldeasturias.com\/magazine365\/wp-content\/uploads\/2015\/07\/fotonoticia_20150724174427_800.jpg"},"aioseo_meta_data":{"post_id":"43903","title":null,"description":null,"keywords":null,"keyphrases":null,"primary_term":null,"canonical_url":null,"og_title":null,"og_description":null,"og_object_type":"default","og_image_type":"default","og_image_url":null,"og_image_width":null,"og_image_height":null,"og_image_custom_url":null,"og_image_custom_fields":null,"og_video":null,"og_custom_url":null,"og_article_section":null,"og_article_tags":null,"twitter_use_og":false,"twitter_card":"default","twitter_image_type":"default","twitter_image_url":null,"twitter_image_custom_url":null,"twitter_image_custom_fields":null,"twitter_title":null,"twitter_description":null,"schema":{"blockGraphs":[],"customGraphs":[],"default":{"data":{"Article":[],"Course":[],"Dataset":[],"FAQPage":[],"Movie":[],"Person":[],"Product":[],"ProductReview":[],"Car":[],"Recipe":[],"Service":[],"SoftwareApplication":[],"WebPage":[]},"graphName":"","isEnabled":true},"graphs":[],"defaultGraph":"","defaultPostTypeGraph":""},"schema_type":null,"schema_type_options":null,"pillar_content":false,"robots_default":true,"robots_noindex":false,"robots_noarchive":false,"robots_nosnippet":false,"robots_nofollow":false,"robots_noimageindex":false,"robots_noodp":false,"robots_notranslate":false,"robots_max_snippet":null,"robots_max_videopreview":null,"robots_max_imagepreview":"large","priority":null,"frequency":null,"location":null,"local_seo":null,"seo_analyzer_scan_date":"2025-09-19 20:47:18","breadcrumb_settings":null,"limit_modified_date":false,"open_ai":null,"ai":null,"created":"2021-03-09 01:41:25","updated":"2025-09-19 20:47:18"},"aioseo_breadcrumb":"<div class=\"aioseo-breadcrumbs\"><span class=\"aioseo-breadcrumb\">\n\t<a href=\"https:\/\/eldigitaldeasturias.com\/magazine365\" title=\"Home\">Home<\/a>\n<\/span><span class=\"aioseo-breadcrumb-separator\">\u2013<\/span><span class=\"aioseo-breadcrumb\">\n\t<a href=\"https:\/\/eldigitaldeasturias.com\/magazine365\/category\/noticias-actualidad\/\" title=\"Noticias y Actualidad\">Noticias y Actualidad<\/a>\n<\/span><span class=\"aioseo-breadcrumb-separator\">\u2013<\/span><span class=\"aioseo-breadcrumb\">\n\t<a href=\"https:\/\/eldigitaldeasturias.com\/magazine365\/el-consejo-de-administracion-de-aena-abordara-manana-la-reduccion-de-tarifas-ordenada-por-la-cnmc\/\" title=\"El consejo de administraci\u00f3n de Aena abordar\u00e1 ma\u00f1ana la reducci\u00f3n de tarifas ordenada por la CNMC\">El consejo de administraci\u00f3n de Aena abordar\u00e1 ma\u00f1ana la reducci\u00f3n de tarifas ordenada por la CNMC<\/a>\n<\/span><\/div>","aioseo_breadcrumb_json":[{"label":"Home","link":"https:\/\/eldigitaldeasturias.com\/magazine365"},{"label":"Noticias y Actualidad","link":"https:\/\/eldigitaldeasturias.com\/magazine365\/category\/noticias-actualidad\/"},{"label":"El consejo de administraci\u00f3n de Aena abordar\u00e1 ma\u00f1ana la reducci\u00f3n de tarifas ordenada por la CNMC","link":"https:\/\/eldigitaldeasturias.com\/magazine365\/el-consejo-de-administracion-de-aena-abordara-manana-la-reduccion-de-tarifas-ordenada-por-la-cnmc\/"}],"_links":{"self":[{"href":"https:\/\/eldigitaldeasturias.com\/magazine365\/wp-json\/wp\/v2\/posts\/43903","targetHints":{"allow":["GET"]}}],"collection":[{"href":"https:\/\/eldigitaldeasturias.com\/magazine365\/wp-json\/wp\/v2\/posts"}],"about":[{"href":"https:\/\/eldigitaldeasturias.com\/magazine365\/wp-json\/wp\/v2\/types\/post"}],"author":[{"embeddable":true,"href":"https:\/\/eldigitaldeasturias.com\/magazine365\/wp-json\/wp\/v2\/users\/1"}],"replies":[{"embeddable":true,"href":"https:\/\/eldigitaldeasturias.com\/magazine365\/wp-json\/wp\/v2\/comments?post=43903"}],"version-history":[{"count":0,"href":"https:\/\/eldigitaldeasturias.com\/magazine365\/wp-json\/wp\/v2\/posts\/43903\/revisions"}],"wp:featuredmedia":[{"embeddable":true,"href":"https:\/\/eldigitaldeasturias.com\/magazine365\/wp-json\/wp\/v2\/media\/43876"}],"wp:attachment":[{"href":"https:\/\/eldigitaldeasturias.com\/magazine365\/wp-json\/wp\/v2\/media?parent=43903"}],"wp:term":[{"taxonomy":"category","embeddable":true,"href":"https:\/\/eldigitaldeasturias.com\/magazine365\/wp-json\/wp\/v2\/categories?post=43903"},{"taxonomy":"post_tag","embeddable":true,"href":"https:\/\/eldigitaldeasturias.com\/magazine365\/wp-json\/wp\/v2\/tags?post=43903"}],"curies":[{"name":"wp","href":"https:\/\/api.w.org\/{rel}","templated":true}]}}