{"id":43899,"date":"2015-07-25T23:44:00","date_gmt":"2015-07-25T21:44:00","guid":{"rendered":"http:\/\/eldigitaldeasturias.com\/magazine365\/?p=43899"},"modified":"2015-07-25T23:44:00","modified_gmt":"2015-07-25T21:44:00","slug":"los-paros-de-los-controladores-de-este-sabado-terminan-sin-incidencias-relevantes","status":"publish","type":"post","link":"https:\/\/eldigitaldeasturias.com\/magazine365\/los-paros-de-los-controladores-de-este-sabado-terminan-sin-incidencias-relevantes\/","title":{"rendered":"Los paros de los controladores de este s\u00e1bado terminan sin incidencias relevantes"},"content":{"rendered":"<p><img fetchpriority=\"high\" decoding=\"async\" class=\"alignleft size-medium wp-image-43900\" src=\"https:\/\/eldigitaldeasturias.com\/magazine365\/wp-content\/uploads\/2015\/07\/fotonoticia_20150725143346_800-360x240.jpg\" alt=\"fotonoticia_20150725143346_800\" width=\"360\" height=\"240\" srcset=\"https:\/\/eldigitaldeasturias.com\/magazine365\/wp-content\/uploads\/2015\/07\/fotonoticia_20150725143346_800-360x240.jpg 360w, https:\/\/eldigitaldeasturias.com\/magazine365\/wp-content\/uploads\/2015\/07\/fotonoticia_20150725143346_800-650x433.jpg 650w, https:\/\/eldigitaldeasturias.com\/magazine365\/wp-content\/uploads\/2015\/07\/fotonoticia_20150725143346_800-768x512.jpg 768w, https:\/\/eldigitaldeasturias.com\/magazine365\/wp-content\/uploads\/2015\/07\/fotonoticia_20150725143346_800-150x100.jpg 150w, https:\/\/eldigitaldeasturias.com\/magazine365\/wp-content\/uploads\/2015\/07\/fotonoticia_20150725143346_800-450x300.jpg 450w, https:\/\/eldigitaldeasturias.com\/magazine365\/wp-content\/uploads\/2015\/07\/fotonoticia_20150725143346_800-696x464.jpg 696w, https:\/\/eldigitaldeasturias.com\/magazine365\/wp-content\/uploads\/2015\/07\/fotonoticia_20150725143346_800-630x420.jpg 630w, https:\/\/eldigitaldeasturias.com\/magazine365\/wp-content\/uploads\/2015\/07\/fotonoticia_20150725143346_800-84x55.jpg 84w, https:\/\/eldigitaldeasturias.com\/magazine365\/wp-content\/uploads\/2015\/07\/fotonoticia_20150725143346_800.jpg 800w\" sizes=\"(max-width: 360px) 100vw, 360px\" \/>La primera de las dos jornadas de paros parciales convocadas por los controladores para este fin de semana ha finalizado sin incidencias, con el cumplimiento de los servicios m\u00ednimos y con un impacto bajo en la operatividad de los aeropuertos.<\/p>\n<p>Seg\u00fan han informado a Europa Press fuentes de Enaire, \u00abno ha habido incidencias relevantes\u00bb en los m\u00e1s de 1.150 vuelos que se han operado entre las 10 y las 13 horas de este s\u00e1bado, cuando estaban convocados los paros por los controladores.<\/p>\n<p>El gestor de navegaci\u00f3n a\u00e9rea en Espa\u00f1a ha explicado que en la jornada de paros de este s\u00e1bado se han cumplido los servicios m\u00ednimos y el impacto operativo ha sido \u00abbajo\u00bb.<\/p>\n<p>Por su parte, fuentes de la Uni\u00f3n Sindical de Controladores A\u00e9reos (USCA) han explicado a Europa Press que unos 300 vuelos se han visto afectados por los paros con una demora de entre 15 y 20 minutos.<\/p>\n<p>En total, en las tres horas de paro se han contabilizado unos 5.400 minutos de retraso, una cifra que dobla el tiempo total de demora registrado el pasado 11 de julio, la jornada de huelga en la que los paros tuvieron m\u00e1s impacto.<\/p>\n<p>USCA, que representa al 90% de los 2.000 controladores en plantilla de la matriz de Aena, ha convocado este fin de semana dos paros parciales, el s\u00e1bado entre las 10 y 13 horas y el domingo entre las 17 y 20 horas.<\/p>\n<p>El sindicato reclama que las 61 sanciones impuestas en el centro de control de Barcelona por el cierre del espacio a\u00e9reo en 2010 sean revocadas. Tambi\u00e9n pide la readmisi\u00f3n del controlador despedido en el centro de control de Santiago, Marco Antonio Enr\u00edquez, por los mismos hechos.<\/p>\n<p>USCA ha denunciado que las negociaciones con Enaire se encuentran \u00aben el mismo punto de partida\u00bb tras la \u00faltima reuni\u00f3n celebrada este jueves y ha asegurado que continuar\u00e1 realizando \u00abllamamientos al di\u00e1logo\u00bb para intentar resolver el conflicto.<\/p>\n","protected":false},"excerpt":{"rendered":"<p>La primera de las dos jornadas de paros parciales convocadas por los controladores para este fin de semana ha finalizado sin incidencias, con el cumplimiento de los servicios m\u00ednimos y con un impacto bajo en la operatividad de los aeropuertos. Seg\u00fan han informado a Europa Press fuentes de Enaire, \u00abno ha habido incidencias relevantes\u00bb en<\/p>\n","protected":false},"author":1,"featured_media":43900,"comment_status":"open","ping_status":"closed","sticky":false,"template":"","format":"standard","meta":{"footnotes":""},"categories":[224],"tags":[],"class_list":{"0":"post-43899","1":"post","2":"type-post","3":"status-publish","4":"format-standard","5":"has-post-thumbnail","7":"category-noticias-actualidad"},"aioseo_notices":[],"aioseo_head":"\n\t\t<!-- All in One SEO Pro 4.9.6.1 - aioseo.com -->\n\t<meta name=\"description\" content=\"La primera de las dos jornadas de paros parciales convocadas por los controladores para este fin de semana ha finalizado sin incidencias, con el cumplimiento de los servicios m\u00ednimos y con un impacto bajo en la operatividad de los aeropuertos. Seg\u00fan han informado a Europa Press fuentes de Enaire, &quot;no ha habido incidencias relevantes&quot; en\" \/>\n\t<meta name=\"robots\" content=\"max-image-preview:large\" \/>\n\t<meta name=\"author\" content=\"admin\"\/>\n\t<meta name=\"google-site-verification\" content=\"UA-38556648-1\" \/>\n\t<meta name=\"keywords\" content=\"noticias y actualidad\" \/>\n\t<link rel=\"canonical\" href=\"https:\/\/eldigitaldeasturias.com\/magazine365\/los-paros-de-los-controladores-de-este-sabado-terminan-sin-incidencias-relevantes\/\" \/>\n\t<meta name=\"generator\" content=\"All in One SEO Pro (AIOSEO) 4.9.6.1\" \/>\n\t\t<meta property=\"og:locale\" content=\"es_ES\" \/>\n\t\t<meta property=\"og:site_name\" content=\"El Digital de Asturias \u2013 Revista de ocio, turismo y estilo de vida\" \/>\n\t\t<meta property=\"og:type\" content=\"article\" \/>\n\t\t<meta property=\"og:title\" content=\"Los paros de los controladores de este s\u00e1bado terminan sin incidencias relevantes | El Digital de Asturias\" \/>\n\t\t<meta property=\"og:description\" content=\"La primera de las dos jornadas de paros parciales convocadas por los controladores para este fin de semana ha finalizado sin incidencias, con el cumplimiento de los servicios m\u00ednimos y con un impacto bajo en la operatividad de los aeropuertos. Seg\u00fan han informado a Europa Press fuentes de Enaire, &quot;no ha habido incidencias relevantes&quot; en\" \/>\n\t\t<meta property=\"og:url\" content=\"https:\/\/eldigitaldeasturias.com\/magazine365\/los-paros-de-los-controladores-de-este-sabado-terminan-sin-incidencias-relevantes\/\" \/>\n\t\t<meta property=\"og:image\" content=\"https:\/\/eldigitaldeasturias.com\/magazine365\/wp-content\/uploads\/2015\/07\/fotonoticia_20150725143346_800.jpg\" \/>\n\t\t<meta property=\"og:image:secure_url\" content=\"https:\/\/eldigitaldeasturias.com\/magazine365\/wp-content\/uploads\/2015\/07\/fotonoticia_20150725143346_800.jpg\" \/>\n\t\t<meta property=\"og:image:width\" content=\"800\" \/>\n\t\t<meta property=\"og:image:height\" content=\"533\" \/>\n\t\t<meta property=\"article:published_time\" content=\"2015-07-25T21:44:00+00:00\" \/>\n\t\t<meta property=\"article:modified_time\" content=\"2015-07-25T21:44:00+00:00\" \/>\n\t\t<meta name=\"twitter:card\" content=\"summary_large_image\" \/>\n\t\t<meta name=\"twitter:title\" content=\"Los paros de los controladores de este s\u00e1bado terminan sin incidencias relevantes | El Digital de Asturias\" \/>\n\t\t<meta name=\"twitter:description\" content=\"La primera de las dos jornadas de paros parciales convocadas por los controladores para este fin de semana ha finalizado sin incidencias, con el cumplimiento de los servicios m\u00ednimos y con un impacto bajo en la operatividad de los aeropuertos. Seg\u00fan han informado a Europa Press fuentes de Enaire, &quot;no ha habido incidencias relevantes&quot; en\" \/>\n\t\t<meta name=\"twitter:image\" content=\"https:\/\/eldigitaldeasturias.com\/magazine365\/wp-content\/uploads\/2015\/07\/fotonoticia_20150725143346_800.jpg\" \/>\n\t\t<script type=\"application\/ld+json\" class=\"aioseo-schema\">\n\t\t\t{\"@context\":\"https:\\\/\\\/schema.org\",\"@graph\":[{\"@type\":\"Article\",\"@id\":\"https:\\\/\\\/eldigitaldeasturias.com\\\/magazine365\\\/los-paros-de-los-controladores-de-este-sabado-terminan-sin-incidencias-relevantes\\\/#article\",\"name\":\"Los paros de los controladores de este s\\u00e1bado terminan sin incidencias relevantes | El Digital de Asturias\",\"headline\":\"Los paros de los controladores de este s\\u00e1bado terminan sin incidencias relevantes\",\"author\":{\"@id\":\"https:\\\/\\\/eldigitaldeasturias.com\\\/magazine365\\\/author\\\/admin\\\/#author\"},\"publisher\":{\"@id\":\"https:\\\/\\\/eldigitaldeasturias.com\\\/magazine365\\\/#organization\"},\"image\":{\"@type\":\"ImageObject\",\"url\":\"https:\\\/\\\/eldigitaldeasturias.com\\\/magazine365\\\/wp-content\\\/uploads\\\/2015\\\/07\\\/fotonoticia_20150725143346_800.jpg\",\"width\":800,\"height\":533},\"datePublished\":\"2015-07-25T23:44:00+02:00\",\"dateModified\":\"2015-07-25T23:44:00+02:00\",\"inLanguage\":\"es-ES\",\"mainEntityOfPage\":{\"@id\":\"https:\\\/\\\/eldigitaldeasturias.com\\\/magazine365\\\/los-paros-de-los-controladores-de-este-sabado-terminan-sin-incidencias-relevantes\\\/#webpage\"},\"isPartOf\":{\"@id\":\"https:\\\/\\\/eldigitaldeasturias.com\\\/magazine365\\\/los-paros-de-los-controladores-de-este-sabado-terminan-sin-incidencias-relevantes\\\/#webpage\"},\"articleSection\":\"Noticias y Actualidad\"},{\"@type\":\"BreadcrumbList\",\"@id\":\"https:\\\/\\\/eldigitaldeasturias.com\\\/magazine365\\\/los-paros-de-los-controladores-de-este-sabado-terminan-sin-incidencias-relevantes\\\/#breadcrumblist\",\"itemListElement\":[{\"@type\":\"ListItem\",\"@id\":\"https:\\\/\\\/eldigitaldeasturias.com\\\/magazine365#listItem\",\"position\":1,\"name\":\"Home\",\"item\":\"https:\\\/\\\/eldigitaldeasturias.com\\\/magazine365\",\"nextItem\":{\"@type\":\"ListItem\",\"@id\":\"https:\\\/\\\/eldigitaldeasturias.com\\\/magazine365\\\/category\\\/noticias-actualidad\\\/#listItem\",\"name\":\"Noticias y Actualidad\"}},{\"@type\":\"ListItem\",\"@id\":\"https:\\\/\\\/eldigitaldeasturias.com\\\/magazine365\\\/category\\\/noticias-actualidad\\\/#listItem\",\"position\":2,\"name\":\"Noticias y Actualidad\",\"item\":\"https:\\\/\\\/eldigitaldeasturias.com\\\/magazine365\\\/category\\\/noticias-actualidad\\\/\",\"nextItem\":{\"@type\":\"ListItem\",\"@id\":\"https:\\\/\\\/eldigitaldeasturias.com\\\/magazine365\\\/los-paros-de-los-controladores-de-este-sabado-terminan-sin-incidencias-relevantes\\\/#listItem\",\"name\":\"Los paros de los controladores de este s\\u00e1bado terminan sin incidencias relevantes\"},\"previousItem\":{\"@type\":\"ListItem\",\"@id\":\"https:\\\/\\\/eldigitaldeasturias.com\\\/magazine365#listItem\",\"name\":\"Home\"}},{\"@type\":\"ListItem\",\"@id\":\"https:\\\/\\\/eldigitaldeasturias.com\\\/magazine365\\\/los-paros-de-los-controladores-de-este-sabado-terminan-sin-incidencias-relevantes\\\/#listItem\",\"position\":3,\"name\":\"Los paros de los controladores de este s\\u00e1bado terminan sin incidencias relevantes\",\"previousItem\":{\"@type\":\"ListItem\",\"@id\":\"https:\\\/\\\/eldigitaldeasturias.com\\\/magazine365\\\/category\\\/noticias-actualidad\\\/#listItem\",\"name\":\"Noticias y Actualidad\"}}]},{\"@type\":\"Organization\",\"@id\":\"https:\\\/\\\/eldigitaldeasturias.com\\\/magazine365\\\/#organization\",\"name\":\"El digital de Asturias\",\"description\":\"Revista de ocio, turismo y estilo de vida\",\"url\":\"https:\\\/\\\/eldigitaldeasturias.com\\\/magazine365\\\/\",\"logo\":{\"@type\":\"ImageObject\",\"url\":\"https:\\\/\\\/www.eldigitaldeasturias.com\\\/noticias\\\/wp-content\\\/uploads\\\/2020\\\/12\\\/EDA.jpg\",\"@id\":\"https:\\\/\\\/eldigitaldeasturias.com\\\/magazine365\\\/los-paros-de-los-controladores-de-este-sabado-terminan-sin-incidencias-relevantes\\\/#organizationLogo\"},\"image\":{\"@id\":\"https:\\\/\\\/eldigitaldeasturias.com\\\/magazine365\\\/los-paros-de-los-controladores-de-este-sabado-terminan-sin-incidencias-relevantes\\\/#organizationLogo\"}},{\"@type\":\"Person\",\"@id\":\"https:\\\/\\\/eldigitaldeasturias.com\\\/magazine365\\\/author\\\/admin\\\/#author\",\"url\":\"https:\\\/\\\/eldigitaldeasturias.com\\\/magazine365\\\/author\\\/admin\\\/\",\"name\":\"admin\",\"image\":{\"@type\":\"ImageObject\",\"@id\":\"https:\\\/\\\/eldigitaldeasturias.com\\\/magazine365\\\/los-paros-de-los-controladores-de-este-sabado-terminan-sin-incidencias-relevantes\\\/#authorImage\",\"url\":\"https:\\\/\\\/eldigitaldeasturias.com\\\/magazine365\\\/wp-content\\\/litespeed\\\/avatar\\\/e571bcf59a0edd6fa6838245a470f2fe.jpg?ver=1777574230\",\"width\":96,\"height\":96,\"caption\":\"admin\"}},{\"@type\":\"WebPage\",\"@id\":\"https:\\\/\\\/eldigitaldeasturias.com\\\/magazine365\\\/los-paros-de-los-controladores-de-este-sabado-terminan-sin-incidencias-relevantes\\\/#webpage\",\"url\":\"https:\\\/\\\/eldigitaldeasturias.com\\\/magazine365\\\/los-paros-de-los-controladores-de-este-sabado-terminan-sin-incidencias-relevantes\\\/\",\"name\":\"Los paros de los controladores de este s\\u00e1bado terminan sin incidencias relevantes | El Digital de Asturias\",\"description\":\"La primera de las dos jornadas de paros parciales convocadas por los controladores para este fin de semana ha finalizado sin incidencias, con el cumplimiento de los servicios m\\u00ednimos y con un impacto bajo en la operatividad de los aeropuertos. Seg\\u00fan han informado a Europa Press fuentes de Enaire, \\\"no ha habido incidencias relevantes\\\" en\",\"inLanguage\":\"es-ES\",\"isPartOf\":{\"@id\":\"https:\\\/\\\/eldigitaldeasturias.com\\\/magazine365\\\/#website\"},\"breadcrumb\":{\"@id\":\"https:\\\/\\\/eldigitaldeasturias.com\\\/magazine365\\\/los-paros-de-los-controladores-de-este-sabado-terminan-sin-incidencias-relevantes\\\/#breadcrumblist\"},\"author\":{\"@id\":\"https:\\\/\\\/eldigitaldeasturias.com\\\/magazine365\\\/author\\\/admin\\\/#author\"},\"creator\":{\"@id\":\"https:\\\/\\\/eldigitaldeasturias.com\\\/magazine365\\\/author\\\/admin\\\/#author\"},\"image\":{\"@type\":\"ImageObject\",\"url\":\"https:\\\/\\\/eldigitaldeasturias.com\\\/magazine365\\\/wp-content\\\/uploads\\\/2015\\\/07\\\/fotonoticia_20150725143346_800.jpg\",\"@id\":\"https:\\\/\\\/eldigitaldeasturias.com\\\/magazine365\\\/los-paros-de-los-controladores-de-este-sabado-terminan-sin-incidencias-relevantes\\\/#mainImage\",\"width\":800,\"height\":533},\"primaryImageOfPage\":{\"@id\":\"https:\\\/\\\/eldigitaldeasturias.com\\\/magazine365\\\/los-paros-de-los-controladores-de-este-sabado-terminan-sin-incidencias-relevantes\\\/#mainImage\"},\"datePublished\":\"2015-07-25T23:44:00+02:00\",\"dateModified\":\"2015-07-25T23:44:00+02:00\"},{\"@type\":\"WebSite\",\"@id\":\"https:\\\/\\\/eldigitaldeasturias.com\\\/magazine365\\\/#website\",\"url\":\"https:\\\/\\\/eldigitaldeasturias.com\\\/magazine365\\\/\",\"name\":\"El Digital de Asturias\",\"description\":\"Revista de ocio, turismo y estilo de vida\",\"inLanguage\":\"es-ES\",\"publisher\":{\"@id\":\"https:\\\/\\\/eldigitaldeasturias.com\\\/magazine365\\\/#organization\"}}]}\n\t\t<\/script>\n\t\t<!-- All in One SEO Pro -->\r\n\t\t<title>Los paros de los controladores de este s\u00e1bado terminan sin incidencias relevantes | El Digital de Asturias<\/title>\n\n","aioseo_head_json":{"title":"Los paros de los controladores de este s\u00e1bado terminan sin incidencias relevantes | El Digital de Asturias","description":"La primera de las dos jornadas de paros parciales convocadas por los controladores para este fin de semana ha finalizado sin incidencias, con el cumplimiento de los servicios m\u00ednimos y con un impacto bajo en la operatividad de los aeropuertos. Seg\u00fan han informado a Europa Press fuentes de Enaire, \"no ha habido incidencias relevantes\" en","canonical_url":"https:\/\/eldigitaldeasturias.com\/magazine365\/los-paros-de-los-controladores-de-este-sabado-terminan-sin-incidencias-relevantes\/","robots":"max-image-preview:large","keywords":"noticias y actualidad","webmasterTools":{"google-site-verification":"UA-38556648-1","miscellaneous":""},"schema":{"@context":"https:\/\/schema.org","@graph":[{"@type":"Article","@id":"https:\/\/eldigitaldeasturias.com\/magazine365\/los-paros-de-los-controladores-de-este-sabado-terminan-sin-incidencias-relevantes\/#article","name":"Los paros de los controladores de este s\u00e1bado terminan sin incidencias relevantes | El Digital de Asturias","headline":"Los paros de los controladores de este s\u00e1bado terminan sin incidencias relevantes","author":{"@id":"https:\/\/eldigitaldeasturias.com\/magazine365\/author\/admin\/#author"},"publisher":{"@id":"https:\/\/eldigitaldeasturias.com\/magazine365\/#organization"},"image":{"@type":"ImageObject","url":"https:\/\/eldigitaldeasturias.com\/magazine365\/wp-content\/uploads\/2015\/07\/fotonoticia_20150725143346_800.jpg","width":800,"height":533},"datePublished":"2015-07-25T23:44:00+02:00","dateModified":"2015-07-25T23:44:00+02:00","inLanguage":"es-ES","mainEntityOfPage":{"@id":"https:\/\/eldigitaldeasturias.com\/magazine365\/los-paros-de-los-controladores-de-este-sabado-terminan-sin-incidencias-relevantes\/#webpage"},"isPartOf":{"@id":"https:\/\/eldigitaldeasturias.com\/magazine365\/los-paros-de-los-controladores-de-este-sabado-terminan-sin-incidencias-relevantes\/#webpage"},"articleSection":"Noticias y Actualidad"},{"@type":"BreadcrumbList","@id":"https:\/\/eldigitaldeasturias.com\/magazine365\/los-paros-de-los-controladores-de-este-sabado-terminan-sin-incidencias-relevantes\/#breadcrumblist","itemListElement":[{"@type":"ListItem","@id":"https:\/\/eldigitaldeasturias.com\/magazine365#listItem","position":1,"name":"Home","item":"https:\/\/eldigitaldeasturias.com\/magazine365","nextItem":{"@type":"ListItem","@id":"https:\/\/eldigitaldeasturias.com\/magazine365\/category\/noticias-actualidad\/#listItem","name":"Noticias y Actualidad"}},{"@type":"ListItem","@id":"https:\/\/eldigitaldeasturias.com\/magazine365\/category\/noticias-actualidad\/#listItem","position":2,"name":"Noticias y Actualidad","item":"https:\/\/eldigitaldeasturias.com\/magazine365\/category\/noticias-actualidad\/","nextItem":{"@type":"ListItem","@id":"https:\/\/eldigitaldeasturias.com\/magazine365\/los-paros-de-los-controladores-de-este-sabado-terminan-sin-incidencias-relevantes\/#listItem","name":"Los paros de los controladores de este s\u00e1bado terminan sin incidencias relevantes"},"previousItem":{"@type":"ListItem","@id":"https:\/\/eldigitaldeasturias.com\/magazine365#listItem","name":"Home"}},{"@type":"ListItem","@id":"https:\/\/eldigitaldeasturias.com\/magazine365\/los-paros-de-los-controladores-de-este-sabado-terminan-sin-incidencias-relevantes\/#listItem","position":3,"name":"Los paros de los controladores de este s\u00e1bado terminan sin incidencias relevantes","previousItem":{"@type":"ListItem","@id":"https:\/\/eldigitaldeasturias.com\/magazine365\/category\/noticias-actualidad\/#listItem","name":"Noticias y Actualidad"}}]},{"@type":"Organization","@id":"https:\/\/eldigitaldeasturias.com\/magazine365\/#organization","name":"El digital de Asturias","description":"Revista de ocio, turismo y estilo de vida","url":"https:\/\/eldigitaldeasturias.com\/magazine365\/","logo":{"@type":"ImageObject","url":"https:\/\/www.eldigitaldeasturias.com\/noticias\/wp-content\/uploads\/2020\/12\/EDA.jpg","@id":"https:\/\/eldigitaldeasturias.com\/magazine365\/los-paros-de-los-controladores-de-este-sabado-terminan-sin-incidencias-relevantes\/#organizationLogo"},"image":{"@id":"https:\/\/eldigitaldeasturias.com\/magazine365\/los-paros-de-los-controladores-de-este-sabado-terminan-sin-incidencias-relevantes\/#organizationLogo"}},{"@type":"Person","@id":"https:\/\/eldigitaldeasturias.com\/magazine365\/author\/admin\/#author","url":"https:\/\/eldigitaldeasturias.com\/magazine365\/author\/admin\/","name":"admin","image":{"@type":"ImageObject","@id":"https:\/\/eldigitaldeasturias.com\/magazine365\/los-paros-de-los-controladores-de-este-sabado-terminan-sin-incidencias-relevantes\/#authorImage","url":"https:\/\/eldigitaldeasturias.com\/magazine365\/wp-content\/litespeed\/avatar\/e571bcf59a0edd6fa6838245a470f2fe.jpg?ver=1777574230","width":96,"height":96,"caption":"admin"}},{"@type":"WebPage","@id":"https:\/\/eldigitaldeasturias.com\/magazine365\/los-paros-de-los-controladores-de-este-sabado-terminan-sin-incidencias-relevantes\/#webpage","url":"https:\/\/eldigitaldeasturias.com\/magazine365\/los-paros-de-los-controladores-de-este-sabado-terminan-sin-incidencias-relevantes\/","name":"Los paros de los controladores de este s\u00e1bado terminan sin incidencias relevantes | El Digital de Asturias","description":"La primera de las dos jornadas de paros parciales convocadas por los controladores para este fin de semana ha finalizado sin incidencias, con el cumplimiento de los servicios m\u00ednimos y con un impacto bajo en la operatividad de los aeropuertos. Seg\u00fan han informado a Europa Press fuentes de Enaire, \"no ha habido incidencias relevantes\" en","inLanguage":"es-ES","isPartOf":{"@id":"https:\/\/eldigitaldeasturias.com\/magazine365\/#website"},"breadcrumb":{"@id":"https:\/\/eldigitaldeasturias.com\/magazine365\/los-paros-de-los-controladores-de-este-sabado-terminan-sin-incidencias-relevantes\/#breadcrumblist"},"author":{"@id":"https:\/\/eldigitaldeasturias.com\/magazine365\/author\/admin\/#author"},"creator":{"@id":"https:\/\/eldigitaldeasturias.com\/magazine365\/author\/admin\/#author"},"image":{"@type":"ImageObject","url":"https:\/\/eldigitaldeasturias.com\/magazine365\/wp-content\/uploads\/2015\/07\/fotonoticia_20150725143346_800.jpg","@id":"https:\/\/eldigitaldeasturias.com\/magazine365\/los-paros-de-los-controladores-de-este-sabado-terminan-sin-incidencias-relevantes\/#mainImage","width":800,"height":533},"primaryImageOfPage":{"@id":"https:\/\/eldigitaldeasturias.com\/magazine365\/los-paros-de-los-controladores-de-este-sabado-terminan-sin-incidencias-relevantes\/#mainImage"},"datePublished":"2015-07-25T23:44:00+02:00","dateModified":"2015-07-25T23:44:00+02:00"},{"@type":"WebSite","@id":"https:\/\/eldigitaldeasturias.com\/magazine365\/#website","url":"https:\/\/eldigitaldeasturias.com\/magazine365\/","name":"El Digital de Asturias","description":"Revista de ocio, turismo y estilo de vida","inLanguage":"es-ES","publisher":{"@id":"https:\/\/eldigitaldeasturias.com\/magazine365\/#organization"}}]},"og:locale":"es_ES","og:site_name":"El Digital de Asturias \u2013 Revista de ocio, turismo y estilo de vida","og:type":"article","og:title":"Los paros de los controladores de este s\u00e1bado terminan sin incidencias relevantes | El Digital de Asturias","og:description":"La primera de las dos jornadas de paros parciales convocadas por los controladores para este fin de semana ha finalizado sin incidencias, con el cumplimiento de los servicios m\u00ednimos y con un impacto bajo en la operatividad de los aeropuertos. Seg\u00fan han informado a Europa Press fuentes de Enaire, &quot;no ha habido incidencias relevantes&quot; en","og:url":"https:\/\/eldigitaldeasturias.com\/magazine365\/los-paros-de-los-controladores-de-este-sabado-terminan-sin-incidencias-relevantes\/","og:image":"https:\/\/eldigitaldeasturias.com\/magazine365\/wp-content\/uploads\/2015\/07\/fotonoticia_20150725143346_800.jpg","og:image:secure_url":"https:\/\/eldigitaldeasturias.com\/magazine365\/wp-content\/uploads\/2015\/07\/fotonoticia_20150725143346_800.jpg","og:image:width":800,"og:image:height":533,"article:published_time":"2015-07-25T21:44:00+00:00","article:modified_time":"2015-07-25T21:44:00+00:00","twitter:card":"summary_large_image","twitter:title":"Los paros de los controladores de este s\u00e1bado terminan sin incidencias relevantes | El Digital de Asturias","twitter:description":"La primera de las dos jornadas de paros parciales convocadas por los controladores para este fin de semana ha finalizado sin incidencias, con el cumplimiento de los servicios m\u00ednimos y con un impacto bajo en la operatividad de los aeropuertos. Seg\u00fan han informado a Europa Press fuentes de Enaire, &quot;no ha habido incidencias relevantes&quot; en","twitter:image":"https:\/\/eldigitaldeasturias.com\/magazine365\/wp-content\/uploads\/2015\/07\/fotonoticia_20150725143346_800.jpg"},"aioseo_meta_data":{"post_id":"43899","title":null,"description":null,"keywords":null,"keyphrases":null,"primary_term":null,"canonical_url":null,"og_title":null,"og_description":null,"og_object_type":"default","og_image_type":"default","og_image_url":null,"og_image_width":null,"og_image_height":null,"og_image_custom_url":null,"og_image_custom_fields":null,"og_video":null,"og_custom_url":null,"og_article_section":null,"og_article_tags":null,"twitter_use_og":false,"twitter_card":"default","twitter_image_type":"default","twitter_image_url":null,"twitter_image_custom_url":null,"twitter_image_custom_fields":null,"twitter_title":null,"twitter_description":null,"schema":{"blockGraphs":[],"customGraphs":[],"default":{"data":{"Article":[],"Course":[],"Dataset":[],"FAQPage":[],"Movie":[],"Person":[],"Product":[],"ProductReview":[],"Car":[],"Recipe":[],"Service":[],"SoftwareApplication":[],"WebPage":[]},"graphName":"","isEnabled":true},"graphs":[],"defaultGraph":"","defaultPostTypeGraph":""},"schema_type":null,"schema_type_options":null,"pillar_content":false,"robots_default":true,"robots_noindex":false,"robots_noarchive":false,"robots_nosnippet":false,"robots_nofollow":false,"robots_noimageindex":false,"robots_noodp":false,"robots_notranslate":false,"robots_max_snippet":null,"robots_max_videopreview":null,"robots_max_imagepreview":"large","priority":null,"frequency":null,"location":null,"local_seo":null,"seo_analyzer_scan_date":"2025-09-19 20:47:17","breadcrumb_settings":null,"limit_modified_date":false,"open_ai":null,"ai":null,"created":"2021-03-09 01:41:25","updated":"2025-09-19 20:47:17"},"aioseo_breadcrumb":"<div class=\"aioseo-breadcrumbs\"><span class=\"aioseo-breadcrumb\">\n\t<a href=\"https:\/\/eldigitaldeasturias.com\/magazine365\" title=\"Home\">Home<\/a>\n<\/span><span class=\"aioseo-breadcrumb-separator\">\u2013<\/span><span class=\"aioseo-breadcrumb\">\n\t<a href=\"https:\/\/eldigitaldeasturias.com\/magazine365\/category\/noticias-actualidad\/\" title=\"Noticias y Actualidad\">Noticias y Actualidad<\/a>\n<\/span><span class=\"aioseo-breadcrumb-separator\">\u2013<\/span><span class=\"aioseo-breadcrumb\">\n\t<a href=\"https:\/\/eldigitaldeasturias.com\/magazine365\/los-paros-de-los-controladores-de-este-sabado-terminan-sin-incidencias-relevantes\/\" title=\"Los paros de los controladores de este s\u00e1bado terminan sin incidencias relevantes\">Los paros de los controladores de este s\u00e1bado terminan sin incidencias relevantes<\/a>\n<\/span><\/div>","aioseo_breadcrumb_json":[{"label":"Home","link":"https:\/\/eldigitaldeasturias.com\/magazine365"},{"label":"Noticias y Actualidad","link":"https:\/\/eldigitaldeasturias.com\/magazine365\/category\/noticias-actualidad\/"},{"label":"Los paros de los controladores de este s\u00e1bado terminan sin incidencias relevantes","link":"https:\/\/eldigitaldeasturias.com\/magazine365\/los-paros-de-los-controladores-de-este-sabado-terminan-sin-incidencias-relevantes\/"}],"_links":{"self":[{"href":"https:\/\/eldigitaldeasturias.com\/magazine365\/wp-json\/wp\/v2\/posts\/43899","targetHints":{"allow":["GET"]}}],"collection":[{"href":"https:\/\/eldigitaldeasturias.com\/magazine365\/wp-json\/wp\/v2\/posts"}],"about":[{"href":"https:\/\/eldigitaldeasturias.com\/magazine365\/wp-json\/wp\/v2\/types\/post"}],"author":[{"embeddable":true,"href":"https:\/\/eldigitaldeasturias.com\/magazine365\/wp-json\/wp\/v2\/users\/1"}],"replies":[{"embeddable":true,"href":"https:\/\/eldigitaldeasturias.com\/magazine365\/wp-json\/wp\/v2\/comments?post=43899"}],"version-history":[{"count":0,"href":"https:\/\/eldigitaldeasturias.com\/magazine365\/wp-json\/wp\/v2\/posts\/43899\/revisions"}],"wp:featuredmedia":[{"embeddable":true,"href":"https:\/\/eldigitaldeasturias.com\/magazine365\/wp-json\/wp\/v2\/media\/43900"}],"wp:attachment":[{"href":"https:\/\/eldigitaldeasturias.com\/magazine365\/wp-json\/wp\/v2\/media?parent=43899"}],"wp:term":[{"taxonomy":"category","embeddable":true,"href":"https:\/\/eldigitaldeasturias.com\/magazine365\/wp-json\/wp\/v2\/categories?post=43899"},{"taxonomy":"post_tag","embeddable":true,"href":"https:\/\/eldigitaldeasturias.com\/magazine365\/wp-json\/wp\/v2\/tags?post=43899"}],"curies":[{"name":"wp","href":"https:\/\/api.w.org\/{rel}","templated":true}]}}