{"id":43741,"date":"2015-07-25T07:06:53","date_gmt":"2015-07-25T05:06:53","guid":{"rendered":"http:\/\/eldigitaldeasturias.com\/magazine365\/?p=43741"},"modified":"2015-07-25T07:06:53","modified_gmt":"2015-07-25T05:06:53","slug":"se-mantienen-los-paros-de-los-controladores-aereos-de-este-fin-de-semana","status":"publish","type":"post","link":"https:\/\/eldigitaldeasturias.com\/magazine365\/se-mantienen-los-paros-de-los-controladores-aereos-de-este-fin-de-semana\/","title":{"rendered":"Se mantienen los paros de los controladores a\u00e9reos de este fin de semana"},"content":{"rendered":"<p><img fetchpriority=\"high\" decoding=\"async\" class=\"alignleft size-medium wp-image-43742\" src=\"https:\/\/eldigitaldeasturias.com\/magazine365\/wp-content\/uploads\/2015\/07\/fotonoticia_20150723184802_800-360x223.jpg\" alt=\"fotonoticia_20150723184802_800\" width=\"360\" height=\"223\" srcset=\"https:\/\/eldigitaldeasturias.com\/magazine365\/wp-content\/uploads\/2015\/07\/fotonoticia_20150723184802_800-360x223.jpg 360w, https:\/\/eldigitaldeasturias.com\/magazine365\/wp-content\/uploads\/2015\/07\/fotonoticia_20150723184802_800-650x402.jpg 650w, https:\/\/eldigitaldeasturias.com\/magazine365\/wp-content\/uploads\/2015\/07\/fotonoticia_20150723184802_800-768x475.jpg 768w, https:\/\/eldigitaldeasturias.com\/magazine365\/wp-content\/uploads\/2015\/07\/fotonoticia_20150723184802_800-150x93.jpg 150w, https:\/\/eldigitaldeasturias.com\/magazine365\/wp-content\/uploads\/2015\/07\/fotonoticia_20150723184802_800-450x278.jpg 450w, https:\/\/eldigitaldeasturias.com\/magazine365\/wp-content\/uploads\/2015\/07\/fotonoticia_20150723184802_800-356x220.jpg 356w, https:\/\/eldigitaldeasturias.com\/magazine365\/wp-content\/uploads\/2015\/07\/fotonoticia_20150723184802_800-696x431.jpg 696w, https:\/\/eldigitaldeasturias.com\/magazine365\/wp-content\/uploads\/2015\/07\/fotonoticia_20150723184802_800-679x420.jpg 679w, https:\/\/eldigitaldeasturias.com\/magazine365\/wp-content\/uploads\/2015\/07\/fotonoticia_20150723184802_800-279x173.jpg 279w, https:\/\/eldigitaldeasturias.com\/magazine365\/wp-content\/uploads\/2015\/07\/fotonoticia_20150723184802_800.jpg 800w\" sizes=\"(max-width: 360px) 100vw, 360px\" \/>La Uni\u00f3n Sindical de Controladores A\u00e9reos (USCA) mantiene los paros parciales convocados los d\u00edas 25 y 26 de julio, tras la reuni\u00f3n con ENAIRE celebrada este jueves, mientras fuentes de la gestora aeroportuaria alegan que \u00ablas sentencias de los tribunales avalan las sanciones y el despido\u00bb.<\/p>\n<p>USCA, que representa al 90% de los 2.000 controladores en plantilla de la matriz de Aena, acusa a ENAIRE de \u00abinmovilismo y negativa para alcanzar un acuerdo negociado\u00bb. \u00abNo abri\u00f3 ninguna v\u00eda de di\u00e1logo desde los paros desarrollados los d\u00edas 11 y 12 de julio\u00bb, concluyen.<\/p>\n<p>\u00abENAIRE pone de manifiesto su falta de responsabilidad para resolver el conflicto y obliga a USCA a mantener los paros\u00bb, asegura el sindicato, que adelanta que \u00abposiblemente\u00bb se recrudezcan las protestas.<\/p>\n<p>El sindicato reclama que las 61 sanciones impuestas en el centro de control de Barcelona por el cierre del espacio a\u00e9reo en 2010 sean revocadas. Tambi\u00e9n pide la readmisi\u00f3n del controlador despedido en el centro de control de Santiago, Marco Antonio Enr\u00edquez, por los mismos hechos.<\/p>\n<p>Susana Romero, portavoz de USCA, ve \u00abincomprensible\u00bb que ENAIRE se niegue a readmitir a los trabajadores. \u00abNos hemos reunido a petici\u00f3n del sindicato, y el encuentro se produjo esta ma\u00f1ana hasta las 17:00 horas de esta tarde\u00bb, detalla.<\/p>\n<p>El Gobierno fij\u00f3 los servicios m\u00ednimos para las dos jornadas de paros parciales en el 80%. En concreto, los paros ser\u00e1n de 10:00 horas a 13:00 horas el s\u00e1bado, y de 17:00 a 20:00 horas el domingo.<\/p>\n<p>Romero cree que el \u00abimpacto ser\u00e1 peque\u00f1o, como los del pasado 11 y 12 de julio\u00bb y adelanta que recurrir\u00e1n los servicios m\u00ednimos impuestos, que son del 70% por vulnerar su derecho a huelga.<\/p>\n<p>\u00abABIERTOS A HABLAR HASTA \u00daLTIMA HORA\u00bb<\/p>\n<p>Por su parte, ENAIRE reitera \u00absu disposici\u00f3n a dialogar y buscar soluciones para permitir la desconvocatoria de la huelga de controladores\u00bb. Fuentes de la gestora aeroportuaria afirman a Europa Press que est\u00e1n \u00ababiertos a hablar hasta \u00faltima hora\u00bb y no descartan volver a reunirse este viernes \u00abpara evitar paros, haya la actividad que haya\u00bb.<\/p>\n<p>ENAIRE se remite a las sentencias de los juzgados \u00abque respaldan las sanciones\u00bb y se\u00f1ala que \u00abel despido es un hecho puntual, y tambi\u00e9n hay sentencia que nos apoya\u00bb.<\/p>\n<p>Reitera adem\u00e1s que ante la pr\u00f3xima jornada de paros, ENAIRE establecer\u00e1 como lo hizo el 11 y 12 de julio, \u00abtodas las medidas t\u00e9cnicas y operativas necesarias para asegurar el inter\u00e9s general y minimizar el impacto de los paros en los usuarios\u00bb.<\/p>\n","protected":false},"excerpt":{"rendered":"<p>La Uni\u00f3n Sindical de Controladores A\u00e9reos (USCA) mantiene los paros parciales convocados los d\u00edas 25 y 26 de julio, tras la reuni\u00f3n con ENAIRE celebrada este jueves, mientras fuentes de la gestora aeroportuaria alegan que \u00ablas sentencias de los tribunales avalan las sanciones y el despido\u00bb. USCA, que representa al 90% de los 2.000 controladores<\/p>\n","protected":false},"author":1,"featured_media":43742,"comment_status":"open","ping_status":"closed","sticky":false,"template":"","format":"standard","meta":{"footnotes":""},"categories":[224],"tags":[],"class_list":{"0":"post-43741","1":"post","2":"type-post","3":"status-publish","4":"format-standard","5":"has-post-thumbnail","7":"category-noticias-actualidad"},"aioseo_notices":[],"aioseo_head":"\n\t\t<!-- All in One SEO Pro 4.9.6.1 - aioseo.com -->\n\t<meta name=\"description\" content=\"La Uni\u00f3n Sindical de Controladores A\u00e9reos (USCA) mantiene los paros parciales convocados los d\u00edas 25 y 26 de julio, tras la reuni\u00f3n con ENAIRE celebrada este jueves, mientras fuentes de la gestora aeroportuaria alegan que &quot;las sentencias de los tribunales avalan las sanciones y el despido&quot;. USCA, que representa al 90% de los 2.000 controladores\" \/>\n\t<meta name=\"robots\" content=\"max-image-preview:large\" \/>\n\t<meta name=\"author\" content=\"admin\"\/>\n\t<meta name=\"google-site-verification\" content=\"UA-38556648-1\" \/>\n\t<meta name=\"keywords\" content=\"noticias y actualidad\" \/>\n\t<link rel=\"canonical\" href=\"https:\/\/eldigitaldeasturias.com\/magazine365\/se-mantienen-los-paros-de-los-controladores-aereos-de-este-fin-de-semana\/\" \/>\n\t<meta name=\"generator\" content=\"All in One SEO Pro (AIOSEO) 4.9.6.1\" \/>\n\t\t<meta property=\"og:locale\" content=\"es_ES\" \/>\n\t\t<meta property=\"og:site_name\" content=\"El Digital de Asturias \u2013 Revista de ocio, turismo y estilo de vida\" \/>\n\t\t<meta property=\"og:type\" content=\"article\" \/>\n\t\t<meta property=\"og:title\" content=\"Se mantienen los paros de los controladores a\u00e9reos de este fin de semana | El Digital de Asturias\" \/>\n\t\t<meta property=\"og:description\" content=\"La Uni\u00f3n Sindical de Controladores A\u00e9reos (USCA) mantiene los paros parciales convocados los d\u00edas 25 y 26 de julio, tras la reuni\u00f3n con ENAIRE celebrada este jueves, mientras fuentes de la gestora aeroportuaria alegan que &quot;las sentencias de los tribunales avalan las sanciones y el despido&quot;. USCA, que representa al 90% de los 2.000 controladores\" \/>\n\t\t<meta property=\"og:url\" content=\"https:\/\/eldigitaldeasturias.com\/magazine365\/se-mantienen-los-paros-de-los-controladores-aereos-de-este-fin-de-semana\/\" \/>\n\t\t<meta property=\"og:image\" content=\"https:\/\/eldigitaldeasturias.com\/magazine365\/wp-content\/uploads\/2015\/07\/fotonoticia_20150723184802_800.jpg\" \/>\n\t\t<meta property=\"og:image:secure_url\" content=\"https:\/\/eldigitaldeasturias.com\/magazine365\/wp-content\/uploads\/2015\/07\/fotonoticia_20150723184802_800.jpg\" \/>\n\t\t<meta property=\"og:image:width\" content=\"800\" \/>\n\t\t<meta property=\"og:image:height\" content=\"495\" \/>\n\t\t<meta property=\"article:published_time\" content=\"2015-07-25T05:06:53+00:00\" \/>\n\t\t<meta property=\"article:modified_time\" content=\"2015-07-25T05:06:53+00:00\" \/>\n\t\t<meta name=\"twitter:card\" content=\"summary_large_image\" \/>\n\t\t<meta name=\"twitter:title\" content=\"Se mantienen los paros de los controladores a\u00e9reos de este fin de semana | El Digital de Asturias\" \/>\n\t\t<meta name=\"twitter:description\" content=\"La Uni\u00f3n Sindical de Controladores A\u00e9reos (USCA) mantiene los paros parciales convocados los d\u00edas 25 y 26 de julio, tras la reuni\u00f3n con ENAIRE celebrada este jueves, mientras fuentes de la gestora aeroportuaria alegan que &quot;las sentencias de los tribunales avalan las sanciones y el despido&quot;. USCA, que representa al 90% de los 2.000 controladores\" \/>\n\t\t<meta name=\"twitter:image\" content=\"https:\/\/eldigitaldeasturias.com\/magazine365\/wp-content\/uploads\/2015\/07\/fotonoticia_20150723184802_800.jpg\" \/>\n\t\t<script type=\"application\/ld+json\" class=\"aioseo-schema\">\n\t\t\t{\"@context\":\"https:\\\/\\\/schema.org\",\"@graph\":[{\"@type\":\"Article\",\"@id\":\"https:\\\/\\\/eldigitaldeasturias.com\\\/magazine365\\\/se-mantienen-los-paros-de-los-controladores-aereos-de-este-fin-de-semana\\\/#article\",\"name\":\"Se mantienen los paros de los controladores a\\u00e9reos de este fin de semana | El Digital de Asturias\",\"headline\":\"Se mantienen los paros de los controladores a\\u00e9reos de este fin de semana\",\"author\":{\"@id\":\"https:\\\/\\\/eldigitaldeasturias.com\\\/magazine365\\\/author\\\/admin\\\/#author\"},\"publisher\":{\"@id\":\"https:\\\/\\\/eldigitaldeasturias.com\\\/magazine365\\\/#organization\"},\"image\":{\"@type\":\"ImageObject\",\"url\":\"https:\\\/\\\/eldigitaldeasturias.com\\\/magazine365\\\/wp-content\\\/uploads\\\/2015\\\/07\\\/fotonoticia_20150723184802_800.jpg\",\"width\":800,\"height\":495},\"datePublished\":\"2015-07-25T07:06:53+02:00\",\"dateModified\":\"2015-07-25T07:06:53+02:00\",\"inLanguage\":\"es-ES\",\"mainEntityOfPage\":{\"@id\":\"https:\\\/\\\/eldigitaldeasturias.com\\\/magazine365\\\/se-mantienen-los-paros-de-los-controladores-aereos-de-este-fin-de-semana\\\/#webpage\"},\"isPartOf\":{\"@id\":\"https:\\\/\\\/eldigitaldeasturias.com\\\/magazine365\\\/se-mantienen-los-paros-de-los-controladores-aereos-de-este-fin-de-semana\\\/#webpage\"},\"articleSection\":\"Noticias y Actualidad\"},{\"@type\":\"BreadcrumbList\",\"@id\":\"https:\\\/\\\/eldigitaldeasturias.com\\\/magazine365\\\/se-mantienen-los-paros-de-los-controladores-aereos-de-este-fin-de-semana\\\/#breadcrumblist\",\"itemListElement\":[{\"@type\":\"ListItem\",\"@id\":\"https:\\\/\\\/eldigitaldeasturias.com\\\/magazine365#listItem\",\"position\":1,\"name\":\"Home\",\"item\":\"https:\\\/\\\/eldigitaldeasturias.com\\\/magazine365\",\"nextItem\":{\"@type\":\"ListItem\",\"@id\":\"https:\\\/\\\/eldigitaldeasturias.com\\\/magazine365\\\/category\\\/noticias-actualidad\\\/#listItem\",\"name\":\"Noticias y Actualidad\"}},{\"@type\":\"ListItem\",\"@id\":\"https:\\\/\\\/eldigitaldeasturias.com\\\/magazine365\\\/category\\\/noticias-actualidad\\\/#listItem\",\"position\":2,\"name\":\"Noticias y Actualidad\",\"item\":\"https:\\\/\\\/eldigitaldeasturias.com\\\/magazine365\\\/category\\\/noticias-actualidad\\\/\",\"nextItem\":{\"@type\":\"ListItem\",\"@id\":\"https:\\\/\\\/eldigitaldeasturias.com\\\/magazine365\\\/se-mantienen-los-paros-de-los-controladores-aereos-de-este-fin-de-semana\\\/#listItem\",\"name\":\"Se mantienen los paros de los controladores a\\u00e9reos de este fin de semana\"},\"previousItem\":{\"@type\":\"ListItem\",\"@id\":\"https:\\\/\\\/eldigitaldeasturias.com\\\/magazine365#listItem\",\"name\":\"Home\"}},{\"@type\":\"ListItem\",\"@id\":\"https:\\\/\\\/eldigitaldeasturias.com\\\/magazine365\\\/se-mantienen-los-paros-de-los-controladores-aereos-de-este-fin-de-semana\\\/#listItem\",\"position\":3,\"name\":\"Se mantienen los paros de los controladores a\\u00e9reos de este fin de semana\",\"previousItem\":{\"@type\":\"ListItem\",\"@id\":\"https:\\\/\\\/eldigitaldeasturias.com\\\/magazine365\\\/category\\\/noticias-actualidad\\\/#listItem\",\"name\":\"Noticias y Actualidad\"}}]},{\"@type\":\"Organization\",\"@id\":\"https:\\\/\\\/eldigitaldeasturias.com\\\/magazine365\\\/#organization\",\"name\":\"El digital de Asturias\",\"description\":\"Revista de ocio, turismo y estilo de vida\",\"url\":\"https:\\\/\\\/eldigitaldeasturias.com\\\/magazine365\\\/\",\"logo\":{\"@type\":\"ImageObject\",\"url\":\"https:\\\/\\\/www.eldigitaldeasturias.com\\\/noticias\\\/wp-content\\\/uploads\\\/2020\\\/12\\\/EDA.jpg\",\"@id\":\"https:\\\/\\\/eldigitaldeasturias.com\\\/magazine365\\\/se-mantienen-los-paros-de-los-controladores-aereos-de-este-fin-de-semana\\\/#organizationLogo\"},\"image\":{\"@id\":\"https:\\\/\\\/eldigitaldeasturias.com\\\/magazine365\\\/se-mantienen-los-paros-de-los-controladores-aereos-de-este-fin-de-semana\\\/#organizationLogo\"}},{\"@type\":\"Person\",\"@id\":\"https:\\\/\\\/eldigitaldeasturias.com\\\/magazine365\\\/author\\\/admin\\\/#author\",\"url\":\"https:\\\/\\\/eldigitaldeasturias.com\\\/magazine365\\\/author\\\/admin\\\/\",\"name\":\"admin\",\"image\":{\"@type\":\"ImageObject\",\"@id\":\"https:\\\/\\\/eldigitaldeasturias.com\\\/magazine365\\\/se-mantienen-los-paros-de-los-controladores-aereos-de-este-fin-de-semana\\\/#authorImage\",\"url\":\"https:\\\/\\\/eldigitaldeasturias.com\\\/magazine365\\\/wp-content\\\/litespeed\\\/avatar\\\/e571bcf59a0edd6fa6838245a470f2fe.jpg?ver=1777574230\",\"width\":96,\"height\":96,\"caption\":\"admin\"}},{\"@type\":\"WebPage\",\"@id\":\"https:\\\/\\\/eldigitaldeasturias.com\\\/magazine365\\\/se-mantienen-los-paros-de-los-controladores-aereos-de-este-fin-de-semana\\\/#webpage\",\"url\":\"https:\\\/\\\/eldigitaldeasturias.com\\\/magazine365\\\/se-mantienen-los-paros-de-los-controladores-aereos-de-este-fin-de-semana\\\/\",\"name\":\"Se mantienen los paros de los controladores a\\u00e9reos de este fin de semana | El Digital de Asturias\",\"description\":\"La Uni\\u00f3n Sindical de Controladores A\\u00e9reos (USCA) mantiene los paros parciales convocados los d\\u00edas 25 y 26 de julio, tras la reuni\\u00f3n con ENAIRE celebrada este jueves, mientras fuentes de la gestora aeroportuaria alegan que \\\"las sentencias de los tribunales avalan las sanciones y el despido\\\". USCA, que representa al 90% de los 2.000 controladores\",\"inLanguage\":\"es-ES\",\"isPartOf\":{\"@id\":\"https:\\\/\\\/eldigitaldeasturias.com\\\/magazine365\\\/#website\"},\"breadcrumb\":{\"@id\":\"https:\\\/\\\/eldigitaldeasturias.com\\\/magazine365\\\/se-mantienen-los-paros-de-los-controladores-aereos-de-este-fin-de-semana\\\/#breadcrumblist\"},\"author\":{\"@id\":\"https:\\\/\\\/eldigitaldeasturias.com\\\/magazine365\\\/author\\\/admin\\\/#author\"},\"creator\":{\"@id\":\"https:\\\/\\\/eldigitaldeasturias.com\\\/magazine365\\\/author\\\/admin\\\/#author\"},\"image\":{\"@type\":\"ImageObject\",\"url\":\"https:\\\/\\\/eldigitaldeasturias.com\\\/magazine365\\\/wp-content\\\/uploads\\\/2015\\\/07\\\/fotonoticia_20150723184802_800.jpg\",\"@id\":\"https:\\\/\\\/eldigitaldeasturias.com\\\/magazine365\\\/se-mantienen-los-paros-de-los-controladores-aereos-de-este-fin-de-semana\\\/#mainImage\",\"width\":800,\"height\":495},\"primaryImageOfPage\":{\"@id\":\"https:\\\/\\\/eldigitaldeasturias.com\\\/magazine365\\\/se-mantienen-los-paros-de-los-controladores-aereos-de-este-fin-de-semana\\\/#mainImage\"},\"datePublished\":\"2015-07-25T07:06:53+02:00\",\"dateModified\":\"2015-07-25T07:06:53+02:00\"},{\"@type\":\"WebSite\",\"@id\":\"https:\\\/\\\/eldigitaldeasturias.com\\\/magazine365\\\/#website\",\"url\":\"https:\\\/\\\/eldigitaldeasturias.com\\\/magazine365\\\/\",\"name\":\"El Digital de Asturias\",\"description\":\"Revista de ocio, turismo y estilo de vida\",\"inLanguage\":\"es-ES\",\"publisher\":{\"@id\":\"https:\\\/\\\/eldigitaldeasturias.com\\\/magazine365\\\/#organization\"}}]}\n\t\t<\/script>\n\t\t<!-- All in One SEO Pro -->\r\n\t\t<title>Se mantienen los paros de los controladores a\u00e9reos de este fin de semana | El Digital de Asturias<\/title>\n\n","aioseo_head_json":{"title":"Se mantienen los paros de los controladores a\u00e9reos de este fin de semana | El Digital de Asturias","description":"La Uni\u00f3n Sindical de Controladores A\u00e9reos (USCA) mantiene los paros parciales convocados los d\u00edas 25 y 26 de julio, tras la reuni\u00f3n con ENAIRE celebrada este jueves, mientras fuentes de la gestora aeroportuaria alegan que \"las sentencias de los tribunales avalan las sanciones y el despido\". USCA, que representa al 90% de los 2.000 controladores","canonical_url":"https:\/\/eldigitaldeasturias.com\/magazine365\/se-mantienen-los-paros-de-los-controladores-aereos-de-este-fin-de-semana\/","robots":"max-image-preview:large","keywords":"noticias y actualidad","webmasterTools":{"google-site-verification":"UA-38556648-1","miscellaneous":""},"schema":{"@context":"https:\/\/schema.org","@graph":[{"@type":"Article","@id":"https:\/\/eldigitaldeasturias.com\/magazine365\/se-mantienen-los-paros-de-los-controladores-aereos-de-este-fin-de-semana\/#article","name":"Se mantienen los paros de los controladores a\u00e9reos de este fin de semana | El Digital de Asturias","headline":"Se mantienen los paros de los controladores a\u00e9reos de este fin de semana","author":{"@id":"https:\/\/eldigitaldeasturias.com\/magazine365\/author\/admin\/#author"},"publisher":{"@id":"https:\/\/eldigitaldeasturias.com\/magazine365\/#organization"},"image":{"@type":"ImageObject","url":"https:\/\/eldigitaldeasturias.com\/magazine365\/wp-content\/uploads\/2015\/07\/fotonoticia_20150723184802_800.jpg","width":800,"height":495},"datePublished":"2015-07-25T07:06:53+02:00","dateModified":"2015-07-25T07:06:53+02:00","inLanguage":"es-ES","mainEntityOfPage":{"@id":"https:\/\/eldigitaldeasturias.com\/magazine365\/se-mantienen-los-paros-de-los-controladores-aereos-de-este-fin-de-semana\/#webpage"},"isPartOf":{"@id":"https:\/\/eldigitaldeasturias.com\/magazine365\/se-mantienen-los-paros-de-los-controladores-aereos-de-este-fin-de-semana\/#webpage"},"articleSection":"Noticias y Actualidad"},{"@type":"BreadcrumbList","@id":"https:\/\/eldigitaldeasturias.com\/magazine365\/se-mantienen-los-paros-de-los-controladores-aereos-de-este-fin-de-semana\/#breadcrumblist","itemListElement":[{"@type":"ListItem","@id":"https:\/\/eldigitaldeasturias.com\/magazine365#listItem","position":1,"name":"Home","item":"https:\/\/eldigitaldeasturias.com\/magazine365","nextItem":{"@type":"ListItem","@id":"https:\/\/eldigitaldeasturias.com\/magazine365\/category\/noticias-actualidad\/#listItem","name":"Noticias y Actualidad"}},{"@type":"ListItem","@id":"https:\/\/eldigitaldeasturias.com\/magazine365\/category\/noticias-actualidad\/#listItem","position":2,"name":"Noticias y Actualidad","item":"https:\/\/eldigitaldeasturias.com\/magazine365\/category\/noticias-actualidad\/","nextItem":{"@type":"ListItem","@id":"https:\/\/eldigitaldeasturias.com\/magazine365\/se-mantienen-los-paros-de-los-controladores-aereos-de-este-fin-de-semana\/#listItem","name":"Se mantienen los paros de los controladores a\u00e9reos de este fin de semana"},"previousItem":{"@type":"ListItem","@id":"https:\/\/eldigitaldeasturias.com\/magazine365#listItem","name":"Home"}},{"@type":"ListItem","@id":"https:\/\/eldigitaldeasturias.com\/magazine365\/se-mantienen-los-paros-de-los-controladores-aereos-de-este-fin-de-semana\/#listItem","position":3,"name":"Se mantienen los paros de los controladores a\u00e9reos de este fin de semana","previousItem":{"@type":"ListItem","@id":"https:\/\/eldigitaldeasturias.com\/magazine365\/category\/noticias-actualidad\/#listItem","name":"Noticias y Actualidad"}}]},{"@type":"Organization","@id":"https:\/\/eldigitaldeasturias.com\/magazine365\/#organization","name":"El digital de Asturias","description":"Revista de ocio, turismo y estilo de vida","url":"https:\/\/eldigitaldeasturias.com\/magazine365\/","logo":{"@type":"ImageObject","url":"https:\/\/www.eldigitaldeasturias.com\/noticias\/wp-content\/uploads\/2020\/12\/EDA.jpg","@id":"https:\/\/eldigitaldeasturias.com\/magazine365\/se-mantienen-los-paros-de-los-controladores-aereos-de-este-fin-de-semana\/#organizationLogo"},"image":{"@id":"https:\/\/eldigitaldeasturias.com\/magazine365\/se-mantienen-los-paros-de-los-controladores-aereos-de-este-fin-de-semana\/#organizationLogo"}},{"@type":"Person","@id":"https:\/\/eldigitaldeasturias.com\/magazine365\/author\/admin\/#author","url":"https:\/\/eldigitaldeasturias.com\/magazine365\/author\/admin\/","name":"admin","image":{"@type":"ImageObject","@id":"https:\/\/eldigitaldeasturias.com\/magazine365\/se-mantienen-los-paros-de-los-controladores-aereos-de-este-fin-de-semana\/#authorImage","url":"https:\/\/eldigitaldeasturias.com\/magazine365\/wp-content\/litespeed\/avatar\/e571bcf59a0edd6fa6838245a470f2fe.jpg?ver=1777574230","width":96,"height":96,"caption":"admin"}},{"@type":"WebPage","@id":"https:\/\/eldigitaldeasturias.com\/magazine365\/se-mantienen-los-paros-de-los-controladores-aereos-de-este-fin-de-semana\/#webpage","url":"https:\/\/eldigitaldeasturias.com\/magazine365\/se-mantienen-los-paros-de-los-controladores-aereos-de-este-fin-de-semana\/","name":"Se mantienen los paros de los controladores a\u00e9reos de este fin de semana | El Digital de Asturias","description":"La Uni\u00f3n Sindical de Controladores A\u00e9reos (USCA) mantiene los paros parciales convocados los d\u00edas 25 y 26 de julio, tras la reuni\u00f3n con ENAIRE celebrada este jueves, mientras fuentes de la gestora aeroportuaria alegan que \"las sentencias de los tribunales avalan las sanciones y el despido\". USCA, que representa al 90% de los 2.000 controladores","inLanguage":"es-ES","isPartOf":{"@id":"https:\/\/eldigitaldeasturias.com\/magazine365\/#website"},"breadcrumb":{"@id":"https:\/\/eldigitaldeasturias.com\/magazine365\/se-mantienen-los-paros-de-los-controladores-aereos-de-este-fin-de-semana\/#breadcrumblist"},"author":{"@id":"https:\/\/eldigitaldeasturias.com\/magazine365\/author\/admin\/#author"},"creator":{"@id":"https:\/\/eldigitaldeasturias.com\/magazine365\/author\/admin\/#author"},"image":{"@type":"ImageObject","url":"https:\/\/eldigitaldeasturias.com\/magazine365\/wp-content\/uploads\/2015\/07\/fotonoticia_20150723184802_800.jpg","@id":"https:\/\/eldigitaldeasturias.com\/magazine365\/se-mantienen-los-paros-de-los-controladores-aereos-de-este-fin-de-semana\/#mainImage","width":800,"height":495},"primaryImageOfPage":{"@id":"https:\/\/eldigitaldeasturias.com\/magazine365\/se-mantienen-los-paros-de-los-controladores-aereos-de-este-fin-de-semana\/#mainImage"},"datePublished":"2015-07-25T07:06:53+02:00","dateModified":"2015-07-25T07:06:53+02:00"},{"@type":"WebSite","@id":"https:\/\/eldigitaldeasturias.com\/magazine365\/#website","url":"https:\/\/eldigitaldeasturias.com\/magazine365\/","name":"El Digital de Asturias","description":"Revista de ocio, turismo y estilo de vida","inLanguage":"es-ES","publisher":{"@id":"https:\/\/eldigitaldeasturias.com\/magazine365\/#organization"}}]},"og:locale":"es_ES","og:site_name":"El Digital de Asturias \u2013 Revista de ocio, turismo y estilo de vida","og:type":"article","og:title":"Se mantienen los paros de los controladores a\u00e9reos de este fin de semana | El Digital de Asturias","og:description":"La Uni\u00f3n Sindical de Controladores A\u00e9reos (USCA) mantiene los paros parciales convocados los d\u00edas 25 y 26 de julio, tras la reuni\u00f3n con ENAIRE celebrada este jueves, mientras fuentes de la gestora aeroportuaria alegan que &quot;las sentencias de los tribunales avalan las sanciones y el despido&quot;. USCA, que representa al 90% de los 2.000 controladores","og:url":"https:\/\/eldigitaldeasturias.com\/magazine365\/se-mantienen-los-paros-de-los-controladores-aereos-de-este-fin-de-semana\/","og:image":"https:\/\/eldigitaldeasturias.com\/magazine365\/wp-content\/uploads\/2015\/07\/fotonoticia_20150723184802_800.jpg","og:image:secure_url":"https:\/\/eldigitaldeasturias.com\/magazine365\/wp-content\/uploads\/2015\/07\/fotonoticia_20150723184802_800.jpg","og:image:width":800,"og:image:height":495,"article:published_time":"2015-07-25T05:06:53+00:00","article:modified_time":"2015-07-25T05:06:53+00:00","twitter:card":"summary_large_image","twitter:title":"Se mantienen los paros de los controladores a\u00e9reos de este fin de semana | El Digital de Asturias","twitter:description":"La Uni\u00f3n Sindical de Controladores A\u00e9reos (USCA) mantiene los paros parciales convocados los d\u00edas 25 y 26 de julio, tras la reuni\u00f3n con ENAIRE celebrada este jueves, mientras fuentes de la gestora aeroportuaria alegan que &quot;las sentencias de los tribunales avalan las sanciones y el despido&quot;. USCA, que representa al 90% de los 2.000 controladores","twitter:image":"https:\/\/eldigitaldeasturias.com\/magazine365\/wp-content\/uploads\/2015\/07\/fotonoticia_20150723184802_800.jpg"},"aioseo_meta_data":{"post_id":"43741","title":null,"description":null,"keywords":null,"keyphrases":null,"primary_term":null,"canonical_url":null,"og_title":null,"og_description":null,"og_object_type":"default","og_image_type":"default","og_image_url":null,"og_image_width":null,"og_image_height":null,"og_image_custom_url":null,"og_image_custom_fields":null,"og_video":null,"og_custom_url":null,"og_article_section":null,"og_article_tags":null,"twitter_use_og":false,"twitter_card":"default","twitter_image_type":"default","twitter_image_url":null,"twitter_image_custom_url":null,"twitter_image_custom_fields":null,"twitter_title":null,"twitter_description":null,"schema":{"blockGraphs":[],"customGraphs":[],"default":{"data":{"Article":[],"Course":[],"Dataset":[],"FAQPage":[],"Movie":[],"Person":[],"Product":[],"ProductReview":[],"Car":[],"Recipe":[],"Service":[],"SoftwareApplication":[],"WebPage":[]},"graphName":"","isEnabled":true},"graphs":[]},"schema_type":null,"schema_type_options":null,"pillar_content":false,"robots_default":true,"robots_noindex":false,"robots_noarchive":false,"robots_nosnippet":false,"robots_nofollow":false,"robots_noimageindex":false,"robots_noodp":false,"robots_notranslate":false,"robots_max_snippet":null,"robots_max_videopreview":null,"robots_max_imagepreview":"large","priority":null,"frequency":null,"location":null,"local_seo":null,"seo_analyzer_scan_date":"2025-09-19 20:28:30","breadcrumb_settings":null,"limit_modified_date":false,"open_ai":null,"ai":null,"created":"2021-03-09 01:43:51","updated":"2025-09-19 20:28:30"},"aioseo_breadcrumb":"<div class=\"aioseo-breadcrumbs\"><span class=\"aioseo-breadcrumb\">\n\t<a href=\"https:\/\/eldigitaldeasturias.com\/magazine365\" title=\"Home\">Home<\/a>\n<\/span><span class=\"aioseo-breadcrumb-separator\">\u2013<\/span><span class=\"aioseo-breadcrumb\">\n\t<a href=\"https:\/\/eldigitaldeasturias.com\/magazine365\/category\/noticias-actualidad\/\" title=\"Noticias y Actualidad\">Noticias y Actualidad<\/a>\n<\/span><span class=\"aioseo-breadcrumb-separator\">\u2013<\/span><span class=\"aioseo-breadcrumb\">\n\t<a href=\"https:\/\/eldigitaldeasturias.com\/magazine365\/se-mantienen-los-paros-de-los-controladores-aereos-de-este-fin-de-semana\/\" title=\"Se mantienen los paros de los controladores a\u00e9reos de este fin de semana\">Se mantienen los paros de los controladores a\u00e9reos de este fin de semana<\/a>\n<\/span><\/div>","aioseo_breadcrumb_json":[{"label":"Home","link":"https:\/\/eldigitaldeasturias.com\/magazine365"},{"label":"Noticias y Actualidad","link":"https:\/\/eldigitaldeasturias.com\/magazine365\/category\/noticias-actualidad\/"},{"label":"Se mantienen los paros de los controladores a\u00e9reos de este fin de semana","link":"https:\/\/eldigitaldeasturias.com\/magazine365\/se-mantienen-los-paros-de-los-controladores-aereos-de-este-fin-de-semana\/"}],"_links":{"self":[{"href":"https:\/\/eldigitaldeasturias.com\/magazine365\/wp-json\/wp\/v2\/posts\/43741","targetHints":{"allow":["GET"]}}],"collection":[{"href":"https:\/\/eldigitaldeasturias.com\/magazine365\/wp-json\/wp\/v2\/posts"}],"about":[{"href":"https:\/\/eldigitaldeasturias.com\/magazine365\/wp-json\/wp\/v2\/types\/post"}],"author":[{"embeddable":true,"href":"https:\/\/eldigitaldeasturias.com\/magazine365\/wp-json\/wp\/v2\/users\/1"}],"replies":[{"embeddable":true,"href":"https:\/\/eldigitaldeasturias.com\/magazine365\/wp-json\/wp\/v2\/comments?post=43741"}],"version-history":[{"count":0,"href":"https:\/\/eldigitaldeasturias.com\/magazine365\/wp-json\/wp\/v2\/posts\/43741\/revisions"}],"wp:featuredmedia":[{"embeddable":true,"href":"https:\/\/eldigitaldeasturias.com\/magazine365\/wp-json\/wp\/v2\/media\/43742"}],"wp:attachment":[{"href":"https:\/\/eldigitaldeasturias.com\/magazine365\/wp-json\/wp\/v2\/media?parent=43741"}],"wp:term":[{"taxonomy":"category","embeddable":true,"href":"https:\/\/eldigitaldeasturias.com\/magazine365\/wp-json\/wp\/v2\/categories?post=43741"},{"taxonomy":"post_tag","embeddable":true,"href":"https:\/\/eldigitaldeasturias.com\/magazine365\/wp-json\/wp\/v2\/tags?post=43741"}],"curies":[{"name":"wp","href":"https:\/\/api.w.org\/{rel}","templated":true}]}}