{"id":43683,"date":"2015-07-25T02:29:51","date_gmt":"2015-07-25T00:29:51","guid":{"rendered":"http:\/\/eldigitaldeasturias.com\/magazine365\/?p=43683"},"modified":"2015-07-25T02:29:51","modified_gmt":"2015-07-25T00:29:51","slug":"la-portada-de-la-feria-de-abril-de-2016-evocara-el-pabellon-de-argentina-de-la-exposicion-de-1929","status":"publish","type":"post","link":"https:\/\/eldigitaldeasturias.com\/magazine365\/la-portada-de-la-feria-de-abril-de-2016-evocara-el-pabellon-de-argentina-de-la-exposicion-de-1929\/","title":{"rendered":"La portada de la Feria de Abril de 2016 evocar\u00e1 el pabell\u00f3n de Argentina de la exposici\u00f3n de 1929"},"content":{"rendered":"<p><img fetchpriority=\"high\" decoding=\"async\" class=\"alignleft size-medium wp-image-43684\" src=\"https:\/\/eldigitaldeasturias.com\/magazine365\/wp-content\/uploads\/2015\/07\/fotonoticia_20150723152828_800-360x253.jpg\" alt=\"fotonoticia_20150723152828_800\" width=\"360\" height=\"253\" srcset=\"https:\/\/eldigitaldeasturias.com\/magazine365\/wp-content\/uploads\/2015\/07\/fotonoticia_20150723152828_800-360x253.jpg 360w, https:\/\/eldigitaldeasturias.com\/magazine365\/wp-content\/uploads\/2015\/07\/fotonoticia_20150723152828_800-650x457.jpg 650w, https:\/\/eldigitaldeasturias.com\/magazine365\/wp-content\/uploads\/2015\/07\/fotonoticia_20150723152828_800-768x540.jpg 768w, https:\/\/eldigitaldeasturias.com\/magazine365\/wp-content\/uploads\/2015\/07\/fotonoticia_20150723152828_800-150x105.jpg 150w, https:\/\/eldigitaldeasturias.com\/magazine365\/wp-content\/uploads\/2015\/07\/fotonoticia_20150723152828_800-450x316.jpg 450w, https:\/\/eldigitaldeasturias.com\/magazine365\/wp-content\/uploads\/2015\/07\/fotonoticia_20150723152828_800-100x70.jpg 100w, https:\/\/eldigitaldeasturias.com\/magazine365\/wp-content\/uploads\/2015\/07\/fotonoticia_20150723152828_800-696x489.jpg 696w, https:\/\/eldigitaldeasturias.com\/magazine365\/wp-content\/uploads\/2015\/07\/fotonoticia_20150723152828_800-598x420.jpg 598w, https:\/\/eldigitaldeasturias.com\/magazine365\/wp-content\/uploads\/2015\/07\/fotonoticia_20150723152828_800.jpg 800w\" sizes=\"(max-width: 360px) 100vw, 360px\" \/>El Ayuntamiento de Sevilla ha presentado este jueves el dise\u00f1o base ganador del concurso de ideas para la portada de la Feria de Abril de 2016, que estar\u00e1 inspirada en el Pabell\u00f3n de Argentina de la Exposici\u00f3n Iberoamericana de 1929.<\/p>\n<p>Bajo el lema &#8216;Sevilla, homenaje a la danza&#8217;, el dise\u00f1o, obra de Eduardo Mor\u00f3n, recrea este edificio que se encuentra situado en el Paseo de las Delicias.<\/p>\n<p>El concejal delegado de Seguridad, Movilidad y Fiestas Mayores, Juan Carlos Cabrera, ha explicado durante la presentaci\u00f3n que la selecci\u00f3n se ha llevado a cabo entre 56 proyectos que se han presentado este a\u00f1o al concurso de ideas.<\/p>\n<p>Cabrera ha destacado que el estilo de este edificio queda plasmado en el dise\u00f1o de la que ser\u00e1 portada de la Feria de Abril de 2016. El Pabell\u00f3n de Argentina, una obra del arquitecto Mart\u00edn San Noel para la Exposici\u00f3n del 29, es de estilo neobarroco e incluye numerosos elementos decorativos iberoamericanos y mestizos, propios del estilo colonial.<\/p>\n<p>El dise\u00f1o de Eduardo Mor\u00f3n presenta cuatro arcos de acceso y quiere rendir tributo a una de las primeras manifestaciones art\u00edsticas de la historia de la humanidad como es la danza, ya que el Pabell\u00f3n de Argentina es sede, desde 1994, del Conservatorio Profesional de Danza Antonio Ruiz Soler. En el proyecto presentado, Mor\u00f3n considera que \u00abla danza es una forma de expresi\u00f3n y de interacci\u00f3n social que se puede considerar s\u00edmbolo de la cultura y tradiciones sevillanas\u00bb.<\/p>\n<p>Como curiosidad, el dise\u00f1o contempla alusiones a dos efem\u00e9rides que se van a conmemorar en 2016: el IV centenario de la muerte de Miguel de Cervantes y el 750 aniversario de la Parroquia de Santa Ana de Triana. Por este motivo, se incluye un logotipo conmemorativo de la muerte de Cervantes, dise\u00f1ado tambi\u00e9n por el autor para la ocasi\u00f3n, y el anagrama del 750 aniversario de la Parroquia de Santa Ana.<\/p>\n<p>El delegado de Seguridad, Movilidad y Fiestas Mayores ha recordado, como dato curioso, la proximidad de este edificio a la Feria de Abril. \u00abVamos a tener la oportunidad de ver este a\u00f1o la portada y el singular edificio que le sirve de inspiraci\u00f3n muy cerca\u00bb, ha se\u00f1alado Cabrera.<\/p>\n<p>El autor, que recibe un premio de 5.000 euros y que se ha presentado por primera vez a este concurso de ideas, es delineante de profesi\u00f3n. Ha cursado, adem\u00e1s, estudios de Marketing y Dise\u00f1o Gr\u00e1fico y actualmente tiene su propia agencia de publicidad, marketing y comunicaci\u00f3n.<\/p>\n<p>El jurado ha estado compuesto por Juan Carlos Cabrera, delegado de Seguridad, Movilidad y Fiestas Mayores; Carmen Castre\u00f1o, en calidad de delegada del distrito Los Remedios; Antonio Mu\u00f1oz, delegado de H\u00e1bitat Urbano, Cultura y Turismo; Miguel Bazaga, director de \u00c1rea de Fiestas Mayores; \u00c1ngel D\u00edaz del R\u00edo, decano del Colegio Oficial de Arquitectos de Sevilla; Joaqu\u00edn Becerra Moya, profesor de la Escuela de Artes Aplicadas y Oficios Art\u00edsticos de Sevilla; Jos\u00e9 Baena, representante de Coordinadora de Asociaciones Independientes de Sevilla (CAIS) y David Mar\u00edn, presidente del Colegio Oficial de Aparejadores y Arquitectos T\u00e9cnicos de Sevilla.<\/p>\n","protected":false},"excerpt":{"rendered":"<p>El Ayuntamiento de Sevilla ha presentado este jueves el dise\u00f1o base ganador del concurso de ideas para la portada de la Feria de Abril de 2016, que estar\u00e1 inspirada en el Pabell\u00f3n de Argentina de la Exposici\u00f3n Iberoamericana de 1929. Bajo el lema &#8216;Sevilla, homenaje a la danza&#8217;, el dise\u00f1o, obra de Eduardo Mor\u00f3n, recrea<\/p>\n","protected":false},"author":1,"featured_media":43684,"comment_status":"open","ping_status":"closed","sticky":false,"template":"","format":"standard","meta":{"footnotes":""},"categories":[224],"tags":[],"class_list":{"0":"post-43683","1":"post","2":"type-post","3":"status-publish","4":"format-standard","5":"has-post-thumbnail","7":"category-noticias-actualidad"},"aioseo_notices":[],"aioseo_head":"\n\t\t<!-- All in One SEO Pro 4.9.6.1 - aioseo.com -->\n\t<meta name=\"description\" content=\"El Ayuntamiento de Sevilla ha presentado este jueves el dise\u00f1o base ganador del concurso de ideas para la portada de la Feria de Abril de 2016, que estar\u00e1 inspirada en el Pabell\u00f3n de Argentina de la Exposici\u00f3n Iberoamericana de 1929. Bajo el lema &#039;Sevilla, homenaje a la danza&#039;, el dise\u00f1o, obra de Eduardo Mor\u00f3n, recrea\" \/>\n\t<meta name=\"robots\" content=\"max-image-preview:large\" \/>\n\t<meta name=\"author\" content=\"admin\"\/>\n\t<meta name=\"google-site-verification\" content=\"UA-38556648-1\" \/>\n\t<meta name=\"keywords\" content=\"noticias y actualidad\" \/>\n\t<link rel=\"canonical\" href=\"https:\/\/eldigitaldeasturias.com\/magazine365\/la-portada-de-la-feria-de-abril-de-2016-evocara-el-pabellon-de-argentina-de-la-exposicion-de-1929\/\" \/>\n\t<meta name=\"generator\" content=\"All in One SEO Pro (AIOSEO) 4.9.6.1\" \/>\n\t\t<meta property=\"og:locale\" content=\"es_ES\" \/>\n\t\t<meta property=\"og:site_name\" content=\"El Digital de Asturias \u2013 Revista de ocio, turismo y estilo de vida\" \/>\n\t\t<meta property=\"og:type\" content=\"article\" \/>\n\t\t<meta property=\"og:title\" content=\"La portada de la Feria de Abril de 2016 evocar\u00e1 el pabell\u00f3n de Argentina de la exposici\u00f3n de 1929 | El Digital de Asturias\" \/>\n\t\t<meta property=\"og:description\" content=\"El Ayuntamiento de Sevilla ha presentado este jueves el dise\u00f1o base ganador del concurso de ideas para la portada de la Feria de Abril de 2016, que estar\u00e1 inspirada en el Pabell\u00f3n de Argentina de la Exposici\u00f3n Iberoamericana de 1929. Bajo el lema &#039;Sevilla, homenaje a la danza&#039;, el dise\u00f1o, obra de Eduardo Mor\u00f3n, recrea\" \/>\n\t\t<meta property=\"og:url\" content=\"https:\/\/eldigitaldeasturias.com\/magazine365\/la-portada-de-la-feria-de-abril-de-2016-evocara-el-pabellon-de-argentina-de-la-exposicion-de-1929\/\" \/>\n\t\t<meta property=\"og:image\" content=\"https:\/\/eldigitaldeasturias.com\/magazine365\/wp-content\/uploads\/2015\/07\/fotonoticia_20150723152828_800.jpg\" \/>\n\t\t<meta property=\"og:image:secure_url\" content=\"https:\/\/eldigitaldeasturias.com\/magazine365\/wp-content\/uploads\/2015\/07\/fotonoticia_20150723152828_800.jpg\" \/>\n\t\t<meta property=\"og:image:width\" content=\"800\" \/>\n\t\t<meta property=\"og:image:height\" content=\"562\" \/>\n\t\t<meta property=\"article:published_time\" content=\"2015-07-25T00:29:51+00:00\" \/>\n\t\t<meta property=\"article:modified_time\" content=\"2015-07-25T00:29:51+00:00\" \/>\n\t\t<meta name=\"twitter:card\" content=\"summary_large_image\" \/>\n\t\t<meta name=\"twitter:title\" content=\"La portada de la Feria de Abril de 2016 evocar\u00e1 el pabell\u00f3n de Argentina de la exposici\u00f3n de 1929 | El Digital de Asturias\" \/>\n\t\t<meta name=\"twitter:description\" content=\"El Ayuntamiento de Sevilla ha presentado este jueves el dise\u00f1o base ganador del concurso de ideas para la portada de la Feria de Abril de 2016, que estar\u00e1 inspirada en el Pabell\u00f3n de Argentina de la Exposici\u00f3n Iberoamericana de 1929. Bajo el lema &#039;Sevilla, homenaje a la danza&#039;, el dise\u00f1o, obra de Eduardo Mor\u00f3n, recrea\" \/>\n\t\t<meta name=\"twitter:image\" content=\"https:\/\/eldigitaldeasturias.com\/magazine365\/wp-content\/uploads\/2015\/07\/fotonoticia_20150723152828_800.jpg\" \/>\n\t\t<script type=\"application\/ld+json\" class=\"aioseo-schema\">\n\t\t\t{\"@context\":\"https:\\\/\\\/schema.org\",\"@graph\":[{\"@type\":\"Article\",\"@id\":\"https:\\\/\\\/eldigitaldeasturias.com\\\/magazine365\\\/la-portada-de-la-feria-de-abril-de-2016-evocara-el-pabellon-de-argentina-de-la-exposicion-de-1929\\\/#article\",\"name\":\"La portada de la Feria de Abril de 2016 evocar\\u00e1 el pabell\\u00f3n de Argentina de la exposici\\u00f3n de 1929 | El Digital de Asturias\",\"headline\":\"La portada de la Feria de Abril de 2016 evocar\\u00e1 el pabell\\u00f3n de Argentina de la exposici\\u00f3n de 1929\",\"author\":{\"@id\":\"https:\\\/\\\/eldigitaldeasturias.com\\\/magazine365\\\/author\\\/admin\\\/#author\"},\"publisher\":{\"@id\":\"https:\\\/\\\/eldigitaldeasturias.com\\\/magazine365\\\/#organization\"},\"image\":{\"@type\":\"ImageObject\",\"url\":\"https:\\\/\\\/eldigitaldeasturias.com\\\/magazine365\\\/wp-content\\\/uploads\\\/2015\\\/07\\\/fotonoticia_20150723152828_800.jpg\",\"width\":800,\"height\":562},\"datePublished\":\"2015-07-25T02:29:51+02:00\",\"dateModified\":\"2015-07-25T02:29:51+02:00\",\"inLanguage\":\"es-ES\",\"mainEntityOfPage\":{\"@id\":\"https:\\\/\\\/eldigitaldeasturias.com\\\/magazine365\\\/la-portada-de-la-feria-de-abril-de-2016-evocara-el-pabellon-de-argentina-de-la-exposicion-de-1929\\\/#webpage\"},\"isPartOf\":{\"@id\":\"https:\\\/\\\/eldigitaldeasturias.com\\\/magazine365\\\/la-portada-de-la-feria-de-abril-de-2016-evocara-el-pabellon-de-argentina-de-la-exposicion-de-1929\\\/#webpage\"},\"articleSection\":\"Noticias y Actualidad\"},{\"@type\":\"BreadcrumbList\",\"@id\":\"https:\\\/\\\/eldigitaldeasturias.com\\\/magazine365\\\/la-portada-de-la-feria-de-abril-de-2016-evocara-el-pabellon-de-argentina-de-la-exposicion-de-1929\\\/#breadcrumblist\",\"itemListElement\":[{\"@type\":\"ListItem\",\"@id\":\"https:\\\/\\\/eldigitaldeasturias.com\\\/magazine365#listItem\",\"position\":1,\"name\":\"Home\",\"item\":\"https:\\\/\\\/eldigitaldeasturias.com\\\/magazine365\",\"nextItem\":{\"@type\":\"ListItem\",\"@id\":\"https:\\\/\\\/eldigitaldeasturias.com\\\/magazine365\\\/category\\\/noticias-actualidad\\\/#listItem\",\"name\":\"Noticias y Actualidad\"}},{\"@type\":\"ListItem\",\"@id\":\"https:\\\/\\\/eldigitaldeasturias.com\\\/magazine365\\\/category\\\/noticias-actualidad\\\/#listItem\",\"position\":2,\"name\":\"Noticias y Actualidad\",\"item\":\"https:\\\/\\\/eldigitaldeasturias.com\\\/magazine365\\\/category\\\/noticias-actualidad\\\/\",\"nextItem\":{\"@type\":\"ListItem\",\"@id\":\"https:\\\/\\\/eldigitaldeasturias.com\\\/magazine365\\\/la-portada-de-la-feria-de-abril-de-2016-evocara-el-pabellon-de-argentina-de-la-exposicion-de-1929\\\/#listItem\",\"name\":\"La portada de la Feria de Abril de 2016 evocar\\u00e1 el pabell\\u00f3n de Argentina de la exposici\\u00f3n de 1929\"},\"previousItem\":{\"@type\":\"ListItem\",\"@id\":\"https:\\\/\\\/eldigitaldeasturias.com\\\/magazine365#listItem\",\"name\":\"Home\"}},{\"@type\":\"ListItem\",\"@id\":\"https:\\\/\\\/eldigitaldeasturias.com\\\/magazine365\\\/la-portada-de-la-feria-de-abril-de-2016-evocara-el-pabellon-de-argentina-de-la-exposicion-de-1929\\\/#listItem\",\"position\":3,\"name\":\"La portada de la Feria de Abril de 2016 evocar\\u00e1 el pabell\\u00f3n de Argentina de la exposici\\u00f3n de 1929\",\"previousItem\":{\"@type\":\"ListItem\",\"@id\":\"https:\\\/\\\/eldigitaldeasturias.com\\\/magazine365\\\/category\\\/noticias-actualidad\\\/#listItem\",\"name\":\"Noticias y Actualidad\"}}]},{\"@type\":\"Organization\",\"@id\":\"https:\\\/\\\/eldigitaldeasturias.com\\\/magazine365\\\/#organization\",\"name\":\"El digital de Asturias\",\"description\":\"Revista de ocio, turismo y estilo de vida\",\"url\":\"https:\\\/\\\/eldigitaldeasturias.com\\\/magazine365\\\/\",\"logo\":{\"@type\":\"ImageObject\",\"url\":\"https:\\\/\\\/www.eldigitaldeasturias.com\\\/noticias\\\/wp-content\\\/uploads\\\/2020\\\/12\\\/EDA.jpg\",\"@id\":\"https:\\\/\\\/eldigitaldeasturias.com\\\/magazine365\\\/la-portada-de-la-feria-de-abril-de-2016-evocara-el-pabellon-de-argentina-de-la-exposicion-de-1929\\\/#organizationLogo\"},\"image\":{\"@id\":\"https:\\\/\\\/eldigitaldeasturias.com\\\/magazine365\\\/la-portada-de-la-feria-de-abril-de-2016-evocara-el-pabellon-de-argentina-de-la-exposicion-de-1929\\\/#organizationLogo\"}},{\"@type\":\"Person\",\"@id\":\"https:\\\/\\\/eldigitaldeasturias.com\\\/magazine365\\\/author\\\/admin\\\/#author\",\"url\":\"https:\\\/\\\/eldigitaldeasturias.com\\\/magazine365\\\/author\\\/admin\\\/\",\"name\":\"admin\",\"image\":{\"@type\":\"ImageObject\",\"@id\":\"https:\\\/\\\/eldigitaldeasturias.com\\\/magazine365\\\/la-portada-de-la-feria-de-abril-de-2016-evocara-el-pabellon-de-argentina-de-la-exposicion-de-1929\\\/#authorImage\",\"url\":\"https:\\\/\\\/eldigitaldeasturias.com\\\/magazine365\\\/wp-content\\\/litespeed\\\/avatar\\\/e571bcf59a0edd6fa6838245a470f2fe.jpg?ver=1777574230\",\"width\":96,\"height\":96,\"caption\":\"admin\"}},{\"@type\":\"WebPage\",\"@id\":\"https:\\\/\\\/eldigitaldeasturias.com\\\/magazine365\\\/la-portada-de-la-feria-de-abril-de-2016-evocara-el-pabellon-de-argentina-de-la-exposicion-de-1929\\\/#webpage\",\"url\":\"https:\\\/\\\/eldigitaldeasturias.com\\\/magazine365\\\/la-portada-de-la-feria-de-abril-de-2016-evocara-el-pabellon-de-argentina-de-la-exposicion-de-1929\\\/\",\"name\":\"La portada de la Feria de Abril de 2016 evocar\\u00e1 el pabell\\u00f3n de Argentina de la exposici\\u00f3n de 1929 | El Digital de Asturias\",\"description\":\"El Ayuntamiento de Sevilla ha presentado este jueves el dise\\u00f1o base ganador del concurso de ideas para la portada de la Feria de Abril de 2016, que estar\\u00e1 inspirada en el Pabell\\u00f3n de Argentina de la Exposici\\u00f3n Iberoamericana de 1929. Bajo el lema 'Sevilla, homenaje a la danza', el dise\\u00f1o, obra de Eduardo Mor\\u00f3n, recrea\",\"inLanguage\":\"es-ES\",\"isPartOf\":{\"@id\":\"https:\\\/\\\/eldigitaldeasturias.com\\\/magazine365\\\/#website\"},\"breadcrumb\":{\"@id\":\"https:\\\/\\\/eldigitaldeasturias.com\\\/magazine365\\\/la-portada-de-la-feria-de-abril-de-2016-evocara-el-pabellon-de-argentina-de-la-exposicion-de-1929\\\/#breadcrumblist\"},\"author\":{\"@id\":\"https:\\\/\\\/eldigitaldeasturias.com\\\/magazine365\\\/author\\\/admin\\\/#author\"},\"creator\":{\"@id\":\"https:\\\/\\\/eldigitaldeasturias.com\\\/magazine365\\\/author\\\/admin\\\/#author\"},\"image\":{\"@type\":\"ImageObject\",\"url\":\"https:\\\/\\\/eldigitaldeasturias.com\\\/magazine365\\\/wp-content\\\/uploads\\\/2015\\\/07\\\/fotonoticia_20150723152828_800.jpg\",\"@id\":\"https:\\\/\\\/eldigitaldeasturias.com\\\/magazine365\\\/la-portada-de-la-feria-de-abril-de-2016-evocara-el-pabellon-de-argentina-de-la-exposicion-de-1929\\\/#mainImage\",\"width\":800,\"height\":562},\"primaryImageOfPage\":{\"@id\":\"https:\\\/\\\/eldigitaldeasturias.com\\\/magazine365\\\/la-portada-de-la-feria-de-abril-de-2016-evocara-el-pabellon-de-argentina-de-la-exposicion-de-1929\\\/#mainImage\"},\"datePublished\":\"2015-07-25T02:29:51+02:00\",\"dateModified\":\"2015-07-25T02:29:51+02:00\"},{\"@type\":\"WebSite\",\"@id\":\"https:\\\/\\\/eldigitaldeasturias.com\\\/magazine365\\\/#website\",\"url\":\"https:\\\/\\\/eldigitaldeasturias.com\\\/magazine365\\\/\",\"name\":\"El Digital de Asturias\",\"description\":\"Revista de ocio, turismo y estilo de vida\",\"inLanguage\":\"es-ES\",\"publisher\":{\"@id\":\"https:\\\/\\\/eldigitaldeasturias.com\\\/magazine365\\\/#organization\"}}]}\n\t\t<\/script>\n\t\t<!-- All in One SEO Pro -->\r\n\t\t<title>La portada de la Feria de Abril de 2016 evocar\u00e1 el pabell\u00f3n de Argentina de la exposici\u00f3n de 1929 | El Digital de Asturias<\/title>\n\n","aioseo_head_json":{"title":"La portada de la Feria de Abril de 2016 evocar\u00e1 el pabell\u00f3n de Argentina de la exposici\u00f3n de 1929 | El Digital de Asturias","description":"El Ayuntamiento de Sevilla ha presentado este jueves el dise\u00f1o base ganador del concurso de ideas para la portada de la Feria de Abril de 2016, que estar\u00e1 inspirada en el Pabell\u00f3n de Argentina de la Exposici\u00f3n Iberoamericana de 1929. Bajo el lema 'Sevilla, homenaje a la danza', el dise\u00f1o, obra de Eduardo Mor\u00f3n, recrea","canonical_url":"https:\/\/eldigitaldeasturias.com\/magazine365\/la-portada-de-la-feria-de-abril-de-2016-evocara-el-pabellon-de-argentina-de-la-exposicion-de-1929\/","robots":"max-image-preview:large","keywords":"noticias y actualidad","webmasterTools":{"google-site-verification":"UA-38556648-1","miscellaneous":""},"schema":{"@context":"https:\/\/schema.org","@graph":[{"@type":"Article","@id":"https:\/\/eldigitaldeasturias.com\/magazine365\/la-portada-de-la-feria-de-abril-de-2016-evocara-el-pabellon-de-argentina-de-la-exposicion-de-1929\/#article","name":"La portada de la Feria de Abril de 2016 evocar\u00e1 el pabell\u00f3n de Argentina de la exposici\u00f3n de 1929 | El Digital de Asturias","headline":"La portada de la Feria de Abril de 2016 evocar\u00e1 el pabell\u00f3n de Argentina de la exposici\u00f3n de 1929","author":{"@id":"https:\/\/eldigitaldeasturias.com\/magazine365\/author\/admin\/#author"},"publisher":{"@id":"https:\/\/eldigitaldeasturias.com\/magazine365\/#organization"},"image":{"@type":"ImageObject","url":"https:\/\/eldigitaldeasturias.com\/magazine365\/wp-content\/uploads\/2015\/07\/fotonoticia_20150723152828_800.jpg","width":800,"height":562},"datePublished":"2015-07-25T02:29:51+02:00","dateModified":"2015-07-25T02:29:51+02:00","inLanguage":"es-ES","mainEntityOfPage":{"@id":"https:\/\/eldigitaldeasturias.com\/magazine365\/la-portada-de-la-feria-de-abril-de-2016-evocara-el-pabellon-de-argentina-de-la-exposicion-de-1929\/#webpage"},"isPartOf":{"@id":"https:\/\/eldigitaldeasturias.com\/magazine365\/la-portada-de-la-feria-de-abril-de-2016-evocara-el-pabellon-de-argentina-de-la-exposicion-de-1929\/#webpage"},"articleSection":"Noticias y Actualidad"},{"@type":"BreadcrumbList","@id":"https:\/\/eldigitaldeasturias.com\/magazine365\/la-portada-de-la-feria-de-abril-de-2016-evocara-el-pabellon-de-argentina-de-la-exposicion-de-1929\/#breadcrumblist","itemListElement":[{"@type":"ListItem","@id":"https:\/\/eldigitaldeasturias.com\/magazine365#listItem","position":1,"name":"Home","item":"https:\/\/eldigitaldeasturias.com\/magazine365","nextItem":{"@type":"ListItem","@id":"https:\/\/eldigitaldeasturias.com\/magazine365\/category\/noticias-actualidad\/#listItem","name":"Noticias y Actualidad"}},{"@type":"ListItem","@id":"https:\/\/eldigitaldeasturias.com\/magazine365\/category\/noticias-actualidad\/#listItem","position":2,"name":"Noticias y Actualidad","item":"https:\/\/eldigitaldeasturias.com\/magazine365\/category\/noticias-actualidad\/","nextItem":{"@type":"ListItem","@id":"https:\/\/eldigitaldeasturias.com\/magazine365\/la-portada-de-la-feria-de-abril-de-2016-evocara-el-pabellon-de-argentina-de-la-exposicion-de-1929\/#listItem","name":"La portada de la Feria de Abril de 2016 evocar\u00e1 el pabell\u00f3n de Argentina de la exposici\u00f3n de 1929"},"previousItem":{"@type":"ListItem","@id":"https:\/\/eldigitaldeasturias.com\/magazine365#listItem","name":"Home"}},{"@type":"ListItem","@id":"https:\/\/eldigitaldeasturias.com\/magazine365\/la-portada-de-la-feria-de-abril-de-2016-evocara-el-pabellon-de-argentina-de-la-exposicion-de-1929\/#listItem","position":3,"name":"La portada de la Feria de Abril de 2016 evocar\u00e1 el pabell\u00f3n de Argentina de la exposici\u00f3n de 1929","previousItem":{"@type":"ListItem","@id":"https:\/\/eldigitaldeasturias.com\/magazine365\/category\/noticias-actualidad\/#listItem","name":"Noticias y Actualidad"}}]},{"@type":"Organization","@id":"https:\/\/eldigitaldeasturias.com\/magazine365\/#organization","name":"El digital de Asturias","description":"Revista de ocio, turismo y estilo de vida","url":"https:\/\/eldigitaldeasturias.com\/magazine365\/","logo":{"@type":"ImageObject","url":"https:\/\/www.eldigitaldeasturias.com\/noticias\/wp-content\/uploads\/2020\/12\/EDA.jpg","@id":"https:\/\/eldigitaldeasturias.com\/magazine365\/la-portada-de-la-feria-de-abril-de-2016-evocara-el-pabellon-de-argentina-de-la-exposicion-de-1929\/#organizationLogo"},"image":{"@id":"https:\/\/eldigitaldeasturias.com\/magazine365\/la-portada-de-la-feria-de-abril-de-2016-evocara-el-pabellon-de-argentina-de-la-exposicion-de-1929\/#organizationLogo"}},{"@type":"Person","@id":"https:\/\/eldigitaldeasturias.com\/magazine365\/author\/admin\/#author","url":"https:\/\/eldigitaldeasturias.com\/magazine365\/author\/admin\/","name":"admin","image":{"@type":"ImageObject","@id":"https:\/\/eldigitaldeasturias.com\/magazine365\/la-portada-de-la-feria-de-abril-de-2016-evocara-el-pabellon-de-argentina-de-la-exposicion-de-1929\/#authorImage","url":"https:\/\/eldigitaldeasturias.com\/magazine365\/wp-content\/litespeed\/avatar\/e571bcf59a0edd6fa6838245a470f2fe.jpg?ver=1777574230","width":96,"height":96,"caption":"admin"}},{"@type":"WebPage","@id":"https:\/\/eldigitaldeasturias.com\/magazine365\/la-portada-de-la-feria-de-abril-de-2016-evocara-el-pabellon-de-argentina-de-la-exposicion-de-1929\/#webpage","url":"https:\/\/eldigitaldeasturias.com\/magazine365\/la-portada-de-la-feria-de-abril-de-2016-evocara-el-pabellon-de-argentina-de-la-exposicion-de-1929\/","name":"La portada de la Feria de Abril de 2016 evocar\u00e1 el pabell\u00f3n de Argentina de la exposici\u00f3n de 1929 | El Digital de Asturias","description":"El Ayuntamiento de Sevilla ha presentado este jueves el dise\u00f1o base ganador del concurso de ideas para la portada de la Feria de Abril de 2016, que estar\u00e1 inspirada en el Pabell\u00f3n de Argentina de la Exposici\u00f3n Iberoamericana de 1929. Bajo el lema 'Sevilla, homenaje a la danza', el dise\u00f1o, obra de Eduardo Mor\u00f3n, recrea","inLanguage":"es-ES","isPartOf":{"@id":"https:\/\/eldigitaldeasturias.com\/magazine365\/#website"},"breadcrumb":{"@id":"https:\/\/eldigitaldeasturias.com\/magazine365\/la-portada-de-la-feria-de-abril-de-2016-evocara-el-pabellon-de-argentina-de-la-exposicion-de-1929\/#breadcrumblist"},"author":{"@id":"https:\/\/eldigitaldeasturias.com\/magazine365\/author\/admin\/#author"},"creator":{"@id":"https:\/\/eldigitaldeasturias.com\/magazine365\/author\/admin\/#author"},"image":{"@type":"ImageObject","url":"https:\/\/eldigitaldeasturias.com\/magazine365\/wp-content\/uploads\/2015\/07\/fotonoticia_20150723152828_800.jpg","@id":"https:\/\/eldigitaldeasturias.com\/magazine365\/la-portada-de-la-feria-de-abril-de-2016-evocara-el-pabellon-de-argentina-de-la-exposicion-de-1929\/#mainImage","width":800,"height":562},"primaryImageOfPage":{"@id":"https:\/\/eldigitaldeasturias.com\/magazine365\/la-portada-de-la-feria-de-abril-de-2016-evocara-el-pabellon-de-argentina-de-la-exposicion-de-1929\/#mainImage"},"datePublished":"2015-07-25T02:29:51+02:00","dateModified":"2015-07-25T02:29:51+02:00"},{"@type":"WebSite","@id":"https:\/\/eldigitaldeasturias.com\/magazine365\/#website","url":"https:\/\/eldigitaldeasturias.com\/magazine365\/","name":"El Digital de Asturias","description":"Revista de ocio, turismo y estilo de vida","inLanguage":"es-ES","publisher":{"@id":"https:\/\/eldigitaldeasturias.com\/magazine365\/#organization"}}]},"og:locale":"es_ES","og:site_name":"El Digital de Asturias \u2013 Revista de ocio, turismo y estilo de vida","og:type":"article","og:title":"La portada de la Feria de Abril de 2016 evocar\u00e1 el pabell\u00f3n de Argentina de la exposici\u00f3n de 1929 | El Digital de Asturias","og:description":"El Ayuntamiento de Sevilla ha presentado este jueves el dise\u00f1o base ganador del concurso de ideas para la portada de la Feria de Abril de 2016, que estar\u00e1 inspirada en el Pabell\u00f3n de Argentina de la Exposici\u00f3n Iberoamericana de 1929. Bajo el lema 'Sevilla, homenaje a la danza', el dise\u00f1o, obra de Eduardo Mor\u00f3n, recrea","og:url":"https:\/\/eldigitaldeasturias.com\/magazine365\/la-portada-de-la-feria-de-abril-de-2016-evocara-el-pabellon-de-argentina-de-la-exposicion-de-1929\/","og:image":"https:\/\/eldigitaldeasturias.com\/magazine365\/wp-content\/uploads\/2015\/07\/fotonoticia_20150723152828_800.jpg","og:image:secure_url":"https:\/\/eldigitaldeasturias.com\/magazine365\/wp-content\/uploads\/2015\/07\/fotonoticia_20150723152828_800.jpg","og:image:width":800,"og:image:height":562,"article:published_time":"2015-07-25T00:29:51+00:00","article:modified_time":"2015-07-25T00:29:51+00:00","twitter:card":"summary_large_image","twitter:title":"La portada de la Feria de Abril de 2016 evocar\u00e1 el pabell\u00f3n de Argentina de la exposici\u00f3n de 1929 | El Digital de Asturias","twitter:description":"El Ayuntamiento de Sevilla ha presentado este jueves el dise\u00f1o base ganador del concurso de ideas para la portada de la Feria de Abril de 2016, que estar\u00e1 inspirada en el Pabell\u00f3n de Argentina de la Exposici\u00f3n Iberoamericana de 1929. Bajo el lema 'Sevilla, homenaje a la danza', el dise\u00f1o, obra de Eduardo Mor\u00f3n, recrea","twitter:image":"https:\/\/eldigitaldeasturias.com\/magazine365\/wp-content\/uploads\/2015\/07\/fotonoticia_20150723152828_800.jpg"},"aioseo_meta_data":{"post_id":"43683","title":null,"description":null,"keywords":null,"keyphrases":null,"primary_term":null,"canonical_url":null,"og_title":null,"og_description":null,"og_object_type":"default","og_image_type":"default","og_image_url":null,"og_image_width":null,"og_image_height":null,"og_image_custom_url":null,"og_image_custom_fields":null,"og_video":null,"og_custom_url":null,"og_article_section":null,"og_article_tags":null,"twitter_use_og":false,"twitter_card":"default","twitter_image_type":"default","twitter_image_url":null,"twitter_image_custom_url":null,"twitter_image_custom_fields":null,"twitter_title":null,"twitter_description":null,"schema":{"blockGraphs":[],"customGraphs":[],"default":{"data":{"Article":[],"Course":[],"Dataset":[],"FAQPage":[],"Movie":[],"Person":[],"Product":[],"ProductReview":[],"Car":[],"Recipe":[],"Service":[],"SoftwareApplication":[],"WebPage":[]},"graphName":"","isEnabled":true},"graphs":[]},"schema_type":null,"schema_type_options":null,"pillar_content":false,"robots_default":true,"robots_noindex":false,"robots_noarchive":false,"robots_nosnippet":false,"robots_nofollow":false,"robots_noimageindex":false,"robots_noodp":false,"robots_notranslate":false,"robots_max_snippet":null,"robots_max_videopreview":null,"robots_max_imagepreview":"large","priority":null,"frequency":null,"location":null,"local_seo":null,"seo_analyzer_scan_date":"2025-09-19 20:22:48","breadcrumb_settings":null,"limit_modified_date":false,"open_ai":null,"ai":null,"created":"2021-03-09 01:44:48","updated":"2025-09-19 20:22:48"},"aioseo_breadcrumb":"<div class=\"aioseo-breadcrumbs\"><span class=\"aioseo-breadcrumb\">\n\t<a href=\"https:\/\/eldigitaldeasturias.com\/magazine365\" title=\"Home\">Home<\/a>\n<\/span><span class=\"aioseo-breadcrumb-separator\">\u2013<\/span><span class=\"aioseo-breadcrumb\">\n\t<a href=\"https:\/\/eldigitaldeasturias.com\/magazine365\/category\/noticias-actualidad\/\" title=\"Noticias y Actualidad\">Noticias y Actualidad<\/a>\n<\/span><span class=\"aioseo-breadcrumb-separator\">\u2013<\/span><span class=\"aioseo-breadcrumb\">\n\t<a href=\"https:\/\/eldigitaldeasturias.com\/magazine365\/la-portada-de-la-feria-de-abril-de-2016-evocara-el-pabellon-de-argentina-de-la-exposicion-de-1929\/\" title=\"La portada de la Feria de Abril de 2016 evocar\u00e1 el pabell\u00f3n de Argentina de la exposici\u00f3n de 1929\">La portada de la Feria de Abril de 2016 evocar\u00e1 el pabell\u00f3n de Argentina de la exposici\u00f3n de 1929<\/a>\n<\/span><\/div>","aioseo_breadcrumb_json":[{"label":"Home","link":"https:\/\/eldigitaldeasturias.com\/magazine365"},{"label":"Noticias y Actualidad","link":"https:\/\/eldigitaldeasturias.com\/magazine365\/category\/noticias-actualidad\/"},{"label":"La portada de la Feria de Abril de 2016 evocar\u00e1 el pabell\u00f3n de Argentina de la exposici\u00f3n de 1929","link":"https:\/\/eldigitaldeasturias.com\/magazine365\/la-portada-de-la-feria-de-abril-de-2016-evocara-el-pabellon-de-argentina-de-la-exposicion-de-1929\/"}],"_links":{"self":[{"href":"https:\/\/eldigitaldeasturias.com\/magazine365\/wp-json\/wp\/v2\/posts\/43683","targetHints":{"allow":["GET"]}}],"collection":[{"href":"https:\/\/eldigitaldeasturias.com\/magazine365\/wp-json\/wp\/v2\/posts"}],"about":[{"href":"https:\/\/eldigitaldeasturias.com\/magazine365\/wp-json\/wp\/v2\/types\/post"}],"author":[{"embeddable":true,"href":"https:\/\/eldigitaldeasturias.com\/magazine365\/wp-json\/wp\/v2\/users\/1"}],"replies":[{"embeddable":true,"href":"https:\/\/eldigitaldeasturias.com\/magazine365\/wp-json\/wp\/v2\/comments?post=43683"}],"version-history":[{"count":0,"href":"https:\/\/eldigitaldeasturias.com\/magazine365\/wp-json\/wp\/v2\/posts\/43683\/revisions"}],"wp:featuredmedia":[{"embeddable":true,"href":"https:\/\/eldigitaldeasturias.com\/magazine365\/wp-json\/wp\/v2\/media\/43684"}],"wp:attachment":[{"href":"https:\/\/eldigitaldeasturias.com\/magazine365\/wp-json\/wp\/v2\/media?parent=43683"}],"wp:term":[{"taxonomy":"category","embeddable":true,"href":"https:\/\/eldigitaldeasturias.com\/magazine365\/wp-json\/wp\/v2\/categories?post=43683"},{"taxonomy":"post_tag","embeddable":true,"href":"https:\/\/eldigitaldeasturias.com\/magazine365\/wp-json\/wp\/v2\/tags?post=43683"}],"curies":[{"name":"wp","href":"https:\/\/api.w.org\/{rel}","templated":true}]}}