{"id":43627,"date":"2015-07-25T01:40:32","date_gmt":"2015-07-24T23:40:32","guid":{"rendered":"http:\/\/eldigitaldeasturias.com\/magazine365\/?p=43627"},"modified":"2015-07-25T01:40:32","modified_gmt":"2015-07-24T23:40:32","slug":"cc-oo-extremadura-pedira-a-vara-un-pacto-por-el-ferrocarril-y-contra-su-abandono-en-la-region","status":"publish","type":"post","link":"https:\/\/eldigitaldeasturias.com\/magazine365\/cc-oo-extremadura-pedira-a-vara-un-pacto-por-el-ferrocarril-y-contra-su-abandono-en-la-region\/","title":{"rendered":"CC.OO. Extremadura pedir\u00e1 a Vara un pacto por el ferrocarril y contra su \u00ababandono\u00bb en la regi\u00f3n"},"content":{"rendered":"<p><img fetchpriority=\"high\" decoding=\"async\" class=\"alignleft size-medium wp-image-43628\" src=\"https:\/\/eldigitaldeasturias.com\/magazine365\/wp-content\/uploads\/2015\/07\/fotonoticia_20150723124030_800-360x270.jpg\" alt=\"fotonoticia_20150723124030_800\" width=\"360\" height=\"270\" srcset=\"https:\/\/eldigitaldeasturias.com\/magazine365\/wp-content\/uploads\/2015\/07\/fotonoticia_20150723124030_800-360x270.jpg 360w, https:\/\/eldigitaldeasturias.com\/magazine365\/wp-content\/uploads\/2015\/07\/fotonoticia_20150723124030_800-650x488.jpg 650w, https:\/\/eldigitaldeasturias.com\/magazine365\/wp-content\/uploads\/2015\/07\/fotonoticia_20150723124030_800-768x576.jpg 768w, https:\/\/eldigitaldeasturias.com\/magazine365\/wp-content\/uploads\/2015\/07\/fotonoticia_20150723124030_800-150x113.jpg 150w, https:\/\/eldigitaldeasturias.com\/magazine365\/wp-content\/uploads\/2015\/07\/fotonoticia_20150723124030_800-450x338.jpg 450w, https:\/\/eldigitaldeasturias.com\/magazine365\/wp-content\/uploads\/2015\/07\/fotonoticia_20150723124030_800-80x60.jpg 80w, https:\/\/eldigitaldeasturias.com\/magazine365\/wp-content\/uploads\/2015\/07\/fotonoticia_20150723124030_800-265x198.jpg 265w, https:\/\/eldigitaldeasturias.com\/magazine365\/wp-content\/uploads\/2015\/07\/fotonoticia_20150723124030_800-696x522.jpg 696w, https:\/\/eldigitaldeasturias.com\/magazine365\/wp-content\/uploads\/2015\/07\/fotonoticia_20150723124030_800-560x420.jpg 560w, https:\/\/eldigitaldeasturias.com\/magazine365\/wp-content\/uploads\/2015\/07\/fotonoticia_20150723124030_800-90x67.jpg 90w, https:\/\/eldigitaldeasturias.com\/magazine365\/wp-content\/uploads\/2015\/07\/fotonoticia_20150723124030_800-100x75.jpg 100w, https:\/\/eldigitaldeasturias.com\/magazine365\/wp-content\/uploads\/2015\/07\/fotonoticia_20150723124030_800.jpg 800w\" sizes=\"(max-width: 360px) 100vw, 360px\" \/>El secretario regional de CCOO en Extremadura, Juli\u00e1n Carretero, ha anunciado que este jueves va a pedir y plantear al presidente de la Junta, Guillermo Fern\u00e1ndez Vara, la \u00abnecesidad\u00bb de concertar \u00abde manera inmediata y urgente\u00bb un pacto por el ferrocarril y contra el \u00ababandono\u00bb del mismo en la comunidad.<\/p>\n<p>En rueda de prensa en Badajoz acompa\u00f1ado por el responsable del sector ferroviario de CCOO en la regi\u00f3n, Miguel Fuentes, Carretero ha valorado la \u00abpresunta\u00bb reuni\u00f3n mantenida entre las operadoras de ferrocarril en Espa\u00f1a y Portugal en la que se ha trasladado la posibilidad de \u00abpriorizar\u00bb la salida de pasajeros por el pa\u00eds vecino a trav\u00e9s de Salamanca.<\/p>\n<p>Ante ello ha reclamado el citado pacto que, seg\u00fan ha defendido, deber\u00e1 ser suscrito por la Junta de Extremadura y agentes sociales y econ\u00f3micos, grupos pol\u00edticos y sociedad civil y las organizaciones que \u00abquieran sumarse al mismo\u00bb y que debe \u00abconllevar si es necesario un calendario de movilizaciones de la regi\u00f3n extreme\u00f1a frente al Gobierno del Estado en la lucha por el ferrocarril en Extremadura y contra el abandono del ferrocarril en la regi\u00f3n\u00bb.<\/p>\n<p>\u00abTenemos el peor ferrocarril de Espa\u00f1a, el peor con diferencia, con absoluta diferencia, tanto en red convencional interna, que desde el a\u00f1o 2008 hasta hoy no se ha invertido un solo euro en mejoras, arreglos o cualquier circunstancia similar en esa v\u00eda convencional, como en cualquier conexi\u00f3n interregional\u00bb, ha criticado, al tiempo que ha recordado que en 2012 \u00abdesapareci\u00f3\u00bb la conexi\u00f3n de viajeros por Extremadura con Portugal.<\/p>\n<p>PORMENORES DEL PACTO<\/p>\n<p>En su intervenci\u00f3n, el dirigente de CCOO en la regi\u00f3n ha puntualizado que es \u00aburgente\u00bb, y que as\u00ed lo va a plantear a Vara en un encuentro informal previsto para este jueves entre ambos, dicho pacto por el ferrocarril que debe \u00abliderar\u00bb el Ejecutivo regional \u00abfrente al Gobierno de Espa\u00f1a\u00bb y que \u00abal menos\u00bb debe contener, adem\u00e1s de un \u00abcalendario de movilizaciones si es necesario\u00bb, aspectos como establecer un nuevo convenio entre la Junta de Extremadura y Renfe.<\/p>\n<p>As\u00ed ha se\u00f1alado que el actual convenio caduca el pr\u00f3ximo 31 de diciembre y que es \u00abfundamental\u00bb al ser \u00abla \u00fanica manera de garantizar que los trenes regionales funcionen\u00bb, adem\u00e1s de \u00abconllevar\u00bb mejoras e inversiones en infraestructuras que se deben \u00ababordar de manera urgent\u00edsima\u00bb en las v\u00edas convencionales de la regi\u00f3n.<\/p>\n<p>Dicho pacto tambi\u00e9n debe incluir el impulso \u00abinmediato\u00bb a la plataforma del AVE o las estaciones elevadoras el\u00e9ctricas necesarias para la electrificaci\u00f3n ferroviaria sobre las que \u00abno hay absolutamente nada planteado de aqu\u00ed al 2020\u00bb, a la vez que ha exigido \u00abretomar\u00bb el Eje 16 en \u00abdos cosas muy sencillas\u00bb cuyo importe ha cifrado en 80 millones de euros, el intercambiador de Brazatortas y el arreglo de la v\u00eda \u00abreal\u00bb del Eje 16 y un calendario \u00abexacto\u00bb de electrificaci\u00f3n.<\/p>\n<p>Igualmente ha reclamado trenes \u00abadecuados\u00bb para largas distancias, la inclusi\u00f3n de la \u00abintermodalidad\u00bb de estaciones \u00abal menos\u00bb, \u00abde momento\u00bb y de modo \u00abprioritario\u00bb en M\u00e9rida, que la gesti\u00f3n ferroviaria de mercanc\u00edas sea p\u00fablica, que se rejuvenezca la plantilla de Renfe y Adif, cuya media de edad en la regi\u00f3n ha cifrado en unos 55 a\u00f1os, o estudiar la \u00abrecuperaci\u00f3n\u00bb de la V\u00eda de la Plata.<\/p>\n<p>EL AVE \u00abNI EST\u00c1 NI SE LE ESPERA\u00bb<\/p>\n<p>En su intervenci\u00f3n, Carretero se ha referido al AVE al apuntar que \u00abni est\u00e1 ni se le espera\u00bb y que \u00ablo que iba a ser\u00bb un tren de alta velocidad mixto de pasajeros y mercanc\u00edas con doble v\u00eda electrificada entre Madrid y Lisboa \u00abse ha quedado en apenas un trenecito\u00bb con una plataforma \u00abexclusivamente\u00bb entre Plasencia y Badajoz, con una sola v\u00eda sin electrificar \u00aby que en el mejor de los casos nos traer\u00e1 una locomotora di\u00e9sel\u00bb que \u00abtodav\u00eda se espera para largo\u00bb.<\/p>\n<p>Sobre esta infraestructura ferroviaria, ha considerado que este pasado mi\u00e9rcoles el alcalde de la capital pacense, Francisco Javier Fragoso, ha dicho que \u00abantes de que acabe el a\u00f1o ya estaba funcionando ese tren entre Plasencia y Badajoz\u00bb, pero ha apostillado al respecto que \u00aben algunos casos ni siquiera est\u00e1 hecha la plataforma ni absolutamente nada\u00bb o que en el Tajo \u00abni est\u00e1n cerrados los puentes\u00bb.<\/p>\n<p>En este sentido ha aseverado que \u00abfaltan por hacer\u00bb la plataforma de cemento donde despu\u00e9s se instalan las v\u00edas en 13 kil\u00f3metros a la llegada de Badajoz, las entradas y salidas de M\u00e9rida, C\u00e1ceres y Plasencia o dos tramos de 8,5 kil\u00f3metros cada uno en las cercan\u00edas de Aljuc\u00e9n, uno de los cuales est\u00e1 adjudicado \u00aby no se ha empezado\u00bb y otro tambi\u00e9n adjudicado \u00abpero que se ha parado porque no cobra la empresa\u00bb.<\/p>\n<p>Ha agregado que desde Grimaldo a Plasencia \u00abfaltan\u00bb tres tramos de un total de 23 kil\u00f3metros que \u00abno se han empezado\u00bb aunque se adjudicaron hace un a\u00f1o, que desde Plasencia a Casatejada \u00abno existe ninguna plataforma\u00bb o que desde Navalmoral a Oropesa en direcci\u00f3n a Madrid \u00abtan solo hay 9 kil\u00f3metros hechos\u00bb.<\/p>\n<p>\u00ab\u00c9sa es la realidad, a todo eso, una vez que se se haya hecho todo eso, habr\u00eda que colocar las v\u00edas, habr\u00eda que dotar a las estaciones, habr\u00eda que poner las cuestiones de se\u00f1alizaci\u00f3n de seguridad, etc\u00e9tera etc\u00e9tera, o sea, en seis meses nada de nada\u00bb, ha sumado Carretero, quien ha aseverado sobre la posible visita de la ministra de Fomento que \u00absi no quieren traer a Ana Pastor a pasearla por aqu\u00ed a apagar fuegos que lo dejen\u00bb.<\/p>\n","protected":false},"excerpt":{"rendered":"<p>El secretario regional de CCOO en Extremadura, Juli\u00e1n Carretero, ha anunciado que este jueves va a pedir y plantear al presidente de la Junta, Guillermo Fern\u00e1ndez Vara, la \u00abnecesidad\u00bb de concertar \u00abde manera inmediata y urgente\u00bb un pacto por el ferrocarril y contra el \u00ababandono\u00bb del mismo en la comunidad. En rueda de prensa en<\/p>\n","protected":false},"author":1,"featured_media":43628,"comment_status":"open","ping_status":"closed","sticky":false,"template":"","format":"standard","meta":{"footnotes":""},"categories":[224],"tags":[],"class_list":{"0":"post-43627","1":"post","2":"type-post","3":"status-publish","4":"format-standard","5":"has-post-thumbnail","7":"category-noticias-actualidad"},"aioseo_notices":[],"aioseo_head":"\n\t\t<!-- All in One SEO Pro 4.9.6.1 - aioseo.com -->\n\t<meta name=\"description\" content=\"El secretario regional de CCOO en Extremadura, Juli\u00e1n Carretero, ha anunciado que este jueves va a pedir y plantear al presidente de la Junta, Guillermo Fern\u00e1ndez Vara, la &quot;necesidad&quot; de concertar &quot;de manera inmediata y urgente&quot; un pacto por el ferrocarril y contra el &quot;abandono&quot; del mismo en la comunidad. En rueda de prensa en\" \/>\n\t<meta name=\"robots\" content=\"max-image-preview:large\" \/>\n\t<meta name=\"author\" content=\"admin\"\/>\n\t<meta name=\"google-site-verification\" content=\"UA-38556648-1\" \/>\n\t<meta name=\"keywords\" content=\"noticias y actualidad\" \/>\n\t<link rel=\"canonical\" href=\"https:\/\/eldigitaldeasturias.com\/magazine365\/cc-oo-extremadura-pedira-a-vara-un-pacto-por-el-ferrocarril-y-contra-su-abandono-en-la-region\/\" \/>\n\t<meta name=\"generator\" content=\"All in One SEO Pro (AIOSEO) 4.9.6.1\" \/>\n\t\t<meta property=\"og:locale\" content=\"es_ES\" \/>\n\t\t<meta property=\"og:site_name\" content=\"El Digital de Asturias \u2013 Revista de ocio, turismo y estilo de vida\" \/>\n\t\t<meta property=\"og:type\" content=\"article\" \/>\n\t\t<meta property=\"og:title\" content=\"CC.OO. Extremadura pedir\u00e1 a Vara un pacto por el ferrocarril y contra su \u00ababandono\u00bb en la regi\u00f3n | El Digital de Asturias\" \/>\n\t\t<meta property=\"og:description\" content=\"El secretario regional de CCOO en Extremadura, Juli\u00e1n Carretero, ha anunciado que este jueves va a pedir y plantear al presidente de la Junta, Guillermo Fern\u00e1ndez Vara, la &quot;necesidad&quot; de concertar &quot;de manera inmediata y urgente&quot; un pacto por el ferrocarril y contra el &quot;abandono&quot; del mismo en la comunidad. En rueda de prensa en\" \/>\n\t\t<meta property=\"og:url\" content=\"https:\/\/eldigitaldeasturias.com\/magazine365\/cc-oo-extremadura-pedira-a-vara-un-pacto-por-el-ferrocarril-y-contra-su-abandono-en-la-region\/\" \/>\n\t\t<meta property=\"og:image\" content=\"https:\/\/eldigitaldeasturias.com\/magazine365\/wp-content\/uploads\/2015\/07\/fotonoticia_20150723124030_800.jpg\" \/>\n\t\t<meta property=\"og:image:secure_url\" content=\"https:\/\/eldigitaldeasturias.com\/magazine365\/wp-content\/uploads\/2015\/07\/fotonoticia_20150723124030_800.jpg\" \/>\n\t\t<meta property=\"og:image:width\" content=\"800\" \/>\n\t\t<meta property=\"og:image:height\" content=\"600\" \/>\n\t\t<meta property=\"article:published_time\" content=\"2015-07-24T23:40:32+00:00\" \/>\n\t\t<meta property=\"article:modified_time\" content=\"2015-07-24T23:40:32+00:00\" \/>\n\t\t<meta name=\"twitter:card\" content=\"summary_large_image\" \/>\n\t\t<meta name=\"twitter:title\" content=\"CC.OO. Extremadura pedir\u00e1 a Vara un pacto por el ferrocarril y contra su \u00ababandono\u00bb en la regi\u00f3n | El Digital de Asturias\" \/>\n\t\t<meta name=\"twitter:description\" content=\"El secretario regional de CCOO en Extremadura, Juli\u00e1n Carretero, ha anunciado que este jueves va a pedir y plantear al presidente de la Junta, Guillermo Fern\u00e1ndez Vara, la &quot;necesidad&quot; de concertar &quot;de manera inmediata y urgente&quot; un pacto por el ferrocarril y contra el &quot;abandono&quot; del mismo en la comunidad. En rueda de prensa en\" \/>\n\t\t<meta name=\"twitter:image\" content=\"https:\/\/eldigitaldeasturias.com\/magazine365\/wp-content\/uploads\/2015\/07\/fotonoticia_20150723124030_800.jpg\" \/>\n\t\t<script type=\"application\/ld+json\" class=\"aioseo-schema\">\n\t\t\t{\"@context\":\"https:\\\/\\\/schema.org\",\"@graph\":[{\"@type\":\"Article\",\"@id\":\"https:\\\/\\\/eldigitaldeasturias.com\\\/magazine365\\\/cc-oo-extremadura-pedira-a-vara-un-pacto-por-el-ferrocarril-y-contra-su-abandono-en-la-region\\\/#article\",\"name\":\"CC.OO. Extremadura pedir\\u00e1 a Vara un pacto por el ferrocarril y contra su \\u00ababandono\\u00bb en la regi\\u00f3n | El Digital de Asturias\",\"headline\":\"CC.OO. Extremadura pedir\\u00e1 a Vara un pacto por el ferrocarril y contra su \\u00ababandono\\u00bb en la regi\\u00f3n\",\"author\":{\"@id\":\"https:\\\/\\\/eldigitaldeasturias.com\\\/magazine365\\\/author\\\/admin\\\/#author\"},\"publisher\":{\"@id\":\"https:\\\/\\\/eldigitaldeasturias.com\\\/magazine365\\\/#organization\"},\"image\":{\"@type\":\"ImageObject\",\"url\":\"https:\\\/\\\/eldigitaldeasturias.com\\\/magazine365\\\/wp-content\\\/uploads\\\/2015\\\/07\\\/fotonoticia_20150723124030_800.jpg\",\"width\":800,\"height\":600},\"datePublished\":\"2015-07-25T01:40:32+02:00\",\"dateModified\":\"2015-07-25T01:40:32+02:00\",\"inLanguage\":\"es-ES\",\"mainEntityOfPage\":{\"@id\":\"https:\\\/\\\/eldigitaldeasturias.com\\\/magazine365\\\/cc-oo-extremadura-pedira-a-vara-un-pacto-por-el-ferrocarril-y-contra-su-abandono-en-la-region\\\/#webpage\"},\"isPartOf\":{\"@id\":\"https:\\\/\\\/eldigitaldeasturias.com\\\/magazine365\\\/cc-oo-extremadura-pedira-a-vara-un-pacto-por-el-ferrocarril-y-contra-su-abandono-en-la-region\\\/#webpage\"},\"articleSection\":\"Noticias y Actualidad\"},{\"@type\":\"BreadcrumbList\",\"@id\":\"https:\\\/\\\/eldigitaldeasturias.com\\\/magazine365\\\/cc-oo-extremadura-pedira-a-vara-un-pacto-por-el-ferrocarril-y-contra-su-abandono-en-la-region\\\/#breadcrumblist\",\"itemListElement\":[{\"@type\":\"ListItem\",\"@id\":\"https:\\\/\\\/eldigitaldeasturias.com\\\/magazine365#listItem\",\"position\":1,\"name\":\"Home\",\"item\":\"https:\\\/\\\/eldigitaldeasturias.com\\\/magazine365\",\"nextItem\":{\"@type\":\"ListItem\",\"@id\":\"https:\\\/\\\/eldigitaldeasturias.com\\\/magazine365\\\/category\\\/noticias-actualidad\\\/#listItem\",\"name\":\"Noticias y Actualidad\"}},{\"@type\":\"ListItem\",\"@id\":\"https:\\\/\\\/eldigitaldeasturias.com\\\/magazine365\\\/category\\\/noticias-actualidad\\\/#listItem\",\"position\":2,\"name\":\"Noticias y Actualidad\",\"item\":\"https:\\\/\\\/eldigitaldeasturias.com\\\/magazine365\\\/category\\\/noticias-actualidad\\\/\",\"nextItem\":{\"@type\":\"ListItem\",\"@id\":\"https:\\\/\\\/eldigitaldeasturias.com\\\/magazine365\\\/cc-oo-extremadura-pedira-a-vara-un-pacto-por-el-ferrocarril-y-contra-su-abandono-en-la-region\\\/#listItem\",\"name\":\"CC.OO. Extremadura pedir\\u00e1 a Vara un pacto por el ferrocarril y contra su \\u00ababandono\\u00bb en la regi\\u00f3n\"},\"previousItem\":{\"@type\":\"ListItem\",\"@id\":\"https:\\\/\\\/eldigitaldeasturias.com\\\/magazine365#listItem\",\"name\":\"Home\"}},{\"@type\":\"ListItem\",\"@id\":\"https:\\\/\\\/eldigitaldeasturias.com\\\/magazine365\\\/cc-oo-extremadura-pedira-a-vara-un-pacto-por-el-ferrocarril-y-contra-su-abandono-en-la-region\\\/#listItem\",\"position\":3,\"name\":\"CC.OO. Extremadura pedir\\u00e1 a Vara un pacto por el ferrocarril y contra su \\u00ababandono\\u00bb en la regi\\u00f3n\",\"previousItem\":{\"@type\":\"ListItem\",\"@id\":\"https:\\\/\\\/eldigitaldeasturias.com\\\/magazine365\\\/category\\\/noticias-actualidad\\\/#listItem\",\"name\":\"Noticias y Actualidad\"}}]},{\"@type\":\"Organization\",\"@id\":\"https:\\\/\\\/eldigitaldeasturias.com\\\/magazine365\\\/#organization\",\"name\":\"El digital de Asturias\",\"description\":\"Revista de ocio, turismo y estilo de vida\",\"url\":\"https:\\\/\\\/eldigitaldeasturias.com\\\/magazine365\\\/\",\"logo\":{\"@type\":\"ImageObject\",\"url\":\"https:\\\/\\\/www.eldigitaldeasturias.com\\\/noticias\\\/wp-content\\\/uploads\\\/2020\\\/12\\\/EDA.jpg\",\"@id\":\"https:\\\/\\\/eldigitaldeasturias.com\\\/magazine365\\\/cc-oo-extremadura-pedira-a-vara-un-pacto-por-el-ferrocarril-y-contra-su-abandono-en-la-region\\\/#organizationLogo\"},\"image\":{\"@id\":\"https:\\\/\\\/eldigitaldeasturias.com\\\/magazine365\\\/cc-oo-extremadura-pedira-a-vara-un-pacto-por-el-ferrocarril-y-contra-su-abandono-en-la-region\\\/#organizationLogo\"}},{\"@type\":\"Person\",\"@id\":\"https:\\\/\\\/eldigitaldeasturias.com\\\/magazine365\\\/author\\\/admin\\\/#author\",\"url\":\"https:\\\/\\\/eldigitaldeasturias.com\\\/magazine365\\\/author\\\/admin\\\/\",\"name\":\"admin\",\"image\":{\"@type\":\"ImageObject\",\"@id\":\"https:\\\/\\\/eldigitaldeasturias.com\\\/magazine365\\\/cc-oo-extremadura-pedira-a-vara-un-pacto-por-el-ferrocarril-y-contra-su-abandono-en-la-region\\\/#authorImage\",\"url\":\"https:\\\/\\\/eldigitaldeasturias.com\\\/magazine365\\\/wp-content\\\/litespeed\\\/avatar\\\/e571bcf59a0edd6fa6838245a470f2fe.jpg?ver=1777574230\",\"width\":96,\"height\":96,\"caption\":\"admin\"}},{\"@type\":\"WebPage\",\"@id\":\"https:\\\/\\\/eldigitaldeasturias.com\\\/magazine365\\\/cc-oo-extremadura-pedira-a-vara-un-pacto-por-el-ferrocarril-y-contra-su-abandono-en-la-region\\\/#webpage\",\"url\":\"https:\\\/\\\/eldigitaldeasturias.com\\\/magazine365\\\/cc-oo-extremadura-pedira-a-vara-un-pacto-por-el-ferrocarril-y-contra-su-abandono-en-la-region\\\/\",\"name\":\"CC.OO. Extremadura pedir\\u00e1 a Vara un pacto por el ferrocarril y contra su \\u00ababandono\\u00bb en la regi\\u00f3n | El Digital de Asturias\",\"description\":\"El secretario regional de CCOO en Extremadura, Juli\\u00e1n Carretero, ha anunciado que este jueves va a pedir y plantear al presidente de la Junta, Guillermo Fern\\u00e1ndez Vara, la \\\"necesidad\\\" de concertar \\\"de manera inmediata y urgente\\\" un pacto por el ferrocarril y contra el \\\"abandono\\\" del mismo en la comunidad. En rueda de prensa en\",\"inLanguage\":\"es-ES\",\"isPartOf\":{\"@id\":\"https:\\\/\\\/eldigitaldeasturias.com\\\/magazine365\\\/#website\"},\"breadcrumb\":{\"@id\":\"https:\\\/\\\/eldigitaldeasturias.com\\\/magazine365\\\/cc-oo-extremadura-pedira-a-vara-un-pacto-por-el-ferrocarril-y-contra-su-abandono-en-la-region\\\/#breadcrumblist\"},\"author\":{\"@id\":\"https:\\\/\\\/eldigitaldeasturias.com\\\/magazine365\\\/author\\\/admin\\\/#author\"},\"creator\":{\"@id\":\"https:\\\/\\\/eldigitaldeasturias.com\\\/magazine365\\\/author\\\/admin\\\/#author\"},\"image\":{\"@type\":\"ImageObject\",\"url\":\"https:\\\/\\\/eldigitaldeasturias.com\\\/magazine365\\\/wp-content\\\/uploads\\\/2015\\\/07\\\/fotonoticia_20150723124030_800.jpg\",\"@id\":\"https:\\\/\\\/eldigitaldeasturias.com\\\/magazine365\\\/cc-oo-extremadura-pedira-a-vara-un-pacto-por-el-ferrocarril-y-contra-su-abandono-en-la-region\\\/#mainImage\",\"width\":800,\"height\":600},\"primaryImageOfPage\":{\"@id\":\"https:\\\/\\\/eldigitaldeasturias.com\\\/magazine365\\\/cc-oo-extremadura-pedira-a-vara-un-pacto-por-el-ferrocarril-y-contra-su-abandono-en-la-region\\\/#mainImage\"},\"datePublished\":\"2015-07-25T01:40:32+02:00\",\"dateModified\":\"2015-07-25T01:40:32+02:00\"},{\"@type\":\"WebSite\",\"@id\":\"https:\\\/\\\/eldigitaldeasturias.com\\\/magazine365\\\/#website\",\"url\":\"https:\\\/\\\/eldigitaldeasturias.com\\\/magazine365\\\/\",\"name\":\"El Digital de Asturias\",\"description\":\"Revista de ocio, turismo y estilo de vida\",\"inLanguage\":\"es-ES\",\"publisher\":{\"@id\":\"https:\\\/\\\/eldigitaldeasturias.com\\\/magazine365\\\/#organization\"}}]}\n\t\t<\/script>\n\t\t<!-- All in One SEO Pro -->\r\n\t\t<title>CC.OO. Extremadura pedir\u00e1 a Vara un pacto por el ferrocarril y contra su \u00ababandono\u00bb en la regi\u00f3n | El Digital de Asturias<\/title>\n\n","aioseo_head_json":{"title":"CC.OO. Extremadura pedir\u00e1 a Vara un pacto por el ferrocarril y contra su \u00ababandono\u00bb en la regi\u00f3n | El Digital de Asturias","description":"El secretario regional de CCOO en Extremadura, Juli\u00e1n Carretero, ha anunciado que este jueves va a pedir y plantear al presidente de la Junta, Guillermo Fern\u00e1ndez Vara, la \"necesidad\" de concertar \"de manera inmediata y urgente\" un pacto por el ferrocarril y contra el \"abandono\" del mismo en la comunidad. En rueda de prensa en","canonical_url":"https:\/\/eldigitaldeasturias.com\/magazine365\/cc-oo-extremadura-pedira-a-vara-un-pacto-por-el-ferrocarril-y-contra-su-abandono-en-la-region\/","robots":"max-image-preview:large","keywords":"noticias y actualidad","webmasterTools":{"google-site-verification":"UA-38556648-1","miscellaneous":""},"schema":{"@context":"https:\/\/schema.org","@graph":[{"@type":"Article","@id":"https:\/\/eldigitaldeasturias.com\/magazine365\/cc-oo-extremadura-pedira-a-vara-un-pacto-por-el-ferrocarril-y-contra-su-abandono-en-la-region\/#article","name":"CC.OO. Extremadura pedir\u00e1 a Vara un pacto por el ferrocarril y contra su \u00ababandono\u00bb en la regi\u00f3n | El Digital de Asturias","headline":"CC.OO. Extremadura pedir\u00e1 a Vara un pacto por el ferrocarril y contra su \u00ababandono\u00bb en la regi\u00f3n","author":{"@id":"https:\/\/eldigitaldeasturias.com\/magazine365\/author\/admin\/#author"},"publisher":{"@id":"https:\/\/eldigitaldeasturias.com\/magazine365\/#organization"},"image":{"@type":"ImageObject","url":"https:\/\/eldigitaldeasturias.com\/magazine365\/wp-content\/uploads\/2015\/07\/fotonoticia_20150723124030_800.jpg","width":800,"height":600},"datePublished":"2015-07-25T01:40:32+02:00","dateModified":"2015-07-25T01:40:32+02:00","inLanguage":"es-ES","mainEntityOfPage":{"@id":"https:\/\/eldigitaldeasturias.com\/magazine365\/cc-oo-extremadura-pedira-a-vara-un-pacto-por-el-ferrocarril-y-contra-su-abandono-en-la-region\/#webpage"},"isPartOf":{"@id":"https:\/\/eldigitaldeasturias.com\/magazine365\/cc-oo-extremadura-pedira-a-vara-un-pacto-por-el-ferrocarril-y-contra-su-abandono-en-la-region\/#webpage"},"articleSection":"Noticias y Actualidad"},{"@type":"BreadcrumbList","@id":"https:\/\/eldigitaldeasturias.com\/magazine365\/cc-oo-extremadura-pedira-a-vara-un-pacto-por-el-ferrocarril-y-contra-su-abandono-en-la-region\/#breadcrumblist","itemListElement":[{"@type":"ListItem","@id":"https:\/\/eldigitaldeasturias.com\/magazine365#listItem","position":1,"name":"Home","item":"https:\/\/eldigitaldeasturias.com\/magazine365","nextItem":{"@type":"ListItem","@id":"https:\/\/eldigitaldeasturias.com\/magazine365\/category\/noticias-actualidad\/#listItem","name":"Noticias y Actualidad"}},{"@type":"ListItem","@id":"https:\/\/eldigitaldeasturias.com\/magazine365\/category\/noticias-actualidad\/#listItem","position":2,"name":"Noticias y Actualidad","item":"https:\/\/eldigitaldeasturias.com\/magazine365\/category\/noticias-actualidad\/","nextItem":{"@type":"ListItem","@id":"https:\/\/eldigitaldeasturias.com\/magazine365\/cc-oo-extremadura-pedira-a-vara-un-pacto-por-el-ferrocarril-y-contra-su-abandono-en-la-region\/#listItem","name":"CC.OO. Extremadura pedir\u00e1 a Vara un pacto por el ferrocarril y contra su \u00ababandono\u00bb en la regi\u00f3n"},"previousItem":{"@type":"ListItem","@id":"https:\/\/eldigitaldeasturias.com\/magazine365#listItem","name":"Home"}},{"@type":"ListItem","@id":"https:\/\/eldigitaldeasturias.com\/magazine365\/cc-oo-extremadura-pedira-a-vara-un-pacto-por-el-ferrocarril-y-contra-su-abandono-en-la-region\/#listItem","position":3,"name":"CC.OO. Extremadura pedir\u00e1 a Vara un pacto por el ferrocarril y contra su \u00ababandono\u00bb en la regi\u00f3n","previousItem":{"@type":"ListItem","@id":"https:\/\/eldigitaldeasturias.com\/magazine365\/category\/noticias-actualidad\/#listItem","name":"Noticias y Actualidad"}}]},{"@type":"Organization","@id":"https:\/\/eldigitaldeasturias.com\/magazine365\/#organization","name":"El digital de Asturias","description":"Revista de ocio, turismo y estilo de vida","url":"https:\/\/eldigitaldeasturias.com\/magazine365\/","logo":{"@type":"ImageObject","url":"https:\/\/www.eldigitaldeasturias.com\/noticias\/wp-content\/uploads\/2020\/12\/EDA.jpg","@id":"https:\/\/eldigitaldeasturias.com\/magazine365\/cc-oo-extremadura-pedira-a-vara-un-pacto-por-el-ferrocarril-y-contra-su-abandono-en-la-region\/#organizationLogo"},"image":{"@id":"https:\/\/eldigitaldeasturias.com\/magazine365\/cc-oo-extremadura-pedira-a-vara-un-pacto-por-el-ferrocarril-y-contra-su-abandono-en-la-region\/#organizationLogo"}},{"@type":"Person","@id":"https:\/\/eldigitaldeasturias.com\/magazine365\/author\/admin\/#author","url":"https:\/\/eldigitaldeasturias.com\/magazine365\/author\/admin\/","name":"admin","image":{"@type":"ImageObject","@id":"https:\/\/eldigitaldeasturias.com\/magazine365\/cc-oo-extremadura-pedira-a-vara-un-pacto-por-el-ferrocarril-y-contra-su-abandono-en-la-region\/#authorImage","url":"https:\/\/eldigitaldeasturias.com\/magazine365\/wp-content\/litespeed\/avatar\/e571bcf59a0edd6fa6838245a470f2fe.jpg?ver=1777574230","width":96,"height":96,"caption":"admin"}},{"@type":"WebPage","@id":"https:\/\/eldigitaldeasturias.com\/magazine365\/cc-oo-extremadura-pedira-a-vara-un-pacto-por-el-ferrocarril-y-contra-su-abandono-en-la-region\/#webpage","url":"https:\/\/eldigitaldeasturias.com\/magazine365\/cc-oo-extremadura-pedira-a-vara-un-pacto-por-el-ferrocarril-y-contra-su-abandono-en-la-region\/","name":"CC.OO. Extremadura pedir\u00e1 a Vara un pacto por el ferrocarril y contra su \u00ababandono\u00bb en la regi\u00f3n | El Digital de Asturias","description":"El secretario regional de CCOO en Extremadura, Juli\u00e1n Carretero, ha anunciado que este jueves va a pedir y plantear al presidente de la Junta, Guillermo Fern\u00e1ndez Vara, la \"necesidad\" de concertar \"de manera inmediata y urgente\" un pacto por el ferrocarril y contra el \"abandono\" del mismo en la comunidad. En rueda de prensa en","inLanguage":"es-ES","isPartOf":{"@id":"https:\/\/eldigitaldeasturias.com\/magazine365\/#website"},"breadcrumb":{"@id":"https:\/\/eldigitaldeasturias.com\/magazine365\/cc-oo-extremadura-pedira-a-vara-un-pacto-por-el-ferrocarril-y-contra-su-abandono-en-la-region\/#breadcrumblist"},"author":{"@id":"https:\/\/eldigitaldeasturias.com\/magazine365\/author\/admin\/#author"},"creator":{"@id":"https:\/\/eldigitaldeasturias.com\/magazine365\/author\/admin\/#author"},"image":{"@type":"ImageObject","url":"https:\/\/eldigitaldeasturias.com\/magazine365\/wp-content\/uploads\/2015\/07\/fotonoticia_20150723124030_800.jpg","@id":"https:\/\/eldigitaldeasturias.com\/magazine365\/cc-oo-extremadura-pedira-a-vara-un-pacto-por-el-ferrocarril-y-contra-su-abandono-en-la-region\/#mainImage","width":800,"height":600},"primaryImageOfPage":{"@id":"https:\/\/eldigitaldeasturias.com\/magazine365\/cc-oo-extremadura-pedira-a-vara-un-pacto-por-el-ferrocarril-y-contra-su-abandono-en-la-region\/#mainImage"},"datePublished":"2015-07-25T01:40:32+02:00","dateModified":"2015-07-25T01:40:32+02:00"},{"@type":"WebSite","@id":"https:\/\/eldigitaldeasturias.com\/magazine365\/#website","url":"https:\/\/eldigitaldeasturias.com\/magazine365\/","name":"El Digital de Asturias","description":"Revista de ocio, turismo y estilo de vida","inLanguage":"es-ES","publisher":{"@id":"https:\/\/eldigitaldeasturias.com\/magazine365\/#organization"}}]},"og:locale":"es_ES","og:site_name":"El Digital de Asturias \u2013 Revista de ocio, turismo y estilo de vida","og:type":"article","og:title":"CC.OO. Extremadura pedir\u00e1 a Vara un pacto por el ferrocarril y contra su \u00ababandono\u00bb en la regi\u00f3n | El Digital de Asturias","og:description":"El secretario regional de CCOO en Extremadura, Juli\u00e1n Carretero, ha anunciado que este jueves va a pedir y plantear al presidente de la Junta, Guillermo Fern\u00e1ndez Vara, la &quot;necesidad&quot; de concertar &quot;de manera inmediata y urgente&quot; un pacto por el ferrocarril y contra el &quot;abandono&quot; del mismo en la comunidad. En rueda de prensa en","og:url":"https:\/\/eldigitaldeasturias.com\/magazine365\/cc-oo-extremadura-pedira-a-vara-un-pacto-por-el-ferrocarril-y-contra-su-abandono-en-la-region\/","og:image":"https:\/\/eldigitaldeasturias.com\/magazine365\/wp-content\/uploads\/2015\/07\/fotonoticia_20150723124030_800.jpg","og:image:secure_url":"https:\/\/eldigitaldeasturias.com\/magazine365\/wp-content\/uploads\/2015\/07\/fotonoticia_20150723124030_800.jpg","og:image:width":800,"og:image:height":600,"article:published_time":"2015-07-24T23:40:32+00:00","article:modified_time":"2015-07-24T23:40:32+00:00","twitter:card":"summary_large_image","twitter:title":"CC.OO. Extremadura pedir\u00e1 a Vara un pacto por el ferrocarril y contra su \u00ababandono\u00bb en la regi\u00f3n | El Digital de Asturias","twitter:description":"El secretario regional de CCOO en Extremadura, Juli\u00e1n Carretero, ha anunciado que este jueves va a pedir y plantear al presidente de la Junta, Guillermo Fern\u00e1ndez Vara, la &quot;necesidad&quot; de concertar &quot;de manera inmediata y urgente&quot; un pacto por el ferrocarril y contra el &quot;abandono&quot; del mismo en la comunidad. En rueda de prensa en","twitter:image":"https:\/\/eldigitaldeasturias.com\/magazine365\/wp-content\/uploads\/2015\/07\/fotonoticia_20150723124030_800.jpg"},"aioseo_meta_data":{"post_id":"43627","title":null,"description":null,"keywords":null,"keyphrases":null,"primary_term":null,"canonical_url":null,"og_title":null,"og_description":null,"og_object_type":"default","og_image_type":"default","og_image_url":null,"og_image_width":null,"og_image_height":null,"og_image_custom_url":null,"og_image_custom_fields":null,"og_video":null,"og_custom_url":null,"og_article_section":null,"og_article_tags":null,"twitter_use_og":false,"twitter_card":"default","twitter_image_type":"default","twitter_image_url":null,"twitter_image_custom_url":null,"twitter_image_custom_fields":null,"twitter_title":null,"twitter_description":null,"schema":{"blockGraphs":[],"customGraphs":[],"default":{"data":{"Article":[],"Course":[],"Dataset":[],"FAQPage":[],"Movie":[],"Person":[],"Product":[],"ProductReview":[],"Car":[],"Recipe":[],"Service":[],"SoftwareApplication":[],"WebPage":[]},"graphName":"","isEnabled":true},"graphs":[],"defaultGraph":"","defaultPostTypeGraph":""},"schema_type":null,"schema_type_options":null,"pillar_content":false,"robots_default":true,"robots_noindex":false,"robots_noarchive":false,"robots_nosnippet":false,"robots_nofollow":false,"robots_noimageindex":false,"robots_noodp":false,"robots_notranslate":false,"robots_max_snippet":null,"robots_max_videopreview":null,"robots_max_imagepreview":"large","priority":null,"frequency":null,"location":null,"local_seo":null,"seo_analyzer_scan_date":"2025-09-19 20:15:46","breadcrumb_settings":null,"limit_modified_date":false,"open_ai":null,"ai":null,"created":"2021-03-09 01:44:48","updated":"2025-09-19 20:15:46"},"aioseo_breadcrumb":"<div class=\"aioseo-breadcrumbs\"><span class=\"aioseo-breadcrumb\">\n\t<a href=\"https:\/\/eldigitaldeasturias.com\/magazine365\" title=\"Home\">Home<\/a>\n<\/span><span class=\"aioseo-breadcrumb-separator\">\u2013<\/span><span class=\"aioseo-breadcrumb\">\n\t<a href=\"https:\/\/eldigitaldeasturias.com\/magazine365\/category\/noticias-actualidad\/\" title=\"Noticias y Actualidad\">Noticias y Actualidad<\/a>\n<\/span><span class=\"aioseo-breadcrumb-separator\">\u2013<\/span><span class=\"aioseo-breadcrumb\">\n\t<a href=\"https:\/\/eldigitaldeasturias.com\/magazine365\/cc-oo-extremadura-pedira-a-vara-un-pacto-por-el-ferrocarril-y-contra-su-abandono-en-la-region\/\" title=\"CC.OO. Extremadura pedir\u00e1 a Vara un pacto por el ferrocarril y contra su \u00ababandono\u00bb en la regi\u00f3n\">CC.OO. Extremadura pedir\u00e1 a Vara un pacto por el ferrocarril y contra su \u00ababandono\u00bb en la regi\u00f3n<\/a>\n<\/span><\/div>","aioseo_breadcrumb_json":[{"label":"Home","link":"https:\/\/eldigitaldeasturias.com\/magazine365"},{"label":"Noticias y Actualidad","link":"https:\/\/eldigitaldeasturias.com\/magazine365\/category\/noticias-actualidad\/"},{"label":"CC.OO. Extremadura pedir\u00e1 a Vara un pacto por el ferrocarril y contra su \u00ababandono\u00bb en la regi\u00f3n","link":"https:\/\/eldigitaldeasturias.com\/magazine365\/cc-oo-extremadura-pedira-a-vara-un-pacto-por-el-ferrocarril-y-contra-su-abandono-en-la-region\/"}],"_links":{"self":[{"href":"https:\/\/eldigitaldeasturias.com\/magazine365\/wp-json\/wp\/v2\/posts\/43627","targetHints":{"allow":["GET"]}}],"collection":[{"href":"https:\/\/eldigitaldeasturias.com\/magazine365\/wp-json\/wp\/v2\/posts"}],"about":[{"href":"https:\/\/eldigitaldeasturias.com\/magazine365\/wp-json\/wp\/v2\/types\/post"}],"author":[{"embeddable":true,"href":"https:\/\/eldigitaldeasturias.com\/magazine365\/wp-json\/wp\/v2\/users\/1"}],"replies":[{"embeddable":true,"href":"https:\/\/eldigitaldeasturias.com\/magazine365\/wp-json\/wp\/v2\/comments?post=43627"}],"version-history":[{"count":0,"href":"https:\/\/eldigitaldeasturias.com\/magazine365\/wp-json\/wp\/v2\/posts\/43627\/revisions"}],"wp:featuredmedia":[{"embeddable":true,"href":"https:\/\/eldigitaldeasturias.com\/magazine365\/wp-json\/wp\/v2\/media\/43628"}],"wp:attachment":[{"href":"https:\/\/eldigitaldeasturias.com\/magazine365\/wp-json\/wp\/v2\/media?parent=43627"}],"wp:term":[{"taxonomy":"category","embeddable":true,"href":"https:\/\/eldigitaldeasturias.com\/magazine365\/wp-json\/wp\/v2\/categories?post=43627"},{"taxonomy":"post_tag","embeddable":true,"href":"https:\/\/eldigitaldeasturias.com\/magazine365\/wp-json\/wp\/v2\/tags?post=43627"}],"curies":[{"name":"wp","href":"https:\/\/api.w.org\/{rel}","templated":true}]}}