{"id":43546,"date":"2015-07-24T19:50:59","date_gmt":"2015-07-24T17:50:59","guid":{"rendered":"http:\/\/eldigitaldeasturias.com\/magazine365\/?p=43546"},"modified":"2015-07-24T19:50:59","modified_gmt":"2015-07-24T17:50:59","slug":"la-comunidad-valenciana-recibe-en-el-primer-semestre-27-millones-de-turistas-extranjeros","status":"publish","type":"post","link":"https:\/\/eldigitaldeasturias.com\/magazine365\/la-comunidad-valenciana-recibe-en-el-primer-semestre-27-millones-de-turistas-extranjeros\/","title":{"rendered":"La Comunidad Valenciana recibe en el primer semestre 2,7 millones de turistas extranjeros"},"content":{"rendered":"<p><img fetchpriority=\"high\" decoding=\"async\" class=\"alignleft size-medium wp-image-43547\" src=\"https:\/\/eldigitaldeasturias.com\/magazine365\/wp-content\/uploads\/2015\/07\/fotonoticia_20150722165540_800-360x265.jpg\" alt=\"fotonoticia_20150722165540_800\" width=\"360\" height=\"265\" srcset=\"https:\/\/eldigitaldeasturias.com\/magazine365\/wp-content\/uploads\/2015\/07\/fotonoticia_20150722165540_800-360x265.jpg 360w, https:\/\/eldigitaldeasturias.com\/magazine365\/wp-content\/uploads\/2015\/07\/fotonoticia_20150722165540_800-650x478.jpg 650w, https:\/\/eldigitaldeasturias.com\/magazine365\/wp-content\/uploads\/2015\/07\/fotonoticia_20150722165540_800-768x564.jpg 768w, https:\/\/eldigitaldeasturias.com\/magazine365\/wp-content\/uploads\/2015\/07\/fotonoticia_20150722165540_800-150x110.jpg 150w, https:\/\/eldigitaldeasturias.com\/magazine365\/wp-content\/uploads\/2015\/07\/fotonoticia_20150722165540_800-450x331.jpg 450w, https:\/\/eldigitaldeasturias.com\/magazine365\/wp-content\/uploads\/2015\/07\/fotonoticia_20150722165540_800-80x60.jpg 80w, https:\/\/eldigitaldeasturias.com\/magazine365\/wp-content\/uploads\/2015\/07\/fotonoticia_20150722165540_800-696x512.jpg 696w, https:\/\/eldigitaldeasturias.com\/magazine365\/wp-content\/uploads\/2015\/07\/fotonoticia_20150722165540_800-571x420.jpg 571w, https:\/\/eldigitaldeasturias.com\/magazine365\/wp-content\/uploads\/2015\/07\/fotonoticia_20150722165540_800-338x250.jpg 338w, https:\/\/eldigitaldeasturias.com\/magazine365\/wp-content\/uploads\/2015\/07\/fotonoticia_20150722165540_800-90x67.jpg 90w, https:\/\/eldigitaldeasturias.com\/magazine365\/wp-content\/uploads\/2015\/07\/fotonoticia_20150722165540_800-100x75.jpg 100w, https:\/\/eldigitaldeasturias.com\/magazine365\/wp-content\/uploads\/2015\/07\/fotonoticia_20150722165540_800.jpg 800w\" sizes=\"(max-width: 360px) 100vw, 360px\" \/>La Comunitat Valenciana ha recibido durante los primeros seis meses del a\u00f1o 2,7 millones de turistas extranjeros, un 2,4 por ciento m\u00e1s que la cifra registrada en el mismo periodo de 2014. As\u00ed se desprende de la Encuesta de Movimiento en Fronteras (Frontur), que ha publicado este mi\u00e9rcoles el Ministerio de Industria, Energ\u00eda y Turismo.<\/p>\n<p>Por mercados, la encuesta muestra que el franc\u00e9s ha sido el principal art\u00edfice de este incremento, con una subida interanual del 17,7 por ciento. Adem\u00e1s, otros mercados como Alemania acumula un crecimiento de cerca del 0,8 por ciento hasta junio; los Pa\u00edses Bajos del 13,4 por ciento; y B\u00e9lgica del 11,9 por ciento con respecto al mismo periodo del a\u00f1o anterior.<\/p>\n<p>\u00abEstos datos muestran que la Comunitat Valenciana mantiene y consolida su crecimiento en la llegada de visitantes internacionales, superando incluso los extraordinarios datos registrados durante el pasado a\u00f1o\u00bb, seg\u00fan informa la Generalitat.<\/p>\n<p>Por su parte, los aeropuertos han sido la principal v\u00eda de acceso para el 83,2 por ciento de los turistas extranjeros que visitaron la Comunitat de enero a junio, y han mostrado un incremento en las llegadas de 0,8 por ciento respecto al a\u00f1o anterior.<\/p>\n<p>Asimismo, la encuesta muestra que durante el pasado mes de junio el n\u00famero de turistas extranjeros que han elegido como destino la Comunitat Valenciana asciende a 634.084, cifra que supone un 1,4 por ciento m\u00e1s que la registrada en el mismo mes de 2014.<\/p>\n<p>Por mercados, destaca el incremento del 27,8 por ciento del mercado holand\u00e9s; as\u00ed como el de Pa\u00edses Bajos &#8211;22,6 por ciento&#8211;; el mercado belga; el mercado de Pa\u00edses N\u00f3rdicos que aument\u00f3 un 4 por ciento; o el mercado de Irlanda, con un incremento del 23,3 por ciento interanual.<\/p>\n","protected":false},"excerpt":{"rendered":"<p>La Comunitat Valenciana ha recibido durante los primeros seis meses del a\u00f1o 2,7 millones de turistas extranjeros, un 2,4 por ciento m\u00e1s que la cifra registrada en el mismo periodo de 2014. As\u00ed se desprende de la Encuesta de Movimiento en Fronteras (Frontur), que ha publicado este mi\u00e9rcoles el Ministerio de Industria, Energ\u00eda y Turismo.<\/p>\n","protected":false},"author":1,"featured_media":43547,"comment_status":"open","ping_status":"closed","sticky":false,"template":"","format":"standard","meta":{"footnotes":""},"categories":[224],"tags":[],"class_list":{"0":"post-43546","1":"post","2":"type-post","3":"status-publish","4":"format-standard","5":"has-post-thumbnail","7":"category-noticias-actualidad"},"aioseo_notices":[],"aioseo_head":"\n\t\t<!-- All in One SEO Pro 4.9.6.1 - aioseo.com -->\n\t<meta name=\"description\" content=\"La Comunitat Valenciana ha recibido durante los primeros seis meses del a\u00f1o 2,7 millones de turistas extranjeros, un 2,4 por ciento m\u00e1s que la cifra registrada en el mismo periodo de 2014. As\u00ed se desprende de la Encuesta de Movimiento en Fronteras (Frontur), que ha publicado este mi\u00e9rcoles el Ministerio de Industria, Energ\u00eda y Turismo.\" \/>\n\t<meta name=\"robots\" content=\"max-image-preview:large\" \/>\n\t<meta name=\"author\" content=\"admin\"\/>\n\t<meta name=\"google-site-verification\" content=\"UA-38556648-1\" \/>\n\t<meta name=\"keywords\" content=\"noticias y actualidad\" \/>\n\t<link rel=\"canonical\" href=\"https:\/\/eldigitaldeasturias.com\/magazine365\/la-comunidad-valenciana-recibe-en-el-primer-semestre-27-millones-de-turistas-extranjeros\/\" \/>\n\t<meta name=\"generator\" content=\"All in One SEO Pro (AIOSEO) 4.9.6.1\" \/>\n\t\t<meta property=\"og:locale\" content=\"es_ES\" \/>\n\t\t<meta property=\"og:site_name\" content=\"El Digital de Asturias \u2013 Revista de ocio, turismo y estilo de vida\" \/>\n\t\t<meta property=\"og:type\" content=\"article\" \/>\n\t\t<meta property=\"og:title\" content=\"La Comunidad Valenciana recibe en el primer semestre 2,7 millones de turistas extranjeros | El Digital de Asturias\" \/>\n\t\t<meta property=\"og:description\" content=\"La Comunitat Valenciana ha recibido durante los primeros seis meses del a\u00f1o 2,7 millones de turistas extranjeros, un 2,4 por ciento m\u00e1s que la cifra registrada en el mismo periodo de 2014. As\u00ed se desprende de la Encuesta de Movimiento en Fronteras (Frontur), que ha publicado este mi\u00e9rcoles el Ministerio de Industria, Energ\u00eda y Turismo.\" \/>\n\t\t<meta property=\"og:url\" content=\"https:\/\/eldigitaldeasturias.com\/magazine365\/la-comunidad-valenciana-recibe-en-el-primer-semestre-27-millones-de-turistas-extranjeros\/\" \/>\n\t\t<meta property=\"og:image\" content=\"https:\/\/eldigitaldeasturias.com\/magazine365\/wp-content\/uploads\/2015\/07\/fotonoticia_20150722165540_800.jpg\" \/>\n\t\t<meta property=\"og:image:secure_url\" content=\"https:\/\/eldigitaldeasturias.com\/magazine365\/wp-content\/uploads\/2015\/07\/fotonoticia_20150722165540_800.jpg\" \/>\n\t\t<meta property=\"og:image:width\" content=\"800\" \/>\n\t\t<meta property=\"og:image:height\" content=\"588\" \/>\n\t\t<meta property=\"article:published_time\" content=\"2015-07-24T17:50:59+00:00\" \/>\n\t\t<meta property=\"article:modified_time\" content=\"2015-07-24T17:50:59+00:00\" \/>\n\t\t<meta name=\"twitter:card\" content=\"summary_large_image\" \/>\n\t\t<meta name=\"twitter:title\" content=\"La Comunidad Valenciana recibe en el primer semestre 2,7 millones de turistas extranjeros | El Digital de Asturias\" \/>\n\t\t<meta name=\"twitter:description\" content=\"La Comunitat Valenciana ha recibido durante los primeros seis meses del a\u00f1o 2,7 millones de turistas extranjeros, un 2,4 por ciento m\u00e1s que la cifra registrada en el mismo periodo de 2014. As\u00ed se desprende de la Encuesta de Movimiento en Fronteras (Frontur), que ha publicado este mi\u00e9rcoles el Ministerio de Industria, Energ\u00eda y Turismo.\" \/>\n\t\t<meta name=\"twitter:image\" content=\"https:\/\/eldigitaldeasturias.com\/magazine365\/wp-content\/uploads\/2015\/07\/fotonoticia_20150722165540_800.jpg\" \/>\n\t\t<script type=\"application\/ld+json\" class=\"aioseo-schema\">\n\t\t\t{\"@context\":\"https:\\\/\\\/schema.org\",\"@graph\":[{\"@type\":\"Article\",\"@id\":\"https:\\\/\\\/eldigitaldeasturias.com\\\/magazine365\\\/la-comunidad-valenciana-recibe-en-el-primer-semestre-27-millones-de-turistas-extranjeros\\\/#article\",\"name\":\"La Comunidad Valenciana recibe en el primer semestre 2,7 millones de turistas extranjeros | El Digital de Asturias\",\"headline\":\"La Comunidad Valenciana recibe en el primer semestre 2,7 millones de turistas extranjeros\",\"author\":{\"@id\":\"https:\\\/\\\/eldigitaldeasturias.com\\\/magazine365\\\/author\\\/admin\\\/#author\"},\"publisher\":{\"@id\":\"https:\\\/\\\/eldigitaldeasturias.com\\\/magazine365\\\/#organization\"},\"image\":{\"@type\":\"ImageObject\",\"url\":\"https:\\\/\\\/eldigitaldeasturias.com\\\/magazine365\\\/wp-content\\\/uploads\\\/2015\\\/07\\\/fotonoticia_20150722165540_800.jpg\",\"width\":800,\"height\":588},\"datePublished\":\"2015-07-24T19:50:59+02:00\",\"dateModified\":\"2015-07-24T19:50:59+02:00\",\"inLanguage\":\"es-ES\",\"mainEntityOfPage\":{\"@id\":\"https:\\\/\\\/eldigitaldeasturias.com\\\/magazine365\\\/la-comunidad-valenciana-recibe-en-el-primer-semestre-27-millones-de-turistas-extranjeros\\\/#webpage\"},\"isPartOf\":{\"@id\":\"https:\\\/\\\/eldigitaldeasturias.com\\\/magazine365\\\/la-comunidad-valenciana-recibe-en-el-primer-semestre-27-millones-de-turistas-extranjeros\\\/#webpage\"},\"articleSection\":\"Noticias y Actualidad\"},{\"@type\":\"BreadcrumbList\",\"@id\":\"https:\\\/\\\/eldigitaldeasturias.com\\\/magazine365\\\/la-comunidad-valenciana-recibe-en-el-primer-semestre-27-millones-de-turistas-extranjeros\\\/#breadcrumblist\",\"itemListElement\":[{\"@type\":\"ListItem\",\"@id\":\"https:\\\/\\\/eldigitaldeasturias.com\\\/magazine365#listItem\",\"position\":1,\"name\":\"Home\",\"item\":\"https:\\\/\\\/eldigitaldeasturias.com\\\/magazine365\",\"nextItem\":{\"@type\":\"ListItem\",\"@id\":\"https:\\\/\\\/eldigitaldeasturias.com\\\/magazine365\\\/category\\\/noticias-actualidad\\\/#listItem\",\"name\":\"Noticias y Actualidad\"}},{\"@type\":\"ListItem\",\"@id\":\"https:\\\/\\\/eldigitaldeasturias.com\\\/magazine365\\\/category\\\/noticias-actualidad\\\/#listItem\",\"position\":2,\"name\":\"Noticias y Actualidad\",\"item\":\"https:\\\/\\\/eldigitaldeasturias.com\\\/magazine365\\\/category\\\/noticias-actualidad\\\/\",\"nextItem\":{\"@type\":\"ListItem\",\"@id\":\"https:\\\/\\\/eldigitaldeasturias.com\\\/magazine365\\\/la-comunidad-valenciana-recibe-en-el-primer-semestre-27-millones-de-turistas-extranjeros\\\/#listItem\",\"name\":\"La Comunidad Valenciana recibe en el primer semestre 2,7 millones de turistas extranjeros\"},\"previousItem\":{\"@type\":\"ListItem\",\"@id\":\"https:\\\/\\\/eldigitaldeasturias.com\\\/magazine365#listItem\",\"name\":\"Home\"}},{\"@type\":\"ListItem\",\"@id\":\"https:\\\/\\\/eldigitaldeasturias.com\\\/magazine365\\\/la-comunidad-valenciana-recibe-en-el-primer-semestre-27-millones-de-turistas-extranjeros\\\/#listItem\",\"position\":3,\"name\":\"La Comunidad Valenciana recibe en el primer semestre 2,7 millones de turistas extranjeros\",\"previousItem\":{\"@type\":\"ListItem\",\"@id\":\"https:\\\/\\\/eldigitaldeasturias.com\\\/magazine365\\\/category\\\/noticias-actualidad\\\/#listItem\",\"name\":\"Noticias y Actualidad\"}}]},{\"@type\":\"Organization\",\"@id\":\"https:\\\/\\\/eldigitaldeasturias.com\\\/magazine365\\\/#organization\",\"name\":\"El digital de Asturias\",\"description\":\"Revista de ocio, turismo y estilo de vida\",\"url\":\"https:\\\/\\\/eldigitaldeasturias.com\\\/magazine365\\\/\",\"logo\":{\"@type\":\"ImageObject\",\"url\":\"https:\\\/\\\/www.eldigitaldeasturias.com\\\/noticias\\\/wp-content\\\/uploads\\\/2020\\\/12\\\/EDA.jpg\",\"@id\":\"https:\\\/\\\/eldigitaldeasturias.com\\\/magazine365\\\/la-comunidad-valenciana-recibe-en-el-primer-semestre-27-millones-de-turistas-extranjeros\\\/#organizationLogo\"},\"image\":{\"@id\":\"https:\\\/\\\/eldigitaldeasturias.com\\\/magazine365\\\/la-comunidad-valenciana-recibe-en-el-primer-semestre-27-millones-de-turistas-extranjeros\\\/#organizationLogo\"}},{\"@type\":\"Person\",\"@id\":\"https:\\\/\\\/eldigitaldeasturias.com\\\/magazine365\\\/author\\\/admin\\\/#author\",\"url\":\"https:\\\/\\\/eldigitaldeasturias.com\\\/magazine365\\\/author\\\/admin\\\/\",\"name\":\"admin\",\"image\":{\"@type\":\"ImageObject\",\"@id\":\"https:\\\/\\\/eldigitaldeasturias.com\\\/magazine365\\\/la-comunidad-valenciana-recibe-en-el-primer-semestre-27-millones-de-turistas-extranjeros\\\/#authorImage\",\"url\":\"https:\\\/\\\/eldigitaldeasturias.com\\\/magazine365\\\/wp-content\\\/litespeed\\\/avatar\\\/e571bcf59a0edd6fa6838245a470f2fe.jpg?ver=1777574230\",\"width\":96,\"height\":96,\"caption\":\"admin\"}},{\"@type\":\"WebPage\",\"@id\":\"https:\\\/\\\/eldigitaldeasturias.com\\\/magazine365\\\/la-comunidad-valenciana-recibe-en-el-primer-semestre-27-millones-de-turistas-extranjeros\\\/#webpage\",\"url\":\"https:\\\/\\\/eldigitaldeasturias.com\\\/magazine365\\\/la-comunidad-valenciana-recibe-en-el-primer-semestre-27-millones-de-turistas-extranjeros\\\/\",\"name\":\"La Comunidad Valenciana recibe en el primer semestre 2,7 millones de turistas extranjeros | El Digital de Asturias\",\"description\":\"La Comunitat Valenciana ha recibido durante los primeros seis meses del a\\u00f1o 2,7 millones de turistas extranjeros, un 2,4 por ciento m\\u00e1s que la cifra registrada en el mismo periodo de 2014. As\\u00ed se desprende de la Encuesta de Movimiento en Fronteras (Frontur), que ha publicado este mi\\u00e9rcoles el Ministerio de Industria, Energ\\u00eda y Turismo.\",\"inLanguage\":\"es-ES\",\"isPartOf\":{\"@id\":\"https:\\\/\\\/eldigitaldeasturias.com\\\/magazine365\\\/#website\"},\"breadcrumb\":{\"@id\":\"https:\\\/\\\/eldigitaldeasturias.com\\\/magazine365\\\/la-comunidad-valenciana-recibe-en-el-primer-semestre-27-millones-de-turistas-extranjeros\\\/#breadcrumblist\"},\"author\":{\"@id\":\"https:\\\/\\\/eldigitaldeasturias.com\\\/magazine365\\\/author\\\/admin\\\/#author\"},\"creator\":{\"@id\":\"https:\\\/\\\/eldigitaldeasturias.com\\\/magazine365\\\/author\\\/admin\\\/#author\"},\"image\":{\"@type\":\"ImageObject\",\"url\":\"https:\\\/\\\/eldigitaldeasturias.com\\\/magazine365\\\/wp-content\\\/uploads\\\/2015\\\/07\\\/fotonoticia_20150722165540_800.jpg\",\"@id\":\"https:\\\/\\\/eldigitaldeasturias.com\\\/magazine365\\\/la-comunidad-valenciana-recibe-en-el-primer-semestre-27-millones-de-turistas-extranjeros\\\/#mainImage\",\"width\":800,\"height\":588},\"primaryImageOfPage\":{\"@id\":\"https:\\\/\\\/eldigitaldeasturias.com\\\/magazine365\\\/la-comunidad-valenciana-recibe-en-el-primer-semestre-27-millones-de-turistas-extranjeros\\\/#mainImage\"},\"datePublished\":\"2015-07-24T19:50:59+02:00\",\"dateModified\":\"2015-07-24T19:50:59+02:00\"},{\"@type\":\"WebSite\",\"@id\":\"https:\\\/\\\/eldigitaldeasturias.com\\\/magazine365\\\/#website\",\"url\":\"https:\\\/\\\/eldigitaldeasturias.com\\\/magazine365\\\/\",\"name\":\"El Digital de Asturias\",\"description\":\"Revista de ocio, turismo y estilo de vida\",\"inLanguage\":\"es-ES\",\"publisher\":{\"@id\":\"https:\\\/\\\/eldigitaldeasturias.com\\\/magazine365\\\/#organization\"}}]}\n\t\t<\/script>\n\t\t<!-- All in One SEO Pro -->\r\n\t\t<title>La Comunidad Valenciana recibe en el primer semestre 2,7 millones de turistas extranjeros | El Digital de Asturias<\/title>\n\n","aioseo_head_json":{"title":"La Comunidad Valenciana recibe en el primer semestre 2,7 millones de turistas extranjeros | El Digital de Asturias","description":"La Comunitat Valenciana ha recibido durante los primeros seis meses del a\u00f1o 2,7 millones de turistas extranjeros, un 2,4 por ciento m\u00e1s que la cifra registrada en el mismo periodo de 2014. As\u00ed se desprende de la Encuesta de Movimiento en Fronteras (Frontur), que ha publicado este mi\u00e9rcoles el Ministerio de Industria, Energ\u00eda y Turismo.","canonical_url":"https:\/\/eldigitaldeasturias.com\/magazine365\/la-comunidad-valenciana-recibe-en-el-primer-semestre-27-millones-de-turistas-extranjeros\/","robots":"max-image-preview:large","keywords":"noticias y actualidad","webmasterTools":{"google-site-verification":"UA-38556648-1","miscellaneous":""},"schema":{"@context":"https:\/\/schema.org","@graph":[{"@type":"Article","@id":"https:\/\/eldigitaldeasturias.com\/magazine365\/la-comunidad-valenciana-recibe-en-el-primer-semestre-27-millones-de-turistas-extranjeros\/#article","name":"La Comunidad Valenciana recibe en el primer semestre 2,7 millones de turistas extranjeros | El Digital de Asturias","headline":"La Comunidad Valenciana recibe en el primer semestre 2,7 millones de turistas extranjeros","author":{"@id":"https:\/\/eldigitaldeasturias.com\/magazine365\/author\/admin\/#author"},"publisher":{"@id":"https:\/\/eldigitaldeasturias.com\/magazine365\/#organization"},"image":{"@type":"ImageObject","url":"https:\/\/eldigitaldeasturias.com\/magazine365\/wp-content\/uploads\/2015\/07\/fotonoticia_20150722165540_800.jpg","width":800,"height":588},"datePublished":"2015-07-24T19:50:59+02:00","dateModified":"2015-07-24T19:50:59+02:00","inLanguage":"es-ES","mainEntityOfPage":{"@id":"https:\/\/eldigitaldeasturias.com\/magazine365\/la-comunidad-valenciana-recibe-en-el-primer-semestre-27-millones-de-turistas-extranjeros\/#webpage"},"isPartOf":{"@id":"https:\/\/eldigitaldeasturias.com\/magazine365\/la-comunidad-valenciana-recibe-en-el-primer-semestre-27-millones-de-turistas-extranjeros\/#webpage"},"articleSection":"Noticias y Actualidad"},{"@type":"BreadcrumbList","@id":"https:\/\/eldigitaldeasturias.com\/magazine365\/la-comunidad-valenciana-recibe-en-el-primer-semestre-27-millones-de-turistas-extranjeros\/#breadcrumblist","itemListElement":[{"@type":"ListItem","@id":"https:\/\/eldigitaldeasturias.com\/magazine365#listItem","position":1,"name":"Home","item":"https:\/\/eldigitaldeasturias.com\/magazine365","nextItem":{"@type":"ListItem","@id":"https:\/\/eldigitaldeasturias.com\/magazine365\/category\/noticias-actualidad\/#listItem","name":"Noticias y Actualidad"}},{"@type":"ListItem","@id":"https:\/\/eldigitaldeasturias.com\/magazine365\/category\/noticias-actualidad\/#listItem","position":2,"name":"Noticias y Actualidad","item":"https:\/\/eldigitaldeasturias.com\/magazine365\/category\/noticias-actualidad\/","nextItem":{"@type":"ListItem","@id":"https:\/\/eldigitaldeasturias.com\/magazine365\/la-comunidad-valenciana-recibe-en-el-primer-semestre-27-millones-de-turistas-extranjeros\/#listItem","name":"La Comunidad Valenciana recibe en el primer semestre 2,7 millones de turistas extranjeros"},"previousItem":{"@type":"ListItem","@id":"https:\/\/eldigitaldeasturias.com\/magazine365#listItem","name":"Home"}},{"@type":"ListItem","@id":"https:\/\/eldigitaldeasturias.com\/magazine365\/la-comunidad-valenciana-recibe-en-el-primer-semestre-27-millones-de-turistas-extranjeros\/#listItem","position":3,"name":"La Comunidad Valenciana recibe en el primer semestre 2,7 millones de turistas extranjeros","previousItem":{"@type":"ListItem","@id":"https:\/\/eldigitaldeasturias.com\/magazine365\/category\/noticias-actualidad\/#listItem","name":"Noticias y Actualidad"}}]},{"@type":"Organization","@id":"https:\/\/eldigitaldeasturias.com\/magazine365\/#organization","name":"El digital de Asturias","description":"Revista de ocio, turismo y estilo de vida","url":"https:\/\/eldigitaldeasturias.com\/magazine365\/","logo":{"@type":"ImageObject","url":"https:\/\/www.eldigitaldeasturias.com\/noticias\/wp-content\/uploads\/2020\/12\/EDA.jpg","@id":"https:\/\/eldigitaldeasturias.com\/magazine365\/la-comunidad-valenciana-recibe-en-el-primer-semestre-27-millones-de-turistas-extranjeros\/#organizationLogo"},"image":{"@id":"https:\/\/eldigitaldeasturias.com\/magazine365\/la-comunidad-valenciana-recibe-en-el-primer-semestre-27-millones-de-turistas-extranjeros\/#organizationLogo"}},{"@type":"Person","@id":"https:\/\/eldigitaldeasturias.com\/magazine365\/author\/admin\/#author","url":"https:\/\/eldigitaldeasturias.com\/magazine365\/author\/admin\/","name":"admin","image":{"@type":"ImageObject","@id":"https:\/\/eldigitaldeasturias.com\/magazine365\/la-comunidad-valenciana-recibe-en-el-primer-semestre-27-millones-de-turistas-extranjeros\/#authorImage","url":"https:\/\/eldigitaldeasturias.com\/magazine365\/wp-content\/litespeed\/avatar\/e571bcf59a0edd6fa6838245a470f2fe.jpg?ver=1777574230","width":96,"height":96,"caption":"admin"}},{"@type":"WebPage","@id":"https:\/\/eldigitaldeasturias.com\/magazine365\/la-comunidad-valenciana-recibe-en-el-primer-semestre-27-millones-de-turistas-extranjeros\/#webpage","url":"https:\/\/eldigitaldeasturias.com\/magazine365\/la-comunidad-valenciana-recibe-en-el-primer-semestre-27-millones-de-turistas-extranjeros\/","name":"La Comunidad Valenciana recibe en el primer semestre 2,7 millones de turistas extranjeros | El Digital de Asturias","description":"La Comunitat Valenciana ha recibido durante los primeros seis meses del a\u00f1o 2,7 millones de turistas extranjeros, un 2,4 por ciento m\u00e1s que la cifra registrada en el mismo periodo de 2014. As\u00ed se desprende de la Encuesta de Movimiento en Fronteras (Frontur), que ha publicado este mi\u00e9rcoles el Ministerio de Industria, Energ\u00eda y Turismo.","inLanguage":"es-ES","isPartOf":{"@id":"https:\/\/eldigitaldeasturias.com\/magazine365\/#website"},"breadcrumb":{"@id":"https:\/\/eldigitaldeasturias.com\/magazine365\/la-comunidad-valenciana-recibe-en-el-primer-semestre-27-millones-de-turistas-extranjeros\/#breadcrumblist"},"author":{"@id":"https:\/\/eldigitaldeasturias.com\/magazine365\/author\/admin\/#author"},"creator":{"@id":"https:\/\/eldigitaldeasturias.com\/magazine365\/author\/admin\/#author"},"image":{"@type":"ImageObject","url":"https:\/\/eldigitaldeasturias.com\/magazine365\/wp-content\/uploads\/2015\/07\/fotonoticia_20150722165540_800.jpg","@id":"https:\/\/eldigitaldeasturias.com\/magazine365\/la-comunidad-valenciana-recibe-en-el-primer-semestre-27-millones-de-turistas-extranjeros\/#mainImage","width":800,"height":588},"primaryImageOfPage":{"@id":"https:\/\/eldigitaldeasturias.com\/magazine365\/la-comunidad-valenciana-recibe-en-el-primer-semestre-27-millones-de-turistas-extranjeros\/#mainImage"},"datePublished":"2015-07-24T19:50:59+02:00","dateModified":"2015-07-24T19:50:59+02:00"},{"@type":"WebSite","@id":"https:\/\/eldigitaldeasturias.com\/magazine365\/#website","url":"https:\/\/eldigitaldeasturias.com\/magazine365\/","name":"El Digital de Asturias","description":"Revista de ocio, turismo y estilo de vida","inLanguage":"es-ES","publisher":{"@id":"https:\/\/eldigitaldeasturias.com\/magazine365\/#organization"}}]},"og:locale":"es_ES","og:site_name":"El Digital de Asturias \u2013 Revista de ocio, turismo y estilo de vida","og:type":"article","og:title":"La Comunidad Valenciana recibe en el primer semestre 2,7 millones de turistas extranjeros | El Digital de Asturias","og:description":"La Comunitat Valenciana ha recibido durante los primeros seis meses del a\u00f1o 2,7 millones de turistas extranjeros, un 2,4 por ciento m\u00e1s que la cifra registrada en el mismo periodo de 2014. As\u00ed se desprende de la Encuesta de Movimiento en Fronteras (Frontur), que ha publicado este mi\u00e9rcoles el Ministerio de Industria, Energ\u00eda y Turismo.","og:url":"https:\/\/eldigitaldeasturias.com\/magazine365\/la-comunidad-valenciana-recibe-en-el-primer-semestre-27-millones-de-turistas-extranjeros\/","og:image":"https:\/\/eldigitaldeasturias.com\/magazine365\/wp-content\/uploads\/2015\/07\/fotonoticia_20150722165540_800.jpg","og:image:secure_url":"https:\/\/eldigitaldeasturias.com\/magazine365\/wp-content\/uploads\/2015\/07\/fotonoticia_20150722165540_800.jpg","og:image:width":800,"og:image:height":588,"article:published_time":"2015-07-24T17:50:59+00:00","article:modified_time":"2015-07-24T17:50:59+00:00","twitter:card":"summary_large_image","twitter:title":"La Comunidad Valenciana recibe en el primer semestre 2,7 millones de turistas extranjeros | El Digital de Asturias","twitter:description":"La Comunitat Valenciana ha recibido durante los primeros seis meses del a\u00f1o 2,7 millones de turistas extranjeros, un 2,4 por ciento m\u00e1s que la cifra registrada en el mismo periodo de 2014. As\u00ed se desprende de la Encuesta de Movimiento en Fronteras (Frontur), que ha publicado este mi\u00e9rcoles el Ministerio de Industria, Energ\u00eda y Turismo.","twitter:image":"https:\/\/eldigitaldeasturias.com\/magazine365\/wp-content\/uploads\/2015\/07\/fotonoticia_20150722165540_800.jpg"},"aioseo_meta_data":{"post_id":"43546","title":null,"description":null,"keywords":null,"keyphrases":null,"primary_term":null,"canonical_url":null,"og_title":null,"og_description":null,"og_object_type":"default","og_image_type":"default","og_image_url":null,"og_image_width":null,"og_image_height":null,"og_image_custom_url":null,"og_image_custom_fields":null,"og_video":null,"og_custom_url":null,"og_article_section":null,"og_article_tags":null,"twitter_use_og":false,"twitter_card":"default","twitter_image_type":"default","twitter_image_url":null,"twitter_image_custom_url":null,"twitter_image_custom_fields":null,"twitter_title":null,"twitter_description":null,"schema":{"blockGraphs":[],"customGraphs":[],"default":{"data":{"Article":[],"Course":[],"Dataset":[],"FAQPage":[],"Movie":[],"Person":[],"Product":[],"ProductReview":[],"Car":[],"Recipe":[],"Service":[],"SoftwareApplication":[],"WebPage":[]},"graphName":"","isEnabled":true},"graphs":[],"defaultGraph":"","defaultPostTypeGraph":""},"schema_type":null,"schema_type_options":null,"pillar_content":false,"robots_default":true,"robots_noindex":false,"robots_noarchive":false,"robots_nosnippet":false,"robots_nofollow":false,"robots_noimageindex":false,"robots_noodp":false,"robots_notranslate":false,"robots_max_snippet":null,"robots_max_videopreview":null,"robots_max_imagepreview":"large","priority":null,"frequency":null,"location":null,"local_seo":null,"seo_analyzer_scan_date":"2025-09-19 20:04:59","breadcrumb_settings":null,"limit_modified_date":false,"open_ai":null,"ai":null,"created":"2021-03-09 01:47:11","updated":"2025-09-19 20:04:59"},"aioseo_breadcrumb":"<div class=\"aioseo-breadcrumbs\"><span class=\"aioseo-breadcrumb\">\n\t<a href=\"https:\/\/eldigitaldeasturias.com\/magazine365\" title=\"Home\">Home<\/a>\n<\/span><span class=\"aioseo-breadcrumb-separator\">\u2013<\/span><span class=\"aioseo-breadcrumb\">\n\t<a href=\"https:\/\/eldigitaldeasturias.com\/magazine365\/category\/noticias-actualidad\/\" title=\"Noticias y Actualidad\">Noticias y Actualidad<\/a>\n<\/span><span class=\"aioseo-breadcrumb-separator\">\u2013<\/span><span class=\"aioseo-breadcrumb\">\n\t<a href=\"https:\/\/eldigitaldeasturias.com\/magazine365\/la-comunidad-valenciana-recibe-en-el-primer-semestre-27-millones-de-turistas-extranjeros\/\" title=\"La Comunidad Valenciana recibe en el primer semestre 2,7 millones de turistas extranjeros\">La Comunidad Valenciana recibe en el primer semestre 2,7 millones de turistas extranjeros<\/a>\n<\/span><\/div>","aioseo_breadcrumb_json":[{"label":"Home","link":"https:\/\/eldigitaldeasturias.com\/magazine365"},{"label":"Noticias y Actualidad","link":"https:\/\/eldigitaldeasturias.com\/magazine365\/category\/noticias-actualidad\/"},{"label":"La Comunidad Valenciana recibe en el primer semestre 2,7 millones de turistas extranjeros","link":"https:\/\/eldigitaldeasturias.com\/magazine365\/la-comunidad-valenciana-recibe-en-el-primer-semestre-27-millones-de-turistas-extranjeros\/"}],"_links":{"self":[{"href":"https:\/\/eldigitaldeasturias.com\/magazine365\/wp-json\/wp\/v2\/posts\/43546","targetHints":{"allow":["GET"]}}],"collection":[{"href":"https:\/\/eldigitaldeasturias.com\/magazine365\/wp-json\/wp\/v2\/posts"}],"about":[{"href":"https:\/\/eldigitaldeasturias.com\/magazine365\/wp-json\/wp\/v2\/types\/post"}],"author":[{"embeddable":true,"href":"https:\/\/eldigitaldeasturias.com\/magazine365\/wp-json\/wp\/v2\/users\/1"}],"replies":[{"embeddable":true,"href":"https:\/\/eldigitaldeasturias.com\/magazine365\/wp-json\/wp\/v2\/comments?post=43546"}],"version-history":[{"count":0,"href":"https:\/\/eldigitaldeasturias.com\/magazine365\/wp-json\/wp\/v2\/posts\/43546\/revisions"}],"wp:featuredmedia":[{"embeddable":true,"href":"https:\/\/eldigitaldeasturias.com\/magazine365\/wp-json\/wp\/v2\/media\/43547"}],"wp:attachment":[{"href":"https:\/\/eldigitaldeasturias.com\/magazine365\/wp-json\/wp\/v2\/media?parent=43546"}],"wp:term":[{"taxonomy":"category","embeddable":true,"href":"https:\/\/eldigitaldeasturias.com\/magazine365\/wp-json\/wp\/v2\/categories?post=43546"},{"taxonomy":"post_tag","embeddable":true,"href":"https:\/\/eldigitaldeasturias.com\/magazine365\/wp-json\/wp\/v2\/tags?post=43546"}],"curies":[{"name":"wp","href":"https:\/\/api.w.org\/{rel}","templated":true}]}}