{"id":43525,"date":"2015-07-23T14:38:19","date_gmt":"2015-07-23T12:38:19","guid":{"rendered":"http:\/\/eldigitaldeasturias.com\/magazine365\/?p=43525"},"modified":"2015-07-23T14:38:19","modified_gmt":"2015-07-23T12:38:19","slug":"colomer-considera-que-el-turismo-es-la-apuesta-de-futuro-por-ser-parte-de-la-respuesta-a-los-problemas-economicos","status":"publish","type":"post","link":"https:\/\/eldigitaldeasturias.com\/magazine365\/colomer-considera-que-el-turismo-es-la-apuesta-de-futuro-por-ser-parte-de-la-respuesta-a-los-problemas-economicos\/","title":{"rendered":"Colomer considera que el turismo es la \u00abapuesta de futuro\u00bb por ser \u00abparte de la respuesta\u00bb a los problemas econ\u00f3micos"},"content":{"rendered":"<p><img fetchpriority=\"high\" decoding=\"async\" class=\"alignleft size-medium wp-image-43526\" src=\"https:\/\/eldigitaldeasturias.com\/magazine365\/wp-content\/uploads\/2015\/07\/fotonoticia_20150722151800_800-360x203.jpg\" alt=\"fotonoticia_20150722151800_800\" width=\"360\" height=\"203\" srcset=\"https:\/\/eldigitaldeasturias.com\/magazine365\/wp-content\/uploads\/2015\/07\/fotonoticia_20150722151800_800-360x203.jpg 360w, https:\/\/eldigitaldeasturias.com\/magazine365\/wp-content\/uploads\/2015\/07\/fotonoticia_20150722151800_800-650x366.jpg 650w, https:\/\/eldigitaldeasturias.com\/magazine365\/wp-content\/uploads\/2015\/07\/fotonoticia_20150722151800_800-768x432.jpg 768w, https:\/\/eldigitaldeasturias.com\/magazine365\/wp-content\/uploads\/2015\/07\/fotonoticia_20150722151800_800-150x84.jpg 150w, https:\/\/eldigitaldeasturias.com\/magazine365\/wp-content\/uploads\/2015\/07\/fotonoticia_20150722151800_800-450x253.jpg 450w, https:\/\/eldigitaldeasturias.com\/magazine365\/wp-content\/uploads\/2015\/07\/fotonoticia_20150722151800_800-696x392.jpg 696w, https:\/\/eldigitaldeasturias.com\/magazine365\/wp-content\/uploads\/2015\/07\/fotonoticia_20150722151800_800-747x420.jpg 747w, https:\/\/eldigitaldeasturias.com\/magazine365\/wp-content\/uploads\/2015\/07\/fotonoticia_20150722151800_800-499x280.jpg 499w, https:\/\/eldigitaldeasturias.com\/magazine365\/wp-content\/uploads\/2015\/07\/fotonoticia_20150722151800_800.jpg 800w\" sizes=\"(max-width: 360px) 100vw, 360px\" \/>El secretario auton\u00f3mico de Turisme, Francesc Colomer, ha asegurado que el sector es \u00abla apuesta de futuro\u00bb del Consell de Ximo Puig y ha insistido en que es \u00abparte de la respuesta\u00bb y de la \u00absoluci\u00f3n\u00bb a los problemas econ\u00f3micos de la sociedad valenciana.<\/p>\n<p>En declaraciones a los medios tras la visita institucional que ha hecho este mi\u00e9rcoles al Ayuntamiento de Alicante, Colomer ha considerado que donde funciona el turismo \u00abla crisis se ha resistido mejor\u00bb y, por ello, ha defendido un sector que sirve para afrontar \u00abla falta de esperanza y de empleo\u00bb.<\/p>\n<p>El secretario auton\u00f3mico ha subrayado que \u00abtoda estrategia que se base en fortalecer el sector ser\u00e1 fundamental\u00bb y ha se\u00f1alado que su visita a Alicante iba en el sentido de \u00abbuscar los elementos identitarios\u00bb y la \u00abestrategia diferenciada\u00bb de la ciudad en un \u00abmundo global\u00bb. As\u00ed, ha manifestado que su visita ha servido para \u00abtrazar una estrategia compartida para junto con el sector tur\u00edstico, con los empresarios, ser capaces de elevar el potencial de la ciudad\u00bb.<\/p>\n<p>Francesc Colomer ha aseverado que el hecho de haber situado Turisme dentro de Presidencia lanza un mensaje \u00abal sector, al territorio y a la sociedad\u00bb. Se ha pronunciado as\u00ed al ser cuestionado por la inexistencia de una Conselleria espec\u00edfica.<\/p>\n<p>Ha estimado que su reto es \u00abimpregnar de alma tur\u00edstica\u00bb a todas las consellerias. \u00abEs imposible entender el turismo sin seguridad ciudadana, obras p\u00fablicas, cultura, sin medio ambiente, saneamiento, en definitiva todas las competencias distribuidas en la estructura de gobierno de la Generalitat\u00bb.<\/p>\n<p>Adem\u00e1s, preguntado por la pol\u00e9mica sobre los apartamentos tur\u00edsticos no regulados, Colomer ha recordado que se ha reunido con los mandos de Polic\u00eda Auton\u00f3mica y con Agencia Tributaria y ha pedido que se tienen que implicar desde \u00ablos administradores de fincas, municipios y diputaciones\u00bb. Frente a esa problem\u00e1tica, una de las principales quejas del sector, Colomer ha defendido \u00abtener una estrategia colectiva para mitigar el problema, el conflicto global del intrusismo y la competencia desleal\u00bb y ha afirmado que cabe estar \u00abpermanentemente del lado del sector reglado que tributa, crea empleo, que genera riqueza\u00bb.<\/p>\n<p>As\u00ed, ha apuntado que se trabajar\u00e1 en incrementar las inspecciones, investigar \u00ablo que circula en la red, que es la principal causa de competencia desleal\u00bb y coordinar a los efectivos de la Direcci\u00f3n General de Turisme, Agencia Tributaria y Polic\u00eda Auton\u00f3mica. No obstante, ha zanjado que ser\u00e1 un tema que \u00abcostar\u00e1\u00bb pero que \u00abel trabajo sistem\u00e1tico pueda dar frutos\u00bb.<\/p>\n<p>DESTINO ATRACTIVO<\/p>\n<p>Por su parte, el alcalde de Alicante, Gabriel Ech\u00e1varri, ha indicado que la ciudad tiene \u00abun potencia tur\u00edstico terrible\u00bb, aunque \u00abno se ha logrado un incremento de visitantes o de imagen\u00bb y, por ello, ha puntualizado que el objetivo del equipo de Gobierno ser\u00e1 hacer de la ciudad un \u00abdestino atractivo\u00bb.<\/p>\n<p>En ese sentido, ha defendido como \u00abmuy recomendable\u00bb la isla de Tabarca y ha reiterado la necesidad de mejorar la limpieza de la ciudad para mostrar los enclaves \u00aben mejores condiciones\u00bb y ha puesto como ejemplo el centro, el castillo de Santa B\u00e0rbara o la playa de El Postiguet.<\/p>\n<p>Ech\u00e1varri ha negado, a preguntas de los medios, cualquier tipo de proyecto de instaurar un impuesto tur\u00edstico. Del mismo modo, Francesc Colomer ha indicado que el objetivo es \u00abtrabajar con inteligencia de mercado\u00bb un tipo de turista \u00abcon poder adquisitivo\u00bb para que el sector \u00abno pierda renta y sea competitivo\u00bb.<\/p>\n","protected":false},"excerpt":{"rendered":"<p>El secretario auton\u00f3mico de Turisme, Francesc Colomer, ha asegurado que el sector es \u00abla apuesta de futuro\u00bb del Consell de Ximo Puig y ha insistido en que es \u00abparte de la respuesta\u00bb y de la \u00absoluci\u00f3n\u00bb a los problemas econ\u00f3micos de la sociedad valenciana. En declaraciones a los medios tras la visita institucional que ha<\/p>\n","protected":false},"author":1,"featured_media":43526,"comment_status":"open","ping_status":"closed","sticky":false,"template":"","format":"standard","meta":{"footnotes":""},"categories":[224],"tags":[],"class_list":{"0":"post-43525","1":"post","2":"type-post","3":"status-publish","4":"format-standard","5":"has-post-thumbnail","7":"category-noticias-actualidad"},"aioseo_notices":[],"aioseo_head":"\n\t\t<!-- All in One SEO Pro 4.9.6.1 - aioseo.com -->\n\t<meta name=\"description\" content=\"El secretario auton\u00f3mico de Turisme, Francesc Colomer, ha asegurado que el sector es &quot;la apuesta de futuro&quot; del Consell de Ximo Puig y ha insistido en que es &quot;parte de la respuesta&quot; y de la &quot;soluci\u00f3n&quot; a los problemas econ\u00f3micos de la sociedad valenciana. En declaraciones a los medios tras la visita institucional que ha\" \/>\n\t<meta name=\"robots\" content=\"max-image-preview:large\" \/>\n\t<meta name=\"author\" content=\"admin\"\/>\n\t<meta name=\"google-site-verification\" content=\"UA-38556648-1\" \/>\n\t<meta name=\"keywords\" content=\"noticias y actualidad\" \/>\n\t<link rel=\"canonical\" href=\"https:\/\/eldigitaldeasturias.com\/magazine365\/colomer-considera-que-el-turismo-es-la-apuesta-de-futuro-por-ser-parte-de-la-respuesta-a-los-problemas-economicos\/\" \/>\n\t<meta name=\"generator\" content=\"All in One SEO Pro (AIOSEO) 4.9.6.1\" \/>\n\t\t<meta property=\"og:locale\" content=\"es_ES\" \/>\n\t\t<meta property=\"og:site_name\" content=\"El Digital de Asturias \u2013 Revista de ocio, turismo y estilo de vida\" \/>\n\t\t<meta property=\"og:type\" content=\"article\" \/>\n\t\t<meta property=\"og:title\" content=\"Colomer considera que el turismo es la \u00abapuesta de futuro\u00bb por ser \u00abparte de la respuesta\u00bb a los problemas econ\u00f3micos | El Digital de Asturias\" \/>\n\t\t<meta property=\"og:description\" content=\"El secretario auton\u00f3mico de Turisme, Francesc Colomer, ha asegurado que el sector es &quot;la apuesta de futuro&quot; del Consell de Ximo Puig y ha insistido en que es &quot;parte de la respuesta&quot; y de la &quot;soluci\u00f3n&quot; a los problemas econ\u00f3micos de la sociedad valenciana. En declaraciones a los medios tras la visita institucional que ha\" \/>\n\t\t<meta property=\"og:url\" content=\"https:\/\/eldigitaldeasturias.com\/magazine365\/colomer-considera-que-el-turismo-es-la-apuesta-de-futuro-por-ser-parte-de-la-respuesta-a-los-problemas-economicos\/\" \/>\n\t\t<meta property=\"og:image\" content=\"https:\/\/eldigitaldeasturias.com\/magazine365\/wp-content\/uploads\/2015\/07\/fotonoticia_20150722151800_800.jpg\" \/>\n\t\t<meta property=\"og:image:secure_url\" content=\"https:\/\/eldigitaldeasturias.com\/magazine365\/wp-content\/uploads\/2015\/07\/fotonoticia_20150722151800_800.jpg\" \/>\n\t\t<meta property=\"og:image:width\" content=\"800\" \/>\n\t\t<meta property=\"og:image:height\" content=\"450\" \/>\n\t\t<meta property=\"article:published_time\" content=\"2015-07-23T12:38:19+00:00\" \/>\n\t\t<meta property=\"article:modified_time\" content=\"2015-07-23T12:38:19+00:00\" \/>\n\t\t<meta name=\"twitter:card\" content=\"summary_large_image\" \/>\n\t\t<meta name=\"twitter:title\" content=\"Colomer considera que el turismo es la \u00abapuesta de futuro\u00bb por ser \u00abparte de la respuesta\u00bb a los problemas econ\u00f3micos | El Digital de Asturias\" \/>\n\t\t<meta name=\"twitter:description\" content=\"El secretario auton\u00f3mico de Turisme, Francesc Colomer, ha asegurado que el sector es &quot;la apuesta de futuro&quot; del Consell de Ximo Puig y ha insistido en que es &quot;parte de la respuesta&quot; y de la &quot;soluci\u00f3n&quot; a los problemas econ\u00f3micos de la sociedad valenciana. En declaraciones a los medios tras la visita institucional que ha\" \/>\n\t\t<meta name=\"twitter:image\" content=\"https:\/\/eldigitaldeasturias.com\/magazine365\/wp-content\/uploads\/2015\/07\/fotonoticia_20150722151800_800.jpg\" \/>\n\t\t<script type=\"application\/ld+json\" class=\"aioseo-schema\">\n\t\t\t{\"@context\":\"https:\\\/\\\/schema.org\",\"@graph\":[{\"@type\":\"Article\",\"@id\":\"https:\\\/\\\/eldigitaldeasturias.com\\\/magazine365\\\/colomer-considera-que-el-turismo-es-la-apuesta-de-futuro-por-ser-parte-de-la-respuesta-a-los-problemas-economicos\\\/#article\",\"name\":\"Colomer considera que el turismo es la \\u00abapuesta de futuro\\u00bb por ser \\u00abparte de la respuesta\\u00bb a los problemas econ\\u00f3micos | El Digital de Asturias\",\"headline\":\"Colomer considera que el turismo es la \\u00abapuesta de futuro\\u00bb por ser \\u00abparte de la respuesta\\u00bb a los problemas econ\\u00f3micos\",\"author\":{\"@id\":\"https:\\\/\\\/eldigitaldeasturias.com\\\/magazine365\\\/author\\\/admin\\\/#author\"},\"publisher\":{\"@id\":\"https:\\\/\\\/eldigitaldeasturias.com\\\/magazine365\\\/#organization\"},\"image\":{\"@type\":\"ImageObject\",\"url\":\"https:\\\/\\\/eldigitaldeasturias.com\\\/magazine365\\\/wp-content\\\/uploads\\\/2015\\\/07\\\/fotonoticia_20150722151800_800.jpg\",\"width\":800,\"height\":450},\"datePublished\":\"2015-07-23T14:38:19+02:00\",\"dateModified\":\"2015-07-23T14:38:19+02:00\",\"inLanguage\":\"es-ES\",\"mainEntityOfPage\":{\"@id\":\"https:\\\/\\\/eldigitaldeasturias.com\\\/magazine365\\\/colomer-considera-que-el-turismo-es-la-apuesta-de-futuro-por-ser-parte-de-la-respuesta-a-los-problemas-economicos\\\/#webpage\"},\"isPartOf\":{\"@id\":\"https:\\\/\\\/eldigitaldeasturias.com\\\/magazine365\\\/colomer-considera-que-el-turismo-es-la-apuesta-de-futuro-por-ser-parte-de-la-respuesta-a-los-problemas-economicos\\\/#webpage\"},\"articleSection\":\"Noticias y Actualidad\"},{\"@type\":\"BreadcrumbList\",\"@id\":\"https:\\\/\\\/eldigitaldeasturias.com\\\/magazine365\\\/colomer-considera-que-el-turismo-es-la-apuesta-de-futuro-por-ser-parte-de-la-respuesta-a-los-problemas-economicos\\\/#breadcrumblist\",\"itemListElement\":[{\"@type\":\"ListItem\",\"@id\":\"https:\\\/\\\/eldigitaldeasturias.com\\\/magazine365#listItem\",\"position\":1,\"name\":\"Home\",\"item\":\"https:\\\/\\\/eldigitaldeasturias.com\\\/magazine365\",\"nextItem\":{\"@type\":\"ListItem\",\"@id\":\"https:\\\/\\\/eldigitaldeasturias.com\\\/magazine365\\\/category\\\/noticias-actualidad\\\/#listItem\",\"name\":\"Noticias y Actualidad\"}},{\"@type\":\"ListItem\",\"@id\":\"https:\\\/\\\/eldigitaldeasturias.com\\\/magazine365\\\/category\\\/noticias-actualidad\\\/#listItem\",\"position\":2,\"name\":\"Noticias y Actualidad\",\"item\":\"https:\\\/\\\/eldigitaldeasturias.com\\\/magazine365\\\/category\\\/noticias-actualidad\\\/\",\"nextItem\":{\"@type\":\"ListItem\",\"@id\":\"https:\\\/\\\/eldigitaldeasturias.com\\\/magazine365\\\/colomer-considera-que-el-turismo-es-la-apuesta-de-futuro-por-ser-parte-de-la-respuesta-a-los-problemas-economicos\\\/#listItem\",\"name\":\"Colomer considera que el turismo es la \\u00abapuesta de futuro\\u00bb por ser \\u00abparte de la respuesta\\u00bb a los problemas econ\\u00f3micos\"},\"previousItem\":{\"@type\":\"ListItem\",\"@id\":\"https:\\\/\\\/eldigitaldeasturias.com\\\/magazine365#listItem\",\"name\":\"Home\"}},{\"@type\":\"ListItem\",\"@id\":\"https:\\\/\\\/eldigitaldeasturias.com\\\/magazine365\\\/colomer-considera-que-el-turismo-es-la-apuesta-de-futuro-por-ser-parte-de-la-respuesta-a-los-problemas-economicos\\\/#listItem\",\"position\":3,\"name\":\"Colomer considera que el turismo es la \\u00abapuesta de futuro\\u00bb por ser \\u00abparte de la respuesta\\u00bb a los problemas econ\\u00f3micos\",\"previousItem\":{\"@type\":\"ListItem\",\"@id\":\"https:\\\/\\\/eldigitaldeasturias.com\\\/magazine365\\\/category\\\/noticias-actualidad\\\/#listItem\",\"name\":\"Noticias y Actualidad\"}}]},{\"@type\":\"Organization\",\"@id\":\"https:\\\/\\\/eldigitaldeasturias.com\\\/magazine365\\\/#organization\",\"name\":\"El digital de Asturias\",\"description\":\"Revista de ocio, turismo y estilo de vida\",\"url\":\"https:\\\/\\\/eldigitaldeasturias.com\\\/magazine365\\\/\",\"logo\":{\"@type\":\"ImageObject\",\"url\":\"https:\\\/\\\/www.eldigitaldeasturias.com\\\/noticias\\\/wp-content\\\/uploads\\\/2020\\\/12\\\/EDA.jpg\",\"@id\":\"https:\\\/\\\/eldigitaldeasturias.com\\\/magazine365\\\/colomer-considera-que-el-turismo-es-la-apuesta-de-futuro-por-ser-parte-de-la-respuesta-a-los-problemas-economicos\\\/#organizationLogo\"},\"image\":{\"@id\":\"https:\\\/\\\/eldigitaldeasturias.com\\\/magazine365\\\/colomer-considera-que-el-turismo-es-la-apuesta-de-futuro-por-ser-parte-de-la-respuesta-a-los-problemas-economicos\\\/#organizationLogo\"}},{\"@type\":\"Person\",\"@id\":\"https:\\\/\\\/eldigitaldeasturias.com\\\/magazine365\\\/author\\\/admin\\\/#author\",\"url\":\"https:\\\/\\\/eldigitaldeasturias.com\\\/magazine365\\\/author\\\/admin\\\/\",\"name\":\"admin\",\"image\":{\"@type\":\"ImageObject\",\"@id\":\"https:\\\/\\\/eldigitaldeasturias.com\\\/magazine365\\\/colomer-considera-que-el-turismo-es-la-apuesta-de-futuro-por-ser-parte-de-la-respuesta-a-los-problemas-economicos\\\/#authorImage\",\"url\":\"https:\\\/\\\/eldigitaldeasturias.com\\\/magazine365\\\/wp-content\\\/litespeed\\\/avatar\\\/e571bcf59a0edd6fa6838245a470f2fe.jpg?ver=1777574230\",\"width\":96,\"height\":96,\"caption\":\"admin\"}},{\"@type\":\"WebPage\",\"@id\":\"https:\\\/\\\/eldigitaldeasturias.com\\\/magazine365\\\/colomer-considera-que-el-turismo-es-la-apuesta-de-futuro-por-ser-parte-de-la-respuesta-a-los-problemas-economicos\\\/#webpage\",\"url\":\"https:\\\/\\\/eldigitaldeasturias.com\\\/magazine365\\\/colomer-considera-que-el-turismo-es-la-apuesta-de-futuro-por-ser-parte-de-la-respuesta-a-los-problemas-economicos\\\/\",\"name\":\"Colomer considera que el turismo es la \\u00abapuesta de futuro\\u00bb por ser \\u00abparte de la respuesta\\u00bb a los problemas econ\\u00f3micos | El Digital de Asturias\",\"description\":\"El secretario auton\\u00f3mico de Turisme, Francesc Colomer, ha asegurado que el sector es \\\"la apuesta de futuro\\\" del Consell de Ximo Puig y ha insistido en que es \\\"parte de la respuesta\\\" y de la \\\"soluci\\u00f3n\\\" a los problemas econ\\u00f3micos de la sociedad valenciana. En declaraciones a los medios tras la visita institucional que ha\",\"inLanguage\":\"es-ES\",\"isPartOf\":{\"@id\":\"https:\\\/\\\/eldigitaldeasturias.com\\\/magazine365\\\/#website\"},\"breadcrumb\":{\"@id\":\"https:\\\/\\\/eldigitaldeasturias.com\\\/magazine365\\\/colomer-considera-que-el-turismo-es-la-apuesta-de-futuro-por-ser-parte-de-la-respuesta-a-los-problemas-economicos\\\/#breadcrumblist\"},\"author\":{\"@id\":\"https:\\\/\\\/eldigitaldeasturias.com\\\/magazine365\\\/author\\\/admin\\\/#author\"},\"creator\":{\"@id\":\"https:\\\/\\\/eldigitaldeasturias.com\\\/magazine365\\\/author\\\/admin\\\/#author\"},\"image\":{\"@type\":\"ImageObject\",\"url\":\"https:\\\/\\\/eldigitaldeasturias.com\\\/magazine365\\\/wp-content\\\/uploads\\\/2015\\\/07\\\/fotonoticia_20150722151800_800.jpg\",\"@id\":\"https:\\\/\\\/eldigitaldeasturias.com\\\/magazine365\\\/colomer-considera-que-el-turismo-es-la-apuesta-de-futuro-por-ser-parte-de-la-respuesta-a-los-problemas-economicos\\\/#mainImage\",\"width\":800,\"height\":450},\"primaryImageOfPage\":{\"@id\":\"https:\\\/\\\/eldigitaldeasturias.com\\\/magazine365\\\/colomer-considera-que-el-turismo-es-la-apuesta-de-futuro-por-ser-parte-de-la-respuesta-a-los-problemas-economicos\\\/#mainImage\"},\"datePublished\":\"2015-07-23T14:38:19+02:00\",\"dateModified\":\"2015-07-23T14:38:19+02:00\"},{\"@type\":\"WebSite\",\"@id\":\"https:\\\/\\\/eldigitaldeasturias.com\\\/magazine365\\\/#website\",\"url\":\"https:\\\/\\\/eldigitaldeasturias.com\\\/magazine365\\\/\",\"name\":\"El Digital de Asturias\",\"description\":\"Revista de ocio, turismo y estilo de vida\",\"inLanguage\":\"es-ES\",\"publisher\":{\"@id\":\"https:\\\/\\\/eldigitaldeasturias.com\\\/magazine365\\\/#organization\"}}]}\n\t\t<\/script>\n\t\t<!-- All in One SEO Pro -->\r\n\t\t<title>Colomer considera que el turismo es la \u00abapuesta de futuro\u00bb por ser \u00abparte de la respuesta\u00bb a los problemas econ\u00f3micos | El Digital de Asturias<\/title>\n\n","aioseo_head_json":{"title":"Colomer considera que el turismo es la \u00abapuesta de futuro\u00bb por ser \u00abparte de la respuesta\u00bb a los problemas econ\u00f3micos | El Digital de Asturias","description":"El secretario auton\u00f3mico de Turisme, Francesc Colomer, ha asegurado que el sector es \"la apuesta de futuro\" del Consell de Ximo Puig y ha insistido en que es \"parte de la respuesta\" y de la \"soluci\u00f3n\" a los problemas econ\u00f3micos de la sociedad valenciana. En declaraciones a los medios tras la visita institucional que ha","canonical_url":"https:\/\/eldigitaldeasturias.com\/magazine365\/colomer-considera-que-el-turismo-es-la-apuesta-de-futuro-por-ser-parte-de-la-respuesta-a-los-problemas-economicos\/","robots":"max-image-preview:large","keywords":"noticias y actualidad","webmasterTools":{"google-site-verification":"UA-38556648-1","miscellaneous":""},"schema":{"@context":"https:\/\/schema.org","@graph":[{"@type":"Article","@id":"https:\/\/eldigitaldeasturias.com\/magazine365\/colomer-considera-que-el-turismo-es-la-apuesta-de-futuro-por-ser-parte-de-la-respuesta-a-los-problemas-economicos\/#article","name":"Colomer considera que el turismo es la \u00abapuesta de futuro\u00bb por ser \u00abparte de la respuesta\u00bb a los problemas econ\u00f3micos | El Digital de Asturias","headline":"Colomer considera que el turismo es la \u00abapuesta de futuro\u00bb por ser \u00abparte de la respuesta\u00bb a los problemas econ\u00f3micos","author":{"@id":"https:\/\/eldigitaldeasturias.com\/magazine365\/author\/admin\/#author"},"publisher":{"@id":"https:\/\/eldigitaldeasturias.com\/magazine365\/#organization"},"image":{"@type":"ImageObject","url":"https:\/\/eldigitaldeasturias.com\/magazine365\/wp-content\/uploads\/2015\/07\/fotonoticia_20150722151800_800.jpg","width":800,"height":450},"datePublished":"2015-07-23T14:38:19+02:00","dateModified":"2015-07-23T14:38:19+02:00","inLanguage":"es-ES","mainEntityOfPage":{"@id":"https:\/\/eldigitaldeasturias.com\/magazine365\/colomer-considera-que-el-turismo-es-la-apuesta-de-futuro-por-ser-parte-de-la-respuesta-a-los-problemas-economicos\/#webpage"},"isPartOf":{"@id":"https:\/\/eldigitaldeasturias.com\/magazine365\/colomer-considera-que-el-turismo-es-la-apuesta-de-futuro-por-ser-parte-de-la-respuesta-a-los-problemas-economicos\/#webpage"},"articleSection":"Noticias y Actualidad"},{"@type":"BreadcrumbList","@id":"https:\/\/eldigitaldeasturias.com\/magazine365\/colomer-considera-que-el-turismo-es-la-apuesta-de-futuro-por-ser-parte-de-la-respuesta-a-los-problemas-economicos\/#breadcrumblist","itemListElement":[{"@type":"ListItem","@id":"https:\/\/eldigitaldeasturias.com\/magazine365#listItem","position":1,"name":"Home","item":"https:\/\/eldigitaldeasturias.com\/magazine365","nextItem":{"@type":"ListItem","@id":"https:\/\/eldigitaldeasturias.com\/magazine365\/category\/noticias-actualidad\/#listItem","name":"Noticias y Actualidad"}},{"@type":"ListItem","@id":"https:\/\/eldigitaldeasturias.com\/magazine365\/category\/noticias-actualidad\/#listItem","position":2,"name":"Noticias y Actualidad","item":"https:\/\/eldigitaldeasturias.com\/magazine365\/category\/noticias-actualidad\/","nextItem":{"@type":"ListItem","@id":"https:\/\/eldigitaldeasturias.com\/magazine365\/colomer-considera-que-el-turismo-es-la-apuesta-de-futuro-por-ser-parte-de-la-respuesta-a-los-problemas-economicos\/#listItem","name":"Colomer considera que el turismo es la \u00abapuesta de futuro\u00bb por ser \u00abparte de la respuesta\u00bb a los problemas econ\u00f3micos"},"previousItem":{"@type":"ListItem","@id":"https:\/\/eldigitaldeasturias.com\/magazine365#listItem","name":"Home"}},{"@type":"ListItem","@id":"https:\/\/eldigitaldeasturias.com\/magazine365\/colomer-considera-que-el-turismo-es-la-apuesta-de-futuro-por-ser-parte-de-la-respuesta-a-los-problemas-economicos\/#listItem","position":3,"name":"Colomer considera que el turismo es la \u00abapuesta de futuro\u00bb por ser \u00abparte de la respuesta\u00bb a los problemas econ\u00f3micos","previousItem":{"@type":"ListItem","@id":"https:\/\/eldigitaldeasturias.com\/magazine365\/category\/noticias-actualidad\/#listItem","name":"Noticias y Actualidad"}}]},{"@type":"Organization","@id":"https:\/\/eldigitaldeasturias.com\/magazine365\/#organization","name":"El digital de Asturias","description":"Revista de ocio, turismo y estilo de vida","url":"https:\/\/eldigitaldeasturias.com\/magazine365\/","logo":{"@type":"ImageObject","url":"https:\/\/www.eldigitaldeasturias.com\/noticias\/wp-content\/uploads\/2020\/12\/EDA.jpg","@id":"https:\/\/eldigitaldeasturias.com\/magazine365\/colomer-considera-que-el-turismo-es-la-apuesta-de-futuro-por-ser-parte-de-la-respuesta-a-los-problemas-economicos\/#organizationLogo"},"image":{"@id":"https:\/\/eldigitaldeasturias.com\/magazine365\/colomer-considera-que-el-turismo-es-la-apuesta-de-futuro-por-ser-parte-de-la-respuesta-a-los-problemas-economicos\/#organizationLogo"}},{"@type":"Person","@id":"https:\/\/eldigitaldeasturias.com\/magazine365\/author\/admin\/#author","url":"https:\/\/eldigitaldeasturias.com\/magazine365\/author\/admin\/","name":"admin","image":{"@type":"ImageObject","@id":"https:\/\/eldigitaldeasturias.com\/magazine365\/colomer-considera-que-el-turismo-es-la-apuesta-de-futuro-por-ser-parte-de-la-respuesta-a-los-problemas-economicos\/#authorImage","url":"https:\/\/eldigitaldeasturias.com\/magazine365\/wp-content\/litespeed\/avatar\/e571bcf59a0edd6fa6838245a470f2fe.jpg?ver=1777574230","width":96,"height":96,"caption":"admin"}},{"@type":"WebPage","@id":"https:\/\/eldigitaldeasturias.com\/magazine365\/colomer-considera-que-el-turismo-es-la-apuesta-de-futuro-por-ser-parte-de-la-respuesta-a-los-problemas-economicos\/#webpage","url":"https:\/\/eldigitaldeasturias.com\/magazine365\/colomer-considera-que-el-turismo-es-la-apuesta-de-futuro-por-ser-parte-de-la-respuesta-a-los-problemas-economicos\/","name":"Colomer considera que el turismo es la \u00abapuesta de futuro\u00bb por ser \u00abparte de la respuesta\u00bb a los problemas econ\u00f3micos | El Digital de Asturias","description":"El secretario auton\u00f3mico de Turisme, Francesc Colomer, ha asegurado que el sector es \"la apuesta de futuro\" del Consell de Ximo Puig y ha insistido en que es \"parte de la respuesta\" y de la \"soluci\u00f3n\" a los problemas econ\u00f3micos de la sociedad valenciana. En declaraciones a los medios tras la visita institucional que ha","inLanguage":"es-ES","isPartOf":{"@id":"https:\/\/eldigitaldeasturias.com\/magazine365\/#website"},"breadcrumb":{"@id":"https:\/\/eldigitaldeasturias.com\/magazine365\/colomer-considera-que-el-turismo-es-la-apuesta-de-futuro-por-ser-parte-de-la-respuesta-a-los-problemas-economicos\/#breadcrumblist"},"author":{"@id":"https:\/\/eldigitaldeasturias.com\/magazine365\/author\/admin\/#author"},"creator":{"@id":"https:\/\/eldigitaldeasturias.com\/magazine365\/author\/admin\/#author"},"image":{"@type":"ImageObject","url":"https:\/\/eldigitaldeasturias.com\/magazine365\/wp-content\/uploads\/2015\/07\/fotonoticia_20150722151800_800.jpg","@id":"https:\/\/eldigitaldeasturias.com\/magazine365\/colomer-considera-que-el-turismo-es-la-apuesta-de-futuro-por-ser-parte-de-la-respuesta-a-los-problemas-economicos\/#mainImage","width":800,"height":450},"primaryImageOfPage":{"@id":"https:\/\/eldigitaldeasturias.com\/magazine365\/colomer-considera-que-el-turismo-es-la-apuesta-de-futuro-por-ser-parte-de-la-respuesta-a-los-problemas-economicos\/#mainImage"},"datePublished":"2015-07-23T14:38:19+02:00","dateModified":"2015-07-23T14:38:19+02:00"},{"@type":"WebSite","@id":"https:\/\/eldigitaldeasturias.com\/magazine365\/#website","url":"https:\/\/eldigitaldeasturias.com\/magazine365\/","name":"El Digital de Asturias","description":"Revista de ocio, turismo y estilo de vida","inLanguage":"es-ES","publisher":{"@id":"https:\/\/eldigitaldeasturias.com\/magazine365\/#organization"}}]},"og:locale":"es_ES","og:site_name":"El Digital de Asturias \u2013 Revista de ocio, turismo y estilo de vida","og:type":"article","og:title":"Colomer considera que el turismo es la \u00abapuesta de futuro\u00bb por ser \u00abparte de la respuesta\u00bb a los problemas econ\u00f3micos | El Digital de Asturias","og:description":"El secretario auton\u00f3mico de Turisme, Francesc Colomer, ha asegurado que el sector es &quot;la apuesta de futuro&quot; del Consell de Ximo Puig y ha insistido en que es &quot;parte de la respuesta&quot; y de la &quot;soluci\u00f3n&quot; a los problemas econ\u00f3micos de la sociedad valenciana. En declaraciones a los medios tras la visita institucional que ha","og:url":"https:\/\/eldigitaldeasturias.com\/magazine365\/colomer-considera-que-el-turismo-es-la-apuesta-de-futuro-por-ser-parte-de-la-respuesta-a-los-problemas-economicos\/","og:image":"https:\/\/eldigitaldeasturias.com\/magazine365\/wp-content\/uploads\/2015\/07\/fotonoticia_20150722151800_800.jpg","og:image:secure_url":"https:\/\/eldigitaldeasturias.com\/magazine365\/wp-content\/uploads\/2015\/07\/fotonoticia_20150722151800_800.jpg","og:image:width":800,"og:image:height":450,"article:published_time":"2015-07-23T12:38:19+00:00","article:modified_time":"2015-07-23T12:38:19+00:00","twitter:card":"summary_large_image","twitter:title":"Colomer considera que el turismo es la \u00abapuesta de futuro\u00bb por ser \u00abparte de la respuesta\u00bb a los problemas econ\u00f3micos | El Digital de Asturias","twitter:description":"El secretario auton\u00f3mico de Turisme, Francesc Colomer, ha asegurado que el sector es &quot;la apuesta de futuro&quot; del Consell de Ximo Puig y ha insistido en que es &quot;parte de la respuesta&quot; y de la &quot;soluci\u00f3n&quot; a los problemas econ\u00f3micos de la sociedad valenciana. En declaraciones a los medios tras la visita institucional que ha","twitter:image":"https:\/\/eldigitaldeasturias.com\/magazine365\/wp-content\/uploads\/2015\/07\/fotonoticia_20150722151800_800.jpg"},"aioseo_meta_data":{"post_id":"43525","title":null,"description":null,"keywords":null,"keyphrases":null,"primary_term":null,"canonical_url":null,"og_title":null,"og_description":null,"og_object_type":"default","og_image_type":"default","og_image_url":null,"og_image_width":null,"og_image_height":null,"og_image_custom_url":null,"og_image_custom_fields":null,"og_video":null,"og_custom_url":null,"og_article_section":null,"og_article_tags":null,"twitter_use_og":false,"twitter_card":"default","twitter_image_type":"default","twitter_image_url":null,"twitter_image_custom_url":null,"twitter_image_custom_fields":null,"twitter_title":null,"twitter_description":null,"schema":{"blockGraphs":[],"customGraphs":[],"default":{"data":{"Article":[],"Course":[],"Dataset":[],"FAQPage":[],"Movie":[],"Person":[],"Product":[],"ProductReview":[],"Car":[],"Recipe":[],"Service":[],"SoftwareApplication":[],"WebPage":[]},"graphName":"","isEnabled":true},"graphs":[],"defaultGraph":"","defaultPostTypeGraph":""},"schema_type":null,"schema_type_options":null,"pillar_content":false,"robots_default":true,"robots_noindex":false,"robots_noarchive":false,"robots_nosnippet":false,"robots_nofollow":false,"robots_noimageindex":false,"robots_noodp":false,"robots_notranslate":false,"robots_max_snippet":null,"robots_max_videopreview":null,"robots_max_imagepreview":"large","priority":null,"frequency":null,"location":null,"local_seo":null,"seo_analyzer_scan_date":"2025-09-19 20:00:56","breadcrumb_settings":null,"limit_modified_date":false,"open_ai":null,"ai":null,"created":"2021-03-09 01:47:11","updated":"2025-09-19 20:00:56"},"aioseo_breadcrumb":"<div class=\"aioseo-breadcrumbs\"><span class=\"aioseo-breadcrumb\">\n\t<a href=\"https:\/\/eldigitaldeasturias.com\/magazine365\" title=\"Home\">Home<\/a>\n<\/span><span class=\"aioseo-breadcrumb-separator\">\u2013<\/span><span class=\"aioseo-breadcrumb\">\n\t<a href=\"https:\/\/eldigitaldeasturias.com\/magazine365\/category\/noticias-actualidad\/\" title=\"Noticias y Actualidad\">Noticias y Actualidad<\/a>\n<\/span><span class=\"aioseo-breadcrumb-separator\">\u2013<\/span><span class=\"aioseo-breadcrumb\">\n\t<a href=\"https:\/\/eldigitaldeasturias.com\/magazine365\/colomer-considera-que-el-turismo-es-la-apuesta-de-futuro-por-ser-parte-de-la-respuesta-a-los-problemas-economicos\/\" title=\"Colomer considera que el turismo es la \u00abapuesta de futuro\u00bb por ser \u00abparte de la respuesta\u00bb a los problemas econ\u00f3micos\">Colomer considera que el turismo es la \u00abapuesta de futuro\u00bb por ser \u00abparte de la respuesta\u00bb a los problemas econ\u00f3micos<\/a>\n<\/span><\/div>","aioseo_breadcrumb_json":[{"label":"Home","link":"https:\/\/eldigitaldeasturias.com\/magazine365"},{"label":"Noticias y Actualidad","link":"https:\/\/eldigitaldeasturias.com\/magazine365\/category\/noticias-actualidad\/"},{"label":"Colomer considera que el turismo es la \u00abapuesta de futuro\u00bb por ser \u00abparte de la respuesta\u00bb a los problemas econ\u00f3micos","link":"https:\/\/eldigitaldeasturias.com\/magazine365\/colomer-considera-que-el-turismo-es-la-apuesta-de-futuro-por-ser-parte-de-la-respuesta-a-los-problemas-economicos\/"}],"_links":{"self":[{"href":"https:\/\/eldigitaldeasturias.com\/magazine365\/wp-json\/wp\/v2\/posts\/43525","targetHints":{"allow":["GET"]}}],"collection":[{"href":"https:\/\/eldigitaldeasturias.com\/magazine365\/wp-json\/wp\/v2\/posts"}],"about":[{"href":"https:\/\/eldigitaldeasturias.com\/magazine365\/wp-json\/wp\/v2\/types\/post"}],"author":[{"embeddable":true,"href":"https:\/\/eldigitaldeasturias.com\/magazine365\/wp-json\/wp\/v2\/users\/1"}],"replies":[{"embeddable":true,"href":"https:\/\/eldigitaldeasturias.com\/magazine365\/wp-json\/wp\/v2\/comments?post=43525"}],"version-history":[{"count":0,"href":"https:\/\/eldigitaldeasturias.com\/magazine365\/wp-json\/wp\/v2\/posts\/43525\/revisions"}],"wp:featuredmedia":[{"embeddable":true,"href":"https:\/\/eldigitaldeasturias.com\/magazine365\/wp-json\/wp\/v2\/media\/43526"}],"wp:attachment":[{"href":"https:\/\/eldigitaldeasturias.com\/magazine365\/wp-json\/wp\/v2\/media?parent=43525"}],"wp:term":[{"taxonomy":"category","embeddable":true,"href":"https:\/\/eldigitaldeasturias.com\/magazine365\/wp-json\/wp\/v2\/categories?post=43525"},{"taxonomy":"post_tag","embeddable":true,"href":"https:\/\/eldigitaldeasturias.com\/magazine365\/wp-json\/wp\/v2\/tags?post=43525"}],"curies":[{"name":"wp","href":"https:\/\/api.w.org\/{rel}","templated":true}]}}