{"id":43516,"date":"2015-07-23T14:30:47","date_gmt":"2015-07-23T12:30:47","guid":{"rendered":"http:\/\/eldigitaldeasturias.com\/magazine365\/?p=43516"},"modified":"2015-07-23T14:30:47","modified_gmt":"2015-07-23T12:30:47","slug":"aeropuerto-de-bilbao-aumenta-un-55-sus-viajeros-en-el-primer-semestre","status":"publish","type":"post","link":"https:\/\/eldigitaldeasturias.com\/magazine365\/aeropuerto-de-bilbao-aumenta-un-55-sus-viajeros-en-el-primer-semestre\/","title":{"rendered":"Aeropuerto de Bilbao aumenta un 5,5% sus viajeros en el primer semestre"},"content":{"rendered":"<p><img fetchpriority=\"high\" decoding=\"async\" class=\"alignleft size-medium wp-image-43517\" src=\"https:\/\/eldigitaldeasturias.com\/magazine365\/wp-content\/uploads\/2015\/07\/fotonoticia_20150722145253_800-360x270.jpg\" alt=\"fotonoticia_20150722145253_800\" width=\"360\" height=\"270\" srcset=\"https:\/\/eldigitaldeasturias.com\/magazine365\/wp-content\/uploads\/2015\/07\/fotonoticia_20150722145253_800-360x270.jpg 360w, https:\/\/eldigitaldeasturias.com\/magazine365\/wp-content\/uploads\/2015\/07\/fotonoticia_20150722145253_800-650x488.jpg 650w, https:\/\/eldigitaldeasturias.com\/magazine365\/wp-content\/uploads\/2015\/07\/fotonoticia_20150722145253_800-768x576.jpg 768w, https:\/\/eldigitaldeasturias.com\/magazine365\/wp-content\/uploads\/2015\/07\/fotonoticia_20150722145253_800-150x113.jpg 150w, https:\/\/eldigitaldeasturias.com\/magazine365\/wp-content\/uploads\/2015\/07\/fotonoticia_20150722145253_800-450x338.jpg 450w, https:\/\/eldigitaldeasturias.com\/magazine365\/wp-content\/uploads\/2015\/07\/fotonoticia_20150722145253_800-80x60.jpg 80w, https:\/\/eldigitaldeasturias.com\/magazine365\/wp-content\/uploads\/2015\/07\/fotonoticia_20150722145253_800-265x198.jpg 265w, https:\/\/eldigitaldeasturias.com\/magazine365\/wp-content\/uploads\/2015\/07\/fotonoticia_20150722145253_800-696x522.jpg 696w, https:\/\/eldigitaldeasturias.com\/magazine365\/wp-content\/uploads\/2015\/07\/fotonoticia_20150722145253_800-560x420.jpg 560w, https:\/\/eldigitaldeasturias.com\/magazine365\/wp-content\/uploads\/2015\/07\/fotonoticia_20150722145253_800-90x67.jpg 90w, https:\/\/eldigitaldeasturias.com\/magazine365\/wp-content\/uploads\/2015\/07\/fotonoticia_20150722145253_800-100x75.jpg 100w, https:\/\/eldigitaldeasturias.com\/magazine365\/wp-content\/uploads\/2015\/07\/fotonoticia_20150722145253_800.jpg 800w\" sizes=\"(max-width: 360px) 100vw, 360px\" \/>El Aeropuerto de Bilbao ha aumentado un 5,5% su tr\u00e1fico de viajeros en los seis primeros meses de 2015 y se prev\u00e9 que de aqu\u00ed a final de a\u00f1o contin\u00fae el \u00abcrecimiento sostenible\u00bb. Los vuelos internacionales han aumentado un 11,4%, mientras que los nacionales, con un 2,7% de subida, tienen \u00abproblemas para crecer\u00bb, seg\u00fan ha indicado el director general de Bilbao Air, Jon Gangoiti.<\/p>\n<p>El responsable de esta Sociedad para la promoci\u00f3n del Aeropuerto de Bilbao ha explicado, en rueda de prensa, que el balance es \u00abpositivo, despu\u00e9s de algunos a\u00f1os malos desde 2008\u00bb. Ha recordado, adem\u00e1s, que desde abril de 2014 se entr\u00f3 en una \u00absenda de crecimiento, estructural y sostenible, lo que llev\u00f3 a acabar el a\u00f1o en positivo\u00bb.<\/p>\n<p>Seg\u00fan ha indicado, a 30 de junio de este a\u00f1o, el crecimiento en el Aeropuerto de Bilbao es del 5,5% y, \u00absiguiendo la t\u00f3nica desde 2007-2008, quien tira del crecimiento sobre todo es el tr\u00e1fico internacional\u00bb, en el que se ha alcanzado un crecimiento del 11,4% durante el primer semestre de 2015.<\/p>\n<p>\u00abEl tr\u00e1fico nacional -ha asegurado- evidentemente no est\u00e1 como hace dos a\u00f1os, est\u00e1 en positivo (+2,7%), pero sigue teniendo problemas para crecer\u00bb.<\/p>\n<p>Gangoti ha afirmado que, a nivel estatal, en las ciudades de negocios como Madrid, Barcelona, Sevilla, Valencia, Galicia, se observa en Madrid una \u00abligera recuperaci\u00f3n\u00bb con un crecimiento del 4,5%, mientras que \u00abBarcelona sigue estancada\u00bb, Sevilla presenta un crecimiento \u00abinapreciable del 1%\u00bb, Galicia tambi\u00e9n est\u00e1 en situaci\u00f3n de \u00abestancamiento\u00bb y Valencia presenta un decrecimiento del 11%.<\/p>\n<p>\u00abCRECIMIENTO D\u00c9BIL\u00bb<\/p>\n<p>En el tr\u00e1fico vacacional, los datos, seg\u00fan ha indicado son \u00abmuy incipientes\u00bb, pero existen destinos que \u00absuben\u00bb otros que \u00abbajan\u00bb, lo que hace que la \u00absenda de crecimiento\u00bb sea \u00abrealmente d\u00e9bil\u00bb, pese a lo que se ha mostrado convencido de que \u00abeso va a seguir creciendo\u00bb.<\/p>\n<p>Respecto al porcentaje de Compa\u00f1\u00edas de Bandera y Compa\u00f1\u00edas de Low Cost, un 53% de personas han viajado en las primeras, mientras que un 45% lo ha hecho en las segundas y un 2% en otras. Los vuelos estatales son un 60% y los internacionales un 40%.<\/p>\n<p>Seg\u00fan ha indicado, el primer semestre del a\u00f1o ha sido \u00abmuy satisfactorio y las perspectivas de aqu\u00ed a fin de a\u00f1o es continuar con este crecimiento sostenible\u00bb. Ha indicado tambi\u00e9n que el r\u00e9cord del aeropuerto de Loiu se consigui\u00f3 en 2007, \u00abel \u00faltimo a\u00f1o de bonanza econ\u00f3mica\u00bb, con 4.277.000 pasajeros \u00aben n\u00fameros redondos\u00bb.<\/p>\n<p>Gangoiti ha afirmado que va a ser \u00abmuy dif\u00edcil\u00bb llegar a ese r\u00e9cord, porque para ello se deber\u00eda alcanzar un crecimiento del 6,7% y en estos momentos estamos en un crecimiento del 5,5%. \u00abVa a depender -ha asegurado- del comportamiento del tr\u00e1fico vacacional interno\u00bb, porque si hay un comportamiento positivo \u00abnos podr\u00edamos acercar\u00bb, aunque lo \u00abl\u00f3gico es\u00bb acabar el a\u00f1o en torno a 40.000 pasajeros menos que el r\u00e9cord de 2007, lo que ser\u00eda un resultado muy bueno\u00bb y batir el r\u00e9cord en 2016, salvo que se produzca alg\u00fan conflicto internacional.<\/p>\n<p>Ha afirmado que el \u00abgran reto\u00bb del aeropuerto es consolidar es los 20 vuelos diarios para conexiones internacionales, \u00abpara que se mantengan y haya una oferta amplia para empresarios y ejecutivos que vuelen de aqu\u00ed a los diferentes mercados\u00bb.<\/p>\n<p>El \u00abgran reto\u00bb ha insistido es \u00abconsolidar lo que tenemos\u00bb, al tiempo que siempre se est\u00e1 abierto a tratar de conseguir \u00abnuevos vuelos y nuevos destinos\u00bb, nuevas frecuencias en vuelos ya existentes o nuevas compa\u00f1\u00edas en vuelos ya existentes\u00bb.<\/p>\n<p>Respecto a los vuelos transoce\u00e1nicos, ha afirmado que en estos momentos \u00abno se piensa en ello\u00bb porque \u00abla situaci\u00f3n econ\u00f3mica es bastante mejor pero el despegue econ\u00f3mico est\u00e1 siendo lento\u00bb, por lo que dentro de dos o tres a\u00f1os \u00absi la econom\u00eda va bien, se podr\u00eda empezar a pensar en ello\u00bb.<\/p>\n<p>AMPLIACI\u00d3N<\/p>\n<p>En alusi\u00f3n a la ampliaci\u00f3n del aeropuerto de Loiu, ha afirmado que el tema se ha hablado con Aena y que se ha decidido que a partir de los datos de este a\u00f1o 2015, as\u00ed como de las previsiones para el pr\u00f3ximo ejercicio, se abordar\u00eda la materia.<\/p>\n<p>A este respecto, ha recordado que el de Bilbao es un aer\u00f3dromo construido para entre 5 \u00f3 6 millones de pasajeros y \u00absi se continuase con un crecimiento importante\u00bb en los vuelos internacionales se podr\u00eda producir una \u00absaturaci\u00f3n de personas y habr\u00eda que empezar a pensar en esa posible ampliaci\u00f3n\u00bb.<\/p>\n<p>Seg\u00fan ha dicho, la postura del aeropuerto ser\u00eda \u00abempezar a pensar ya en ese proyecto de ampliaci\u00f3n a partir del a\u00f1o que viene si sigue la tendencia\u00bb actual.<\/p>\n<p>Gangoiti ha afirmado que, \u00absiendo conscientes de que los recursos son m\u00e1s limitados de lo que hab\u00eda antes\u00bb, la ampliaci\u00f3n puede realizarse \u00aben siete u ocho a\u00f1os en lugar de cinco, por poner un ejemplo\u00bb.<\/p>\n<p>Por \u00faltimo, ha asegurado que \u00abnos ha costado horrores tener ese posicionamiento como el tercer aeropuerto m\u00e1s importante de conexi\u00f3n intercontinental de todo el Estado como para perder ese posicionamiento que hemos conseguido\u00bb, algo \u00abfundamental para las empresas y ejecutivos de aqu\u00ed\u00bb.<\/p>\n","protected":false},"excerpt":{"rendered":"<p>El Aeropuerto de Bilbao ha aumentado un 5,5% su tr\u00e1fico de viajeros en los seis primeros meses de 2015 y se prev\u00e9 que de aqu\u00ed a final de a\u00f1o contin\u00fae el \u00abcrecimiento sostenible\u00bb. Los vuelos internacionales han aumentado un 11,4%, mientras que los nacionales, con un 2,7% de subida, tienen \u00abproblemas para crecer\u00bb, seg\u00fan ha<\/p>\n","protected":false},"author":1,"featured_media":43517,"comment_status":"open","ping_status":"closed","sticky":false,"template":"","format":"standard","meta":{"footnotes":""},"categories":[224],"tags":[],"class_list":{"0":"post-43516","1":"post","2":"type-post","3":"status-publish","4":"format-standard","5":"has-post-thumbnail","7":"category-noticias-actualidad"},"aioseo_notices":[],"aioseo_head":"\n\t\t<!-- All in One SEO Pro 4.9.6.1 - aioseo.com -->\n\t<meta name=\"description\" content=\"El Aeropuerto de Bilbao ha aumentado un 5,5% su tr\u00e1fico de viajeros en los seis primeros meses de 2015 y se prev\u00e9 que de aqu\u00ed a final de a\u00f1o contin\u00fae el &quot;crecimiento sostenible&quot;. Los vuelos internacionales han aumentado un 11,4%, mientras que los nacionales, con un 2,7% de subida, tienen &quot;problemas para crecer&quot;, seg\u00fan ha\" \/>\n\t<meta name=\"robots\" content=\"max-image-preview:large\" \/>\n\t<meta name=\"author\" content=\"admin\"\/>\n\t<meta name=\"google-site-verification\" content=\"UA-38556648-1\" \/>\n\t<meta name=\"keywords\" content=\"noticias y actualidad\" \/>\n\t<link rel=\"canonical\" href=\"https:\/\/eldigitaldeasturias.com\/magazine365\/aeropuerto-de-bilbao-aumenta-un-55-sus-viajeros-en-el-primer-semestre\/\" \/>\n\t<meta name=\"generator\" content=\"All in One SEO Pro (AIOSEO) 4.9.6.1\" \/>\n\t\t<meta property=\"og:locale\" content=\"es_ES\" \/>\n\t\t<meta property=\"og:site_name\" content=\"El Digital de Asturias \u2013 Revista de ocio, turismo y estilo de vida\" \/>\n\t\t<meta property=\"og:type\" content=\"article\" \/>\n\t\t<meta property=\"og:title\" content=\"Aeropuerto de Bilbao aumenta un 5,5% sus viajeros en el primer semestre | El Digital de Asturias\" \/>\n\t\t<meta property=\"og:description\" content=\"El Aeropuerto de Bilbao ha aumentado un 5,5% su tr\u00e1fico de viajeros en los seis primeros meses de 2015 y se prev\u00e9 que de aqu\u00ed a final de a\u00f1o contin\u00fae el &quot;crecimiento sostenible&quot;. Los vuelos internacionales han aumentado un 11,4%, mientras que los nacionales, con un 2,7% de subida, tienen &quot;problemas para crecer&quot;, seg\u00fan ha\" \/>\n\t\t<meta property=\"og:url\" content=\"https:\/\/eldigitaldeasturias.com\/magazine365\/aeropuerto-de-bilbao-aumenta-un-55-sus-viajeros-en-el-primer-semestre\/\" \/>\n\t\t<meta property=\"og:image\" content=\"https:\/\/eldigitaldeasturias.com\/magazine365\/wp-content\/uploads\/2015\/07\/fotonoticia_20150722145253_800.jpg\" \/>\n\t\t<meta property=\"og:image:secure_url\" content=\"https:\/\/eldigitaldeasturias.com\/magazine365\/wp-content\/uploads\/2015\/07\/fotonoticia_20150722145253_800.jpg\" \/>\n\t\t<meta property=\"og:image:width\" content=\"800\" \/>\n\t\t<meta property=\"og:image:height\" content=\"600\" \/>\n\t\t<meta property=\"article:published_time\" content=\"2015-07-23T12:30:47+00:00\" \/>\n\t\t<meta property=\"article:modified_time\" content=\"2015-07-23T12:30:47+00:00\" \/>\n\t\t<meta name=\"twitter:card\" content=\"summary_large_image\" \/>\n\t\t<meta name=\"twitter:title\" content=\"Aeropuerto de Bilbao aumenta un 5,5% sus viajeros en el primer semestre | El Digital de Asturias\" \/>\n\t\t<meta name=\"twitter:description\" content=\"El Aeropuerto de Bilbao ha aumentado un 5,5% su tr\u00e1fico de viajeros en los seis primeros meses de 2015 y se prev\u00e9 que de aqu\u00ed a final de a\u00f1o contin\u00fae el &quot;crecimiento sostenible&quot;. Los vuelos internacionales han aumentado un 11,4%, mientras que los nacionales, con un 2,7% de subida, tienen &quot;problemas para crecer&quot;, seg\u00fan ha\" \/>\n\t\t<meta name=\"twitter:image\" content=\"https:\/\/eldigitaldeasturias.com\/magazine365\/wp-content\/uploads\/2015\/07\/fotonoticia_20150722145253_800.jpg\" \/>\n\t\t<script type=\"application\/ld+json\" class=\"aioseo-schema\">\n\t\t\t{\"@context\":\"https:\\\/\\\/schema.org\",\"@graph\":[{\"@type\":\"Article\",\"@id\":\"https:\\\/\\\/eldigitaldeasturias.com\\\/magazine365\\\/aeropuerto-de-bilbao-aumenta-un-55-sus-viajeros-en-el-primer-semestre\\\/#article\",\"name\":\"Aeropuerto de Bilbao aumenta un 5,5% sus viajeros en el primer semestre | El Digital de Asturias\",\"headline\":\"Aeropuerto de Bilbao aumenta un 5,5% sus viajeros en el primer semestre\",\"author\":{\"@id\":\"https:\\\/\\\/eldigitaldeasturias.com\\\/magazine365\\\/author\\\/admin\\\/#author\"},\"publisher\":{\"@id\":\"https:\\\/\\\/eldigitaldeasturias.com\\\/magazine365\\\/#organization\"},\"image\":{\"@type\":\"ImageObject\",\"url\":\"https:\\\/\\\/eldigitaldeasturias.com\\\/magazine365\\\/wp-content\\\/uploads\\\/2015\\\/07\\\/fotonoticia_20150722145253_800.jpg\",\"width\":800,\"height\":600},\"datePublished\":\"2015-07-23T14:30:47+02:00\",\"dateModified\":\"2015-07-23T14:30:47+02:00\",\"inLanguage\":\"es-ES\",\"mainEntityOfPage\":{\"@id\":\"https:\\\/\\\/eldigitaldeasturias.com\\\/magazine365\\\/aeropuerto-de-bilbao-aumenta-un-55-sus-viajeros-en-el-primer-semestre\\\/#webpage\"},\"isPartOf\":{\"@id\":\"https:\\\/\\\/eldigitaldeasturias.com\\\/magazine365\\\/aeropuerto-de-bilbao-aumenta-un-55-sus-viajeros-en-el-primer-semestre\\\/#webpage\"},\"articleSection\":\"Noticias y Actualidad\"},{\"@type\":\"BreadcrumbList\",\"@id\":\"https:\\\/\\\/eldigitaldeasturias.com\\\/magazine365\\\/aeropuerto-de-bilbao-aumenta-un-55-sus-viajeros-en-el-primer-semestre\\\/#breadcrumblist\",\"itemListElement\":[{\"@type\":\"ListItem\",\"@id\":\"https:\\\/\\\/eldigitaldeasturias.com\\\/magazine365#listItem\",\"position\":1,\"name\":\"Home\",\"item\":\"https:\\\/\\\/eldigitaldeasturias.com\\\/magazine365\",\"nextItem\":{\"@type\":\"ListItem\",\"@id\":\"https:\\\/\\\/eldigitaldeasturias.com\\\/magazine365\\\/category\\\/noticias-actualidad\\\/#listItem\",\"name\":\"Noticias y Actualidad\"}},{\"@type\":\"ListItem\",\"@id\":\"https:\\\/\\\/eldigitaldeasturias.com\\\/magazine365\\\/category\\\/noticias-actualidad\\\/#listItem\",\"position\":2,\"name\":\"Noticias y Actualidad\",\"item\":\"https:\\\/\\\/eldigitaldeasturias.com\\\/magazine365\\\/category\\\/noticias-actualidad\\\/\",\"nextItem\":{\"@type\":\"ListItem\",\"@id\":\"https:\\\/\\\/eldigitaldeasturias.com\\\/magazine365\\\/aeropuerto-de-bilbao-aumenta-un-55-sus-viajeros-en-el-primer-semestre\\\/#listItem\",\"name\":\"Aeropuerto de Bilbao aumenta un 5,5% sus viajeros en el primer semestre\"},\"previousItem\":{\"@type\":\"ListItem\",\"@id\":\"https:\\\/\\\/eldigitaldeasturias.com\\\/magazine365#listItem\",\"name\":\"Home\"}},{\"@type\":\"ListItem\",\"@id\":\"https:\\\/\\\/eldigitaldeasturias.com\\\/magazine365\\\/aeropuerto-de-bilbao-aumenta-un-55-sus-viajeros-en-el-primer-semestre\\\/#listItem\",\"position\":3,\"name\":\"Aeropuerto de Bilbao aumenta un 5,5% sus viajeros en el primer semestre\",\"previousItem\":{\"@type\":\"ListItem\",\"@id\":\"https:\\\/\\\/eldigitaldeasturias.com\\\/magazine365\\\/category\\\/noticias-actualidad\\\/#listItem\",\"name\":\"Noticias y Actualidad\"}}]},{\"@type\":\"Organization\",\"@id\":\"https:\\\/\\\/eldigitaldeasturias.com\\\/magazine365\\\/#organization\",\"name\":\"El digital de Asturias\",\"description\":\"Revista de ocio, turismo y estilo de vida\",\"url\":\"https:\\\/\\\/eldigitaldeasturias.com\\\/magazine365\\\/\",\"logo\":{\"@type\":\"ImageObject\",\"url\":\"https:\\\/\\\/www.eldigitaldeasturias.com\\\/noticias\\\/wp-content\\\/uploads\\\/2020\\\/12\\\/EDA.jpg\",\"@id\":\"https:\\\/\\\/eldigitaldeasturias.com\\\/magazine365\\\/aeropuerto-de-bilbao-aumenta-un-55-sus-viajeros-en-el-primer-semestre\\\/#organizationLogo\"},\"image\":{\"@id\":\"https:\\\/\\\/eldigitaldeasturias.com\\\/magazine365\\\/aeropuerto-de-bilbao-aumenta-un-55-sus-viajeros-en-el-primer-semestre\\\/#organizationLogo\"}},{\"@type\":\"Person\",\"@id\":\"https:\\\/\\\/eldigitaldeasturias.com\\\/magazine365\\\/author\\\/admin\\\/#author\",\"url\":\"https:\\\/\\\/eldigitaldeasturias.com\\\/magazine365\\\/author\\\/admin\\\/\",\"name\":\"admin\",\"image\":{\"@type\":\"ImageObject\",\"@id\":\"https:\\\/\\\/eldigitaldeasturias.com\\\/magazine365\\\/aeropuerto-de-bilbao-aumenta-un-55-sus-viajeros-en-el-primer-semestre\\\/#authorImage\",\"url\":\"https:\\\/\\\/eldigitaldeasturias.com\\\/magazine365\\\/wp-content\\\/litespeed\\\/avatar\\\/e571bcf59a0edd6fa6838245a470f2fe.jpg?ver=1777574230\",\"width\":96,\"height\":96,\"caption\":\"admin\"}},{\"@type\":\"WebPage\",\"@id\":\"https:\\\/\\\/eldigitaldeasturias.com\\\/magazine365\\\/aeropuerto-de-bilbao-aumenta-un-55-sus-viajeros-en-el-primer-semestre\\\/#webpage\",\"url\":\"https:\\\/\\\/eldigitaldeasturias.com\\\/magazine365\\\/aeropuerto-de-bilbao-aumenta-un-55-sus-viajeros-en-el-primer-semestre\\\/\",\"name\":\"Aeropuerto de Bilbao aumenta un 5,5% sus viajeros en el primer semestre | El Digital de Asturias\",\"description\":\"El Aeropuerto de Bilbao ha aumentado un 5,5% su tr\\u00e1fico de viajeros en los seis primeros meses de 2015 y se prev\\u00e9 que de aqu\\u00ed a final de a\\u00f1o contin\\u00fae el \\\"crecimiento sostenible\\\". Los vuelos internacionales han aumentado un 11,4%, mientras que los nacionales, con un 2,7% de subida, tienen \\\"problemas para crecer\\\", seg\\u00fan ha\",\"inLanguage\":\"es-ES\",\"isPartOf\":{\"@id\":\"https:\\\/\\\/eldigitaldeasturias.com\\\/magazine365\\\/#website\"},\"breadcrumb\":{\"@id\":\"https:\\\/\\\/eldigitaldeasturias.com\\\/magazine365\\\/aeropuerto-de-bilbao-aumenta-un-55-sus-viajeros-en-el-primer-semestre\\\/#breadcrumblist\"},\"author\":{\"@id\":\"https:\\\/\\\/eldigitaldeasturias.com\\\/magazine365\\\/author\\\/admin\\\/#author\"},\"creator\":{\"@id\":\"https:\\\/\\\/eldigitaldeasturias.com\\\/magazine365\\\/author\\\/admin\\\/#author\"},\"image\":{\"@type\":\"ImageObject\",\"url\":\"https:\\\/\\\/eldigitaldeasturias.com\\\/magazine365\\\/wp-content\\\/uploads\\\/2015\\\/07\\\/fotonoticia_20150722145253_800.jpg\",\"@id\":\"https:\\\/\\\/eldigitaldeasturias.com\\\/magazine365\\\/aeropuerto-de-bilbao-aumenta-un-55-sus-viajeros-en-el-primer-semestre\\\/#mainImage\",\"width\":800,\"height\":600},\"primaryImageOfPage\":{\"@id\":\"https:\\\/\\\/eldigitaldeasturias.com\\\/magazine365\\\/aeropuerto-de-bilbao-aumenta-un-55-sus-viajeros-en-el-primer-semestre\\\/#mainImage\"},\"datePublished\":\"2015-07-23T14:30:47+02:00\",\"dateModified\":\"2015-07-23T14:30:47+02:00\"},{\"@type\":\"WebSite\",\"@id\":\"https:\\\/\\\/eldigitaldeasturias.com\\\/magazine365\\\/#website\",\"url\":\"https:\\\/\\\/eldigitaldeasturias.com\\\/magazine365\\\/\",\"name\":\"El Digital de Asturias\",\"description\":\"Revista de ocio, turismo y estilo de vida\",\"inLanguage\":\"es-ES\",\"publisher\":{\"@id\":\"https:\\\/\\\/eldigitaldeasturias.com\\\/magazine365\\\/#organization\"}}]}\n\t\t<\/script>\n\t\t<!-- All in One SEO Pro -->\r\n\t\t<title>Aeropuerto de Bilbao aumenta un 5,5% sus viajeros en el primer semestre | El Digital de Asturias<\/title>\n\n","aioseo_head_json":{"title":"Aeropuerto de Bilbao aumenta un 5,5% sus viajeros en el primer semestre | El Digital de Asturias","description":"El Aeropuerto de Bilbao ha aumentado un 5,5% su tr\u00e1fico de viajeros en los seis primeros meses de 2015 y se prev\u00e9 que de aqu\u00ed a final de a\u00f1o contin\u00fae el \"crecimiento sostenible\". Los vuelos internacionales han aumentado un 11,4%, mientras que los nacionales, con un 2,7% de subida, tienen \"problemas para crecer\", seg\u00fan ha","canonical_url":"https:\/\/eldigitaldeasturias.com\/magazine365\/aeropuerto-de-bilbao-aumenta-un-55-sus-viajeros-en-el-primer-semestre\/","robots":"max-image-preview:large","keywords":"noticias y actualidad","webmasterTools":{"google-site-verification":"UA-38556648-1","miscellaneous":""},"schema":{"@context":"https:\/\/schema.org","@graph":[{"@type":"Article","@id":"https:\/\/eldigitaldeasturias.com\/magazine365\/aeropuerto-de-bilbao-aumenta-un-55-sus-viajeros-en-el-primer-semestre\/#article","name":"Aeropuerto de Bilbao aumenta un 5,5% sus viajeros en el primer semestre | El Digital de Asturias","headline":"Aeropuerto de Bilbao aumenta un 5,5% sus viajeros en el primer semestre","author":{"@id":"https:\/\/eldigitaldeasturias.com\/magazine365\/author\/admin\/#author"},"publisher":{"@id":"https:\/\/eldigitaldeasturias.com\/magazine365\/#organization"},"image":{"@type":"ImageObject","url":"https:\/\/eldigitaldeasturias.com\/magazine365\/wp-content\/uploads\/2015\/07\/fotonoticia_20150722145253_800.jpg","width":800,"height":600},"datePublished":"2015-07-23T14:30:47+02:00","dateModified":"2015-07-23T14:30:47+02:00","inLanguage":"es-ES","mainEntityOfPage":{"@id":"https:\/\/eldigitaldeasturias.com\/magazine365\/aeropuerto-de-bilbao-aumenta-un-55-sus-viajeros-en-el-primer-semestre\/#webpage"},"isPartOf":{"@id":"https:\/\/eldigitaldeasturias.com\/magazine365\/aeropuerto-de-bilbao-aumenta-un-55-sus-viajeros-en-el-primer-semestre\/#webpage"},"articleSection":"Noticias y Actualidad"},{"@type":"BreadcrumbList","@id":"https:\/\/eldigitaldeasturias.com\/magazine365\/aeropuerto-de-bilbao-aumenta-un-55-sus-viajeros-en-el-primer-semestre\/#breadcrumblist","itemListElement":[{"@type":"ListItem","@id":"https:\/\/eldigitaldeasturias.com\/magazine365#listItem","position":1,"name":"Home","item":"https:\/\/eldigitaldeasturias.com\/magazine365","nextItem":{"@type":"ListItem","@id":"https:\/\/eldigitaldeasturias.com\/magazine365\/category\/noticias-actualidad\/#listItem","name":"Noticias y Actualidad"}},{"@type":"ListItem","@id":"https:\/\/eldigitaldeasturias.com\/magazine365\/category\/noticias-actualidad\/#listItem","position":2,"name":"Noticias y Actualidad","item":"https:\/\/eldigitaldeasturias.com\/magazine365\/category\/noticias-actualidad\/","nextItem":{"@type":"ListItem","@id":"https:\/\/eldigitaldeasturias.com\/magazine365\/aeropuerto-de-bilbao-aumenta-un-55-sus-viajeros-en-el-primer-semestre\/#listItem","name":"Aeropuerto de Bilbao aumenta un 5,5% sus viajeros en el primer semestre"},"previousItem":{"@type":"ListItem","@id":"https:\/\/eldigitaldeasturias.com\/magazine365#listItem","name":"Home"}},{"@type":"ListItem","@id":"https:\/\/eldigitaldeasturias.com\/magazine365\/aeropuerto-de-bilbao-aumenta-un-55-sus-viajeros-en-el-primer-semestre\/#listItem","position":3,"name":"Aeropuerto de Bilbao aumenta un 5,5% sus viajeros en el primer semestre","previousItem":{"@type":"ListItem","@id":"https:\/\/eldigitaldeasturias.com\/magazine365\/category\/noticias-actualidad\/#listItem","name":"Noticias y Actualidad"}}]},{"@type":"Organization","@id":"https:\/\/eldigitaldeasturias.com\/magazine365\/#organization","name":"El digital de Asturias","description":"Revista de ocio, turismo y estilo de vida","url":"https:\/\/eldigitaldeasturias.com\/magazine365\/","logo":{"@type":"ImageObject","url":"https:\/\/www.eldigitaldeasturias.com\/noticias\/wp-content\/uploads\/2020\/12\/EDA.jpg","@id":"https:\/\/eldigitaldeasturias.com\/magazine365\/aeropuerto-de-bilbao-aumenta-un-55-sus-viajeros-en-el-primer-semestre\/#organizationLogo"},"image":{"@id":"https:\/\/eldigitaldeasturias.com\/magazine365\/aeropuerto-de-bilbao-aumenta-un-55-sus-viajeros-en-el-primer-semestre\/#organizationLogo"}},{"@type":"Person","@id":"https:\/\/eldigitaldeasturias.com\/magazine365\/author\/admin\/#author","url":"https:\/\/eldigitaldeasturias.com\/magazine365\/author\/admin\/","name":"admin","image":{"@type":"ImageObject","@id":"https:\/\/eldigitaldeasturias.com\/magazine365\/aeropuerto-de-bilbao-aumenta-un-55-sus-viajeros-en-el-primer-semestre\/#authorImage","url":"https:\/\/eldigitaldeasturias.com\/magazine365\/wp-content\/litespeed\/avatar\/e571bcf59a0edd6fa6838245a470f2fe.jpg?ver=1777574230","width":96,"height":96,"caption":"admin"}},{"@type":"WebPage","@id":"https:\/\/eldigitaldeasturias.com\/magazine365\/aeropuerto-de-bilbao-aumenta-un-55-sus-viajeros-en-el-primer-semestre\/#webpage","url":"https:\/\/eldigitaldeasturias.com\/magazine365\/aeropuerto-de-bilbao-aumenta-un-55-sus-viajeros-en-el-primer-semestre\/","name":"Aeropuerto de Bilbao aumenta un 5,5% sus viajeros en el primer semestre | El Digital de Asturias","description":"El Aeropuerto de Bilbao ha aumentado un 5,5% su tr\u00e1fico de viajeros en los seis primeros meses de 2015 y se prev\u00e9 que de aqu\u00ed a final de a\u00f1o contin\u00fae el \"crecimiento sostenible\". Los vuelos internacionales han aumentado un 11,4%, mientras que los nacionales, con un 2,7% de subida, tienen \"problemas para crecer\", seg\u00fan ha","inLanguage":"es-ES","isPartOf":{"@id":"https:\/\/eldigitaldeasturias.com\/magazine365\/#website"},"breadcrumb":{"@id":"https:\/\/eldigitaldeasturias.com\/magazine365\/aeropuerto-de-bilbao-aumenta-un-55-sus-viajeros-en-el-primer-semestre\/#breadcrumblist"},"author":{"@id":"https:\/\/eldigitaldeasturias.com\/magazine365\/author\/admin\/#author"},"creator":{"@id":"https:\/\/eldigitaldeasturias.com\/magazine365\/author\/admin\/#author"},"image":{"@type":"ImageObject","url":"https:\/\/eldigitaldeasturias.com\/magazine365\/wp-content\/uploads\/2015\/07\/fotonoticia_20150722145253_800.jpg","@id":"https:\/\/eldigitaldeasturias.com\/magazine365\/aeropuerto-de-bilbao-aumenta-un-55-sus-viajeros-en-el-primer-semestre\/#mainImage","width":800,"height":600},"primaryImageOfPage":{"@id":"https:\/\/eldigitaldeasturias.com\/magazine365\/aeropuerto-de-bilbao-aumenta-un-55-sus-viajeros-en-el-primer-semestre\/#mainImage"},"datePublished":"2015-07-23T14:30:47+02:00","dateModified":"2015-07-23T14:30:47+02:00"},{"@type":"WebSite","@id":"https:\/\/eldigitaldeasturias.com\/magazine365\/#website","url":"https:\/\/eldigitaldeasturias.com\/magazine365\/","name":"El Digital de Asturias","description":"Revista de ocio, turismo y estilo de vida","inLanguage":"es-ES","publisher":{"@id":"https:\/\/eldigitaldeasturias.com\/magazine365\/#organization"}}]},"og:locale":"es_ES","og:site_name":"El Digital de Asturias \u2013 Revista de ocio, turismo y estilo de vida","og:type":"article","og:title":"Aeropuerto de Bilbao aumenta un 5,5% sus viajeros en el primer semestre | El Digital de Asturias","og:description":"El Aeropuerto de Bilbao ha aumentado un 5,5% su tr\u00e1fico de viajeros en los seis primeros meses de 2015 y se prev\u00e9 que de aqu\u00ed a final de a\u00f1o contin\u00fae el &quot;crecimiento sostenible&quot;. Los vuelos internacionales han aumentado un 11,4%, mientras que los nacionales, con un 2,7% de subida, tienen &quot;problemas para crecer&quot;, seg\u00fan ha","og:url":"https:\/\/eldigitaldeasturias.com\/magazine365\/aeropuerto-de-bilbao-aumenta-un-55-sus-viajeros-en-el-primer-semestre\/","og:image":"https:\/\/eldigitaldeasturias.com\/magazine365\/wp-content\/uploads\/2015\/07\/fotonoticia_20150722145253_800.jpg","og:image:secure_url":"https:\/\/eldigitaldeasturias.com\/magazine365\/wp-content\/uploads\/2015\/07\/fotonoticia_20150722145253_800.jpg","og:image:width":800,"og:image:height":600,"article:published_time":"2015-07-23T12:30:47+00:00","article:modified_time":"2015-07-23T12:30:47+00:00","twitter:card":"summary_large_image","twitter:title":"Aeropuerto de Bilbao aumenta un 5,5% sus viajeros en el primer semestre | El Digital de Asturias","twitter:description":"El Aeropuerto de Bilbao ha aumentado un 5,5% su tr\u00e1fico de viajeros en los seis primeros meses de 2015 y se prev\u00e9 que de aqu\u00ed a final de a\u00f1o contin\u00fae el &quot;crecimiento sostenible&quot;. Los vuelos internacionales han aumentado un 11,4%, mientras que los nacionales, con un 2,7% de subida, tienen &quot;problemas para crecer&quot;, seg\u00fan ha","twitter:image":"https:\/\/eldigitaldeasturias.com\/magazine365\/wp-content\/uploads\/2015\/07\/fotonoticia_20150722145253_800.jpg"},"aioseo_meta_data":{"post_id":"43516","title":null,"description":null,"keywords":null,"keyphrases":null,"primary_term":null,"canonical_url":null,"og_title":null,"og_description":null,"og_object_type":"default","og_image_type":"default","og_image_url":null,"og_image_width":null,"og_image_height":null,"og_image_custom_url":null,"og_image_custom_fields":null,"og_video":null,"og_custom_url":null,"og_article_section":null,"og_article_tags":null,"twitter_use_og":false,"twitter_card":"default","twitter_image_type":"default","twitter_image_url":null,"twitter_image_custom_url":null,"twitter_image_custom_fields":null,"twitter_title":null,"twitter_description":null,"schema":{"blockGraphs":[],"customGraphs":[],"default":{"data":{"Article":[],"Course":[],"Dataset":[],"FAQPage":[],"Movie":[],"Person":[],"Product":[],"ProductReview":[],"Car":[],"Recipe":[],"Service":[],"SoftwareApplication":[],"WebPage":[]},"graphName":"","isEnabled":true},"graphs":[],"defaultGraph":"","defaultPostTypeGraph":""},"schema_type":null,"schema_type_options":null,"pillar_content":false,"robots_default":true,"robots_noindex":false,"robots_noarchive":false,"robots_nosnippet":false,"robots_nofollow":false,"robots_noimageindex":false,"robots_noodp":false,"robots_notranslate":false,"robots_max_snippet":null,"robots_max_videopreview":null,"robots_max_imagepreview":"large","priority":null,"frequency":null,"location":null,"local_seo":null,"seo_analyzer_scan_date":"2025-09-19 20:00:52","breadcrumb_settings":null,"limit_modified_date":false,"open_ai":null,"ai":null,"created":"2021-03-09 01:47:11","updated":"2025-09-19 20:00:52"},"aioseo_breadcrumb":"<div class=\"aioseo-breadcrumbs\"><span class=\"aioseo-breadcrumb\">\n\t<a href=\"https:\/\/eldigitaldeasturias.com\/magazine365\" title=\"Home\">Home<\/a>\n<\/span><span class=\"aioseo-breadcrumb-separator\">\u2013<\/span><span class=\"aioseo-breadcrumb\">\n\t<a href=\"https:\/\/eldigitaldeasturias.com\/magazine365\/category\/noticias-actualidad\/\" title=\"Noticias y Actualidad\">Noticias y Actualidad<\/a>\n<\/span><span class=\"aioseo-breadcrumb-separator\">\u2013<\/span><span class=\"aioseo-breadcrumb\">\n\t<a href=\"https:\/\/eldigitaldeasturias.com\/magazine365\/aeropuerto-de-bilbao-aumenta-un-55-sus-viajeros-en-el-primer-semestre\/\" title=\"Aeropuerto de Bilbao aumenta un 5,5% sus viajeros en el primer semestre\">Aeropuerto de Bilbao aumenta un 5,5% sus viajeros en el primer semestre<\/a>\n<\/span><\/div>","aioseo_breadcrumb_json":[{"label":"Home","link":"https:\/\/eldigitaldeasturias.com\/magazine365"},{"label":"Noticias y Actualidad","link":"https:\/\/eldigitaldeasturias.com\/magazine365\/category\/noticias-actualidad\/"},{"label":"Aeropuerto de Bilbao aumenta un 5,5% sus viajeros en el primer semestre","link":"https:\/\/eldigitaldeasturias.com\/magazine365\/aeropuerto-de-bilbao-aumenta-un-55-sus-viajeros-en-el-primer-semestre\/"}],"_links":{"self":[{"href":"https:\/\/eldigitaldeasturias.com\/magazine365\/wp-json\/wp\/v2\/posts\/43516","targetHints":{"allow":["GET"]}}],"collection":[{"href":"https:\/\/eldigitaldeasturias.com\/magazine365\/wp-json\/wp\/v2\/posts"}],"about":[{"href":"https:\/\/eldigitaldeasturias.com\/magazine365\/wp-json\/wp\/v2\/types\/post"}],"author":[{"embeddable":true,"href":"https:\/\/eldigitaldeasturias.com\/magazine365\/wp-json\/wp\/v2\/users\/1"}],"replies":[{"embeddable":true,"href":"https:\/\/eldigitaldeasturias.com\/magazine365\/wp-json\/wp\/v2\/comments?post=43516"}],"version-history":[{"count":0,"href":"https:\/\/eldigitaldeasturias.com\/magazine365\/wp-json\/wp\/v2\/posts\/43516\/revisions"}],"wp:featuredmedia":[{"embeddable":true,"href":"https:\/\/eldigitaldeasturias.com\/magazine365\/wp-json\/wp\/v2\/media\/43517"}],"wp:attachment":[{"href":"https:\/\/eldigitaldeasturias.com\/magazine365\/wp-json\/wp\/v2\/media?parent=43516"}],"wp:term":[{"taxonomy":"category","embeddable":true,"href":"https:\/\/eldigitaldeasturias.com\/magazine365\/wp-json\/wp\/v2\/categories?post=43516"},{"taxonomy":"post_tag","embeddable":true,"href":"https:\/\/eldigitaldeasturias.com\/magazine365\/wp-json\/wp\/v2\/tags?post=43516"}],"curies":[{"name":"wp","href":"https:\/\/api.w.org\/{rel}","templated":true}]}}